{"id":32801,"date":"2025-02-14T22:41:14","date_gmt":"2025-02-14T19:41:14","guid":{"rendered":"https:\/\/denizcankizil.tr\/uncategorized-tr\/bakanlik-seviyorsan-evlen-dedi-vatandas-gecim-derdine-isaret-etti\/"},"modified":"2025-02-14T22:41:14","modified_gmt":"2025-02-14T19:41:14","slug":"bakanlik-seviyorsan-evlen-dedi-vatandas-gecim-derdine-isaret-etti","status":"publish","type":"post","link":"https:\/\/denizcankizil.tr\/uk\/haberler\/gundem\/bakanlik-seviyorsan-evlen-dedi-vatandas-gecim-derdine-isaret-etti\/","title":{"rendered":"Bakanl\u0131k \u201cSeviyorsan evlen\u201d dedi: Vatanda\u015f ge\u00e7im derdine i\u015faret etti"},"content":{"rendered":"<p>Aile ve Sosyal Hizmetler Bakanl\u0131\u011f\u0131 resmi X hesab\u0131ndan 14 \u015eubat Sevgililer G\u00fcn\u00fc&#8217;nde &#8220;Seviyorsan git evlen bence&#8230;&#8221; payla\u015f\u0131m\u0131 yapt\u0131. Payla\u015f\u0131ma kar\u015f\u0131 vatanda\u015flar ge\u00e7im derdi i\u00e7erikli mesajlar yazarak tepki g\u00f6sterdi.\u00a0<\/p>\n<p>PAYLA\u015eIM TEPK\u0130 \u00c7EKT\u0130\u00a0<\/p>\n<p>Vatanda\u015flar taraf\u0131ndan tepki toplayan payla\u015f\u0131m\u0131n alt\u0131na en \u00e7ok ekonomiyle ilgili yorumlar yaz\u0131ld\u0131\u011f\u0131 g\u00f6r\u00fcld\u00fc. Tepki siyaset cephesinden de geldi. T\u0130P Parti S\u00f6zc\u00fcs\u00fc ve \u0130stanbul Milletvekili Sera Kad\u0131gil, sosyal medya hesab\u0131ndan \u201c\u015eu ortamda bile gen\u00e7lerin gelece\u011fini de\u011fil, kuracaklar\u0131 ili\u015fki bi\u00e7imini dert edinerek \u015fakalar, komiklikler yapabilen bir bakanl\u0131k var&#8221; dedi.\u00a0<\/p>\n<p>SERRA KADIG\u0130L&#8217;DEN SERT ELE\u015eT\u0130R\u0130<\/p>\n<p>Kad\u0131gil payla\u015f\u0131m\u0131nda \u015fu ifadelere yer verdi: &#8220;Memlekette bebek bezi taneyle sat\u0131l\u0131yor. \u0130ntihar etmeye \u00e7al\u0131\u015fan baba &#8216;1 y\u0131ll\u0131k bebek mamas\u0131&#8217; vaadiyle ikna ediliyor. &#8216;Aile Bakanl\u0131\u011f\u0131&#8217;n\u0131n evlerine 18 kez gidip gidip hi\u00e7bir \u015fey yapmadan d\u00f6nd\u00fc\u011f\u00fc 5 \u00e7ocuk yokluktan yanarak can veriyor. \u0130\u015f yok. Bir i\u015f bulup gece g\u00fcnd\u00fcz \u00e7al\u0131\u015fsan da cepte para yok. Asgari \u00fccretten ucuza kira yok. Kre\u015f yok. Do\u011fru d\u00fczg\u00fcn e\u011fitim veren okul, o okullardaki \u00e7ocuklar\u0131n bir \u00f6\u011f\u00fcn olsun karn\u0131n\u0131 doyuracak bir devlet yok. Her g\u00fcn en az bir kad\u0131n kendi evinde, kendi &#8216;ailesi&#8217; taraf\u0131ndan katledilirken k\u0131l\u0131n\u0131 k\u0131p\u0131rdatan yok. Ama \u015fu ortamda bile gen\u00e7lerin gelece\u011fini de\u011fil, kuracaklar\u0131 ili\u015fki bi\u00e7imini dert edinerek \u015fakalar, komiklikler yapabilen bir bakanl\u0131k var.&#8221;<\/p>\n<p>PAYLA\u015eIMIN ALTINA YAZILAN BAZI YORUMLAR<\/p>\n<p>\u0130\u015fte payla\u015f\u0131m\u0131n alt\u0131na gelen yorumlar: \u00a0\u201cAynen aynen evlenelim. Yahu benimde erkek arkada\u015f\u0131m var evlenmek istiyoruz ama evlenemiyoruz. Niye maddi s\u0131k\u0131nt\u0131lar. Ev almak araba almak hayal oldu. \u00d6\u011fretmenlik mezunuyum kul kadar atama yap\u0131l\u0131yor diye atanam\u0131yorum.\u201d , \u201cDalga m\u0131 ge\u00e7iyorsunuz\u201d, \u201cSiz \u015faka m\u0131s\u0131n\u0131z? Bu ne ciddiyetsizlik? Evlenmeyi ge\u00e7tim, \u00fclkede a\u00e7l\u0131ktan \u00f6len insanlar\u0131m\u0131z var, evine ekmek g\u00f6t\u00fcremedi\u011fi i\u00e7in ya\u015famak istemeyen insanlar var! Att\u0131\u011f\u0131n\u0131z tweet e bak\u0131n. Pes!\u201d, \u201cSeviyorsan git ekonomiste ekonomiyi d\u00fczeltmesini s\u00f6yle bence\u201d.<\/p>\n<p>\u00a0<\/p>\n<p>\u200bAile ve Sosyal Hizmetler Bakanl\u0131\u011f\u0131 sosyal medyadan &#8220;Seviyorsan git evlen bence&#8230;&#8221; payla\u015f\u0131m\u0131nda bulundu. Payla\u015f\u0131m\u0131n alt\u0131na yap\u0131lan en \u00e7ok yorum ise ge\u00e7im derdi oldu.\u00a0<\/p>\n<p>\u200bHaberin Al\u0131nt\u0131land\u0131\u011f\u0131 Kaynak: www.antalyakorfez.com<\/p>","protected":false},"excerpt":{"rendered":"<p>Aile ve Sosyal Hizmetler Bakanl\u0131\u011f\u0131 resmi X hesab\u0131ndan 14 \u015eubat Sevgililer G\u00fcn\u00fc&#8217;nde &#8220;Seviyorsan git evlen bence&#8230;&#8221; payla\u015f\u0131m\u0131 yapt\u0131. Payla\u015f\u0131ma kar\u015f\u0131 vatanda\u015flar ge\u00e7im derdi i\u00e7erikli mesajlar yazarak tepki g\u00f6sterdi.\u00a0 PAYLA\u015eIM TEPK\u0130 \u00c7EKT\u0130\u00a0 Vatanda\u015flar taraf\u0131ndan tepki toplayan payla\u015f\u0131m\u0131n alt\u0131na en \u00e7ok ekonomiyle ilgili yorumlar yaz\u0131ld\u0131\u011f\u0131 g\u00f6r\u00fcld\u00fc. Tepki siyaset cephesinden de geldi. T\u0130P Parti S\u00f6zc\u00fcs\u00fc ve \u0130stanbul Milletvekili Sera Kad\u0131gil, sosyal medya hesab\u0131ndan \u201c\u015eu ortamda bile gen\u00e7lerin gelece\u011fini de\u011fil, kuracaklar\u0131 ili\u015fki bi\u00e7imini dert edinerek \u015fakalar, komiklikler yapabilen bir bakanl\u0131k var&#8221; dedi.\u00a0 SERRA KADIG\u0130L&#8217;DEN SERT ELE\u015eT\u0130R\u0130 Kad\u0131gil payla\u015f\u0131m\u0131nda \u015fu ifadelere yer verdi: &#8220;Memlekette bebek bezi taneyle sat\u0131l\u0131yor. \u0130ntihar etmeye \u00e7al\u0131\u015fan baba &#8216;1 y\u0131ll\u0131k bebek mamas\u0131&#8217; vaadiyle ikna ediliyor. &#8216;Aile Bakanl\u0131\u011f\u0131&#8217;n\u0131n evlerine 18 kez gidip gidip hi\u00e7bir \u015fey yapmadan d\u00f6nd\u00fc\u011f\u00fc 5 \u00e7ocuk yokluktan yanarak can veriyor. \u0130\u015f yok. Bir i\u015f bulup gece g\u00fcnd\u00fcz \u00e7al\u0131\u015fsan da cepte para yok. Asgari \u00fccretten ucuza kira yok. Kre\u015f yok. Do\u011fru d\u00fczg\u00fcn e\u011fitim veren okul, o okullardaki \u00e7ocuklar\u0131n bir \u00f6\u011f\u00fcn olsun karn\u0131n\u0131 doyuracak bir devlet yok. Her g\u00fcn en az bir kad\u0131n kendi evinde, kendi &#8216;ailesi&#8217; taraf\u0131ndan katledilirken k\u0131l\u0131n\u0131 k\u0131p\u0131rdatan yok. Ama \u015fu ortamda bile gen\u00e7lerin gelece\u011fini de\u011fil, kuracaklar\u0131 ili\u015fki bi\u00e7imini dert edinerek \u015fakalar, komiklikler yapabilen bir bakanl\u0131k var.&#8221; PAYLA\u015eIMIN ALTINA YAZILAN BAZI YORUMLAR \u0130\u015fte payla\u015f\u0131m\u0131n alt\u0131na gelen yorumlar: \u00a0\u201cAynen &hellip;<\/p>","protected":false},"author":5,"featured_media":0,"comment_status":"open","ping_status":"open","sticky":false,"template":"","format":"standard","meta":{"_acf_changed":false,"footnotes":""},"categories":[24],"tags":[],"class_list":["post-32801","post","type-post","status-publish","format-standard","has-post-thumbnail","hentry","category-gundem"],"acf":[],"yoast_head":"<!-- This site is optimized with the Yoast SEO Premium plugin v26.6 (Yoast SEO v27.1.1) - https:\/\/yoast.com\/product\/yoast-seo-premium-wordpress\/ -->\n<title>Bakanl\u0131k \u201cSeviyorsan evlen\u201d dedi: Vatanda\u015f ge\u00e7im derdine i\u015faret etti - Av. Deniz Can K\u0131z\u0131l<\/title>\n<meta name=\"robots\" content=\"index, follow, max-snippet:-1, max-image-preview:large, max-video-preview:-1\" \/>\n<link rel=\"canonical\" href=\"https:\/\/denizcankizil.tr\/uk\/haberler\/gundem\/bakanlik-seviyorsan-evlen-dedi-vatandas-gecim-derdine-isaret-etti\/\" \/>\n<meta property=\"og:locale\" content=\"uk_UA\" \/>\n<meta property=\"og:type\" content=\"article\" \/>\n<meta property=\"og:title\" content=\"Bakanl\u0131k \u201cSeviyorsan evlen\u201d dedi: Vatanda\u015f ge\u00e7im derdine i\u015faret etti\" \/>\n<meta property=\"og:description\" content=\"Aile ve Sosyal Hizmetler Bakanl\u0131\u011f\u0131 resmi X hesab\u0131ndan 14 \u015eubat Sevgililer G\u00fcn\u00fc&#8217;nde &#8220;Seviyorsan git evlen bence&#8230;&#8221; payla\u015f\u0131m\u0131 yapt\u0131. Payla\u015f\u0131ma kar\u015f\u0131 vatanda\u015flar ge\u00e7im derdi i\u00e7erikli mesajlar yazarak tepki g\u00f6sterdi.\u00a0 PAYLA\u015eIM TEPK\u0130 \u00c7EKT\u0130\u00a0 Vatanda\u015flar taraf\u0131ndan tepki toplayan payla\u015f\u0131m\u0131n alt\u0131na en \u00e7ok ekonomiyle ilgili yorumlar yaz\u0131ld\u0131\u011f\u0131 g\u00f6r\u00fcld\u00fc. Tepki siyaset cephesinden de geldi. T\u0130P Parti S\u00f6zc\u00fcs\u00fc ve \u0130stanbul Milletvekili Sera Kad\u0131gil, sosyal medya hesab\u0131ndan \u201c\u015eu ortamda bile gen\u00e7lerin gelece\u011fini de\u011fil, kuracaklar\u0131 ili\u015fki bi\u00e7imini dert edinerek \u015fakalar, komiklikler yapabilen bir bakanl\u0131k var&#8221; dedi.\u00a0 SERRA KADIG\u0130L&#8217;DEN SERT ELE\u015eT\u0130R\u0130 Kad\u0131gil payla\u015f\u0131m\u0131nda \u015fu ifadelere yer verdi: &#8220;Memlekette bebek bezi taneyle sat\u0131l\u0131yor. \u0130ntihar etmeye \u00e7al\u0131\u015fan baba &#8216;1 y\u0131ll\u0131k bebek mamas\u0131&#8217; vaadiyle ikna ediliyor. &#8216;Aile Bakanl\u0131\u011f\u0131&#8217;n\u0131n evlerine 18 kez gidip gidip hi\u00e7bir \u015fey yapmadan d\u00f6nd\u00fc\u011f\u00fc 5 \u00e7ocuk yokluktan yanarak can veriyor. \u0130\u015f yok. Bir i\u015f bulup gece g\u00fcnd\u00fcz \u00e7al\u0131\u015fsan da cepte para yok. Asgari \u00fccretten ucuza kira yok. Kre\u015f yok. Do\u011fru d\u00fczg\u00fcn e\u011fitim veren okul, o okullardaki \u00e7ocuklar\u0131n bir \u00f6\u011f\u00fcn olsun karn\u0131n\u0131 doyuracak bir devlet yok. Her g\u00fcn en az bir kad\u0131n kendi evinde, kendi &#8216;ailesi&#8217; taraf\u0131ndan katledilirken k\u0131l\u0131n\u0131 k\u0131p\u0131rdatan yok. Ama \u015fu ortamda bile gen\u00e7lerin gelece\u011fini de\u011fil, kuracaklar\u0131 ili\u015fki bi\u00e7imini dert edinerek \u015fakalar, komiklikler yapabilen bir bakanl\u0131k var.&#8221; PAYLA\u015eIMIN ALTINA YAZILAN BAZI YORUMLAR \u0130\u015fte payla\u015f\u0131m\u0131n alt\u0131na gelen yorumlar: \u00a0\u201cAynen &hellip;\" \/>\n<meta property=\"og:url\" content=\"https:\/\/denizcankizil.tr\/uk\/haberler\/gundem\/bakanlik-seviyorsan-evlen-dedi-vatandas-gecim-derdine-isaret-etti\/\" \/>\n<meta property=\"og:site_name\" content=\"Av. Deniz Can K\u0131z\u0131l\" \/>\n<meta property=\"article:published_time\" content=\"2025-02-14T19:41:14+00:00\" \/>\n<meta name=\"author\" content=\"Antalya K\u00f6rfez\" \/>\n<meta name=\"twitter:card\" content=\"summary_large_image\" \/>\n<meta name=\"twitter:label1\" content=\"\u041d\u0430\u043f\u0438\u0441\u0430\u043d\u043e\" \/>\n\t<meta name=\"twitter:data1\" content=\"Antalya K\u00f6rfez\" \/>\n\t<meta name=\"twitter:label2\" content=\"\u041f\u0440\u0438\u0431\u043b. \u0447\u0430\u0441 \u0447\u0438\u0442\u0430\u043d\u043d\u044f\" \/>\n\t<meta name=\"twitter:data2\" content=\"2 \u0445\u0432\u0438\u043b\u0438\u043d\u0438\" \/>\n<script type=\"application\/ld+json\" class=\"yoast-schema-graph\">{\"@context\":\"https:\/\/schema.org\",\"@graph\":[{\"@type\":\"Article\",\"@id\":\"https:\/\/denizcankizil.tr\/ru\/haberler\/gundem\/bakanlik-seviyorsan-evlen-dedi-vatandas-gecim-derdine-isaret-etti\/#article\",\"isPartOf\":{\"@id\":\"https:\/\/denizcankizil.tr\/ru\/haberler\/gundem\/bakanlik-seviyorsan-evlen-dedi-vatandas-gecim-derdine-isaret-etti\/\"},\"author\":{\"name\":\"Antalya K\u00f6rfez\",\"@id\":\"https:\/\/denizcankizil.tr\/de\/#\/schema\/person\/e1eb71bb4dd684d46563f0af307e1234\"},\"headline\":\"Bakanl\u0131k \u201cSeviyorsan evlen\u201d dedi: Vatanda\u015f ge\u00e7im derdine i\u015faret etti\",\"datePublished\":\"2025-02-14T19:41:14+00:00\",\"mainEntityOfPage\":{\"@id\":\"https:\/\/denizcankizil.tr\/ru\/haberler\/gundem\/bakanlik-seviyorsan-evlen-dedi-vatandas-gecim-derdine-isaret-etti\/\"},\"wordCount\":406,\"commentCount\":0,\"publisher\":{\"@id\":\"https:\/\/denizcankizil.tr\/de\/#organization\"},\"articleSection\":[\"G\u00fcndem\"],\"inLanguage\":\"uk\",\"potentialAction\":[{\"@type\":\"CommentAction\",\"name\":\"Comment\",\"target\":[\"https:\/\/denizcankizil.tr\/ru\/haberler\/gundem\/bakanlik-seviyorsan-evlen-dedi-vatandas-gecim-derdine-isaret-etti\/#respond\"]}]},{\"@type\":\"WebPage\",\"@id\":\"https:\/\/denizcankizil.tr\/ru\/haberler\/gundem\/bakanlik-seviyorsan-evlen-dedi-vatandas-gecim-derdine-isaret-etti\/\",\"url\":\"https:\/\/denizcankizil.tr\/ru\/haberler\/gundem\/bakanlik-seviyorsan-evlen-dedi-vatandas-gecim-derdine-isaret-etti\/\",\"name\":\"Bakanl\u0131k \u201cSeviyorsan evlen\u201d dedi: Vatanda\u015f ge\u00e7im derdine i\u015faret etti - Av. Deniz Can K\u0131z\u0131l\",\"isPartOf\":{\"@id\":\"https:\/\/denizcankizil.tr\/de\/#website\"},\"datePublished\":\"2025-02-14T19:41:14+00:00\",\"breadcrumb\":{\"@id\":\"https:\/\/denizcankizil.tr\/ru\/haberler\/gundem\/bakanlik-seviyorsan-evlen-dedi-vatandas-gecim-derdine-isaret-etti\/#breadcrumb\"},\"inLanguage\":\"uk\",\"potentialAction\":[{\"@type\":\"ReadAction\",\"target\":[\"https:\/\/denizcankizil.tr\/ru\/haberler\/gundem\/bakanlik-seviyorsan-evlen-dedi-vatandas-gecim-derdine-isaret-etti\/\"]}]},{\"@type\":\"BreadcrumbList\",\"@id\":\"https:\/\/denizcankizil.tr\/ru\/haberler\/gundem\/bakanlik-seviyorsan-evlen-dedi-vatandas-gecim-derdine-isaret-etti\/#breadcrumb\",\"itemListElement\":[{\"@type\":\"ListItem\",\"position\":1,\"name\":\"Home\",\"item\":\"https:\/\/denizcankizil.tr\/de\/\"},{\"@type\":\"ListItem\",\"position\":2,\"name\":\"Bakanl\u0131k \u201cSeviyorsan evlen\u201d dedi: Vatanda\u015f ge\u00e7im derdine i\u015faret etti\"}]},{\"@type\":\"WebSite\",\"@id\":\"https:\/\/denizcankizil.tr\/de\/#website\",\"url\":\"https:\/\/denizcankizil.tr\/de\/\",\"name\":\"Av. Deniz Can K\u0131z\u0131l\",\"description\":\"Avukat Deniz Can K\u0131z\u0131l Antalya Barosu\",\"publisher\":{\"@id\":\"https:\/\/denizcankizil.tr\/de\/#organization\"},\"potentialAction\":[{\"@type\":\"SearchAction\",\"target\":{\"@type\":\"EntryPoint\",\"urlTemplate\":\"https:\/\/denizcankizil.tr\/de\/?s={search_term_string}\"},\"query-input\":{\"@type\":\"PropertyValueSpecification\",\"valueRequired\":true,\"valueName\":\"search_term_string\"}}],\"inLanguage\":\"uk\"},{\"@type\":\"Organization\",\"@id\":\"https:\/\/denizcankizil.tr\/de\/#organization\",\"name\":\"Av. Deniz Can K\u0131z\u0131l\",\"url\":\"https:\/\/denizcankizil.tr\/de\/\",\"logo\":{\"@type\":\"ImageObject\",\"inLanguage\":\"uk\",\"@id\":\"https:\/\/denizcankizil.tr\/de\/#\/schema\/logo\/image\/\",\"url\":\"https:\/\/denizcankizil.tr\/wp-content\/uploads\/2024\/10\/siyah-logo-svg.svg\",\"contentUrl\":\"https:\/\/denizcankizil.tr\/wp-content\/uploads\/2024\/10\/siyah-logo-svg.svg\",\"width\":1080,\"height\":1080,\"caption\":\"Av. Deniz Can K\u0131z\u0131l\"},\"image\":{\"@id\":\"https:\/\/denizcankizil.tr\/de\/#\/schema\/logo\/image\/\"}},{\"@type\":\"Person\",\"@id\":\"https:\/\/denizcankizil.tr\/de\/#\/schema\/person\/e1eb71bb4dd684d46563f0af307e1234\",\"name\":\"Antalya K\u00f6rfez\",\"image\":{\"@type\":\"ImageObject\",\"inLanguage\":\"uk\",\"@id\":\"https:\/\/denizcankizil.tr\/de\/#\/schema\/person\/image\/\",\"url\":\"https:\/\/secure.gravatar.com\/avatar\/42b01982558a48a0b501fdcab6a408d3717ea5919095ee2e67b0e521799c5905?s=96&d=mm&r=g\",\"contentUrl\":\"https:\/\/secure.gravatar.com\/avatar\/42b01982558a48a0b501fdcab6a408d3717ea5919095ee2e67b0e521799c5905?s=96&d=mm&r=g\",\"caption\":\"Antalya K\u00f6rfez\"},\"sameAs\":[\"http:\/\/www.antalyakorfez.com\"],\"url\":\"https:\/\/www.antalyakorfez.com\/bakanlik-seviyorsan-evlen-dedi-vatandas-gecim-derdine-isaret-etti\"}]}<\/script>\n<!-- \/ Yoast SEO Premium plugin. -->","yoast_head_json":{"title":"Bakanl\u0131k \u201cSeviyorsan evlen\u201d dedi: Vatanda\u015f ge\u00e7im derdine i\u015faret etti - Av. Deniz Can K\u0131z\u0131l","robots":{"index":"index","follow":"follow","max-snippet":"max-snippet:-1","max-image-preview":"max-image-preview:large","max-video-preview":"max-video-preview:-1"},"canonical":"https:\/\/denizcankizil.tr\/uk\/haberler\/gundem\/bakanlik-seviyorsan-evlen-dedi-vatandas-gecim-derdine-isaret-etti\/","og_locale":"uk_UA","og_type":"article","og_title":"Bakanl\u0131k \u201cSeviyorsan evlen\u201d dedi: Vatanda\u015f ge\u00e7im derdine i\u015faret etti","og_description":"Aile ve Sosyal Hizmetler Bakanl\u0131\u011f\u0131 resmi X hesab\u0131ndan 14 \u015eubat Sevgililer G\u00fcn\u00fc&#8217;nde &#8220;Seviyorsan git evlen bence&#8230;&#8221; payla\u015f\u0131m\u0131 yapt\u0131. Payla\u015f\u0131ma kar\u015f\u0131 vatanda\u015flar ge\u00e7im derdi i\u00e7erikli mesajlar yazarak tepki g\u00f6sterdi.\u00a0 PAYLA\u015eIM TEPK\u0130 \u00c7EKT\u0130\u00a0 Vatanda\u015flar taraf\u0131ndan tepki toplayan payla\u015f\u0131m\u0131n alt\u0131na en \u00e7ok ekonomiyle ilgili yorumlar yaz\u0131ld\u0131\u011f\u0131 g\u00f6r\u00fcld\u00fc. Tepki siyaset cephesinden de geldi. T\u0130P Parti S\u00f6zc\u00fcs\u00fc ve \u0130stanbul Milletvekili Sera Kad\u0131gil, sosyal medya hesab\u0131ndan \u201c\u015eu ortamda bile gen\u00e7lerin gelece\u011fini de\u011fil, kuracaklar\u0131 ili\u015fki bi\u00e7imini dert edinerek \u015fakalar, komiklikler yapabilen bir bakanl\u0131k var&#8221; dedi.\u00a0 SERRA KADIG\u0130L&#8217;DEN SERT ELE\u015eT\u0130R\u0130 Kad\u0131gil payla\u015f\u0131m\u0131nda \u015fu ifadelere yer verdi: &#8220;Memlekette bebek bezi taneyle sat\u0131l\u0131yor. \u0130ntihar etmeye \u00e7al\u0131\u015fan baba &#8216;1 y\u0131ll\u0131k bebek mamas\u0131&#8217; vaadiyle ikna ediliyor. &#8216;Aile Bakanl\u0131\u011f\u0131&#8217;n\u0131n evlerine 18 kez gidip gidip hi\u00e7bir \u015fey yapmadan d\u00f6nd\u00fc\u011f\u00fc 5 \u00e7ocuk yokluktan yanarak can veriyor. \u0130\u015f yok. Bir i\u015f bulup gece g\u00fcnd\u00fcz \u00e7al\u0131\u015fsan da cepte para yok. Asgari \u00fccretten ucuza kira yok. Kre\u015f yok. Do\u011fru d\u00fczg\u00fcn e\u011fitim veren okul, o okullardaki \u00e7ocuklar\u0131n bir \u00f6\u011f\u00fcn olsun karn\u0131n\u0131 doyuracak bir devlet yok. Her g\u00fcn en az bir kad\u0131n kendi evinde, kendi &#8216;ailesi&#8217; taraf\u0131ndan katledilirken k\u0131l\u0131n\u0131 k\u0131p\u0131rdatan yok. Ama \u015fu ortamda bile gen\u00e7lerin gelece\u011fini de\u011fil, kuracaklar\u0131 ili\u015fki bi\u00e7imini dert edinerek \u015fakalar, komiklikler yapabilen bir bakanl\u0131k var.&#8221; PAYLA\u015eIMIN ALTINA YAZILAN BAZI YORUMLAR \u0130\u015fte payla\u015f\u0131m\u0131n alt\u0131na gelen yorumlar: \u00a0\u201cAynen &hellip;","og_url":"https:\/\/denizcankizil.tr\/uk\/haberler\/gundem\/bakanlik-seviyorsan-evlen-dedi-vatandas-gecim-derdine-isaret-etti\/","og_site_name":"Av. Deniz Can K\u0131z\u0131l","article_published_time":"2025-02-14T19:41:14+00:00","author":"Antalya K\u00f6rfez","twitter_card":"summary_large_image","twitter_misc":{"\u041d\u0430\u043f\u0438\u0441\u0430\u043d\u043e":"Antalya K\u00f6rfez","\u041f\u0440\u0438\u0431\u043b. \u0447\u0430\u0441 \u0447\u0438\u0442\u0430\u043d\u043d\u044f":"2 \u0445\u0432\u0438\u043b\u0438\u043d\u0438"},"schema":{"@context":"https:\/\/schema.org","@graph":[{"@type":"Article","@id":"https:\/\/denizcankizil.tr\/ru\/haberler\/gundem\/bakanlik-seviyorsan-evlen-dedi-vatandas-gecim-derdine-isaret-etti\/#article","isPartOf":{"@id":"https:\/\/denizcankizil.tr\/ru\/haberler\/gundem\/bakanlik-seviyorsan-evlen-dedi-vatandas-gecim-derdine-isaret-etti\/"},"author":{"name":"Antalya K\u00f6rfez","@id":"https:\/\/denizcankizil.tr\/de\/#\/schema\/person\/e1eb71bb4dd684d46563f0af307e1234"},"headline":"Bakanl\u0131k \u201cSeviyorsan evlen\u201d dedi: Vatanda\u015f ge\u00e7im derdine i\u015faret etti","datePublished":"2025-02-14T19:41:14+00:00","mainEntityOfPage":{"@id":"https:\/\/denizcankizil.tr\/ru\/haberler\/gundem\/bakanlik-seviyorsan-evlen-dedi-vatandas-gecim-derdine-isaret-etti\/"},"wordCount":406,"commentCount":0,"publisher":{"@id":"https:\/\/denizcankizil.tr\/de\/#organization"},"articleSection":["G\u00fcndem"],"inLanguage":"uk","potentialAction":[{"@type":"CommentAction","name":"Comment","target":["https:\/\/denizcankizil.tr\/ru\/haberler\/gundem\/bakanlik-seviyorsan-evlen-dedi-vatandas-gecim-derdine-isaret-etti\/#respond"]}]},{"@type":"WebPage","@id":"https:\/\/denizcankizil.tr\/ru\/haberler\/gundem\/bakanlik-seviyorsan-evlen-dedi-vatandas-gecim-derdine-isaret-etti\/","url":"https:\/\/denizcankizil.tr\/ru\/haberler\/gundem\/bakanlik-seviyorsan-evlen-dedi-vatandas-gecim-derdine-isaret-etti\/","name":"Bakanl\u0131k \u201cSeviyorsan evlen\u201d dedi: Vatanda\u015f ge\u00e7im derdine i\u015faret etti - Av. Deniz Can K\u0131z\u0131l","isPartOf":{"@id":"https:\/\/denizcankizil.tr\/de\/#website"},"datePublished":"2025-02-14T19:41:14+00:00","breadcrumb":{"@id":"https:\/\/denizcankizil.tr\/ru\/haberler\/gundem\/bakanlik-seviyorsan-evlen-dedi-vatandas-gecim-derdine-isaret-etti\/#breadcrumb"},"inLanguage":"uk","potentialAction":[{"@type":"ReadAction","target":["https:\/\/denizcankizil.tr\/ru\/haberler\/gundem\/bakanlik-seviyorsan-evlen-dedi-vatandas-gecim-derdine-isaret-etti\/"]}]},{"@type":"BreadcrumbList","@id":"https:\/\/denizcankizil.tr\/ru\/haberler\/gundem\/bakanlik-seviyorsan-evlen-dedi-vatandas-gecim-derdine-isaret-etti\/#breadcrumb","itemListElement":[{"@type":"ListItem","position":1,"name":"Home","item":"https:\/\/denizcankizil.tr\/de\/"},{"@type":"ListItem","position":2,"name":"Bakanl\u0131k \u201cSeviyorsan evlen\u201d dedi: Vatanda\u015f ge\u00e7im derdine i\u015faret etti"}]},{"@type":"WebSite","@id":"https:\/\/denizcankizil.tr\/de\/#website","url":"https:\/\/denizcankizil.tr\/de\/","name":"Av. Deniz Can K\u0131z\u0131l","description":"Avukat Deniz Can K\u0131z\u0131l Antalya Barosu","publisher":{"@id":"https:\/\/denizcankizil.tr\/de\/#organization"},"potentialAction":[{"@type":"SearchAction","target":{"@type":"EntryPoint","urlTemplate":"https:\/\/denizcankizil.tr\/de\/?s={search_term_string}"},"query-input":{"@type":"PropertyValueSpecification","valueRequired":true,"valueName":"search_term_string"}}],"inLanguage":"uk"},{"@type":"Organization","@id":"https:\/\/denizcankizil.tr\/de\/#organization","name":"Av. Deniz Can K\u0131z\u0131l","url":"https:\/\/denizcankizil.tr\/de\/","logo":{"@type":"ImageObject","inLanguage":"uk","@id":"https:\/\/denizcankizil.tr\/de\/#\/schema\/logo\/image\/","url":"https:\/\/denizcankizil.tr\/wp-content\/uploads\/2024\/10\/siyah-logo-svg.svg","contentUrl":"https:\/\/denizcankizil.tr\/wp-content\/uploads\/2024\/10\/siyah-logo-svg.svg","width":1080,"height":1080,"caption":"Av. Deniz Can K\u0131z\u0131l"},"image":{"@id":"https:\/\/denizcankizil.tr\/de\/#\/schema\/logo\/image\/"}},{"@type":"Person","@id":"https:\/\/denizcankizil.tr\/de\/#\/schema\/person\/e1eb71bb4dd684d46563f0af307e1234","name":"Antalya K\u00f6rfez","image":{"@type":"ImageObject","inLanguage":"uk","@id":"https:\/\/denizcankizil.tr\/de\/#\/schema\/person\/image\/","url":"https:\/\/secure.gravatar.com\/avatar\/42b01982558a48a0b501fdcab6a408d3717ea5919095ee2e67b0e521799c5905?s=96&d=mm&r=g","contentUrl":"https:\/\/secure.gravatar.com\/avatar\/42b01982558a48a0b501fdcab6a408d3717ea5919095ee2e67b0e521799c5905?s=96&d=mm&r=g","caption":"Antalya K\u00f6rfez"},"sameAs":["http:\/\/www.antalyakorfez.com"],"url":"https:\/\/www.antalyakorfez.com\/bakanlik-seviyorsan-evlen-dedi-vatandas-gecim-derdine-isaret-etti"}]}},"_links":{"self":[{"href":"https:\/\/denizcankizil.tr\/uk\/wp-json\/wp\/v2\/posts\/32801","targetHints":{"allow":["GET"]}}],"collection":[{"href":"https:\/\/denizcankizil.tr\/uk\/wp-json\/wp\/v2\/posts"}],"about":[{"href":"https:\/\/denizcankizil.tr\/uk\/wp-json\/wp\/v2\/types\/post"}],"author":[{"embeddable":true,"href":"https:\/\/denizcankizil.tr\/uk\/wp-json\/wp\/v2\/users\/5"}],"replies":[{"embeddable":true,"href":"https:\/\/denizcankizil.tr\/uk\/wp-json\/wp\/v2\/comments?post=32801"}],"version-history":[{"count":0,"href":"https:\/\/denizcankizil.tr\/uk\/wp-json\/wp\/v2\/posts\/32801\/revisions"}],"wp:attachment":[{"href":"https:\/\/denizcankizil.tr\/uk\/wp-json\/wp\/v2\/media?parent=32801"}],"wp:term":[{"taxonomy":"category","embeddable":true,"href":"https:\/\/denizcankizil.tr\/uk\/wp-json\/wp\/v2\/categories?post=32801"},{"taxonomy":"post_tag","embeddable":true,"href":"https:\/\/denizcankizil.tr\/uk\/wp-json\/wp\/v2\/tags?post=32801"}],"curies":[{"name":"wp","href":"https:\/\/api.w.org\/{rel}","templated":true}]}}