{"id":32698,"date":"2025-02-14T12:42:09","date_gmt":"2025-02-14T09:42:09","guid":{"rendered":"https:\/\/denizcankizil.tr\/uncategorized-tr\/hbb-itfaiyesinden-yangin-bilgilendirmeleri-suruyor\/"},"modified":"2025-02-14T12:42:09","modified_gmt":"2025-02-14T09:42:09","slug":"hbb-itfaiyesinden-yangin-bilgilendirmeleri-suruyor","status":"publish","type":"post","link":"https:\/\/denizcankizil.tr\/uk\/haberler\/gundem\/hbb-itfaiyesinden-yangin-bilgilendirmeleri-suruyor\/","title":{"rendered":"HBB \u0130tfaiyesi\u2019nden Yang\u0131n Bilgilendirmeleri s\u00fcr\u00fcyor\u2026"},"content":{"rendered":"<p>HBB \u0130tfaiye Daire Ba\u015fkanl\u0131\u011f\u0131 b\u00fcnyesindeki g\u00f6rev yapan yang\u0131n olaylar\u0131n\u0131n \u2018Kahramanlar\u0131 \u0130tfaiyeciler\u2019 bo\u015f zamanlar\u0131n\u0131 halk\u0131n t\u00fcm kesimlerini yang\u0131na kar\u015f\u0131 bilin\u00e7lendiriyor. HBB \u0130tfaiye Uzman Ekipleri, Antakya\u2019daki Hz. Ay\u015fe K\u0131z Anadolu \u0130mam Hatip Lisesi, Payas\u2019taki \u00e7e\u015fitli Kur\u2019an kurslar\u0131 ve Arsuz\u2019daki Pirin\u00e7lik B\u00fcy\u00fckdere \u0130lk\u00f6\u011fretim Okulu\u2019nda yang\u0131nla m\u00fccadele ve ilk m\u00fcdahale konular\u0131nda bilgilendirici e\u011fitimler d\u00fczenledi. \u00d6\u011frenciler, \u00f6\u011fretmenler ve idareciler i\u00e7in ger\u00e7ekle\u015ftirilen e\u011fitimlerde, teorik bilgilerin yan\u0131 s\u0131ra uygulamal\u0131 tatbikatlarla yang\u0131n an\u0131nda nas\u0131l hareket edilmesi gerekti\u011fi anlat\u0131ld\u0131.<\/p>\n<p>MAHK\u00dbMLARA DA <\/p>\n<p>YANGIN E\u011e\u0130T\u0130M\u0130<\/p>\n<p>Toplumun t\u00fcm kesimlerine ula\u015fmay\u0131 hedefleyen HBB \u0130tfaiyesi, \u0130skenderun Adliye Saray\u0131 Denetimli Serbestlik Birimi ve K\u0131r\u0131khan A\u00e7\u0131k Ceza \u0130nfaz Kurumu\u2019nda da e\u011fitim programlar\u0131 ger\u00e7ekle\u015ftirdi. Ekipler, yang\u0131n riskleri ve al\u0131nmas\u0131 gereken \u00f6nlemler hakk\u0131nda mahk\u00fbmlara teorik ve uygulamal\u0131 e\u011fitimler vererek fark\u0131ndal\u0131k olu\u015fturdu.<\/p>\n<p>HBB \u0130tfaiye Daire Ba\u015fkanl\u0131\u011f\u0131 yetkilileri, halk\u0131n her kesimine yang\u0131n g\u00fcvenli\u011fi konusunda bilin\u00e7 kazand\u0131rmak amac\u0131yla e\u011fitim \u00e7al\u0131\u015fmalar\u0131na h\u0131z kesmeden devam edeceklerini belirtti.<\/p>\n<p>Hatay B\u00fcy\u00fck\u015fehri Belediyesi \u0130tfaiye Daire Ba\u015fkanl\u0131\u011f\u0131 b\u00fcnyesindeki ekipler, Vatanda\u015flar\u0131n yang\u0131n konusunda bilin\u00e7lenmesini sa\u011flamak ve can-mal kay\u0131plar\u0131n\u0131 en aza indirmek amac\u0131yla e\u011fitimler d\u00fczenlemeyi s\u00fcrd\u00fcr\u00fcyor.<\/p>\n<p>\u200bHatay B\u00fcy\u00fck\u015fehir Belediyesi \u0130tfaiye Daire Ba\u015fkanl\u0131\u011f\u0131, yang\u0131n konusunda fark\u0131ndal\u0131k olu\u015fturmak ve can-mal kay\u0131plar\u0131n\u0131 en aza indirmek amac\u0131yla e\u011fitim faaliyetlerine devam ediyor.\u00a0<\/p>\n<p>\u200bHaberin Al\u0131nt\u0131land\u0131\u011f\u0131 Kaynak: www.iskenderun.org<\/p>","protected":false},"excerpt":{"rendered":"<p>HBB \u0130tfaiye Daire Ba\u015fkanl\u0131\u011f\u0131 b\u00fcnyesindeki g\u00f6rev yapan yang\u0131n olaylar\u0131n\u0131n \u2018Kahramanlar\u0131 \u0130tfaiyeciler\u2019 bo\u015f zamanlar\u0131n\u0131 halk\u0131n t\u00fcm kesimlerini yang\u0131na kar\u015f\u0131 bilin\u00e7lendiriyor. HBB \u0130tfaiye Uzman Ekipleri, Antakya\u2019daki Hz. Ay\u015fe K\u0131z Anadolu \u0130mam Hatip Lisesi, Payas\u2019taki \u00e7e\u015fitli Kur\u2019an kurslar\u0131 ve Arsuz\u2019daki Pirin\u00e7lik B\u00fcy\u00fckdere \u0130lk\u00f6\u011fretim Okulu\u2019nda yang\u0131nla m\u00fccadele ve ilk m\u00fcdahale konular\u0131nda bilgilendirici e\u011fitimler d\u00fczenledi. \u00d6\u011frenciler, \u00f6\u011fretmenler ve idareciler i\u00e7in ger\u00e7ekle\u015ftirilen e\u011fitimlerde, teorik bilgilerin yan\u0131 s\u0131ra uygulamal\u0131 tatbikatlarla yang\u0131n an\u0131nda nas\u0131l hareket edilmesi gerekti\u011fi anlat\u0131ld\u0131. MAHK\u00dbMLARA DA YANGIN E\u011e\u0130T\u0130M\u0130 Toplumun t\u00fcm kesimlerine ula\u015fmay\u0131 hedefleyen HBB \u0130tfaiyesi, \u0130skenderun Adliye Saray\u0131 Denetimli Serbestlik Birimi ve K\u0131r\u0131khan A\u00e7\u0131k Ceza \u0130nfaz Kurumu\u2019nda da e\u011fitim programlar\u0131 ger\u00e7ekle\u015ftirdi. Ekipler, yang\u0131n riskleri ve al\u0131nmas\u0131 gereken \u00f6nlemler hakk\u0131nda mahk\u00fbmlara teorik ve uygulamal\u0131 e\u011fitimler vererek fark\u0131ndal\u0131k olu\u015fturdu. HBB \u0130tfaiye Daire Ba\u015fkanl\u0131\u011f\u0131 yetkilileri, halk\u0131n her kesimine yang\u0131n g\u00fcvenli\u011fi konusunda bilin\u00e7 kazand\u0131rmak amac\u0131yla e\u011fitim \u00e7al\u0131\u015fmalar\u0131na h\u0131z kesmeden devam edeceklerini belirtti. Hatay B\u00fcy\u00fck\u015fehri Belediyesi \u0130tfaiye Daire Ba\u015fkanl\u0131\u011f\u0131 b\u00fcnyesindeki ekipler, Vatanda\u015flar\u0131n yang\u0131n konusunda bilin\u00e7lenmesini sa\u011flamak ve can-mal kay\u0131plar\u0131n\u0131 en aza indirmek amac\u0131yla e\u011fitimler d\u00fczenlemeyi s\u00fcrd\u00fcr\u00fcyor. \u200bHatay B\u00fcy\u00fck\u015fehir Belediyesi \u0130tfaiye Daire Ba\u015fkanl\u0131\u011f\u0131, yang\u0131n konusunda fark\u0131ndal\u0131k olu\u015fturmak ve can-mal kay\u0131plar\u0131n\u0131 en aza indirmek amac\u0131yla e\u011fitim faaliyetlerine devam ediyor.\u00a0 \u200bHaberin Al\u0131nt\u0131land\u0131\u011f\u0131 Kaynak: www.iskenderun.org<\/p>","protected":false},"author":1,"featured_media":0,"comment_status":"open","ping_status":"open","sticky":false,"template":"","format":"standard","meta":{"_acf_changed":false,"footnotes":""},"categories":[24],"tags":[],"class_list":["post-32698","post","type-post","status-publish","format-standard","has-post-thumbnail","hentry","category-gundem"],"acf":[],"yoast_head":"<!-- This site is optimized with the Yoast SEO Premium plugin v26.6 (Yoast SEO v27.1.1) - https:\/\/yoast.com\/product\/yoast-seo-premium-wordpress\/ -->\n<title>HBB \u0130tfaiyesi\u2019nden Yang\u0131n Bilgilendirmeleri s\u00fcr\u00fcyor\u2026 - Av. Deniz Can K\u0131z\u0131l<\/title>\n<meta name=\"robots\" content=\"index, follow, max-snippet:-1, max-image-preview:large, max-video-preview:-1\" \/>\n<link rel=\"canonical\" href=\"https:\/\/denizcankizil.tr\/uk\/haberler\/gundem\/hbb-itfaiyesinden-yangin-bilgilendirmeleri-suruyor\/\" \/>\n<meta property=\"og:locale\" content=\"uk_UA\" \/>\n<meta property=\"og:type\" content=\"article\" \/>\n<meta property=\"og:title\" content=\"HBB \u0130tfaiyesi\u2019nden Yang\u0131n Bilgilendirmeleri s\u00fcr\u00fcyor\u2026\" \/>\n<meta property=\"og:description\" content=\"HBB \u0130tfaiye Daire Ba\u015fkanl\u0131\u011f\u0131 b\u00fcnyesindeki g\u00f6rev yapan yang\u0131n olaylar\u0131n\u0131n \u2018Kahramanlar\u0131 \u0130tfaiyeciler\u2019 bo\u015f zamanlar\u0131n\u0131 halk\u0131n t\u00fcm kesimlerini yang\u0131na kar\u015f\u0131 bilin\u00e7lendiriyor. HBB \u0130tfaiye Uzman Ekipleri, Antakya\u2019daki Hz. Ay\u015fe K\u0131z Anadolu \u0130mam Hatip Lisesi, Payas\u2019taki \u00e7e\u015fitli Kur\u2019an kurslar\u0131 ve Arsuz\u2019daki Pirin\u00e7lik B\u00fcy\u00fckdere \u0130lk\u00f6\u011fretim Okulu\u2019nda yang\u0131nla m\u00fccadele ve ilk m\u00fcdahale konular\u0131nda bilgilendirici e\u011fitimler d\u00fczenledi. \u00d6\u011frenciler, \u00f6\u011fretmenler ve idareciler i\u00e7in ger\u00e7ekle\u015ftirilen e\u011fitimlerde, teorik bilgilerin yan\u0131 s\u0131ra uygulamal\u0131 tatbikatlarla yang\u0131n an\u0131nda nas\u0131l hareket edilmesi gerekti\u011fi anlat\u0131ld\u0131. MAHK\u00dbMLARA DA YANGIN E\u011e\u0130T\u0130M\u0130 Toplumun t\u00fcm kesimlerine ula\u015fmay\u0131 hedefleyen HBB \u0130tfaiyesi, \u0130skenderun Adliye Saray\u0131 Denetimli Serbestlik Birimi ve K\u0131r\u0131khan A\u00e7\u0131k Ceza \u0130nfaz Kurumu\u2019nda da e\u011fitim programlar\u0131 ger\u00e7ekle\u015ftirdi. Ekipler, yang\u0131n riskleri ve al\u0131nmas\u0131 gereken \u00f6nlemler hakk\u0131nda mahk\u00fbmlara teorik ve uygulamal\u0131 e\u011fitimler vererek fark\u0131ndal\u0131k olu\u015fturdu. HBB \u0130tfaiye Daire Ba\u015fkanl\u0131\u011f\u0131 yetkilileri, halk\u0131n her kesimine yang\u0131n g\u00fcvenli\u011fi konusunda bilin\u00e7 kazand\u0131rmak amac\u0131yla e\u011fitim \u00e7al\u0131\u015fmalar\u0131na h\u0131z kesmeden devam edeceklerini belirtti. Hatay B\u00fcy\u00fck\u015fehri Belediyesi \u0130tfaiye Daire Ba\u015fkanl\u0131\u011f\u0131 b\u00fcnyesindeki ekipler, Vatanda\u015flar\u0131n yang\u0131n konusunda bilin\u00e7lenmesini sa\u011flamak ve can-mal kay\u0131plar\u0131n\u0131 en aza indirmek amac\u0131yla e\u011fitimler d\u00fczenlemeyi s\u00fcrd\u00fcr\u00fcyor. \u200bHatay B\u00fcy\u00fck\u015fehir Belediyesi \u0130tfaiye Daire Ba\u015fkanl\u0131\u011f\u0131, yang\u0131n konusunda fark\u0131ndal\u0131k olu\u015fturmak ve can-mal kay\u0131plar\u0131n\u0131 en aza indirmek amac\u0131yla e\u011fitim faaliyetlerine devam ediyor.\u00a0 \u200bHaberin Al\u0131nt\u0131land\u0131\u011f\u0131 Kaynak: www.iskenderun.org\" \/>\n<meta property=\"og:url\" content=\"https:\/\/denizcankizil.tr\/uk\/haberler\/gundem\/hbb-itfaiyesinden-yangin-bilgilendirmeleri-suruyor\/\" \/>\n<meta property=\"og:site_name\" content=\"Av. Deniz Can K\u0131z\u0131l\" \/>\n<meta property=\"article:published_time\" content=\"2025-02-14T09:42:09+00:00\" \/>\n<meta name=\"author\" content=\"admin\" \/>\n<meta name=\"twitter:card\" content=\"summary_large_image\" \/>\n<meta name=\"twitter:label1\" content=\"\u041d\u0430\u043f\u0438\u0441\u0430\u043d\u043e\" \/>\n\t<meta name=\"twitter:data1\" content=\"admin\" \/>\n\t<meta name=\"twitter:label2\" content=\"\u041f\u0440\u0438\u0431\u043b. \u0447\u0430\u0441 \u0447\u0438\u0442\u0430\u043d\u043d\u044f\" \/>\n\t<meta name=\"twitter:data2\" content=\"1 \u0445\u0432\u0438\u043b\u0438\u043d\u0430\" \/>\n<script type=\"application\/ld+json\" class=\"yoast-schema-graph\">{\"@context\":\"https:\/\/schema.org\",\"@graph\":[{\"@type\":\"Article\",\"@id\":\"https:\/\/denizcankizil.tr\/uk\/haberler\/gundem\/hbb-itfaiyesinden-yangin-bilgilendirmeleri-suruyor\/#article\",\"isPartOf\":{\"@id\":\"https:\/\/denizcankizil.tr\/uk\/haberler\/gundem\/hbb-itfaiyesinden-yangin-bilgilendirmeleri-suruyor\/\"},\"author\":{\"name\":\"admin\",\"@id\":\"https:\/\/denizcankizil.tr\/de\/#\/schema\/person\/be3c05fe6a12686905512445d8185489\"},\"headline\":\"HBB \u0130tfaiyesi\u2019nden Yang\u0131n Bilgilendirmeleri s\u00fcr\u00fcyor\u2026\",\"datePublished\":\"2025-02-14T09:42:09+00:00\",\"mainEntityOfPage\":{\"@id\":\"https:\/\/denizcankizil.tr\/uk\/haberler\/gundem\/hbb-itfaiyesinden-yangin-bilgilendirmeleri-suruyor\/\"},\"wordCount\":295,\"commentCount\":0,\"publisher\":{\"@id\":\"https:\/\/denizcankizil.tr\/de\/#organization\"},\"articleSection\":[\"G\u00fcndem\"],\"inLanguage\":\"uk\",\"potentialAction\":[{\"@type\":\"CommentAction\",\"name\":\"Comment\",\"target\":[\"https:\/\/denizcankizil.tr\/uk\/haberler\/gundem\/hbb-itfaiyesinden-yangin-bilgilendirmeleri-suruyor\/#respond\"]}]},{\"@type\":\"WebPage\",\"@id\":\"https:\/\/denizcankizil.tr\/uk\/haberler\/gundem\/hbb-itfaiyesinden-yangin-bilgilendirmeleri-suruyor\/\",\"url\":\"https:\/\/denizcankizil.tr\/uk\/haberler\/gundem\/hbb-itfaiyesinden-yangin-bilgilendirmeleri-suruyor\/\",\"name\":\"HBB \u0130tfaiyesi\u2019nden Yang\u0131n Bilgilendirmeleri s\u00fcr\u00fcyor\u2026 - Av. Deniz Can K\u0131z\u0131l\",\"isPartOf\":{\"@id\":\"https:\/\/denizcankizil.tr\/de\/#website\"},\"datePublished\":\"2025-02-14T09:42:09+00:00\",\"breadcrumb\":{\"@id\":\"https:\/\/denizcankizil.tr\/uk\/haberler\/gundem\/hbb-itfaiyesinden-yangin-bilgilendirmeleri-suruyor\/#breadcrumb\"},\"inLanguage\":\"uk\",\"potentialAction\":[{\"@type\":\"ReadAction\",\"target\":[\"https:\/\/denizcankizil.tr\/uk\/haberler\/gundem\/hbb-itfaiyesinden-yangin-bilgilendirmeleri-suruyor\/\"]}]},{\"@type\":\"BreadcrumbList\",\"@id\":\"https:\/\/denizcankizil.tr\/uk\/haberler\/gundem\/hbb-itfaiyesinden-yangin-bilgilendirmeleri-suruyor\/#breadcrumb\",\"itemListElement\":[{\"@type\":\"ListItem\",\"position\":1,\"name\":\"Home\",\"item\":\"https:\/\/denizcankizil.tr\/de\/\"},{\"@type\":\"ListItem\",\"position\":2,\"name\":\"HBB \u0130tfaiyesi\u2019nden Yang\u0131n Bilgilendirmeleri s\u00fcr\u00fcyor\u2026\"}]},{\"@type\":\"WebSite\",\"@id\":\"https:\/\/denizcankizil.tr\/de\/#website\",\"url\":\"https:\/\/denizcankizil.tr\/de\/\",\"name\":\"Av. Deniz Can K\u0131z\u0131l\",\"description\":\"Avukat Deniz Can K\u0131z\u0131l Antalya Barosu\",\"publisher\":{\"@id\":\"https:\/\/denizcankizil.tr\/de\/#organization\"},\"potentialAction\":[{\"@type\":\"SearchAction\",\"target\":{\"@type\":\"EntryPoint\",\"urlTemplate\":\"https:\/\/denizcankizil.tr\/de\/?s={search_term_string}\"},\"query-input\":{\"@type\":\"PropertyValueSpecification\",\"valueRequired\":true,\"valueName\":\"search_term_string\"}}],\"inLanguage\":\"uk\"},{\"@type\":\"Organization\",\"@id\":\"https:\/\/denizcankizil.tr\/de\/#organization\",\"name\":\"Av. Deniz Can K\u0131z\u0131l\",\"url\":\"https:\/\/denizcankizil.tr\/de\/\",\"logo\":{\"@type\":\"ImageObject\",\"inLanguage\":\"uk\",\"@id\":\"https:\/\/denizcankizil.tr\/de\/#\/schema\/logo\/image\/\",\"url\":\"https:\/\/denizcankizil.tr\/wp-content\/uploads\/2024\/10\/siyah-logo-svg.svg\",\"contentUrl\":\"https:\/\/denizcankizil.tr\/wp-content\/uploads\/2024\/10\/siyah-logo-svg.svg\",\"width\":1080,\"height\":1080,\"caption\":\"Av. Deniz Can K\u0131z\u0131l\"},\"image\":{\"@id\":\"https:\/\/denizcankizil.tr\/de\/#\/schema\/logo\/image\/\"}},{\"@type\":\"Person\",\"@id\":\"https:\/\/denizcankizil.tr\/de\/#\/schema\/person\/be3c05fe6a12686905512445d8185489\",\"name\":\"admin\",\"image\":{\"@type\":\"ImageObject\",\"inLanguage\":\"uk\",\"@id\":\"https:\/\/denizcankizil.tr\/de\/#\/schema\/person\/image\/\",\"url\":\"https:\/\/secure.gravatar.com\/avatar\/c1fce94c830dc79107e174f890d7210541c4a63e8e5d816341794a2151c9d58c?s=96&d=mm&r=g\",\"contentUrl\":\"https:\/\/secure.gravatar.com\/avatar\/c1fce94c830dc79107e174f890d7210541c4a63e8e5d816341794a2151c9d58c?s=96&d=mm&r=g\",\"caption\":\"admin\"},\"sameAs\":[\"http:\/\/denizcankizil.tr\"],\"url\":\"https:\/\/www.iskenderun.org\/hbb-itfaiyesinden-yangin-bilgilendirmeleri-suruyor\"}]}<\/script>\n<!-- \/ Yoast SEO Premium plugin. -->","yoast_head_json":{"title":"HBB \u0130tfaiyesi\u2019nden Yang\u0131n Bilgilendirmeleri s\u00fcr\u00fcyor\u2026 - Av. Deniz Can K\u0131z\u0131l","robots":{"index":"index","follow":"follow","max-snippet":"max-snippet:-1","max-image-preview":"max-image-preview:large","max-video-preview":"max-video-preview:-1"},"canonical":"https:\/\/denizcankizil.tr\/uk\/haberler\/gundem\/hbb-itfaiyesinden-yangin-bilgilendirmeleri-suruyor\/","og_locale":"uk_UA","og_type":"article","og_title":"HBB \u0130tfaiyesi\u2019nden Yang\u0131n Bilgilendirmeleri s\u00fcr\u00fcyor\u2026","og_description":"HBB \u0130tfaiye Daire Ba\u015fkanl\u0131\u011f\u0131 b\u00fcnyesindeki g\u00f6rev yapan yang\u0131n olaylar\u0131n\u0131n \u2018Kahramanlar\u0131 \u0130tfaiyeciler\u2019 bo\u015f zamanlar\u0131n\u0131 halk\u0131n t\u00fcm kesimlerini yang\u0131na kar\u015f\u0131 bilin\u00e7lendiriyor. HBB \u0130tfaiye Uzman Ekipleri, Antakya\u2019daki Hz. Ay\u015fe K\u0131z Anadolu \u0130mam Hatip Lisesi, Payas\u2019taki \u00e7e\u015fitli Kur\u2019an kurslar\u0131 ve Arsuz\u2019daki Pirin\u00e7lik B\u00fcy\u00fckdere \u0130lk\u00f6\u011fretim Okulu\u2019nda yang\u0131nla m\u00fccadele ve ilk m\u00fcdahale konular\u0131nda bilgilendirici e\u011fitimler d\u00fczenledi. \u00d6\u011frenciler, \u00f6\u011fretmenler ve idareciler i\u00e7in ger\u00e7ekle\u015ftirilen e\u011fitimlerde, teorik bilgilerin yan\u0131 s\u0131ra uygulamal\u0131 tatbikatlarla yang\u0131n an\u0131nda nas\u0131l hareket edilmesi gerekti\u011fi anlat\u0131ld\u0131. MAHK\u00dbMLARA DA YANGIN E\u011e\u0130T\u0130M\u0130 Toplumun t\u00fcm kesimlerine ula\u015fmay\u0131 hedefleyen HBB \u0130tfaiyesi, \u0130skenderun Adliye Saray\u0131 Denetimli Serbestlik Birimi ve K\u0131r\u0131khan A\u00e7\u0131k Ceza \u0130nfaz Kurumu\u2019nda da e\u011fitim programlar\u0131 ger\u00e7ekle\u015ftirdi. Ekipler, yang\u0131n riskleri ve al\u0131nmas\u0131 gereken \u00f6nlemler hakk\u0131nda mahk\u00fbmlara teorik ve uygulamal\u0131 e\u011fitimler vererek fark\u0131ndal\u0131k olu\u015fturdu. HBB \u0130tfaiye Daire Ba\u015fkanl\u0131\u011f\u0131 yetkilileri, halk\u0131n her kesimine yang\u0131n g\u00fcvenli\u011fi konusunda bilin\u00e7 kazand\u0131rmak amac\u0131yla e\u011fitim \u00e7al\u0131\u015fmalar\u0131na h\u0131z kesmeden devam edeceklerini belirtti. Hatay B\u00fcy\u00fck\u015fehri Belediyesi \u0130tfaiye Daire Ba\u015fkanl\u0131\u011f\u0131 b\u00fcnyesindeki ekipler, Vatanda\u015flar\u0131n yang\u0131n konusunda bilin\u00e7lenmesini sa\u011flamak ve can-mal kay\u0131plar\u0131n\u0131 en aza indirmek amac\u0131yla e\u011fitimler d\u00fczenlemeyi s\u00fcrd\u00fcr\u00fcyor. \u200bHatay B\u00fcy\u00fck\u015fehir Belediyesi \u0130tfaiye Daire Ba\u015fkanl\u0131\u011f\u0131, yang\u0131n konusunda fark\u0131ndal\u0131k olu\u015fturmak ve can-mal kay\u0131plar\u0131n\u0131 en aza indirmek amac\u0131yla e\u011fitim faaliyetlerine devam ediyor.\u00a0 \u200bHaberin Al\u0131nt\u0131land\u0131\u011f\u0131 Kaynak: www.iskenderun.org","og_url":"https:\/\/denizcankizil.tr\/uk\/haberler\/gundem\/hbb-itfaiyesinden-yangin-bilgilendirmeleri-suruyor\/","og_site_name":"Av. Deniz Can K\u0131z\u0131l","article_published_time":"2025-02-14T09:42:09+00:00","author":"admin","twitter_card":"summary_large_image","twitter_misc":{"\u041d\u0430\u043f\u0438\u0441\u0430\u043d\u043e":"admin","\u041f\u0440\u0438\u0431\u043b. \u0447\u0430\u0441 \u0447\u0438\u0442\u0430\u043d\u043d\u044f":"1 \u0445\u0432\u0438\u043b\u0438\u043d\u0430"},"schema":{"@context":"https:\/\/schema.org","@graph":[{"@type":"Article","@id":"https:\/\/denizcankizil.tr\/uk\/haberler\/gundem\/hbb-itfaiyesinden-yangin-bilgilendirmeleri-suruyor\/#article","isPartOf":{"@id":"https:\/\/denizcankizil.tr\/uk\/haberler\/gundem\/hbb-itfaiyesinden-yangin-bilgilendirmeleri-suruyor\/"},"author":{"name":"admin","@id":"https:\/\/denizcankizil.tr\/de\/#\/schema\/person\/be3c05fe6a12686905512445d8185489"},"headline":"HBB \u0130tfaiyesi\u2019nden Yang\u0131n Bilgilendirmeleri s\u00fcr\u00fcyor\u2026","datePublished":"2025-02-14T09:42:09+00:00","mainEntityOfPage":{"@id":"https:\/\/denizcankizil.tr\/uk\/haberler\/gundem\/hbb-itfaiyesinden-yangin-bilgilendirmeleri-suruyor\/"},"wordCount":295,"commentCount":0,"publisher":{"@id":"https:\/\/denizcankizil.tr\/de\/#organization"},"articleSection":["G\u00fcndem"],"inLanguage":"uk","potentialAction":[{"@type":"CommentAction","name":"Comment","target":["https:\/\/denizcankizil.tr\/uk\/haberler\/gundem\/hbb-itfaiyesinden-yangin-bilgilendirmeleri-suruyor\/#respond"]}]},{"@type":"WebPage","@id":"https:\/\/denizcankizil.tr\/uk\/haberler\/gundem\/hbb-itfaiyesinden-yangin-bilgilendirmeleri-suruyor\/","url":"https:\/\/denizcankizil.tr\/uk\/haberler\/gundem\/hbb-itfaiyesinden-yangin-bilgilendirmeleri-suruyor\/","name":"HBB \u0130tfaiyesi\u2019nden Yang\u0131n Bilgilendirmeleri s\u00fcr\u00fcyor\u2026 - Av. Deniz Can K\u0131z\u0131l","isPartOf":{"@id":"https:\/\/denizcankizil.tr\/de\/#website"},"datePublished":"2025-02-14T09:42:09+00:00","breadcrumb":{"@id":"https:\/\/denizcankizil.tr\/uk\/haberler\/gundem\/hbb-itfaiyesinden-yangin-bilgilendirmeleri-suruyor\/#breadcrumb"},"inLanguage":"uk","potentialAction":[{"@type":"ReadAction","target":["https:\/\/denizcankizil.tr\/uk\/haberler\/gundem\/hbb-itfaiyesinden-yangin-bilgilendirmeleri-suruyor\/"]}]},{"@type":"BreadcrumbList","@id":"https:\/\/denizcankizil.tr\/uk\/haberler\/gundem\/hbb-itfaiyesinden-yangin-bilgilendirmeleri-suruyor\/#breadcrumb","itemListElement":[{"@type":"ListItem","position":1,"name":"Home","item":"https:\/\/denizcankizil.tr\/de\/"},{"@type":"ListItem","position":2,"name":"HBB \u0130tfaiyesi\u2019nden Yang\u0131n Bilgilendirmeleri s\u00fcr\u00fcyor\u2026"}]},{"@type":"WebSite","@id":"https:\/\/denizcankizil.tr\/de\/#website","url":"https:\/\/denizcankizil.tr\/de\/","name":"Av. Deniz Can K\u0131z\u0131l","description":"Avukat Deniz Can K\u0131z\u0131l Antalya Barosu","publisher":{"@id":"https:\/\/denizcankizil.tr\/de\/#organization"},"potentialAction":[{"@type":"SearchAction","target":{"@type":"EntryPoint","urlTemplate":"https:\/\/denizcankizil.tr\/de\/?s={search_term_string}"},"query-input":{"@type":"PropertyValueSpecification","valueRequired":true,"valueName":"search_term_string"}}],"inLanguage":"uk"},{"@type":"Organization","@id":"https:\/\/denizcankizil.tr\/de\/#organization","name":"Av. Deniz Can K\u0131z\u0131l","url":"https:\/\/denizcankizil.tr\/de\/","logo":{"@type":"ImageObject","inLanguage":"uk","@id":"https:\/\/denizcankizil.tr\/de\/#\/schema\/logo\/image\/","url":"https:\/\/denizcankizil.tr\/wp-content\/uploads\/2024\/10\/siyah-logo-svg.svg","contentUrl":"https:\/\/denizcankizil.tr\/wp-content\/uploads\/2024\/10\/siyah-logo-svg.svg","width":1080,"height":1080,"caption":"Av. Deniz Can K\u0131z\u0131l"},"image":{"@id":"https:\/\/denizcankizil.tr\/de\/#\/schema\/logo\/image\/"}},{"@type":"Person","@id":"https:\/\/denizcankizil.tr\/de\/#\/schema\/person\/be3c05fe6a12686905512445d8185489","name":"\u0430\u0434\u043c\u0456\u043d","image":{"@type":"ImageObject","inLanguage":"uk","@id":"https:\/\/denizcankizil.tr\/de\/#\/schema\/person\/image\/","url":"https:\/\/secure.gravatar.com\/avatar\/c1fce94c830dc79107e174f890d7210541c4a63e8e5d816341794a2151c9d58c?s=96&d=mm&r=g","contentUrl":"https:\/\/secure.gravatar.com\/avatar\/c1fce94c830dc79107e174f890d7210541c4a63e8e5d816341794a2151c9d58c?s=96&d=mm&r=g","caption":"admin"},"sameAs":["http:\/\/denizcankizil.tr"],"url":"https:\/\/www.iskenderun.org\/hbb-itfaiyesinden-yangin-bilgilendirmeleri-suruyor"}]}},"_links":{"self":[{"href":"https:\/\/denizcankizil.tr\/uk\/wp-json\/wp\/v2\/posts\/32698","targetHints":{"allow":["GET"]}}],"collection":[{"href":"https:\/\/denizcankizil.tr\/uk\/wp-json\/wp\/v2\/posts"}],"about":[{"href":"https:\/\/denizcankizil.tr\/uk\/wp-json\/wp\/v2\/types\/post"}],"author":[{"embeddable":true,"href":"https:\/\/denizcankizil.tr\/uk\/wp-json\/wp\/v2\/users\/1"}],"replies":[{"embeddable":true,"href":"https:\/\/denizcankizil.tr\/uk\/wp-json\/wp\/v2\/comments?post=32698"}],"version-history":[{"count":0,"href":"https:\/\/denizcankizil.tr\/uk\/wp-json\/wp\/v2\/posts\/32698\/revisions"}],"wp:attachment":[{"href":"https:\/\/denizcankizil.tr\/uk\/wp-json\/wp\/v2\/media?parent=32698"}],"wp:term":[{"taxonomy":"category","embeddable":true,"href":"https:\/\/denizcankizil.tr\/uk\/wp-json\/wp\/v2\/categories?post=32698"},{"taxonomy":"post_tag","embeddable":true,"href":"https:\/\/denizcankizil.tr\/uk\/wp-json\/wp\/v2\/tags?post=32698"}],"curies":[{"name":"wp","href":"https:\/\/api.w.org\/{rel}","templated":true}]}}