{"id":32685,"date":"2025-02-14T11:42:18","date_gmt":"2025-02-14T08:42:18","guid":{"rendered":"https:\/\/denizcankizil.tr\/uncategorized-tr\/antalya-muratpasada-ingilizce-bulusmalari\/"},"modified":"2025-02-14T11:42:18","modified_gmt":"2025-02-14T08:42:18","slug":"antalya-muratpasada-ingilizce-bulusmalari","status":"publish","type":"post","link":"https:\/\/denizcankizil.tr\/uk\/haberler\/gundem\/antalya-muratpasada-ingilizce-bulusmalari\/","title":{"rendered":"Antalya Muratpa\u015fa\u2019da \u0130ngilizce bulu\u015fmalar\u0131"},"content":{"rendered":"<p>Antalya\u2019da Muratpa\u015fa Belediyesi\u2019nin, il\u00e7ede ya\u015fayanlar\u0131n \u0130ngilizce konu\u015fma becerilerini geli\u015ftirmesi i\u00e7in kafe konseptiyle ba\u015flatt\u0131\u011f\u0131 \u00fccretsiz \u0130ngilizce Konu\u015fma Kul\u00fcb\u00fc, ilk haftas\u0131n\u0131 tamamlad\u0131.ANTALYA (\u0130GFA) &#8211;\u00a0\u00c7evre Ekonomi ve Toplum Ara\u015ft\u0131rmalar\u0131 Derne\u011fi (\u00c7ETADER) ve Mart\u0131 Gen\u00e7lik Derne\u011fi (MAGEND) i\u015fbirli\u011fiyle hayata ge\u00e7irilen program, Prof. Dr. Erdal \u0130n\u00f6n\u00fc Kent Park\u0131\u2019ndaki K\u00fclt\u00fcr Kafe\u2019de d\u00fczenleniyor. Kat\u0131l\u0131mc\u0131lar\u0131n \u0130ngilizce prati\u011fi yaparak \u00f6zg\u00fcven kazanmalar\u0131n\u0131 ama\u00e7layan kul\u00fcp, interaktif aktiviteler, tart\u0131\u015fmalar ve grup \u00e7al\u0131\u015fmalar\u0131yla hem dil becerilerini hem de sosyal etkile\u015fimi g\u00fc\u00e7lendirmeyi hedefliyor.<br \/>\nProgram i\u00e7in kafede \u00f6zel olarak olu\u015fturulan \u201cLanguage Lounge\u201d k\u00f6\u015fesi, kat\u0131l\u0131mc\u0131lara s\u0131cak ve samimi bir ortam sunuyor. G\u00f6n\u00fcll\u00fcl\u00fck esas\u0131na dayal\u0131 kul\u00fcp, b\u00fcy\u00fck ilgi g\u00f6rd\u00fc ve yo\u011fun ba\u015fvuru ald\u0131. Kat\u0131l\u0131mc\u0131lar, ya\u015f, cinsiyet ve dil seviyelerine g\u00f6re belirlenerek gruplara ayr\u0131ld\u0131.<br \/>\nToplam d\u00f6rt hafta s\u00fcrecek \u0130ngilizce Konu\u015fma Kul\u00fcb\u00fc, her \u00e7ar\u015famba ve per\u015fembe g\u00fcnleri 20.00-21.30 saatleri aras\u0131nda K\u00fclt\u00fcr Kafe\u2019de devam edecek.<\/p>\n<p>\u200bAntalya\u2019da Muratpa\u015fa Belediyesi\u2019nin, il\u00e7ede ya\u015fayanlar\u0131n \u0130ngilizce konu\u015fma becerilerini geli\u015ftirmesi i\u00e7in kafe konseptiyle ba\u015flatt\u0131\u011f\u0131 \u00fccretsiz \u0130ngilizce Konu\u015fma Kul\u00fcb\u00fc, ilk haftas\u0131n\u0131 tamamlad\u0131.ANTALYA (\u0130GFA) &#8211;\u00a0\u00c7evre Ekonomi ve Toplum Ara\u015ft\u0131rmalar\u0131 Derne\u011fi (\u00c7ETADER) ve Mart\u0131 Gen\u00e7lik Derne\u011fi (MAGEND) i\u015fbirli\u011fiyle hayata ge\u00e7irilen program, Prof. Dr. Erdal \u0130n\u00f6n\u00fc Kent Park\u0131\u2019ndaki K\u00fclt\u00fcr Kafe\u2019de d\u00fczenleniyor. Kat\u0131l\u0131mc\u0131lar\u0131n \u0130ngilizce prati\u011fi yaparak \u00f6zg\u00fcven kazanmalar\u0131n\u0131 ama\u00e7layan kul\u00fcp, interaktif aktiviteler, tart\u0131\u015fmalar ve grup \u00e7al\u0131\u015fmalar\u0131yla hem dil becerilerini hem de sosyal etkile\u015fimi g\u00fc\u00e7lendirmeyi hedefliyor.<br \/>\nProgram i\u00e7in kafede \u00f6zel olarak olu\u015fturulan \u201cLanguage Lounge\u201d k\u00f6\u015fesi, kat\u0131l\u0131mc\u0131lara s\u0131cak ve samimi bir ortam sunuyor. G\u00f6n\u00fcll\u00fcl\u00fck esas\u0131na dayal\u0131 kul\u00fcp, b\u00fcy\u00fck ilgi g\u00f6rd\u00fc ve yo\u011fun ba\u015fvuru ald\u0131. Kat\u0131l\u0131mc\u0131lar, ya\u015f, cinsiyet ve dil seviyelerine g\u00f6re belirlenerek gruplara ayr\u0131ld\u0131.<br \/>\nToplam d\u00f6rt hafta s\u00fcrecek \u0130ngilizce Konu\u015fma Kul\u00fcb\u00fc, her \u00e7ar\u015famba ve per\u015fembe g\u00fcnleri 20.00-21.30 saatleri aras\u0131nda K\u00fclt\u00fcr Kafe\u2019de devam edecek.\u00a0<\/p>\n<p>\u200bHaberin Al\u0131nt\u0131land\u0131\u011f\u0131 Kaynak: www.iskenderun.org<\/p>","protected":false},"excerpt":{"rendered":"<p>Antalya\u2019da Muratpa\u015fa Belediyesi\u2019nin, il\u00e7ede ya\u015fayanlar\u0131n \u0130ngilizce konu\u015fma becerilerini geli\u015ftirmesi i\u00e7in kafe konseptiyle ba\u015flatt\u0131\u011f\u0131 \u00fccretsiz \u0130ngilizce Konu\u015fma Kul\u00fcb\u00fc, ilk haftas\u0131n\u0131 tamamlad\u0131.ANTALYA (\u0130GFA) &#8211;\u00a0\u00c7evre Ekonomi ve Toplum Ara\u015ft\u0131rmalar\u0131 Derne\u011fi (\u00c7ETADER) ve Mart\u0131 Gen\u00e7lik Derne\u011fi (MAGEND) i\u015fbirli\u011fiyle hayata ge\u00e7irilen program, Prof. Dr. Erdal \u0130n\u00f6n\u00fc Kent Park\u0131\u2019ndaki K\u00fclt\u00fcr Kafe\u2019de d\u00fczenleniyor. Kat\u0131l\u0131mc\u0131lar\u0131n \u0130ngilizce prati\u011fi yaparak \u00f6zg\u00fcven kazanmalar\u0131n\u0131 ama\u00e7layan kul\u00fcp, interaktif aktiviteler, tart\u0131\u015fmalar ve grup \u00e7al\u0131\u015fmalar\u0131yla hem dil becerilerini hem de sosyal etkile\u015fimi g\u00fc\u00e7lendirmeyi hedefliyor. Program i\u00e7in kafede \u00f6zel olarak olu\u015fturulan \u201cLanguage Lounge\u201d k\u00f6\u015fesi, kat\u0131l\u0131mc\u0131lara s\u0131cak ve samimi bir ortam sunuyor. G\u00f6n\u00fcll\u00fcl\u00fck esas\u0131na dayal\u0131 kul\u00fcp, b\u00fcy\u00fck ilgi g\u00f6rd\u00fc ve yo\u011fun ba\u015fvuru ald\u0131. Kat\u0131l\u0131mc\u0131lar, ya\u015f, cinsiyet ve dil seviyelerine g\u00f6re belirlenerek gruplara ayr\u0131ld\u0131. Toplam d\u00f6rt hafta s\u00fcrecek \u0130ngilizce Konu\u015fma Kul\u00fcb\u00fc, her \u00e7ar\u015famba ve per\u015fembe g\u00fcnleri 20.00-21.30 saatleri aras\u0131nda K\u00fclt\u00fcr Kafe\u2019de devam edecek. \u200bAntalya\u2019da Muratpa\u015fa Belediyesi\u2019nin, il\u00e7ede ya\u015fayanlar\u0131n \u0130ngilizce konu\u015fma becerilerini geli\u015ftirmesi i\u00e7in kafe konseptiyle ba\u015flatt\u0131\u011f\u0131 \u00fccretsiz \u0130ngilizce Konu\u015fma Kul\u00fcb\u00fc, ilk haftas\u0131n\u0131 tamamlad\u0131.ANTALYA (\u0130GFA) &#8211;\u00a0\u00c7evre Ekonomi ve Toplum Ara\u015ft\u0131rmalar\u0131 Derne\u011fi (\u00c7ETADER) ve Mart\u0131 Gen\u00e7lik Derne\u011fi (MAGEND) i\u015fbirli\u011fiyle hayata ge\u00e7irilen program, Prof. Dr. Erdal \u0130n\u00f6n\u00fc Kent Park\u0131\u2019ndaki K\u00fclt\u00fcr Kafe\u2019de d\u00fczenleniyor. Kat\u0131l\u0131mc\u0131lar\u0131n \u0130ngilizce prati\u011fi yaparak \u00f6zg\u00fcven kazanmalar\u0131n\u0131 ama\u00e7layan kul\u00fcp, interaktif aktiviteler, tart\u0131\u015fmalar ve grup \u00e7al\u0131\u015fmalar\u0131yla hem dil becerilerini hem de sosyal etkile\u015fimi g\u00fc\u00e7lendirmeyi hedefliyor. Program i\u00e7in kafede \u00f6zel olarak olu\u015fturulan &hellip;<\/p>","protected":false},"author":1,"featured_media":0,"comment_status":"open","ping_status":"open","sticky":false,"template":"","format":"standard","meta":{"_acf_changed":false,"footnotes":""},"categories":[24],"tags":[],"class_list":["post-32685","post","type-post","status-publish","format-standard","has-post-thumbnail","hentry","category-gundem"],"acf":[],"yoast_head":"<!-- This site is optimized with the Yoast SEO Premium plugin v26.6 (Yoast SEO v27.1.1) - https:\/\/yoast.com\/product\/yoast-seo-premium-wordpress\/ -->\n<title>Antalya Muratpa\u015fa\u2019da \u0130ngilizce bulu\u015fmalar\u0131 - Av. Deniz Can K\u0131z\u0131l<\/title>\n<meta name=\"robots\" content=\"index, follow, max-snippet:-1, max-image-preview:large, max-video-preview:-1\" \/>\n<link rel=\"canonical\" href=\"https:\/\/denizcankizil.tr\/uk\/haberler\/gundem\/antalya-muratpasada-ingilizce-bulusmalari\/\" \/>\n<meta property=\"og:locale\" content=\"uk_UA\" \/>\n<meta property=\"og:type\" content=\"article\" \/>\n<meta property=\"og:title\" content=\"Antalya Muratpa\u015fa\u2019da \u0130ngilizce bulu\u015fmalar\u0131\" \/>\n<meta property=\"og:description\" content=\"Antalya\u2019da Muratpa\u015fa Belediyesi\u2019nin, il\u00e7ede ya\u015fayanlar\u0131n \u0130ngilizce konu\u015fma becerilerini geli\u015ftirmesi i\u00e7in kafe konseptiyle ba\u015flatt\u0131\u011f\u0131 \u00fccretsiz \u0130ngilizce Konu\u015fma Kul\u00fcb\u00fc, ilk haftas\u0131n\u0131 tamamlad\u0131.ANTALYA (\u0130GFA) &#8211;\u00a0\u00c7evre Ekonomi ve Toplum Ara\u015ft\u0131rmalar\u0131 Derne\u011fi (\u00c7ETADER) ve Mart\u0131 Gen\u00e7lik Derne\u011fi (MAGEND) i\u015fbirli\u011fiyle hayata ge\u00e7irilen program, Prof. Dr. Erdal \u0130n\u00f6n\u00fc Kent Park\u0131\u2019ndaki K\u00fclt\u00fcr Kafe\u2019de d\u00fczenleniyor. Kat\u0131l\u0131mc\u0131lar\u0131n \u0130ngilizce prati\u011fi yaparak \u00f6zg\u00fcven kazanmalar\u0131n\u0131 ama\u00e7layan kul\u00fcp, interaktif aktiviteler, tart\u0131\u015fmalar ve grup \u00e7al\u0131\u015fmalar\u0131yla hem dil becerilerini hem de sosyal etkile\u015fimi g\u00fc\u00e7lendirmeyi hedefliyor. Program i\u00e7in kafede \u00f6zel olarak olu\u015fturulan \u201cLanguage Lounge\u201d k\u00f6\u015fesi, kat\u0131l\u0131mc\u0131lara s\u0131cak ve samimi bir ortam sunuyor. G\u00f6n\u00fcll\u00fcl\u00fck esas\u0131na dayal\u0131 kul\u00fcp, b\u00fcy\u00fck ilgi g\u00f6rd\u00fc ve yo\u011fun ba\u015fvuru ald\u0131. Kat\u0131l\u0131mc\u0131lar, ya\u015f, cinsiyet ve dil seviyelerine g\u00f6re belirlenerek gruplara ayr\u0131ld\u0131. Toplam d\u00f6rt hafta s\u00fcrecek \u0130ngilizce Konu\u015fma Kul\u00fcb\u00fc, her \u00e7ar\u015famba ve per\u015fembe g\u00fcnleri 20.00-21.30 saatleri aras\u0131nda K\u00fclt\u00fcr Kafe\u2019de devam edecek. \u200bAntalya\u2019da Muratpa\u015fa Belediyesi\u2019nin, il\u00e7ede ya\u015fayanlar\u0131n \u0130ngilizce konu\u015fma becerilerini geli\u015ftirmesi i\u00e7in kafe konseptiyle ba\u015flatt\u0131\u011f\u0131 \u00fccretsiz \u0130ngilizce Konu\u015fma Kul\u00fcb\u00fc, ilk haftas\u0131n\u0131 tamamlad\u0131.ANTALYA (\u0130GFA) &#8211;\u00a0\u00c7evre Ekonomi ve Toplum Ara\u015ft\u0131rmalar\u0131 Derne\u011fi (\u00c7ETADER) ve Mart\u0131 Gen\u00e7lik Derne\u011fi (MAGEND) i\u015fbirli\u011fiyle hayata ge\u00e7irilen program, Prof. Dr. Erdal \u0130n\u00f6n\u00fc Kent Park\u0131\u2019ndaki K\u00fclt\u00fcr Kafe\u2019de d\u00fczenleniyor. Kat\u0131l\u0131mc\u0131lar\u0131n \u0130ngilizce prati\u011fi yaparak \u00f6zg\u00fcven kazanmalar\u0131n\u0131 ama\u00e7layan kul\u00fcp, interaktif aktiviteler, tart\u0131\u015fmalar ve grup \u00e7al\u0131\u015fmalar\u0131yla hem dil becerilerini hem de sosyal etkile\u015fimi g\u00fc\u00e7lendirmeyi hedefliyor. Program i\u00e7in kafede \u00f6zel olarak olu\u015fturulan &hellip;\" \/>\n<meta property=\"og:url\" content=\"https:\/\/denizcankizil.tr\/uk\/haberler\/gundem\/antalya-muratpasada-ingilizce-bulusmalari\/\" \/>\n<meta property=\"og:site_name\" content=\"Av. Deniz Can K\u0131z\u0131l\" \/>\n<meta property=\"article:published_time\" content=\"2025-02-14T08:42:18+00:00\" \/>\n<meta name=\"author\" content=\"admin\" \/>\n<meta name=\"twitter:card\" content=\"summary_large_image\" \/>\n<meta name=\"twitter:label1\" content=\"\u041d\u0430\u043f\u0438\u0441\u0430\u043d\u043e\" \/>\n\t<meta name=\"twitter:data1\" content=\"admin\" \/>\n\t<meta name=\"twitter:label2\" content=\"\u041f\u0440\u0438\u0431\u043b. \u0447\u0430\u0441 \u0447\u0438\u0442\u0430\u043d\u043d\u044f\" \/>\n\t<meta name=\"twitter:data2\" content=\"2 \u0445\u0432\u0438\u043b\u0438\u043d\u0438\" \/>\n<script type=\"application\/ld+json\" class=\"yoast-schema-graph\">{\"@context\":\"https:\/\/schema.org\",\"@graph\":[{\"@type\":\"Article\",\"@id\":\"https:\/\/denizcankizil.tr\/ru\/haberler\/gundem\/antalya-muratpasada-ingilizce-bulusmalari\/#article\",\"isPartOf\":{\"@id\":\"https:\/\/denizcankizil.tr\/ru\/haberler\/gundem\/antalya-muratpasada-ingilizce-bulusmalari\/\"},\"author\":{\"name\":\"admin\",\"@id\":\"https:\/\/denizcankizil.tr\/de\/#\/schema\/person\/be3c05fe6a12686905512445d8185489\"},\"headline\":\"Antalya Muratpa\u015fa\u2019da \u0130ngilizce bulu\u015fmalar\u0131\",\"datePublished\":\"2025-02-14T08:42:18+00:00\",\"mainEntityOfPage\":{\"@id\":\"https:\/\/denizcankizil.tr\/ru\/haberler\/gundem\/antalya-muratpasada-ingilizce-bulusmalari\/\"},\"wordCount\":419,\"commentCount\":0,\"publisher\":{\"@id\":\"https:\/\/denizcankizil.tr\/de\/#organization\"},\"articleSection\":[\"G\u00fcndem\"],\"inLanguage\":\"uk\",\"potentialAction\":[{\"@type\":\"CommentAction\",\"name\":\"Comment\",\"target\":[\"https:\/\/denizcankizil.tr\/ru\/haberler\/gundem\/antalya-muratpasada-ingilizce-bulusmalari\/#respond\"]}]},{\"@type\":\"WebPage\",\"@id\":\"https:\/\/denizcankizil.tr\/ru\/haberler\/gundem\/antalya-muratpasada-ingilizce-bulusmalari\/\",\"url\":\"https:\/\/denizcankizil.tr\/ru\/haberler\/gundem\/antalya-muratpasada-ingilizce-bulusmalari\/\",\"name\":\"Antalya Muratpa\u015fa\u2019da \u0130ngilizce bulu\u015fmalar\u0131 - Av. Deniz Can K\u0131z\u0131l\",\"isPartOf\":{\"@id\":\"https:\/\/denizcankizil.tr\/de\/#website\"},\"datePublished\":\"2025-02-14T08:42:18+00:00\",\"breadcrumb\":{\"@id\":\"https:\/\/denizcankizil.tr\/ru\/haberler\/gundem\/antalya-muratpasada-ingilizce-bulusmalari\/#breadcrumb\"},\"inLanguage\":\"uk\",\"potentialAction\":[{\"@type\":\"ReadAction\",\"target\":[\"https:\/\/denizcankizil.tr\/ru\/haberler\/gundem\/antalya-muratpasada-ingilizce-bulusmalari\/\"]}]},{\"@type\":\"BreadcrumbList\",\"@id\":\"https:\/\/denizcankizil.tr\/ru\/haberler\/gundem\/antalya-muratpasada-ingilizce-bulusmalari\/#breadcrumb\",\"itemListElement\":[{\"@type\":\"ListItem\",\"position\":1,\"name\":\"Home\",\"item\":\"https:\/\/denizcankizil.tr\/de\/\"},{\"@type\":\"ListItem\",\"position\":2,\"name\":\"Antalya Muratpa\u015fa\u2019da \u0130ngilizce bulu\u015fmalar\u0131\"}]},{\"@type\":\"WebSite\",\"@id\":\"https:\/\/denizcankizil.tr\/de\/#website\",\"url\":\"https:\/\/denizcankizil.tr\/de\/\",\"name\":\"Av. Deniz Can K\u0131z\u0131l\",\"description\":\"Avukat Deniz Can K\u0131z\u0131l Antalya Barosu\",\"publisher\":{\"@id\":\"https:\/\/denizcankizil.tr\/de\/#organization\"},\"potentialAction\":[{\"@type\":\"SearchAction\",\"target\":{\"@type\":\"EntryPoint\",\"urlTemplate\":\"https:\/\/denizcankizil.tr\/de\/?s={search_term_string}\"},\"query-input\":{\"@type\":\"PropertyValueSpecification\",\"valueRequired\":true,\"valueName\":\"search_term_string\"}}],\"inLanguage\":\"uk\"},{\"@type\":\"Organization\",\"@id\":\"https:\/\/denizcankizil.tr\/de\/#organization\",\"name\":\"Av. Deniz Can K\u0131z\u0131l\",\"url\":\"https:\/\/denizcankizil.tr\/de\/\",\"logo\":{\"@type\":\"ImageObject\",\"inLanguage\":\"uk\",\"@id\":\"https:\/\/denizcankizil.tr\/de\/#\/schema\/logo\/image\/\",\"url\":\"https:\/\/denizcankizil.tr\/wp-content\/uploads\/2024\/10\/siyah-logo-svg.svg\",\"contentUrl\":\"https:\/\/denizcankizil.tr\/wp-content\/uploads\/2024\/10\/siyah-logo-svg.svg\",\"width\":1080,\"height\":1080,\"caption\":\"Av. Deniz Can K\u0131z\u0131l\"},\"image\":{\"@id\":\"https:\/\/denizcankizil.tr\/de\/#\/schema\/logo\/image\/\"}},{\"@type\":\"Person\",\"@id\":\"https:\/\/denizcankizil.tr\/de\/#\/schema\/person\/be3c05fe6a12686905512445d8185489\",\"name\":\"admin\",\"image\":{\"@type\":\"ImageObject\",\"inLanguage\":\"uk\",\"@id\":\"https:\/\/denizcankizil.tr\/de\/#\/schema\/person\/image\/\",\"url\":\"https:\/\/secure.gravatar.com\/avatar\/c1fce94c830dc79107e174f890d7210541c4a63e8e5d816341794a2151c9d58c?s=96&d=mm&r=g\",\"contentUrl\":\"https:\/\/secure.gravatar.com\/avatar\/c1fce94c830dc79107e174f890d7210541c4a63e8e5d816341794a2151c9d58c?s=96&d=mm&r=g\",\"caption\":\"admin\"},\"sameAs\":[\"http:\/\/denizcankizil.tr\"],\"url\":\"https:\/\/www.iskenderun.org\/antalya-muratpasada-ingilizce-bulusmalari\"}]}<\/script>\n<!-- \/ Yoast SEO Premium plugin. -->","yoast_head_json":{"title":"Antalya Muratpa\u015fa\u2019da \u0130ngilizce bulu\u015fmalar\u0131 - Av. Deniz Can K\u0131z\u0131l","robots":{"index":"index","follow":"follow","max-snippet":"max-snippet:-1","max-image-preview":"max-image-preview:large","max-video-preview":"max-video-preview:-1"},"canonical":"https:\/\/denizcankizil.tr\/uk\/haberler\/gundem\/antalya-muratpasada-ingilizce-bulusmalari\/","og_locale":"uk_UA","og_type":"article","og_title":"Antalya Muratpa\u015fa\u2019da \u0130ngilizce bulu\u015fmalar\u0131","og_description":"Antalya\u2019da Muratpa\u015fa Belediyesi\u2019nin, il\u00e7ede ya\u015fayanlar\u0131n \u0130ngilizce konu\u015fma becerilerini geli\u015ftirmesi i\u00e7in kafe konseptiyle ba\u015flatt\u0131\u011f\u0131 \u00fccretsiz \u0130ngilizce Konu\u015fma Kul\u00fcb\u00fc, ilk haftas\u0131n\u0131 tamamlad\u0131.ANTALYA (\u0130GFA) &#8211;\u00a0\u00c7evre Ekonomi ve Toplum Ara\u015ft\u0131rmalar\u0131 Derne\u011fi (\u00c7ETADER) ve Mart\u0131 Gen\u00e7lik Derne\u011fi (MAGEND) i\u015fbirli\u011fiyle hayata ge\u00e7irilen program, Prof. Dr. Erdal \u0130n\u00f6n\u00fc Kent Park\u0131\u2019ndaki K\u00fclt\u00fcr Kafe\u2019de d\u00fczenleniyor. Kat\u0131l\u0131mc\u0131lar\u0131n \u0130ngilizce prati\u011fi yaparak \u00f6zg\u00fcven kazanmalar\u0131n\u0131 ama\u00e7layan kul\u00fcp, interaktif aktiviteler, tart\u0131\u015fmalar ve grup \u00e7al\u0131\u015fmalar\u0131yla hem dil becerilerini hem de sosyal etkile\u015fimi g\u00fc\u00e7lendirmeyi hedefliyor. Program i\u00e7in kafede \u00f6zel olarak olu\u015fturulan \u201cLanguage Lounge\u201d k\u00f6\u015fesi, kat\u0131l\u0131mc\u0131lara s\u0131cak ve samimi bir ortam sunuyor. G\u00f6n\u00fcll\u00fcl\u00fck esas\u0131na dayal\u0131 kul\u00fcp, b\u00fcy\u00fck ilgi g\u00f6rd\u00fc ve yo\u011fun ba\u015fvuru ald\u0131. Kat\u0131l\u0131mc\u0131lar, ya\u015f, cinsiyet ve dil seviyelerine g\u00f6re belirlenerek gruplara ayr\u0131ld\u0131. Toplam d\u00f6rt hafta s\u00fcrecek \u0130ngilizce Konu\u015fma Kul\u00fcb\u00fc, her \u00e7ar\u015famba ve per\u015fembe g\u00fcnleri 20.00-21.30 saatleri aras\u0131nda K\u00fclt\u00fcr Kafe\u2019de devam edecek. \u200bAntalya\u2019da Muratpa\u015fa Belediyesi\u2019nin, il\u00e7ede ya\u015fayanlar\u0131n \u0130ngilizce konu\u015fma becerilerini geli\u015ftirmesi i\u00e7in kafe konseptiyle ba\u015flatt\u0131\u011f\u0131 \u00fccretsiz \u0130ngilizce Konu\u015fma Kul\u00fcb\u00fc, ilk haftas\u0131n\u0131 tamamlad\u0131.ANTALYA (\u0130GFA) &#8211;\u00a0\u00c7evre Ekonomi ve Toplum Ara\u015ft\u0131rmalar\u0131 Derne\u011fi (\u00c7ETADER) ve Mart\u0131 Gen\u00e7lik Derne\u011fi (MAGEND) i\u015fbirli\u011fiyle hayata ge\u00e7irilen program, Prof. Dr. Erdal \u0130n\u00f6n\u00fc Kent Park\u0131\u2019ndaki K\u00fclt\u00fcr Kafe\u2019de d\u00fczenleniyor. Kat\u0131l\u0131mc\u0131lar\u0131n \u0130ngilizce prati\u011fi yaparak \u00f6zg\u00fcven kazanmalar\u0131n\u0131 ama\u00e7layan kul\u00fcp, interaktif aktiviteler, tart\u0131\u015fmalar ve grup \u00e7al\u0131\u015fmalar\u0131yla hem dil becerilerini hem de sosyal etkile\u015fimi g\u00fc\u00e7lendirmeyi hedefliyor. Program i\u00e7in kafede \u00f6zel olarak olu\u015fturulan &hellip;","og_url":"https:\/\/denizcankizil.tr\/uk\/haberler\/gundem\/antalya-muratpasada-ingilizce-bulusmalari\/","og_site_name":"Av. Deniz Can K\u0131z\u0131l","article_published_time":"2025-02-14T08:42:18+00:00","author":"admin","twitter_card":"summary_large_image","twitter_misc":{"\u041d\u0430\u043f\u0438\u0441\u0430\u043d\u043e":"admin","\u041f\u0440\u0438\u0431\u043b. \u0447\u0430\u0441 \u0447\u0438\u0442\u0430\u043d\u043d\u044f":"2 \u0445\u0432\u0438\u043b\u0438\u043d\u0438"},"schema":{"@context":"https:\/\/schema.org","@graph":[{"@type":"Article","@id":"https:\/\/denizcankizil.tr\/ru\/haberler\/gundem\/antalya-muratpasada-ingilizce-bulusmalari\/#article","isPartOf":{"@id":"https:\/\/denizcankizil.tr\/ru\/haberler\/gundem\/antalya-muratpasada-ingilizce-bulusmalari\/"},"author":{"name":"admin","@id":"https:\/\/denizcankizil.tr\/de\/#\/schema\/person\/be3c05fe6a12686905512445d8185489"},"headline":"Antalya Muratpa\u015fa\u2019da \u0130ngilizce bulu\u015fmalar\u0131","datePublished":"2025-02-14T08:42:18+00:00","mainEntityOfPage":{"@id":"https:\/\/denizcankizil.tr\/ru\/haberler\/gundem\/antalya-muratpasada-ingilizce-bulusmalari\/"},"wordCount":419,"commentCount":0,"publisher":{"@id":"https:\/\/denizcankizil.tr\/de\/#organization"},"articleSection":["G\u00fcndem"],"inLanguage":"uk","potentialAction":[{"@type":"CommentAction","name":"Comment","target":["https:\/\/denizcankizil.tr\/ru\/haberler\/gundem\/antalya-muratpasada-ingilizce-bulusmalari\/#respond"]}]},{"@type":"WebPage","@id":"https:\/\/denizcankizil.tr\/ru\/haberler\/gundem\/antalya-muratpasada-ingilizce-bulusmalari\/","url":"https:\/\/denizcankizil.tr\/ru\/haberler\/gundem\/antalya-muratpasada-ingilizce-bulusmalari\/","name":"Antalya Muratpa\u015fa\u2019da \u0130ngilizce bulu\u015fmalar\u0131 - Av. Deniz Can K\u0131z\u0131l","isPartOf":{"@id":"https:\/\/denizcankizil.tr\/de\/#website"},"datePublished":"2025-02-14T08:42:18+00:00","breadcrumb":{"@id":"https:\/\/denizcankizil.tr\/ru\/haberler\/gundem\/antalya-muratpasada-ingilizce-bulusmalari\/#breadcrumb"},"inLanguage":"uk","potentialAction":[{"@type":"ReadAction","target":["https:\/\/denizcankizil.tr\/ru\/haberler\/gundem\/antalya-muratpasada-ingilizce-bulusmalari\/"]}]},{"@type":"BreadcrumbList","@id":"https:\/\/denizcankizil.tr\/ru\/haberler\/gundem\/antalya-muratpasada-ingilizce-bulusmalari\/#breadcrumb","itemListElement":[{"@type":"ListItem","position":1,"name":"Home","item":"https:\/\/denizcankizil.tr\/de\/"},{"@type":"ListItem","position":2,"name":"Antalya Muratpa\u015fa\u2019da \u0130ngilizce bulu\u015fmalar\u0131"}]},{"@type":"WebSite","@id":"https:\/\/denizcankizil.tr\/de\/#website","url":"https:\/\/denizcankizil.tr\/de\/","name":"Av. Deniz Can K\u0131z\u0131l","description":"Avukat Deniz Can K\u0131z\u0131l Antalya Barosu","publisher":{"@id":"https:\/\/denizcankizil.tr\/de\/#organization"},"potentialAction":[{"@type":"SearchAction","target":{"@type":"EntryPoint","urlTemplate":"https:\/\/denizcankizil.tr\/de\/?s={search_term_string}"},"query-input":{"@type":"PropertyValueSpecification","valueRequired":true,"valueName":"search_term_string"}}],"inLanguage":"uk"},{"@type":"Organization","@id":"https:\/\/denizcankizil.tr\/de\/#organization","name":"Av. Deniz Can K\u0131z\u0131l","url":"https:\/\/denizcankizil.tr\/de\/","logo":{"@type":"ImageObject","inLanguage":"uk","@id":"https:\/\/denizcankizil.tr\/de\/#\/schema\/logo\/image\/","url":"https:\/\/denizcankizil.tr\/wp-content\/uploads\/2024\/10\/siyah-logo-svg.svg","contentUrl":"https:\/\/denizcankizil.tr\/wp-content\/uploads\/2024\/10\/siyah-logo-svg.svg","width":1080,"height":1080,"caption":"Av. Deniz Can K\u0131z\u0131l"},"image":{"@id":"https:\/\/denizcankizil.tr\/de\/#\/schema\/logo\/image\/"}},{"@type":"Person","@id":"https:\/\/denizcankizil.tr\/de\/#\/schema\/person\/be3c05fe6a12686905512445d8185489","name":"\u0430\u0434\u043c\u0456\u043d","image":{"@type":"ImageObject","inLanguage":"uk","@id":"https:\/\/denizcankizil.tr\/de\/#\/schema\/person\/image\/","url":"https:\/\/secure.gravatar.com\/avatar\/c1fce94c830dc79107e174f890d7210541c4a63e8e5d816341794a2151c9d58c?s=96&d=mm&r=g","contentUrl":"https:\/\/secure.gravatar.com\/avatar\/c1fce94c830dc79107e174f890d7210541c4a63e8e5d816341794a2151c9d58c?s=96&d=mm&r=g","caption":"admin"},"sameAs":["http:\/\/denizcankizil.tr"],"url":"https:\/\/www.iskenderun.org\/antalya-muratpasada-ingilizce-bulusmalari"}]}},"_links":{"self":[{"href":"https:\/\/denizcankizil.tr\/uk\/wp-json\/wp\/v2\/posts\/32685","targetHints":{"allow":["GET"]}}],"collection":[{"href":"https:\/\/denizcankizil.tr\/uk\/wp-json\/wp\/v2\/posts"}],"about":[{"href":"https:\/\/denizcankizil.tr\/uk\/wp-json\/wp\/v2\/types\/post"}],"author":[{"embeddable":true,"href":"https:\/\/denizcankizil.tr\/uk\/wp-json\/wp\/v2\/users\/1"}],"replies":[{"embeddable":true,"href":"https:\/\/denizcankizil.tr\/uk\/wp-json\/wp\/v2\/comments?post=32685"}],"version-history":[{"count":0,"href":"https:\/\/denizcankizil.tr\/uk\/wp-json\/wp\/v2\/posts\/32685\/revisions"}],"wp:attachment":[{"href":"https:\/\/denizcankizil.tr\/uk\/wp-json\/wp\/v2\/media?parent=32685"}],"wp:term":[{"taxonomy":"category","embeddable":true,"href":"https:\/\/denizcankizil.tr\/uk\/wp-json\/wp\/v2\/categories?post=32685"},{"taxonomy":"post_tag","embeddable":true,"href":"https:\/\/denizcankizil.tr\/uk\/wp-json\/wp\/v2\/tags?post=32685"}],"curies":[{"name":"wp","href":"https:\/\/api.w.org\/{rel}","templated":true}]}}