{"id":32684,"date":"2025-02-14T11:42:17","date_gmt":"2025-02-14T08:42:17","guid":{"rendered":"https:\/\/denizcankizil.tr\/uncategorized-tr\/kocaelide-afet-bilinci-egitimi-veriliyor\/"},"modified":"2025-02-14T11:42:17","modified_gmt":"2025-02-14T08:42:17","slug":"kocaelide-afet-bilinci-egitimi-veriliyor","status":"publish","type":"post","link":"https:\/\/denizcankizil.tr\/uk\/haberler\/gundem\/kocaelide-afet-bilinci-egitimi-veriliyor\/","title":{"rendered":"Kocaeli&#8217;de afet bilinci e\u011fitimi veriliyor"},"content":{"rendered":"<p>Kocaeli B\u00fcy\u00fck\u015fehir Belediyesi olas\u0131 bir afet \u00f6ncesinde toplum bilinci olu\u015fturmak i\u00e7in \u201cAfet Fark\u0131ndal\u0131k E\u011fitimi\u201d veriyorKOCAEL\u0130 (\u0130GFA) &#8211; Kocaeli B\u00fcy\u00fck\u015fehir Belediyesi olas\u0131 bir afette toplum bilinci olu\u015fturmak i\u00e7in \u00e7al\u0131\u015fmalar\u0131n\u0131 s\u00fcrd\u00fcr\u00fcyor. Bu kapsamda Afet \u0130\u015fleri Dairesi Ba\u015fkanl\u0131\u011f\u0131, KO-MEK kursiyerlerine \u201cAfet Fark\u0131ndal\u0131k E\u011fitimi\u201d vererek, afet an\u0131nda ne yapmalar\u0131 gerekti\u011fi konusunda bilin\u00e7lenmelerini sa\u011flad\u0131.<br \/>\nHEDEF, AFETE HAZIR B\u0130R KOCAEL\u0130<br \/>\nKocaeli B\u00fcy\u00fck\u015fehir Belediyesi Afet \u0130\u015fleri Daire Ba\u015fkanl\u0131\u011f\u0131 \u015fehri olas\u0131 bir afete haz\u0131rlamak i\u00e7in \u00e7al\u0131\u015fmalar\u0131n\u0131 h\u0131z kesmeden s\u00fcrd\u00fcr\u00fcyor.\u00a017 A\u011fustos 1999 Marmara Depremi\u2019nin de merkez \u00fcss\u00fc olan Kocaeli\u2019nde fark\u0131ndal\u0131\u011f\u0131 art\u0131rmak i\u00e7in Afet \u0130\u015fleri Dairesi Ba\u015fkanl\u0131\u011f\u0131 taraf\u0131ndan 2025 y\u0131l\u0131 faaliyetleri kapsam\u0131nda KO-MEK kursiyerlerine \u201cAfet Fark\u0131ndal\u0131k E\u011fitimleri\u201d ger\u00e7ekle\u015ftiriliyor.\u00a0Yap\u0131lan e\u011fitim ve \u00e7al\u0131\u015fmalar ile afete haz\u0131r bir toplum olu\u015fturulmas\u0131 hedefleniyor.<br \/>\n36 FARKLI NOKTADA E\u011e\u0130T\u0130M<br \/>\nAfetlere dayan\u0131kl\u0131 bir toplum ve afetlere kar\u015f\u0131 bilin\u00e7li ve haz\u0131rl\u0131kl\u0131 bir Kocaeli hedefiyle \u00e7al\u0131\u015fan\u00a0Afet \u0130\u015fleri Dairesi Ba\u015fkanl\u0131\u011f\u0131, 36 farkl\u0131 noktada toplam bin 164 kursiyere afet fark\u0131ndal\u0131k e\u011fitimi verdi. Deprem \u00f6ncesinde, deprem an\u0131nda ve sonras\u0131nda neler yapmalar\u0131 gerekti\u011fi konusunda bilgilendirilen kursiyerler, bu sayede konuyla ilgili merak ettikleri sorular\u0131n cevab\u0131n\u0131 da buldu.<br \/>\nALINACAK TEDB\u0130RLER AKTARILDI<br \/>\nE\u011fitime kat\u0131lan kursiyerler, afetlere kar\u015f\u0131 haz\u0131rl\u0131k yapman\u0131n yan\u0131 s\u0131ra afet sonras\u0131 psikolojik destek konular\u0131nda da bilgilendirildi. E\u011fitimlerde bireylerin kriz an\u0131nda \u00e7ocuklar\u0131n, ya\u015fl\u0131lar\u0131n ve evcil hayvanlar\u0131n ihtiya\u00e7lar\u0131na nas\u0131l yan\u0131t vermeleri gerekti\u011fi, g\u00fcvenli toplanma alanlar\u0131n\u0131n \u00f6nceden belirlenmesi, afetzedelerin hem kendileri hem de aileleri i\u00e7in afet ve acil durumlara kar\u015f\u0131 almalar\u0131 gereken tedbirler aktar\u0131ld\u0131. Afetlere dayan\u0131kl\u0131 bir toplum ve afetlere kar\u015f\u0131 bilin\u00e7li ve haz\u0131rl\u0131kl\u0131 bir Kocaeli hedefiyle \u00e7al\u0131\u015fmalar\u0131n\u0131 y\u00fcr\u00fcten\u00a0Afet \u0130\u015fleri Dairesi Ba\u015fkanl\u0131\u011f\u0131, afet fark\u0131ndal\u0131k e\u011fitimleri ve tatbikatlar\u0131na \u00f6n\u00fcm\u00fczdeki g\u00fcnlerde de devam edecek.<\/p>\n<p>\u200bKocaeli B\u00fcy\u00fck\u015fehir Belediyesi olas\u0131 bir afet \u00f6ncesinde toplum bilinci olu\u015fturmak i\u00e7in \u201cAfet Fark\u0131ndal\u0131k E\u011fitimi\u201d veriyorKOCAEL\u0130 (\u0130GFA) &#8211; Kocaeli B\u00fcy\u00fck\u015fehir Belediyesi olas\u0131 bir afette toplum bilinci olu\u015fturmak i\u00e7in \u00e7al\u0131\u015fmalar\u0131n\u0131 s\u00fcrd\u00fcr\u00fcyor. Bu kapsamda Afet \u0130\u015fleri Dairesi Ba\u015fkanl\u0131\u011f\u0131, KO-MEK kursiyerlerine \u201cAfet Fark\u0131ndal\u0131k E\u011fitimi\u201d vererek, afet an\u0131nda ne yapmalar\u0131 gerekti\u011fi konusunda bilin\u00e7lenmelerini sa\u011flad\u0131.<br \/>\nHEDEF, AFETE HAZIR B\u0130R KOCAEL\u0130<br \/>\nKocaeli B\u00fcy\u00fck\u015fehir Belediyesi Afet \u0130\u015fleri Daire Ba\u015fkanl\u0131\u011f\u0131 \u015fehri olas\u0131 bir afete haz\u0131rlamak i\u00e7in \u00e7al\u0131\u015fmalar\u0131n\u0131 h\u0131z kesmeden s\u00fcrd\u00fcr\u00fcyor.\u00a017 A\u011fustos 1999 Marmara Depremi\u2019nin de merkez \u00fcss\u00fc olan Kocaeli\u2019nde fark\u0131ndal\u0131\u011f\u0131 art\u0131rmak i\u00e7in Afet \u0130\u015fleri Dairesi Ba\u015fkanl\u0131\u011f\u0131 taraf\u0131ndan 2025 y\u0131l\u0131 faaliyetleri kapsam\u0131nda KO-MEK kursiyerlerine \u201cAfet Fark\u0131ndal\u0131k E\u011fitimleri\u201d ger\u00e7ekle\u015ftiriliyor.\u00a0Yap\u0131lan e\u011fitim ve \u00e7al\u0131\u015fmalar ile afete haz\u0131r bir toplum olu\u015fturulmas\u0131 hedefleniyor.<br \/>\n36 FARKLI NOKTADA E\u011e\u0130T\u0130M<br \/>\nAfetlere dayan\u0131kl\u0131 bir toplum ve afetlere kar\u015f\u0131 bilin\u00e7li ve haz\u0131rl\u0131kl\u0131 bir Kocaeli hedefiyle \u00e7al\u0131\u015fan\u00a0Afet \u0130\u015fleri Dairesi Ba\u015fkanl\u0131\u011f\u0131, 36 farkl\u0131 noktada toplam bin 164 kursiyere afet fark\u0131ndal\u0131k e\u011fitimi verdi. Deprem \u00f6ncesinde, deprem an\u0131nda ve sonras\u0131nda neler yapmalar\u0131 gerekti\u011fi konusunda bilgilendirilen kursiyerler, bu sayede konuyla ilgili merak ettikleri sorular\u0131n cevab\u0131n\u0131 da buldu.<br \/>\nALINACAK TEDB\u0130RLER AKTARILDI<br \/>\nE\u011fitime kat\u0131lan kursiyerler, afetlere kar\u015f\u0131 haz\u0131rl\u0131k yapman\u0131n yan\u0131 s\u0131ra afet sonras\u0131 psikolojik destek konular\u0131nda da bilgilendirildi. E\u011fitimlerde bireylerin kriz an\u0131nda \u00e7ocuklar\u0131n, ya\u015fl\u0131lar\u0131n ve evcil hayvanlar\u0131n ihtiya\u00e7lar\u0131na nas\u0131l yan\u0131t vermeleri gerekti\u011fi, g\u00fcvenli toplanma alanlar\u0131n\u0131n \u00f6nceden belirlenmesi, afetzedelerin hem kendileri hem de aileleri i\u00e7in afet ve acil durumlara kar\u015f\u0131 almalar\u0131 gereken tedbirler aktar\u0131ld\u0131. Afetlere dayan\u0131kl\u0131 bir toplum ve afetlere kar\u015f\u0131 bilin\u00e7li ve haz\u0131rl\u0131kl\u0131 bir Kocaeli hedefiyle \u00e7al\u0131\u015fmalar\u0131n\u0131 y\u00fcr\u00fcten\u00a0Afet \u0130\u015fleri Dairesi Ba\u015fkanl\u0131\u011f\u0131, afet fark\u0131ndal\u0131k e\u011fitimleri ve tatbikatlar\u0131na \u00f6n\u00fcm\u00fczdeki g\u00fcnlerde de devam edecek.\u00a0<\/p>\n<p>\u200bHaberin Al\u0131nt\u0131land\u0131\u011f\u0131 Kaynak: www.iskenderun.org<\/p>","protected":false},"excerpt":{"rendered":"<p>Kocaeli B\u00fcy\u00fck\u015fehir Belediyesi olas\u0131 bir afet \u00f6ncesinde toplum bilinci olu\u015fturmak i\u00e7in \u201cAfet Fark\u0131ndal\u0131k E\u011fitimi\u201d veriyorKOCAEL\u0130 (\u0130GFA) &#8211; Kocaeli B\u00fcy\u00fck\u015fehir Belediyesi olas\u0131 bir afette toplum bilinci olu\u015fturmak i\u00e7in \u00e7al\u0131\u015fmalar\u0131n\u0131 s\u00fcrd\u00fcr\u00fcyor. Bu kapsamda Afet \u0130\u015fleri Dairesi Ba\u015fkanl\u0131\u011f\u0131, KO-MEK kursiyerlerine \u201cAfet Fark\u0131ndal\u0131k E\u011fitimi\u201d vererek, afet an\u0131nda ne yapmalar\u0131 gerekti\u011fi konusunda bilin\u00e7lenmelerini sa\u011flad\u0131. HEDEF, AFETE HAZIR B\u0130R KOCAEL\u0130 Kocaeli B\u00fcy\u00fck\u015fehir Belediyesi Afet \u0130\u015fleri Daire Ba\u015fkanl\u0131\u011f\u0131 \u015fehri olas\u0131 bir afete haz\u0131rlamak i\u00e7in \u00e7al\u0131\u015fmalar\u0131n\u0131 h\u0131z kesmeden s\u00fcrd\u00fcr\u00fcyor.\u00a017 A\u011fustos 1999 Marmara Depremi\u2019nin de merkez \u00fcss\u00fc olan Kocaeli\u2019nde fark\u0131ndal\u0131\u011f\u0131 art\u0131rmak i\u00e7in Afet \u0130\u015fleri Dairesi Ba\u015fkanl\u0131\u011f\u0131 taraf\u0131ndan 2025 y\u0131l\u0131 faaliyetleri kapsam\u0131nda KO-MEK kursiyerlerine \u201cAfet Fark\u0131ndal\u0131k E\u011fitimleri\u201d ger\u00e7ekle\u015ftiriliyor.\u00a0Yap\u0131lan e\u011fitim ve \u00e7al\u0131\u015fmalar ile afete haz\u0131r bir toplum olu\u015fturulmas\u0131 hedefleniyor. 36 FARKLI NOKTADA E\u011e\u0130T\u0130M Afetlere dayan\u0131kl\u0131 bir toplum ve afetlere kar\u015f\u0131 bilin\u00e7li ve haz\u0131rl\u0131kl\u0131 bir Kocaeli hedefiyle \u00e7al\u0131\u015fan\u00a0Afet \u0130\u015fleri Dairesi Ba\u015fkanl\u0131\u011f\u0131, 36 farkl\u0131 noktada toplam bin 164 kursiyere afet fark\u0131ndal\u0131k e\u011fitimi verdi. Deprem \u00f6ncesinde, deprem an\u0131nda ve sonras\u0131nda neler yapmalar\u0131 gerekti\u011fi konusunda bilgilendirilen kursiyerler, bu sayede konuyla ilgili merak ettikleri sorular\u0131n cevab\u0131n\u0131 da buldu. ALINACAK TEDB\u0130RLER AKTARILDI E\u011fitime kat\u0131lan kursiyerler, afetlere kar\u015f\u0131 haz\u0131rl\u0131k yapman\u0131n yan\u0131 s\u0131ra afet sonras\u0131 psikolojik destek konular\u0131nda da bilgilendirildi. E\u011fitimlerde bireylerin kriz an\u0131nda \u00e7ocuklar\u0131n, ya\u015fl\u0131lar\u0131n ve evcil hayvanlar\u0131n ihtiya\u00e7lar\u0131na nas\u0131l yan\u0131t vermeleri gerekti\u011fi, g\u00fcvenli toplanma alanlar\u0131n\u0131n \u00f6nceden belirlenmesi, &hellip;<\/p>","protected":false},"author":1,"featured_media":0,"comment_status":"open","ping_status":"open","sticky":false,"template":"","format":"standard","meta":{"_acf_changed":false,"footnotes":""},"categories":[24],"tags":[],"class_list":["post-32684","post","type-post","status-publish","format-standard","has-post-thumbnail","hentry","category-gundem"],"acf":[],"yoast_head":"<!-- This site is optimized with the Yoast SEO Premium plugin v26.6 (Yoast SEO v27.1.1) - https:\/\/yoast.com\/product\/yoast-seo-premium-wordpress\/ -->\n<title>Kocaeli&#039;de afet bilinci e\u011fitimi veriliyor - Av. Deniz Can K\u0131z\u0131l<\/title>\n<meta name=\"robots\" content=\"index, follow, max-snippet:-1, max-image-preview:large, max-video-preview:-1\" \/>\n<link rel=\"canonical\" href=\"https:\/\/denizcankizil.tr\/uk\/haberler\/gundem\/kocaelide-afet-bilinci-egitimi-veriliyor\/\" \/>\n<meta property=\"og:locale\" content=\"uk_UA\" \/>\n<meta property=\"og:type\" content=\"article\" \/>\n<meta property=\"og:title\" content=\"Kocaeli&#039;de afet bilinci e\u011fitimi veriliyor\" \/>\n<meta property=\"og:description\" content=\"Kocaeli B\u00fcy\u00fck\u015fehir Belediyesi olas\u0131 bir afet \u00f6ncesinde toplum bilinci olu\u015fturmak i\u00e7in \u201cAfet Fark\u0131ndal\u0131k E\u011fitimi\u201d veriyorKOCAEL\u0130 (\u0130GFA) &#8211; Kocaeli B\u00fcy\u00fck\u015fehir Belediyesi olas\u0131 bir afette toplum bilinci olu\u015fturmak i\u00e7in \u00e7al\u0131\u015fmalar\u0131n\u0131 s\u00fcrd\u00fcr\u00fcyor. Bu kapsamda Afet \u0130\u015fleri Dairesi Ba\u015fkanl\u0131\u011f\u0131, KO-MEK kursiyerlerine \u201cAfet Fark\u0131ndal\u0131k E\u011fitimi\u201d vererek, afet an\u0131nda ne yapmalar\u0131 gerekti\u011fi konusunda bilin\u00e7lenmelerini sa\u011flad\u0131. HEDEF, AFETE HAZIR B\u0130R KOCAEL\u0130 Kocaeli B\u00fcy\u00fck\u015fehir Belediyesi Afet \u0130\u015fleri Daire Ba\u015fkanl\u0131\u011f\u0131 \u015fehri olas\u0131 bir afete haz\u0131rlamak i\u00e7in \u00e7al\u0131\u015fmalar\u0131n\u0131 h\u0131z kesmeden s\u00fcrd\u00fcr\u00fcyor.\u00a017 A\u011fustos 1999 Marmara Depremi\u2019nin de merkez \u00fcss\u00fc olan Kocaeli\u2019nde fark\u0131ndal\u0131\u011f\u0131 art\u0131rmak i\u00e7in Afet \u0130\u015fleri Dairesi Ba\u015fkanl\u0131\u011f\u0131 taraf\u0131ndan 2025 y\u0131l\u0131 faaliyetleri kapsam\u0131nda KO-MEK kursiyerlerine \u201cAfet Fark\u0131ndal\u0131k E\u011fitimleri\u201d ger\u00e7ekle\u015ftiriliyor.\u00a0Yap\u0131lan e\u011fitim ve \u00e7al\u0131\u015fmalar ile afete haz\u0131r bir toplum olu\u015fturulmas\u0131 hedefleniyor. 36 FARKLI NOKTADA E\u011e\u0130T\u0130M Afetlere dayan\u0131kl\u0131 bir toplum ve afetlere kar\u015f\u0131 bilin\u00e7li ve haz\u0131rl\u0131kl\u0131 bir Kocaeli hedefiyle \u00e7al\u0131\u015fan\u00a0Afet \u0130\u015fleri Dairesi Ba\u015fkanl\u0131\u011f\u0131, 36 farkl\u0131 noktada toplam bin 164 kursiyere afet fark\u0131ndal\u0131k e\u011fitimi verdi. Deprem \u00f6ncesinde, deprem an\u0131nda ve sonras\u0131nda neler yapmalar\u0131 gerekti\u011fi konusunda bilgilendirilen kursiyerler, bu sayede konuyla ilgili merak ettikleri sorular\u0131n cevab\u0131n\u0131 da buldu. ALINACAK TEDB\u0130RLER AKTARILDI E\u011fitime kat\u0131lan kursiyerler, afetlere kar\u015f\u0131 haz\u0131rl\u0131k yapman\u0131n yan\u0131 s\u0131ra afet sonras\u0131 psikolojik destek konular\u0131nda da bilgilendirildi. E\u011fitimlerde bireylerin kriz an\u0131nda \u00e7ocuklar\u0131n, ya\u015fl\u0131lar\u0131n ve evcil hayvanlar\u0131n ihtiya\u00e7lar\u0131na nas\u0131l yan\u0131t vermeleri gerekti\u011fi, g\u00fcvenli toplanma alanlar\u0131n\u0131n \u00f6nceden belirlenmesi, &hellip;\" \/>\n<meta property=\"og:url\" content=\"https:\/\/denizcankizil.tr\/uk\/haberler\/gundem\/kocaelide-afet-bilinci-egitimi-veriliyor\/\" \/>\n<meta property=\"og:site_name\" content=\"Av. Deniz Can K\u0131z\u0131l\" \/>\n<meta property=\"article:published_time\" content=\"2025-02-14T08:42:17+00:00\" \/>\n<meta name=\"author\" content=\"admin\" \/>\n<meta name=\"twitter:card\" content=\"summary_large_image\" \/>\n<meta name=\"twitter:label1\" content=\"\u041d\u0430\u043f\u0438\u0441\u0430\u043d\u043e\" \/>\n\t<meta name=\"twitter:data1\" content=\"admin\" \/>\n\t<meta name=\"twitter:label2\" content=\"\u041f\u0440\u0438\u0431\u043b. \u0447\u0430\u0441 \u0447\u0438\u0442\u0430\u043d\u043d\u044f\" \/>\n\t<meta name=\"twitter:data2\" content=\"4 \u0445\u0432\u0438\u043b\u0438\u043d\u0438\" \/>\n<script type=\"application\/ld+json\" class=\"yoast-schema-graph\">{\"@context\":\"https:\/\/schema.org\",\"@graph\":[{\"@type\":\"Article\",\"@id\":\"https:\/\/denizcankizil.tr\/uk\/haberler\/gundem\/kocaelide-afet-bilinci-egitimi-veriliyor\/#article\",\"isPartOf\":{\"@id\":\"https:\/\/denizcankizil.tr\/uk\/haberler\/gundem\/kocaelide-afet-bilinci-egitimi-veriliyor\/\"},\"author\":{\"name\":\"admin\",\"@id\":\"https:\/\/denizcankizil.tr\/de\/#\/schema\/person\/be3c05fe6a12686905512445d8185489\"},\"headline\":\"Kocaeli&#8217;de afet bilinci e\u011fitimi veriliyor\",\"datePublished\":\"2025-02-14T08:42:17+00:00\",\"mainEntityOfPage\":{\"@id\":\"https:\/\/denizcankizil.tr\/uk\/haberler\/gundem\/kocaelide-afet-bilinci-egitimi-veriliyor\/\"},\"wordCount\":731,\"commentCount\":0,\"publisher\":{\"@id\":\"https:\/\/denizcankizil.tr\/de\/#organization\"},\"articleSection\":[\"G\u00fcndem\"],\"inLanguage\":\"uk\",\"potentialAction\":[{\"@type\":\"CommentAction\",\"name\":\"Comment\",\"target\":[\"https:\/\/denizcankizil.tr\/uk\/haberler\/gundem\/kocaelide-afet-bilinci-egitimi-veriliyor\/#respond\"]}]},{\"@type\":\"WebPage\",\"@id\":\"https:\/\/denizcankizil.tr\/uk\/haberler\/gundem\/kocaelide-afet-bilinci-egitimi-veriliyor\/\",\"url\":\"https:\/\/denizcankizil.tr\/uk\/haberler\/gundem\/kocaelide-afet-bilinci-egitimi-veriliyor\/\",\"name\":\"Kocaeli'de afet bilinci e\u011fitimi veriliyor - Av. Deniz Can K\u0131z\u0131l\",\"isPartOf\":{\"@id\":\"https:\/\/denizcankizil.tr\/de\/#website\"},\"datePublished\":\"2025-02-14T08:42:17+00:00\",\"breadcrumb\":{\"@id\":\"https:\/\/denizcankizil.tr\/uk\/haberler\/gundem\/kocaelide-afet-bilinci-egitimi-veriliyor\/#breadcrumb\"},\"inLanguage\":\"uk\",\"potentialAction\":[{\"@type\":\"ReadAction\",\"target\":[\"https:\/\/denizcankizil.tr\/uk\/haberler\/gundem\/kocaelide-afet-bilinci-egitimi-veriliyor\/\"]}]},{\"@type\":\"BreadcrumbList\",\"@id\":\"https:\/\/denizcankizil.tr\/uk\/haberler\/gundem\/kocaelide-afet-bilinci-egitimi-veriliyor\/#breadcrumb\",\"itemListElement\":[{\"@type\":\"ListItem\",\"position\":1,\"name\":\"Home\",\"item\":\"https:\/\/denizcankizil.tr\/de\/\"},{\"@type\":\"ListItem\",\"position\":2,\"name\":\"Kocaeli&#8217;de afet bilinci e\u011fitimi veriliyor\"}]},{\"@type\":\"WebSite\",\"@id\":\"https:\/\/denizcankizil.tr\/de\/#website\",\"url\":\"https:\/\/denizcankizil.tr\/de\/\",\"name\":\"Av. Deniz Can K\u0131z\u0131l\",\"description\":\"Avukat Deniz Can K\u0131z\u0131l Antalya Barosu\",\"publisher\":{\"@id\":\"https:\/\/denizcankizil.tr\/de\/#organization\"},\"potentialAction\":[{\"@type\":\"SearchAction\",\"target\":{\"@type\":\"EntryPoint\",\"urlTemplate\":\"https:\/\/denizcankizil.tr\/de\/?s={search_term_string}\"},\"query-input\":{\"@type\":\"PropertyValueSpecification\",\"valueRequired\":true,\"valueName\":\"search_term_string\"}}],\"inLanguage\":\"uk\"},{\"@type\":\"Organization\",\"@id\":\"https:\/\/denizcankizil.tr\/de\/#organization\",\"name\":\"Av. Deniz Can K\u0131z\u0131l\",\"url\":\"https:\/\/denizcankizil.tr\/de\/\",\"logo\":{\"@type\":\"ImageObject\",\"inLanguage\":\"uk\",\"@id\":\"https:\/\/denizcankizil.tr\/de\/#\/schema\/logo\/image\/\",\"url\":\"https:\/\/denizcankizil.tr\/wp-content\/uploads\/2024\/10\/siyah-logo-svg.svg\",\"contentUrl\":\"https:\/\/denizcankizil.tr\/wp-content\/uploads\/2024\/10\/siyah-logo-svg.svg\",\"width\":1080,\"height\":1080,\"caption\":\"Av. Deniz Can K\u0131z\u0131l\"},\"image\":{\"@id\":\"https:\/\/denizcankizil.tr\/de\/#\/schema\/logo\/image\/\"}},{\"@type\":\"Person\",\"@id\":\"https:\/\/denizcankizil.tr\/de\/#\/schema\/person\/be3c05fe6a12686905512445d8185489\",\"name\":\"admin\",\"image\":{\"@type\":\"ImageObject\",\"inLanguage\":\"uk\",\"@id\":\"https:\/\/denizcankizil.tr\/de\/#\/schema\/person\/image\/\",\"url\":\"https:\/\/secure.gravatar.com\/avatar\/c1fce94c830dc79107e174f890d7210541c4a63e8e5d816341794a2151c9d58c?s=96&d=mm&r=g\",\"contentUrl\":\"https:\/\/secure.gravatar.com\/avatar\/c1fce94c830dc79107e174f890d7210541c4a63e8e5d816341794a2151c9d58c?s=96&d=mm&r=g\",\"caption\":\"admin\"},\"sameAs\":[\"http:\/\/denizcankizil.tr\"],\"url\":\"https:\/\/www.iskenderun.org\/kocaelide-afet-bilinci-egitimi-veriliyor\"}]}<\/script>\n<!-- \/ Yoast SEO Premium plugin. -->","yoast_head_json":{"title":"Kocaeli'de afet bilinci e\u011fitimi veriliyor - Av. Deniz Can K\u0131z\u0131l","robots":{"index":"index","follow":"follow","max-snippet":"max-snippet:-1","max-image-preview":"max-image-preview:large","max-video-preview":"max-video-preview:-1"},"canonical":"https:\/\/denizcankizil.tr\/uk\/haberler\/gundem\/kocaelide-afet-bilinci-egitimi-veriliyor\/","og_locale":"uk_UA","og_type":"article","og_title":"Kocaeli'de afet bilinci e\u011fitimi veriliyor","og_description":"Kocaeli B\u00fcy\u00fck\u015fehir Belediyesi olas\u0131 bir afet \u00f6ncesinde toplum bilinci olu\u015fturmak i\u00e7in \u201cAfet Fark\u0131ndal\u0131k E\u011fitimi\u201d veriyorKOCAEL\u0130 (\u0130GFA) &#8211; Kocaeli B\u00fcy\u00fck\u015fehir Belediyesi olas\u0131 bir afette toplum bilinci olu\u015fturmak i\u00e7in \u00e7al\u0131\u015fmalar\u0131n\u0131 s\u00fcrd\u00fcr\u00fcyor. Bu kapsamda Afet \u0130\u015fleri Dairesi Ba\u015fkanl\u0131\u011f\u0131, KO-MEK kursiyerlerine \u201cAfet Fark\u0131ndal\u0131k E\u011fitimi\u201d vererek, afet an\u0131nda ne yapmalar\u0131 gerekti\u011fi konusunda bilin\u00e7lenmelerini sa\u011flad\u0131. HEDEF, AFETE HAZIR B\u0130R KOCAEL\u0130 Kocaeli B\u00fcy\u00fck\u015fehir Belediyesi Afet \u0130\u015fleri Daire Ba\u015fkanl\u0131\u011f\u0131 \u015fehri olas\u0131 bir afete haz\u0131rlamak i\u00e7in \u00e7al\u0131\u015fmalar\u0131n\u0131 h\u0131z kesmeden s\u00fcrd\u00fcr\u00fcyor.\u00a017 A\u011fustos 1999 Marmara Depremi\u2019nin de merkez \u00fcss\u00fc olan Kocaeli\u2019nde fark\u0131ndal\u0131\u011f\u0131 art\u0131rmak i\u00e7in Afet \u0130\u015fleri Dairesi Ba\u015fkanl\u0131\u011f\u0131 taraf\u0131ndan 2025 y\u0131l\u0131 faaliyetleri kapsam\u0131nda KO-MEK kursiyerlerine \u201cAfet Fark\u0131ndal\u0131k E\u011fitimleri\u201d ger\u00e7ekle\u015ftiriliyor.\u00a0Yap\u0131lan e\u011fitim ve \u00e7al\u0131\u015fmalar ile afete haz\u0131r bir toplum olu\u015fturulmas\u0131 hedefleniyor. 36 FARKLI NOKTADA E\u011e\u0130T\u0130M Afetlere dayan\u0131kl\u0131 bir toplum ve afetlere kar\u015f\u0131 bilin\u00e7li ve haz\u0131rl\u0131kl\u0131 bir Kocaeli hedefiyle \u00e7al\u0131\u015fan\u00a0Afet \u0130\u015fleri Dairesi Ba\u015fkanl\u0131\u011f\u0131, 36 farkl\u0131 noktada toplam bin 164 kursiyere afet fark\u0131ndal\u0131k e\u011fitimi verdi. Deprem \u00f6ncesinde, deprem an\u0131nda ve sonras\u0131nda neler yapmalar\u0131 gerekti\u011fi konusunda bilgilendirilen kursiyerler, bu sayede konuyla ilgili merak ettikleri sorular\u0131n cevab\u0131n\u0131 da buldu. ALINACAK TEDB\u0130RLER AKTARILDI E\u011fitime kat\u0131lan kursiyerler, afetlere kar\u015f\u0131 haz\u0131rl\u0131k yapman\u0131n yan\u0131 s\u0131ra afet sonras\u0131 psikolojik destek konular\u0131nda da bilgilendirildi. E\u011fitimlerde bireylerin kriz an\u0131nda \u00e7ocuklar\u0131n, ya\u015fl\u0131lar\u0131n ve evcil hayvanlar\u0131n ihtiya\u00e7lar\u0131na nas\u0131l yan\u0131t vermeleri gerekti\u011fi, g\u00fcvenli toplanma alanlar\u0131n\u0131n \u00f6nceden belirlenmesi, &hellip;","og_url":"https:\/\/denizcankizil.tr\/uk\/haberler\/gundem\/kocaelide-afet-bilinci-egitimi-veriliyor\/","og_site_name":"Av. Deniz Can K\u0131z\u0131l","article_published_time":"2025-02-14T08:42:17+00:00","author":"admin","twitter_card":"summary_large_image","twitter_misc":{"\u041d\u0430\u043f\u0438\u0441\u0430\u043d\u043e":"admin","\u041f\u0440\u0438\u0431\u043b. \u0447\u0430\u0441 \u0447\u0438\u0442\u0430\u043d\u043d\u044f":"4 \u0445\u0432\u0438\u043b\u0438\u043d\u0438"},"schema":{"@context":"https:\/\/schema.org","@graph":[{"@type":"Article","@id":"https:\/\/denizcankizil.tr\/uk\/haberler\/gundem\/kocaelide-afet-bilinci-egitimi-veriliyor\/#article","isPartOf":{"@id":"https:\/\/denizcankizil.tr\/uk\/haberler\/gundem\/kocaelide-afet-bilinci-egitimi-veriliyor\/"},"author":{"name":"admin","@id":"https:\/\/denizcankizil.tr\/de\/#\/schema\/person\/be3c05fe6a12686905512445d8185489"},"headline":"Kocaeli&#8217;de afet bilinci e\u011fitimi veriliyor","datePublished":"2025-02-14T08:42:17+00:00","mainEntityOfPage":{"@id":"https:\/\/denizcankizil.tr\/uk\/haberler\/gundem\/kocaelide-afet-bilinci-egitimi-veriliyor\/"},"wordCount":731,"commentCount":0,"publisher":{"@id":"https:\/\/denizcankizil.tr\/de\/#organization"},"articleSection":["G\u00fcndem"],"inLanguage":"uk","potentialAction":[{"@type":"CommentAction","name":"Comment","target":["https:\/\/denizcankizil.tr\/uk\/haberler\/gundem\/kocaelide-afet-bilinci-egitimi-veriliyor\/#respond"]}]},{"@type":"WebPage","@id":"https:\/\/denizcankizil.tr\/uk\/haberler\/gundem\/kocaelide-afet-bilinci-egitimi-veriliyor\/","url":"https:\/\/denizcankizil.tr\/uk\/haberler\/gundem\/kocaelide-afet-bilinci-egitimi-veriliyor\/","name":"Kocaeli'de afet bilinci e\u011fitimi veriliyor - Av. Deniz Can K\u0131z\u0131l","isPartOf":{"@id":"https:\/\/denizcankizil.tr\/de\/#website"},"datePublished":"2025-02-14T08:42:17+00:00","breadcrumb":{"@id":"https:\/\/denizcankizil.tr\/uk\/haberler\/gundem\/kocaelide-afet-bilinci-egitimi-veriliyor\/#breadcrumb"},"inLanguage":"uk","potentialAction":[{"@type":"ReadAction","target":["https:\/\/denizcankizil.tr\/uk\/haberler\/gundem\/kocaelide-afet-bilinci-egitimi-veriliyor\/"]}]},{"@type":"BreadcrumbList","@id":"https:\/\/denizcankizil.tr\/uk\/haberler\/gundem\/kocaelide-afet-bilinci-egitimi-veriliyor\/#breadcrumb","itemListElement":[{"@type":"ListItem","position":1,"name":"Home","item":"https:\/\/denizcankizil.tr\/de\/"},{"@type":"ListItem","position":2,"name":"Kocaeli&#8217;de afet bilinci e\u011fitimi veriliyor"}]},{"@type":"WebSite","@id":"https:\/\/denizcankizil.tr\/de\/#website","url":"https:\/\/denizcankizil.tr\/de\/","name":"Av. Deniz Can K\u0131z\u0131l","description":"Avukat Deniz Can K\u0131z\u0131l Antalya Barosu","publisher":{"@id":"https:\/\/denizcankizil.tr\/de\/#organization"},"potentialAction":[{"@type":"SearchAction","target":{"@type":"EntryPoint","urlTemplate":"https:\/\/denizcankizil.tr\/de\/?s={search_term_string}"},"query-input":{"@type":"PropertyValueSpecification","valueRequired":true,"valueName":"search_term_string"}}],"inLanguage":"uk"},{"@type":"Organization","@id":"https:\/\/denizcankizil.tr\/de\/#organization","name":"Av. Deniz Can K\u0131z\u0131l","url":"https:\/\/denizcankizil.tr\/de\/","logo":{"@type":"ImageObject","inLanguage":"uk","@id":"https:\/\/denizcankizil.tr\/de\/#\/schema\/logo\/image\/","url":"https:\/\/denizcankizil.tr\/wp-content\/uploads\/2024\/10\/siyah-logo-svg.svg","contentUrl":"https:\/\/denizcankizil.tr\/wp-content\/uploads\/2024\/10\/siyah-logo-svg.svg","width":1080,"height":1080,"caption":"Av. Deniz Can K\u0131z\u0131l"},"image":{"@id":"https:\/\/denizcankizil.tr\/de\/#\/schema\/logo\/image\/"}},{"@type":"Person","@id":"https:\/\/denizcankizil.tr\/de\/#\/schema\/person\/be3c05fe6a12686905512445d8185489","name":"\u0430\u0434\u043c\u0456\u043d","image":{"@type":"ImageObject","inLanguage":"uk","@id":"https:\/\/denizcankizil.tr\/de\/#\/schema\/person\/image\/","url":"https:\/\/secure.gravatar.com\/avatar\/c1fce94c830dc79107e174f890d7210541c4a63e8e5d816341794a2151c9d58c?s=96&d=mm&r=g","contentUrl":"https:\/\/secure.gravatar.com\/avatar\/c1fce94c830dc79107e174f890d7210541c4a63e8e5d816341794a2151c9d58c?s=96&d=mm&r=g","caption":"admin"},"sameAs":["http:\/\/denizcankizil.tr"],"url":"https:\/\/www.iskenderun.org\/kocaelide-afet-bilinci-egitimi-veriliyor"}]}},"_links":{"self":[{"href":"https:\/\/denizcankizil.tr\/uk\/wp-json\/wp\/v2\/posts\/32684","targetHints":{"allow":["GET"]}}],"collection":[{"href":"https:\/\/denizcankizil.tr\/uk\/wp-json\/wp\/v2\/posts"}],"about":[{"href":"https:\/\/denizcankizil.tr\/uk\/wp-json\/wp\/v2\/types\/post"}],"author":[{"embeddable":true,"href":"https:\/\/denizcankizil.tr\/uk\/wp-json\/wp\/v2\/users\/1"}],"replies":[{"embeddable":true,"href":"https:\/\/denizcankizil.tr\/uk\/wp-json\/wp\/v2\/comments?post=32684"}],"version-history":[{"count":0,"href":"https:\/\/denizcankizil.tr\/uk\/wp-json\/wp\/v2\/posts\/32684\/revisions"}],"wp:attachment":[{"href":"https:\/\/denizcankizil.tr\/uk\/wp-json\/wp\/v2\/media?parent=32684"}],"wp:term":[{"taxonomy":"category","embeddable":true,"href":"https:\/\/denizcankizil.tr\/uk\/wp-json\/wp\/v2\/categories?post=32684"},{"taxonomy":"post_tag","embeddable":true,"href":"https:\/\/denizcankizil.tr\/uk\/wp-json\/wp\/v2\/tags?post=32684"}],"curies":[{"name":"wp","href":"https:\/\/api.w.org\/{rel}","templated":true}]}}