{"id":32665,"date":"2025-02-14T10:42:17","date_gmt":"2025-02-14T07:42:17","guid":{"rendered":"https:\/\/denizcankizil.tr\/uncategorized-tr\/antalyada-firsatcilara-gun-dogdu-kesim-azaldi-zamlar-kapida\/"},"modified":"2025-02-14T10:42:17","modified_gmt":"2025-02-14T07:42:17","slug":"antalyada-firsatcilara-gun-dogdu-kesim-azaldi-zamlar-kapida","status":"publish","type":"post","link":"https:\/\/denizcankizil.tr\/uk\/haberler\/gundem\/antalyada-firsatcilara-gun-dogdu-kesim-azaldi-zamlar-kapida\/","title":{"rendered":"Antalya\u2019da f\u0131rsat\u00e7\u0131lara g\u00fcn do\u011fdu! Kesim azald\u0131, zamlar kap\u0131da"},"content":{"rendered":"<p>Antalya Kasaplar Odas\u0131 Ba\u015fkan\u0131 Osman Yard\u0131mc\u0131, besicilerin, fiyat art\u0131\u015f\u0131 beklentisiyle hayvanlar\u0131n\u0131 kesime g\u00f6ndermedi\u011fini ve bunun piyasada arz s\u0131k\u0131nt\u0131s\u0131 yaratt\u0131\u011f\u0131n\u0131 a\u00e7\u0131klad\u0131. Yard\u0131mc\u0131, karkas etin fiyat\u0131n\u0131n baz\u0131 b\u00f6lgelerde kilo ba\u015f\u0131na 30 TL art\u0131r\u0131ld\u0131\u011f\u0131n\u0131 ve kasaplar\u0131n 13 \u015eubat itibar\u0131yla bu yeni fiyatlar\u0131 uygulamaya ba\u015flarken, Antalya\u2019da kasaplar\u0131n ellerinden geldi\u011fi kadar zaml\u0131 fiyatlar\u0131 uygulamad\u0131klar\u0131n\u0131 ifade etti.\u00a0<\/p>\n<p>ET VE S\u00dcT KURUMU\u2019NDAN ANTALYA \u0130\u00c7\u0130N HAREKETE GE\u00c7MES\u0130 \u0130STENECEK<\/p>\n<p>T\u00fcrkiye Kasaplar Federasyonu ve Antalya Kasaplar Odas\u0131 Ba\u015fkan\u0131 Osman Yard\u0131mc\u0131, Et ve S\u00fct Kurumunun ramazan i\u00e7in haz\u0131rl\u0131klar\u0131n\u0131 tamamlayarak, ihtiya\u00e7 durumunda \u00fcreticilerin maliyetlerini g\u00f6z \u00f6n\u00fcnde bulundurarak piyasaya taze karkas et sat\u0131\u015f\u0131 yapma karar\u0131na ili\u015fkin, vatanda\u015f\u0131n ucuz et yemesi i\u00e7in devletin her zaman fiyatta denge sa\u011flad\u0131\u011f\u0131n\u0131 bildirdi. Yard\u0131mc\u0131, \u00f6n\u00fcm\u00fczdeki hafta i\u00e7erisinde Et ve S\u00fct Kurumu yetkilileriyle g\u00f6r\u00fc\u015ferek Antalya ba\u015fta olmak \u00fczere 13 il i\u00e7in Ramazan ay\u0131nda et deste\u011finde bulunmalar\u0131n\u0131 isteyecek. Yard\u0131mc\u0131, \u201cAntalya\u2019da Ramazan ay\u0131nda vatanda\u015flar\u0131m\u0131z\u0131n k\u0131rm\u0131z\u0131 et al\u0131m\u0131n\u0131n ekonomik olmas\u0131 i\u00e7in \u00e7al\u0131\u015fmalar\u0131m\u0131z\u0131 s\u00fcrd\u00fcr\u00fcyoruz. K\u0131rm\u0131z\u0131 etin kilogram fiyat\u0131 \u015fu an i\u00e7in 600 ile 750 TL aras\u0131nda de\u011fi\u015fiyor\u201d diye konu\u015ftu.\u00a0<\/p>\n<p>HALKIMIZ ET YES\u0130N \u0130ST\u0130YORUZ<\/p>\n<p>Etin \u00f6nemli bir g\u0131da oldu\u011funu ve bunu vatanda\u015flara ula\u015ft\u0131rmak i\u00e7in \u00e7abalad\u0131klar\u0131n\u0131 belirten Yard\u0131mc\u0131,\u201cRamazan ay\u0131na g\u00fcnler kald\u0131 ve bug\u00fcnlerde et fiyatlar\u0131n\u0131n artmas\u0131 i\u00e7in spek\u00fclat\u00f6rl\u00fck yap\u0131yorlar. Say\u0131n Bakan\u0131m\u0131z da a\u00e7\u0131klad\u0131. \u00dclkemizde yeterince hayvan\u0131m\u0131z da etimiz de var. Girdi maliyetlerinin artmas\u0131 ister istemez et fiyatlar\u0131na da yans\u0131yor. T\u00fcrkiye&#8217;nin tek g\u00fcndemi sanki etmi\u015f gibi spek\u00fclat\u00f6rl\u00fck yap\u0131yorlar, g\u00fcndem yaratmaya \u00e7al\u0131\u015f\u0131yorlar. Eti g\u00fcndemden kald\u0131raca\u011f\u0131z. Et \u00f6nemli g\u0131dam\u0131z, i\u00e7inde t\u00fcm vitaminler var. Kalsiyum, fosfor, A, B, B12 vitaminleri bak\u0131m\u0131ndan zengin. \u0130nsan h\u00fccrelerini yenileyen \u00f6nemli bir g\u0131da. \u0130nsan\u0131m\u0131z gitsin etini als\u0131n istiyoruz\u201d ifadelerini kulland\u0131.\u00a0<\/p>\n<p>RAMAZAN AYI HAZIRLIKLARIMIZ DEVAM ED\u0130YOR<\/p>\n<p>Ramazan ay\u0131 bitene kadar ete zam yapamayacaklar\u0131n\u0131 vurgulayan Osman Yard\u0131mc\u0131, \u201cRamazan i\u00e7in biz \u015fimdiden \u00e7al\u0131\u015fmalara ba\u015flad\u0131k. Her y\u0131l ramazanda s\u00f6yledi\u011fim spek\u00fclat\u00f6rler \u00e7\u0131k\u0131yor, devletimiz bunu dengelemek i\u00e7in Et ve S\u00fct Kurumu arac\u0131l\u0131\u011f\u0131yla et getiriyor, getirecek de. Ben her zaman buna kar\u015f\u0131 oldu\u011fum halde, bu sefer kar\u015f\u0131 de\u011filim. Spek\u00fclat\u00f6rler i\u00e7in devletimiz gerekeni yapacak. Et ve S\u00fct Kurumu denge olsun, hem \u00fcreticiyi hem esnaf\u0131 korusun ve herkes kazans\u0131n istiyoruz. Ramazan bitene kadar elimizden geldi\u011fince k\u0131rm\u0131z\u0131 ete zam yapmayaca\u011f\u0131z. Spek\u00fclat\u00f6rlerin kar\u015f\u0131s\u0131nday\u0131z, korkumuz da yok. Her y\u0131l ayn\u0131s\u0131n\u0131 yap\u0131yorlar, devletimiz buna y\u00f6nelik tedbirini al\u0131yor\u201d dedi.\u00a0<\/p>\n<p>\u200bT\u00fcrkiye Kasaplar Federasyonu ve Antalya Kasaplar Odas\u0131 Ba\u015fkan\u0131 Osman Yard\u0131mc\u0131, Ramazan ay\u0131na say\u0131l\u0131 g\u00fcnler kala et fiyatlar\u0131na ili\u015fkin spek\u00fclatif a\u00e7\u0131klamalar yap\u0131lmaya ba\u015fland\u0131\u011f\u0131n\u0131 belirterek, \u201cKesim azald\u0131 ama bizler Ramazan bitene kadar elimizden geldi\u011fince k\u0131rm\u0131z\u0131 ete zam yapmayaca\u011f\u0131z\u201d dedi.\u00a0<\/p>\n<p>\u200bHaberin Al\u0131nt\u0131land\u0131\u011f\u0131 Kaynak: www.antalyakorfez.com<\/p>","protected":false},"excerpt":{"rendered":"<p>Antalya Kasaplar Odas\u0131 Ba\u015fkan\u0131 Osman Yard\u0131mc\u0131, besicilerin, fiyat art\u0131\u015f\u0131 beklentisiyle hayvanlar\u0131n\u0131 kesime g\u00f6ndermedi\u011fini ve bunun piyasada arz s\u0131k\u0131nt\u0131s\u0131 yaratt\u0131\u011f\u0131n\u0131 a\u00e7\u0131klad\u0131. Yard\u0131mc\u0131, karkas etin fiyat\u0131n\u0131n baz\u0131 b\u00f6lgelerde kilo ba\u015f\u0131na 30 TL art\u0131r\u0131ld\u0131\u011f\u0131n\u0131 ve kasaplar\u0131n 13 \u015eubat itibar\u0131yla bu yeni fiyatlar\u0131 uygulamaya ba\u015flarken, Antalya\u2019da kasaplar\u0131n ellerinden geldi\u011fi kadar zaml\u0131 fiyatlar\u0131 uygulamad\u0131klar\u0131n\u0131 ifade etti.\u00a0 ET VE S\u00dcT KURUMU\u2019NDAN ANTALYA \u0130\u00c7\u0130N HAREKETE GE\u00c7MES\u0130 \u0130STENECEK T\u00fcrkiye Kasaplar Federasyonu ve Antalya Kasaplar Odas\u0131 Ba\u015fkan\u0131 Osman Yard\u0131mc\u0131, Et ve S\u00fct Kurumunun ramazan i\u00e7in haz\u0131rl\u0131klar\u0131n\u0131 tamamlayarak, ihtiya\u00e7 durumunda \u00fcreticilerin maliyetlerini g\u00f6z \u00f6n\u00fcnde bulundurarak piyasaya taze karkas et sat\u0131\u015f\u0131 yapma karar\u0131na ili\u015fkin, vatanda\u015f\u0131n ucuz et yemesi i\u00e7in devletin her zaman fiyatta denge sa\u011flad\u0131\u011f\u0131n\u0131 bildirdi. Yard\u0131mc\u0131, \u00f6n\u00fcm\u00fczdeki hafta i\u00e7erisinde Et ve S\u00fct Kurumu yetkilileriyle g\u00f6r\u00fc\u015ferek Antalya ba\u015fta olmak \u00fczere 13 il i\u00e7in Ramazan ay\u0131nda et deste\u011finde bulunmalar\u0131n\u0131 isteyecek. Yard\u0131mc\u0131, \u201cAntalya\u2019da Ramazan ay\u0131nda vatanda\u015flar\u0131m\u0131z\u0131n k\u0131rm\u0131z\u0131 et al\u0131m\u0131n\u0131n ekonomik olmas\u0131 i\u00e7in \u00e7al\u0131\u015fmalar\u0131m\u0131z\u0131 s\u00fcrd\u00fcr\u00fcyoruz. K\u0131rm\u0131z\u0131 etin kilogram fiyat\u0131 \u015fu an i\u00e7in 600 ile 750 TL aras\u0131nda de\u011fi\u015fiyor\u201d diye konu\u015ftu.\u00a0 HALKIMIZ ET YES\u0130N \u0130ST\u0130YORUZ Etin \u00f6nemli bir g\u0131da oldu\u011funu ve bunu vatanda\u015flara ula\u015ft\u0131rmak i\u00e7in \u00e7abalad\u0131klar\u0131n\u0131 belirten Yard\u0131mc\u0131,\u201cRamazan ay\u0131na g\u00fcnler kald\u0131 ve bug\u00fcnlerde et fiyatlar\u0131n\u0131n artmas\u0131 i\u00e7in spek\u00fclat\u00f6rl\u00fck yap\u0131yorlar. Say\u0131n Bakan\u0131m\u0131z da a\u00e7\u0131klad\u0131. \u00dclkemizde yeterince hayvan\u0131m\u0131z da etimiz de var. Girdi maliyetlerinin artmas\u0131 ister istemez &hellip;<\/p>","protected":false},"author":5,"featured_media":0,"comment_status":"open","ping_status":"open","sticky":false,"template":"","format":"standard","meta":{"_acf_changed":false,"footnotes":""},"categories":[24],"tags":[],"class_list":["post-32665","post","type-post","status-publish","format-standard","has-post-thumbnail","hentry","category-gundem"],"acf":[],"yoast_head":"<!-- This site is optimized with the Yoast SEO Premium plugin v26.6 (Yoast SEO v27.1.1) - https:\/\/yoast.com\/product\/yoast-seo-premium-wordpress\/ -->\n<title>Antalya\u2019da f\u0131rsat\u00e7\u0131lara g\u00fcn do\u011fdu! Kesim azald\u0131, zamlar kap\u0131da - Av. Deniz Can K\u0131z\u0131l<\/title>\n<meta name=\"robots\" content=\"index, follow, max-snippet:-1, max-image-preview:large, max-video-preview:-1\" \/>\n<link rel=\"canonical\" href=\"https:\/\/denizcankizil.tr\/uk\/haberler\/gundem\/antalyada-firsatcilara-gun-dogdu-kesim-azaldi-zamlar-kapida\/\" \/>\n<meta property=\"og:locale\" content=\"uk_UA\" \/>\n<meta property=\"og:type\" content=\"article\" \/>\n<meta property=\"og:title\" content=\"Antalya\u2019da f\u0131rsat\u00e7\u0131lara g\u00fcn do\u011fdu! Kesim azald\u0131, zamlar kap\u0131da\" \/>\n<meta property=\"og:description\" content=\"Antalya Kasaplar Odas\u0131 Ba\u015fkan\u0131 Osman Yard\u0131mc\u0131, besicilerin, fiyat art\u0131\u015f\u0131 beklentisiyle hayvanlar\u0131n\u0131 kesime g\u00f6ndermedi\u011fini ve bunun piyasada arz s\u0131k\u0131nt\u0131s\u0131 yaratt\u0131\u011f\u0131n\u0131 a\u00e7\u0131klad\u0131. Yard\u0131mc\u0131, karkas etin fiyat\u0131n\u0131n baz\u0131 b\u00f6lgelerde kilo ba\u015f\u0131na 30 TL art\u0131r\u0131ld\u0131\u011f\u0131n\u0131 ve kasaplar\u0131n 13 \u015eubat itibar\u0131yla bu yeni fiyatlar\u0131 uygulamaya ba\u015flarken, Antalya\u2019da kasaplar\u0131n ellerinden geldi\u011fi kadar zaml\u0131 fiyatlar\u0131 uygulamad\u0131klar\u0131n\u0131 ifade etti.\u00a0 ET VE S\u00dcT KURUMU\u2019NDAN ANTALYA \u0130\u00c7\u0130N HAREKETE GE\u00c7MES\u0130 \u0130STENECEK T\u00fcrkiye Kasaplar Federasyonu ve Antalya Kasaplar Odas\u0131 Ba\u015fkan\u0131 Osman Yard\u0131mc\u0131, Et ve S\u00fct Kurumunun ramazan i\u00e7in haz\u0131rl\u0131klar\u0131n\u0131 tamamlayarak, ihtiya\u00e7 durumunda \u00fcreticilerin maliyetlerini g\u00f6z \u00f6n\u00fcnde bulundurarak piyasaya taze karkas et sat\u0131\u015f\u0131 yapma karar\u0131na ili\u015fkin, vatanda\u015f\u0131n ucuz et yemesi i\u00e7in devletin her zaman fiyatta denge sa\u011flad\u0131\u011f\u0131n\u0131 bildirdi. Yard\u0131mc\u0131, \u00f6n\u00fcm\u00fczdeki hafta i\u00e7erisinde Et ve S\u00fct Kurumu yetkilileriyle g\u00f6r\u00fc\u015ferek Antalya ba\u015fta olmak \u00fczere 13 il i\u00e7in Ramazan ay\u0131nda et deste\u011finde bulunmalar\u0131n\u0131 isteyecek. Yard\u0131mc\u0131, \u201cAntalya\u2019da Ramazan ay\u0131nda vatanda\u015flar\u0131m\u0131z\u0131n k\u0131rm\u0131z\u0131 et al\u0131m\u0131n\u0131n ekonomik olmas\u0131 i\u00e7in \u00e7al\u0131\u015fmalar\u0131m\u0131z\u0131 s\u00fcrd\u00fcr\u00fcyoruz. K\u0131rm\u0131z\u0131 etin kilogram fiyat\u0131 \u015fu an i\u00e7in 600 ile 750 TL aras\u0131nda de\u011fi\u015fiyor\u201d diye konu\u015ftu.\u00a0 HALKIMIZ ET YES\u0130N \u0130ST\u0130YORUZ Etin \u00f6nemli bir g\u0131da oldu\u011funu ve bunu vatanda\u015flara ula\u015ft\u0131rmak i\u00e7in \u00e7abalad\u0131klar\u0131n\u0131 belirten Yard\u0131mc\u0131,\u201cRamazan ay\u0131na g\u00fcnler kald\u0131 ve bug\u00fcnlerde et fiyatlar\u0131n\u0131n artmas\u0131 i\u00e7in spek\u00fclat\u00f6rl\u00fck yap\u0131yorlar. Say\u0131n Bakan\u0131m\u0131z da a\u00e7\u0131klad\u0131. \u00dclkemizde yeterince hayvan\u0131m\u0131z da etimiz de var. Girdi maliyetlerinin artmas\u0131 ister istemez &hellip;\" \/>\n<meta property=\"og:url\" content=\"https:\/\/denizcankizil.tr\/uk\/haberler\/gundem\/antalyada-firsatcilara-gun-dogdu-kesim-azaldi-zamlar-kapida\/\" \/>\n<meta property=\"og:site_name\" content=\"Av. Deniz Can K\u0131z\u0131l\" \/>\n<meta property=\"article:published_time\" content=\"2025-02-14T07:42:17+00:00\" \/>\n<meta name=\"author\" content=\"Antalya K\u00f6rfez\" \/>\n<meta name=\"twitter:card\" content=\"summary_large_image\" \/>\n<meta name=\"twitter:label1\" content=\"\u041d\u0430\u043f\u0438\u0441\u0430\u043d\u043e\" \/>\n\t<meta name=\"twitter:data1\" content=\"Antalya K\u00f6rfez\" \/>\n\t<meta name=\"twitter:label2\" content=\"\u041f\u0440\u0438\u0431\u043b. \u0447\u0430\u0441 \u0447\u0438\u0442\u0430\u043d\u043d\u044f\" \/>\n\t<meta name=\"twitter:data2\" content=\"3 \u0445\u0432\u0438\u043b\u0438\u043d\u0438\" \/>\n<script type=\"application\/ld+json\" class=\"yoast-schema-graph\">{\"@context\":\"https:\/\/schema.org\",\"@graph\":[{\"@type\":\"Article\",\"@id\":\"https:\/\/denizcankizil.tr\/ru\/haberler\/gundem\/antalyada-firsatcilara-gun-dogdu-kesim-azaldi-zamlar-kapida\/#article\",\"isPartOf\":{\"@id\":\"https:\/\/denizcankizil.tr\/ru\/haberler\/gundem\/antalyada-firsatcilara-gun-dogdu-kesim-azaldi-zamlar-kapida\/\"},\"author\":{\"name\":\"Antalya K\u00f6rfez\",\"@id\":\"https:\/\/denizcankizil.tr\/de\/#\/schema\/person\/e1eb71bb4dd684d46563f0af307e1234\"},\"headline\":\"Antalya\u2019da f\u0131rsat\u00e7\u0131lara g\u00fcn do\u011fdu! Kesim azald\u0131, zamlar kap\u0131da\",\"datePublished\":\"2025-02-14T07:42:17+00:00\",\"mainEntityOfPage\":{\"@id\":\"https:\/\/denizcankizil.tr\/ru\/haberler\/gundem\/antalyada-firsatcilara-gun-dogdu-kesim-azaldi-zamlar-kapida\/\"},\"wordCount\":587,\"commentCount\":0,\"publisher\":{\"@id\":\"https:\/\/denizcankizil.tr\/de\/#organization\"},\"articleSection\":[\"G\u00fcndem\"],\"inLanguage\":\"uk\",\"potentialAction\":[{\"@type\":\"CommentAction\",\"name\":\"Comment\",\"target\":[\"https:\/\/denizcankizil.tr\/ru\/haberler\/gundem\/antalyada-firsatcilara-gun-dogdu-kesim-azaldi-zamlar-kapida\/#respond\"]}]},{\"@type\":\"WebPage\",\"@id\":\"https:\/\/denizcankizil.tr\/ru\/haberler\/gundem\/antalyada-firsatcilara-gun-dogdu-kesim-azaldi-zamlar-kapida\/\",\"url\":\"https:\/\/denizcankizil.tr\/ru\/haberler\/gundem\/antalyada-firsatcilara-gun-dogdu-kesim-azaldi-zamlar-kapida\/\",\"name\":\"Antalya\u2019da f\u0131rsat\u00e7\u0131lara g\u00fcn do\u011fdu! Kesim azald\u0131, zamlar kap\u0131da - Av. Deniz Can K\u0131z\u0131l\",\"isPartOf\":{\"@id\":\"https:\/\/denizcankizil.tr\/de\/#website\"},\"datePublished\":\"2025-02-14T07:42:17+00:00\",\"breadcrumb\":{\"@id\":\"https:\/\/denizcankizil.tr\/ru\/haberler\/gundem\/antalyada-firsatcilara-gun-dogdu-kesim-azaldi-zamlar-kapida\/#breadcrumb\"},\"inLanguage\":\"uk\",\"potentialAction\":[{\"@type\":\"ReadAction\",\"target\":[\"https:\/\/denizcankizil.tr\/ru\/haberler\/gundem\/antalyada-firsatcilara-gun-dogdu-kesim-azaldi-zamlar-kapida\/\"]}]},{\"@type\":\"BreadcrumbList\",\"@id\":\"https:\/\/denizcankizil.tr\/ru\/haberler\/gundem\/antalyada-firsatcilara-gun-dogdu-kesim-azaldi-zamlar-kapida\/#breadcrumb\",\"itemListElement\":[{\"@type\":\"ListItem\",\"position\":1,\"name\":\"Home\",\"item\":\"https:\/\/denizcankizil.tr\/de\/\"},{\"@type\":\"ListItem\",\"position\":2,\"name\":\"Antalya\u2019da f\u0131rsat\u00e7\u0131lara g\u00fcn do\u011fdu! Kesim azald\u0131, zamlar kap\u0131da\"}]},{\"@type\":\"WebSite\",\"@id\":\"https:\/\/denizcankizil.tr\/de\/#website\",\"url\":\"https:\/\/denizcankizil.tr\/de\/\",\"name\":\"Av. Deniz Can K\u0131z\u0131l\",\"description\":\"Avukat Deniz Can K\u0131z\u0131l Antalya Barosu\",\"publisher\":{\"@id\":\"https:\/\/denizcankizil.tr\/de\/#organization\"},\"potentialAction\":[{\"@type\":\"SearchAction\",\"target\":{\"@type\":\"EntryPoint\",\"urlTemplate\":\"https:\/\/denizcankizil.tr\/de\/?s={search_term_string}\"},\"query-input\":{\"@type\":\"PropertyValueSpecification\",\"valueRequired\":true,\"valueName\":\"search_term_string\"}}],\"inLanguage\":\"uk\"},{\"@type\":\"Organization\",\"@id\":\"https:\/\/denizcankizil.tr\/de\/#organization\",\"name\":\"Av. Deniz Can K\u0131z\u0131l\",\"url\":\"https:\/\/denizcankizil.tr\/de\/\",\"logo\":{\"@type\":\"ImageObject\",\"inLanguage\":\"uk\",\"@id\":\"https:\/\/denizcankizil.tr\/de\/#\/schema\/logo\/image\/\",\"url\":\"https:\/\/denizcankizil.tr\/wp-content\/uploads\/2024\/10\/siyah-logo-svg.svg\",\"contentUrl\":\"https:\/\/denizcankizil.tr\/wp-content\/uploads\/2024\/10\/siyah-logo-svg.svg\",\"width\":1080,\"height\":1080,\"caption\":\"Av. Deniz Can K\u0131z\u0131l\"},\"image\":{\"@id\":\"https:\/\/denizcankizil.tr\/de\/#\/schema\/logo\/image\/\"}},{\"@type\":\"Person\",\"@id\":\"https:\/\/denizcankizil.tr\/de\/#\/schema\/person\/e1eb71bb4dd684d46563f0af307e1234\",\"name\":\"Antalya K\u00f6rfez\",\"image\":{\"@type\":\"ImageObject\",\"inLanguage\":\"uk\",\"@id\":\"https:\/\/denizcankizil.tr\/de\/#\/schema\/person\/image\/\",\"url\":\"https:\/\/secure.gravatar.com\/avatar\/42b01982558a48a0b501fdcab6a408d3717ea5919095ee2e67b0e521799c5905?s=96&d=mm&r=g\",\"contentUrl\":\"https:\/\/secure.gravatar.com\/avatar\/42b01982558a48a0b501fdcab6a408d3717ea5919095ee2e67b0e521799c5905?s=96&d=mm&r=g\",\"caption\":\"Antalya K\u00f6rfez\"},\"sameAs\":[\"http:\/\/www.antalyakorfez.com\"],\"url\":\"https:\/\/www.antalyakorfez.com\/antalyada-firsatcilara-gun-dogdu-kesim-azaldi-zamlar-kapida\"}]}<\/script>\n<!-- \/ Yoast SEO Premium plugin. -->","yoast_head_json":{"title":"Antalya\u2019da f\u0131rsat\u00e7\u0131lara g\u00fcn do\u011fdu! Kesim azald\u0131, zamlar kap\u0131da - Av. Deniz Can K\u0131z\u0131l","robots":{"index":"index","follow":"follow","max-snippet":"max-snippet:-1","max-image-preview":"max-image-preview:large","max-video-preview":"max-video-preview:-1"},"canonical":"https:\/\/denizcankizil.tr\/uk\/haberler\/gundem\/antalyada-firsatcilara-gun-dogdu-kesim-azaldi-zamlar-kapida\/","og_locale":"uk_UA","og_type":"article","og_title":"Antalya\u2019da f\u0131rsat\u00e7\u0131lara g\u00fcn do\u011fdu! Kesim azald\u0131, zamlar kap\u0131da","og_description":"Antalya Kasaplar Odas\u0131 Ba\u015fkan\u0131 Osman Yard\u0131mc\u0131, besicilerin, fiyat art\u0131\u015f\u0131 beklentisiyle hayvanlar\u0131n\u0131 kesime g\u00f6ndermedi\u011fini ve bunun piyasada arz s\u0131k\u0131nt\u0131s\u0131 yaratt\u0131\u011f\u0131n\u0131 a\u00e7\u0131klad\u0131. Yard\u0131mc\u0131, karkas etin fiyat\u0131n\u0131n baz\u0131 b\u00f6lgelerde kilo ba\u015f\u0131na 30 TL art\u0131r\u0131ld\u0131\u011f\u0131n\u0131 ve kasaplar\u0131n 13 \u015eubat itibar\u0131yla bu yeni fiyatlar\u0131 uygulamaya ba\u015flarken, Antalya\u2019da kasaplar\u0131n ellerinden geldi\u011fi kadar zaml\u0131 fiyatlar\u0131 uygulamad\u0131klar\u0131n\u0131 ifade etti.\u00a0 ET VE S\u00dcT KURUMU\u2019NDAN ANTALYA \u0130\u00c7\u0130N HAREKETE GE\u00c7MES\u0130 \u0130STENECEK T\u00fcrkiye Kasaplar Federasyonu ve Antalya Kasaplar Odas\u0131 Ba\u015fkan\u0131 Osman Yard\u0131mc\u0131, Et ve S\u00fct Kurumunun ramazan i\u00e7in haz\u0131rl\u0131klar\u0131n\u0131 tamamlayarak, ihtiya\u00e7 durumunda \u00fcreticilerin maliyetlerini g\u00f6z \u00f6n\u00fcnde bulundurarak piyasaya taze karkas et sat\u0131\u015f\u0131 yapma karar\u0131na ili\u015fkin, vatanda\u015f\u0131n ucuz et yemesi i\u00e7in devletin her zaman fiyatta denge sa\u011flad\u0131\u011f\u0131n\u0131 bildirdi. Yard\u0131mc\u0131, \u00f6n\u00fcm\u00fczdeki hafta i\u00e7erisinde Et ve S\u00fct Kurumu yetkilileriyle g\u00f6r\u00fc\u015ferek Antalya ba\u015fta olmak \u00fczere 13 il i\u00e7in Ramazan ay\u0131nda et deste\u011finde bulunmalar\u0131n\u0131 isteyecek. Yard\u0131mc\u0131, \u201cAntalya\u2019da Ramazan ay\u0131nda vatanda\u015flar\u0131m\u0131z\u0131n k\u0131rm\u0131z\u0131 et al\u0131m\u0131n\u0131n ekonomik olmas\u0131 i\u00e7in \u00e7al\u0131\u015fmalar\u0131m\u0131z\u0131 s\u00fcrd\u00fcr\u00fcyoruz. K\u0131rm\u0131z\u0131 etin kilogram fiyat\u0131 \u015fu an i\u00e7in 600 ile 750 TL aras\u0131nda de\u011fi\u015fiyor\u201d diye konu\u015ftu.\u00a0 HALKIMIZ ET YES\u0130N \u0130ST\u0130YORUZ Etin \u00f6nemli bir g\u0131da oldu\u011funu ve bunu vatanda\u015flara ula\u015ft\u0131rmak i\u00e7in \u00e7abalad\u0131klar\u0131n\u0131 belirten Yard\u0131mc\u0131,\u201cRamazan ay\u0131na g\u00fcnler kald\u0131 ve bug\u00fcnlerde et fiyatlar\u0131n\u0131n artmas\u0131 i\u00e7in spek\u00fclat\u00f6rl\u00fck yap\u0131yorlar. Say\u0131n Bakan\u0131m\u0131z da a\u00e7\u0131klad\u0131. \u00dclkemizde yeterince hayvan\u0131m\u0131z da etimiz de var. Girdi maliyetlerinin artmas\u0131 ister istemez &hellip;","og_url":"https:\/\/denizcankizil.tr\/uk\/haberler\/gundem\/antalyada-firsatcilara-gun-dogdu-kesim-azaldi-zamlar-kapida\/","og_site_name":"Av. Deniz Can K\u0131z\u0131l","article_published_time":"2025-02-14T07:42:17+00:00","author":"Antalya K\u00f6rfez","twitter_card":"summary_large_image","twitter_misc":{"\u041d\u0430\u043f\u0438\u0441\u0430\u043d\u043e":"Antalya K\u00f6rfez","\u041f\u0440\u0438\u0431\u043b. \u0447\u0430\u0441 \u0447\u0438\u0442\u0430\u043d\u043d\u044f":"3 \u0445\u0432\u0438\u043b\u0438\u043d\u0438"},"schema":{"@context":"https:\/\/schema.org","@graph":[{"@type":"Article","@id":"https:\/\/denizcankizil.tr\/ru\/haberler\/gundem\/antalyada-firsatcilara-gun-dogdu-kesim-azaldi-zamlar-kapida\/#article","isPartOf":{"@id":"https:\/\/denizcankizil.tr\/ru\/haberler\/gundem\/antalyada-firsatcilara-gun-dogdu-kesim-azaldi-zamlar-kapida\/"},"author":{"name":"Antalya K\u00f6rfez","@id":"https:\/\/denizcankizil.tr\/de\/#\/schema\/person\/e1eb71bb4dd684d46563f0af307e1234"},"headline":"Antalya\u2019da f\u0131rsat\u00e7\u0131lara g\u00fcn do\u011fdu! Kesim azald\u0131, zamlar kap\u0131da","datePublished":"2025-02-14T07:42:17+00:00","mainEntityOfPage":{"@id":"https:\/\/denizcankizil.tr\/ru\/haberler\/gundem\/antalyada-firsatcilara-gun-dogdu-kesim-azaldi-zamlar-kapida\/"},"wordCount":587,"commentCount":0,"publisher":{"@id":"https:\/\/denizcankizil.tr\/de\/#organization"},"articleSection":["G\u00fcndem"],"inLanguage":"uk","potentialAction":[{"@type":"CommentAction","name":"Comment","target":["https:\/\/denizcankizil.tr\/ru\/haberler\/gundem\/antalyada-firsatcilara-gun-dogdu-kesim-azaldi-zamlar-kapida\/#respond"]}]},{"@type":"WebPage","@id":"https:\/\/denizcankizil.tr\/ru\/haberler\/gundem\/antalyada-firsatcilara-gun-dogdu-kesim-azaldi-zamlar-kapida\/","url":"https:\/\/denizcankizil.tr\/ru\/haberler\/gundem\/antalyada-firsatcilara-gun-dogdu-kesim-azaldi-zamlar-kapida\/","name":"Antalya\u2019da f\u0131rsat\u00e7\u0131lara g\u00fcn do\u011fdu! Kesim azald\u0131, zamlar kap\u0131da - Av. Deniz Can K\u0131z\u0131l","isPartOf":{"@id":"https:\/\/denizcankizil.tr\/de\/#website"},"datePublished":"2025-02-14T07:42:17+00:00","breadcrumb":{"@id":"https:\/\/denizcankizil.tr\/ru\/haberler\/gundem\/antalyada-firsatcilara-gun-dogdu-kesim-azaldi-zamlar-kapida\/#breadcrumb"},"inLanguage":"uk","potentialAction":[{"@type":"ReadAction","target":["https:\/\/denizcankizil.tr\/ru\/haberler\/gundem\/antalyada-firsatcilara-gun-dogdu-kesim-azaldi-zamlar-kapida\/"]}]},{"@type":"BreadcrumbList","@id":"https:\/\/denizcankizil.tr\/ru\/haberler\/gundem\/antalyada-firsatcilara-gun-dogdu-kesim-azaldi-zamlar-kapida\/#breadcrumb","itemListElement":[{"@type":"ListItem","position":1,"name":"Home","item":"https:\/\/denizcankizil.tr\/de\/"},{"@type":"ListItem","position":2,"name":"Antalya\u2019da f\u0131rsat\u00e7\u0131lara g\u00fcn do\u011fdu! Kesim azald\u0131, zamlar kap\u0131da"}]},{"@type":"WebSite","@id":"https:\/\/denizcankizil.tr\/de\/#website","url":"https:\/\/denizcankizil.tr\/de\/","name":"Av. Deniz Can K\u0131z\u0131l","description":"Avukat Deniz Can K\u0131z\u0131l Antalya Barosu","publisher":{"@id":"https:\/\/denizcankizil.tr\/de\/#organization"},"potentialAction":[{"@type":"SearchAction","target":{"@type":"EntryPoint","urlTemplate":"https:\/\/denizcankizil.tr\/de\/?s={search_term_string}"},"query-input":{"@type":"PropertyValueSpecification","valueRequired":true,"valueName":"search_term_string"}}],"inLanguage":"uk"},{"@type":"Organization","@id":"https:\/\/denizcankizil.tr\/de\/#organization","name":"Av. Deniz Can K\u0131z\u0131l","url":"https:\/\/denizcankizil.tr\/de\/","logo":{"@type":"ImageObject","inLanguage":"uk","@id":"https:\/\/denizcankizil.tr\/de\/#\/schema\/logo\/image\/","url":"https:\/\/denizcankizil.tr\/wp-content\/uploads\/2024\/10\/siyah-logo-svg.svg","contentUrl":"https:\/\/denizcankizil.tr\/wp-content\/uploads\/2024\/10\/siyah-logo-svg.svg","width":1080,"height":1080,"caption":"Av. Deniz Can K\u0131z\u0131l"},"image":{"@id":"https:\/\/denizcankizil.tr\/de\/#\/schema\/logo\/image\/"}},{"@type":"Person","@id":"https:\/\/denizcankizil.tr\/de\/#\/schema\/person\/e1eb71bb4dd684d46563f0af307e1234","name":"Antalya K\u00f6rfez","image":{"@type":"ImageObject","inLanguage":"uk","@id":"https:\/\/denizcankizil.tr\/de\/#\/schema\/person\/image\/","url":"https:\/\/secure.gravatar.com\/avatar\/42b01982558a48a0b501fdcab6a408d3717ea5919095ee2e67b0e521799c5905?s=96&d=mm&r=g","contentUrl":"https:\/\/secure.gravatar.com\/avatar\/42b01982558a48a0b501fdcab6a408d3717ea5919095ee2e67b0e521799c5905?s=96&d=mm&r=g","caption":"Antalya K\u00f6rfez"},"sameAs":["http:\/\/www.antalyakorfez.com"],"url":"https:\/\/www.antalyakorfez.com\/antalyada-firsatcilara-gun-dogdu-kesim-azaldi-zamlar-kapida"}]}},"_links":{"self":[{"href":"https:\/\/denizcankizil.tr\/uk\/wp-json\/wp\/v2\/posts\/32665","targetHints":{"allow":["GET"]}}],"collection":[{"href":"https:\/\/denizcankizil.tr\/uk\/wp-json\/wp\/v2\/posts"}],"about":[{"href":"https:\/\/denizcankizil.tr\/uk\/wp-json\/wp\/v2\/types\/post"}],"author":[{"embeddable":true,"href":"https:\/\/denizcankizil.tr\/uk\/wp-json\/wp\/v2\/users\/5"}],"replies":[{"embeddable":true,"href":"https:\/\/denizcankizil.tr\/uk\/wp-json\/wp\/v2\/comments?post=32665"}],"version-history":[{"count":0,"href":"https:\/\/denizcankizil.tr\/uk\/wp-json\/wp\/v2\/posts\/32665\/revisions"}],"wp:attachment":[{"href":"https:\/\/denizcankizil.tr\/uk\/wp-json\/wp\/v2\/media?parent=32665"}],"wp:term":[{"taxonomy":"category","embeddable":true,"href":"https:\/\/denizcankizil.tr\/uk\/wp-json\/wp\/v2\/categories?post=32665"},{"taxonomy":"post_tag","embeddable":true,"href":"https:\/\/denizcankizil.tr\/uk\/wp-json\/wp\/v2\/tags?post=32665"}],"curies":[{"name":"wp","href":"https:\/\/api.w.org\/{rel}","templated":true}]}}