{"id":32523,"date":"2025-02-13T14:42:27","date_gmt":"2025-02-13T11:42:27","guid":{"rendered":"https:\/\/denizcankizil.tr\/uncategorized-tr\/fahis-fiyata-ve-gunu-gecmis-urune-gecit-yok\/"},"modified":"2025-02-13T14:42:27","modified_gmt":"2025-02-13T11:42:27","slug":"fahis-fiyata-ve-gunu-gecmis-urune-gecit-yok","status":"publish","type":"post","link":"https:\/\/denizcankizil.tr\/uk\/haberler\/gundem\/fahis-fiyata-ve-gunu-gecmis-urune-gecit-yok\/","title":{"rendered":"Fahi\u015f fiyata ve g\u00fcn\u00fc ge\u00e7mi\u015f \u00fcr\u00fcne ge\u00e7it yok!"},"content":{"rendered":"<p>Konya Sel\u00e7uklu\u2019da vatanda\u015flar\u0131n ma\u011fduriyet ya\u015famamas\u0131 ad\u0131na marketlerde \u00fc\u00e7 kurumun i\u015f birli\u011fi ile denetim yap\u0131ld\u0131. Denetim ekibinde Sel\u00e7uklu Belediyesi Zab\u0131ta, Konya \u0130l Ticaret M\u00fcd\u00fcrl\u00fc\u011f\u00fc ile Sel\u00e7uklu \u0130l\u00e7e Tar\u0131m ve Orman M\u00fcd\u00fcrl\u00fc\u011f\u00fcekipleriyer ald\u0131.KONYA (\u0130GFA) &#8211; Konya\u00a0Sel\u00e7uklu Belediyesi vatanda\u015flar\u0131n haklar\u0131n\u0131 korumak ve haks\u0131z kazan\u00e7 elde edilmesini \u00f6nlemek amac\u0131yla yapt\u0131\u011f\u0131rutin denetimleri bu kez Konya \u0130l Ticaret M\u00fcd\u00fcrl\u00fc\u011f\u00fc, Sel\u00e7uklu \u0130l\u00e7e Tar\u0131m ve Orman M\u00fcd\u00fcrl\u00fc\u011f\u00fc i\u015f birli\u011fi ile ger\u00e7ekle\u015ftirdi. Yakla\u015fan Ramazan ay\u0131 \u00f6ncesinde geli\u015fig\u00fczel olarak se\u00e7ilen marketlerde ger\u00e7ekle\u015ftirilen denetimler kapsam\u0131nda sunulan \u00fcr\u00fcnlerin gramaj\u0131, fiyat, irsaliye kar\u015f\u0131la\u015ft\u0131rmas\u0131, son kullan\u0131m tarihi ve di\u011fer yasal d\u00fczenlemelere uygunluk durumlar\u0131 titizlikle incelendi. Denetimde belirlenen standartlara uygun olmayan \u00fcr\u00fcnler sebebiyle i\u015f yerlerine cezai i\u015flem uyguland\u0131. Denetim komisyonunda Sel\u00e7uklu \u0130l\u00e7e Emniyet M\u00fcd\u00fcrl\u00fc\u011f\u00fc\u2019nde g\u00f6revli polis memurlar\u0131 da e\u015flik etti.<br \/>\nStandarda uyulmayan durumlarda yasal i\u015flem uygulan\u0131rken vatanda\u015flar da bilgilendiriliyor<br \/>\nSel\u00e7uklu Belediyesi Zab\u0131ta Denetim, \u0130l Ticaret M\u00fcd\u00fcrl\u00fc\u011f\u00fc ve \u0130l\u00e7e Tar\u0131m M\u00fcd\u00fcrl\u00fc\u011f\u00fc ekipleri market denetimlerinde kar\u015f\u0131la\u015ft\u0131klar\u0131 usuls\u00fczl\u00fckleri ve yanl\u0131\u015fl\u0131klar\u0131 tutanak alt\u0131na alarak, gerekli yasal i\u015flemleri de uyguluyorlar. \u0130\u015fletmelere, yasalarla belirlenen kurallara uygun hareket etmeleri gerekti\u011fi hat\u0131rlat\u0131l\u0131rken, t\u00fcketicilere ise haklar\u0131n\u0131 korumak i\u00e7in dikkatli olmalar\u0131 ve \u015f\u00fcpheli durumlar\u0131 yetkililere bildirimde bulunmalar\u0131 uyar\u0131s\u0131 yap\u0131l\u0131yor.<br \/>\nBa\u015fkan Pekyat\u0131rmac\u0131: \u201c Vatanda\u015flar\u0131m\u0131z\u0131n menfaatlerini her alanda korumaya devam ediyoruz\u201d<br \/>\nSel\u00e7uklu\u2019da t\u00fcketici g\u00fcvenli\u011fini de \u00f6n planda tuttuklar\u0131n\u0131 ve bu anlamda denetimlere aral\u0131ks\u0131z devam ettiklerini ifade eden Sel\u00e7uklu Belediye Ba\u015fkan\u0131 Ahmet Pekyat\u0131rmac\u0131: \u201c Sorumluluk alan\u0131m\u0131zda bulunan t\u00fcm i\u015fletmeleri rutin bir \u015fekilde denetlemeye devam ediyoruz. Bu denetlemelerimiz belirli d\u00f6nemlerdeValili\u011fimizin koordinasyonuyla Ticaret \u0130l M\u00fcd\u00fcrl\u00fc\u011f\u00fc ve \u0130l\u00e7e Tar\u0131m Orman M\u00fcd\u00fcrl\u00fc\u011f\u00fcm\u00fcz i\u015f birli\u011fiyle olu\u015fturulan ekiplerle ger\u00e7ekle\u015fiyor. \u00d6zellikle Ramazan ay\u0131n\u0131n yakla\u015ft\u0131\u011f\u0131 bu d\u00f6nemde vatanda\u015f\u0131m\u0131z\u0131n menfaatlerini korumak, fahi\u015f fiyat olu\u015fumunun \u00f6n\u00fcne ge\u00e7mek ve t\u00fcketicilerimizin sa\u011fl\u0131\u011f\u0131n\u0131 tehdit edecek unsurlar\u0131 \u00f6nlemek amac\u0131yla Sel\u00e7uklu\u2019da bulunan marketlerde denetimlerimizi s\u00fcrd\u00fcr\u00fcyoruz.Yap\u0131lan denetimlerin devam etmesi ve s\u0131kla\u015ft\u0131r\u0131lmas\u0131, t\u00fcketici g\u00fcvenli\u011finin sa\u011flanmas\u0131 a\u00e7\u0131s\u0131ndan b\u00fcy\u00fck \u00f6nem ta\u015f\u0131yor. Bu anlamda denetim faaliyetlerine aral\u0131ks\u0131z olarak devam ederek t\u00fcketicilerimizin haklar\u0131n\u0131 koruma konusunda kararl\u0131y\u0131z.\u201difadelerini kulland\u0131.<\/p>\n<p>\u200bKonya Sel\u00e7uklu\u2019da vatanda\u015flar\u0131n ma\u011fduriyet ya\u015famamas\u0131 ad\u0131na marketlerde \u00fc\u00e7 kurumun i\u015f birli\u011fi ile denetim yap\u0131ld\u0131. Denetim ekibinde Sel\u00e7uklu Belediyesi Zab\u0131ta, Konya \u0130l Ticaret M\u00fcd\u00fcrl\u00fc\u011f\u00fc ile Sel\u00e7uklu \u0130l\u00e7e Tar\u0131m ve Orman M\u00fcd\u00fcrl\u00fc\u011f\u00fcekipleriyer ald\u0131.KONYA (\u0130GFA) &#8211; Konya\u00a0Sel\u00e7uklu Belediyesi vatanda\u015flar\u0131n haklar\u0131n\u0131 korumak ve haks\u0131z kazan\u00e7 elde edilmesini \u00f6nlemek amac\u0131yla yapt\u0131\u011f\u0131rutin denetimleri bu kez Konya \u0130l Ticaret M\u00fcd\u00fcrl\u00fc\u011f\u00fc, Sel\u00e7uklu \u0130l\u00e7e Tar\u0131m ve Orman M\u00fcd\u00fcrl\u00fc\u011f\u00fc i\u015f birli\u011fi ile ger\u00e7ekle\u015ftirdi. Yakla\u015fan Ramazan ay\u0131 \u00f6ncesinde geli\u015fig\u00fczel olarak se\u00e7ilen marketlerde ger\u00e7ekle\u015ftirilen denetimler kapsam\u0131nda sunulan \u00fcr\u00fcnlerin gramaj\u0131, fiyat, irsaliye kar\u015f\u0131la\u015ft\u0131rmas\u0131, son kullan\u0131m tarihi ve di\u011fer yasal d\u00fczenlemelere uygunluk durumlar\u0131 titizlikle incelendi. Denetimde belirlenen standartlara uygun olmayan \u00fcr\u00fcnler sebebiyle i\u015f yerlerine cezai i\u015flem uyguland\u0131. Denetim komisyonunda Sel\u00e7uklu \u0130l\u00e7e Emniyet M\u00fcd\u00fcrl\u00fc\u011f\u00fc\u2019nde g\u00f6revli polis memurlar\u0131 da e\u015flik etti.<br \/>\nStandarda uyulmayan durumlarda yasal i\u015flem uygulan\u0131rken vatanda\u015flar da bilgilendiriliyor<br \/>\nSel\u00e7uklu Belediyesi Zab\u0131ta Denetim, \u0130l Ticaret M\u00fcd\u00fcrl\u00fc\u011f\u00fc ve \u0130l\u00e7e Tar\u0131m M\u00fcd\u00fcrl\u00fc\u011f\u00fc ekipleri market denetimlerinde kar\u015f\u0131la\u015ft\u0131klar\u0131 usuls\u00fczl\u00fckleri ve yanl\u0131\u015fl\u0131klar\u0131 tutanak alt\u0131na alarak, gerekli yasal i\u015flemleri de uyguluyorlar. \u0130\u015fletmelere, yasalarla belirlenen kurallara uygun hareket etmeleri gerekti\u011fi hat\u0131rlat\u0131l\u0131rken, t\u00fcketicilere ise haklar\u0131n\u0131 korumak i\u00e7in dikkatli olmalar\u0131 ve \u015f\u00fcpheli durumlar\u0131 yetkililere bildirimde bulunmalar\u0131 uyar\u0131s\u0131 yap\u0131l\u0131yor.<br \/>\nBa\u015fkan Pekyat\u0131rmac\u0131: \u201c Vatanda\u015flar\u0131m\u0131z\u0131n menfaatlerini her alanda korumaya devam ediyoruz\u201d<br \/>\nSel\u00e7uklu\u2019da t\u00fcketici g\u00fcvenli\u011fini de \u00f6n planda tuttuklar\u0131n\u0131 ve bu anlamda denetimlere aral\u0131ks\u0131z devam ettiklerini ifade eden Sel\u00e7uklu Belediye Ba\u015fkan\u0131 Ahmet Pekyat\u0131rmac\u0131: \u201c Sorumluluk alan\u0131m\u0131zda bulunan t\u00fcm i\u015fletmeleri rutin bir \u015fekilde denetlemeye devam ediyoruz. Bu denetlemelerimiz belirli d\u00f6nemlerdeValili\u011fimizin koordinasyonuyla Ticaret \u0130l M\u00fcd\u00fcrl\u00fc\u011f\u00fc ve \u0130l\u00e7e Tar\u0131m Orman M\u00fcd\u00fcrl\u00fc\u011f\u00fcm\u00fcz i\u015f birli\u011fiyle olu\u015fturulan ekiplerle ger\u00e7ekle\u015fiyor. \u00d6zellikle Ramazan ay\u0131n\u0131n yakla\u015ft\u0131\u011f\u0131 bu d\u00f6nemde vatanda\u015f\u0131m\u0131z\u0131n menfaatlerini korumak, fahi\u015f fiyat olu\u015fumunun \u00f6n\u00fcne ge\u00e7mek ve t\u00fcketicilerimizin sa\u011fl\u0131\u011f\u0131n\u0131 tehdit edecek unsurlar\u0131 \u00f6nlemek amac\u0131yla Sel\u00e7uklu\u2019da bulunan marketlerde denetimlerimizi s\u00fcrd\u00fcr\u00fcyoruz.Yap\u0131lan denetimlerin devam etmesi ve s\u0131kla\u015ft\u0131r\u0131lmas\u0131, t\u00fcketici g\u00fcvenli\u011finin sa\u011flanmas\u0131 a\u00e7\u0131s\u0131ndan b\u00fcy\u00fck \u00f6nem ta\u015f\u0131yor. Bu anlamda denetim faaliyetlerine aral\u0131ks\u0131z olarak devam ederek t\u00fcketicilerimizin haklar\u0131n\u0131 koruma konusunda kararl\u0131y\u0131z.\u201difadelerini kulland\u0131.\u00a0<\/p>\n<p>\u200bHaberin Al\u0131nt\u0131land\u0131\u011f\u0131 Kaynak: www.iskenderun.org<\/p>","protected":false},"excerpt":{"rendered":"<p>Konya Sel\u00e7uklu\u2019da vatanda\u015flar\u0131n ma\u011fduriyet ya\u015famamas\u0131 ad\u0131na marketlerde \u00fc\u00e7 kurumun i\u015f birli\u011fi ile denetim yap\u0131ld\u0131. Denetim ekibinde Sel\u00e7uklu Belediyesi Zab\u0131ta, Konya \u0130l Ticaret M\u00fcd\u00fcrl\u00fc\u011f\u00fc ile Sel\u00e7uklu \u0130l\u00e7e Tar\u0131m ve Orman M\u00fcd\u00fcrl\u00fc\u011f\u00fcekipleriyer ald\u0131.KONYA (\u0130GFA) &#8211; Konya\u00a0Sel\u00e7uklu Belediyesi vatanda\u015flar\u0131n haklar\u0131n\u0131 korumak ve haks\u0131z kazan\u00e7 elde edilmesini \u00f6nlemek amac\u0131yla yapt\u0131\u011f\u0131rutin denetimleri bu kez Konya \u0130l Ticaret M\u00fcd\u00fcrl\u00fc\u011f\u00fc, Sel\u00e7uklu \u0130l\u00e7e Tar\u0131m ve Orman M\u00fcd\u00fcrl\u00fc\u011f\u00fc i\u015f birli\u011fi ile ger\u00e7ekle\u015ftirdi. Yakla\u015fan Ramazan ay\u0131 \u00f6ncesinde geli\u015fig\u00fczel olarak se\u00e7ilen marketlerde ger\u00e7ekle\u015ftirilen denetimler kapsam\u0131nda sunulan \u00fcr\u00fcnlerin gramaj\u0131, fiyat, irsaliye kar\u015f\u0131la\u015ft\u0131rmas\u0131, son kullan\u0131m tarihi ve di\u011fer yasal d\u00fczenlemelere uygunluk durumlar\u0131 titizlikle incelendi. Denetimde belirlenen standartlara uygun olmayan \u00fcr\u00fcnler sebebiyle i\u015f yerlerine cezai i\u015flem uyguland\u0131. Denetim komisyonunda Sel\u00e7uklu \u0130l\u00e7e Emniyet M\u00fcd\u00fcrl\u00fc\u011f\u00fc\u2019nde g\u00f6revli polis memurlar\u0131 da e\u015flik etti. Standarda uyulmayan durumlarda yasal i\u015flem uygulan\u0131rken vatanda\u015flar da bilgilendiriliyor Sel\u00e7uklu Belediyesi Zab\u0131ta Denetim, \u0130l Ticaret M\u00fcd\u00fcrl\u00fc\u011f\u00fc ve \u0130l\u00e7e Tar\u0131m M\u00fcd\u00fcrl\u00fc\u011f\u00fc ekipleri market denetimlerinde kar\u015f\u0131la\u015ft\u0131klar\u0131 usuls\u00fczl\u00fckleri ve yanl\u0131\u015fl\u0131klar\u0131 tutanak alt\u0131na alarak, gerekli yasal i\u015flemleri de uyguluyorlar. \u0130\u015fletmelere, yasalarla belirlenen kurallara uygun hareket etmeleri gerekti\u011fi hat\u0131rlat\u0131l\u0131rken, t\u00fcketicilere ise haklar\u0131n\u0131 korumak i\u00e7in dikkatli olmalar\u0131 ve \u015f\u00fcpheli durumlar\u0131 yetkililere bildirimde bulunmalar\u0131 uyar\u0131s\u0131 yap\u0131l\u0131yor. Ba\u015fkan Pekyat\u0131rmac\u0131: \u201c Vatanda\u015flar\u0131m\u0131z\u0131n menfaatlerini her alanda korumaya devam ediyoruz\u201d Sel\u00e7uklu\u2019da t\u00fcketici g\u00fcvenli\u011fini de \u00f6n planda tuttuklar\u0131n\u0131 ve bu anlamda denetimlere aral\u0131ks\u0131z devam ettiklerini ifade eden &hellip;<\/p>","protected":false},"author":1,"featured_media":0,"comment_status":"open","ping_status":"open","sticky":false,"template":"","format":"standard","meta":{"_acf_changed":false,"footnotes":""},"categories":[24],"tags":[],"class_list":["post-32523","post","type-post","status-publish","format-standard","has-post-thumbnail","hentry","category-gundem"],"acf":[],"yoast_head":"<!-- This site is optimized with the Yoast SEO Premium plugin v26.6 (Yoast SEO v27.1.1) - https:\/\/yoast.com\/product\/yoast-seo-premium-wordpress\/ -->\n<title>Fahi\u015f fiyata ve g\u00fcn\u00fc ge\u00e7mi\u015f \u00fcr\u00fcne ge\u00e7it yok! - Av. Deniz Can K\u0131z\u0131l<\/title>\n<meta name=\"robots\" content=\"index, follow, max-snippet:-1, max-image-preview:large, max-video-preview:-1\" \/>\n<link rel=\"canonical\" href=\"https:\/\/denizcankizil.tr\/uk\/haberler\/gundem\/fahis-fiyata-ve-gunu-gecmis-urune-gecit-yok\/\" \/>\n<meta property=\"og:locale\" content=\"uk_UA\" \/>\n<meta property=\"og:type\" content=\"article\" \/>\n<meta property=\"og:title\" content=\"Fahi\u015f fiyata ve g\u00fcn\u00fc ge\u00e7mi\u015f \u00fcr\u00fcne ge\u00e7it yok!\" \/>\n<meta property=\"og:description\" content=\"Konya Sel\u00e7uklu\u2019da vatanda\u015flar\u0131n ma\u011fduriyet ya\u015famamas\u0131 ad\u0131na marketlerde \u00fc\u00e7 kurumun i\u015f birli\u011fi ile denetim yap\u0131ld\u0131. Denetim ekibinde Sel\u00e7uklu Belediyesi Zab\u0131ta, Konya \u0130l Ticaret M\u00fcd\u00fcrl\u00fc\u011f\u00fc ile Sel\u00e7uklu \u0130l\u00e7e Tar\u0131m ve Orman M\u00fcd\u00fcrl\u00fc\u011f\u00fcekipleriyer ald\u0131.KONYA (\u0130GFA) &#8211; Konya\u00a0Sel\u00e7uklu Belediyesi vatanda\u015flar\u0131n haklar\u0131n\u0131 korumak ve haks\u0131z kazan\u00e7 elde edilmesini \u00f6nlemek amac\u0131yla yapt\u0131\u011f\u0131rutin denetimleri bu kez Konya \u0130l Ticaret M\u00fcd\u00fcrl\u00fc\u011f\u00fc, Sel\u00e7uklu \u0130l\u00e7e Tar\u0131m ve Orman M\u00fcd\u00fcrl\u00fc\u011f\u00fc i\u015f birli\u011fi ile ger\u00e7ekle\u015ftirdi. Yakla\u015fan Ramazan ay\u0131 \u00f6ncesinde geli\u015fig\u00fczel olarak se\u00e7ilen marketlerde ger\u00e7ekle\u015ftirilen denetimler kapsam\u0131nda sunulan \u00fcr\u00fcnlerin gramaj\u0131, fiyat, irsaliye kar\u015f\u0131la\u015ft\u0131rmas\u0131, son kullan\u0131m tarihi ve di\u011fer yasal d\u00fczenlemelere uygunluk durumlar\u0131 titizlikle incelendi. Denetimde belirlenen standartlara uygun olmayan \u00fcr\u00fcnler sebebiyle i\u015f yerlerine cezai i\u015flem uyguland\u0131. Denetim komisyonunda Sel\u00e7uklu \u0130l\u00e7e Emniyet M\u00fcd\u00fcrl\u00fc\u011f\u00fc\u2019nde g\u00f6revli polis memurlar\u0131 da e\u015flik etti. Standarda uyulmayan durumlarda yasal i\u015flem uygulan\u0131rken vatanda\u015flar da bilgilendiriliyor Sel\u00e7uklu Belediyesi Zab\u0131ta Denetim, \u0130l Ticaret M\u00fcd\u00fcrl\u00fc\u011f\u00fc ve \u0130l\u00e7e Tar\u0131m M\u00fcd\u00fcrl\u00fc\u011f\u00fc ekipleri market denetimlerinde kar\u015f\u0131la\u015ft\u0131klar\u0131 usuls\u00fczl\u00fckleri ve yanl\u0131\u015fl\u0131klar\u0131 tutanak alt\u0131na alarak, gerekli yasal i\u015flemleri de uyguluyorlar. \u0130\u015fletmelere, yasalarla belirlenen kurallara uygun hareket etmeleri gerekti\u011fi hat\u0131rlat\u0131l\u0131rken, t\u00fcketicilere ise haklar\u0131n\u0131 korumak i\u00e7in dikkatli olmalar\u0131 ve \u015f\u00fcpheli durumlar\u0131 yetkililere bildirimde bulunmalar\u0131 uyar\u0131s\u0131 yap\u0131l\u0131yor. Ba\u015fkan Pekyat\u0131rmac\u0131: \u201c Vatanda\u015flar\u0131m\u0131z\u0131n menfaatlerini her alanda korumaya devam ediyoruz\u201d Sel\u00e7uklu\u2019da t\u00fcketici g\u00fcvenli\u011fini de \u00f6n planda tuttuklar\u0131n\u0131 ve bu anlamda denetimlere aral\u0131ks\u0131z devam ettiklerini ifade eden &hellip;\" \/>\n<meta property=\"og:url\" content=\"https:\/\/denizcankizil.tr\/uk\/haberler\/gundem\/fahis-fiyata-ve-gunu-gecmis-urune-gecit-yok\/\" \/>\n<meta property=\"og:site_name\" content=\"Av. Deniz Can K\u0131z\u0131l\" \/>\n<meta property=\"article:published_time\" content=\"2025-02-13T11:42:27+00:00\" \/>\n<meta name=\"author\" content=\"admin\" \/>\n<meta name=\"twitter:card\" content=\"summary_large_image\" \/>\n<meta name=\"twitter:label1\" content=\"\u041d\u0430\u043f\u0438\u0441\u0430\u043d\u043e\" \/>\n\t<meta name=\"twitter:data1\" content=\"admin\" \/>\n\t<meta name=\"twitter:label2\" content=\"\u041f\u0440\u0438\u0431\u043b. \u0447\u0430\u0441 \u0447\u0438\u0442\u0430\u043d\u043d\u044f\" \/>\n\t<meta name=\"twitter:data2\" content=\"5 \u0445\u0432\u0438\u043b\u0438\u043d\" \/>\n<script type=\"application\/ld+json\" class=\"yoast-schema-graph\">{\"@context\":\"https:\/\/schema.org\",\"@graph\":[{\"@type\":\"Article\",\"@id\":\"https:\/\/denizcankizil.tr\/uk\/haberler\/gundem\/fahis-fiyata-ve-gunu-gecmis-urune-gecit-yok\/#article\",\"isPartOf\":{\"@id\":\"https:\/\/denizcankizil.tr\/uk\/haberler\/gundem\/fahis-fiyata-ve-gunu-gecmis-urune-gecit-yok\/\"},\"author\":{\"name\":\"admin\",\"@id\":\"https:\/\/denizcankizil.tr\/#\/schema\/person\/be3c05fe6a12686905512445d8185489\"},\"headline\":\"Fahi\u015f fiyata ve g\u00fcn\u00fc ge\u00e7mi\u015f \u00fcr\u00fcne ge\u00e7it yok!\",\"datePublished\":\"2025-02-13T11:42:27+00:00\",\"mainEntityOfPage\":{\"@id\":\"https:\/\/denizcankizil.tr\/uk\/haberler\/gundem\/fahis-fiyata-ve-gunu-gecmis-urune-gecit-yok\/\"},\"wordCount\":924,\"commentCount\":0,\"publisher\":{\"@id\":\"https:\/\/denizcankizil.tr\/#organization\"},\"articleSection\":[\"G\u00fcndem\"],\"inLanguage\":\"uk\",\"potentialAction\":[{\"@type\":\"CommentAction\",\"name\":\"Comment\",\"target\":[\"https:\/\/denizcankizil.tr\/uk\/haberler\/gundem\/fahis-fiyata-ve-gunu-gecmis-urune-gecit-yok\/#respond\"]}]},{\"@type\":\"WebPage\",\"@id\":\"https:\/\/denizcankizil.tr\/uk\/haberler\/gundem\/fahis-fiyata-ve-gunu-gecmis-urune-gecit-yok\/\",\"url\":\"https:\/\/denizcankizil.tr\/uk\/haberler\/gundem\/fahis-fiyata-ve-gunu-gecmis-urune-gecit-yok\/\",\"name\":\"Fahi\u015f fiyata ve g\u00fcn\u00fc ge\u00e7mi\u015f \u00fcr\u00fcne ge\u00e7it yok! - Av. Deniz Can K\u0131z\u0131l\",\"isPartOf\":{\"@id\":\"https:\/\/denizcankizil.tr\/#website\"},\"datePublished\":\"2025-02-13T11:42:27+00:00\",\"breadcrumb\":{\"@id\":\"https:\/\/denizcankizil.tr\/uk\/haberler\/gundem\/fahis-fiyata-ve-gunu-gecmis-urune-gecit-yok\/#breadcrumb\"},\"inLanguage\":\"uk\",\"potentialAction\":[{\"@type\":\"ReadAction\",\"target\":[\"https:\/\/denizcankizil.tr\/uk\/haberler\/gundem\/fahis-fiyata-ve-gunu-gecmis-urune-gecit-yok\/\"]}]},{\"@type\":\"BreadcrumbList\",\"@id\":\"https:\/\/denizcankizil.tr\/uk\/haberler\/gundem\/fahis-fiyata-ve-gunu-gecmis-urune-gecit-yok\/#breadcrumb\",\"itemListElement\":[{\"@type\":\"ListItem\",\"position\":1,\"name\":\"Home\",\"item\":\"https:\/\/denizcankizil.tr\/de\/\"},{\"@type\":\"ListItem\",\"position\":2,\"name\":\"Fahi\u015f fiyata ve g\u00fcn\u00fc ge\u00e7mi\u015f \u00fcr\u00fcne ge\u00e7it yok!\"}]},{\"@type\":\"WebSite\",\"@id\":\"https:\/\/denizcankizil.tr\/#website\",\"url\":\"https:\/\/denizcankizil.tr\/\",\"name\":\"Av. Deniz Can K\u0131z\u0131l\",\"description\":\"Avukat Deniz Can K\u0131z\u0131l Antalya Barosu\",\"publisher\":{\"@id\":\"https:\/\/denizcankizil.tr\/#organization\"},\"potentialAction\":[{\"@type\":\"SearchAction\",\"target\":{\"@type\":\"EntryPoint\",\"urlTemplate\":\"https:\/\/denizcankizil.tr\/?s={search_term_string}\"},\"query-input\":{\"@type\":\"PropertyValueSpecification\",\"valueRequired\":true,\"valueName\":\"search_term_string\"}}],\"inLanguage\":\"uk\"},{\"@type\":\"Organization\",\"@id\":\"https:\/\/denizcankizil.tr\/#organization\",\"name\":\"Av. Deniz Can K\u0131z\u0131l\",\"url\":\"https:\/\/denizcankizil.tr\/\",\"logo\":{\"@type\":\"ImageObject\",\"inLanguage\":\"uk\",\"@id\":\"https:\/\/denizcankizil.tr\/#\/schema\/logo\/image\/\",\"url\":\"https:\/\/denizcankizil.tr\/wp-content\/uploads\/2024\/10\/siyah-logo-svg.svg\",\"contentUrl\":\"https:\/\/denizcankizil.tr\/wp-content\/uploads\/2024\/10\/siyah-logo-svg.svg\",\"width\":1080,\"height\":1080,\"caption\":\"Av. Deniz Can K\u0131z\u0131l\"},\"image\":{\"@id\":\"https:\/\/denizcankizil.tr\/#\/schema\/logo\/image\/\"}},{\"@type\":\"Person\",\"@id\":\"https:\/\/denizcankizil.tr\/#\/schema\/person\/be3c05fe6a12686905512445d8185489\",\"name\":\"admin\",\"image\":{\"@type\":\"ImageObject\",\"inLanguage\":\"uk\",\"@id\":\"https:\/\/denizcankizil.tr\/#\/schema\/person\/image\/\",\"url\":\"https:\/\/secure.gravatar.com\/avatar\/c1fce94c830dc79107e174f890d7210541c4a63e8e5d816341794a2151c9d58c?s=96&d=mm&r=g\",\"contentUrl\":\"https:\/\/secure.gravatar.com\/avatar\/c1fce94c830dc79107e174f890d7210541c4a63e8e5d816341794a2151c9d58c?s=96&d=mm&r=g\",\"caption\":\"admin\"},\"sameAs\":[\"http:\/\/denizcankizil.tr\"],\"url\":\"https:\/\/www.iskenderun.org\/fahis-fiyata-ve-gunu-gecmis-urune-gecit-yok\"}]}<\/script>\n<!-- \/ Yoast SEO Premium plugin. -->","yoast_head_json":{"title":"Fahi\u015f fiyata ve g\u00fcn\u00fc ge\u00e7mi\u015f \u00fcr\u00fcne ge\u00e7it yok! - Av. Deniz Can K\u0131z\u0131l","robots":{"index":"index","follow":"follow","max-snippet":"max-snippet:-1","max-image-preview":"max-image-preview:large","max-video-preview":"max-video-preview:-1"},"canonical":"https:\/\/denizcankizil.tr\/uk\/haberler\/gundem\/fahis-fiyata-ve-gunu-gecmis-urune-gecit-yok\/","og_locale":"uk_UA","og_type":"article","og_title":"Fahi\u015f fiyata ve g\u00fcn\u00fc ge\u00e7mi\u015f \u00fcr\u00fcne ge\u00e7it yok!","og_description":"Konya Sel\u00e7uklu\u2019da vatanda\u015flar\u0131n ma\u011fduriyet ya\u015famamas\u0131 ad\u0131na marketlerde \u00fc\u00e7 kurumun i\u015f birli\u011fi ile denetim yap\u0131ld\u0131. Denetim ekibinde Sel\u00e7uklu Belediyesi Zab\u0131ta, Konya \u0130l Ticaret M\u00fcd\u00fcrl\u00fc\u011f\u00fc ile Sel\u00e7uklu \u0130l\u00e7e Tar\u0131m ve Orman M\u00fcd\u00fcrl\u00fc\u011f\u00fcekipleriyer ald\u0131.KONYA (\u0130GFA) &#8211; Konya\u00a0Sel\u00e7uklu Belediyesi vatanda\u015flar\u0131n haklar\u0131n\u0131 korumak ve haks\u0131z kazan\u00e7 elde edilmesini \u00f6nlemek amac\u0131yla yapt\u0131\u011f\u0131rutin denetimleri bu kez Konya \u0130l Ticaret M\u00fcd\u00fcrl\u00fc\u011f\u00fc, Sel\u00e7uklu \u0130l\u00e7e Tar\u0131m ve Orman M\u00fcd\u00fcrl\u00fc\u011f\u00fc i\u015f birli\u011fi ile ger\u00e7ekle\u015ftirdi. Yakla\u015fan Ramazan ay\u0131 \u00f6ncesinde geli\u015fig\u00fczel olarak se\u00e7ilen marketlerde ger\u00e7ekle\u015ftirilen denetimler kapsam\u0131nda sunulan \u00fcr\u00fcnlerin gramaj\u0131, fiyat, irsaliye kar\u015f\u0131la\u015ft\u0131rmas\u0131, son kullan\u0131m tarihi ve di\u011fer yasal d\u00fczenlemelere uygunluk durumlar\u0131 titizlikle incelendi. Denetimde belirlenen standartlara uygun olmayan \u00fcr\u00fcnler sebebiyle i\u015f yerlerine cezai i\u015flem uyguland\u0131. Denetim komisyonunda Sel\u00e7uklu \u0130l\u00e7e Emniyet M\u00fcd\u00fcrl\u00fc\u011f\u00fc\u2019nde g\u00f6revli polis memurlar\u0131 da e\u015flik etti. Standarda uyulmayan durumlarda yasal i\u015flem uygulan\u0131rken vatanda\u015flar da bilgilendiriliyor Sel\u00e7uklu Belediyesi Zab\u0131ta Denetim, \u0130l Ticaret M\u00fcd\u00fcrl\u00fc\u011f\u00fc ve \u0130l\u00e7e Tar\u0131m M\u00fcd\u00fcrl\u00fc\u011f\u00fc ekipleri market denetimlerinde kar\u015f\u0131la\u015ft\u0131klar\u0131 usuls\u00fczl\u00fckleri ve yanl\u0131\u015fl\u0131klar\u0131 tutanak alt\u0131na alarak, gerekli yasal i\u015flemleri de uyguluyorlar. \u0130\u015fletmelere, yasalarla belirlenen kurallara uygun hareket etmeleri gerekti\u011fi hat\u0131rlat\u0131l\u0131rken, t\u00fcketicilere ise haklar\u0131n\u0131 korumak i\u00e7in dikkatli olmalar\u0131 ve \u015f\u00fcpheli durumlar\u0131 yetkililere bildirimde bulunmalar\u0131 uyar\u0131s\u0131 yap\u0131l\u0131yor. Ba\u015fkan Pekyat\u0131rmac\u0131: \u201c Vatanda\u015flar\u0131m\u0131z\u0131n menfaatlerini her alanda korumaya devam ediyoruz\u201d Sel\u00e7uklu\u2019da t\u00fcketici g\u00fcvenli\u011fini de \u00f6n planda tuttuklar\u0131n\u0131 ve bu anlamda denetimlere aral\u0131ks\u0131z devam ettiklerini ifade eden &hellip;","og_url":"https:\/\/denizcankizil.tr\/uk\/haberler\/gundem\/fahis-fiyata-ve-gunu-gecmis-urune-gecit-yok\/","og_site_name":"Av. Deniz Can K\u0131z\u0131l","article_published_time":"2025-02-13T11:42:27+00:00","author":"admin","twitter_card":"summary_large_image","twitter_misc":{"\u041d\u0430\u043f\u0438\u0441\u0430\u043d\u043e":"admin","\u041f\u0440\u0438\u0431\u043b. \u0447\u0430\u0441 \u0447\u0438\u0442\u0430\u043d\u043d\u044f":"5 \u0445\u0432\u0438\u043b\u0438\u043d"},"schema":{"@context":"https:\/\/schema.org","@graph":[{"@type":"Article","@id":"https:\/\/denizcankizil.tr\/uk\/haberler\/gundem\/fahis-fiyata-ve-gunu-gecmis-urune-gecit-yok\/#article","isPartOf":{"@id":"https:\/\/denizcankizil.tr\/uk\/haberler\/gundem\/fahis-fiyata-ve-gunu-gecmis-urune-gecit-yok\/"},"author":{"name":"admin","@id":"https:\/\/denizcankizil.tr\/#\/schema\/person\/be3c05fe6a12686905512445d8185489"},"headline":"Fahi\u015f fiyata ve g\u00fcn\u00fc ge\u00e7mi\u015f \u00fcr\u00fcne ge\u00e7it yok!","datePublished":"2025-02-13T11:42:27+00:00","mainEntityOfPage":{"@id":"https:\/\/denizcankizil.tr\/uk\/haberler\/gundem\/fahis-fiyata-ve-gunu-gecmis-urune-gecit-yok\/"},"wordCount":924,"commentCount":0,"publisher":{"@id":"https:\/\/denizcankizil.tr\/#organization"},"articleSection":["G\u00fcndem"],"inLanguage":"uk","potentialAction":[{"@type":"CommentAction","name":"Comment","target":["https:\/\/denizcankizil.tr\/uk\/haberler\/gundem\/fahis-fiyata-ve-gunu-gecmis-urune-gecit-yok\/#respond"]}]},{"@type":"WebPage","@id":"https:\/\/denizcankizil.tr\/uk\/haberler\/gundem\/fahis-fiyata-ve-gunu-gecmis-urune-gecit-yok\/","url":"https:\/\/denizcankizil.tr\/uk\/haberler\/gundem\/fahis-fiyata-ve-gunu-gecmis-urune-gecit-yok\/","name":"Fahi\u015f fiyata ve g\u00fcn\u00fc ge\u00e7mi\u015f \u00fcr\u00fcne ge\u00e7it yok! - Av. Deniz Can K\u0131z\u0131l","isPartOf":{"@id":"https:\/\/denizcankizil.tr\/#website"},"datePublished":"2025-02-13T11:42:27+00:00","breadcrumb":{"@id":"https:\/\/denizcankizil.tr\/uk\/haberler\/gundem\/fahis-fiyata-ve-gunu-gecmis-urune-gecit-yok\/#breadcrumb"},"inLanguage":"uk","potentialAction":[{"@type":"ReadAction","target":["https:\/\/denizcankizil.tr\/uk\/haberler\/gundem\/fahis-fiyata-ve-gunu-gecmis-urune-gecit-yok\/"]}]},{"@type":"BreadcrumbList","@id":"https:\/\/denizcankizil.tr\/uk\/haberler\/gundem\/fahis-fiyata-ve-gunu-gecmis-urune-gecit-yok\/#breadcrumb","itemListElement":[{"@type":"ListItem","position":1,"name":"Home","item":"https:\/\/denizcankizil.tr\/de\/"},{"@type":"ListItem","position":2,"name":"Fahi\u015f fiyata ve g\u00fcn\u00fc ge\u00e7mi\u015f \u00fcr\u00fcne ge\u00e7it yok!"}]},{"@type":"WebSite","@id":"https:\/\/denizcankizil.tr\/#website","url":"https:\/\/denizcankizil.tr\/","name":"Av. Deniz Can K\u0131z\u0131l","description":"Avukat Deniz Can K\u0131z\u0131l Antalya Barosu","publisher":{"@id":"https:\/\/denizcankizil.tr\/#organization"},"potentialAction":[{"@type":"SearchAction","target":{"@type":"EntryPoint","urlTemplate":"https:\/\/denizcankizil.tr\/?s={search_term_string}"},"query-input":{"@type":"PropertyValueSpecification","valueRequired":true,"valueName":"search_term_string"}}],"inLanguage":"uk"},{"@type":"Organization","@id":"https:\/\/denizcankizil.tr\/#organization","name":"Av. Deniz Can K\u0131z\u0131l","url":"https:\/\/denizcankizil.tr\/","logo":{"@type":"ImageObject","inLanguage":"uk","@id":"https:\/\/denizcankizil.tr\/#\/schema\/logo\/image\/","url":"https:\/\/denizcankizil.tr\/wp-content\/uploads\/2024\/10\/siyah-logo-svg.svg","contentUrl":"https:\/\/denizcankizil.tr\/wp-content\/uploads\/2024\/10\/siyah-logo-svg.svg","width":1080,"height":1080,"caption":"Av. Deniz Can K\u0131z\u0131l"},"image":{"@id":"https:\/\/denizcankizil.tr\/#\/schema\/logo\/image\/"}},{"@type":"Person","@id":"https:\/\/denizcankizil.tr\/#\/schema\/person\/be3c05fe6a12686905512445d8185489","name":"\u0430\u0434\u043c\u0456\u043d","image":{"@type":"ImageObject","inLanguage":"uk","@id":"https:\/\/denizcankizil.tr\/#\/schema\/person\/image\/","url":"https:\/\/secure.gravatar.com\/avatar\/c1fce94c830dc79107e174f890d7210541c4a63e8e5d816341794a2151c9d58c?s=96&d=mm&r=g","contentUrl":"https:\/\/secure.gravatar.com\/avatar\/c1fce94c830dc79107e174f890d7210541c4a63e8e5d816341794a2151c9d58c?s=96&d=mm&r=g","caption":"admin"},"sameAs":["http:\/\/denizcankizil.tr"],"url":"https:\/\/www.iskenderun.org\/fahis-fiyata-ve-gunu-gecmis-urune-gecit-yok"}]}},"_links":{"self":[{"href":"https:\/\/denizcankizil.tr\/uk\/wp-json\/wp\/v2\/posts\/32523","targetHints":{"allow":["GET"]}}],"collection":[{"href":"https:\/\/denizcankizil.tr\/uk\/wp-json\/wp\/v2\/posts"}],"about":[{"href":"https:\/\/denizcankizil.tr\/uk\/wp-json\/wp\/v2\/types\/post"}],"author":[{"embeddable":true,"href":"https:\/\/denizcankizil.tr\/uk\/wp-json\/wp\/v2\/users\/1"}],"replies":[{"embeddable":true,"href":"https:\/\/denizcankizil.tr\/uk\/wp-json\/wp\/v2\/comments?post=32523"}],"version-history":[{"count":0,"href":"https:\/\/denizcankizil.tr\/uk\/wp-json\/wp\/v2\/posts\/32523\/revisions"}],"wp:attachment":[{"href":"https:\/\/denizcankizil.tr\/uk\/wp-json\/wp\/v2\/media?parent=32523"}],"wp:term":[{"taxonomy":"category","embeddable":true,"href":"https:\/\/denizcankizil.tr\/uk\/wp-json\/wp\/v2\/categories?post=32523"},{"taxonomy":"post_tag","embeddable":true,"href":"https:\/\/denizcankizil.tr\/uk\/wp-json\/wp\/v2\/tags?post=32523"}],"curies":[{"name":"wp","href":"https:\/\/api.w.org\/{rel}","templated":true}]}}