{"id":32514,"date":"2025-02-13T14:42:02","date_gmt":"2025-02-13T11:42:02","guid":{"rendered":"https:\/\/denizcankizil.tr\/uncategorized-tr\/vatandasin-32-milyon-lirasini-dolandiran-zanli-kameralardan-yakalandi\/"},"modified":"2025-02-13T14:42:02","modified_gmt":"2025-02-13T11:42:02","slug":"vatandasin-32-milyon-lirasini-dolandiran-zanli-kameralardan-yakalandi","status":"publish","type":"post","link":"https:\/\/denizcankizil.tr\/uk\/haberler\/antalya\/vatandasin-32-milyon-lirasini-dolandiran-zanli-kameralardan-yakalandi\/","title":{"rendered":"Vatanda\u015f\u0131n 32 milyon liras\u0131n\u0131 doland\u0131ran zanl\u0131 kameralardan yakaland\u0131"},"content":{"rendered":"<p>\u0130l Emniyet M\u00fcd\u00fcrl\u00fc\u011f\u00fc Asayi\u015f \u015eube M\u00fcd\u00fcrl\u00fc\u011f\u00fcne m\u00fcracaatta bulunan Y.\u0130. isimli vatanda\u015f, telefonda kendisini polis olarak tan\u0131tan ki\u015fi taraf\u0131ndan su\u00e7 i\u015fledi\u011fi y\u00f6n\u00fcnde bask\u0131 alt\u0131na al\u0131narak, Manavgat il\u00e7esindeki yakla\u015f\u0131k 32 milyon TL de\u011ferindeki 4 arsas\u0131n\u0131 satt\u0131\u011f\u0131n\u0131, paray\u0131 2 farkl\u0131 tarihte Kumluca ve Finike il\u00e7elerinde \u015fahsa elden teslim etti\u011fini belirterek \u015fikayet\u00e7i oldu. Bunun \u00fczerine ekipler \u015f\u00fcphelinin yakalanmas\u0131 i\u00e7in \u00e7al\u0131\u015fma ba\u015flatt\u0131. \u00c7ok say\u0131da g\u00fcvenlik kamera kayd\u0131 inceleyen ekipler yap\u0131lan detayl\u0131 ara\u015ft\u0131rmada paray\u0131 alan \u015f\u00fcphelinin \u0130.A. oldu\u011funu tespit etti. Yap\u0131lan takip sonucu \u0130.A Demre il\u00e7esinde yakalanarak g\u00f6zalt\u0131na al\u0131nd\u0131. \u015e\u00fcphelinin \u00fczerinde ve evinde yap\u0131lan aramalarda bulunan 32 bin liraya el konuldu. \u0130.A. \u2018nitelikli doland\u0131r\u0131c\u0131l\u0131k&#8217; su\u00e7undan sevk edildi\u011fi adli makamlarca tutukland\u0131.<\/p>\n<p>Kaynak: www.kanalv.com.tr Haber Sitesinden Al\u0131nm\u0131\u015ft\u0131r.<\/p>","protected":false},"excerpt":{"rendered":"<p>\u0130l Emniyet M\u00fcd\u00fcrl\u00fc\u011f\u00fc Asayi\u015f \u015eube M\u00fcd\u00fcrl\u00fc\u011f\u00fcne m\u00fcracaatta bulunan Y.\u0130. isimli vatanda\u015f, telefonda kendisini polis olarak tan\u0131tan ki\u015fi taraf\u0131ndan su\u00e7 i\u015fledi\u011fi y\u00f6n\u00fcnde bask\u0131 alt\u0131na al\u0131narak, Manavgat il\u00e7esindeki yakla\u015f\u0131k 32 milyon TL de\u011ferindeki 4 arsas\u0131n\u0131 satt\u0131\u011f\u0131n\u0131, paray\u0131 2 farkl\u0131 tarihte Kumluca ve Finike il\u00e7elerinde \u015fahsa elden teslim etti\u011fini belirterek \u015fikayet\u00e7i oldu. Bunun \u00fczerine ekipler \u015f\u00fcphelinin yakalanmas\u0131 i\u00e7in \u00e7al\u0131\u015fma ba\u015flatt\u0131. \u00c7ok say\u0131da g\u00fcvenlik kamera kayd\u0131 inceleyen ekipler yap\u0131lan detayl\u0131 ara\u015ft\u0131rmada paray\u0131 alan \u015f\u00fcphelinin \u0130.A. oldu\u011funu tespit etti. Yap\u0131lan takip sonucu \u0130.A Demre il\u00e7esinde yakalanarak g\u00f6zalt\u0131na al\u0131nd\u0131. \u015e\u00fcphelinin \u00fczerinde ve evinde yap\u0131lan aramalarda bulunan 32 bin liraya el konuldu. \u0130.A. \u2018nitelikli doland\u0131r\u0131c\u0131l\u0131k&#8217; su\u00e7undan sevk edildi\u011fi adli makamlarca tutukland\u0131. Kaynak: www.kanalv.com.tr Haber Sitesinden Al\u0131nm\u0131\u015ft\u0131r.<\/p>","protected":false},"author":4,"featured_media":32515,"comment_status":"open","ping_status":"open","sticky":false,"template":"","format":"standard","meta":{"_acf_changed":false,"footnotes":""},"categories":[26],"tags":[],"class_list":["post-32514","post","type-post","status-publish","format-standard","has-post-thumbnail","hentry","category-antalya"],"acf":[],"yoast_head":"<!-- This site is optimized with the Yoast SEO Premium plugin v26.6 (Yoast SEO v27.1.1) - https:\/\/yoast.com\/product\/yoast-seo-premium-wordpress\/ -->\n<title>Vatanda\u015f\u0131n 32 milyon liras\u0131n\u0131 doland\u0131ran zanl\u0131 kameralardan yakaland\u0131 - Av. Deniz Can K\u0131z\u0131l<\/title>\n<meta name=\"robots\" content=\"index, follow, max-snippet:-1, max-image-preview:large, max-video-preview:-1\" \/>\n<link rel=\"canonical\" href=\"https:\/\/denizcankizil.tr\/uk\/haberler\/antalya\/vatandasin-32-milyon-lirasini-dolandiran-zanli-kameralardan-yakalandi\/\" \/>\n<meta property=\"og:locale\" content=\"uk_UA\" \/>\n<meta property=\"og:type\" content=\"article\" \/>\n<meta property=\"og:title\" content=\"Vatanda\u015f\u0131n 32 milyon liras\u0131n\u0131 doland\u0131ran zanl\u0131 kameralardan yakaland\u0131\" \/>\n<meta property=\"og:description\" content=\"\u0130l Emniyet M\u00fcd\u00fcrl\u00fc\u011f\u00fc Asayi\u015f \u015eube M\u00fcd\u00fcrl\u00fc\u011f\u00fcne m\u00fcracaatta bulunan Y.\u0130. isimli vatanda\u015f, telefonda kendisini polis olarak tan\u0131tan ki\u015fi taraf\u0131ndan su\u00e7 i\u015fledi\u011fi y\u00f6n\u00fcnde bask\u0131 alt\u0131na al\u0131narak, Manavgat il\u00e7esindeki yakla\u015f\u0131k 32 milyon TL de\u011ferindeki 4 arsas\u0131n\u0131 satt\u0131\u011f\u0131n\u0131, paray\u0131 2 farkl\u0131 tarihte Kumluca ve Finike il\u00e7elerinde \u015fahsa elden teslim etti\u011fini belirterek \u015fikayet\u00e7i oldu. Bunun \u00fczerine ekipler \u015f\u00fcphelinin yakalanmas\u0131 i\u00e7in \u00e7al\u0131\u015fma ba\u015flatt\u0131. \u00c7ok say\u0131da g\u00fcvenlik kamera kayd\u0131 inceleyen ekipler yap\u0131lan detayl\u0131 ara\u015ft\u0131rmada paray\u0131 alan \u015f\u00fcphelinin \u0130.A. oldu\u011funu tespit etti. Yap\u0131lan takip sonucu \u0130.A Demre il\u00e7esinde yakalanarak g\u00f6zalt\u0131na al\u0131nd\u0131. \u015e\u00fcphelinin \u00fczerinde ve evinde yap\u0131lan aramalarda bulunan 32 bin liraya el konuldu. \u0130.A. \u2018nitelikli doland\u0131r\u0131c\u0131l\u0131k&#8217; su\u00e7undan sevk edildi\u011fi adli makamlarca tutukland\u0131. Kaynak: www.kanalv.com.tr Haber Sitesinden Al\u0131nm\u0131\u015ft\u0131r.\" \/>\n<meta property=\"og:url\" content=\"https:\/\/denizcankizil.tr\/uk\/haberler\/antalya\/vatandasin-32-milyon-lirasini-dolandiran-zanli-kameralardan-yakalandi\/\" \/>\n<meta property=\"og:site_name\" content=\"Av. Deniz Can K\u0131z\u0131l\" \/>\n<meta property=\"article:published_time\" content=\"2025-02-13T11:42:02+00:00\" \/>\n<meta property=\"og:image\" content=\"https:\/\/denizcankizil.tr\/wp-content\/uploads\/2025\/02\/4624-01-gLGPr6.jpeg\" \/>\n\t<meta property=\"og:image:width\" content=\"1280\" \/>\n\t<meta property=\"og:image:height\" content=\"720\" \/>\n\t<meta property=\"og:image:type\" content=\"image\/jpeg\" \/>\n<meta name=\"author\" content=\"Av. Deniz Can K\u0131z\u0131l\" \/>\n<meta name=\"twitter:card\" content=\"summary_large_image\" \/>\n<meta name=\"twitter:label1\" content=\"\u041d\u0430\u043f\u0438\u0441\u0430\u043d\u043e\" \/>\n\t<meta name=\"twitter:data1\" content=\"Av. Deniz Can K\u0131z\u0131l\" \/>\n\t<meta name=\"twitter:label2\" content=\"\u041f\u0440\u0438\u0431\u043b. \u0447\u0430\u0441 \u0447\u0438\u0442\u0430\u043d\u043d\u044f\" \/>\n\t<meta name=\"twitter:data2\" content=\"1 \u0445\u0432\u0438\u043b\u0438\u043d\u0430\" \/>\n<script type=\"application\/ld+json\" class=\"yoast-schema-graph\">{\"@context\":\"https:\/\/schema.org\",\"@graph\":[{\"@type\":\"Article\",\"@id\":\"https:\/\/denizcankizil.tr\/ru\/haberler\/antalya\/vatandasin-32-milyon-lirasini-dolandiran-zanli-kameralardan-yakalandi\/#article\",\"isPartOf\":{\"@id\":\"https:\/\/denizcankizil.tr\/ru\/haberler\/antalya\/vatandasin-32-milyon-lirasini-dolandiran-zanli-kameralardan-yakalandi\/\"},\"author\":{\"name\":\"Av. Deniz Can K\u0131z\u0131l\",\"@id\":\"https:\/\/denizcankizil.tr\/de\/#\/schema\/person\/5dc1b22991bd7ac833867c10afc9b0ff\"},\"headline\":\"Vatanda\u015f\u0131n 32 milyon liras\u0131n\u0131 doland\u0131ran zanl\u0131 kameralardan yakaland\u0131\",\"datePublished\":\"2025-02-13T11:42:02+00:00\",\"mainEntityOfPage\":{\"@id\":\"https:\/\/denizcankizil.tr\/ru\/haberler\/antalya\/vatandasin-32-milyon-lirasini-dolandiran-zanli-kameralardan-yakalandi\/\"},\"wordCount\":165,\"commentCount\":0,\"publisher\":{\"@id\":\"https:\/\/denizcankizil.tr\/de\/#organization\"},\"image\":{\"@id\":\"https:\/\/denizcankizil.tr\/ru\/haberler\/antalya\/vatandasin-32-milyon-lirasini-dolandiran-zanli-kameralardan-yakalandi\/#primaryimage\"},\"thumbnailUrl\":\"https:\/\/denizcankizil.tr\/wp-content\/uploads\/2025\/02\/4624-01-gLGPr6.jpeg\",\"articleSection\":[\"Antalya\"],\"inLanguage\":\"uk\",\"potentialAction\":[{\"@type\":\"CommentAction\",\"name\":\"Comment\",\"target\":[\"https:\/\/denizcankizil.tr\/ru\/haberler\/antalya\/vatandasin-32-milyon-lirasini-dolandiran-zanli-kameralardan-yakalandi\/#respond\"]}]},{\"@type\":\"WebPage\",\"@id\":\"https:\/\/denizcankizil.tr\/ru\/haberler\/antalya\/vatandasin-32-milyon-lirasini-dolandiran-zanli-kameralardan-yakalandi\/\",\"url\":\"https:\/\/denizcankizil.tr\/ru\/haberler\/antalya\/vatandasin-32-milyon-lirasini-dolandiran-zanli-kameralardan-yakalandi\/\",\"name\":\"Vatanda\u015f\u0131n 32 milyon liras\u0131n\u0131 doland\u0131ran zanl\u0131 kameralardan yakaland\u0131 - Av. Deniz Can K\u0131z\u0131l\",\"isPartOf\":{\"@id\":\"https:\/\/denizcankizil.tr\/de\/#website\"},\"primaryImageOfPage\":{\"@id\":\"https:\/\/denizcankizil.tr\/ru\/haberler\/antalya\/vatandasin-32-milyon-lirasini-dolandiran-zanli-kameralardan-yakalandi\/#primaryimage\"},\"image\":{\"@id\":\"https:\/\/denizcankizil.tr\/ru\/haberler\/antalya\/vatandasin-32-milyon-lirasini-dolandiran-zanli-kameralardan-yakalandi\/#primaryimage\"},\"thumbnailUrl\":\"https:\/\/denizcankizil.tr\/wp-content\/uploads\/2025\/02\/4624-01-gLGPr6.jpeg\",\"datePublished\":\"2025-02-13T11:42:02+00:00\",\"breadcrumb\":{\"@id\":\"https:\/\/denizcankizil.tr\/ru\/haberler\/antalya\/vatandasin-32-milyon-lirasini-dolandiran-zanli-kameralardan-yakalandi\/#breadcrumb\"},\"inLanguage\":\"uk\",\"potentialAction\":[{\"@type\":\"ReadAction\",\"target\":[\"https:\/\/denizcankizil.tr\/ru\/haberler\/antalya\/vatandasin-32-milyon-lirasini-dolandiran-zanli-kameralardan-yakalandi\/\"]}]},{\"@type\":\"ImageObject\",\"inLanguage\":\"uk\",\"@id\":\"https:\/\/denizcankizil.tr\/ru\/haberler\/antalya\/vatandasin-32-milyon-lirasini-dolandiran-zanli-kameralardan-yakalandi\/#primaryimage\",\"url\":\"https:\/\/denizcankizil.tr\/wp-content\/uploads\/2025\/02\/4624-01-gLGPr6.jpeg\",\"contentUrl\":\"https:\/\/denizcankizil.tr\/wp-content\/uploads\/2025\/02\/4624-01-gLGPr6.jpeg\",\"width\":1280,\"height\":720},{\"@type\":\"BreadcrumbList\",\"@id\":\"https:\/\/denizcankizil.tr\/ru\/haberler\/antalya\/vatandasin-32-milyon-lirasini-dolandiran-zanli-kameralardan-yakalandi\/#breadcrumb\",\"itemListElement\":[{\"@type\":\"ListItem\",\"position\":1,\"name\":\"Home\",\"item\":\"https:\/\/denizcankizil.tr\/de\/\"},{\"@type\":\"ListItem\",\"position\":2,\"name\":\"Vatanda\u015f\u0131n 32 milyon liras\u0131n\u0131 doland\u0131ran zanl\u0131 kameralardan yakaland\u0131\"}]},{\"@type\":\"WebSite\",\"@id\":\"https:\/\/denizcankizil.tr\/de\/#website\",\"url\":\"https:\/\/denizcankizil.tr\/de\/\",\"name\":\"Av. Deniz Can K\u0131z\u0131l\",\"description\":\"Avukat Deniz Can K\u0131z\u0131l Antalya Barosu\",\"publisher\":{\"@id\":\"https:\/\/denizcankizil.tr\/de\/#organization\"},\"potentialAction\":[{\"@type\":\"SearchAction\",\"target\":{\"@type\":\"EntryPoint\",\"urlTemplate\":\"https:\/\/denizcankizil.tr\/de\/?s={search_term_string}\"},\"query-input\":{\"@type\":\"PropertyValueSpecification\",\"valueRequired\":true,\"valueName\":\"search_term_string\"}}],\"inLanguage\":\"uk\"},{\"@type\":\"Organization\",\"@id\":\"https:\/\/denizcankizil.tr\/de\/#organization\",\"name\":\"Av. Deniz Can K\u0131z\u0131l\",\"url\":\"https:\/\/denizcankizil.tr\/de\/\",\"logo\":{\"@type\":\"ImageObject\",\"inLanguage\":\"uk\",\"@id\":\"https:\/\/denizcankizil.tr\/de\/#\/schema\/logo\/image\/\",\"url\":\"https:\/\/denizcankizil.tr\/wp-content\/uploads\/2024\/10\/siyah-logo-svg.svg\",\"contentUrl\":\"https:\/\/denizcankizil.tr\/wp-content\/uploads\/2024\/10\/siyah-logo-svg.svg\",\"width\":1080,\"height\":1080,\"caption\":\"Av. Deniz Can K\u0131z\u0131l\"},\"image\":{\"@id\":\"https:\/\/denizcankizil.tr\/de\/#\/schema\/logo\/image\/\"}},{\"@type\":\"Person\",\"@id\":\"https:\/\/denizcankizil.tr\/de\/#\/schema\/person\/5dc1b22991bd7ac833867c10afc9b0ff\",\"name\":\"Av. Deniz Can K\u0131z\u0131l\",\"image\":{\"@type\":\"ImageObject\",\"inLanguage\":\"uk\",\"@id\":\"https:\/\/denizcankizil.tr\/de\/#\/schema\/person\/image\/\",\"url\":\"https:\/\/secure.gravatar.com\/avatar\/a0b128fb9855c79efc976d5640eedb31dc35ec297594d6016d2cf7c60e975bb6?s=96&d=mm&r=g\",\"contentUrl\":\"https:\/\/secure.gravatar.com\/avatar\/a0b128fb9855c79efc976d5640eedb31dc35ec297594d6016d2cf7c60e975bb6?s=96&d=mm&r=g\",\"caption\":\"Av. Deniz Can K\u0131z\u0131l\"},\"sameAs\":[\"http:\/\/www.denizcankizil.tr\"],\"url\":\"https:\/\/denizcankizil.tr\/uk\/author\/denizcankizil\/\"}]}<\/script>\n<!-- \/ Yoast SEO Premium plugin. -->","yoast_head_json":{"title":"Vatanda\u015f\u0131n 32 milyon liras\u0131n\u0131 doland\u0131ran zanl\u0131 kameralardan yakaland\u0131 - Av. Deniz Can K\u0131z\u0131l","robots":{"index":"index","follow":"follow","max-snippet":"max-snippet:-1","max-image-preview":"max-image-preview:large","max-video-preview":"max-video-preview:-1"},"canonical":"https:\/\/denizcankizil.tr\/uk\/haberler\/antalya\/vatandasin-32-milyon-lirasini-dolandiran-zanli-kameralardan-yakalandi\/","og_locale":"uk_UA","og_type":"article","og_title":"Vatanda\u015f\u0131n 32 milyon liras\u0131n\u0131 doland\u0131ran zanl\u0131 kameralardan yakaland\u0131","og_description":"\u0130l Emniyet M\u00fcd\u00fcrl\u00fc\u011f\u00fc Asayi\u015f \u015eube M\u00fcd\u00fcrl\u00fc\u011f\u00fcne m\u00fcracaatta bulunan Y.\u0130. isimli vatanda\u015f, telefonda kendisini polis olarak tan\u0131tan ki\u015fi taraf\u0131ndan su\u00e7 i\u015fledi\u011fi y\u00f6n\u00fcnde bask\u0131 alt\u0131na al\u0131narak, Manavgat il\u00e7esindeki yakla\u015f\u0131k 32 milyon TL de\u011ferindeki 4 arsas\u0131n\u0131 satt\u0131\u011f\u0131n\u0131, paray\u0131 2 farkl\u0131 tarihte Kumluca ve Finike il\u00e7elerinde \u015fahsa elden teslim etti\u011fini belirterek \u015fikayet\u00e7i oldu. Bunun \u00fczerine ekipler \u015f\u00fcphelinin yakalanmas\u0131 i\u00e7in \u00e7al\u0131\u015fma ba\u015flatt\u0131. \u00c7ok say\u0131da g\u00fcvenlik kamera kayd\u0131 inceleyen ekipler yap\u0131lan detayl\u0131 ara\u015ft\u0131rmada paray\u0131 alan \u015f\u00fcphelinin \u0130.A. oldu\u011funu tespit etti. Yap\u0131lan takip sonucu \u0130.A Demre il\u00e7esinde yakalanarak g\u00f6zalt\u0131na al\u0131nd\u0131. \u015e\u00fcphelinin \u00fczerinde ve evinde yap\u0131lan aramalarda bulunan 32 bin liraya el konuldu. \u0130.A. \u2018nitelikli doland\u0131r\u0131c\u0131l\u0131k&#8217; su\u00e7undan sevk edildi\u011fi adli makamlarca tutukland\u0131. Kaynak: www.kanalv.com.tr Haber Sitesinden Al\u0131nm\u0131\u015ft\u0131r.","og_url":"https:\/\/denizcankizil.tr\/uk\/haberler\/antalya\/vatandasin-32-milyon-lirasini-dolandiran-zanli-kameralardan-yakalandi\/","og_site_name":"Av. Deniz Can K\u0131z\u0131l","article_published_time":"2025-02-13T11:42:02+00:00","og_image":[{"width":1280,"height":720,"url":"https:\/\/denizcankizil.tr\/wp-content\/uploads\/2025\/02\/4624-01-gLGPr6.jpeg","type":"image\/jpeg"}],"author":"Av. Deniz Can K\u0131z\u0131l","twitter_card":"summary_large_image","twitter_misc":{"\u041d\u0430\u043f\u0438\u0441\u0430\u043d\u043e":"Av. Deniz Can K\u0131z\u0131l","\u041f\u0440\u0438\u0431\u043b. \u0447\u0430\u0441 \u0447\u0438\u0442\u0430\u043d\u043d\u044f":"1 \u0445\u0432\u0438\u043b\u0438\u043d\u0430"},"schema":{"@context":"https:\/\/schema.org","@graph":[{"@type":"Article","@id":"https:\/\/denizcankizil.tr\/ru\/haberler\/antalya\/vatandasin-32-milyon-lirasini-dolandiran-zanli-kameralardan-yakalandi\/#article","isPartOf":{"@id":"https:\/\/denizcankizil.tr\/ru\/haberler\/antalya\/vatandasin-32-milyon-lirasini-dolandiran-zanli-kameralardan-yakalandi\/"},"author":{"name":"Av. Deniz Can K\u0131z\u0131l","@id":"https:\/\/denizcankizil.tr\/de\/#\/schema\/person\/5dc1b22991bd7ac833867c10afc9b0ff"},"headline":"Vatanda\u015f\u0131n 32 milyon liras\u0131n\u0131 doland\u0131ran zanl\u0131 kameralardan yakaland\u0131","datePublished":"2025-02-13T11:42:02+00:00","mainEntityOfPage":{"@id":"https:\/\/denizcankizil.tr\/ru\/haberler\/antalya\/vatandasin-32-milyon-lirasini-dolandiran-zanli-kameralardan-yakalandi\/"},"wordCount":165,"commentCount":0,"publisher":{"@id":"https:\/\/denizcankizil.tr\/de\/#organization"},"image":{"@id":"https:\/\/denizcankizil.tr\/ru\/haberler\/antalya\/vatandasin-32-milyon-lirasini-dolandiran-zanli-kameralardan-yakalandi\/#primaryimage"},"thumbnailUrl":"https:\/\/denizcankizil.tr\/wp-content\/uploads\/2025\/02\/4624-01-gLGPr6.jpeg","articleSection":["Antalya"],"inLanguage":"uk","potentialAction":[{"@type":"CommentAction","name":"Comment","target":["https:\/\/denizcankizil.tr\/ru\/haberler\/antalya\/vatandasin-32-milyon-lirasini-dolandiran-zanli-kameralardan-yakalandi\/#respond"]}]},{"@type":"WebPage","@id":"https:\/\/denizcankizil.tr\/ru\/haberler\/antalya\/vatandasin-32-milyon-lirasini-dolandiran-zanli-kameralardan-yakalandi\/","url":"https:\/\/denizcankizil.tr\/ru\/haberler\/antalya\/vatandasin-32-milyon-lirasini-dolandiran-zanli-kameralardan-yakalandi\/","name":"Vatanda\u015f\u0131n 32 milyon liras\u0131n\u0131 doland\u0131ran zanl\u0131 kameralardan yakaland\u0131 - Av. Deniz Can K\u0131z\u0131l","isPartOf":{"@id":"https:\/\/denizcankizil.tr\/de\/#website"},"primaryImageOfPage":{"@id":"https:\/\/denizcankizil.tr\/ru\/haberler\/antalya\/vatandasin-32-milyon-lirasini-dolandiran-zanli-kameralardan-yakalandi\/#primaryimage"},"image":{"@id":"https:\/\/denizcankizil.tr\/ru\/haberler\/antalya\/vatandasin-32-milyon-lirasini-dolandiran-zanli-kameralardan-yakalandi\/#primaryimage"},"thumbnailUrl":"https:\/\/denizcankizil.tr\/wp-content\/uploads\/2025\/02\/4624-01-gLGPr6.jpeg","datePublished":"2025-02-13T11:42:02+00:00","breadcrumb":{"@id":"https:\/\/denizcankizil.tr\/ru\/haberler\/antalya\/vatandasin-32-milyon-lirasini-dolandiran-zanli-kameralardan-yakalandi\/#breadcrumb"},"inLanguage":"uk","potentialAction":[{"@type":"ReadAction","target":["https:\/\/denizcankizil.tr\/ru\/haberler\/antalya\/vatandasin-32-milyon-lirasini-dolandiran-zanli-kameralardan-yakalandi\/"]}]},{"@type":"ImageObject","inLanguage":"uk","@id":"https:\/\/denizcankizil.tr\/ru\/haberler\/antalya\/vatandasin-32-milyon-lirasini-dolandiran-zanli-kameralardan-yakalandi\/#primaryimage","url":"https:\/\/denizcankizil.tr\/wp-content\/uploads\/2025\/02\/4624-01-gLGPr6.jpeg","contentUrl":"https:\/\/denizcankizil.tr\/wp-content\/uploads\/2025\/02\/4624-01-gLGPr6.jpeg","width":1280,"height":720},{"@type":"BreadcrumbList","@id":"https:\/\/denizcankizil.tr\/ru\/haberler\/antalya\/vatandasin-32-milyon-lirasini-dolandiran-zanli-kameralardan-yakalandi\/#breadcrumb","itemListElement":[{"@type":"ListItem","position":1,"name":"Home","item":"https:\/\/denizcankizil.tr\/de\/"},{"@type":"ListItem","position":2,"name":"Vatanda\u015f\u0131n 32 milyon liras\u0131n\u0131 doland\u0131ran zanl\u0131 kameralardan yakaland\u0131"}]},{"@type":"WebSite","@id":"https:\/\/denizcankizil.tr\/de\/#website","url":"https:\/\/denizcankizil.tr\/de\/","name":"Av. Deniz Can K\u0131z\u0131l","description":"Avukat Deniz Can K\u0131z\u0131l Antalya Barosu","publisher":{"@id":"https:\/\/denizcankizil.tr\/de\/#organization"},"potentialAction":[{"@type":"SearchAction","target":{"@type":"EntryPoint","urlTemplate":"https:\/\/denizcankizil.tr\/de\/?s={search_term_string}"},"query-input":{"@type":"PropertyValueSpecification","valueRequired":true,"valueName":"search_term_string"}}],"inLanguage":"uk"},{"@type":"Organization","@id":"https:\/\/denizcankizil.tr\/de\/#organization","name":"Av. Deniz Can K\u0131z\u0131l","url":"https:\/\/denizcankizil.tr\/de\/","logo":{"@type":"ImageObject","inLanguage":"uk","@id":"https:\/\/denizcankizil.tr\/de\/#\/schema\/logo\/image\/","url":"https:\/\/denizcankizil.tr\/wp-content\/uploads\/2024\/10\/siyah-logo-svg.svg","contentUrl":"https:\/\/denizcankizil.tr\/wp-content\/uploads\/2024\/10\/siyah-logo-svg.svg","width":1080,"height":1080,"caption":"Av. Deniz Can K\u0131z\u0131l"},"image":{"@id":"https:\/\/denizcankizil.tr\/de\/#\/schema\/logo\/image\/"}},{"@type":"Person","@id":"https:\/\/denizcankizil.tr\/de\/#\/schema\/person\/5dc1b22991bd7ac833867c10afc9b0ff","name":"Av. Deniz Can K\u0131z\u0131l","image":{"@type":"ImageObject","inLanguage":"uk","@id":"https:\/\/denizcankizil.tr\/de\/#\/schema\/person\/image\/","url":"https:\/\/secure.gravatar.com\/avatar\/a0b128fb9855c79efc976d5640eedb31dc35ec297594d6016d2cf7c60e975bb6?s=96&d=mm&r=g","contentUrl":"https:\/\/secure.gravatar.com\/avatar\/a0b128fb9855c79efc976d5640eedb31dc35ec297594d6016d2cf7c60e975bb6?s=96&d=mm&r=g","caption":"Av. Deniz Can K\u0131z\u0131l"},"sameAs":["http:\/\/www.denizcankizil.tr"],"url":"https:\/\/denizcankizil.tr\/uk\/author\/denizcankizil\/"}]}},"_links":{"self":[{"href":"https:\/\/denizcankizil.tr\/uk\/wp-json\/wp\/v2\/posts\/32514","targetHints":{"allow":["GET"]}}],"collection":[{"href":"https:\/\/denizcankizil.tr\/uk\/wp-json\/wp\/v2\/posts"}],"about":[{"href":"https:\/\/denizcankizil.tr\/uk\/wp-json\/wp\/v2\/types\/post"}],"author":[{"embeddable":true,"href":"https:\/\/denizcankizil.tr\/uk\/wp-json\/wp\/v2\/users\/4"}],"replies":[{"embeddable":true,"href":"https:\/\/denizcankizil.tr\/uk\/wp-json\/wp\/v2\/comments?post=32514"}],"version-history":[{"count":0,"href":"https:\/\/denizcankizil.tr\/uk\/wp-json\/wp\/v2\/posts\/32514\/revisions"}],"wp:featuredmedia":[{"embeddable":true,"href":"https:\/\/denizcankizil.tr\/uk\/wp-json\/wp\/v2\/media\/32515"}],"wp:attachment":[{"href":"https:\/\/denizcankizil.tr\/uk\/wp-json\/wp\/v2\/media?parent=32514"}],"wp:term":[{"taxonomy":"category","embeddable":true,"href":"https:\/\/denizcankizil.tr\/uk\/wp-json\/wp\/v2\/categories?post=32514"},{"taxonomy":"post_tag","embeddable":true,"href":"https:\/\/denizcankizil.tr\/uk\/wp-json\/wp\/v2\/tags?post=32514"}],"curies":[{"name":"wp","href":"https:\/\/api.w.org\/{rel}","templated":true}]}}