{"id":32436,"date":"2025-02-13T09:41:26","date_gmt":"2025-02-13T06:41:26","guid":{"rendered":"https:\/\/denizcankizil.tr\/uncategorized-tr\/unlu-sarkici-ilyas-yalcintasin-hakaret-davasi-sonuclandi\/"},"modified":"2025-02-13T09:41:26","modified_gmt":"2025-02-13T06:41:26","slug":"unlu-sarkici-ilyas-yalcintasin-hakaret-davasi-sonuclandi","status":"publish","type":"post","link":"https:\/\/denizcankizil.tr\/uk\/haberler\/gundem\/unlu-sarkici-ilyas-yalcintasin-hakaret-davasi-sonuclandi\/","title":{"rendered":"\u00dcnl\u00fc \u015fark\u0131c\u0131 \u0130lyas Yal\u00e7\u0131nta\u015f&#8217;\u0131n hakaret davas\u0131 sonu\u00e7land\u0131"},"content":{"rendered":"<p>\u0130stanbul&#8217;da Ocak 2024&#8217;de \u015fark\u0131c\u0131 \u0130lyas Yal\u00e7\u0131nta\u015f&#8217;\u0131n, \u0130ran uyruklu Mahsa H.&#8217;ye mesajla\u015fma uygulamas\u0131 \u00fczerinden hakaret i\u00e7erikli mesajlar g\u00f6nderdi\u011fi iddias\u0131yla yarg\u0131land\u0131\u011f\u0131 dava karara ba\u011fland\u0131. Yal\u00e7\u0131nta\u015f,\u00a0 3 bin 750 lira adli para cezas\u0131na \u00e7arpt\u0131r\u0131ld\u0131.<\/p>\n<p>TOPLUMA \u00d6RNEK OLMASI GEREK\u0130R\u00a0<\/p>\n<p>\u0130stanbul Asliye Ceza Mahkemesi&#8217;nde g\u00f6r\u00fclen duru\u015fmada taraf avukatlar\u0131 haz\u0131r bulundu.\u00a0M\u00fc\u015fteki avukat\u0131 Ali Kemal At\u00e7eken esasa ili\u015fkin ifadesinde, \u2018&#8217;San\u0131k \u0130lyas Yal\u00e7\u0131nta\u015f&#8217;\u0131n tan\u0131nm\u0131\u015f bir ki\u015fi olmas\u0131 nedeniyle topluma \u00f6rnek olmas\u0131 gerekir. Bu olay sadece hakaret dosyas\u0131 de\u011fildir, kad\u0131na kar\u015f\u0131 \u015fiddetin toplumda geldi\u011fi noktay\u0131 g\u00f6stermektedir. Cezaland\u0131r\u0131lmas\u0131n\u0131 talep ederiz&#8221; dedi.<\/p>\n<p>A\u011eIR TAHR\u0130K ALTINDA KALMI\u015eTIR\u00a0<\/p>\n<p>San\u0131k Yal\u00e7\u0131nta\u015f&#8217;\u0131n avukat\u0131 Talha Duman ise \u2018&#8217;As\u0131l m\u00fcvekkilimin ma\u011fdur oldu\u011fu olaylar nedeniyle gerekli su\u00e7 duyurular\u0131m\u0131z\u0131 yapm\u0131\u015ft\u0131k. M\u00fcvekkil a\u011f\u0131r tahrik alt\u0131nda kalm\u0131\u015ft\u0131r, manevi buhran sonucunda ba\u015fka bir \u00e7aresi kalmadan s\u00f6z konusu mesajlar\u0131 atm\u0131\u015ft\u0131r. Beraat\u0131n\u0131 talep ederiz&#8221; ifadelerini kulland\u0131.\u00a0Karar\u0131n\u0131 a\u00e7\u0131klayan mahkeme, san\u0131k \u0130lyas Yal\u00e7\u0131nta\u015f&#8217;\u0131 \u2018sesli, yaz\u0131l\u0131 veya g\u00f6r\u00fcnt\u00fcl\u00fc bir ileti ile hakaret&#8217; su\u00e7undan 3 bin 750 lira adli para cezas\u0131na \u00e7arpt\u0131rarak h\u00fckm\u00fcn a\u00e7\u0131klanmas\u0131n\u0131n geri b\u0131rak\u0131lmas\u0131na h\u00fckmetti.\u00a0\u00a0 \u00a0 \u00a0 \u00a0 \u00a0 \u00a0 \u00a0 \u00a0 \u00a0 \u00a0 \u00a0 \u00a0 \u00a0 \u00a0 \u00a0 \u00a0 \u00a0<\/p>\n<p>\u200bX Factor (T\u00fcrkiye) yar\u0131\u015fmas\u0131nda seslendirdi\u011fi &#8220;\u0130ncir&#8221; \u015fark\u0131s\u0131y\u0131la ad\u0131n\u0131 geni\u015f kitlelere duyuran \u00fcnl\u00fc sanat\u00e7\u0131 \u0130lyas Yal\u00e7\u0131nta\u015f, \u0130ran uyruklu bir kad\u0131na mesajla\u015fma uygulamas\u0131 \u00fczerinden hakaret etti\u011fi gerek\u00e7esiyle hakk\u0131nda a\u00e7\u0131lan dava sonu\u00e7land\u0131. Yal\u00e7\u0131nta\u015f&#8217;a, hakaret su\u00e7undan 3 bin 750 lira adli para cezas\u0131 verildi.\u00a0<\/p>\n<p>\u200bHaberin Al\u0131nt\u0131land\u0131\u011f\u0131 Kaynak: www.antalyakorfez.com<\/p>","protected":false},"excerpt":{"rendered":"<p>\u0130stanbul&#8217;da Ocak 2024&#8217;de \u015fark\u0131c\u0131 \u0130lyas Yal\u00e7\u0131nta\u015f&#8217;\u0131n, \u0130ran uyruklu Mahsa H.&#8217;ye mesajla\u015fma uygulamas\u0131 \u00fczerinden hakaret i\u00e7erikli mesajlar g\u00f6nderdi\u011fi iddias\u0131yla yarg\u0131land\u0131\u011f\u0131 dava karara ba\u011fland\u0131. Yal\u00e7\u0131nta\u015f,\u00a0 3 bin 750 lira adli para cezas\u0131na \u00e7arpt\u0131r\u0131ld\u0131. TOPLUMA \u00d6RNEK OLMASI GEREK\u0130R\u00a0 \u0130stanbul Asliye Ceza Mahkemesi&#8217;nde g\u00f6r\u00fclen duru\u015fmada taraf avukatlar\u0131 haz\u0131r bulundu.\u00a0M\u00fc\u015fteki avukat\u0131 Ali Kemal At\u00e7eken esasa ili\u015fkin ifadesinde, \u2018&#8217;San\u0131k \u0130lyas Yal\u00e7\u0131nta\u015f&#8217;\u0131n tan\u0131nm\u0131\u015f bir ki\u015fi olmas\u0131 nedeniyle topluma \u00f6rnek olmas\u0131 gerekir. Bu olay sadece hakaret dosyas\u0131 de\u011fildir, kad\u0131na kar\u015f\u0131 \u015fiddetin toplumda geldi\u011fi noktay\u0131 g\u00f6stermektedir. Cezaland\u0131r\u0131lmas\u0131n\u0131 talep ederiz&#8221; dedi. A\u011eIR TAHR\u0130K ALTINDA KALMI\u015eTIR\u00a0 San\u0131k Yal\u00e7\u0131nta\u015f&#8217;\u0131n avukat\u0131 Talha Duman ise \u2018&#8217;As\u0131l m\u00fcvekkilimin ma\u011fdur oldu\u011fu olaylar nedeniyle gerekli su\u00e7 duyurular\u0131m\u0131z\u0131 yapm\u0131\u015ft\u0131k. M\u00fcvekkil a\u011f\u0131r tahrik alt\u0131nda kalm\u0131\u015ft\u0131r, manevi buhran sonucunda ba\u015fka bir \u00e7aresi kalmadan s\u00f6z konusu mesajlar\u0131 atm\u0131\u015ft\u0131r. Beraat\u0131n\u0131 talep ederiz&#8221; ifadelerini kulland\u0131.\u00a0Karar\u0131n\u0131 a\u00e7\u0131klayan mahkeme, san\u0131k \u0130lyas Yal\u00e7\u0131nta\u015f&#8217;\u0131 \u2018sesli, yaz\u0131l\u0131 veya g\u00f6r\u00fcnt\u00fcl\u00fc bir ileti ile hakaret&#8217; su\u00e7undan 3 bin 750 lira adli para cezas\u0131na \u00e7arpt\u0131rarak h\u00fckm\u00fcn a\u00e7\u0131klanmas\u0131n\u0131n geri b\u0131rak\u0131lmas\u0131na h\u00fckmetti.\u00a0\u00a0 \u00a0 \u00a0 \u00a0 \u00a0 \u00a0 \u00a0 \u00a0 \u00a0 \u00a0 \u00a0 \u00a0 \u00a0 \u00a0 \u00a0 \u00a0 \u00a0 \u200bX Factor (T\u00fcrkiye) yar\u0131\u015fmas\u0131nda seslendirdi\u011fi &#8220;\u0130ncir&#8221; \u015fark\u0131s\u0131y\u0131la ad\u0131n\u0131 geni\u015f kitlelere duyuran \u00fcnl\u00fc sanat\u00e7\u0131 \u0130lyas Yal\u00e7\u0131nta\u015f, \u0130ran uyruklu bir kad\u0131na mesajla\u015fma uygulamas\u0131 \u00fczerinden hakaret etti\u011fi gerek\u00e7esiyle hakk\u0131nda a\u00e7\u0131lan dava sonu\u00e7land\u0131. Yal\u00e7\u0131nta\u015f&#8217;a, hakaret su\u00e7undan 3 bin 750 &hellip;<\/p>","protected":false},"author":5,"featured_media":0,"comment_status":"open","ping_status":"open","sticky":false,"template":"","format":"standard","meta":{"_acf_changed":false,"footnotes":""},"categories":[24],"tags":[],"class_list":["post-32436","post","type-post","status-publish","format-standard","has-post-thumbnail","hentry","category-gundem"],"acf":[],"yoast_head":"<!-- This site is optimized with the Yoast SEO Premium plugin v26.6 (Yoast SEO v27.1.1) - https:\/\/yoast.com\/product\/yoast-seo-premium-wordpress\/ -->\n<title>\u00dcnl\u00fc \u015fark\u0131c\u0131 \u0130lyas Yal\u00e7\u0131nta\u015f&#039;\u0131n hakaret davas\u0131 sonu\u00e7land\u0131 - Av. Deniz Can K\u0131z\u0131l<\/title>\n<meta name=\"robots\" content=\"index, follow, max-snippet:-1, max-image-preview:large, max-video-preview:-1\" \/>\n<link rel=\"canonical\" href=\"https:\/\/denizcankizil.tr\/uk\/haberler\/gundem\/unlu-sarkici-ilyas-yalcintasin-hakaret-davasi-sonuclandi\/\" \/>\n<meta property=\"og:locale\" content=\"uk_UA\" \/>\n<meta property=\"og:type\" content=\"article\" \/>\n<meta property=\"og:title\" content=\"\u00dcnl\u00fc \u015fark\u0131c\u0131 \u0130lyas Yal\u00e7\u0131nta\u015f&#039;\u0131n hakaret davas\u0131 sonu\u00e7land\u0131\" \/>\n<meta property=\"og:description\" content=\"\u0130stanbul&#8217;da Ocak 2024&#8217;de \u015fark\u0131c\u0131 \u0130lyas Yal\u00e7\u0131nta\u015f&#8217;\u0131n, \u0130ran uyruklu Mahsa H.&#8217;ye mesajla\u015fma uygulamas\u0131 \u00fczerinden hakaret i\u00e7erikli mesajlar g\u00f6nderdi\u011fi iddias\u0131yla yarg\u0131land\u0131\u011f\u0131 dava karara ba\u011fland\u0131. Yal\u00e7\u0131nta\u015f,\u00a0 3 bin 750 lira adli para cezas\u0131na \u00e7arpt\u0131r\u0131ld\u0131. TOPLUMA \u00d6RNEK OLMASI GEREK\u0130R\u00a0 \u0130stanbul Asliye Ceza Mahkemesi&#8217;nde g\u00f6r\u00fclen duru\u015fmada taraf avukatlar\u0131 haz\u0131r bulundu.\u00a0M\u00fc\u015fteki avukat\u0131 Ali Kemal At\u00e7eken esasa ili\u015fkin ifadesinde, \u2018&#8217;San\u0131k \u0130lyas Yal\u00e7\u0131nta\u015f&#8217;\u0131n tan\u0131nm\u0131\u015f bir ki\u015fi olmas\u0131 nedeniyle topluma \u00f6rnek olmas\u0131 gerekir. Bu olay sadece hakaret dosyas\u0131 de\u011fildir, kad\u0131na kar\u015f\u0131 \u015fiddetin toplumda geldi\u011fi noktay\u0131 g\u00f6stermektedir. Cezaland\u0131r\u0131lmas\u0131n\u0131 talep ederiz&#8221; dedi. A\u011eIR TAHR\u0130K ALTINDA KALMI\u015eTIR\u00a0 San\u0131k Yal\u00e7\u0131nta\u015f&#8217;\u0131n avukat\u0131 Talha Duman ise \u2018&#8217;As\u0131l m\u00fcvekkilimin ma\u011fdur oldu\u011fu olaylar nedeniyle gerekli su\u00e7 duyurular\u0131m\u0131z\u0131 yapm\u0131\u015ft\u0131k. M\u00fcvekkil a\u011f\u0131r tahrik alt\u0131nda kalm\u0131\u015ft\u0131r, manevi buhran sonucunda ba\u015fka bir \u00e7aresi kalmadan s\u00f6z konusu mesajlar\u0131 atm\u0131\u015ft\u0131r. Beraat\u0131n\u0131 talep ederiz&#8221; ifadelerini kulland\u0131.\u00a0Karar\u0131n\u0131 a\u00e7\u0131klayan mahkeme, san\u0131k \u0130lyas Yal\u00e7\u0131nta\u015f&#8217;\u0131 \u2018sesli, yaz\u0131l\u0131 veya g\u00f6r\u00fcnt\u00fcl\u00fc bir ileti ile hakaret&#8217; su\u00e7undan 3 bin 750 lira adli para cezas\u0131na \u00e7arpt\u0131rarak h\u00fckm\u00fcn a\u00e7\u0131klanmas\u0131n\u0131n geri b\u0131rak\u0131lmas\u0131na h\u00fckmetti.\u00a0\u00a0 \u00a0 \u00a0 \u00a0 \u00a0 \u00a0 \u00a0 \u00a0 \u00a0 \u00a0 \u00a0 \u00a0 \u00a0 \u00a0 \u00a0 \u00a0 \u00a0 \u200bX Factor (T\u00fcrkiye) yar\u0131\u015fmas\u0131nda seslendirdi\u011fi &#8220;\u0130ncir&#8221; \u015fark\u0131s\u0131y\u0131la ad\u0131n\u0131 geni\u015f kitlelere duyuran \u00fcnl\u00fc sanat\u00e7\u0131 \u0130lyas Yal\u00e7\u0131nta\u015f, \u0130ran uyruklu bir kad\u0131na mesajla\u015fma uygulamas\u0131 \u00fczerinden hakaret etti\u011fi gerek\u00e7esiyle hakk\u0131nda a\u00e7\u0131lan dava sonu\u00e7land\u0131. Yal\u00e7\u0131nta\u015f&#8217;a, hakaret su\u00e7undan 3 bin 750 &hellip;\" \/>\n<meta property=\"og:url\" content=\"https:\/\/denizcankizil.tr\/uk\/haberler\/gundem\/unlu-sarkici-ilyas-yalcintasin-hakaret-davasi-sonuclandi\/\" \/>\n<meta property=\"og:site_name\" content=\"Av. Deniz Can K\u0131z\u0131l\" \/>\n<meta property=\"article:published_time\" content=\"2025-02-13T06:41:26+00:00\" \/>\n<meta name=\"author\" content=\"Antalya K\u00f6rfez\" \/>\n<meta name=\"twitter:card\" content=\"summary_large_image\" \/>\n<meta name=\"twitter:label1\" content=\"\u041d\u0430\u043f\u0438\u0441\u0430\u043d\u043e\" \/>\n\t<meta name=\"twitter:data1\" content=\"Antalya K\u00f6rfez\" \/>\n\t<meta name=\"twitter:label2\" content=\"\u041f\u0440\u0438\u0431\u043b. \u0447\u0430\u0441 \u0447\u0438\u0442\u0430\u043d\u043d\u044f\" \/>\n\t<meta name=\"twitter:data2\" content=\"1 \u0445\u0432\u0438\u043b\u0438\u043d\u0430\" \/>\n<script type=\"application\/ld+json\" class=\"yoast-schema-graph\">{\"@context\":\"https:\/\/schema.org\",\"@graph\":[{\"@type\":\"Article\",\"@id\":\"https:\/\/denizcankizil.tr\/uk\/haberler\/gundem\/unlu-sarkici-ilyas-yalcintasin-hakaret-davasi-sonuclandi\/#article\",\"isPartOf\":{\"@id\":\"https:\/\/denizcankizil.tr\/uk\/haberler\/gundem\/unlu-sarkici-ilyas-yalcintasin-hakaret-davasi-sonuclandi\/\"},\"author\":{\"name\":\"Antalya K\u00f6rfez\",\"@id\":\"https:\/\/denizcankizil.tr\/de\/#\/schema\/person\/e1eb71bb4dd684d46563f0af307e1234\"},\"headline\":\"\u00dcnl\u00fc \u015fark\u0131c\u0131 \u0130lyas Yal\u00e7\u0131nta\u015f&#8217;\u0131n hakaret davas\u0131 sonu\u00e7land\u0131\",\"datePublished\":\"2025-02-13T06:41:26+00:00\",\"mainEntityOfPage\":{\"@id\":\"https:\/\/denizcankizil.tr\/uk\/haberler\/gundem\/unlu-sarkici-ilyas-yalcintasin-hakaret-davasi-sonuclandi\/\"},\"wordCount\":304,\"commentCount\":0,\"publisher\":{\"@id\":\"https:\/\/denizcankizil.tr\/de\/#organization\"},\"articleSection\":[\"G\u00fcndem\"],\"inLanguage\":\"uk\",\"potentialAction\":[{\"@type\":\"CommentAction\",\"name\":\"Comment\",\"target\":[\"https:\/\/denizcankizil.tr\/uk\/haberler\/gundem\/unlu-sarkici-ilyas-yalcintasin-hakaret-davasi-sonuclandi\/#respond\"]}]},{\"@type\":\"WebPage\",\"@id\":\"https:\/\/denizcankizil.tr\/uk\/haberler\/gundem\/unlu-sarkici-ilyas-yalcintasin-hakaret-davasi-sonuclandi\/\",\"url\":\"https:\/\/denizcankizil.tr\/uk\/haberler\/gundem\/unlu-sarkici-ilyas-yalcintasin-hakaret-davasi-sonuclandi\/\",\"name\":\"\u00dcnl\u00fc \u015fark\u0131c\u0131 \u0130lyas Yal\u00e7\u0131nta\u015f'\u0131n hakaret davas\u0131 sonu\u00e7land\u0131 - Av. Deniz Can K\u0131z\u0131l\",\"isPartOf\":{\"@id\":\"https:\/\/denizcankizil.tr\/de\/#website\"},\"datePublished\":\"2025-02-13T06:41:26+00:00\",\"breadcrumb\":{\"@id\":\"https:\/\/denizcankizil.tr\/uk\/haberler\/gundem\/unlu-sarkici-ilyas-yalcintasin-hakaret-davasi-sonuclandi\/#breadcrumb\"},\"inLanguage\":\"uk\",\"potentialAction\":[{\"@type\":\"ReadAction\",\"target\":[\"https:\/\/denizcankizil.tr\/uk\/haberler\/gundem\/unlu-sarkici-ilyas-yalcintasin-hakaret-davasi-sonuclandi\/\"]}]},{\"@type\":\"BreadcrumbList\",\"@id\":\"https:\/\/denizcankizil.tr\/uk\/haberler\/gundem\/unlu-sarkici-ilyas-yalcintasin-hakaret-davasi-sonuclandi\/#breadcrumb\",\"itemListElement\":[{\"@type\":\"ListItem\",\"position\":1,\"name\":\"Home\",\"item\":\"https:\/\/denizcankizil.tr\/de\/\"},{\"@type\":\"ListItem\",\"position\":2,\"name\":\"\u00dcnl\u00fc \u015fark\u0131c\u0131 \u0130lyas Yal\u00e7\u0131nta\u015f&#8217;\u0131n hakaret davas\u0131 sonu\u00e7land\u0131\"}]},{\"@type\":\"WebSite\",\"@id\":\"https:\/\/denizcankizil.tr\/de\/#website\",\"url\":\"https:\/\/denizcankizil.tr\/de\/\",\"name\":\"Av. Deniz Can K\u0131z\u0131l\",\"description\":\"Avukat Deniz Can K\u0131z\u0131l Antalya Barosu\",\"publisher\":{\"@id\":\"https:\/\/denizcankizil.tr\/de\/#organization\"},\"potentialAction\":[{\"@type\":\"SearchAction\",\"target\":{\"@type\":\"EntryPoint\",\"urlTemplate\":\"https:\/\/denizcankizil.tr\/de\/?s={search_term_string}\"},\"query-input\":{\"@type\":\"PropertyValueSpecification\",\"valueRequired\":true,\"valueName\":\"search_term_string\"}}],\"inLanguage\":\"uk\"},{\"@type\":\"Organization\",\"@id\":\"https:\/\/denizcankizil.tr\/de\/#organization\",\"name\":\"Av. Deniz Can K\u0131z\u0131l\",\"url\":\"https:\/\/denizcankizil.tr\/de\/\",\"logo\":{\"@type\":\"ImageObject\",\"inLanguage\":\"uk\",\"@id\":\"https:\/\/denizcankizil.tr\/de\/#\/schema\/logo\/image\/\",\"url\":\"https:\/\/denizcankizil.tr\/wp-content\/uploads\/2024\/10\/siyah-logo-svg.svg\",\"contentUrl\":\"https:\/\/denizcankizil.tr\/wp-content\/uploads\/2024\/10\/siyah-logo-svg.svg\",\"width\":1080,\"height\":1080,\"caption\":\"Av. Deniz Can K\u0131z\u0131l\"},\"image\":{\"@id\":\"https:\/\/denizcankizil.tr\/de\/#\/schema\/logo\/image\/\"}},{\"@type\":\"Person\",\"@id\":\"https:\/\/denizcankizil.tr\/de\/#\/schema\/person\/e1eb71bb4dd684d46563f0af307e1234\",\"name\":\"Antalya K\u00f6rfez\",\"image\":{\"@type\":\"ImageObject\",\"inLanguage\":\"uk\",\"@id\":\"https:\/\/denizcankizil.tr\/de\/#\/schema\/person\/image\/\",\"url\":\"https:\/\/secure.gravatar.com\/avatar\/42b01982558a48a0b501fdcab6a408d3717ea5919095ee2e67b0e521799c5905?s=96&d=mm&r=g\",\"contentUrl\":\"https:\/\/secure.gravatar.com\/avatar\/42b01982558a48a0b501fdcab6a408d3717ea5919095ee2e67b0e521799c5905?s=96&d=mm&r=g\",\"caption\":\"Antalya K\u00f6rfez\"},\"sameAs\":[\"http:\/\/www.antalyakorfez.com\"],\"url\":\"https:\/\/www.antalyakorfez.com\/unlu-sarkici-ilyas-yalcintasin-hakaret-davasi-sonuclandi\"}]}<\/script>\n<!-- \/ Yoast SEO Premium plugin. -->","yoast_head_json":{"title":"\u00dcnl\u00fc \u015fark\u0131c\u0131 \u0130lyas Yal\u00e7\u0131nta\u015f'\u0131n hakaret davas\u0131 sonu\u00e7land\u0131 - Av. Deniz Can K\u0131z\u0131l","robots":{"index":"index","follow":"follow","max-snippet":"max-snippet:-1","max-image-preview":"max-image-preview:large","max-video-preview":"max-video-preview:-1"},"canonical":"https:\/\/denizcankizil.tr\/uk\/haberler\/gundem\/unlu-sarkici-ilyas-yalcintasin-hakaret-davasi-sonuclandi\/","og_locale":"uk_UA","og_type":"article","og_title":"\u00dcnl\u00fc \u015fark\u0131c\u0131 \u0130lyas Yal\u00e7\u0131nta\u015f'\u0131n hakaret davas\u0131 sonu\u00e7land\u0131","og_description":"\u0130stanbul&#8217;da Ocak 2024&#8217;de \u015fark\u0131c\u0131 \u0130lyas Yal\u00e7\u0131nta\u015f&#8217;\u0131n, \u0130ran uyruklu Mahsa H.&#8217;ye mesajla\u015fma uygulamas\u0131 \u00fczerinden hakaret i\u00e7erikli mesajlar g\u00f6nderdi\u011fi iddias\u0131yla yarg\u0131land\u0131\u011f\u0131 dava karara ba\u011fland\u0131. Yal\u00e7\u0131nta\u015f,\u00a0 3 bin 750 lira adli para cezas\u0131na \u00e7arpt\u0131r\u0131ld\u0131. TOPLUMA \u00d6RNEK OLMASI GEREK\u0130R\u00a0 \u0130stanbul Asliye Ceza Mahkemesi&#8217;nde g\u00f6r\u00fclen duru\u015fmada taraf avukatlar\u0131 haz\u0131r bulundu.\u00a0M\u00fc\u015fteki avukat\u0131 Ali Kemal At\u00e7eken esasa ili\u015fkin ifadesinde, \u2018&#8217;San\u0131k \u0130lyas Yal\u00e7\u0131nta\u015f&#8217;\u0131n tan\u0131nm\u0131\u015f bir ki\u015fi olmas\u0131 nedeniyle topluma \u00f6rnek olmas\u0131 gerekir. Bu olay sadece hakaret dosyas\u0131 de\u011fildir, kad\u0131na kar\u015f\u0131 \u015fiddetin toplumda geldi\u011fi noktay\u0131 g\u00f6stermektedir. Cezaland\u0131r\u0131lmas\u0131n\u0131 talep ederiz&#8221; dedi. A\u011eIR TAHR\u0130K ALTINDA KALMI\u015eTIR\u00a0 San\u0131k Yal\u00e7\u0131nta\u015f&#8217;\u0131n avukat\u0131 Talha Duman ise \u2018&#8217;As\u0131l m\u00fcvekkilimin ma\u011fdur oldu\u011fu olaylar nedeniyle gerekli su\u00e7 duyurular\u0131m\u0131z\u0131 yapm\u0131\u015ft\u0131k. M\u00fcvekkil a\u011f\u0131r tahrik alt\u0131nda kalm\u0131\u015ft\u0131r, manevi buhran sonucunda ba\u015fka bir \u00e7aresi kalmadan s\u00f6z konusu mesajlar\u0131 atm\u0131\u015ft\u0131r. Beraat\u0131n\u0131 talep ederiz&#8221; ifadelerini kulland\u0131.\u00a0Karar\u0131n\u0131 a\u00e7\u0131klayan mahkeme, san\u0131k \u0130lyas Yal\u00e7\u0131nta\u015f&#8217;\u0131 \u2018sesli, yaz\u0131l\u0131 veya g\u00f6r\u00fcnt\u00fcl\u00fc bir ileti ile hakaret&#8217; su\u00e7undan 3 bin 750 lira adli para cezas\u0131na \u00e7arpt\u0131rarak h\u00fckm\u00fcn a\u00e7\u0131klanmas\u0131n\u0131n geri b\u0131rak\u0131lmas\u0131na h\u00fckmetti.\u00a0\u00a0 \u00a0 \u00a0 \u00a0 \u00a0 \u00a0 \u00a0 \u00a0 \u00a0 \u00a0 \u00a0 \u00a0 \u00a0 \u00a0 \u00a0 \u00a0 \u00a0 \u200bX Factor (T\u00fcrkiye) yar\u0131\u015fmas\u0131nda seslendirdi\u011fi &#8220;\u0130ncir&#8221; \u015fark\u0131s\u0131y\u0131la ad\u0131n\u0131 geni\u015f kitlelere duyuran \u00fcnl\u00fc sanat\u00e7\u0131 \u0130lyas Yal\u00e7\u0131nta\u015f, \u0130ran uyruklu bir kad\u0131na mesajla\u015fma uygulamas\u0131 \u00fczerinden hakaret etti\u011fi gerek\u00e7esiyle hakk\u0131nda a\u00e7\u0131lan dava sonu\u00e7land\u0131. Yal\u00e7\u0131nta\u015f&#8217;a, hakaret su\u00e7undan 3 bin 750 &hellip;","og_url":"https:\/\/denizcankizil.tr\/uk\/haberler\/gundem\/unlu-sarkici-ilyas-yalcintasin-hakaret-davasi-sonuclandi\/","og_site_name":"Av. Deniz Can K\u0131z\u0131l","article_published_time":"2025-02-13T06:41:26+00:00","author":"Antalya K\u00f6rfez","twitter_card":"summary_large_image","twitter_misc":{"\u041d\u0430\u043f\u0438\u0441\u0430\u043d\u043e":"Antalya K\u00f6rfez","\u041f\u0440\u0438\u0431\u043b. \u0447\u0430\u0441 \u0447\u0438\u0442\u0430\u043d\u043d\u044f":"1 \u0445\u0432\u0438\u043b\u0438\u043d\u0430"},"schema":{"@context":"https:\/\/schema.org","@graph":[{"@type":"Article","@id":"https:\/\/denizcankizil.tr\/uk\/haberler\/gundem\/unlu-sarkici-ilyas-yalcintasin-hakaret-davasi-sonuclandi\/#article","isPartOf":{"@id":"https:\/\/denizcankizil.tr\/uk\/haberler\/gundem\/unlu-sarkici-ilyas-yalcintasin-hakaret-davasi-sonuclandi\/"},"author":{"name":"Antalya K\u00f6rfez","@id":"https:\/\/denizcankizil.tr\/de\/#\/schema\/person\/e1eb71bb4dd684d46563f0af307e1234"},"headline":"\u00dcnl\u00fc \u015fark\u0131c\u0131 \u0130lyas Yal\u00e7\u0131nta\u015f&#8217;\u0131n hakaret davas\u0131 sonu\u00e7land\u0131","datePublished":"2025-02-13T06:41:26+00:00","mainEntityOfPage":{"@id":"https:\/\/denizcankizil.tr\/uk\/haberler\/gundem\/unlu-sarkici-ilyas-yalcintasin-hakaret-davasi-sonuclandi\/"},"wordCount":304,"commentCount":0,"publisher":{"@id":"https:\/\/denizcankizil.tr\/de\/#organization"},"articleSection":["G\u00fcndem"],"inLanguage":"uk","potentialAction":[{"@type":"CommentAction","name":"Comment","target":["https:\/\/denizcankizil.tr\/uk\/haberler\/gundem\/unlu-sarkici-ilyas-yalcintasin-hakaret-davasi-sonuclandi\/#respond"]}]},{"@type":"WebPage","@id":"https:\/\/denizcankizil.tr\/uk\/haberler\/gundem\/unlu-sarkici-ilyas-yalcintasin-hakaret-davasi-sonuclandi\/","url":"https:\/\/denizcankizil.tr\/uk\/haberler\/gundem\/unlu-sarkici-ilyas-yalcintasin-hakaret-davasi-sonuclandi\/","name":"\u00dcnl\u00fc \u015fark\u0131c\u0131 \u0130lyas Yal\u00e7\u0131nta\u015f'\u0131n hakaret davas\u0131 sonu\u00e7land\u0131 - Av. Deniz Can K\u0131z\u0131l","isPartOf":{"@id":"https:\/\/denizcankizil.tr\/de\/#website"},"datePublished":"2025-02-13T06:41:26+00:00","breadcrumb":{"@id":"https:\/\/denizcankizil.tr\/uk\/haberler\/gundem\/unlu-sarkici-ilyas-yalcintasin-hakaret-davasi-sonuclandi\/#breadcrumb"},"inLanguage":"uk","potentialAction":[{"@type":"ReadAction","target":["https:\/\/denizcankizil.tr\/uk\/haberler\/gundem\/unlu-sarkici-ilyas-yalcintasin-hakaret-davasi-sonuclandi\/"]}]},{"@type":"BreadcrumbList","@id":"https:\/\/denizcankizil.tr\/uk\/haberler\/gundem\/unlu-sarkici-ilyas-yalcintasin-hakaret-davasi-sonuclandi\/#breadcrumb","itemListElement":[{"@type":"ListItem","position":1,"name":"Home","item":"https:\/\/denizcankizil.tr\/de\/"},{"@type":"ListItem","position":2,"name":"\u00dcnl\u00fc \u015fark\u0131c\u0131 \u0130lyas Yal\u00e7\u0131nta\u015f&#8217;\u0131n hakaret davas\u0131 sonu\u00e7land\u0131"}]},{"@type":"WebSite","@id":"https:\/\/denizcankizil.tr\/de\/#website","url":"https:\/\/denizcankizil.tr\/de\/","name":"Av. Deniz Can K\u0131z\u0131l","description":"Avukat Deniz Can K\u0131z\u0131l Antalya Barosu","publisher":{"@id":"https:\/\/denizcankizil.tr\/de\/#organization"},"potentialAction":[{"@type":"SearchAction","target":{"@type":"EntryPoint","urlTemplate":"https:\/\/denizcankizil.tr\/de\/?s={search_term_string}"},"query-input":{"@type":"PropertyValueSpecification","valueRequired":true,"valueName":"search_term_string"}}],"inLanguage":"uk"},{"@type":"Organization","@id":"https:\/\/denizcankizil.tr\/de\/#organization","name":"Av. Deniz Can K\u0131z\u0131l","url":"https:\/\/denizcankizil.tr\/de\/","logo":{"@type":"ImageObject","inLanguage":"uk","@id":"https:\/\/denizcankizil.tr\/de\/#\/schema\/logo\/image\/","url":"https:\/\/denizcankizil.tr\/wp-content\/uploads\/2024\/10\/siyah-logo-svg.svg","contentUrl":"https:\/\/denizcankizil.tr\/wp-content\/uploads\/2024\/10\/siyah-logo-svg.svg","width":1080,"height":1080,"caption":"Av. Deniz Can K\u0131z\u0131l"},"image":{"@id":"https:\/\/denizcankizil.tr\/de\/#\/schema\/logo\/image\/"}},{"@type":"Person","@id":"https:\/\/denizcankizil.tr\/de\/#\/schema\/person\/e1eb71bb4dd684d46563f0af307e1234","name":"Antalya K\u00f6rfez","image":{"@type":"ImageObject","inLanguage":"uk","@id":"https:\/\/denizcankizil.tr\/de\/#\/schema\/person\/image\/","url":"https:\/\/secure.gravatar.com\/avatar\/42b01982558a48a0b501fdcab6a408d3717ea5919095ee2e67b0e521799c5905?s=96&d=mm&r=g","contentUrl":"https:\/\/secure.gravatar.com\/avatar\/42b01982558a48a0b501fdcab6a408d3717ea5919095ee2e67b0e521799c5905?s=96&d=mm&r=g","caption":"Antalya K\u00f6rfez"},"sameAs":["http:\/\/www.antalyakorfez.com"],"url":"https:\/\/www.antalyakorfez.com\/unlu-sarkici-ilyas-yalcintasin-hakaret-davasi-sonuclandi"}]}},"_links":{"self":[{"href":"https:\/\/denizcankizil.tr\/uk\/wp-json\/wp\/v2\/posts\/32436","targetHints":{"allow":["GET"]}}],"collection":[{"href":"https:\/\/denizcankizil.tr\/uk\/wp-json\/wp\/v2\/posts"}],"about":[{"href":"https:\/\/denizcankizil.tr\/uk\/wp-json\/wp\/v2\/types\/post"}],"author":[{"embeddable":true,"href":"https:\/\/denizcankizil.tr\/uk\/wp-json\/wp\/v2\/users\/5"}],"replies":[{"embeddable":true,"href":"https:\/\/denizcankizil.tr\/uk\/wp-json\/wp\/v2\/comments?post=32436"}],"version-history":[{"count":0,"href":"https:\/\/denizcankizil.tr\/uk\/wp-json\/wp\/v2\/posts\/32436\/revisions"}],"wp:attachment":[{"href":"https:\/\/denizcankizil.tr\/uk\/wp-json\/wp\/v2\/media?parent=32436"}],"wp:term":[{"taxonomy":"category","embeddable":true,"href":"https:\/\/denizcankizil.tr\/uk\/wp-json\/wp\/v2\/categories?post=32436"},{"taxonomy":"post_tag","embeddable":true,"href":"https:\/\/denizcankizil.tr\/uk\/wp-json\/wp\/v2\/tags?post=32436"}],"curies":[{"name":"wp","href":"https:\/\/api.w.org\/{rel}","templated":true}]}}