{"id":32291,"date":"2025-02-12T16:41:54","date_gmt":"2025-02-12T13:41:54","guid":{"rendered":"https:\/\/denizcankizil.tr\/uncategorized-tr\/iskenderunda-da-deniz-cekiliyor\/"},"modified":"2025-02-12T16:41:54","modified_gmt":"2025-02-12T13:41:54","slug":"iskenderunda-da-deniz-cekiliyor","status":"publish","type":"post","link":"https:\/\/denizcankizil.tr\/uk\/haberler\/gundem\/iskenderunda-da-deniz-cekiliyor\/","title":{"rendered":"\u0130skenderun\u2019da da deniz \u00e7ekiliyor!"},"content":{"rendered":"<p>6 \u015eubat 2023 depremlerinin ard\u0131ndan sahil band\u0131nda yakla\u015f\u0131k 70 santimetrelik \u00e7\u00f6kme meydana gelmi\u015f, lodos r\u00fczgarlar\u0131 ve denizin kabarmas\u0131 sonucu \u0130skenderun uzun s\u00fcre deniz ta\u015fk\u0131nlar\u0131yla kar\u015f\u0131 kar\u015f\u0131ya kalm\u0131\u015ft\u0131. Yetkililer taraf\u0131ndan yap\u0131lan tahkimat \u00e7al\u0131\u015fmalar\u0131 kapsam\u0131nda, denizin yakla\u015f\u0131k 40 metre i\u00e7ine dalga k\u0131r\u0131c\u0131 ta\u015flar d\u00f6\u015fenerek ta\u015fk\u0131nlar\u0131n \u00f6n\u00fcne ge\u00e7ilmi\u015fti. Zamanla sahilde biriken kum ve \u00e7ak\u0131l, tahkimat\u0131n \u00f6n\u00fcndeki kaya engelini s\u0131\u011fla\u015ft\u0131r\u0131rken, deniz \u00e7ekildi\u011finde k\u0131y\u0131n\u0131n daha da geni\u015fledi\u011fi ve insanlar\u0131n i\u00e7 kesimlerde y\u00fcr\u00fcyebildi\u011fi g\u00f6r\u00fcld\u00fc.<\/p>\n<p>Kumsala D\u00f6n\u00fc\u015febilir mi?<\/p>\n<p>Vatanda\u015flar, tahkimat \u00e7al\u0131\u015fmalar\u0131n\u0131n \u00f6n\u00fcne biriken \u00e7ak\u0131l ve kumun zamanla burada do\u011fal bir kumsal olu\u015fturabilece\u011fini d\u00fc\u015f\u00fcn\u00fcyor.<\/p>\n<p>Uzmandan A\u00e7\u0131klama: Gel-git Kaynakl\u0131<\/p>\n<p>\u0130skenderun Teknik \u00dcniversitesi Deniz Bilimleri ve Teknolojisi Fak\u00fcltesi \u00d6\u011fretim \u00dcyesi Prof. Dr. Tahir \u00d6zcan, b\u00f6lgede ya\u015fanan deniz \u00e7ekilmesinin do\u011fal bir s\u00fcre\u00e7 oldu\u011funu belirtti. \u00d6zcan, &#8220;Bu olay, ba\u015fta Ege Denizi olmak \u00fczere bir\u00e7ok b\u00f6lgede g\u00f6r\u00fclebilen do\u011fal bir d\u00f6ng\u00fcn\u00fcn par\u00e7as\u0131d\u0131r. Gel-git, f\u0131rt\u0131na, r\u00fczgar ve topografya bu s\u00fcre\u00e7te \u00f6nemli rol oynar. Depremlerle ili\u015fkili oldu\u011funa dair bir bulgu bulunmamaktad\u0131r. Konuyu yak\u0131ndan takip ediyoruz&#8221; dedi.<\/p>\n<p>\u200bEge B\u00f6lgesi&#8217;nde ya\u015fanan deprem f\u0131rt\u0131nalar\u0131n\u0131n ard\u0131ndan g\u00f6zlemlenen deniz \u00e7ekilmesi, Hatay\u2019\u0131n \u0130skenderun il\u00e7esinde de dikkat \u00e7ekiyor. Do\u011fu Akdeniz\u2019de k\u0131\u015f aylar\u0131nda s\u0131k\u00e7a g\u00f6r\u00fclen bu do\u011fa olay\u0131, \u0130skenderun K\u00f6rfezi boyunca Samanda\u011f\u2019dan Erzin Burnaz b\u00f6lgesine kadar uzanan sahil \u015feridinde de g\u00f6zlemleniyor.\u00a0<\/p>\n<p>\u200bHaberin Al\u0131nt\u0131land\u0131\u011f\u0131 Kaynak: www.iskenderun.org<\/p>","protected":false},"excerpt":{"rendered":"<p>6 \u015eubat 2023 depremlerinin ard\u0131ndan sahil band\u0131nda yakla\u015f\u0131k 70 santimetrelik \u00e7\u00f6kme meydana gelmi\u015f, lodos r\u00fczgarlar\u0131 ve denizin kabarmas\u0131 sonucu \u0130skenderun uzun s\u00fcre deniz ta\u015fk\u0131nlar\u0131yla kar\u015f\u0131 kar\u015f\u0131ya kalm\u0131\u015ft\u0131. Yetkililer taraf\u0131ndan yap\u0131lan tahkimat \u00e7al\u0131\u015fmalar\u0131 kapsam\u0131nda, denizin yakla\u015f\u0131k 40 metre i\u00e7ine dalga k\u0131r\u0131c\u0131 ta\u015flar d\u00f6\u015fenerek ta\u015fk\u0131nlar\u0131n \u00f6n\u00fcne ge\u00e7ilmi\u015fti. Zamanla sahilde biriken kum ve \u00e7ak\u0131l, tahkimat\u0131n \u00f6n\u00fcndeki kaya engelini s\u0131\u011fla\u015ft\u0131r\u0131rken, deniz \u00e7ekildi\u011finde k\u0131y\u0131n\u0131n daha da geni\u015fledi\u011fi ve insanlar\u0131n i\u00e7 kesimlerde y\u00fcr\u00fcyebildi\u011fi g\u00f6r\u00fcld\u00fc. Kumsala D\u00f6n\u00fc\u015febilir mi? Vatanda\u015flar, tahkimat \u00e7al\u0131\u015fmalar\u0131n\u0131n \u00f6n\u00fcne biriken \u00e7ak\u0131l ve kumun zamanla burada do\u011fal bir kumsal olu\u015fturabilece\u011fini d\u00fc\u015f\u00fcn\u00fcyor. Uzmandan A\u00e7\u0131klama: Gel-git Kaynakl\u0131 \u0130skenderun Teknik \u00dcniversitesi Deniz Bilimleri ve Teknolojisi Fak\u00fcltesi \u00d6\u011fretim \u00dcyesi Prof. Dr. Tahir \u00d6zcan, b\u00f6lgede ya\u015fanan deniz \u00e7ekilmesinin do\u011fal bir s\u00fcre\u00e7 oldu\u011funu belirtti. \u00d6zcan, &#8220;Bu olay, ba\u015fta Ege Denizi olmak \u00fczere bir\u00e7ok b\u00f6lgede g\u00f6r\u00fclebilen do\u011fal bir d\u00f6ng\u00fcn\u00fcn par\u00e7as\u0131d\u0131r. Gel-git, f\u0131rt\u0131na, r\u00fczgar ve topografya bu s\u00fcre\u00e7te \u00f6nemli rol oynar. Depremlerle ili\u015fkili oldu\u011funa dair bir bulgu bulunmamaktad\u0131r. Konuyu yak\u0131ndan takip ediyoruz&#8221; dedi. \u200bEge B\u00f6lgesi&#8217;nde ya\u015fanan deprem f\u0131rt\u0131nalar\u0131n\u0131n ard\u0131ndan g\u00f6zlemlenen deniz \u00e7ekilmesi, Hatay\u2019\u0131n \u0130skenderun il\u00e7esinde de dikkat \u00e7ekiyor. Do\u011fu Akdeniz\u2019de k\u0131\u015f aylar\u0131nda s\u0131k\u00e7a g\u00f6r\u00fclen bu do\u011fa olay\u0131, \u0130skenderun K\u00f6rfezi boyunca Samanda\u011f\u2019dan Erzin Burnaz b\u00f6lgesine kadar uzanan sahil \u015feridinde de g\u00f6zlemleniyor.\u00a0 \u200bHaberin Al\u0131nt\u0131land\u0131\u011f\u0131 Kaynak: www.iskenderun.org<\/p>","protected":false},"author":1,"featured_media":0,"comment_status":"open","ping_status":"open","sticky":false,"template":"","format":"standard","meta":{"_acf_changed":false,"footnotes":""},"categories":[24],"tags":[],"class_list":["post-32291","post","type-post","status-publish","format-standard","has-post-thumbnail","hentry","category-gundem"],"acf":[],"yoast_head":"<!-- This site is optimized with the Yoast SEO Premium plugin v26.6 (Yoast SEO v27.1.1) - https:\/\/yoast.com\/product\/yoast-seo-premium-wordpress\/ -->\n<title>\u0130skenderun\u2019da da deniz \u00e7ekiliyor! - Av. Deniz Can K\u0131z\u0131l<\/title>\n<meta name=\"robots\" content=\"index, follow, max-snippet:-1, max-image-preview:large, max-video-preview:-1\" \/>\n<link rel=\"canonical\" href=\"https:\/\/denizcankizil.tr\/uk\/haberler\/gundem\/iskenderunda-da-deniz-cekiliyor\/\" \/>\n<meta property=\"og:locale\" content=\"uk_UA\" \/>\n<meta property=\"og:type\" content=\"article\" \/>\n<meta property=\"og:title\" content=\"\u0130skenderun\u2019da da deniz \u00e7ekiliyor!\" \/>\n<meta property=\"og:description\" content=\"6 \u015eubat 2023 depremlerinin ard\u0131ndan sahil band\u0131nda yakla\u015f\u0131k 70 santimetrelik \u00e7\u00f6kme meydana gelmi\u015f, lodos r\u00fczgarlar\u0131 ve denizin kabarmas\u0131 sonucu \u0130skenderun uzun s\u00fcre deniz ta\u015fk\u0131nlar\u0131yla kar\u015f\u0131 kar\u015f\u0131ya kalm\u0131\u015ft\u0131. Yetkililer taraf\u0131ndan yap\u0131lan tahkimat \u00e7al\u0131\u015fmalar\u0131 kapsam\u0131nda, denizin yakla\u015f\u0131k 40 metre i\u00e7ine dalga k\u0131r\u0131c\u0131 ta\u015flar d\u00f6\u015fenerek ta\u015fk\u0131nlar\u0131n \u00f6n\u00fcne ge\u00e7ilmi\u015fti. Zamanla sahilde biriken kum ve \u00e7ak\u0131l, tahkimat\u0131n \u00f6n\u00fcndeki kaya engelini s\u0131\u011fla\u015ft\u0131r\u0131rken, deniz \u00e7ekildi\u011finde k\u0131y\u0131n\u0131n daha da geni\u015fledi\u011fi ve insanlar\u0131n i\u00e7 kesimlerde y\u00fcr\u00fcyebildi\u011fi g\u00f6r\u00fcld\u00fc. Kumsala D\u00f6n\u00fc\u015febilir mi? Vatanda\u015flar, tahkimat \u00e7al\u0131\u015fmalar\u0131n\u0131n \u00f6n\u00fcne biriken \u00e7ak\u0131l ve kumun zamanla burada do\u011fal bir kumsal olu\u015fturabilece\u011fini d\u00fc\u015f\u00fcn\u00fcyor. Uzmandan A\u00e7\u0131klama: Gel-git Kaynakl\u0131 \u0130skenderun Teknik \u00dcniversitesi Deniz Bilimleri ve Teknolojisi Fak\u00fcltesi \u00d6\u011fretim \u00dcyesi Prof. Dr. Tahir \u00d6zcan, b\u00f6lgede ya\u015fanan deniz \u00e7ekilmesinin do\u011fal bir s\u00fcre\u00e7 oldu\u011funu belirtti. \u00d6zcan, &#8220;Bu olay, ba\u015fta Ege Denizi olmak \u00fczere bir\u00e7ok b\u00f6lgede g\u00f6r\u00fclebilen do\u011fal bir d\u00f6ng\u00fcn\u00fcn par\u00e7as\u0131d\u0131r. Gel-git, f\u0131rt\u0131na, r\u00fczgar ve topografya bu s\u00fcre\u00e7te \u00f6nemli rol oynar. Depremlerle ili\u015fkili oldu\u011funa dair bir bulgu bulunmamaktad\u0131r. Konuyu yak\u0131ndan takip ediyoruz&#8221; dedi. \u200bEge B\u00f6lgesi&#8217;nde ya\u015fanan deprem f\u0131rt\u0131nalar\u0131n\u0131n ard\u0131ndan g\u00f6zlemlenen deniz \u00e7ekilmesi, Hatay\u2019\u0131n \u0130skenderun il\u00e7esinde de dikkat \u00e7ekiyor. Do\u011fu Akdeniz\u2019de k\u0131\u015f aylar\u0131nda s\u0131k\u00e7a g\u00f6r\u00fclen bu do\u011fa olay\u0131, \u0130skenderun K\u00f6rfezi boyunca Samanda\u011f\u2019dan Erzin Burnaz b\u00f6lgesine kadar uzanan sahil \u015feridinde de g\u00f6zlemleniyor.\u00a0 \u200bHaberin Al\u0131nt\u0131land\u0131\u011f\u0131 Kaynak: www.iskenderun.org\" \/>\n<meta property=\"og:url\" content=\"https:\/\/denizcankizil.tr\/uk\/haberler\/gundem\/iskenderunda-da-deniz-cekiliyor\/\" \/>\n<meta property=\"og:site_name\" content=\"Av. Deniz Can K\u0131z\u0131l\" \/>\n<meta property=\"article:published_time\" content=\"2025-02-12T13:41:54+00:00\" \/>\n<meta name=\"author\" content=\"admin\" \/>\n<meta name=\"twitter:card\" content=\"summary_large_image\" \/>\n<meta name=\"twitter:label1\" content=\"\u041d\u0430\u043f\u0438\u0441\u0430\u043d\u043e\" \/>\n\t<meta name=\"twitter:data1\" content=\"admin\" \/>\n\t<meta name=\"twitter:label2\" content=\"\u041f\u0440\u0438\u0431\u043b. \u0447\u0430\u0441 \u0447\u0438\u0442\u0430\u043d\u043d\u044f\" \/>\n\t<meta name=\"twitter:data2\" content=\"1 \u0445\u0432\u0438\u043b\u0438\u043d\u0430\" \/>\n<script type=\"application\/ld+json\" class=\"yoast-schema-graph\">{\"@context\":\"https:\/\/schema.org\",\"@graph\":[{\"@type\":\"Article\",\"@id\":\"https:\/\/denizcankizil.tr\/uk\/haberler\/gundem\/iskenderunda-da-deniz-cekiliyor\/#article\",\"isPartOf\":{\"@id\":\"https:\/\/denizcankizil.tr\/uk\/haberler\/gundem\/iskenderunda-da-deniz-cekiliyor\/\"},\"author\":{\"name\":\"admin\",\"@id\":\"https:\/\/denizcankizil.tr\/#\/schema\/person\/be3c05fe6a12686905512445d8185489\"},\"headline\":\"\u0130skenderun\u2019da da deniz \u00e7ekiliyor!\",\"datePublished\":\"2025-02-12T13:41:54+00:00\",\"mainEntityOfPage\":{\"@id\":\"https:\/\/denizcankizil.tr\/uk\/haberler\/gundem\/iskenderunda-da-deniz-cekiliyor\/\"},\"wordCount\":305,\"commentCount\":0,\"publisher\":{\"@id\":\"https:\/\/denizcankizil.tr\/#organization\"},\"articleSection\":[\"G\u00fcndem\"],\"inLanguage\":\"uk\",\"potentialAction\":[{\"@type\":\"CommentAction\",\"name\":\"Comment\",\"target\":[\"https:\/\/denizcankizil.tr\/uk\/haberler\/gundem\/iskenderunda-da-deniz-cekiliyor\/#respond\"]}]},{\"@type\":\"WebPage\",\"@id\":\"https:\/\/denizcankizil.tr\/uk\/haberler\/gundem\/iskenderunda-da-deniz-cekiliyor\/\",\"url\":\"https:\/\/denizcankizil.tr\/uk\/haberler\/gundem\/iskenderunda-da-deniz-cekiliyor\/\",\"name\":\"\u0130skenderun\u2019da da deniz \u00e7ekiliyor! - Av. Deniz Can K\u0131z\u0131l\",\"isPartOf\":{\"@id\":\"https:\/\/denizcankizil.tr\/#website\"},\"datePublished\":\"2025-02-12T13:41:54+00:00\",\"breadcrumb\":{\"@id\":\"https:\/\/denizcankizil.tr\/uk\/haberler\/gundem\/iskenderunda-da-deniz-cekiliyor\/#breadcrumb\"},\"inLanguage\":\"uk\",\"potentialAction\":[{\"@type\":\"ReadAction\",\"target\":[\"https:\/\/denizcankizil.tr\/uk\/haberler\/gundem\/iskenderunda-da-deniz-cekiliyor\/\"]}]},{\"@type\":\"BreadcrumbList\",\"@id\":\"https:\/\/denizcankizil.tr\/uk\/haberler\/gundem\/iskenderunda-da-deniz-cekiliyor\/#breadcrumb\",\"itemListElement\":[{\"@type\":\"ListItem\",\"position\":1,\"name\":\"Home\",\"item\":\"https:\/\/denizcankizil.tr\/uk\/\"},{\"@type\":\"ListItem\",\"position\":2,\"name\":\"\u0130skenderun\u2019da da deniz \u00e7ekiliyor!\"}]},{\"@type\":\"WebSite\",\"@id\":\"https:\/\/denizcankizil.tr\/#website\",\"url\":\"https:\/\/denizcankizil.tr\/\",\"name\":\"Av. Deniz Can K\u0131z\u0131l\",\"description\":\"Avukat Deniz Can K\u0131z\u0131l Antalya Barosu\",\"publisher\":{\"@id\":\"https:\/\/denizcankizil.tr\/#organization\"},\"potentialAction\":[{\"@type\":\"SearchAction\",\"target\":{\"@type\":\"EntryPoint\",\"urlTemplate\":\"https:\/\/denizcankizil.tr\/?s={search_term_string}\"},\"query-input\":{\"@type\":\"PropertyValueSpecification\",\"valueRequired\":true,\"valueName\":\"search_term_string\"}}],\"inLanguage\":\"uk\"},{\"@type\":\"Organization\",\"@id\":\"https:\/\/denizcankizil.tr\/#organization\",\"name\":\"Av. Deniz Can K\u0131z\u0131l\",\"url\":\"https:\/\/denizcankizil.tr\/\",\"logo\":{\"@type\":\"ImageObject\",\"inLanguage\":\"uk\",\"@id\":\"https:\/\/denizcankizil.tr\/#\/schema\/logo\/image\/\",\"url\":\"https:\/\/denizcankizil.tr\/wp-content\/uploads\/2024\/10\/siyah-logo-svg.svg\",\"contentUrl\":\"https:\/\/denizcankizil.tr\/wp-content\/uploads\/2024\/10\/siyah-logo-svg.svg\",\"width\":1080,\"height\":1080,\"caption\":\"Av. Deniz Can K\u0131z\u0131l\"},\"image\":{\"@id\":\"https:\/\/denizcankizil.tr\/#\/schema\/logo\/image\/\"}},{\"@type\":\"Person\",\"@id\":\"https:\/\/denizcankizil.tr\/#\/schema\/person\/be3c05fe6a12686905512445d8185489\",\"name\":\"admin\",\"image\":{\"@type\":\"ImageObject\",\"inLanguage\":\"uk\",\"@id\":\"https:\/\/denizcankizil.tr\/#\/schema\/person\/image\/\",\"url\":\"https:\/\/secure.gravatar.com\/avatar\/c1fce94c830dc79107e174f890d7210541c4a63e8e5d816341794a2151c9d58c?s=96&d=mm&r=g\",\"contentUrl\":\"https:\/\/secure.gravatar.com\/avatar\/c1fce94c830dc79107e174f890d7210541c4a63e8e5d816341794a2151c9d58c?s=96&d=mm&r=g\",\"caption\":\"admin\"},\"sameAs\":[\"http:\/\/denizcankizil.tr\"],\"url\":\"https:\/\/www.iskenderun.org\/iskenderunda-da-deniz-cekiliyor\"}]}<\/script>\n<!-- \/ Yoast SEO Premium plugin. -->","yoast_head_json":{"title":"\u0130skenderun\u2019da da deniz \u00e7ekiliyor! - Av. Deniz Can K\u0131z\u0131l","robots":{"index":"index","follow":"follow","max-snippet":"max-snippet:-1","max-image-preview":"max-image-preview:large","max-video-preview":"max-video-preview:-1"},"canonical":"https:\/\/denizcankizil.tr\/uk\/haberler\/gundem\/iskenderunda-da-deniz-cekiliyor\/","og_locale":"uk_UA","og_type":"article","og_title":"\u0130skenderun\u2019da da deniz \u00e7ekiliyor!","og_description":"6 \u015eubat 2023 depremlerinin ard\u0131ndan sahil band\u0131nda yakla\u015f\u0131k 70 santimetrelik \u00e7\u00f6kme meydana gelmi\u015f, lodos r\u00fczgarlar\u0131 ve denizin kabarmas\u0131 sonucu \u0130skenderun uzun s\u00fcre deniz ta\u015fk\u0131nlar\u0131yla kar\u015f\u0131 kar\u015f\u0131ya kalm\u0131\u015ft\u0131. Yetkililer taraf\u0131ndan yap\u0131lan tahkimat \u00e7al\u0131\u015fmalar\u0131 kapsam\u0131nda, denizin yakla\u015f\u0131k 40 metre i\u00e7ine dalga k\u0131r\u0131c\u0131 ta\u015flar d\u00f6\u015fenerek ta\u015fk\u0131nlar\u0131n \u00f6n\u00fcne ge\u00e7ilmi\u015fti. Zamanla sahilde biriken kum ve \u00e7ak\u0131l, tahkimat\u0131n \u00f6n\u00fcndeki kaya engelini s\u0131\u011fla\u015ft\u0131r\u0131rken, deniz \u00e7ekildi\u011finde k\u0131y\u0131n\u0131n daha da geni\u015fledi\u011fi ve insanlar\u0131n i\u00e7 kesimlerde y\u00fcr\u00fcyebildi\u011fi g\u00f6r\u00fcld\u00fc. Kumsala D\u00f6n\u00fc\u015febilir mi? Vatanda\u015flar, tahkimat \u00e7al\u0131\u015fmalar\u0131n\u0131n \u00f6n\u00fcne biriken \u00e7ak\u0131l ve kumun zamanla burada do\u011fal bir kumsal olu\u015fturabilece\u011fini d\u00fc\u015f\u00fcn\u00fcyor. Uzmandan A\u00e7\u0131klama: Gel-git Kaynakl\u0131 \u0130skenderun Teknik \u00dcniversitesi Deniz Bilimleri ve Teknolojisi Fak\u00fcltesi \u00d6\u011fretim \u00dcyesi Prof. Dr. Tahir \u00d6zcan, b\u00f6lgede ya\u015fanan deniz \u00e7ekilmesinin do\u011fal bir s\u00fcre\u00e7 oldu\u011funu belirtti. \u00d6zcan, &#8220;Bu olay, ba\u015fta Ege Denizi olmak \u00fczere bir\u00e7ok b\u00f6lgede g\u00f6r\u00fclebilen do\u011fal bir d\u00f6ng\u00fcn\u00fcn par\u00e7as\u0131d\u0131r. Gel-git, f\u0131rt\u0131na, r\u00fczgar ve topografya bu s\u00fcre\u00e7te \u00f6nemli rol oynar. Depremlerle ili\u015fkili oldu\u011funa dair bir bulgu bulunmamaktad\u0131r. Konuyu yak\u0131ndan takip ediyoruz&#8221; dedi. \u200bEge B\u00f6lgesi&#8217;nde ya\u015fanan deprem f\u0131rt\u0131nalar\u0131n\u0131n ard\u0131ndan g\u00f6zlemlenen deniz \u00e7ekilmesi, Hatay\u2019\u0131n \u0130skenderun il\u00e7esinde de dikkat \u00e7ekiyor. Do\u011fu Akdeniz\u2019de k\u0131\u015f aylar\u0131nda s\u0131k\u00e7a g\u00f6r\u00fclen bu do\u011fa olay\u0131, \u0130skenderun K\u00f6rfezi boyunca Samanda\u011f\u2019dan Erzin Burnaz b\u00f6lgesine kadar uzanan sahil \u015feridinde de g\u00f6zlemleniyor.\u00a0 \u200bHaberin Al\u0131nt\u0131land\u0131\u011f\u0131 Kaynak: www.iskenderun.org","og_url":"https:\/\/denizcankizil.tr\/uk\/haberler\/gundem\/iskenderunda-da-deniz-cekiliyor\/","og_site_name":"Av. Deniz Can K\u0131z\u0131l","article_published_time":"2025-02-12T13:41:54+00:00","author":"admin","twitter_card":"summary_large_image","twitter_misc":{"\u041d\u0430\u043f\u0438\u0441\u0430\u043d\u043e":"admin","\u041f\u0440\u0438\u0431\u043b. \u0447\u0430\u0441 \u0447\u0438\u0442\u0430\u043d\u043d\u044f":"1 \u0445\u0432\u0438\u043b\u0438\u043d\u0430"},"schema":{"@context":"https:\/\/schema.org","@graph":[{"@type":"Article","@id":"https:\/\/denizcankizil.tr\/uk\/haberler\/gundem\/iskenderunda-da-deniz-cekiliyor\/#article","isPartOf":{"@id":"https:\/\/denizcankizil.tr\/uk\/haberler\/gundem\/iskenderunda-da-deniz-cekiliyor\/"},"author":{"name":"admin","@id":"https:\/\/denizcankizil.tr\/#\/schema\/person\/be3c05fe6a12686905512445d8185489"},"headline":"\u0130skenderun\u2019da da deniz \u00e7ekiliyor!","datePublished":"2025-02-12T13:41:54+00:00","mainEntityOfPage":{"@id":"https:\/\/denizcankizil.tr\/uk\/haberler\/gundem\/iskenderunda-da-deniz-cekiliyor\/"},"wordCount":305,"commentCount":0,"publisher":{"@id":"https:\/\/denizcankizil.tr\/#organization"},"articleSection":["G\u00fcndem"],"inLanguage":"uk","potentialAction":[{"@type":"CommentAction","name":"Comment","target":["https:\/\/denizcankizil.tr\/uk\/haberler\/gundem\/iskenderunda-da-deniz-cekiliyor\/#respond"]}]},{"@type":"WebPage","@id":"https:\/\/denizcankizil.tr\/uk\/haberler\/gundem\/iskenderunda-da-deniz-cekiliyor\/","url":"https:\/\/denizcankizil.tr\/uk\/haberler\/gundem\/iskenderunda-da-deniz-cekiliyor\/","name":"\u0130skenderun\u2019da da deniz \u00e7ekiliyor! - Av. Deniz Can K\u0131z\u0131l","isPartOf":{"@id":"https:\/\/denizcankizil.tr\/#website"},"datePublished":"2025-02-12T13:41:54+00:00","breadcrumb":{"@id":"https:\/\/denizcankizil.tr\/uk\/haberler\/gundem\/iskenderunda-da-deniz-cekiliyor\/#breadcrumb"},"inLanguage":"uk","potentialAction":[{"@type":"ReadAction","target":["https:\/\/denizcankizil.tr\/uk\/haberler\/gundem\/iskenderunda-da-deniz-cekiliyor\/"]}]},{"@type":"BreadcrumbList","@id":"https:\/\/denizcankizil.tr\/uk\/haberler\/gundem\/iskenderunda-da-deniz-cekiliyor\/#breadcrumb","itemListElement":[{"@type":"ListItem","position":1,"name":"Home","item":"https:\/\/denizcankizil.tr\/uk\/"},{"@type":"ListItem","position":2,"name":"\u0130skenderun\u2019da da deniz \u00e7ekiliyor!"}]},{"@type":"WebSite","@id":"https:\/\/denizcankizil.tr\/#website","url":"https:\/\/denizcankizil.tr\/","name":"Av. Deniz Can K\u0131z\u0131l","description":"Avukat Deniz Can K\u0131z\u0131l Antalya Barosu","publisher":{"@id":"https:\/\/denizcankizil.tr\/#organization"},"potentialAction":[{"@type":"SearchAction","target":{"@type":"EntryPoint","urlTemplate":"https:\/\/denizcankizil.tr\/?s={search_term_string}"},"query-input":{"@type":"PropertyValueSpecification","valueRequired":true,"valueName":"search_term_string"}}],"inLanguage":"uk"},{"@type":"Organization","@id":"https:\/\/denizcankizil.tr\/#organization","name":"Av. Deniz Can K\u0131z\u0131l","url":"https:\/\/denizcankizil.tr\/","logo":{"@type":"ImageObject","inLanguage":"uk","@id":"https:\/\/denizcankizil.tr\/#\/schema\/logo\/image\/","url":"https:\/\/denizcankizil.tr\/wp-content\/uploads\/2024\/10\/siyah-logo-svg.svg","contentUrl":"https:\/\/denizcankizil.tr\/wp-content\/uploads\/2024\/10\/siyah-logo-svg.svg","width":1080,"height":1080,"caption":"Av. Deniz Can K\u0131z\u0131l"},"image":{"@id":"https:\/\/denizcankizil.tr\/#\/schema\/logo\/image\/"}},{"@type":"Person","@id":"https:\/\/denizcankizil.tr\/#\/schema\/person\/be3c05fe6a12686905512445d8185489","name":"\u0430\u0434\u043c\u0456\u043d","image":{"@type":"ImageObject","inLanguage":"uk","@id":"https:\/\/denizcankizil.tr\/#\/schema\/person\/image\/","url":"https:\/\/secure.gravatar.com\/avatar\/c1fce94c830dc79107e174f890d7210541c4a63e8e5d816341794a2151c9d58c?s=96&d=mm&r=g","contentUrl":"https:\/\/secure.gravatar.com\/avatar\/c1fce94c830dc79107e174f890d7210541c4a63e8e5d816341794a2151c9d58c?s=96&d=mm&r=g","caption":"admin"},"sameAs":["http:\/\/denizcankizil.tr"],"url":"https:\/\/www.iskenderun.org\/iskenderunda-da-deniz-cekiliyor"}]}},"_links":{"self":[{"href":"https:\/\/denizcankizil.tr\/uk\/wp-json\/wp\/v2\/posts\/32291","targetHints":{"allow":["GET"]}}],"collection":[{"href":"https:\/\/denizcankizil.tr\/uk\/wp-json\/wp\/v2\/posts"}],"about":[{"href":"https:\/\/denizcankizil.tr\/uk\/wp-json\/wp\/v2\/types\/post"}],"author":[{"embeddable":true,"href":"https:\/\/denizcankizil.tr\/uk\/wp-json\/wp\/v2\/users\/1"}],"replies":[{"embeddable":true,"href":"https:\/\/denizcankizil.tr\/uk\/wp-json\/wp\/v2\/comments?post=32291"}],"version-history":[{"count":0,"href":"https:\/\/denizcankizil.tr\/uk\/wp-json\/wp\/v2\/posts\/32291\/revisions"}],"wp:attachment":[{"href":"https:\/\/denizcankizil.tr\/uk\/wp-json\/wp\/v2\/media?parent=32291"}],"wp:term":[{"taxonomy":"category","embeddable":true,"href":"https:\/\/denizcankizil.tr\/uk\/wp-json\/wp\/v2\/categories?post=32291"},{"taxonomy":"post_tag","embeddable":true,"href":"https:\/\/denizcankizil.tr\/uk\/wp-json\/wp\/v2\/tags?post=32291"}],"curies":[{"name":"wp","href":"https:\/\/api.w.org\/{rel}","templated":true}]}}