{"id":32244,"date":"2025-02-12T13:41:47","date_gmt":"2025-02-12T10:41:47","guid":{"rendered":"https:\/\/denizcankizil.tr\/uncategorized-tr\/yayla-yollarinda-tuzlama-calismasi\/"},"modified":"2025-02-12T13:41:47","modified_gmt":"2025-02-12T10:41:47","slug":"yayla-yollarinda-tuzlama-calismasi","status":"publish","type":"post","link":"https:\/\/denizcankizil.tr\/uk\/haberler\/antalya\/yayla-yollarinda-tuzlama-calismasi\/","title":{"rendered":"Yayla yollar\u0131nda tuzlama \u00e7al\u0131\u015fmas\u0131"},"content":{"rendered":"<p>Alanya ve \u00e7evresinde hafta sonu etkili olan ya\u011f\u0131\u015f ve f\u0131rt\u0131na sonras\u0131 y\u00fcksek kesimlerdeki yollarda buzlanma meydana geldi. Antalya B\u00fcy\u00fck\u015fehir Belediyesi il\u00e7enin k\u0131rsal mahalleleri ve yaylalar\u0131na ula\u015f\u0131m\u0131 sa\u011flayan ana arterleri a\u00e7\u0131k tutmak i\u00e7in \u00e7al\u0131\u015f\u0131yor. Hafta sonu kar ya\u011f\u0131\u015f\u0131n\u0131n kendisini g\u00f6sterdi\u011fi Gedevet Yaylas\u0131 Yolu\u2019nda ya\u011f\u0131\u015f sonras\u0131 buzlanma ya\u015fand\u0131. Ara\u00e7lar\u0131n ula\u015f\u0131mda sorun ya\u015famamas\u0131 i\u00e7in Antalya B\u00fcy\u00fck\u015fehir Belediyesi K\u0131rsal Hizmetler Dairesi Ba\u015fkanl\u0131\u011f\u0131 Alanya ekipleri b\u00f6lgede tuzlama \u00e7al\u0131\u015fma yapt\u0131. Ekipler, yollar\u0131n a\u00e7\u0131k kalmas\u0131 i\u00e7in g\u00fcn boyu tuzlama \u00e7al\u0131\u015fmalar\u0131n\u0131 s\u00fcrd\u00fcr\u00fcyor.<\/p>\n<p>Kaynak: www.kanalv.com.tr Haber Sitesinden Al\u0131nm\u0131\u015ft\u0131r.<\/p>","protected":false},"excerpt":{"rendered":"<p>Alanya ve \u00e7evresinde hafta sonu etkili olan ya\u011f\u0131\u015f ve f\u0131rt\u0131na sonras\u0131 y\u00fcksek kesimlerdeki yollarda buzlanma meydana geldi. Antalya B\u00fcy\u00fck\u015fehir Belediyesi il\u00e7enin k\u0131rsal mahalleleri ve yaylalar\u0131na ula\u015f\u0131m\u0131 sa\u011flayan ana arterleri a\u00e7\u0131k tutmak i\u00e7in \u00e7al\u0131\u015f\u0131yor. Hafta sonu kar ya\u011f\u0131\u015f\u0131n\u0131n kendisini g\u00f6sterdi\u011fi Gedevet Yaylas\u0131 Yolu\u2019nda ya\u011f\u0131\u015f sonras\u0131 buzlanma ya\u015fand\u0131. Ara\u00e7lar\u0131n ula\u015f\u0131mda sorun ya\u015famamas\u0131 i\u00e7in Antalya B\u00fcy\u00fck\u015fehir Belediyesi K\u0131rsal Hizmetler Dairesi Ba\u015fkanl\u0131\u011f\u0131 Alanya ekipleri b\u00f6lgede tuzlama \u00e7al\u0131\u015fma yapt\u0131. Ekipler, yollar\u0131n a\u00e7\u0131k kalmas\u0131 i\u00e7in g\u00fcn boyu tuzlama \u00e7al\u0131\u015fmalar\u0131n\u0131 s\u00fcrd\u00fcr\u00fcyor. Kaynak: www.kanalv.com.tr Haber Sitesinden Al\u0131nm\u0131\u015ft\u0131r.<\/p>","protected":false},"author":4,"featured_media":32245,"comment_status":"open","ping_status":"open","sticky":false,"template":"","format":"standard","meta":{"_acf_changed":false,"footnotes":""},"categories":[26],"tags":[],"class_list":["post-32244","post","type-post","status-publish","format-standard","has-post-thumbnail","hentry","category-antalya"],"acf":[],"yoast_head":"<!-- This site is optimized with the Yoast SEO Premium plugin v26.6 (Yoast SEO v27.1.1) - https:\/\/yoast.com\/product\/yoast-seo-premium-wordpress\/ -->\n<title>Yayla yollar\u0131nda tuzlama \u00e7al\u0131\u015fmas\u0131 - Av. Deniz Can K\u0131z\u0131l<\/title>\n<meta name=\"robots\" content=\"index, follow, max-snippet:-1, max-image-preview:large, max-video-preview:-1\" \/>\n<link rel=\"canonical\" href=\"http:\/\/denizcankizil.tr\/uk\/haberler\/antalya\/yayla-yollarinda-tuzlama-calismasi\/\" \/>\n<meta property=\"og:locale\" content=\"uk_UA\" \/>\n<meta property=\"og:type\" content=\"article\" \/>\n<meta property=\"og:title\" content=\"Yayla yollar\u0131nda tuzlama \u00e7al\u0131\u015fmas\u0131\" \/>\n<meta property=\"og:description\" content=\"Alanya ve \u00e7evresinde hafta sonu etkili olan ya\u011f\u0131\u015f ve f\u0131rt\u0131na sonras\u0131 y\u00fcksek kesimlerdeki yollarda buzlanma meydana geldi. Antalya B\u00fcy\u00fck\u015fehir Belediyesi il\u00e7enin k\u0131rsal mahalleleri ve yaylalar\u0131na ula\u015f\u0131m\u0131 sa\u011flayan ana arterleri a\u00e7\u0131k tutmak i\u00e7in \u00e7al\u0131\u015f\u0131yor. Hafta sonu kar ya\u011f\u0131\u015f\u0131n\u0131n kendisini g\u00f6sterdi\u011fi Gedevet Yaylas\u0131 Yolu\u2019nda ya\u011f\u0131\u015f sonras\u0131 buzlanma ya\u015fand\u0131. Ara\u00e7lar\u0131n ula\u015f\u0131mda sorun ya\u015famamas\u0131 i\u00e7in Antalya B\u00fcy\u00fck\u015fehir Belediyesi K\u0131rsal Hizmetler Dairesi Ba\u015fkanl\u0131\u011f\u0131 Alanya ekipleri b\u00f6lgede tuzlama \u00e7al\u0131\u015fma yapt\u0131. Ekipler, yollar\u0131n a\u00e7\u0131k kalmas\u0131 i\u00e7in g\u00fcn boyu tuzlama \u00e7al\u0131\u015fmalar\u0131n\u0131 s\u00fcrd\u00fcr\u00fcyor. Kaynak: www.kanalv.com.tr Haber Sitesinden Al\u0131nm\u0131\u015ft\u0131r.\" \/>\n<meta property=\"og:url\" content=\"http:\/\/denizcankizil.tr\/uk\/haberler\/antalya\/yayla-yollarinda-tuzlama-calismasi\/\" \/>\n<meta property=\"og:site_name\" content=\"Av. Deniz Can K\u0131z\u0131l\" \/>\n<meta property=\"article:published_time\" content=\"2025-02-12T10:41:47+00:00\" \/>\n<meta property=\"og:image\" content=\"http:\/\/denizcankizil.tr\/wp-content\/uploads\/2025\/02\/4597-01-0NUMZx.jpeg\" \/>\n\t<meta property=\"og:image:width\" content=\"1280\" \/>\n\t<meta property=\"og:image:height\" content=\"720\" \/>\n\t<meta property=\"og:image:type\" content=\"image\/jpeg\" \/>\n<meta name=\"author\" content=\"Av. Deniz Can K\u0131z\u0131l\" \/>\n<meta name=\"twitter:card\" content=\"summary_large_image\" \/>\n<meta name=\"twitter:label1\" content=\"\u041d\u0430\u043f\u0438\u0441\u0430\u043d\u043e\" \/>\n\t<meta name=\"twitter:data1\" content=\"Av. Deniz Can K\u0131z\u0131l\" \/>\n\t<meta name=\"twitter:label2\" content=\"\u041f\u0440\u0438\u0431\u043b. \u0447\u0430\u0441 \u0447\u0438\u0442\u0430\u043d\u043d\u044f\" \/>\n\t<meta name=\"twitter:data2\" content=\"1 \u0445\u0432\u0438\u043b\u0438\u043d\u0430\" \/>\n<script type=\"application\/ld+json\" class=\"yoast-schema-graph\">{\"@context\":\"https:\/\/schema.org\",\"@graph\":[{\"@type\":\"Article\",\"@id\":\"http:\/\/denizcankizil.tr\/en\/haberler\/antalya\/yayla-yollarinda-tuzlama-calismasi\/#article\",\"isPartOf\":{\"@id\":\"http:\/\/denizcankizil.tr\/en\/haberler\/antalya\/yayla-yollarinda-tuzlama-calismasi\/\"},\"author\":{\"name\":\"Av. Deniz Can K\u0131z\u0131l\",\"@id\":\"https:\/\/denizcankizil.tr\/#\/schema\/person\/5dc1b22991bd7ac833867c10afc9b0ff\"},\"headline\":\"Yayla yollar\u0131nda tuzlama \u00e7al\u0131\u015fmas\u0131\",\"datePublished\":\"2025-02-12T10:41:47+00:00\",\"mainEntityOfPage\":{\"@id\":\"http:\/\/denizcankizil.tr\/en\/haberler\/antalya\/yayla-yollarinda-tuzlama-calismasi\/\"},\"wordCount\":132,\"commentCount\":0,\"publisher\":{\"@id\":\"https:\/\/denizcankizil.tr\/#organization\"},\"image\":{\"@id\":\"http:\/\/denizcankizil.tr\/en\/haberler\/antalya\/yayla-yollarinda-tuzlama-calismasi\/#primaryimage\"},\"thumbnailUrl\":\"https:\/\/denizcankizil.tr\/wp-content\/uploads\/2025\/02\/4597-01-0NUMZx.jpeg\",\"articleSection\":[\"Antalya\"],\"inLanguage\":\"uk\",\"potentialAction\":[{\"@type\":\"CommentAction\",\"name\":\"Comment\",\"target\":[\"http:\/\/denizcankizil.tr\/en\/haberler\/antalya\/yayla-yollarinda-tuzlama-calismasi\/#respond\"]}]},{\"@type\":\"WebPage\",\"@id\":\"http:\/\/denizcankizil.tr\/en\/haberler\/antalya\/yayla-yollarinda-tuzlama-calismasi\/\",\"url\":\"http:\/\/denizcankizil.tr\/en\/haberler\/antalya\/yayla-yollarinda-tuzlama-calismasi\/\",\"name\":\"Yayla yollar\u0131nda tuzlama \u00e7al\u0131\u015fmas\u0131 - Av. Deniz Can K\u0131z\u0131l\",\"isPartOf\":{\"@id\":\"https:\/\/denizcankizil.tr\/#website\"},\"primaryImageOfPage\":{\"@id\":\"http:\/\/denizcankizil.tr\/en\/haberler\/antalya\/yayla-yollarinda-tuzlama-calismasi\/#primaryimage\"},\"image\":{\"@id\":\"http:\/\/denizcankizil.tr\/en\/haberler\/antalya\/yayla-yollarinda-tuzlama-calismasi\/#primaryimage\"},\"thumbnailUrl\":\"https:\/\/denizcankizil.tr\/wp-content\/uploads\/2025\/02\/4597-01-0NUMZx.jpeg\",\"datePublished\":\"2025-02-12T10:41:47+00:00\",\"breadcrumb\":{\"@id\":\"http:\/\/denizcankizil.tr\/en\/haberler\/antalya\/yayla-yollarinda-tuzlama-calismasi\/#breadcrumb\"},\"inLanguage\":\"uk\",\"potentialAction\":[{\"@type\":\"ReadAction\",\"target\":[\"http:\/\/denizcankizil.tr\/en\/haberler\/antalya\/yayla-yollarinda-tuzlama-calismasi\/\"]}]},{\"@type\":\"ImageObject\",\"inLanguage\":\"uk\",\"@id\":\"http:\/\/denizcankizil.tr\/en\/haberler\/antalya\/yayla-yollarinda-tuzlama-calismasi\/#primaryimage\",\"url\":\"https:\/\/denizcankizil.tr\/wp-content\/uploads\/2025\/02\/4597-01-0NUMZx.jpeg\",\"contentUrl\":\"https:\/\/denizcankizil.tr\/wp-content\/uploads\/2025\/02\/4597-01-0NUMZx.jpeg\",\"width\":1280,\"height\":720},{\"@type\":\"BreadcrumbList\",\"@id\":\"http:\/\/denizcankizil.tr\/en\/haberler\/antalya\/yayla-yollarinda-tuzlama-calismasi\/#breadcrumb\",\"itemListElement\":[{\"@type\":\"ListItem\",\"position\":1,\"name\":\"Home\",\"item\":\"https:\/\/denizcankizil.tr\/de\/\"},{\"@type\":\"ListItem\",\"position\":2,\"name\":\"Yayla yollar\u0131nda tuzlama \u00e7al\u0131\u015fmas\u0131\"}]},{\"@type\":\"WebSite\",\"@id\":\"https:\/\/denizcankizil.tr\/#website\",\"url\":\"https:\/\/denizcankizil.tr\/\",\"name\":\"Av. Deniz Can K\u0131z\u0131l\",\"description\":\"Avukat Deniz Can K\u0131z\u0131l Antalya Barosu\",\"publisher\":{\"@id\":\"https:\/\/denizcankizil.tr\/#organization\"},\"potentialAction\":[{\"@type\":\"SearchAction\",\"target\":{\"@type\":\"EntryPoint\",\"urlTemplate\":\"https:\/\/denizcankizil.tr\/?s={search_term_string}\"},\"query-input\":{\"@type\":\"PropertyValueSpecification\",\"valueRequired\":true,\"valueName\":\"search_term_string\"}}],\"inLanguage\":\"uk\"},{\"@type\":\"Organization\",\"@id\":\"https:\/\/denizcankizil.tr\/#organization\",\"name\":\"Av. Deniz Can K\u0131z\u0131l\",\"url\":\"https:\/\/denizcankizil.tr\/\",\"logo\":{\"@type\":\"ImageObject\",\"inLanguage\":\"uk\",\"@id\":\"https:\/\/denizcankizil.tr\/#\/schema\/logo\/image\/\",\"url\":\"https:\/\/denizcankizil.tr\/wp-content\/uploads\/2024\/10\/siyah-logo-svg.svg\",\"contentUrl\":\"https:\/\/denizcankizil.tr\/wp-content\/uploads\/2024\/10\/siyah-logo-svg.svg\",\"width\":1080,\"height\":1080,\"caption\":\"Av. Deniz Can K\u0131z\u0131l\"},\"image\":{\"@id\":\"https:\/\/denizcankizil.tr\/#\/schema\/logo\/image\/\"}},{\"@type\":\"Person\",\"@id\":\"https:\/\/denizcankizil.tr\/#\/schema\/person\/5dc1b22991bd7ac833867c10afc9b0ff\",\"name\":\"Av. Deniz Can K\u0131z\u0131l\",\"image\":{\"@type\":\"ImageObject\",\"inLanguage\":\"uk\",\"@id\":\"https:\/\/denizcankizil.tr\/#\/schema\/person\/image\/\",\"url\":\"https:\/\/secure.gravatar.com\/avatar\/a0b128fb9855c79efc976d5640eedb31dc35ec297594d6016d2cf7c60e975bb6?s=96&d=mm&r=g\",\"contentUrl\":\"https:\/\/secure.gravatar.com\/avatar\/a0b128fb9855c79efc976d5640eedb31dc35ec297594d6016d2cf7c60e975bb6?s=96&d=mm&r=g\",\"caption\":\"Av. Deniz Can K\u0131z\u0131l\"},\"sameAs\":[\"http:\/\/www.denizcankizil.tr\"],\"url\":\"https:\/\/denizcankizil.tr\/uk\/author\/denizcankizil\/\"}]}<\/script>\n<!-- \/ Yoast SEO Premium plugin. -->","yoast_head_json":{"title":"Yayla yollar\u0131nda tuzlama \u00e7al\u0131\u015fmas\u0131 - Av. Deniz Can K\u0131z\u0131l","robots":{"index":"index","follow":"follow","max-snippet":"max-snippet:-1","max-image-preview":"max-image-preview:large","max-video-preview":"max-video-preview:-1"},"canonical":"http:\/\/denizcankizil.tr\/uk\/haberler\/antalya\/yayla-yollarinda-tuzlama-calismasi\/","og_locale":"uk_UA","og_type":"article","og_title":"Yayla yollar\u0131nda tuzlama \u00e7al\u0131\u015fmas\u0131","og_description":"Alanya ve \u00e7evresinde hafta sonu etkili olan ya\u011f\u0131\u015f ve f\u0131rt\u0131na sonras\u0131 y\u00fcksek kesimlerdeki yollarda buzlanma meydana geldi. Antalya B\u00fcy\u00fck\u015fehir Belediyesi il\u00e7enin k\u0131rsal mahalleleri ve yaylalar\u0131na ula\u015f\u0131m\u0131 sa\u011flayan ana arterleri a\u00e7\u0131k tutmak i\u00e7in \u00e7al\u0131\u015f\u0131yor. Hafta sonu kar ya\u011f\u0131\u015f\u0131n\u0131n kendisini g\u00f6sterdi\u011fi Gedevet Yaylas\u0131 Yolu\u2019nda ya\u011f\u0131\u015f sonras\u0131 buzlanma ya\u015fand\u0131. Ara\u00e7lar\u0131n ula\u015f\u0131mda sorun ya\u015famamas\u0131 i\u00e7in Antalya B\u00fcy\u00fck\u015fehir Belediyesi K\u0131rsal Hizmetler Dairesi Ba\u015fkanl\u0131\u011f\u0131 Alanya ekipleri b\u00f6lgede tuzlama \u00e7al\u0131\u015fma yapt\u0131. Ekipler, yollar\u0131n a\u00e7\u0131k kalmas\u0131 i\u00e7in g\u00fcn boyu tuzlama \u00e7al\u0131\u015fmalar\u0131n\u0131 s\u00fcrd\u00fcr\u00fcyor. Kaynak: www.kanalv.com.tr Haber Sitesinden Al\u0131nm\u0131\u015ft\u0131r.","og_url":"http:\/\/denizcankizil.tr\/uk\/haberler\/antalya\/yayla-yollarinda-tuzlama-calismasi\/","og_site_name":"Av. Deniz Can K\u0131z\u0131l","article_published_time":"2025-02-12T10:41:47+00:00","og_image":[{"width":1280,"height":720,"url":"http:\/\/denizcankizil.tr\/wp-content\/uploads\/2025\/02\/4597-01-0NUMZx.jpeg","type":"image\/jpeg"}],"author":"Av. Deniz Can K\u0131z\u0131l","twitter_card":"summary_large_image","twitter_misc":{"\u041d\u0430\u043f\u0438\u0441\u0430\u043d\u043e":"Av. Deniz Can K\u0131z\u0131l","\u041f\u0440\u0438\u0431\u043b. \u0447\u0430\u0441 \u0447\u0438\u0442\u0430\u043d\u043d\u044f":"1 \u0445\u0432\u0438\u043b\u0438\u043d\u0430"},"schema":{"@context":"https:\/\/schema.org","@graph":[{"@type":"Article","@id":"http:\/\/denizcankizil.tr\/en\/haberler\/antalya\/yayla-yollarinda-tuzlama-calismasi\/#article","isPartOf":{"@id":"http:\/\/denizcankizil.tr\/en\/haberler\/antalya\/yayla-yollarinda-tuzlama-calismasi\/"},"author":{"name":"Av. Deniz Can K\u0131z\u0131l","@id":"https:\/\/denizcankizil.tr\/#\/schema\/person\/5dc1b22991bd7ac833867c10afc9b0ff"},"headline":"Yayla yollar\u0131nda tuzlama \u00e7al\u0131\u015fmas\u0131","datePublished":"2025-02-12T10:41:47+00:00","mainEntityOfPage":{"@id":"http:\/\/denizcankizil.tr\/en\/haberler\/antalya\/yayla-yollarinda-tuzlama-calismasi\/"},"wordCount":132,"commentCount":0,"publisher":{"@id":"https:\/\/denizcankizil.tr\/#organization"},"image":{"@id":"http:\/\/denizcankizil.tr\/en\/haberler\/antalya\/yayla-yollarinda-tuzlama-calismasi\/#primaryimage"},"thumbnailUrl":"https:\/\/denizcankizil.tr\/wp-content\/uploads\/2025\/02\/4597-01-0NUMZx.jpeg","articleSection":["Antalya"],"inLanguage":"uk","potentialAction":[{"@type":"CommentAction","name":"Comment","target":["http:\/\/denizcankizil.tr\/en\/haberler\/antalya\/yayla-yollarinda-tuzlama-calismasi\/#respond"]}]},{"@type":"WebPage","@id":"http:\/\/denizcankizil.tr\/en\/haberler\/antalya\/yayla-yollarinda-tuzlama-calismasi\/","url":"http:\/\/denizcankizil.tr\/en\/haberler\/antalya\/yayla-yollarinda-tuzlama-calismasi\/","name":"Yayla yollar\u0131nda tuzlama \u00e7al\u0131\u015fmas\u0131 - Av. Deniz Can K\u0131z\u0131l","isPartOf":{"@id":"https:\/\/denizcankizil.tr\/#website"},"primaryImageOfPage":{"@id":"http:\/\/denizcankizil.tr\/en\/haberler\/antalya\/yayla-yollarinda-tuzlama-calismasi\/#primaryimage"},"image":{"@id":"http:\/\/denizcankizil.tr\/en\/haberler\/antalya\/yayla-yollarinda-tuzlama-calismasi\/#primaryimage"},"thumbnailUrl":"https:\/\/denizcankizil.tr\/wp-content\/uploads\/2025\/02\/4597-01-0NUMZx.jpeg","datePublished":"2025-02-12T10:41:47+00:00","breadcrumb":{"@id":"http:\/\/denizcankizil.tr\/en\/haberler\/antalya\/yayla-yollarinda-tuzlama-calismasi\/#breadcrumb"},"inLanguage":"uk","potentialAction":[{"@type":"ReadAction","target":["http:\/\/denizcankizil.tr\/en\/haberler\/antalya\/yayla-yollarinda-tuzlama-calismasi\/"]}]},{"@type":"ImageObject","inLanguage":"uk","@id":"http:\/\/denizcankizil.tr\/en\/haberler\/antalya\/yayla-yollarinda-tuzlama-calismasi\/#primaryimage","url":"https:\/\/denizcankizil.tr\/wp-content\/uploads\/2025\/02\/4597-01-0NUMZx.jpeg","contentUrl":"https:\/\/denizcankizil.tr\/wp-content\/uploads\/2025\/02\/4597-01-0NUMZx.jpeg","width":1280,"height":720},{"@type":"BreadcrumbList","@id":"http:\/\/denizcankizil.tr\/en\/haberler\/antalya\/yayla-yollarinda-tuzlama-calismasi\/#breadcrumb","itemListElement":[{"@type":"ListItem","position":1,"name":"Home","item":"https:\/\/denizcankizil.tr\/de\/"},{"@type":"ListItem","position":2,"name":"Yayla yollar\u0131nda tuzlama \u00e7al\u0131\u015fmas\u0131"}]},{"@type":"WebSite","@id":"https:\/\/denizcankizil.tr\/#website","url":"https:\/\/denizcankizil.tr\/","name":"Av. Deniz Can K\u0131z\u0131l","description":"Avukat Deniz Can K\u0131z\u0131l Antalya Barosu","publisher":{"@id":"https:\/\/denizcankizil.tr\/#organization"},"potentialAction":[{"@type":"SearchAction","target":{"@type":"EntryPoint","urlTemplate":"https:\/\/denizcankizil.tr\/?s={search_term_string}"},"query-input":{"@type":"PropertyValueSpecification","valueRequired":true,"valueName":"search_term_string"}}],"inLanguage":"uk"},{"@type":"Organization","@id":"https:\/\/denizcankizil.tr\/#organization","name":"Av. Deniz Can K\u0131z\u0131l","url":"https:\/\/denizcankizil.tr\/","logo":{"@type":"ImageObject","inLanguage":"uk","@id":"https:\/\/denizcankizil.tr\/#\/schema\/logo\/image\/","url":"https:\/\/denizcankizil.tr\/wp-content\/uploads\/2024\/10\/siyah-logo-svg.svg","contentUrl":"https:\/\/denizcankizil.tr\/wp-content\/uploads\/2024\/10\/siyah-logo-svg.svg","width":1080,"height":1080,"caption":"Av. Deniz Can K\u0131z\u0131l"},"image":{"@id":"https:\/\/denizcankizil.tr\/#\/schema\/logo\/image\/"}},{"@type":"Person","@id":"https:\/\/denizcankizil.tr\/#\/schema\/person\/5dc1b22991bd7ac833867c10afc9b0ff","name":"Av. Deniz Can K\u0131z\u0131l","image":{"@type":"ImageObject","inLanguage":"uk","@id":"https:\/\/denizcankizil.tr\/#\/schema\/person\/image\/","url":"https:\/\/secure.gravatar.com\/avatar\/a0b128fb9855c79efc976d5640eedb31dc35ec297594d6016d2cf7c60e975bb6?s=96&d=mm&r=g","contentUrl":"https:\/\/secure.gravatar.com\/avatar\/a0b128fb9855c79efc976d5640eedb31dc35ec297594d6016d2cf7c60e975bb6?s=96&d=mm&r=g","caption":"Av. Deniz Can K\u0131z\u0131l"},"sameAs":["http:\/\/www.denizcankizil.tr"],"url":"https:\/\/denizcankizil.tr\/uk\/author\/denizcankizil\/"}]}},"_links":{"self":[{"href":"https:\/\/denizcankizil.tr\/uk\/wp-json\/wp\/v2\/posts\/32244","targetHints":{"allow":["GET"]}}],"collection":[{"href":"https:\/\/denizcankizil.tr\/uk\/wp-json\/wp\/v2\/posts"}],"about":[{"href":"https:\/\/denizcankizil.tr\/uk\/wp-json\/wp\/v2\/types\/post"}],"author":[{"embeddable":true,"href":"https:\/\/denizcankizil.tr\/uk\/wp-json\/wp\/v2\/users\/4"}],"replies":[{"embeddable":true,"href":"https:\/\/denizcankizil.tr\/uk\/wp-json\/wp\/v2\/comments?post=32244"}],"version-history":[{"count":0,"href":"https:\/\/denizcankizil.tr\/uk\/wp-json\/wp\/v2\/posts\/32244\/revisions"}],"wp:featuredmedia":[{"embeddable":true,"href":"https:\/\/denizcankizil.tr\/uk\/wp-json\/wp\/v2\/media\/32245"}],"wp:attachment":[{"href":"https:\/\/denizcankizil.tr\/uk\/wp-json\/wp\/v2\/media?parent=32244"}],"wp:term":[{"taxonomy":"category","embeddable":true,"href":"https:\/\/denizcankizil.tr\/uk\/wp-json\/wp\/v2\/categories?post=32244"},{"taxonomy":"post_tag","embeddable":true,"href":"https:\/\/denizcankizil.tr\/uk\/wp-json\/wp\/v2\/tags?post=32244"}],"curies":[{"name":"wp","href":"https:\/\/api.w.org\/{rel}","templated":true}]}}