{"id":32198,"date":"2025-02-12T10:42:59","date_gmt":"2025-02-12T07:42:59","guid":{"rendered":"https:\/\/denizcankizil.tr\/uncategorized-tr\/izmirde-tefecilerin-hucresine-girildi\/"},"modified":"2025-02-12T10:42:59","modified_gmt":"2025-02-12T07:42:59","slug":"izmirde-tefecilerin-hucresine-girildi","status":"publish","type":"post","link":"https:\/\/denizcankizil.tr\/uk\/haberler\/gundem\/izmirde-tefecilerin-hucresine-girildi\/","title":{"rendered":"\u0130zmir&#8217;de tefecilerin &#8216;H\u00fccre&#8217;sine girildi!"},"content":{"rendered":"<p>\u0130zmir&#8217;de tefecilere ve doland\u0131r\u0131c\u0131lara y\u00f6nelik Mali Su\u00e7 \u00d6rg\u00fctlerine d\u00fczenlenen \u201cH\u00dcCRE-11\u201d operasyonunda 23 \u015f\u00fcpheli yakaland\u0131.ANKARA (\u0130GFA) &#8211; \u0130\u00e7i\u015fleri Bakanl\u0131\u011f\u0131&#8217;n\u0131n mali su\u00e7 \u00f6rg\u00fctlerine y\u00f6nelik bir s\u00fcredir d\u00fczenledi\u011fi &#8216;H\u00fccre&#8217; operasyonlar\u0131n\u0131n 11&#8217;incisi bu kez \u0130zmir&#8217;de ger\u00e7ekle\u015ftirildi.<br \/>\n\u0130zmir&#8217;de tefecilere ve doland\u0131r\u0131c\u0131lara y\u00f6nelik &#8216;H\u00fccre-11&#8217; operasyonunda; ma\u011fdurlardan zorla \u00e7ek ve senet ald\u0131klar\u0131, bu \u00e7ek ve senetler hakk\u0131nda icra takibi ba\u015flatarak, haciz yoluyla ma\u011fdurlar\u0131n mal varl\u0131klar\u0131n\u0131 ele ge\u00e7irdikleri,\u00a0 y\u00fcksek faiz kar\u015f\u0131l\u0131\u011f\u0131 vermi\u015f olduklar\u0131 paralar\u0131 tahsil etmek i\u00e7in bask\u0131 alt\u0131na ald\u0131klar\u0131 ve tehdit ettikleri, zanl\u0131lar\u0131n ma\u011fdurlardan ald\u0131\u011f\u0131 bor\u00e7 paray\u0131 faiziyle \u00f6denmesine ra\u011fmen teminat olarak verdikleri \u00e7ekleri iade etmedikleri, bu ki\u015filerden yeni \u00e7ekler ald\u0131klar\u0131 ve ilk belirlemelere g\u00f6re ma\u011fdurlardan yakla\u015f\u0131k 30 Milyon TL haks\u0131z kazan\u00e7 elde ettikleri tespit edildi.<\/p>\n<p><blockquote class=\"twitter-tweet\" data-width=\"550\" data-dnt=\"true\"><p lang=\"tr\" dir=\"ltr\">\u0130zmir&#39;de Tefecilere ve doland\u0131r\u0131c\u0131lara y\u00f6nelik Mali Su\u00e7 \u00d6rg\u00fctlerine d\u00fczenlenen \u201cH\u00dcCRE-11\u201d operasyonunda 23 \u015f\u00fcpheli yakaland\u0131.\u2757\ufe0f<br><br>Aziz Milletimizin Bilmesini \u0130sterim ki;<br>Organize su\u00e7 \u00f6rg\u00fctleri gibi tefecilere de g\u00f6z a\u00e7t\u0131rmayaca\u011f\u0131z. \u00dclkemizin d\u00f6rt bir yan\u0131nda kararl\u0131l\u0131kla\u2026 <a href=\"https:\/\/t.co\/LExN2cH2dl\">pic.twitter.com\/LExN2cH2dl<\/a><\/p>&mdash; Ali Yerlikaya (@AliYerlikaya) <a href=\"https:\/\/twitter.com\/AliYerlikaya\/status\/1889540358503121189?ref_src=twsrc%5Etfw\">February 12, 2025<\/a><\/blockquote><script async src=\"https:\/\/platform.twitter.com\/widgets.js\" charset=\"utf-8\"><\/script><\/p>\n<p>Operasyonlarda,uhsats\u0131z tabanca ve t\u00fcfekler ile \u00e7ok say\u0131da \u00e7ek, senet ve ma\u011fdurlar\u0131n bilgilerinin yer ald\u0131\u011f\u0131 \u00e7ok say\u0131da ajanda ve not defteri ele ge\u00e7irildi.<br \/>\n\u0130\u00e7i\u015fleri Bakan\u0131 Ali Yerlikaya, organize su\u00e7 \u00f6rg\u00fctleri gibi tefecilere de g\u00f6z a\u00e7t\u0131rmayacaklar\u0131n\u0131 ifade ederek, T\u00fcrkiye&#8217;nin d\u00f6rt bir yan\u0131nda kararl\u0131l\u0131kla y\u00fcr\u00fct\u00fclen operasyonlar\u0131n devam edece\u011fini a\u00e7\u0131klad\u0131.<\/p>\n<p>\u200b\u0130zmir&#8217;de tefecilere ve doland\u0131r\u0131c\u0131lara y\u00f6nelik Mali Su\u00e7 \u00d6rg\u00fctlerine d\u00fczenlenen \u201cH\u00dcCRE-11\u201d operasyonunda 23 \u015f\u00fcpheli yakaland\u0131.ANKARA (\u0130GFA) &#8211; \u0130\u00e7i\u015fleri Bakanl\u0131\u011f\u0131&#8217;n\u0131n mali su\u00e7 \u00f6rg\u00fctlerine y\u00f6nelik bir s\u00fcredir d\u00fczenledi\u011fi &#8216;H\u00fccre&#8217; operasyonlar\u0131n\u0131n 11&#8217;incisi bu kez \u0130zmir&#8217;de ger\u00e7ekle\u015ftirildi.<br \/>\n\u0130zmir&#8217;de tefecilere ve doland\u0131r\u0131c\u0131lara y\u00f6nelik &#8216;H\u00fccre-11&#8217; operasyonunda; ma\u011fdurlardan zorla \u00e7ek ve senet ald\u0131klar\u0131, bu \u00e7ek ve senetler hakk\u0131nda icra takibi ba\u015flatarak, haciz yoluyla ma\u011fdurlar\u0131n mal varl\u0131klar\u0131n\u0131 ele ge\u00e7irdikleri,\u00a0 y\u00fcksek faiz kar\u015f\u0131l\u0131\u011f\u0131 vermi\u015f olduklar\u0131 paralar\u0131 tahsil etmek i\u00e7in bask\u0131 alt\u0131na ald\u0131klar\u0131 ve tehdit ettikleri, zanl\u0131lar\u0131n ma\u011fdurlardan ald\u0131\u011f\u0131 bor\u00e7 paray\u0131 faiziyle \u00f6denmesine ra\u011fmen teminat olarak verdikleri \u00e7ekleri iade etmedikleri, bu ki\u015filerden yeni \u00e7ekler ald\u0131klar\u0131 ve ilk belirlemelere g\u00f6re ma\u011fdurlardan yakla\u015f\u0131k 30 Milyon TL haks\u0131z kazan\u00e7 elde ettikleri tespit edildi.<\/p>\n<p><blockquote class=\"twitter-tweet\" data-width=\"550\" data-dnt=\"true\"><p lang=\"tr\" dir=\"ltr\">\u0130zmir&#39;de Tefecilere ve doland\u0131r\u0131c\u0131lara y\u00f6nelik Mali Su\u00e7 \u00d6rg\u00fctlerine d\u00fczenlenen \u201cH\u00dcCRE-11\u201d operasyonunda 23 \u015f\u00fcpheli yakaland\u0131.\u2757\ufe0f<br><br>Aziz Milletimizin Bilmesini \u0130sterim ki;<br>Organize su\u00e7 \u00f6rg\u00fctleri gibi tefecilere de g\u00f6z a\u00e7t\u0131rmayaca\u011f\u0131z. \u00dclkemizin d\u00f6rt bir yan\u0131nda kararl\u0131l\u0131kla\u2026 <a href=\"https:\/\/t.co\/LExN2cH2dl\">pic.twitter.com\/LExN2cH2dl<\/a><\/p>&mdash; Ali Yerlikaya (@AliYerlikaya) <a href=\"https:\/\/twitter.com\/AliYerlikaya\/status\/1889540358503121189?ref_src=twsrc%5Etfw\">February 12, 2025<\/a><\/blockquote><script async src=\"https:\/\/platform.twitter.com\/widgets.js\" charset=\"utf-8\"><\/script><\/p>\n<p>Operasyonlarda,uhsats\u0131z tabanca ve t\u00fcfekler ile \u00e7ok say\u0131da \u00e7ek, senet ve ma\u011fdurlar\u0131n bilgilerinin yer ald\u0131\u011f\u0131 \u00e7ok say\u0131da ajanda ve not defteri ele ge\u00e7irildi.<br \/>\n\u0130\u00e7i\u015fleri Bakan\u0131 Ali Yerlikaya, organize su\u00e7 \u00f6rg\u00fctleri gibi tefecilere de g\u00f6z a\u00e7t\u0131rmayacaklar\u0131n\u0131 ifade ederek, T\u00fcrkiye&#8217;nin d\u00f6rt bir yan\u0131nda kararl\u0131l\u0131kla y\u00fcr\u00fct\u00fclen operasyonlar\u0131n devam edece\u011fini a\u00e7\u0131klad\u0131.\u00a0<\/p>\n<p>\u200bHaberin Al\u0131nt\u0131land\u0131\u011f\u0131 Kaynak: www.iskenderun.org<\/p>","protected":false},"excerpt":{"rendered":"<p>\u0130zmir&#8217;de tefecilere ve doland\u0131r\u0131c\u0131lara y\u00f6nelik Mali Su\u00e7 \u00d6rg\u00fctlerine d\u00fczenlenen \u201cH\u00dcCRE-11\u201d operasyonunda 23 \u015f\u00fcpheli yakaland\u0131.ANKARA (\u0130GFA) &#8211; \u0130\u00e7i\u015fleri Bakanl\u0131\u011f\u0131&#8217;n\u0131n mali su\u00e7 \u00f6rg\u00fctlerine y\u00f6nelik bir s\u00fcredir d\u00fczenledi\u011fi &#8216;H\u00fccre&#8217; operasyonlar\u0131n\u0131n 11&#8217;incisi bu kez \u0130zmir&#8217;de ger\u00e7ekle\u015ftirildi. \u0130zmir&#8217;de tefecilere ve doland\u0131r\u0131c\u0131lara y\u00f6nelik &#8216;H\u00fccre-11&#8217; operasyonunda; ma\u011fdurlardan zorla \u00e7ek ve senet ald\u0131klar\u0131, bu \u00e7ek ve senetler hakk\u0131nda icra takibi ba\u015flatarak, haciz yoluyla ma\u011fdurlar\u0131n mal varl\u0131klar\u0131n\u0131 ele ge\u00e7irdikleri,\u00a0 y\u00fcksek faiz kar\u015f\u0131l\u0131\u011f\u0131 vermi\u015f olduklar\u0131 paralar\u0131 tahsil etmek i\u00e7in bask\u0131 alt\u0131na ald\u0131klar\u0131 ve tehdit ettikleri, zanl\u0131lar\u0131n ma\u011fdurlardan ald\u0131\u011f\u0131 bor\u00e7 paray\u0131 faiziyle \u00f6denmesine ra\u011fmen teminat olarak verdikleri \u00e7ekleri iade etmedikleri, bu ki\u015filerden yeni \u00e7ekler ald\u0131klar\u0131 ve ilk belirlemelere g\u00f6re ma\u011fdurlardan yakla\u015f\u0131k 30 Milyon TL haks\u0131z kazan\u00e7 elde ettikleri tespit edildi. \u0130zmir&#39;de Tefecilere ve doland\u0131r\u0131c\u0131lara y\u00f6nelik Mali Su\u00e7 \u00d6rg\u00fctlerine d\u00fczenlenen \u201cH\u00dcCRE-11\u201d operasyonunda 23 \u015f\u00fcpheli yakaland\u0131.\u2757\ufe0f Aziz Milletimizin Bilmesini \u0130sterim ki;Organize su\u00e7 \u00f6rg\u00fctleri gibi tefecilere de g\u00f6z a\u00e7t\u0131rmayaca\u011f\u0131z. \u00dclkemizin d\u00f6rt bir yan\u0131nda kararl\u0131l\u0131kla\u2026 pic.twitter.com\/LExN2cH2dl &mdash; Ali Yerlikaya (@AliYerlikaya) February 12, 2025 Operasyonlarda,uhsats\u0131z tabanca ve t\u00fcfekler ile \u00e7ok say\u0131da \u00e7ek, senet ve ma\u011fdurlar\u0131n bilgilerinin yer ald\u0131\u011f\u0131 \u00e7ok say\u0131da ajanda ve not defteri ele ge\u00e7irildi. \u0130\u00e7i\u015fleri Bakan\u0131 Ali Yerlikaya, organize su\u00e7 \u00f6rg\u00fctleri gibi tefecilere de g\u00f6z a\u00e7t\u0131rmayacaklar\u0131n\u0131 ifade ederek, T\u00fcrkiye&#8217;nin d\u00f6rt bir yan\u0131nda kararl\u0131l\u0131kla y\u00fcr\u00fct\u00fclen operasyonlar\u0131n devam edece\u011fini a\u00e7\u0131klad\u0131. \u200b\u0130zmir&#8217;de tefecilere ve doland\u0131r\u0131c\u0131lara y\u00f6nelik Mali &hellip;<\/p>","protected":false},"author":1,"featured_media":0,"comment_status":"open","ping_status":"open","sticky":false,"template":"","format":"standard","meta":{"_acf_changed":false,"footnotes":""},"categories":[24],"tags":[],"class_list":["post-32198","post","type-post","status-publish","format-standard","has-post-thumbnail","hentry","category-gundem"],"acf":[],"yoast_head":"<!-- This site is optimized with the Yoast SEO Premium plugin v26.6 (Yoast SEO v27.1.1) - https:\/\/yoast.com\/product\/yoast-seo-premium-wordpress\/ -->\n<title>\u0130zmir&#039;de tefecilerin &#039;H\u00fccre&#039;sine girildi! - Av. Deniz Can K\u0131z\u0131l<\/title>\n<meta name=\"robots\" content=\"index, follow, max-snippet:-1, max-image-preview:large, max-video-preview:-1\" \/>\n<link rel=\"canonical\" href=\"https:\/\/denizcankizil.tr\/uk\/haberler\/gundem\/izmirde-tefecilerin-hucresine-girildi\/\" \/>\n<meta property=\"og:locale\" content=\"uk_UA\" \/>\n<meta property=\"og:type\" content=\"article\" \/>\n<meta property=\"og:title\" content=\"\u0130zmir&#039;de tefecilerin &#039;H\u00fccre&#039;sine girildi!\" \/>\n<meta property=\"og:description\" content=\"\u0130zmir&#8217;de tefecilere ve doland\u0131r\u0131c\u0131lara y\u00f6nelik Mali Su\u00e7 \u00d6rg\u00fctlerine d\u00fczenlenen \u201cH\u00dcCRE-11\u201d operasyonunda 23 \u015f\u00fcpheli yakaland\u0131.ANKARA (\u0130GFA) &#8211; \u0130\u00e7i\u015fleri Bakanl\u0131\u011f\u0131&#8217;n\u0131n mali su\u00e7 \u00f6rg\u00fctlerine y\u00f6nelik bir s\u00fcredir d\u00fczenledi\u011fi &#8216;H\u00fccre&#8217; operasyonlar\u0131n\u0131n 11&#8217;incisi bu kez \u0130zmir&#8217;de ger\u00e7ekle\u015ftirildi. \u0130zmir&#8217;de tefecilere ve doland\u0131r\u0131c\u0131lara y\u00f6nelik &#8216;H\u00fccre-11&#8217; operasyonunda; ma\u011fdurlardan zorla \u00e7ek ve senet ald\u0131klar\u0131, bu \u00e7ek ve senetler hakk\u0131nda icra takibi ba\u015flatarak, haciz yoluyla ma\u011fdurlar\u0131n mal varl\u0131klar\u0131n\u0131 ele ge\u00e7irdikleri,\u00a0 y\u00fcksek faiz kar\u015f\u0131l\u0131\u011f\u0131 vermi\u015f olduklar\u0131 paralar\u0131 tahsil etmek i\u00e7in bask\u0131 alt\u0131na ald\u0131klar\u0131 ve tehdit ettikleri, zanl\u0131lar\u0131n ma\u011fdurlardan ald\u0131\u011f\u0131 bor\u00e7 paray\u0131 faiziyle \u00f6denmesine ra\u011fmen teminat olarak verdikleri \u00e7ekleri iade etmedikleri, bu ki\u015filerden yeni \u00e7ekler ald\u0131klar\u0131 ve ilk belirlemelere g\u00f6re ma\u011fdurlardan yakla\u015f\u0131k 30 Milyon TL haks\u0131z kazan\u00e7 elde ettikleri tespit edildi. \u0130zmir&#039;de Tefecilere ve doland\u0131r\u0131c\u0131lara y\u00f6nelik Mali Su\u00e7 \u00d6rg\u00fctlerine d\u00fczenlenen \u201cH\u00dcCRE-11\u201d operasyonunda 23 \u015f\u00fcpheli yakaland\u0131.\u2757\ufe0f Aziz Milletimizin Bilmesini \u0130sterim ki;Organize su\u00e7 \u00f6rg\u00fctleri gibi tefecilere de g\u00f6z a\u00e7t\u0131rmayaca\u011f\u0131z. \u00dclkemizin d\u00f6rt bir yan\u0131nda kararl\u0131l\u0131kla\u2026 pic.twitter.com\/LExN2cH2dl &mdash; Ali Yerlikaya (@AliYerlikaya) February 12, 2025 Operasyonlarda,uhsats\u0131z tabanca ve t\u00fcfekler ile \u00e7ok say\u0131da \u00e7ek, senet ve ma\u011fdurlar\u0131n bilgilerinin yer ald\u0131\u011f\u0131 \u00e7ok say\u0131da ajanda ve not defteri ele ge\u00e7irildi. \u0130\u00e7i\u015fleri Bakan\u0131 Ali Yerlikaya, organize su\u00e7 \u00f6rg\u00fctleri gibi tefecilere de g\u00f6z a\u00e7t\u0131rmayacaklar\u0131n\u0131 ifade ederek, T\u00fcrkiye&#8217;nin d\u00f6rt bir yan\u0131nda kararl\u0131l\u0131kla y\u00fcr\u00fct\u00fclen operasyonlar\u0131n devam edece\u011fini a\u00e7\u0131klad\u0131. \u200b\u0130zmir&#8217;de tefecilere ve doland\u0131r\u0131c\u0131lara y\u00f6nelik Mali &hellip;\" \/>\n<meta property=\"og:url\" content=\"https:\/\/denizcankizil.tr\/uk\/haberler\/gundem\/izmirde-tefecilerin-hucresine-girildi\/\" \/>\n<meta property=\"og:site_name\" content=\"Av. Deniz Can K\u0131z\u0131l\" \/>\n<meta property=\"article:published_time\" content=\"2025-02-12T07:42:59+00:00\" \/>\n<meta name=\"author\" content=\"admin\" \/>\n<meta name=\"twitter:card\" content=\"summary_large_image\" \/>\n<meta name=\"twitter:label1\" content=\"\u041d\u0430\u043f\u0438\u0441\u0430\u043d\u043e\" \/>\n\t<meta name=\"twitter:data1\" content=\"admin\" \/>\n\t<meta name=\"twitter:label2\" content=\"\u041f\u0440\u0438\u0431\u043b. \u0447\u0430\u0441 \u0447\u0438\u0442\u0430\u043d\u043d\u044f\" \/>\n\t<meta name=\"twitter:data2\" content=\"2 \u0445\u0432\u0438\u043b\u0438\u043d\u0438\" \/>\n<script type=\"application\/ld+json\" class=\"yoast-schema-graph\">{\"@context\":\"https:\/\/schema.org\",\"@graph\":[{\"@type\":\"Article\",\"@id\":\"https:\/\/denizcankizil.tr\/uk\/haberler\/gundem\/izmirde-tefecilerin-hucresine-girildi\/#article\",\"isPartOf\":{\"@id\":\"https:\/\/denizcankizil.tr\/uk\/haberler\/gundem\/izmirde-tefecilerin-hucresine-girildi\/\"},\"author\":{\"name\":\"admin\",\"@id\":\"https:\/\/denizcankizil.tr\/de\/#\/schema\/person\/be3c05fe6a12686905512445d8185489\"},\"headline\":\"\u0130zmir&#8217;de tefecilerin &#8216;H\u00fccre&#8217;sine girildi!\",\"datePublished\":\"2025-02-12T07:42:59+00:00\",\"mainEntityOfPage\":{\"@id\":\"https:\/\/denizcankizil.tr\/uk\/haberler\/gundem\/izmirde-tefecilerin-hucresine-girildi\/\"},\"wordCount\":489,\"commentCount\":0,\"publisher\":{\"@id\":\"https:\/\/denizcankizil.tr\/de\/#organization\"},\"articleSection\":[\"G\u00fcndem\"],\"inLanguage\":\"uk\",\"potentialAction\":[{\"@type\":\"CommentAction\",\"name\":\"Comment\",\"target\":[\"https:\/\/denizcankizil.tr\/uk\/haberler\/gundem\/izmirde-tefecilerin-hucresine-girildi\/#respond\"]}]},{\"@type\":\"WebPage\",\"@id\":\"https:\/\/denizcankizil.tr\/uk\/haberler\/gundem\/izmirde-tefecilerin-hucresine-girildi\/\",\"url\":\"https:\/\/denizcankizil.tr\/uk\/haberler\/gundem\/izmirde-tefecilerin-hucresine-girildi\/\",\"name\":\"\u0130zmir'de tefecilerin 'H\u00fccre'sine girildi! - Av. Deniz Can K\u0131z\u0131l\",\"isPartOf\":{\"@id\":\"https:\/\/denizcankizil.tr\/de\/#website\"},\"datePublished\":\"2025-02-12T07:42:59+00:00\",\"breadcrumb\":{\"@id\":\"https:\/\/denizcankizil.tr\/uk\/haberler\/gundem\/izmirde-tefecilerin-hucresine-girildi\/#breadcrumb\"},\"inLanguage\":\"uk\",\"potentialAction\":[{\"@type\":\"ReadAction\",\"target\":[\"https:\/\/denizcankizil.tr\/uk\/haberler\/gundem\/izmirde-tefecilerin-hucresine-girildi\/\"]}]},{\"@type\":\"BreadcrumbList\",\"@id\":\"https:\/\/denizcankizil.tr\/uk\/haberler\/gundem\/izmirde-tefecilerin-hucresine-girildi\/#breadcrumb\",\"itemListElement\":[{\"@type\":\"ListItem\",\"position\":1,\"name\":\"Home\",\"item\":\"https:\/\/denizcankizil.tr\/de\/\"},{\"@type\":\"ListItem\",\"position\":2,\"name\":\"\u0130zmir&#8217;de tefecilerin &#8216;H\u00fccre&#8217;sine girildi!\"}]},{\"@type\":\"WebSite\",\"@id\":\"https:\/\/denizcankizil.tr\/de\/#website\",\"url\":\"https:\/\/denizcankizil.tr\/de\/\",\"name\":\"Av. Deniz Can K\u0131z\u0131l\",\"description\":\"Avukat Deniz Can K\u0131z\u0131l Antalya Barosu\",\"publisher\":{\"@id\":\"https:\/\/denizcankizil.tr\/de\/#organization\"},\"potentialAction\":[{\"@type\":\"SearchAction\",\"target\":{\"@type\":\"EntryPoint\",\"urlTemplate\":\"https:\/\/denizcankizil.tr\/de\/?s={search_term_string}\"},\"query-input\":{\"@type\":\"PropertyValueSpecification\",\"valueRequired\":true,\"valueName\":\"search_term_string\"}}],\"inLanguage\":\"uk\"},{\"@type\":\"Organization\",\"@id\":\"https:\/\/denizcankizil.tr\/de\/#organization\",\"name\":\"Av. Deniz Can K\u0131z\u0131l\",\"url\":\"https:\/\/denizcankizil.tr\/de\/\",\"logo\":{\"@type\":\"ImageObject\",\"inLanguage\":\"uk\",\"@id\":\"https:\/\/denizcankizil.tr\/de\/#\/schema\/logo\/image\/\",\"url\":\"https:\/\/denizcankizil.tr\/wp-content\/uploads\/2024\/10\/siyah-logo-svg.svg\",\"contentUrl\":\"https:\/\/denizcankizil.tr\/wp-content\/uploads\/2024\/10\/siyah-logo-svg.svg\",\"width\":1080,\"height\":1080,\"caption\":\"Av. Deniz Can K\u0131z\u0131l\"},\"image\":{\"@id\":\"https:\/\/denizcankizil.tr\/de\/#\/schema\/logo\/image\/\"}},{\"@type\":\"Person\",\"@id\":\"https:\/\/denizcankizil.tr\/de\/#\/schema\/person\/be3c05fe6a12686905512445d8185489\",\"name\":\"admin\",\"image\":{\"@type\":\"ImageObject\",\"inLanguage\":\"uk\",\"@id\":\"https:\/\/denizcankizil.tr\/de\/#\/schema\/person\/image\/\",\"url\":\"https:\/\/secure.gravatar.com\/avatar\/c1fce94c830dc79107e174f890d7210541c4a63e8e5d816341794a2151c9d58c?s=96&d=mm&r=g\",\"contentUrl\":\"https:\/\/secure.gravatar.com\/avatar\/c1fce94c830dc79107e174f890d7210541c4a63e8e5d816341794a2151c9d58c?s=96&d=mm&r=g\",\"caption\":\"admin\"},\"sameAs\":[\"http:\/\/denizcankizil.tr\"],\"url\":\"https:\/\/www.iskenderun.org\/izmirde-tefecilerin-hucresine-girildi\"}]}<\/script>\n<!-- \/ Yoast SEO Premium plugin. -->","yoast_head_json":{"title":"\u0130zmir'de tefecilerin 'H\u00fccre'sine girildi! - Av. Deniz Can K\u0131z\u0131l","robots":{"index":"index","follow":"follow","max-snippet":"max-snippet:-1","max-image-preview":"max-image-preview:large","max-video-preview":"max-video-preview:-1"},"canonical":"https:\/\/denizcankizil.tr\/uk\/haberler\/gundem\/izmirde-tefecilerin-hucresine-girildi\/","og_locale":"uk_UA","og_type":"article","og_title":"\u0130zmir'de tefecilerin 'H\u00fccre'sine girildi!","og_description":"\u0130zmir&#8217;de tefecilere ve doland\u0131r\u0131c\u0131lara y\u00f6nelik Mali Su\u00e7 \u00d6rg\u00fctlerine d\u00fczenlenen \u201cH\u00dcCRE-11\u201d operasyonunda 23 \u015f\u00fcpheli yakaland\u0131.ANKARA (\u0130GFA) &#8211; \u0130\u00e7i\u015fleri Bakanl\u0131\u011f\u0131&#8217;n\u0131n mali su\u00e7 \u00f6rg\u00fctlerine y\u00f6nelik bir s\u00fcredir d\u00fczenledi\u011fi &#8216;H\u00fccre&#8217; operasyonlar\u0131n\u0131n 11&#8217;incisi bu kez \u0130zmir&#8217;de ger\u00e7ekle\u015ftirildi. \u0130zmir&#8217;de tefecilere ve doland\u0131r\u0131c\u0131lara y\u00f6nelik &#8216;H\u00fccre-11&#8217; operasyonunda; ma\u011fdurlardan zorla \u00e7ek ve senet ald\u0131klar\u0131, bu \u00e7ek ve senetler hakk\u0131nda icra takibi ba\u015flatarak, haciz yoluyla ma\u011fdurlar\u0131n mal varl\u0131klar\u0131n\u0131 ele ge\u00e7irdikleri,\u00a0 y\u00fcksek faiz kar\u015f\u0131l\u0131\u011f\u0131 vermi\u015f olduklar\u0131 paralar\u0131 tahsil etmek i\u00e7in bask\u0131 alt\u0131na ald\u0131klar\u0131 ve tehdit ettikleri, zanl\u0131lar\u0131n ma\u011fdurlardan ald\u0131\u011f\u0131 bor\u00e7 paray\u0131 faiziyle \u00f6denmesine ra\u011fmen teminat olarak verdikleri \u00e7ekleri iade etmedikleri, bu ki\u015filerden yeni \u00e7ekler ald\u0131klar\u0131 ve ilk belirlemelere g\u00f6re ma\u011fdurlardan yakla\u015f\u0131k 30 Milyon TL haks\u0131z kazan\u00e7 elde ettikleri tespit edildi. \u0130zmir&#39;de Tefecilere ve doland\u0131r\u0131c\u0131lara y\u00f6nelik Mali Su\u00e7 \u00d6rg\u00fctlerine d\u00fczenlenen \u201cH\u00dcCRE-11\u201d operasyonunda 23 \u015f\u00fcpheli yakaland\u0131.\u2757\ufe0f Aziz Milletimizin Bilmesini \u0130sterim ki;Organize su\u00e7 \u00f6rg\u00fctleri gibi tefecilere de g\u00f6z a\u00e7t\u0131rmayaca\u011f\u0131z. \u00dclkemizin d\u00f6rt bir yan\u0131nda kararl\u0131l\u0131kla\u2026 pic.twitter.com\/LExN2cH2dl &mdash; Ali Yerlikaya (@AliYerlikaya) February 12, 2025 Operasyonlarda,uhsats\u0131z tabanca ve t\u00fcfekler ile \u00e7ok say\u0131da \u00e7ek, senet ve ma\u011fdurlar\u0131n bilgilerinin yer ald\u0131\u011f\u0131 \u00e7ok say\u0131da ajanda ve not defteri ele ge\u00e7irildi. \u0130\u00e7i\u015fleri Bakan\u0131 Ali Yerlikaya, organize su\u00e7 \u00f6rg\u00fctleri gibi tefecilere de g\u00f6z a\u00e7t\u0131rmayacaklar\u0131n\u0131 ifade ederek, T\u00fcrkiye&#8217;nin d\u00f6rt bir yan\u0131nda kararl\u0131l\u0131kla y\u00fcr\u00fct\u00fclen operasyonlar\u0131n devam edece\u011fini a\u00e7\u0131klad\u0131. \u200b\u0130zmir&#8217;de tefecilere ve doland\u0131r\u0131c\u0131lara y\u00f6nelik Mali &hellip;","og_url":"https:\/\/denizcankizil.tr\/uk\/haberler\/gundem\/izmirde-tefecilerin-hucresine-girildi\/","og_site_name":"Av. Deniz Can K\u0131z\u0131l","article_published_time":"2025-02-12T07:42:59+00:00","author":"admin","twitter_card":"summary_large_image","twitter_misc":{"\u041d\u0430\u043f\u0438\u0441\u0430\u043d\u043e":"admin","\u041f\u0440\u0438\u0431\u043b. \u0447\u0430\u0441 \u0447\u0438\u0442\u0430\u043d\u043d\u044f":"2 \u0445\u0432\u0438\u043b\u0438\u043d\u0438"},"schema":{"@context":"https:\/\/schema.org","@graph":[{"@type":"Article","@id":"https:\/\/denizcankizil.tr\/uk\/haberler\/gundem\/izmirde-tefecilerin-hucresine-girildi\/#article","isPartOf":{"@id":"https:\/\/denizcankizil.tr\/uk\/haberler\/gundem\/izmirde-tefecilerin-hucresine-girildi\/"},"author":{"name":"admin","@id":"https:\/\/denizcankizil.tr\/de\/#\/schema\/person\/be3c05fe6a12686905512445d8185489"},"headline":"\u0130zmir&#8217;de tefecilerin &#8216;H\u00fccre&#8217;sine girildi!","datePublished":"2025-02-12T07:42:59+00:00","mainEntityOfPage":{"@id":"https:\/\/denizcankizil.tr\/uk\/haberler\/gundem\/izmirde-tefecilerin-hucresine-girildi\/"},"wordCount":489,"commentCount":0,"publisher":{"@id":"https:\/\/denizcankizil.tr\/de\/#organization"},"articleSection":["G\u00fcndem"],"inLanguage":"uk","potentialAction":[{"@type":"CommentAction","name":"Comment","target":["https:\/\/denizcankizil.tr\/uk\/haberler\/gundem\/izmirde-tefecilerin-hucresine-girildi\/#respond"]}]},{"@type":"WebPage","@id":"https:\/\/denizcankizil.tr\/uk\/haberler\/gundem\/izmirde-tefecilerin-hucresine-girildi\/","url":"https:\/\/denizcankizil.tr\/uk\/haberler\/gundem\/izmirde-tefecilerin-hucresine-girildi\/","name":"\u0130zmir'de tefecilerin 'H\u00fccre'sine girildi! - Av. Deniz Can K\u0131z\u0131l","isPartOf":{"@id":"https:\/\/denizcankizil.tr\/de\/#website"},"datePublished":"2025-02-12T07:42:59+00:00","breadcrumb":{"@id":"https:\/\/denizcankizil.tr\/uk\/haberler\/gundem\/izmirde-tefecilerin-hucresine-girildi\/#breadcrumb"},"inLanguage":"uk","potentialAction":[{"@type":"ReadAction","target":["https:\/\/denizcankizil.tr\/uk\/haberler\/gundem\/izmirde-tefecilerin-hucresine-girildi\/"]}]},{"@type":"BreadcrumbList","@id":"https:\/\/denizcankizil.tr\/uk\/haberler\/gundem\/izmirde-tefecilerin-hucresine-girildi\/#breadcrumb","itemListElement":[{"@type":"ListItem","position":1,"name":"Home","item":"https:\/\/denizcankizil.tr\/de\/"},{"@type":"ListItem","position":2,"name":"\u0130zmir&#8217;de tefecilerin &#8216;H\u00fccre&#8217;sine girildi!"}]},{"@type":"WebSite","@id":"https:\/\/denizcankizil.tr\/de\/#website","url":"https:\/\/denizcankizil.tr\/de\/","name":"Av. Deniz Can K\u0131z\u0131l","description":"Avukat Deniz Can K\u0131z\u0131l Antalya Barosu","publisher":{"@id":"https:\/\/denizcankizil.tr\/de\/#organization"},"potentialAction":[{"@type":"SearchAction","target":{"@type":"EntryPoint","urlTemplate":"https:\/\/denizcankizil.tr\/de\/?s={search_term_string}"},"query-input":{"@type":"PropertyValueSpecification","valueRequired":true,"valueName":"search_term_string"}}],"inLanguage":"uk"},{"@type":"Organization","@id":"https:\/\/denizcankizil.tr\/de\/#organization","name":"Av. Deniz Can K\u0131z\u0131l","url":"https:\/\/denizcankizil.tr\/de\/","logo":{"@type":"ImageObject","inLanguage":"uk","@id":"https:\/\/denizcankizil.tr\/de\/#\/schema\/logo\/image\/","url":"https:\/\/denizcankizil.tr\/wp-content\/uploads\/2024\/10\/siyah-logo-svg.svg","contentUrl":"https:\/\/denizcankizil.tr\/wp-content\/uploads\/2024\/10\/siyah-logo-svg.svg","width":1080,"height":1080,"caption":"Av. Deniz Can K\u0131z\u0131l"},"image":{"@id":"https:\/\/denizcankizil.tr\/de\/#\/schema\/logo\/image\/"}},{"@type":"Person","@id":"https:\/\/denizcankizil.tr\/de\/#\/schema\/person\/be3c05fe6a12686905512445d8185489","name":"\u0430\u0434\u043c\u0456\u043d","image":{"@type":"ImageObject","inLanguage":"uk","@id":"https:\/\/denizcankizil.tr\/de\/#\/schema\/person\/image\/","url":"https:\/\/secure.gravatar.com\/avatar\/c1fce94c830dc79107e174f890d7210541c4a63e8e5d816341794a2151c9d58c?s=96&d=mm&r=g","contentUrl":"https:\/\/secure.gravatar.com\/avatar\/c1fce94c830dc79107e174f890d7210541c4a63e8e5d816341794a2151c9d58c?s=96&d=mm&r=g","caption":"admin"},"sameAs":["http:\/\/denizcankizil.tr"],"url":"https:\/\/www.iskenderun.org\/izmirde-tefecilerin-hucresine-girildi"}]}},"_links":{"self":[{"href":"https:\/\/denizcankizil.tr\/uk\/wp-json\/wp\/v2\/posts\/32198","targetHints":{"allow":["GET"]}}],"collection":[{"href":"https:\/\/denizcankizil.tr\/uk\/wp-json\/wp\/v2\/posts"}],"about":[{"href":"https:\/\/denizcankizil.tr\/uk\/wp-json\/wp\/v2\/types\/post"}],"author":[{"embeddable":true,"href":"https:\/\/denizcankizil.tr\/uk\/wp-json\/wp\/v2\/users\/1"}],"replies":[{"embeddable":true,"href":"https:\/\/denizcankizil.tr\/uk\/wp-json\/wp\/v2\/comments?post=32198"}],"version-history":[{"count":0,"href":"https:\/\/denizcankizil.tr\/uk\/wp-json\/wp\/v2\/posts\/32198\/revisions"}],"wp:attachment":[{"href":"https:\/\/denizcankizil.tr\/uk\/wp-json\/wp\/v2\/media?parent=32198"}],"wp:term":[{"taxonomy":"category","embeddable":true,"href":"https:\/\/denizcankizil.tr\/uk\/wp-json\/wp\/v2\/categories?post=32198"},{"taxonomy":"post_tag","embeddable":true,"href":"https:\/\/denizcankizil.tr\/uk\/wp-json\/wp\/v2\/tags?post=32198"}],"curies":[{"name":"wp","href":"https:\/\/api.w.org\/{rel}","templated":true}]}}