{"id":32067,"date":"2025-02-11T18:42:04","date_gmt":"2025-02-11T15:42:04","guid":{"rendered":"https:\/\/denizcankizil.tr\/uncategorized-tr\/cocugunun-kaydini-alan-suriyeli-ulkesine-donuyor\/"},"modified":"2025-02-11T18:42:04","modified_gmt":"2025-02-11T15:42:04","slug":"cocugunun-kaydini-alan-suriyeli-ulkesine-donuyor","status":"publish","type":"post","link":"https:\/\/denizcankizil.tr\/uk\/haberler\/gundem\/cocugunun-kaydini-alan-suriyeli-ulkesine-donuyor\/","title":{"rendered":"\u00c7ocu\u011funun kayd\u0131n\u0131 alan Suriyeli \u00fclkesine d\u00f6n\u00fcyor"},"content":{"rendered":"<p>Suriye\u2019deki sava\u015f\u0131n sona ermesinin ard\u0131ndan okullar\u0131n a\u00e7\u0131ld\u0131\u011f\u0131 g\u00fcn o\u011flunun kayd\u0131n\u0131 alan Suriyeli \u0130slam Hisas \u00fclkesine d\u00f6nece\u011fini s\u00f6yledi. Zeynep Deniz Cavide \u015eahuto\u011flu ortaokulu 6. S\u0131n\u0131f \u00f6\u011frencisi Suriyeli Muhammed Hisas okullar\u0131n a\u00e7\u0131ld\u0131\u011f\u0131 g\u00fcn ayr\u0131lma belgesini ailesi ile okula gelerek ald\u0131. Hisas, Okumay\u0131 \u00e7ok sevdi\u011fini Suriye\u2019ye d\u00f6nd\u00fc\u011f\u00fcnde okumaya devam edece\u011fini s\u00f6yledi.<\/p>\n<p>\u0130ki \u00e7ocu\u011fu ile Suriye\u2019den T\u00fcrkiye ye geldi\u011fini 11 y\u0131ld\u0131r \u0130skenderun da bulundu\u011funu s\u00f6yleyen \u0130slam Hisas iki \u00e7ocu\u011funu alarak \u00fclkesine d\u00f6nece\u011fini belirterek, \u201c T\u00fcrkiye den \u00e7ok memnunum. Te\u015fekk\u00fcr ederim. Kaynak ustas\u0131 olarak \u00e7al\u0131\u015f\u0131yorum i\u015fim yar\u0131n biterse yar\u0131n yoksa bitti\u011fi g\u00fcnden sonra Suriye ye gidece\u011fim.\u201d dedi.<\/p>\n<p>\u200b\u0130\u00e7 sava\u015ftan ka\u00e7\u0131p 11 y\u0131l \u00f6nce T\u00fcrkiye\u2019ye s\u0131\u011f\u0131nan Suriyelilerin, sava\u015f\u0131n bitti\u011finin ilan edilmesiyle yurtlar\u0131na d\u00f6n\u00fc\u015f\u00fc s\u00fcrerken, \u0130skenderun\u2019da ya\u015fam\u0131n\u0131 s\u00fcrd\u00fcren Suriyeli vatanda\u015f, \u00e7ocu\u011funun okul kayd\u0131n\u0131 alarak, y\u0131llar sonra yeniden memleketine d\u00f6n\u00fc\u015f yap\u0131yor.\u00a0<\/p>\n<p>\u200bHaberin Al\u0131nt\u0131land\u0131\u011f\u0131 Kaynak: www.iskenderun.org<\/p>","protected":false},"excerpt":{"rendered":"<p>Suriye\u2019deki sava\u015f\u0131n sona ermesinin ard\u0131ndan okullar\u0131n a\u00e7\u0131ld\u0131\u011f\u0131 g\u00fcn o\u011flunun kayd\u0131n\u0131 alan Suriyeli \u0130slam Hisas \u00fclkesine d\u00f6nece\u011fini s\u00f6yledi. Zeynep Deniz Cavide \u015eahuto\u011flu ortaokulu 6. S\u0131n\u0131f \u00f6\u011frencisi Suriyeli Muhammed Hisas okullar\u0131n a\u00e7\u0131ld\u0131\u011f\u0131 g\u00fcn ayr\u0131lma belgesini ailesi ile okula gelerek ald\u0131. Hisas, Okumay\u0131 \u00e7ok sevdi\u011fini Suriye\u2019ye d\u00f6nd\u00fc\u011f\u00fcnde okumaya devam edece\u011fini s\u00f6yledi. \u0130ki \u00e7ocu\u011fu ile Suriye\u2019den T\u00fcrkiye ye geldi\u011fini 11 y\u0131ld\u0131r \u0130skenderun da bulundu\u011funu s\u00f6yleyen \u0130slam Hisas iki \u00e7ocu\u011funu alarak \u00fclkesine d\u00f6nece\u011fini belirterek, \u201c T\u00fcrkiye den \u00e7ok memnunum. Te\u015fekk\u00fcr ederim. Kaynak ustas\u0131 olarak \u00e7al\u0131\u015f\u0131yorum i\u015fim yar\u0131n biterse yar\u0131n yoksa bitti\u011fi g\u00fcnden sonra Suriye ye gidece\u011fim.\u201d dedi. \u200b\u0130\u00e7 sava\u015ftan ka\u00e7\u0131p 11 y\u0131l \u00f6nce T\u00fcrkiye\u2019ye s\u0131\u011f\u0131nan Suriyelilerin, sava\u015f\u0131n bitti\u011finin ilan edilmesiyle yurtlar\u0131na d\u00f6n\u00fc\u015f\u00fc s\u00fcrerken, \u0130skenderun\u2019da ya\u015fam\u0131n\u0131 s\u00fcrd\u00fcren Suriyeli vatanda\u015f, \u00e7ocu\u011funun okul kayd\u0131n\u0131 alarak, y\u0131llar sonra yeniden memleketine d\u00f6n\u00fc\u015f yap\u0131yor.\u00a0 \u200bHaberin Al\u0131nt\u0131land\u0131\u011f\u0131 Kaynak: www.iskenderun.org<\/p>","protected":false},"author":1,"featured_media":0,"comment_status":"open","ping_status":"open","sticky":false,"template":"","format":"standard","meta":{"_acf_changed":false,"footnotes":""},"categories":[24],"tags":[],"class_list":["post-32067","post","type-post","status-publish","format-standard","has-post-thumbnail","hentry","category-gundem"],"acf":[],"yoast_head":"<!-- This site is optimized with the Yoast SEO Premium plugin v26.6 (Yoast SEO v27.1.1) - https:\/\/yoast.com\/product\/yoast-seo-premium-wordpress\/ -->\n<title>\u00c7ocu\u011funun kayd\u0131n\u0131 alan Suriyeli \u00fclkesine d\u00f6n\u00fcyor - Av. Deniz Can K\u0131z\u0131l<\/title>\n<meta name=\"robots\" content=\"index, follow, max-snippet:-1, max-image-preview:large, max-video-preview:-1\" \/>\n<link rel=\"canonical\" href=\"https:\/\/denizcankizil.tr\/uk\/haberler\/gundem\/cocugunun-kaydini-alan-suriyeli-ulkesine-donuyor\/\" \/>\n<meta property=\"og:locale\" content=\"uk_UA\" \/>\n<meta property=\"og:type\" content=\"article\" \/>\n<meta property=\"og:title\" content=\"\u00c7ocu\u011funun kayd\u0131n\u0131 alan Suriyeli \u00fclkesine d\u00f6n\u00fcyor\" \/>\n<meta property=\"og:description\" content=\"Suriye\u2019deki sava\u015f\u0131n sona ermesinin ard\u0131ndan okullar\u0131n a\u00e7\u0131ld\u0131\u011f\u0131 g\u00fcn o\u011flunun kayd\u0131n\u0131 alan Suriyeli \u0130slam Hisas \u00fclkesine d\u00f6nece\u011fini s\u00f6yledi. Zeynep Deniz Cavide \u015eahuto\u011flu ortaokulu 6. S\u0131n\u0131f \u00f6\u011frencisi Suriyeli Muhammed Hisas okullar\u0131n a\u00e7\u0131ld\u0131\u011f\u0131 g\u00fcn ayr\u0131lma belgesini ailesi ile okula gelerek ald\u0131. Hisas, Okumay\u0131 \u00e7ok sevdi\u011fini Suriye\u2019ye d\u00f6nd\u00fc\u011f\u00fcnde okumaya devam edece\u011fini s\u00f6yledi. \u0130ki \u00e7ocu\u011fu ile Suriye\u2019den T\u00fcrkiye ye geldi\u011fini 11 y\u0131ld\u0131r \u0130skenderun da bulundu\u011funu s\u00f6yleyen \u0130slam Hisas iki \u00e7ocu\u011funu alarak \u00fclkesine d\u00f6nece\u011fini belirterek, \u201c T\u00fcrkiye den \u00e7ok memnunum. Te\u015fekk\u00fcr ederim. Kaynak ustas\u0131 olarak \u00e7al\u0131\u015f\u0131yorum i\u015fim yar\u0131n biterse yar\u0131n yoksa bitti\u011fi g\u00fcnden sonra Suriye ye gidece\u011fim.\u201d dedi. \u200b\u0130\u00e7 sava\u015ftan ka\u00e7\u0131p 11 y\u0131l \u00f6nce T\u00fcrkiye\u2019ye s\u0131\u011f\u0131nan Suriyelilerin, sava\u015f\u0131n bitti\u011finin ilan edilmesiyle yurtlar\u0131na d\u00f6n\u00fc\u015f\u00fc s\u00fcrerken, \u0130skenderun\u2019da ya\u015fam\u0131n\u0131 s\u00fcrd\u00fcren Suriyeli vatanda\u015f, \u00e7ocu\u011funun okul kayd\u0131n\u0131 alarak, y\u0131llar sonra yeniden memleketine d\u00f6n\u00fc\u015f yap\u0131yor.\u00a0 \u200bHaberin Al\u0131nt\u0131land\u0131\u011f\u0131 Kaynak: www.iskenderun.org\" \/>\n<meta property=\"og:url\" content=\"https:\/\/denizcankizil.tr\/uk\/haberler\/gundem\/cocugunun-kaydini-alan-suriyeli-ulkesine-donuyor\/\" \/>\n<meta property=\"og:site_name\" content=\"Av. Deniz Can K\u0131z\u0131l\" \/>\n<meta property=\"article:published_time\" content=\"2025-02-11T15:42:04+00:00\" \/>\n<meta name=\"author\" content=\"admin\" \/>\n<meta name=\"twitter:card\" content=\"summary_large_image\" \/>\n<meta name=\"twitter:label1\" content=\"\u041d\u0430\u043f\u0438\u0441\u0430\u043d\u043e\" \/>\n\t<meta name=\"twitter:data1\" content=\"admin\" \/>\n\t<meta name=\"twitter:label2\" content=\"\u041f\u0440\u0438\u0431\u043b. \u0447\u0430\u0441 \u0447\u0438\u0442\u0430\u043d\u043d\u044f\" \/>\n\t<meta name=\"twitter:data2\" content=\"1 \u0445\u0432\u0438\u043b\u0438\u043d\u0430\" \/>\n<script type=\"application\/ld+json\" class=\"yoast-schema-graph\">{\"@context\":\"https:\/\/schema.org\",\"@graph\":[{\"@type\":\"Article\",\"@id\":\"https:\/\/denizcankizil.tr\/ru\/haberler\/gundem\/cocugunun-kaydini-alan-suriyeli-ulkesine-donuyor\/#article\",\"isPartOf\":{\"@id\":\"https:\/\/denizcankizil.tr\/ru\/haberler\/gundem\/cocugunun-kaydini-alan-suriyeli-ulkesine-donuyor\/\"},\"author\":{\"name\":\"admin\",\"@id\":\"https:\/\/denizcankizil.tr\/de\/#\/schema\/person\/be3c05fe6a12686905512445d8185489\"},\"headline\":\"\u00c7ocu\u011funun kayd\u0131n\u0131 alan Suriyeli \u00fclkesine d\u00f6n\u00fcyor\",\"datePublished\":\"2025-02-11T15:42:04+00:00\",\"mainEntityOfPage\":{\"@id\":\"https:\/\/denizcankizil.tr\/ru\/haberler\/gundem\/cocugunun-kaydini-alan-suriyeli-ulkesine-donuyor\/\"},\"wordCount\":202,\"commentCount\":0,\"publisher\":{\"@id\":\"https:\/\/denizcankizil.tr\/de\/#organization\"},\"articleSection\":[\"G\u00fcndem\"],\"inLanguage\":\"uk\",\"potentialAction\":[{\"@type\":\"CommentAction\",\"name\":\"Comment\",\"target\":[\"https:\/\/denizcankizil.tr\/ru\/haberler\/gundem\/cocugunun-kaydini-alan-suriyeli-ulkesine-donuyor\/#respond\"]}]},{\"@type\":\"WebPage\",\"@id\":\"https:\/\/denizcankizil.tr\/ru\/haberler\/gundem\/cocugunun-kaydini-alan-suriyeli-ulkesine-donuyor\/\",\"url\":\"https:\/\/denizcankizil.tr\/ru\/haberler\/gundem\/cocugunun-kaydini-alan-suriyeli-ulkesine-donuyor\/\",\"name\":\"\u00c7ocu\u011funun kayd\u0131n\u0131 alan Suriyeli \u00fclkesine d\u00f6n\u00fcyor - Av. Deniz Can K\u0131z\u0131l\",\"isPartOf\":{\"@id\":\"https:\/\/denizcankizil.tr\/de\/#website\"},\"datePublished\":\"2025-02-11T15:42:04+00:00\",\"breadcrumb\":{\"@id\":\"https:\/\/denizcankizil.tr\/ru\/haberler\/gundem\/cocugunun-kaydini-alan-suriyeli-ulkesine-donuyor\/#breadcrumb\"},\"inLanguage\":\"uk\",\"potentialAction\":[{\"@type\":\"ReadAction\",\"target\":[\"https:\/\/denizcankizil.tr\/ru\/haberler\/gundem\/cocugunun-kaydini-alan-suriyeli-ulkesine-donuyor\/\"]}]},{\"@type\":\"BreadcrumbList\",\"@id\":\"https:\/\/denizcankizil.tr\/ru\/haberler\/gundem\/cocugunun-kaydini-alan-suriyeli-ulkesine-donuyor\/#breadcrumb\",\"itemListElement\":[{\"@type\":\"ListItem\",\"position\":1,\"name\":\"Home\",\"item\":\"https:\/\/denizcankizil.tr\/de\/\"},{\"@type\":\"ListItem\",\"position\":2,\"name\":\"\u00c7ocu\u011funun kayd\u0131n\u0131 alan Suriyeli \u00fclkesine d\u00f6n\u00fcyor\"}]},{\"@type\":\"WebSite\",\"@id\":\"https:\/\/denizcankizil.tr\/de\/#website\",\"url\":\"https:\/\/denizcankizil.tr\/de\/\",\"name\":\"Av. Deniz Can K\u0131z\u0131l\",\"description\":\"Avukat Deniz Can K\u0131z\u0131l Antalya Barosu\",\"publisher\":{\"@id\":\"https:\/\/denizcankizil.tr\/de\/#organization\"},\"potentialAction\":[{\"@type\":\"SearchAction\",\"target\":{\"@type\":\"EntryPoint\",\"urlTemplate\":\"https:\/\/denizcankizil.tr\/de\/?s={search_term_string}\"},\"query-input\":{\"@type\":\"PropertyValueSpecification\",\"valueRequired\":true,\"valueName\":\"search_term_string\"}}],\"inLanguage\":\"uk\"},{\"@type\":\"Organization\",\"@id\":\"https:\/\/denizcankizil.tr\/de\/#organization\",\"name\":\"Av. Deniz Can K\u0131z\u0131l\",\"url\":\"https:\/\/denizcankizil.tr\/de\/\",\"logo\":{\"@type\":\"ImageObject\",\"inLanguage\":\"uk\",\"@id\":\"https:\/\/denizcankizil.tr\/de\/#\/schema\/logo\/image\/\",\"url\":\"https:\/\/denizcankizil.tr\/wp-content\/uploads\/2024\/10\/siyah-logo-svg.svg\",\"contentUrl\":\"https:\/\/denizcankizil.tr\/wp-content\/uploads\/2024\/10\/siyah-logo-svg.svg\",\"width\":1080,\"height\":1080,\"caption\":\"Av. Deniz Can K\u0131z\u0131l\"},\"image\":{\"@id\":\"https:\/\/denizcankizil.tr\/de\/#\/schema\/logo\/image\/\"}},{\"@type\":\"Person\",\"@id\":\"https:\/\/denizcankizil.tr\/de\/#\/schema\/person\/be3c05fe6a12686905512445d8185489\",\"name\":\"admin\",\"image\":{\"@type\":\"ImageObject\",\"inLanguage\":\"uk\",\"@id\":\"https:\/\/denizcankizil.tr\/de\/#\/schema\/person\/image\/\",\"url\":\"https:\/\/secure.gravatar.com\/avatar\/c1fce94c830dc79107e174f890d7210541c4a63e8e5d816341794a2151c9d58c?s=96&d=mm&r=g\",\"contentUrl\":\"https:\/\/secure.gravatar.com\/avatar\/c1fce94c830dc79107e174f890d7210541c4a63e8e5d816341794a2151c9d58c?s=96&d=mm&r=g\",\"caption\":\"admin\"},\"sameAs\":[\"http:\/\/denizcankizil.tr\"],\"url\":\"https:\/\/www.iskenderun.org\/cocugunun-kaydini-alan-suriyeli-ulkesine-donuyor\"}]}<\/script>\n<!-- \/ Yoast SEO Premium plugin. -->","yoast_head_json":{"title":"\u00c7ocu\u011funun kayd\u0131n\u0131 alan Suriyeli \u00fclkesine d\u00f6n\u00fcyor - Av. Deniz Can K\u0131z\u0131l","robots":{"index":"index","follow":"follow","max-snippet":"max-snippet:-1","max-image-preview":"max-image-preview:large","max-video-preview":"max-video-preview:-1"},"canonical":"https:\/\/denizcankizil.tr\/uk\/haberler\/gundem\/cocugunun-kaydini-alan-suriyeli-ulkesine-donuyor\/","og_locale":"uk_UA","og_type":"article","og_title":"\u00c7ocu\u011funun kayd\u0131n\u0131 alan Suriyeli \u00fclkesine d\u00f6n\u00fcyor","og_description":"Suriye\u2019deki sava\u015f\u0131n sona ermesinin ard\u0131ndan okullar\u0131n a\u00e7\u0131ld\u0131\u011f\u0131 g\u00fcn o\u011flunun kayd\u0131n\u0131 alan Suriyeli \u0130slam Hisas \u00fclkesine d\u00f6nece\u011fini s\u00f6yledi. Zeynep Deniz Cavide \u015eahuto\u011flu ortaokulu 6. S\u0131n\u0131f \u00f6\u011frencisi Suriyeli Muhammed Hisas okullar\u0131n a\u00e7\u0131ld\u0131\u011f\u0131 g\u00fcn ayr\u0131lma belgesini ailesi ile okula gelerek ald\u0131. Hisas, Okumay\u0131 \u00e7ok sevdi\u011fini Suriye\u2019ye d\u00f6nd\u00fc\u011f\u00fcnde okumaya devam edece\u011fini s\u00f6yledi. \u0130ki \u00e7ocu\u011fu ile Suriye\u2019den T\u00fcrkiye ye geldi\u011fini 11 y\u0131ld\u0131r \u0130skenderun da bulundu\u011funu s\u00f6yleyen \u0130slam Hisas iki \u00e7ocu\u011funu alarak \u00fclkesine d\u00f6nece\u011fini belirterek, \u201c T\u00fcrkiye den \u00e7ok memnunum. Te\u015fekk\u00fcr ederim. Kaynak ustas\u0131 olarak \u00e7al\u0131\u015f\u0131yorum i\u015fim yar\u0131n biterse yar\u0131n yoksa bitti\u011fi g\u00fcnden sonra Suriye ye gidece\u011fim.\u201d dedi. \u200b\u0130\u00e7 sava\u015ftan ka\u00e7\u0131p 11 y\u0131l \u00f6nce T\u00fcrkiye\u2019ye s\u0131\u011f\u0131nan Suriyelilerin, sava\u015f\u0131n bitti\u011finin ilan edilmesiyle yurtlar\u0131na d\u00f6n\u00fc\u015f\u00fc s\u00fcrerken, \u0130skenderun\u2019da ya\u015fam\u0131n\u0131 s\u00fcrd\u00fcren Suriyeli vatanda\u015f, \u00e7ocu\u011funun okul kayd\u0131n\u0131 alarak, y\u0131llar sonra yeniden memleketine d\u00f6n\u00fc\u015f yap\u0131yor.\u00a0 \u200bHaberin Al\u0131nt\u0131land\u0131\u011f\u0131 Kaynak: www.iskenderun.org","og_url":"https:\/\/denizcankizil.tr\/uk\/haberler\/gundem\/cocugunun-kaydini-alan-suriyeli-ulkesine-donuyor\/","og_site_name":"Av. Deniz Can K\u0131z\u0131l","article_published_time":"2025-02-11T15:42:04+00:00","author":"admin","twitter_card":"summary_large_image","twitter_misc":{"\u041d\u0430\u043f\u0438\u0441\u0430\u043d\u043e":"admin","\u041f\u0440\u0438\u0431\u043b. \u0447\u0430\u0441 \u0447\u0438\u0442\u0430\u043d\u043d\u044f":"1 \u0445\u0432\u0438\u043b\u0438\u043d\u0430"},"schema":{"@context":"https:\/\/schema.org","@graph":[{"@type":"Article","@id":"https:\/\/denizcankizil.tr\/ru\/haberler\/gundem\/cocugunun-kaydini-alan-suriyeli-ulkesine-donuyor\/#article","isPartOf":{"@id":"https:\/\/denizcankizil.tr\/ru\/haberler\/gundem\/cocugunun-kaydini-alan-suriyeli-ulkesine-donuyor\/"},"author":{"name":"admin","@id":"https:\/\/denizcankizil.tr\/de\/#\/schema\/person\/be3c05fe6a12686905512445d8185489"},"headline":"\u00c7ocu\u011funun kayd\u0131n\u0131 alan Suriyeli \u00fclkesine d\u00f6n\u00fcyor","datePublished":"2025-02-11T15:42:04+00:00","mainEntityOfPage":{"@id":"https:\/\/denizcankizil.tr\/ru\/haberler\/gundem\/cocugunun-kaydini-alan-suriyeli-ulkesine-donuyor\/"},"wordCount":202,"commentCount":0,"publisher":{"@id":"https:\/\/denizcankizil.tr\/de\/#organization"},"articleSection":["G\u00fcndem"],"inLanguage":"uk","potentialAction":[{"@type":"CommentAction","name":"Comment","target":["https:\/\/denizcankizil.tr\/ru\/haberler\/gundem\/cocugunun-kaydini-alan-suriyeli-ulkesine-donuyor\/#respond"]}]},{"@type":"WebPage","@id":"https:\/\/denizcankizil.tr\/ru\/haberler\/gundem\/cocugunun-kaydini-alan-suriyeli-ulkesine-donuyor\/","url":"https:\/\/denizcankizil.tr\/ru\/haberler\/gundem\/cocugunun-kaydini-alan-suriyeli-ulkesine-donuyor\/","name":"\u00c7ocu\u011funun kayd\u0131n\u0131 alan Suriyeli \u00fclkesine d\u00f6n\u00fcyor - Av. Deniz Can K\u0131z\u0131l","isPartOf":{"@id":"https:\/\/denizcankizil.tr\/de\/#website"},"datePublished":"2025-02-11T15:42:04+00:00","breadcrumb":{"@id":"https:\/\/denizcankizil.tr\/ru\/haberler\/gundem\/cocugunun-kaydini-alan-suriyeli-ulkesine-donuyor\/#breadcrumb"},"inLanguage":"uk","potentialAction":[{"@type":"ReadAction","target":["https:\/\/denizcankizil.tr\/ru\/haberler\/gundem\/cocugunun-kaydini-alan-suriyeli-ulkesine-donuyor\/"]}]},{"@type":"BreadcrumbList","@id":"https:\/\/denizcankizil.tr\/ru\/haberler\/gundem\/cocugunun-kaydini-alan-suriyeli-ulkesine-donuyor\/#breadcrumb","itemListElement":[{"@type":"ListItem","position":1,"name":"Home","item":"https:\/\/denizcankizil.tr\/de\/"},{"@type":"ListItem","position":2,"name":"\u00c7ocu\u011funun kayd\u0131n\u0131 alan Suriyeli \u00fclkesine d\u00f6n\u00fcyor"}]},{"@type":"WebSite","@id":"https:\/\/denizcankizil.tr\/de\/#website","url":"https:\/\/denizcankizil.tr\/de\/","name":"Av. Deniz Can K\u0131z\u0131l","description":"Avukat Deniz Can K\u0131z\u0131l Antalya Barosu","publisher":{"@id":"https:\/\/denizcankizil.tr\/de\/#organization"},"potentialAction":[{"@type":"SearchAction","target":{"@type":"EntryPoint","urlTemplate":"https:\/\/denizcankizil.tr\/de\/?s={search_term_string}"},"query-input":{"@type":"PropertyValueSpecification","valueRequired":true,"valueName":"search_term_string"}}],"inLanguage":"uk"},{"@type":"Organization","@id":"https:\/\/denizcankizil.tr\/de\/#organization","name":"Av. Deniz Can K\u0131z\u0131l","url":"https:\/\/denizcankizil.tr\/de\/","logo":{"@type":"ImageObject","inLanguage":"uk","@id":"https:\/\/denizcankizil.tr\/de\/#\/schema\/logo\/image\/","url":"https:\/\/denizcankizil.tr\/wp-content\/uploads\/2024\/10\/siyah-logo-svg.svg","contentUrl":"https:\/\/denizcankizil.tr\/wp-content\/uploads\/2024\/10\/siyah-logo-svg.svg","width":1080,"height":1080,"caption":"Av. Deniz Can K\u0131z\u0131l"},"image":{"@id":"https:\/\/denizcankizil.tr\/de\/#\/schema\/logo\/image\/"}},{"@type":"Person","@id":"https:\/\/denizcankizil.tr\/de\/#\/schema\/person\/be3c05fe6a12686905512445d8185489","name":"\u0430\u0434\u043c\u0456\u043d","image":{"@type":"ImageObject","inLanguage":"uk","@id":"https:\/\/denizcankizil.tr\/de\/#\/schema\/person\/image\/","url":"https:\/\/secure.gravatar.com\/avatar\/c1fce94c830dc79107e174f890d7210541c4a63e8e5d816341794a2151c9d58c?s=96&d=mm&r=g","contentUrl":"https:\/\/secure.gravatar.com\/avatar\/c1fce94c830dc79107e174f890d7210541c4a63e8e5d816341794a2151c9d58c?s=96&d=mm&r=g","caption":"admin"},"sameAs":["http:\/\/denizcankizil.tr"],"url":"https:\/\/www.iskenderun.org\/cocugunun-kaydini-alan-suriyeli-ulkesine-donuyor"}]}},"_links":{"self":[{"href":"https:\/\/denizcankizil.tr\/uk\/wp-json\/wp\/v2\/posts\/32067","targetHints":{"allow":["GET"]}}],"collection":[{"href":"https:\/\/denizcankizil.tr\/uk\/wp-json\/wp\/v2\/posts"}],"about":[{"href":"https:\/\/denizcankizil.tr\/uk\/wp-json\/wp\/v2\/types\/post"}],"author":[{"embeddable":true,"href":"https:\/\/denizcankizil.tr\/uk\/wp-json\/wp\/v2\/users\/1"}],"replies":[{"embeddable":true,"href":"https:\/\/denizcankizil.tr\/uk\/wp-json\/wp\/v2\/comments?post=32067"}],"version-history":[{"count":0,"href":"https:\/\/denizcankizil.tr\/uk\/wp-json\/wp\/v2\/posts\/32067\/revisions"}],"wp:attachment":[{"href":"https:\/\/denizcankizil.tr\/uk\/wp-json\/wp\/v2\/media?parent=32067"}],"wp:term":[{"taxonomy":"category","embeddable":true,"href":"https:\/\/denizcankizil.tr\/uk\/wp-json\/wp\/v2\/categories?post=32067"},{"taxonomy":"post_tag","embeddable":true,"href":"https:\/\/denizcankizil.tr\/uk\/wp-json\/wp\/v2\/tags?post=32067"}],"curies":[{"name":"wp","href":"https:\/\/api.w.org\/{rel}","templated":true}]}}