{"id":31960,"date":"2025-02-11T12:41:30","date_gmt":"2025-02-11T09:41:30","guid":{"rendered":"https:\/\/denizcankizil.tr\/uncategorized-tr\/mugla-buyuksehir-belediyesi-suya-yuzde-25-indirim-yapti\/"},"modified":"2025-02-11T12:41:30","modified_gmt":"2025-02-11T09:41:30","slug":"mugla-buyuksehir-belediyesi-suya-yuzde-25-indirim-yapti","status":"publish","type":"post","link":"https:\/\/denizcankizil.tr\/uk\/haberler\/gundem\/mugla-buyuksehir-belediyesi-suya-yuzde-25-indirim-yapti\/","title":{"rendered":"Mu\u011fla B\u00fcy\u00fck\u015fehir Belediyesi suya y\u00fczde 25 indirim yapt\u0131"},"content":{"rendered":"<p>Sosyal belediyecilik anlay\u0131\u015f\u0131na b\u00fcy\u00fck \u00f6nem veren Mu\u011fla B\u00fcy\u00fck\u015fehir Belediye Ba\u015fkan\u0131 Ahmet Aras, son olarak \u00f6nemli bir uygulamay\u0131 daha hayata ge\u00e7irdi. Aras\u2019\u0131n ge\u00e7ti\u011fimiz g\u00fcnlerde MUSK\u0130 Genel M\u00fcd\u00fcrl\u00fc\u011f\u00fcne su \u00fccretleri ile ilgili d\u00fczenleme yap\u0131lmas\u0131 talimat\u0131 vermesi \u00fczerine tarifelerde d\u00fczenleme yap\u0131ld\u0131. Bu kapsamda 1-10 metrek\u00fcp olan 1. Kademe 1-15 metrek\u00fcpe y\u00fckseltilerek daha ucuz kullan\u0131lmas\u0131 sa\u011fland\u0131. Ayr\u0131ca 11-20 olan 2. Kademe 15-30\u2019a 21 ve \u00fczeri olan 3. Kademe ise 30 ve \u00fczeri olarak y\u00fckseltildi.\u00a0<\/p>\n<p>SUYA Y\u00dcZDE 25 \u0130ND\u0130R\u0130M\u00a0<\/p>\n<p>Su \u00fccret tarifelerindeki bu de\u011fi\u015fiklik ile birlikte su faturas\u0131n\u0131n y\u00fczde 50\u2019si oran\u0131nda tahsil edilen at\u0131ksu \u00fccretlerinde de d\u00fc\u015f\u00fc\u015f ya\u015fanacak. Yap\u0131lan bu d\u00fczenleme ile faturalarda ortalama y\u00fczde 25 oran\u0131nda indirim sa\u011flanm\u0131\u015f olacak. Su \u00fccretlerinde yap\u0131lan bu d\u00fczenleme ile ayl\u0131k ortalama 15 ton su kullanan 4 ki\u015filik bir ailenin su ve at\u0131ksu hizmeti faturas\u0131nda yakla\u015f\u0131k y\u00fczde 25 d\u00fc\u015f\u00fc\u015f sa\u011fland\u0131. Ancak su faturalar\u0131na kanuni zorunluluk gere\u011fi farkl\u0131 \u00fccret kalemleri de yans\u0131t\u0131l\u0131yor.\u00a0<\/p>\n<p>FATURALARA YANSIYACAK\u00a0<\/p>\n<p>\u00c7evre \u015eehircilik ve \u0130klim De\u011fi\u015fikli\u011fi Bakanl\u0131\u011f\u0131 taraf\u0131ndan yay\u0131mlanan \u2018At\u0131k Su Alt Yap\u0131 Ve Evsel Kat\u0131 At\u0131k Bertaraf Tesis Tarifelerinin Belirlenmesinde Uyulacak Usul Ve Esaslara \u0130li\u015fkin Y\u00f6netmelik\u2019 gere\u011fi kat\u0131 at\u0131k bedelleri de su faturalar\u0131na yans\u0131t\u0131l\u0131yor. Su faturalar\u0131 \u00fczerinden al\u0131nan Kat\u0131 At\u0131k Bedelinin tamam\u0131 ve \u00c7evre Temizlik Vergisinin y\u00fczde 80\u2019ni \u0130l\u00e7e Belediyesine, \u00c7evre Katk\u0131 Pay\u0131, \u00c7evre \u015eehircilik ve \u0130klim De\u011fi\u015fikli\u011fi Bakanl\u0131\u011f\u0131na, Kat\u0131 At\u0131k bertaraf \u00fccreti ise B\u00fcy\u00fck\u015fehir Belediyesine aktar\u0131l\u0131yor. Ayr\u0131ca bu bedellere ek olarak \u00fccretlere KDV\u2019de yans\u0131t\u0131l\u0131yor.\u00a0<\/p>\n<p>\u00a0 \u00a0 \u00a0 \u00a0 \u00a0 \u00a0 \u00a0 \u00a0 \u00a0 \u00a0 \u00a0 \u00a0 \u00a0 \u00a0 \u00a0 \u00a0 \u00a0 \u00a0 \u00a0<\/p>\n<p>\u200bMu\u011fla B\u00fcy\u00fck\u015fehir Belediyesi suya y\u00fczde 25 indirim yapt\u0131. Bu kapsamda 1-10 metrek\u00fcp olan 1. Kademe 1-15 metrek\u00fcpe y\u00fckseltilerek daha ucuz kullan\u0131lmas\u0131 sa\u011fland\u0131.\u00a0<\/p>\n<p>\u200bHaberin Al\u0131nt\u0131land\u0131\u011f\u0131 Kaynak: www.antalyakorfez.com<\/p>","protected":false},"excerpt":{"rendered":"<p>Sosyal belediyecilik anlay\u0131\u015f\u0131na b\u00fcy\u00fck \u00f6nem veren Mu\u011fla B\u00fcy\u00fck\u015fehir Belediye Ba\u015fkan\u0131 Ahmet Aras, son olarak \u00f6nemli bir uygulamay\u0131 daha hayata ge\u00e7irdi. Aras\u2019\u0131n ge\u00e7ti\u011fimiz g\u00fcnlerde MUSK\u0130 Genel M\u00fcd\u00fcrl\u00fc\u011f\u00fcne su \u00fccretleri ile ilgili d\u00fczenleme yap\u0131lmas\u0131 talimat\u0131 vermesi \u00fczerine tarifelerde d\u00fczenleme yap\u0131ld\u0131. Bu kapsamda 1-10 metrek\u00fcp olan 1. Kademe 1-15 metrek\u00fcpe y\u00fckseltilerek daha ucuz kullan\u0131lmas\u0131 sa\u011fland\u0131. Ayr\u0131ca 11-20 olan 2. Kademe 15-30\u2019a 21 ve \u00fczeri olan 3. Kademe ise 30 ve \u00fczeri olarak y\u00fckseltildi.\u00a0 SUYA Y\u00dcZDE 25 \u0130ND\u0130R\u0130M\u00a0 Su \u00fccret tarifelerindeki bu de\u011fi\u015fiklik ile birlikte su faturas\u0131n\u0131n y\u00fczde 50\u2019si oran\u0131nda tahsil edilen at\u0131ksu \u00fccretlerinde de d\u00fc\u015f\u00fc\u015f ya\u015fanacak. Yap\u0131lan bu d\u00fczenleme ile faturalarda ortalama y\u00fczde 25 oran\u0131nda indirim sa\u011flanm\u0131\u015f olacak. Su \u00fccretlerinde yap\u0131lan bu d\u00fczenleme ile ayl\u0131k ortalama 15 ton su kullanan 4 ki\u015filik bir ailenin su ve at\u0131ksu hizmeti faturas\u0131nda yakla\u015f\u0131k y\u00fczde 25 d\u00fc\u015f\u00fc\u015f sa\u011fland\u0131. Ancak su faturalar\u0131na kanuni zorunluluk gere\u011fi farkl\u0131 \u00fccret kalemleri de yans\u0131t\u0131l\u0131yor.\u00a0 FATURALARA YANSIYACAK\u00a0 \u00c7evre \u015eehircilik ve \u0130klim De\u011fi\u015fikli\u011fi Bakanl\u0131\u011f\u0131 taraf\u0131ndan yay\u0131mlanan \u2018At\u0131k Su Alt Yap\u0131 Ve Evsel Kat\u0131 At\u0131k Bertaraf Tesis Tarifelerinin Belirlenmesinde Uyulacak Usul Ve Esaslara \u0130li\u015fkin Y\u00f6netmelik\u2019 gere\u011fi kat\u0131 at\u0131k bedelleri de su faturalar\u0131na yans\u0131t\u0131l\u0131yor. Su faturalar\u0131 \u00fczerinden al\u0131nan Kat\u0131 At\u0131k Bedelinin tamam\u0131 ve \u00c7evre Temizlik Vergisinin y\u00fczde 80\u2019ni \u0130l\u00e7e Belediyesine, \u00c7evre Katk\u0131 Pay\u0131, \u00c7evre \u015eehircilik ve &hellip;<\/p>","protected":false},"author":5,"featured_media":0,"comment_status":"open","ping_status":"open","sticky":false,"template":"","format":"standard","meta":{"_acf_changed":false,"footnotes":""},"categories":[24],"tags":[],"class_list":["post-31960","post","type-post","status-publish","format-standard","has-post-thumbnail","hentry","category-gundem"],"acf":[],"yoast_head":"<!-- This site is optimized with the Yoast SEO Premium plugin v26.6 (Yoast SEO v27.1.1) - https:\/\/yoast.com\/product\/yoast-seo-premium-wordpress\/ -->\n<title>Mu\u011fla B\u00fcy\u00fck\u015fehir Belediyesi suya y\u00fczde 25 indirim yapt\u0131 - Av. Deniz Can K\u0131z\u0131l<\/title>\n<meta name=\"robots\" content=\"index, follow, max-snippet:-1, max-image-preview:large, max-video-preview:-1\" \/>\n<link rel=\"canonical\" href=\"https:\/\/denizcankizil.tr\/uk\/haberler\/gundem\/mugla-buyuksehir-belediyesi-suya-yuzde-25-indirim-yapti\/\" \/>\n<meta property=\"og:locale\" content=\"uk_UA\" \/>\n<meta property=\"og:type\" content=\"article\" \/>\n<meta property=\"og:title\" content=\"Mu\u011fla B\u00fcy\u00fck\u015fehir Belediyesi suya y\u00fczde 25 indirim yapt\u0131\" \/>\n<meta property=\"og:description\" content=\"Sosyal belediyecilik anlay\u0131\u015f\u0131na b\u00fcy\u00fck \u00f6nem veren Mu\u011fla B\u00fcy\u00fck\u015fehir Belediye Ba\u015fkan\u0131 Ahmet Aras, son olarak \u00f6nemli bir uygulamay\u0131 daha hayata ge\u00e7irdi. Aras\u2019\u0131n ge\u00e7ti\u011fimiz g\u00fcnlerde MUSK\u0130 Genel M\u00fcd\u00fcrl\u00fc\u011f\u00fcne su \u00fccretleri ile ilgili d\u00fczenleme yap\u0131lmas\u0131 talimat\u0131 vermesi \u00fczerine tarifelerde d\u00fczenleme yap\u0131ld\u0131. Bu kapsamda 1-10 metrek\u00fcp olan 1. Kademe 1-15 metrek\u00fcpe y\u00fckseltilerek daha ucuz kullan\u0131lmas\u0131 sa\u011fland\u0131. Ayr\u0131ca 11-20 olan 2. Kademe 15-30\u2019a 21 ve \u00fczeri olan 3. Kademe ise 30 ve \u00fczeri olarak y\u00fckseltildi.\u00a0 SUYA Y\u00dcZDE 25 \u0130ND\u0130R\u0130M\u00a0 Su \u00fccret tarifelerindeki bu de\u011fi\u015fiklik ile birlikte su faturas\u0131n\u0131n y\u00fczde 50\u2019si oran\u0131nda tahsil edilen at\u0131ksu \u00fccretlerinde de d\u00fc\u015f\u00fc\u015f ya\u015fanacak. Yap\u0131lan bu d\u00fczenleme ile faturalarda ortalama y\u00fczde 25 oran\u0131nda indirim sa\u011flanm\u0131\u015f olacak. Su \u00fccretlerinde yap\u0131lan bu d\u00fczenleme ile ayl\u0131k ortalama 15 ton su kullanan 4 ki\u015filik bir ailenin su ve at\u0131ksu hizmeti faturas\u0131nda yakla\u015f\u0131k y\u00fczde 25 d\u00fc\u015f\u00fc\u015f sa\u011fland\u0131. Ancak su faturalar\u0131na kanuni zorunluluk gere\u011fi farkl\u0131 \u00fccret kalemleri de yans\u0131t\u0131l\u0131yor.\u00a0 FATURALARA YANSIYACAK\u00a0 \u00c7evre \u015eehircilik ve \u0130klim De\u011fi\u015fikli\u011fi Bakanl\u0131\u011f\u0131 taraf\u0131ndan yay\u0131mlanan \u2018At\u0131k Su Alt Yap\u0131 Ve Evsel Kat\u0131 At\u0131k Bertaraf Tesis Tarifelerinin Belirlenmesinde Uyulacak Usul Ve Esaslara \u0130li\u015fkin Y\u00f6netmelik\u2019 gere\u011fi kat\u0131 at\u0131k bedelleri de su faturalar\u0131na yans\u0131t\u0131l\u0131yor. Su faturalar\u0131 \u00fczerinden al\u0131nan Kat\u0131 At\u0131k Bedelinin tamam\u0131 ve \u00c7evre Temizlik Vergisinin y\u00fczde 80\u2019ni \u0130l\u00e7e Belediyesine, \u00c7evre Katk\u0131 Pay\u0131, \u00c7evre \u015eehircilik ve &hellip;\" \/>\n<meta property=\"og:url\" content=\"https:\/\/denizcankizil.tr\/uk\/haberler\/gundem\/mugla-buyuksehir-belediyesi-suya-yuzde-25-indirim-yapti\/\" \/>\n<meta property=\"og:site_name\" content=\"Av. Deniz Can K\u0131z\u0131l\" \/>\n<meta property=\"article:published_time\" content=\"2025-02-11T09:41:30+00:00\" \/>\n<meta name=\"author\" content=\"Antalya K\u00f6rfez\" \/>\n<meta name=\"twitter:card\" content=\"summary_large_image\" \/>\n<meta name=\"twitter:label1\" content=\"\u041d\u0430\u043f\u0438\u0441\u0430\u043d\u043e\" \/>\n\t<meta name=\"twitter:data1\" content=\"Antalya K\u00f6rfez\" \/>\n\t<meta name=\"twitter:label2\" content=\"\u041f\u0440\u0438\u0431\u043b. \u0447\u0430\u0441 \u0447\u0438\u0442\u0430\u043d\u043d\u044f\" \/>\n\t<meta name=\"twitter:data2\" content=\"2 \u0445\u0432\u0438\u043b\u0438\u043d\u0438\" \/>\n<script type=\"application\/ld+json\" class=\"yoast-schema-graph\">{\"@context\":\"https:\/\/schema.org\",\"@graph\":[{\"@type\":\"Article\",\"@id\":\"https:\/\/denizcankizil.tr\/de\/haberler\/gundem\/mugla-buyuksehir-belediyesi-suya-yuzde-25-indirim-yapti\/#article\",\"isPartOf\":{\"@id\":\"https:\/\/denizcankizil.tr\/de\/haberler\/gundem\/mugla-buyuksehir-belediyesi-suya-yuzde-25-indirim-yapti\/\"},\"author\":{\"name\":\"Antalya K\u00f6rfez\",\"@id\":\"https:\/\/denizcankizil.tr\/#\/schema\/person\/e1eb71bb4dd684d46563f0af307e1234\"},\"headline\":\"Mu\u011fla B\u00fcy\u00fck\u015fehir Belediyesi suya y\u00fczde 25 indirim yapt\u0131\",\"datePublished\":\"2025-02-11T09:41:30+00:00\",\"mainEntityOfPage\":{\"@id\":\"https:\/\/denizcankizil.tr\/de\/haberler\/gundem\/mugla-buyuksehir-belediyesi-suya-yuzde-25-indirim-yapti\/\"},\"wordCount\":351,\"commentCount\":0,\"publisher\":{\"@id\":\"https:\/\/denizcankizil.tr\/#organization\"},\"articleSection\":[\"G\u00fcndem\"],\"inLanguage\":\"uk\",\"potentialAction\":[{\"@type\":\"CommentAction\",\"name\":\"Comment\",\"target\":[\"https:\/\/denizcankizil.tr\/de\/haberler\/gundem\/mugla-buyuksehir-belediyesi-suya-yuzde-25-indirim-yapti\/#respond\"]}]},{\"@type\":\"WebPage\",\"@id\":\"https:\/\/denizcankizil.tr\/de\/haberler\/gundem\/mugla-buyuksehir-belediyesi-suya-yuzde-25-indirim-yapti\/\",\"url\":\"https:\/\/denizcankizil.tr\/de\/haberler\/gundem\/mugla-buyuksehir-belediyesi-suya-yuzde-25-indirim-yapti\/\",\"name\":\"Mu\u011fla B\u00fcy\u00fck\u015fehir Belediyesi suya y\u00fczde 25 indirim yapt\u0131 - Av. Deniz Can K\u0131z\u0131l\",\"isPartOf\":{\"@id\":\"https:\/\/denizcankizil.tr\/#website\"},\"datePublished\":\"2025-02-11T09:41:30+00:00\",\"breadcrumb\":{\"@id\":\"https:\/\/denizcankizil.tr\/de\/haberler\/gundem\/mugla-buyuksehir-belediyesi-suya-yuzde-25-indirim-yapti\/#breadcrumb\"},\"inLanguage\":\"uk\",\"potentialAction\":[{\"@type\":\"ReadAction\",\"target\":[\"https:\/\/denizcankizil.tr\/de\/haberler\/gundem\/mugla-buyuksehir-belediyesi-suya-yuzde-25-indirim-yapti\/\"]}]},{\"@type\":\"BreadcrumbList\",\"@id\":\"https:\/\/denizcankizil.tr\/de\/haberler\/gundem\/mugla-buyuksehir-belediyesi-suya-yuzde-25-indirim-yapti\/#breadcrumb\",\"itemListElement\":[{\"@type\":\"ListItem\",\"position\":1,\"name\":\"Home\",\"item\":\"https:\/\/denizcankizil.tr\/uk\/\"},{\"@type\":\"ListItem\",\"position\":2,\"name\":\"Mu\u011fla B\u00fcy\u00fck\u015fehir Belediyesi suya y\u00fczde 25 indirim yapt\u0131\"}]},{\"@type\":\"WebSite\",\"@id\":\"https:\/\/denizcankizil.tr\/#website\",\"url\":\"https:\/\/denizcankizil.tr\/\",\"name\":\"Av. Deniz Can K\u0131z\u0131l\",\"description\":\"Avukat Deniz Can K\u0131z\u0131l Antalya Barosu\",\"publisher\":{\"@id\":\"https:\/\/denizcankizil.tr\/#organization\"},\"potentialAction\":[{\"@type\":\"SearchAction\",\"target\":{\"@type\":\"EntryPoint\",\"urlTemplate\":\"https:\/\/denizcankizil.tr\/?s={search_term_string}\"},\"query-input\":{\"@type\":\"PropertyValueSpecification\",\"valueRequired\":true,\"valueName\":\"search_term_string\"}}],\"inLanguage\":\"uk\"},{\"@type\":\"Organization\",\"@id\":\"https:\/\/denizcankizil.tr\/#organization\",\"name\":\"Av. Deniz Can K\u0131z\u0131l\",\"url\":\"https:\/\/denizcankizil.tr\/\",\"logo\":{\"@type\":\"ImageObject\",\"inLanguage\":\"uk\",\"@id\":\"https:\/\/denizcankizil.tr\/#\/schema\/logo\/image\/\",\"url\":\"https:\/\/denizcankizil.tr\/wp-content\/uploads\/2024\/10\/siyah-logo-svg.svg\",\"contentUrl\":\"https:\/\/denizcankizil.tr\/wp-content\/uploads\/2024\/10\/siyah-logo-svg.svg\",\"width\":1080,\"height\":1080,\"caption\":\"Av. Deniz Can K\u0131z\u0131l\"},\"image\":{\"@id\":\"https:\/\/denizcankizil.tr\/#\/schema\/logo\/image\/\"}},{\"@type\":\"Person\",\"@id\":\"https:\/\/denizcankizil.tr\/#\/schema\/person\/e1eb71bb4dd684d46563f0af307e1234\",\"name\":\"Antalya K\u00f6rfez\",\"image\":{\"@type\":\"ImageObject\",\"inLanguage\":\"uk\",\"@id\":\"https:\/\/denizcankizil.tr\/#\/schema\/person\/image\/\",\"url\":\"https:\/\/secure.gravatar.com\/avatar\/42b01982558a48a0b501fdcab6a408d3717ea5919095ee2e67b0e521799c5905?s=96&d=mm&r=g\",\"contentUrl\":\"https:\/\/secure.gravatar.com\/avatar\/42b01982558a48a0b501fdcab6a408d3717ea5919095ee2e67b0e521799c5905?s=96&d=mm&r=g\",\"caption\":\"Antalya K\u00f6rfez\"},\"sameAs\":[\"http:\/\/www.antalyakorfez.com\"],\"url\":\"https:\/\/www.antalyakorfez.com\/mugla-buyuksehir-belediyesi-suya-yuzde-25-indirim-yapti\"}]}<\/script>\n<!-- \/ Yoast SEO Premium plugin. -->","yoast_head_json":{"title":"Mu\u011fla B\u00fcy\u00fck\u015fehir Belediyesi suya y\u00fczde 25 indirim yapt\u0131 - Av. Deniz Can K\u0131z\u0131l","robots":{"index":"index","follow":"follow","max-snippet":"max-snippet:-1","max-image-preview":"max-image-preview:large","max-video-preview":"max-video-preview:-1"},"canonical":"https:\/\/denizcankizil.tr\/uk\/haberler\/gundem\/mugla-buyuksehir-belediyesi-suya-yuzde-25-indirim-yapti\/","og_locale":"uk_UA","og_type":"article","og_title":"Mu\u011fla B\u00fcy\u00fck\u015fehir Belediyesi suya y\u00fczde 25 indirim yapt\u0131","og_description":"Sosyal belediyecilik anlay\u0131\u015f\u0131na b\u00fcy\u00fck \u00f6nem veren Mu\u011fla B\u00fcy\u00fck\u015fehir Belediye Ba\u015fkan\u0131 Ahmet Aras, son olarak \u00f6nemli bir uygulamay\u0131 daha hayata ge\u00e7irdi. Aras\u2019\u0131n ge\u00e7ti\u011fimiz g\u00fcnlerde MUSK\u0130 Genel M\u00fcd\u00fcrl\u00fc\u011f\u00fcne su \u00fccretleri ile ilgili d\u00fczenleme yap\u0131lmas\u0131 talimat\u0131 vermesi \u00fczerine tarifelerde d\u00fczenleme yap\u0131ld\u0131. Bu kapsamda 1-10 metrek\u00fcp olan 1. Kademe 1-15 metrek\u00fcpe y\u00fckseltilerek daha ucuz kullan\u0131lmas\u0131 sa\u011fland\u0131. Ayr\u0131ca 11-20 olan 2. Kademe 15-30\u2019a 21 ve \u00fczeri olan 3. Kademe ise 30 ve \u00fczeri olarak y\u00fckseltildi.\u00a0 SUYA Y\u00dcZDE 25 \u0130ND\u0130R\u0130M\u00a0 Su \u00fccret tarifelerindeki bu de\u011fi\u015fiklik ile birlikte su faturas\u0131n\u0131n y\u00fczde 50\u2019si oran\u0131nda tahsil edilen at\u0131ksu \u00fccretlerinde de d\u00fc\u015f\u00fc\u015f ya\u015fanacak. Yap\u0131lan bu d\u00fczenleme ile faturalarda ortalama y\u00fczde 25 oran\u0131nda indirim sa\u011flanm\u0131\u015f olacak. Su \u00fccretlerinde yap\u0131lan bu d\u00fczenleme ile ayl\u0131k ortalama 15 ton su kullanan 4 ki\u015filik bir ailenin su ve at\u0131ksu hizmeti faturas\u0131nda yakla\u015f\u0131k y\u00fczde 25 d\u00fc\u015f\u00fc\u015f sa\u011fland\u0131. Ancak su faturalar\u0131na kanuni zorunluluk gere\u011fi farkl\u0131 \u00fccret kalemleri de yans\u0131t\u0131l\u0131yor.\u00a0 FATURALARA YANSIYACAK\u00a0 \u00c7evre \u015eehircilik ve \u0130klim De\u011fi\u015fikli\u011fi Bakanl\u0131\u011f\u0131 taraf\u0131ndan yay\u0131mlanan \u2018At\u0131k Su Alt Yap\u0131 Ve Evsel Kat\u0131 At\u0131k Bertaraf Tesis Tarifelerinin Belirlenmesinde Uyulacak Usul Ve Esaslara \u0130li\u015fkin Y\u00f6netmelik\u2019 gere\u011fi kat\u0131 at\u0131k bedelleri de su faturalar\u0131na yans\u0131t\u0131l\u0131yor. Su faturalar\u0131 \u00fczerinden al\u0131nan Kat\u0131 At\u0131k Bedelinin tamam\u0131 ve \u00c7evre Temizlik Vergisinin y\u00fczde 80\u2019ni \u0130l\u00e7e Belediyesine, \u00c7evre Katk\u0131 Pay\u0131, \u00c7evre \u015eehircilik ve &hellip;","og_url":"https:\/\/denizcankizil.tr\/uk\/haberler\/gundem\/mugla-buyuksehir-belediyesi-suya-yuzde-25-indirim-yapti\/","og_site_name":"Av. Deniz Can K\u0131z\u0131l","article_published_time":"2025-02-11T09:41:30+00:00","author":"Antalya K\u00f6rfez","twitter_card":"summary_large_image","twitter_misc":{"\u041d\u0430\u043f\u0438\u0441\u0430\u043d\u043e":"Antalya K\u00f6rfez","\u041f\u0440\u0438\u0431\u043b. \u0447\u0430\u0441 \u0447\u0438\u0442\u0430\u043d\u043d\u044f":"2 \u0445\u0432\u0438\u043b\u0438\u043d\u0438"},"schema":{"@context":"https:\/\/schema.org","@graph":[{"@type":"Article","@id":"https:\/\/denizcankizil.tr\/de\/haberler\/gundem\/mugla-buyuksehir-belediyesi-suya-yuzde-25-indirim-yapti\/#article","isPartOf":{"@id":"https:\/\/denizcankizil.tr\/de\/haberler\/gundem\/mugla-buyuksehir-belediyesi-suya-yuzde-25-indirim-yapti\/"},"author":{"name":"Antalya K\u00f6rfez","@id":"https:\/\/denizcankizil.tr\/#\/schema\/person\/e1eb71bb4dd684d46563f0af307e1234"},"headline":"Mu\u011fla B\u00fcy\u00fck\u015fehir Belediyesi suya y\u00fczde 25 indirim yapt\u0131","datePublished":"2025-02-11T09:41:30+00:00","mainEntityOfPage":{"@id":"https:\/\/denizcankizil.tr\/de\/haberler\/gundem\/mugla-buyuksehir-belediyesi-suya-yuzde-25-indirim-yapti\/"},"wordCount":351,"commentCount":0,"publisher":{"@id":"https:\/\/denizcankizil.tr\/#organization"},"articleSection":["G\u00fcndem"],"inLanguage":"uk","potentialAction":[{"@type":"CommentAction","name":"Comment","target":["https:\/\/denizcankizil.tr\/de\/haberler\/gundem\/mugla-buyuksehir-belediyesi-suya-yuzde-25-indirim-yapti\/#respond"]}]},{"@type":"WebPage","@id":"https:\/\/denizcankizil.tr\/de\/haberler\/gundem\/mugla-buyuksehir-belediyesi-suya-yuzde-25-indirim-yapti\/","url":"https:\/\/denizcankizil.tr\/de\/haberler\/gundem\/mugla-buyuksehir-belediyesi-suya-yuzde-25-indirim-yapti\/","name":"Mu\u011fla B\u00fcy\u00fck\u015fehir Belediyesi suya y\u00fczde 25 indirim yapt\u0131 - Av. Deniz Can K\u0131z\u0131l","isPartOf":{"@id":"https:\/\/denizcankizil.tr\/#website"},"datePublished":"2025-02-11T09:41:30+00:00","breadcrumb":{"@id":"https:\/\/denizcankizil.tr\/de\/haberler\/gundem\/mugla-buyuksehir-belediyesi-suya-yuzde-25-indirim-yapti\/#breadcrumb"},"inLanguage":"uk","potentialAction":[{"@type":"ReadAction","target":["https:\/\/denizcankizil.tr\/de\/haberler\/gundem\/mugla-buyuksehir-belediyesi-suya-yuzde-25-indirim-yapti\/"]}]},{"@type":"BreadcrumbList","@id":"https:\/\/denizcankizil.tr\/de\/haberler\/gundem\/mugla-buyuksehir-belediyesi-suya-yuzde-25-indirim-yapti\/#breadcrumb","itemListElement":[{"@type":"ListItem","position":1,"name":"Home","item":"https:\/\/denizcankizil.tr\/uk\/"},{"@type":"ListItem","position":2,"name":"Mu\u011fla B\u00fcy\u00fck\u015fehir Belediyesi suya y\u00fczde 25 indirim yapt\u0131"}]},{"@type":"WebSite","@id":"https:\/\/denizcankizil.tr\/#website","url":"https:\/\/denizcankizil.tr\/","name":"Av. Deniz Can K\u0131z\u0131l","description":"Avukat Deniz Can K\u0131z\u0131l Antalya Barosu","publisher":{"@id":"https:\/\/denizcankizil.tr\/#organization"},"potentialAction":[{"@type":"SearchAction","target":{"@type":"EntryPoint","urlTemplate":"https:\/\/denizcankizil.tr\/?s={search_term_string}"},"query-input":{"@type":"PropertyValueSpecification","valueRequired":true,"valueName":"search_term_string"}}],"inLanguage":"uk"},{"@type":"Organization","@id":"https:\/\/denizcankizil.tr\/#organization","name":"Av. Deniz Can K\u0131z\u0131l","url":"https:\/\/denizcankizil.tr\/","logo":{"@type":"ImageObject","inLanguage":"uk","@id":"https:\/\/denizcankizil.tr\/#\/schema\/logo\/image\/","url":"https:\/\/denizcankizil.tr\/wp-content\/uploads\/2024\/10\/siyah-logo-svg.svg","contentUrl":"https:\/\/denizcankizil.tr\/wp-content\/uploads\/2024\/10\/siyah-logo-svg.svg","width":1080,"height":1080,"caption":"Av. Deniz Can K\u0131z\u0131l"},"image":{"@id":"https:\/\/denizcankizil.tr\/#\/schema\/logo\/image\/"}},{"@type":"Person","@id":"https:\/\/denizcankizil.tr\/#\/schema\/person\/e1eb71bb4dd684d46563f0af307e1234","name":"Antalya K\u00f6rfez","image":{"@type":"ImageObject","inLanguage":"uk","@id":"https:\/\/denizcankizil.tr\/#\/schema\/person\/image\/","url":"https:\/\/secure.gravatar.com\/avatar\/42b01982558a48a0b501fdcab6a408d3717ea5919095ee2e67b0e521799c5905?s=96&d=mm&r=g","contentUrl":"https:\/\/secure.gravatar.com\/avatar\/42b01982558a48a0b501fdcab6a408d3717ea5919095ee2e67b0e521799c5905?s=96&d=mm&r=g","caption":"Antalya K\u00f6rfez"},"sameAs":["http:\/\/www.antalyakorfez.com"],"url":"https:\/\/www.antalyakorfez.com\/mugla-buyuksehir-belediyesi-suya-yuzde-25-indirim-yapti"}]}},"_links":{"self":[{"href":"https:\/\/denizcankizil.tr\/uk\/wp-json\/wp\/v2\/posts\/31960","targetHints":{"allow":["GET"]}}],"collection":[{"href":"https:\/\/denizcankizil.tr\/uk\/wp-json\/wp\/v2\/posts"}],"about":[{"href":"https:\/\/denizcankizil.tr\/uk\/wp-json\/wp\/v2\/types\/post"}],"author":[{"embeddable":true,"href":"https:\/\/denizcankizil.tr\/uk\/wp-json\/wp\/v2\/users\/5"}],"replies":[{"embeddable":true,"href":"https:\/\/denizcankizil.tr\/uk\/wp-json\/wp\/v2\/comments?post=31960"}],"version-history":[{"count":0,"href":"https:\/\/denizcankizil.tr\/uk\/wp-json\/wp\/v2\/posts\/31960\/revisions"}],"wp:attachment":[{"href":"https:\/\/denizcankizil.tr\/uk\/wp-json\/wp\/v2\/media?parent=31960"}],"wp:term":[{"taxonomy":"category","embeddable":true,"href":"https:\/\/denizcankizil.tr\/uk\/wp-json\/wp\/v2\/categories?post=31960"},{"taxonomy":"post_tag","embeddable":true,"href":"https:\/\/denizcankizil.tr\/uk\/wp-json\/wp\/v2\/tags?post=31960"}],"curies":[{"name":"wp","href":"https:\/\/api.w.org\/{rel}","templated":true}]}}