{"id":31927,"date":"2025-02-11T09:41:48","date_gmt":"2025-02-11T06:41:48","guid":{"rendered":"https:\/\/denizcankizil.tr\/uncategorized-tr\/ilgaz-celtik-isleme-tesisi-icin-imzalar-atildi\/"},"modified":"2025-02-11T09:41:48","modified_gmt":"2025-02-11T06:41:48","slug":"ilgaz-celtik-isleme-tesisi-icin-imzalar-atildi","status":"publish","type":"post","link":"https:\/\/denizcankizil.tr\/uk\/haberler\/gundem\/ilgaz-celtik-isleme-tesisi-icin-imzalar-atildi\/","title":{"rendered":"Ilgaz \u00c7eltik \u0130\u015fleme Tesisi \u0130\u00e7in \u0130mzalar At\u0131ld\u0131"},"content":{"rendered":"<p>\u00c7ank\u0131r\u0131\u2019n\u0131n Ilgaz il\u00e7esinde kurulmas\u0131 planlanan \u00c7eltik \u0130\u015fleme Tesisi ile b\u00f6lgede \u00fcretilen Sar\u0131k\u0131l\u00e7\u0131k Pirinci yerinde i\u015flenerek, katma de\u011ferli \u00fcr\u00fcne d\u00f6n\u00fc\u015ft\u00fcr\u00fclecek.<\/p>\n<p>\u200b\u00c7ank\u0131r\u0131\u2019n\u0131n Ilgaz il\u00e7esinde kurulmas\u0131 planlanan \u00c7eltik \u0130\u015fleme Tesisi ile b\u00f6lgede \u00fcretilen Sar\u0131k\u0131l\u00e7\u0131k Pirinci yerinde i\u015flenerek, katma de\u011ferli \u00fcr\u00fcne d\u00f6n\u00fc\u015ft\u00fcr\u00fclecek.\u00a0<\/p>\n<p>\u200bHaberin Al\u0131nt\u0131land\u0131\u011f\u0131 Kaynak: www.iskenderun.org<\/p>","protected":false},"excerpt":{"rendered":"<p>\u00c7ank\u0131r\u0131\u2019n\u0131n Ilgaz il\u00e7esinde kurulmas\u0131 planlanan \u00c7eltik \u0130\u015fleme Tesisi ile b\u00f6lgede \u00fcretilen Sar\u0131k\u0131l\u00e7\u0131k Pirinci yerinde i\u015flenerek, katma de\u011ferli \u00fcr\u00fcne d\u00f6n\u00fc\u015ft\u00fcr\u00fclecek. \u200b\u00c7ank\u0131r\u0131\u2019n\u0131n Ilgaz il\u00e7esinde kurulmas\u0131 planlanan \u00c7eltik \u0130\u015fleme Tesisi ile b\u00f6lgede \u00fcretilen Sar\u0131k\u0131l\u00e7\u0131k Pirinci yerinde i\u015flenerek, katma de\u011ferli \u00fcr\u00fcne d\u00f6n\u00fc\u015ft\u00fcr\u00fclecek.\u00a0 \u200bHaberin Al\u0131nt\u0131land\u0131\u011f\u0131 Kaynak: www.iskenderun.org<\/p>","protected":false},"author":1,"featured_media":0,"comment_status":"open","ping_status":"open","sticky":false,"template":"","format":"standard","meta":{"_acf_changed":false,"footnotes":""},"categories":[24],"tags":[],"class_list":["post-31927","post","type-post","status-publish","format-standard","has-post-thumbnail","hentry","category-gundem"],"acf":[],"yoast_head":"<!-- This site is optimized with the Yoast SEO Premium plugin v26.6 (Yoast SEO v27.1.1) - https:\/\/yoast.com\/product\/yoast-seo-premium-wordpress\/ -->\n<title>Ilgaz \u00c7eltik \u0130\u015fleme Tesisi \u0130\u00e7in \u0130mzalar At\u0131ld\u0131 - Av. Deniz Can K\u0131z\u0131l<\/title>\n<meta name=\"robots\" content=\"index, follow, max-snippet:-1, max-image-preview:large, max-video-preview:-1\" \/>\n<link rel=\"canonical\" href=\"https:\/\/denizcankizil.tr\/uk\/haberler\/gundem\/ilgaz-celtik-isleme-tesisi-icin-imzalar-atildi\/\" \/>\n<meta property=\"og:locale\" content=\"uk_UA\" \/>\n<meta property=\"og:type\" content=\"article\" \/>\n<meta property=\"og:title\" content=\"Ilgaz \u00c7eltik \u0130\u015fleme Tesisi \u0130\u00e7in \u0130mzalar At\u0131ld\u0131\" \/>\n<meta property=\"og:description\" content=\"\u00c7ank\u0131r\u0131\u2019n\u0131n Ilgaz il\u00e7esinde kurulmas\u0131 planlanan \u00c7eltik \u0130\u015fleme Tesisi ile b\u00f6lgede \u00fcretilen Sar\u0131k\u0131l\u00e7\u0131k Pirinci yerinde i\u015flenerek, katma de\u011ferli \u00fcr\u00fcne d\u00f6n\u00fc\u015ft\u00fcr\u00fclecek. \u200b\u00c7ank\u0131r\u0131\u2019n\u0131n Ilgaz il\u00e7esinde kurulmas\u0131 planlanan \u00c7eltik \u0130\u015fleme Tesisi ile b\u00f6lgede \u00fcretilen Sar\u0131k\u0131l\u00e7\u0131k Pirinci yerinde i\u015flenerek, katma de\u011ferli \u00fcr\u00fcne d\u00f6n\u00fc\u015ft\u00fcr\u00fclecek.\u00a0 \u200bHaberin Al\u0131nt\u0131land\u0131\u011f\u0131 Kaynak: www.iskenderun.org\" \/>\n<meta property=\"og:url\" content=\"https:\/\/denizcankizil.tr\/uk\/haberler\/gundem\/ilgaz-celtik-isleme-tesisi-icin-imzalar-atildi\/\" \/>\n<meta property=\"og:site_name\" content=\"Av. Deniz Can K\u0131z\u0131l\" \/>\n<meta property=\"article:published_time\" content=\"2025-02-11T06:41:48+00:00\" \/>\n<meta name=\"author\" content=\"admin\" \/>\n<meta name=\"twitter:card\" content=\"summary_large_image\" \/>\n<meta name=\"twitter:label1\" content=\"\u041d\u0430\u043f\u0438\u0441\u0430\u043d\u043e\" \/>\n\t<meta name=\"twitter:data1\" content=\"admin\" \/>\n<script type=\"application\/ld+json\" class=\"yoast-schema-graph\">{\"@context\":\"https:\/\/schema.org\",\"@graph\":[{\"@type\":\"Article\",\"@id\":\"https:\/\/denizcankizil.tr\/uk\/haberler\/gundem\/ilgaz-celtik-isleme-tesisi-icin-imzalar-atildi\/#article\",\"isPartOf\":{\"@id\":\"https:\/\/denizcankizil.tr\/uk\/haberler\/gundem\/ilgaz-celtik-isleme-tesisi-icin-imzalar-atildi\/\"},\"author\":{\"name\":\"admin\",\"@id\":\"https:\/\/denizcankizil.tr\/#\/schema\/person\/be3c05fe6a12686905512445d8185489\"},\"headline\":\"Ilgaz \u00c7eltik \u0130\u015fleme Tesisi \u0130\u00e7in \u0130mzalar At\u0131ld\u0131\",\"datePublished\":\"2025-02-11T06:41:48+00:00\",\"mainEntityOfPage\":{\"@id\":\"https:\/\/denizcankizil.tr\/uk\/haberler\/gundem\/ilgaz-celtik-isleme-tesisi-icin-imzalar-atildi\/\"},\"wordCount\":84,\"commentCount\":0,\"publisher\":{\"@id\":\"https:\/\/denizcankizil.tr\/#organization\"},\"articleSection\":[\"G\u00fcndem\"],\"inLanguage\":\"uk\",\"potentialAction\":[{\"@type\":\"CommentAction\",\"name\":\"Comment\",\"target\":[\"https:\/\/denizcankizil.tr\/uk\/haberler\/gundem\/ilgaz-celtik-isleme-tesisi-icin-imzalar-atildi\/#respond\"]}]},{\"@type\":\"WebPage\",\"@id\":\"https:\/\/denizcankizil.tr\/uk\/haberler\/gundem\/ilgaz-celtik-isleme-tesisi-icin-imzalar-atildi\/\",\"url\":\"https:\/\/denizcankizil.tr\/uk\/haberler\/gundem\/ilgaz-celtik-isleme-tesisi-icin-imzalar-atildi\/\",\"name\":\"Ilgaz \u00c7eltik \u0130\u015fleme Tesisi \u0130\u00e7in \u0130mzalar At\u0131ld\u0131 - Av. Deniz Can K\u0131z\u0131l\",\"isPartOf\":{\"@id\":\"https:\/\/denizcankizil.tr\/#website\"},\"datePublished\":\"2025-02-11T06:41:48+00:00\",\"breadcrumb\":{\"@id\":\"https:\/\/denizcankizil.tr\/uk\/haberler\/gundem\/ilgaz-celtik-isleme-tesisi-icin-imzalar-atildi\/#breadcrumb\"},\"inLanguage\":\"uk\",\"potentialAction\":[{\"@type\":\"ReadAction\",\"target\":[\"https:\/\/denizcankizil.tr\/uk\/haberler\/gundem\/ilgaz-celtik-isleme-tesisi-icin-imzalar-atildi\/\"]}]},{\"@type\":\"BreadcrumbList\",\"@id\":\"https:\/\/denizcankizil.tr\/uk\/haberler\/gundem\/ilgaz-celtik-isleme-tesisi-icin-imzalar-atildi\/#breadcrumb\",\"itemListElement\":[{\"@type\":\"ListItem\",\"position\":1,\"name\":\"Home\",\"item\":\"https:\/\/denizcankizil.tr\/de\/\"},{\"@type\":\"ListItem\",\"position\":2,\"name\":\"Ilgaz \u00c7eltik \u0130\u015fleme Tesisi \u0130\u00e7in \u0130mzalar At\u0131ld\u0131\"}]},{\"@type\":\"WebSite\",\"@id\":\"https:\/\/denizcankizil.tr\/#website\",\"url\":\"https:\/\/denizcankizil.tr\/\",\"name\":\"Av. Deniz Can K\u0131z\u0131l\",\"description\":\"Avukat Deniz Can K\u0131z\u0131l Antalya Barosu\",\"publisher\":{\"@id\":\"https:\/\/denizcankizil.tr\/#organization\"},\"potentialAction\":[{\"@type\":\"SearchAction\",\"target\":{\"@type\":\"EntryPoint\",\"urlTemplate\":\"https:\/\/denizcankizil.tr\/?s={search_term_string}\"},\"query-input\":{\"@type\":\"PropertyValueSpecification\",\"valueRequired\":true,\"valueName\":\"search_term_string\"}}],\"inLanguage\":\"uk\"},{\"@type\":\"Organization\",\"@id\":\"https:\/\/denizcankizil.tr\/#organization\",\"name\":\"Av. Deniz Can K\u0131z\u0131l\",\"url\":\"https:\/\/denizcankizil.tr\/\",\"logo\":{\"@type\":\"ImageObject\",\"inLanguage\":\"uk\",\"@id\":\"https:\/\/denizcankizil.tr\/#\/schema\/logo\/image\/\",\"url\":\"https:\/\/denizcankizil.tr\/wp-content\/uploads\/2024\/10\/siyah-logo-svg.svg\",\"contentUrl\":\"https:\/\/denizcankizil.tr\/wp-content\/uploads\/2024\/10\/siyah-logo-svg.svg\",\"width\":1080,\"height\":1080,\"caption\":\"Av. Deniz Can K\u0131z\u0131l\"},\"image\":{\"@id\":\"https:\/\/denizcankizil.tr\/#\/schema\/logo\/image\/\"}},{\"@type\":\"Person\",\"@id\":\"https:\/\/denizcankizil.tr\/#\/schema\/person\/be3c05fe6a12686905512445d8185489\",\"name\":\"admin\",\"image\":{\"@type\":\"ImageObject\",\"inLanguage\":\"uk\",\"@id\":\"https:\/\/denizcankizil.tr\/#\/schema\/person\/image\/\",\"url\":\"https:\/\/secure.gravatar.com\/avatar\/c1fce94c830dc79107e174f890d7210541c4a63e8e5d816341794a2151c9d58c?s=96&d=mm&r=g\",\"contentUrl\":\"https:\/\/secure.gravatar.com\/avatar\/c1fce94c830dc79107e174f890d7210541c4a63e8e5d816341794a2151c9d58c?s=96&d=mm&r=g\",\"caption\":\"admin\"},\"sameAs\":[\"http:\/\/denizcankizil.tr\"],\"url\":\"https:\/\/www.iskenderun.org\/ilgaz-celtik-isleme-tesisi-icin-imzalar-atildi\"}]}<\/script>\n<!-- \/ Yoast SEO Premium plugin. -->","yoast_head_json":{"title":"Ilgaz \u00c7eltik \u0130\u015fleme Tesisi \u0130\u00e7in \u0130mzalar At\u0131ld\u0131 - Av. Deniz Can K\u0131z\u0131l","robots":{"index":"index","follow":"follow","max-snippet":"max-snippet:-1","max-image-preview":"max-image-preview:large","max-video-preview":"max-video-preview:-1"},"canonical":"https:\/\/denizcankizil.tr\/uk\/haberler\/gundem\/ilgaz-celtik-isleme-tesisi-icin-imzalar-atildi\/","og_locale":"uk_UA","og_type":"article","og_title":"Ilgaz \u00c7eltik \u0130\u015fleme Tesisi \u0130\u00e7in \u0130mzalar At\u0131ld\u0131","og_description":"\u00c7ank\u0131r\u0131\u2019n\u0131n Ilgaz il\u00e7esinde kurulmas\u0131 planlanan \u00c7eltik \u0130\u015fleme Tesisi ile b\u00f6lgede \u00fcretilen Sar\u0131k\u0131l\u00e7\u0131k Pirinci yerinde i\u015flenerek, katma de\u011ferli \u00fcr\u00fcne d\u00f6n\u00fc\u015ft\u00fcr\u00fclecek. \u200b\u00c7ank\u0131r\u0131\u2019n\u0131n Ilgaz il\u00e7esinde kurulmas\u0131 planlanan \u00c7eltik \u0130\u015fleme Tesisi ile b\u00f6lgede \u00fcretilen Sar\u0131k\u0131l\u00e7\u0131k Pirinci yerinde i\u015flenerek, katma de\u011ferli \u00fcr\u00fcne d\u00f6n\u00fc\u015ft\u00fcr\u00fclecek.\u00a0 \u200bHaberin Al\u0131nt\u0131land\u0131\u011f\u0131 Kaynak: www.iskenderun.org","og_url":"https:\/\/denizcankizil.tr\/uk\/haberler\/gundem\/ilgaz-celtik-isleme-tesisi-icin-imzalar-atildi\/","og_site_name":"Av. Deniz Can K\u0131z\u0131l","article_published_time":"2025-02-11T06:41:48+00:00","author":"admin","twitter_card":"summary_large_image","twitter_misc":{"\u041d\u0430\u043f\u0438\u0441\u0430\u043d\u043e":"admin"},"schema":{"@context":"https:\/\/schema.org","@graph":[{"@type":"Article","@id":"https:\/\/denizcankizil.tr\/uk\/haberler\/gundem\/ilgaz-celtik-isleme-tesisi-icin-imzalar-atildi\/#article","isPartOf":{"@id":"https:\/\/denizcankizil.tr\/uk\/haberler\/gundem\/ilgaz-celtik-isleme-tesisi-icin-imzalar-atildi\/"},"author":{"name":"admin","@id":"https:\/\/denizcankizil.tr\/#\/schema\/person\/be3c05fe6a12686905512445d8185489"},"headline":"Ilgaz \u00c7eltik \u0130\u015fleme Tesisi \u0130\u00e7in \u0130mzalar At\u0131ld\u0131","datePublished":"2025-02-11T06:41:48+00:00","mainEntityOfPage":{"@id":"https:\/\/denizcankizil.tr\/uk\/haberler\/gundem\/ilgaz-celtik-isleme-tesisi-icin-imzalar-atildi\/"},"wordCount":84,"commentCount":0,"publisher":{"@id":"https:\/\/denizcankizil.tr\/#organization"},"articleSection":["G\u00fcndem"],"inLanguage":"uk","potentialAction":[{"@type":"CommentAction","name":"Comment","target":["https:\/\/denizcankizil.tr\/uk\/haberler\/gundem\/ilgaz-celtik-isleme-tesisi-icin-imzalar-atildi\/#respond"]}]},{"@type":"WebPage","@id":"https:\/\/denizcankizil.tr\/uk\/haberler\/gundem\/ilgaz-celtik-isleme-tesisi-icin-imzalar-atildi\/","url":"https:\/\/denizcankizil.tr\/uk\/haberler\/gundem\/ilgaz-celtik-isleme-tesisi-icin-imzalar-atildi\/","name":"Ilgaz \u00c7eltik \u0130\u015fleme Tesisi \u0130\u00e7in \u0130mzalar At\u0131ld\u0131 - Av. Deniz Can K\u0131z\u0131l","isPartOf":{"@id":"https:\/\/denizcankizil.tr\/#website"},"datePublished":"2025-02-11T06:41:48+00:00","breadcrumb":{"@id":"https:\/\/denizcankizil.tr\/uk\/haberler\/gundem\/ilgaz-celtik-isleme-tesisi-icin-imzalar-atildi\/#breadcrumb"},"inLanguage":"uk","potentialAction":[{"@type":"ReadAction","target":["https:\/\/denizcankizil.tr\/uk\/haberler\/gundem\/ilgaz-celtik-isleme-tesisi-icin-imzalar-atildi\/"]}]},{"@type":"BreadcrumbList","@id":"https:\/\/denizcankizil.tr\/uk\/haberler\/gundem\/ilgaz-celtik-isleme-tesisi-icin-imzalar-atildi\/#breadcrumb","itemListElement":[{"@type":"ListItem","position":1,"name":"Home","item":"https:\/\/denizcankizil.tr\/de\/"},{"@type":"ListItem","position":2,"name":"Ilgaz \u00c7eltik \u0130\u015fleme Tesisi \u0130\u00e7in \u0130mzalar At\u0131ld\u0131"}]},{"@type":"WebSite","@id":"https:\/\/denizcankizil.tr\/#website","url":"https:\/\/denizcankizil.tr\/","name":"Av. Deniz Can K\u0131z\u0131l","description":"Avukat Deniz Can K\u0131z\u0131l Antalya Barosu","publisher":{"@id":"https:\/\/denizcankizil.tr\/#organization"},"potentialAction":[{"@type":"SearchAction","target":{"@type":"EntryPoint","urlTemplate":"https:\/\/denizcankizil.tr\/?s={search_term_string}"},"query-input":{"@type":"PropertyValueSpecification","valueRequired":true,"valueName":"search_term_string"}}],"inLanguage":"uk"},{"@type":"Organization","@id":"https:\/\/denizcankizil.tr\/#organization","name":"Av. Deniz Can K\u0131z\u0131l","url":"https:\/\/denizcankizil.tr\/","logo":{"@type":"ImageObject","inLanguage":"uk","@id":"https:\/\/denizcankizil.tr\/#\/schema\/logo\/image\/","url":"https:\/\/denizcankizil.tr\/wp-content\/uploads\/2024\/10\/siyah-logo-svg.svg","contentUrl":"https:\/\/denizcankizil.tr\/wp-content\/uploads\/2024\/10\/siyah-logo-svg.svg","width":1080,"height":1080,"caption":"Av. Deniz Can K\u0131z\u0131l"},"image":{"@id":"https:\/\/denizcankizil.tr\/#\/schema\/logo\/image\/"}},{"@type":"Person","@id":"https:\/\/denizcankizil.tr\/#\/schema\/person\/be3c05fe6a12686905512445d8185489","name":"\u0430\u0434\u043c\u0456\u043d","image":{"@type":"ImageObject","inLanguage":"uk","@id":"https:\/\/denizcankizil.tr\/#\/schema\/person\/image\/","url":"https:\/\/secure.gravatar.com\/avatar\/c1fce94c830dc79107e174f890d7210541c4a63e8e5d816341794a2151c9d58c?s=96&d=mm&r=g","contentUrl":"https:\/\/secure.gravatar.com\/avatar\/c1fce94c830dc79107e174f890d7210541c4a63e8e5d816341794a2151c9d58c?s=96&d=mm&r=g","caption":"admin"},"sameAs":["http:\/\/denizcankizil.tr"],"url":"https:\/\/www.iskenderun.org\/ilgaz-celtik-isleme-tesisi-icin-imzalar-atildi"}]}},"_links":{"self":[{"href":"https:\/\/denizcankizil.tr\/uk\/wp-json\/wp\/v2\/posts\/31927","targetHints":{"allow":["GET"]}}],"collection":[{"href":"https:\/\/denizcankizil.tr\/uk\/wp-json\/wp\/v2\/posts"}],"about":[{"href":"https:\/\/denizcankizil.tr\/uk\/wp-json\/wp\/v2\/types\/post"}],"author":[{"embeddable":true,"href":"https:\/\/denizcankizil.tr\/uk\/wp-json\/wp\/v2\/users\/1"}],"replies":[{"embeddable":true,"href":"https:\/\/denizcankizil.tr\/uk\/wp-json\/wp\/v2\/comments?post=31927"}],"version-history":[{"count":0,"href":"https:\/\/denizcankizil.tr\/uk\/wp-json\/wp\/v2\/posts\/31927\/revisions"}],"wp:attachment":[{"href":"https:\/\/denizcankizil.tr\/uk\/wp-json\/wp\/v2\/media?parent=31927"}],"wp:term":[{"taxonomy":"category","embeddable":true,"href":"https:\/\/denizcankizil.tr\/uk\/wp-json\/wp\/v2\/categories?post=31927"},{"taxonomy":"post_tag","embeddable":true,"href":"https:\/\/denizcankizil.tr\/uk\/wp-json\/wp\/v2\/tags?post=31927"}],"curies":[{"name":"wp","href":"https:\/\/api.w.org\/{rel}","templated":true}]}}