{"id":31921,"date":"2025-02-11T09:41:44","date_gmt":"2025-02-11T06:41:44","guid":{"rendered":"https:\/\/denizcankizil.tr\/uncategorized-tr\/iskur-ocakta-107-bin-582-kisiyi-ise-yerlestirdi\/"},"modified":"2025-02-11T09:41:44","modified_gmt":"2025-02-11T06:41:44","slug":"iskur-ocakta-107-bin-582-kisiyi-ise-yerlestirdi","status":"publish","type":"post","link":"https:\/\/denizcankizil.tr\/uk\/haberler\/gundem\/iskur-ocakta-107-bin-582-kisiyi-ise-yerlestirdi\/","title":{"rendered":"\u0130\u015eKUR Ocak&#8217;ta 107 bin 582 ki\u015fiyi i\u015fe yerle\u015ftirdi"},"content":{"rendered":"<p>D\u00fcn itibariyle \u0130\u015eKUR Gen\u00e7lik Program\u0131&#8217;na ba\u015fvurular\u0131 almaya ba\u015flad\u0131klar\u0131n\u0131 duyuran \u00c7al\u0131\u015fma ve Sosyal G\u00fcvenlik Bakan\u0131 Vedat I\u015f\u0131khan, y\u0131l\u0131n ilk ay\u0131na ili\u015fkin T\u00fcrkiye \u0130\u015f Kurumu&#8217;nun istatistiklerini payla\u015ft\u0131. Bakan I\u015f\u0131khan, 107 bin 582 vatanda\u015f\u0131n Ocak ay\u0131nda i\u015fe yerle\u015ftirilmesine arac\u0131l\u0131k edildi\u011fini duyurdu.ANKARA (\u0130GFA) &#8211; \u00c7al\u0131\u015fma ve Sosyal G\u00fcvenlik Bakan\u0131 Prof. Dr. Vedat I\u015f\u0131khan, sosyal medya hesab\u0131ndan 2025 y\u0131l\u0131 Ocak ay\u0131na ili\u015fkin \u0130\u015eKUR&#8217;un faaliyetlerini rakamlarla \u00f6zetledi.<br \/>\n265 bin 975 bireysel g\u00f6r\u00fc\u015fmenin yap\u0131ld\u0131\u011f\u0131 Ocak ay\u0131nda 107 bin 582 ki\u015finin i\u015fe yerle\u015ftirildi\u011fini a\u00e7\u0131klayan Bakan I\u015f\u0131khan, 73 bin 935 i\u015fyeri ziyareti yap\u0131ld\u0131\u011f\u0131n\u0131 belirtti.<br \/>\nBakan I\u015f\u0131khan, aktif i\u015fg\u00fcc\u00fc program\u0131ndan yararlananlar\u0131n say\u0131s\u0131n\u0131n 3 bin 830&#8217;a ula\u015ft\u0131\u011f\u0131n\u0131 duyururken, \u0130\u015f Kul\u00fcb\u00fc&#8217;nden 3 bin 692 ki\u015finin yararland\u0131\u011f\u0131n\u0131, i\u015fveren taraf\u0131ndan talep edilen i\u015fg\u00fcc\u00fcn\u00fc ifade eden a\u00e7\u0131k i\u015f say\u0131s\u0131n\u0131n ise 199 bin 405 olarak a\u00e7\u0131kland\u0131\u011f\u0131n\u0131 kaydetti.<\/p>\n<p>2025 Ocak ay\u0131na \u0130\u015eKUR&#8217;un faaliyetlerini rakamlarla \u00f6zetleyen Vedat I\u015f\u0131khan infografik \u00e7al\u0131\u015fmas\u0131n\u0131\u00a0 &#8220;Unutma #\u0130\u015eKURda\u0130\u015fVar&#8221; etiketiyle payla\u015ft\u0131.<\/p>\n<p>\u200bD\u00fcn itibariyle \u0130\u015eKUR Gen\u00e7lik Program\u0131&#8217;na ba\u015fvurular\u0131 almaya ba\u015flad\u0131klar\u0131n\u0131 duyuran \u00c7al\u0131\u015fma ve Sosyal G\u00fcvenlik Bakan\u0131 Vedat I\u015f\u0131khan, y\u0131l\u0131n ilk ay\u0131na ili\u015fkin T\u00fcrkiye \u0130\u015f Kurumu&#8217;nun istatistiklerini payla\u015ft\u0131. Bakan I\u015f\u0131khan, 107 bin 582 vatanda\u015f\u0131n Ocak ay\u0131nda i\u015fe yerle\u015ftirilmesine arac\u0131l\u0131k edildi\u011fini duyurdu.ANKARA (\u0130GFA) &#8211; \u00c7al\u0131\u015fma ve Sosyal G\u00fcvenlik Bakan\u0131 Prof. Dr. Vedat I\u015f\u0131khan, sosyal medya hesab\u0131ndan 2025 y\u0131l\u0131 Ocak ay\u0131na ili\u015fkin \u0130\u015eKUR&#8217;un faaliyetlerini rakamlarla \u00f6zetledi.<br \/>\n265 bin 975 bireysel g\u00f6r\u00fc\u015fmenin yap\u0131ld\u0131\u011f\u0131 Ocak ay\u0131nda 107 bin 582 ki\u015finin i\u015fe yerle\u015ftirildi\u011fini a\u00e7\u0131klayan Bakan I\u015f\u0131khan, 73 bin 935 i\u015fyeri ziyareti yap\u0131ld\u0131\u011f\u0131n\u0131 belirtti.<br \/>\nBakan I\u015f\u0131khan, aktif i\u015fg\u00fcc\u00fc program\u0131ndan yararlananlar\u0131n say\u0131s\u0131n\u0131n 3 bin 830&#8217;a ula\u015ft\u0131\u011f\u0131n\u0131 duyururken, \u0130\u015f Kul\u00fcb\u00fc&#8217;nden 3 bin 692 ki\u015finin yararland\u0131\u011f\u0131n\u0131, i\u015fveren taraf\u0131ndan talep edilen i\u015fg\u00fcc\u00fcn\u00fc ifade eden a\u00e7\u0131k i\u015f say\u0131s\u0131n\u0131n ise 199 bin 405 olarak a\u00e7\u0131kland\u0131\u011f\u0131n\u0131 kaydetti.<\/p>\n<p>2025 Ocak ay\u0131na \u0130\u015eKUR&#8217;un faaliyetlerini rakamlarla \u00f6zetleyen Vedat I\u015f\u0131khan infografik \u00e7al\u0131\u015fmas\u0131n\u0131\u00a0 &#8220;Unutma #\u0130\u015eKURda\u0130\u015fVar&#8221; etiketiyle payla\u015ft\u0131.\u00a0<\/p>\n<p>\u200bHaberin Al\u0131nt\u0131land\u0131\u011f\u0131 Kaynak: www.iskenderun.org<\/p>","protected":false},"excerpt":{"rendered":"<p>D\u00fcn itibariyle \u0130\u015eKUR Gen\u00e7lik Program\u0131&#8217;na ba\u015fvurular\u0131 almaya ba\u015flad\u0131klar\u0131n\u0131 duyuran \u00c7al\u0131\u015fma ve Sosyal G\u00fcvenlik Bakan\u0131 Vedat I\u015f\u0131khan, y\u0131l\u0131n ilk ay\u0131na ili\u015fkin T\u00fcrkiye \u0130\u015f Kurumu&#8217;nun istatistiklerini payla\u015ft\u0131. Bakan I\u015f\u0131khan, 107 bin 582 vatanda\u015f\u0131n Ocak ay\u0131nda i\u015fe yerle\u015ftirilmesine arac\u0131l\u0131k edildi\u011fini duyurdu.ANKARA (\u0130GFA) &#8211; \u00c7al\u0131\u015fma ve Sosyal G\u00fcvenlik Bakan\u0131 Prof. Dr. Vedat I\u015f\u0131khan, sosyal medya hesab\u0131ndan 2025 y\u0131l\u0131 Ocak ay\u0131na ili\u015fkin \u0130\u015eKUR&#8217;un faaliyetlerini rakamlarla \u00f6zetledi. 265 bin 975 bireysel g\u00f6r\u00fc\u015fmenin yap\u0131ld\u0131\u011f\u0131 Ocak ay\u0131nda 107 bin 582 ki\u015finin i\u015fe yerle\u015ftirildi\u011fini a\u00e7\u0131klayan Bakan I\u015f\u0131khan, 73 bin 935 i\u015fyeri ziyareti yap\u0131ld\u0131\u011f\u0131n\u0131 belirtti. Bakan I\u015f\u0131khan, aktif i\u015fg\u00fcc\u00fc program\u0131ndan yararlananlar\u0131n say\u0131s\u0131n\u0131n 3 bin 830&#8217;a ula\u015ft\u0131\u011f\u0131n\u0131 duyururken, \u0130\u015f Kul\u00fcb\u00fc&#8217;nden 3 bin 692 ki\u015finin yararland\u0131\u011f\u0131n\u0131, i\u015fveren taraf\u0131ndan talep edilen i\u015fg\u00fcc\u00fcn\u00fc ifade eden a\u00e7\u0131k i\u015f say\u0131s\u0131n\u0131n ise 199 bin 405 olarak a\u00e7\u0131kland\u0131\u011f\u0131n\u0131 kaydetti. 2025 Ocak ay\u0131na \u0130\u015eKUR&#8217;un faaliyetlerini rakamlarla \u00f6zetleyen Vedat I\u015f\u0131khan infografik \u00e7al\u0131\u015fmas\u0131n\u0131\u00a0 &#8220;Unutma #\u0130\u015eKURda\u0130\u015fVar&#8221; etiketiyle payla\u015ft\u0131. \u200bD\u00fcn itibariyle \u0130\u015eKUR Gen\u00e7lik Program\u0131&#8217;na ba\u015fvurular\u0131 almaya ba\u015flad\u0131klar\u0131n\u0131 duyuran \u00c7al\u0131\u015fma ve Sosyal G\u00fcvenlik Bakan\u0131 Vedat I\u015f\u0131khan, y\u0131l\u0131n ilk ay\u0131na ili\u015fkin T\u00fcrkiye \u0130\u015f Kurumu&#8217;nun istatistiklerini payla\u015ft\u0131. Bakan I\u015f\u0131khan, 107 bin 582 vatanda\u015f\u0131n Ocak ay\u0131nda i\u015fe yerle\u015ftirilmesine arac\u0131l\u0131k edildi\u011fini duyurdu.ANKARA (\u0130GFA) &#8211; \u00c7al\u0131\u015fma ve Sosyal G\u00fcvenlik Bakan\u0131 Prof. Dr. Vedat I\u015f\u0131khan, sosyal medya hesab\u0131ndan 2025 y\u0131l\u0131 Ocak ay\u0131na ili\u015fkin \u0130\u015eKUR&#8217;un faaliyetlerini rakamlarla \u00f6zetledi. 265 bin 975 &hellip;<\/p>","protected":false},"author":1,"featured_media":0,"comment_status":"open","ping_status":"open","sticky":false,"template":"","format":"standard","meta":{"_acf_changed":false,"footnotes":""},"categories":[24],"tags":[],"class_list":["post-31921","post","type-post","status-publish","format-standard","has-post-thumbnail","hentry","category-gundem"],"acf":[],"yoast_head":"<!-- This site is optimized with the Yoast SEO Premium plugin v26.6 (Yoast SEO v27.1.1) - https:\/\/yoast.com\/product\/yoast-seo-premium-wordpress\/ -->\n<title>\u0130\u015eKUR Ocak&#039;ta 107 bin 582 ki\u015fiyi i\u015fe yerle\u015ftirdi - Av. Deniz Can K\u0131z\u0131l<\/title>\n<meta name=\"robots\" content=\"index, follow, max-snippet:-1, max-image-preview:large, max-video-preview:-1\" \/>\n<link rel=\"canonical\" href=\"https:\/\/denizcankizil.tr\/uk\/haberler\/gundem\/iskur-ocakta-107-bin-582-kisiyi-ise-yerlestirdi\/\" \/>\n<meta property=\"og:locale\" content=\"uk_UA\" \/>\n<meta property=\"og:type\" content=\"article\" \/>\n<meta property=\"og:title\" content=\"\u0130\u015eKUR Ocak&#039;ta 107 bin 582 ki\u015fiyi i\u015fe yerle\u015ftirdi\" \/>\n<meta property=\"og:description\" content=\"D\u00fcn itibariyle \u0130\u015eKUR Gen\u00e7lik Program\u0131&#8217;na ba\u015fvurular\u0131 almaya ba\u015flad\u0131klar\u0131n\u0131 duyuran \u00c7al\u0131\u015fma ve Sosyal G\u00fcvenlik Bakan\u0131 Vedat I\u015f\u0131khan, y\u0131l\u0131n ilk ay\u0131na ili\u015fkin T\u00fcrkiye \u0130\u015f Kurumu&#8217;nun istatistiklerini payla\u015ft\u0131. Bakan I\u015f\u0131khan, 107 bin 582 vatanda\u015f\u0131n Ocak ay\u0131nda i\u015fe yerle\u015ftirilmesine arac\u0131l\u0131k edildi\u011fini duyurdu.ANKARA (\u0130GFA) &#8211; \u00c7al\u0131\u015fma ve Sosyal G\u00fcvenlik Bakan\u0131 Prof. Dr. Vedat I\u015f\u0131khan, sosyal medya hesab\u0131ndan 2025 y\u0131l\u0131 Ocak ay\u0131na ili\u015fkin \u0130\u015eKUR&#8217;un faaliyetlerini rakamlarla \u00f6zetledi. 265 bin 975 bireysel g\u00f6r\u00fc\u015fmenin yap\u0131ld\u0131\u011f\u0131 Ocak ay\u0131nda 107 bin 582 ki\u015finin i\u015fe yerle\u015ftirildi\u011fini a\u00e7\u0131klayan Bakan I\u015f\u0131khan, 73 bin 935 i\u015fyeri ziyareti yap\u0131ld\u0131\u011f\u0131n\u0131 belirtti. Bakan I\u015f\u0131khan, aktif i\u015fg\u00fcc\u00fc program\u0131ndan yararlananlar\u0131n say\u0131s\u0131n\u0131n 3 bin 830&#8217;a ula\u015ft\u0131\u011f\u0131n\u0131 duyururken, \u0130\u015f Kul\u00fcb\u00fc&#8217;nden 3 bin 692 ki\u015finin yararland\u0131\u011f\u0131n\u0131, i\u015fveren taraf\u0131ndan talep edilen i\u015fg\u00fcc\u00fcn\u00fc ifade eden a\u00e7\u0131k i\u015f say\u0131s\u0131n\u0131n ise 199 bin 405 olarak a\u00e7\u0131kland\u0131\u011f\u0131n\u0131 kaydetti. 2025 Ocak ay\u0131na \u0130\u015eKUR&#8217;un faaliyetlerini rakamlarla \u00f6zetleyen Vedat I\u015f\u0131khan infografik \u00e7al\u0131\u015fmas\u0131n\u0131\u00a0 &#8220;Unutma #\u0130\u015eKURda\u0130\u015fVar&#8221; etiketiyle payla\u015ft\u0131. \u200bD\u00fcn itibariyle \u0130\u015eKUR Gen\u00e7lik Program\u0131&#8217;na ba\u015fvurular\u0131 almaya ba\u015flad\u0131klar\u0131n\u0131 duyuran \u00c7al\u0131\u015fma ve Sosyal G\u00fcvenlik Bakan\u0131 Vedat I\u015f\u0131khan, y\u0131l\u0131n ilk ay\u0131na ili\u015fkin T\u00fcrkiye \u0130\u015f Kurumu&#8217;nun istatistiklerini payla\u015ft\u0131. Bakan I\u015f\u0131khan, 107 bin 582 vatanda\u015f\u0131n Ocak ay\u0131nda i\u015fe yerle\u015ftirilmesine arac\u0131l\u0131k edildi\u011fini duyurdu.ANKARA (\u0130GFA) &#8211; \u00c7al\u0131\u015fma ve Sosyal G\u00fcvenlik Bakan\u0131 Prof. Dr. Vedat I\u015f\u0131khan, sosyal medya hesab\u0131ndan 2025 y\u0131l\u0131 Ocak ay\u0131na ili\u015fkin \u0130\u015eKUR&#8217;un faaliyetlerini rakamlarla \u00f6zetledi. 265 bin 975 &hellip;\" \/>\n<meta property=\"og:url\" content=\"https:\/\/denizcankizil.tr\/uk\/haberler\/gundem\/iskur-ocakta-107-bin-582-kisiyi-ise-yerlestirdi\/\" \/>\n<meta property=\"og:site_name\" content=\"Av. Deniz Can K\u0131z\u0131l\" \/>\n<meta property=\"article:published_time\" content=\"2025-02-11T06:41:44+00:00\" \/>\n<meta name=\"author\" content=\"admin\" \/>\n<meta name=\"twitter:card\" content=\"summary_large_image\" \/>\n<meta name=\"twitter:label1\" content=\"\u041d\u0430\u043f\u0438\u0441\u0430\u043d\u043e\" \/>\n\t<meta name=\"twitter:data1\" content=\"admin\" \/>\n\t<meta name=\"twitter:label2\" content=\"\u041f\u0440\u0438\u0431\u043b. \u0447\u0430\u0441 \u0447\u0438\u0442\u0430\u043d\u043d\u044f\" \/>\n\t<meta name=\"twitter:data2\" content=\"2 \u0445\u0432\u0438\u043b\u0438\u043d\u0438\" \/>\n<script type=\"application\/ld+json\" class=\"yoast-schema-graph\">{\"@context\":\"https:\/\/schema.org\",\"@graph\":[{\"@type\":\"Article\",\"@id\":\"https:\/\/denizcankizil.tr\/uk\/haberler\/gundem\/iskur-ocakta-107-bin-582-kisiyi-ise-yerlestirdi\/#article\",\"isPartOf\":{\"@id\":\"https:\/\/denizcankizil.tr\/uk\/haberler\/gundem\/iskur-ocakta-107-bin-582-kisiyi-ise-yerlestirdi\/\"},\"author\":{\"name\":\"admin\",\"@id\":\"https:\/\/denizcankizil.tr\/#\/schema\/person\/be3c05fe6a12686905512445d8185489\"},\"headline\":\"\u0130\u015eKUR Ocak&#8217;ta 107 bin 582 ki\u015fiyi i\u015fe yerle\u015ftirdi\",\"datePublished\":\"2025-02-11T06:41:44+00:00\",\"mainEntityOfPage\":{\"@id\":\"https:\/\/denizcankizil.tr\/uk\/haberler\/gundem\/iskur-ocakta-107-bin-582-kisiyi-ise-yerlestirdi\/\"},\"wordCount\":414,\"commentCount\":0,\"publisher\":{\"@id\":\"https:\/\/denizcankizil.tr\/#organization\"},\"articleSection\":[\"G\u00fcndem\"],\"inLanguage\":\"uk\",\"potentialAction\":[{\"@type\":\"CommentAction\",\"name\":\"Comment\",\"target\":[\"https:\/\/denizcankizil.tr\/uk\/haberler\/gundem\/iskur-ocakta-107-bin-582-kisiyi-ise-yerlestirdi\/#respond\"]}]},{\"@type\":\"WebPage\",\"@id\":\"https:\/\/denizcankizil.tr\/uk\/haberler\/gundem\/iskur-ocakta-107-bin-582-kisiyi-ise-yerlestirdi\/\",\"url\":\"https:\/\/denizcankizil.tr\/uk\/haberler\/gundem\/iskur-ocakta-107-bin-582-kisiyi-ise-yerlestirdi\/\",\"name\":\"\u0130\u015eKUR Ocak'ta 107 bin 582 ki\u015fiyi i\u015fe yerle\u015ftirdi - Av. Deniz Can K\u0131z\u0131l\",\"isPartOf\":{\"@id\":\"https:\/\/denizcankizil.tr\/#website\"},\"datePublished\":\"2025-02-11T06:41:44+00:00\",\"breadcrumb\":{\"@id\":\"https:\/\/denizcankizil.tr\/uk\/haberler\/gundem\/iskur-ocakta-107-bin-582-kisiyi-ise-yerlestirdi\/#breadcrumb\"},\"inLanguage\":\"uk\",\"potentialAction\":[{\"@type\":\"ReadAction\",\"target\":[\"https:\/\/denizcankizil.tr\/uk\/haberler\/gundem\/iskur-ocakta-107-bin-582-kisiyi-ise-yerlestirdi\/\"]}]},{\"@type\":\"BreadcrumbList\",\"@id\":\"https:\/\/denizcankizil.tr\/uk\/haberler\/gundem\/iskur-ocakta-107-bin-582-kisiyi-ise-yerlestirdi\/#breadcrumb\",\"itemListElement\":[{\"@type\":\"ListItem\",\"position\":1,\"name\":\"Home\",\"item\":\"https:\/\/denizcankizil.tr\/uk\/\"},{\"@type\":\"ListItem\",\"position\":2,\"name\":\"\u0130\u015eKUR Ocak&#8217;ta 107 bin 582 ki\u015fiyi i\u015fe yerle\u015ftirdi\"}]},{\"@type\":\"WebSite\",\"@id\":\"https:\/\/denizcankizil.tr\/#website\",\"url\":\"https:\/\/denizcankizil.tr\/\",\"name\":\"Av. Deniz Can K\u0131z\u0131l\",\"description\":\"Avukat Deniz Can K\u0131z\u0131l Antalya Barosu\",\"publisher\":{\"@id\":\"https:\/\/denizcankizil.tr\/#organization\"},\"potentialAction\":[{\"@type\":\"SearchAction\",\"target\":{\"@type\":\"EntryPoint\",\"urlTemplate\":\"https:\/\/denizcankizil.tr\/?s={search_term_string}\"},\"query-input\":{\"@type\":\"PropertyValueSpecification\",\"valueRequired\":true,\"valueName\":\"search_term_string\"}}],\"inLanguage\":\"uk\"},{\"@type\":\"Organization\",\"@id\":\"https:\/\/denizcankizil.tr\/#organization\",\"name\":\"Av. Deniz Can K\u0131z\u0131l\",\"url\":\"https:\/\/denizcankizil.tr\/\",\"logo\":{\"@type\":\"ImageObject\",\"inLanguage\":\"uk\",\"@id\":\"https:\/\/denizcankizil.tr\/#\/schema\/logo\/image\/\",\"url\":\"https:\/\/denizcankizil.tr\/wp-content\/uploads\/2024\/10\/siyah-logo-svg.svg\",\"contentUrl\":\"https:\/\/denizcankizil.tr\/wp-content\/uploads\/2024\/10\/siyah-logo-svg.svg\",\"width\":1080,\"height\":1080,\"caption\":\"Av. Deniz Can K\u0131z\u0131l\"},\"image\":{\"@id\":\"https:\/\/denizcankizil.tr\/#\/schema\/logo\/image\/\"}},{\"@type\":\"Person\",\"@id\":\"https:\/\/denizcankizil.tr\/#\/schema\/person\/be3c05fe6a12686905512445d8185489\",\"name\":\"admin\",\"image\":{\"@type\":\"ImageObject\",\"inLanguage\":\"uk\",\"@id\":\"https:\/\/denizcankizil.tr\/#\/schema\/person\/image\/\",\"url\":\"https:\/\/secure.gravatar.com\/avatar\/c1fce94c830dc79107e174f890d7210541c4a63e8e5d816341794a2151c9d58c?s=96&d=mm&r=g\",\"contentUrl\":\"https:\/\/secure.gravatar.com\/avatar\/c1fce94c830dc79107e174f890d7210541c4a63e8e5d816341794a2151c9d58c?s=96&d=mm&r=g\",\"caption\":\"admin\"},\"sameAs\":[\"http:\/\/denizcankizil.tr\"],\"url\":\"https:\/\/www.iskenderun.org\/iskur-ocakta-107-bin-582-kisiyi-ise-yerlestirdi\"}]}<\/script>\n<!-- \/ Yoast SEO Premium plugin. -->","yoast_head_json":{"title":"\u0130\u015eKUR Ocak'ta 107 bin 582 ki\u015fiyi i\u015fe yerle\u015ftirdi - Av. Deniz Can K\u0131z\u0131l","robots":{"index":"index","follow":"follow","max-snippet":"max-snippet:-1","max-image-preview":"max-image-preview:large","max-video-preview":"max-video-preview:-1"},"canonical":"https:\/\/denizcankizil.tr\/uk\/haberler\/gundem\/iskur-ocakta-107-bin-582-kisiyi-ise-yerlestirdi\/","og_locale":"uk_UA","og_type":"article","og_title":"\u0130\u015eKUR Ocak'ta 107 bin 582 ki\u015fiyi i\u015fe yerle\u015ftirdi","og_description":"D\u00fcn itibariyle \u0130\u015eKUR Gen\u00e7lik Program\u0131&#8217;na ba\u015fvurular\u0131 almaya ba\u015flad\u0131klar\u0131n\u0131 duyuran \u00c7al\u0131\u015fma ve Sosyal G\u00fcvenlik Bakan\u0131 Vedat I\u015f\u0131khan, y\u0131l\u0131n ilk ay\u0131na ili\u015fkin T\u00fcrkiye \u0130\u015f Kurumu&#8217;nun istatistiklerini payla\u015ft\u0131. Bakan I\u015f\u0131khan, 107 bin 582 vatanda\u015f\u0131n Ocak ay\u0131nda i\u015fe yerle\u015ftirilmesine arac\u0131l\u0131k edildi\u011fini duyurdu.ANKARA (\u0130GFA) &#8211; \u00c7al\u0131\u015fma ve Sosyal G\u00fcvenlik Bakan\u0131 Prof. Dr. Vedat I\u015f\u0131khan, sosyal medya hesab\u0131ndan 2025 y\u0131l\u0131 Ocak ay\u0131na ili\u015fkin \u0130\u015eKUR&#8217;un faaliyetlerini rakamlarla \u00f6zetledi. 265 bin 975 bireysel g\u00f6r\u00fc\u015fmenin yap\u0131ld\u0131\u011f\u0131 Ocak ay\u0131nda 107 bin 582 ki\u015finin i\u015fe yerle\u015ftirildi\u011fini a\u00e7\u0131klayan Bakan I\u015f\u0131khan, 73 bin 935 i\u015fyeri ziyareti yap\u0131ld\u0131\u011f\u0131n\u0131 belirtti. Bakan I\u015f\u0131khan, aktif i\u015fg\u00fcc\u00fc program\u0131ndan yararlananlar\u0131n say\u0131s\u0131n\u0131n 3 bin 830&#8217;a ula\u015ft\u0131\u011f\u0131n\u0131 duyururken, \u0130\u015f Kul\u00fcb\u00fc&#8217;nden 3 bin 692 ki\u015finin yararland\u0131\u011f\u0131n\u0131, i\u015fveren taraf\u0131ndan talep edilen i\u015fg\u00fcc\u00fcn\u00fc ifade eden a\u00e7\u0131k i\u015f say\u0131s\u0131n\u0131n ise 199 bin 405 olarak a\u00e7\u0131kland\u0131\u011f\u0131n\u0131 kaydetti. 2025 Ocak ay\u0131na \u0130\u015eKUR&#8217;un faaliyetlerini rakamlarla \u00f6zetleyen Vedat I\u015f\u0131khan infografik \u00e7al\u0131\u015fmas\u0131n\u0131\u00a0 &#8220;Unutma #\u0130\u015eKURda\u0130\u015fVar&#8221; etiketiyle payla\u015ft\u0131. \u200bD\u00fcn itibariyle \u0130\u015eKUR Gen\u00e7lik Program\u0131&#8217;na ba\u015fvurular\u0131 almaya ba\u015flad\u0131klar\u0131n\u0131 duyuran \u00c7al\u0131\u015fma ve Sosyal G\u00fcvenlik Bakan\u0131 Vedat I\u015f\u0131khan, y\u0131l\u0131n ilk ay\u0131na ili\u015fkin T\u00fcrkiye \u0130\u015f Kurumu&#8217;nun istatistiklerini payla\u015ft\u0131. Bakan I\u015f\u0131khan, 107 bin 582 vatanda\u015f\u0131n Ocak ay\u0131nda i\u015fe yerle\u015ftirilmesine arac\u0131l\u0131k edildi\u011fini duyurdu.ANKARA (\u0130GFA) &#8211; \u00c7al\u0131\u015fma ve Sosyal G\u00fcvenlik Bakan\u0131 Prof. Dr. Vedat I\u015f\u0131khan, sosyal medya hesab\u0131ndan 2025 y\u0131l\u0131 Ocak ay\u0131na ili\u015fkin \u0130\u015eKUR&#8217;un faaliyetlerini rakamlarla \u00f6zetledi. 265 bin 975 &hellip;","og_url":"https:\/\/denizcankizil.tr\/uk\/haberler\/gundem\/iskur-ocakta-107-bin-582-kisiyi-ise-yerlestirdi\/","og_site_name":"Av. Deniz Can K\u0131z\u0131l","article_published_time":"2025-02-11T06:41:44+00:00","author":"admin","twitter_card":"summary_large_image","twitter_misc":{"\u041d\u0430\u043f\u0438\u0441\u0430\u043d\u043e":"admin","\u041f\u0440\u0438\u0431\u043b. \u0447\u0430\u0441 \u0447\u0438\u0442\u0430\u043d\u043d\u044f":"2 \u0445\u0432\u0438\u043b\u0438\u043d\u0438"},"schema":{"@context":"https:\/\/schema.org","@graph":[{"@type":"Article","@id":"https:\/\/denizcankizil.tr\/uk\/haberler\/gundem\/iskur-ocakta-107-bin-582-kisiyi-ise-yerlestirdi\/#article","isPartOf":{"@id":"https:\/\/denizcankizil.tr\/uk\/haberler\/gundem\/iskur-ocakta-107-bin-582-kisiyi-ise-yerlestirdi\/"},"author":{"name":"admin","@id":"https:\/\/denizcankizil.tr\/#\/schema\/person\/be3c05fe6a12686905512445d8185489"},"headline":"\u0130\u015eKUR Ocak&#8217;ta 107 bin 582 ki\u015fiyi i\u015fe yerle\u015ftirdi","datePublished":"2025-02-11T06:41:44+00:00","mainEntityOfPage":{"@id":"https:\/\/denizcankizil.tr\/uk\/haberler\/gundem\/iskur-ocakta-107-bin-582-kisiyi-ise-yerlestirdi\/"},"wordCount":414,"commentCount":0,"publisher":{"@id":"https:\/\/denizcankizil.tr\/#organization"},"articleSection":["G\u00fcndem"],"inLanguage":"uk","potentialAction":[{"@type":"CommentAction","name":"Comment","target":["https:\/\/denizcankizil.tr\/uk\/haberler\/gundem\/iskur-ocakta-107-bin-582-kisiyi-ise-yerlestirdi\/#respond"]}]},{"@type":"WebPage","@id":"https:\/\/denizcankizil.tr\/uk\/haberler\/gundem\/iskur-ocakta-107-bin-582-kisiyi-ise-yerlestirdi\/","url":"https:\/\/denizcankizil.tr\/uk\/haberler\/gundem\/iskur-ocakta-107-bin-582-kisiyi-ise-yerlestirdi\/","name":"\u0130\u015eKUR Ocak'ta 107 bin 582 ki\u015fiyi i\u015fe yerle\u015ftirdi - Av. Deniz Can K\u0131z\u0131l","isPartOf":{"@id":"https:\/\/denizcankizil.tr\/#website"},"datePublished":"2025-02-11T06:41:44+00:00","breadcrumb":{"@id":"https:\/\/denizcankizil.tr\/uk\/haberler\/gundem\/iskur-ocakta-107-bin-582-kisiyi-ise-yerlestirdi\/#breadcrumb"},"inLanguage":"uk","potentialAction":[{"@type":"ReadAction","target":["https:\/\/denizcankizil.tr\/uk\/haberler\/gundem\/iskur-ocakta-107-bin-582-kisiyi-ise-yerlestirdi\/"]}]},{"@type":"BreadcrumbList","@id":"https:\/\/denizcankizil.tr\/uk\/haberler\/gundem\/iskur-ocakta-107-bin-582-kisiyi-ise-yerlestirdi\/#breadcrumb","itemListElement":[{"@type":"ListItem","position":1,"name":"Home","item":"https:\/\/denizcankizil.tr\/uk\/"},{"@type":"ListItem","position":2,"name":"\u0130\u015eKUR Ocak&#8217;ta 107 bin 582 ki\u015fiyi i\u015fe yerle\u015ftirdi"}]},{"@type":"WebSite","@id":"https:\/\/denizcankizil.tr\/#website","url":"https:\/\/denizcankizil.tr\/","name":"Av. Deniz Can K\u0131z\u0131l","description":"Avukat Deniz Can K\u0131z\u0131l Antalya Barosu","publisher":{"@id":"https:\/\/denizcankizil.tr\/#organization"},"potentialAction":[{"@type":"SearchAction","target":{"@type":"EntryPoint","urlTemplate":"https:\/\/denizcankizil.tr\/?s={search_term_string}"},"query-input":{"@type":"PropertyValueSpecification","valueRequired":true,"valueName":"search_term_string"}}],"inLanguage":"uk"},{"@type":"Organization","@id":"https:\/\/denizcankizil.tr\/#organization","name":"Av. Deniz Can K\u0131z\u0131l","url":"https:\/\/denizcankizil.tr\/","logo":{"@type":"ImageObject","inLanguage":"uk","@id":"https:\/\/denizcankizil.tr\/#\/schema\/logo\/image\/","url":"https:\/\/denizcankizil.tr\/wp-content\/uploads\/2024\/10\/siyah-logo-svg.svg","contentUrl":"https:\/\/denizcankizil.tr\/wp-content\/uploads\/2024\/10\/siyah-logo-svg.svg","width":1080,"height":1080,"caption":"Av. Deniz Can K\u0131z\u0131l"},"image":{"@id":"https:\/\/denizcankizil.tr\/#\/schema\/logo\/image\/"}},{"@type":"Person","@id":"https:\/\/denizcankizil.tr\/#\/schema\/person\/be3c05fe6a12686905512445d8185489","name":"\u0430\u0434\u043c\u0456\u043d","image":{"@type":"ImageObject","inLanguage":"uk","@id":"https:\/\/denizcankizil.tr\/#\/schema\/person\/image\/","url":"https:\/\/secure.gravatar.com\/avatar\/c1fce94c830dc79107e174f890d7210541c4a63e8e5d816341794a2151c9d58c?s=96&d=mm&r=g","contentUrl":"https:\/\/secure.gravatar.com\/avatar\/c1fce94c830dc79107e174f890d7210541c4a63e8e5d816341794a2151c9d58c?s=96&d=mm&r=g","caption":"admin"},"sameAs":["http:\/\/denizcankizil.tr"],"url":"https:\/\/www.iskenderun.org\/iskur-ocakta-107-bin-582-kisiyi-ise-yerlestirdi"}]}},"_links":{"self":[{"href":"https:\/\/denizcankizil.tr\/uk\/wp-json\/wp\/v2\/posts\/31921","targetHints":{"allow":["GET"]}}],"collection":[{"href":"https:\/\/denizcankizil.tr\/uk\/wp-json\/wp\/v2\/posts"}],"about":[{"href":"https:\/\/denizcankizil.tr\/uk\/wp-json\/wp\/v2\/types\/post"}],"author":[{"embeddable":true,"href":"https:\/\/denizcankizil.tr\/uk\/wp-json\/wp\/v2\/users\/1"}],"replies":[{"embeddable":true,"href":"https:\/\/denizcankizil.tr\/uk\/wp-json\/wp\/v2\/comments?post=31921"}],"version-history":[{"count":0,"href":"https:\/\/denizcankizil.tr\/uk\/wp-json\/wp\/v2\/posts\/31921\/revisions"}],"wp:attachment":[{"href":"https:\/\/denizcankizil.tr\/uk\/wp-json\/wp\/v2\/media?parent=31921"}],"wp:term":[{"taxonomy":"category","embeddable":true,"href":"https:\/\/denizcankizil.tr\/uk\/wp-json\/wp\/v2\/categories?post=31921"},{"taxonomy":"post_tag","embeddable":true,"href":"https:\/\/denizcankizil.tr\/uk\/wp-json\/wp\/v2\/tags?post=31921"}],"curies":[{"name":"wp","href":"https:\/\/api.w.org\/{rel}","templated":true}]}}