{"id":31807,"date":"2025-02-10T21:38:01","date_gmt":"2025-02-10T18:38:01","guid":{"rendered":"https:\/\/denizcankizil.tr\/uncategorized-tr\/patrik-bartholomeostan-bursa-iznike-ziyaret-iznikte-papa-hazirligi\/"},"modified":"2025-02-10T21:38:01","modified_gmt":"2025-02-10T18:38:01","slug":"patrik-bartholomeostan-bursa-iznike-ziyaret-iznikte-papa-hazirligi","status":"publish","type":"post","link":"https:\/\/denizcankizil.tr\/uk\/haberler\/gundem\/patrik-bartholomeostan-bursa-iznike-ziyaret-iznikte-papa-hazirligi\/","title":{"rendered":"Patrik Bartholomeos&#8217;tan Bursa \u0130znik\u2019e ziyaret&#8230; \u0130znik&#8217;te Papa haz\u0131rl\u0131\u011f\u0131"},"content":{"rendered":"<p>May\u0131s ay\u0131nda Bursa&#8217;n\u0131n \u0130znik il\u00e7esine gelecek Katoliklerin ruhani lideri Papa Francis \u00f6ncesinde Fener Rum Patri\u011fi Bartholomeos, beraberindeki heyet ile birlikte tarihi ve k\u00fclt\u00fcrel miras\u0131 yak\u0131ndan inceledi.BURSA (\u0130GFA) &#8211; Fener Rum Patri\u011fi Bartholomeos ve beraberindeki heyet, Bursa&#8217;da \u0130znik\u2019in tarihi ve k\u00fclt\u00fcrel miras\u0131n\u0131 yak\u0131ndan inceleme f\u0131rsat\u0131 buldu.<br \/>\n\u00a0Program kapsam\u0131nda Su Alt\u0131 Bazilikas\u0131, \u0130znik Arkeoloji M\u00fczesi, Ayasofya Orhan Camii, Koimesis Kilisesi, B\u00f6cek Ayazmas\u0131, Lefke Kap\u0131 ve \u0130stanbul Kap\u0131 gibi \u00f6nemli tarihi noktalar\u0131 gezen heyete, \u0130znik Belediye Ba\u015fkan\u0131 Ka\u011fan Mehmet Usta, \u0130l K\u00fclt\u00fcr ve Turizm M\u00fcd\u00fcr\u00fc Kamil \u00d6zer, din adamlar\u0131 ve \u0130znik Belediyesi y\u00f6neticileri e\u015flik etti.<\/p>\n<p>Patrik Bartholomeos, 1. \u0130znik Konsili\u2019nin 1700. y\u0131l\u0131 kapsam\u0131nda \u0130znik\u2019te d\u00fczenlenmesi planlanan etkinlikler hakk\u0131nda \u00f6nemli a\u00e7\u0131klamalarda bulundu.<br \/>\n2025 y\u0131l\u0131n\u0131n May\u0131s ay\u0131nda ger\u00e7ekle\u015ftirilmesi planlanan bu etkinliklere Katoliklerin ruhani lideri Papa Francis\u2019in kat\u0131l\u0131m\u0131n\u0131n beklendi\u011fini belirterek, bu etkinliklerin \u0130znik\u2019in uluslararas\u0131 alandaki bilinirli\u011fini art\u0131raca\u011f\u0131n\u0131 ve yabanc\u0131 turistler a\u00e7\u0131s\u0131ndan b\u00fcy\u00fck bir ivme kazand\u0131raca\u011f\u0131n\u0131 kaydetti.<\/p>\n<p>Heyet, \u0130stanbul Kap\u0131 ziyaretinin sonras\u0131 \u0130znik\u2019ten ayr\u0131ld\u0131.<\/p>\n<p>\u200bMay\u0131s ay\u0131nda Bursa&#8217;n\u0131n \u0130znik il\u00e7esine gelecek Katoliklerin ruhani lideri Papa Francis \u00f6ncesinde Fener Rum Patri\u011fi Bartholomeos, beraberindeki heyet ile birlikte tarihi ve k\u00fclt\u00fcrel miras\u0131 yak\u0131ndan inceledi.BURSA (\u0130GFA) &#8211; Fener Rum Patri\u011fi Bartholomeos ve beraberindeki heyet, Bursa&#8217;da \u0130znik\u2019in tarihi ve k\u00fclt\u00fcrel miras\u0131n\u0131 yak\u0131ndan inceleme f\u0131rsat\u0131 buldu.<br \/>\n\u00a0Program kapsam\u0131nda Su Alt\u0131 Bazilikas\u0131, \u0130znik Arkeoloji M\u00fczesi, Ayasofya Orhan Camii, Koimesis Kilisesi, B\u00f6cek Ayazmas\u0131, Lefke Kap\u0131 ve \u0130stanbul Kap\u0131 gibi \u00f6nemli tarihi noktalar\u0131 gezen heyete, \u0130znik Belediye Ba\u015fkan\u0131 Ka\u011fan Mehmet Usta, \u0130l K\u00fclt\u00fcr ve Turizm M\u00fcd\u00fcr\u00fc Kamil \u00d6zer, din adamlar\u0131 ve \u0130znik Belediyesi y\u00f6neticileri e\u015flik etti.<\/p>\n<p>Patrik Bartholomeos, 1. \u0130znik Konsili\u2019nin 1700. y\u0131l\u0131 kapsam\u0131nda \u0130znik\u2019te d\u00fczenlenmesi planlanan etkinlikler hakk\u0131nda \u00f6nemli a\u00e7\u0131klamalarda bulundu.<br \/>\n2025 y\u0131l\u0131n\u0131n May\u0131s ay\u0131nda ger\u00e7ekle\u015ftirilmesi planlanan bu etkinliklere Katoliklerin ruhani lideri Papa Francis\u2019in kat\u0131l\u0131m\u0131n\u0131n beklendi\u011fini belirterek, bu etkinliklerin \u0130znik\u2019in uluslararas\u0131 alandaki bilinirli\u011fini art\u0131raca\u011f\u0131n\u0131 ve yabanc\u0131 turistler a\u00e7\u0131s\u0131ndan b\u00fcy\u00fck bir ivme kazand\u0131raca\u011f\u0131n\u0131 kaydetti.<\/p>\n<p>Heyet, \u0130stanbul Kap\u0131 ziyaretinin sonras\u0131 \u0130znik\u2019ten ayr\u0131ld\u0131.\u00a0<\/p>\n<p>\u200bHaberin Al\u0131nt\u0131land\u0131\u011f\u0131 Kaynak: www.iskenderun.org<\/p>","protected":false},"excerpt":{"rendered":"<p>May\u0131s ay\u0131nda Bursa&#8217;n\u0131n \u0130znik il\u00e7esine gelecek Katoliklerin ruhani lideri Papa Francis \u00f6ncesinde Fener Rum Patri\u011fi Bartholomeos, beraberindeki heyet ile birlikte tarihi ve k\u00fclt\u00fcrel miras\u0131 yak\u0131ndan inceledi.BURSA (\u0130GFA) &#8211; Fener Rum Patri\u011fi Bartholomeos ve beraberindeki heyet, Bursa&#8217;da \u0130znik\u2019in tarihi ve k\u00fclt\u00fcrel miras\u0131n\u0131 yak\u0131ndan inceleme f\u0131rsat\u0131 buldu. \u00a0Program kapsam\u0131nda Su Alt\u0131 Bazilikas\u0131, \u0130znik Arkeoloji M\u00fczesi, Ayasofya Orhan Camii, Koimesis Kilisesi, B\u00f6cek Ayazmas\u0131, Lefke Kap\u0131 ve \u0130stanbul Kap\u0131 gibi \u00f6nemli tarihi noktalar\u0131 gezen heyete, \u0130znik Belediye Ba\u015fkan\u0131 Ka\u011fan Mehmet Usta, \u0130l K\u00fclt\u00fcr ve Turizm M\u00fcd\u00fcr\u00fc Kamil \u00d6zer, din adamlar\u0131 ve \u0130znik Belediyesi y\u00f6neticileri e\u015flik etti. Patrik Bartholomeos, 1. \u0130znik Konsili\u2019nin 1700. y\u0131l\u0131 kapsam\u0131nda \u0130znik\u2019te d\u00fczenlenmesi planlanan etkinlikler hakk\u0131nda \u00f6nemli a\u00e7\u0131klamalarda bulundu. 2025 y\u0131l\u0131n\u0131n May\u0131s ay\u0131nda ger\u00e7ekle\u015ftirilmesi planlanan bu etkinliklere Katoliklerin ruhani lideri Papa Francis\u2019in kat\u0131l\u0131m\u0131n\u0131n beklendi\u011fini belirterek, bu etkinliklerin \u0130znik\u2019in uluslararas\u0131 alandaki bilinirli\u011fini art\u0131raca\u011f\u0131n\u0131 ve yabanc\u0131 turistler a\u00e7\u0131s\u0131ndan b\u00fcy\u00fck bir ivme kazand\u0131raca\u011f\u0131n\u0131 kaydetti. Heyet, \u0130stanbul Kap\u0131 ziyaretinin sonras\u0131 \u0130znik\u2019ten ayr\u0131ld\u0131. \u200bMay\u0131s ay\u0131nda Bursa&#8217;n\u0131n \u0130znik il\u00e7esine gelecek Katoliklerin ruhani lideri Papa Francis \u00f6ncesinde Fener Rum Patri\u011fi Bartholomeos, beraberindeki heyet ile birlikte tarihi ve k\u00fclt\u00fcrel miras\u0131 yak\u0131ndan inceledi.BURSA (\u0130GFA) &#8211; Fener Rum Patri\u011fi Bartholomeos ve beraberindeki heyet, Bursa&#8217;da \u0130znik\u2019in tarihi ve k\u00fclt\u00fcrel miras\u0131n\u0131 yak\u0131ndan inceleme f\u0131rsat\u0131 buldu. \u00a0Program kapsam\u0131nda Su Alt\u0131 Bazilikas\u0131, \u0130znik Arkeoloji M\u00fczesi, &hellip;<\/p>","protected":false},"author":1,"featured_media":0,"comment_status":"open","ping_status":"open","sticky":false,"template":"","format":"standard","meta":{"_acf_changed":false,"footnotes":""},"categories":[24],"tags":[],"class_list":["post-31807","post","type-post","status-publish","format-standard","has-post-thumbnail","hentry","category-gundem"],"acf":[],"yoast_head":"<!-- This site is optimized with the Yoast SEO Premium plugin v26.6 (Yoast SEO v27.1.1) - https:\/\/yoast.com\/product\/yoast-seo-premium-wordpress\/ -->\n<title>Patrik Bartholomeos&#039;tan Bursa \u0130znik\u2019e ziyaret... \u0130znik&#039;te Papa haz\u0131rl\u0131\u011f\u0131 - Av. Deniz Can K\u0131z\u0131l<\/title>\n<meta name=\"robots\" content=\"index, follow, max-snippet:-1, max-image-preview:large, max-video-preview:-1\" \/>\n<link rel=\"canonical\" href=\"http:\/\/denizcankizil.tr\/uk\/haberler\/gundem\/patrik-bartholomeostan-bursa-iznike-ziyaret-iznikte-papa-hazirligi\/\" \/>\n<meta property=\"og:locale\" content=\"uk_UA\" \/>\n<meta property=\"og:type\" content=\"article\" \/>\n<meta property=\"og:title\" content=\"Patrik Bartholomeos&#039;tan Bursa \u0130znik\u2019e ziyaret... \u0130znik&#039;te Papa haz\u0131rl\u0131\u011f\u0131\" \/>\n<meta property=\"og:description\" content=\"May\u0131s ay\u0131nda Bursa&#8217;n\u0131n \u0130znik il\u00e7esine gelecek Katoliklerin ruhani lideri Papa Francis \u00f6ncesinde Fener Rum Patri\u011fi Bartholomeos, beraberindeki heyet ile birlikte tarihi ve k\u00fclt\u00fcrel miras\u0131 yak\u0131ndan inceledi.BURSA (\u0130GFA) &#8211; Fener Rum Patri\u011fi Bartholomeos ve beraberindeki heyet, Bursa&#8217;da \u0130znik\u2019in tarihi ve k\u00fclt\u00fcrel miras\u0131n\u0131 yak\u0131ndan inceleme f\u0131rsat\u0131 buldu. \u00a0Program kapsam\u0131nda Su Alt\u0131 Bazilikas\u0131, \u0130znik Arkeoloji M\u00fczesi, Ayasofya Orhan Camii, Koimesis Kilisesi, B\u00f6cek Ayazmas\u0131, Lefke Kap\u0131 ve \u0130stanbul Kap\u0131 gibi \u00f6nemli tarihi noktalar\u0131 gezen heyete, \u0130znik Belediye Ba\u015fkan\u0131 Ka\u011fan Mehmet Usta, \u0130l K\u00fclt\u00fcr ve Turizm M\u00fcd\u00fcr\u00fc Kamil \u00d6zer, din adamlar\u0131 ve \u0130znik Belediyesi y\u00f6neticileri e\u015flik etti. Patrik Bartholomeos, 1. \u0130znik Konsili\u2019nin 1700. y\u0131l\u0131 kapsam\u0131nda \u0130znik\u2019te d\u00fczenlenmesi planlanan etkinlikler hakk\u0131nda \u00f6nemli a\u00e7\u0131klamalarda bulundu. 2025 y\u0131l\u0131n\u0131n May\u0131s ay\u0131nda ger\u00e7ekle\u015ftirilmesi planlanan bu etkinliklere Katoliklerin ruhani lideri Papa Francis\u2019in kat\u0131l\u0131m\u0131n\u0131n beklendi\u011fini belirterek, bu etkinliklerin \u0130znik\u2019in uluslararas\u0131 alandaki bilinirli\u011fini art\u0131raca\u011f\u0131n\u0131 ve yabanc\u0131 turistler a\u00e7\u0131s\u0131ndan b\u00fcy\u00fck bir ivme kazand\u0131raca\u011f\u0131n\u0131 kaydetti. Heyet, \u0130stanbul Kap\u0131 ziyaretinin sonras\u0131 \u0130znik\u2019ten ayr\u0131ld\u0131. \u200bMay\u0131s ay\u0131nda Bursa&#8217;n\u0131n \u0130znik il\u00e7esine gelecek Katoliklerin ruhani lideri Papa Francis \u00f6ncesinde Fener Rum Patri\u011fi Bartholomeos, beraberindeki heyet ile birlikte tarihi ve k\u00fclt\u00fcrel miras\u0131 yak\u0131ndan inceledi.BURSA (\u0130GFA) &#8211; Fener Rum Patri\u011fi Bartholomeos ve beraberindeki heyet, Bursa&#8217;da \u0130znik\u2019in tarihi ve k\u00fclt\u00fcrel miras\u0131n\u0131 yak\u0131ndan inceleme f\u0131rsat\u0131 buldu. \u00a0Program kapsam\u0131nda Su Alt\u0131 Bazilikas\u0131, \u0130znik Arkeoloji M\u00fczesi, &hellip;\" \/>\n<meta property=\"og:url\" content=\"http:\/\/denizcankizil.tr\/uk\/haberler\/gundem\/patrik-bartholomeostan-bursa-iznike-ziyaret-iznikte-papa-hazirligi\/\" \/>\n<meta property=\"og:site_name\" content=\"Av. Deniz Can K\u0131z\u0131l\" \/>\n<meta property=\"article:published_time\" content=\"2025-02-10T18:38:01+00:00\" \/>\n<meta name=\"author\" content=\"admin\" \/>\n<meta name=\"twitter:card\" content=\"summary_large_image\" \/>\n<meta name=\"twitter:label1\" content=\"\u041d\u0430\u043f\u0438\u0441\u0430\u043d\u043e\" \/>\n\t<meta name=\"twitter:data1\" content=\"admin\" \/>\n\t<meta name=\"twitter:label2\" content=\"\u041f\u0440\u0438\u0431\u043b. \u0447\u0430\u0441 \u0447\u0438\u0442\u0430\u043d\u043d\u044f\" \/>\n\t<meta name=\"twitter:data2\" content=\"2 \u0445\u0432\u0438\u043b\u0438\u043d\u0438\" \/>\n<script type=\"application\/ld+json\" class=\"yoast-schema-graph\">{\"@context\":\"https:\/\/schema.org\",\"@graph\":[{\"@type\":\"Article\",\"@id\":\"http:\/\/denizcankizil.tr\/ru\/haberler\/gundem\/patrik-bartholomeostan-bursa-iznike-ziyaret-iznikte-papa-hazirligi\/#article\",\"isPartOf\":{\"@id\":\"http:\/\/denizcankizil.tr\/ru\/haberler\/gundem\/patrik-bartholomeostan-bursa-iznike-ziyaret-iznikte-papa-hazirligi\/\"},\"author\":{\"name\":\"admin\",\"@id\":\"https:\/\/denizcankizil.tr\/de\/#\/schema\/person\/be3c05fe6a12686905512445d8185489\"},\"headline\":\"Patrik Bartholomeos&#8217;tan Bursa \u0130znik\u2019e ziyaret&#8230; \u0130znik&#8217;te Papa haz\u0131rl\u0131\u011f\u0131\",\"datePublished\":\"2025-02-10T18:38:01+00:00\",\"mainEntityOfPage\":{\"@id\":\"http:\/\/denizcankizil.tr\/ru\/haberler\/gundem\/patrik-bartholomeostan-bursa-iznike-ziyaret-iznikte-papa-hazirligi\/\"},\"wordCount\":430,\"commentCount\":0,\"publisher\":{\"@id\":\"https:\/\/denizcankizil.tr\/de\/#organization\"},\"articleSection\":[\"G\u00fcndem\"],\"inLanguage\":\"uk\",\"potentialAction\":[{\"@type\":\"CommentAction\",\"name\":\"Comment\",\"target\":[\"http:\/\/denizcankizil.tr\/ru\/haberler\/gundem\/patrik-bartholomeostan-bursa-iznike-ziyaret-iznikte-papa-hazirligi\/#respond\"]}]},{\"@type\":\"WebPage\",\"@id\":\"http:\/\/denizcankizil.tr\/ru\/haberler\/gundem\/patrik-bartholomeostan-bursa-iznike-ziyaret-iznikte-papa-hazirligi\/\",\"url\":\"http:\/\/denizcankizil.tr\/ru\/haberler\/gundem\/patrik-bartholomeostan-bursa-iznike-ziyaret-iznikte-papa-hazirligi\/\",\"name\":\"Patrik Bartholomeos'tan Bursa \u0130znik\u2019e ziyaret... \u0130znik'te Papa haz\u0131rl\u0131\u011f\u0131 - Av. Deniz Can K\u0131z\u0131l\",\"isPartOf\":{\"@id\":\"https:\/\/denizcankizil.tr\/de\/#website\"},\"datePublished\":\"2025-02-10T18:38:01+00:00\",\"breadcrumb\":{\"@id\":\"http:\/\/denizcankizil.tr\/ru\/haberler\/gundem\/patrik-bartholomeostan-bursa-iznike-ziyaret-iznikte-papa-hazirligi\/#breadcrumb\"},\"inLanguage\":\"uk\",\"potentialAction\":[{\"@type\":\"ReadAction\",\"target\":[\"http:\/\/denizcankizil.tr\/ru\/haberler\/gundem\/patrik-bartholomeostan-bursa-iznike-ziyaret-iznikte-papa-hazirligi\/\"]}]},{\"@type\":\"BreadcrumbList\",\"@id\":\"http:\/\/denizcankizil.tr\/ru\/haberler\/gundem\/patrik-bartholomeostan-bursa-iznike-ziyaret-iznikte-papa-hazirligi\/#breadcrumb\",\"itemListElement\":[{\"@type\":\"ListItem\",\"position\":1,\"name\":\"Home\",\"item\":\"https:\/\/denizcankizil.tr\/de\/\"},{\"@type\":\"ListItem\",\"position\":2,\"name\":\"Patrik Bartholomeos&#8217;tan Bursa \u0130znik\u2019e ziyaret&#8230; \u0130znik&#8217;te Papa haz\u0131rl\u0131\u011f\u0131\"}]},{\"@type\":\"WebSite\",\"@id\":\"https:\/\/denizcankizil.tr\/de\/#website\",\"url\":\"https:\/\/denizcankizil.tr\/de\/\",\"name\":\"Av. Deniz Can K\u0131z\u0131l\",\"description\":\"Avukat Deniz Can K\u0131z\u0131l Antalya Barosu\",\"publisher\":{\"@id\":\"https:\/\/denizcankizil.tr\/de\/#organization\"},\"potentialAction\":[{\"@type\":\"SearchAction\",\"target\":{\"@type\":\"EntryPoint\",\"urlTemplate\":\"https:\/\/denizcankizil.tr\/de\/?s={search_term_string}\"},\"query-input\":{\"@type\":\"PropertyValueSpecification\",\"valueRequired\":true,\"valueName\":\"search_term_string\"}}],\"inLanguage\":\"uk\"},{\"@type\":\"Organization\",\"@id\":\"https:\/\/denizcankizil.tr\/de\/#organization\",\"name\":\"Av. Deniz Can K\u0131z\u0131l\",\"url\":\"https:\/\/denizcankizil.tr\/de\/\",\"logo\":{\"@type\":\"ImageObject\",\"inLanguage\":\"uk\",\"@id\":\"https:\/\/denizcankizil.tr\/de\/#\/schema\/logo\/image\/\",\"url\":\"https:\/\/denizcankizil.tr\/wp-content\/uploads\/2024\/10\/siyah-logo-svg.svg\",\"contentUrl\":\"https:\/\/denizcankizil.tr\/wp-content\/uploads\/2024\/10\/siyah-logo-svg.svg\",\"width\":1080,\"height\":1080,\"caption\":\"Av. Deniz Can K\u0131z\u0131l\"},\"image\":{\"@id\":\"https:\/\/denizcankizil.tr\/de\/#\/schema\/logo\/image\/\"}},{\"@type\":\"Person\",\"@id\":\"https:\/\/denizcankizil.tr\/de\/#\/schema\/person\/be3c05fe6a12686905512445d8185489\",\"name\":\"admin\",\"image\":{\"@type\":\"ImageObject\",\"inLanguage\":\"uk\",\"@id\":\"https:\/\/denizcankizil.tr\/de\/#\/schema\/person\/image\/\",\"url\":\"https:\/\/secure.gravatar.com\/avatar\/c1fce94c830dc79107e174f890d7210541c4a63e8e5d816341794a2151c9d58c?s=96&d=mm&r=g\",\"contentUrl\":\"https:\/\/secure.gravatar.com\/avatar\/c1fce94c830dc79107e174f890d7210541c4a63e8e5d816341794a2151c9d58c?s=96&d=mm&r=g\",\"caption\":\"admin\"},\"sameAs\":[\"http:\/\/denizcankizil.tr\"],\"url\":\"https:\/\/www.iskenderun.org\/patrik-bartholomeostan-bursa-iznike-ziyaret-iznikte-papa-hazirligi\"}]}<\/script>\n<!-- \/ Yoast SEO Premium plugin. -->","yoast_head_json":{"title":"Patrik Bartholomeos'tan Bursa \u0130znik\u2019e ziyaret... \u0130znik'te Papa haz\u0131rl\u0131\u011f\u0131 - Av. Deniz Can K\u0131z\u0131l","robots":{"index":"index","follow":"follow","max-snippet":"max-snippet:-1","max-image-preview":"max-image-preview:large","max-video-preview":"max-video-preview:-1"},"canonical":"http:\/\/denizcankizil.tr\/uk\/haberler\/gundem\/patrik-bartholomeostan-bursa-iznike-ziyaret-iznikte-papa-hazirligi\/","og_locale":"uk_UA","og_type":"article","og_title":"Patrik Bartholomeos'tan Bursa \u0130znik\u2019e ziyaret... \u0130znik'te Papa haz\u0131rl\u0131\u011f\u0131","og_description":"May\u0131s ay\u0131nda Bursa&#8217;n\u0131n \u0130znik il\u00e7esine gelecek Katoliklerin ruhani lideri Papa Francis \u00f6ncesinde Fener Rum Patri\u011fi Bartholomeos, beraberindeki heyet ile birlikte tarihi ve k\u00fclt\u00fcrel miras\u0131 yak\u0131ndan inceledi.BURSA (\u0130GFA) &#8211; Fener Rum Patri\u011fi Bartholomeos ve beraberindeki heyet, Bursa&#8217;da \u0130znik\u2019in tarihi ve k\u00fclt\u00fcrel miras\u0131n\u0131 yak\u0131ndan inceleme f\u0131rsat\u0131 buldu. \u00a0Program kapsam\u0131nda Su Alt\u0131 Bazilikas\u0131, \u0130znik Arkeoloji M\u00fczesi, Ayasofya Orhan Camii, Koimesis Kilisesi, B\u00f6cek Ayazmas\u0131, Lefke Kap\u0131 ve \u0130stanbul Kap\u0131 gibi \u00f6nemli tarihi noktalar\u0131 gezen heyete, \u0130znik Belediye Ba\u015fkan\u0131 Ka\u011fan Mehmet Usta, \u0130l K\u00fclt\u00fcr ve Turizm M\u00fcd\u00fcr\u00fc Kamil \u00d6zer, din adamlar\u0131 ve \u0130znik Belediyesi y\u00f6neticileri e\u015flik etti. Patrik Bartholomeos, 1. \u0130znik Konsili\u2019nin 1700. y\u0131l\u0131 kapsam\u0131nda \u0130znik\u2019te d\u00fczenlenmesi planlanan etkinlikler hakk\u0131nda \u00f6nemli a\u00e7\u0131klamalarda bulundu. 2025 y\u0131l\u0131n\u0131n May\u0131s ay\u0131nda ger\u00e7ekle\u015ftirilmesi planlanan bu etkinliklere Katoliklerin ruhani lideri Papa Francis\u2019in kat\u0131l\u0131m\u0131n\u0131n beklendi\u011fini belirterek, bu etkinliklerin \u0130znik\u2019in uluslararas\u0131 alandaki bilinirli\u011fini art\u0131raca\u011f\u0131n\u0131 ve yabanc\u0131 turistler a\u00e7\u0131s\u0131ndan b\u00fcy\u00fck bir ivme kazand\u0131raca\u011f\u0131n\u0131 kaydetti. Heyet, \u0130stanbul Kap\u0131 ziyaretinin sonras\u0131 \u0130znik\u2019ten ayr\u0131ld\u0131. \u200bMay\u0131s ay\u0131nda Bursa&#8217;n\u0131n \u0130znik il\u00e7esine gelecek Katoliklerin ruhani lideri Papa Francis \u00f6ncesinde Fener Rum Patri\u011fi Bartholomeos, beraberindeki heyet ile birlikte tarihi ve k\u00fclt\u00fcrel miras\u0131 yak\u0131ndan inceledi.BURSA (\u0130GFA) &#8211; Fener Rum Patri\u011fi Bartholomeos ve beraberindeki heyet, Bursa&#8217;da \u0130znik\u2019in tarihi ve k\u00fclt\u00fcrel miras\u0131n\u0131 yak\u0131ndan inceleme f\u0131rsat\u0131 buldu. \u00a0Program kapsam\u0131nda Su Alt\u0131 Bazilikas\u0131, \u0130znik Arkeoloji M\u00fczesi, &hellip;","og_url":"http:\/\/denizcankizil.tr\/uk\/haberler\/gundem\/patrik-bartholomeostan-bursa-iznike-ziyaret-iznikte-papa-hazirligi\/","og_site_name":"Av. Deniz Can K\u0131z\u0131l","article_published_time":"2025-02-10T18:38:01+00:00","author":"admin","twitter_card":"summary_large_image","twitter_misc":{"\u041d\u0430\u043f\u0438\u0441\u0430\u043d\u043e":"admin","\u041f\u0440\u0438\u0431\u043b. \u0447\u0430\u0441 \u0447\u0438\u0442\u0430\u043d\u043d\u044f":"2 \u0445\u0432\u0438\u043b\u0438\u043d\u0438"},"schema":{"@context":"https:\/\/schema.org","@graph":[{"@type":"Article","@id":"http:\/\/denizcankizil.tr\/ru\/haberler\/gundem\/patrik-bartholomeostan-bursa-iznike-ziyaret-iznikte-papa-hazirligi\/#article","isPartOf":{"@id":"http:\/\/denizcankizil.tr\/ru\/haberler\/gundem\/patrik-bartholomeostan-bursa-iznike-ziyaret-iznikte-papa-hazirligi\/"},"author":{"name":"admin","@id":"https:\/\/denizcankizil.tr\/de\/#\/schema\/person\/be3c05fe6a12686905512445d8185489"},"headline":"Patrik Bartholomeos&#8217;tan Bursa \u0130znik\u2019e ziyaret&#8230; \u0130znik&#8217;te Papa haz\u0131rl\u0131\u011f\u0131","datePublished":"2025-02-10T18:38:01+00:00","mainEntityOfPage":{"@id":"http:\/\/denizcankizil.tr\/ru\/haberler\/gundem\/patrik-bartholomeostan-bursa-iznike-ziyaret-iznikte-papa-hazirligi\/"},"wordCount":430,"commentCount":0,"publisher":{"@id":"https:\/\/denizcankizil.tr\/de\/#organization"},"articleSection":["G\u00fcndem"],"inLanguage":"uk","potentialAction":[{"@type":"CommentAction","name":"Comment","target":["http:\/\/denizcankizil.tr\/ru\/haberler\/gundem\/patrik-bartholomeostan-bursa-iznike-ziyaret-iznikte-papa-hazirligi\/#respond"]}]},{"@type":"WebPage","@id":"http:\/\/denizcankizil.tr\/ru\/haberler\/gundem\/patrik-bartholomeostan-bursa-iznike-ziyaret-iznikte-papa-hazirligi\/","url":"http:\/\/denizcankizil.tr\/ru\/haberler\/gundem\/patrik-bartholomeostan-bursa-iznike-ziyaret-iznikte-papa-hazirligi\/","name":"Patrik Bartholomeos'tan Bursa \u0130znik\u2019e ziyaret... \u0130znik'te Papa haz\u0131rl\u0131\u011f\u0131 - Av. Deniz Can K\u0131z\u0131l","isPartOf":{"@id":"https:\/\/denizcankizil.tr\/de\/#website"},"datePublished":"2025-02-10T18:38:01+00:00","breadcrumb":{"@id":"http:\/\/denizcankizil.tr\/ru\/haberler\/gundem\/patrik-bartholomeostan-bursa-iznike-ziyaret-iznikte-papa-hazirligi\/#breadcrumb"},"inLanguage":"uk","potentialAction":[{"@type":"ReadAction","target":["http:\/\/denizcankizil.tr\/ru\/haberler\/gundem\/patrik-bartholomeostan-bursa-iznike-ziyaret-iznikte-papa-hazirligi\/"]}]},{"@type":"BreadcrumbList","@id":"http:\/\/denizcankizil.tr\/ru\/haberler\/gundem\/patrik-bartholomeostan-bursa-iznike-ziyaret-iznikte-papa-hazirligi\/#breadcrumb","itemListElement":[{"@type":"ListItem","position":1,"name":"Home","item":"https:\/\/denizcankizil.tr\/de\/"},{"@type":"ListItem","position":2,"name":"Patrik Bartholomeos&#8217;tan Bursa \u0130znik\u2019e ziyaret&#8230; \u0130znik&#8217;te Papa haz\u0131rl\u0131\u011f\u0131"}]},{"@type":"WebSite","@id":"https:\/\/denizcankizil.tr\/de\/#website","url":"https:\/\/denizcankizil.tr\/de\/","name":"Av. Deniz Can K\u0131z\u0131l","description":"Avukat Deniz Can K\u0131z\u0131l Antalya Barosu","publisher":{"@id":"https:\/\/denizcankizil.tr\/de\/#organization"},"potentialAction":[{"@type":"SearchAction","target":{"@type":"EntryPoint","urlTemplate":"https:\/\/denizcankizil.tr\/de\/?s={search_term_string}"},"query-input":{"@type":"PropertyValueSpecification","valueRequired":true,"valueName":"search_term_string"}}],"inLanguage":"uk"},{"@type":"Organization","@id":"https:\/\/denizcankizil.tr\/de\/#organization","name":"Av. Deniz Can K\u0131z\u0131l","url":"https:\/\/denizcankizil.tr\/de\/","logo":{"@type":"ImageObject","inLanguage":"uk","@id":"https:\/\/denizcankizil.tr\/de\/#\/schema\/logo\/image\/","url":"https:\/\/denizcankizil.tr\/wp-content\/uploads\/2024\/10\/siyah-logo-svg.svg","contentUrl":"https:\/\/denizcankizil.tr\/wp-content\/uploads\/2024\/10\/siyah-logo-svg.svg","width":1080,"height":1080,"caption":"Av. Deniz Can K\u0131z\u0131l"},"image":{"@id":"https:\/\/denizcankizil.tr\/de\/#\/schema\/logo\/image\/"}},{"@type":"Person","@id":"https:\/\/denizcankizil.tr\/de\/#\/schema\/person\/be3c05fe6a12686905512445d8185489","name":"\u0430\u0434\u043c\u0456\u043d","image":{"@type":"ImageObject","inLanguage":"uk","@id":"https:\/\/denizcankizil.tr\/de\/#\/schema\/person\/image\/","url":"https:\/\/secure.gravatar.com\/avatar\/c1fce94c830dc79107e174f890d7210541c4a63e8e5d816341794a2151c9d58c?s=96&d=mm&r=g","contentUrl":"https:\/\/secure.gravatar.com\/avatar\/c1fce94c830dc79107e174f890d7210541c4a63e8e5d816341794a2151c9d58c?s=96&d=mm&r=g","caption":"admin"},"sameAs":["http:\/\/denizcankizil.tr"],"url":"https:\/\/www.iskenderun.org\/patrik-bartholomeostan-bursa-iznike-ziyaret-iznikte-papa-hazirligi"}]}},"_links":{"self":[{"href":"https:\/\/denizcankizil.tr\/uk\/wp-json\/wp\/v2\/posts\/31807","targetHints":{"allow":["GET"]}}],"collection":[{"href":"https:\/\/denizcankizil.tr\/uk\/wp-json\/wp\/v2\/posts"}],"about":[{"href":"https:\/\/denizcankizil.tr\/uk\/wp-json\/wp\/v2\/types\/post"}],"author":[{"embeddable":true,"href":"https:\/\/denizcankizil.tr\/uk\/wp-json\/wp\/v2\/users\/1"}],"replies":[{"embeddable":true,"href":"https:\/\/denizcankizil.tr\/uk\/wp-json\/wp\/v2\/comments?post=31807"}],"version-history":[{"count":0,"href":"https:\/\/denizcankizil.tr\/uk\/wp-json\/wp\/v2\/posts\/31807\/revisions"}],"wp:attachment":[{"href":"https:\/\/denizcankizil.tr\/uk\/wp-json\/wp\/v2\/media?parent=31807"}],"wp:term":[{"taxonomy":"category","embeddable":true,"href":"https:\/\/denizcankizil.tr\/uk\/wp-json\/wp\/v2\/categories?post=31807"},{"taxonomy":"post_tag","embeddable":true,"href":"https:\/\/denizcankizil.tr\/uk\/wp-json\/wp\/v2\/tags?post=31807"}],"curies":[{"name":"wp","href":"https:\/\/api.w.org\/{rel}","templated":true}]}}