{"id":31502,"date":"2025-02-09T17:41:15","date_gmt":"2025-02-09T14:41:15","guid":{"rendered":"https:\/\/denizcankizil.tr\/uncategorized-tr\/kemer-belediyesi-tuvaleti-mescide-ceviren-isletme-hakkinda-aciklama-yapti\/"},"modified":"2025-02-09T17:41:15","modified_gmt":"2025-02-09T14:41:15","slug":"kemer-belediyesi-tuvaleti-mescide-ceviren-isletme-hakkinda-aciklama-yapti","status":"publish","type":"post","link":"https:\/\/denizcankizil.tr\/uk\/haberler\/gundem\/kemer-belediyesi-tuvaleti-mescide-ceviren-isletme-hakkinda-aciklama-yapti\/","title":{"rendered":"Kemer Belediyesi, tuvaleti mescide \u00e7eviren i\u015fletme hakk\u0131nda a\u00e7\u0131klama yapt\u0131"},"content":{"rendered":"<p>Ge\u00e7ti\u011fimiz g\u00fcnlerde Antalya\u2019n\u0131n Kemer il\u00e7esine ba\u011fl\u0131 G\u00f6yn\u00fck Mahallesi\u2019nde bulunan e\u011flence ve oyun alanlar\u0131n\u0131n bulundu\u011fu bir tema parkta tuvaletin mescide d\u00f6n\u00fc\u015ft\u00fcr\u00fcld\u00fc\u011f\u00fc iddias\u0131 sosyal medyada b\u00fcy\u00fck tepki toplad\u0131. G\u00fcndem olan olay\u0131n ard\u0131ndan harekete ge\u00e7en Kemer Kaymakaml\u0131\u011f\u0131 i\u015fletme i\u00e7erisindeki s\u00f6z konusu alan\u0131 kapatt\u0131.\u00a0<\/p>\n<p>KAPISINA K\u0130L\u0130T VURULDU\u00a0<\/p>\n<p>Mescit yaz\u0131s\u0131 s\u00f6k\u00fclen ve kap\u0131s\u0131 zincirlenen yap\u0131n\u0131n art\u0131k kullan\u0131lmayaca\u011f\u0131 belirtilirken, vatanda\u015flar\u0131n ibadetleri konusuna i\u015fletmelerin hassas olmas\u0131 gerekti\u011fini vurgulayan Kemer Kaymakam\u0131 Ahmet Solmaz, &#8220;Bu \u015fekilde imkan d\u0131\u015f\u0131 veya farkl\u0131 alg\u0131lamalara sebebiyet verecek mekanlar\u0131n kullan\u0131lmas\u0131na bizler de hi\u00e7bir \u015fekilde r\u0131za g\u00f6steremeyiz, g\u00f6stermeyece\u011fiz de. Vatanda\u015flar\u0131m\u0131z\u0131n duyarl\u0131l\u0131\u011f\u0131ndan dolay\u0131 te\u015fekk\u00fcr ediyorum&#8221; dedi.<\/p>\n<p>YER KEMER BELED\u0130YES\u0130\u2019NE M\u0130 A\u0130T?<\/p>\n<p>Ya\u015fanan bu geli\u015fmenin ard\u0131ndan baz\u0131 ki\u015filer bu yerin Kemer Belediyesi\u2019ne ait oldu\u011funu iddia etti. Belediye ise sosyal medya hesab\u0131ndan yapt\u0131\u011f\u0131 a\u00e7\u0131klamada s\u00f6z konusu bu iddialar\u0131 yalanlad\u0131. Belediye yapt\u0131\u011f\u0131 a\u00e7\u0131klamada, \u201cKemer il\u00e7emize ba\u011fl\u0131 G\u00f6yn\u00fck Mahallesi&#8217;nde Orman M\u00fcd\u00fcrl\u00fc\u011f\u00fc taraf\u0131ndan kiraya verilen \u00f6zel bir i\u015fletmede, tuvaletin mescide \u00e7evrildi\u011fi haberlerinin ard\u0131ndan baz\u0131 sosyal medya hesaplar\u0131 ve haber sitelerinde &#8220;Kemer Belediyesi&#8217;nin i\u015fletmesi\u201d denilerek karalama kampanyas\u0131 y\u00fcr\u00fct\u00fclmektedir. \u0130\u015fletme Kemer Belediyesi\u2019ne ait de\u011fildir. \u0130\u015fletme Kemer Belediyesi\u2019nin kirac\u0131s\u0131 de\u011fildir. Konu ile ilgili belediyemize iletilmi\u015f bir \u015fik\u00e2yet bulunmamaktad\u0131r\u201d denildi.\u00a0<\/p>\n<p>pic.twitter.com\/yzai2j7dls<br \/>\n\u2014 Kemer Belediyesi (@kemerbelediye) February 9, 2025<\/p>\n<p>\u00a0<\/p>\n<p>\u200bAntalya Kemer Belediyesi ge\u00e7ti\u011fimiz g\u00fcnlerde tuvaleti mescit yapan i\u015fletme hakk\u0131nda a\u00e7\u0131klama yapt\u0131.  Belediye\u2019den yap\u0131lan a\u00e7\u0131klamada, \u201c\u0130\u015fletme Kemer Belediyesi\u2019ne ait de\u011fildir. \u0130\u015fletme Kemer Belediyesi\u2019nin kirac\u0131s\u0131 de\u011fildir. Konu ile ilgili belediyemize iletilmi\u015f bir \u015fik\u00e2yet bulunmamaktad\u0131r\u201d denildi.\u00a0<\/p>\n<p>\u200bHaberin Al\u0131nt\u0131land\u0131\u011f\u0131 Kaynak: www.antalyakorfez.com<\/p>","protected":false},"excerpt":{"rendered":"<p>Ge\u00e7ti\u011fimiz g\u00fcnlerde Antalya\u2019n\u0131n Kemer il\u00e7esine ba\u011fl\u0131 G\u00f6yn\u00fck Mahallesi\u2019nde bulunan e\u011flence ve oyun alanlar\u0131n\u0131n bulundu\u011fu bir tema parkta tuvaletin mescide d\u00f6n\u00fc\u015ft\u00fcr\u00fcld\u00fc\u011f\u00fc iddias\u0131 sosyal medyada b\u00fcy\u00fck tepki toplad\u0131. G\u00fcndem olan olay\u0131n ard\u0131ndan harekete ge\u00e7en Kemer Kaymakaml\u0131\u011f\u0131 i\u015fletme i\u00e7erisindeki s\u00f6z konusu alan\u0131 kapatt\u0131.\u00a0 KAPISINA K\u0130L\u0130T VURULDU\u00a0 Mescit yaz\u0131s\u0131 s\u00f6k\u00fclen ve kap\u0131s\u0131 zincirlenen yap\u0131n\u0131n art\u0131k kullan\u0131lmayaca\u011f\u0131 belirtilirken, vatanda\u015flar\u0131n ibadetleri konusuna i\u015fletmelerin hassas olmas\u0131 gerekti\u011fini vurgulayan Kemer Kaymakam\u0131 Ahmet Solmaz, &#8220;Bu \u015fekilde imkan d\u0131\u015f\u0131 veya farkl\u0131 alg\u0131lamalara sebebiyet verecek mekanlar\u0131n kullan\u0131lmas\u0131na bizler de hi\u00e7bir \u015fekilde r\u0131za g\u00f6steremeyiz, g\u00f6stermeyece\u011fiz de. Vatanda\u015flar\u0131m\u0131z\u0131n duyarl\u0131l\u0131\u011f\u0131ndan dolay\u0131 te\u015fekk\u00fcr ediyorum&#8221; dedi. YER KEMER BELED\u0130YES\u0130\u2019NE M\u0130 A\u0130T? Ya\u015fanan bu geli\u015fmenin ard\u0131ndan baz\u0131 ki\u015filer bu yerin Kemer Belediyesi\u2019ne ait oldu\u011funu iddia etti. Belediye ise sosyal medya hesab\u0131ndan yapt\u0131\u011f\u0131 a\u00e7\u0131klamada s\u00f6z konusu bu iddialar\u0131 yalanlad\u0131. Belediye yapt\u0131\u011f\u0131 a\u00e7\u0131klamada, \u201cKemer il\u00e7emize ba\u011fl\u0131 G\u00f6yn\u00fck Mahallesi&#8217;nde Orman M\u00fcd\u00fcrl\u00fc\u011f\u00fc taraf\u0131ndan kiraya verilen \u00f6zel bir i\u015fletmede, tuvaletin mescide \u00e7evrildi\u011fi haberlerinin ard\u0131ndan baz\u0131 sosyal medya hesaplar\u0131 ve haber sitelerinde &#8220;Kemer Belediyesi&#8217;nin i\u015fletmesi\u201d denilerek karalama kampanyas\u0131 y\u00fcr\u00fct\u00fclmektedir. \u0130\u015fletme Kemer Belediyesi\u2019ne ait de\u011fildir. \u0130\u015fletme Kemer Belediyesi\u2019nin kirac\u0131s\u0131 de\u011fildir. Konu ile ilgili belediyemize iletilmi\u015f bir \u015fik\u00e2yet bulunmamaktad\u0131r\u201d denildi.\u00a0 pic.twitter.com\/yzai2j7dls \u2014 Kemer Belediyesi (@kemerbelediye) February 9, 2025 \u00a0 \u200bAntalya Kemer Belediyesi ge\u00e7ti\u011fimiz g\u00fcnlerde tuvaleti mescit yapan i\u015fletme hakk\u0131nda a\u00e7\u0131klama yapt\u0131. Belediye\u2019den yap\u0131lan a\u00e7\u0131klamada, \u201c\u0130\u015fletme &hellip;<\/p>","protected":false},"author":5,"featured_media":0,"comment_status":"open","ping_status":"open","sticky":false,"template":"","format":"standard","meta":{"_acf_changed":false,"footnotes":""},"categories":[24],"tags":[],"class_list":["post-31502","post","type-post","status-publish","format-standard","has-post-thumbnail","hentry","category-gundem"],"acf":[],"yoast_head":"<!-- This site is optimized with the Yoast SEO Premium plugin v26.6 (Yoast SEO v27.1.1) - https:\/\/yoast.com\/product\/yoast-seo-premium-wordpress\/ -->\n<title>Kemer Belediyesi, tuvaleti mescide \u00e7eviren i\u015fletme hakk\u0131nda a\u00e7\u0131klama yapt\u0131 - Av. Deniz Can K\u0131z\u0131l<\/title>\n<meta name=\"robots\" content=\"index, follow, max-snippet:-1, max-image-preview:large, max-video-preview:-1\" \/>\n<link rel=\"canonical\" href=\"https:\/\/denizcankizil.tr\/uk\/haberler\/gundem\/kemer-belediyesi-tuvaleti-mescide-ceviren-isletme-hakkinda-aciklama-yapti\/\" \/>\n<meta property=\"og:locale\" content=\"uk_UA\" \/>\n<meta property=\"og:type\" content=\"article\" \/>\n<meta property=\"og:title\" content=\"Kemer Belediyesi, tuvaleti mescide \u00e7eviren i\u015fletme hakk\u0131nda a\u00e7\u0131klama yapt\u0131\" \/>\n<meta property=\"og:description\" content=\"Ge\u00e7ti\u011fimiz g\u00fcnlerde Antalya\u2019n\u0131n Kemer il\u00e7esine ba\u011fl\u0131 G\u00f6yn\u00fck Mahallesi\u2019nde bulunan e\u011flence ve oyun alanlar\u0131n\u0131n bulundu\u011fu bir tema parkta tuvaletin mescide d\u00f6n\u00fc\u015ft\u00fcr\u00fcld\u00fc\u011f\u00fc iddias\u0131 sosyal medyada b\u00fcy\u00fck tepki toplad\u0131. G\u00fcndem olan olay\u0131n ard\u0131ndan harekete ge\u00e7en Kemer Kaymakaml\u0131\u011f\u0131 i\u015fletme i\u00e7erisindeki s\u00f6z konusu alan\u0131 kapatt\u0131.\u00a0 KAPISINA K\u0130L\u0130T VURULDU\u00a0 Mescit yaz\u0131s\u0131 s\u00f6k\u00fclen ve kap\u0131s\u0131 zincirlenen yap\u0131n\u0131n art\u0131k kullan\u0131lmayaca\u011f\u0131 belirtilirken, vatanda\u015flar\u0131n ibadetleri konusuna i\u015fletmelerin hassas olmas\u0131 gerekti\u011fini vurgulayan Kemer Kaymakam\u0131 Ahmet Solmaz, &#8220;Bu \u015fekilde imkan d\u0131\u015f\u0131 veya farkl\u0131 alg\u0131lamalara sebebiyet verecek mekanlar\u0131n kullan\u0131lmas\u0131na bizler de hi\u00e7bir \u015fekilde r\u0131za g\u00f6steremeyiz, g\u00f6stermeyece\u011fiz de. Vatanda\u015flar\u0131m\u0131z\u0131n duyarl\u0131l\u0131\u011f\u0131ndan dolay\u0131 te\u015fekk\u00fcr ediyorum&#8221; dedi. YER KEMER BELED\u0130YES\u0130\u2019NE M\u0130 A\u0130T? Ya\u015fanan bu geli\u015fmenin ard\u0131ndan baz\u0131 ki\u015filer bu yerin Kemer Belediyesi\u2019ne ait oldu\u011funu iddia etti. Belediye ise sosyal medya hesab\u0131ndan yapt\u0131\u011f\u0131 a\u00e7\u0131klamada s\u00f6z konusu bu iddialar\u0131 yalanlad\u0131. Belediye yapt\u0131\u011f\u0131 a\u00e7\u0131klamada, \u201cKemer il\u00e7emize ba\u011fl\u0131 G\u00f6yn\u00fck Mahallesi&#8217;nde Orman M\u00fcd\u00fcrl\u00fc\u011f\u00fc taraf\u0131ndan kiraya verilen \u00f6zel bir i\u015fletmede, tuvaletin mescide \u00e7evrildi\u011fi haberlerinin ard\u0131ndan baz\u0131 sosyal medya hesaplar\u0131 ve haber sitelerinde &#8220;Kemer Belediyesi&#8217;nin i\u015fletmesi\u201d denilerek karalama kampanyas\u0131 y\u00fcr\u00fct\u00fclmektedir. \u0130\u015fletme Kemer Belediyesi\u2019ne ait de\u011fildir. \u0130\u015fletme Kemer Belediyesi\u2019nin kirac\u0131s\u0131 de\u011fildir. Konu ile ilgili belediyemize iletilmi\u015f bir \u015fik\u00e2yet bulunmamaktad\u0131r\u201d denildi.\u00a0 pic.twitter.com\/yzai2j7dls \u2014 Kemer Belediyesi (@kemerbelediye) February 9, 2025 \u00a0 \u200bAntalya Kemer Belediyesi ge\u00e7ti\u011fimiz g\u00fcnlerde tuvaleti mescit yapan i\u015fletme hakk\u0131nda a\u00e7\u0131klama yapt\u0131. Belediye\u2019den yap\u0131lan a\u00e7\u0131klamada, \u201c\u0130\u015fletme &hellip;\" \/>\n<meta property=\"og:url\" content=\"https:\/\/denizcankizil.tr\/uk\/haberler\/gundem\/kemer-belediyesi-tuvaleti-mescide-ceviren-isletme-hakkinda-aciklama-yapti\/\" \/>\n<meta property=\"og:site_name\" content=\"Av. Deniz Can K\u0131z\u0131l\" \/>\n<meta property=\"article:published_time\" content=\"2025-02-09T14:41:15+00:00\" \/>\n<meta name=\"author\" content=\"Antalya K\u00f6rfez\" \/>\n<meta name=\"twitter:card\" content=\"summary_large_image\" \/>\n<meta name=\"twitter:label1\" content=\"\u041d\u0430\u043f\u0438\u0441\u0430\u043d\u043e\" \/>\n\t<meta name=\"twitter:data1\" content=\"Antalya K\u00f6rfez\" \/>\n\t<meta name=\"twitter:label2\" content=\"\u041f\u0440\u0438\u0431\u043b. \u0447\u0430\u0441 \u0447\u0438\u0442\u0430\u043d\u043d\u044f\" \/>\n\t<meta name=\"twitter:data2\" content=\"2 \u0445\u0432\u0438\u043b\u0438\u043d\u0438\" \/>\n<script type=\"application\/ld+json\" class=\"yoast-schema-graph\">{\"@context\":\"https:\/\/schema.org\",\"@graph\":[{\"@type\":\"Article\",\"@id\":\"https:\/\/denizcankizil.tr\/uk\/haberler\/gundem\/kemer-belediyesi-tuvaleti-mescide-ceviren-isletme-hakkinda-aciklama-yapti\/#article\",\"isPartOf\":{\"@id\":\"https:\/\/denizcankizil.tr\/uk\/haberler\/gundem\/kemer-belediyesi-tuvaleti-mescide-ceviren-isletme-hakkinda-aciklama-yapti\/\"},\"author\":{\"name\":\"Antalya K\u00f6rfez\",\"@id\":\"https:\/\/denizcankizil.tr\/#\/schema\/person\/e1eb71bb4dd684d46563f0af307e1234\"},\"headline\":\"Kemer Belediyesi, tuvaleti mescide \u00e7eviren i\u015fletme hakk\u0131nda a\u00e7\u0131klama yapt\u0131\",\"datePublished\":\"2025-02-09T14:41:15+00:00\",\"mainEntityOfPage\":{\"@id\":\"https:\/\/denizcankizil.tr\/uk\/haberler\/gundem\/kemer-belediyesi-tuvaleti-mescide-ceviren-isletme-hakkinda-aciklama-yapti\/\"},\"wordCount\":349,\"commentCount\":0,\"publisher\":{\"@id\":\"https:\/\/denizcankizil.tr\/#organization\"},\"articleSection\":[\"G\u00fcndem\"],\"inLanguage\":\"uk\",\"potentialAction\":[{\"@type\":\"CommentAction\",\"name\":\"Comment\",\"target\":[\"https:\/\/denizcankizil.tr\/uk\/haberler\/gundem\/kemer-belediyesi-tuvaleti-mescide-ceviren-isletme-hakkinda-aciklama-yapti\/#respond\"]}]},{\"@type\":\"WebPage\",\"@id\":\"https:\/\/denizcankizil.tr\/uk\/haberler\/gundem\/kemer-belediyesi-tuvaleti-mescide-ceviren-isletme-hakkinda-aciklama-yapti\/\",\"url\":\"https:\/\/denizcankizil.tr\/uk\/haberler\/gundem\/kemer-belediyesi-tuvaleti-mescide-ceviren-isletme-hakkinda-aciklama-yapti\/\",\"name\":\"Kemer Belediyesi, tuvaleti mescide \u00e7eviren i\u015fletme hakk\u0131nda a\u00e7\u0131klama yapt\u0131 - Av. Deniz Can K\u0131z\u0131l\",\"isPartOf\":{\"@id\":\"https:\/\/denizcankizil.tr\/#website\"},\"datePublished\":\"2025-02-09T14:41:15+00:00\",\"breadcrumb\":{\"@id\":\"https:\/\/denizcankizil.tr\/uk\/haberler\/gundem\/kemer-belediyesi-tuvaleti-mescide-ceviren-isletme-hakkinda-aciklama-yapti\/#breadcrumb\"},\"inLanguage\":\"uk\",\"potentialAction\":[{\"@type\":\"ReadAction\",\"target\":[\"https:\/\/denizcankizil.tr\/uk\/haberler\/gundem\/kemer-belediyesi-tuvaleti-mescide-ceviren-isletme-hakkinda-aciklama-yapti\/\"]}]},{\"@type\":\"BreadcrumbList\",\"@id\":\"https:\/\/denizcankizil.tr\/uk\/haberler\/gundem\/kemer-belediyesi-tuvaleti-mescide-ceviren-isletme-hakkinda-aciklama-yapti\/#breadcrumb\",\"itemListElement\":[{\"@type\":\"ListItem\",\"position\":1,\"name\":\"Home\",\"item\":\"https:\/\/denizcankizil.tr\/de\/\"},{\"@type\":\"ListItem\",\"position\":2,\"name\":\"Kemer Belediyesi, tuvaleti mescide \u00e7eviren i\u015fletme hakk\u0131nda a\u00e7\u0131klama yapt\u0131\"}]},{\"@type\":\"WebSite\",\"@id\":\"https:\/\/denizcankizil.tr\/#website\",\"url\":\"https:\/\/denizcankizil.tr\/\",\"name\":\"Av. Deniz Can K\u0131z\u0131l\",\"description\":\"Avukat Deniz Can K\u0131z\u0131l Antalya Barosu\",\"publisher\":{\"@id\":\"https:\/\/denizcankizil.tr\/#organization\"},\"potentialAction\":[{\"@type\":\"SearchAction\",\"target\":{\"@type\":\"EntryPoint\",\"urlTemplate\":\"https:\/\/denizcankizil.tr\/?s={search_term_string}\"},\"query-input\":{\"@type\":\"PropertyValueSpecification\",\"valueRequired\":true,\"valueName\":\"search_term_string\"}}],\"inLanguage\":\"uk\"},{\"@type\":\"Organization\",\"@id\":\"https:\/\/denizcankizil.tr\/#organization\",\"name\":\"Av. Deniz Can K\u0131z\u0131l\",\"url\":\"https:\/\/denizcankizil.tr\/\",\"logo\":{\"@type\":\"ImageObject\",\"inLanguage\":\"uk\",\"@id\":\"https:\/\/denizcankizil.tr\/#\/schema\/logo\/image\/\",\"url\":\"https:\/\/denizcankizil.tr\/wp-content\/uploads\/2024\/10\/siyah-logo-svg.svg\",\"contentUrl\":\"https:\/\/denizcankizil.tr\/wp-content\/uploads\/2024\/10\/siyah-logo-svg.svg\",\"width\":1080,\"height\":1080,\"caption\":\"Av. Deniz Can K\u0131z\u0131l\"},\"image\":{\"@id\":\"https:\/\/denizcankizil.tr\/#\/schema\/logo\/image\/\"}},{\"@type\":\"Person\",\"@id\":\"https:\/\/denizcankizil.tr\/#\/schema\/person\/e1eb71bb4dd684d46563f0af307e1234\",\"name\":\"Antalya K\u00f6rfez\",\"image\":{\"@type\":\"ImageObject\",\"inLanguage\":\"uk\",\"@id\":\"https:\/\/denizcankizil.tr\/#\/schema\/person\/image\/\",\"url\":\"https:\/\/secure.gravatar.com\/avatar\/42b01982558a48a0b501fdcab6a408d3717ea5919095ee2e67b0e521799c5905?s=96&d=mm&r=g\",\"contentUrl\":\"https:\/\/secure.gravatar.com\/avatar\/42b01982558a48a0b501fdcab6a408d3717ea5919095ee2e67b0e521799c5905?s=96&d=mm&r=g\",\"caption\":\"Antalya K\u00f6rfez\"},\"sameAs\":[\"http:\/\/www.antalyakorfez.com\"],\"url\":\"https:\/\/www.antalyakorfez.com\/kemer-belediyesi-tuvaleti-mescide-ceviren-isletme-hakkinda-aciklama-yapti\"}]}<\/script>\n<!-- \/ Yoast SEO Premium plugin. -->","yoast_head_json":{"title":"Kemer Belediyesi, tuvaleti mescide \u00e7eviren i\u015fletme hakk\u0131nda a\u00e7\u0131klama yapt\u0131 - Av. Deniz Can K\u0131z\u0131l","robots":{"index":"index","follow":"follow","max-snippet":"max-snippet:-1","max-image-preview":"max-image-preview:large","max-video-preview":"max-video-preview:-1"},"canonical":"https:\/\/denizcankizil.tr\/uk\/haberler\/gundem\/kemer-belediyesi-tuvaleti-mescide-ceviren-isletme-hakkinda-aciklama-yapti\/","og_locale":"uk_UA","og_type":"article","og_title":"Kemer Belediyesi, tuvaleti mescide \u00e7eviren i\u015fletme hakk\u0131nda a\u00e7\u0131klama yapt\u0131","og_description":"Ge\u00e7ti\u011fimiz g\u00fcnlerde Antalya\u2019n\u0131n Kemer il\u00e7esine ba\u011fl\u0131 G\u00f6yn\u00fck Mahallesi\u2019nde bulunan e\u011flence ve oyun alanlar\u0131n\u0131n bulundu\u011fu bir tema parkta tuvaletin mescide d\u00f6n\u00fc\u015ft\u00fcr\u00fcld\u00fc\u011f\u00fc iddias\u0131 sosyal medyada b\u00fcy\u00fck tepki toplad\u0131. G\u00fcndem olan olay\u0131n ard\u0131ndan harekete ge\u00e7en Kemer Kaymakaml\u0131\u011f\u0131 i\u015fletme i\u00e7erisindeki s\u00f6z konusu alan\u0131 kapatt\u0131.\u00a0 KAPISINA K\u0130L\u0130T VURULDU\u00a0 Mescit yaz\u0131s\u0131 s\u00f6k\u00fclen ve kap\u0131s\u0131 zincirlenen yap\u0131n\u0131n art\u0131k kullan\u0131lmayaca\u011f\u0131 belirtilirken, vatanda\u015flar\u0131n ibadetleri konusuna i\u015fletmelerin hassas olmas\u0131 gerekti\u011fini vurgulayan Kemer Kaymakam\u0131 Ahmet Solmaz, &#8220;Bu \u015fekilde imkan d\u0131\u015f\u0131 veya farkl\u0131 alg\u0131lamalara sebebiyet verecek mekanlar\u0131n kullan\u0131lmas\u0131na bizler de hi\u00e7bir \u015fekilde r\u0131za g\u00f6steremeyiz, g\u00f6stermeyece\u011fiz de. Vatanda\u015flar\u0131m\u0131z\u0131n duyarl\u0131l\u0131\u011f\u0131ndan dolay\u0131 te\u015fekk\u00fcr ediyorum&#8221; dedi. YER KEMER BELED\u0130YES\u0130\u2019NE M\u0130 A\u0130T? Ya\u015fanan bu geli\u015fmenin ard\u0131ndan baz\u0131 ki\u015filer bu yerin Kemer Belediyesi\u2019ne ait oldu\u011funu iddia etti. Belediye ise sosyal medya hesab\u0131ndan yapt\u0131\u011f\u0131 a\u00e7\u0131klamada s\u00f6z konusu bu iddialar\u0131 yalanlad\u0131. Belediye yapt\u0131\u011f\u0131 a\u00e7\u0131klamada, \u201cKemer il\u00e7emize ba\u011fl\u0131 G\u00f6yn\u00fck Mahallesi&#8217;nde Orman M\u00fcd\u00fcrl\u00fc\u011f\u00fc taraf\u0131ndan kiraya verilen \u00f6zel bir i\u015fletmede, tuvaletin mescide \u00e7evrildi\u011fi haberlerinin ard\u0131ndan baz\u0131 sosyal medya hesaplar\u0131 ve haber sitelerinde &#8220;Kemer Belediyesi&#8217;nin i\u015fletmesi\u201d denilerek karalama kampanyas\u0131 y\u00fcr\u00fct\u00fclmektedir. \u0130\u015fletme Kemer Belediyesi\u2019ne ait de\u011fildir. \u0130\u015fletme Kemer Belediyesi\u2019nin kirac\u0131s\u0131 de\u011fildir. Konu ile ilgili belediyemize iletilmi\u015f bir \u015fik\u00e2yet bulunmamaktad\u0131r\u201d denildi.\u00a0 pic.twitter.com\/yzai2j7dls \u2014 Kemer Belediyesi (@kemerbelediye) February 9, 2025 \u00a0 \u200bAntalya Kemer Belediyesi ge\u00e7ti\u011fimiz g\u00fcnlerde tuvaleti mescit yapan i\u015fletme hakk\u0131nda a\u00e7\u0131klama yapt\u0131. Belediye\u2019den yap\u0131lan a\u00e7\u0131klamada, \u201c\u0130\u015fletme &hellip;","og_url":"https:\/\/denizcankizil.tr\/uk\/haberler\/gundem\/kemer-belediyesi-tuvaleti-mescide-ceviren-isletme-hakkinda-aciklama-yapti\/","og_site_name":"Av. Deniz Can K\u0131z\u0131l","article_published_time":"2025-02-09T14:41:15+00:00","author":"Antalya K\u00f6rfez","twitter_card":"summary_large_image","twitter_misc":{"\u041d\u0430\u043f\u0438\u0441\u0430\u043d\u043e":"Antalya K\u00f6rfez","\u041f\u0440\u0438\u0431\u043b. \u0447\u0430\u0441 \u0447\u0438\u0442\u0430\u043d\u043d\u044f":"2 \u0445\u0432\u0438\u043b\u0438\u043d\u0438"},"schema":{"@context":"https:\/\/schema.org","@graph":[{"@type":"Article","@id":"https:\/\/denizcankizil.tr\/uk\/haberler\/gundem\/kemer-belediyesi-tuvaleti-mescide-ceviren-isletme-hakkinda-aciklama-yapti\/#article","isPartOf":{"@id":"https:\/\/denizcankizil.tr\/uk\/haberler\/gundem\/kemer-belediyesi-tuvaleti-mescide-ceviren-isletme-hakkinda-aciklama-yapti\/"},"author":{"name":"Antalya K\u00f6rfez","@id":"https:\/\/denizcankizil.tr\/#\/schema\/person\/e1eb71bb4dd684d46563f0af307e1234"},"headline":"Kemer Belediyesi, tuvaleti mescide \u00e7eviren i\u015fletme hakk\u0131nda a\u00e7\u0131klama yapt\u0131","datePublished":"2025-02-09T14:41:15+00:00","mainEntityOfPage":{"@id":"https:\/\/denizcankizil.tr\/uk\/haberler\/gundem\/kemer-belediyesi-tuvaleti-mescide-ceviren-isletme-hakkinda-aciklama-yapti\/"},"wordCount":349,"commentCount":0,"publisher":{"@id":"https:\/\/denizcankizil.tr\/#organization"},"articleSection":["G\u00fcndem"],"inLanguage":"uk","potentialAction":[{"@type":"CommentAction","name":"Comment","target":["https:\/\/denizcankizil.tr\/uk\/haberler\/gundem\/kemer-belediyesi-tuvaleti-mescide-ceviren-isletme-hakkinda-aciklama-yapti\/#respond"]}]},{"@type":"WebPage","@id":"https:\/\/denizcankizil.tr\/uk\/haberler\/gundem\/kemer-belediyesi-tuvaleti-mescide-ceviren-isletme-hakkinda-aciklama-yapti\/","url":"https:\/\/denizcankizil.tr\/uk\/haberler\/gundem\/kemer-belediyesi-tuvaleti-mescide-ceviren-isletme-hakkinda-aciklama-yapti\/","name":"Kemer Belediyesi, tuvaleti mescide \u00e7eviren i\u015fletme hakk\u0131nda a\u00e7\u0131klama yapt\u0131 - Av. Deniz Can K\u0131z\u0131l","isPartOf":{"@id":"https:\/\/denizcankizil.tr\/#website"},"datePublished":"2025-02-09T14:41:15+00:00","breadcrumb":{"@id":"https:\/\/denizcankizil.tr\/uk\/haberler\/gundem\/kemer-belediyesi-tuvaleti-mescide-ceviren-isletme-hakkinda-aciklama-yapti\/#breadcrumb"},"inLanguage":"uk","potentialAction":[{"@type":"ReadAction","target":["https:\/\/denizcankizil.tr\/uk\/haberler\/gundem\/kemer-belediyesi-tuvaleti-mescide-ceviren-isletme-hakkinda-aciklama-yapti\/"]}]},{"@type":"BreadcrumbList","@id":"https:\/\/denizcankizil.tr\/uk\/haberler\/gundem\/kemer-belediyesi-tuvaleti-mescide-ceviren-isletme-hakkinda-aciklama-yapti\/#breadcrumb","itemListElement":[{"@type":"ListItem","position":1,"name":"Home","item":"https:\/\/denizcankizil.tr\/de\/"},{"@type":"ListItem","position":2,"name":"Kemer Belediyesi, tuvaleti mescide \u00e7eviren i\u015fletme hakk\u0131nda a\u00e7\u0131klama yapt\u0131"}]},{"@type":"WebSite","@id":"https:\/\/denizcankizil.tr\/#website","url":"https:\/\/denizcankizil.tr\/","name":"Av. Deniz Can K\u0131z\u0131l","description":"Avukat Deniz Can K\u0131z\u0131l Antalya Barosu","publisher":{"@id":"https:\/\/denizcankizil.tr\/#organization"},"potentialAction":[{"@type":"SearchAction","target":{"@type":"EntryPoint","urlTemplate":"https:\/\/denizcankizil.tr\/?s={search_term_string}"},"query-input":{"@type":"PropertyValueSpecification","valueRequired":true,"valueName":"search_term_string"}}],"inLanguage":"uk"},{"@type":"Organization","@id":"https:\/\/denizcankizil.tr\/#organization","name":"Av. Deniz Can K\u0131z\u0131l","url":"https:\/\/denizcankizil.tr\/","logo":{"@type":"ImageObject","inLanguage":"uk","@id":"https:\/\/denizcankizil.tr\/#\/schema\/logo\/image\/","url":"https:\/\/denizcankizil.tr\/wp-content\/uploads\/2024\/10\/siyah-logo-svg.svg","contentUrl":"https:\/\/denizcankizil.tr\/wp-content\/uploads\/2024\/10\/siyah-logo-svg.svg","width":1080,"height":1080,"caption":"Av. Deniz Can K\u0131z\u0131l"},"image":{"@id":"https:\/\/denizcankizil.tr\/#\/schema\/logo\/image\/"}},{"@type":"Person","@id":"https:\/\/denizcankizil.tr\/#\/schema\/person\/e1eb71bb4dd684d46563f0af307e1234","name":"Antalya K\u00f6rfez","image":{"@type":"ImageObject","inLanguage":"uk","@id":"https:\/\/denizcankizil.tr\/#\/schema\/person\/image\/","url":"https:\/\/secure.gravatar.com\/avatar\/42b01982558a48a0b501fdcab6a408d3717ea5919095ee2e67b0e521799c5905?s=96&d=mm&r=g","contentUrl":"https:\/\/secure.gravatar.com\/avatar\/42b01982558a48a0b501fdcab6a408d3717ea5919095ee2e67b0e521799c5905?s=96&d=mm&r=g","caption":"Antalya K\u00f6rfez"},"sameAs":["http:\/\/www.antalyakorfez.com"],"url":"https:\/\/www.antalyakorfez.com\/kemer-belediyesi-tuvaleti-mescide-ceviren-isletme-hakkinda-aciklama-yapti"}]}},"_links":{"self":[{"href":"https:\/\/denizcankizil.tr\/uk\/wp-json\/wp\/v2\/posts\/31502","targetHints":{"allow":["GET"]}}],"collection":[{"href":"https:\/\/denizcankizil.tr\/uk\/wp-json\/wp\/v2\/posts"}],"about":[{"href":"https:\/\/denizcankizil.tr\/uk\/wp-json\/wp\/v2\/types\/post"}],"author":[{"embeddable":true,"href":"https:\/\/denizcankizil.tr\/uk\/wp-json\/wp\/v2\/users\/5"}],"replies":[{"embeddable":true,"href":"https:\/\/denizcankizil.tr\/uk\/wp-json\/wp\/v2\/comments?post=31502"}],"version-history":[{"count":0,"href":"https:\/\/denizcankizil.tr\/uk\/wp-json\/wp\/v2\/posts\/31502\/revisions"}],"wp:attachment":[{"href":"https:\/\/denizcankizil.tr\/uk\/wp-json\/wp\/v2\/media?parent=31502"}],"wp:term":[{"taxonomy":"category","embeddable":true,"href":"https:\/\/denizcankizil.tr\/uk\/wp-json\/wp\/v2\/categories?post=31502"},{"taxonomy":"post_tag","embeddable":true,"href":"https:\/\/denizcankizil.tr\/uk\/wp-json\/wp\/v2\/tags?post=31502"}],"curies":[{"name":"wp","href":"https:\/\/api.w.org\/{rel}","templated":true}]}}