{"id":30935,"date":"2025-02-07T11:41:30","date_gmt":"2025-02-07T08:41:30","guid":{"rendered":"https:\/\/denizcankizil.tr\/uncategorized-tr\/kamyonet-duvara-carpti\/"},"modified":"2025-02-07T11:41:30","modified_gmt":"2025-02-07T08:41:30","slug":"kamyonet-duvara-carpti","status":"publish","type":"post","link":"https:\/\/denizcankizil.tr\/uk\/haberler\/antalya\/kamyonet-duvara-carpti\/","title":{"rendered":"Kamyonet duvara \u00e7arpt\u0131"},"content":{"rendered":"<p>Kaza, Manavgat-Alanya D-400 Karayolu&#8217;nda meydana geldi. Al\u0131nan bilgiye g\u00f6re, Manavgat istikametinden Alanya&#8217;ya do\u011fru seyir halinde olan Turgut \u00d6zdem&#8217;in kulland\u0131\u011f\u0131 LS 140 K\u0131br\u0131s plakal\u0131 Nissan marka kamyonet, Do\u011fan\u00e7am Mahallesi Tekand\u0131z mevkiine yakla\u015ft\u0131\u011f\u0131 s\u0131rada s\u00fcr\u00fcc\u00fcs\u00fcn\u00fcn direksiyon hakimiyetini kaybederek yol kenar\u0131ndaki istinat duvar\u0131na \u00e7arpt\u0131. Kazada yaralanan kamyonet s\u00fcr\u00fcc\u00fcs\u00fc, olay yerine gelen sa\u011fl\u0131k ekiplerinin ilk m\u00fcdahalesinin ard\u0131ndan ambulansla hastaneye kald\u0131r\u0131ld\u0131.<\/p>\n<p>Kaynak: www.kanalv.com.tr Haber Sitesinden Al\u0131nm\u0131\u015ft\u0131r.<\/p>","protected":false},"excerpt":{"rendered":"<p>Kaza, Manavgat-Alanya D-400 Karayolu&#8217;nda meydana geldi. Al\u0131nan bilgiye g\u00f6re, Manavgat istikametinden Alanya&#8217;ya do\u011fru seyir halinde olan Turgut \u00d6zdem&#8217;in kulland\u0131\u011f\u0131 LS 140 K\u0131br\u0131s plakal\u0131 Nissan marka kamyonet, Do\u011fan\u00e7am Mahallesi Tekand\u0131z mevkiine yakla\u015ft\u0131\u011f\u0131 s\u0131rada s\u00fcr\u00fcc\u00fcs\u00fcn\u00fcn direksiyon hakimiyetini kaybederek yol kenar\u0131ndaki istinat duvar\u0131na \u00e7arpt\u0131. Kazada yaralanan kamyonet s\u00fcr\u00fcc\u00fcs\u00fc, olay yerine gelen sa\u011fl\u0131k ekiplerinin ilk m\u00fcdahalesinin ard\u0131ndan ambulansla hastaneye kald\u0131r\u0131ld\u0131. Kaynak: www.kanalv.com.tr Haber Sitesinden Al\u0131nm\u0131\u015ft\u0131r.<\/p>","protected":false},"author":4,"featured_media":30936,"comment_status":"open","ping_status":"open","sticky":false,"template":"","format":"standard","meta":{"_acf_changed":false,"footnotes":""},"categories":[26],"tags":[],"class_list":["post-30935","post","type-post","status-publish","format-standard","has-post-thumbnail","hentry","category-antalya"],"acf":[],"yoast_head":"<!-- This site is optimized with the Yoast SEO Premium plugin v26.6 (Yoast SEO v27.1.1) - https:\/\/yoast.com\/product\/yoast-seo-premium-wordpress\/ -->\n<title>Kamyonet duvara \u00e7arpt\u0131 - Av. Deniz Can K\u0131z\u0131l<\/title>\n<meta name=\"robots\" content=\"index, follow, max-snippet:-1, max-image-preview:large, max-video-preview:-1\" \/>\n<link rel=\"canonical\" href=\"https:\/\/denizcankizil.tr\/uk\/haberler\/antalya\/kamyonet-duvara-carpti\/\" \/>\n<meta property=\"og:locale\" content=\"uk_UA\" \/>\n<meta property=\"og:type\" content=\"article\" \/>\n<meta property=\"og:title\" content=\"Kamyonet duvara \u00e7arpt\u0131\" \/>\n<meta property=\"og:description\" content=\"Kaza, Manavgat-Alanya D-400 Karayolu&#8217;nda meydana geldi. Al\u0131nan bilgiye g\u00f6re, Manavgat istikametinden Alanya&#8217;ya do\u011fru seyir halinde olan Turgut \u00d6zdem&#8217;in kulland\u0131\u011f\u0131 LS 140 K\u0131br\u0131s plakal\u0131 Nissan marka kamyonet, Do\u011fan\u00e7am Mahallesi Tekand\u0131z mevkiine yakla\u015ft\u0131\u011f\u0131 s\u0131rada s\u00fcr\u00fcc\u00fcs\u00fcn\u00fcn direksiyon hakimiyetini kaybederek yol kenar\u0131ndaki istinat duvar\u0131na \u00e7arpt\u0131. Kazada yaralanan kamyonet s\u00fcr\u00fcc\u00fcs\u00fc, olay yerine gelen sa\u011fl\u0131k ekiplerinin ilk m\u00fcdahalesinin ard\u0131ndan ambulansla hastaneye kald\u0131r\u0131ld\u0131. Kaynak: www.kanalv.com.tr Haber Sitesinden Al\u0131nm\u0131\u015ft\u0131r.\" \/>\n<meta property=\"og:url\" content=\"https:\/\/denizcankizil.tr\/uk\/haberler\/antalya\/kamyonet-duvara-carpti\/\" \/>\n<meta property=\"og:site_name\" content=\"Av. Deniz Can K\u0131z\u0131l\" \/>\n<meta property=\"article:published_time\" content=\"2025-02-07T08:41:30+00:00\" \/>\n<meta property=\"og:image\" content=\"https:\/\/denizcankizil.tr\/wp-content\/uploads\/2025\/02\/4523-01-crTrb6.jpeg\" \/>\n\t<meta property=\"og:image:width\" content=\"1280\" \/>\n\t<meta property=\"og:image:height\" content=\"720\" \/>\n\t<meta property=\"og:image:type\" content=\"image\/jpeg\" \/>\n<meta name=\"author\" content=\"Av. Deniz Can K\u0131z\u0131l\" \/>\n<meta name=\"twitter:card\" content=\"summary_large_image\" \/>\n<meta name=\"twitter:label1\" content=\"\u041d\u0430\u043f\u0438\u0441\u0430\u043d\u043e\" \/>\n\t<meta name=\"twitter:data1\" content=\"Av. Deniz Can K\u0131z\u0131l\" \/>\n<script type=\"application\/ld+json\" class=\"yoast-schema-graph\">{\"@context\":\"https:\/\/schema.org\",\"@graph\":[{\"@type\":\"Article\",\"@id\":\"https:\/\/denizcankizil.tr\/uk\/haberler\/antalya\/kamyonet-duvara-carpti\/#article\",\"isPartOf\":{\"@id\":\"https:\/\/denizcankizil.tr\/uk\/haberler\/antalya\/kamyonet-duvara-carpti\/\"},\"author\":{\"name\":\"Av. Deniz Can K\u0131z\u0131l\",\"@id\":\"https:\/\/denizcankizil.tr\/de\/#\/schema\/person\/5dc1b22991bd7ac833867c10afc9b0ff\"},\"headline\":\"Kamyonet duvara \u00e7arpt\u0131\",\"datePublished\":\"2025-02-07T08:41:30+00:00\",\"mainEntityOfPage\":{\"@id\":\"https:\/\/denizcankizil.tr\/uk\/haberler\/antalya\/kamyonet-duvara-carpti\/\"},\"wordCount\":98,\"commentCount\":0,\"publisher\":{\"@id\":\"https:\/\/denizcankizil.tr\/de\/#organization\"},\"image\":{\"@id\":\"https:\/\/denizcankizil.tr\/uk\/haberler\/antalya\/kamyonet-duvara-carpti\/#primaryimage\"},\"thumbnailUrl\":\"https:\/\/denizcankizil.tr\/wp-content\/uploads\/2025\/02\/4523-01-crTrb6.jpeg\",\"articleSection\":[\"Antalya\"],\"inLanguage\":\"uk\",\"potentialAction\":[{\"@type\":\"CommentAction\",\"name\":\"Comment\",\"target\":[\"https:\/\/denizcankizil.tr\/uk\/haberler\/antalya\/kamyonet-duvara-carpti\/#respond\"]}]},{\"@type\":\"WebPage\",\"@id\":\"https:\/\/denizcankizil.tr\/uk\/haberler\/antalya\/kamyonet-duvara-carpti\/\",\"url\":\"https:\/\/denizcankizil.tr\/uk\/haberler\/antalya\/kamyonet-duvara-carpti\/\",\"name\":\"Kamyonet duvara \u00e7arpt\u0131 - Av. Deniz Can K\u0131z\u0131l\",\"isPartOf\":{\"@id\":\"https:\/\/denizcankizil.tr\/de\/#website\"},\"primaryImageOfPage\":{\"@id\":\"https:\/\/denizcankizil.tr\/uk\/haberler\/antalya\/kamyonet-duvara-carpti\/#primaryimage\"},\"image\":{\"@id\":\"https:\/\/denizcankizil.tr\/uk\/haberler\/antalya\/kamyonet-duvara-carpti\/#primaryimage\"},\"thumbnailUrl\":\"https:\/\/denizcankizil.tr\/wp-content\/uploads\/2025\/02\/4523-01-crTrb6.jpeg\",\"datePublished\":\"2025-02-07T08:41:30+00:00\",\"breadcrumb\":{\"@id\":\"https:\/\/denizcankizil.tr\/uk\/haberler\/antalya\/kamyonet-duvara-carpti\/#breadcrumb\"},\"inLanguage\":\"uk\",\"potentialAction\":[{\"@type\":\"ReadAction\",\"target\":[\"https:\/\/denizcankizil.tr\/uk\/haberler\/antalya\/kamyonet-duvara-carpti\/\"]}]},{\"@type\":\"ImageObject\",\"inLanguage\":\"uk\",\"@id\":\"https:\/\/denizcankizil.tr\/uk\/haberler\/antalya\/kamyonet-duvara-carpti\/#primaryimage\",\"url\":\"https:\/\/denizcankizil.tr\/wp-content\/uploads\/2025\/02\/4523-01-crTrb6.jpeg\",\"contentUrl\":\"https:\/\/denizcankizil.tr\/wp-content\/uploads\/2025\/02\/4523-01-crTrb6.jpeg\",\"width\":1280,\"height\":720},{\"@type\":\"BreadcrumbList\",\"@id\":\"https:\/\/denizcankizil.tr\/uk\/haberler\/antalya\/kamyonet-duvara-carpti\/#breadcrumb\",\"itemListElement\":[{\"@type\":\"ListItem\",\"position\":1,\"name\":\"Home\",\"item\":\"https:\/\/denizcankizil.tr\/de\/\"},{\"@type\":\"ListItem\",\"position\":2,\"name\":\"Kamyonet duvara \u00e7arpt\u0131\"}]},{\"@type\":\"WebSite\",\"@id\":\"https:\/\/denizcankizil.tr\/de\/#website\",\"url\":\"https:\/\/denizcankizil.tr\/de\/\",\"name\":\"Av. Deniz Can K\u0131z\u0131l\",\"description\":\"Avukat Deniz Can K\u0131z\u0131l Antalya Barosu\",\"publisher\":{\"@id\":\"https:\/\/denizcankizil.tr\/de\/#organization\"},\"potentialAction\":[{\"@type\":\"SearchAction\",\"target\":{\"@type\":\"EntryPoint\",\"urlTemplate\":\"https:\/\/denizcankizil.tr\/de\/?s={search_term_string}\"},\"query-input\":{\"@type\":\"PropertyValueSpecification\",\"valueRequired\":true,\"valueName\":\"search_term_string\"}}],\"inLanguage\":\"uk\"},{\"@type\":\"Organization\",\"@id\":\"https:\/\/denizcankizil.tr\/de\/#organization\",\"name\":\"Av. Deniz Can K\u0131z\u0131l\",\"url\":\"https:\/\/denizcankizil.tr\/de\/\",\"logo\":{\"@type\":\"ImageObject\",\"inLanguage\":\"uk\",\"@id\":\"https:\/\/denizcankizil.tr\/de\/#\/schema\/logo\/image\/\",\"url\":\"https:\/\/denizcankizil.tr\/wp-content\/uploads\/2024\/10\/siyah-logo-svg.svg\",\"contentUrl\":\"https:\/\/denizcankizil.tr\/wp-content\/uploads\/2024\/10\/siyah-logo-svg.svg\",\"width\":1080,\"height\":1080,\"caption\":\"Av. Deniz Can K\u0131z\u0131l\"},\"image\":{\"@id\":\"https:\/\/denizcankizil.tr\/de\/#\/schema\/logo\/image\/\"}},{\"@type\":\"Person\",\"@id\":\"https:\/\/denizcankizil.tr\/de\/#\/schema\/person\/5dc1b22991bd7ac833867c10afc9b0ff\",\"name\":\"Av. Deniz Can K\u0131z\u0131l\",\"image\":{\"@type\":\"ImageObject\",\"inLanguage\":\"uk\",\"@id\":\"https:\/\/denizcankizil.tr\/de\/#\/schema\/person\/image\/\",\"url\":\"https:\/\/secure.gravatar.com\/avatar\/a0b128fb9855c79efc976d5640eedb31dc35ec297594d6016d2cf7c60e975bb6?s=96&d=mm&r=g\",\"contentUrl\":\"https:\/\/secure.gravatar.com\/avatar\/a0b128fb9855c79efc976d5640eedb31dc35ec297594d6016d2cf7c60e975bb6?s=96&d=mm&r=g\",\"caption\":\"Av. Deniz Can K\u0131z\u0131l\"},\"sameAs\":[\"http:\/\/www.denizcankizil.tr\"],\"url\":\"https:\/\/denizcankizil.tr\/uk\/author\/denizcankizil\/\"}]}<\/script>\n<!-- \/ Yoast SEO Premium plugin. -->","yoast_head_json":{"title":"Kamyonet duvara \u00e7arpt\u0131 - Av. Deniz Can K\u0131z\u0131l","robots":{"index":"index","follow":"follow","max-snippet":"max-snippet:-1","max-image-preview":"max-image-preview:large","max-video-preview":"max-video-preview:-1"},"canonical":"https:\/\/denizcankizil.tr\/uk\/haberler\/antalya\/kamyonet-duvara-carpti\/","og_locale":"uk_UA","og_type":"article","og_title":"Kamyonet duvara \u00e7arpt\u0131","og_description":"Kaza, Manavgat-Alanya D-400 Karayolu&#8217;nda meydana geldi. Al\u0131nan bilgiye g\u00f6re, Manavgat istikametinden Alanya&#8217;ya do\u011fru seyir halinde olan Turgut \u00d6zdem&#8217;in kulland\u0131\u011f\u0131 LS 140 K\u0131br\u0131s plakal\u0131 Nissan marka kamyonet, Do\u011fan\u00e7am Mahallesi Tekand\u0131z mevkiine yakla\u015ft\u0131\u011f\u0131 s\u0131rada s\u00fcr\u00fcc\u00fcs\u00fcn\u00fcn direksiyon hakimiyetini kaybederek yol kenar\u0131ndaki istinat duvar\u0131na \u00e7arpt\u0131. Kazada yaralanan kamyonet s\u00fcr\u00fcc\u00fcs\u00fc, olay yerine gelen sa\u011fl\u0131k ekiplerinin ilk m\u00fcdahalesinin ard\u0131ndan ambulansla hastaneye kald\u0131r\u0131ld\u0131. Kaynak: www.kanalv.com.tr Haber Sitesinden Al\u0131nm\u0131\u015ft\u0131r.","og_url":"https:\/\/denizcankizil.tr\/uk\/haberler\/antalya\/kamyonet-duvara-carpti\/","og_site_name":"Av. Deniz Can K\u0131z\u0131l","article_published_time":"2025-02-07T08:41:30+00:00","og_image":[{"width":1280,"height":720,"url":"https:\/\/denizcankizil.tr\/wp-content\/uploads\/2025\/02\/4523-01-crTrb6.jpeg","type":"image\/jpeg"}],"author":"Av. Deniz Can K\u0131z\u0131l","twitter_card":"summary_large_image","twitter_misc":{"\u041d\u0430\u043f\u0438\u0441\u0430\u043d\u043e":"Av. Deniz Can K\u0131z\u0131l"},"schema":{"@context":"https:\/\/schema.org","@graph":[{"@type":"Article","@id":"https:\/\/denizcankizil.tr\/uk\/haberler\/antalya\/kamyonet-duvara-carpti\/#article","isPartOf":{"@id":"https:\/\/denizcankizil.tr\/uk\/haberler\/antalya\/kamyonet-duvara-carpti\/"},"author":{"name":"Av. Deniz Can K\u0131z\u0131l","@id":"https:\/\/denizcankizil.tr\/de\/#\/schema\/person\/5dc1b22991bd7ac833867c10afc9b0ff"},"headline":"Kamyonet duvara \u00e7arpt\u0131","datePublished":"2025-02-07T08:41:30+00:00","mainEntityOfPage":{"@id":"https:\/\/denizcankizil.tr\/uk\/haberler\/antalya\/kamyonet-duvara-carpti\/"},"wordCount":98,"commentCount":0,"publisher":{"@id":"https:\/\/denizcankizil.tr\/de\/#organization"},"image":{"@id":"https:\/\/denizcankizil.tr\/uk\/haberler\/antalya\/kamyonet-duvara-carpti\/#primaryimage"},"thumbnailUrl":"https:\/\/denizcankizil.tr\/wp-content\/uploads\/2025\/02\/4523-01-crTrb6.jpeg","articleSection":["Antalya"],"inLanguage":"uk","potentialAction":[{"@type":"CommentAction","name":"Comment","target":["https:\/\/denizcankizil.tr\/uk\/haberler\/antalya\/kamyonet-duvara-carpti\/#respond"]}]},{"@type":"WebPage","@id":"https:\/\/denizcankizil.tr\/uk\/haberler\/antalya\/kamyonet-duvara-carpti\/","url":"https:\/\/denizcankizil.tr\/uk\/haberler\/antalya\/kamyonet-duvara-carpti\/","name":"Kamyonet duvara \u00e7arpt\u0131 - Av. Deniz Can K\u0131z\u0131l","isPartOf":{"@id":"https:\/\/denizcankizil.tr\/de\/#website"},"primaryImageOfPage":{"@id":"https:\/\/denizcankizil.tr\/uk\/haberler\/antalya\/kamyonet-duvara-carpti\/#primaryimage"},"image":{"@id":"https:\/\/denizcankizil.tr\/uk\/haberler\/antalya\/kamyonet-duvara-carpti\/#primaryimage"},"thumbnailUrl":"https:\/\/denizcankizil.tr\/wp-content\/uploads\/2025\/02\/4523-01-crTrb6.jpeg","datePublished":"2025-02-07T08:41:30+00:00","breadcrumb":{"@id":"https:\/\/denizcankizil.tr\/uk\/haberler\/antalya\/kamyonet-duvara-carpti\/#breadcrumb"},"inLanguage":"uk","potentialAction":[{"@type":"ReadAction","target":["https:\/\/denizcankizil.tr\/uk\/haberler\/antalya\/kamyonet-duvara-carpti\/"]}]},{"@type":"ImageObject","inLanguage":"uk","@id":"https:\/\/denizcankizil.tr\/uk\/haberler\/antalya\/kamyonet-duvara-carpti\/#primaryimage","url":"https:\/\/denizcankizil.tr\/wp-content\/uploads\/2025\/02\/4523-01-crTrb6.jpeg","contentUrl":"https:\/\/denizcankizil.tr\/wp-content\/uploads\/2025\/02\/4523-01-crTrb6.jpeg","width":1280,"height":720},{"@type":"BreadcrumbList","@id":"https:\/\/denizcankizil.tr\/uk\/haberler\/antalya\/kamyonet-duvara-carpti\/#breadcrumb","itemListElement":[{"@type":"ListItem","position":1,"name":"Home","item":"https:\/\/denizcankizil.tr\/de\/"},{"@type":"ListItem","position":2,"name":"Kamyonet duvara \u00e7arpt\u0131"}]},{"@type":"WebSite","@id":"https:\/\/denizcankizil.tr\/de\/#website","url":"https:\/\/denizcankizil.tr\/de\/","name":"Av. Deniz Can K\u0131z\u0131l","description":"Avukat Deniz Can K\u0131z\u0131l Antalya Barosu","publisher":{"@id":"https:\/\/denizcankizil.tr\/de\/#organization"},"potentialAction":[{"@type":"SearchAction","target":{"@type":"EntryPoint","urlTemplate":"https:\/\/denizcankizil.tr\/de\/?s={search_term_string}"},"query-input":{"@type":"PropertyValueSpecification","valueRequired":true,"valueName":"search_term_string"}}],"inLanguage":"uk"},{"@type":"Organization","@id":"https:\/\/denizcankizil.tr\/de\/#organization","name":"Av. Deniz Can K\u0131z\u0131l","url":"https:\/\/denizcankizil.tr\/de\/","logo":{"@type":"ImageObject","inLanguage":"uk","@id":"https:\/\/denizcankizil.tr\/de\/#\/schema\/logo\/image\/","url":"https:\/\/denizcankizil.tr\/wp-content\/uploads\/2024\/10\/siyah-logo-svg.svg","contentUrl":"https:\/\/denizcankizil.tr\/wp-content\/uploads\/2024\/10\/siyah-logo-svg.svg","width":1080,"height":1080,"caption":"Av. Deniz Can K\u0131z\u0131l"},"image":{"@id":"https:\/\/denizcankizil.tr\/de\/#\/schema\/logo\/image\/"}},{"@type":"Person","@id":"https:\/\/denizcankizil.tr\/de\/#\/schema\/person\/5dc1b22991bd7ac833867c10afc9b0ff","name":"Av. Deniz Can K\u0131z\u0131l","image":{"@type":"ImageObject","inLanguage":"uk","@id":"https:\/\/denizcankizil.tr\/de\/#\/schema\/person\/image\/","url":"https:\/\/secure.gravatar.com\/avatar\/a0b128fb9855c79efc976d5640eedb31dc35ec297594d6016d2cf7c60e975bb6?s=96&d=mm&r=g","contentUrl":"https:\/\/secure.gravatar.com\/avatar\/a0b128fb9855c79efc976d5640eedb31dc35ec297594d6016d2cf7c60e975bb6?s=96&d=mm&r=g","caption":"Av. Deniz Can K\u0131z\u0131l"},"sameAs":["http:\/\/www.denizcankizil.tr"],"url":"https:\/\/denizcankizil.tr\/uk\/author\/denizcankizil\/"}]}},"_links":{"self":[{"href":"https:\/\/denizcankizil.tr\/uk\/wp-json\/wp\/v2\/posts\/30935","targetHints":{"allow":["GET"]}}],"collection":[{"href":"https:\/\/denizcankizil.tr\/uk\/wp-json\/wp\/v2\/posts"}],"about":[{"href":"https:\/\/denizcankizil.tr\/uk\/wp-json\/wp\/v2\/types\/post"}],"author":[{"embeddable":true,"href":"https:\/\/denizcankizil.tr\/uk\/wp-json\/wp\/v2\/users\/4"}],"replies":[{"embeddable":true,"href":"https:\/\/denizcankizil.tr\/uk\/wp-json\/wp\/v2\/comments?post=30935"}],"version-history":[{"count":0,"href":"https:\/\/denizcankizil.tr\/uk\/wp-json\/wp\/v2\/posts\/30935\/revisions"}],"wp:featuredmedia":[{"embeddable":true,"href":"https:\/\/denizcankizil.tr\/uk\/wp-json\/wp\/v2\/media\/30936"}],"wp:attachment":[{"href":"https:\/\/denizcankizil.tr\/uk\/wp-json\/wp\/v2\/media?parent=30935"}],"wp:term":[{"taxonomy":"category","embeddable":true,"href":"https:\/\/denizcankizil.tr\/uk\/wp-json\/wp\/v2\/categories?post=30935"},{"taxonomy":"post_tag","embeddable":true,"href":"https:\/\/denizcankizil.tr\/uk\/wp-json\/wp\/v2\/tags?post=30935"}],"curies":[{"name":"wp","href":"https:\/\/api.w.org\/{rel}","templated":true}]}}