{"id":30925,"date":"2025-02-07T10:42:40","date_gmt":"2025-02-07T07:42:40","guid":{"rendered":"https:\/\/denizcankizil.tr\/uncategorized-tr\/enezde-hamsi-avciligina-siki-denetim\/"},"modified":"2025-02-07T10:42:40","modified_gmt":"2025-02-07T07:42:40","slug":"enezde-hamsi-avciligina-siki-denetim","status":"publish","type":"post","link":"https:\/\/denizcankizil.tr\/uk\/haberler\/gundem\/enezde-hamsi-avciligina-siki-denetim\/","title":{"rendered":"Enez\u2019de hamsi avc\u0131l\u0131\u011f\u0131na s\u0131k\u0131 denetim"},"content":{"rendered":"<p>Edirne&#8217;de Enez Bal\u0131k\u00e7\u0131 Bar\u0131na\u011f\u0131\u2019nda \u201cHamsi Avc\u0131l\u0131\u011f\u0131nda Kota ve \u00dcretim Planlamas\u0131n\u0131n Uygulanmas\u0131na ili\u015fkin Talimatlar\u201d kapsam\u0131nda \u0130l\u00e7e M\u00fcd\u00fcrl\u00fc\u011f\u00fc Su \u00dcr\u00fcnleri Kontrol g\u00f6revlileri taraf\u0131ndan detayl\u0131 denetimler s\u0131k\u0131la\u015ft\u0131r\u0131ld\u0131.Erdo\u011fan DEM\u0130R \/ ED\u0130RNE (\u0130GFA) &#8211; Enez Bal\u0131k\u00e7\u0131 Bar\u0131na\u011f\u0131\u2019nda, Hamsi Avc\u0131l\u0131\u011f\u0131nda Kota ve \u00dcretim Planlamas\u0131n\u0131n Uygulanmas\u0131na ili\u015fkin Talimatlar kapsam\u0131nda Su \u00dcr\u00fcnleri Kontrol G\u00f6revlileri taraf\u0131ndan denetimler ger\u00e7ekle\u015ftirildi.<br \/>\nE-seyir defteri, nakil belgesi, bal\u0131k boy \u00f6l\u00e7\u00fcm\u00fc ve yasak t\u00fcr kontrolleri yap\u0131larak, bal\u0131k\u00e7\u0131lar ilgili mevzuatlar konusunda bilgilendirildi.<br \/>\n1380 say\u0131l\u0131 Su \u00dcr\u00fcnleri Kanunu \u00e7er\u00e7evesinde ger\u00e7ekle\u015ftirilen kontrollerde, e-seyir defteri kontrolleri, nakil belgesi d\u00fczenleme prosed\u00fcrleri, bal\u0131k boy \u00f6l\u00e7\u00fcmleri ve yasak t\u00fcr denetimleri gibi hususlar titizlikle incelendi.<\/p>\n<p>Su \u00dcr\u00fcnleri Kontrol G\u00f6revlileri, bal\u0131k\u00e7\u0131lara ilgili mevzuatlar hakk\u0131nda bilgilendirme yaparak, s\u00fcrd\u00fcr\u00fclebilir avc\u0131l\u0131\u011f\u0131n \u00f6nemi konusunda fark\u0131ndal\u0131k olu\u015fturdu.<br \/>\nYetkililer, su \u00fcr\u00fcnleri kaynaklar\u0131n\u0131n korunmas\u0131 i\u00e7in denetimlerin d\u00fczenli olarak devam edece\u011fini belirtirken, vatanda\u015flar i\u00e7in #Haftada2G\u00fcnBal\u0131kYa\u015famBoyuSa\u011fl\u0131k etiketiyle sa\u011fl\u0131kl\u0131 beslenme i\u00e7in bal\u0131k t\u00fcketiminin te\u015fvik edildi.<\/p>\n<p>\u200bEdirne&#8217;de Enez Bal\u0131k\u00e7\u0131 Bar\u0131na\u011f\u0131\u2019nda \u201cHamsi Avc\u0131l\u0131\u011f\u0131nda Kota ve \u00dcretim Planlamas\u0131n\u0131n Uygulanmas\u0131na ili\u015fkin Talimatlar\u201d kapsam\u0131nda \u0130l\u00e7e M\u00fcd\u00fcrl\u00fc\u011f\u00fc Su \u00dcr\u00fcnleri Kontrol g\u00f6revlileri taraf\u0131ndan detayl\u0131 denetimler s\u0131k\u0131la\u015ft\u0131r\u0131ld\u0131.Erdo\u011fan DEM\u0130R \/ ED\u0130RNE (\u0130GFA) &#8211; Enez Bal\u0131k\u00e7\u0131 Bar\u0131na\u011f\u0131\u2019nda, Hamsi Avc\u0131l\u0131\u011f\u0131nda Kota ve \u00dcretim Planlamas\u0131n\u0131n Uygulanmas\u0131na ili\u015fkin Talimatlar kapsam\u0131nda Su \u00dcr\u00fcnleri Kontrol G\u00f6revlileri taraf\u0131ndan denetimler ger\u00e7ekle\u015ftirildi.<br \/>\nE-seyir defteri, nakil belgesi, bal\u0131k boy \u00f6l\u00e7\u00fcm\u00fc ve yasak t\u00fcr kontrolleri yap\u0131larak, bal\u0131k\u00e7\u0131lar ilgili mevzuatlar konusunda bilgilendirildi.<br \/>\n1380 say\u0131l\u0131 Su \u00dcr\u00fcnleri Kanunu \u00e7er\u00e7evesinde ger\u00e7ekle\u015ftirilen kontrollerde, e-seyir defteri kontrolleri, nakil belgesi d\u00fczenleme prosed\u00fcrleri, bal\u0131k boy \u00f6l\u00e7\u00fcmleri ve yasak t\u00fcr denetimleri gibi hususlar titizlikle incelendi.<\/p>\n<p>Su \u00dcr\u00fcnleri Kontrol G\u00f6revlileri, bal\u0131k\u00e7\u0131lara ilgili mevzuatlar hakk\u0131nda bilgilendirme yaparak, s\u00fcrd\u00fcr\u00fclebilir avc\u0131l\u0131\u011f\u0131n \u00f6nemi konusunda fark\u0131ndal\u0131k olu\u015fturdu.<br \/>\nYetkililer, su \u00fcr\u00fcnleri kaynaklar\u0131n\u0131n korunmas\u0131 i\u00e7in denetimlerin d\u00fczenli olarak devam edece\u011fini belirtirken, vatanda\u015flar i\u00e7in #Haftada2G\u00fcnBal\u0131kYa\u015famBoyuSa\u011fl\u0131k etiketiyle sa\u011fl\u0131kl\u0131 beslenme i\u00e7in bal\u0131k t\u00fcketiminin te\u015fvik edildi.\u00a0<\/p>\n<p>\u200bHaberin Al\u0131nt\u0131land\u0131\u011f\u0131 Kaynak: www.iskenderun.org<\/p>","protected":false},"excerpt":{"rendered":"<p>Edirne&#8217;de Enez Bal\u0131k\u00e7\u0131 Bar\u0131na\u011f\u0131\u2019nda \u201cHamsi Avc\u0131l\u0131\u011f\u0131nda Kota ve \u00dcretim Planlamas\u0131n\u0131n Uygulanmas\u0131na ili\u015fkin Talimatlar\u201d kapsam\u0131nda \u0130l\u00e7e M\u00fcd\u00fcrl\u00fc\u011f\u00fc Su \u00dcr\u00fcnleri Kontrol g\u00f6revlileri taraf\u0131ndan detayl\u0131 denetimler s\u0131k\u0131la\u015ft\u0131r\u0131ld\u0131.Erdo\u011fan DEM\u0130R \/ ED\u0130RNE (\u0130GFA) &#8211; Enez Bal\u0131k\u00e7\u0131 Bar\u0131na\u011f\u0131\u2019nda, Hamsi Avc\u0131l\u0131\u011f\u0131nda Kota ve \u00dcretim Planlamas\u0131n\u0131n Uygulanmas\u0131na ili\u015fkin Talimatlar kapsam\u0131nda Su \u00dcr\u00fcnleri Kontrol G\u00f6revlileri taraf\u0131ndan denetimler ger\u00e7ekle\u015ftirildi. E-seyir defteri, nakil belgesi, bal\u0131k boy \u00f6l\u00e7\u00fcm\u00fc ve yasak t\u00fcr kontrolleri yap\u0131larak, bal\u0131k\u00e7\u0131lar ilgili mevzuatlar konusunda bilgilendirildi. 1380 say\u0131l\u0131 Su \u00dcr\u00fcnleri Kanunu \u00e7er\u00e7evesinde ger\u00e7ekle\u015ftirilen kontrollerde, e-seyir defteri kontrolleri, nakil belgesi d\u00fczenleme prosed\u00fcrleri, bal\u0131k boy \u00f6l\u00e7\u00fcmleri ve yasak t\u00fcr denetimleri gibi hususlar titizlikle incelendi. Su \u00dcr\u00fcnleri Kontrol G\u00f6revlileri, bal\u0131k\u00e7\u0131lara ilgili mevzuatlar hakk\u0131nda bilgilendirme yaparak, s\u00fcrd\u00fcr\u00fclebilir avc\u0131l\u0131\u011f\u0131n \u00f6nemi konusunda fark\u0131ndal\u0131k olu\u015fturdu. Yetkililer, su \u00fcr\u00fcnleri kaynaklar\u0131n\u0131n korunmas\u0131 i\u00e7in denetimlerin d\u00fczenli olarak devam edece\u011fini belirtirken, vatanda\u015flar i\u00e7in #Haftada2G\u00fcnBal\u0131kYa\u015famBoyuSa\u011fl\u0131k etiketiyle sa\u011fl\u0131kl\u0131 beslenme i\u00e7in bal\u0131k t\u00fcketiminin te\u015fvik edildi. \u200bEdirne&#8217;de Enez Bal\u0131k\u00e7\u0131 Bar\u0131na\u011f\u0131\u2019nda \u201cHamsi Avc\u0131l\u0131\u011f\u0131nda Kota ve \u00dcretim Planlamas\u0131n\u0131n Uygulanmas\u0131na ili\u015fkin Talimatlar\u201d kapsam\u0131nda \u0130l\u00e7e M\u00fcd\u00fcrl\u00fc\u011f\u00fc Su \u00dcr\u00fcnleri Kontrol g\u00f6revlileri taraf\u0131ndan detayl\u0131 denetimler s\u0131k\u0131la\u015ft\u0131r\u0131ld\u0131.Erdo\u011fan DEM\u0130R \/ ED\u0130RNE (\u0130GFA) &#8211; Enez Bal\u0131k\u00e7\u0131 Bar\u0131na\u011f\u0131\u2019nda, Hamsi Avc\u0131l\u0131\u011f\u0131nda Kota ve \u00dcretim Planlamas\u0131n\u0131n Uygulanmas\u0131na ili\u015fkin Talimatlar kapsam\u0131nda Su \u00dcr\u00fcnleri Kontrol G\u00f6revlileri taraf\u0131ndan denetimler ger\u00e7ekle\u015ftirildi. E-seyir defteri, nakil belgesi, bal\u0131k boy \u00f6l\u00e7\u00fcm\u00fc ve yasak t\u00fcr kontrolleri yap\u0131larak, bal\u0131k\u00e7\u0131lar ilgili mevzuatlar konusunda bilgilendirildi. 1380 say\u0131l\u0131 Su &hellip;<\/p>","protected":false},"author":1,"featured_media":0,"comment_status":"open","ping_status":"open","sticky":false,"template":"","format":"standard","meta":{"_acf_changed":false,"footnotes":""},"categories":[24],"tags":[],"class_list":["post-30925","post","type-post","status-publish","format-standard","has-post-thumbnail","hentry","category-gundem"],"acf":[],"yoast_head":"<!-- This site is optimized with the Yoast SEO Premium plugin v26.6 (Yoast SEO v27.1.1) - https:\/\/yoast.com\/product\/yoast-seo-premium-wordpress\/ -->\n<title>Enez\u2019de hamsi avc\u0131l\u0131\u011f\u0131na s\u0131k\u0131 denetim - Av. Deniz Can K\u0131z\u0131l<\/title>\n<meta name=\"robots\" content=\"index, follow, max-snippet:-1, max-image-preview:large, max-video-preview:-1\" \/>\n<link rel=\"canonical\" href=\"https:\/\/denizcankizil.tr\/uk\/haberler\/gundem\/enezde-hamsi-avciligina-siki-denetim\/\" \/>\n<meta property=\"og:locale\" content=\"uk_UA\" \/>\n<meta property=\"og:type\" content=\"article\" \/>\n<meta property=\"og:title\" content=\"Enez\u2019de hamsi avc\u0131l\u0131\u011f\u0131na s\u0131k\u0131 denetim\" \/>\n<meta property=\"og:description\" content=\"Edirne&#8217;de Enez Bal\u0131k\u00e7\u0131 Bar\u0131na\u011f\u0131\u2019nda \u201cHamsi Avc\u0131l\u0131\u011f\u0131nda Kota ve \u00dcretim Planlamas\u0131n\u0131n Uygulanmas\u0131na ili\u015fkin Talimatlar\u201d kapsam\u0131nda \u0130l\u00e7e M\u00fcd\u00fcrl\u00fc\u011f\u00fc Su \u00dcr\u00fcnleri Kontrol g\u00f6revlileri taraf\u0131ndan detayl\u0131 denetimler s\u0131k\u0131la\u015ft\u0131r\u0131ld\u0131.Erdo\u011fan DEM\u0130R \/ ED\u0130RNE (\u0130GFA) &#8211; Enez Bal\u0131k\u00e7\u0131 Bar\u0131na\u011f\u0131\u2019nda, Hamsi Avc\u0131l\u0131\u011f\u0131nda Kota ve \u00dcretim Planlamas\u0131n\u0131n Uygulanmas\u0131na ili\u015fkin Talimatlar kapsam\u0131nda Su \u00dcr\u00fcnleri Kontrol G\u00f6revlileri taraf\u0131ndan denetimler ger\u00e7ekle\u015ftirildi. E-seyir defteri, nakil belgesi, bal\u0131k boy \u00f6l\u00e7\u00fcm\u00fc ve yasak t\u00fcr kontrolleri yap\u0131larak, bal\u0131k\u00e7\u0131lar ilgili mevzuatlar konusunda bilgilendirildi. 1380 say\u0131l\u0131 Su \u00dcr\u00fcnleri Kanunu \u00e7er\u00e7evesinde ger\u00e7ekle\u015ftirilen kontrollerde, e-seyir defteri kontrolleri, nakil belgesi d\u00fczenleme prosed\u00fcrleri, bal\u0131k boy \u00f6l\u00e7\u00fcmleri ve yasak t\u00fcr denetimleri gibi hususlar titizlikle incelendi. Su \u00dcr\u00fcnleri Kontrol G\u00f6revlileri, bal\u0131k\u00e7\u0131lara ilgili mevzuatlar hakk\u0131nda bilgilendirme yaparak, s\u00fcrd\u00fcr\u00fclebilir avc\u0131l\u0131\u011f\u0131n \u00f6nemi konusunda fark\u0131ndal\u0131k olu\u015fturdu. Yetkililer, su \u00fcr\u00fcnleri kaynaklar\u0131n\u0131n korunmas\u0131 i\u00e7in denetimlerin d\u00fczenli olarak devam edece\u011fini belirtirken, vatanda\u015flar i\u00e7in #Haftada2G\u00fcnBal\u0131kYa\u015famBoyuSa\u011fl\u0131k etiketiyle sa\u011fl\u0131kl\u0131 beslenme i\u00e7in bal\u0131k t\u00fcketiminin te\u015fvik edildi. \u200bEdirne&#8217;de Enez Bal\u0131k\u00e7\u0131 Bar\u0131na\u011f\u0131\u2019nda \u201cHamsi Avc\u0131l\u0131\u011f\u0131nda Kota ve \u00dcretim Planlamas\u0131n\u0131n Uygulanmas\u0131na ili\u015fkin Talimatlar\u201d kapsam\u0131nda \u0130l\u00e7e M\u00fcd\u00fcrl\u00fc\u011f\u00fc Su \u00dcr\u00fcnleri Kontrol g\u00f6revlileri taraf\u0131ndan detayl\u0131 denetimler s\u0131k\u0131la\u015ft\u0131r\u0131ld\u0131.Erdo\u011fan DEM\u0130R \/ ED\u0130RNE (\u0130GFA) &#8211; Enez Bal\u0131k\u00e7\u0131 Bar\u0131na\u011f\u0131\u2019nda, Hamsi Avc\u0131l\u0131\u011f\u0131nda Kota ve \u00dcretim Planlamas\u0131n\u0131n Uygulanmas\u0131na ili\u015fkin Talimatlar kapsam\u0131nda Su \u00dcr\u00fcnleri Kontrol G\u00f6revlileri taraf\u0131ndan denetimler ger\u00e7ekle\u015ftirildi. E-seyir defteri, nakil belgesi, bal\u0131k boy \u00f6l\u00e7\u00fcm\u00fc ve yasak t\u00fcr kontrolleri yap\u0131larak, bal\u0131k\u00e7\u0131lar ilgili mevzuatlar konusunda bilgilendirildi. 1380 say\u0131l\u0131 Su &hellip;\" \/>\n<meta property=\"og:url\" content=\"https:\/\/denizcankizil.tr\/uk\/haberler\/gundem\/enezde-hamsi-avciligina-siki-denetim\/\" \/>\n<meta property=\"og:site_name\" content=\"Av. Deniz Can K\u0131z\u0131l\" \/>\n<meta property=\"article:published_time\" content=\"2025-02-07T07:42:40+00:00\" \/>\n<meta name=\"author\" content=\"admin\" \/>\n<meta name=\"twitter:card\" content=\"summary_large_image\" \/>\n<meta name=\"twitter:label1\" content=\"\u041d\u0430\u043f\u0438\u0441\u0430\u043d\u043e\" \/>\n\t<meta name=\"twitter:data1\" content=\"admin\" \/>\n\t<meta name=\"twitter:label2\" content=\"\u041f\u0440\u0438\u0431\u043b. \u0447\u0430\u0441 \u0447\u0438\u0442\u0430\u043d\u043d\u044f\" \/>\n\t<meta name=\"twitter:data2\" content=\"2 \u0445\u0432\u0438\u043b\u0438\u043d\u0438\" \/>\n<script type=\"application\/ld+json\" class=\"yoast-schema-graph\">{\"@context\":\"https:\/\/schema.org\",\"@graph\":[{\"@type\":\"Article\",\"@id\":\"https:\/\/denizcankizil.tr\/ru\/haberler\/gundem\/enezde-hamsi-avciligina-siki-denetim\/#article\",\"isPartOf\":{\"@id\":\"https:\/\/denizcankizil.tr\/ru\/haberler\/gundem\/enezde-hamsi-avciligina-siki-denetim\/\"},\"author\":{\"name\":\"admin\",\"@id\":\"https:\/\/denizcankizil.tr\/de\/#\/schema\/person\/be3c05fe6a12686905512445d8185489\"},\"headline\":\"Enez\u2019de hamsi avc\u0131l\u0131\u011f\u0131na s\u0131k\u0131 denetim\",\"datePublished\":\"2025-02-07T07:42:40+00:00\",\"mainEntityOfPage\":{\"@id\":\"https:\/\/denizcankizil.tr\/ru\/haberler\/gundem\/enezde-hamsi-avciligina-siki-denetim\/\"},\"wordCount\":455,\"commentCount\":0,\"publisher\":{\"@id\":\"https:\/\/denizcankizil.tr\/de\/#organization\"},\"articleSection\":[\"G\u00fcndem\"],\"inLanguage\":\"uk\",\"potentialAction\":[{\"@type\":\"CommentAction\",\"name\":\"Comment\",\"target\":[\"https:\/\/denizcankizil.tr\/ru\/haberler\/gundem\/enezde-hamsi-avciligina-siki-denetim\/#respond\"]}]},{\"@type\":\"WebPage\",\"@id\":\"https:\/\/denizcankizil.tr\/ru\/haberler\/gundem\/enezde-hamsi-avciligina-siki-denetim\/\",\"url\":\"https:\/\/denizcankizil.tr\/ru\/haberler\/gundem\/enezde-hamsi-avciligina-siki-denetim\/\",\"name\":\"Enez\u2019de hamsi avc\u0131l\u0131\u011f\u0131na s\u0131k\u0131 denetim - Av. Deniz Can K\u0131z\u0131l\",\"isPartOf\":{\"@id\":\"https:\/\/denizcankizil.tr\/de\/#website\"},\"datePublished\":\"2025-02-07T07:42:40+00:00\",\"breadcrumb\":{\"@id\":\"https:\/\/denizcankizil.tr\/ru\/haberler\/gundem\/enezde-hamsi-avciligina-siki-denetim\/#breadcrumb\"},\"inLanguage\":\"uk\",\"potentialAction\":[{\"@type\":\"ReadAction\",\"target\":[\"https:\/\/denizcankizil.tr\/ru\/haberler\/gundem\/enezde-hamsi-avciligina-siki-denetim\/\"]}]},{\"@type\":\"BreadcrumbList\",\"@id\":\"https:\/\/denizcankizil.tr\/ru\/haberler\/gundem\/enezde-hamsi-avciligina-siki-denetim\/#breadcrumb\",\"itemListElement\":[{\"@type\":\"ListItem\",\"position\":1,\"name\":\"Home\",\"item\":\"https:\/\/denizcankizil.tr\/de\/\"},{\"@type\":\"ListItem\",\"position\":2,\"name\":\"Enez\u2019de hamsi avc\u0131l\u0131\u011f\u0131na s\u0131k\u0131 denetim\"}]},{\"@type\":\"WebSite\",\"@id\":\"https:\/\/denizcankizil.tr\/de\/#website\",\"url\":\"https:\/\/denizcankizil.tr\/de\/\",\"name\":\"Av. Deniz Can K\u0131z\u0131l\",\"description\":\"Avukat Deniz Can K\u0131z\u0131l Antalya Barosu\",\"publisher\":{\"@id\":\"https:\/\/denizcankizil.tr\/de\/#organization\"},\"potentialAction\":[{\"@type\":\"SearchAction\",\"target\":{\"@type\":\"EntryPoint\",\"urlTemplate\":\"https:\/\/denizcankizil.tr\/de\/?s={search_term_string}\"},\"query-input\":{\"@type\":\"PropertyValueSpecification\",\"valueRequired\":true,\"valueName\":\"search_term_string\"}}],\"inLanguage\":\"uk\"},{\"@type\":\"Organization\",\"@id\":\"https:\/\/denizcankizil.tr\/de\/#organization\",\"name\":\"Av. Deniz Can K\u0131z\u0131l\",\"url\":\"https:\/\/denizcankizil.tr\/de\/\",\"logo\":{\"@type\":\"ImageObject\",\"inLanguage\":\"uk\",\"@id\":\"https:\/\/denizcankizil.tr\/de\/#\/schema\/logo\/image\/\",\"url\":\"https:\/\/denizcankizil.tr\/wp-content\/uploads\/2024\/10\/siyah-logo-svg.svg\",\"contentUrl\":\"https:\/\/denizcankizil.tr\/wp-content\/uploads\/2024\/10\/siyah-logo-svg.svg\",\"width\":1080,\"height\":1080,\"caption\":\"Av. Deniz Can K\u0131z\u0131l\"},\"image\":{\"@id\":\"https:\/\/denizcankizil.tr\/de\/#\/schema\/logo\/image\/\"}},{\"@type\":\"Person\",\"@id\":\"https:\/\/denizcankizil.tr\/de\/#\/schema\/person\/be3c05fe6a12686905512445d8185489\",\"name\":\"admin\",\"image\":{\"@type\":\"ImageObject\",\"inLanguage\":\"uk\",\"@id\":\"https:\/\/denizcankizil.tr\/de\/#\/schema\/person\/image\/\",\"url\":\"https:\/\/secure.gravatar.com\/avatar\/c1fce94c830dc79107e174f890d7210541c4a63e8e5d816341794a2151c9d58c?s=96&d=mm&r=g\",\"contentUrl\":\"https:\/\/secure.gravatar.com\/avatar\/c1fce94c830dc79107e174f890d7210541c4a63e8e5d816341794a2151c9d58c?s=96&d=mm&r=g\",\"caption\":\"admin\"},\"sameAs\":[\"http:\/\/denizcankizil.tr\"],\"url\":\"https:\/\/www.iskenderun.org\/enezde-hamsi-avciligina-siki-denetim\"}]}<\/script>\n<!-- \/ Yoast SEO Premium plugin. -->","yoast_head_json":{"title":"Enez\u2019de hamsi avc\u0131l\u0131\u011f\u0131na s\u0131k\u0131 denetim - Av. Deniz Can K\u0131z\u0131l","robots":{"index":"index","follow":"follow","max-snippet":"max-snippet:-1","max-image-preview":"max-image-preview:large","max-video-preview":"max-video-preview:-1"},"canonical":"https:\/\/denizcankizil.tr\/uk\/haberler\/gundem\/enezde-hamsi-avciligina-siki-denetim\/","og_locale":"uk_UA","og_type":"article","og_title":"Enez\u2019de hamsi avc\u0131l\u0131\u011f\u0131na s\u0131k\u0131 denetim","og_description":"Edirne&#8217;de Enez Bal\u0131k\u00e7\u0131 Bar\u0131na\u011f\u0131\u2019nda \u201cHamsi Avc\u0131l\u0131\u011f\u0131nda Kota ve \u00dcretim Planlamas\u0131n\u0131n Uygulanmas\u0131na ili\u015fkin Talimatlar\u201d kapsam\u0131nda \u0130l\u00e7e M\u00fcd\u00fcrl\u00fc\u011f\u00fc Su \u00dcr\u00fcnleri Kontrol g\u00f6revlileri taraf\u0131ndan detayl\u0131 denetimler s\u0131k\u0131la\u015ft\u0131r\u0131ld\u0131.Erdo\u011fan DEM\u0130R \/ ED\u0130RNE (\u0130GFA) &#8211; Enez Bal\u0131k\u00e7\u0131 Bar\u0131na\u011f\u0131\u2019nda, Hamsi Avc\u0131l\u0131\u011f\u0131nda Kota ve \u00dcretim Planlamas\u0131n\u0131n Uygulanmas\u0131na ili\u015fkin Talimatlar kapsam\u0131nda Su \u00dcr\u00fcnleri Kontrol G\u00f6revlileri taraf\u0131ndan denetimler ger\u00e7ekle\u015ftirildi. E-seyir defteri, nakil belgesi, bal\u0131k boy \u00f6l\u00e7\u00fcm\u00fc ve yasak t\u00fcr kontrolleri yap\u0131larak, bal\u0131k\u00e7\u0131lar ilgili mevzuatlar konusunda bilgilendirildi. 1380 say\u0131l\u0131 Su \u00dcr\u00fcnleri Kanunu \u00e7er\u00e7evesinde ger\u00e7ekle\u015ftirilen kontrollerde, e-seyir defteri kontrolleri, nakil belgesi d\u00fczenleme prosed\u00fcrleri, bal\u0131k boy \u00f6l\u00e7\u00fcmleri ve yasak t\u00fcr denetimleri gibi hususlar titizlikle incelendi. Su \u00dcr\u00fcnleri Kontrol G\u00f6revlileri, bal\u0131k\u00e7\u0131lara ilgili mevzuatlar hakk\u0131nda bilgilendirme yaparak, s\u00fcrd\u00fcr\u00fclebilir avc\u0131l\u0131\u011f\u0131n \u00f6nemi konusunda fark\u0131ndal\u0131k olu\u015fturdu. Yetkililer, su \u00fcr\u00fcnleri kaynaklar\u0131n\u0131n korunmas\u0131 i\u00e7in denetimlerin d\u00fczenli olarak devam edece\u011fini belirtirken, vatanda\u015flar i\u00e7in #Haftada2G\u00fcnBal\u0131kYa\u015famBoyuSa\u011fl\u0131k etiketiyle sa\u011fl\u0131kl\u0131 beslenme i\u00e7in bal\u0131k t\u00fcketiminin te\u015fvik edildi. \u200bEdirne&#8217;de Enez Bal\u0131k\u00e7\u0131 Bar\u0131na\u011f\u0131\u2019nda \u201cHamsi Avc\u0131l\u0131\u011f\u0131nda Kota ve \u00dcretim Planlamas\u0131n\u0131n Uygulanmas\u0131na ili\u015fkin Talimatlar\u201d kapsam\u0131nda \u0130l\u00e7e M\u00fcd\u00fcrl\u00fc\u011f\u00fc Su \u00dcr\u00fcnleri Kontrol g\u00f6revlileri taraf\u0131ndan detayl\u0131 denetimler s\u0131k\u0131la\u015ft\u0131r\u0131ld\u0131.Erdo\u011fan DEM\u0130R \/ ED\u0130RNE (\u0130GFA) &#8211; Enez Bal\u0131k\u00e7\u0131 Bar\u0131na\u011f\u0131\u2019nda, Hamsi Avc\u0131l\u0131\u011f\u0131nda Kota ve \u00dcretim Planlamas\u0131n\u0131n Uygulanmas\u0131na ili\u015fkin Talimatlar kapsam\u0131nda Su \u00dcr\u00fcnleri Kontrol G\u00f6revlileri taraf\u0131ndan denetimler ger\u00e7ekle\u015ftirildi. E-seyir defteri, nakil belgesi, bal\u0131k boy \u00f6l\u00e7\u00fcm\u00fc ve yasak t\u00fcr kontrolleri yap\u0131larak, bal\u0131k\u00e7\u0131lar ilgili mevzuatlar konusunda bilgilendirildi. 1380 say\u0131l\u0131 Su &hellip;","og_url":"https:\/\/denizcankizil.tr\/uk\/haberler\/gundem\/enezde-hamsi-avciligina-siki-denetim\/","og_site_name":"Av. Deniz Can K\u0131z\u0131l","article_published_time":"2025-02-07T07:42:40+00:00","author":"admin","twitter_card":"summary_large_image","twitter_misc":{"\u041d\u0430\u043f\u0438\u0441\u0430\u043d\u043e":"admin","\u041f\u0440\u0438\u0431\u043b. \u0447\u0430\u0441 \u0447\u0438\u0442\u0430\u043d\u043d\u044f":"2 \u0445\u0432\u0438\u043b\u0438\u043d\u0438"},"schema":{"@context":"https:\/\/schema.org","@graph":[{"@type":"Article","@id":"https:\/\/denizcankizil.tr\/ru\/haberler\/gundem\/enezde-hamsi-avciligina-siki-denetim\/#article","isPartOf":{"@id":"https:\/\/denizcankizil.tr\/ru\/haberler\/gundem\/enezde-hamsi-avciligina-siki-denetim\/"},"author":{"name":"admin","@id":"https:\/\/denizcankizil.tr\/de\/#\/schema\/person\/be3c05fe6a12686905512445d8185489"},"headline":"Enez\u2019de hamsi avc\u0131l\u0131\u011f\u0131na s\u0131k\u0131 denetim","datePublished":"2025-02-07T07:42:40+00:00","mainEntityOfPage":{"@id":"https:\/\/denizcankizil.tr\/ru\/haberler\/gundem\/enezde-hamsi-avciligina-siki-denetim\/"},"wordCount":455,"commentCount":0,"publisher":{"@id":"https:\/\/denizcankizil.tr\/de\/#organization"},"articleSection":["G\u00fcndem"],"inLanguage":"uk","potentialAction":[{"@type":"CommentAction","name":"Comment","target":["https:\/\/denizcankizil.tr\/ru\/haberler\/gundem\/enezde-hamsi-avciligina-siki-denetim\/#respond"]}]},{"@type":"WebPage","@id":"https:\/\/denizcankizil.tr\/ru\/haberler\/gundem\/enezde-hamsi-avciligina-siki-denetim\/","url":"https:\/\/denizcankizil.tr\/ru\/haberler\/gundem\/enezde-hamsi-avciligina-siki-denetim\/","name":"Enez\u2019de hamsi avc\u0131l\u0131\u011f\u0131na s\u0131k\u0131 denetim - Av. Deniz Can K\u0131z\u0131l","isPartOf":{"@id":"https:\/\/denizcankizil.tr\/de\/#website"},"datePublished":"2025-02-07T07:42:40+00:00","breadcrumb":{"@id":"https:\/\/denizcankizil.tr\/ru\/haberler\/gundem\/enezde-hamsi-avciligina-siki-denetim\/#breadcrumb"},"inLanguage":"uk","potentialAction":[{"@type":"ReadAction","target":["https:\/\/denizcankizil.tr\/ru\/haberler\/gundem\/enezde-hamsi-avciligina-siki-denetim\/"]}]},{"@type":"BreadcrumbList","@id":"https:\/\/denizcankizil.tr\/ru\/haberler\/gundem\/enezde-hamsi-avciligina-siki-denetim\/#breadcrumb","itemListElement":[{"@type":"ListItem","position":1,"name":"Home","item":"https:\/\/denizcankizil.tr\/de\/"},{"@type":"ListItem","position":2,"name":"Enez\u2019de hamsi avc\u0131l\u0131\u011f\u0131na s\u0131k\u0131 denetim"}]},{"@type":"WebSite","@id":"https:\/\/denizcankizil.tr\/de\/#website","url":"https:\/\/denizcankizil.tr\/de\/","name":"Av. Deniz Can K\u0131z\u0131l","description":"Avukat Deniz Can K\u0131z\u0131l Antalya Barosu","publisher":{"@id":"https:\/\/denizcankizil.tr\/de\/#organization"},"potentialAction":[{"@type":"SearchAction","target":{"@type":"EntryPoint","urlTemplate":"https:\/\/denizcankizil.tr\/de\/?s={search_term_string}"},"query-input":{"@type":"PropertyValueSpecification","valueRequired":true,"valueName":"search_term_string"}}],"inLanguage":"uk"},{"@type":"Organization","@id":"https:\/\/denizcankizil.tr\/de\/#organization","name":"Av. Deniz Can K\u0131z\u0131l","url":"https:\/\/denizcankizil.tr\/de\/","logo":{"@type":"ImageObject","inLanguage":"uk","@id":"https:\/\/denizcankizil.tr\/de\/#\/schema\/logo\/image\/","url":"https:\/\/denizcankizil.tr\/wp-content\/uploads\/2024\/10\/siyah-logo-svg.svg","contentUrl":"https:\/\/denizcankizil.tr\/wp-content\/uploads\/2024\/10\/siyah-logo-svg.svg","width":1080,"height":1080,"caption":"Av. Deniz Can K\u0131z\u0131l"},"image":{"@id":"https:\/\/denizcankizil.tr\/de\/#\/schema\/logo\/image\/"}},{"@type":"Person","@id":"https:\/\/denizcankizil.tr\/de\/#\/schema\/person\/be3c05fe6a12686905512445d8185489","name":"\u0430\u0434\u043c\u0456\u043d","image":{"@type":"ImageObject","inLanguage":"uk","@id":"https:\/\/denizcankizil.tr\/de\/#\/schema\/person\/image\/","url":"https:\/\/secure.gravatar.com\/avatar\/c1fce94c830dc79107e174f890d7210541c4a63e8e5d816341794a2151c9d58c?s=96&d=mm&r=g","contentUrl":"https:\/\/secure.gravatar.com\/avatar\/c1fce94c830dc79107e174f890d7210541c4a63e8e5d816341794a2151c9d58c?s=96&d=mm&r=g","caption":"admin"},"sameAs":["http:\/\/denizcankizil.tr"],"url":"https:\/\/www.iskenderun.org\/enezde-hamsi-avciligina-siki-denetim"}]}},"_links":{"self":[{"href":"https:\/\/denizcankizil.tr\/uk\/wp-json\/wp\/v2\/posts\/30925","targetHints":{"allow":["GET"]}}],"collection":[{"href":"https:\/\/denizcankizil.tr\/uk\/wp-json\/wp\/v2\/posts"}],"about":[{"href":"https:\/\/denizcankizil.tr\/uk\/wp-json\/wp\/v2\/types\/post"}],"author":[{"embeddable":true,"href":"https:\/\/denizcankizil.tr\/uk\/wp-json\/wp\/v2\/users\/1"}],"replies":[{"embeddable":true,"href":"https:\/\/denizcankizil.tr\/uk\/wp-json\/wp\/v2\/comments?post=30925"}],"version-history":[{"count":0,"href":"https:\/\/denizcankizil.tr\/uk\/wp-json\/wp\/v2\/posts\/30925\/revisions"}],"wp:attachment":[{"href":"https:\/\/denizcankizil.tr\/uk\/wp-json\/wp\/v2\/media?parent=30925"}],"wp:term":[{"taxonomy":"category","embeddable":true,"href":"https:\/\/denizcankizil.tr\/uk\/wp-json\/wp\/v2\/categories?post=30925"},{"taxonomy":"post_tag","embeddable":true,"href":"https:\/\/denizcankizil.tr\/uk\/wp-json\/wp\/v2\/tags?post=30925"}],"curies":[{"name":"wp","href":"https:\/\/api.w.org\/{rel}","templated":true}]}}