{"id":30761,"date":"2025-02-06T17:41:54","date_gmt":"2025-02-06T14:41:54","guid":{"rendered":"https:\/\/denizcankizil.tr\/uncategorized-tr\/depremde-annesini-kaybeden-muhammeti-ziyaret-etti\/"},"modified":"2025-02-06T17:41:54","modified_gmt":"2025-02-06T14:41:54","slug":"depremde-annesini-kaybeden-muhammeti-ziyaret-etti","status":"publish","type":"post","link":"https:\/\/denizcankizil.tr\/uk\/haberler\/gundem\/depremde-annesini-kaybeden-muhammeti-ziyaret-etti\/","title":{"rendered":"Depremde Annesini Kaybeden Muhammet\u2019i Ziyaret Etti"},"content":{"rendered":"<p>Emniyet M\u00fcd\u00fcr\u00fc Dinsever Din\u00e7er Kalkan, 6 \u015eubat 2023 tarihinde ya\u015fanan &#8220;asr\u0131n felaketi&#8221; olarak adland\u0131r\u0131lan depremde annesi Esma Kaya&#8217;y\u0131 kaybeden ve babas\u0131 Hasan Kaya ile birlikte ya\u015fayan Muhammet Efe\u2019yi ziyaret etti.<\/p>\n<p>\u00a0Emniyet M\u00fcd\u00fcr\u00fc Kalkan k\u00fc\u00e7\u00fck Muhammet Efe&#8217;ye boyama kitab\u0131, oyuncak polis arabas\u0131 ve \u00e7e\u015fitli hediye vererek, kendisi ile bir s\u00fcre sohbet etti.<\/p>\n<p>\u200bD\u00f6rtyol \u0130l\u00e7e Emniyet M\u00fcd\u00fcr\u00fc Dinsever Din\u00e7er Kalkan ya\u015fanan deprem felaketinde hayat\u0131n\u0131 kaybeden Esma Kaya\u2019n\u0131n o\u011flu Muhammet Efe Kaya\u2019y\u0131 ziyaret etti.\u00a0<\/p>\n<p>\u200bHaberin Al\u0131nt\u0131land\u0131\u011f\u0131 Kaynak: www.iskenderun.org<\/p>","protected":false},"excerpt":{"rendered":"<p>Emniyet M\u00fcd\u00fcr\u00fc Dinsever Din\u00e7er Kalkan, 6 \u015eubat 2023 tarihinde ya\u015fanan &#8220;asr\u0131n felaketi&#8221; olarak adland\u0131r\u0131lan depremde annesi Esma Kaya&#8217;y\u0131 kaybeden ve babas\u0131 Hasan Kaya ile birlikte ya\u015fayan Muhammet Efe\u2019yi ziyaret etti. \u00a0Emniyet M\u00fcd\u00fcr\u00fc Kalkan k\u00fc\u00e7\u00fck Muhammet Efe&#8217;ye boyama kitab\u0131, oyuncak polis arabas\u0131 ve \u00e7e\u015fitli hediye vererek, kendisi ile bir s\u00fcre sohbet etti. \u200bD\u00f6rtyol \u0130l\u00e7e Emniyet M\u00fcd\u00fcr\u00fc Dinsever Din\u00e7er Kalkan ya\u015fanan deprem felaketinde hayat\u0131n\u0131 kaybeden Esma Kaya\u2019n\u0131n o\u011flu Muhammet Efe Kaya\u2019y\u0131 ziyaret etti.\u00a0 \u200bHaberin Al\u0131nt\u0131land\u0131\u011f\u0131 Kaynak: www.iskenderun.org<\/p>","protected":false},"author":1,"featured_media":0,"comment_status":"open","ping_status":"open","sticky":false,"template":"","format":"standard","meta":{"_acf_changed":false,"footnotes":""},"categories":[24],"tags":[],"class_list":["post-30761","post","type-post","status-publish","format-standard","has-post-thumbnail","hentry","category-gundem"],"acf":[],"yoast_head":"<!-- This site is optimized with the Yoast SEO Premium plugin v26.6 (Yoast SEO v27.1.1) - https:\/\/yoast.com\/product\/yoast-seo-premium-wordpress\/ -->\n<title>Depremde Annesini Kaybeden Muhammet\u2019i Ziyaret Etti - Av. Deniz Can K\u0131z\u0131l<\/title>\n<meta name=\"robots\" content=\"index, follow, max-snippet:-1, max-image-preview:large, max-video-preview:-1\" \/>\n<link rel=\"canonical\" href=\"https:\/\/denizcankizil.tr\/uk\/haberler\/gundem\/depremde-annesini-kaybeden-muhammeti-ziyaret-etti\/\" \/>\n<meta property=\"og:locale\" content=\"uk_UA\" \/>\n<meta property=\"og:type\" content=\"article\" \/>\n<meta property=\"og:title\" content=\"Depremde Annesini Kaybeden Muhammet\u2019i Ziyaret Etti\" \/>\n<meta property=\"og:description\" content=\"Emniyet M\u00fcd\u00fcr\u00fc Dinsever Din\u00e7er Kalkan, 6 \u015eubat 2023 tarihinde ya\u015fanan &#8220;asr\u0131n felaketi&#8221; olarak adland\u0131r\u0131lan depremde annesi Esma Kaya&#8217;y\u0131 kaybeden ve babas\u0131 Hasan Kaya ile birlikte ya\u015fayan Muhammet Efe\u2019yi ziyaret etti. \u00a0Emniyet M\u00fcd\u00fcr\u00fc Kalkan k\u00fc\u00e7\u00fck Muhammet Efe&#8217;ye boyama kitab\u0131, oyuncak polis arabas\u0131 ve \u00e7e\u015fitli hediye vererek, kendisi ile bir s\u00fcre sohbet etti. \u200bD\u00f6rtyol \u0130l\u00e7e Emniyet M\u00fcd\u00fcr\u00fc Dinsever Din\u00e7er Kalkan ya\u015fanan deprem felaketinde hayat\u0131n\u0131 kaybeden Esma Kaya\u2019n\u0131n o\u011flu Muhammet Efe Kaya\u2019y\u0131 ziyaret etti.\u00a0 \u200bHaberin Al\u0131nt\u0131land\u0131\u011f\u0131 Kaynak: www.iskenderun.org\" \/>\n<meta property=\"og:url\" content=\"https:\/\/denizcankizil.tr\/uk\/haberler\/gundem\/depremde-annesini-kaybeden-muhammeti-ziyaret-etti\/\" \/>\n<meta property=\"og:site_name\" content=\"Av. Deniz Can K\u0131z\u0131l\" \/>\n<meta property=\"article:published_time\" content=\"2025-02-06T14:41:54+00:00\" \/>\n<meta name=\"author\" content=\"admin\" \/>\n<meta name=\"twitter:card\" content=\"summary_large_image\" \/>\n<meta name=\"twitter:label1\" content=\"\u041d\u0430\u043f\u0438\u0441\u0430\u043d\u043e\" \/>\n\t<meta name=\"twitter:data1\" content=\"admin\" \/>\n\t<meta name=\"twitter:label2\" content=\"\u041f\u0440\u0438\u0431\u043b. \u0447\u0430\u0441 \u0447\u0438\u0442\u0430\u043d\u043d\u044f\" \/>\n\t<meta name=\"twitter:data2\" content=\"1 \u0445\u0432\u0438\u043b\u0438\u043d\u0430\" \/>\n<script type=\"application\/ld+json\" class=\"yoast-schema-graph\">{\"@context\":\"https:\/\/schema.org\",\"@graph\":[{\"@type\":\"Article\",\"@id\":\"https:\/\/denizcankizil.tr\/de\/haberler\/gundem\/depremde-annesini-kaybeden-muhammeti-ziyaret-etti\/#article\",\"isPartOf\":{\"@id\":\"https:\/\/denizcankizil.tr\/de\/haberler\/gundem\/depremde-annesini-kaybeden-muhammeti-ziyaret-etti\/\"},\"author\":{\"name\":\"admin\",\"@id\":\"https:\/\/denizcankizil.tr\/de\/#\/schema\/person\/be3c05fe6a12686905512445d8185489\"},\"headline\":\"Depremde Annesini Kaybeden Muhammet\u2019i Ziyaret Etti\",\"datePublished\":\"2025-02-06T14:41:54+00:00\",\"mainEntityOfPage\":{\"@id\":\"https:\/\/denizcankizil.tr\/de\/haberler\/gundem\/depremde-annesini-kaybeden-muhammeti-ziyaret-etti\/\"},\"wordCount\":111,\"commentCount\":0,\"publisher\":{\"@id\":\"https:\/\/denizcankizil.tr\/de\/#organization\"},\"articleSection\":[\"G\u00fcndem\"],\"inLanguage\":\"uk\",\"potentialAction\":[{\"@type\":\"CommentAction\",\"name\":\"Comment\",\"target\":[\"https:\/\/denizcankizil.tr\/de\/haberler\/gundem\/depremde-annesini-kaybeden-muhammeti-ziyaret-etti\/#respond\"]}]},{\"@type\":\"WebPage\",\"@id\":\"https:\/\/denizcankizil.tr\/de\/haberler\/gundem\/depremde-annesini-kaybeden-muhammeti-ziyaret-etti\/\",\"url\":\"https:\/\/denizcankizil.tr\/de\/haberler\/gundem\/depremde-annesini-kaybeden-muhammeti-ziyaret-etti\/\",\"name\":\"Depremde Annesini Kaybeden Muhammet\u2019i Ziyaret Etti - Av. Deniz Can K\u0131z\u0131l\",\"isPartOf\":{\"@id\":\"https:\/\/denizcankizil.tr\/de\/#website\"},\"datePublished\":\"2025-02-06T14:41:54+00:00\",\"breadcrumb\":{\"@id\":\"https:\/\/denizcankizil.tr\/de\/haberler\/gundem\/depremde-annesini-kaybeden-muhammeti-ziyaret-etti\/#breadcrumb\"},\"inLanguage\":\"uk\",\"potentialAction\":[{\"@type\":\"ReadAction\",\"target\":[\"https:\/\/denizcankizil.tr\/de\/haberler\/gundem\/depremde-annesini-kaybeden-muhammeti-ziyaret-etti\/\"]}]},{\"@type\":\"BreadcrumbList\",\"@id\":\"https:\/\/denizcankizil.tr\/de\/haberler\/gundem\/depremde-annesini-kaybeden-muhammeti-ziyaret-etti\/#breadcrumb\",\"itemListElement\":[{\"@type\":\"ListItem\",\"position\":1,\"name\":\"Home\",\"item\":\"https:\/\/denizcankizil.tr\/de\/\"},{\"@type\":\"ListItem\",\"position\":2,\"name\":\"Depremde Annesini Kaybeden Muhammet\u2019i Ziyaret Etti\"}]},{\"@type\":\"WebSite\",\"@id\":\"https:\/\/denizcankizil.tr\/de\/#website\",\"url\":\"https:\/\/denizcankizil.tr\/de\/\",\"name\":\"Av. Deniz Can K\u0131z\u0131l\",\"description\":\"Avukat Deniz Can K\u0131z\u0131l Antalya Barosu\",\"publisher\":{\"@id\":\"https:\/\/denizcankizil.tr\/de\/#organization\"},\"potentialAction\":[{\"@type\":\"SearchAction\",\"target\":{\"@type\":\"EntryPoint\",\"urlTemplate\":\"https:\/\/denizcankizil.tr\/de\/?s={search_term_string}\"},\"query-input\":{\"@type\":\"PropertyValueSpecification\",\"valueRequired\":true,\"valueName\":\"search_term_string\"}}],\"inLanguage\":\"uk\"},{\"@type\":\"Organization\",\"@id\":\"https:\/\/denizcankizil.tr\/de\/#organization\",\"name\":\"Av. Deniz Can K\u0131z\u0131l\",\"url\":\"https:\/\/denizcankizil.tr\/de\/\",\"logo\":{\"@type\":\"ImageObject\",\"inLanguage\":\"uk\",\"@id\":\"https:\/\/denizcankizil.tr\/de\/#\/schema\/logo\/image\/\",\"url\":\"https:\/\/denizcankizil.tr\/wp-content\/uploads\/2024\/10\/siyah-logo-svg.svg\",\"contentUrl\":\"https:\/\/denizcankizil.tr\/wp-content\/uploads\/2024\/10\/siyah-logo-svg.svg\",\"width\":1080,\"height\":1080,\"caption\":\"Av. Deniz Can K\u0131z\u0131l\"},\"image\":{\"@id\":\"https:\/\/denizcankizil.tr\/de\/#\/schema\/logo\/image\/\"}},{\"@type\":\"Person\",\"@id\":\"https:\/\/denizcankizil.tr\/de\/#\/schema\/person\/be3c05fe6a12686905512445d8185489\",\"name\":\"admin\",\"image\":{\"@type\":\"ImageObject\",\"inLanguage\":\"uk\",\"@id\":\"https:\/\/denizcankizil.tr\/de\/#\/schema\/person\/image\/\",\"url\":\"https:\/\/secure.gravatar.com\/avatar\/c1fce94c830dc79107e174f890d7210541c4a63e8e5d816341794a2151c9d58c?s=96&d=mm&r=g\",\"contentUrl\":\"https:\/\/secure.gravatar.com\/avatar\/c1fce94c830dc79107e174f890d7210541c4a63e8e5d816341794a2151c9d58c?s=96&d=mm&r=g\",\"caption\":\"admin\"},\"sameAs\":[\"http:\/\/denizcankizil.tr\"],\"url\":\"https:\/\/www.iskenderun.org\/depremde-annesini-kaybeden-muhammeti-ziyaret-etti\"}]}<\/script>\n<!-- \/ Yoast SEO Premium plugin. -->","yoast_head_json":{"title":"Depremde Annesini Kaybeden Muhammet\u2019i Ziyaret Etti - Av. Deniz Can K\u0131z\u0131l","robots":{"index":"index","follow":"follow","max-snippet":"max-snippet:-1","max-image-preview":"max-image-preview:large","max-video-preview":"max-video-preview:-1"},"canonical":"https:\/\/denizcankizil.tr\/uk\/haberler\/gundem\/depremde-annesini-kaybeden-muhammeti-ziyaret-etti\/","og_locale":"uk_UA","og_type":"article","og_title":"Depremde Annesini Kaybeden Muhammet\u2019i Ziyaret Etti","og_description":"Emniyet M\u00fcd\u00fcr\u00fc Dinsever Din\u00e7er Kalkan, 6 \u015eubat 2023 tarihinde ya\u015fanan &#8220;asr\u0131n felaketi&#8221; olarak adland\u0131r\u0131lan depremde annesi Esma Kaya&#8217;y\u0131 kaybeden ve babas\u0131 Hasan Kaya ile birlikte ya\u015fayan Muhammet Efe\u2019yi ziyaret etti. \u00a0Emniyet M\u00fcd\u00fcr\u00fc Kalkan k\u00fc\u00e7\u00fck Muhammet Efe&#8217;ye boyama kitab\u0131, oyuncak polis arabas\u0131 ve \u00e7e\u015fitli hediye vererek, kendisi ile bir s\u00fcre sohbet etti. \u200bD\u00f6rtyol \u0130l\u00e7e Emniyet M\u00fcd\u00fcr\u00fc Dinsever Din\u00e7er Kalkan ya\u015fanan deprem felaketinde hayat\u0131n\u0131 kaybeden Esma Kaya\u2019n\u0131n o\u011flu Muhammet Efe Kaya\u2019y\u0131 ziyaret etti.\u00a0 \u200bHaberin Al\u0131nt\u0131land\u0131\u011f\u0131 Kaynak: www.iskenderun.org","og_url":"https:\/\/denizcankizil.tr\/uk\/haberler\/gundem\/depremde-annesini-kaybeden-muhammeti-ziyaret-etti\/","og_site_name":"Av. Deniz Can K\u0131z\u0131l","article_published_time":"2025-02-06T14:41:54+00:00","author":"admin","twitter_card":"summary_large_image","twitter_misc":{"\u041d\u0430\u043f\u0438\u0441\u0430\u043d\u043e":"admin","\u041f\u0440\u0438\u0431\u043b. \u0447\u0430\u0441 \u0447\u0438\u0442\u0430\u043d\u043d\u044f":"1 \u0445\u0432\u0438\u043b\u0438\u043d\u0430"},"schema":{"@context":"https:\/\/schema.org","@graph":[{"@type":"Article","@id":"https:\/\/denizcankizil.tr\/de\/haberler\/gundem\/depremde-annesini-kaybeden-muhammeti-ziyaret-etti\/#article","isPartOf":{"@id":"https:\/\/denizcankizil.tr\/de\/haberler\/gundem\/depremde-annesini-kaybeden-muhammeti-ziyaret-etti\/"},"author":{"name":"admin","@id":"https:\/\/denizcankizil.tr\/de\/#\/schema\/person\/be3c05fe6a12686905512445d8185489"},"headline":"Depremde Annesini Kaybeden Muhammet\u2019i Ziyaret Etti","datePublished":"2025-02-06T14:41:54+00:00","mainEntityOfPage":{"@id":"https:\/\/denizcankizil.tr\/de\/haberler\/gundem\/depremde-annesini-kaybeden-muhammeti-ziyaret-etti\/"},"wordCount":111,"commentCount":0,"publisher":{"@id":"https:\/\/denizcankizil.tr\/de\/#organization"},"articleSection":["G\u00fcndem"],"inLanguage":"uk","potentialAction":[{"@type":"CommentAction","name":"Comment","target":["https:\/\/denizcankizil.tr\/de\/haberler\/gundem\/depremde-annesini-kaybeden-muhammeti-ziyaret-etti\/#respond"]}]},{"@type":"WebPage","@id":"https:\/\/denizcankizil.tr\/de\/haberler\/gundem\/depremde-annesini-kaybeden-muhammeti-ziyaret-etti\/","url":"https:\/\/denizcankizil.tr\/de\/haberler\/gundem\/depremde-annesini-kaybeden-muhammeti-ziyaret-etti\/","name":"Depremde Annesini Kaybeden Muhammet\u2019i Ziyaret Etti - Av. Deniz Can K\u0131z\u0131l","isPartOf":{"@id":"https:\/\/denizcankizil.tr\/de\/#website"},"datePublished":"2025-02-06T14:41:54+00:00","breadcrumb":{"@id":"https:\/\/denizcankizil.tr\/de\/haberler\/gundem\/depremde-annesini-kaybeden-muhammeti-ziyaret-etti\/#breadcrumb"},"inLanguage":"uk","potentialAction":[{"@type":"ReadAction","target":["https:\/\/denizcankizil.tr\/de\/haberler\/gundem\/depremde-annesini-kaybeden-muhammeti-ziyaret-etti\/"]}]},{"@type":"BreadcrumbList","@id":"https:\/\/denizcankizil.tr\/de\/haberler\/gundem\/depremde-annesini-kaybeden-muhammeti-ziyaret-etti\/#breadcrumb","itemListElement":[{"@type":"ListItem","position":1,"name":"Home","item":"https:\/\/denizcankizil.tr\/de\/"},{"@type":"ListItem","position":2,"name":"Depremde Annesini Kaybeden Muhammet\u2019i Ziyaret Etti"}]},{"@type":"WebSite","@id":"https:\/\/denizcankizil.tr\/de\/#website","url":"https:\/\/denizcankizil.tr\/de\/","name":"Av. Deniz Can K\u0131z\u0131l","description":"Avukat Deniz Can K\u0131z\u0131l Antalya Barosu","publisher":{"@id":"https:\/\/denizcankizil.tr\/de\/#organization"},"potentialAction":[{"@type":"SearchAction","target":{"@type":"EntryPoint","urlTemplate":"https:\/\/denizcankizil.tr\/de\/?s={search_term_string}"},"query-input":{"@type":"PropertyValueSpecification","valueRequired":true,"valueName":"search_term_string"}}],"inLanguage":"uk"},{"@type":"Organization","@id":"https:\/\/denizcankizil.tr\/de\/#organization","name":"Av. Deniz Can K\u0131z\u0131l","url":"https:\/\/denizcankizil.tr\/de\/","logo":{"@type":"ImageObject","inLanguage":"uk","@id":"https:\/\/denizcankizil.tr\/de\/#\/schema\/logo\/image\/","url":"https:\/\/denizcankizil.tr\/wp-content\/uploads\/2024\/10\/siyah-logo-svg.svg","contentUrl":"https:\/\/denizcankizil.tr\/wp-content\/uploads\/2024\/10\/siyah-logo-svg.svg","width":1080,"height":1080,"caption":"Av. Deniz Can K\u0131z\u0131l"},"image":{"@id":"https:\/\/denizcankizil.tr\/de\/#\/schema\/logo\/image\/"}},{"@type":"Person","@id":"https:\/\/denizcankizil.tr\/de\/#\/schema\/person\/be3c05fe6a12686905512445d8185489","name":"\u0430\u0434\u043c\u0456\u043d","image":{"@type":"ImageObject","inLanguage":"uk","@id":"https:\/\/denizcankizil.tr\/de\/#\/schema\/person\/image\/","url":"https:\/\/secure.gravatar.com\/avatar\/c1fce94c830dc79107e174f890d7210541c4a63e8e5d816341794a2151c9d58c?s=96&d=mm&r=g","contentUrl":"https:\/\/secure.gravatar.com\/avatar\/c1fce94c830dc79107e174f890d7210541c4a63e8e5d816341794a2151c9d58c?s=96&d=mm&r=g","caption":"admin"},"sameAs":["http:\/\/denizcankizil.tr"],"url":"https:\/\/www.iskenderun.org\/depremde-annesini-kaybeden-muhammeti-ziyaret-etti"}]}},"_links":{"self":[{"href":"https:\/\/denizcankizil.tr\/uk\/wp-json\/wp\/v2\/posts\/30761","targetHints":{"allow":["GET"]}}],"collection":[{"href":"https:\/\/denizcankizil.tr\/uk\/wp-json\/wp\/v2\/posts"}],"about":[{"href":"https:\/\/denizcankizil.tr\/uk\/wp-json\/wp\/v2\/types\/post"}],"author":[{"embeddable":true,"href":"https:\/\/denizcankizil.tr\/uk\/wp-json\/wp\/v2\/users\/1"}],"replies":[{"embeddable":true,"href":"https:\/\/denizcankizil.tr\/uk\/wp-json\/wp\/v2\/comments?post=30761"}],"version-history":[{"count":0,"href":"https:\/\/denizcankizil.tr\/uk\/wp-json\/wp\/v2\/posts\/30761\/revisions"}],"wp:attachment":[{"href":"https:\/\/denizcankizil.tr\/uk\/wp-json\/wp\/v2\/media?parent=30761"}],"wp:term":[{"taxonomy":"category","embeddable":true,"href":"https:\/\/denizcankizil.tr\/uk\/wp-json\/wp\/v2\/categories?post=30761"},{"taxonomy":"post_tag","embeddable":true,"href":"https:\/\/denizcankizil.tr\/uk\/wp-json\/wp\/v2\/tags?post=30761"}],"curies":[{"name":"wp","href":"https:\/\/api.w.org\/{rel}","templated":true}]}}