{"id":30737,"date":"2025-02-06T16:41:27","date_gmt":"2025-02-06T13:41:27","guid":{"rendered":"https:\/\/denizcankizil.tr\/uncategorized-tr\/guvencesizligin-tablosu-bir-ayda-en-az-177-isci-hayatini-kaybetti\/"},"modified":"2025-02-06T16:41:27","modified_gmt":"2025-02-06T13:41:27","slug":"guvencesizligin-tablosu-bir-ayda-en-az-177-isci-hayatini-kaybetti","status":"publish","type":"post","link":"https:\/\/denizcankizil.tr\/uk\/haberler\/gundem\/guvencesizligin-tablosu-bir-ayda-en-az-177-isci-hayatini-kaybetti\/","title":{"rendered":"G\u00fcvencesizli\u011fin tablosu: Bir ayda en az 177 i\u015f\u00e7i hayat\u0131n\u0131 kaybetti"},"content":{"rendered":"<p>Kahramanmara\u015f merkezli 6 \u015eubat depremlerinin y\u0131l d\u00f6n\u00fcm\u00fcnde \u0130S\u0130G Meclisi, \u0130\u015f Cinayeti Raporu\u2019nu a\u00e7\u0131klad\u0131. 2 y\u0131l \u00f6nce meydana gelen b\u00fcy\u00fck depremin ard\u0131ndan, yeniden in\u015fa faaliyetleri h\u0131zla ba\u015flad\u0131. Ancak bu s\u00fcre\u00e7te, en az 169 in\u015faat i\u015f\u00e7isinin hayat\u0131n\u0131 kaybetmesi, i\u015f g\u00fcvenli\u011fi konusundaki ciddi eksiklikleri g\u00f6zler \u00f6n\u00fcne serdi.<\/p>\n<p>KAZALARIN \u00c7O\u011eU \u00d6NLENEB\u0130L\u0130R<\/p>\n<p>\u0130S\u0130G Meclisi\u2019nin raporuna g\u00f6re deprem b\u00f6lgesindeki i\u015f cinayetlerinin en \u00f6nemli nedenleri aras\u0131nda y\u00fcksekten d\u00fc\u015fme, ezilme\/g\u00f6\u00e7\u00fck ve elektrik \u00e7arpmas\u0131 yer ald\u0131. Raporda kazalar\u0131n \u00e7o\u011funun, basit ve ucuz g\u00fcvenlik \u00f6nlemleri ile \u00f6nlenebilece\u011fi vurguland\u0131. Ancak a\u015f\u0131r\u0131 \u00e7al\u0131\u015fma saatleri, g\u00fcvenlik \u00f6nlemlerinin yetersizli\u011fi ve sendikal \u00f6rg\u00fctl\u00fcl\u00fc\u011f\u00fcn eksikli\u011fi, bu \u00f6l\u00fcmlerin artmas\u0131na neden oldu\u011fu belirtildi.<\/p>\n<p>EN FAZLA \u00d6L\u00dcM GAZ\u0130ANTEP VE ADIYAMAN\u2019DA\u00a0<\/p>\n<p>\u0130n\u015faat i\u015f\u00e7ilerinin hayat\u0131n\u0131 kaybetti\u011fi \u015fehirlerin da\u011f\u0131l\u0131m\u0131 ise dikkat \u00e7ekici. Gaziantep, Ad\u0131yaman ve Hatay gibi iller, en fazla i\u015f cinayetinin ya\u015fand\u0131\u011f\u0131 b\u00f6lgeler olarak \u00f6ne \u00e7\u0131kt\u0131. Gaziantep&#8217;te 26, Ad\u0131yaman\u2019da 23, Hatay\u2019da ise 21 i\u015f\u00e7i hayat\u0131n\u0131 kaybetti. \u015eanl\u0131urfa, Diyarbak\u0131r, Kahramanmara\u015f gibi \u015fehirlerde de \u00f6l\u00fcmler ciddi boyutlara ula\u015ft\u0131. \u00d6zellikle Ad\u0131yaman Merkez \u0130ndere (Zey) K\u00f6y\u00fc TOK\u0130 in\u015faatlar\u0131nda son 10 ayda 10 i\u015f\u00e7inin ya\u015fam\u0131n\u0131 yitirdi\u011fi bildiriliyor.<\/p>\n<p>\u00c7OCUKLAR, GEN\u00c7LER VE G\u00d6\u00c7MEN \u0130\u015e\u00c7\u0130LER R\u0130SK GRUBUNDA<\/p>\n<p>B\u00f6lgedeki i\u015f kazalar\u0131nda dikkat \u00e7eken bir di\u011fer husus ise ya\u015f gruplar\u0131n\u0131n ve g\u00f6\u00e7men i\u015f\u00e7ilerin oran\u0131n\u0131n y\u00fcksekli\u011fi. Son verilere g\u00f6re, 18-29 ya\u015f aras\u0131 gen\u00e7 i\u015f\u00e7iler ile 50 ya\u015f \u00fcst\u00fc ya\u015fl\u0131 i\u015f\u00e7iler, T\u00fcrkiye genelindeki \u00f6l\u00fcmlerden oransal olarak daha fazla etkilendi. Ayr\u0131ca b\u00f6lgede en az 7 \u00e7ocuk i\u015f\u00e7inin hayat\u0131n\u0131 kaybetmesi, \u00e7ocuk i\u015f\u00e7ili\u011fi ve kay\u0131t d\u0131\u015f\u0131 \u00e7al\u0131\u015ft\u0131rman\u0131n boyutlar\u0131n\u0131 g\u00f6zler \u00f6n\u00fcne serdi. Bunun yan\u0131 s\u0131ra, 7 Suriyeli, 4 \u0130ranl\u0131, 1 Cezayirli ve 1 Irakl\u0131 olmak \u00fczere toplam 13 g\u00f6\u00e7men i\u015f\u00e7i hayat\u0131n\u0131 kaybetti.<\/p>\n<p>\u00c7ALI\u015eMA KO\u015eULLARI: A\u011eIRSIZLIK, H\u0130JYEN EKS\u0130KL\u0130KLER\u0130 VE ELEKTR\u0130KS\u0130ZL\u0130K<\/p>\n<p>Deprem b\u00f6lgesindeki \u015fantiyelerde, sadece i\u015f cinayetleri de\u011fil, ciddi i\u015f g\u00fcvenli\u011fi sorunlar\u0131yla \u00f6ne \u00e7\u0131k\u0131yor. \u0130\u015f\u00e7iler, a\u015f\u0131r\u0131 yo\u011fun \u00e7al\u0131\u015fma saatlerinin yan\u0131 s\u0131ra k\u00f6t\u00fc ko\u015fullarda ya\u015famaya mahk\u00fbm. Onlarca i\u015f\u00e7i, tek bir konteynerde kal\u0131yor, mutfak, tuvalet ve hijyen gibi temel ihtiya\u00e7lar kar\u015f\u0131lanam\u0131yor. Elektriksiz konteynerlerde du\u015f alma ve \u0131s\u0131nma imk\u00e2n\u0131 da bulunmuyor. \u00c7al\u0131\u015fma ortamlar\u0131n\u0131n bu kadar k\u00f6t\u00fc olmas\u0131, i\u015f kazalar\u0131n\u0131n artmas\u0131na neden oluyor.<\/p>\n<p>OCAK AYINDA 15 KADIN \u0130\u015e\u00c7\u0130 HAYATINI KAYBETT\u0130\u00a0<\/p>\n<p>Ocak ay\u0131nda 15 kad\u0131n i\u015f\u00e7i, i\u015f yerinde hayat\u0131n\u0131 kaybetti. Kad\u0131n i\u015f\u00e7ilerin 8\u2019i konaklama, 3\u2019\u00fc cam, 1\u2019i metal, 1\u2019i lojistik, 1\u2019i sa\u011fl\u0131k ve 1\u2019i genel i\u015fler i\u015fkolunda \u00e7al\u0131\u015ft\u0131\u011f\u0131 tespit edildi. Hayat\u0131n\u0131 kaybeden kad\u0131nlar\u0131n isimleri: 30 Ocak\u2019ta Denizli Pamukkale\u2019de 08.25 sular\u0131nda Beycam cam imalat fabrikas\u0131 i\u015f\u00e7ilerini ta\u015f\u0131yan servis minib\u00fcs\u00fcn\u00fcn alt ge\u00e7itte devrilmesi sonucu 55 ya\u015f\u0131ndaki Elif Karada\u011f, 45 ya\u015f\u0131ndaki \u0130lkay Tosun ve 41 ya\u015f\u0131ndaki Dilek Sar\u0131; 21 Ocak\u2019ta Bolu Seben\u2019de Grand Kartal Oteli&#8217;nde 02.40 sular\u0131nda \u00e7\u0131kan yang\u0131nda 27 ya\u015f\u0131ndaki Eslem Uyan\u0131k, 25 ya\u015f\u0131ndaki Esra Nazik, 24 ya\u015f\u0131ndaki Dilara Ermano\u011flu ve 25 ya\u015f\u0131ndaki \u015eevval \u015eahin; 18 Ocak\u2019ta \u0130stanbul Ata\u015fehir\u2019de 03.30 sular\u0131nda The Hera Business Hotels &amp; Spa Oteli\u2019nde \u00e7\u0131kan yang\u0131nda 30\u2019lu ya\u015flardaki i\u015f\u00e7iler Kenyal\u0131 Ann Wangui Muchoki, Endonezyal\u0131 Sri Yuni Wahyuni ve kimli\u011fini \u00f6\u011frenemedi\u011fimiz bir g\u00f6\u00e7men i\u015f\u00e7i hayat\u0131n\u0131 kaybetti.\u00a0<\/p>\n<p>EN \u00c7OK \u00d6L\u00dcM \u0130STANBUL\u2019DA<\/p>\n<p>Ocak ay\u0131nda T\u00fcrkiye\u2019nin 47 \u015fehrinde ve yurtd\u0131\u015f\u0131nda yedi \u00fclkede (k\u0131sa vadeli \u00e7al\u0131\u015fmak i\u00e7in gidilen veya T\u00fcrkiye men\u015feili \u015firketlerde \u00e7al\u0131\u015fan) i\u015f cinayeti ger\u00e7ekle\u015fti\u011fini tespit edildi. \u0130\u015fte illere g\u00f6re hayat\u0131n\u0131 kaybeden i\u015f\u00e7i say\u0131lar\u0131: 30 \u00f6l\u00fcm \u0130stanbul\u2019da; 10 \u00f6l\u00fcm Ankara\u2019da; 8\u2019er \u00f6l\u00fcm Denizli ve Konya\u2019da; 7 \u00f6l\u00fcm Adana\u2019da; 6\u2019\u015far \u00f6l\u00fcm \u0130zmir ve Malatya\u2019da; 5\u2019er \u00f6l\u00fcm Antalya, Bursa ve Sakarya\u2019da; 4\u2019er \u00f6l\u00fcm Ad\u0131yaman, Ayd\u0131n, Bal\u0131kesir, Bolu, Gaziantep, Kahramanmara\u015f, Kocaeli ve Mersin\u2019de; 3\u2019er \u00f6l\u00fcm Amasya, Hatay, K\u0131r\u015fehir, Manisa, Zonguldak ve \u0130srail\u2019de; 2\u2019\u015fer \u00f6l\u00fcm \u00c7orum, Elaz\u0131\u011f, Nev\u015fehir, Ordu, Rize, Samsun ve \u015e\u0131rnak\u2019ta; 1\u2019er \u00f6l\u00fcm Afyon, Artvin, Bart\u0131n, Erzurum, Giresun, Isparta, Kayseri, K\u00fctahya, Mardin, Mu\u015f, Ni\u011fde, Osmaniye, Siirt, \u015eanl\u0131urfa, U\u015fak, Yalova, Yozgat, Bulgaristan, Filistin, \u0130ran, Kuzey K\u0131br\u0131s, Romanya ve Suudi Arabistan\u2019da meydana geldi.<\/p>\n<p>\u200b\u0130\u015f Sa\u011fl\u0131\u011f\u0131 ve \u0130\u015f G\u00fcvenli\u011fi Meclisi (\u0130S\u0130G), Ocak ay\u0131na ili\u015fkin \u0130\u015f C*nayeti Raporu\u2019nu a\u00e7\u0131klad\u0131. Rapora g\u00f6re, Ocak ay\u0131nda 177 i\u015f\u00e7i, i\u015f c*nayetlerinde hayat\u0131n\u0131 kaybetti.\u00a0<\/p>\n<p>\u200bHaberin Al\u0131nt\u0131land\u0131\u011f\u0131 Kaynak: www.antalyakorfez.com<\/p>","protected":false},"excerpt":{"rendered":"<p>Kahramanmara\u015f merkezli 6 \u015eubat depremlerinin y\u0131l d\u00f6n\u00fcm\u00fcnde \u0130S\u0130G Meclisi, \u0130\u015f Cinayeti Raporu\u2019nu a\u00e7\u0131klad\u0131. 2 y\u0131l \u00f6nce meydana gelen b\u00fcy\u00fck depremin ard\u0131ndan, yeniden in\u015fa faaliyetleri h\u0131zla ba\u015flad\u0131. Ancak bu s\u00fcre\u00e7te, en az 169 in\u015faat i\u015f\u00e7isinin hayat\u0131n\u0131 kaybetmesi, i\u015f g\u00fcvenli\u011fi konusundaki ciddi eksiklikleri g\u00f6zler \u00f6n\u00fcne serdi. KAZALARIN \u00c7O\u011eU \u00d6NLENEB\u0130L\u0130R \u0130S\u0130G Meclisi\u2019nin raporuna g\u00f6re deprem b\u00f6lgesindeki i\u015f cinayetlerinin en \u00f6nemli nedenleri aras\u0131nda y\u00fcksekten d\u00fc\u015fme, ezilme\/g\u00f6\u00e7\u00fck ve elektrik \u00e7arpmas\u0131 yer ald\u0131. Raporda kazalar\u0131n \u00e7o\u011funun, basit ve ucuz g\u00fcvenlik \u00f6nlemleri ile \u00f6nlenebilece\u011fi vurguland\u0131. Ancak a\u015f\u0131r\u0131 \u00e7al\u0131\u015fma saatleri, g\u00fcvenlik \u00f6nlemlerinin yetersizli\u011fi ve sendikal \u00f6rg\u00fctl\u00fcl\u00fc\u011f\u00fcn eksikli\u011fi, bu \u00f6l\u00fcmlerin artmas\u0131na neden oldu\u011fu belirtildi. EN FAZLA \u00d6L\u00dcM GAZ\u0130ANTEP VE ADIYAMAN\u2019DA\u00a0 \u0130n\u015faat i\u015f\u00e7ilerinin hayat\u0131n\u0131 kaybetti\u011fi \u015fehirlerin da\u011f\u0131l\u0131m\u0131 ise dikkat \u00e7ekici. Gaziantep, Ad\u0131yaman ve Hatay gibi iller, en fazla i\u015f cinayetinin ya\u015fand\u0131\u011f\u0131 b\u00f6lgeler olarak \u00f6ne \u00e7\u0131kt\u0131. Gaziantep&#8217;te 26, Ad\u0131yaman\u2019da 23, Hatay\u2019da ise 21 i\u015f\u00e7i hayat\u0131n\u0131 kaybetti. \u015eanl\u0131urfa, Diyarbak\u0131r, Kahramanmara\u015f gibi \u015fehirlerde de \u00f6l\u00fcmler ciddi boyutlara ula\u015ft\u0131. \u00d6zellikle Ad\u0131yaman Merkez \u0130ndere (Zey) K\u00f6y\u00fc TOK\u0130 in\u015faatlar\u0131nda son 10 ayda 10 i\u015f\u00e7inin ya\u015fam\u0131n\u0131 yitirdi\u011fi bildiriliyor. \u00c7OCUKLAR, GEN\u00c7LER VE G\u00d6\u00c7MEN \u0130\u015e\u00c7\u0130LER R\u0130SK GRUBUNDA B\u00f6lgedeki i\u015f kazalar\u0131nda dikkat \u00e7eken bir di\u011fer husus ise ya\u015f gruplar\u0131n\u0131n ve g\u00f6\u00e7men i\u015f\u00e7ilerin oran\u0131n\u0131n y\u00fcksekli\u011fi. Son verilere g\u00f6re, 18-29 ya\u015f aras\u0131 gen\u00e7 i\u015f\u00e7iler ile 50 ya\u015f \u00fcst\u00fc ya\u015fl\u0131 i\u015f\u00e7iler, T\u00fcrkiye genelindeki &hellip;<\/p>","protected":false},"author":5,"featured_media":0,"comment_status":"open","ping_status":"open","sticky":false,"template":"","format":"standard","meta":{"_acf_changed":false,"footnotes":""},"categories":[24],"tags":[],"class_list":["post-30737","post","type-post","status-publish","format-standard","has-post-thumbnail","hentry","category-gundem"],"acf":[],"yoast_head":"<!-- This site is optimized with the Yoast SEO Premium plugin v26.6 (Yoast SEO v27.1.1) - https:\/\/yoast.com\/product\/yoast-seo-premium-wordpress\/ -->\n<title>G\u00fcvencesizli\u011fin tablosu: Bir ayda en az 177 i\u015f\u00e7i hayat\u0131n\u0131 kaybetti - Av. Deniz Can K\u0131z\u0131l<\/title>\n<meta name=\"robots\" content=\"index, follow, max-snippet:-1, max-image-preview:large, max-video-preview:-1\" \/>\n<link rel=\"canonical\" href=\"https:\/\/denizcankizil.tr\/uk\/haberler\/gundem\/guvencesizligin-tablosu-bir-ayda-en-az-177-isci-hayatini-kaybetti\/\" \/>\n<meta property=\"og:locale\" content=\"uk_UA\" \/>\n<meta property=\"og:type\" content=\"article\" \/>\n<meta property=\"og:title\" content=\"G\u00fcvencesizli\u011fin tablosu: Bir ayda en az 177 i\u015f\u00e7i hayat\u0131n\u0131 kaybetti\" \/>\n<meta property=\"og:description\" content=\"Kahramanmara\u015f merkezli 6 \u015eubat depremlerinin y\u0131l d\u00f6n\u00fcm\u00fcnde \u0130S\u0130G Meclisi, \u0130\u015f Cinayeti Raporu\u2019nu a\u00e7\u0131klad\u0131. 2 y\u0131l \u00f6nce meydana gelen b\u00fcy\u00fck depremin ard\u0131ndan, yeniden in\u015fa faaliyetleri h\u0131zla ba\u015flad\u0131. Ancak bu s\u00fcre\u00e7te, en az 169 in\u015faat i\u015f\u00e7isinin hayat\u0131n\u0131 kaybetmesi, i\u015f g\u00fcvenli\u011fi konusundaki ciddi eksiklikleri g\u00f6zler \u00f6n\u00fcne serdi. KAZALARIN \u00c7O\u011eU \u00d6NLENEB\u0130L\u0130R \u0130S\u0130G Meclisi\u2019nin raporuna g\u00f6re deprem b\u00f6lgesindeki i\u015f cinayetlerinin en \u00f6nemli nedenleri aras\u0131nda y\u00fcksekten d\u00fc\u015fme, ezilme\/g\u00f6\u00e7\u00fck ve elektrik \u00e7arpmas\u0131 yer ald\u0131. Raporda kazalar\u0131n \u00e7o\u011funun, basit ve ucuz g\u00fcvenlik \u00f6nlemleri ile \u00f6nlenebilece\u011fi vurguland\u0131. Ancak a\u015f\u0131r\u0131 \u00e7al\u0131\u015fma saatleri, g\u00fcvenlik \u00f6nlemlerinin yetersizli\u011fi ve sendikal \u00f6rg\u00fctl\u00fcl\u00fc\u011f\u00fcn eksikli\u011fi, bu \u00f6l\u00fcmlerin artmas\u0131na neden oldu\u011fu belirtildi. EN FAZLA \u00d6L\u00dcM GAZ\u0130ANTEP VE ADIYAMAN\u2019DA\u00a0 \u0130n\u015faat i\u015f\u00e7ilerinin hayat\u0131n\u0131 kaybetti\u011fi \u015fehirlerin da\u011f\u0131l\u0131m\u0131 ise dikkat \u00e7ekici. Gaziantep, Ad\u0131yaman ve Hatay gibi iller, en fazla i\u015f cinayetinin ya\u015fand\u0131\u011f\u0131 b\u00f6lgeler olarak \u00f6ne \u00e7\u0131kt\u0131. Gaziantep&#8217;te 26, Ad\u0131yaman\u2019da 23, Hatay\u2019da ise 21 i\u015f\u00e7i hayat\u0131n\u0131 kaybetti. \u015eanl\u0131urfa, Diyarbak\u0131r, Kahramanmara\u015f gibi \u015fehirlerde de \u00f6l\u00fcmler ciddi boyutlara ula\u015ft\u0131. \u00d6zellikle Ad\u0131yaman Merkez \u0130ndere (Zey) K\u00f6y\u00fc TOK\u0130 in\u015faatlar\u0131nda son 10 ayda 10 i\u015f\u00e7inin ya\u015fam\u0131n\u0131 yitirdi\u011fi bildiriliyor. \u00c7OCUKLAR, GEN\u00c7LER VE G\u00d6\u00c7MEN \u0130\u015e\u00c7\u0130LER R\u0130SK GRUBUNDA B\u00f6lgedeki i\u015f kazalar\u0131nda dikkat \u00e7eken bir di\u011fer husus ise ya\u015f gruplar\u0131n\u0131n ve g\u00f6\u00e7men i\u015f\u00e7ilerin oran\u0131n\u0131n y\u00fcksekli\u011fi. Son verilere g\u00f6re, 18-29 ya\u015f aras\u0131 gen\u00e7 i\u015f\u00e7iler ile 50 ya\u015f \u00fcst\u00fc ya\u015fl\u0131 i\u015f\u00e7iler, T\u00fcrkiye genelindeki &hellip;\" \/>\n<meta property=\"og:url\" content=\"https:\/\/denizcankizil.tr\/uk\/haberler\/gundem\/guvencesizligin-tablosu-bir-ayda-en-az-177-isci-hayatini-kaybetti\/\" \/>\n<meta property=\"og:site_name\" content=\"Av. Deniz Can K\u0131z\u0131l\" \/>\n<meta property=\"article:published_time\" content=\"2025-02-06T13:41:27+00:00\" \/>\n<meta name=\"author\" content=\"Antalya K\u00f6rfez\" \/>\n<meta name=\"twitter:card\" content=\"summary_large_image\" \/>\n<meta name=\"twitter:label1\" content=\"\u041d\u0430\u043f\u0438\u0441\u0430\u043d\u043e\" \/>\n\t<meta name=\"twitter:data1\" content=\"Antalya K\u00f6rfez\" \/>\n\t<meta name=\"twitter:label2\" content=\"\u041f\u0440\u0438\u0431\u043b. \u0447\u0430\u0441 \u0447\u0438\u0442\u0430\u043d\u043d\u044f\" \/>\n\t<meta name=\"twitter:data2\" content=\"4 \u0445\u0432\u0438\u043b\u0438\u043d\u0438\" \/>\n<script type=\"application\/ld+json\" class=\"yoast-schema-graph\">{\"@context\":\"https:\/\/schema.org\",\"@graph\":[{\"@type\":\"Article\",\"@id\":\"https:\/\/denizcankizil.tr\/uk\/haberler\/gundem\/guvencesizligin-tablosu-bir-ayda-en-az-177-isci-hayatini-kaybetti\/#article\",\"isPartOf\":{\"@id\":\"https:\/\/denizcankizil.tr\/uk\/haberler\/gundem\/guvencesizligin-tablosu-bir-ayda-en-az-177-isci-hayatini-kaybetti\/\"},\"author\":{\"name\":\"Antalya K\u00f6rfez\",\"@id\":\"https:\/\/denizcankizil.tr\/#\/schema\/person\/e1eb71bb4dd684d46563f0af307e1234\"},\"headline\":\"G\u00fcvencesizli\u011fin tablosu: Bir ayda en az 177 i\u015f\u00e7i hayat\u0131n\u0131 kaybetti\",\"datePublished\":\"2025-02-06T13:41:27+00:00\",\"mainEntityOfPage\":{\"@id\":\"https:\/\/denizcankizil.tr\/uk\/haberler\/gundem\/guvencesizligin-tablosu-bir-ayda-en-az-177-isci-hayatini-kaybetti\/\"},\"wordCount\":837,\"commentCount\":0,\"publisher\":{\"@id\":\"https:\/\/denizcankizil.tr\/#organization\"},\"articleSection\":[\"G\u00fcndem\"],\"inLanguage\":\"uk\",\"potentialAction\":[{\"@type\":\"CommentAction\",\"name\":\"Comment\",\"target\":[\"https:\/\/denizcankizil.tr\/uk\/haberler\/gundem\/guvencesizligin-tablosu-bir-ayda-en-az-177-isci-hayatini-kaybetti\/#respond\"]}]},{\"@type\":\"WebPage\",\"@id\":\"https:\/\/denizcankizil.tr\/uk\/haberler\/gundem\/guvencesizligin-tablosu-bir-ayda-en-az-177-isci-hayatini-kaybetti\/\",\"url\":\"https:\/\/denizcankizil.tr\/uk\/haberler\/gundem\/guvencesizligin-tablosu-bir-ayda-en-az-177-isci-hayatini-kaybetti\/\",\"name\":\"G\u00fcvencesizli\u011fin tablosu: Bir ayda en az 177 i\u015f\u00e7i hayat\u0131n\u0131 kaybetti - Av. Deniz Can K\u0131z\u0131l\",\"isPartOf\":{\"@id\":\"https:\/\/denizcankizil.tr\/#website\"},\"datePublished\":\"2025-02-06T13:41:27+00:00\",\"breadcrumb\":{\"@id\":\"https:\/\/denizcankizil.tr\/uk\/haberler\/gundem\/guvencesizligin-tablosu-bir-ayda-en-az-177-isci-hayatini-kaybetti\/#breadcrumb\"},\"inLanguage\":\"uk\",\"potentialAction\":[{\"@type\":\"ReadAction\",\"target\":[\"https:\/\/denizcankizil.tr\/uk\/haberler\/gundem\/guvencesizligin-tablosu-bir-ayda-en-az-177-isci-hayatini-kaybetti\/\"]}]},{\"@type\":\"BreadcrumbList\",\"@id\":\"https:\/\/denizcankizil.tr\/uk\/haberler\/gundem\/guvencesizligin-tablosu-bir-ayda-en-az-177-isci-hayatini-kaybetti\/#breadcrumb\",\"itemListElement\":[{\"@type\":\"ListItem\",\"position\":1,\"name\":\"Home\",\"item\":\"https:\/\/denizcankizil.tr\/uk\/\"},{\"@type\":\"ListItem\",\"position\":2,\"name\":\"G\u00fcvencesizli\u011fin tablosu: Bir ayda en az 177 i\u015f\u00e7i hayat\u0131n\u0131 kaybetti\"}]},{\"@type\":\"WebSite\",\"@id\":\"https:\/\/denizcankizil.tr\/#website\",\"url\":\"https:\/\/denizcankizil.tr\/\",\"name\":\"Av. Deniz Can K\u0131z\u0131l\",\"description\":\"Avukat Deniz Can K\u0131z\u0131l Antalya Barosu\",\"publisher\":{\"@id\":\"https:\/\/denizcankizil.tr\/#organization\"},\"potentialAction\":[{\"@type\":\"SearchAction\",\"target\":{\"@type\":\"EntryPoint\",\"urlTemplate\":\"https:\/\/denizcankizil.tr\/?s={search_term_string}\"},\"query-input\":{\"@type\":\"PropertyValueSpecification\",\"valueRequired\":true,\"valueName\":\"search_term_string\"}}],\"inLanguage\":\"uk\"},{\"@type\":\"Organization\",\"@id\":\"https:\/\/denizcankizil.tr\/#organization\",\"name\":\"Av. Deniz Can K\u0131z\u0131l\",\"url\":\"https:\/\/denizcankizil.tr\/\",\"logo\":{\"@type\":\"ImageObject\",\"inLanguage\":\"uk\",\"@id\":\"https:\/\/denizcankizil.tr\/#\/schema\/logo\/image\/\",\"url\":\"https:\/\/denizcankizil.tr\/wp-content\/uploads\/2024\/10\/siyah-logo-svg.svg\",\"contentUrl\":\"https:\/\/denizcankizil.tr\/wp-content\/uploads\/2024\/10\/siyah-logo-svg.svg\",\"width\":1080,\"height\":1080,\"caption\":\"Av. Deniz Can K\u0131z\u0131l\"},\"image\":{\"@id\":\"https:\/\/denizcankizil.tr\/#\/schema\/logo\/image\/\"}},{\"@type\":\"Person\",\"@id\":\"https:\/\/denizcankizil.tr\/#\/schema\/person\/e1eb71bb4dd684d46563f0af307e1234\",\"name\":\"Antalya K\u00f6rfez\",\"image\":{\"@type\":\"ImageObject\",\"inLanguage\":\"uk\",\"@id\":\"https:\/\/denizcankizil.tr\/#\/schema\/person\/image\/\",\"url\":\"https:\/\/secure.gravatar.com\/avatar\/42b01982558a48a0b501fdcab6a408d3717ea5919095ee2e67b0e521799c5905?s=96&d=mm&r=g\",\"contentUrl\":\"https:\/\/secure.gravatar.com\/avatar\/42b01982558a48a0b501fdcab6a408d3717ea5919095ee2e67b0e521799c5905?s=96&d=mm&r=g\",\"caption\":\"Antalya K\u00f6rfez\"},\"sameAs\":[\"http:\/\/www.antalyakorfez.com\"],\"url\":\"https:\/\/www.antalyakorfez.com\/guvencesizligin-tablosu-bir-ayda-en-az-177-isci-hayatini-kaybetti\"}]}<\/script>\n<!-- \/ Yoast SEO Premium plugin. -->","yoast_head_json":{"title":"G\u00fcvencesizli\u011fin tablosu: Bir ayda en az 177 i\u015f\u00e7i hayat\u0131n\u0131 kaybetti - Av. Deniz Can K\u0131z\u0131l","robots":{"index":"index","follow":"follow","max-snippet":"max-snippet:-1","max-image-preview":"max-image-preview:large","max-video-preview":"max-video-preview:-1"},"canonical":"https:\/\/denizcankizil.tr\/uk\/haberler\/gundem\/guvencesizligin-tablosu-bir-ayda-en-az-177-isci-hayatini-kaybetti\/","og_locale":"uk_UA","og_type":"article","og_title":"G\u00fcvencesizli\u011fin tablosu: Bir ayda en az 177 i\u015f\u00e7i hayat\u0131n\u0131 kaybetti","og_description":"Kahramanmara\u015f merkezli 6 \u015eubat depremlerinin y\u0131l d\u00f6n\u00fcm\u00fcnde \u0130S\u0130G Meclisi, \u0130\u015f Cinayeti Raporu\u2019nu a\u00e7\u0131klad\u0131. 2 y\u0131l \u00f6nce meydana gelen b\u00fcy\u00fck depremin ard\u0131ndan, yeniden in\u015fa faaliyetleri h\u0131zla ba\u015flad\u0131. Ancak bu s\u00fcre\u00e7te, en az 169 in\u015faat i\u015f\u00e7isinin hayat\u0131n\u0131 kaybetmesi, i\u015f g\u00fcvenli\u011fi konusundaki ciddi eksiklikleri g\u00f6zler \u00f6n\u00fcne serdi. KAZALARIN \u00c7O\u011eU \u00d6NLENEB\u0130L\u0130R \u0130S\u0130G Meclisi\u2019nin raporuna g\u00f6re deprem b\u00f6lgesindeki i\u015f cinayetlerinin en \u00f6nemli nedenleri aras\u0131nda y\u00fcksekten d\u00fc\u015fme, ezilme\/g\u00f6\u00e7\u00fck ve elektrik \u00e7arpmas\u0131 yer ald\u0131. Raporda kazalar\u0131n \u00e7o\u011funun, basit ve ucuz g\u00fcvenlik \u00f6nlemleri ile \u00f6nlenebilece\u011fi vurguland\u0131. Ancak a\u015f\u0131r\u0131 \u00e7al\u0131\u015fma saatleri, g\u00fcvenlik \u00f6nlemlerinin yetersizli\u011fi ve sendikal \u00f6rg\u00fctl\u00fcl\u00fc\u011f\u00fcn eksikli\u011fi, bu \u00f6l\u00fcmlerin artmas\u0131na neden oldu\u011fu belirtildi. EN FAZLA \u00d6L\u00dcM GAZ\u0130ANTEP VE ADIYAMAN\u2019DA\u00a0 \u0130n\u015faat i\u015f\u00e7ilerinin hayat\u0131n\u0131 kaybetti\u011fi \u015fehirlerin da\u011f\u0131l\u0131m\u0131 ise dikkat \u00e7ekici. Gaziantep, Ad\u0131yaman ve Hatay gibi iller, en fazla i\u015f cinayetinin ya\u015fand\u0131\u011f\u0131 b\u00f6lgeler olarak \u00f6ne \u00e7\u0131kt\u0131. Gaziantep&#8217;te 26, Ad\u0131yaman\u2019da 23, Hatay\u2019da ise 21 i\u015f\u00e7i hayat\u0131n\u0131 kaybetti. \u015eanl\u0131urfa, Diyarbak\u0131r, Kahramanmara\u015f gibi \u015fehirlerde de \u00f6l\u00fcmler ciddi boyutlara ula\u015ft\u0131. \u00d6zellikle Ad\u0131yaman Merkez \u0130ndere (Zey) K\u00f6y\u00fc TOK\u0130 in\u015faatlar\u0131nda son 10 ayda 10 i\u015f\u00e7inin ya\u015fam\u0131n\u0131 yitirdi\u011fi bildiriliyor. \u00c7OCUKLAR, GEN\u00c7LER VE G\u00d6\u00c7MEN \u0130\u015e\u00c7\u0130LER R\u0130SK GRUBUNDA B\u00f6lgedeki i\u015f kazalar\u0131nda dikkat \u00e7eken bir di\u011fer husus ise ya\u015f gruplar\u0131n\u0131n ve g\u00f6\u00e7men i\u015f\u00e7ilerin oran\u0131n\u0131n y\u00fcksekli\u011fi. Son verilere g\u00f6re, 18-29 ya\u015f aras\u0131 gen\u00e7 i\u015f\u00e7iler ile 50 ya\u015f \u00fcst\u00fc ya\u015fl\u0131 i\u015f\u00e7iler, T\u00fcrkiye genelindeki &hellip;","og_url":"https:\/\/denizcankizil.tr\/uk\/haberler\/gundem\/guvencesizligin-tablosu-bir-ayda-en-az-177-isci-hayatini-kaybetti\/","og_site_name":"Av. Deniz Can K\u0131z\u0131l","article_published_time":"2025-02-06T13:41:27+00:00","author":"Antalya K\u00f6rfez","twitter_card":"summary_large_image","twitter_misc":{"\u041d\u0430\u043f\u0438\u0441\u0430\u043d\u043e":"Antalya K\u00f6rfez","\u041f\u0440\u0438\u0431\u043b. \u0447\u0430\u0441 \u0447\u0438\u0442\u0430\u043d\u043d\u044f":"4 \u0445\u0432\u0438\u043b\u0438\u043d\u0438"},"schema":{"@context":"https:\/\/schema.org","@graph":[{"@type":"Article","@id":"https:\/\/denizcankizil.tr\/uk\/haberler\/gundem\/guvencesizligin-tablosu-bir-ayda-en-az-177-isci-hayatini-kaybetti\/#article","isPartOf":{"@id":"https:\/\/denizcankizil.tr\/uk\/haberler\/gundem\/guvencesizligin-tablosu-bir-ayda-en-az-177-isci-hayatini-kaybetti\/"},"author":{"name":"Antalya K\u00f6rfez","@id":"https:\/\/denizcankizil.tr\/#\/schema\/person\/e1eb71bb4dd684d46563f0af307e1234"},"headline":"G\u00fcvencesizli\u011fin tablosu: Bir ayda en az 177 i\u015f\u00e7i hayat\u0131n\u0131 kaybetti","datePublished":"2025-02-06T13:41:27+00:00","mainEntityOfPage":{"@id":"https:\/\/denizcankizil.tr\/uk\/haberler\/gundem\/guvencesizligin-tablosu-bir-ayda-en-az-177-isci-hayatini-kaybetti\/"},"wordCount":837,"commentCount":0,"publisher":{"@id":"https:\/\/denizcankizil.tr\/#organization"},"articleSection":["G\u00fcndem"],"inLanguage":"uk","potentialAction":[{"@type":"CommentAction","name":"Comment","target":["https:\/\/denizcankizil.tr\/uk\/haberler\/gundem\/guvencesizligin-tablosu-bir-ayda-en-az-177-isci-hayatini-kaybetti\/#respond"]}]},{"@type":"WebPage","@id":"https:\/\/denizcankizil.tr\/uk\/haberler\/gundem\/guvencesizligin-tablosu-bir-ayda-en-az-177-isci-hayatini-kaybetti\/","url":"https:\/\/denizcankizil.tr\/uk\/haberler\/gundem\/guvencesizligin-tablosu-bir-ayda-en-az-177-isci-hayatini-kaybetti\/","name":"G\u00fcvencesizli\u011fin tablosu: Bir ayda en az 177 i\u015f\u00e7i hayat\u0131n\u0131 kaybetti - Av. Deniz Can K\u0131z\u0131l","isPartOf":{"@id":"https:\/\/denizcankizil.tr\/#website"},"datePublished":"2025-02-06T13:41:27+00:00","breadcrumb":{"@id":"https:\/\/denizcankizil.tr\/uk\/haberler\/gundem\/guvencesizligin-tablosu-bir-ayda-en-az-177-isci-hayatini-kaybetti\/#breadcrumb"},"inLanguage":"uk","potentialAction":[{"@type":"ReadAction","target":["https:\/\/denizcankizil.tr\/uk\/haberler\/gundem\/guvencesizligin-tablosu-bir-ayda-en-az-177-isci-hayatini-kaybetti\/"]}]},{"@type":"BreadcrumbList","@id":"https:\/\/denizcankizil.tr\/uk\/haberler\/gundem\/guvencesizligin-tablosu-bir-ayda-en-az-177-isci-hayatini-kaybetti\/#breadcrumb","itemListElement":[{"@type":"ListItem","position":1,"name":"Home","item":"https:\/\/denizcankizil.tr\/uk\/"},{"@type":"ListItem","position":2,"name":"G\u00fcvencesizli\u011fin tablosu: Bir ayda en az 177 i\u015f\u00e7i hayat\u0131n\u0131 kaybetti"}]},{"@type":"WebSite","@id":"https:\/\/denizcankizil.tr\/#website","url":"https:\/\/denizcankizil.tr\/","name":"Av. Deniz Can K\u0131z\u0131l","description":"Avukat Deniz Can K\u0131z\u0131l Antalya Barosu","publisher":{"@id":"https:\/\/denizcankizil.tr\/#organization"},"potentialAction":[{"@type":"SearchAction","target":{"@type":"EntryPoint","urlTemplate":"https:\/\/denizcankizil.tr\/?s={search_term_string}"},"query-input":{"@type":"PropertyValueSpecification","valueRequired":true,"valueName":"search_term_string"}}],"inLanguage":"uk"},{"@type":"Organization","@id":"https:\/\/denizcankizil.tr\/#organization","name":"Av. Deniz Can K\u0131z\u0131l","url":"https:\/\/denizcankizil.tr\/","logo":{"@type":"ImageObject","inLanguage":"uk","@id":"https:\/\/denizcankizil.tr\/#\/schema\/logo\/image\/","url":"https:\/\/denizcankizil.tr\/wp-content\/uploads\/2024\/10\/siyah-logo-svg.svg","contentUrl":"https:\/\/denizcankizil.tr\/wp-content\/uploads\/2024\/10\/siyah-logo-svg.svg","width":1080,"height":1080,"caption":"Av. Deniz Can K\u0131z\u0131l"},"image":{"@id":"https:\/\/denizcankizil.tr\/#\/schema\/logo\/image\/"}},{"@type":"Person","@id":"https:\/\/denizcankizil.tr\/#\/schema\/person\/e1eb71bb4dd684d46563f0af307e1234","name":"Antalya K\u00f6rfez","image":{"@type":"ImageObject","inLanguage":"uk","@id":"https:\/\/denizcankizil.tr\/#\/schema\/person\/image\/","url":"https:\/\/secure.gravatar.com\/avatar\/42b01982558a48a0b501fdcab6a408d3717ea5919095ee2e67b0e521799c5905?s=96&d=mm&r=g","contentUrl":"https:\/\/secure.gravatar.com\/avatar\/42b01982558a48a0b501fdcab6a408d3717ea5919095ee2e67b0e521799c5905?s=96&d=mm&r=g","caption":"Antalya K\u00f6rfez"},"sameAs":["http:\/\/www.antalyakorfez.com"],"url":"https:\/\/www.antalyakorfez.com\/guvencesizligin-tablosu-bir-ayda-en-az-177-isci-hayatini-kaybetti"}]}},"_links":{"self":[{"href":"https:\/\/denizcankizil.tr\/uk\/wp-json\/wp\/v2\/posts\/30737","targetHints":{"allow":["GET"]}}],"collection":[{"href":"https:\/\/denizcankizil.tr\/uk\/wp-json\/wp\/v2\/posts"}],"about":[{"href":"https:\/\/denizcankizil.tr\/uk\/wp-json\/wp\/v2\/types\/post"}],"author":[{"embeddable":true,"href":"https:\/\/denizcankizil.tr\/uk\/wp-json\/wp\/v2\/users\/5"}],"replies":[{"embeddable":true,"href":"https:\/\/denizcankizil.tr\/uk\/wp-json\/wp\/v2\/comments?post=30737"}],"version-history":[{"count":0,"href":"https:\/\/denizcankizil.tr\/uk\/wp-json\/wp\/v2\/posts\/30737\/revisions"}],"wp:attachment":[{"href":"https:\/\/denizcankizil.tr\/uk\/wp-json\/wp\/v2\/media?parent=30737"}],"wp:term":[{"taxonomy":"category","embeddable":true,"href":"https:\/\/denizcankizil.tr\/uk\/wp-json\/wp\/v2\/categories?post=30737"},{"taxonomy":"post_tag","embeddable":true,"href":"https:\/\/denizcankizil.tr\/uk\/wp-json\/wp\/v2\/tags?post=30737"}],"curies":[{"name":"wp","href":"https:\/\/api.w.org\/{rel}","templated":true}]}}