{"id":30717,"date":"2025-02-06T15:41:15","date_gmt":"2025-02-06T12:41:15","guid":{"rendered":"https:\/\/denizcankizil.tr\/uncategorized-tr\/baskandan-saglik-durumuyla-ilgili-aciklama\/"},"modified":"2025-02-06T15:41:15","modified_gmt":"2025-02-06T12:41:15","slug":"baskandan-saglik-durumuyla-ilgili-aciklama","status":"publish","type":"post","link":"https:\/\/denizcankizil.tr\/uk\/haberler\/antalya\/baskandan-saglik-durumuyla-ilgili-aciklama\/","title":{"rendered":"Ba\u015fkan&#8217;dan sa\u011fl\u0131k durumuyla ilgili a\u00e7\u0131klama"},"content":{"rendered":"<p>Gazipa\u015fa Belediye Ba\u015fkan\u0131 Mehmet Ali Y\u0131lmaz, ya\u015fad\u0131\u011f\u0131 sa\u011fl\u0131k sorunlar\u0131yla ilgili hem\u015fehrilerine a\u00e7\u0131klamada bulundu. Ge\u00e7irdi\u011fi sa\u011fl\u0131k kontrolleri sonucunda kalp damarlar\u0131nda daralma tespit edilen ve ba\u015far\u0131l\u0131 bir anjiyo operasyonuyla stent tak\u0131lan Ba\u015fkan Y\u0131lmaz, ayn\u0131 zamanda lenf nodunda b\u00fcy\u00fcme tespit edildi\u011fini ve yakla\u015f\u0131k 4-5 ay s\u00fcrecek bir tedavi s\u00fcrecine girece\u011fini akatard\u0131.<\/p>\n<p>Anjiyo sonras\u0131 stent tak\u0131ld\u0131<br \/>\nBa\u015fkan Y\u0131lmaz, bu s\u00fcre\u00e7te ba\u011f\u0131\u015f\u0131kl\u0131k sistemini g\u00fc\u00e7l\u00fc tutmak ad\u0131na toplu etkinliklere kat\u0131lamayaca\u011f\u0131n\u0131 ifade ederek vatanda\u015flardan anlay\u0131\u015f bekledi\u011fini s\u00f6yledi. Ba\u015fkan Y\u0131lmaz, &#8220;De\u011ferli hem\u015fehrilerim, ya\u015fad\u0131\u011f\u0131m sa\u011fl\u0131k sorunuyla ilgili sizleri bilgilendirmek istiyorum. Ge\u00e7ti\u011fimiz g\u00fcnlerde yapt\u0131rd\u0131\u011f\u0131m check-up sonucunda, kalbi besleyen damarlardan birinde daralma oldu\u011fu tespit edildi ve yap\u0131lan anjiyo sonras\u0131 stent tak\u0131ld\u0131.<\/p>\n<p>Lenf nodunda b\u00fcy\u00fcme tespit edildi<br \/>\nAyr\u0131ca check-up s\u0131ras\u0131nda, lenf nodunda b\u00fcy\u00fcme tespit edildi. Bununla ilgili de yakla\u015f\u0131k 4-5 ayl\u0131k bir tedavi s\u00fcrecim olacak. Bu s\u00fcre zarf\u0131nda g\u00f6revimin ba\u015f\u0131nda olmakla birlikte, ba\u011f\u0131\u015f\u0131kl\u0131k sistemimi de g\u00fc\u00e7l\u00fc tutabilmek i\u00e7in; d\u00fc\u011f\u00fcn, taziye, mevlit gibi toplu etkinliklere kat\u0131lamayaca\u011f\u0131m\u0131 sizlere bildirmek isterim. Bu konuda g\u00f6sterece\u011finiz hassasiyet, destek ve anlay\u0131\u015f\u0131n\u0131z i\u00e7in \u015fimdiden te\u015fekk\u00fcr ederim. Sa\u011fl\u0131\u011f\u0131m\u0131z\u0131 ihmal etmeyelim&#8221; dedi.<\/p>\n<p>Kaynak: www.kanalv.com.tr Haber Sitesinden Al\u0131nm\u0131\u015ft\u0131r.<\/p>","protected":false},"excerpt":{"rendered":"<p>Gazipa\u015fa Belediye Ba\u015fkan\u0131 Mehmet Ali Y\u0131lmaz, ya\u015fad\u0131\u011f\u0131 sa\u011fl\u0131k sorunlar\u0131yla ilgili hem\u015fehrilerine a\u00e7\u0131klamada bulundu. Ge\u00e7irdi\u011fi sa\u011fl\u0131k kontrolleri sonucunda kalp damarlar\u0131nda daralma tespit edilen ve ba\u015far\u0131l\u0131 bir anjiyo operasyonuyla stent tak\u0131lan Ba\u015fkan Y\u0131lmaz, ayn\u0131 zamanda lenf nodunda b\u00fcy\u00fcme tespit edildi\u011fini ve yakla\u015f\u0131k 4-5 ay s\u00fcrecek bir tedavi s\u00fcrecine girece\u011fini akatard\u0131. Anjiyo sonras\u0131 stent tak\u0131ld\u0131 Ba\u015fkan Y\u0131lmaz, bu s\u00fcre\u00e7te ba\u011f\u0131\u015f\u0131kl\u0131k sistemini g\u00fc\u00e7l\u00fc tutmak ad\u0131na toplu etkinliklere kat\u0131lamayaca\u011f\u0131n\u0131 ifade ederek vatanda\u015flardan anlay\u0131\u015f bekledi\u011fini s\u00f6yledi. Ba\u015fkan Y\u0131lmaz, &#8220;De\u011ferli hem\u015fehrilerim, ya\u015fad\u0131\u011f\u0131m sa\u011fl\u0131k sorunuyla ilgili sizleri bilgilendirmek istiyorum. Ge\u00e7ti\u011fimiz g\u00fcnlerde yapt\u0131rd\u0131\u011f\u0131m check-up sonucunda, kalbi besleyen damarlardan birinde daralma oldu\u011fu tespit edildi ve yap\u0131lan anjiyo sonras\u0131 stent tak\u0131ld\u0131. Lenf nodunda b\u00fcy\u00fcme tespit edildi Ayr\u0131ca check-up s\u0131ras\u0131nda, lenf nodunda b\u00fcy\u00fcme tespit edildi. Bununla ilgili de yakla\u015f\u0131k 4-5 ayl\u0131k bir tedavi s\u00fcrecim olacak. Bu s\u00fcre zarf\u0131nda g\u00f6revimin ba\u015f\u0131nda olmakla birlikte, ba\u011f\u0131\u015f\u0131kl\u0131k sistemimi de g\u00fc\u00e7l\u00fc tutabilmek i\u00e7in; d\u00fc\u011f\u00fcn, taziye, mevlit gibi toplu etkinliklere kat\u0131lamayaca\u011f\u0131m\u0131 sizlere bildirmek isterim. Bu konuda g\u00f6sterece\u011finiz hassasiyet, destek ve anlay\u0131\u015f\u0131n\u0131z i\u00e7in \u015fimdiden te\u015fekk\u00fcr ederim. Sa\u011fl\u0131\u011f\u0131m\u0131z\u0131 ihmal etmeyelim&#8221; dedi. Kaynak: www.kanalv.com.tr Haber Sitesinden Al\u0131nm\u0131\u015ft\u0131r.<\/p>","protected":false},"author":4,"featured_media":30718,"comment_status":"open","ping_status":"open","sticky":false,"template":"","format":"standard","meta":{"_acf_changed":false,"footnotes":""},"categories":[26],"tags":[],"class_list":["post-30717","post","type-post","status-publish","format-standard","has-post-thumbnail","hentry","category-antalya"],"acf":[],"yoast_head":"<!-- This site is optimized with the Yoast SEO Premium plugin v26.6 (Yoast SEO v27.1.1) - https:\/\/yoast.com\/product\/yoast-seo-premium-wordpress\/ -->\n<title>Ba\u015fkan&#039;dan sa\u011fl\u0131k durumuyla ilgili a\u00e7\u0131klama - Av. Deniz Can K\u0131z\u0131l<\/title>\n<meta name=\"robots\" content=\"index, follow, max-snippet:-1, max-image-preview:large, max-video-preview:-1\" \/>\n<link rel=\"canonical\" href=\"https:\/\/denizcankizil.tr\/uk\/haberler\/antalya\/baskandan-saglik-durumuyla-ilgili-aciklama\/\" \/>\n<meta property=\"og:locale\" content=\"uk_UA\" \/>\n<meta property=\"og:type\" content=\"article\" \/>\n<meta property=\"og:title\" content=\"Ba\u015fkan&#039;dan sa\u011fl\u0131k durumuyla ilgili a\u00e7\u0131klama\" \/>\n<meta property=\"og:description\" content=\"Gazipa\u015fa Belediye Ba\u015fkan\u0131 Mehmet Ali Y\u0131lmaz, ya\u015fad\u0131\u011f\u0131 sa\u011fl\u0131k sorunlar\u0131yla ilgili hem\u015fehrilerine a\u00e7\u0131klamada bulundu. Ge\u00e7irdi\u011fi sa\u011fl\u0131k kontrolleri sonucunda kalp damarlar\u0131nda daralma tespit edilen ve ba\u015far\u0131l\u0131 bir anjiyo operasyonuyla stent tak\u0131lan Ba\u015fkan Y\u0131lmaz, ayn\u0131 zamanda lenf nodunda b\u00fcy\u00fcme tespit edildi\u011fini ve yakla\u015f\u0131k 4-5 ay s\u00fcrecek bir tedavi s\u00fcrecine girece\u011fini akatard\u0131. Anjiyo sonras\u0131 stent tak\u0131ld\u0131 Ba\u015fkan Y\u0131lmaz, bu s\u00fcre\u00e7te ba\u011f\u0131\u015f\u0131kl\u0131k sistemini g\u00fc\u00e7l\u00fc tutmak ad\u0131na toplu etkinliklere kat\u0131lamayaca\u011f\u0131n\u0131 ifade ederek vatanda\u015flardan anlay\u0131\u015f bekledi\u011fini s\u00f6yledi. Ba\u015fkan Y\u0131lmaz, &#8220;De\u011ferli hem\u015fehrilerim, ya\u015fad\u0131\u011f\u0131m sa\u011fl\u0131k sorunuyla ilgili sizleri bilgilendirmek istiyorum. Ge\u00e7ti\u011fimiz g\u00fcnlerde yapt\u0131rd\u0131\u011f\u0131m check-up sonucunda, kalbi besleyen damarlardan birinde daralma oldu\u011fu tespit edildi ve yap\u0131lan anjiyo sonras\u0131 stent tak\u0131ld\u0131. Lenf nodunda b\u00fcy\u00fcme tespit edildi Ayr\u0131ca check-up s\u0131ras\u0131nda, lenf nodunda b\u00fcy\u00fcme tespit edildi. Bununla ilgili de yakla\u015f\u0131k 4-5 ayl\u0131k bir tedavi s\u00fcrecim olacak. Bu s\u00fcre zarf\u0131nda g\u00f6revimin ba\u015f\u0131nda olmakla birlikte, ba\u011f\u0131\u015f\u0131kl\u0131k sistemimi de g\u00fc\u00e7l\u00fc tutabilmek i\u00e7in; d\u00fc\u011f\u00fcn, taziye, mevlit gibi toplu etkinliklere kat\u0131lamayaca\u011f\u0131m\u0131 sizlere bildirmek isterim. Bu konuda g\u00f6sterece\u011finiz hassasiyet, destek ve anlay\u0131\u015f\u0131n\u0131z i\u00e7in \u015fimdiden te\u015fekk\u00fcr ederim. Sa\u011fl\u0131\u011f\u0131m\u0131z\u0131 ihmal etmeyelim&#8221; dedi. Kaynak: www.kanalv.com.tr Haber Sitesinden Al\u0131nm\u0131\u015ft\u0131r.\" \/>\n<meta property=\"og:url\" content=\"https:\/\/denizcankizil.tr\/uk\/haberler\/antalya\/baskandan-saglik-durumuyla-ilgili-aciklama\/\" \/>\n<meta property=\"og:site_name\" content=\"Av. Deniz Can K\u0131z\u0131l\" \/>\n<meta property=\"article:published_time\" content=\"2025-02-06T12:41:15+00:00\" \/>\n<meta property=\"og:image\" content=\"https:\/\/denizcankizil.tr\/wp-content\/uploads\/2025\/02\/4513-01-Wg5W2W.jpeg\" \/>\n\t<meta property=\"og:image:width\" content=\"1280\" \/>\n\t<meta property=\"og:image:height\" content=\"720\" \/>\n\t<meta property=\"og:image:type\" content=\"image\/jpeg\" \/>\n<meta name=\"author\" content=\"Av. Deniz Can K\u0131z\u0131l\" \/>\n<meta name=\"twitter:card\" content=\"summary_large_image\" \/>\n<meta name=\"twitter:label1\" content=\"\u041d\u0430\u043f\u0438\u0441\u0430\u043d\u043e\" \/>\n\t<meta name=\"twitter:data1\" content=\"Av. Deniz Can K\u0131z\u0131l\" \/>\n\t<meta name=\"twitter:label2\" content=\"\u041f\u0440\u0438\u0431\u043b. \u0447\u0430\u0441 \u0447\u0438\u0442\u0430\u043d\u043d\u044f\" \/>\n\t<meta name=\"twitter:data2\" content=\"1 \u0445\u0432\u0438\u043b\u0438\u043d\u0430\" \/>\n<script type=\"application\/ld+json\" class=\"yoast-schema-graph\">{\"@context\":\"https:\/\/schema.org\",\"@graph\":[{\"@type\":\"Article\",\"@id\":\"https:\/\/denizcankizil.tr\/uk\/haberler\/antalya\/baskandan-saglik-durumuyla-ilgili-aciklama\/#article\",\"isPartOf\":{\"@id\":\"https:\/\/denizcankizil.tr\/uk\/haberler\/antalya\/baskandan-saglik-durumuyla-ilgili-aciklama\/\"},\"author\":{\"name\":\"Av. Deniz Can K\u0131z\u0131l\",\"@id\":\"https:\/\/denizcankizil.tr\/de\/#\/schema\/person\/5dc1b22991bd7ac833867c10afc9b0ff\"},\"headline\":\"Ba\u015fkan&#8217;dan sa\u011fl\u0131k durumuyla ilgili a\u00e7\u0131klama\",\"datePublished\":\"2025-02-06T12:41:15+00:00\",\"mainEntityOfPage\":{\"@id\":\"https:\/\/denizcankizil.tr\/uk\/haberler\/antalya\/baskandan-saglik-durumuyla-ilgili-aciklama\/\"},\"wordCount\":269,\"commentCount\":0,\"publisher\":{\"@id\":\"https:\/\/denizcankizil.tr\/de\/#organization\"},\"image\":{\"@id\":\"https:\/\/denizcankizil.tr\/uk\/haberler\/antalya\/baskandan-saglik-durumuyla-ilgili-aciklama\/#primaryimage\"},\"thumbnailUrl\":\"https:\/\/denizcankizil.tr\/wp-content\/uploads\/2025\/02\/4513-01-Wg5W2W.jpeg\",\"articleSection\":[\"Antalya\"],\"inLanguage\":\"uk\",\"potentialAction\":[{\"@type\":\"CommentAction\",\"name\":\"Comment\",\"target\":[\"https:\/\/denizcankizil.tr\/uk\/haberler\/antalya\/baskandan-saglik-durumuyla-ilgili-aciklama\/#respond\"]}]},{\"@type\":\"WebPage\",\"@id\":\"https:\/\/denizcankizil.tr\/uk\/haberler\/antalya\/baskandan-saglik-durumuyla-ilgili-aciklama\/\",\"url\":\"https:\/\/denizcankizil.tr\/uk\/haberler\/antalya\/baskandan-saglik-durumuyla-ilgili-aciklama\/\",\"name\":\"Ba\u015fkan'dan sa\u011fl\u0131k durumuyla ilgili a\u00e7\u0131klama - Av. Deniz Can K\u0131z\u0131l\",\"isPartOf\":{\"@id\":\"https:\/\/denizcankizil.tr\/de\/#website\"},\"primaryImageOfPage\":{\"@id\":\"https:\/\/denizcankizil.tr\/uk\/haberler\/antalya\/baskandan-saglik-durumuyla-ilgili-aciklama\/#primaryimage\"},\"image\":{\"@id\":\"https:\/\/denizcankizil.tr\/uk\/haberler\/antalya\/baskandan-saglik-durumuyla-ilgili-aciklama\/#primaryimage\"},\"thumbnailUrl\":\"https:\/\/denizcankizil.tr\/wp-content\/uploads\/2025\/02\/4513-01-Wg5W2W.jpeg\",\"datePublished\":\"2025-02-06T12:41:15+00:00\",\"breadcrumb\":{\"@id\":\"https:\/\/denizcankizil.tr\/uk\/haberler\/antalya\/baskandan-saglik-durumuyla-ilgili-aciklama\/#breadcrumb\"},\"inLanguage\":\"uk\",\"potentialAction\":[{\"@type\":\"ReadAction\",\"target\":[\"https:\/\/denizcankizil.tr\/uk\/haberler\/antalya\/baskandan-saglik-durumuyla-ilgili-aciklama\/\"]}]},{\"@type\":\"ImageObject\",\"inLanguage\":\"uk\",\"@id\":\"https:\/\/denizcankizil.tr\/uk\/haberler\/antalya\/baskandan-saglik-durumuyla-ilgili-aciklama\/#primaryimage\",\"url\":\"https:\/\/denizcankizil.tr\/wp-content\/uploads\/2025\/02\/4513-01-Wg5W2W.jpeg\",\"contentUrl\":\"https:\/\/denizcankizil.tr\/wp-content\/uploads\/2025\/02\/4513-01-Wg5W2W.jpeg\",\"width\":1280,\"height\":720},{\"@type\":\"BreadcrumbList\",\"@id\":\"https:\/\/denizcankizil.tr\/uk\/haberler\/antalya\/baskandan-saglik-durumuyla-ilgili-aciklama\/#breadcrumb\",\"itemListElement\":[{\"@type\":\"ListItem\",\"position\":1,\"name\":\"Home\",\"item\":\"https:\/\/denizcankizil.tr\/de\/\"},{\"@type\":\"ListItem\",\"position\":2,\"name\":\"Ba\u015fkan&#8217;dan sa\u011fl\u0131k durumuyla ilgili a\u00e7\u0131klama\"}]},{\"@type\":\"WebSite\",\"@id\":\"https:\/\/denizcankizil.tr\/de\/#website\",\"url\":\"https:\/\/denizcankizil.tr\/de\/\",\"name\":\"Av. Deniz Can K\u0131z\u0131l\",\"description\":\"Avukat Deniz Can K\u0131z\u0131l Antalya Barosu\",\"publisher\":{\"@id\":\"https:\/\/denizcankizil.tr\/de\/#organization\"},\"potentialAction\":[{\"@type\":\"SearchAction\",\"target\":{\"@type\":\"EntryPoint\",\"urlTemplate\":\"https:\/\/denizcankizil.tr\/de\/?s={search_term_string}\"},\"query-input\":{\"@type\":\"PropertyValueSpecification\",\"valueRequired\":true,\"valueName\":\"search_term_string\"}}],\"inLanguage\":\"uk\"},{\"@type\":\"Organization\",\"@id\":\"https:\/\/denizcankizil.tr\/de\/#organization\",\"name\":\"Av. Deniz Can K\u0131z\u0131l\",\"url\":\"https:\/\/denizcankizil.tr\/de\/\",\"logo\":{\"@type\":\"ImageObject\",\"inLanguage\":\"uk\",\"@id\":\"https:\/\/denizcankizil.tr\/de\/#\/schema\/logo\/image\/\",\"url\":\"https:\/\/denizcankizil.tr\/wp-content\/uploads\/2024\/10\/siyah-logo-svg.svg\",\"contentUrl\":\"https:\/\/denizcankizil.tr\/wp-content\/uploads\/2024\/10\/siyah-logo-svg.svg\",\"width\":1080,\"height\":1080,\"caption\":\"Av. Deniz Can K\u0131z\u0131l\"},\"image\":{\"@id\":\"https:\/\/denizcankizil.tr\/de\/#\/schema\/logo\/image\/\"}},{\"@type\":\"Person\",\"@id\":\"https:\/\/denizcankizil.tr\/de\/#\/schema\/person\/5dc1b22991bd7ac833867c10afc9b0ff\",\"name\":\"Av. Deniz Can K\u0131z\u0131l\",\"image\":{\"@type\":\"ImageObject\",\"inLanguage\":\"uk\",\"@id\":\"https:\/\/denizcankizil.tr\/de\/#\/schema\/person\/image\/\",\"url\":\"https:\/\/secure.gravatar.com\/avatar\/a0b128fb9855c79efc976d5640eedb31dc35ec297594d6016d2cf7c60e975bb6?s=96&d=mm&r=g\",\"contentUrl\":\"https:\/\/secure.gravatar.com\/avatar\/a0b128fb9855c79efc976d5640eedb31dc35ec297594d6016d2cf7c60e975bb6?s=96&d=mm&r=g\",\"caption\":\"Av. Deniz Can K\u0131z\u0131l\"},\"sameAs\":[\"http:\/\/www.denizcankizil.tr\"],\"url\":\"https:\/\/denizcankizil.tr\/uk\/author\/denizcankizil\/\"}]}<\/script>\n<!-- \/ Yoast SEO Premium plugin. -->","yoast_head_json":{"title":"Ba\u015fkan'dan sa\u011fl\u0131k durumuyla ilgili a\u00e7\u0131klama - Av. Deniz Can K\u0131z\u0131l","robots":{"index":"index","follow":"follow","max-snippet":"max-snippet:-1","max-image-preview":"max-image-preview:large","max-video-preview":"max-video-preview:-1"},"canonical":"https:\/\/denizcankizil.tr\/uk\/haberler\/antalya\/baskandan-saglik-durumuyla-ilgili-aciklama\/","og_locale":"uk_UA","og_type":"article","og_title":"Ba\u015fkan'dan sa\u011fl\u0131k durumuyla ilgili a\u00e7\u0131klama","og_description":"Gazipa\u015fa Belediye Ba\u015fkan\u0131 Mehmet Ali Y\u0131lmaz, ya\u015fad\u0131\u011f\u0131 sa\u011fl\u0131k sorunlar\u0131yla ilgili hem\u015fehrilerine a\u00e7\u0131klamada bulundu. Ge\u00e7irdi\u011fi sa\u011fl\u0131k kontrolleri sonucunda kalp damarlar\u0131nda daralma tespit edilen ve ba\u015far\u0131l\u0131 bir anjiyo operasyonuyla stent tak\u0131lan Ba\u015fkan Y\u0131lmaz, ayn\u0131 zamanda lenf nodunda b\u00fcy\u00fcme tespit edildi\u011fini ve yakla\u015f\u0131k 4-5 ay s\u00fcrecek bir tedavi s\u00fcrecine girece\u011fini akatard\u0131. Anjiyo sonras\u0131 stent tak\u0131ld\u0131 Ba\u015fkan Y\u0131lmaz, bu s\u00fcre\u00e7te ba\u011f\u0131\u015f\u0131kl\u0131k sistemini g\u00fc\u00e7l\u00fc tutmak ad\u0131na toplu etkinliklere kat\u0131lamayaca\u011f\u0131n\u0131 ifade ederek vatanda\u015flardan anlay\u0131\u015f bekledi\u011fini s\u00f6yledi. Ba\u015fkan Y\u0131lmaz, &#8220;De\u011ferli hem\u015fehrilerim, ya\u015fad\u0131\u011f\u0131m sa\u011fl\u0131k sorunuyla ilgili sizleri bilgilendirmek istiyorum. Ge\u00e7ti\u011fimiz g\u00fcnlerde yapt\u0131rd\u0131\u011f\u0131m check-up sonucunda, kalbi besleyen damarlardan birinde daralma oldu\u011fu tespit edildi ve yap\u0131lan anjiyo sonras\u0131 stent tak\u0131ld\u0131. Lenf nodunda b\u00fcy\u00fcme tespit edildi Ayr\u0131ca check-up s\u0131ras\u0131nda, lenf nodunda b\u00fcy\u00fcme tespit edildi. Bununla ilgili de yakla\u015f\u0131k 4-5 ayl\u0131k bir tedavi s\u00fcrecim olacak. Bu s\u00fcre zarf\u0131nda g\u00f6revimin ba\u015f\u0131nda olmakla birlikte, ba\u011f\u0131\u015f\u0131kl\u0131k sistemimi de g\u00fc\u00e7l\u00fc tutabilmek i\u00e7in; d\u00fc\u011f\u00fcn, taziye, mevlit gibi toplu etkinliklere kat\u0131lamayaca\u011f\u0131m\u0131 sizlere bildirmek isterim. Bu konuda g\u00f6sterece\u011finiz hassasiyet, destek ve anlay\u0131\u015f\u0131n\u0131z i\u00e7in \u015fimdiden te\u015fekk\u00fcr ederim. Sa\u011fl\u0131\u011f\u0131m\u0131z\u0131 ihmal etmeyelim&#8221; dedi. Kaynak: www.kanalv.com.tr Haber Sitesinden Al\u0131nm\u0131\u015ft\u0131r.","og_url":"https:\/\/denizcankizil.tr\/uk\/haberler\/antalya\/baskandan-saglik-durumuyla-ilgili-aciklama\/","og_site_name":"Av. Deniz Can K\u0131z\u0131l","article_published_time":"2025-02-06T12:41:15+00:00","og_image":[{"width":1280,"height":720,"url":"https:\/\/denizcankizil.tr\/wp-content\/uploads\/2025\/02\/4513-01-Wg5W2W.jpeg","type":"image\/jpeg"}],"author":"Av. Deniz Can K\u0131z\u0131l","twitter_card":"summary_large_image","twitter_misc":{"\u041d\u0430\u043f\u0438\u0441\u0430\u043d\u043e":"Av. Deniz Can K\u0131z\u0131l","\u041f\u0440\u0438\u0431\u043b. \u0447\u0430\u0441 \u0447\u0438\u0442\u0430\u043d\u043d\u044f":"1 \u0445\u0432\u0438\u043b\u0438\u043d\u0430"},"schema":{"@context":"https:\/\/schema.org","@graph":[{"@type":"Article","@id":"https:\/\/denizcankizil.tr\/uk\/haberler\/antalya\/baskandan-saglik-durumuyla-ilgili-aciklama\/#article","isPartOf":{"@id":"https:\/\/denizcankizil.tr\/uk\/haberler\/antalya\/baskandan-saglik-durumuyla-ilgili-aciklama\/"},"author":{"name":"Av. Deniz Can K\u0131z\u0131l","@id":"https:\/\/denizcankizil.tr\/de\/#\/schema\/person\/5dc1b22991bd7ac833867c10afc9b0ff"},"headline":"Ba\u015fkan&#8217;dan sa\u011fl\u0131k durumuyla ilgili a\u00e7\u0131klama","datePublished":"2025-02-06T12:41:15+00:00","mainEntityOfPage":{"@id":"https:\/\/denizcankizil.tr\/uk\/haberler\/antalya\/baskandan-saglik-durumuyla-ilgili-aciklama\/"},"wordCount":269,"commentCount":0,"publisher":{"@id":"https:\/\/denizcankizil.tr\/de\/#organization"},"image":{"@id":"https:\/\/denizcankizil.tr\/uk\/haberler\/antalya\/baskandan-saglik-durumuyla-ilgili-aciklama\/#primaryimage"},"thumbnailUrl":"https:\/\/denizcankizil.tr\/wp-content\/uploads\/2025\/02\/4513-01-Wg5W2W.jpeg","articleSection":["Antalya"],"inLanguage":"uk","potentialAction":[{"@type":"CommentAction","name":"Comment","target":["https:\/\/denizcankizil.tr\/uk\/haberler\/antalya\/baskandan-saglik-durumuyla-ilgili-aciklama\/#respond"]}]},{"@type":"WebPage","@id":"https:\/\/denizcankizil.tr\/uk\/haberler\/antalya\/baskandan-saglik-durumuyla-ilgili-aciklama\/","url":"https:\/\/denizcankizil.tr\/uk\/haberler\/antalya\/baskandan-saglik-durumuyla-ilgili-aciklama\/","name":"Ba\u015fkan'dan sa\u011fl\u0131k durumuyla ilgili a\u00e7\u0131klama - Av. Deniz Can K\u0131z\u0131l","isPartOf":{"@id":"https:\/\/denizcankizil.tr\/de\/#website"},"primaryImageOfPage":{"@id":"https:\/\/denizcankizil.tr\/uk\/haberler\/antalya\/baskandan-saglik-durumuyla-ilgili-aciklama\/#primaryimage"},"image":{"@id":"https:\/\/denizcankizil.tr\/uk\/haberler\/antalya\/baskandan-saglik-durumuyla-ilgili-aciklama\/#primaryimage"},"thumbnailUrl":"https:\/\/denizcankizil.tr\/wp-content\/uploads\/2025\/02\/4513-01-Wg5W2W.jpeg","datePublished":"2025-02-06T12:41:15+00:00","breadcrumb":{"@id":"https:\/\/denizcankizil.tr\/uk\/haberler\/antalya\/baskandan-saglik-durumuyla-ilgili-aciklama\/#breadcrumb"},"inLanguage":"uk","potentialAction":[{"@type":"ReadAction","target":["https:\/\/denizcankizil.tr\/uk\/haberler\/antalya\/baskandan-saglik-durumuyla-ilgili-aciklama\/"]}]},{"@type":"ImageObject","inLanguage":"uk","@id":"https:\/\/denizcankizil.tr\/uk\/haberler\/antalya\/baskandan-saglik-durumuyla-ilgili-aciklama\/#primaryimage","url":"https:\/\/denizcankizil.tr\/wp-content\/uploads\/2025\/02\/4513-01-Wg5W2W.jpeg","contentUrl":"https:\/\/denizcankizil.tr\/wp-content\/uploads\/2025\/02\/4513-01-Wg5W2W.jpeg","width":1280,"height":720},{"@type":"BreadcrumbList","@id":"https:\/\/denizcankizil.tr\/uk\/haberler\/antalya\/baskandan-saglik-durumuyla-ilgili-aciklama\/#breadcrumb","itemListElement":[{"@type":"ListItem","position":1,"name":"Home","item":"https:\/\/denizcankizil.tr\/de\/"},{"@type":"ListItem","position":2,"name":"Ba\u015fkan&#8217;dan sa\u011fl\u0131k durumuyla ilgili a\u00e7\u0131klama"}]},{"@type":"WebSite","@id":"https:\/\/denizcankizil.tr\/de\/#website","url":"https:\/\/denizcankizil.tr\/de\/","name":"Av. Deniz Can K\u0131z\u0131l","description":"Avukat Deniz Can K\u0131z\u0131l Antalya Barosu","publisher":{"@id":"https:\/\/denizcankizil.tr\/de\/#organization"},"potentialAction":[{"@type":"SearchAction","target":{"@type":"EntryPoint","urlTemplate":"https:\/\/denizcankizil.tr\/de\/?s={search_term_string}"},"query-input":{"@type":"PropertyValueSpecification","valueRequired":true,"valueName":"search_term_string"}}],"inLanguage":"uk"},{"@type":"Organization","@id":"https:\/\/denizcankizil.tr\/de\/#organization","name":"Av. Deniz Can K\u0131z\u0131l","url":"https:\/\/denizcankizil.tr\/de\/","logo":{"@type":"ImageObject","inLanguage":"uk","@id":"https:\/\/denizcankizil.tr\/de\/#\/schema\/logo\/image\/","url":"https:\/\/denizcankizil.tr\/wp-content\/uploads\/2024\/10\/siyah-logo-svg.svg","contentUrl":"https:\/\/denizcankizil.tr\/wp-content\/uploads\/2024\/10\/siyah-logo-svg.svg","width":1080,"height":1080,"caption":"Av. Deniz Can K\u0131z\u0131l"},"image":{"@id":"https:\/\/denizcankizil.tr\/de\/#\/schema\/logo\/image\/"}},{"@type":"Person","@id":"https:\/\/denizcankizil.tr\/de\/#\/schema\/person\/5dc1b22991bd7ac833867c10afc9b0ff","name":"Av. Deniz Can K\u0131z\u0131l","image":{"@type":"ImageObject","inLanguage":"uk","@id":"https:\/\/denizcankizil.tr\/de\/#\/schema\/person\/image\/","url":"https:\/\/secure.gravatar.com\/avatar\/a0b128fb9855c79efc976d5640eedb31dc35ec297594d6016d2cf7c60e975bb6?s=96&d=mm&r=g","contentUrl":"https:\/\/secure.gravatar.com\/avatar\/a0b128fb9855c79efc976d5640eedb31dc35ec297594d6016d2cf7c60e975bb6?s=96&d=mm&r=g","caption":"Av. Deniz Can K\u0131z\u0131l"},"sameAs":["http:\/\/www.denizcankizil.tr"],"url":"https:\/\/denizcankizil.tr\/uk\/author\/denizcankizil\/"}]}},"_links":{"self":[{"href":"https:\/\/denizcankizil.tr\/uk\/wp-json\/wp\/v2\/posts\/30717","targetHints":{"allow":["GET"]}}],"collection":[{"href":"https:\/\/denizcankizil.tr\/uk\/wp-json\/wp\/v2\/posts"}],"about":[{"href":"https:\/\/denizcankizil.tr\/uk\/wp-json\/wp\/v2\/types\/post"}],"author":[{"embeddable":true,"href":"https:\/\/denizcankizil.tr\/uk\/wp-json\/wp\/v2\/users\/4"}],"replies":[{"embeddable":true,"href":"https:\/\/denizcankizil.tr\/uk\/wp-json\/wp\/v2\/comments?post=30717"}],"version-history":[{"count":0,"href":"https:\/\/denizcankizil.tr\/uk\/wp-json\/wp\/v2\/posts\/30717\/revisions"}],"wp:featuredmedia":[{"embeddable":true,"href":"https:\/\/denizcankizil.tr\/uk\/wp-json\/wp\/v2\/media\/30718"}],"wp:attachment":[{"href":"https:\/\/denizcankizil.tr\/uk\/wp-json\/wp\/v2\/media?parent=30717"}],"wp:term":[{"taxonomy":"category","embeddable":true,"href":"https:\/\/denizcankizil.tr\/uk\/wp-json\/wp\/v2\/categories?post=30717"},{"taxonomy":"post_tag","embeddable":true,"href":"https:\/\/denizcankizil.tr\/uk\/wp-json\/wp\/v2\/tags?post=30717"}],"curies":[{"name":"wp","href":"https:\/\/api.w.org\/{rel}","templated":true}]}}