{"id":30676,"date":"2025-02-06T13:42:03","date_gmt":"2025-02-06T10:42:03","guid":{"rendered":"https:\/\/denizcankizil.tr\/uncategorized-tr\/6-subat-depreminde-yasamini-yitirenler-icin-antalyada-dua-edildi\/"},"modified":"2025-02-06T13:42:03","modified_gmt":"2025-02-06T10:42:03","slug":"6-subat-depreminde-yasamini-yitirenler-icin-antalyada-dua-edildi","status":"publish","type":"post","link":"https:\/\/denizcankizil.tr\/uk\/haberler\/gundem\/6-subat-depreminde-yasamini-yitirenler-icin-antalyada-dua-edildi\/","title":{"rendered":"6 \u015eubat depreminde ya\u015fam\u0131n\u0131 yitirenler i\u00e7in Antalya\u2019da dua edildi"},"content":{"rendered":"<p>Asr\u0131n felaketinden asr\u0131n dayan\u0131\u015fmas\u0131na d\u00f6n\u00fc\u015fmesi ile kay\u0131tlara ge\u00e7en, Kahramanmara\u015f Pazarc\u0131k ve Elbistan il\u00e7eleri merkezli 12 ili kapsayan 7,7 ve 7,6 b\u00fcy\u00fckl\u00fc\u011f\u00fcndeki depremlerin ikinci y\u0131l\u0131 nedeniyle Antalya Kepez S\u00fcleymaniye Camii\u2019nde anma ve dua program\u0131 yap\u0131ld\u0131. Programda ya\u015fam\u0131n\u0131 yitirenler i\u00e7in dualar edildi.<\/p>\n<p>RABB\u0130M\u0130Z B\u0130R DAHA B\u00d6YLE ACILAR YA\u015eATMASIN<\/p>\n<p>Antalya\u2019da 6 \u015eubat 2023 y\u0131l\u0131nda Kahramanmara\u015f merkezli ya\u015fanan depremlerin ikinci y\u0131l\u0131nda depremlerde hayat\u0131n\u0131 kaybedenler dualarla an\u0131ld\u0131. Antalya \u0130l M\u00fcft\u00fcs\u00fc Nazif Fethi Yal\u00e7\u0131nkaya, \u201cKahramanmara\u015f merkezli meydana gelen ve millet olarak b\u00fcy\u00fck ac\u0131lar ya\u015fad\u0131\u011f\u0131m\u0131z depremlerin ikinci y\u0131l d\u00f6n\u00fcm\u00fc. Cen\u00e2b-\u0131 Hak, afetler sebebiyle ahirete irtihal eden t\u00fcm karde\u015flerimize rahmet eylesin. Yaral\u0131lar\u0131m\u0131za acil \u015fifalar versin. Rabbimiz bir daha b\u00f6yle ac\u0131lar ya\u015fatmas\u0131n. Milletimizi ve t\u00fcm insanl\u0131\u011f\u0131 her t\u00fcrl\u00fc afetten muhafaza buyursun\u201d dedi.\u00a0<\/p>\n<p>ASRIN B\u0130RL\u0130KTEL\u0130\u011e\u0130 GER\u00c7EKLE\u015eT\u0130R\u0130LD\u0130<\/p>\n<p>Deprem felaketinin dayan\u0131\u015fmaya d\u00f6n\u00fc\u015ft\u00fc\u011f\u00fcne dikkat \u00e7eken Yal\u00e7\u0131nkaya, 6 \u015eubat depremlerinin hemen ard\u0131ndan asr\u0131n birlikteli\u011finin ya\u015fand\u0131\u011f\u0131n\u0131 anlatt\u0131. Yal\u00e7\u0131nkaya; \u201cTarihte oldu\u011fu gibi millet olarak, 6 \u015eubat depremlerinden sonra da asr\u0131n birlikteli\u011fini ger\u00e7ekle\u015ftirerek insanl\u0131\u011fa \u00f6rnek olacak bir karde\u015flik destan\u0131 yazd\u0131k. B\u00fct\u00fcn zorluklar\u0131 hep birlikte a\u015fmaya \u00e7al\u0131\u015ft\u0131k. G\u00f6n\u00fclleri y\u0131k\u0131lan, umutlar\u0131 kaybolan karde\u015flerimize devletimiz ve \u00e2l-i cen\u00e2p milletimiz b\u00fct\u00fcn imk\u00e2nlar\u0131n\u0131 seferber etti. Aziz milletimiz, bu karde\u015flerimize evlerinin, i\u015f yerlerinin ve g\u00f6n\u00fcllerinin kap\u0131lar\u0131n\u0131 sonuna kadar a\u00e7t\u0131. \u00dclkemizde ensar muhacir karde\u015fli\u011fi \u00e2deta yeniden v\u00fccut buldu. Yurt i\u00e7i ve yurt d\u0131\u015f\u0131nda d\u00fczenlenen yard\u0131m kampanyalar\u0131yla iyilik k\u00f6pr\u00fcleri kuruldu\u201d diye konu\u015ftu.<\/p>\n<p>\u200b6 \u015eubat 2023 y\u0131l\u0131nda Kahramanmara\u015f merkezli ya\u015fanan depremlerin ikinci y\u0131l\u0131nda depremlerde hayat\u0131n\u0131 kaybedenler i\u00e7in Antalya\u2019da sabah namaz\u0131nda dualar edildi. \u0130l M\u00fcft\u00fcs\u00fc Nazif Fethi Yal\u00e7\u0131nkaya ve Kepez \u0130l\u00e7e M\u00fcft\u00fcs\u00fc Mehmet Ers\u00f6z\u2019\u00fcn de kat\u0131ld\u0131\u011f\u0131 programda, Kur&#8217;an-\u0131 Kerim okundu.\u00a0<\/p>\n<p>\u200bHaberin Al\u0131nt\u0131land\u0131\u011f\u0131 Kaynak: www.antalyakorfez.com<\/p>","protected":false},"excerpt":{"rendered":"<p>Asr\u0131n felaketinden asr\u0131n dayan\u0131\u015fmas\u0131na d\u00f6n\u00fc\u015fmesi ile kay\u0131tlara ge\u00e7en, Kahramanmara\u015f Pazarc\u0131k ve Elbistan il\u00e7eleri merkezli 12 ili kapsayan 7,7 ve 7,6 b\u00fcy\u00fckl\u00fc\u011f\u00fcndeki depremlerin ikinci y\u0131l\u0131 nedeniyle Antalya Kepez S\u00fcleymaniye Camii\u2019nde anma ve dua program\u0131 yap\u0131ld\u0131. Programda ya\u015fam\u0131n\u0131 yitirenler i\u00e7in dualar edildi. RABB\u0130M\u0130Z B\u0130R DAHA B\u00d6YLE ACILAR YA\u015eATMASIN Antalya\u2019da 6 \u015eubat 2023 y\u0131l\u0131nda Kahramanmara\u015f merkezli ya\u015fanan depremlerin ikinci y\u0131l\u0131nda depremlerde hayat\u0131n\u0131 kaybedenler dualarla an\u0131ld\u0131. Antalya \u0130l M\u00fcft\u00fcs\u00fc Nazif Fethi Yal\u00e7\u0131nkaya, \u201cKahramanmara\u015f merkezli meydana gelen ve millet olarak b\u00fcy\u00fck ac\u0131lar ya\u015fad\u0131\u011f\u0131m\u0131z depremlerin ikinci y\u0131l d\u00f6n\u00fcm\u00fc. Cen\u00e2b-\u0131 Hak, afetler sebebiyle ahirete irtihal eden t\u00fcm karde\u015flerimize rahmet eylesin. Yaral\u0131lar\u0131m\u0131za acil \u015fifalar versin. Rabbimiz bir daha b\u00f6yle ac\u0131lar ya\u015fatmas\u0131n. Milletimizi ve t\u00fcm insanl\u0131\u011f\u0131 her t\u00fcrl\u00fc afetten muhafaza buyursun\u201d dedi.\u00a0 ASRIN B\u0130RL\u0130KTEL\u0130\u011e\u0130 GER\u00c7EKLE\u015eT\u0130R\u0130LD\u0130 Deprem felaketinin dayan\u0131\u015fmaya d\u00f6n\u00fc\u015ft\u00fc\u011f\u00fcne dikkat \u00e7eken Yal\u00e7\u0131nkaya, 6 \u015eubat depremlerinin hemen ard\u0131ndan asr\u0131n birlikteli\u011finin ya\u015fand\u0131\u011f\u0131n\u0131 anlatt\u0131. Yal\u00e7\u0131nkaya; \u201cTarihte oldu\u011fu gibi millet olarak, 6 \u015eubat depremlerinden sonra da asr\u0131n birlikteli\u011fini ger\u00e7ekle\u015ftirerek insanl\u0131\u011fa \u00f6rnek olacak bir karde\u015flik destan\u0131 yazd\u0131k. B\u00fct\u00fcn zorluklar\u0131 hep birlikte a\u015fmaya \u00e7al\u0131\u015ft\u0131k. G\u00f6n\u00fclleri y\u0131k\u0131lan, umutlar\u0131 kaybolan karde\u015flerimize devletimiz ve \u00e2l-i cen\u00e2p milletimiz b\u00fct\u00fcn imk\u00e2nlar\u0131n\u0131 seferber etti. Aziz milletimiz, bu karde\u015flerimize evlerinin, i\u015f yerlerinin ve g\u00f6n\u00fcllerinin kap\u0131lar\u0131n\u0131 sonuna kadar a\u00e7t\u0131. \u00dclkemizde ensar muhacir karde\u015fli\u011fi \u00e2deta yeniden v\u00fccut buldu. Yurt i\u00e7i ve yurt d\u0131\u015f\u0131nda d\u00fczenlenen &hellip;<\/p>","protected":false},"author":5,"featured_media":0,"comment_status":"open","ping_status":"open","sticky":false,"template":"","format":"standard","meta":{"_acf_changed":false,"footnotes":""},"categories":[24],"tags":[],"class_list":["post-30676","post","type-post","status-publish","format-standard","has-post-thumbnail","hentry","category-gundem"],"acf":[],"yoast_head":"<!-- This site is optimized with the Yoast SEO Premium plugin v26.6 (Yoast SEO v27.1.1) - https:\/\/yoast.com\/product\/yoast-seo-premium-wordpress\/ -->\n<title>6 \u015eubat depreminde ya\u015fam\u0131n\u0131 yitirenler i\u00e7in Antalya\u2019da dua edildi - Av. Deniz Can K\u0131z\u0131l<\/title>\n<meta name=\"robots\" content=\"index, follow, max-snippet:-1, max-image-preview:large, max-video-preview:-1\" \/>\n<link rel=\"canonical\" href=\"https:\/\/denizcankizil.tr\/uk\/haberler\/gundem\/6-subat-depreminde-yasamini-yitirenler-icin-antalyada-dua-edildi\/\" \/>\n<meta property=\"og:locale\" content=\"uk_UA\" \/>\n<meta property=\"og:type\" content=\"article\" \/>\n<meta property=\"og:title\" content=\"6 \u015eubat depreminde ya\u015fam\u0131n\u0131 yitirenler i\u00e7in Antalya\u2019da dua edildi\" \/>\n<meta property=\"og:description\" content=\"Asr\u0131n felaketinden asr\u0131n dayan\u0131\u015fmas\u0131na d\u00f6n\u00fc\u015fmesi ile kay\u0131tlara ge\u00e7en, Kahramanmara\u015f Pazarc\u0131k ve Elbistan il\u00e7eleri merkezli 12 ili kapsayan 7,7 ve 7,6 b\u00fcy\u00fckl\u00fc\u011f\u00fcndeki depremlerin ikinci y\u0131l\u0131 nedeniyle Antalya Kepez S\u00fcleymaniye Camii\u2019nde anma ve dua program\u0131 yap\u0131ld\u0131. Programda ya\u015fam\u0131n\u0131 yitirenler i\u00e7in dualar edildi. RABB\u0130M\u0130Z B\u0130R DAHA B\u00d6YLE ACILAR YA\u015eATMASIN Antalya\u2019da 6 \u015eubat 2023 y\u0131l\u0131nda Kahramanmara\u015f merkezli ya\u015fanan depremlerin ikinci y\u0131l\u0131nda depremlerde hayat\u0131n\u0131 kaybedenler dualarla an\u0131ld\u0131. Antalya \u0130l M\u00fcft\u00fcs\u00fc Nazif Fethi Yal\u00e7\u0131nkaya, \u201cKahramanmara\u015f merkezli meydana gelen ve millet olarak b\u00fcy\u00fck ac\u0131lar ya\u015fad\u0131\u011f\u0131m\u0131z depremlerin ikinci y\u0131l d\u00f6n\u00fcm\u00fc. Cen\u00e2b-\u0131 Hak, afetler sebebiyle ahirete irtihal eden t\u00fcm karde\u015flerimize rahmet eylesin. Yaral\u0131lar\u0131m\u0131za acil \u015fifalar versin. Rabbimiz bir daha b\u00f6yle ac\u0131lar ya\u015fatmas\u0131n. Milletimizi ve t\u00fcm insanl\u0131\u011f\u0131 her t\u00fcrl\u00fc afetten muhafaza buyursun\u201d dedi.\u00a0 ASRIN B\u0130RL\u0130KTEL\u0130\u011e\u0130 GER\u00c7EKLE\u015eT\u0130R\u0130LD\u0130 Deprem felaketinin dayan\u0131\u015fmaya d\u00f6n\u00fc\u015ft\u00fc\u011f\u00fcne dikkat \u00e7eken Yal\u00e7\u0131nkaya, 6 \u015eubat depremlerinin hemen ard\u0131ndan asr\u0131n birlikteli\u011finin ya\u015fand\u0131\u011f\u0131n\u0131 anlatt\u0131. Yal\u00e7\u0131nkaya; \u201cTarihte oldu\u011fu gibi millet olarak, 6 \u015eubat depremlerinden sonra da asr\u0131n birlikteli\u011fini ger\u00e7ekle\u015ftirerek insanl\u0131\u011fa \u00f6rnek olacak bir karde\u015flik destan\u0131 yazd\u0131k. B\u00fct\u00fcn zorluklar\u0131 hep birlikte a\u015fmaya \u00e7al\u0131\u015ft\u0131k. G\u00f6n\u00fclleri y\u0131k\u0131lan, umutlar\u0131 kaybolan karde\u015flerimize devletimiz ve \u00e2l-i cen\u00e2p milletimiz b\u00fct\u00fcn imk\u00e2nlar\u0131n\u0131 seferber etti. Aziz milletimiz, bu karde\u015flerimize evlerinin, i\u015f yerlerinin ve g\u00f6n\u00fcllerinin kap\u0131lar\u0131n\u0131 sonuna kadar a\u00e7t\u0131. \u00dclkemizde ensar muhacir karde\u015fli\u011fi \u00e2deta yeniden v\u00fccut buldu. Yurt i\u00e7i ve yurt d\u0131\u015f\u0131nda d\u00fczenlenen &hellip;\" \/>\n<meta property=\"og:url\" content=\"https:\/\/denizcankizil.tr\/uk\/haberler\/gundem\/6-subat-depreminde-yasamini-yitirenler-icin-antalyada-dua-edildi\/\" \/>\n<meta property=\"og:site_name\" content=\"Av. Deniz Can K\u0131z\u0131l\" \/>\n<meta property=\"article:published_time\" content=\"2025-02-06T10:42:03+00:00\" \/>\n<meta name=\"author\" content=\"Antalya K\u00f6rfez\" \/>\n<meta name=\"twitter:card\" content=\"summary_large_image\" \/>\n<meta name=\"twitter:label1\" content=\"\u041d\u0430\u043f\u0438\u0441\u0430\u043d\u043e\" \/>\n\t<meta name=\"twitter:data1\" content=\"Antalya K\u00f6rfez\" \/>\n\t<meta name=\"twitter:label2\" content=\"\u041f\u0440\u0438\u0431\u043b. \u0447\u0430\u0441 \u0447\u0438\u0442\u0430\u043d\u043d\u044f\" \/>\n\t<meta name=\"twitter:data2\" content=\"2 \u0445\u0432\u0438\u043b\u0438\u043d\u0438\" \/>\n<script type=\"application\/ld+json\" class=\"yoast-schema-graph\">{\"@context\":\"https:\/\/schema.org\",\"@graph\":[{\"@type\":\"Article\",\"@id\":\"https:\/\/denizcankizil.tr\/uk\/haberler\/gundem\/6-subat-depreminde-yasamini-yitirenler-icin-antalyada-dua-edildi\/#article\",\"isPartOf\":{\"@id\":\"https:\/\/denizcankizil.tr\/uk\/haberler\/gundem\/6-subat-depreminde-yasamini-yitirenler-icin-antalyada-dua-edildi\/\"},\"author\":{\"name\":\"Antalya K\u00f6rfez\",\"@id\":\"https:\/\/denizcankizil.tr\/de\/#\/schema\/person\/e1eb71bb4dd684d46563f0af307e1234\"},\"headline\":\"6 \u015eubat depreminde ya\u015fam\u0131n\u0131 yitirenler i\u00e7in Antalya\u2019da dua edildi\",\"datePublished\":\"2025-02-06T10:42:03+00:00\",\"mainEntityOfPage\":{\"@id\":\"https:\/\/denizcankizil.tr\/uk\/haberler\/gundem\/6-subat-depreminde-yasamini-yitirenler-icin-antalyada-dua-edildi\/\"},\"wordCount\":387,\"commentCount\":0,\"publisher\":{\"@id\":\"https:\/\/denizcankizil.tr\/de\/#organization\"},\"articleSection\":[\"G\u00fcndem\"],\"inLanguage\":\"uk\",\"potentialAction\":[{\"@type\":\"CommentAction\",\"name\":\"Comment\",\"target\":[\"https:\/\/denizcankizil.tr\/uk\/haberler\/gundem\/6-subat-depreminde-yasamini-yitirenler-icin-antalyada-dua-edildi\/#respond\"]}]},{\"@type\":\"WebPage\",\"@id\":\"https:\/\/denizcankizil.tr\/uk\/haberler\/gundem\/6-subat-depreminde-yasamini-yitirenler-icin-antalyada-dua-edildi\/\",\"url\":\"https:\/\/denizcankizil.tr\/uk\/haberler\/gundem\/6-subat-depreminde-yasamini-yitirenler-icin-antalyada-dua-edildi\/\",\"name\":\"6 \u015eubat depreminde ya\u015fam\u0131n\u0131 yitirenler i\u00e7in Antalya\u2019da dua edildi - Av. Deniz Can K\u0131z\u0131l\",\"isPartOf\":{\"@id\":\"https:\/\/denizcankizil.tr\/de\/#website\"},\"datePublished\":\"2025-02-06T10:42:03+00:00\",\"breadcrumb\":{\"@id\":\"https:\/\/denizcankizil.tr\/uk\/haberler\/gundem\/6-subat-depreminde-yasamini-yitirenler-icin-antalyada-dua-edildi\/#breadcrumb\"},\"inLanguage\":\"uk\",\"potentialAction\":[{\"@type\":\"ReadAction\",\"target\":[\"https:\/\/denizcankizil.tr\/uk\/haberler\/gundem\/6-subat-depreminde-yasamini-yitirenler-icin-antalyada-dua-edildi\/\"]}]},{\"@type\":\"BreadcrumbList\",\"@id\":\"https:\/\/denizcankizil.tr\/uk\/haberler\/gundem\/6-subat-depreminde-yasamini-yitirenler-icin-antalyada-dua-edildi\/#breadcrumb\",\"itemListElement\":[{\"@type\":\"ListItem\",\"position\":1,\"name\":\"Home\",\"item\":\"https:\/\/denizcankizil.tr\/de\/\"},{\"@type\":\"ListItem\",\"position\":2,\"name\":\"6 \u015eubat depreminde ya\u015fam\u0131n\u0131 yitirenler i\u00e7in Antalya\u2019da dua edildi\"}]},{\"@type\":\"WebSite\",\"@id\":\"https:\/\/denizcankizil.tr\/de\/#website\",\"url\":\"https:\/\/denizcankizil.tr\/de\/\",\"name\":\"Av. Deniz Can K\u0131z\u0131l\",\"description\":\"Avukat Deniz Can K\u0131z\u0131l Antalya Barosu\",\"publisher\":{\"@id\":\"https:\/\/denizcankizil.tr\/de\/#organization\"},\"potentialAction\":[{\"@type\":\"SearchAction\",\"target\":{\"@type\":\"EntryPoint\",\"urlTemplate\":\"https:\/\/denizcankizil.tr\/de\/?s={search_term_string}\"},\"query-input\":{\"@type\":\"PropertyValueSpecification\",\"valueRequired\":true,\"valueName\":\"search_term_string\"}}],\"inLanguage\":\"uk\"},{\"@type\":\"Organization\",\"@id\":\"https:\/\/denizcankizil.tr\/de\/#organization\",\"name\":\"Av. Deniz Can K\u0131z\u0131l\",\"url\":\"https:\/\/denizcankizil.tr\/de\/\",\"logo\":{\"@type\":\"ImageObject\",\"inLanguage\":\"uk\",\"@id\":\"https:\/\/denizcankizil.tr\/de\/#\/schema\/logo\/image\/\",\"url\":\"https:\/\/denizcankizil.tr\/wp-content\/uploads\/2024\/10\/siyah-logo-svg.svg\",\"contentUrl\":\"https:\/\/denizcankizil.tr\/wp-content\/uploads\/2024\/10\/siyah-logo-svg.svg\",\"width\":1080,\"height\":1080,\"caption\":\"Av. Deniz Can K\u0131z\u0131l\"},\"image\":{\"@id\":\"https:\/\/denizcankizil.tr\/de\/#\/schema\/logo\/image\/\"}},{\"@type\":\"Person\",\"@id\":\"https:\/\/denizcankizil.tr\/de\/#\/schema\/person\/e1eb71bb4dd684d46563f0af307e1234\",\"name\":\"Antalya K\u00f6rfez\",\"image\":{\"@type\":\"ImageObject\",\"inLanguage\":\"uk\",\"@id\":\"https:\/\/denizcankizil.tr\/de\/#\/schema\/person\/image\/\",\"url\":\"https:\/\/secure.gravatar.com\/avatar\/42b01982558a48a0b501fdcab6a408d3717ea5919095ee2e67b0e521799c5905?s=96&d=mm&r=g\",\"contentUrl\":\"https:\/\/secure.gravatar.com\/avatar\/42b01982558a48a0b501fdcab6a408d3717ea5919095ee2e67b0e521799c5905?s=96&d=mm&r=g\",\"caption\":\"Antalya K\u00f6rfez\"},\"sameAs\":[\"http:\/\/www.antalyakorfez.com\"],\"url\":\"https:\/\/www.antalyakorfez.com\/6-subat-depreminde-yasamini-yitirenler-icin-antalyada-dua-edildi\"}]}<\/script>\n<!-- \/ Yoast SEO Premium plugin. -->","yoast_head_json":{"title":"6 \u015eubat depreminde ya\u015fam\u0131n\u0131 yitirenler i\u00e7in Antalya\u2019da dua edildi - Av. Deniz Can K\u0131z\u0131l","robots":{"index":"index","follow":"follow","max-snippet":"max-snippet:-1","max-image-preview":"max-image-preview:large","max-video-preview":"max-video-preview:-1"},"canonical":"https:\/\/denizcankizil.tr\/uk\/haberler\/gundem\/6-subat-depreminde-yasamini-yitirenler-icin-antalyada-dua-edildi\/","og_locale":"uk_UA","og_type":"article","og_title":"6 \u015eubat depreminde ya\u015fam\u0131n\u0131 yitirenler i\u00e7in Antalya\u2019da dua edildi","og_description":"Asr\u0131n felaketinden asr\u0131n dayan\u0131\u015fmas\u0131na d\u00f6n\u00fc\u015fmesi ile kay\u0131tlara ge\u00e7en, Kahramanmara\u015f Pazarc\u0131k ve Elbistan il\u00e7eleri merkezli 12 ili kapsayan 7,7 ve 7,6 b\u00fcy\u00fckl\u00fc\u011f\u00fcndeki depremlerin ikinci y\u0131l\u0131 nedeniyle Antalya Kepez S\u00fcleymaniye Camii\u2019nde anma ve dua program\u0131 yap\u0131ld\u0131. Programda ya\u015fam\u0131n\u0131 yitirenler i\u00e7in dualar edildi. RABB\u0130M\u0130Z B\u0130R DAHA B\u00d6YLE ACILAR YA\u015eATMASIN Antalya\u2019da 6 \u015eubat 2023 y\u0131l\u0131nda Kahramanmara\u015f merkezli ya\u015fanan depremlerin ikinci y\u0131l\u0131nda depremlerde hayat\u0131n\u0131 kaybedenler dualarla an\u0131ld\u0131. Antalya \u0130l M\u00fcft\u00fcs\u00fc Nazif Fethi Yal\u00e7\u0131nkaya, \u201cKahramanmara\u015f merkezli meydana gelen ve millet olarak b\u00fcy\u00fck ac\u0131lar ya\u015fad\u0131\u011f\u0131m\u0131z depremlerin ikinci y\u0131l d\u00f6n\u00fcm\u00fc. Cen\u00e2b-\u0131 Hak, afetler sebebiyle ahirete irtihal eden t\u00fcm karde\u015flerimize rahmet eylesin. Yaral\u0131lar\u0131m\u0131za acil \u015fifalar versin. Rabbimiz bir daha b\u00f6yle ac\u0131lar ya\u015fatmas\u0131n. Milletimizi ve t\u00fcm insanl\u0131\u011f\u0131 her t\u00fcrl\u00fc afetten muhafaza buyursun\u201d dedi.\u00a0 ASRIN B\u0130RL\u0130KTEL\u0130\u011e\u0130 GER\u00c7EKLE\u015eT\u0130R\u0130LD\u0130 Deprem felaketinin dayan\u0131\u015fmaya d\u00f6n\u00fc\u015ft\u00fc\u011f\u00fcne dikkat \u00e7eken Yal\u00e7\u0131nkaya, 6 \u015eubat depremlerinin hemen ard\u0131ndan asr\u0131n birlikteli\u011finin ya\u015fand\u0131\u011f\u0131n\u0131 anlatt\u0131. Yal\u00e7\u0131nkaya; \u201cTarihte oldu\u011fu gibi millet olarak, 6 \u015eubat depremlerinden sonra da asr\u0131n birlikteli\u011fini ger\u00e7ekle\u015ftirerek insanl\u0131\u011fa \u00f6rnek olacak bir karde\u015flik destan\u0131 yazd\u0131k. B\u00fct\u00fcn zorluklar\u0131 hep birlikte a\u015fmaya \u00e7al\u0131\u015ft\u0131k. G\u00f6n\u00fclleri y\u0131k\u0131lan, umutlar\u0131 kaybolan karde\u015flerimize devletimiz ve \u00e2l-i cen\u00e2p milletimiz b\u00fct\u00fcn imk\u00e2nlar\u0131n\u0131 seferber etti. Aziz milletimiz, bu karde\u015flerimize evlerinin, i\u015f yerlerinin ve g\u00f6n\u00fcllerinin kap\u0131lar\u0131n\u0131 sonuna kadar a\u00e7t\u0131. \u00dclkemizde ensar muhacir karde\u015fli\u011fi \u00e2deta yeniden v\u00fccut buldu. Yurt i\u00e7i ve yurt d\u0131\u015f\u0131nda d\u00fczenlenen &hellip;","og_url":"https:\/\/denizcankizil.tr\/uk\/haberler\/gundem\/6-subat-depreminde-yasamini-yitirenler-icin-antalyada-dua-edildi\/","og_site_name":"Av. Deniz Can K\u0131z\u0131l","article_published_time":"2025-02-06T10:42:03+00:00","author":"Antalya K\u00f6rfez","twitter_card":"summary_large_image","twitter_misc":{"\u041d\u0430\u043f\u0438\u0441\u0430\u043d\u043e":"Antalya K\u00f6rfez","\u041f\u0440\u0438\u0431\u043b. \u0447\u0430\u0441 \u0447\u0438\u0442\u0430\u043d\u043d\u044f":"2 \u0445\u0432\u0438\u043b\u0438\u043d\u0438"},"schema":{"@context":"https:\/\/schema.org","@graph":[{"@type":"Article","@id":"https:\/\/denizcankizil.tr\/uk\/haberler\/gundem\/6-subat-depreminde-yasamini-yitirenler-icin-antalyada-dua-edildi\/#article","isPartOf":{"@id":"https:\/\/denizcankizil.tr\/uk\/haberler\/gundem\/6-subat-depreminde-yasamini-yitirenler-icin-antalyada-dua-edildi\/"},"author":{"name":"Antalya K\u00f6rfez","@id":"https:\/\/denizcankizil.tr\/de\/#\/schema\/person\/e1eb71bb4dd684d46563f0af307e1234"},"headline":"6 \u015eubat depreminde ya\u015fam\u0131n\u0131 yitirenler i\u00e7in Antalya\u2019da dua edildi","datePublished":"2025-02-06T10:42:03+00:00","mainEntityOfPage":{"@id":"https:\/\/denizcankizil.tr\/uk\/haberler\/gundem\/6-subat-depreminde-yasamini-yitirenler-icin-antalyada-dua-edildi\/"},"wordCount":387,"commentCount":0,"publisher":{"@id":"https:\/\/denizcankizil.tr\/de\/#organization"},"articleSection":["G\u00fcndem"],"inLanguage":"uk","potentialAction":[{"@type":"CommentAction","name":"Comment","target":["https:\/\/denizcankizil.tr\/uk\/haberler\/gundem\/6-subat-depreminde-yasamini-yitirenler-icin-antalyada-dua-edildi\/#respond"]}]},{"@type":"WebPage","@id":"https:\/\/denizcankizil.tr\/uk\/haberler\/gundem\/6-subat-depreminde-yasamini-yitirenler-icin-antalyada-dua-edildi\/","url":"https:\/\/denizcankizil.tr\/uk\/haberler\/gundem\/6-subat-depreminde-yasamini-yitirenler-icin-antalyada-dua-edildi\/","name":"6 \u015eubat depreminde ya\u015fam\u0131n\u0131 yitirenler i\u00e7in Antalya\u2019da dua edildi - Av. Deniz Can K\u0131z\u0131l","isPartOf":{"@id":"https:\/\/denizcankizil.tr\/de\/#website"},"datePublished":"2025-02-06T10:42:03+00:00","breadcrumb":{"@id":"https:\/\/denizcankizil.tr\/uk\/haberler\/gundem\/6-subat-depreminde-yasamini-yitirenler-icin-antalyada-dua-edildi\/#breadcrumb"},"inLanguage":"uk","potentialAction":[{"@type":"ReadAction","target":["https:\/\/denizcankizil.tr\/uk\/haberler\/gundem\/6-subat-depreminde-yasamini-yitirenler-icin-antalyada-dua-edildi\/"]}]},{"@type":"BreadcrumbList","@id":"https:\/\/denizcankizil.tr\/uk\/haberler\/gundem\/6-subat-depreminde-yasamini-yitirenler-icin-antalyada-dua-edildi\/#breadcrumb","itemListElement":[{"@type":"ListItem","position":1,"name":"Home","item":"https:\/\/denizcankizil.tr\/de\/"},{"@type":"ListItem","position":2,"name":"6 \u015eubat depreminde ya\u015fam\u0131n\u0131 yitirenler i\u00e7in Antalya\u2019da dua edildi"}]},{"@type":"WebSite","@id":"https:\/\/denizcankizil.tr\/de\/#website","url":"https:\/\/denizcankizil.tr\/de\/","name":"Av. Deniz Can K\u0131z\u0131l","description":"Avukat Deniz Can K\u0131z\u0131l Antalya Barosu","publisher":{"@id":"https:\/\/denizcankizil.tr\/de\/#organization"},"potentialAction":[{"@type":"SearchAction","target":{"@type":"EntryPoint","urlTemplate":"https:\/\/denizcankizil.tr\/de\/?s={search_term_string}"},"query-input":{"@type":"PropertyValueSpecification","valueRequired":true,"valueName":"search_term_string"}}],"inLanguage":"uk"},{"@type":"Organization","@id":"https:\/\/denizcankizil.tr\/de\/#organization","name":"Av. Deniz Can K\u0131z\u0131l","url":"https:\/\/denizcankizil.tr\/de\/","logo":{"@type":"ImageObject","inLanguage":"uk","@id":"https:\/\/denizcankizil.tr\/de\/#\/schema\/logo\/image\/","url":"https:\/\/denizcankizil.tr\/wp-content\/uploads\/2024\/10\/siyah-logo-svg.svg","contentUrl":"https:\/\/denizcankizil.tr\/wp-content\/uploads\/2024\/10\/siyah-logo-svg.svg","width":1080,"height":1080,"caption":"Av. Deniz Can K\u0131z\u0131l"},"image":{"@id":"https:\/\/denizcankizil.tr\/de\/#\/schema\/logo\/image\/"}},{"@type":"Person","@id":"https:\/\/denizcankizil.tr\/de\/#\/schema\/person\/e1eb71bb4dd684d46563f0af307e1234","name":"Antalya K\u00f6rfez","image":{"@type":"ImageObject","inLanguage":"uk","@id":"https:\/\/denizcankizil.tr\/de\/#\/schema\/person\/image\/","url":"https:\/\/secure.gravatar.com\/avatar\/42b01982558a48a0b501fdcab6a408d3717ea5919095ee2e67b0e521799c5905?s=96&d=mm&r=g","contentUrl":"https:\/\/secure.gravatar.com\/avatar\/42b01982558a48a0b501fdcab6a408d3717ea5919095ee2e67b0e521799c5905?s=96&d=mm&r=g","caption":"Antalya K\u00f6rfez"},"sameAs":["http:\/\/www.antalyakorfez.com"],"url":"https:\/\/www.antalyakorfez.com\/6-subat-depreminde-yasamini-yitirenler-icin-antalyada-dua-edildi"}]}},"_links":{"self":[{"href":"https:\/\/denizcankizil.tr\/uk\/wp-json\/wp\/v2\/posts\/30676","targetHints":{"allow":["GET"]}}],"collection":[{"href":"https:\/\/denizcankizil.tr\/uk\/wp-json\/wp\/v2\/posts"}],"about":[{"href":"https:\/\/denizcankizil.tr\/uk\/wp-json\/wp\/v2\/types\/post"}],"author":[{"embeddable":true,"href":"https:\/\/denizcankizil.tr\/uk\/wp-json\/wp\/v2\/users\/5"}],"replies":[{"embeddable":true,"href":"https:\/\/denizcankizil.tr\/uk\/wp-json\/wp\/v2\/comments?post=30676"}],"version-history":[{"count":0,"href":"https:\/\/denizcankizil.tr\/uk\/wp-json\/wp\/v2\/posts\/30676\/revisions"}],"wp:attachment":[{"href":"https:\/\/denizcankizil.tr\/uk\/wp-json\/wp\/v2\/media?parent=30676"}],"wp:term":[{"taxonomy":"category","embeddable":true,"href":"https:\/\/denizcankizil.tr\/uk\/wp-json\/wp\/v2\/categories?post=30676"},{"taxonomy":"post_tag","embeddable":true,"href":"https:\/\/denizcankizil.tr\/uk\/wp-json\/wp\/v2\/tags?post=30676"}],"curies":[{"name":"wp","href":"https:\/\/api.w.org\/{rel}","templated":true}]}}