{"id":30511,"date":"2025-02-05T23:41:17","date_gmt":"2025-02-05T20:41:17","guid":{"rendered":"https:\/\/denizcankizil.tr\/uncategorized-tr\/mhpden-bahcelinin-saglik-durumuna-iliskin-aciklama-geldi\/"},"modified":"2025-02-05T23:41:17","modified_gmt":"2025-02-05T20:41:17","slug":"mhpden-bahcelinin-saglik-durumuna-iliskin-aciklama-geldi","status":"publish","type":"post","link":"https:\/\/denizcankizil.tr\/uk\/haberler\/gundem\/mhpden-bahcelinin-saglik-durumuna-iliskin-aciklama-geldi\/","title":{"rendered":"MHP&#8217;den, Bah\u00e7eli&#8217;nin sa\u011fl\u0131k durumuna ili\u015fkin a\u00e7\u0131klama geldi!"},"content":{"rendered":"<p>Milliyet\u00e7i Hareket Partisi (MHP) Genel Ba\u015fkan\u0131 Devlet Bah\u00e7eli, partisinin d\u00fcnk\u00fc grup toplant\u0131s\u0131n\u0131 iptal etmi\u015fti. \u0130ptal karar\u0131 i\u00e7in resmi bir a\u00e7\u0131klama yap\u0131lmad\u0131 ancak MHP Lideri&#8217;nin sa\u011fl\u0131k sorunlar\u0131 oldu\u011fu konu\u015fuldu. O sorunlar\u0131n da &#8216;gribal enfeksiyon&#8217; oldu\u011fu belirtildi.<\/p>\n<p>KALP RAHATSIZLI\u011eI G\u00dcNDEMDE<\/p>\n<p>Halktv.com.tr Bah\u00e7eli&#8217;nin grup toplant\u0131s\u0131n\u0131 iptal etme gerek\u00e7esine ula\u015ft\u0131. MHP Lideri, kalp rahats\u0131zl\u0131\u011f\u0131 nedeniyle hastaneye kald\u0131r\u0131ld\u0131. \u0130stanbul Anadolu Yakas\u0131&#8217;ndaki bir \u00f6zel hastaneye yat\u0131r\u0131lan Bah\u00e7eli, tedavi alt\u0131na al\u0131nd\u0131.\u00a0<\/p>\n<p>MHP KANADINDAN A\u00c7IKLAMA<\/p>\n<p>Bah\u00e7eli&#8217;nin kalp rahats\u0131zl\u0131\u011f\u0131 nedeniyle hastaneye kald\u0131r\u0131ld\u0131\u011f\u0131 ortaya \u00e7\u0131kt\u0131. Milliyet\u00e7i Hareket Partisi (MHP) Genel Ba\u015fkan\u0131 Devlet Bah\u00e7eli&#8217;nin \u00d6zel Kalem M\u00fcd\u00fcr\u00fc Murat \u00c7eliker\u2019den bilgilendirme mesaj\u0131 geldi.<\/p>\n<p>SMS \u0130LE B\u0130LG\u0130LEND\u0130RME<\/p>\n<p>\u00c7eliker&#8217;in mesaj\u0131nda \u015fu ifadeler yer ald\u0131:<\/p>\n<p>\u00a0<\/p>\n<p>\u200bD\u00fcn partisinin Meclis Grup Toplant\u0131s\u0131n\u0131  iptal eden MHP Genel Ba\u015fkan\u0131 Devlet Bah\u00e7eli&#8217;nin sa\u011fl\u0131k durumuna ili\u015fkin a\u00e7\u0131klama yap\u0131ld\u0131. \u0130\u015fte ayr\u0131nt\u0131lar&#8230;\u00a0<\/p>\n<p>\u200bHaberin Al\u0131nt\u0131land\u0131\u011f\u0131 Kaynak: www.antalyakorfez.com<\/p>","protected":false},"excerpt":{"rendered":"<p>Milliyet\u00e7i Hareket Partisi (MHP) Genel Ba\u015fkan\u0131 Devlet Bah\u00e7eli, partisinin d\u00fcnk\u00fc grup toplant\u0131s\u0131n\u0131 iptal etmi\u015fti. \u0130ptal karar\u0131 i\u00e7in resmi bir a\u00e7\u0131klama yap\u0131lmad\u0131 ancak MHP Lideri&#8217;nin sa\u011fl\u0131k sorunlar\u0131 oldu\u011fu konu\u015fuldu. O sorunlar\u0131n da &#8216;gribal enfeksiyon&#8217; oldu\u011fu belirtildi. KALP RAHATSIZLI\u011eI G\u00dcNDEMDE Halktv.com.tr Bah\u00e7eli&#8217;nin grup toplant\u0131s\u0131n\u0131 iptal etme gerek\u00e7esine ula\u015ft\u0131. MHP Lideri, kalp rahats\u0131zl\u0131\u011f\u0131 nedeniyle hastaneye kald\u0131r\u0131ld\u0131. \u0130stanbul Anadolu Yakas\u0131&#8217;ndaki bir \u00f6zel hastaneye yat\u0131r\u0131lan Bah\u00e7eli, tedavi alt\u0131na al\u0131nd\u0131.\u00a0 MHP KANADINDAN A\u00c7IKLAMA Bah\u00e7eli&#8217;nin kalp rahats\u0131zl\u0131\u011f\u0131 nedeniyle hastaneye kald\u0131r\u0131ld\u0131\u011f\u0131 ortaya \u00e7\u0131kt\u0131. Milliyet\u00e7i Hareket Partisi (MHP) Genel Ba\u015fkan\u0131 Devlet Bah\u00e7eli&#8217;nin \u00d6zel Kalem M\u00fcd\u00fcr\u00fc Murat \u00c7eliker\u2019den bilgilendirme mesaj\u0131 geldi. SMS \u0130LE B\u0130LG\u0130LEND\u0130RME \u00c7eliker&#8217;in mesaj\u0131nda \u015fu ifadeler yer ald\u0131: \u00a0 \u200bD\u00fcn partisinin Meclis Grup Toplant\u0131s\u0131n\u0131 iptal eden MHP Genel Ba\u015fkan\u0131 Devlet Bah\u00e7eli&#8217;nin sa\u011fl\u0131k durumuna ili\u015fkin a\u00e7\u0131klama yap\u0131ld\u0131. \u0130\u015fte ayr\u0131nt\u0131lar&#8230;\u00a0 \u200bHaberin Al\u0131nt\u0131land\u0131\u011f\u0131 Kaynak: www.antalyakorfez.com<\/p>","protected":false},"author":5,"featured_media":0,"comment_status":"open","ping_status":"open","sticky":false,"template":"","format":"standard","meta":{"_acf_changed":false,"footnotes":""},"categories":[24],"tags":[],"class_list":["post-30511","post","type-post","status-publish","format-standard","has-post-thumbnail","hentry","category-gundem"],"acf":[],"yoast_head":"<!-- This site is optimized with the Yoast SEO Premium plugin v26.6 (Yoast SEO v27.1.1) - https:\/\/yoast.com\/product\/yoast-seo-premium-wordpress\/ -->\n<title>MHP&#039;den, Bah\u00e7eli&#039;nin sa\u011fl\u0131k durumuna ili\u015fkin a\u00e7\u0131klama geldi! - Av. Deniz Can K\u0131z\u0131l<\/title>\n<meta name=\"robots\" content=\"index, follow, max-snippet:-1, max-image-preview:large, max-video-preview:-1\" \/>\n<link rel=\"canonical\" href=\"https:\/\/denizcankizil.tr\/uk\/haberler\/gundem\/mhpden-bahcelinin-saglik-durumuna-iliskin-aciklama-geldi\/\" \/>\n<meta property=\"og:locale\" content=\"uk_UA\" \/>\n<meta property=\"og:type\" content=\"article\" \/>\n<meta property=\"og:title\" content=\"MHP&#039;den, Bah\u00e7eli&#039;nin sa\u011fl\u0131k durumuna ili\u015fkin a\u00e7\u0131klama geldi!\" \/>\n<meta property=\"og:description\" content=\"Milliyet\u00e7i Hareket Partisi (MHP) Genel Ba\u015fkan\u0131 Devlet Bah\u00e7eli, partisinin d\u00fcnk\u00fc grup toplant\u0131s\u0131n\u0131 iptal etmi\u015fti. \u0130ptal karar\u0131 i\u00e7in resmi bir a\u00e7\u0131klama yap\u0131lmad\u0131 ancak MHP Lideri&#8217;nin sa\u011fl\u0131k sorunlar\u0131 oldu\u011fu konu\u015fuldu. O sorunlar\u0131n da &#8216;gribal enfeksiyon&#8217; oldu\u011fu belirtildi. KALP RAHATSIZLI\u011eI G\u00dcNDEMDE Halktv.com.tr Bah\u00e7eli&#8217;nin grup toplant\u0131s\u0131n\u0131 iptal etme gerek\u00e7esine ula\u015ft\u0131. MHP Lideri, kalp rahats\u0131zl\u0131\u011f\u0131 nedeniyle hastaneye kald\u0131r\u0131ld\u0131. \u0130stanbul Anadolu Yakas\u0131&#8217;ndaki bir \u00f6zel hastaneye yat\u0131r\u0131lan Bah\u00e7eli, tedavi alt\u0131na al\u0131nd\u0131.\u00a0 MHP KANADINDAN A\u00c7IKLAMA Bah\u00e7eli&#8217;nin kalp rahats\u0131zl\u0131\u011f\u0131 nedeniyle hastaneye kald\u0131r\u0131ld\u0131\u011f\u0131 ortaya \u00e7\u0131kt\u0131. Milliyet\u00e7i Hareket Partisi (MHP) Genel Ba\u015fkan\u0131 Devlet Bah\u00e7eli&#8217;nin \u00d6zel Kalem M\u00fcd\u00fcr\u00fc Murat \u00c7eliker\u2019den bilgilendirme mesaj\u0131 geldi. SMS \u0130LE B\u0130LG\u0130LEND\u0130RME \u00c7eliker&#8217;in mesaj\u0131nda \u015fu ifadeler yer ald\u0131: \u00a0 \u200bD\u00fcn partisinin Meclis Grup Toplant\u0131s\u0131n\u0131 iptal eden MHP Genel Ba\u015fkan\u0131 Devlet Bah\u00e7eli&#8217;nin sa\u011fl\u0131k durumuna ili\u015fkin a\u00e7\u0131klama yap\u0131ld\u0131. \u0130\u015fte ayr\u0131nt\u0131lar&#8230;\u00a0 \u200bHaberin Al\u0131nt\u0131land\u0131\u011f\u0131 Kaynak: www.antalyakorfez.com\" \/>\n<meta property=\"og:url\" content=\"https:\/\/denizcankizil.tr\/uk\/haberler\/gundem\/mhpden-bahcelinin-saglik-durumuna-iliskin-aciklama-geldi\/\" \/>\n<meta property=\"og:site_name\" content=\"Av. Deniz Can K\u0131z\u0131l\" \/>\n<meta property=\"article:published_time\" content=\"2025-02-05T20:41:17+00:00\" \/>\n<meta name=\"author\" content=\"Antalya K\u00f6rfez\" \/>\n<meta name=\"twitter:card\" content=\"summary_large_image\" \/>\n<meta name=\"twitter:label1\" content=\"\u041d\u0430\u043f\u0438\u0441\u0430\u043d\u043e\" \/>\n\t<meta name=\"twitter:data1\" content=\"Antalya K\u00f6rfez\" \/>\n\t<meta name=\"twitter:label2\" content=\"\u041f\u0440\u0438\u0431\u043b. \u0447\u0430\u0441 \u0447\u0438\u0442\u0430\u043d\u043d\u044f\" \/>\n\t<meta name=\"twitter:data2\" content=\"1 \u0445\u0432\u0438\u043b\u0438\u043d\u0430\" \/>\n<script type=\"application\/ld+json\" class=\"yoast-schema-graph\">{\"@context\":\"https:\/\/schema.org\",\"@graph\":[{\"@type\":\"Article\",\"@id\":\"https:\/\/denizcankizil.tr\/uk\/haberler\/gundem\/mhpden-bahcelinin-saglik-durumuna-iliskin-aciklama-geldi\/#article\",\"isPartOf\":{\"@id\":\"https:\/\/denizcankizil.tr\/uk\/haberler\/gundem\/mhpden-bahcelinin-saglik-durumuna-iliskin-aciklama-geldi\/\"},\"author\":{\"name\":\"Antalya K\u00f6rfez\",\"@id\":\"https:\/\/denizcankizil.tr\/#\/schema\/person\/e1eb71bb4dd684d46563f0af307e1234\"},\"headline\":\"MHP&#8217;den, Bah\u00e7eli&#8217;nin sa\u011fl\u0131k durumuna ili\u015fkin a\u00e7\u0131klama geldi!\",\"datePublished\":\"2025-02-05T20:41:17+00:00\",\"mainEntityOfPage\":{\"@id\":\"https:\/\/denizcankizil.tr\/uk\/haberler\/gundem\/mhpden-bahcelinin-saglik-durumuna-iliskin-aciklama-geldi\/\"},\"wordCount\":208,\"commentCount\":0,\"publisher\":{\"@id\":\"https:\/\/denizcankizil.tr\/#organization\"},\"articleSection\":[\"G\u00fcndem\"],\"inLanguage\":\"uk\",\"potentialAction\":[{\"@type\":\"CommentAction\",\"name\":\"Comment\",\"target\":[\"https:\/\/denizcankizil.tr\/uk\/haberler\/gundem\/mhpden-bahcelinin-saglik-durumuna-iliskin-aciklama-geldi\/#respond\"]}]},{\"@type\":\"WebPage\",\"@id\":\"https:\/\/denizcankizil.tr\/uk\/haberler\/gundem\/mhpden-bahcelinin-saglik-durumuna-iliskin-aciklama-geldi\/\",\"url\":\"https:\/\/denizcankizil.tr\/uk\/haberler\/gundem\/mhpden-bahcelinin-saglik-durumuna-iliskin-aciklama-geldi\/\",\"name\":\"MHP'den, Bah\u00e7eli'nin sa\u011fl\u0131k durumuna ili\u015fkin a\u00e7\u0131klama geldi! - Av. Deniz Can K\u0131z\u0131l\",\"isPartOf\":{\"@id\":\"https:\/\/denizcankizil.tr\/#website\"},\"datePublished\":\"2025-02-05T20:41:17+00:00\",\"breadcrumb\":{\"@id\":\"https:\/\/denizcankizil.tr\/uk\/haberler\/gundem\/mhpden-bahcelinin-saglik-durumuna-iliskin-aciklama-geldi\/#breadcrumb\"},\"inLanguage\":\"uk\",\"potentialAction\":[{\"@type\":\"ReadAction\",\"target\":[\"https:\/\/denizcankizil.tr\/uk\/haberler\/gundem\/mhpden-bahcelinin-saglik-durumuna-iliskin-aciklama-geldi\/\"]}]},{\"@type\":\"BreadcrumbList\",\"@id\":\"https:\/\/denizcankizil.tr\/uk\/haberler\/gundem\/mhpden-bahcelinin-saglik-durumuna-iliskin-aciklama-geldi\/#breadcrumb\",\"itemListElement\":[{\"@type\":\"ListItem\",\"position\":1,\"name\":\"Home\",\"item\":\"https:\/\/denizcankizil.tr\/de\/\"},{\"@type\":\"ListItem\",\"position\":2,\"name\":\"MHP&#8217;den, Bah\u00e7eli&#8217;nin sa\u011fl\u0131k durumuna ili\u015fkin a\u00e7\u0131klama geldi!\"}]},{\"@type\":\"WebSite\",\"@id\":\"https:\/\/denizcankizil.tr\/#website\",\"url\":\"https:\/\/denizcankizil.tr\/\",\"name\":\"Av. Deniz Can K\u0131z\u0131l\",\"description\":\"Avukat Deniz Can K\u0131z\u0131l Antalya Barosu\",\"publisher\":{\"@id\":\"https:\/\/denizcankizil.tr\/#organization\"},\"potentialAction\":[{\"@type\":\"SearchAction\",\"target\":{\"@type\":\"EntryPoint\",\"urlTemplate\":\"https:\/\/denizcankizil.tr\/?s={search_term_string}\"},\"query-input\":{\"@type\":\"PropertyValueSpecification\",\"valueRequired\":true,\"valueName\":\"search_term_string\"}}],\"inLanguage\":\"uk\"},{\"@type\":\"Organization\",\"@id\":\"https:\/\/denizcankizil.tr\/#organization\",\"name\":\"Av. Deniz Can K\u0131z\u0131l\",\"url\":\"https:\/\/denizcankizil.tr\/\",\"logo\":{\"@type\":\"ImageObject\",\"inLanguage\":\"uk\",\"@id\":\"https:\/\/denizcankizil.tr\/#\/schema\/logo\/image\/\",\"url\":\"https:\/\/denizcankizil.tr\/wp-content\/uploads\/2024\/10\/siyah-logo-svg.svg\",\"contentUrl\":\"https:\/\/denizcankizil.tr\/wp-content\/uploads\/2024\/10\/siyah-logo-svg.svg\",\"width\":1080,\"height\":1080,\"caption\":\"Av. Deniz Can K\u0131z\u0131l\"},\"image\":{\"@id\":\"https:\/\/denizcankizil.tr\/#\/schema\/logo\/image\/\"}},{\"@type\":\"Person\",\"@id\":\"https:\/\/denizcankizil.tr\/#\/schema\/person\/e1eb71bb4dd684d46563f0af307e1234\",\"name\":\"Antalya K\u00f6rfez\",\"image\":{\"@type\":\"ImageObject\",\"inLanguage\":\"uk\",\"@id\":\"https:\/\/denizcankizil.tr\/#\/schema\/person\/image\/\",\"url\":\"https:\/\/secure.gravatar.com\/avatar\/42b01982558a48a0b501fdcab6a408d3717ea5919095ee2e67b0e521799c5905?s=96&d=mm&r=g\",\"contentUrl\":\"https:\/\/secure.gravatar.com\/avatar\/42b01982558a48a0b501fdcab6a408d3717ea5919095ee2e67b0e521799c5905?s=96&d=mm&r=g\",\"caption\":\"Antalya K\u00f6rfez\"},\"sameAs\":[\"http:\/\/www.antalyakorfez.com\"],\"url\":\"https:\/\/www.antalyakorfez.com\/mhpden-bahcelinin-saglik-durumuna-iliskin-aciklama-geldi\"}]}<\/script>\n<!-- \/ Yoast SEO Premium plugin. -->","yoast_head_json":{"title":"MHP'den, Bah\u00e7eli'nin sa\u011fl\u0131k durumuna ili\u015fkin a\u00e7\u0131klama geldi! - Av. Deniz Can K\u0131z\u0131l","robots":{"index":"index","follow":"follow","max-snippet":"max-snippet:-1","max-image-preview":"max-image-preview:large","max-video-preview":"max-video-preview:-1"},"canonical":"https:\/\/denizcankizil.tr\/uk\/haberler\/gundem\/mhpden-bahcelinin-saglik-durumuna-iliskin-aciklama-geldi\/","og_locale":"uk_UA","og_type":"article","og_title":"MHP'den, Bah\u00e7eli'nin sa\u011fl\u0131k durumuna ili\u015fkin a\u00e7\u0131klama geldi!","og_description":"Milliyet\u00e7i Hareket Partisi (MHP) Genel Ba\u015fkan\u0131 Devlet Bah\u00e7eli, partisinin d\u00fcnk\u00fc grup toplant\u0131s\u0131n\u0131 iptal etmi\u015fti. \u0130ptal karar\u0131 i\u00e7in resmi bir a\u00e7\u0131klama yap\u0131lmad\u0131 ancak MHP Lideri&#8217;nin sa\u011fl\u0131k sorunlar\u0131 oldu\u011fu konu\u015fuldu. O sorunlar\u0131n da &#8216;gribal enfeksiyon&#8217; oldu\u011fu belirtildi. KALP RAHATSIZLI\u011eI G\u00dcNDEMDE Halktv.com.tr Bah\u00e7eli&#8217;nin grup toplant\u0131s\u0131n\u0131 iptal etme gerek\u00e7esine ula\u015ft\u0131. MHP Lideri, kalp rahats\u0131zl\u0131\u011f\u0131 nedeniyle hastaneye kald\u0131r\u0131ld\u0131. \u0130stanbul Anadolu Yakas\u0131&#8217;ndaki bir \u00f6zel hastaneye yat\u0131r\u0131lan Bah\u00e7eli, tedavi alt\u0131na al\u0131nd\u0131.\u00a0 MHP KANADINDAN A\u00c7IKLAMA Bah\u00e7eli&#8217;nin kalp rahats\u0131zl\u0131\u011f\u0131 nedeniyle hastaneye kald\u0131r\u0131ld\u0131\u011f\u0131 ortaya \u00e7\u0131kt\u0131. Milliyet\u00e7i Hareket Partisi (MHP) Genel Ba\u015fkan\u0131 Devlet Bah\u00e7eli&#8217;nin \u00d6zel Kalem M\u00fcd\u00fcr\u00fc Murat \u00c7eliker\u2019den bilgilendirme mesaj\u0131 geldi. SMS \u0130LE B\u0130LG\u0130LEND\u0130RME \u00c7eliker&#8217;in mesaj\u0131nda \u015fu ifadeler yer ald\u0131: \u00a0 \u200bD\u00fcn partisinin Meclis Grup Toplant\u0131s\u0131n\u0131 iptal eden MHP Genel Ba\u015fkan\u0131 Devlet Bah\u00e7eli&#8217;nin sa\u011fl\u0131k durumuna ili\u015fkin a\u00e7\u0131klama yap\u0131ld\u0131. \u0130\u015fte ayr\u0131nt\u0131lar&#8230;\u00a0 \u200bHaberin Al\u0131nt\u0131land\u0131\u011f\u0131 Kaynak: www.antalyakorfez.com","og_url":"https:\/\/denizcankizil.tr\/uk\/haberler\/gundem\/mhpden-bahcelinin-saglik-durumuna-iliskin-aciklama-geldi\/","og_site_name":"Av. Deniz Can K\u0131z\u0131l","article_published_time":"2025-02-05T20:41:17+00:00","author":"Antalya K\u00f6rfez","twitter_card":"summary_large_image","twitter_misc":{"\u041d\u0430\u043f\u0438\u0441\u0430\u043d\u043e":"Antalya K\u00f6rfez","\u041f\u0440\u0438\u0431\u043b. \u0447\u0430\u0441 \u0447\u0438\u0442\u0430\u043d\u043d\u044f":"1 \u0445\u0432\u0438\u043b\u0438\u043d\u0430"},"schema":{"@context":"https:\/\/schema.org","@graph":[{"@type":"Article","@id":"https:\/\/denizcankizil.tr\/uk\/haberler\/gundem\/mhpden-bahcelinin-saglik-durumuna-iliskin-aciklama-geldi\/#article","isPartOf":{"@id":"https:\/\/denizcankizil.tr\/uk\/haberler\/gundem\/mhpden-bahcelinin-saglik-durumuna-iliskin-aciklama-geldi\/"},"author":{"name":"Antalya K\u00f6rfez","@id":"https:\/\/denizcankizil.tr\/#\/schema\/person\/e1eb71bb4dd684d46563f0af307e1234"},"headline":"MHP&#8217;den, Bah\u00e7eli&#8217;nin sa\u011fl\u0131k durumuna ili\u015fkin a\u00e7\u0131klama geldi!","datePublished":"2025-02-05T20:41:17+00:00","mainEntityOfPage":{"@id":"https:\/\/denizcankizil.tr\/uk\/haberler\/gundem\/mhpden-bahcelinin-saglik-durumuna-iliskin-aciklama-geldi\/"},"wordCount":208,"commentCount":0,"publisher":{"@id":"https:\/\/denizcankizil.tr\/#organization"},"articleSection":["G\u00fcndem"],"inLanguage":"uk","potentialAction":[{"@type":"CommentAction","name":"Comment","target":["https:\/\/denizcankizil.tr\/uk\/haberler\/gundem\/mhpden-bahcelinin-saglik-durumuna-iliskin-aciklama-geldi\/#respond"]}]},{"@type":"WebPage","@id":"https:\/\/denizcankizil.tr\/uk\/haberler\/gundem\/mhpden-bahcelinin-saglik-durumuna-iliskin-aciklama-geldi\/","url":"https:\/\/denizcankizil.tr\/uk\/haberler\/gundem\/mhpden-bahcelinin-saglik-durumuna-iliskin-aciklama-geldi\/","name":"MHP'den, Bah\u00e7eli'nin sa\u011fl\u0131k durumuna ili\u015fkin a\u00e7\u0131klama geldi! - Av. Deniz Can K\u0131z\u0131l","isPartOf":{"@id":"https:\/\/denizcankizil.tr\/#website"},"datePublished":"2025-02-05T20:41:17+00:00","breadcrumb":{"@id":"https:\/\/denizcankizil.tr\/uk\/haberler\/gundem\/mhpden-bahcelinin-saglik-durumuna-iliskin-aciklama-geldi\/#breadcrumb"},"inLanguage":"uk","potentialAction":[{"@type":"ReadAction","target":["https:\/\/denizcankizil.tr\/uk\/haberler\/gundem\/mhpden-bahcelinin-saglik-durumuna-iliskin-aciklama-geldi\/"]}]},{"@type":"BreadcrumbList","@id":"https:\/\/denizcankizil.tr\/uk\/haberler\/gundem\/mhpden-bahcelinin-saglik-durumuna-iliskin-aciklama-geldi\/#breadcrumb","itemListElement":[{"@type":"ListItem","position":1,"name":"Home","item":"https:\/\/denizcankizil.tr\/de\/"},{"@type":"ListItem","position":2,"name":"MHP&#8217;den, Bah\u00e7eli&#8217;nin sa\u011fl\u0131k durumuna ili\u015fkin a\u00e7\u0131klama geldi!"}]},{"@type":"WebSite","@id":"https:\/\/denizcankizil.tr\/#website","url":"https:\/\/denizcankizil.tr\/","name":"Av. Deniz Can K\u0131z\u0131l","description":"Avukat Deniz Can K\u0131z\u0131l Antalya Barosu","publisher":{"@id":"https:\/\/denizcankizil.tr\/#organization"},"potentialAction":[{"@type":"SearchAction","target":{"@type":"EntryPoint","urlTemplate":"https:\/\/denizcankizil.tr\/?s={search_term_string}"},"query-input":{"@type":"PropertyValueSpecification","valueRequired":true,"valueName":"search_term_string"}}],"inLanguage":"uk"},{"@type":"Organization","@id":"https:\/\/denizcankizil.tr\/#organization","name":"Av. Deniz Can K\u0131z\u0131l","url":"https:\/\/denizcankizil.tr\/","logo":{"@type":"ImageObject","inLanguage":"uk","@id":"https:\/\/denizcankizil.tr\/#\/schema\/logo\/image\/","url":"https:\/\/denizcankizil.tr\/wp-content\/uploads\/2024\/10\/siyah-logo-svg.svg","contentUrl":"https:\/\/denizcankizil.tr\/wp-content\/uploads\/2024\/10\/siyah-logo-svg.svg","width":1080,"height":1080,"caption":"Av. Deniz Can K\u0131z\u0131l"},"image":{"@id":"https:\/\/denizcankizil.tr\/#\/schema\/logo\/image\/"}},{"@type":"Person","@id":"https:\/\/denizcankizil.tr\/#\/schema\/person\/e1eb71bb4dd684d46563f0af307e1234","name":"Antalya K\u00f6rfez","image":{"@type":"ImageObject","inLanguage":"uk","@id":"https:\/\/denizcankizil.tr\/#\/schema\/person\/image\/","url":"https:\/\/secure.gravatar.com\/avatar\/42b01982558a48a0b501fdcab6a408d3717ea5919095ee2e67b0e521799c5905?s=96&d=mm&r=g","contentUrl":"https:\/\/secure.gravatar.com\/avatar\/42b01982558a48a0b501fdcab6a408d3717ea5919095ee2e67b0e521799c5905?s=96&d=mm&r=g","caption":"Antalya K\u00f6rfez"},"sameAs":["http:\/\/www.antalyakorfez.com"],"url":"https:\/\/www.antalyakorfez.com\/mhpden-bahcelinin-saglik-durumuna-iliskin-aciklama-geldi"}]}},"_links":{"self":[{"href":"https:\/\/denizcankizil.tr\/uk\/wp-json\/wp\/v2\/posts\/30511","targetHints":{"allow":["GET"]}}],"collection":[{"href":"https:\/\/denizcankizil.tr\/uk\/wp-json\/wp\/v2\/posts"}],"about":[{"href":"https:\/\/denizcankizil.tr\/uk\/wp-json\/wp\/v2\/types\/post"}],"author":[{"embeddable":true,"href":"https:\/\/denizcankizil.tr\/uk\/wp-json\/wp\/v2\/users\/5"}],"replies":[{"embeddable":true,"href":"https:\/\/denizcankizil.tr\/uk\/wp-json\/wp\/v2\/comments?post=30511"}],"version-history":[{"count":0,"href":"https:\/\/denizcankizil.tr\/uk\/wp-json\/wp\/v2\/posts\/30511\/revisions"}],"wp:attachment":[{"href":"https:\/\/denizcankizil.tr\/uk\/wp-json\/wp\/v2\/media?parent=30511"}],"wp:term":[{"taxonomy":"category","embeddable":true,"href":"https:\/\/denizcankizil.tr\/uk\/wp-json\/wp\/v2\/categories?post=30511"},{"taxonomy":"post_tag","embeddable":true,"href":"https:\/\/denizcankizil.tr\/uk\/wp-json\/wp\/v2\/tags?post=30511"}],"curies":[{"name":"wp","href":"https:\/\/api.w.org\/{rel}","templated":true}]}}