{"id":30490,"date":"2025-02-05T21:33:16","date_gmt":"2025-02-05T18:33:16","guid":{"rendered":"https:\/\/denizcankizil.tr\/uncategorized-tr\/pence-kilitten-aci-haber\/"},"modified":"2025-02-05T21:33:16","modified_gmt":"2025-02-05T18:33:16","slug":"pence-kilitten-aci-haber","status":"publish","type":"post","link":"https:\/\/denizcankizil.tr\/uk\/haberler\/gundem\/pence-kilitten-aci-haber\/","title":{"rendered":"Pen\u00e7e Kilit&#8217;ten ac\u0131 haber!"},"content":{"rendered":"<p>Pen\u00e7e-Kilit operasyonu b\u00f6lgesinde ter\u00f6ristlerle \u00e7\u0131kan \u00e7at\u0131\u015fmada Piyade Komando Binba\u015f\u0131 Murat Kemal Yeti\u015fen\u2019in \u015fehit oldu.ANKARA (\u0130GFA) &#8211; Ac\u0131 haberi Milli Savunma Bakanl\u0131\u011f\u0131 duyurdu.<br \/>\nBakanl\u0131ktan yap\u0131lan a\u00e7\u0131klamada, 5 \u015eubat 2025 tarihinde arama-tarama faaliyetleri s\u0131ras\u0131nda b\u00f6l\u00fcc\u00fc ter\u00f6r \u00f6rg\u00fct\u00fc mensuplar\u0131yla s\u0131cak temas sa\u011fland\u0131\u011f\u0131 ve \u00e7\u0131kan \u00e7at\u0131\u015fmada Binba\u015f\u0131 Murat Kemal Yeti\u015fen\u2019in a\u011f\u0131r yaraland\u0131\u011f\u0131 belirtilirken, kahraman komutan\u0131n t\u00fcm m\u00fcdahalelere ra\u011fmen kurtar\u0131lamayarak \u015fehit oldu\u011fu bildirildi.<\/p>\n<p>Bakanl\u0131k yay\u0131mlad\u0131\u011f\u0131 taziye mesaj\u0131nda, &#8220;Bizleri derin bir ac\u0131 ve \u00fcz\u00fcnt\u00fcye bo\u011fan bu olayda, hayat\u0131n\u0131 kaybeden aziz \u015fehidimize Allah\u2019tan rahmet, kederli ailesine, T\u00fcrk Silahl\u0131 Kuvvetleri ile asil milletimize ba\u015fsa\u011fl\u0131\u011f\u0131 ve sab\u0131r dileriz.&#8221; ifadelerini kulland\u0131.<\/p>\n<p>\u200bPen\u00e7e-Kilit operasyonu b\u00f6lgesinde ter\u00f6ristlerle \u00e7\u0131kan \u00e7at\u0131\u015fmada Piyade Komando Binba\u015f\u0131 Murat Kemal Yeti\u015fen\u2019in \u015fehit oldu.ANKARA (\u0130GFA) &#8211; Ac\u0131 haberi Milli Savunma Bakanl\u0131\u011f\u0131 duyurdu.<br \/>\nBakanl\u0131ktan yap\u0131lan a\u00e7\u0131klamada, 5 \u015eubat 2025 tarihinde arama-tarama faaliyetleri s\u0131ras\u0131nda b\u00f6l\u00fcc\u00fc ter\u00f6r \u00f6rg\u00fct\u00fc mensuplar\u0131yla s\u0131cak temas sa\u011fland\u0131\u011f\u0131 ve \u00e7\u0131kan \u00e7at\u0131\u015fmada Binba\u015f\u0131 Murat Kemal Yeti\u015fen\u2019in a\u011f\u0131r yaraland\u0131\u011f\u0131 belirtilirken, kahraman komutan\u0131n t\u00fcm m\u00fcdahalelere ra\u011fmen kurtar\u0131lamayarak \u015fehit oldu\u011fu bildirildi.<\/p>\n<p>Bakanl\u0131k yay\u0131mlad\u0131\u011f\u0131 taziye mesaj\u0131nda, &#8220;Bizleri derin bir ac\u0131 ve \u00fcz\u00fcnt\u00fcye bo\u011fan bu olayda, hayat\u0131n\u0131 kaybeden aziz \u015fehidimize Allah\u2019tan rahmet, kederli ailesine, T\u00fcrk Silahl\u0131 Kuvvetleri ile asil milletimize ba\u015fsa\u011fl\u0131\u011f\u0131 ve sab\u0131r dileriz.&#8221; ifadelerini kulland\u0131.\u00a0<\/p>\n<p>\u200bHaberin Al\u0131nt\u0131land\u0131\u011f\u0131 Kaynak: www.iskenderun.org<\/p>","protected":false},"excerpt":{"rendered":"<p>Pen\u00e7e-Kilit operasyonu b\u00f6lgesinde ter\u00f6ristlerle \u00e7\u0131kan \u00e7at\u0131\u015fmada Piyade Komando Binba\u015f\u0131 Murat Kemal Yeti\u015fen\u2019in \u015fehit oldu.ANKARA (\u0130GFA) &#8211; Ac\u0131 haberi Milli Savunma Bakanl\u0131\u011f\u0131 duyurdu. Bakanl\u0131ktan yap\u0131lan a\u00e7\u0131klamada, 5 \u015eubat 2025 tarihinde arama-tarama faaliyetleri s\u0131ras\u0131nda b\u00f6l\u00fcc\u00fc ter\u00f6r \u00f6rg\u00fct\u00fc mensuplar\u0131yla s\u0131cak temas sa\u011fland\u0131\u011f\u0131 ve \u00e7\u0131kan \u00e7at\u0131\u015fmada Binba\u015f\u0131 Murat Kemal Yeti\u015fen\u2019in a\u011f\u0131r yaraland\u0131\u011f\u0131 belirtilirken, kahraman komutan\u0131n t\u00fcm m\u00fcdahalelere ra\u011fmen kurtar\u0131lamayarak \u015fehit oldu\u011fu bildirildi. Bakanl\u0131k yay\u0131mlad\u0131\u011f\u0131 taziye mesaj\u0131nda, &#8220;Bizleri derin bir ac\u0131 ve \u00fcz\u00fcnt\u00fcye bo\u011fan bu olayda, hayat\u0131n\u0131 kaybeden aziz \u015fehidimize Allah\u2019tan rahmet, kederli ailesine, T\u00fcrk Silahl\u0131 Kuvvetleri ile asil milletimize ba\u015fsa\u011fl\u0131\u011f\u0131 ve sab\u0131r dileriz.&#8221; ifadelerini kulland\u0131. \u200bPen\u00e7e-Kilit operasyonu b\u00f6lgesinde ter\u00f6ristlerle \u00e7\u0131kan \u00e7at\u0131\u015fmada Piyade Komando Binba\u015f\u0131 Murat Kemal Yeti\u015fen\u2019in \u015fehit oldu.ANKARA (\u0130GFA) &#8211; Ac\u0131 haberi Milli Savunma Bakanl\u0131\u011f\u0131 duyurdu. Bakanl\u0131ktan yap\u0131lan a\u00e7\u0131klamada, 5 \u015eubat 2025 tarihinde arama-tarama faaliyetleri s\u0131ras\u0131nda b\u00f6l\u00fcc\u00fc ter\u00f6r \u00f6rg\u00fct\u00fc mensuplar\u0131yla s\u0131cak temas sa\u011fland\u0131\u011f\u0131 ve \u00e7\u0131kan \u00e7at\u0131\u015fmada Binba\u015f\u0131 Murat Kemal Yeti\u015fen\u2019in a\u011f\u0131r yaraland\u0131\u011f\u0131 belirtilirken, kahraman komutan\u0131n t\u00fcm m\u00fcdahalelere ra\u011fmen kurtar\u0131lamayarak \u015fehit oldu\u011fu bildirildi. Bakanl\u0131k yay\u0131mlad\u0131\u011f\u0131 taziye mesaj\u0131nda, &#8220;Bizleri derin bir ac\u0131 ve \u00fcz\u00fcnt\u00fcye bo\u011fan bu olayda, hayat\u0131n\u0131 kaybeden aziz \u015fehidimize Allah\u2019tan rahmet, kederli ailesine, T\u00fcrk Silahl\u0131 Kuvvetleri ile asil milletimize ba\u015fsa\u011fl\u0131\u011f\u0131 ve sab\u0131r dileriz.&#8221; ifadelerini kulland\u0131.\u00a0 \u200bHaberin Al\u0131nt\u0131land\u0131\u011f\u0131 Kaynak: www.iskenderun.org<\/p>","protected":false},"author":1,"featured_media":0,"comment_status":"open","ping_status":"open","sticky":false,"template":"","format":"standard","meta":{"_acf_changed":false,"footnotes":""},"categories":[24],"tags":[],"class_list":["post-30490","post","type-post","status-publish","format-standard","has-post-thumbnail","hentry","category-gundem"],"acf":[],"yoast_head":"<!-- This site is optimized with the Yoast SEO Premium plugin v26.6 (Yoast SEO v27.1.1) - https:\/\/yoast.com\/product\/yoast-seo-premium-wordpress\/ -->\n<title>Pen\u00e7e Kilit&#039;ten ac\u0131 haber! - Av. Deniz Can K\u0131z\u0131l<\/title>\n<meta name=\"robots\" content=\"index, follow, max-snippet:-1, max-image-preview:large, max-video-preview:-1\" \/>\n<link rel=\"canonical\" href=\"https:\/\/denizcankizil.tr\/uk\/haberler\/gundem\/pence-kilitten-aci-haber\/\" \/>\n<meta property=\"og:locale\" content=\"uk_UA\" \/>\n<meta property=\"og:type\" content=\"article\" \/>\n<meta property=\"og:title\" content=\"Pen\u00e7e Kilit&#039;ten ac\u0131 haber!\" \/>\n<meta property=\"og:description\" content=\"Pen\u00e7e-Kilit operasyonu b\u00f6lgesinde ter\u00f6ristlerle \u00e7\u0131kan \u00e7at\u0131\u015fmada Piyade Komando Binba\u015f\u0131 Murat Kemal Yeti\u015fen\u2019in \u015fehit oldu.ANKARA (\u0130GFA) &#8211; Ac\u0131 haberi Milli Savunma Bakanl\u0131\u011f\u0131 duyurdu. Bakanl\u0131ktan yap\u0131lan a\u00e7\u0131klamada, 5 \u015eubat 2025 tarihinde arama-tarama faaliyetleri s\u0131ras\u0131nda b\u00f6l\u00fcc\u00fc ter\u00f6r \u00f6rg\u00fct\u00fc mensuplar\u0131yla s\u0131cak temas sa\u011fland\u0131\u011f\u0131 ve \u00e7\u0131kan \u00e7at\u0131\u015fmada Binba\u015f\u0131 Murat Kemal Yeti\u015fen\u2019in a\u011f\u0131r yaraland\u0131\u011f\u0131 belirtilirken, kahraman komutan\u0131n t\u00fcm m\u00fcdahalelere ra\u011fmen kurtar\u0131lamayarak \u015fehit oldu\u011fu bildirildi. Bakanl\u0131k yay\u0131mlad\u0131\u011f\u0131 taziye mesaj\u0131nda, &#8220;Bizleri derin bir ac\u0131 ve \u00fcz\u00fcnt\u00fcye bo\u011fan bu olayda, hayat\u0131n\u0131 kaybeden aziz \u015fehidimize Allah\u2019tan rahmet, kederli ailesine, T\u00fcrk Silahl\u0131 Kuvvetleri ile asil milletimize ba\u015fsa\u011fl\u0131\u011f\u0131 ve sab\u0131r dileriz.&#8221; ifadelerini kulland\u0131. \u200bPen\u00e7e-Kilit operasyonu b\u00f6lgesinde ter\u00f6ristlerle \u00e7\u0131kan \u00e7at\u0131\u015fmada Piyade Komando Binba\u015f\u0131 Murat Kemal Yeti\u015fen\u2019in \u015fehit oldu.ANKARA (\u0130GFA) &#8211; Ac\u0131 haberi Milli Savunma Bakanl\u0131\u011f\u0131 duyurdu. Bakanl\u0131ktan yap\u0131lan a\u00e7\u0131klamada, 5 \u015eubat 2025 tarihinde arama-tarama faaliyetleri s\u0131ras\u0131nda b\u00f6l\u00fcc\u00fc ter\u00f6r \u00f6rg\u00fct\u00fc mensuplar\u0131yla s\u0131cak temas sa\u011fland\u0131\u011f\u0131 ve \u00e7\u0131kan \u00e7at\u0131\u015fmada Binba\u015f\u0131 Murat Kemal Yeti\u015fen\u2019in a\u011f\u0131r yaraland\u0131\u011f\u0131 belirtilirken, kahraman komutan\u0131n t\u00fcm m\u00fcdahalelere ra\u011fmen kurtar\u0131lamayarak \u015fehit oldu\u011fu bildirildi. Bakanl\u0131k yay\u0131mlad\u0131\u011f\u0131 taziye mesaj\u0131nda, &#8220;Bizleri derin bir ac\u0131 ve \u00fcz\u00fcnt\u00fcye bo\u011fan bu olayda, hayat\u0131n\u0131 kaybeden aziz \u015fehidimize Allah\u2019tan rahmet, kederli ailesine, T\u00fcrk Silahl\u0131 Kuvvetleri ile asil milletimize ba\u015fsa\u011fl\u0131\u011f\u0131 ve sab\u0131r dileriz.&#8221; ifadelerini kulland\u0131.\u00a0 \u200bHaberin Al\u0131nt\u0131land\u0131\u011f\u0131 Kaynak: www.iskenderun.org\" \/>\n<meta property=\"og:url\" content=\"https:\/\/denizcankizil.tr\/uk\/haberler\/gundem\/pence-kilitten-aci-haber\/\" \/>\n<meta property=\"og:site_name\" content=\"Av. Deniz Can K\u0131z\u0131l\" \/>\n<meta property=\"article:published_time\" content=\"2025-02-05T18:33:16+00:00\" \/>\n<meta name=\"author\" content=\"admin\" \/>\n<meta name=\"twitter:card\" content=\"summary_large_image\" \/>\n<meta name=\"twitter:label1\" content=\"\u041d\u0430\u043f\u0438\u0441\u0430\u043d\u043e\" \/>\n\t<meta name=\"twitter:data1\" content=\"admin\" \/>\n\t<meta name=\"twitter:label2\" content=\"\u041f\u0440\u0438\u0431\u043b. \u0447\u0430\u0441 \u0447\u0438\u0442\u0430\u043d\u043d\u044f\" \/>\n\t<meta name=\"twitter:data2\" content=\"1 \u0445\u0432\u0438\u043b\u0438\u043d\u0430\" \/>\n<script type=\"application\/ld+json\" class=\"yoast-schema-graph\">{\"@context\":\"https:\/\/schema.org\",\"@graph\":[{\"@type\":\"Article\",\"@id\":\"https:\/\/denizcankizil.tr\/uk\/haberler\/gundem\/pence-kilitten-aci-haber\/#article\",\"isPartOf\":{\"@id\":\"https:\/\/denizcankizil.tr\/uk\/haberler\/gundem\/pence-kilitten-aci-haber\/\"},\"author\":{\"name\":\"admin\",\"@id\":\"https:\/\/denizcankizil.tr\/de\/#\/schema\/person\/be3c05fe6a12686905512445d8185489\"},\"headline\":\"Pen\u00e7e Kilit&#8217;ten ac\u0131 haber!\",\"datePublished\":\"2025-02-05T18:33:16+00:00\",\"mainEntityOfPage\":{\"@id\":\"https:\/\/denizcankizil.tr\/uk\/haberler\/gundem\/pence-kilitten-aci-haber\/\"},\"wordCount\":274,\"commentCount\":0,\"publisher\":{\"@id\":\"https:\/\/denizcankizil.tr\/de\/#organization\"},\"articleSection\":[\"G\u00fcndem\"],\"inLanguage\":\"uk\",\"potentialAction\":[{\"@type\":\"CommentAction\",\"name\":\"Comment\",\"target\":[\"https:\/\/denizcankizil.tr\/uk\/haberler\/gundem\/pence-kilitten-aci-haber\/#respond\"]}]},{\"@type\":\"WebPage\",\"@id\":\"https:\/\/denizcankizil.tr\/uk\/haberler\/gundem\/pence-kilitten-aci-haber\/\",\"url\":\"https:\/\/denizcankizil.tr\/uk\/haberler\/gundem\/pence-kilitten-aci-haber\/\",\"name\":\"Pen\u00e7e Kilit'ten ac\u0131 haber! - Av. Deniz Can K\u0131z\u0131l\",\"isPartOf\":{\"@id\":\"https:\/\/denizcankizil.tr\/de\/#website\"},\"datePublished\":\"2025-02-05T18:33:16+00:00\",\"breadcrumb\":{\"@id\":\"https:\/\/denizcankizil.tr\/uk\/haberler\/gundem\/pence-kilitten-aci-haber\/#breadcrumb\"},\"inLanguage\":\"uk\",\"potentialAction\":[{\"@type\":\"ReadAction\",\"target\":[\"https:\/\/denizcankizil.tr\/uk\/haberler\/gundem\/pence-kilitten-aci-haber\/\"]}]},{\"@type\":\"BreadcrumbList\",\"@id\":\"https:\/\/denizcankizil.tr\/uk\/haberler\/gundem\/pence-kilitten-aci-haber\/#breadcrumb\",\"itemListElement\":[{\"@type\":\"ListItem\",\"position\":1,\"name\":\"Home\",\"item\":\"https:\/\/denizcankizil.tr\/de\/\"},{\"@type\":\"ListItem\",\"position\":2,\"name\":\"Pen\u00e7e Kilit&#8217;ten ac\u0131 haber!\"}]},{\"@type\":\"WebSite\",\"@id\":\"https:\/\/denizcankizil.tr\/de\/#website\",\"url\":\"https:\/\/denizcankizil.tr\/de\/\",\"name\":\"Av. Deniz Can K\u0131z\u0131l\",\"description\":\"Avukat Deniz Can K\u0131z\u0131l Antalya Barosu\",\"publisher\":{\"@id\":\"https:\/\/denizcankizil.tr\/de\/#organization\"},\"potentialAction\":[{\"@type\":\"SearchAction\",\"target\":{\"@type\":\"EntryPoint\",\"urlTemplate\":\"https:\/\/denizcankizil.tr\/de\/?s={search_term_string}\"},\"query-input\":{\"@type\":\"PropertyValueSpecification\",\"valueRequired\":true,\"valueName\":\"search_term_string\"}}],\"inLanguage\":\"uk\"},{\"@type\":\"Organization\",\"@id\":\"https:\/\/denizcankizil.tr\/de\/#organization\",\"name\":\"Av. Deniz Can K\u0131z\u0131l\",\"url\":\"https:\/\/denizcankizil.tr\/de\/\",\"logo\":{\"@type\":\"ImageObject\",\"inLanguage\":\"uk\",\"@id\":\"https:\/\/denizcankizil.tr\/de\/#\/schema\/logo\/image\/\",\"url\":\"https:\/\/denizcankizil.tr\/wp-content\/uploads\/2024\/10\/siyah-logo-svg.svg\",\"contentUrl\":\"https:\/\/denizcankizil.tr\/wp-content\/uploads\/2024\/10\/siyah-logo-svg.svg\",\"width\":1080,\"height\":1080,\"caption\":\"Av. Deniz Can K\u0131z\u0131l\"},\"image\":{\"@id\":\"https:\/\/denizcankizil.tr\/de\/#\/schema\/logo\/image\/\"}},{\"@type\":\"Person\",\"@id\":\"https:\/\/denizcankizil.tr\/de\/#\/schema\/person\/be3c05fe6a12686905512445d8185489\",\"name\":\"admin\",\"image\":{\"@type\":\"ImageObject\",\"inLanguage\":\"uk\",\"@id\":\"https:\/\/denizcankizil.tr\/de\/#\/schema\/person\/image\/\",\"url\":\"https:\/\/secure.gravatar.com\/avatar\/c1fce94c830dc79107e174f890d7210541c4a63e8e5d816341794a2151c9d58c?s=96&d=mm&r=g\",\"contentUrl\":\"https:\/\/secure.gravatar.com\/avatar\/c1fce94c830dc79107e174f890d7210541c4a63e8e5d816341794a2151c9d58c?s=96&d=mm&r=g\",\"caption\":\"admin\"},\"sameAs\":[\"http:\/\/denizcankizil.tr\"],\"url\":\"https:\/\/www.iskenderun.org\/pence-kilitten-aci-haber-9\"}]}<\/script>\n<!-- \/ Yoast SEO Premium plugin. -->","yoast_head_json":{"title":"Pen\u00e7e Kilit'ten ac\u0131 haber! - Av. Deniz Can K\u0131z\u0131l","robots":{"index":"index","follow":"follow","max-snippet":"max-snippet:-1","max-image-preview":"max-image-preview:large","max-video-preview":"max-video-preview:-1"},"canonical":"https:\/\/denizcankizil.tr\/uk\/haberler\/gundem\/pence-kilitten-aci-haber\/","og_locale":"uk_UA","og_type":"article","og_title":"Pen\u00e7e Kilit'ten ac\u0131 haber!","og_description":"Pen\u00e7e-Kilit operasyonu b\u00f6lgesinde ter\u00f6ristlerle \u00e7\u0131kan \u00e7at\u0131\u015fmada Piyade Komando Binba\u015f\u0131 Murat Kemal Yeti\u015fen\u2019in \u015fehit oldu.ANKARA (\u0130GFA) &#8211; Ac\u0131 haberi Milli Savunma Bakanl\u0131\u011f\u0131 duyurdu. Bakanl\u0131ktan yap\u0131lan a\u00e7\u0131klamada, 5 \u015eubat 2025 tarihinde arama-tarama faaliyetleri s\u0131ras\u0131nda b\u00f6l\u00fcc\u00fc ter\u00f6r \u00f6rg\u00fct\u00fc mensuplar\u0131yla s\u0131cak temas sa\u011fland\u0131\u011f\u0131 ve \u00e7\u0131kan \u00e7at\u0131\u015fmada Binba\u015f\u0131 Murat Kemal Yeti\u015fen\u2019in a\u011f\u0131r yaraland\u0131\u011f\u0131 belirtilirken, kahraman komutan\u0131n t\u00fcm m\u00fcdahalelere ra\u011fmen kurtar\u0131lamayarak \u015fehit oldu\u011fu bildirildi. Bakanl\u0131k yay\u0131mlad\u0131\u011f\u0131 taziye mesaj\u0131nda, &#8220;Bizleri derin bir ac\u0131 ve \u00fcz\u00fcnt\u00fcye bo\u011fan bu olayda, hayat\u0131n\u0131 kaybeden aziz \u015fehidimize Allah\u2019tan rahmet, kederli ailesine, T\u00fcrk Silahl\u0131 Kuvvetleri ile asil milletimize ba\u015fsa\u011fl\u0131\u011f\u0131 ve sab\u0131r dileriz.&#8221; ifadelerini kulland\u0131. \u200bPen\u00e7e-Kilit operasyonu b\u00f6lgesinde ter\u00f6ristlerle \u00e7\u0131kan \u00e7at\u0131\u015fmada Piyade Komando Binba\u015f\u0131 Murat Kemal Yeti\u015fen\u2019in \u015fehit oldu.ANKARA (\u0130GFA) &#8211; Ac\u0131 haberi Milli Savunma Bakanl\u0131\u011f\u0131 duyurdu. Bakanl\u0131ktan yap\u0131lan a\u00e7\u0131klamada, 5 \u015eubat 2025 tarihinde arama-tarama faaliyetleri s\u0131ras\u0131nda b\u00f6l\u00fcc\u00fc ter\u00f6r \u00f6rg\u00fct\u00fc mensuplar\u0131yla s\u0131cak temas sa\u011fland\u0131\u011f\u0131 ve \u00e7\u0131kan \u00e7at\u0131\u015fmada Binba\u015f\u0131 Murat Kemal Yeti\u015fen\u2019in a\u011f\u0131r yaraland\u0131\u011f\u0131 belirtilirken, kahraman komutan\u0131n t\u00fcm m\u00fcdahalelere ra\u011fmen kurtar\u0131lamayarak \u015fehit oldu\u011fu bildirildi. Bakanl\u0131k yay\u0131mlad\u0131\u011f\u0131 taziye mesaj\u0131nda, &#8220;Bizleri derin bir ac\u0131 ve \u00fcz\u00fcnt\u00fcye bo\u011fan bu olayda, hayat\u0131n\u0131 kaybeden aziz \u015fehidimize Allah\u2019tan rahmet, kederli ailesine, T\u00fcrk Silahl\u0131 Kuvvetleri ile asil milletimize ba\u015fsa\u011fl\u0131\u011f\u0131 ve sab\u0131r dileriz.&#8221; ifadelerini kulland\u0131.\u00a0 \u200bHaberin Al\u0131nt\u0131land\u0131\u011f\u0131 Kaynak: www.iskenderun.org","og_url":"https:\/\/denizcankizil.tr\/uk\/haberler\/gundem\/pence-kilitten-aci-haber\/","og_site_name":"Av. Deniz Can K\u0131z\u0131l","article_published_time":"2025-02-05T18:33:16+00:00","author":"admin","twitter_card":"summary_large_image","twitter_misc":{"\u041d\u0430\u043f\u0438\u0441\u0430\u043d\u043e":"admin","\u041f\u0440\u0438\u0431\u043b. \u0447\u0430\u0441 \u0447\u0438\u0442\u0430\u043d\u043d\u044f":"1 \u0445\u0432\u0438\u043b\u0438\u043d\u0430"},"schema":{"@context":"https:\/\/schema.org","@graph":[{"@type":"Article","@id":"https:\/\/denizcankizil.tr\/uk\/haberler\/gundem\/pence-kilitten-aci-haber\/#article","isPartOf":{"@id":"https:\/\/denizcankizil.tr\/uk\/haberler\/gundem\/pence-kilitten-aci-haber\/"},"author":{"name":"admin","@id":"https:\/\/denizcankizil.tr\/de\/#\/schema\/person\/be3c05fe6a12686905512445d8185489"},"headline":"Pen\u00e7e Kilit&#8217;ten ac\u0131 haber!","datePublished":"2025-02-05T18:33:16+00:00","mainEntityOfPage":{"@id":"https:\/\/denizcankizil.tr\/uk\/haberler\/gundem\/pence-kilitten-aci-haber\/"},"wordCount":274,"commentCount":0,"publisher":{"@id":"https:\/\/denizcankizil.tr\/de\/#organization"},"articleSection":["G\u00fcndem"],"inLanguage":"uk","potentialAction":[{"@type":"CommentAction","name":"Comment","target":["https:\/\/denizcankizil.tr\/uk\/haberler\/gundem\/pence-kilitten-aci-haber\/#respond"]}]},{"@type":"WebPage","@id":"https:\/\/denizcankizil.tr\/uk\/haberler\/gundem\/pence-kilitten-aci-haber\/","url":"https:\/\/denizcankizil.tr\/uk\/haberler\/gundem\/pence-kilitten-aci-haber\/","name":"Pen\u00e7e Kilit'ten ac\u0131 haber! - Av. Deniz Can K\u0131z\u0131l","isPartOf":{"@id":"https:\/\/denizcankizil.tr\/de\/#website"},"datePublished":"2025-02-05T18:33:16+00:00","breadcrumb":{"@id":"https:\/\/denizcankizil.tr\/uk\/haberler\/gundem\/pence-kilitten-aci-haber\/#breadcrumb"},"inLanguage":"uk","potentialAction":[{"@type":"ReadAction","target":["https:\/\/denizcankizil.tr\/uk\/haberler\/gundem\/pence-kilitten-aci-haber\/"]}]},{"@type":"BreadcrumbList","@id":"https:\/\/denizcankizil.tr\/uk\/haberler\/gundem\/pence-kilitten-aci-haber\/#breadcrumb","itemListElement":[{"@type":"ListItem","position":1,"name":"Home","item":"https:\/\/denizcankizil.tr\/de\/"},{"@type":"ListItem","position":2,"name":"Pen\u00e7e Kilit&#8217;ten ac\u0131 haber!"}]},{"@type":"WebSite","@id":"https:\/\/denizcankizil.tr\/de\/#website","url":"https:\/\/denizcankizil.tr\/de\/","name":"Av. Deniz Can K\u0131z\u0131l","description":"Avukat Deniz Can K\u0131z\u0131l Antalya Barosu","publisher":{"@id":"https:\/\/denizcankizil.tr\/de\/#organization"},"potentialAction":[{"@type":"SearchAction","target":{"@type":"EntryPoint","urlTemplate":"https:\/\/denizcankizil.tr\/de\/?s={search_term_string}"},"query-input":{"@type":"PropertyValueSpecification","valueRequired":true,"valueName":"search_term_string"}}],"inLanguage":"uk"},{"@type":"Organization","@id":"https:\/\/denizcankizil.tr\/de\/#organization","name":"Av. Deniz Can K\u0131z\u0131l","url":"https:\/\/denizcankizil.tr\/de\/","logo":{"@type":"ImageObject","inLanguage":"uk","@id":"https:\/\/denizcankizil.tr\/de\/#\/schema\/logo\/image\/","url":"https:\/\/denizcankizil.tr\/wp-content\/uploads\/2024\/10\/siyah-logo-svg.svg","contentUrl":"https:\/\/denizcankizil.tr\/wp-content\/uploads\/2024\/10\/siyah-logo-svg.svg","width":1080,"height":1080,"caption":"Av. Deniz Can K\u0131z\u0131l"},"image":{"@id":"https:\/\/denizcankizil.tr\/de\/#\/schema\/logo\/image\/"}},{"@type":"Person","@id":"https:\/\/denizcankizil.tr\/de\/#\/schema\/person\/be3c05fe6a12686905512445d8185489","name":"\u0430\u0434\u043c\u0456\u043d","image":{"@type":"ImageObject","inLanguage":"uk","@id":"https:\/\/denizcankizil.tr\/de\/#\/schema\/person\/image\/","url":"https:\/\/secure.gravatar.com\/avatar\/c1fce94c830dc79107e174f890d7210541c4a63e8e5d816341794a2151c9d58c?s=96&d=mm&r=g","contentUrl":"https:\/\/secure.gravatar.com\/avatar\/c1fce94c830dc79107e174f890d7210541c4a63e8e5d816341794a2151c9d58c?s=96&d=mm&r=g","caption":"admin"},"sameAs":["http:\/\/denizcankizil.tr"],"url":"https:\/\/www.iskenderun.org\/pence-kilitten-aci-haber-9"}]}},"_links":{"self":[{"href":"https:\/\/denizcankizil.tr\/uk\/wp-json\/wp\/v2\/posts\/30490","targetHints":{"allow":["GET"]}}],"collection":[{"href":"https:\/\/denizcankizil.tr\/uk\/wp-json\/wp\/v2\/posts"}],"about":[{"href":"https:\/\/denizcankizil.tr\/uk\/wp-json\/wp\/v2\/types\/post"}],"author":[{"embeddable":true,"href":"https:\/\/denizcankizil.tr\/uk\/wp-json\/wp\/v2\/users\/1"}],"replies":[{"embeddable":true,"href":"https:\/\/denizcankizil.tr\/uk\/wp-json\/wp\/v2\/comments?post=30490"}],"version-history":[{"count":0,"href":"https:\/\/denizcankizil.tr\/uk\/wp-json\/wp\/v2\/posts\/30490\/revisions"}],"wp:attachment":[{"href":"https:\/\/denizcankizil.tr\/uk\/wp-json\/wp\/v2\/media?parent=30490"}],"wp:term":[{"taxonomy":"category","embeddable":true,"href":"https:\/\/denizcankizil.tr\/uk\/wp-json\/wp\/v2\/categories?post=30490"},{"taxonomy":"post_tag","embeddable":true,"href":"https:\/\/denizcankizil.tr\/uk\/wp-json\/wp\/v2\/tags?post=30490"}],"curies":[{"name":"wp","href":"https:\/\/api.w.org\/{rel}","templated":true}]}}