{"id":30389,"date":"2025-02-05T14:56:37","date_gmt":"2025-02-05T11:56:37","guid":{"rendered":"https:\/\/denizcankizil.tr\/uncategorized-tr\/guveni-kotuye-kullanma-sucunun-hukuki-boyutlari\/"},"modified":"2025-02-05T14:56:37","modified_gmt":"2025-02-05T11:56:37","slug":"guveni-kotuye-kullanma-sucunun-hukuki-boyutlari","status":"publish","type":"post","link":"https:\/\/denizcankizil.tr\/uk\/koseyazilari\/degerlendirme\/guveni-kotuye-kullanma-sucunun-hukuki-boyutlari\/","title":{"rendered":"G\u00fcveni K\u00f6t\u00fcye Kullanma Su\u00e7unun Hukuki Boyutlar\u0131"},"content":{"rendered":"<p> <strong>G\u00fcveni K\u00f6t\u00fcye\u2063 Kullanma Su\u00e7unun\u200b Hukuki Boyutlar\u0131<\/strong><\/p>\n<p>G\u00fcveni k\u00f6t\u00fcye kullanma su\u00e7u, T\u00fcrk Ceza Kanunu&#8217;nun 155. maddesinde\u200c d\u00fczenlenen ve bireyler aras\u0131ndaki g\u00fcven ili\u015fkisini ihlal eden \u00f6nemli\u2063 bir su\u00e7 tipidir. Bu su\u00e7, \u00f6zellikle ticari ili\u015fkilerde ve sosyal hayatta g\u00fcvenin zedelenmesine yol a\u00e7arak, \u2064toplumsal d\u00fczenin ve ekonomik istikrar\u0131n sars\u0131lmas\u0131na neden olabilir. G\u00fcveni k\u00f6t\u00fcye \u2064kullanma, failin, kendisine emanet edilen bir mal \u200bveya hakk\u0131, belirli bir amac\u0131n\u2064 d\u0131\u015f\u0131nda kullanmas\u0131 durumunda ortaya \u00e7\u0131kmaktad\u0131r. Bu ba\u011flamda, su\u00e7un hukuki boyutlar\u0131, failin niyeti, ma\u011fdurun durumu ve su\u00e7un sonu\u00e7lar\u0131\u200c a\u00e7\u0131s\u0131ndan derinlemesine incelenmesi gereken karma\u015f\u0131k bir yap\u0131ya sahiptir. Bu makalede, g\u00fcvenin k\u00f6t\u00fcye kullan\u0131lmas\u0131 su\u00e7unun tan\u0131m\u0131, unsurlar\u0131, ceza hukuku a\u00e7\u0131s\u0131ndan de\u011ferlendirilmesi ve Yarg\u0131tay i\u00e7tihatlar\u0131 \u0131\u015f\u0131\u011f\u0131nda hukuki \u200bsonu\u00e7lar\u0131 ele\u200b al\u0131nacakt\u0131r. B\u00f6ylece, bu su\u00e7un toplumsal ve hukuki boyutlar\u0131 daha iyi anla\u015f\u0131lacak ve uygulamada kar\u015f\u0131la\u015f\u0131lan sorunlar \u00fczerinde durulacakt\u0131r.<br \/><img decoding=\"async\" class=\"kimage_class lazyload\" data-src=\"https:\/\/denizcankizil.tr\/wp-content\/uploads\/2024\/10\/4382-antalyada-ticaret-hukuku-avukatlarinin-yetki-alanlari.jpg\" alt=\"G\u00fcveni\u2063 K\u00f6t\u00fcye Kullanma Su\u00e7unun Tan\u0131m\u0131 ve Unsurlar\u0131\" src=\"data:image\/svg+xml;base64,PHN2ZyB3aWR0aD0iMSIgaGVpZ2h0PSIxIiB4bWxucz0iaHR0cDovL3d3dy53My5vcmcvMjAwMC9zdmciPjwvc3ZnPg==\"><\/p>\n<h2 id=\"guveni-kotuye-kullanma-sucunun-tanimi-ve-unsurlari\">G\u00fcveni K\u00f6t\u00fcye Kullanma Su\u00e7unun Tan\u0131m\u0131 ve Unsurlar\u0131<\/h2>\n<p><strong>G\u00fcveni k\u00f6t\u00fcye kullanma su\u00e7u<\/strong>, T\u00fcrk Ceza Kanunu&#8217;nun 155. maddesinde d\u00fczenlenmi\u015f bir su\u00e7 tipidir.\u2062 Bu \u2062su\u00e7, bir \u200cki\u015finin, kendisine g\u00fcvenilen \u2064bir ba\u015fkas\u0131n\u0131n malvarl\u0131\u011f\u0131 \u00fczerinde yetki a\u015f\u0131m\u0131nda bulunarak, bu g\u00fcveni k\u00f6t\u00fcye\u200d kullanmas\u0131\u200b durumunu ifade eder. G\u00fcveni k\u00f6t\u00fcye kullanma su\u00e7u, genellikle \u200bbir \u2063ki\u015finin,\u2064 ba\u015fkas\u0131 ad\u0131na hareket etme yetkisini k\u00f6t\u00fcye kullanarak, o ki\u015finin zarar\u0131na olacak \u015fekilde hareket etmesiyle ortaya \u00e7\u0131kar.<\/p>\n<p>Bu su\u00e7un olu\u015fabilmesi i\u00e7in baz\u0131 <strong>unsurlar\u0131n<\/strong> bir araya gelmesi\u200d gerekmektedir:<\/p>\n<ul>\n<li><strong>G\u00fcven \u2062\u0130li\u015fkisi:<\/strong> Su\u00e7un temelini olu\u015fturan g\u00fcven ili\u015fkisi, fail ile ma\u011fdur aras\u0131nda var olmal\u0131d\u0131r.<\/li>\n<li><strong>Yetki A\u015f\u0131m\u0131:<\/strong> Fail, kendisine verilen yetkileri a\u015farak hareket \u2063etmelidir.<\/li>\n<li><strong>Zarar Verme:<\/strong> Failin eylemi \u2062sonucunda ma\u011fdurun malvarl\u0131\u011f\u0131nda bir zarar meydana gelmelidir.<\/li>\n<li><strong>Kas\u0131t:<\/strong> Fail, eylemi s\u0131ras\u0131nda zarar verme niyetiyle hareket etmelidir.<\/li>\n<\/ul>\n<p>G\u00fcveni k\u00f6t\u00fcye kullanma su\u00e7u, yaln\u0131zca ekonomik zararlarla s\u0131n\u0131rl\u0131 kalmay\u0131p, ayn\u0131 zamanda\u200c g\u00fcven \u200bili\u015fkilerinin zedelenmesine de yol a\u00e7maktad\u0131r. Bu nedenle, bu su\u00e7un \u00f6nlenmesi ve faillerinin cezaland\u0131r\u0131lmas\u0131, toplumsal g\u00fcvenin korunmas\u0131 a\u00e7\u0131s\u0131ndan b\u00fcy\u00fck \u00f6nem ta\u015f\u0131maktad\u0131r.<\/p>\n<p><img decoding=\"async\" class=\"kimage_class lazyload\" data-src=\"https:\/\/denizcankizil.tr\/wp-content\/uploads\/2024\/10\/ounsel-scaled.jpg\" alt=\"Su\u00e7un Ceza Hukuku Kapsam\u0131ndaki Yeri\" src=\"data:image\/svg+xml;base64,PHN2ZyB3aWR0aD0iMSIgaGVpZ2h0PSIxIiB4bWxucz0iaHR0cDovL3d3dy53My5vcmcvMjAwMC9zdmciPjwvc3ZnPg==\"><\/p>\n<h2 id=\"sucun-ceza-hukuku-kapsamindaki-yeri\">Su\u00e7un Ceza Hukuku Kapsam\u0131ndaki Yeri<\/h2>\n<section>\n<p>Ceza hukuku, toplum d\u00fczenini korumak amac\u0131yla su\u00e7lar\u0131 tan\u0131mlayan ve bu su\u00e7lara kar\u015f\u0131 yapt\u0131r\u0131mlar \u00f6ng\u00f6ren bir hukuk dal\u0131d\u0131r. Bu\u200b ba\u011flamda, su\u00e7un tan\u0131m\u0131 ve ceza hukuku i\u00e7indeki yeri, hukukun temel unsurlar\u0131ndan birini olu\u015fturur. Su\u00e7, bir\u2064 eylemin \u2063veya ihmalin, kanun taraf\u0131ndan yasaklanm\u0131\u015f olmas\u0131 ve bu eylemin belirli bir \u2064ceza \u200cile sonu\u00e7lanmas\u0131 durumudur. Bu nedenle, , hukukun i\u015fleyi\u015fi a\u00e7\u0131s\u0131ndan b\u00fcy\u00fck bir \u00f6neme sahiptir.<\/p>\n<p>G\u00fcveni k\u00f6t\u00fcye kullanma su\u00e7u, <a href=\"https:\/\/denizcankizil.tr\/uk\/seo\/antalyada-ceza-hukuku-avukati-ve-ilgili-mahkemeler\/\" title=\"Antalya&#039;da Ceza Hukuku Avukat\u0131 ve \u0130lgili Mahkemeler\">ceza hukuku \u00e7er\u00e7evesinde<\/a>, bir ki\u015finin ba\u015fkas\u0131 \u00fczerinde sahip oldu\u011fu g\u00fcveni k\u00f6t\u00fcye kullanarak menfaat elde etmesi durumunu ifade \u200ceder. Bu su\u00e7, genellikle ekonomik ili\u015fkilerde ortaya\u200b \u00e7\u0131kmakta ve ma\u011fdurlar \u00fczerinde ciddi sonu\u00e7lar do\u011furabilmektedir. Bu t\u00fcr su\u00e7lar\u0131n \u00f6nlenmesi ve cezaland\u0131r\u0131lmas\u0131, toplumda g\u00fcven duygusunun tesis edilmesi a\u00e7\u0131s\u0131ndan kritik bir rol oynamaktad\u0131r.<\/p>\n<p>, a\u015fa\u011f\u0131daki \u2064unsurlarla daha iyi anla\u015f\u0131labilir:<\/p>\n<ul>\n<li><strong>Su\u00e7un Tan\u0131m\u0131:<\/strong> Su\u00e7, yasalarla belirlenen bir eylemin veya ihmalin, topluma zarar vermesi durumudur.<\/li>\n<li><strong>Ceza Hukuku \u2063\u0130lkeleri:<\/strong> Su\u00e7 ve\u2064 ceza aras\u0131ndaki ili\u015fki, ceza hukukunun temel ilkeleri ile belirlenir.<\/li>\n<li><strong>Yapt\u0131r\u0131mlar:<\/strong> Su\u00e7un i\u015flenmesi durumunda uygulanacak yapt\u0131r\u0131mlar, ceza \u2063hukukunun \u00f6nemli\u200c bir par\u00e7as\u0131n\u0131 olu\u015fturur.<\/li>\n<\/ul>\n<p>Sonu\u00e7 olarak,\u200c , hukukun i\u015fleyi\u015fi ve toplumsal d\u00fczenin korunmas\u0131 a\u00e7\u0131s\u0131ndan hayati bir \u00f6neme sahiptir. G\u00fcveni k\u00f6t\u00fcye kullanma su\u00e7u gibi \u2063eylemler, bu ba\u011flamda dikkatle ele al\u0131nmal\u0131 ve gerekli hukuki yapt\u0131r\u0131mlar uygulanmal\u0131d\u0131r.<\/p>\n<\/section>\n<p><img decoding=\"async\" class=\"kimage_class lazyload\" data-src=\"https:\/\/denizcankizil.tr\/wp-content\/uploads\/2024\/10\/4380-antalyada-sahtecilik-suclarina-bakan-avukat-ve-mahkemeler.jpg\" alt=\"G\u00fcveni \u200cK\u00f6t\u00fcye Kullanma Su\u00e7unun Cezas\u0131 ve Yarg\u0131tay \u0130\u00e7tihatlar\u0131\" src=\"data:image\/svg+xml;base64,PHN2ZyB3aWR0aD0iMSIgaGVpZ2h0PSIxIiB4bWxucz0iaHR0cDovL3d3dy53My5vcmcvMjAwMC9zdmciPjwvc3ZnPg==\"><\/p>\n<h2 id=\"guveni-kotuye-kullanma-sucunun-cezasi-ve-yargitay-ictihatlari\">G\u00fcveni K\u00f6t\u00fcye Kullanma Su\u00e7unun Cezas\u0131 \u2064ve\u200c Yarg\u0131tay \u0130\u00e7tihatlar\u0131<\/h2>\n<p><strong>G\u00fcveni k\u00f6t\u00fcye kullanma su\u00e7u<\/strong>, \u200cT\u00fcrk Ceza Kanunu&#8217;nun 155. maddesinde d\u00fczenlenmi\u015f olup, bir ki\u015finin ba\u015fkas\u0131n\u0131n g\u00fcvenini k\u00f6t\u00fcye\u200b kullanarak menfaat \u200bsa\u011flamas\u0131 durumunu ifade \u200cetmektedir. Bu su\u00e7un olu\u015fabilmesi\u2063 i\u00e7in, failin \u200cma\u011fdurun g\u00fcvenini kazanm\u0131\u015f olmas\u0131 \u200cve bu \u200bg\u00fcveni k\u00f6t\u00fcye kullanarak haks\u0131z bir\u200c yarar elde etmesi\u2062 gerekmektedir. Su\u00e7un temel unsurlar\u0131 \u200daras\u0131nda g\u00fcven ili\u015fkisi, k\u00f6t\u00fcye\u2064 kullanma ve haks\u0131z menfaat sa\u011flama yer almaktad\u0131r.<\/p>\n<p>Bu su\u00e7un cezas\u0131, T\u00fcrk Ceza \u2063Kanunu&#8217;nda belirlenen h\u00fck\u00fcmler \u00e7er\u00e7evesinde, hapis cezas\u0131 veya adli para cezas\u0131 \u015feklinde \u2062uygulanabilmektedir. Cezan\u0131n belirlenmesinde, su\u00e7un i\u015fleni\u015f \u015fekli, failin niyeti ve ma\u011fdurun durumu gibi fakt\u00f6rler g\u00f6z \u00f6n\u00fcnde bulundurulmaktad\u0131r. Ayr\u0131ca, su\u00e7un i\u015flenmesi s\u0131ras\u0131nda meydana gelen zararlar da cezan\u0131n belirlenmesinde etkili olmaktad\u0131r.<\/p>\n<p><strong>Yarg\u0131tay i\u00e7tihatlar\u0131<\/strong>, <a href=\"https:\/\/denizcankizil.tr\/uk\/haberler\/gundem\/kesanda-telefon-hirsizligi-iddiasi-arkadasligi-zedeledi\/\" title=\"Ke\u015fan&#039;da telefon h\u0131rs\u0131zl\u0131\u011f\u0131 iddias\u0131 arkada\u015fl\u0131\u011f\u0131 zedeledi!\">g\u00fcveni k\u00f6t\u00fcye kullanma su\u00e7u<\/a> ile ilgili olarak \u00f6nemli bir kaynak te\u015fkil etmektedir. \u200bYarg\u0131tay, bu su\u00e7un unsurlar\u0131n\u0131\u2062 ve ceza uygulamalar\u0131n\u0131 belirlerken,\u200d somut olaylar\u0131n \u00f6zelliklerini dikkate\u200d alarak kararlar vermektedir. \u0130\u00e7tihatlarda, g\u00fcven ili\u015fkisi ve k\u00f6t\u00fcye kullanma eyleminin nas\u0131l ger\u00e7ekle\u015fti\u011fi konular\u0131nda\u2062 \u00e7e\u015fitli \u00f6rnekler sunulmakta, bu sayede hukuk uygulay\u0131c\u0131lar\u0131na yol g\u00f6sterilmektedir.<\/p>\n<p>Sonu\u00e7 olarak, g\u00fcveni k\u00f6t\u00fcye kullanma su\u00e7u, hem hukuki hem \u200dde sosyal a\u00e7\u0131dan \u00f6nemli bir konudur. Bu su\u00e7un cezas\u0131 ve Yarg\u0131tay i\u00e7tihatlar\u0131, hukuk sisteminin i\u015fleyi\u015fi a\u00e7\u0131s\u0131ndan dikkate al\u0131nmas\u0131 gereken unsurlard\u0131r. Bu ba\u011flamda, g\u00fcven ili\u015fkilerinin korunmas\u0131 ve k\u00f6t\u00fcye kullanma eylemlerinin \u00f6nlenmesi amac\u0131yla, hukukun etkin bir \u015fekilde uygulanmas\u0131 gerekmektedir.<\/p>\n<p><img decoding=\"async\" class=\"kimage_class lazyload\" data-src=\"https:\/\/denizcankizil.tr\/wp-content\/uploads\/2024\/10\/IIKHg-253D.jpg\" alt=\"Su\u00e7un Ma\u011fduru ve Ma\u011fdurun Haklar\u0131\" src=\"data:image\/svg+xml;base64,PHN2ZyB3aWR0aD0iMSIgaGVpZ2h0PSIxIiB4bWxucz0iaHR0cDovL3d3dy53My5vcmcvMjAwMC9zdmciPjwvc3ZnPg==\"><\/p>\n<h2 id=\"sucun-magduru-ve-magdurun-haklari\">Su\u00e7un Ma\u011fduru ve Ma\u011fdurun Haklar\u0131<\/h2>\n<section>\n<p>G\u00fcveni k\u00f6t\u00fcye kullanma su\u00e7u, bireylerin g\u00fcven ili\u015fkilerini zedeleyen ve ma\u011fdurlar \u00fczerinde\u200c ciddi etkiler b\u0131rakan bir su\u00e7 t\u00fcr\u00fcd\u00fcr. Bu su\u00e7un ma\u011fdurlar\u0131, genellikle g\u00fcven duyduklar\u0131 ki\u015filer taraf\u0131ndan aldat\u0131larak zarar g\u00f6rmektedir. Ma\u011fdurlar,\u200d ya\u015fad\u0131klar\u0131 olumsuz \u200bdurumlar \u200csonucunda hem maddi hem de\u200c manevi kay\u0131plar ya\u015fayabilirler. Bu ba\u011flamda, ma\u011fdurlar\u0131n haklar\u0131n\u0131n korunmas\u0131, hukukun temel ilkelerinden biri \u200colarak \u00f6ne\u200d \u00e7\u0131kmaktad\u0131r.<\/p>\n<p>Ma\u011fdurlar\u0131n haklar\u0131, su\u00e7un meydana gelmesiyle birlikte hukuki bir \u00e7er\u00e7eveye oturtulmaktad\u0131r. Bu haklar aras\u0131nda \u015funlar yer almaktad\u0131r:<\/p>\n<ul>\n<li><strong>Bilgi Edinme Hakk\u0131:<\/strong> Ma\u011fdurlar, su\u00e7un soru\u015fturulmas\u0131 ve yarg\u0131lanmas\u0131\u200c s\u00fcrecinde bilgilendirilme hakk\u0131na sahiptir.<\/li>\n<li><strong>Destek Hakk\u0131:<\/strong> Ma\u011fdurlar, psikolojik ve hukuki destek hizmetlerinden yararlanma \u200dhakk\u0131na sahiptir.<\/li>\n<li><strong>Tazminat Talep Hakk\u0131:<\/strong> Ma\u011fdurlar, u\u011frad\u0131klar\u0131 zararlar\u0131n tazmini i\u00e7in yasal yollara ba\u015fvurma hakk\u0131na sahiptir.<\/li>\n<li><strong>Gizlilik\u200c Hakk\u0131:<\/strong> Ma\u011fdurlar\u0131n kimlikleri ve ki\u015fisel bilgileri, yarg\u0131lama s\u00fcrecinde \u200bkorunmal\u0131d\u0131r.<\/li>\n<\/ul>\n<p>Bu haklar\u0131n etkin bir \u015fekilde \u2063kullan\u0131lmas\u0131, \u200bma\u011fdurlar\u0131n ya\u015fad\u0131klar\u0131 travman\u0131n \u2062\u00fcstesinden gelmelerine yard\u0131mc\u0131 \u2063olurken, ayn\u0131 zamanda adaletin sa\u011flanmas\u0131 a\u00e7\u0131s\u0131ndan da b\u00fcy\u00fck \u00f6nem\u200d ta\u015f\u0131maktad\u0131r. Hukukun, ma\u011fdurlar\u0131n haklar\u0131n\u0131 koruma konusundaki rol\u00fc, toplumda g\u00fcven duygusunun\u2063 yeniden tesis edilmesine katk\u0131 sa\u011flamaktad\u0131r.<\/p>\n<\/section>\n<p><img decoding=\"async\" class=\"kimage_class lazyload\" data-src=\"https:\/\/denizcankizil.tr\/wp-content\/uploads\/2024\/10\/t-bild.jpg\" alt=\"G\u00fcveni K\u00f6t\u00fcye Kullanma Su\u00e7unun \u00d6nlenmesi ve M\u00fccadele \u200dY\u00f6ntemleri\" src=\"data:image\/svg+xml;base64,PHN2ZyB3aWR0aD0iMSIgaGVpZ2h0PSIxIiB4bWxucz0iaHR0cDovL3d3dy53My5vcmcvMjAwMC9zdmciPjwvc3ZnPg==\"><\/p>\n<h2 id=\"guveni-kotuye-kullanma-sucunun-onlenmesi-ve-mucadele-yontemleri\">G\u00fcveni K\u00f6t\u00fcye Kullanma Su\u00e7unun \u00d6nlenmesi ve M\u00fccadele Y\u00f6ntemleri<\/h2>\n<p><strong>G\u00fcveni k\u00f6t\u00fcye\u2063 kullanma su\u00e7u<\/strong>, bireyler aras\u0131nda g\u00fcven ili\u015fkisini zedeleyen ve toplumsal d\u00fczeni tehdit eden \u00f6nemli\u200b bir su\u00e7 t\u00fcr\u00fcd\u00fcr. Bu su\u00e7un \u00f6nlenmesi ve m\u00fccadele edilmesi, hem hukuki hem de sosyal \u2064a\u00e7\u0131dan b\u00fcy\u00fck\u200b bir \u00f6nem ta\u015f\u0131maktad\u0131r. G\u00fcveni k\u00f6t\u00fcye kullanma eylemlerinin engellenmesi \u2064i\u00e7in \u00e7e\u015fitli y\u00f6ntemler geli\u015ftirilmi\u015ftir. Bu y\u00f6ntemler \u2064aras\u0131nda, hukuki d\u00fczenlemelerin g\u00fc\u00e7lendirilmesi, e\u011fitim programlar\u0131n\u0131n uygulanmas\u0131 ve\u200c toplumsal fark\u0131ndal\u0131\u011f\u0131n art\u0131r\u0131lmas\u0131 yer almaktad\u0131r.<\/p>\n<p>\u00d6ncelikle, <strong>hukuki d\u00fczenlemelerin g\u00fc\u00e7lendirilmesi<\/strong> gerekmektedir. Mevcut\u200d yasalar\u0131n etkin bir \u015fekilde uygulanmas\u0131,\u2064 g\u00fcven \u2063ili\u015fkilerini zedeleyen eylemlerin cayd\u0131r\u0131c\u0131l\u0131\u011f\u0131n\u0131 art\u0131racakt\u0131r. Ayr\u0131ca, yasalar\u0131n g\u00fcncellenmesi ve yeni d\u00fczenlemelerin \u2062yap\u0131lmas\u0131, bu su\u00e7un \u00f6nlenmesinde \u00f6nemli bir rol oynamaktad\u0131r.<\/p>\n<p>\u0130kinci olarak, <strong>e\u011fitim programlar\u0131<\/strong> arac\u0131l\u0131\u011f\u0131yla bireylerin g\u00fcven ili\u015fkileri\u200c hakk\u0131nda bilin\u00e7lendirilmesi sa\u011flanmal\u0131d\u0131r. \u2063Bu programlar, \u00f6zellikle gen\u00e7 bireylerin g\u00fcven kavram\u0131n\u0131 anlamalar\u0131na ve bu konuda daha\u200d dikkatli olmalar\u0131na yard\u0131mc\u0131 olabilir. E\u011fitim, bireylerin g\u00fcven ili\u015fkilerini koruma konusunda daha bilin\u00e7li \u2064davranmalar\u0131n\u0131\u2064 te\u015fvik edecektir.<\/p>\n<p>Son olarak, <strong>toplumsal fark\u0131ndal\u0131\u011f\u0131n art\u0131r\u0131lmas\u0131<\/strong> da b\u00fcy\u00fck bir \u00f6neme\u2063 sahiptir. Medya\u2062 ve sivil \u2062toplum kurulu\u015flar\u0131, g\u00fcveni k\u00f6t\u00fcye kullanma su\u00e7unun sonu\u00e7lar\u0131\u2064 hakk\u0131nda \u2064kamuoyunu bilgilendirerek, bu \u200dkonuda duyarl\u0131l\u0131\u011f\u0131\u2062 art\u0131rabilir. \u2063Toplumda g\u00fcven ili\u015fkilerinin\u2064 korunmas\u0131 i\u00e7in herkesin \u00fczerine d\u00fc\u015fen sorumluluklar \u200dbulunmaktad\u0131r.<\/p>\n<p><img decoding=\"async\" class=\"kimage_class lazyload\" data-src=\"https:\/\/denizcankizil.tr\/wp-content\/uploads\/2024\/10\/3tcAw-253D.jpg\" alt=\"Hukuki \u200dSorumluluk ve Tazminat Talepleri\" src=\"data:image\/svg+xml;base64,PHN2ZyB3aWR0aD0iMSIgaGVpZ2h0PSIxIiB4bWxucz0iaHR0cDovL3d3dy53My5vcmcvMjAwMC9zdmciPjwvc3ZnPg==\"><\/p>\n<h2 id=\"hukuki-sorumluluk-ve-tazminat-talepleri\">Hukuki Sorumluluk ve Tazminat Talepleri<\/h2>\n<section>\n<p>G\u00fcveni k\u00f6t\u00fcye kullanma su\u00e7u, hukuki sorumluluk \u2062a\u00e7\u0131s\u0131ndan \u00f6nemli bir yere sahiptir. \u2063Bu su\u00e7un olu\u015fabilmesi i\u00e7in belirli unsurlar\u0131n bir araya \u200dgelmesi gerekmektedir. \u00d6ncelikle, g\u00fcven ili\u015fkisi i\u00e7inde bulunan taraflardan birinin, di\u011fer \u2064taraf\u0131n \u200dg\u00fcvenini k\u00f6t\u00fcye kullanarak haks\u0131z bir menfaat elde \u2063etmesi s\u00f6z konusu olmal\u0131d\u0131r.\u200c Bu durum, hem ceza hukuku \u2064hem de medeni hukuk a\u00e7\u0131s\u0131ndan tazminat taleplerine yol a\u00e7abilir.<\/p>\n<p>Hukuki sorumluluk, genel olarak bir ki\u015finin, hukuka ayk\u0131r\u0131 bir eylem sonucunda di\u011fer bir ki\u015fiye \u2064verdi\u011fi \u200czarardan dolay\u0131 y\u00fck\u00fcml\u00fc olmas\u0131 durumunu ifade eder. G\u00fcveni k\u00f6t\u00fcye kullanma \u2062su\u00e7u ba\u011flam\u0131nda, ma\u011fdur taraf\u0131n u\u011frad\u0131\u011f\u0131 zararlar\u0131n tazmini i\u00e7in a\u015fa\u011f\u0131daki unsurlar\u0131n varl\u0131\u011f\u0131 gereklidir:<\/p>\n<ul>\n<li><strong>Hukuka Ayk\u0131r\u0131l\u0131k:<\/strong> Eylemin hukuka ayk\u0131r\u0131 olmas\u0131, tazminat talebinin temelini\u2063 olu\u015fturur.<\/li>\n<li><strong>Zarar:<\/strong> Ma\u011fdurun, g\u00fcvenin k\u00f6t\u00fcye kullan\u0131lmas\u0131 sonucu somut bir zarar g\u00f6rmesi gerekmektedir.<\/li>\n<li><strong>Nedensellik Ba\u011f\u0131:<\/strong> \u2064 Zarar ile eylem aras\u0131nda do\u011frudan bir ili\u015fki bulunmal\u0131d\u0131r.<\/li>\n<\/ul>\n<p>Bu unsurlar\u0131n varl\u0131\u011f\u0131 halinde,\u2064 ma\u011fdur taraf, g\u00fcvenin \u2062k\u00f6t\u00fcye kullan\u0131lmas\u0131 nedeniyle u\u011frad\u0131\u011f\u0131 zararlar\u0131n tazmini i\u00e7in hukuki yollara ba\u015fvurabilir. Tazminat talepleri, zarar g\u00f6ren ki\u015finin ya\u015fad\u0131\u011f\u0131 maddi ve manevi kay\u0131plar\u0131 kapsayacak \u015fekilde geni\u015f bir yelpazeye yay\u0131labilir. Bu nedenle, g\u00fcven ili\u015fkilerinin korunmas\u0131 ve k\u00f6t\u00fcye kullan\u0131mlar\u0131n \u00f6nlenmesi\u2063 a\u00e7\u0131s\u0131ndan hukuki d\u00fczenlemelerin \u00f6nemi b\u00fcy\u00fckt\u00fcr.<\/p>\n<\/section>\n<p>Sonu\u00e7 olarak, g\u00fcveni k\u00f6t\u00fcye kullanma su\u00e7u, T\u00fcrk Ceza Kanunu \u00e7er\u00e7evesinde \u00f6nemli bir yer tutmakta olup, bireyler aras\u0131ndaki g\u00fcven ili\u015fkilerini zedeleyen ciddi bir eylem olarak kar\u015f\u0131m\u0131za \u00e7\u0131kmaktad\u0131r. Bu su\u00e7un hukuki\u200c boyutlar\u0131, yaln\u0131zca failin cezai sorumlulu\u011fu ile s\u0131n\u0131rl\u0131 kalmay\u0131p,\u2063 ayn\u0131 zamanda ma\u011fdurun haklar\u0131n\u0131n korunmas\u0131 a\u00e7\u0131s\u0131ndan da b\u00fcy\u00fck bir \u200b\u00f6neme sahiptir. G\u00fcveni k\u00f6t\u00fcye \u2063kullanma eylemleri, toplumsal d\u00fczenin \u2062ve bireyler aras\u0131 ili\u015fkilerin sa\u011fl\u0131kl\u0131 bir \u015fekilde s\u00fcrd\u00fcr\u00fclmesi a\u00e7\u0131s\u0131ndan tehdit olu\u015fturmakta, bu nedenle hukukun etkin bir \u015fekilde uygulanmas\u0131 \u200dgerekmektedir. \u200dGelecekte, bu su\u00e7un \u00f6nlenmesi ve ma\u011fdurlar\u0131n\u200c haklar\u0131n\u0131n daha etkin bir \u015fekilde \u2064korunmas\u0131 ad\u0131na hukuki d\u00fczenlemelerin ve uygulamalar\u0131n g\u00f6zden ge\u00e7irilmesi,\u200d akademik \u00e7al\u0131\u015fmalar\u0131n ve yarg\u0131 kararlar\u0131n\u0131n bu alandaki geli\u015fmelere \u200c\u0131\u015f\u0131k tutmas\u0131 \u00f6nem arz etmektedir. Bu \u200dba\u011flamda,\u200c g\u00fcvenin korunmas\u0131 ve k\u00f6t\u00fcye kullanma eylemlerinin \u00f6nlenmesi, hem bireysel hem \u200dde toplumsal d\u00fczeyde hukukun\u2062 \u00fcst\u00fcnl\u00fc\u011f\u00fcn\u00fcn\u2062 sa\u011flanmas\u0131 a\u00e7\u0131s\u0131ndan \u200ckritik bir rol oynamaktad\u0131r. <\/p>","protected":false},"excerpt":{"rendered":"<p>G\u00fcveni k\u00f6t\u00fcye kullanma su\u00e7u, T\u00fcrk Ceza Kanunu&#8217;nun 155. maddesinde d\u00fczenlenmi\u015ftir. Bu su\u00e7, bir ki\u015finin ba\u015fkas\u0131na ait olan g\u00fcveni k\u00f6t\u00fcye kullanarak menfaat sa\u011flamas\u0131 durumunu ifade eder. Hukuki boyutlar\u0131, ma\u011fdurun zarar\u0131n\u0131n tazmini ve failin cezai sorumlulu\u011fu a\u00e7\u0131s\u0131ndan \u00f6nem ta\u015f\u0131maktad\u0131r.<\/p>","protected":false},"author":4,"featured_media":30390,"comment_status":"open","ping_status":"open","sticky":false,"template":"","format":"standard","meta":{"_acf_changed":false,"footnotes":""},"categories":[22],"tags":[],"class_list":["post-30389","post","type-post","status-publish","format-standard","has-post-thumbnail","hentry","category-degerlendirme"],"acf":[],"yoast_head":"<!-- This site is optimized with the Yoast SEO Premium plugin v26.6 (Yoast SEO v27.1.1) - https:\/\/yoast.com\/product\/yoast-seo-premium-wordpress\/ -->\n<title>G\u00fcveni K\u00f6t\u00fcye Kullanma Su\u00e7unun Hukuki Boyutlar\u0131 - Av. Deniz Can K\u0131z\u0131l<\/title>\n<meta name=\"robots\" content=\"index, follow, max-snippet:-1, max-image-preview:large, max-video-preview:-1\" \/>\n<link rel=\"canonical\" href=\"https:\/\/denizcankizil.tr\/uk\/koseyazilari\/degerlendirme\/guveni-kotuye-kullanma-sucunun-hukuki-boyutlari\/\" \/>\n<meta property=\"og:locale\" content=\"uk_UA\" \/>\n<meta property=\"og:type\" content=\"article\" \/>\n<meta property=\"og:title\" content=\"G\u00fcveni K\u00f6t\u00fcye Kullanma Su\u00e7unun Hukuki Boyutlar\u0131\" \/>\n<meta property=\"og:description\" content=\"G\u00fcveni k\u00f6t\u00fcye kullanma su\u00e7u, T\u00fcrk Ceza Kanunu&#039;nun 155. maddesinde d\u00fczenlenmi\u015ftir. Bu su\u00e7, bir ki\u015finin ba\u015fkas\u0131na ait olan g\u00fcveni k\u00f6t\u00fcye kullanarak menfaat sa\u011flamas\u0131 durumunu ifade eder. Hukuki boyutlar\u0131, ma\u011fdurun zarar\u0131n\u0131n tazmini ve failin cezai sorumlulu\u011fu a\u00e7\u0131s\u0131ndan \u00f6nem ta\u015f\u0131maktad\u0131r.\" \/>\n<meta property=\"og:url\" content=\"https:\/\/denizcankizil.tr\/uk\/koseyazilari\/degerlendirme\/guveni-kotuye-kullanma-sucunun-hukuki-boyutlari\/\" \/>\n<meta property=\"og:site_name\" content=\"Av. Deniz Can K\u0131z\u0131l\" \/>\n<meta property=\"article:published_time\" content=\"2025-02-05T11:56:37+00:00\" \/>\n<meta property=\"og:image\" content=\"https:\/\/denizcankizil.tr\/wp-content\/uploads\/2025\/02\/30389-guveni-kotuye-kullanma-sucunun-hukuki-boyutlari.jpg\" \/>\n\t<meta property=\"og:image:width\" content=\"800\" \/>\n\t<meta property=\"og:image:height\" content=\"800\" \/>\n\t<meta property=\"og:image:type\" content=\"image\/jpeg\" \/>\n<meta name=\"author\" content=\"Av. Deniz Can K\u0131z\u0131l\" \/>\n<meta name=\"twitter:card\" content=\"summary_large_image\" \/>\n<meta name=\"twitter:label1\" content=\"\u041d\u0430\u043f\u0438\u0441\u0430\u043d\u043e\" \/>\n\t<meta name=\"twitter:data1\" content=\"Av. Deniz Can K\u0131z\u0131l\" \/>\n\t<meta name=\"twitter:label2\" content=\"\u041f\u0440\u0438\u0431\u043b. \u0447\u0430\u0441 \u0447\u0438\u0442\u0430\u043d\u043d\u044f\" \/>\n\t<meta name=\"twitter:data2\" content=\"10 \u0445\u0432\u0438\u043b\u0438\u043d\" \/>\n<script type=\"application\/ld+json\" class=\"yoast-schema-graph\">{\"@context\":\"https:\/\/schema.org\",\"@graph\":[{\"@type\":\"Article\",\"@id\":\"https:\/\/denizcankizil.tr\/ru\/koseyazilari\/degerlendirme\/guveni-kotuye-kullanma-sucunun-hukuki-boyutlari\/#article\",\"isPartOf\":{\"@id\":\"https:\/\/denizcankizil.tr\/ru\/koseyazilari\/degerlendirme\/guveni-kotuye-kullanma-sucunun-hukuki-boyutlari\/\"},\"author\":{\"name\":\"Av. Deniz Can K\u0131z\u0131l\",\"@id\":\"https:\/\/denizcankizil.tr\/de\/#\/schema\/person\/5dc1b22991bd7ac833867c10afc9b0ff\"},\"headline\":\"G\u00fcveni K\u00f6t\u00fcye Kullanma Su\u00e7unun Hukuki Boyutlar\u0131\",\"datePublished\":\"2025-02-05T11:56:37+00:00\",\"mainEntityOfPage\":{\"@id\":\"https:\/\/denizcankizil.tr\/ru\/koseyazilari\/degerlendirme\/guveni-kotuye-kullanma-sucunun-hukuki-boyutlari\/\"},\"wordCount\":1952,\"commentCount\":0,\"publisher\":{\"@id\":\"https:\/\/denizcankizil.tr\/de\/#organization\"},\"image\":{\"@id\":\"https:\/\/denizcankizil.tr\/ru\/koseyazilari\/degerlendirme\/guveni-kotuye-kullanma-sucunun-hukuki-boyutlari\/#primaryimage\"},\"thumbnailUrl\":\"https:\/\/denizcankizil.tr\/wp-content\/uploads\/2025\/02\/30389-guveni-kotuye-kullanma-sucunun-hukuki-boyutlari.jpg\",\"articleSection\":[\"De\u011ferlendirme\"],\"inLanguage\":\"uk\",\"potentialAction\":[{\"@type\":\"CommentAction\",\"name\":\"Comment\",\"target\":[\"https:\/\/denizcankizil.tr\/ru\/koseyazilari\/degerlendirme\/guveni-kotuye-kullanma-sucunun-hukuki-boyutlari\/#respond\"]}]},{\"@type\":\"WebPage\",\"@id\":\"https:\/\/denizcankizil.tr\/ru\/koseyazilari\/degerlendirme\/guveni-kotuye-kullanma-sucunun-hukuki-boyutlari\/\",\"url\":\"https:\/\/denizcankizil.tr\/ru\/koseyazilari\/degerlendirme\/guveni-kotuye-kullanma-sucunun-hukuki-boyutlari\/\",\"name\":\"G\u00fcveni K\u00f6t\u00fcye Kullanma Su\u00e7unun Hukuki Boyutlar\u0131 - Av. Deniz Can K\u0131z\u0131l\",\"isPartOf\":{\"@id\":\"https:\/\/denizcankizil.tr\/de\/#website\"},\"primaryImageOfPage\":{\"@id\":\"https:\/\/denizcankizil.tr\/ru\/koseyazilari\/degerlendirme\/guveni-kotuye-kullanma-sucunun-hukuki-boyutlari\/#primaryimage\"},\"image\":{\"@id\":\"https:\/\/denizcankizil.tr\/ru\/koseyazilari\/degerlendirme\/guveni-kotuye-kullanma-sucunun-hukuki-boyutlari\/#primaryimage\"},\"thumbnailUrl\":\"https:\/\/denizcankizil.tr\/wp-content\/uploads\/2025\/02\/30389-guveni-kotuye-kullanma-sucunun-hukuki-boyutlari.jpg\",\"datePublished\":\"2025-02-05T11:56:37+00:00\",\"breadcrumb\":{\"@id\":\"https:\/\/denizcankizil.tr\/ru\/koseyazilari\/degerlendirme\/guveni-kotuye-kullanma-sucunun-hukuki-boyutlari\/#breadcrumb\"},\"inLanguage\":\"uk\",\"potentialAction\":[{\"@type\":\"ReadAction\",\"target\":[\"https:\/\/denizcankizil.tr\/ru\/koseyazilari\/degerlendirme\/guveni-kotuye-kullanma-sucunun-hukuki-boyutlari\/\"]}]},{\"@type\":\"ImageObject\",\"inLanguage\":\"uk\",\"@id\":\"https:\/\/denizcankizil.tr\/ru\/koseyazilari\/degerlendirme\/guveni-kotuye-kullanma-sucunun-hukuki-boyutlari\/#primaryimage\",\"url\":\"https:\/\/denizcankizil.tr\/wp-content\/uploads\/2025\/02\/30389-guveni-kotuye-kullanma-sucunun-hukuki-boyutlari.jpg\",\"contentUrl\":\"https:\/\/denizcankizil.tr\/wp-content\/uploads\/2025\/02\/30389-guveni-kotuye-kullanma-sucunun-hukuki-boyutlari.jpg\",\"width\":800,\"height\":800,\"caption\":\"G\u00fcveni K\u00f6t\u00fcye Kullanma Su\u00e7unun Hukuki Boyutlar\u0131\"},{\"@type\":\"BreadcrumbList\",\"@id\":\"https:\/\/denizcankizil.tr\/ru\/koseyazilari\/degerlendirme\/guveni-kotuye-kullanma-sucunun-hukuki-boyutlari\/#breadcrumb\",\"itemListElement\":[{\"@type\":\"ListItem\",\"position\":1,\"name\":\"Home\",\"item\":\"https:\/\/denizcankizil.tr\/de\/\"},{\"@type\":\"ListItem\",\"position\":2,\"name\":\"G\u00fcveni K\u00f6t\u00fcye Kullanma Su\u00e7unun Hukuki Boyutlar\u0131\"}]},{\"@type\":\"WebSite\",\"@id\":\"https:\/\/denizcankizil.tr\/de\/#website\",\"url\":\"https:\/\/denizcankizil.tr\/de\/\",\"name\":\"Av. Deniz Can K\u0131z\u0131l\",\"description\":\"Avukat Deniz Can K\u0131z\u0131l Antalya Barosu\",\"publisher\":{\"@id\":\"https:\/\/denizcankizil.tr\/de\/#organization\"},\"potentialAction\":[{\"@type\":\"SearchAction\",\"target\":{\"@type\":\"EntryPoint\",\"urlTemplate\":\"https:\/\/denizcankizil.tr\/de\/?s={search_term_string}\"},\"query-input\":{\"@type\":\"PropertyValueSpecification\",\"valueRequired\":true,\"valueName\":\"search_term_string\"}}],\"inLanguage\":\"uk\"},{\"@type\":\"Organization\",\"@id\":\"https:\/\/denizcankizil.tr\/de\/#organization\",\"name\":\"Av. Deniz Can K\u0131z\u0131l\",\"url\":\"https:\/\/denizcankizil.tr\/de\/\",\"logo\":{\"@type\":\"ImageObject\",\"inLanguage\":\"uk\",\"@id\":\"https:\/\/denizcankizil.tr\/de\/#\/schema\/logo\/image\/\",\"url\":\"https:\/\/denizcankizil.tr\/wp-content\/uploads\/2024\/10\/siyah-logo-svg.svg\",\"contentUrl\":\"https:\/\/denizcankizil.tr\/wp-content\/uploads\/2024\/10\/siyah-logo-svg.svg\",\"width\":1080,\"height\":1080,\"caption\":\"Av. Deniz Can K\u0131z\u0131l\"},\"image\":{\"@id\":\"https:\/\/denizcankizil.tr\/de\/#\/schema\/logo\/image\/\"}},{\"@type\":\"Person\",\"@id\":\"https:\/\/denizcankizil.tr\/de\/#\/schema\/person\/5dc1b22991bd7ac833867c10afc9b0ff\",\"name\":\"Av. Deniz Can K\u0131z\u0131l\",\"image\":{\"@type\":\"ImageObject\",\"inLanguage\":\"uk\",\"@id\":\"https:\/\/denizcankizil.tr\/de\/#\/schema\/person\/image\/\",\"url\":\"https:\/\/secure.gravatar.com\/avatar\/a0b128fb9855c79efc976d5640eedb31dc35ec297594d6016d2cf7c60e975bb6?s=96&d=mm&r=g\",\"contentUrl\":\"https:\/\/secure.gravatar.com\/avatar\/a0b128fb9855c79efc976d5640eedb31dc35ec297594d6016d2cf7c60e975bb6?s=96&d=mm&r=g\",\"caption\":\"Av. Deniz Can K\u0131z\u0131l\"},\"sameAs\":[\"http:\/\/www.denizcankizil.tr\"],\"url\":\"https:\/\/denizcankizil.tr\/uk\/author\/denizcankizil\/\"}]}<\/script>\n<!-- \/ Yoast SEO Premium plugin. -->","yoast_head_json":{"title":"G\u00fcveni K\u00f6t\u00fcye Kullanma Su\u00e7unun Hukuki Boyutlar\u0131 - Av. Deniz Can K\u0131z\u0131l","robots":{"index":"index","follow":"follow","max-snippet":"max-snippet:-1","max-image-preview":"max-image-preview:large","max-video-preview":"max-video-preview:-1"},"canonical":"https:\/\/denizcankizil.tr\/uk\/koseyazilari\/degerlendirme\/guveni-kotuye-kullanma-sucunun-hukuki-boyutlari\/","og_locale":"uk_UA","og_type":"article","og_title":"G\u00fcveni K\u00f6t\u00fcye Kullanma Su\u00e7unun Hukuki Boyutlar\u0131","og_description":"G\u00fcveni k\u00f6t\u00fcye kullanma su\u00e7u, T\u00fcrk Ceza Kanunu'nun 155. maddesinde d\u00fczenlenmi\u015ftir. Bu su\u00e7, bir ki\u015finin ba\u015fkas\u0131na ait olan g\u00fcveni k\u00f6t\u00fcye kullanarak menfaat sa\u011flamas\u0131 durumunu ifade eder. Hukuki boyutlar\u0131, ma\u011fdurun zarar\u0131n\u0131n tazmini ve failin cezai sorumlulu\u011fu a\u00e7\u0131s\u0131ndan \u00f6nem ta\u015f\u0131maktad\u0131r.","og_url":"https:\/\/denizcankizil.tr\/uk\/koseyazilari\/degerlendirme\/guveni-kotuye-kullanma-sucunun-hukuki-boyutlari\/","og_site_name":"Av. Deniz Can K\u0131z\u0131l","article_published_time":"2025-02-05T11:56:37+00:00","og_image":[{"width":800,"height":800,"url":"https:\/\/denizcankizil.tr\/wp-content\/uploads\/2025\/02\/30389-guveni-kotuye-kullanma-sucunun-hukuki-boyutlari.jpg","type":"image\/jpeg"}],"author":"Av. Deniz Can K\u0131z\u0131l","twitter_card":"summary_large_image","twitter_misc":{"\u041d\u0430\u043f\u0438\u0441\u0430\u043d\u043e":"Av. Deniz Can K\u0131z\u0131l","\u041f\u0440\u0438\u0431\u043b. \u0447\u0430\u0441 \u0447\u0438\u0442\u0430\u043d\u043d\u044f":"10 \u0445\u0432\u0438\u043b\u0438\u043d"},"schema":{"@context":"https:\/\/schema.org","@graph":[{"@type":"Article","@id":"https:\/\/denizcankizil.tr\/ru\/koseyazilari\/degerlendirme\/guveni-kotuye-kullanma-sucunun-hukuki-boyutlari\/#article","isPartOf":{"@id":"https:\/\/denizcankizil.tr\/ru\/koseyazilari\/degerlendirme\/guveni-kotuye-kullanma-sucunun-hukuki-boyutlari\/"},"author":{"name":"Av. Deniz Can K\u0131z\u0131l","@id":"https:\/\/denizcankizil.tr\/de\/#\/schema\/person\/5dc1b22991bd7ac833867c10afc9b0ff"},"headline":"G\u00fcveni K\u00f6t\u00fcye Kullanma Su\u00e7unun Hukuki Boyutlar\u0131","datePublished":"2025-02-05T11:56:37+00:00","mainEntityOfPage":{"@id":"https:\/\/denizcankizil.tr\/ru\/koseyazilari\/degerlendirme\/guveni-kotuye-kullanma-sucunun-hukuki-boyutlari\/"},"wordCount":1952,"commentCount":0,"publisher":{"@id":"https:\/\/denizcankizil.tr\/de\/#organization"},"image":{"@id":"https:\/\/denizcankizil.tr\/ru\/koseyazilari\/degerlendirme\/guveni-kotuye-kullanma-sucunun-hukuki-boyutlari\/#primaryimage"},"thumbnailUrl":"https:\/\/denizcankizil.tr\/wp-content\/uploads\/2025\/02\/30389-guveni-kotuye-kullanma-sucunun-hukuki-boyutlari.jpg","articleSection":["De\u011ferlendirme"],"inLanguage":"uk","potentialAction":[{"@type":"CommentAction","name":"Comment","target":["https:\/\/denizcankizil.tr\/ru\/koseyazilari\/degerlendirme\/guveni-kotuye-kullanma-sucunun-hukuki-boyutlari\/#respond"]}]},{"@type":"WebPage","@id":"https:\/\/denizcankizil.tr\/ru\/koseyazilari\/degerlendirme\/guveni-kotuye-kullanma-sucunun-hukuki-boyutlari\/","url":"https:\/\/denizcankizil.tr\/ru\/koseyazilari\/degerlendirme\/guveni-kotuye-kullanma-sucunun-hukuki-boyutlari\/","name":"G\u00fcveni K\u00f6t\u00fcye Kullanma Su\u00e7unun Hukuki Boyutlar\u0131 - Av. Deniz Can K\u0131z\u0131l","isPartOf":{"@id":"https:\/\/denizcankizil.tr\/de\/#website"},"primaryImageOfPage":{"@id":"https:\/\/denizcankizil.tr\/ru\/koseyazilari\/degerlendirme\/guveni-kotuye-kullanma-sucunun-hukuki-boyutlari\/#primaryimage"},"image":{"@id":"https:\/\/denizcankizil.tr\/ru\/koseyazilari\/degerlendirme\/guveni-kotuye-kullanma-sucunun-hukuki-boyutlari\/#primaryimage"},"thumbnailUrl":"https:\/\/denizcankizil.tr\/wp-content\/uploads\/2025\/02\/30389-guveni-kotuye-kullanma-sucunun-hukuki-boyutlari.jpg","datePublished":"2025-02-05T11:56:37+00:00","breadcrumb":{"@id":"https:\/\/denizcankizil.tr\/ru\/koseyazilari\/degerlendirme\/guveni-kotuye-kullanma-sucunun-hukuki-boyutlari\/#breadcrumb"},"inLanguage":"uk","potentialAction":[{"@type":"ReadAction","target":["https:\/\/denizcankizil.tr\/ru\/koseyazilari\/degerlendirme\/guveni-kotuye-kullanma-sucunun-hukuki-boyutlari\/"]}]},{"@type":"ImageObject","inLanguage":"uk","@id":"https:\/\/denizcankizil.tr\/ru\/koseyazilari\/degerlendirme\/guveni-kotuye-kullanma-sucunun-hukuki-boyutlari\/#primaryimage","url":"https:\/\/denizcankizil.tr\/wp-content\/uploads\/2025\/02\/30389-guveni-kotuye-kullanma-sucunun-hukuki-boyutlari.jpg","contentUrl":"https:\/\/denizcankizil.tr\/wp-content\/uploads\/2025\/02\/30389-guveni-kotuye-kullanma-sucunun-hukuki-boyutlari.jpg","width":800,"height":800,"caption":"G\u00fcveni K\u00f6t\u00fcye Kullanma Su\u00e7unun Hukuki Boyutlar\u0131"},{"@type":"BreadcrumbList","@id":"https:\/\/denizcankizil.tr\/ru\/koseyazilari\/degerlendirme\/guveni-kotuye-kullanma-sucunun-hukuki-boyutlari\/#breadcrumb","itemListElement":[{"@type":"ListItem","position":1,"name":"Home","item":"https:\/\/denizcankizil.tr\/de\/"},{"@type":"ListItem","position":2,"name":"G\u00fcveni K\u00f6t\u00fcye Kullanma Su\u00e7unun Hukuki Boyutlar\u0131"}]},{"@type":"WebSite","@id":"https:\/\/denizcankizil.tr\/de\/#website","url":"https:\/\/denizcankizil.tr\/de\/","name":"Av. Deniz Can K\u0131z\u0131l","description":"Avukat Deniz Can K\u0131z\u0131l Antalya Barosu","publisher":{"@id":"https:\/\/denizcankizil.tr\/de\/#organization"},"potentialAction":[{"@type":"SearchAction","target":{"@type":"EntryPoint","urlTemplate":"https:\/\/denizcankizil.tr\/de\/?s={search_term_string}"},"query-input":{"@type":"PropertyValueSpecification","valueRequired":true,"valueName":"search_term_string"}}],"inLanguage":"uk"},{"@type":"Organization","@id":"https:\/\/denizcankizil.tr\/de\/#organization","name":"Av. Deniz Can K\u0131z\u0131l","url":"https:\/\/denizcankizil.tr\/de\/","logo":{"@type":"ImageObject","inLanguage":"uk","@id":"https:\/\/denizcankizil.tr\/de\/#\/schema\/logo\/image\/","url":"https:\/\/denizcankizil.tr\/wp-content\/uploads\/2024\/10\/siyah-logo-svg.svg","contentUrl":"https:\/\/denizcankizil.tr\/wp-content\/uploads\/2024\/10\/siyah-logo-svg.svg","width":1080,"height":1080,"caption":"Av. Deniz Can K\u0131z\u0131l"},"image":{"@id":"https:\/\/denizcankizil.tr\/de\/#\/schema\/logo\/image\/"}},{"@type":"Person","@id":"https:\/\/denizcankizil.tr\/de\/#\/schema\/person\/5dc1b22991bd7ac833867c10afc9b0ff","name":"Av. Deniz Can K\u0131z\u0131l","image":{"@type":"ImageObject","inLanguage":"uk","@id":"https:\/\/denizcankizil.tr\/de\/#\/schema\/person\/image\/","url":"https:\/\/secure.gravatar.com\/avatar\/a0b128fb9855c79efc976d5640eedb31dc35ec297594d6016d2cf7c60e975bb6?s=96&d=mm&r=g","contentUrl":"https:\/\/secure.gravatar.com\/avatar\/a0b128fb9855c79efc976d5640eedb31dc35ec297594d6016d2cf7c60e975bb6?s=96&d=mm&r=g","caption":"Av. Deniz Can K\u0131z\u0131l"},"sameAs":["http:\/\/www.denizcankizil.tr"],"url":"https:\/\/denizcankizil.tr\/uk\/author\/denizcankizil\/"}]}},"_links":{"self":[{"href":"https:\/\/denizcankizil.tr\/uk\/wp-json\/wp\/v2\/posts\/30389","targetHints":{"allow":["GET"]}}],"collection":[{"href":"https:\/\/denizcankizil.tr\/uk\/wp-json\/wp\/v2\/posts"}],"about":[{"href":"https:\/\/denizcankizil.tr\/uk\/wp-json\/wp\/v2\/types\/post"}],"author":[{"embeddable":true,"href":"https:\/\/denizcankizil.tr\/uk\/wp-json\/wp\/v2\/users\/4"}],"replies":[{"embeddable":true,"href":"https:\/\/denizcankizil.tr\/uk\/wp-json\/wp\/v2\/comments?post=30389"}],"version-history":[{"count":0,"href":"https:\/\/denizcankizil.tr\/uk\/wp-json\/wp\/v2\/posts\/30389\/revisions"}],"wp:featuredmedia":[{"embeddable":true,"href":"https:\/\/denizcankizil.tr\/uk\/wp-json\/wp\/v2\/media\/30390"}],"wp:attachment":[{"href":"https:\/\/denizcankizil.tr\/uk\/wp-json\/wp\/v2\/media?parent=30389"}],"wp:term":[{"taxonomy":"category","embeddable":true,"href":"https:\/\/denizcankizil.tr\/uk\/wp-json\/wp\/v2\/categories?post=30389"},{"taxonomy":"post_tag","embeddable":true,"href":"https:\/\/denizcankizil.tr\/uk\/wp-json\/wp\/v2\/tags?post=30389"}],"curies":[{"name":"wp","href":"https:\/\/api.w.org\/{rel}","templated":true}]}}