{"id":30310,"date":"2025-02-05T10:41:58","date_gmt":"2025-02-05T07:41:58","guid":{"rendered":"https:\/\/denizcankizil.tr\/uncategorized-tr\/deprem-sehitlerinin-ruhuna-doner-ikrami\/"},"modified":"2025-02-05T10:41:58","modified_gmt":"2025-02-05T07:41:58","slug":"deprem-sehitlerinin-ruhuna-doner-ikrami","status":"publish","type":"post","link":"https:\/\/denizcankizil.tr\/uk\/haberler\/gundem\/deprem-sehitlerinin-ruhuna-doner-ikrami\/","title":{"rendered":"Deprem \u015eehitlerinin Ruhuna D\u00f6ner ikram\u0131&#8230;"},"content":{"rendered":"<p>Asr\u0131n felaketinin yaralar\u0131n\u0131 sarmaya \u00e7al\u0131\u015fan Hatay halk\u0131na moral vermek amac\u0131yla, D\u00f6ner Box, depremde hayat\u0131n\u0131 kaybedenlerin ruhuna ithafen, t\u00fcm g\u00fcn boyunca \u00fccretsiz tavuk d\u00f6ner ve ayran ikram\u0131 yapacak. Bu anlaml\u0131 g\u00fcn i\u00e7in haz\u0131rlanan ilanla, \u201cUnutma, unutturma Hatay\u201d \u00e7a\u011fr\u0131s\u0131 yapan restoran, b\u00f6lge halk\u0131n\u0131 bir araya getirmeye ve bu zor d\u00f6nemde dayan\u0131\u015fma ruhunu peki\u015ftirmeye \u00e7a\u011f\u0131rd\u0131.<\/p>\n<p>D\u00f6ner Box, 6 \u015eubat\u2019ta restoran\u0131nda t\u00fcm g\u00fcn boyunca tavuk d\u00f6ner ve ayran ikram\u0131n\u0131n olaca\u011f\u0131n\u0131 duyurdu. Restoran, bu etkinlik ile sadece kay\u0131plar\u0131n\u0131 anmakla kalmay\u0131p, b\u00f6lge halk\u0131n\u0131n da bir araya gelerek birlik ve beraberlik i\u00e7inde bu zor d\u00f6nemi atlatmalar\u0131na katk\u0131 sa\u011flamay\u0131 hedefliyor.<\/p>\n<p>Etkinlik hakk\u0131nda yap\u0131lan a\u00e7\u0131klamada, \u201cAsr\u0131n felaketinin ikinci y\u0131l d\u00f6n\u00fcm\u00fcnde, 6 \u015eubat\u2019ta \u00f6lm\u00fc\u015flerimizin ruhuna ithafen restoran\u0131m\u0131zda t\u00fcm g\u00fcn boyunca \u00fccretsiz tavuk d\u00f6ner ve ayran ikram\u0131m\u0131z olacakt\u0131r. Unutma, unutturma Hatay\u201d ifadelerine yer verildi.<\/p>\n<p>PAKET SERV\u0130S VE ONL\u0130NE S\u0130PAR\u0130\u015eLER DUYURUSU<\/p>\n<p>D\u00f6ner Box, ayn\u0131 zamanda 6 \u015eubat tarihinde paket servisinin ve online sipari\u015flerinin kapal\u0131 olaca\u011f\u0131n\u0131 a\u00e7\u0131klad\u0131. Restoran, bu g\u00fcn\u00fcn, kay\u0131plar\u0131 anmak ve sayg\u0131 g\u00f6stermek ad\u0131na sadece fiziki \u015fubede hizmet verece\u011fini belirtti. Bu \u00f6zel g\u00fcn\u00fcn hat\u0131rlanmas\u0131 ve halk\u0131n bir araya gelmesi ad\u0131na yap\u0131lan bu duyuru, toplumun dayan\u0131\u015fma g\u00fcc\u00fcn\u00fc art\u0131rmay\u0131 ama\u00e7l\u0131yor.<\/p>\n<p>HATAY\u2019IN MARKASI OLMA YOLU<\/p>\n<p>\u0130ki bu\u00e7uk ay \u00f6nce Arsuz \u00c7evre yolu \u00fczerinde faaliyetlerine ba\u015flayan D\u00f6ner Box, b\u00f6lgedeki halk\u0131n ilgisini \u00e7ekerken ayn\u0131 zamanda Hatay\u2019\u0131n gastronomi d\u00fcnyas\u0131nda kendine sa\u011flam bir yer edinmeyi hedefliyor. Hatay\u2019\u0131n yerel de\u011ferlerine sahip \u00e7\u0131kmak ve b\u00f6lgeye katk\u0131 sa\u011flamak amac\u0131yla yola \u00e7\u0131kan D\u00f6ner Box, bu \u00f6zel etkinlikle de topluma olan ba\u011fl\u0131l\u0131\u011f\u0131n\u0131 bir kez daha vurgulam\u0131\u015f oluyor.<\/p>\n<p>\u200b\u0130ki y\u0131l \u00f6nce 11 ili derinden etkileyen ve b\u00fcy\u00fck felakete yol a\u00e7an 6 \u015eubat Depreminin ikinci y\u0131l d\u00f6n\u00fcm\u00fcnde, Hatay\u2019daki D\u00f6ner Box, b\u00f6lgedeki kay\u0131plar\u0131n\u0131 anmak ve depremde vefat edenlerin ruhuna dualar g\u00f6ndermek i\u00e7in anlaml\u0131 bir etkinlik d\u00fczenleyecek.\u00a0<\/p>\n<p>\u200bHaberin Al\u0131nt\u0131land\u0131\u011f\u0131 Kaynak: www.iskenderun.org<\/p>","protected":false},"excerpt":{"rendered":"<p>Asr\u0131n felaketinin yaralar\u0131n\u0131 sarmaya \u00e7al\u0131\u015fan Hatay halk\u0131na moral vermek amac\u0131yla, D\u00f6ner Box, depremde hayat\u0131n\u0131 kaybedenlerin ruhuna ithafen, t\u00fcm g\u00fcn boyunca \u00fccretsiz tavuk d\u00f6ner ve ayran ikram\u0131 yapacak. Bu anlaml\u0131 g\u00fcn i\u00e7in haz\u0131rlanan ilanla, \u201cUnutma, unutturma Hatay\u201d \u00e7a\u011fr\u0131s\u0131 yapan restoran, b\u00f6lge halk\u0131n\u0131 bir araya getirmeye ve bu zor d\u00f6nemde dayan\u0131\u015fma ruhunu peki\u015ftirmeye \u00e7a\u011f\u0131rd\u0131. D\u00f6ner Box, 6 \u015eubat\u2019ta restoran\u0131nda t\u00fcm g\u00fcn boyunca tavuk d\u00f6ner ve ayran ikram\u0131n\u0131n olaca\u011f\u0131n\u0131 duyurdu. Restoran, bu etkinlik ile sadece kay\u0131plar\u0131n\u0131 anmakla kalmay\u0131p, b\u00f6lge halk\u0131n\u0131n da bir araya gelerek birlik ve beraberlik i\u00e7inde bu zor d\u00f6nemi atlatmalar\u0131na katk\u0131 sa\u011flamay\u0131 hedefliyor. Etkinlik hakk\u0131nda yap\u0131lan a\u00e7\u0131klamada, \u201cAsr\u0131n felaketinin ikinci y\u0131l d\u00f6n\u00fcm\u00fcnde, 6 \u015eubat\u2019ta \u00f6lm\u00fc\u015flerimizin ruhuna ithafen restoran\u0131m\u0131zda t\u00fcm g\u00fcn boyunca \u00fccretsiz tavuk d\u00f6ner ve ayran ikram\u0131m\u0131z olacakt\u0131r. Unutma, unutturma Hatay\u201d ifadelerine yer verildi. PAKET SERV\u0130S VE ONL\u0130NE S\u0130PAR\u0130\u015eLER DUYURUSU D\u00f6ner Box, ayn\u0131 zamanda 6 \u015eubat tarihinde paket servisinin ve online sipari\u015flerinin kapal\u0131 olaca\u011f\u0131n\u0131 a\u00e7\u0131klad\u0131. Restoran, bu g\u00fcn\u00fcn, kay\u0131plar\u0131 anmak ve sayg\u0131 g\u00f6stermek ad\u0131na sadece fiziki \u015fubede hizmet verece\u011fini belirtti. Bu \u00f6zel g\u00fcn\u00fcn hat\u0131rlanmas\u0131 ve halk\u0131n bir araya gelmesi ad\u0131na yap\u0131lan bu duyuru, toplumun dayan\u0131\u015fma g\u00fcc\u00fcn\u00fc art\u0131rmay\u0131 ama\u00e7l\u0131yor. HATAY\u2019IN MARKASI OLMA YOLU \u0130ki bu\u00e7uk ay \u00f6nce Arsuz \u00c7evre yolu \u00fczerinde faaliyetlerine ba\u015flayan D\u00f6ner Box, b\u00f6lgedeki halk\u0131n ilgisini \u00e7ekerken ayn\u0131 zamanda Hatay\u2019\u0131n &hellip;<\/p>","protected":false},"author":1,"featured_media":0,"comment_status":"open","ping_status":"open","sticky":false,"template":"","format":"standard","meta":{"_acf_changed":false,"footnotes":""},"categories":[24],"tags":[],"class_list":["post-30310","post","type-post","status-publish","format-standard","has-post-thumbnail","hentry","category-gundem"],"acf":[],"yoast_head":"<!-- This site is optimized with the Yoast SEO Premium plugin v26.6 (Yoast SEO v27.1.1) - https:\/\/yoast.com\/product\/yoast-seo-premium-wordpress\/ -->\n<title>Deprem \u015eehitlerinin Ruhuna D\u00f6ner ikram\u0131... - Av. Deniz Can K\u0131z\u0131l<\/title>\n<meta name=\"robots\" content=\"index, follow, max-snippet:-1, max-image-preview:large, max-video-preview:-1\" \/>\n<link rel=\"canonical\" href=\"https:\/\/denizcankizil.tr\/uk\/haberler\/gundem\/deprem-sehitlerinin-ruhuna-doner-ikrami\/\" \/>\n<meta property=\"og:locale\" content=\"uk_UA\" \/>\n<meta property=\"og:type\" content=\"article\" \/>\n<meta property=\"og:title\" content=\"Deprem \u015eehitlerinin Ruhuna D\u00f6ner ikram\u0131...\" \/>\n<meta property=\"og:description\" content=\"Asr\u0131n felaketinin yaralar\u0131n\u0131 sarmaya \u00e7al\u0131\u015fan Hatay halk\u0131na moral vermek amac\u0131yla, D\u00f6ner Box, depremde hayat\u0131n\u0131 kaybedenlerin ruhuna ithafen, t\u00fcm g\u00fcn boyunca \u00fccretsiz tavuk d\u00f6ner ve ayran ikram\u0131 yapacak. Bu anlaml\u0131 g\u00fcn i\u00e7in haz\u0131rlanan ilanla, \u201cUnutma, unutturma Hatay\u201d \u00e7a\u011fr\u0131s\u0131 yapan restoran, b\u00f6lge halk\u0131n\u0131 bir araya getirmeye ve bu zor d\u00f6nemde dayan\u0131\u015fma ruhunu peki\u015ftirmeye \u00e7a\u011f\u0131rd\u0131. D\u00f6ner Box, 6 \u015eubat\u2019ta restoran\u0131nda t\u00fcm g\u00fcn boyunca tavuk d\u00f6ner ve ayran ikram\u0131n\u0131n olaca\u011f\u0131n\u0131 duyurdu. Restoran, bu etkinlik ile sadece kay\u0131plar\u0131n\u0131 anmakla kalmay\u0131p, b\u00f6lge halk\u0131n\u0131n da bir araya gelerek birlik ve beraberlik i\u00e7inde bu zor d\u00f6nemi atlatmalar\u0131na katk\u0131 sa\u011flamay\u0131 hedefliyor. Etkinlik hakk\u0131nda yap\u0131lan a\u00e7\u0131klamada, \u201cAsr\u0131n felaketinin ikinci y\u0131l d\u00f6n\u00fcm\u00fcnde, 6 \u015eubat\u2019ta \u00f6lm\u00fc\u015flerimizin ruhuna ithafen restoran\u0131m\u0131zda t\u00fcm g\u00fcn boyunca \u00fccretsiz tavuk d\u00f6ner ve ayran ikram\u0131m\u0131z olacakt\u0131r. Unutma, unutturma Hatay\u201d ifadelerine yer verildi. PAKET SERV\u0130S VE ONL\u0130NE S\u0130PAR\u0130\u015eLER DUYURUSU D\u00f6ner Box, ayn\u0131 zamanda 6 \u015eubat tarihinde paket servisinin ve online sipari\u015flerinin kapal\u0131 olaca\u011f\u0131n\u0131 a\u00e7\u0131klad\u0131. Restoran, bu g\u00fcn\u00fcn, kay\u0131plar\u0131 anmak ve sayg\u0131 g\u00f6stermek ad\u0131na sadece fiziki \u015fubede hizmet verece\u011fini belirtti. Bu \u00f6zel g\u00fcn\u00fcn hat\u0131rlanmas\u0131 ve halk\u0131n bir araya gelmesi ad\u0131na yap\u0131lan bu duyuru, toplumun dayan\u0131\u015fma g\u00fcc\u00fcn\u00fc art\u0131rmay\u0131 ama\u00e7l\u0131yor. HATAY\u2019IN MARKASI OLMA YOLU \u0130ki bu\u00e7uk ay \u00f6nce Arsuz \u00c7evre yolu \u00fczerinde faaliyetlerine ba\u015flayan D\u00f6ner Box, b\u00f6lgedeki halk\u0131n ilgisini \u00e7ekerken ayn\u0131 zamanda Hatay\u2019\u0131n &hellip;\" \/>\n<meta property=\"og:url\" content=\"https:\/\/denizcankizil.tr\/uk\/haberler\/gundem\/deprem-sehitlerinin-ruhuna-doner-ikrami\/\" \/>\n<meta property=\"og:site_name\" content=\"Av. Deniz Can K\u0131z\u0131l\" \/>\n<meta property=\"article:published_time\" content=\"2025-02-05T07:41:58+00:00\" \/>\n<meta name=\"author\" content=\"admin\" \/>\n<meta name=\"twitter:card\" content=\"summary_large_image\" \/>\n<meta name=\"twitter:label1\" content=\"\u041d\u0430\u043f\u0438\u0441\u0430\u043d\u043e\" \/>\n\t<meta name=\"twitter:data1\" content=\"admin\" \/>\n\t<meta name=\"twitter:label2\" content=\"\u041f\u0440\u0438\u0431\u043b. \u0447\u0430\u0441 \u0447\u0438\u0442\u0430\u043d\u043d\u044f\" \/>\n\t<meta name=\"twitter:data2\" content=\"2 \u0445\u0432\u0438\u043b\u0438\u043d\u0438\" \/>\n<script type=\"application\/ld+json\" class=\"yoast-schema-graph\">{\"@context\":\"https:\/\/schema.org\",\"@graph\":[{\"@type\":\"Article\",\"@id\":\"https:\/\/denizcankizil.tr\/uk\/haberler\/gundem\/deprem-sehitlerinin-ruhuna-doner-ikrami\/#article\",\"isPartOf\":{\"@id\":\"https:\/\/denizcankizil.tr\/uk\/haberler\/gundem\/deprem-sehitlerinin-ruhuna-doner-ikrami\/\"},\"author\":{\"name\":\"admin\",\"@id\":\"https:\/\/denizcankizil.tr\/#\/schema\/person\/be3c05fe6a12686905512445d8185489\"},\"headline\":\"Deprem \u015eehitlerinin Ruhuna D\u00f6ner ikram\u0131&#8230;\",\"datePublished\":\"2025-02-05T07:41:58+00:00\",\"mainEntityOfPage\":{\"@id\":\"https:\/\/denizcankizil.tr\/uk\/haberler\/gundem\/deprem-sehitlerinin-ruhuna-doner-ikrami\/\"},\"wordCount\":398,\"commentCount\":0,\"publisher\":{\"@id\":\"https:\/\/denizcankizil.tr\/#organization\"},\"articleSection\":[\"G\u00fcndem\"],\"inLanguage\":\"uk\",\"potentialAction\":[{\"@type\":\"CommentAction\",\"name\":\"Comment\",\"target\":[\"https:\/\/denizcankizil.tr\/uk\/haberler\/gundem\/deprem-sehitlerinin-ruhuna-doner-ikrami\/#respond\"]}]},{\"@type\":\"WebPage\",\"@id\":\"https:\/\/denizcankizil.tr\/uk\/haberler\/gundem\/deprem-sehitlerinin-ruhuna-doner-ikrami\/\",\"url\":\"https:\/\/denizcankizil.tr\/uk\/haberler\/gundem\/deprem-sehitlerinin-ruhuna-doner-ikrami\/\",\"name\":\"Deprem \u015eehitlerinin Ruhuna D\u00f6ner ikram\u0131... - Av. Deniz Can K\u0131z\u0131l\",\"isPartOf\":{\"@id\":\"https:\/\/denizcankizil.tr\/#website\"},\"datePublished\":\"2025-02-05T07:41:58+00:00\",\"breadcrumb\":{\"@id\":\"https:\/\/denizcankizil.tr\/uk\/haberler\/gundem\/deprem-sehitlerinin-ruhuna-doner-ikrami\/#breadcrumb\"},\"inLanguage\":\"uk\",\"potentialAction\":[{\"@type\":\"ReadAction\",\"target\":[\"https:\/\/denizcankizil.tr\/uk\/haberler\/gundem\/deprem-sehitlerinin-ruhuna-doner-ikrami\/\"]}]},{\"@type\":\"BreadcrumbList\",\"@id\":\"https:\/\/denizcankizil.tr\/uk\/haberler\/gundem\/deprem-sehitlerinin-ruhuna-doner-ikrami\/#breadcrumb\",\"itemListElement\":[{\"@type\":\"ListItem\",\"position\":1,\"name\":\"Home\",\"item\":\"https:\/\/denizcankizil.tr\/de\/\"},{\"@type\":\"ListItem\",\"position\":2,\"name\":\"Deprem \u015eehitlerinin Ruhuna D\u00f6ner ikram\u0131&#8230;\"}]},{\"@type\":\"WebSite\",\"@id\":\"https:\/\/denizcankizil.tr\/#website\",\"url\":\"https:\/\/denizcankizil.tr\/\",\"name\":\"Av. Deniz Can K\u0131z\u0131l\",\"description\":\"Avukat Deniz Can K\u0131z\u0131l Antalya Barosu\",\"publisher\":{\"@id\":\"https:\/\/denizcankizil.tr\/#organization\"},\"potentialAction\":[{\"@type\":\"SearchAction\",\"target\":{\"@type\":\"EntryPoint\",\"urlTemplate\":\"https:\/\/denizcankizil.tr\/?s={search_term_string}\"},\"query-input\":{\"@type\":\"PropertyValueSpecification\",\"valueRequired\":true,\"valueName\":\"search_term_string\"}}],\"inLanguage\":\"uk\"},{\"@type\":\"Organization\",\"@id\":\"https:\/\/denizcankizil.tr\/#organization\",\"name\":\"Av. Deniz Can K\u0131z\u0131l\",\"url\":\"https:\/\/denizcankizil.tr\/\",\"logo\":{\"@type\":\"ImageObject\",\"inLanguage\":\"uk\",\"@id\":\"https:\/\/denizcankizil.tr\/#\/schema\/logo\/image\/\",\"url\":\"https:\/\/denizcankizil.tr\/wp-content\/uploads\/2024\/10\/siyah-logo-svg.svg\",\"contentUrl\":\"https:\/\/denizcankizil.tr\/wp-content\/uploads\/2024\/10\/siyah-logo-svg.svg\",\"width\":1080,\"height\":1080,\"caption\":\"Av. Deniz Can K\u0131z\u0131l\"},\"image\":{\"@id\":\"https:\/\/denizcankizil.tr\/#\/schema\/logo\/image\/\"}},{\"@type\":\"Person\",\"@id\":\"https:\/\/denizcankizil.tr\/#\/schema\/person\/be3c05fe6a12686905512445d8185489\",\"name\":\"admin\",\"image\":{\"@type\":\"ImageObject\",\"inLanguage\":\"uk\",\"@id\":\"https:\/\/denizcankizil.tr\/#\/schema\/person\/image\/\",\"url\":\"https:\/\/secure.gravatar.com\/avatar\/c1fce94c830dc79107e174f890d7210541c4a63e8e5d816341794a2151c9d58c?s=96&d=mm&r=g\",\"contentUrl\":\"https:\/\/secure.gravatar.com\/avatar\/c1fce94c830dc79107e174f890d7210541c4a63e8e5d816341794a2151c9d58c?s=96&d=mm&r=g\",\"caption\":\"admin\"},\"sameAs\":[\"http:\/\/denizcankizil.tr\"],\"url\":\"https:\/\/www.iskenderun.org\/deprem-sehitlerinin-ruhuna-doner-ikrami\"}]}<\/script>\n<!-- \/ Yoast SEO Premium plugin. -->","yoast_head_json":{"title":"Deprem \u015eehitlerinin Ruhuna D\u00f6ner ikram\u0131... - Av. Deniz Can K\u0131z\u0131l","robots":{"index":"index","follow":"follow","max-snippet":"max-snippet:-1","max-image-preview":"max-image-preview:large","max-video-preview":"max-video-preview:-1"},"canonical":"https:\/\/denizcankizil.tr\/uk\/haberler\/gundem\/deprem-sehitlerinin-ruhuna-doner-ikrami\/","og_locale":"uk_UA","og_type":"article","og_title":"Deprem \u015eehitlerinin Ruhuna D\u00f6ner ikram\u0131...","og_description":"Asr\u0131n felaketinin yaralar\u0131n\u0131 sarmaya \u00e7al\u0131\u015fan Hatay halk\u0131na moral vermek amac\u0131yla, D\u00f6ner Box, depremde hayat\u0131n\u0131 kaybedenlerin ruhuna ithafen, t\u00fcm g\u00fcn boyunca \u00fccretsiz tavuk d\u00f6ner ve ayran ikram\u0131 yapacak. Bu anlaml\u0131 g\u00fcn i\u00e7in haz\u0131rlanan ilanla, \u201cUnutma, unutturma Hatay\u201d \u00e7a\u011fr\u0131s\u0131 yapan restoran, b\u00f6lge halk\u0131n\u0131 bir araya getirmeye ve bu zor d\u00f6nemde dayan\u0131\u015fma ruhunu peki\u015ftirmeye \u00e7a\u011f\u0131rd\u0131. D\u00f6ner Box, 6 \u015eubat\u2019ta restoran\u0131nda t\u00fcm g\u00fcn boyunca tavuk d\u00f6ner ve ayran ikram\u0131n\u0131n olaca\u011f\u0131n\u0131 duyurdu. Restoran, bu etkinlik ile sadece kay\u0131plar\u0131n\u0131 anmakla kalmay\u0131p, b\u00f6lge halk\u0131n\u0131n da bir araya gelerek birlik ve beraberlik i\u00e7inde bu zor d\u00f6nemi atlatmalar\u0131na katk\u0131 sa\u011flamay\u0131 hedefliyor. Etkinlik hakk\u0131nda yap\u0131lan a\u00e7\u0131klamada, \u201cAsr\u0131n felaketinin ikinci y\u0131l d\u00f6n\u00fcm\u00fcnde, 6 \u015eubat\u2019ta \u00f6lm\u00fc\u015flerimizin ruhuna ithafen restoran\u0131m\u0131zda t\u00fcm g\u00fcn boyunca \u00fccretsiz tavuk d\u00f6ner ve ayran ikram\u0131m\u0131z olacakt\u0131r. Unutma, unutturma Hatay\u201d ifadelerine yer verildi. PAKET SERV\u0130S VE ONL\u0130NE S\u0130PAR\u0130\u015eLER DUYURUSU D\u00f6ner Box, ayn\u0131 zamanda 6 \u015eubat tarihinde paket servisinin ve online sipari\u015flerinin kapal\u0131 olaca\u011f\u0131n\u0131 a\u00e7\u0131klad\u0131. Restoran, bu g\u00fcn\u00fcn, kay\u0131plar\u0131 anmak ve sayg\u0131 g\u00f6stermek ad\u0131na sadece fiziki \u015fubede hizmet verece\u011fini belirtti. Bu \u00f6zel g\u00fcn\u00fcn hat\u0131rlanmas\u0131 ve halk\u0131n bir araya gelmesi ad\u0131na yap\u0131lan bu duyuru, toplumun dayan\u0131\u015fma g\u00fcc\u00fcn\u00fc art\u0131rmay\u0131 ama\u00e7l\u0131yor. HATAY\u2019IN MARKASI OLMA YOLU \u0130ki bu\u00e7uk ay \u00f6nce Arsuz \u00c7evre yolu \u00fczerinde faaliyetlerine ba\u015flayan D\u00f6ner Box, b\u00f6lgedeki halk\u0131n ilgisini \u00e7ekerken ayn\u0131 zamanda Hatay\u2019\u0131n &hellip;","og_url":"https:\/\/denizcankizil.tr\/uk\/haberler\/gundem\/deprem-sehitlerinin-ruhuna-doner-ikrami\/","og_site_name":"Av. Deniz Can K\u0131z\u0131l","article_published_time":"2025-02-05T07:41:58+00:00","author":"admin","twitter_card":"summary_large_image","twitter_misc":{"\u041d\u0430\u043f\u0438\u0441\u0430\u043d\u043e":"admin","\u041f\u0440\u0438\u0431\u043b. \u0447\u0430\u0441 \u0447\u0438\u0442\u0430\u043d\u043d\u044f":"2 \u0445\u0432\u0438\u043b\u0438\u043d\u0438"},"schema":{"@context":"https:\/\/schema.org","@graph":[{"@type":"Article","@id":"https:\/\/denizcankizil.tr\/uk\/haberler\/gundem\/deprem-sehitlerinin-ruhuna-doner-ikrami\/#article","isPartOf":{"@id":"https:\/\/denizcankizil.tr\/uk\/haberler\/gundem\/deprem-sehitlerinin-ruhuna-doner-ikrami\/"},"author":{"name":"admin","@id":"https:\/\/denizcankizil.tr\/#\/schema\/person\/be3c05fe6a12686905512445d8185489"},"headline":"Deprem \u015eehitlerinin Ruhuna D\u00f6ner ikram\u0131&#8230;","datePublished":"2025-02-05T07:41:58+00:00","mainEntityOfPage":{"@id":"https:\/\/denizcankizil.tr\/uk\/haberler\/gundem\/deprem-sehitlerinin-ruhuna-doner-ikrami\/"},"wordCount":398,"commentCount":0,"publisher":{"@id":"https:\/\/denizcankizil.tr\/#organization"},"articleSection":["G\u00fcndem"],"inLanguage":"uk","potentialAction":[{"@type":"CommentAction","name":"Comment","target":["https:\/\/denizcankizil.tr\/uk\/haberler\/gundem\/deprem-sehitlerinin-ruhuna-doner-ikrami\/#respond"]}]},{"@type":"WebPage","@id":"https:\/\/denizcankizil.tr\/uk\/haberler\/gundem\/deprem-sehitlerinin-ruhuna-doner-ikrami\/","url":"https:\/\/denizcankizil.tr\/uk\/haberler\/gundem\/deprem-sehitlerinin-ruhuna-doner-ikrami\/","name":"Deprem \u015eehitlerinin Ruhuna D\u00f6ner ikram\u0131... - Av. Deniz Can K\u0131z\u0131l","isPartOf":{"@id":"https:\/\/denizcankizil.tr\/#website"},"datePublished":"2025-02-05T07:41:58+00:00","breadcrumb":{"@id":"https:\/\/denizcankizil.tr\/uk\/haberler\/gundem\/deprem-sehitlerinin-ruhuna-doner-ikrami\/#breadcrumb"},"inLanguage":"uk","potentialAction":[{"@type":"ReadAction","target":["https:\/\/denizcankizil.tr\/uk\/haberler\/gundem\/deprem-sehitlerinin-ruhuna-doner-ikrami\/"]}]},{"@type":"BreadcrumbList","@id":"https:\/\/denizcankizil.tr\/uk\/haberler\/gundem\/deprem-sehitlerinin-ruhuna-doner-ikrami\/#breadcrumb","itemListElement":[{"@type":"ListItem","position":1,"name":"Home","item":"https:\/\/denizcankizil.tr\/de\/"},{"@type":"ListItem","position":2,"name":"Deprem \u015eehitlerinin Ruhuna D\u00f6ner ikram\u0131&#8230;"}]},{"@type":"WebSite","@id":"https:\/\/denizcankizil.tr\/#website","url":"https:\/\/denizcankizil.tr\/","name":"Av. Deniz Can K\u0131z\u0131l","description":"Avukat Deniz Can K\u0131z\u0131l Antalya Barosu","publisher":{"@id":"https:\/\/denizcankizil.tr\/#organization"},"potentialAction":[{"@type":"SearchAction","target":{"@type":"EntryPoint","urlTemplate":"https:\/\/denizcankizil.tr\/?s={search_term_string}"},"query-input":{"@type":"PropertyValueSpecification","valueRequired":true,"valueName":"search_term_string"}}],"inLanguage":"uk"},{"@type":"Organization","@id":"https:\/\/denizcankizil.tr\/#organization","name":"Av. Deniz Can K\u0131z\u0131l","url":"https:\/\/denizcankizil.tr\/","logo":{"@type":"ImageObject","inLanguage":"uk","@id":"https:\/\/denizcankizil.tr\/#\/schema\/logo\/image\/","url":"https:\/\/denizcankizil.tr\/wp-content\/uploads\/2024\/10\/siyah-logo-svg.svg","contentUrl":"https:\/\/denizcankizil.tr\/wp-content\/uploads\/2024\/10\/siyah-logo-svg.svg","width":1080,"height":1080,"caption":"Av. Deniz Can K\u0131z\u0131l"},"image":{"@id":"https:\/\/denizcankizil.tr\/#\/schema\/logo\/image\/"}},{"@type":"Person","@id":"https:\/\/denizcankizil.tr\/#\/schema\/person\/be3c05fe6a12686905512445d8185489","name":"\u0430\u0434\u043c\u0456\u043d","image":{"@type":"ImageObject","inLanguage":"uk","@id":"https:\/\/denizcankizil.tr\/#\/schema\/person\/image\/","url":"https:\/\/secure.gravatar.com\/avatar\/c1fce94c830dc79107e174f890d7210541c4a63e8e5d816341794a2151c9d58c?s=96&d=mm&r=g","contentUrl":"https:\/\/secure.gravatar.com\/avatar\/c1fce94c830dc79107e174f890d7210541c4a63e8e5d816341794a2151c9d58c?s=96&d=mm&r=g","caption":"admin"},"sameAs":["http:\/\/denizcankizil.tr"],"url":"https:\/\/www.iskenderun.org\/deprem-sehitlerinin-ruhuna-doner-ikrami"}]}},"_links":{"self":[{"href":"https:\/\/denizcankizil.tr\/uk\/wp-json\/wp\/v2\/posts\/30310","targetHints":{"allow":["GET"]}}],"collection":[{"href":"https:\/\/denizcankizil.tr\/uk\/wp-json\/wp\/v2\/posts"}],"about":[{"href":"https:\/\/denizcankizil.tr\/uk\/wp-json\/wp\/v2\/types\/post"}],"author":[{"embeddable":true,"href":"https:\/\/denizcankizil.tr\/uk\/wp-json\/wp\/v2\/users\/1"}],"replies":[{"embeddable":true,"href":"https:\/\/denizcankizil.tr\/uk\/wp-json\/wp\/v2\/comments?post=30310"}],"version-history":[{"count":0,"href":"https:\/\/denizcankizil.tr\/uk\/wp-json\/wp\/v2\/posts\/30310\/revisions"}],"wp:attachment":[{"href":"https:\/\/denizcankizil.tr\/uk\/wp-json\/wp\/v2\/media?parent=30310"}],"wp:term":[{"taxonomy":"category","embeddable":true,"href":"https:\/\/denizcankizil.tr\/uk\/wp-json\/wp\/v2\/categories?post=30310"},{"taxonomy":"post_tag","embeddable":true,"href":"https:\/\/denizcankizil.tr\/uk\/wp-json\/wp\/v2\/tags?post=30310"}],"curies":[{"name":"wp","href":"https:\/\/api.w.org\/{rel}","templated":true}]}}