{"id":30139,"date":"2025-02-04T17:41:40","date_gmt":"2025-02-04T14:41:40","guid":{"rendered":"https:\/\/denizcankizil.tr\/uncategorized-tr\/muglada-deprem-hazirligi-kriz-masasi-olusturuldu\/"},"modified":"2025-02-04T17:41:40","modified_gmt":"2025-02-04T14:41:40","slug":"muglada-deprem-hazirligi-kriz-masasi-olusturuldu","status":"publish","type":"post","link":"https:\/\/denizcankizil.tr\/uk\/haberler\/gundem\/muglada-deprem-hazirligi-kriz-masasi-olusturuldu\/","title":{"rendered":"Mu\u011fla&#8217;da deprem haz\u0131rl\u0131\u011f\u0131! Kriz masas\u0131 olu\u015fturuldu"},"content":{"rendered":"<p>Ege Denizi\u2019nde meydana gelen deprem f\u0131rt\u0131nas\u0131n\u0131n ard\u0131ndan, riskli iller aras\u0131nda yer alan Mu\u011fla\u2019da olas\u0131 tehditlere kar\u015f\u0131 \u00f6nlem almak amac\u0131yla Mu\u011fla B\u00fcy\u00fck\u015fehir Belediyesi taraf\u0131ndan kriz masas\u0131 olu\u015fturuldu.MU\u011eLA (\u0130GFA) &#8211;\u00a0Mu\u011fla B\u00fcy\u00fck\u015fehir Belediyesi \u00f6nc\u00fcl\u00fc\u011f\u00fcnde olu\u015fturulan kriz masas\u0131, AFAD ve 13 il\u00e7e belediyesi ve t\u00fcm ilgili kurumlarla koordineli bir \u015fekilde \u00e7al\u0131\u015farak olas\u0131 depremin etkilerini en aza indirmek i\u00e7in kapsaml\u0131 bir risk analizi ger\u00e7ekle\u015ftirecek. Bu \u00e7er\u00e7evede, b\u00f6lgedeki kritik noktalar belirlenerek acil m\u00fcdahale planlar\u0131 masaya yat\u0131r\u0131lacak.<\/p>\n<p>OLASI DEPREM R\u0130SK\u0130NE KAR\u015eI AC\u0130L TOPLANMA ALANLARI BEL\u0130RLEND\u0130<br \/>\nOlas\u0131 deprem felaketine kar\u015f\u0131 Mu\u011fla B\u00fcy\u00fck\u015fehir Belediyesi kent genelinde yetkili kurumlarla acil toplanma alanlar\u0131n\u0131 belirledi. Bu kapsamda 13 il\u00e7ede 617 acil toplanma alan\u0131 belirledi. Sahada fiziki uygunluk a\u00e7\u0131s\u0131ndan de\u011ferlendirilen b\u00f6lgelerde eksik tabelalar\u0131n yenilenmesi ve mevcut tabelalar\u0131n bak\u0131m\u0131 i\u00e7in \u00e7al\u0131\u015fmalar h\u0131z kazand\u0131.<br \/>\nMu\u011fla genelinde ki\u015fi ba\u015f\u0131na d\u00fc\u015fen acil toplanma alan\u0131 3,98 metrekare olarak belirlenirken olas\u0131 bir afet durumunda kullan\u0131lmak \u00fczere 37 ge\u00e7ici bar\u0131nma alan\u0131 olu\u015fturuldu. Kamp alanlar\u0131nda \u00e7ad\u0131r, battaniye, yast\u0131k, \u00e7ar\u015faf, bot ve k\u0131yafet gibi temel ya\u015fam malzemelerinin bulundu\u011fu d\u00f6rt adet konteyner haz\u0131r hale getirildi.<br \/>\nB\u00dcY\u00dcK\u015eEH\u0130R DEPREME KAR\u015eI HIZLI M\u00dcDAHALE \u0130\u00c7\u0130N T\u00dcM HAZIRLIKLARINI G\u00dc\u00c7LEND\u0130R\u0130YOR.<br \/>\nAfet durumlar\u0131nda olu\u015fabilecek ihtiya\u00e7lar\u0131n toplanarak afetzedelere ula\u015ft\u0131r\u0131lmas\u0131 amac\u0131yla Mu\u011fla genelinde 6 farkl\u0131 noktada yard\u0131m merkezleri olu\u015fturuldu. Bu merkezlerde toplanacak yard\u0131mlar\u0131n kay\u0131t alt\u0131na al\u0131nmas\u0131 ve etkin bir \u015fekilde da\u011f\u0131t\u0131lmas\u0131 i\u00e7in gerekli altyap\u0131 \u00e7al\u0131\u015fmalar\u0131 tamamland\u0131.<br \/>\nMu\u011fla B\u00fcy\u00fck\u015fehir Belediyesi, olas\u0131 bir depreme kar\u015f\u0131 bar\u0131nma \u00e7ad\u0131r\u0131, uyku tulumu, konteyner mutfak, \u0131s\u0131t\u0131c\u0131, ocak, yast\u0131k ve nevresim tak\u0131m\u0131 gibi temel ihtiya\u00e7 malzemelerini envanterine ekleyerek afet sonras\u0131 h\u0131zl\u0131 m\u00fcdahale kapasitesini art\u0131rd\u0131.<br \/>\nAyr\u0131ca, kriz anlar\u0131nda ileti\u015fim kesintilerinin \u00f6n\u00fcne ge\u00e7mek amac\u0131yla 14 uydu telefonu ve telsiz sistemikurulumu ger\u00e7ekle\u015ftirildi. B\u00f6ylece, afet s\u0131ras\u0131nda kesintisiz ve sa\u011fl\u0131kl\u0131 haberle\u015fme sa\u011flanarak koordinasyon s\u00fcre\u00e7lerinin aksat\u0131lmadan y\u00fcr\u00fct\u00fclmesi hedefleniyor.<\/p>\n<p>B\u00d6LGESEL \u0130\u015e B\u0130RL\u0130\u011e\u0130 \u0130\u00c7\u0130N KR\u0130T\u0130K TOPLANTI<br \/>\nK\u0131y\u0131 Ege Belediyeler Birli\u011fi ve Mu\u011fla B\u00fcy\u00fck\u015fehir Belediye Ba\u015fkan\u0131 Ahmet Aras,CHP Yerel Y\u00f6netimler ve Diren\u00e7li Kentlerden Sorumlu Genel Ba\u015fkan Yard\u0131mc\u0131s\u0131 G\u00f6kan Zeybek\u2019in koordinasyonunda\u0130zmir\u2019de d\u00fczenlenen olas\u0131 deprem risklerinin de\u011ferlendirildi\u011fi toplant\u0131ya kat\u0131ld\u0131.<br \/>\nToplant\u0131da \u0130zmir B\u00fcy\u00fck\u015fehir Belediye Ba\u015fkan\u0131 Cemil Tugay, Ayd\u0131n B\u00fcy\u00fck\u015fehir Belediye Ba\u015fkan\u0131 \u00d6zlem \u00c7er\u00e7io\u011flu, Manisa B\u00fcy\u00fck\u015fehir Belediye Ba\u015fkan\u0131 Ferdi Zeyrek ve Denizli B\u00fcy\u00fck\u015fehir Belediye Ba\u015fkan\u0131 B\u00fclent Nuri \u00c7avu\u015fo\u011flu ile birlikte, olas\u0131 deprem riskleri ve al\u0131nmas\u0131 gereken tedbirler de\u011ferlendirildi.<br \/>\nBA\u015eKAN ARAS: &#8220;DEPREME KAR\u015eI HAZIRLIKLI OLMALIYIZ&#8221;<br \/>\nBa\u015fkan Aras, depreme kar\u015f\u0131 al\u0131nacak \u00f6nlemlerin hayati \u00f6nem ta\u015f\u0131d\u0131\u011f\u0131n\u0131 belirterek \u015fu a\u00e7\u0131klamada bulundu:\u201cEge Denizi&#8217;nde meydana gelen sars\u0131nt\u0131lar, b\u00f6lgedeki deprem ger\u00e7e\u011fini bir kez daha g\u00f6zler \u00f6n\u00fcne serdi.<br \/>\nMu\u011fla\u2019n\u0131n deprem ku\u015fa\u011f\u0131nda yer ald\u0131\u011f\u0131 bilinciyle hareket ederek, il\u00e7e belediyelerimiz ve AFAD ile koordinasyon i\u00e7inde \u00e7al\u0131\u015fmalar\u0131m\u0131z\u0131 s\u00fcrd\u00fcr\u00fcyoruz. \u00d6ncelikli hedefimiz, halk\u0131m\u0131z\u0131n g\u00fcvenli\u011fini en \u00fcst d\u00fczeyde sa\u011flamak ve olas\u0131 riskleri minimize etmektir.\u201d<\/p>\n<p>\u200bEge Denizi\u2019nde meydana gelen deprem f\u0131rt\u0131nas\u0131n\u0131n ard\u0131ndan, riskli iller aras\u0131nda yer alan Mu\u011fla\u2019da olas\u0131 tehditlere kar\u015f\u0131 \u00f6nlem almak amac\u0131yla Mu\u011fla B\u00fcy\u00fck\u015fehir Belediyesi taraf\u0131ndan kriz masas\u0131 olu\u015fturuldu.MU\u011eLA (\u0130GFA) &#8211;\u00a0Mu\u011fla B\u00fcy\u00fck\u015fehir Belediyesi \u00f6nc\u00fcl\u00fc\u011f\u00fcnde olu\u015fturulan kriz masas\u0131, AFAD ve 13 il\u00e7e belediyesi ve t\u00fcm ilgili kurumlarla koordineli bir \u015fekilde \u00e7al\u0131\u015farak olas\u0131 depremin etkilerini en aza indirmek i\u00e7in kapsaml\u0131 bir risk analizi ger\u00e7ekle\u015ftirecek. Bu \u00e7er\u00e7evede, b\u00f6lgedeki kritik noktalar belirlenerek acil m\u00fcdahale planlar\u0131 masaya yat\u0131r\u0131lacak.<\/p>\n<p>OLASI DEPREM R\u0130SK\u0130NE KAR\u015eI AC\u0130L TOPLANMA ALANLARI BEL\u0130RLEND\u0130<br \/>\nOlas\u0131 deprem felaketine kar\u015f\u0131 Mu\u011fla B\u00fcy\u00fck\u015fehir Belediyesi kent genelinde yetkili kurumlarla acil toplanma alanlar\u0131n\u0131 belirledi. Bu kapsamda 13 il\u00e7ede 617 acil toplanma alan\u0131 belirledi. Sahada fiziki uygunluk a\u00e7\u0131s\u0131ndan de\u011ferlendirilen b\u00f6lgelerde eksik tabelalar\u0131n yenilenmesi ve mevcut tabelalar\u0131n bak\u0131m\u0131 i\u00e7in \u00e7al\u0131\u015fmalar h\u0131z kazand\u0131.<br \/>\nMu\u011fla genelinde ki\u015fi ba\u015f\u0131na d\u00fc\u015fen acil toplanma alan\u0131 3,98 metrekare olarak belirlenirken olas\u0131 bir afet durumunda kullan\u0131lmak \u00fczere 37 ge\u00e7ici bar\u0131nma alan\u0131 olu\u015fturuldu. Kamp alanlar\u0131nda \u00e7ad\u0131r, battaniye, yast\u0131k, \u00e7ar\u015faf, bot ve k\u0131yafet gibi temel ya\u015fam malzemelerinin bulundu\u011fu d\u00f6rt adet konteyner haz\u0131r hale getirildi.<br \/>\nB\u00dcY\u00dcK\u015eEH\u0130R DEPREME KAR\u015eI HIZLI M\u00dcDAHALE \u0130\u00c7\u0130N T\u00dcM HAZIRLIKLARINI G\u00dc\u00c7LEND\u0130R\u0130YOR.<br \/>\nAfet durumlar\u0131nda olu\u015fabilecek ihtiya\u00e7lar\u0131n toplanarak afetzedelere ula\u015ft\u0131r\u0131lmas\u0131 amac\u0131yla Mu\u011fla genelinde 6 farkl\u0131 noktada yard\u0131m merkezleri olu\u015fturuldu. Bu merkezlerde toplanacak yard\u0131mlar\u0131n kay\u0131t alt\u0131na al\u0131nmas\u0131 ve etkin bir \u015fekilde da\u011f\u0131t\u0131lmas\u0131 i\u00e7in gerekli altyap\u0131 \u00e7al\u0131\u015fmalar\u0131 tamamland\u0131.<br \/>\nMu\u011fla B\u00fcy\u00fck\u015fehir Belediyesi, olas\u0131 bir depreme kar\u015f\u0131 bar\u0131nma \u00e7ad\u0131r\u0131, uyku tulumu, konteyner mutfak, \u0131s\u0131t\u0131c\u0131, ocak, yast\u0131k ve nevresim tak\u0131m\u0131 gibi temel ihtiya\u00e7 malzemelerini envanterine ekleyerek afet sonras\u0131 h\u0131zl\u0131 m\u00fcdahale kapasitesini art\u0131rd\u0131.<br \/>\nAyr\u0131ca, kriz anlar\u0131nda ileti\u015fim kesintilerinin \u00f6n\u00fcne ge\u00e7mek amac\u0131yla 14 uydu telefonu ve telsiz sistemikurulumu ger\u00e7ekle\u015ftirildi. B\u00f6ylece, afet s\u0131ras\u0131nda kesintisiz ve sa\u011fl\u0131kl\u0131 haberle\u015fme sa\u011flanarak koordinasyon s\u00fcre\u00e7lerinin aksat\u0131lmadan y\u00fcr\u00fct\u00fclmesi hedefleniyor.<\/p>\n<p>B\u00d6LGESEL \u0130\u015e B\u0130RL\u0130\u011e\u0130 \u0130\u00c7\u0130N KR\u0130T\u0130K TOPLANTI<br \/>\nK\u0131y\u0131 Ege Belediyeler Birli\u011fi ve Mu\u011fla B\u00fcy\u00fck\u015fehir Belediye Ba\u015fkan\u0131 Ahmet Aras,CHP Yerel Y\u00f6netimler ve Diren\u00e7li Kentlerden Sorumlu Genel Ba\u015fkan Yard\u0131mc\u0131s\u0131 G\u00f6kan Zeybek\u2019in koordinasyonunda\u0130zmir\u2019de d\u00fczenlenen olas\u0131 deprem risklerinin de\u011ferlendirildi\u011fi toplant\u0131ya kat\u0131ld\u0131.<br \/>\nToplant\u0131da \u0130zmir B\u00fcy\u00fck\u015fehir Belediye Ba\u015fkan\u0131 Cemil Tugay, Ayd\u0131n B\u00fcy\u00fck\u015fehir Belediye Ba\u015fkan\u0131 \u00d6zlem \u00c7er\u00e7io\u011flu, Manisa B\u00fcy\u00fck\u015fehir Belediye Ba\u015fkan\u0131 Ferdi Zeyrek ve Denizli B\u00fcy\u00fck\u015fehir Belediye Ba\u015fkan\u0131 B\u00fclent Nuri \u00c7avu\u015fo\u011flu ile birlikte, olas\u0131 deprem riskleri ve al\u0131nmas\u0131 gereken tedbirler de\u011ferlendirildi.<br \/>\nBA\u015eKAN ARAS: &#8220;DEPREME KAR\u015eI HAZIRLIKLI OLMALIYIZ&#8221;<br \/>\nBa\u015fkan Aras, depreme kar\u015f\u0131 al\u0131nacak \u00f6nlemlerin hayati \u00f6nem ta\u015f\u0131d\u0131\u011f\u0131n\u0131 belirterek \u015fu a\u00e7\u0131klamada bulundu:\u201cEge Denizi&#8217;nde meydana gelen sars\u0131nt\u0131lar, b\u00f6lgedeki deprem ger\u00e7e\u011fini bir kez daha g\u00f6zler \u00f6n\u00fcne serdi.<br \/>\nMu\u011fla\u2019n\u0131n deprem ku\u015fa\u011f\u0131nda yer ald\u0131\u011f\u0131 bilinciyle hareket ederek, il\u00e7e belediyelerimiz ve AFAD ile koordinasyon i\u00e7inde \u00e7al\u0131\u015fmalar\u0131m\u0131z\u0131 s\u00fcrd\u00fcr\u00fcyoruz. \u00d6ncelikli hedefimiz, halk\u0131m\u0131z\u0131n g\u00fcvenli\u011fini en \u00fcst d\u00fczeyde sa\u011flamak ve olas\u0131 riskleri minimize etmektir.\u201d\u00a0<\/p>\n<p>\u200bHaberin Al\u0131nt\u0131land\u0131\u011f\u0131 Kaynak: www.iskenderun.org<\/p>","protected":false},"excerpt":{"rendered":"<p>Ege Denizi\u2019nde meydana gelen deprem f\u0131rt\u0131nas\u0131n\u0131n ard\u0131ndan, riskli iller aras\u0131nda yer alan Mu\u011fla\u2019da olas\u0131 tehditlere kar\u015f\u0131 \u00f6nlem almak amac\u0131yla Mu\u011fla B\u00fcy\u00fck\u015fehir Belediyesi taraf\u0131ndan kriz masas\u0131 olu\u015fturuldu.MU\u011eLA (\u0130GFA) &#8211;\u00a0Mu\u011fla B\u00fcy\u00fck\u015fehir Belediyesi \u00f6nc\u00fcl\u00fc\u011f\u00fcnde olu\u015fturulan kriz masas\u0131, AFAD ve 13 il\u00e7e belediyesi ve t\u00fcm ilgili kurumlarla koordineli bir \u015fekilde \u00e7al\u0131\u015farak olas\u0131 depremin etkilerini en aza indirmek i\u00e7in kapsaml\u0131 bir risk analizi ger\u00e7ekle\u015ftirecek. Bu \u00e7er\u00e7evede, b\u00f6lgedeki kritik noktalar belirlenerek acil m\u00fcdahale planlar\u0131 masaya yat\u0131r\u0131lacak. OLASI DEPREM R\u0130SK\u0130NE KAR\u015eI AC\u0130L TOPLANMA ALANLARI BEL\u0130RLEND\u0130 Olas\u0131 deprem felaketine kar\u015f\u0131 Mu\u011fla B\u00fcy\u00fck\u015fehir Belediyesi kent genelinde yetkili kurumlarla acil toplanma alanlar\u0131n\u0131 belirledi. Bu kapsamda 13 il\u00e7ede 617 acil toplanma alan\u0131 belirledi. Sahada fiziki uygunluk a\u00e7\u0131s\u0131ndan de\u011ferlendirilen b\u00f6lgelerde eksik tabelalar\u0131n yenilenmesi ve mevcut tabelalar\u0131n bak\u0131m\u0131 i\u00e7in \u00e7al\u0131\u015fmalar h\u0131z kazand\u0131. Mu\u011fla genelinde ki\u015fi ba\u015f\u0131na d\u00fc\u015fen acil toplanma alan\u0131 3,98 metrekare olarak belirlenirken olas\u0131 bir afet durumunda kullan\u0131lmak \u00fczere 37 ge\u00e7ici bar\u0131nma alan\u0131 olu\u015fturuldu. Kamp alanlar\u0131nda \u00e7ad\u0131r, battaniye, yast\u0131k, \u00e7ar\u015faf, bot ve k\u0131yafet gibi temel ya\u015fam malzemelerinin bulundu\u011fu d\u00f6rt adet konteyner haz\u0131r hale getirildi. B\u00dcY\u00dcK\u015eEH\u0130R DEPREME KAR\u015eI HIZLI M\u00dcDAHALE \u0130\u00c7\u0130N T\u00dcM HAZIRLIKLARINI G\u00dc\u00c7LEND\u0130R\u0130YOR. Afet durumlar\u0131nda olu\u015fabilecek ihtiya\u00e7lar\u0131n toplanarak afetzedelere ula\u015ft\u0131r\u0131lmas\u0131 amac\u0131yla Mu\u011fla genelinde 6 farkl\u0131 noktada yard\u0131m merkezleri olu\u015fturuldu. Bu merkezlerde toplanacak yard\u0131mlar\u0131n kay\u0131t alt\u0131na al\u0131nmas\u0131 ve etkin bir \u015fekilde da\u011f\u0131t\u0131lmas\u0131 i\u00e7in &hellip;<\/p>","protected":false},"author":1,"featured_media":0,"comment_status":"open","ping_status":"open","sticky":false,"template":"","format":"standard","meta":{"_acf_changed":false,"footnotes":""},"categories":[24],"tags":[],"class_list":["post-30139","post","type-post","status-publish","format-standard","has-post-thumbnail","hentry","category-gundem"],"acf":[],"yoast_head":"<!-- This site is optimized with the Yoast SEO Premium plugin v26.6 (Yoast SEO v27.1.1) - https:\/\/yoast.com\/product\/yoast-seo-premium-wordpress\/ -->\n<title>Mu\u011fla&#039;da deprem haz\u0131rl\u0131\u011f\u0131! Kriz masas\u0131 olu\u015fturuldu - Av. Deniz Can K\u0131z\u0131l<\/title>\n<meta name=\"robots\" content=\"index, follow, max-snippet:-1, max-image-preview:large, max-video-preview:-1\" \/>\n<link rel=\"canonical\" href=\"https:\/\/denizcankizil.tr\/uk\/haberler\/gundem\/muglada-deprem-hazirligi-kriz-masasi-olusturuldu\/\" \/>\n<meta property=\"og:locale\" content=\"uk_UA\" \/>\n<meta property=\"og:type\" content=\"article\" \/>\n<meta property=\"og:title\" content=\"Mu\u011fla&#039;da deprem haz\u0131rl\u0131\u011f\u0131! Kriz masas\u0131 olu\u015fturuldu\" \/>\n<meta property=\"og:description\" content=\"Ege Denizi\u2019nde meydana gelen deprem f\u0131rt\u0131nas\u0131n\u0131n ard\u0131ndan, riskli iller aras\u0131nda yer alan Mu\u011fla\u2019da olas\u0131 tehditlere kar\u015f\u0131 \u00f6nlem almak amac\u0131yla Mu\u011fla B\u00fcy\u00fck\u015fehir Belediyesi taraf\u0131ndan kriz masas\u0131 olu\u015fturuldu.MU\u011eLA (\u0130GFA) &#8211;\u00a0Mu\u011fla B\u00fcy\u00fck\u015fehir Belediyesi \u00f6nc\u00fcl\u00fc\u011f\u00fcnde olu\u015fturulan kriz masas\u0131, AFAD ve 13 il\u00e7e belediyesi ve t\u00fcm ilgili kurumlarla koordineli bir \u015fekilde \u00e7al\u0131\u015farak olas\u0131 depremin etkilerini en aza indirmek i\u00e7in kapsaml\u0131 bir risk analizi ger\u00e7ekle\u015ftirecek. Bu \u00e7er\u00e7evede, b\u00f6lgedeki kritik noktalar belirlenerek acil m\u00fcdahale planlar\u0131 masaya yat\u0131r\u0131lacak. OLASI DEPREM R\u0130SK\u0130NE KAR\u015eI AC\u0130L TOPLANMA ALANLARI BEL\u0130RLEND\u0130 Olas\u0131 deprem felaketine kar\u015f\u0131 Mu\u011fla B\u00fcy\u00fck\u015fehir Belediyesi kent genelinde yetkili kurumlarla acil toplanma alanlar\u0131n\u0131 belirledi. Bu kapsamda 13 il\u00e7ede 617 acil toplanma alan\u0131 belirledi. Sahada fiziki uygunluk a\u00e7\u0131s\u0131ndan de\u011ferlendirilen b\u00f6lgelerde eksik tabelalar\u0131n yenilenmesi ve mevcut tabelalar\u0131n bak\u0131m\u0131 i\u00e7in \u00e7al\u0131\u015fmalar h\u0131z kazand\u0131. Mu\u011fla genelinde ki\u015fi ba\u015f\u0131na d\u00fc\u015fen acil toplanma alan\u0131 3,98 metrekare olarak belirlenirken olas\u0131 bir afet durumunda kullan\u0131lmak \u00fczere 37 ge\u00e7ici bar\u0131nma alan\u0131 olu\u015fturuldu. Kamp alanlar\u0131nda \u00e7ad\u0131r, battaniye, yast\u0131k, \u00e7ar\u015faf, bot ve k\u0131yafet gibi temel ya\u015fam malzemelerinin bulundu\u011fu d\u00f6rt adet konteyner haz\u0131r hale getirildi. B\u00dcY\u00dcK\u015eEH\u0130R DEPREME KAR\u015eI HIZLI M\u00dcDAHALE \u0130\u00c7\u0130N T\u00dcM HAZIRLIKLARINI G\u00dc\u00c7LEND\u0130R\u0130YOR. Afet durumlar\u0131nda olu\u015fabilecek ihtiya\u00e7lar\u0131n toplanarak afetzedelere ula\u015ft\u0131r\u0131lmas\u0131 amac\u0131yla Mu\u011fla genelinde 6 farkl\u0131 noktada yard\u0131m merkezleri olu\u015fturuldu. Bu merkezlerde toplanacak yard\u0131mlar\u0131n kay\u0131t alt\u0131na al\u0131nmas\u0131 ve etkin bir \u015fekilde da\u011f\u0131t\u0131lmas\u0131 i\u00e7in &hellip;\" \/>\n<meta property=\"og:url\" content=\"https:\/\/denizcankizil.tr\/uk\/haberler\/gundem\/muglada-deprem-hazirligi-kriz-masasi-olusturuldu\/\" \/>\n<meta property=\"og:site_name\" content=\"Av. Deniz Can K\u0131z\u0131l\" \/>\n<meta property=\"article:published_time\" content=\"2025-02-04T14:41:40+00:00\" \/>\n<meta name=\"author\" content=\"admin\" \/>\n<meta name=\"twitter:card\" content=\"summary_large_image\" \/>\n<meta name=\"twitter:label1\" content=\"\u041d\u0430\u043f\u0438\u0441\u0430\u043d\u043e\" \/>\n\t<meta name=\"twitter:data1\" content=\"admin\" \/>\n\t<meta name=\"twitter:label2\" content=\"\u041f\u0440\u0438\u0431\u043b. \u0447\u0430\u0441 \u0447\u0438\u0442\u0430\u043d\u043d\u044f\" \/>\n\t<meta name=\"twitter:data2\" content=\"6 \u0445\u0432\u0438\u043b\u0438\u043d\" \/>\n<script type=\"application\/ld+json\" class=\"yoast-schema-graph\">{\"@context\":\"https:\/\/schema.org\",\"@graph\":[{\"@type\":\"Article\",\"@id\":\"https:\/\/denizcankizil.tr\/uk\/haberler\/gundem\/muglada-deprem-hazirligi-kriz-masasi-olusturuldu\/#article\",\"isPartOf\":{\"@id\":\"https:\/\/denizcankizil.tr\/uk\/haberler\/gundem\/muglada-deprem-hazirligi-kriz-masasi-olusturuldu\/\"},\"author\":{\"name\":\"admin\",\"@id\":\"https:\/\/denizcankizil.tr\/de\/#\/schema\/person\/be3c05fe6a12686905512445d8185489\"},\"headline\":\"Mu\u011fla&#8217;da deprem haz\u0131rl\u0131\u011f\u0131! Kriz masas\u0131 olu\u015fturuldu\",\"datePublished\":\"2025-02-04T14:41:40+00:00\",\"mainEntityOfPage\":{\"@id\":\"https:\/\/denizcankizil.tr\/uk\/haberler\/gundem\/muglada-deprem-hazirligi-kriz-masasi-olusturuldu\/\"},\"wordCount\":1250,\"commentCount\":0,\"publisher\":{\"@id\":\"https:\/\/denizcankizil.tr\/de\/#organization\"},\"articleSection\":[\"G\u00fcndem\"],\"inLanguage\":\"uk\",\"potentialAction\":[{\"@type\":\"CommentAction\",\"name\":\"Comment\",\"target\":[\"https:\/\/denizcankizil.tr\/uk\/haberler\/gundem\/muglada-deprem-hazirligi-kriz-masasi-olusturuldu\/#respond\"]}]},{\"@type\":\"WebPage\",\"@id\":\"https:\/\/denizcankizil.tr\/uk\/haberler\/gundem\/muglada-deprem-hazirligi-kriz-masasi-olusturuldu\/\",\"url\":\"https:\/\/denizcankizil.tr\/uk\/haberler\/gundem\/muglada-deprem-hazirligi-kriz-masasi-olusturuldu\/\",\"name\":\"Mu\u011fla'da deprem haz\u0131rl\u0131\u011f\u0131! Kriz masas\u0131 olu\u015fturuldu - Av. Deniz Can K\u0131z\u0131l\",\"isPartOf\":{\"@id\":\"https:\/\/denizcankizil.tr\/de\/#website\"},\"datePublished\":\"2025-02-04T14:41:40+00:00\",\"breadcrumb\":{\"@id\":\"https:\/\/denizcankizil.tr\/uk\/haberler\/gundem\/muglada-deprem-hazirligi-kriz-masasi-olusturuldu\/#breadcrumb\"},\"inLanguage\":\"uk\",\"potentialAction\":[{\"@type\":\"ReadAction\",\"target\":[\"https:\/\/denizcankizil.tr\/uk\/haberler\/gundem\/muglada-deprem-hazirligi-kriz-masasi-olusturuldu\/\"]}]},{\"@type\":\"BreadcrumbList\",\"@id\":\"https:\/\/denizcankizil.tr\/uk\/haberler\/gundem\/muglada-deprem-hazirligi-kriz-masasi-olusturuldu\/#breadcrumb\",\"itemListElement\":[{\"@type\":\"ListItem\",\"position\":1,\"name\":\"Home\",\"item\":\"https:\/\/denizcankizil.tr\/de\/\"},{\"@type\":\"ListItem\",\"position\":2,\"name\":\"Mu\u011fla&#8217;da deprem haz\u0131rl\u0131\u011f\u0131! Kriz masas\u0131 olu\u015fturuldu\"}]},{\"@type\":\"WebSite\",\"@id\":\"https:\/\/denizcankizil.tr\/de\/#website\",\"url\":\"https:\/\/denizcankizil.tr\/de\/\",\"name\":\"Av. Deniz Can K\u0131z\u0131l\",\"description\":\"Avukat Deniz Can K\u0131z\u0131l Antalya Barosu\",\"publisher\":{\"@id\":\"https:\/\/denizcankizil.tr\/de\/#organization\"},\"potentialAction\":[{\"@type\":\"SearchAction\",\"target\":{\"@type\":\"EntryPoint\",\"urlTemplate\":\"https:\/\/denizcankizil.tr\/de\/?s={search_term_string}\"},\"query-input\":{\"@type\":\"PropertyValueSpecification\",\"valueRequired\":true,\"valueName\":\"search_term_string\"}}],\"inLanguage\":\"uk\"},{\"@type\":\"Organization\",\"@id\":\"https:\/\/denizcankizil.tr\/de\/#organization\",\"name\":\"Av. Deniz Can K\u0131z\u0131l\",\"url\":\"https:\/\/denizcankizil.tr\/de\/\",\"logo\":{\"@type\":\"ImageObject\",\"inLanguage\":\"uk\",\"@id\":\"https:\/\/denizcankizil.tr\/de\/#\/schema\/logo\/image\/\",\"url\":\"https:\/\/denizcankizil.tr\/wp-content\/uploads\/2024\/10\/siyah-logo-svg.svg\",\"contentUrl\":\"https:\/\/denizcankizil.tr\/wp-content\/uploads\/2024\/10\/siyah-logo-svg.svg\",\"width\":1080,\"height\":1080,\"caption\":\"Av. Deniz Can K\u0131z\u0131l\"},\"image\":{\"@id\":\"https:\/\/denizcankizil.tr\/de\/#\/schema\/logo\/image\/\"}},{\"@type\":\"Person\",\"@id\":\"https:\/\/denizcankizil.tr\/de\/#\/schema\/person\/be3c05fe6a12686905512445d8185489\",\"name\":\"admin\",\"image\":{\"@type\":\"ImageObject\",\"inLanguage\":\"uk\",\"@id\":\"https:\/\/denizcankizil.tr\/de\/#\/schema\/person\/image\/\",\"url\":\"https:\/\/secure.gravatar.com\/avatar\/c1fce94c830dc79107e174f890d7210541c4a63e8e5d816341794a2151c9d58c?s=96&d=mm&r=g\",\"contentUrl\":\"https:\/\/secure.gravatar.com\/avatar\/c1fce94c830dc79107e174f890d7210541c4a63e8e5d816341794a2151c9d58c?s=96&d=mm&r=g\",\"caption\":\"admin\"},\"sameAs\":[\"http:\/\/denizcankizil.tr\"],\"url\":\"https:\/\/www.iskenderun.org\/muglada-deprem-hazirligi-kriz-masasi-olusturuldu\"}]}<\/script>\n<!-- \/ Yoast SEO Premium plugin. -->","yoast_head_json":{"title":"Mu\u011fla'da deprem haz\u0131rl\u0131\u011f\u0131! Kriz masas\u0131 olu\u015fturuldu - Av. Deniz Can K\u0131z\u0131l","robots":{"index":"index","follow":"follow","max-snippet":"max-snippet:-1","max-image-preview":"max-image-preview:large","max-video-preview":"max-video-preview:-1"},"canonical":"https:\/\/denizcankizil.tr\/uk\/haberler\/gundem\/muglada-deprem-hazirligi-kriz-masasi-olusturuldu\/","og_locale":"uk_UA","og_type":"article","og_title":"Mu\u011fla'da deprem haz\u0131rl\u0131\u011f\u0131! Kriz masas\u0131 olu\u015fturuldu","og_description":"Ege Denizi\u2019nde meydana gelen deprem f\u0131rt\u0131nas\u0131n\u0131n ard\u0131ndan, riskli iller aras\u0131nda yer alan Mu\u011fla\u2019da olas\u0131 tehditlere kar\u015f\u0131 \u00f6nlem almak amac\u0131yla Mu\u011fla B\u00fcy\u00fck\u015fehir Belediyesi taraf\u0131ndan kriz masas\u0131 olu\u015fturuldu.MU\u011eLA (\u0130GFA) &#8211;\u00a0Mu\u011fla B\u00fcy\u00fck\u015fehir Belediyesi \u00f6nc\u00fcl\u00fc\u011f\u00fcnde olu\u015fturulan kriz masas\u0131, AFAD ve 13 il\u00e7e belediyesi ve t\u00fcm ilgili kurumlarla koordineli bir \u015fekilde \u00e7al\u0131\u015farak olas\u0131 depremin etkilerini en aza indirmek i\u00e7in kapsaml\u0131 bir risk analizi ger\u00e7ekle\u015ftirecek. Bu \u00e7er\u00e7evede, b\u00f6lgedeki kritik noktalar belirlenerek acil m\u00fcdahale planlar\u0131 masaya yat\u0131r\u0131lacak. OLASI DEPREM R\u0130SK\u0130NE KAR\u015eI AC\u0130L TOPLANMA ALANLARI BEL\u0130RLEND\u0130 Olas\u0131 deprem felaketine kar\u015f\u0131 Mu\u011fla B\u00fcy\u00fck\u015fehir Belediyesi kent genelinde yetkili kurumlarla acil toplanma alanlar\u0131n\u0131 belirledi. Bu kapsamda 13 il\u00e7ede 617 acil toplanma alan\u0131 belirledi. Sahada fiziki uygunluk a\u00e7\u0131s\u0131ndan de\u011ferlendirilen b\u00f6lgelerde eksik tabelalar\u0131n yenilenmesi ve mevcut tabelalar\u0131n bak\u0131m\u0131 i\u00e7in \u00e7al\u0131\u015fmalar h\u0131z kazand\u0131. Mu\u011fla genelinde ki\u015fi ba\u015f\u0131na d\u00fc\u015fen acil toplanma alan\u0131 3,98 metrekare olarak belirlenirken olas\u0131 bir afet durumunda kullan\u0131lmak \u00fczere 37 ge\u00e7ici bar\u0131nma alan\u0131 olu\u015fturuldu. Kamp alanlar\u0131nda \u00e7ad\u0131r, battaniye, yast\u0131k, \u00e7ar\u015faf, bot ve k\u0131yafet gibi temel ya\u015fam malzemelerinin bulundu\u011fu d\u00f6rt adet konteyner haz\u0131r hale getirildi. B\u00dcY\u00dcK\u015eEH\u0130R DEPREME KAR\u015eI HIZLI M\u00dcDAHALE \u0130\u00c7\u0130N T\u00dcM HAZIRLIKLARINI G\u00dc\u00c7LEND\u0130R\u0130YOR. Afet durumlar\u0131nda olu\u015fabilecek ihtiya\u00e7lar\u0131n toplanarak afetzedelere ula\u015ft\u0131r\u0131lmas\u0131 amac\u0131yla Mu\u011fla genelinde 6 farkl\u0131 noktada yard\u0131m merkezleri olu\u015fturuldu. Bu merkezlerde toplanacak yard\u0131mlar\u0131n kay\u0131t alt\u0131na al\u0131nmas\u0131 ve etkin bir \u015fekilde da\u011f\u0131t\u0131lmas\u0131 i\u00e7in &hellip;","og_url":"https:\/\/denizcankizil.tr\/uk\/haberler\/gundem\/muglada-deprem-hazirligi-kriz-masasi-olusturuldu\/","og_site_name":"Av. Deniz Can K\u0131z\u0131l","article_published_time":"2025-02-04T14:41:40+00:00","author":"admin","twitter_card":"summary_large_image","twitter_misc":{"\u041d\u0430\u043f\u0438\u0441\u0430\u043d\u043e":"admin","\u041f\u0440\u0438\u0431\u043b. \u0447\u0430\u0441 \u0447\u0438\u0442\u0430\u043d\u043d\u044f":"6 \u0445\u0432\u0438\u043b\u0438\u043d"},"schema":{"@context":"https:\/\/schema.org","@graph":[{"@type":"Article","@id":"https:\/\/denizcankizil.tr\/uk\/haberler\/gundem\/muglada-deprem-hazirligi-kriz-masasi-olusturuldu\/#article","isPartOf":{"@id":"https:\/\/denizcankizil.tr\/uk\/haberler\/gundem\/muglada-deprem-hazirligi-kriz-masasi-olusturuldu\/"},"author":{"name":"admin","@id":"https:\/\/denizcankizil.tr\/de\/#\/schema\/person\/be3c05fe6a12686905512445d8185489"},"headline":"Mu\u011fla&#8217;da deprem haz\u0131rl\u0131\u011f\u0131! Kriz masas\u0131 olu\u015fturuldu","datePublished":"2025-02-04T14:41:40+00:00","mainEntityOfPage":{"@id":"https:\/\/denizcankizil.tr\/uk\/haberler\/gundem\/muglada-deprem-hazirligi-kriz-masasi-olusturuldu\/"},"wordCount":1250,"commentCount":0,"publisher":{"@id":"https:\/\/denizcankizil.tr\/de\/#organization"},"articleSection":["G\u00fcndem"],"inLanguage":"uk","potentialAction":[{"@type":"CommentAction","name":"Comment","target":["https:\/\/denizcankizil.tr\/uk\/haberler\/gundem\/muglada-deprem-hazirligi-kriz-masasi-olusturuldu\/#respond"]}]},{"@type":"WebPage","@id":"https:\/\/denizcankizil.tr\/uk\/haberler\/gundem\/muglada-deprem-hazirligi-kriz-masasi-olusturuldu\/","url":"https:\/\/denizcankizil.tr\/uk\/haberler\/gundem\/muglada-deprem-hazirligi-kriz-masasi-olusturuldu\/","name":"Mu\u011fla'da deprem haz\u0131rl\u0131\u011f\u0131! Kriz masas\u0131 olu\u015fturuldu - Av. Deniz Can K\u0131z\u0131l","isPartOf":{"@id":"https:\/\/denizcankizil.tr\/de\/#website"},"datePublished":"2025-02-04T14:41:40+00:00","breadcrumb":{"@id":"https:\/\/denizcankizil.tr\/uk\/haberler\/gundem\/muglada-deprem-hazirligi-kriz-masasi-olusturuldu\/#breadcrumb"},"inLanguage":"uk","potentialAction":[{"@type":"ReadAction","target":["https:\/\/denizcankizil.tr\/uk\/haberler\/gundem\/muglada-deprem-hazirligi-kriz-masasi-olusturuldu\/"]}]},{"@type":"BreadcrumbList","@id":"https:\/\/denizcankizil.tr\/uk\/haberler\/gundem\/muglada-deprem-hazirligi-kriz-masasi-olusturuldu\/#breadcrumb","itemListElement":[{"@type":"ListItem","position":1,"name":"Home","item":"https:\/\/denizcankizil.tr\/de\/"},{"@type":"ListItem","position":2,"name":"Mu\u011fla&#8217;da deprem haz\u0131rl\u0131\u011f\u0131! Kriz masas\u0131 olu\u015fturuldu"}]},{"@type":"WebSite","@id":"https:\/\/denizcankizil.tr\/de\/#website","url":"https:\/\/denizcankizil.tr\/de\/","name":"Av. Deniz Can K\u0131z\u0131l","description":"Avukat Deniz Can K\u0131z\u0131l Antalya Barosu","publisher":{"@id":"https:\/\/denizcankizil.tr\/de\/#organization"},"potentialAction":[{"@type":"SearchAction","target":{"@type":"EntryPoint","urlTemplate":"https:\/\/denizcankizil.tr\/de\/?s={search_term_string}"},"query-input":{"@type":"PropertyValueSpecification","valueRequired":true,"valueName":"search_term_string"}}],"inLanguage":"uk"},{"@type":"Organization","@id":"https:\/\/denizcankizil.tr\/de\/#organization","name":"Av. Deniz Can K\u0131z\u0131l","url":"https:\/\/denizcankizil.tr\/de\/","logo":{"@type":"ImageObject","inLanguage":"uk","@id":"https:\/\/denizcankizil.tr\/de\/#\/schema\/logo\/image\/","url":"https:\/\/denizcankizil.tr\/wp-content\/uploads\/2024\/10\/siyah-logo-svg.svg","contentUrl":"https:\/\/denizcankizil.tr\/wp-content\/uploads\/2024\/10\/siyah-logo-svg.svg","width":1080,"height":1080,"caption":"Av. Deniz Can K\u0131z\u0131l"},"image":{"@id":"https:\/\/denizcankizil.tr\/de\/#\/schema\/logo\/image\/"}},{"@type":"Person","@id":"https:\/\/denizcankizil.tr\/de\/#\/schema\/person\/be3c05fe6a12686905512445d8185489","name":"\u0430\u0434\u043c\u0456\u043d","image":{"@type":"ImageObject","inLanguage":"uk","@id":"https:\/\/denizcankizil.tr\/de\/#\/schema\/person\/image\/","url":"https:\/\/secure.gravatar.com\/avatar\/c1fce94c830dc79107e174f890d7210541c4a63e8e5d816341794a2151c9d58c?s=96&d=mm&r=g","contentUrl":"https:\/\/secure.gravatar.com\/avatar\/c1fce94c830dc79107e174f890d7210541c4a63e8e5d816341794a2151c9d58c?s=96&d=mm&r=g","caption":"admin"},"sameAs":["http:\/\/denizcankizil.tr"],"url":"https:\/\/www.iskenderun.org\/muglada-deprem-hazirligi-kriz-masasi-olusturuldu"}]}},"_links":{"self":[{"href":"https:\/\/denizcankizil.tr\/uk\/wp-json\/wp\/v2\/posts\/30139","targetHints":{"allow":["GET"]}}],"collection":[{"href":"https:\/\/denizcankizil.tr\/uk\/wp-json\/wp\/v2\/posts"}],"about":[{"href":"https:\/\/denizcankizil.tr\/uk\/wp-json\/wp\/v2\/types\/post"}],"author":[{"embeddable":true,"href":"https:\/\/denizcankizil.tr\/uk\/wp-json\/wp\/v2\/users\/1"}],"replies":[{"embeddable":true,"href":"https:\/\/denizcankizil.tr\/uk\/wp-json\/wp\/v2\/comments?post=30139"}],"version-history":[{"count":0,"href":"https:\/\/denizcankizil.tr\/uk\/wp-json\/wp\/v2\/posts\/30139\/revisions"}],"wp:attachment":[{"href":"https:\/\/denizcankizil.tr\/uk\/wp-json\/wp\/v2\/media?parent=30139"}],"wp:term":[{"taxonomy":"category","embeddable":true,"href":"https:\/\/denizcankizil.tr\/uk\/wp-json\/wp\/v2\/categories?post=30139"},{"taxonomy":"post_tag","embeddable":true,"href":"https:\/\/denizcankizil.tr\/uk\/wp-json\/wp\/v2\/tags?post=30139"}],"curies":[{"name":"wp","href":"https:\/\/api.w.org\/{rel}","templated":true}]}}