{"id":30127,"date":"2025-02-04T17:41:28","date_gmt":"2025-02-04T14:41:28","guid":{"rendered":"https:\/\/denizcankizil.tr\/uncategorized-tr\/bakan-isikhan-belediyelerden-sgk-kesintisi-yapilacak-tarihi-acikladi\/"},"modified":"2025-02-04T17:41:28","modified_gmt":"2025-02-04T14:41:28","slug":"bakan-isikhan-belediyelerden-sgk-kesintisi-yapilacak-tarihi-acikladi","status":"publish","type":"post","link":"https:\/\/denizcankizil.tr\/uk\/haberler\/gundem\/bakan-isikhan-belediyelerden-sgk-kesintisi-yapilacak-tarihi-acikladi\/","title":{"rendered":"Bakan I\u015f\u0131khan, belediyelerden SGK kesintisi yap\u0131lacak tarihi a\u00e7\u0131klad\u0131"},"content":{"rendered":"<p>\u00c7al\u0131\u015fma ve Sosyal G\u00fcvenlik Bakan\u0131 Vedat I\u015f\u0131khan televizyonda kat\u0131ld\u0131\u011f\u0131 bir programda g\u00fcndeme ili\u015fkin \u00f6nemli bir a\u00e7\u0131klamalarda bulundu. Bakan I\u015f\u0131khan, Sosyal G\u00fcvenlik Kurumu (SGK) bor\u00e7lar\u0131n\u0131n b\u00fcy\u00fck bir \u00e7o\u011funlu\u011funun CHP\u2019li belediyelere ait oldu\u011funu a\u00e7\u0131klad\u0131. Bakan I\u015f\u0131khan belediyelere son bir \u00e7a\u011fr\u0131 yaparak, bor\u00e7lar\u0131n \u00f6denmemesi durumunda \u015fubat ay\u0131n\u0131n ortalar\u0131nda belediyeler prim bor\u00e7lar\u0131n\u0131n kaynaktan kesilmesine ba\u015flayacaklar\u0131n\u0131 a\u00e7\u0131klad\u0131.\u00a0<\/p>\n<p>SGK PR\u0130M BOR\u00c7LARI<\/p>\n<p>Belediyelerin SGK bor\u00e7lar\u0131na de\u011finen Bakan I\u015f\u0131khan, \u201cT\u00fcrkiye&#8217;de 30 b\u00fcy\u00fck\u015fehir, 51 il ve 920 il\u00e7e belediyesi bulunmakta. Belde belediyelerini de sayd\u0131\u011f\u0131m\u0131zda yakla\u015f\u0131k 1405 belediyemiz var. Bu konuyu ge\u00e7en sene g\u00fcndeme getirdi\u011fimizde sayg\u0131de\u011fer cumhurba\u015fkan\u0131m\u0131z da defaten ifade etti. \u00a0T\u00fcm bu belediyelerimizin bor\u00e7lar\u0131 96 milyar lirayd\u0131. Y\u0131l sonunda rakama dikkatinizi \u00e7ekmek isterim, 160 milyara ula\u015fm\u0131\u015f durumda. Ocak ay\u0131 itibariyle de bu rakam\u0131n 162 milyara ula\u015ft\u0131\u011f\u0131n\u0131 da s\u00f6yleyebiliriz\u201d dedi.\u00a0<\/p>\n<p>EN \u00c7OK BOR\u00c7 CHP\u2019L\u0130 BELED\u0130YELERE A\u0130T\u00a0<\/p>\n<p>SGK\u2019ya en \u00e7ok borcun CHP\u2019li belediyelere ait oldu\u011funu belirten Bakan I\u015f\u0131khan, \u201cBu \u00e7er\u00e7eve d\u0131\u015f\u0131nda ayn\u0131 zamanda CHP Genel Ba\u015fkan\u0131 yine SGK bor\u00e7lar\u0131 hakk\u0131nda \u00f6nceki yay\u0131nlarda da dile getirmi\u015ftim. Bir\u00e7ok rakam verdi, alt\u0131n hesab\u0131, kamyon hesab\u0131 yapt\u0131. Biz kamuoyuyla payla\u015farak bu rakamlar\u0131n, bu hesaplar\u0131n yanl\u0131\u015f oldu\u011funu, yalan oldu\u011funu defaten dile getirdik. Ancak genel olarak d\u00fc\u015f\u00fcnd\u00fc\u011f\u00fcm\u00fczde SGK&#8217;n\u0131n prim alacaklar\u0131n\u0131 bir yek\u00fbn olarak d\u00fc\u015f\u00fcnd\u00fc\u011f\u00fcm\u00fczde b\u00fcy\u00fck\u015fehir, il ve il\u00e7e belediyelerindeki bor\u00e7lar\u0131n b\u00fcy\u00fck bir k\u0131sm\u0131n\u0131n yine CHP&#8217;li belediyelere ait oldu\u011funu buradan tekrar vurgulamak istiyorum. Bu tablo bir ay \u00f6nce de \u00f6yleydi. \u015eu anda bu durumda\u201d diye konu\u015ftu.\u00a0<\/p>\n<p>\u201cKAYNAKTAN KES\u0130NT\u0130 YAPILACAK\u201d<\/p>\n<p>Belediyelerin bor\u00e7lar\u0131n\u0131 \u00f6dememeleri halinde prim bor\u00e7lar\u0131n\u0131n kaynak kesilece\u011fine de\u011finen Bakan Vedat I\u015f\u0131khan, \u201cBizim ba\u015ftan beri ifade etmek istedi\u011fimiz ve gelmek istedi\u011fimiz nokta bu. Bor\u00e7lar\u0131n \u00f6denmesi noktas\u0131. Ben ger\u00e7ekten te\u015fekk\u00fcr ediyorum bu ad\u0131m\u0131 atan t\u00fcm belediyelerimize, belediye ba\u015fkanlar\u0131m\u0131za. Bu zaten son bir s\u00fcre\u00e7, son bir \u00e7aba olacak. \u00c7\u00fcnk\u00fc art\u0131k biliyorsunuz belediyeler ve ba\u011fl\u0131 \u015firketlerinin prim bor\u00e7lar\u0131n\u0131n kaynaktan kesilmesiyle ilgili Cumhurba\u015fkanl\u0131\u011f\u0131 karar\u0131 s\u00f6z konusu. Yak\u0131n zamanda da yani \u015fubat ay\u0131n\u0131n ortas\u0131nda da biz bu karar\u0131 resmen uygulamaya ba\u015flayaca\u011f\u0131z\u201d ifadelerini kulland\u0131.\u00a0<\/p>\n<p>TOPLAM BOR\u00c7 3 M\u0130LYAR 876 M\u0130LYON<\/p>\n<p>Ge\u00e7ti\u011fimiz aylarda (26 Aral\u0131k 2024) Antalya Sosyal G\u00fcvenlik Kurumu (SGK) M\u00fcd\u00fcr\u00fc Mehmet Tanr\u0131\u00f6ver, bir a\u00e7\u0131klama yapm\u0131\u015ft\u0131. Yapt\u0131\u011f\u0131 a\u00e7\u0131klamada Antalya\u2019daki belediyelerin SGK\u2019ya olan toplam bor\u00e7lar\u0131n\u0131 a\u00e7\u0131klayan Tanr\u0131\u00f6ver, \u201c\u0130brad\u0131 ve G\u00fcndo\u011fmu\u015f belediyeleri bor\u00e7lar\u0131n\u0131 \u00f6dedi, Manavgat Belediyesi ise borcuna kar\u015f\u0131l\u0131k hem gayrimenkul verdi hem de borcun bir k\u0131sm\u0131n\u0131 \u00f6dedi. Antalya&#8217;daki b\u00fct\u00fcn belediyelerin toplam borcunun 3 milyar 876 milyon lira oldu\u011funu tespit ettik. Belediye ba\u015fkanlar\u0131ndan belediyelerin cari ay borcunu \u00f6demelerini istiyoruz. SGK olarak \u00f6ncelikle cari borcu \u00f6deyip \u00f6demedi\u011fine bak\u0131yoruz, bunlar\u0131 de\u011ferlendiriyoruz. Belediye ba\u015fkanlar\u0131 feryat figan ba\u011f\u0131r\u0131yor, &#8216;Ben i\u015f yapam\u0131yorum, SGK elimizi kolumuzu ba\u011flad\u0131.&#8217; diye. B\u00f6yle bir \u015fey s\u00f6z konusu de\u011fil. Belediyeler, bor\u00e7lar\u0131n\u0131 \u00f6dememeyi al\u0131\u015fkanl\u0131k haline getirmi\u015f\u201d demi\u015fti.\u00a0<\/p>\n<p>ANTALYA\u2019DA SGK\u2019YA BORCU OLAN BELED\u0130YELER\u00a0<\/p>\n<p>\u015eu anda Antalya B\u00fcy\u00fck\u015fehir Belediyesi, Aksu \u0130brad\u0131 ve G\u00fcndo\u011fmu\u015f Belediyesi\u2019nin SGK&#8217;ya borcu bulunmazken, Manavgat Belediyesi ise bor\u00e7lar\u0131n\u0131 \u00f6deyebilmek i\u00e7in \u00e7ok say\u0131da gayrimenkul\u00fc bor\u00e7lar\u0131na kar\u015f\u0131l\u0131k devretmeye karar verdi. Bunun d\u0131\u015f\u0131nda geriye kalan Akseki, Alanya, Demre, D\u00f6\u015femealt\u0131, Elmal\u0131, Finike, Gazipa\u015fa, Ka\u015f, Kemer, Kepez, Konyaalt\u0131, Kumluca, Muratpa\u015fa ve Serik Belediyesi\u2019nin ise SGK\u2019ya borcu bulunuyor.\u00a0<\/p>\n<p>\u00a0<\/p>\n<p>\u200b\u00c7al\u0131\u015fma ve Sosyal G\u00fcvenlik Bakan\u0131 Vedat I\u015f\u0131khan, kat\u0131ld\u0131\u011f\u0131 bir TV programda SGK borcu olan belediyelere y\u00f6nelik a\u00e7\u0131klamalarda bulundu. Bakan I\u015f\u0131khan, \u201cArt\u0131k biliyorsunuz belediyeler ve ba\u011fl\u0131 \u015firketlerinin prim bor\u00e7lar\u0131n\u0131n kaynaktan kesilmesiyle ilgili Cumhurba\u015fkanl\u0131\u011f\u0131 karar\u0131 s\u00f6z konusu. Yak\u0131n zamanda da yani \u015fubat ay\u0131n\u0131n ortas\u0131nda biz bu karar\u0131 resmen uygulamaya ba\u015flayaca\u011f\u0131z\u201d dedi.\u00a0<\/p>\n<p>\u200bHaberin Al\u0131nt\u0131land\u0131\u011f\u0131 Kaynak: www.antalyakorfez.com<\/p>","protected":false},"excerpt":{"rendered":"<p>\u00c7al\u0131\u015fma ve Sosyal G\u00fcvenlik Bakan\u0131 Vedat I\u015f\u0131khan televizyonda kat\u0131ld\u0131\u011f\u0131 bir programda g\u00fcndeme ili\u015fkin \u00f6nemli bir a\u00e7\u0131klamalarda bulundu. Bakan I\u015f\u0131khan, Sosyal G\u00fcvenlik Kurumu (SGK) bor\u00e7lar\u0131n\u0131n b\u00fcy\u00fck bir \u00e7o\u011funlu\u011funun CHP\u2019li belediyelere ait oldu\u011funu a\u00e7\u0131klad\u0131. Bakan I\u015f\u0131khan belediyelere son bir \u00e7a\u011fr\u0131 yaparak, bor\u00e7lar\u0131n \u00f6denmemesi durumunda \u015fubat ay\u0131n\u0131n ortalar\u0131nda belediyeler prim bor\u00e7lar\u0131n\u0131n kaynaktan kesilmesine ba\u015flayacaklar\u0131n\u0131 a\u00e7\u0131klad\u0131.\u00a0 SGK PR\u0130M BOR\u00c7LARI Belediyelerin SGK bor\u00e7lar\u0131na de\u011finen Bakan I\u015f\u0131khan, \u201cT\u00fcrkiye&#8217;de 30 b\u00fcy\u00fck\u015fehir, 51 il ve 920 il\u00e7e belediyesi bulunmakta. Belde belediyelerini de sayd\u0131\u011f\u0131m\u0131zda yakla\u015f\u0131k 1405 belediyemiz var. Bu konuyu ge\u00e7en sene g\u00fcndeme getirdi\u011fimizde sayg\u0131de\u011fer cumhurba\u015fkan\u0131m\u0131z da defaten ifade etti. \u00a0T\u00fcm bu belediyelerimizin bor\u00e7lar\u0131 96 milyar lirayd\u0131. Y\u0131l sonunda rakama dikkatinizi \u00e7ekmek isterim, 160 milyara ula\u015fm\u0131\u015f durumda. Ocak ay\u0131 itibariyle de bu rakam\u0131n 162 milyara ula\u015ft\u0131\u011f\u0131n\u0131 da s\u00f6yleyebiliriz\u201d dedi.\u00a0 EN \u00c7OK BOR\u00c7 CHP\u2019L\u0130 BELED\u0130YELERE A\u0130T\u00a0 SGK\u2019ya en \u00e7ok borcun CHP\u2019li belediyelere ait oldu\u011funu belirten Bakan I\u015f\u0131khan, \u201cBu \u00e7er\u00e7eve d\u0131\u015f\u0131nda ayn\u0131 zamanda CHP Genel Ba\u015fkan\u0131 yine SGK bor\u00e7lar\u0131 hakk\u0131nda \u00f6nceki yay\u0131nlarda da dile getirmi\u015ftim. Bir\u00e7ok rakam verdi, alt\u0131n hesab\u0131, kamyon hesab\u0131 yapt\u0131. Biz kamuoyuyla payla\u015farak bu rakamlar\u0131n, bu hesaplar\u0131n yanl\u0131\u015f oldu\u011funu, yalan oldu\u011funu defaten dile getirdik. Ancak genel olarak d\u00fc\u015f\u00fcnd\u00fc\u011f\u00fcm\u00fczde SGK&#8217;n\u0131n prim alacaklar\u0131n\u0131 bir yek\u00fbn olarak d\u00fc\u015f\u00fcnd\u00fc\u011f\u00fcm\u00fczde b\u00fcy\u00fck\u015fehir, il ve il\u00e7e belediyelerindeki bor\u00e7lar\u0131n b\u00fcy\u00fck bir k\u0131sm\u0131n\u0131n yine CHP&#8217;li belediyelere ait &hellip;<\/p>","protected":false},"author":5,"featured_media":0,"comment_status":"open","ping_status":"open","sticky":false,"template":"","format":"standard","meta":{"_acf_changed":false,"footnotes":""},"categories":[24],"tags":[],"class_list":["post-30127","post","type-post","status-publish","format-standard","has-post-thumbnail","hentry","category-gundem"],"acf":[],"yoast_head":"<!-- This site is optimized with the Yoast SEO Premium plugin v26.6 (Yoast SEO v27.1.1) - https:\/\/yoast.com\/product\/yoast-seo-premium-wordpress\/ -->\n<title>Bakan I\u015f\u0131khan, belediyelerden SGK kesintisi yap\u0131lacak tarihi a\u00e7\u0131klad\u0131 - Av. Deniz Can K\u0131z\u0131l<\/title>\n<meta name=\"robots\" content=\"index, follow, max-snippet:-1, max-image-preview:large, max-video-preview:-1\" \/>\n<link rel=\"canonical\" href=\"https:\/\/denizcankizil.tr\/uk\/haberler\/gundem\/bakan-isikhan-belediyelerden-sgk-kesintisi-yapilacak-tarihi-acikladi\/\" \/>\n<meta property=\"og:locale\" content=\"uk_UA\" \/>\n<meta property=\"og:type\" content=\"article\" \/>\n<meta property=\"og:title\" content=\"Bakan I\u015f\u0131khan, belediyelerden SGK kesintisi yap\u0131lacak tarihi a\u00e7\u0131klad\u0131\" \/>\n<meta property=\"og:description\" content=\"\u00c7al\u0131\u015fma ve Sosyal G\u00fcvenlik Bakan\u0131 Vedat I\u015f\u0131khan televizyonda kat\u0131ld\u0131\u011f\u0131 bir programda g\u00fcndeme ili\u015fkin \u00f6nemli bir a\u00e7\u0131klamalarda bulundu. Bakan I\u015f\u0131khan, Sosyal G\u00fcvenlik Kurumu (SGK) bor\u00e7lar\u0131n\u0131n b\u00fcy\u00fck bir \u00e7o\u011funlu\u011funun CHP\u2019li belediyelere ait oldu\u011funu a\u00e7\u0131klad\u0131. Bakan I\u015f\u0131khan belediyelere son bir \u00e7a\u011fr\u0131 yaparak, bor\u00e7lar\u0131n \u00f6denmemesi durumunda \u015fubat ay\u0131n\u0131n ortalar\u0131nda belediyeler prim bor\u00e7lar\u0131n\u0131n kaynaktan kesilmesine ba\u015flayacaklar\u0131n\u0131 a\u00e7\u0131klad\u0131.\u00a0 SGK PR\u0130M BOR\u00c7LARI Belediyelerin SGK bor\u00e7lar\u0131na de\u011finen Bakan I\u015f\u0131khan, \u201cT\u00fcrkiye&#8217;de 30 b\u00fcy\u00fck\u015fehir, 51 il ve 920 il\u00e7e belediyesi bulunmakta. Belde belediyelerini de sayd\u0131\u011f\u0131m\u0131zda yakla\u015f\u0131k 1405 belediyemiz var. Bu konuyu ge\u00e7en sene g\u00fcndeme getirdi\u011fimizde sayg\u0131de\u011fer cumhurba\u015fkan\u0131m\u0131z da defaten ifade etti. \u00a0T\u00fcm bu belediyelerimizin bor\u00e7lar\u0131 96 milyar lirayd\u0131. Y\u0131l sonunda rakama dikkatinizi \u00e7ekmek isterim, 160 milyara ula\u015fm\u0131\u015f durumda. Ocak ay\u0131 itibariyle de bu rakam\u0131n 162 milyara ula\u015ft\u0131\u011f\u0131n\u0131 da s\u00f6yleyebiliriz\u201d dedi.\u00a0 EN \u00c7OK BOR\u00c7 CHP\u2019L\u0130 BELED\u0130YELERE A\u0130T\u00a0 SGK\u2019ya en \u00e7ok borcun CHP\u2019li belediyelere ait oldu\u011funu belirten Bakan I\u015f\u0131khan, \u201cBu \u00e7er\u00e7eve d\u0131\u015f\u0131nda ayn\u0131 zamanda CHP Genel Ba\u015fkan\u0131 yine SGK bor\u00e7lar\u0131 hakk\u0131nda \u00f6nceki yay\u0131nlarda da dile getirmi\u015ftim. Bir\u00e7ok rakam verdi, alt\u0131n hesab\u0131, kamyon hesab\u0131 yapt\u0131. Biz kamuoyuyla payla\u015farak bu rakamlar\u0131n, bu hesaplar\u0131n yanl\u0131\u015f oldu\u011funu, yalan oldu\u011funu defaten dile getirdik. Ancak genel olarak d\u00fc\u015f\u00fcnd\u00fc\u011f\u00fcm\u00fczde SGK&#8217;n\u0131n prim alacaklar\u0131n\u0131 bir yek\u00fbn olarak d\u00fc\u015f\u00fcnd\u00fc\u011f\u00fcm\u00fczde b\u00fcy\u00fck\u015fehir, il ve il\u00e7e belediyelerindeki bor\u00e7lar\u0131n b\u00fcy\u00fck bir k\u0131sm\u0131n\u0131n yine CHP&#8217;li belediyelere ait &hellip;\" \/>\n<meta property=\"og:url\" content=\"https:\/\/denizcankizil.tr\/uk\/haberler\/gundem\/bakan-isikhan-belediyelerden-sgk-kesintisi-yapilacak-tarihi-acikladi\/\" \/>\n<meta property=\"og:site_name\" content=\"Av. Deniz Can K\u0131z\u0131l\" \/>\n<meta property=\"article:published_time\" content=\"2025-02-04T14:41:28+00:00\" \/>\n<meta name=\"author\" content=\"Antalya K\u00f6rfez\" \/>\n<meta name=\"twitter:card\" content=\"summary_large_image\" \/>\n<meta name=\"twitter:label1\" content=\"\u041d\u0430\u043f\u0438\u0441\u0430\u043d\u043e\" \/>\n\t<meta name=\"twitter:data1\" content=\"Antalya K\u00f6rfez\" \/>\n\t<meta name=\"twitter:label2\" content=\"\u041f\u0440\u0438\u0431\u043b. \u0447\u0430\u0441 \u0447\u0438\u0442\u0430\u043d\u043d\u044f\" \/>\n\t<meta name=\"twitter:data2\" content=\"4 \u0445\u0432\u0438\u043b\u0438\u043d\u0438\" \/>\n<script type=\"application\/ld+json\" class=\"yoast-schema-graph\">{\"@context\":\"https:\/\/schema.org\",\"@graph\":[{\"@type\":\"Article\",\"@id\":\"https:\/\/denizcankizil.tr\/uk\/haberler\/gundem\/bakan-isikhan-belediyelerden-sgk-kesintisi-yapilacak-tarihi-acikladi\/#article\",\"isPartOf\":{\"@id\":\"https:\/\/denizcankizil.tr\/uk\/haberler\/gundem\/bakan-isikhan-belediyelerden-sgk-kesintisi-yapilacak-tarihi-acikladi\/\"},\"author\":{\"name\":\"Antalya K\u00f6rfez\",\"@id\":\"https:\/\/denizcankizil.tr\/#\/schema\/person\/e1eb71bb4dd684d46563f0af307e1234\"},\"headline\":\"Bakan I\u015f\u0131khan, belediyelerden SGK kesintisi yap\u0131lacak tarihi a\u00e7\u0131klad\u0131\",\"datePublished\":\"2025-02-04T14:41:28+00:00\",\"mainEntityOfPage\":{\"@id\":\"https:\/\/denizcankizil.tr\/uk\/haberler\/gundem\/bakan-isikhan-belediyelerden-sgk-kesintisi-yapilacak-tarihi-acikladi\/\"},\"wordCount\":755,\"commentCount\":0,\"publisher\":{\"@id\":\"https:\/\/denizcankizil.tr\/#organization\"},\"articleSection\":[\"G\u00fcndem\"],\"inLanguage\":\"uk\",\"potentialAction\":[{\"@type\":\"CommentAction\",\"name\":\"Comment\",\"target\":[\"https:\/\/denizcankizil.tr\/uk\/haberler\/gundem\/bakan-isikhan-belediyelerden-sgk-kesintisi-yapilacak-tarihi-acikladi\/#respond\"]}]},{\"@type\":\"WebPage\",\"@id\":\"https:\/\/denizcankizil.tr\/uk\/haberler\/gundem\/bakan-isikhan-belediyelerden-sgk-kesintisi-yapilacak-tarihi-acikladi\/\",\"url\":\"https:\/\/denizcankizil.tr\/uk\/haberler\/gundem\/bakan-isikhan-belediyelerden-sgk-kesintisi-yapilacak-tarihi-acikladi\/\",\"name\":\"Bakan I\u015f\u0131khan, belediyelerden SGK kesintisi yap\u0131lacak tarihi a\u00e7\u0131klad\u0131 - Av. Deniz Can K\u0131z\u0131l\",\"isPartOf\":{\"@id\":\"https:\/\/denizcankizil.tr\/#website\"},\"datePublished\":\"2025-02-04T14:41:28+00:00\",\"breadcrumb\":{\"@id\":\"https:\/\/denizcankizil.tr\/uk\/haberler\/gundem\/bakan-isikhan-belediyelerden-sgk-kesintisi-yapilacak-tarihi-acikladi\/#breadcrumb\"},\"inLanguage\":\"uk\",\"potentialAction\":[{\"@type\":\"ReadAction\",\"target\":[\"https:\/\/denizcankizil.tr\/uk\/haberler\/gundem\/bakan-isikhan-belediyelerden-sgk-kesintisi-yapilacak-tarihi-acikladi\/\"]}]},{\"@type\":\"BreadcrumbList\",\"@id\":\"https:\/\/denizcankizil.tr\/uk\/haberler\/gundem\/bakan-isikhan-belediyelerden-sgk-kesintisi-yapilacak-tarihi-acikladi\/#breadcrumb\",\"itemListElement\":[{\"@type\":\"ListItem\",\"position\":1,\"name\":\"Home\",\"item\":\"https:\/\/denizcankizil.tr\/de\/\"},{\"@type\":\"ListItem\",\"position\":2,\"name\":\"Bakan I\u015f\u0131khan, belediyelerden SGK kesintisi yap\u0131lacak tarihi a\u00e7\u0131klad\u0131\"}]},{\"@type\":\"WebSite\",\"@id\":\"https:\/\/denizcankizil.tr\/#website\",\"url\":\"https:\/\/denizcankizil.tr\/\",\"name\":\"Av. Deniz Can K\u0131z\u0131l\",\"description\":\"Avukat Deniz Can K\u0131z\u0131l Antalya Barosu\",\"publisher\":{\"@id\":\"https:\/\/denizcankizil.tr\/#organization\"},\"potentialAction\":[{\"@type\":\"SearchAction\",\"target\":{\"@type\":\"EntryPoint\",\"urlTemplate\":\"https:\/\/denizcankizil.tr\/?s={search_term_string}\"},\"query-input\":{\"@type\":\"PropertyValueSpecification\",\"valueRequired\":true,\"valueName\":\"search_term_string\"}}],\"inLanguage\":\"uk\"},{\"@type\":\"Organization\",\"@id\":\"https:\/\/denizcankizil.tr\/#organization\",\"name\":\"Av. Deniz Can K\u0131z\u0131l\",\"url\":\"https:\/\/denizcankizil.tr\/\",\"logo\":{\"@type\":\"ImageObject\",\"inLanguage\":\"uk\",\"@id\":\"https:\/\/denizcankizil.tr\/#\/schema\/logo\/image\/\",\"url\":\"https:\/\/denizcankizil.tr\/wp-content\/uploads\/2024\/10\/siyah-logo-svg.svg\",\"contentUrl\":\"https:\/\/denizcankizil.tr\/wp-content\/uploads\/2024\/10\/siyah-logo-svg.svg\",\"width\":1080,\"height\":1080,\"caption\":\"Av. Deniz Can K\u0131z\u0131l\"},\"image\":{\"@id\":\"https:\/\/denizcankizil.tr\/#\/schema\/logo\/image\/\"}},{\"@type\":\"Person\",\"@id\":\"https:\/\/denizcankizil.tr\/#\/schema\/person\/e1eb71bb4dd684d46563f0af307e1234\",\"name\":\"Antalya K\u00f6rfez\",\"image\":{\"@type\":\"ImageObject\",\"inLanguage\":\"uk\",\"@id\":\"https:\/\/denizcankizil.tr\/#\/schema\/person\/image\/\",\"url\":\"https:\/\/secure.gravatar.com\/avatar\/42b01982558a48a0b501fdcab6a408d3717ea5919095ee2e67b0e521799c5905?s=96&d=mm&r=g\",\"contentUrl\":\"https:\/\/secure.gravatar.com\/avatar\/42b01982558a48a0b501fdcab6a408d3717ea5919095ee2e67b0e521799c5905?s=96&d=mm&r=g\",\"caption\":\"Antalya K\u00f6rfez\"},\"sameAs\":[\"http:\/\/www.antalyakorfez.com\"],\"url\":\"https:\/\/www.antalyakorfez.com\/bakan-isikhan-belediyelerden-sgk-kesintisi-yapilacak-tarihi-acikladi\"}]}<\/script>\n<!-- \/ Yoast SEO Premium plugin. -->","yoast_head_json":{"title":"Bakan I\u015f\u0131khan, belediyelerden SGK kesintisi yap\u0131lacak tarihi a\u00e7\u0131klad\u0131 - Av. Deniz Can K\u0131z\u0131l","robots":{"index":"index","follow":"follow","max-snippet":"max-snippet:-1","max-image-preview":"max-image-preview:large","max-video-preview":"max-video-preview:-1"},"canonical":"https:\/\/denizcankizil.tr\/uk\/haberler\/gundem\/bakan-isikhan-belediyelerden-sgk-kesintisi-yapilacak-tarihi-acikladi\/","og_locale":"uk_UA","og_type":"article","og_title":"Bakan I\u015f\u0131khan, belediyelerden SGK kesintisi yap\u0131lacak tarihi a\u00e7\u0131klad\u0131","og_description":"\u00c7al\u0131\u015fma ve Sosyal G\u00fcvenlik Bakan\u0131 Vedat I\u015f\u0131khan televizyonda kat\u0131ld\u0131\u011f\u0131 bir programda g\u00fcndeme ili\u015fkin \u00f6nemli bir a\u00e7\u0131klamalarda bulundu. Bakan I\u015f\u0131khan, Sosyal G\u00fcvenlik Kurumu (SGK) bor\u00e7lar\u0131n\u0131n b\u00fcy\u00fck bir \u00e7o\u011funlu\u011funun CHP\u2019li belediyelere ait oldu\u011funu a\u00e7\u0131klad\u0131. Bakan I\u015f\u0131khan belediyelere son bir \u00e7a\u011fr\u0131 yaparak, bor\u00e7lar\u0131n \u00f6denmemesi durumunda \u015fubat ay\u0131n\u0131n ortalar\u0131nda belediyeler prim bor\u00e7lar\u0131n\u0131n kaynaktan kesilmesine ba\u015flayacaklar\u0131n\u0131 a\u00e7\u0131klad\u0131.\u00a0 SGK PR\u0130M BOR\u00c7LARI Belediyelerin SGK bor\u00e7lar\u0131na de\u011finen Bakan I\u015f\u0131khan, \u201cT\u00fcrkiye&#8217;de 30 b\u00fcy\u00fck\u015fehir, 51 il ve 920 il\u00e7e belediyesi bulunmakta. Belde belediyelerini de sayd\u0131\u011f\u0131m\u0131zda yakla\u015f\u0131k 1405 belediyemiz var. Bu konuyu ge\u00e7en sene g\u00fcndeme getirdi\u011fimizde sayg\u0131de\u011fer cumhurba\u015fkan\u0131m\u0131z da defaten ifade etti. \u00a0T\u00fcm bu belediyelerimizin bor\u00e7lar\u0131 96 milyar lirayd\u0131. Y\u0131l sonunda rakama dikkatinizi \u00e7ekmek isterim, 160 milyara ula\u015fm\u0131\u015f durumda. Ocak ay\u0131 itibariyle de bu rakam\u0131n 162 milyara ula\u015ft\u0131\u011f\u0131n\u0131 da s\u00f6yleyebiliriz\u201d dedi.\u00a0 EN \u00c7OK BOR\u00c7 CHP\u2019L\u0130 BELED\u0130YELERE A\u0130T\u00a0 SGK\u2019ya en \u00e7ok borcun CHP\u2019li belediyelere ait oldu\u011funu belirten Bakan I\u015f\u0131khan, \u201cBu \u00e7er\u00e7eve d\u0131\u015f\u0131nda ayn\u0131 zamanda CHP Genel Ba\u015fkan\u0131 yine SGK bor\u00e7lar\u0131 hakk\u0131nda \u00f6nceki yay\u0131nlarda da dile getirmi\u015ftim. Bir\u00e7ok rakam verdi, alt\u0131n hesab\u0131, kamyon hesab\u0131 yapt\u0131. Biz kamuoyuyla payla\u015farak bu rakamlar\u0131n, bu hesaplar\u0131n yanl\u0131\u015f oldu\u011funu, yalan oldu\u011funu defaten dile getirdik. Ancak genel olarak d\u00fc\u015f\u00fcnd\u00fc\u011f\u00fcm\u00fczde SGK&#8217;n\u0131n prim alacaklar\u0131n\u0131 bir yek\u00fbn olarak d\u00fc\u015f\u00fcnd\u00fc\u011f\u00fcm\u00fczde b\u00fcy\u00fck\u015fehir, il ve il\u00e7e belediyelerindeki bor\u00e7lar\u0131n b\u00fcy\u00fck bir k\u0131sm\u0131n\u0131n yine CHP&#8217;li belediyelere ait &hellip;","og_url":"https:\/\/denizcankizil.tr\/uk\/haberler\/gundem\/bakan-isikhan-belediyelerden-sgk-kesintisi-yapilacak-tarihi-acikladi\/","og_site_name":"Av. Deniz Can K\u0131z\u0131l","article_published_time":"2025-02-04T14:41:28+00:00","author":"Antalya K\u00f6rfez","twitter_card":"summary_large_image","twitter_misc":{"\u041d\u0430\u043f\u0438\u0441\u0430\u043d\u043e":"Antalya K\u00f6rfez","\u041f\u0440\u0438\u0431\u043b. \u0447\u0430\u0441 \u0447\u0438\u0442\u0430\u043d\u043d\u044f":"4 \u0445\u0432\u0438\u043b\u0438\u043d\u0438"},"schema":{"@context":"https:\/\/schema.org","@graph":[{"@type":"Article","@id":"https:\/\/denizcankizil.tr\/uk\/haberler\/gundem\/bakan-isikhan-belediyelerden-sgk-kesintisi-yapilacak-tarihi-acikladi\/#article","isPartOf":{"@id":"https:\/\/denizcankizil.tr\/uk\/haberler\/gundem\/bakan-isikhan-belediyelerden-sgk-kesintisi-yapilacak-tarihi-acikladi\/"},"author":{"name":"Antalya K\u00f6rfez","@id":"https:\/\/denizcankizil.tr\/#\/schema\/person\/e1eb71bb4dd684d46563f0af307e1234"},"headline":"Bakan I\u015f\u0131khan, belediyelerden SGK kesintisi yap\u0131lacak tarihi a\u00e7\u0131klad\u0131","datePublished":"2025-02-04T14:41:28+00:00","mainEntityOfPage":{"@id":"https:\/\/denizcankizil.tr\/uk\/haberler\/gundem\/bakan-isikhan-belediyelerden-sgk-kesintisi-yapilacak-tarihi-acikladi\/"},"wordCount":755,"commentCount":0,"publisher":{"@id":"https:\/\/denizcankizil.tr\/#organization"},"articleSection":["G\u00fcndem"],"inLanguage":"uk","potentialAction":[{"@type":"CommentAction","name":"Comment","target":["https:\/\/denizcankizil.tr\/uk\/haberler\/gundem\/bakan-isikhan-belediyelerden-sgk-kesintisi-yapilacak-tarihi-acikladi\/#respond"]}]},{"@type":"WebPage","@id":"https:\/\/denizcankizil.tr\/uk\/haberler\/gundem\/bakan-isikhan-belediyelerden-sgk-kesintisi-yapilacak-tarihi-acikladi\/","url":"https:\/\/denizcankizil.tr\/uk\/haberler\/gundem\/bakan-isikhan-belediyelerden-sgk-kesintisi-yapilacak-tarihi-acikladi\/","name":"Bakan I\u015f\u0131khan, belediyelerden SGK kesintisi yap\u0131lacak tarihi a\u00e7\u0131klad\u0131 - Av. Deniz Can K\u0131z\u0131l","isPartOf":{"@id":"https:\/\/denizcankizil.tr\/#website"},"datePublished":"2025-02-04T14:41:28+00:00","breadcrumb":{"@id":"https:\/\/denizcankizil.tr\/uk\/haberler\/gundem\/bakan-isikhan-belediyelerden-sgk-kesintisi-yapilacak-tarihi-acikladi\/#breadcrumb"},"inLanguage":"uk","potentialAction":[{"@type":"ReadAction","target":["https:\/\/denizcankizil.tr\/uk\/haberler\/gundem\/bakan-isikhan-belediyelerden-sgk-kesintisi-yapilacak-tarihi-acikladi\/"]}]},{"@type":"BreadcrumbList","@id":"https:\/\/denizcankizil.tr\/uk\/haberler\/gundem\/bakan-isikhan-belediyelerden-sgk-kesintisi-yapilacak-tarihi-acikladi\/#breadcrumb","itemListElement":[{"@type":"ListItem","position":1,"name":"Home","item":"https:\/\/denizcankizil.tr\/de\/"},{"@type":"ListItem","position":2,"name":"Bakan I\u015f\u0131khan, belediyelerden SGK kesintisi yap\u0131lacak tarihi a\u00e7\u0131klad\u0131"}]},{"@type":"WebSite","@id":"https:\/\/denizcankizil.tr\/#website","url":"https:\/\/denizcankizil.tr\/","name":"Av. Deniz Can K\u0131z\u0131l","description":"Avukat Deniz Can K\u0131z\u0131l Antalya Barosu","publisher":{"@id":"https:\/\/denizcankizil.tr\/#organization"},"potentialAction":[{"@type":"SearchAction","target":{"@type":"EntryPoint","urlTemplate":"https:\/\/denizcankizil.tr\/?s={search_term_string}"},"query-input":{"@type":"PropertyValueSpecification","valueRequired":true,"valueName":"search_term_string"}}],"inLanguage":"uk"},{"@type":"Organization","@id":"https:\/\/denizcankizil.tr\/#organization","name":"Av. Deniz Can K\u0131z\u0131l","url":"https:\/\/denizcankizil.tr\/","logo":{"@type":"ImageObject","inLanguage":"uk","@id":"https:\/\/denizcankizil.tr\/#\/schema\/logo\/image\/","url":"https:\/\/denizcankizil.tr\/wp-content\/uploads\/2024\/10\/siyah-logo-svg.svg","contentUrl":"https:\/\/denizcankizil.tr\/wp-content\/uploads\/2024\/10\/siyah-logo-svg.svg","width":1080,"height":1080,"caption":"Av. Deniz Can K\u0131z\u0131l"},"image":{"@id":"https:\/\/denizcankizil.tr\/#\/schema\/logo\/image\/"}},{"@type":"Person","@id":"https:\/\/denizcankizil.tr\/#\/schema\/person\/e1eb71bb4dd684d46563f0af307e1234","name":"Antalya K\u00f6rfez","image":{"@type":"ImageObject","inLanguage":"uk","@id":"https:\/\/denizcankizil.tr\/#\/schema\/person\/image\/","url":"https:\/\/secure.gravatar.com\/avatar\/42b01982558a48a0b501fdcab6a408d3717ea5919095ee2e67b0e521799c5905?s=96&d=mm&r=g","contentUrl":"https:\/\/secure.gravatar.com\/avatar\/42b01982558a48a0b501fdcab6a408d3717ea5919095ee2e67b0e521799c5905?s=96&d=mm&r=g","caption":"Antalya K\u00f6rfez"},"sameAs":["http:\/\/www.antalyakorfez.com"],"url":"https:\/\/www.antalyakorfez.com\/bakan-isikhan-belediyelerden-sgk-kesintisi-yapilacak-tarihi-acikladi"}]}},"_links":{"self":[{"href":"https:\/\/denizcankizil.tr\/uk\/wp-json\/wp\/v2\/posts\/30127","targetHints":{"allow":["GET"]}}],"collection":[{"href":"https:\/\/denizcankizil.tr\/uk\/wp-json\/wp\/v2\/posts"}],"about":[{"href":"https:\/\/denizcankizil.tr\/uk\/wp-json\/wp\/v2\/types\/post"}],"author":[{"embeddable":true,"href":"https:\/\/denizcankizil.tr\/uk\/wp-json\/wp\/v2\/users\/5"}],"replies":[{"embeddable":true,"href":"https:\/\/denizcankizil.tr\/uk\/wp-json\/wp\/v2\/comments?post=30127"}],"version-history":[{"count":0,"href":"https:\/\/denizcankizil.tr\/uk\/wp-json\/wp\/v2\/posts\/30127\/revisions"}],"wp:attachment":[{"href":"https:\/\/denizcankizil.tr\/uk\/wp-json\/wp\/v2\/media?parent=30127"}],"wp:term":[{"taxonomy":"category","embeddable":true,"href":"https:\/\/denizcankizil.tr\/uk\/wp-json\/wp\/v2\/categories?post=30127"},{"taxonomy":"post_tag","embeddable":true,"href":"https:\/\/denizcankizil.tr\/uk\/wp-json\/wp\/v2\/tags?post=30127"}],"curies":[{"name":"wp","href":"https:\/\/api.w.org\/{rel}","templated":true}]}}