{"id":30042,"date":"2025-02-04T12:04:00","date_gmt":"2025-02-04T09:04:00","guid":{"rendered":"https:\/\/denizcankizil.tr\/uncategorized-tr\/cmk-ucret-tarifesi-avukatlik-haysiyeti-ile-bagdasmamaktadir\/"},"modified":"2025-02-04T12:04:00","modified_gmt":"2025-02-04T09:04:00","slug":"cmk-ucret-tarifesi-avukatlik-haysiyeti-ile-bagdasmamaktadir","status":"publish","type":"post","link":"https:\/\/denizcankizil.tr\/uk\/hukukihaber\/cmk-ucret-tarifesi-avukatlik-haysiyeti-ile-bagdasmamaktadir\/","title":{"rendered":"CMK \u00dccret Tarifesi avukatl\u0131k haysiyeti ile ba\u011fda\u015fmamaktad\u0131r"},"content":{"rendered":"<p>\u0130stanbul Barosu taraf\u0131ndan &#8220;CMK \u00dccret Tarifesi avukatl\u0131k haysiyeti ile ba\u011fda\u015fmamaktad\u0131r&#8221; ba\u015fl\u0131\u011f\u0131 ile yap\u0131lan a\u00e7\u0131klama\u00a0\u015f\u00f6yle;<\/p>\n<p>&#8220;Ceza Muhakemesi Kanunu Gere\u011fince G\u00f6revlendirilen M\u00fcdafi ve Vekillere Yap\u0131lacak \u00d6demelere ili\u015fkin 2025 y\u0131l\u0131 tarifesi, Resmi Gazete&#8217;de yay\u0131mlanm\u0131\u015ft\u0131r.<br \/>\nTarife bu sene de b\u00fct\u00fcn olarak ele al\u0131nmam\u0131\u015f, \u00f6nceki tarife \u00fczerinden ortalama y\u00fczde k\u0131rk zam yap\u0131lmakla yetinilmi\u015ftir.<\/p>\n<p>SEFALET \u00dcCRET\u0130 GER\u0130DE KALDI<\/p>\n<p>Zam oran\u0131 sonucu olu\u015fan tarife y\u0131llard\u0131r s\u00f6ylenen \u201csefalet \u00fccreti\u201d tan\u0131mlamas\u0131n\u0131 ge\u00e7mi\u015f, a\u00e7\u0131klanan tarife a\u00e7l\u0131k s\u0131n\u0131r\u0131n\u0131n dahi alt\u0131nda kalm\u0131\u015f, hayat\u0131n ger\u00e7eklerinden uzak bir hal alm\u0131\u015ft\u0131r.<\/p>\n<p>\u00d6zellikle \u0130stanbul ko\u015fullar\u0131nda bu tarife ile g\u00f6rev yapabilmenin meslekta\u015flar\u0131m\u0131z a\u00e7\u0131s\u0131ndan hi\u00e7bir ger\u00e7ekli\u011fi kalmam\u0131\u015ft\u0131r.<\/p>\n<p>Gelinen son durumun vahametini bir \u00f6rnekle a\u00e7\u0131klamak gerekirse; TBB taraf\u0131ndan belirlenen 2024 \u2013 2025 y\u0131l\u0131 Avukatl\u0131k Asgari \u00dccret Tarifesi uyar\u0131nca a\u011f\u0131r ceza mahkemeleri bak\u0131m\u0131ndan asgari \u00fccret 48.000,00 TL\u2019dir. Dolay\u0131s\u0131yla herhangi bir\u00a0 a\u011f\u0131r ceza mahkemesi dosyas\u0131nda, tarifede a\u00e7\u0131k\u00e7a belirtilen tutar\u0131n alt\u0131nda avukatl\u0131k faaliyetlerinin icra edilmesi yasakt\u0131r. Hen\u00fcz a\u00e7\u0131klanan 2025 y\u0131l\u0131 CMK \u00dccret Tarifesinde ise ayn\u0131 kapsamdaki i\u015f i\u00e7in \u00f6ng\u00f6r\u00fclen \u00fccret 9.871,00 TL\u2019dir.<\/p>\n<p>G\u0130DERLER\u0130 DAH\u0130 KAR\u015eILAMAKTAN UZAK<\/p>\n<p>Soru\u015fturma evresinde takip edilen bir i\u015f i\u00e7in belirlenen br\u00fct 3.209,00 TL \u00fczerinden stopaj ve KDV d\u00fc\u015f\u00fcld\u00fckten sonra net 2.139,33 TL kalmakta olup, uzun saatler s\u00fcren soru\u015fturma evresinde bu net \u00fccret, o i\u015f i\u00e7in avukat\u0131n yapt\u0131\u011f\u0131 giderleri kar\u015f\u0131lamaktan dahi uzakt\u0131r.<\/p>\n<p>Ayr\u0131ca ge\u00e7ti\u011fimiz sene AA\u00dcT\u2019ye eklenen, CMK zorunlu m\u00fcdafileri ve vekilleri lehine kar\u015f\u0131 yan \/ beraat vekalet \u00fccretine h\u00fckmedilmesi uygulamas\u0131, Yarg\u0131tay ve derece mahkemeleri nezdinde yeknesak bir uygulamaya d\u00f6n\u00fc\u015fememi\u015f, diren\u00e7le kar\u015f\u0131la\u015fm\u0131\u015f; yasal dayana\u011f\u0131 olmad\u0131\u011f\u0131 gerek\u00e7esiyle \u00e7o\u011funlukla uygulanmam\u0131\u015ft\u0131r. Bu da zaten \u00fccretleri d\u00fc\u015f\u00fck olan CMK g\u00f6revlendirmelerinde kazan\u00e7 d\u00fczeyinin iyice d\u00fc\u015fmesine sebep olmu\u015ftur.<\/p>\n<p>\u00d6zetle tarifede \u00f6ng\u00f6r\u00fclen \u00fccretler \u00fczerinden KDV al\u0131nmakta, Bakanl\u0131k\u00e7a verilen zorunlu yol giderleri tek bir duru\u015fma masraf\u0131na dahi denk d\u00fc\u015fmemekte olup; sair giderler ise hi\u00e7bir surette kar\u015f\u0131lanmamaktad\u0131r.<\/p>\n<p>CMK sisteminin y\u0131llard\u0131r \u00e7\u00f6z\u00fclemeyen ve \u00e7\u00f6z\u00fcms\u00fcz kald\u0131k\u00e7a b\u00fcy\u00fcyen sorunlar\u0131 vard\u0131r. Bu sorunlar gerek avukatlar aras\u0131nda, gerekse kurumlar aras\u0131nda g\u00f6r\u00fc\u015f\u00fclmektedir. Ancak g\u00f6zden ka\u00e7\u0131r\u0131lmamas\u0131 gereken \u015fudur: CMK sistemindeki sorunlar\u0131n temelinde \u00fccret problemi yatmaktad\u0131r. Sistemin amac\u0131 ne olursa olsun; kar\u015f\u0131l\u0131\u011f\u0131nda avukatl\u0131k haysiyetine yara\u015f\u0131r \u00fccretler belirlenmezse, sistemin sorunlar\u0131n\u0131n daha fazla a\u00e7maza girece\u011fi a\u00e7\u0131kt\u0131r. \u00dccret tarifesini g\u00fcn\u00fcn ekonomik ve sosyal ko\u015fullar\u0131na g\u00f6re ele almadan, zorunlu m\u00fcdafilik sisteminde somut iyile\u015fmeler beklemek ger\u00e7ek\u00e7i de\u011fildir.<\/p>\n<p>AD\u0130L YARGILANMA HAKKI ZEDELENMEKTE<\/p>\n<p>Sonu\u00e7 olarak CMK zorunlu m\u00fcdafilik \u00fccretlerinin avukatl\u0131k haysiyetine yara\u015f\u0131r bir seviyede yeniden ele al\u0131nmamas\u0131, zorunlu m\u00fcdafilik sisteminin etkinli\u011fi ve i\u015flerli\u011fine de g\u00f6lge d\u00fc\u015f\u00fcrmektedir. Bu sebeple CMK s\u00fcrecindeki s\u00fcjelerin yararland\u0131\u011f\u0131 hukuki yard\u0131m\u0131n niteli\u011fi de etkilenmekte, adil yarg\u0131lanma hakk\u0131 ve Anayasan\u0131n Sosyal Devlet ilkesi zedelenmektedir.<\/p>\n<p>YEN\u0130 TAR\u0130FE YAPILMALI<\/p>\n<p>\u0130lgili Bakanl\u0131klar\u0131; t\u00fcm barolar\u0131n g\u00f6r\u00fc\u015flerini, CMK zorunlu m\u00fcdafilik sisteminin sorunlar\u0131n\u0131, g\u00fcncel ekonomik ko\u015fullar\u0131 dikkate alarak tarifeyi ger\u00e7ek\u00e7i bir \u015fekilde yeniden ele almaya; muhakeme s\u00fcjelerinin mahkemeye eri\u015fim ve adil yarg\u0131lanma haklar\u0131n\u0131n etkin kullan\u0131m\u0131n\u0131 g\u00f6zeten, sosyal devlet ilkesini temel alan, avukatl\u0131k haysiyetiyle ba\u011fda\u015f\u0131r nitelikte yeni bir tarife yapmaya \u00e7a\u011f\u0131r\u0131yoruz.<\/p>\n<p>Baromuz; TBB, barolar ve meslekta\u015flar\u0131m\u0131zla birlikte s\u00fcreci de\u011ferlendirecek ve her t\u00fcrl\u00fc eylem ve etkinli\u011fi\u00a0planlayacakt\u0131r.&#8221;<\/p>\n<p>&gt;&gt; 2025 YILI CMK \u00dcCRET TAR\u0130FES\u0130 i\u00e7in TIKLAYINIZ<\/p>\n<p>\u200b\u0130stanbul Barosu, 2025 y\u0131l\u0131 CMK \u00dccret Tarifesi kapsam\u0131nda yap\u0131lan art\u0131\u015fa tepki g\u00f6sterdi. Avukatl\u0131k haysiyetiyle ba\u011fda\u015f\u0131r nitelikte yeni bir tarife \u00e7a\u011fr\u0131s\u0131nda bulunan Barodan yap\u0131lan a\u00e7\u0131klamada &#8220;Tarife &#8216;sefalet \u00fccreti&#8217; tan\u0131mlamas\u0131n\u0131 ge\u00e7mi\u015f, a\u00e7l\u0131k s\u0131n\u0131r\u0131n\u0131n dahi alt\u0131nda kalm\u0131\u015ft\u0131r.&#8221; denildi.\u00a0Hukuki Haber<\/p>","protected":false},"excerpt":{"rendered":"<p>\u0130stanbul Barosu taraf\u0131ndan &#8220;CMK \u00dccret Tarifesi avukatl\u0131k haysiyeti ile ba\u011fda\u015fmamaktad\u0131r&#8221; ba\u015fl\u0131\u011f\u0131 ile yap\u0131lan a\u00e7\u0131klama\u00a0\u015f\u00f6yle; &#8220;Ceza Muhakemesi Kanunu Gere\u011fince G\u00f6revlendirilen M\u00fcdafi ve Vekillere Yap\u0131lacak \u00d6demelere ili\u015fkin 2025 y\u0131l\u0131 tarifesi, Resmi Gazete&#8217;de yay\u0131mlanm\u0131\u015ft\u0131r. Tarife bu sene de b\u00fct\u00fcn olarak ele al\u0131nmam\u0131\u015f, \u00f6nceki tarife \u00fczerinden ortalama y\u00fczde k\u0131rk zam yap\u0131lmakla yetinilmi\u015ftir. SEFALET \u00dcCRET\u0130 GER\u0130DE KALDI Zam oran\u0131 sonucu olu\u015fan tarife y\u0131llard\u0131r s\u00f6ylenen \u201csefalet \u00fccreti\u201d tan\u0131mlamas\u0131n\u0131 ge\u00e7mi\u015f, a\u00e7\u0131klanan tarife a\u00e7l\u0131k s\u0131n\u0131r\u0131n\u0131n dahi alt\u0131nda kalm\u0131\u015f, hayat\u0131n ger\u00e7eklerinden uzak bir hal alm\u0131\u015ft\u0131r. \u00d6zellikle \u0130stanbul ko\u015fullar\u0131nda bu tarife ile g\u00f6rev yapabilmenin meslekta\u015flar\u0131m\u0131z a\u00e7\u0131s\u0131ndan hi\u00e7bir ger\u00e7ekli\u011fi kalmam\u0131\u015ft\u0131r. Gelinen son durumun vahametini bir \u00f6rnekle a\u00e7\u0131klamak gerekirse; TBB taraf\u0131ndan belirlenen 2024 \u2013 2025 y\u0131l\u0131 Avukatl\u0131k Asgari \u00dccret Tarifesi uyar\u0131nca a\u011f\u0131r ceza mahkemeleri bak\u0131m\u0131ndan asgari \u00fccret 48.000,00 TL\u2019dir. Dolay\u0131s\u0131yla herhangi bir\u00a0 a\u011f\u0131r ceza mahkemesi dosyas\u0131nda, tarifede a\u00e7\u0131k\u00e7a belirtilen tutar\u0131n alt\u0131nda avukatl\u0131k faaliyetlerinin icra edilmesi yasakt\u0131r. Hen\u00fcz a\u00e7\u0131klanan 2025 y\u0131l\u0131 CMK \u00dccret Tarifesinde ise ayn\u0131 kapsamdaki i\u015f i\u00e7in \u00f6ng\u00f6r\u00fclen \u00fccret 9.871,00 TL\u2019dir. G\u0130DERLER\u0130 DAH\u0130 KAR\u015eILAMAKTAN UZAK Soru\u015fturma evresinde takip edilen bir i\u015f i\u00e7in belirlenen br\u00fct 3.209,00 TL \u00fczerinden stopaj ve KDV d\u00fc\u015f\u00fcld\u00fckten sonra net 2.139,33 TL kalmakta olup, uzun saatler s\u00fcren soru\u015fturma evresinde bu net \u00fccret, o i\u015f i\u00e7in avukat\u0131n yapt\u0131\u011f\u0131 giderleri kar\u015f\u0131lamaktan dahi uzakt\u0131r. Ayr\u0131ca ge\u00e7ti\u011fimiz sene AA\u00dcT\u2019ye eklenen, CMK zorunlu &hellip;<\/p>","protected":false},"author":3,"featured_media":0,"comment_status":"open","ping_status":"open","sticky":false,"template":"","format":"standard","meta":{"_acf_changed":false,"footnotes":""},"categories":[27],"tags":[],"class_list":["post-30042","post","type-post","status-publish","format-standard","has-post-thumbnail","hentry","category-hukukihaber"],"acf":[],"yoast_head":"<!-- This site is optimized with the Yoast SEO Premium plugin v26.6 (Yoast SEO v27.1.1) - https:\/\/yoast.com\/product\/yoast-seo-premium-wordpress\/ -->\n<title>CMK \u00dccret Tarifesi avukatl\u0131k haysiyeti ile ba\u011fda\u015fmamaktad\u0131r - Av. Deniz Can K\u0131z\u0131l<\/title>\n<meta name=\"robots\" content=\"index, follow, max-snippet:-1, max-image-preview:large, max-video-preview:-1\" \/>\n<link rel=\"canonical\" href=\"https:\/\/denizcankizil.tr\/uk\/hukukihaber\/cmk-ucret-tarifesi-avukatlik-haysiyeti-ile-bagdasmamaktadir\/\" \/>\n<meta property=\"og:locale\" content=\"uk_UA\" \/>\n<meta property=\"og:type\" content=\"article\" \/>\n<meta property=\"og:title\" content=\"CMK \u00dccret Tarifesi avukatl\u0131k haysiyeti ile ba\u011fda\u015fmamaktad\u0131r\" \/>\n<meta property=\"og:description\" content=\"\u0130stanbul Barosu taraf\u0131ndan &#8220;CMK \u00dccret Tarifesi avukatl\u0131k haysiyeti ile ba\u011fda\u015fmamaktad\u0131r&#8221; ba\u015fl\u0131\u011f\u0131 ile yap\u0131lan a\u00e7\u0131klama\u00a0\u015f\u00f6yle; &#8220;Ceza Muhakemesi Kanunu Gere\u011fince G\u00f6revlendirilen M\u00fcdafi ve Vekillere Yap\u0131lacak \u00d6demelere ili\u015fkin 2025 y\u0131l\u0131 tarifesi, Resmi Gazete&#8217;de yay\u0131mlanm\u0131\u015ft\u0131r. Tarife bu sene de b\u00fct\u00fcn olarak ele al\u0131nmam\u0131\u015f, \u00f6nceki tarife \u00fczerinden ortalama y\u00fczde k\u0131rk zam yap\u0131lmakla yetinilmi\u015ftir. SEFALET \u00dcCRET\u0130 GER\u0130DE KALDI Zam oran\u0131 sonucu olu\u015fan tarife y\u0131llard\u0131r s\u00f6ylenen \u201csefalet \u00fccreti\u201d tan\u0131mlamas\u0131n\u0131 ge\u00e7mi\u015f, a\u00e7\u0131klanan tarife a\u00e7l\u0131k s\u0131n\u0131r\u0131n\u0131n dahi alt\u0131nda kalm\u0131\u015f, hayat\u0131n ger\u00e7eklerinden uzak bir hal alm\u0131\u015ft\u0131r. \u00d6zellikle \u0130stanbul ko\u015fullar\u0131nda bu tarife ile g\u00f6rev yapabilmenin meslekta\u015flar\u0131m\u0131z a\u00e7\u0131s\u0131ndan hi\u00e7bir ger\u00e7ekli\u011fi kalmam\u0131\u015ft\u0131r. Gelinen son durumun vahametini bir \u00f6rnekle a\u00e7\u0131klamak gerekirse; TBB taraf\u0131ndan belirlenen 2024 \u2013 2025 y\u0131l\u0131 Avukatl\u0131k Asgari \u00dccret Tarifesi uyar\u0131nca a\u011f\u0131r ceza mahkemeleri bak\u0131m\u0131ndan asgari \u00fccret 48.000,00 TL\u2019dir. Dolay\u0131s\u0131yla herhangi bir\u00a0 a\u011f\u0131r ceza mahkemesi dosyas\u0131nda, tarifede a\u00e7\u0131k\u00e7a belirtilen tutar\u0131n alt\u0131nda avukatl\u0131k faaliyetlerinin icra edilmesi yasakt\u0131r. Hen\u00fcz a\u00e7\u0131klanan 2025 y\u0131l\u0131 CMK \u00dccret Tarifesinde ise ayn\u0131 kapsamdaki i\u015f i\u00e7in \u00f6ng\u00f6r\u00fclen \u00fccret 9.871,00 TL\u2019dir. G\u0130DERLER\u0130 DAH\u0130 KAR\u015eILAMAKTAN UZAK Soru\u015fturma evresinde takip edilen bir i\u015f i\u00e7in belirlenen br\u00fct 3.209,00 TL \u00fczerinden stopaj ve KDV d\u00fc\u015f\u00fcld\u00fckten sonra net 2.139,33 TL kalmakta olup, uzun saatler s\u00fcren soru\u015fturma evresinde bu net \u00fccret, o i\u015f i\u00e7in avukat\u0131n yapt\u0131\u011f\u0131 giderleri kar\u015f\u0131lamaktan dahi uzakt\u0131r. Ayr\u0131ca ge\u00e7ti\u011fimiz sene AA\u00dcT\u2019ye eklenen, CMK zorunlu &hellip;\" \/>\n<meta property=\"og:url\" content=\"https:\/\/denizcankizil.tr\/uk\/hukukihaber\/cmk-ucret-tarifesi-avukatlik-haysiyeti-ile-bagdasmamaktadir\/\" \/>\n<meta property=\"og:site_name\" content=\"Av. Deniz Can K\u0131z\u0131l\" \/>\n<meta property=\"article:published_time\" content=\"2025-02-04T09:04:00+00:00\" \/>\n<meta name=\"author\" content=\"Hukuki Haber.net\" \/>\n<meta name=\"twitter:card\" content=\"summary_large_image\" \/>\n<meta name=\"twitter:label1\" content=\"\u041d\u0430\u043f\u0438\u0441\u0430\u043d\u043e\" \/>\n\t<meta name=\"twitter:data1\" content=\"Hukuki Haber.net\" \/>\n\t<meta name=\"twitter:label2\" content=\"\u041f\u0440\u0438\u0431\u043b. \u0447\u0430\u0441 \u0447\u0438\u0442\u0430\u043d\u043d\u044f\" \/>\n\t<meta name=\"twitter:data2\" content=\"4 \u0445\u0432\u0438\u043b\u0438\u043d\u0438\" \/>\n<script type=\"application\/ld+json\" class=\"yoast-schema-graph\">{\"@context\":\"https:\/\/schema.org\",\"@graph\":[{\"@type\":\"Article\",\"@id\":\"https:\/\/denizcankizil.tr\/en\/hukukihaber\/cmk-ucret-tarifesi-avukatlik-haysiyeti-ile-bagdasmamaktadir\/#article\",\"isPartOf\":{\"@id\":\"https:\/\/denizcankizil.tr\/en\/hukukihaber\/cmk-ucret-tarifesi-avukatlik-haysiyeti-ile-bagdasmamaktadir\/\"},\"author\":{\"name\":\"Hukuki Haber.net\",\"@id\":\"https:\/\/denizcankizil.tr\/de\/#\/schema\/person\/001a271de994a0aa3f90eea084424822\"},\"headline\":\"CMK \u00dccret Tarifesi avukatl\u0131k haysiyeti ile ba\u011fda\u015fmamaktad\u0131r\",\"datePublished\":\"2025-02-04T09:04:00+00:00\",\"mainEntityOfPage\":{\"@id\":\"https:\/\/denizcankizil.tr\/en\/hukukihaber\/cmk-ucret-tarifesi-avukatlik-haysiyeti-ile-bagdasmamaktadir\/\"},\"wordCount\":741,\"commentCount\":0,\"publisher\":{\"@id\":\"https:\/\/denizcankizil.tr\/de\/#organization\"},\"articleSection\":[\"Hukuki Haberler\"],\"inLanguage\":\"uk\",\"potentialAction\":[{\"@type\":\"CommentAction\",\"name\":\"Comment\",\"target\":[\"https:\/\/denizcankizil.tr\/en\/hukukihaber\/cmk-ucret-tarifesi-avukatlik-haysiyeti-ile-bagdasmamaktadir\/#respond\"]}]},{\"@type\":\"WebPage\",\"@id\":\"https:\/\/denizcankizil.tr\/en\/hukukihaber\/cmk-ucret-tarifesi-avukatlik-haysiyeti-ile-bagdasmamaktadir\/\",\"url\":\"https:\/\/denizcankizil.tr\/en\/hukukihaber\/cmk-ucret-tarifesi-avukatlik-haysiyeti-ile-bagdasmamaktadir\/\",\"name\":\"CMK \u00dccret Tarifesi avukatl\u0131k haysiyeti ile ba\u011fda\u015fmamaktad\u0131r - Av. Deniz Can K\u0131z\u0131l\",\"isPartOf\":{\"@id\":\"https:\/\/denizcankizil.tr\/de\/#website\"},\"datePublished\":\"2025-02-04T09:04:00+00:00\",\"breadcrumb\":{\"@id\":\"https:\/\/denizcankizil.tr\/en\/hukukihaber\/cmk-ucret-tarifesi-avukatlik-haysiyeti-ile-bagdasmamaktadir\/#breadcrumb\"},\"inLanguage\":\"uk\",\"potentialAction\":[{\"@type\":\"ReadAction\",\"target\":[\"https:\/\/denizcankizil.tr\/en\/hukukihaber\/cmk-ucret-tarifesi-avukatlik-haysiyeti-ile-bagdasmamaktadir\/\"]}]},{\"@type\":\"BreadcrumbList\",\"@id\":\"https:\/\/denizcankizil.tr\/en\/hukukihaber\/cmk-ucret-tarifesi-avukatlik-haysiyeti-ile-bagdasmamaktadir\/#breadcrumb\",\"itemListElement\":[{\"@type\":\"ListItem\",\"position\":1,\"name\":\"Home\",\"item\":\"https:\/\/denizcankizil.tr\/de\/\"},{\"@type\":\"ListItem\",\"position\":2,\"name\":\"CMK \u00dccret Tarifesi avukatl\u0131k haysiyeti ile ba\u011fda\u015fmamaktad\u0131r\"}]},{\"@type\":\"WebSite\",\"@id\":\"https:\/\/denizcankizil.tr\/de\/#website\",\"url\":\"https:\/\/denizcankizil.tr\/de\/\",\"name\":\"Av. Deniz Can K\u0131z\u0131l\",\"description\":\"Avukat Deniz Can K\u0131z\u0131l Antalya Barosu\",\"publisher\":{\"@id\":\"https:\/\/denizcankizil.tr\/de\/#organization\"},\"potentialAction\":[{\"@type\":\"SearchAction\",\"target\":{\"@type\":\"EntryPoint\",\"urlTemplate\":\"https:\/\/denizcankizil.tr\/de\/?s={search_term_string}\"},\"query-input\":{\"@type\":\"PropertyValueSpecification\",\"valueRequired\":true,\"valueName\":\"search_term_string\"}}],\"inLanguage\":\"uk\"},{\"@type\":\"Organization\",\"@id\":\"https:\/\/denizcankizil.tr\/de\/#organization\",\"name\":\"Av. Deniz Can K\u0131z\u0131l\",\"url\":\"https:\/\/denizcankizil.tr\/de\/\",\"logo\":{\"@type\":\"ImageObject\",\"inLanguage\":\"uk\",\"@id\":\"https:\/\/denizcankizil.tr\/de\/#\/schema\/logo\/image\/\",\"url\":\"https:\/\/denizcankizil.tr\/wp-content\/uploads\/2024\/10\/siyah-logo-svg.svg\",\"contentUrl\":\"https:\/\/denizcankizil.tr\/wp-content\/uploads\/2024\/10\/siyah-logo-svg.svg\",\"width\":1080,\"height\":1080,\"caption\":\"Av. Deniz Can K\u0131z\u0131l\"},\"image\":{\"@id\":\"https:\/\/denizcankizil.tr\/de\/#\/schema\/logo\/image\/\"}},{\"@type\":\"Person\",\"@id\":\"https:\/\/denizcankizil.tr\/de\/#\/schema\/person\/001a271de994a0aa3f90eea084424822\",\"name\":\"Hukuki Haber.net\",\"image\":{\"@type\":\"ImageObject\",\"inLanguage\":\"uk\",\"@id\":\"https:\/\/denizcankizil.tr\/de\/#\/schema\/person\/image\/\",\"url\":\"https:\/\/secure.gravatar.com\/avatar\/57d8a49151495586611a149d29fc42865b951dc053a84709a3172ccb5abf3118?s=96&d=mm&r=g\",\"contentUrl\":\"https:\/\/secure.gravatar.com\/avatar\/57d8a49151495586611a149d29fc42865b951dc053a84709a3172ccb5abf3118?s=96&d=mm&r=g\",\"caption\":\"Hukuki Haber.net\"},\"sameAs\":[\"http:\/\/www.hukukihaber.net\"],\"url\":\"https:\/\/www.hukukihaber.net\/cmk-ucret-tarifesi-avukatlik-haysiyeti-ile-bagdasmamaktadir\"}]}<\/script>\n<!-- \/ Yoast SEO Premium plugin. -->","yoast_head_json":{"title":"CMK \u00dccret Tarifesi avukatl\u0131k haysiyeti ile ba\u011fda\u015fmamaktad\u0131r - Av. Deniz Can K\u0131z\u0131l","robots":{"index":"index","follow":"follow","max-snippet":"max-snippet:-1","max-image-preview":"max-image-preview:large","max-video-preview":"max-video-preview:-1"},"canonical":"https:\/\/denizcankizil.tr\/uk\/hukukihaber\/cmk-ucret-tarifesi-avukatlik-haysiyeti-ile-bagdasmamaktadir\/","og_locale":"uk_UA","og_type":"article","og_title":"CMK \u00dccret Tarifesi avukatl\u0131k haysiyeti ile ba\u011fda\u015fmamaktad\u0131r","og_description":"\u0130stanbul Barosu taraf\u0131ndan &#8220;CMK \u00dccret Tarifesi avukatl\u0131k haysiyeti ile ba\u011fda\u015fmamaktad\u0131r&#8221; ba\u015fl\u0131\u011f\u0131 ile yap\u0131lan a\u00e7\u0131klama\u00a0\u015f\u00f6yle; &#8220;Ceza Muhakemesi Kanunu Gere\u011fince G\u00f6revlendirilen M\u00fcdafi ve Vekillere Yap\u0131lacak \u00d6demelere ili\u015fkin 2025 y\u0131l\u0131 tarifesi, Resmi Gazete&#8217;de yay\u0131mlanm\u0131\u015ft\u0131r. Tarife bu sene de b\u00fct\u00fcn olarak ele al\u0131nmam\u0131\u015f, \u00f6nceki tarife \u00fczerinden ortalama y\u00fczde k\u0131rk zam yap\u0131lmakla yetinilmi\u015ftir. SEFALET \u00dcCRET\u0130 GER\u0130DE KALDI Zam oran\u0131 sonucu olu\u015fan tarife y\u0131llard\u0131r s\u00f6ylenen \u201csefalet \u00fccreti\u201d tan\u0131mlamas\u0131n\u0131 ge\u00e7mi\u015f, a\u00e7\u0131klanan tarife a\u00e7l\u0131k s\u0131n\u0131r\u0131n\u0131n dahi alt\u0131nda kalm\u0131\u015f, hayat\u0131n ger\u00e7eklerinden uzak bir hal alm\u0131\u015ft\u0131r. \u00d6zellikle \u0130stanbul ko\u015fullar\u0131nda bu tarife ile g\u00f6rev yapabilmenin meslekta\u015flar\u0131m\u0131z a\u00e7\u0131s\u0131ndan hi\u00e7bir ger\u00e7ekli\u011fi kalmam\u0131\u015ft\u0131r. Gelinen son durumun vahametini bir \u00f6rnekle a\u00e7\u0131klamak gerekirse; TBB taraf\u0131ndan belirlenen 2024 \u2013 2025 y\u0131l\u0131 Avukatl\u0131k Asgari \u00dccret Tarifesi uyar\u0131nca a\u011f\u0131r ceza mahkemeleri bak\u0131m\u0131ndan asgari \u00fccret 48.000,00 TL\u2019dir. Dolay\u0131s\u0131yla herhangi bir\u00a0 a\u011f\u0131r ceza mahkemesi dosyas\u0131nda, tarifede a\u00e7\u0131k\u00e7a belirtilen tutar\u0131n alt\u0131nda avukatl\u0131k faaliyetlerinin icra edilmesi yasakt\u0131r. Hen\u00fcz a\u00e7\u0131klanan 2025 y\u0131l\u0131 CMK \u00dccret Tarifesinde ise ayn\u0131 kapsamdaki i\u015f i\u00e7in \u00f6ng\u00f6r\u00fclen \u00fccret 9.871,00 TL\u2019dir. G\u0130DERLER\u0130 DAH\u0130 KAR\u015eILAMAKTAN UZAK Soru\u015fturma evresinde takip edilen bir i\u015f i\u00e7in belirlenen br\u00fct 3.209,00 TL \u00fczerinden stopaj ve KDV d\u00fc\u015f\u00fcld\u00fckten sonra net 2.139,33 TL kalmakta olup, uzun saatler s\u00fcren soru\u015fturma evresinde bu net \u00fccret, o i\u015f i\u00e7in avukat\u0131n yapt\u0131\u011f\u0131 giderleri kar\u015f\u0131lamaktan dahi uzakt\u0131r. Ayr\u0131ca ge\u00e7ti\u011fimiz sene AA\u00dcT\u2019ye eklenen, CMK zorunlu &hellip;","og_url":"https:\/\/denizcankizil.tr\/uk\/hukukihaber\/cmk-ucret-tarifesi-avukatlik-haysiyeti-ile-bagdasmamaktadir\/","og_site_name":"Av. Deniz Can K\u0131z\u0131l","article_published_time":"2025-02-04T09:04:00+00:00","author":"Hukuki Haber.net","twitter_card":"summary_large_image","twitter_misc":{"\u041d\u0430\u043f\u0438\u0441\u0430\u043d\u043e":"Hukuki Haber.net","\u041f\u0440\u0438\u0431\u043b. \u0447\u0430\u0441 \u0447\u0438\u0442\u0430\u043d\u043d\u044f":"4 \u0445\u0432\u0438\u043b\u0438\u043d\u0438"},"schema":{"@context":"https:\/\/schema.org","@graph":[{"@type":"Article","@id":"https:\/\/denizcankizil.tr\/en\/hukukihaber\/cmk-ucret-tarifesi-avukatlik-haysiyeti-ile-bagdasmamaktadir\/#article","isPartOf":{"@id":"https:\/\/denizcankizil.tr\/en\/hukukihaber\/cmk-ucret-tarifesi-avukatlik-haysiyeti-ile-bagdasmamaktadir\/"},"author":{"name":"Hukuki Haber.net","@id":"https:\/\/denizcankizil.tr\/de\/#\/schema\/person\/001a271de994a0aa3f90eea084424822"},"headline":"CMK \u00dccret Tarifesi avukatl\u0131k haysiyeti ile ba\u011fda\u015fmamaktad\u0131r","datePublished":"2025-02-04T09:04:00+00:00","mainEntityOfPage":{"@id":"https:\/\/denizcankizil.tr\/en\/hukukihaber\/cmk-ucret-tarifesi-avukatlik-haysiyeti-ile-bagdasmamaktadir\/"},"wordCount":741,"commentCount":0,"publisher":{"@id":"https:\/\/denizcankizil.tr\/de\/#organization"},"articleSection":["Hukuki Haberler"],"inLanguage":"uk","potentialAction":[{"@type":"CommentAction","name":"Comment","target":["https:\/\/denizcankizil.tr\/en\/hukukihaber\/cmk-ucret-tarifesi-avukatlik-haysiyeti-ile-bagdasmamaktadir\/#respond"]}]},{"@type":"WebPage","@id":"https:\/\/denizcankizil.tr\/en\/hukukihaber\/cmk-ucret-tarifesi-avukatlik-haysiyeti-ile-bagdasmamaktadir\/","url":"https:\/\/denizcankizil.tr\/en\/hukukihaber\/cmk-ucret-tarifesi-avukatlik-haysiyeti-ile-bagdasmamaktadir\/","name":"CMK \u00dccret Tarifesi avukatl\u0131k haysiyeti ile ba\u011fda\u015fmamaktad\u0131r - Av. Deniz Can K\u0131z\u0131l","isPartOf":{"@id":"https:\/\/denizcankizil.tr\/de\/#website"},"datePublished":"2025-02-04T09:04:00+00:00","breadcrumb":{"@id":"https:\/\/denizcankizil.tr\/en\/hukukihaber\/cmk-ucret-tarifesi-avukatlik-haysiyeti-ile-bagdasmamaktadir\/#breadcrumb"},"inLanguage":"uk","potentialAction":[{"@type":"ReadAction","target":["https:\/\/denizcankizil.tr\/en\/hukukihaber\/cmk-ucret-tarifesi-avukatlik-haysiyeti-ile-bagdasmamaktadir\/"]}]},{"@type":"BreadcrumbList","@id":"https:\/\/denizcankizil.tr\/en\/hukukihaber\/cmk-ucret-tarifesi-avukatlik-haysiyeti-ile-bagdasmamaktadir\/#breadcrumb","itemListElement":[{"@type":"ListItem","position":1,"name":"Home","item":"https:\/\/denizcankizil.tr\/de\/"},{"@type":"ListItem","position":2,"name":"CMK \u00dccret Tarifesi avukatl\u0131k haysiyeti ile ba\u011fda\u015fmamaktad\u0131r"}]},{"@type":"WebSite","@id":"https:\/\/denizcankizil.tr\/de\/#website","url":"https:\/\/denizcankizil.tr\/de\/","name":"Av. Deniz Can K\u0131z\u0131l","description":"Avukat Deniz Can K\u0131z\u0131l Antalya Barosu","publisher":{"@id":"https:\/\/denizcankizil.tr\/de\/#organization"},"potentialAction":[{"@type":"SearchAction","target":{"@type":"EntryPoint","urlTemplate":"https:\/\/denizcankizil.tr\/de\/?s={search_term_string}"},"query-input":{"@type":"PropertyValueSpecification","valueRequired":true,"valueName":"search_term_string"}}],"inLanguage":"uk"},{"@type":"Organization","@id":"https:\/\/denizcankizil.tr\/de\/#organization","name":"Av. Deniz Can K\u0131z\u0131l","url":"https:\/\/denizcankizil.tr\/de\/","logo":{"@type":"ImageObject","inLanguage":"uk","@id":"https:\/\/denizcankizil.tr\/de\/#\/schema\/logo\/image\/","url":"https:\/\/denizcankizil.tr\/wp-content\/uploads\/2024\/10\/siyah-logo-svg.svg","contentUrl":"https:\/\/denizcankizil.tr\/wp-content\/uploads\/2024\/10\/siyah-logo-svg.svg","width":1080,"height":1080,"caption":"Av. Deniz Can K\u0131z\u0131l"},"image":{"@id":"https:\/\/denizcankizil.tr\/de\/#\/schema\/logo\/image\/"}},{"@type":"Person","@id":"https:\/\/denizcankizil.tr\/de\/#\/schema\/person\/001a271de994a0aa3f90eea084424822","name":"Hukuki Haber.net","image":{"@type":"ImageObject","inLanguage":"uk","@id":"https:\/\/denizcankizil.tr\/de\/#\/schema\/person\/image\/","url":"https:\/\/secure.gravatar.com\/avatar\/57d8a49151495586611a149d29fc42865b951dc053a84709a3172ccb5abf3118?s=96&d=mm&r=g","contentUrl":"https:\/\/secure.gravatar.com\/avatar\/57d8a49151495586611a149d29fc42865b951dc053a84709a3172ccb5abf3118?s=96&d=mm&r=g","caption":"Hukuki Haber.net"},"sameAs":["http:\/\/www.hukukihaber.net"],"url":"https:\/\/www.hukukihaber.net\/cmk-ucret-tarifesi-avukatlik-haysiyeti-ile-bagdasmamaktadir"}]}},"_links":{"self":[{"href":"https:\/\/denizcankizil.tr\/uk\/wp-json\/wp\/v2\/posts\/30042","targetHints":{"allow":["GET"]}}],"collection":[{"href":"https:\/\/denizcankizil.tr\/uk\/wp-json\/wp\/v2\/posts"}],"about":[{"href":"https:\/\/denizcankizil.tr\/uk\/wp-json\/wp\/v2\/types\/post"}],"author":[{"embeddable":true,"href":"https:\/\/denizcankizil.tr\/uk\/wp-json\/wp\/v2\/users\/3"}],"replies":[{"embeddable":true,"href":"https:\/\/denizcankizil.tr\/uk\/wp-json\/wp\/v2\/comments?post=30042"}],"version-history":[{"count":0,"href":"https:\/\/denizcankizil.tr\/uk\/wp-json\/wp\/v2\/posts\/30042\/revisions"}],"wp:attachment":[{"href":"https:\/\/denizcankizil.tr\/uk\/wp-json\/wp\/v2\/media?parent=30042"}],"wp:term":[{"taxonomy":"category","embeddable":true,"href":"https:\/\/denizcankizil.tr\/uk\/wp-json\/wp\/v2\/categories?post=30042"},{"taxonomy":"post_tag","embeddable":true,"href":"https:\/\/denizcankizil.tr\/uk\/wp-json\/wp\/v2\/tags?post=30042"}],"curies":[{"name":"wp","href":"https:\/\/api.w.org\/{rel}","templated":true}]}}