{"id":29848,"date":"2025-02-03T18:41:43","date_gmt":"2025-02-03T15:41:43","guid":{"rendered":"https:\/\/denizcankizil.tr\/uncategorized-tr\/duzcede-5-ogrenci-yediklerinden-rahatsizlandi\/"},"modified":"2025-02-03T18:41:43","modified_gmt":"2025-02-03T15:41:43","slug":"duzcede-5-ogrenci-yediklerinden-rahatsizlandi","status":"publish","type":"post","link":"https:\/\/denizcankizil.tr\/uk\/haberler\/gundem\/duzcede-5-ogrenci-yediklerinden-rahatsizlandi\/","title":{"rendered":"D\u00fczce&#8217;de 5 \u00f6\u011frenci yediklerinden rahats\u0131zland\u0131!"},"content":{"rendered":"<p>D\u00fczce&#8217;de Yeni Mahalle Palas Sokak&#8217;ta bulunan \u015eehit Cihan Aksar\u0131 Ortaokulu&#8217;ndaki 5 \u00f6\u011frenci izinsiz \u00e7\u0131kt\u0131klar\u0131 okul d\u0131\u015f\u0131ndan ald\u0131klar\u0131 \u00e7i\u011fk\u00f6fteden rahats\u0131zland\u0131.Sefer DEM\u0130R \/ D\u00dcZCE (\u0130GFA) &#8211; D\u00fczce&#8217;de izinsiz okul d\u0131\u015f\u0131na \u00e7\u0131kan 5 \u00f6\u011frenci hastaland\u0131.<br \/>\nAl\u0131nan bilgiye g\u00f6re d\u0131\u015far\u0131da yedikleri bir\u015feyin dokundu\u011fundan \u015f\u00fcphelenilen \u00f6\u011frencilerin kar\u0131n a\u011fr\u0131s\u0131 \u015fikayeti \u00fczerine okul y\u00f6netimi durumu 112 yi arad\u0131.<br \/>\n\u0130hbar \u00fczerine b\u00f6lgeye ambulanslar sevk edilirken \u00f6\u011frenciler, ambulanslarla D\u00fczce Devlet Hastanesi&#8217;ne kald\u0131r\u0131ld\u0131.<br \/>\n\u00d6\u011frencilerin yak\u0131nda bulunan bir markertten \u00e7i\u011fk\u00f6fte ald\u0131klar\u0131n\u0131n anla\u015f\u0131lmas\u0131 \u00fczerine sa\u011fl\u0131k ekipleri ad\u0131 ge\u00e7en marketten numune ald\u0131.<br \/>\nOlayla ilgili tahkikat ba\u015flat\u0131ld\u0131.<\/p>\n<p>\u200bD\u00fczce&#8217;de Yeni Mahalle Palas Sokak&#8217;ta bulunan \u015eehit Cihan Aksar\u0131 Ortaokulu&#8217;ndaki 5 \u00f6\u011frenci izinsiz \u00e7\u0131kt\u0131klar\u0131 okul d\u0131\u015f\u0131ndan ald\u0131klar\u0131 \u00e7i\u011fk\u00f6fteden rahats\u0131zland\u0131.Sefer DEM\u0130R \/ D\u00dcZCE (\u0130GFA) &#8211; D\u00fczce&#8217;de izinsiz okul d\u0131\u015f\u0131na \u00e7\u0131kan 5 \u00f6\u011frenci hastaland\u0131.<br \/>\nAl\u0131nan bilgiye g\u00f6re d\u0131\u015far\u0131da yedikleri bir\u015feyin dokundu\u011fundan \u015f\u00fcphelenilen \u00f6\u011frencilerin kar\u0131n a\u011fr\u0131s\u0131 \u015fikayeti \u00fczerine okul y\u00f6netimi durumu 112 yi arad\u0131.<br \/>\n\u0130hbar \u00fczerine b\u00f6lgeye ambulanslar sevk edilirken \u00f6\u011frenciler, ambulanslarla D\u00fczce Devlet Hastanesi&#8217;ne kald\u0131r\u0131ld\u0131.<br \/>\n\u00d6\u011frencilerin yak\u0131nda bulunan bir markertten \u00e7i\u011fk\u00f6fte ald\u0131klar\u0131n\u0131n anla\u015f\u0131lmas\u0131 \u00fczerine sa\u011fl\u0131k ekipleri ad\u0131 ge\u00e7en marketten numune ald\u0131.<br \/>\nOlayla ilgili tahkikat ba\u015flat\u0131ld\u0131.\u00a0<\/p>\n<p>\u200bHaberin Al\u0131nt\u0131land\u0131\u011f\u0131 Kaynak: www.iskenderun.org<\/p>","protected":false},"excerpt":{"rendered":"<p>D\u00fczce&#8217;de Yeni Mahalle Palas Sokak&#8217;ta bulunan \u015eehit Cihan Aksar\u0131 Ortaokulu&#8217;ndaki 5 \u00f6\u011frenci izinsiz \u00e7\u0131kt\u0131klar\u0131 okul d\u0131\u015f\u0131ndan ald\u0131klar\u0131 \u00e7i\u011fk\u00f6fteden rahats\u0131zland\u0131.Sefer DEM\u0130R \/ D\u00dcZCE (\u0130GFA) &#8211; D\u00fczce&#8217;de izinsiz okul d\u0131\u015f\u0131na \u00e7\u0131kan 5 \u00f6\u011frenci hastaland\u0131. Al\u0131nan bilgiye g\u00f6re d\u0131\u015far\u0131da yedikleri bir\u015feyin dokundu\u011fundan \u015f\u00fcphelenilen \u00f6\u011frencilerin kar\u0131n a\u011fr\u0131s\u0131 \u015fikayeti \u00fczerine okul y\u00f6netimi durumu 112 yi arad\u0131. \u0130hbar \u00fczerine b\u00f6lgeye ambulanslar sevk edilirken \u00f6\u011frenciler, ambulanslarla D\u00fczce Devlet Hastanesi&#8217;ne kald\u0131r\u0131ld\u0131. \u00d6\u011frencilerin yak\u0131nda bulunan bir markertten \u00e7i\u011fk\u00f6fte ald\u0131klar\u0131n\u0131n anla\u015f\u0131lmas\u0131 \u00fczerine sa\u011fl\u0131k ekipleri ad\u0131 ge\u00e7en marketten numune ald\u0131. Olayla ilgili tahkikat ba\u015flat\u0131ld\u0131. \u200bD\u00fczce&#8217;de Yeni Mahalle Palas Sokak&#8217;ta bulunan \u015eehit Cihan Aksar\u0131 Ortaokulu&#8217;ndaki 5 \u00f6\u011frenci izinsiz \u00e7\u0131kt\u0131klar\u0131 okul d\u0131\u015f\u0131ndan ald\u0131klar\u0131 \u00e7i\u011fk\u00f6fteden rahats\u0131zland\u0131.Sefer DEM\u0130R \/ D\u00dcZCE (\u0130GFA) &#8211; D\u00fczce&#8217;de izinsiz okul d\u0131\u015f\u0131na \u00e7\u0131kan 5 \u00f6\u011frenci hastaland\u0131. Al\u0131nan bilgiye g\u00f6re d\u0131\u015far\u0131da yedikleri bir\u015feyin dokundu\u011fundan \u015f\u00fcphelenilen \u00f6\u011frencilerin kar\u0131n a\u011fr\u0131s\u0131 \u015fikayeti \u00fczerine okul y\u00f6netimi durumu 112 yi arad\u0131. \u0130hbar \u00fczerine b\u00f6lgeye ambulanslar sevk edilirken \u00f6\u011frenciler, ambulanslarla D\u00fczce Devlet Hastanesi&#8217;ne kald\u0131r\u0131ld\u0131. \u00d6\u011frencilerin yak\u0131nda bulunan bir markertten \u00e7i\u011fk\u00f6fte ald\u0131klar\u0131n\u0131n anla\u015f\u0131lmas\u0131 \u00fczerine sa\u011fl\u0131k ekipleri ad\u0131 ge\u00e7en marketten numune ald\u0131. Olayla ilgili tahkikat ba\u015flat\u0131ld\u0131.\u00a0 \u200bHaberin Al\u0131nt\u0131land\u0131\u011f\u0131 Kaynak: www.iskenderun.org<\/p>","protected":false},"author":1,"featured_media":0,"comment_status":"open","ping_status":"open","sticky":false,"template":"","format":"standard","meta":{"_acf_changed":false,"footnotes":""},"categories":[24],"tags":[],"class_list":["post-29848","post","type-post","status-publish","format-standard","has-post-thumbnail","hentry","category-gundem"],"acf":[],"yoast_head":"<!-- This site is optimized with the Yoast SEO Premium plugin v26.6 (Yoast SEO v27.1.1) - https:\/\/yoast.com\/product\/yoast-seo-premium-wordpress\/ -->\n<title>D\u00fczce&#039;de 5 \u00f6\u011frenci yediklerinden rahats\u0131zland\u0131! - Av. Deniz Can K\u0131z\u0131l<\/title>\n<meta name=\"robots\" content=\"index, follow, max-snippet:-1, max-image-preview:large, max-video-preview:-1\" \/>\n<link rel=\"canonical\" href=\"https:\/\/denizcankizil.tr\/uk\/haberler\/gundem\/duzcede-5-ogrenci-yediklerinden-rahatsizlandi\/\" \/>\n<meta property=\"og:locale\" content=\"uk_UA\" \/>\n<meta property=\"og:type\" content=\"article\" \/>\n<meta property=\"og:title\" content=\"D\u00fczce&#039;de 5 \u00f6\u011frenci yediklerinden rahats\u0131zland\u0131!\" \/>\n<meta property=\"og:description\" content=\"D\u00fczce&#8217;de Yeni Mahalle Palas Sokak&#8217;ta bulunan \u015eehit Cihan Aksar\u0131 Ortaokulu&#8217;ndaki 5 \u00f6\u011frenci izinsiz \u00e7\u0131kt\u0131klar\u0131 okul d\u0131\u015f\u0131ndan ald\u0131klar\u0131 \u00e7i\u011fk\u00f6fteden rahats\u0131zland\u0131.Sefer DEM\u0130R \/ D\u00dcZCE (\u0130GFA) &#8211; D\u00fczce&#8217;de izinsiz okul d\u0131\u015f\u0131na \u00e7\u0131kan 5 \u00f6\u011frenci hastaland\u0131. Al\u0131nan bilgiye g\u00f6re d\u0131\u015far\u0131da yedikleri bir\u015feyin dokundu\u011fundan \u015f\u00fcphelenilen \u00f6\u011frencilerin kar\u0131n a\u011fr\u0131s\u0131 \u015fikayeti \u00fczerine okul y\u00f6netimi durumu 112 yi arad\u0131. \u0130hbar \u00fczerine b\u00f6lgeye ambulanslar sevk edilirken \u00f6\u011frenciler, ambulanslarla D\u00fczce Devlet Hastanesi&#8217;ne kald\u0131r\u0131ld\u0131. \u00d6\u011frencilerin yak\u0131nda bulunan bir markertten \u00e7i\u011fk\u00f6fte ald\u0131klar\u0131n\u0131n anla\u015f\u0131lmas\u0131 \u00fczerine sa\u011fl\u0131k ekipleri ad\u0131 ge\u00e7en marketten numune ald\u0131. Olayla ilgili tahkikat ba\u015flat\u0131ld\u0131. \u200bD\u00fczce&#8217;de Yeni Mahalle Palas Sokak&#8217;ta bulunan \u015eehit Cihan Aksar\u0131 Ortaokulu&#8217;ndaki 5 \u00f6\u011frenci izinsiz \u00e7\u0131kt\u0131klar\u0131 okul d\u0131\u015f\u0131ndan ald\u0131klar\u0131 \u00e7i\u011fk\u00f6fteden rahats\u0131zland\u0131.Sefer DEM\u0130R \/ D\u00dcZCE (\u0130GFA) &#8211; D\u00fczce&#8217;de izinsiz okul d\u0131\u015f\u0131na \u00e7\u0131kan 5 \u00f6\u011frenci hastaland\u0131. Al\u0131nan bilgiye g\u00f6re d\u0131\u015far\u0131da yedikleri bir\u015feyin dokundu\u011fundan \u015f\u00fcphelenilen \u00f6\u011frencilerin kar\u0131n a\u011fr\u0131s\u0131 \u015fikayeti \u00fczerine okul y\u00f6netimi durumu 112 yi arad\u0131. \u0130hbar \u00fczerine b\u00f6lgeye ambulanslar sevk edilirken \u00f6\u011frenciler, ambulanslarla D\u00fczce Devlet Hastanesi&#8217;ne kald\u0131r\u0131ld\u0131. \u00d6\u011frencilerin yak\u0131nda bulunan bir markertten \u00e7i\u011fk\u00f6fte ald\u0131klar\u0131n\u0131n anla\u015f\u0131lmas\u0131 \u00fczerine sa\u011fl\u0131k ekipleri ad\u0131 ge\u00e7en marketten numune ald\u0131. Olayla ilgili tahkikat ba\u015flat\u0131ld\u0131.\u00a0 \u200bHaberin Al\u0131nt\u0131land\u0131\u011f\u0131 Kaynak: www.iskenderun.org\" \/>\n<meta property=\"og:url\" content=\"https:\/\/denizcankizil.tr\/uk\/haberler\/gundem\/duzcede-5-ogrenci-yediklerinden-rahatsizlandi\/\" \/>\n<meta property=\"og:site_name\" content=\"Av. Deniz Can K\u0131z\u0131l\" \/>\n<meta property=\"article:published_time\" content=\"2025-02-03T15:41:43+00:00\" \/>\n<meta name=\"author\" content=\"admin\" \/>\n<meta name=\"twitter:card\" content=\"summary_large_image\" \/>\n<meta name=\"twitter:label1\" content=\"\u041d\u0430\u043f\u0438\u0441\u0430\u043d\u043e\" \/>\n\t<meta name=\"twitter:data1\" content=\"admin\" \/>\n\t<meta name=\"twitter:label2\" content=\"\u041f\u0440\u0438\u0431\u043b. \u0447\u0430\u0441 \u0447\u0438\u0442\u0430\u043d\u043d\u044f\" \/>\n\t<meta name=\"twitter:data2\" content=\"1 \u0445\u0432\u0438\u043b\u0438\u043d\u0430\" \/>\n<script type=\"application\/ld+json\" class=\"yoast-schema-graph\">{\"@context\":\"https:\/\/schema.org\",\"@graph\":[{\"@type\":\"Article\",\"@id\":\"https:\/\/denizcankizil.tr\/uk\/haberler\/gundem\/duzcede-5-ogrenci-yediklerinden-rahatsizlandi\/#article\",\"isPartOf\":{\"@id\":\"https:\/\/denizcankizil.tr\/uk\/haberler\/gundem\/duzcede-5-ogrenci-yediklerinden-rahatsizlandi\/\"},\"author\":{\"name\":\"admin\",\"@id\":\"https:\/\/denizcankizil.tr\/de\/#\/schema\/person\/be3c05fe6a12686905512445d8185489\"},\"headline\":\"D\u00fczce&#8217;de 5 \u00f6\u011frenci yediklerinden rahats\u0131zland\u0131!\",\"datePublished\":\"2025-02-03T15:41:43+00:00\",\"mainEntityOfPage\":{\"@id\":\"https:\/\/denizcankizil.tr\/uk\/haberler\/gundem\/duzcede-5-ogrenci-yediklerinden-rahatsizlandi\/\"},\"wordCount\":259,\"commentCount\":0,\"publisher\":{\"@id\":\"https:\/\/denizcankizil.tr\/de\/#organization\"},\"articleSection\":[\"G\u00fcndem\"],\"inLanguage\":\"uk\",\"potentialAction\":[{\"@type\":\"CommentAction\",\"name\":\"Comment\",\"target\":[\"https:\/\/denizcankizil.tr\/uk\/haberler\/gundem\/duzcede-5-ogrenci-yediklerinden-rahatsizlandi\/#respond\"]}]},{\"@type\":\"WebPage\",\"@id\":\"https:\/\/denizcankizil.tr\/uk\/haberler\/gundem\/duzcede-5-ogrenci-yediklerinden-rahatsizlandi\/\",\"url\":\"https:\/\/denizcankizil.tr\/uk\/haberler\/gundem\/duzcede-5-ogrenci-yediklerinden-rahatsizlandi\/\",\"name\":\"D\u00fczce'de 5 \u00f6\u011frenci yediklerinden rahats\u0131zland\u0131! - Av. Deniz Can K\u0131z\u0131l\",\"isPartOf\":{\"@id\":\"https:\/\/denizcankizil.tr\/de\/#website\"},\"datePublished\":\"2025-02-03T15:41:43+00:00\",\"breadcrumb\":{\"@id\":\"https:\/\/denizcankizil.tr\/uk\/haberler\/gundem\/duzcede-5-ogrenci-yediklerinden-rahatsizlandi\/#breadcrumb\"},\"inLanguage\":\"uk\",\"potentialAction\":[{\"@type\":\"ReadAction\",\"target\":[\"https:\/\/denizcankizil.tr\/uk\/haberler\/gundem\/duzcede-5-ogrenci-yediklerinden-rahatsizlandi\/\"]}]},{\"@type\":\"BreadcrumbList\",\"@id\":\"https:\/\/denizcankizil.tr\/uk\/haberler\/gundem\/duzcede-5-ogrenci-yediklerinden-rahatsizlandi\/#breadcrumb\",\"itemListElement\":[{\"@type\":\"ListItem\",\"position\":1,\"name\":\"Home\",\"item\":\"https:\/\/denizcankizil.tr\/de\/\"},{\"@type\":\"ListItem\",\"position\":2,\"name\":\"D\u00fczce&#8217;de 5 \u00f6\u011frenci yediklerinden rahats\u0131zland\u0131!\"}]},{\"@type\":\"WebSite\",\"@id\":\"https:\/\/denizcankizil.tr\/de\/#website\",\"url\":\"https:\/\/denizcankizil.tr\/de\/\",\"name\":\"Av. Deniz Can K\u0131z\u0131l\",\"description\":\"Avukat Deniz Can K\u0131z\u0131l Antalya Barosu\",\"publisher\":{\"@id\":\"https:\/\/denizcankizil.tr\/de\/#organization\"},\"potentialAction\":[{\"@type\":\"SearchAction\",\"target\":{\"@type\":\"EntryPoint\",\"urlTemplate\":\"https:\/\/denizcankizil.tr\/de\/?s={search_term_string}\"},\"query-input\":{\"@type\":\"PropertyValueSpecification\",\"valueRequired\":true,\"valueName\":\"search_term_string\"}}],\"inLanguage\":\"uk\"},{\"@type\":\"Organization\",\"@id\":\"https:\/\/denizcankizil.tr\/de\/#organization\",\"name\":\"Av. Deniz Can K\u0131z\u0131l\",\"url\":\"https:\/\/denizcankizil.tr\/de\/\",\"logo\":{\"@type\":\"ImageObject\",\"inLanguage\":\"uk\",\"@id\":\"https:\/\/denizcankizil.tr\/de\/#\/schema\/logo\/image\/\",\"url\":\"https:\/\/denizcankizil.tr\/wp-content\/uploads\/2024\/10\/siyah-logo-svg.svg\",\"contentUrl\":\"https:\/\/denizcankizil.tr\/wp-content\/uploads\/2024\/10\/siyah-logo-svg.svg\",\"width\":1080,\"height\":1080,\"caption\":\"Av. Deniz Can K\u0131z\u0131l\"},\"image\":{\"@id\":\"https:\/\/denizcankizil.tr\/de\/#\/schema\/logo\/image\/\"}},{\"@type\":\"Person\",\"@id\":\"https:\/\/denizcankizil.tr\/de\/#\/schema\/person\/be3c05fe6a12686905512445d8185489\",\"name\":\"admin\",\"image\":{\"@type\":\"ImageObject\",\"inLanguage\":\"uk\",\"@id\":\"https:\/\/denizcankizil.tr\/de\/#\/schema\/person\/image\/\",\"url\":\"https:\/\/secure.gravatar.com\/avatar\/c1fce94c830dc79107e174f890d7210541c4a63e8e5d816341794a2151c9d58c?s=96&d=mm&r=g\",\"contentUrl\":\"https:\/\/secure.gravatar.com\/avatar\/c1fce94c830dc79107e174f890d7210541c4a63e8e5d816341794a2151c9d58c?s=96&d=mm&r=g\",\"caption\":\"admin\"},\"sameAs\":[\"http:\/\/denizcankizil.tr\"],\"url\":\"https:\/\/www.iskenderun.org\/duzcede-5-ogrenci-yediklerinden-rahatsizlandi\"}]}<\/script>\n<!-- \/ Yoast SEO Premium plugin. -->","yoast_head_json":{"title":"D\u00fczce'de 5 \u00f6\u011frenci yediklerinden rahats\u0131zland\u0131! - Av. Deniz Can K\u0131z\u0131l","robots":{"index":"index","follow":"follow","max-snippet":"max-snippet:-1","max-image-preview":"max-image-preview:large","max-video-preview":"max-video-preview:-1"},"canonical":"https:\/\/denizcankizil.tr\/uk\/haberler\/gundem\/duzcede-5-ogrenci-yediklerinden-rahatsizlandi\/","og_locale":"uk_UA","og_type":"article","og_title":"D\u00fczce'de 5 \u00f6\u011frenci yediklerinden rahats\u0131zland\u0131!","og_description":"D\u00fczce&#8217;de Yeni Mahalle Palas Sokak&#8217;ta bulunan \u015eehit Cihan Aksar\u0131 Ortaokulu&#8217;ndaki 5 \u00f6\u011frenci izinsiz \u00e7\u0131kt\u0131klar\u0131 okul d\u0131\u015f\u0131ndan ald\u0131klar\u0131 \u00e7i\u011fk\u00f6fteden rahats\u0131zland\u0131.Sefer DEM\u0130R \/ D\u00dcZCE (\u0130GFA) &#8211; D\u00fczce&#8217;de izinsiz okul d\u0131\u015f\u0131na \u00e7\u0131kan 5 \u00f6\u011frenci hastaland\u0131. Al\u0131nan bilgiye g\u00f6re d\u0131\u015far\u0131da yedikleri bir\u015feyin dokundu\u011fundan \u015f\u00fcphelenilen \u00f6\u011frencilerin kar\u0131n a\u011fr\u0131s\u0131 \u015fikayeti \u00fczerine okul y\u00f6netimi durumu 112 yi arad\u0131. \u0130hbar \u00fczerine b\u00f6lgeye ambulanslar sevk edilirken \u00f6\u011frenciler, ambulanslarla D\u00fczce Devlet Hastanesi&#8217;ne kald\u0131r\u0131ld\u0131. \u00d6\u011frencilerin yak\u0131nda bulunan bir markertten \u00e7i\u011fk\u00f6fte ald\u0131klar\u0131n\u0131n anla\u015f\u0131lmas\u0131 \u00fczerine sa\u011fl\u0131k ekipleri ad\u0131 ge\u00e7en marketten numune ald\u0131. Olayla ilgili tahkikat ba\u015flat\u0131ld\u0131. \u200bD\u00fczce&#8217;de Yeni Mahalle Palas Sokak&#8217;ta bulunan \u015eehit Cihan Aksar\u0131 Ortaokulu&#8217;ndaki 5 \u00f6\u011frenci izinsiz \u00e7\u0131kt\u0131klar\u0131 okul d\u0131\u015f\u0131ndan ald\u0131klar\u0131 \u00e7i\u011fk\u00f6fteden rahats\u0131zland\u0131.Sefer DEM\u0130R \/ D\u00dcZCE (\u0130GFA) &#8211; D\u00fczce&#8217;de izinsiz okul d\u0131\u015f\u0131na \u00e7\u0131kan 5 \u00f6\u011frenci hastaland\u0131. Al\u0131nan bilgiye g\u00f6re d\u0131\u015far\u0131da yedikleri bir\u015feyin dokundu\u011fundan \u015f\u00fcphelenilen \u00f6\u011frencilerin kar\u0131n a\u011fr\u0131s\u0131 \u015fikayeti \u00fczerine okul y\u00f6netimi durumu 112 yi arad\u0131. \u0130hbar \u00fczerine b\u00f6lgeye ambulanslar sevk edilirken \u00f6\u011frenciler, ambulanslarla D\u00fczce Devlet Hastanesi&#8217;ne kald\u0131r\u0131ld\u0131. \u00d6\u011frencilerin yak\u0131nda bulunan bir markertten \u00e7i\u011fk\u00f6fte ald\u0131klar\u0131n\u0131n anla\u015f\u0131lmas\u0131 \u00fczerine sa\u011fl\u0131k ekipleri ad\u0131 ge\u00e7en marketten numune ald\u0131. Olayla ilgili tahkikat ba\u015flat\u0131ld\u0131.\u00a0 \u200bHaberin Al\u0131nt\u0131land\u0131\u011f\u0131 Kaynak: www.iskenderun.org","og_url":"https:\/\/denizcankizil.tr\/uk\/haberler\/gundem\/duzcede-5-ogrenci-yediklerinden-rahatsizlandi\/","og_site_name":"Av. Deniz Can K\u0131z\u0131l","article_published_time":"2025-02-03T15:41:43+00:00","author":"admin","twitter_card":"summary_large_image","twitter_misc":{"\u041d\u0430\u043f\u0438\u0441\u0430\u043d\u043e":"admin","\u041f\u0440\u0438\u0431\u043b. \u0447\u0430\u0441 \u0447\u0438\u0442\u0430\u043d\u043d\u044f":"1 \u0445\u0432\u0438\u043b\u0438\u043d\u0430"},"schema":{"@context":"https:\/\/schema.org","@graph":[{"@type":"Article","@id":"https:\/\/denizcankizil.tr\/uk\/haberler\/gundem\/duzcede-5-ogrenci-yediklerinden-rahatsizlandi\/#article","isPartOf":{"@id":"https:\/\/denizcankizil.tr\/uk\/haberler\/gundem\/duzcede-5-ogrenci-yediklerinden-rahatsizlandi\/"},"author":{"name":"admin","@id":"https:\/\/denizcankizil.tr\/de\/#\/schema\/person\/be3c05fe6a12686905512445d8185489"},"headline":"D\u00fczce&#8217;de 5 \u00f6\u011frenci yediklerinden rahats\u0131zland\u0131!","datePublished":"2025-02-03T15:41:43+00:00","mainEntityOfPage":{"@id":"https:\/\/denizcankizil.tr\/uk\/haberler\/gundem\/duzcede-5-ogrenci-yediklerinden-rahatsizlandi\/"},"wordCount":259,"commentCount":0,"publisher":{"@id":"https:\/\/denizcankizil.tr\/de\/#organization"},"articleSection":["G\u00fcndem"],"inLanguage":"uk","potentialAction":[{"@type":"CommentAction","name":"Comment","target":["https:\/\/denizcankizil.tr\/uk\/haberler\/gundem\/duzcede-5-ogrenci-yediklerinden-rahatsizlandi\/#respond"]}]},{"@type":"WebPage","@id":"https:\/\/denizcankizil.tr\/uk\/haberler\/gundem\/duzcede-5-ogrenci-yediklerinden-rahatsizlandi\/","url":"https:\/\/denizcankizil.tr\/uk\/haberler\/gundem\/duzcede-5-ogrenci-yediklerinden-rahatsizlandi\/","name":"D\u00fczce'de 5 \u00f6\u011frenci yediklerinden rahats\u0131zland\u0131! - Av. Deniz Can K\u0131z\u0131l","isPartOf":{"@id":"https:\/\/denizcankizil.tr\/de\/#website"},"datePublished":"2025-02-03T15:41:43+00:00","breadcrumb":{"@id":"https:\/\/denizcankizil.tr\/uk\/haberler\/gundem\/duzcede-5-ogrenci-yediklerinden-rahatsizlandi\/#breadcrumb"},"inLanguage":"uk","potentialAction":[{"@type":"ReadAction","target":["https:\/\/denizcankizil.tr\/uk\/haberler\/gundem\/duzcede-5-ogrenci-yediklerinden-rahatsizlandi\/"]}]},{"@type":"BreadcrumbList","@id":"https:\/\/denizcankizil.tr\/uk\/haberler\/gundem\/duzcede-5-ogrenci-yediklerinden-rahatsizlandi\/#breadcrumb","itemListElement":[{"@type":"ListItem","position":1,"name":"Home","item":"https:\/\/denizcankizil.tr\/de\/"},{"@type":"ListItem","position":2,"name":"D\u00fczce&#8217;de 5 \u00f6\u011frenci yediklerinden rahats\u0131zland\u0131!"}]},{"@type":"WebSite","@id":"https:\/\/denizcankizil.tr\/de\/#website","url":"https:\/\/denizcankizil.tr\/de\/","name":"Av. Deniz Can K\u0131z\u0131l","description":"Avukat Deniz Can K\u0131z\u0131l Antalya Barosu","publisher":{"@id":"https:\/\/denizcankizil.tr\/de\/#organization"},"potentialAction":[{"@type":"SearchAction","target":{"@type":"EntryPoint","urlTemplate":"https:\/\/denizcankizil.tr\/de\/?s={search_term_string}"},"query-input":{"@type":"PropertyValueSpecification","valueRequired":true,"valueName":"search_term_string"}}],"inLanguage":"uk"},{"@type":"Organization","@id":"https:\/\/denizcankizil.tr\/de\/#organization","name":"Av. Deniz Can K\u0131z\u0131l","url":"https:\/\/denizcankizil.tr\/de\/","logo":{"@type":"ImageObject","inLanguage":"uk","@id":"https:\/\/denizcankizil.tr\/de\/#\/schema\/logo\/image\/","url":"https:\/\/denizcankizil.tr\/wp-content\/uploads\/2024\/10\/siyah-logo-svg.svg","contentUrl":"https:\/\/denizcankizil.tr\/wp-content\/uploads\/2024\/10\/siyah-logo-svg.svg","width":1080,"height":1080,"caption":"Av. Deniz Can K\u0131z\u0131l"},"image":{"@id":"https:\/\/denizcankizil.tr\/de\/#\/schema\/logo\/image\/"}},{"@type":"Person","@id":"https:\/\/denizcankizil.tr\/de\/#\/schema\/person\/be3c05fe6a12686905512445d8185489","name":"\u0430\u0434\u043c\u0456\u043d","image":{"@type":"ImageObject","inLanguage":"uk","@id":"https:\/\/denizcankizil.tr\/de\/#\/schema\/person\/image\/","url":"https:\/\/secure.gravatar.com\/avatar\/c1fce94c830dc79107e174f890d7210541c4a63e8e5d816341794a2151c9d58c?s=96&d=mm&r=g","contentUrl":"https:\/\/secure.gravatar.com\/avatar\/c1fce94c830dc79107e174f890d7210541c4a63e8e5d816341794a2151c9d58c?s=96&d=mm&r=g","caption":"admin"},"sameAs":["http:\/\/denizcankizil.tr"],"url":"https:\/\/www.iskenderun.org\/duzcede-5-ogrenci-yediklerinden-rahatsizlandi"}]}},"_links":{"self":[{"href":"https:\/\/denizcankizil.tr\/uk\/wp-json\/wp\/v2\/posts\/29848","targetHints":{"allow":["GET"]}}],"collection":[{"href":"https:\/\/denizcankizil.tr\/uk\/wp-json\/wp\/v2\/posts"}],"about":[{"href":"https:\/\/denizcankizil.tr\/uk\/wp-json\/wp\/v2\/types\/post"}],"author":[{"embeddable":true,"href":"https:\/\/denizcankizil.tr\/uk\/wp-json\/wp\/v2\/users\/1"}],"replies":[{"embeddable":true,"href":"https:\/\/denizcankizil.tr\/uk\/wp-json\/wp\/v2\/comments?post=29848"}],"version-history":[{"count":0,"href":"https:\/\/denizcankizil.tr\/uk\/wp-json\/wp\/v2\/posts\/29848\/revisions"}],"wp:attachment":[{"href":"https:\/\/denizcankizil.tr\/uk\/wp-json\/wp\/v2\/media?parent=29848"}],"wp:term":[{"taxonomy":"category","embeddable":true,"href":"https:\/\/denizcankizil.tr\/uk\/wp-json\/wp\/v2\/categories?post=29848"},{"taxonomy":"post_tag","embeddable":true,"href":"https:\/\/denizcankizil.tr\/uk\/wp-json\/wp\/v2\/tags?post=29848"}],"curies":[{"name":"wp","href":"https:\/\/api.w.org\/{rel}","templated":true}]}}