{"id":29847,"date":"2025-02-03T18:41:42","date_gmt":"2025-02-03T15:41:42","guid":{"rendered":"https:\/\/denizcankizil.tr\/uncategorized-tr\/katman-bu-kez-budotekte-sanatseverlerle-bulustu\/"},"modified":"2025-02-03T18:41:42","modified_gmt":"2025-02-03T15:41:42","slug":"katman-bu-kez-budotekte-sanatseverlerle-bulustu","status":"publish","type":"post","link":"https:\/\/denizcankizil.tr\/uk\/haberler\/gundem\/katman-bu-kez-budotekte-sanatseverlerle-bulustu\/","title":{"rendered":"&#8216;Katman&#8217; bu kez B\u00dcDOTEK\u2019te sanatseverlerle bulu\u015ftu"},"content":{"rendered":"<p>BUFSAD Kad\u0131n Foto\u011fraf\u00e7\u0131lar Grubu \u2018B\u0130Z\u2019 in temas\u0131 ve tekni\u011fiyle ses getiren sergisi \u2018KATMAN\u2019 bu kez de\u00a0 B\u00dcDOTEK\u2019te sanatseverlerle bulu\u015ftu.BURSA (\u0130GFA) &#8211;\u00a0OSB Bo\u011fazi\u00e7i \u00dcniversitesi Teknoloji Geli\u015ftirme B\u00f6lgesi\u2019nde yer alan ve \u00a01750 ki\u015finin \u00e7al\u0131\u015ft\u0131\u011f\u0131 toplam 24 d\u00f6n\u00fcm araziye yay\u0131lm\u0131\u015f bir kompleks olan B\u00dcDOTEK kad\u0131n foto\u011fraf\u00e7\u0131lardan olu\u015fan B\u0130Z grubunun sergisine ev sahipli\u011fi yap\u0131yor.<br \/>\n\u0130lk sergilemesi Bursa Akademik Odalar Birli\u011fi (BAOB)\u2019da ger\u00e7ekle\u015fen daha sonra \u0130FSAK\u2019TA sanatseverlerle bulu\u015fan serginin \u00fc\u00e7\u00fcnc\u00fc dura\u011f\u0131 B\u00dcDOTEK oldu. B\u00dcDOTEK Genel Md. Sn. B\u00fclent \u00dcner\u2019in kat\u0131l\u0131m\u0131yla a\u00e7\u0131lan sergi g\u00fczel tepkiler almaya devam ediyor.<\/p>\n<p>Aylin K\u0131rg\u00f6zo\u011fluk\u00fcrat\u00f6rl\u00fc\u011f\u00fcnde olu\u015fturulan \u2018KATMAN\u2019 sergisi birlikte \u00fcreterek\u00a0 \u00f6zg\u00fcn \u00e7al\u0131\u015fmalara imza atan kad\u0131n foto\u011fraf\u00e7\u0131lar\u0131 g\u00f6r\u00fcn\u00fcr k\u0131lmay\u0131 ba\u015fard\u0131.<br \/>\n21 \u015eubat tarihine dek B\u00dcDOTEK\u2019teizlenime a\u00e7\u0131k olan sergi sanatseverleri bekliyor.<\/p>\n<p>\u200bBUFSAD Kad\u0131n Foto\u011fraf\u00e7\u0131lar Grubu \u2018B\u0130Z\u2019 in temas\u0131 ve tekni\u011fiyle ses getiren sergisi \u2018KATMAN\u2019 bu kez de\u00a0 B\u00dcDOTEK\u2019te sanatseverlerle bulu\u015ftu.BURSA (\u0130GFA) &#8211;\u00a0OSB Bo\u011fazi\u00e7i \u00dcniversitesi Teknoloji Geli\u015ftirme B\u00f6lgesi\u2019nde yer alan ve \u00a01750 ki\u015finin \u00e7al\u0131\u015ft\u0131\u011f\u0131 toplam 24 d\u00f6n\u00fcm araziye yay\u0131lm\u0131\u015f bir kompleks olan B\u00dcDOTEK kad\u0131n foto\u011fraf\u00e7\u0131lardan olu\u015fan B\u0130Z grubunun sergisine ev sahipli\u011fi yap\u0131yor.<br \/>\n\u0130lk sergilemesi Bursa Akademik Odalar Birli\u011fi (BAOB)\u2019da ger\u00e7ekle\u015fen daha sonra \u0130FSAK\u2019TA sanatseverlerle bulu\u015fan serginin \u00fc\u00e7\u00fcnc\u00fc dura\u011f\u0131 B\u00dcDOTEK oldu. B\u00dcDOTEK Genel Md. Sn. B\u00fclent \u00dcner\u2019in kat\u0131l\u0131m\u0131yla a\u00e7\u0131lan sergi g\u00fczel tepkiler almaya devam ediyor.<\/p>\n<p>Aylin K\u0131rg\u00f6zo\u011fluk\u00fcrat\u00f6rl\u00fc\u011f\u00fcnde olu\u015fturulan \u2018KATMAN\u2019 sergisi birlikte \u00fcreterek\u00a0 \u00f6zg\u00fcn \u00e7al\u0131\u015fmalara imza atan kad\u0131n foto\u011fraf\u00e7\u0131lar\u0131 g\u00f6r\u00fcn\u00fcr k\u0131lmay\u0131 ba\u015fard\u0131.<br \/>\n21 \u015eubat tarihine dek B\u00dcDOTEK\u2019teizlenime a\u00e7\u0131k olan sergi sanatseverleri bekliyor.\u00a0<\/p>\n<p>\u200bHaberin Al\u0131nt\u0131land\u0131\u011f\u0131 Kaynak: www.iskenderun.org<\/p>","protected":false},"excerpt":{"rendered":"<p>BUFSAD Kad\u0131n Foto\u011fraf\u00e7\u0131lar Grubu \u2018B\u0130Z\u2019 in temas\u0131 ve tekni\u011fiyle ses getiren sergisi \u2018KATMAN\u2019 bu kez de\u00a0 B\u00dcDOTEK\u2019te sanatseverlerle bulu\u015ftu.BURSA (\u0130GFA) &#8211;\u00a0OSB Bo\u011fazi\u00e7i \u00dcniversitesi Teknoloji Geli\u015ftirme B\u00f6lgesi\u2019nde yer alan ve \u00a01750 ki\u015finin \u00e7al\u0131\u015ft\u0131\u011f\u0131 toplam 24 d\u00f6n\u00fcm araziye yay\u0131lm\u0131\u015f bir kompleks olan B\u00dcDOTEK kad\u0131n foto\u011fraf\u00e7\u0131lardan olu\u015fan B\u0130Z grubunun sergisine ev sahipli\u011fi yap\u0131yor. \u0130lk sergilemesi Bursa Akademik Odalar Birli\u011fi (BAOB)\u2019da ger\u00e7ekle\u015fen daha sonra \u0130FSAK\u2019TA sanatseverlerle bulu\u015fan serginin \u00fc\u00e7\u00fcnc\u00fc dura\u011f\u0131 B\u00dcDOTEK oldu. B\u00dcDOTEK Genel Md. Sn. B\u00fclent \u00dcner\u2019in kat\u0131l\u0131m\u0131yla a\u00e7\u0131lan sergi g\u00fczel tepkiler almaya devam ediyor. Aylin K\u0131rg\u00f6zo\u011fluk\u00fcrat\u00f6rl\u00fc\u011f\u00fcnde olu\u015fturulan \u2018KATMAN\u2019 sergisi birlikte \u00fcreterek\u00a0 \u00f6zg\u00fcn \u00e7al\u0131\u015fmalara imza atan kad\u0131n foto\u011fraf\u00e7\u0131lar\u0131 g\u00f6r\u00fcn\u00fcr k\u0131lmay\u0131 ba\u015fard\u0131. 21 \u015eubat tarihine dek B\u00dcDOTEK\u2019teizlenime a\u00e7\u0131k olan sergi sanatseverleri bekliyor. \u200bBUFSAD Kad\u0131n Foto\u011fraf\u00e7\u0131lar Grubu \u2018B\u0130Z\u2019 in temas\u0131 ve tekni\u011fiyle ses getiren sergisi \u2018KATMAN\u2019 bu kez de\u00a0 B\u00dcDOTEK\u2019te sanatseverlerle bulu\u015ftu.BURSA (\u0130GFA) &#8211;\u00a0OSB Bo\u011fazi\u00e7i \u00dcniversitesi Teknoloji Geli\u015ftirme B\u00f6lgesi\u2019nde yer alan ve \u00a01750 ki\u015finin \u00e7al\u0131\u015ft\u0131\u011f\u0131 toplam 24 d\u00f6n\u00fcm araziye yay\u0131lm\u0131\u015f bir kompleks olan B\u00dcDOTEK kad\u0131n foto\u011fraf\u00e7\u0131lardan olu\u015fan B\u0130Z grubunun sergisine ev sahipli\u011fi yap\u0131yor. \u0130lk sergilemesi Bursa Akademik Odalar Birli\u011fi (BAOB)\u2019da ger\u00e7ekle\u015fen daha sonra \u0130FSAK\u2019TA sanatseverlerle bulu\u015fan serginin \u00fc\u00e7\u00fcnc\u00fc dura\u011f\u0131 B\u00dcDOTEK oldu. B\u00dcDOTEK Genel Md. Sn. B\u00fclent \u00dcner\u2019in kat\u0131l\u0131m\u0131yla a\u00e7\u0131lan sergi g\u00fczel tepkiler almaya devam ediyor. Aylin K\u0131rg\u00f6zo\u011fluk\u00fcrat\u00f6rl\u00fc\u011f\u00fcnde olu\u015fturulan \u2018KATMAN\u2019 sergisi birlikte \u00fcreterek\u00a0 \u00f6zg\u00fcn \u00e7al\u0131\u015fmalara imza &hellip;<\/p>","protected":false},"author":1,"featured_media":0,"comment_status":"open","ping_status":"open","sticky":false,"template":"","format":"standard","meta":{"_acf_changed":false,"footnotes":""},"categories":[24],"tags":[],"class_list":["post-29847","post","type-post","status-publish","format-standard","has-post-thumbnail","hentry","category-gundem"],"acf":[],"yoast_head":"<!-- This site is optimized with the Yoast SEO Premium plugin v26.6 (Yoast SEO v27.1.1) - https:\/\/yoast.com\/product\/yoast-seo-premium-wordpress\/ -->\n<title>&#039;Katman&#039; bu kez B\u00dcDOTEK\u2019te sanatseverlerle bulu\u015ftu - Av. Deniz Can K\u0131z\u0131l<\/title>\n<meta name=\"robots\" content=\"index, follow, max-snippet:-1, max-image-preview:large, max-video-preview:-1\" \/>\n<link rel=\"canonical\" href=\"https:\/\/denizcankizil.tr\/uk\/haberler\/gundem\/katman-bu-kez-budotekte-sanatseverlerle-bulustu\/\" \/>\n<meta property=\"og:locale\" content=\"uk_UA\" \/>\n<meta property=\"og:type\" content=\"article\" \/>\n<meta property=\"og:title\" content=\"&#039;Katman&#039; bu kez B\u00dcDOTEK\u2019te sanatseverlerle bulu\u015ftu\" \/>\n<meta property=\"og:description\" content=\"BUFSAD Kad\u0131n Foto\u011fraf\u00e7\u0131lar Grubu \u2018B\u0130Z\u2019 in temas\u0131 ve tekni\u011fiyle ses getiren sergisi \u2018KATMAN\u2019 bu kez de\u00a0 B\u00dcDOTEK\u2019te sanatseverlerle bulu\u015ftu.BURSA (\u0130GFA) &#8211;\u00a0OSB Bo\u011fazi\u00e7i \u00dcniversitesi Teknoloji Geli\u015ftirme B\u00f6lgesi\u2019nde yer alan ve \u00a01750 ki\u015finin \u00e7al\u0131\u015ft\u0131\u011f\u0131 toplam 24 d\u00f6n\u00fcm araziye yay\u0131lm\u0131\u015f bir kompleks olan B\u00dcDOTEK kad\u0131n foto\u011fraf\u00e7\u0131lardan olu\u015fan B\u0130Z grubunun sergisine ev sahipli\u011fi yap\u0131yor. \u0130lk sergilemesi Bursa Akademik Odalar Birli\u011fi (BAOB)\u2019da ger\u00e7ekle\u015fen daha sonra \u0130FSAK\u2019TA sanatseverlerle bulu\u015fan serginin \u00fc\u00e7\u00fcnc\u00fc dura\u011f\u0131 B\u00dcDOTEK oldu. B\u00dcDOTEK Genel Md. Sn. B\u00fclent \u00dcner\u2019in kat\u0131l\u0131m\u0131yla a\u00e7\u0131lan sergi g\u00fczel tepkiler almaya devam ediyor. Aylin K\u0131rg\u00f6zo\u011fluk\u00fcrat\u00f6rl\u00fc\u011f\u00fcnde olu\u015fturulan \u2018KATMAN\u2019 sergisi birlikte \u00fcreterek\u00a0 \u00f6zg\u00fcn \u00e7al\u0131\u015fmalara imza atan kad\u0131n foto\u011fraf\u00e7\u0131lar\u0131 g\u00f6r\u00fcn\u00fcr k\u0131lmay\u0131 ba\u015fard\u0131. 21 \u015eubat tarihine dek B\u00dcDOTEK\u2019teizlenime a\u00e7\u0131k olan sergi sanatseverleri bekliyor. \u200bBUFSAD Kad\u0131n Foto\u011fraf\u00e7\u0131lar Grubu \u2018B\u0130Z\u2019 in temas\u0131 ve tekni\u011fiyle ses getiren sergisi \u2018KATMAN\u2019 bu kez de\u00a0 B\u00dcDOTEK\u2019te sanatseverlerle bulu\u015ftu.BURSA (\u0130GFA) &#8211;\u00a0OSB Bo\u011fazi\u00e7i \u00dcniversitesi Teknoloji Geli\u015ftirme B\u00f6lgesi\u2019nde yer alan ve \u00a01750 ki\u015finin \u00e7al\u0131\u015ft\u0131\u011f\u0131 toplam 24 d\u00f6n\u00fcm araziye yay\u0131lm\u0131\u015f bir kompleks olan B\u00dcDOTEK kad\u0131n foto\u011fraf\u00e7\u0131lardan olu\u015fan B\u0130Z grubunun sergisine ev sahipli\u011fi yap\u0131yor. \u0130lk sergilemesi Bursa Akademik Odalar Birli\u011fi (BAOB)\u2019da ger\u00e7ekle\u015fen daha sonra \u0130FSAK\u2019TA sanatseverlerle bulu\u015fan serginin \u00fc\u00e7\u00fcnc\u00fc dura\u011f\u0131 B\u00dcDOTEK oldu. B\u00dcDOTEK Genel Md. Sn. B\u00fclent \u00dcner\u2019in kat\u0131l\u0131m\u0131yla a\u00e7\u0131lan sergi g\u00fczel tepkiler almaya devam ediyor. Aylin K\u0131rg\u00f6zo\u011fluk\u00fcrat\u00f6rl\u00fc\u011f\u00fcnde olu\u015fturulan \u2018KATMAN\u2019 sergisi birlikte \u00fcreterek\u00a0 \u00f6zg\u00fcn \u00e7al\u0131\u015fmalara imza &hellip;\" \/>\n<meta property=\"og:url\" content=\"https:\/\/denizcankizil.tr\/uk\/haberler\/gundem\/katman-bu-kez-budotekte-sanatseverlerle-bulustu\/\" \/>\n<meta property=\"og:site_name\" content=\"Av. Deniz Can K\u0131z\u0131l\" \/>\n<meta property=\"article:published_time\" content=\"2025-02-03T15:41:42+00:00\" \/>\n<meta name=\"author\" content=\"admin\" \/>\n<meta name=\"twitter:card\" content=\"summary_large_image\" \/>\n<meta name=\"twitter:label1\" content=\"\u041d\u0430\u043f\u0438\u0441\u0430\u043d\u043e\" \/>\n\t<meta name=\"twitter:data1\" content=\"admin\" \/>\n\t<meta name=\"twitter:label2\" content=\"\u041f\u0440\u0438\u0431\u043b. \u0447\u0430\u0441 \u0447\u0438\u0442\u0430\u043d\u043d\u044f\" \/>\n\t<meta name=\"twitter:data2\" content=\"2 \u0445\u0432\u0438\u043b\u0438\u043d\u0438\" \/>\n<script type=\"application\/ld+json\" class=\"yoast-schema-graph\">{\"@context\":\"https:\/\/schema.org\",\"@graph\":[{\"@type\":\"Article\",\"@id\":\"https:\/\/denizcankizil.tr\/uk\/haberler\/gundem\/katman-bu-kez-budotekte-sanatseverlerle-bulustu\/#article\",\"isPartOf\":{\"@id\":\"https:\/\/denizcankizil.tr\/uk\/haberler\/gundem\/katman-bu-kez-budotekte-sanatseverlerle-bulustu\/\"},\"author\":{\"name\":\"admin\",\"@id\":\"https:\/\/denizcankizil.tr\/de\/#\/schema\/person\/be3c05fe6a12686905512445d8185489\"},\"headline\":\"&#8216;Katman&#8217; bu kez B\u00dcDOTEK\u2019te sanatseverlerle bulu\u015ftu\",\"datePublished\":\"2025-02-03T15:41:42+00:00\",\"mainEntityOfPage\":{\"@id\":\"https:\/\/denizcankizil.tr\/uk\/haberler\/gundem\/katman-bu-kez-budotekte-sanatseverlerle-bulustu\/\"},\"wordCount\":353,\"commentCount\":0,\"publisher\":{\"@id\":\"https:\/\/denizcankizil.tr\/de\/#organization\"},\"articleSection\":[\"G\u00fcndem\"],\"inLanguage\":\"uk\",\"potentialAction\":[{\"@type\":\"CommentAction\",\"name\":\"Comment\",\"target\":[\"https:\/\/denizcankizil.tr\/uk\/haberler\/gundem\/katman-bu-kez-budotekte-sanatseverlerle-bulustu\/#respond\"]}]},{\"@type\":\"WebPage\",\"@id\":\"https:\/\/denizcankizil.tr\/uk\/haberler\/gundem\/katman-bu-kez-budotekte-sanatseverlerle-bulustu\/\",\"url\":\"https:\/\/denizcankizil.tr\/uk\/haberler\/gundem\/katman-bu-kez-budotekte-sanatseverlerle-bulustu\/\",\"name\":\"'Katman' bu kez B\u00dcDOTEK\u2019te sanatseverlerle bulu\u015ftu - Av. Deniz Can K\u0131z\u0131l\",\"isPartOf\":{\"@id\":\"https:\/\/denizcankizil.tr\/de\/#website\"},\"datePublished\":\"2025-02-03T15:41:42+00:00\",\"breadcrumb\":{\"@id\":\"https:\/\/denizcankizil.tr\/uk\/haberler\/gundem\/katman-bu-kez-budotekte-sanatseverlerle-bulustu\/#breadcrumb\"},\"inLanguage\":\"uk\",\"potentialAction\":[{\"@type\":\"ReadAction\",\"target\":[\"https:\/\/denizcankizil.tr\/uk\/haberler\/gundem\/katman-bu-kez-budotekte-sanatseverlerle-bulustu\/\"]}]},{\"@type\":\"BreadcrumbList\",\"@id\":\"https:\/\/denizcankizil.tr\/uk\/haberler\/gundem\/katman-bu-kez-budotekte-sanatseverlerle-bulustu\/#breadcrumb\",\"itemListElement\":[{\"@type\":\"ListItem\",\"position\":1,\"name\":\"Home\",\"item\":\"https:\/\/denizcankizil.tr\/de\/\"},{\"@type\":\"ListItem\",\"position\":2,\"name\":\"&#8216;Katman&#8217; bu kez B\u00dcDOTEK\u2019te sanatseverlerle bulu\u015ftu\"}]},{\"@type\":\"WebSite\",\"@id\":\"https:\/\/denizcankizil.tr\/de\/#website\",\"url\":\"https:\/\/denizcankizil.tr\/de\/\",\"name\":\"Av. Deniz Can K\u0131z\u0131l\",\"description\":\"Avukat Deniz Can K\u0131z\u0131l Antalya Barosu\",\"publisher\":{\"@id\":\"https:\/\/denizcankizil.tr\/de\/#organization\"},\"potentialAction\":[{\"@type\":\"SearchAction\",\"target\":{\"@type\":\"EntryPoint\",\"urlTemplate\":\"https:\/\/denizcankizil.tr\/de\/?s={search_term_string}\"},\"query-input\":{\"@type\":\"PropertyValueSpecification\",\"valueRequired\":true,\"valueName\":\"search_term_string\"}}],\"inLanguage\":\"uk\"},{\"@type\":\"Organization\",\"@id\":\"https:\/\/denizcankizil.tr\/de\/#organization\",\"name\":\"Av. Deniz Can K\u0131z\u0131l\",\"url\":\"https:\/\/denizcankizil.tr\/de\/\",\"logo\":{\"@type\":\"ImageObject\",\"inLanguage\":\"uk\",\"@id\":\"https:\/\/denizcankizil.tr\/de\/#\/schema\/logo\/image\/\",\"url\":\"https:\/\/denizcankizil.tr\/wp-content\/uploads\/2024\/10\/siyah-logo-svg.svg\",\"contentUrl\":\"https:\/\/denizcankizil.tr\/wp-content\/uploads\/2024\/10\/siyah-logo-svg.svg\",\"width\":1080,\"height\":1080,\"caption\":\"Av. Deniz Can K\u0131z\u0131l\"},\"image\":{\"@id\":\"https:\/\/denizcankizil.tr\/de\/#\/schema\/logo\/image\/\"}},{\"@type\":\"Person\",\"@id\":\"https:\/\/denizcankizil.tr\/de\/#\/schema\/person\/be3c05fe6a12686905512445d8185489\",\"name\":\"admin\",\"image\":{\"@type\":\"ImageObject\",\"inLanguage\":\"uk\",\"@id\":\"https:\/\/denizcankizil.tr\/de\/#\/schema\/person\/image\/\",\"url\":\"https:\/\/secure.gravatar.com\/avatar\/c1fce94c830dc79107e174f890d7210541c4a63e8e5d816341794a2151c9d58c?s=96&d=mm&r=g\",\"contentUrl\":\"https:\/\/secure.gravatar.com\/avatar\/c1fce94c830dc79107e174f890d7210541c4a63e8e5d816341794a2151c9d58c?s=96&d=mm&r=g\",\"caption\":\"admin\"},\"sameAs\":[\"http:\/\/denizcankizil.tr\"],\"url\":\"https:\/\/www.iskenderun.org\/katman-bu-kez-budotekte-sanatseverlerle-bulustu\"}]}<\/script>\n<!-- \/ Yoast SEO Premium plugin. -->","yoast_head_json":{"title":"'Katman' bu kez B\u00dcDOTEK\u2019te sanatseverlerle bulu\u015ftu - Av. Deniz Can K\u0131z\u0131l","robots":{"index":"index","follow":"follow","max-snippet":"max-snippet:-1","max-image-preview":"max-image-preview:large","max-video-preview":"max-video-preview:-1"},"canonical":"https:\/\/denizcankizil.tr\/uk\/haberler\/gundem\/katman-bu-kez-budotekte-sanatseverlerle-bulustu\/","og_locale":"uk_UA","og_type":"article","og_title":"'Katman' bu kez B\u00dcDOTEK\u2019te sanatseverlerle bulu\u015ftu","og_description":"BUFSAD Kad\u0131n Foto\u011fraf\u00e7\u0131lar Grubu \u2018B\u0130Z\u2019 in temas\u0131 ve tekni\u011fiyle ses getiren sergisi \u2018KATMAN\u2019 bu kez de\u00a0 B\u00dcDOTEK\u2019te sanatseverlerle bulu\u015ftu.BURSA (\u0130GFA) &#8211;\u00a0OSB Bo\u011fazi\u00e7i \u00dcniversitesi Teknoloji Geli\u015ftirme B\u00f6lgesi\u2019nde yer alan ve \u00a01750 ki\u015finin \u00e7al\u0131\u015ft\u0131\u011f\u0131 toplam 24 d\u00f6n\u00fcm araziye yay\u0131lm\u0131\u015f bir kompleks olan B\u00dcDOTEK kad\u0131n foto\u011fraf\u00e7\u0131lardan olu\u015fan B\u0130Z grubunun sergisine ev sahipli\u011fi yap\u0131yor. \u0130lk sergilemesi Bursa Akademik Odalar Birli\u011fi (BAOB)\u2019da ger\u00e7ekle\u015fen daha sonra \u0130FSAK\u2019TA sanatseverlerle bulu\u015fan serginin \u00fc\u00e7\u00fcnc\u00fc dura\u011f\u0131 B\u00dcDOTEK oldu. B\u00dcDOTEK Genel Md. Sn. B\u00fclent \u00dcner\u2019in kat\u0131l\u0131m\u0131yla a\u00e7\u0131lan sergi g\u00fczel tepkiler almaya devam ediyor. Aylin K\u0131rg\u00f6zo\u011fluk\u00fcrat\u00f6rl\u00fc\u011f\u00fcnde olu\u015fturulan \u2018KATMAN\u2019 sergisi birlikte \u00fcreterek\u00a0 \u00f6zg\u00fcn \u00e7al\u0131\u015fmalara imza atan kad\u0131n foto\u011fraf\u00e7\u0131lar\u0131 g\u00f6r\u00fcn\u00fcr k\u0131lmay\u0131 ba\u015fard\u0131. 21 \u015eubat tarihine dek B\u00dcDOTEK\u2019teizlenime a\u00e7\u0131k olan sergi sanatseverleri bekliyor. \u200bBUFSAD Kad\u0131n Foto\u011fraf\u00e7\u0131lar Grubu \u2018B\u0130Z\u2019 in temas\u0131 ve tekni\u011fiyle ses getiren sergisi \u2018KATMAN\u2019 bu kez de\u00a0 B\u00dcDOTEK\u2019te sanatseverlerle bulu\u015ftu.BURSA (\u0130GFA) &#8211;\u00a0OSB Bo\u011fazi\u00e7i \u00dcniversitesi Teknoloji Geli\u015ftirme B\u00f6lgesi\u2019nde yer alan ve \u00a01750 ki\u015finin \u00e7al\u0131\u015ft\u0131\u011f\u0131 toplam 24 d\u00f6n\u00fcm araziye yay\u0131lm\u0131\u015f bir kompleks olan B\u00dcDOTEK kad\u0131n foto\u011fraf\u00e7\u0131lardan olu\u015fan B\u0130Z grubunun sergisine ev sahipli\u011fi yap\u0131yor. \u0130lk sergilemesi Bursa Akademik Odalar Birli\u011fi (BAOB)\u2019da ger\u00e7ekle\u015fen daha sonra \u0130FSAK\u2019TA sanatseverlerle bulu\u015fan serginin \u00fc\u00e7\u00fcnc\u00fc dura\u011f\u0131 B\u00dcDOTEK oldu. B\u00dcDOTEK Genel Md. Sn. B\u00fclent \u00dcner\u2019in kat\u0131l\u0131m\u0131yla a\u00e7\u0131lan sergi g\u00fczel tepkiler almaya devam ediyor. Aylin K\u0131rg\u00f6zo\u011fluk\u00fcrat\u00f6rl\u00fc\u011f\u00fcnde olu\u015fturulan \u2018KATMAN\u2019 sergisi birlikte \u00fcreterek\u00a0 \u00f6zg\u00fcn \u00e7al\u0131\u015fmalara imza &hellip;","og_url":"https:\/\/denizcankizil.tr\/uk\/haberler\/gundem\/katman-bu-kez-budotekte-sanatseverlerle-bulustu\/","og_site_name":"Av. Deniz Can K\u0131z\u0131l","article_published_time":"2025-02-03T15:41:42+00:00","author":"admin","twitter_card":"summary_large_image","twitter_misc":{"\u041d\u0430\u043f\u0438\u0441\u0430\u043d\u043e":"admin","\u041f\u0440\u0438\u0431\u043b. \u0447\u0430\u0441 \u0447\u0438\u0442\u0430\u043d\u043d\u044f":"2 \u0445\u0432\u0438\u043b\u0438\u043d\u0438"},"schema":{"@context":"https:\/\/schema.org","@graph":[{"@type":"Article","@id":"https:\/\/denizcankizil.tr\/uk\/haberler\/gundem\/katman-bu-kez-budotekte-sanatseverlerle-bulustu\/#article","isPartOf":{"@id":"https:\/\/denizcankizil.tr\/uk\/haberler\/gundem\/katman-bu-kez-budotekte-sanatseverlerle-bulustu\/"},"author":{"name":"admin","@id":"https:\/\/denizcankizil.tr\/de\/#\/schema\/person\/be3c05fe6a12686905512445d8185489"},"headline":"&#8216;Katman&#8217; bu kez B\u00dcDOTEK\u2019te sanatseverlerle bulu\u015ftu","datePublished":"2025-02-03T15:41:42+00:00","mainEntityOfPage":{"@id":"https:\/\/denizcankizil.tr\/uk\/haberler\/gundem\/katman-bu-kez-budotekte-sanatseverlerle-bulustu\/"},"wordCount":353,"commentCount":0,"publisher":{"@id":"https:\/\/denizcankizil.tr\/de\/#organization"},"articleSection":["G\u00fcndem"],"inLanguage":"uk","potentialAction":[{"@type":"CommentAction","name":"Comment","target":["https:\/\/denizcankizil.tr\/uk\/haberler\/gundem\/katman-bu-kez-budotekte-sanatseverlerle-bulustu\/#respond"]}]},{"@type":"WebPage","@id":"https:\/\/denizcankizil.tr\/uk\/haberler\/gundem\/katman-bu-kez-budotekte-sanatseverlerle-bulustu\/","url":"https:\/\/denizcankizil.tr\/uk\/haberler\/gundem\/katman-bu-kez-budotekte-sanatseverlerle-bulustu\/","name":"'Katman' bu kez B\u00dcDOTEK\u2019te sanatseverlerle bulu\u015ftu - Av. Deniz Can K\u0131z\u0131l","isPartOf":{"@id":"https:\/\/denizcankizil.tr\/de\/#website"},"datePublished":"2025-02-03T15:41:42+00:00","breadcrumb":{"@id":"https:\/\/denizcankizil.tr\/uk\/haberler\/gundem\/katman-bu-kez-budotekte-sanatseverlerle-bulustu\/#breadcrumb"},"inLanguage":"uk","potentialAction":[{"@type":"ReadAction","target":["https:\/\/denizcankizil.tr\/uk\/haberler\/gundem\/katman-bu-kez-budotekte-sanatseverlerle-bulustu\/"]}]},{"@type":"BreadcrumbList","@id":"https:\/\/denizcankizil.tr\/uk\/haberler\/gundem\/katman-bu-kez-budotekte-sanatseverlerle-bulustu\/#breadcrumb","itemListElement":[{"@type":"ListItem","position":1,"name":"Home","item":"https:\/\/denizcankizil.tr\/de\/"},{"@type":"ListItem","position":2,"name":"&#8216;Katman&#8217; bu kez B\u00dcDOTEK\u2019te sanatseverlerle bulu\u015ftu"}]},{"@type":"WebSite","@id":"https:\/\/denizcankizil.tr\/de\/#website","url":"https:\/\/denizcankizil.tr\/de\/","name":"Av. Deniz Can K\u0131z\u0131l","description":"Avukat Deniz Can K\u0131z\u0131l Antalya Barosu","publisher":{"@id":"https:\/\/denizcankizil.tr\/de\/#organization"},"potentialAction":[{"@type":"SearchAction","target":{"@type":"EntryPoint","urlTemplate":"https:\/\/denizcankizil.tr\/de\/?s={search_term_string}"},"query-input":{"@type":"PropertyValueSpecification","valueRequired":true,"valueName":"search_term_string"}}],"inLanguage":"uk"},{"@type":"Organization","@id":"https:\/\/denizcankizil.tr\/de\/#organization","name":"Av. Deniz Can K\u0131z\u0131l","url":"https:\/\/denizcankizil.tr\/de\/","logo":{"@type":"ImageObject","inLanguage":"uk","@id":"https:\/\/denizcankizil.tr\/de\/#\/schema\/logo\/image\/","url":"https:\/\/denizcankizil.tr\/wp-content\/uploads\/2024\/10\/siyah-logo-svg.svg","contentUrl":"https:\/\/denizcankizil.tr\/wp-content\/uploads\/2024\/10\/siyah-logo-svg.svg","width":1080,"height":1080,"caption":"Av. Deniz Can K\u0131z\u0131l"},"image":{"@id":"https:\/\/denizcankizil.tr\/de\/#\/schema\/logo\/image\/"}},{"@type":"Person","@id":"https:\/\/denizcankizil.tr\/de\/#\/schema\/person\/be3c05fe6a12686905512445d8185489","name":"\u0430\u0434\u043c\u0456\u043d","image":{"@type":"ImageObject","inLanguage":"uk","@id":"https:\/\/denizcankizil.tr\/de\/#\/schema\/person\/image\/","url":"https:\/\/secure.gravatar.com\/avatar\/c1fce94c830dc79107e174f890d7210541c4a63e8e5d816341794a2151c9d58c?s=96&d=mm&r=g","contentUrl":"https:\/\/secure.gravatar.com\/avatar\/c1fce94c830dc79107e174f890d7210541c4a63e8e5d816341794a2151c9d58c?s=96&d=mm&r=g","caption":"admin"},"sameAs":["http:\/\/denizcankizil.tr"],"url":"https:\/\/www.iskenderun.org\/katman-bu-kez-budotekte-sanatseverlerle-bulustu"}]}},"_links":{"self":[{"href":"https:\/\/denizcankizil.tr\/uk\/wp-json\/wp\/v2\/posts\/29847","targetHints":{"allow":["GET"]}}],"collection":[{"href":"https:\/\/denizcankizil.tr\/uk\/wp-json\/wp\/v2\/posts"}],"about":[{"href":"https:\/\/denizcankizil.tr\/uk\/wp-json\/wp\/v2\/types\/post"}],"author":[{"embeddable":true,"href":"https:\/\/denizcankizil.tr\/uk\/wp-json\/wp\/v2\/users\/1"}],"replies":[{"embeddable":true,"href":"https:\/\/denizcankizil.tr\/uk\/wp-json\/wp\/v2\/comments?post=29847"}],"version-history":[{"count":0,"href":"https:\/\/denizcankizil.tr\/uk\/wp-json\/wp\/v2\/posts\/29847\/revisions"}],"wp:attachment":[{"href":"https:\/\/denizcankizil.tr\/uk\/wp-json\/wp\/v2\/media?parent=29847"}],"wp:term":[{"taxonomy":"category","embeddable":true,"href":"https:\/\/denizcankizil.tr\/uk\/wp-json\/wp\/v2\/categories?post=29847"},{"taxonomy":"post_tag","embeddable":true,"href":"https:\/\/denizcankizil.tr\/uk\/wp-json\/wp\/v2\/tags?post=29847"}],"curies":[{"name":"wp","href":"https:\/\/api.w.org\/{rel}","templated":true}]}}