{"id":29844,"date":"2025-02-03T18:41:40","date_gmt":"2025-02-03T15:41:40","guid":{"rendered":"https:\/\/denizcankizil.tr\/uncategorized-tr\/duzcede-ailesiyle-vedalasip-polise-teslim-oldu\/"},"modified":"2025-02-03T18:41:40","modified_gmt":"2025-02-03T15:41:40","slug":"duzcede-ailesiyle-vedalasip-polise-teslim-oldu","status":"publish","type":"post","link":"https:\/\/denizcankizil.tr\/uk\/haberler\/gundem\/duzcede-ailesiyle-vedalasip-polise-teslim-oldu\/","title":{"rendered":"D\u00fczce&#8217;de ailesiyle vedala\u015f\u0131p polise teslim oldu"},"content":{"rendered":"<p>D\u00fczce&#8217;de polis ekiplerini arayarak kendisinde uyu\u015fturucu madde oldu\u011funu ihbar eden bir ki\u015fi ailesi ile vedala\u015farak teslim oldu.Sefer DEM\u0130R \/ D\u00dcZCE (\u0130GFA) &#8211; Al\u0131nan bilgiye g\u00f6re olay gece saatlerinde Burhaniye Mahallesi\u2019nde ya\u015fand\u0131.<br \/>\nBir \u015fah\u0131s polis ekiplerini arayarak kendisinde yakla\u015f\u0131k 1 kilogram uyu\u015fturucu madde oldu\u011funu ihbar etti.<br \/>\nEkipler ihbar \u00fczerine \u015fahs\u0131n bulundu\u011fu adrese giderek \u015fahs\u0131 g\u00f6zalt\u0131na ald\u0131.<br \/>\nAilesi ile vedala\u015fan \u015fah\u0131s, polis ekiplerine teslim oldu.<br \/>\nG\u00f6zalt\u0131na al\u0131nan \u015fah\u0131s ile ilgili tahkikat s\u00fcr\u00fcyor.<\/p>\n<p>\u200bD\u00fczce&#8217;de polis ekiplerini arayarak kendisinde uyu\u015fturucu madde oldu\u011funu ihbar eden bir ki\u015fi ailesi ile vedala\u015farak teslim oldu.Sefer DEM\u0130R \/ D\u00dcZCE (\u0130GFA) &#8211; Al\u0131nan bilgiye g\u00f6re olay gece saatlerinde Burhaniye Mahallesi\u2019nde ya\u015fand\u0131.<br \/>\nBir \u015fah\u0131s polis ekiplerini arayarak kendisinde yakla\u015f\u0131k 1 kilogram uyu\u015fturucu madde oldu\u011funu ihbar etti.<br \/>\nEkipler ihbar \u00fczerine \u015fahs\u0131n bulundu\u011fu adrese giderek \u015fahs\u0131 g\u00f6zalt\u0131na ald\u0131.<br \/>\nAilesi ile vedala\u015fan \u015fah\u0131s, polis ekiplerine teslim oldu.<br \/>\nG\u00f6zalt\u0131na al\u0131nan \u015fah\u0131s ile ilgili tahkikat s\u00fcr\u00fcyor.\u00a0<\/p>\n<p>\u200bHaberin Al\u0131nt\u0131land\u0131\u011f\u0131 Kaynak: www.iskenderun.org<\/p>","protected":false},"excerpt":{"rendered":"<p>D\u00fczce&#8217;de polis ekiplerini arayarak kendisinde uyu\u015fturucu madde oldu\u011funu ihbar eden bir ki\u015fi ailesi ile vedala\u015farak teslim oldu.Sefer DEM\u0130R \/ D\u00dcZCE (\u0130GFA) &#8211; Al\u0131nan bilgiye g\u00f6re olay gece saatlerinde Burhaniye Mahallesi\u2019nde ya\u015fand\u0131. Bir \u015fah\u0131s polis ekiplerini arayarak kendisinde yakla\u015f\u0131k 1 kilogram uyu\u015fturucu madde oldu\u011funu ihbar etti. Ekipler ihbar \u00fczerine \u015fahs\u0131n bulundu\u011fu adrese giderek \u015fahs\u0131 g\u00f6zalt\u0131na ald\u0131. Ailesi ile vedala\u015fan \u015fah\u0131s, polis ekiplerine teslim oldu. G\u00f6zalt\u0131na al\u0131nan \u015fah\u0131s ile ilgili tahkikat s\u00fcr\u00fcyor. \u200bD\u00fczce&#8217;de polis ekiplerini arayarak kendisinde uyu\u015fturucu madde oldu\u011funu ihbar eden bir ki\u015fi ailesi ile vedala\u015farak teslim oldu.Sefer DEM\u0130R \/ D\u00dcZCE (\u0130GFA) &#8211; Al\u0131nan bilgiye g\u00f6re olay gece saatlerinde Burhaniye Mahallesi\u2019nde ya\u015fand\u0131. Bir \u015fah\u0131s polis ekiplerini arayarak kendisinde yakla\u015f\u0131k 1 kilogram uyu\u015fturucu madde oldu\u011funu ihbar etti. Ekipler ihbar \u00fczerine \u015fahs\u0131n bulundu\u011fu adrese giderek \u015fahs\u0131 g\u00f6zalt\u0131na ald\u0131. Ailesi ile vedala\u015fan \u015fah\u0131s, polis ekiplerine teslim oldu. G\u00f6zalt\u0131na al\u0131nan \u015fah\u0131s ile ilgili tahkikat s\u00fcr\u00fcyor.\u00a0 \u200bHaberin Al\u0131nt\u0131land\u0131\u011f\u0131 Kaynak: www.iskenderun.org<\/p>","protected":false},"author":1,"featured_media":0,"comment_status":"open","ping_status":"open","sticky":false,"template":"","format":"standard","meta":{"_acf_changed":false,"footnotes":""},"categories":[24],"tags":[],"class_list":["post-29844","post","type-post","status-publish","format-standard","has-post-thumbnail","hentry","category-gundem"],"acf":[],"yoast_head":"<!-- This site is optimized with the Yoast SEO Premium plugin v26.6 (Yoast SEO v27.1.1) - https:\/\/yoast.com\/product\/yoast-seo-premium-wordpress\/ -->\n<title>D\u00fczce&#039;de ailesiyle vedala\u015f\u0131p polise teslim oldu - Av. Deniz Can K\u0131z\u0131l<\/title>\n<meta name=\"robots\" content=\"index, follow, max-snippet:-1, max-image-preview:large, max-video-preview:-1\" \/>\n<link rel=\"canonical\" href=\"http:\/\/denizcankizil.tr\/uk\/haberler\/gundem\/duzcede-ailesiyle-vedalasip-polise-teslim-oldu\/\" \/>\n<meta property=\"og:locale\" content=\"uk_UA\" \/>\n<meta property=\"og:type\" content=\"article\" \/>\n<meta property=\"og:title\" content=\"D\u00fczce&#039;de ailesiyle vedala\u015f\u0131p polise teslim oldu\" \/>\n<meta property=\"og:description\" content=\"D\u00fczce&#8217;de polis ekiplerini arayarak kendisinde uyu\u015fturucu madde oldu\u011funu ihbar eden bir ki\u015fi ailesi ile vedala\u015farak teslim oldu.Sefer DEM\u0130R \/ D\u00dcZCE (\u0130GFA) &#8211; Al\u0131nan bilgiye g\u00f6re olay gece saatlerinde Burhaniye Mahallesi\u2019nde ya\u015fand\u0131. Bir \u015fah\u0131s polis ekiplerini arayarak kendisinde yakla\u015f\u0131k 1 kilogram uyu\u015fturucu madde oldu\u011funu ihbar etti. Ekipler ihbar \u00fczerine \u015fahs\u0131n bulundu\u011fu adrese giderek \u015fahs\u0131 g\u00f6zalt\u0131na ald\u0131. Ailesi ile vedala\u015fan \u015fah\u0131s, polis ekiplerine teslim oldu. G\u00f6zalt\u0131na al\u0131nan \u015fah\u0131s ile ilgili tahkikat s\u00fcr\u00fcyor. \u200bD\u00fczce&#8217;de polis ekiplerini arayarak kendisinde uyu\u015fturucu madde oldu\u011funu ihbar eden bir ki\u015fi ailesi ile vedala\u015farak teslim oldu.Sefer DEM\u0130R \/ D\u00dcZCE (\u0130GFA) &#8211; Al\u0131nan bilgiye g\u00f6re olay gece saatlerinde Burhaniye Mahallesi\u2019nde ya\u015fand\u0131. Bir \u015fah\u0131s polis ekiplerini arayarak kendisinde yakla\u015f\u0131k 1 kilogram uyu\u015fturucu madde oldu\u011funu ihbar etti. Ekipler ihbar \u00fczerine \u015fahs\u0131n bulundu\u011fu adrese giderek \u015fahs\u0131 g\u00f6zalt\u0131na ald\u0131. Ailesi ile vedala\u015fan \u015fah\u0131s, polis ekiplerine teslim oldu. G\u00f6zalt\u0131na al\u0131nan \u015fah\u0131s ile ilgili tahkikat s\u00fcr\u00fcyor.\u00a0 \u200bHaberin Al\u0131nt\u0131land\u0131\u011f\u0131 Kaynak: www.iskenderun.org\" \/>\n<meta property=\"og:url\" content=\"http:\/\/denizcankizil.tr\/uk\/haberler\/gundem\/duzcede-ailesiyle-vedalasip-polise-teslim-oldu\/\" \/>\n<meta property=\"og:site_name\" content=\"Av. Deniz Can K\u0131z\u0131l\" \/>\n<meta property=\"article:published_time\" content=\"2025-02-03T15:41:40+00:00\" \/>\n<meta name=\"author\" content=\"admin\" \/>\n<meta name=\"twitter:card\" content=\"summary_large_image\" \/>\n<meta name=\"twitter:label1\" content=\"\u041d\u0430\u043f\u0438\u0441\u0430\u043d\u043e\" \/>\n\t<meta name=\"twitter:data1\" content=\"admin\" \/>\n\t<meta name=\"twitter:label2\" content=\"\u041f\u0440\u0438\u0431\u043b. \u0447\u0430\u0441 \u0447\u0438\u0442\u0430\u043d\u043d\u044f\" \/>\n\t<meta name=\"twitter:data2\" content=\"1 \u0445\u0432\u0438\u043b\u0438\u043d\u0430\" \/>\n<script type=\"application\/ld+json\" class=\"yoast-schema-graph\">{\"@context\":\"https:\/\/schema.org\",\"@graph\":[{\"@type\":\"Article\",\"@id\":\"http:\/\/denizcankizil.tr\/de\/haberler\/gundem\/duzcede-ailesiyle-vedalasip-polise-teslim-oldu\/#article\",\"isPartOf\":{\"@id\":\"http:\/\/denizcankizil.tr\/de\/haberler\/gundem\/duzcede-ailesiyle-vedalasip-polise-teslim-oldu\/\"},\"author\":{\"name\":\"admin\",\"@id\":\"https:\/\/denizcankizil.tr\/de\/#\/schema\/person\/be3c05fe6a12686905512445d8185489\"},\"headline\":\"D\u00fczce&#8217;de ailesiyle vedala\u015f\u0131p polise teslim oldu\",\"datePublished\":\"2025-02-03T15:41:40+00:00\",\"mainEntityOfPage\":{\"@id\":\"http:\/\/denizcankizil.tr\/de\/haberler\/gundem\/duzcede-ailesiyle-vedalasip-polise-teslim-oldu\/\"},\"wordCount\":211,\"commentCount\":0,\"publisher\":{\"@id\":\"https:\/\/denizcankizil.tr\/de\/#organization\"},\"articleSection\":[\"G\u00fcndem\"],\"inLanguage\":\"uk\",\"potentialAction\":[{\"@type\":\"CommentAction\",\"name\":\"Comment\",\"target\":[\"http:\/\/denizcankizil.tr\/de\/haberler\/gundem\/duzcede-ailesiyle-vedalasip-polise-teslim-oldu\/#respond\"]}]},{\"@type\":\"WebPage\",\"@id\":\"http:\/\/denizcankizil.tr\/de\/haberler\/gundem\/duzcede-ailesiyle-vedalasip-polise-teslim-oldu\/\",\"url\":\"http:\/\/denizcankizil.tr\/de\/haberler\/gundem\/duzcede-ailesiyle-vedalasip-polise-teslim-oldu\/\",\"name\":\"D\u00fczce'de ailesiyle vedala\u015f\u0131p polise teslim oldu - Av. Deniz Can K\u0131z\u0131l\",\"isPartOf\":{\"@id\":\"https:\/\/denizcankizil.tr\/de\/#website\"},\"datePublished\":\"2025-02-03T15:41:40+00:00\",\"breadcrumb\":{\"@id\":\"http:\/\/denizcankizil.tr\/de\/haberler\/gundem\/duzcede-ailesiyle-vedalasip-polise-teslim-oldu\/#breadcrumb\"},\"inLanguage\":\"uk\",\"potentialAction\":[{\"@type\":\"ReadAction\",\"target\":[\"http:\/\/denizcankizil.tr\/de\/haberler\/gundem\/duzcede-ailesiyle-vedalasip-polise-teslim-oldu\/\"]}]},{\"@type\":\"BreadcrumbList\",\"@id\":\"http:\/\/denizcankizil.tr\/de\/haberler\/gundem\/duzcede-ailesiyle-vedalasip-polise-teslim-oldu\/#breadcrumb\",\"itemListElement\":[{\"@type\":\"ListItem\",\"position\":1,\"name\":\"Home\",\"item\":\"https:\/\/denizcankizil.tr\/de\/\"},{\"@type\":\"ListItem\",\"position\":2,\"name\":\"D\u00fczce&#8217;de ailesiyle vedala\u015f\u0131p polise teslim oldu\"}]},{\"@type\":\"WebSite\",\"@id\":\"https:\/\/denizcankizil.tr\/de\/#website\",\"url\":\"https:\/\/denizcankizil.tr\/de\/\",\"name\":\"Av. Deniz Can K\u0131z\u0131l\",\"description\":\"Avukat Deniz Can K\u0131z\u0131l Antalya Barosu\",\"publisher\":{\"@id\":\"https:\/\/denizcankizil.tr\/de\/#organization\"},\"potentialAction\":[{\"@type\":\"SearchAction\",\"target\":{\"@type\":\"EntryPoint\",\"urlTemplate\":\"https:\/\/denizcankizil.tr\/de\/?s={search_term_string}\"},\"query-input\":{\"@type\":\"PropertyValueSpecification\",\"valueRequired\":true,\"valueName\":\"search_term_string\"}}],\"inLanguage\":\"uk\"},{\"@type\":\"Organization\",\"@id\":\"https:\/\/denizcankizil.tr\/de\/#organization\",\"name\":\"Av. Deniz Can K\u0131z\u0131l\",\"url\":\"https:\/\/denizcankizil.tr\/de\/\",\"logo\":{\"@type\":\"ImageObject\",\"inLanguage\":\"uk\",\"@id\":\"https:\/\/denizcankizil.tr\/de\/#\/schema\/logo\/image\/\",\"url\":\"https:\/\/denizcankizil.tr\/wp-content\/uploads\/2024\/10\/siyah-logo-svg.svg\",\"contentUrl\":\"https:\/\/denizcankizil.tr\/wp-content\/uploads\/2024\/10\/siyah-logo-svg.svg\",\"width\":1080,\"height\":1080,\"caption\":\"Av. Deniz Can K\u0131z\u0131l\"},\"image\":{\"@id\":\"https:\/\/denizcankizil.tr\/de\/#\/schema\/logo\/image\/\"}},{\"@type\":\"Person\",\"@id\":\"https:\/\/denizcankizil.tr\/de\/#\/schema\/person\/be3c05fe6a12686905512445d8185489\",\"name\":\"admin\",\"image\":{\"@type\":\"ImageObject\",\"inLanguage\":\"uk\",\"@id\":\"https:\/\/denizcankizil.tr\/de\/#\/schema\/person\/image\/\",\"url\":\"https:\/\/secure.gravatar.com\/avatar\/c1fce94c830dc79107e174f890d7210541c4a63e8e5d816341794a2151c9d58c?s=96&d=mm&r=g\",\"contentUrl\":\"https:\/\/secure.gravatar.com\/avatar\/c1fce94c830dc79107e174f890d7210541c4a63e8e5d816341794a2151c9d58c?s=96&d=mm&r=g\",\"caption\":\"admin\"},\"sameAs\":[\"http:\/\/denizcankizil.tr\"],\"url\":\"https:\/\/www.iskenderun.org\/duzcede-ailesiyle-vedalasip-polise-teslim-oldu\"}]}<\/script>\n<!-- \/ Yoast SEO Premium plugin. -->","yoast_head_json":{"title":"D\u00fczce'de ailesiyle vedala\u015f\u0131p polise teslim oldu - Av. Deniz Can K\u0131z\u0131l","robots":{"index":"index","follow":"follow","max-snippet":"max-snippet:-1","max-image-preview":"max-image-preview:large","max-video-preview":"max-video-preview:-1"},"canonical":"http:\/\/denizcankizil.tr\/uk\/haberler\/gundem\/duzcede-ailesiyle-vedalasip-polise-teslim-oldu\/","og_locale":"uk_UA","og_type":"article","og_title":"D\u00fczce'de ailesiyle vedala\u015f\u0131p polise teslim oldu","og_description":"D\u00fczce&#8217;de polis ekiplerini arayarak kendisinde uyu\u015fturucu madde oldu\u011funu ihbar eden bir ki\u015fi ailesi ile vedala\u015farak teslim oldu.Sefer DEM\u0130R \/ D\u00dcZCE (\u0130GFA) &#8211; Al\u0131nan bilgiye g\u00f6re olay gece saatlerinde Burhaniye Mahallesi\u2019nde ya\u015fand\u0131. Bir \u015fah\u0131s polis ekiplerini arayarak kendisinde yakla\u015f\u0131k 1 kilogram uyu\u015fturucu madde oldu\u011funu ihbar etti. Ekipler ihbar \u00fczerine \u015fahs\u0131n bulundu\u011fu adrese giderek \u015fahs\u0131 g\u00f6zalt\u0131na ald\u0131. Ailesi ile vedala\u015fan \u015fah\u0131s, polis ekiplerine teslim oldu. G\u00f6zalt\u0131na al\u0131nan \u015fah\u0131s ile ilgili tahkikat s\u00fcr\u00fcyor. \u200bD\u00fczce&#8217;de polis ekiplerini arayarak kendisinde uyu\u015fturucu madde oldu\u011funu ihbar eden bir ki\u015fi ailesi ile vedala\u015farak teslim oldu.Sefer DEM\u0130R \/ D\u00dcZCE (\u0130GFA) &#8211; Al\u0131nan bilgiye g\u00f6re olay gece saatlerinde Burhaniye Mahallesi\u2019nde ya\u015fand\u0131. Bir \u015fah\u0131s polis ekiplerini arayarak kendisinde yakla\u015f\u0131k 1 kilogram uyu\u015fturucu madde oldu\u011funu ihbar etti. Ekipler ihbar \u00fczerine \u015fahs\u0131n bulundu\u011fu adrese giderek \u015fahs\u0131 g\u00f6zalt\u0131na ald\u0131. Ailesi ile vedala\u015fan \u015fah\u0131s, polis ekiplerine teslim oldu. G\u00f6zalt\u0131na al\u0131nan \u015fah\u0131s ile ilgili tahkikat s\u00fcr\u00fcyor.\u00a0 \u200bHaberin Al\u0131nt\u0131land\u0131\u011f\u0131 Kaynak: www.iskenderun.org","og_url":"http:\/\/denizcankizil.tr\/uk\/haberler\/gundem\/duzcede-ailesiyle-vedalasip-polise-teslim-oldu\/","og_site_name":"Av. Deniz Can K\u0131z\u0131l","article_published_time":"2025-02-03T15:41:40+00:00","author":"admin","twitter_card":"summary_large_image","twitter_misc":{"\u041d\u0430\u043f\u0438\u0441\u0430\u043d\u043e":"admin","\u041f\u0440\u0438\u0431\u043b. \u0447\u0430\u0441 \u0447\u0438\u0442\u0430\u043d\u043d\u044f":"1 \u0445\u0432\u0438\u043b\u0438\u043d\u0430"},"schema":{"@context":"https:\/\/schema.org","@graph":[{"@type":"Article","@id":"http:\/\/denizcankizil.tr\/de\/haberler\/gundem\/duzcede-ailesiyle-vedalasip-polise-teslim-oldu\/#article","isPartOf":{"@id":"http:\/\/denizcankizil.tr\/de\/haberler\/gundem\/duzcede-ailesiyle-vedalasip-polise-teslim-oldu\/"},"author":{"name":"admin","@id":"https:\/\/denizcankizil.tr\/de\/#\/schema\/person\/be3c05fe6a12686905512445d8185489"},"headline":"D\u00fczce&#8217;de ailesiyle vedala\u015f\u0131p polise teslim oldu","datePublished":"2025-02-03T15:41:40+00:00","mainEntityOfPage":{"@id":"http:\/\/denizcankizil.tr\/de\/haberler\/gundem\/duzcede-ailesiyle-vedalasip-polise-teslim-oldu\/"},"wordCount":211,"commentCount":0,"publisher":{"@id":"https:\/\/denizcankizil.tr\/de\/#organization"},"articleSection":["G\u00fcndem"],"inLanguage":"uk","potentialAction":[{"@type":"CommentAction","name":"Comment","target":["http:\/\/denizcankizil.tr\/de\/haberler\/gundem\/duzcede-ailesiyle-vedalasip-polise-teslim-oldu\/#respond"]}]},{"@type":"WebPage","@id":"http:\/\/denizcankizil.tr\/de\/haberler\/gundem\/duzcede-ailesiyle-vedalasip-polise-teslim-oldu\/","url":"http:\/\/denizcankizil.tr\/de\/haberler\/gundem\/duzcede-ailesiyle-vedalasip-polise-teslim-oldu\/","name":"D\u00fczce'de ailesiyle vedala\u015f\u0131p polise teslim oldu - Av. Deniz Can K\u0131z\u0131l","isPartOf":{"@id":"https:\/\/denizcankizil.tr\/de\/#website"},"datePublished":"2025-02-03T15:41:40+00:00","breadcrumb":{"@id":"http:\/\/denizcankizil.tr\/de\/haberler\/gundem\/duzcede-ailesiyle-vedalasip-polise-teslim-oldu\/#breadcrumb"},"inLanguage":"uk","potentialAction":[{"@type":"ReadAction","target":["http:\/\/denizcankizil.tr\/de\/haberler\/gundem\/duzcede-ailesiyle-vedalasip-polise-teslim-oldu\/"]}]},{"@type":"BreadcrumbList","@id":"http:\/\/denizcankizil.tr\/de\/haberler\/gundem\/duzcede-ailesiyle-vedalasip-polise-teslim-oldu\/#breadcrumb","itemListElement":[{"@type":"ListItem","position":1,"name":"Home","item":"https:\/\/denizcankizil.tr\/de\/"},{"@type":"ListItem","position":2,"name":"D\u00fczce&#8217;de ailesiyle vedala\u015f\u0131p polise teslim oldu"}]},{"@type":"WebSite","@id":"https:\/\/denizcankizil.tr\/de\/#website","url":"https:\/\/denizcankizil.tr\/de\/","name":"Av. Deniz Can K\u0131z\u0131l","description":"Avukat Deniz Can K\u0131z\u0131l Antalya Barosu","publisher":{"@id":"https:\/\/denizcankizil.tr\/de\/#organization"},"potentialAction":[{"@type":"SearchAction","target":{"@type":"EntryPoint","urlTemplate":"https:\/\/denizcankizil.tr\/de\/?s={search_term_string}"},"query-input":{"@type":"PropertyValueSpecification","valueRequired":true,"valueName":"search_term_string"}}],"inLanguage":"uk"},{"@type":"Organization","@id":"https:\/\/denizcankizil.tr\/de\/#organization","name":"Av. Deniz Can K\u0131z\u0131l","url":"https:\/\/denizcankizil.tr\/de\/","logo":{"@type":"ImageObject","inLanguage":"uk","@id":"https:\/\/denizcankizil.tr\/de\/#\/schema\/logo\/image\/","url":"https:\/\/denizcankizil.tr\/wp-content\/uploads\/2024\/10\/siyah-logo-svg.svg","contentUrl":"https:\/\/denizcankizil.tr\/wp-content\/uploads\/2024\/10\/siyah-logo-svg.svg","width":1080,"height":1080,"caption":"Av. Deniz Can K\u0131z\u0131l"},"image":{"@id":"https:\/\/denizcankizil.tr\/de\/#\/schema\/logo\/image\/"}},{"@type":"Person","@id":"https:\/\/denizcankizil.tr\/de\/#\/schema\/person\/be3c05fe6a12686905512445d8185489","name":"\u0430\u0434\u043c\u0456\u043d","image":{"@type":"ImageObject","inLanguage":"uk","@id":"https:\/\/denizcankizil.tr\/de\/#\/schema\/person\/image\/","url":"https:\/\/secure.gravatar.com\/avatar\/c1fce94c830dc79107e174f890d7210541c4a63e8e5d816341794a2151c9d58c?s=96&d=mm&r=g","contentUrl":"https:\/\/secure.gravatar.com\/avatar\/c1fce94c830dc79107e174f890d7210541c4a63e8e5d816341794a2151c9d58c?s=96&d=mm&r=g","caption":"admin"},"sameAs":["http:\/\/denizcankizil.tr"],"url":"https:\/\/www.iskenderun.org\/duzcede-ailesiyle-vedalasip-polise-teslim-oldu"}]}},"_links":{"self":[{"href":"https:\/\/denizcankizil.tr\/uk\/wp-json\/wp\/v2\/posts\/29844","targetHints":{"allow":["GET"]}}],"collection":[{"href":"https:\/\/denizcankizil.tr\/uk\/wp-json\/wp\/v2\/posts"}],"about":[{"href":"https:\/\/denizcankizil.tr\/uk\/wp-json\/wp\/v2\/types\/post"}],"author":[{"embeddable":true,"href":"https:\/\/denizcankizil.tr\/uk\/wp-json\/wp\/v2\/users\/1"}],"replies":[{"embeddable":true,"href":"https:\/\/denizcankizil.tr\/uk\/wp-json\/wp\/v2\/comments?post=29844"}],"version-history":[{"count":0,"href":"https:\/\/denizcankizil.tr\/uk\/wp-json\/wp\/v2\/posts\/29844\/revisions"}],"wp:attachment":[{"href":"https:\/\/denizcankizil.tr\/uk\/wp-json\/wp\/v2\/media?parent=29844"}],"wp:term":[{"taxonomy":"category","embeddable":true,"href":"https:\/\/denizcankizil.tr\/uk\/wp-json\/wp\/v2\/categories?post=29844"},{"taxonomy":"post_tag","embeddable":true,"href":"https:\/\/denizcankizil.tr\/uk\/wp-json\/wp\/v2\/tags?post=29844"}],"curies":[{"name":"wp","href":"https:\/\/api.w.org\/{rel}","templated":true}]}}