{"id":29807,"date":"2025-02-03T16:41:13","date_gmt":"2025-02-03T13:41:13","guid":{"rendered":"https:\/\/denizcankizil.tr\/uncategorized-tr\/dosemealtinda-feci-kaza-1i-agir-3-yarali\/"},"modified":"2025-02-03T16:41:13","modified_gmt":"2025-02-03T13:41:13","slug":"dosemealtinda-feci-kaza-1i-agir-3-yarali","status":"publish","type":"post","link":"https:\/\/denizcankizil.tr\/uk\/haberler\/antalya\/dosemealtinda-feci-kaza-1i-agir-3-yarali\/","title":{"rendered":"D\u00f6\u015femealt\u0131&#8217;nda feci kaza: 1&#8217;i a\u011f\u0131r 3 yaral\u0131"},"content":{"rendered":"<p>Kaza, saat 13.00 s\u0131ralar\u0131nda D\u00f6\u015femealt\u0131 il\u00e7esi Antalya-Denizli yolu \u00fczerinde bulunan Termessos kav\u015fa\u011f\u0131nda meydana geldi. Edinilen bilgiye g\u00f6re, Korkuteli istikametine gitmekte olan Eren \u00d6. (25)idaresinde ki 07 V 4499 plakal\u0131 Nissan Marka kamyonet Termessos Kav\u015fak sistemine geldi\u011finde bir anda \u00f6n\u00fcne \u00e7\u0131kan Halil B.&#8217;nin kulland\u0131\u011f\u0131 07 MJS 41 plakal\u0131 Fiat marka ara\u00e7 ile \u00e7arp\u0131\u015ft\u0131. \u00c7arpman\u0131n \u015fiddetiyle 07 MJS 41 plakal\u0131 otomobil yol kenar\u0131ndaki bariyerlere \u00e7arparken, 07 V 4499 kamyonet ise orta ref\u00fcjde bulunan y\u00f6nlendirme dire\u011fine \u00e7arparak durabildi.<\/p>\n<p>&#8220;Beni emniyet kemeri kurtard\u0131&#8221;<br \/>\nKazay\u0131 g\u00f6ren di\u011fer s\u00fcr\u00fcc\u00fclerin 112 Acil \u00c7a\u011fr\u0131 Merkezi&#8217;ne ihbar\u0131 ile olay yerine itfaiye, polis ve sa\u011fl\u0131k ekipleri sevk edildi. K\u0131sa s\u00fcrede olay yerine gelen itfaiye ve sa\u011fl\u0131k ekipleri 07 MJS 41 plakal\u0131 otomobilde bulunan s\u00fcr\u00fcc\u00fc Halil B. ile di\u011fer ara\u00e7 s\u00fcr\u00fcc\u00fcs\u00fc Eren \u00d6&#8217;y\u00fc bulunduklar\u0131 yerden \u00e7\u0131kard\u0131. \u0130lk m\u00fcdahaleleri olay yerinde yap\u0131lan Eren \u00d6., Halil B. ve Fadime B. ambulanslarla hasteneye kald\u0131r\u0131ld\u0131. Kaza an\u0131nda 07 V 4499 plakal\u0131 kamyonette bulunan ve kazay\u0131 yara almadan atlatan Ramazan Berkay \u00d6z\u0131\u015f\u0131k, &#8220;Gelirken bir anda \u00f6n\u00fcm\u00fcze atlad\u0131, kurtaramad\u0131k. Di\u011fer ara\u00e7ta bir ki\u015fi a\u011f\u0131r yaraland\u0131. Bizim arac\u0131n s\u00fcr\u00fcc\u00fcs\u00fcn\u00fcn sadece kolunda bir yara vard\u0131. Bende hi\u00e7 bir \u015fey yok, beni emniyet kemeri kurtard\u0131.<\/p>\n<p>Kaynak: www.kanalv.com.tr Haber Sitesinden Al\u0131nm\u0131\u015ft\u0131r.<\/p>","protected":false},"excerpt":{"rendered":"<p>Kaza, saat 13.00 s\u0131ralar\u0131nda D\u00f6\u015femealt\u0131 il\u00e7esi Antalya-Denizli yolu \u00fczerinde bulunan Termessos kav\u015fa\u011f\u0131nda meydana geldi. Edinilen bilgiye g\u00f6re, Korkuteli istikametine gitmekte olan Eren \u00d6. (25)idaresinde ki 07 V 4499 plakal\u0131 Nissan Marka kamyonet Termessos Kav\u015fak sistemine geldi\u011finde bir anda \u00f6n\u00fcne \u00e7\u0131kan Halil B.&#8217;nin kulland\u0131\u011f\u0131 07 MJS 41 plakal\u0131 Fiat marka ara\u00e7 ile \u00e7arp\u0131\u015ft\u0131. \u00c7arpman\u0131n \u015fiddetiyle 07 MJS 41 plakal\u0131 otomobil yol kenar\u0131ndaki bariyerlere \u00e7arparken, 07 V 4499 kamyonet ise orta ref\u00fcjde bulunan y\u00f6nlendirme dire\u011fine \u00e7arparak durabildi. &#8220;Beni emniyet kemeri kurtard\u0131&#8221; Kazay\u0131 g\u00f6ren di\u011fer s\u00fcr\u00fcc\u00fclerin 112 Acil \u00c7a\u011fr\u0131 Merkezi&#8217;ne ihbar\u0131 ile olay yerine itfaiye, polis ve sa\u011fl\u0131k ekipleri sevk edildi. K\u0131sa s\u00fcrede olay yerine gelen itfaiye ve sa\u011fl\u0131k ekipleri 07 MJS 41 plakal\u0131 otomobilde bulunan s\u00fcr\u00fcc\u00fc Halil B. ile di\u011fer ara\u00e7 s\u00fcr\u00fcc\u00fcs\u00fc Eren \u00d6&#8217;y\u00fc bulunduklar\u0131 yerden \u00e7\u0131kard\u0131. \u0130lk m\u00fcdahaleleri olay yerinde yap\u0131lan Eren \u00d6., Halil B. ve Fadime B. ambulanslarla hasteneye kald\u0131r\u0131ld\u0131. Kaza an\u0131nda 07 V 4499 plakal\u0131 kamyonette bulunan ve kazay\u0131 yara almadan atlatan Ramazan Berkay \u00d6z\u0131\u015f\u0131k, &#8220;Gelirken bir anda \u00f6n\u00fcm\u00fcze atlad\u0131, kurtaramad\u0131k. Di\u011fer ara\u00e7ta bir ki\u015fi a\u011f\u0131r yaraland\u0131. Bizim arac\u0131n s\u00fcr\u00fcc\u00fcs\u00fcn\u00fcn sadece kolunda bir yara vard\u0131. Bende hi\u00e7 bir \u015fey yok, beni emniyet kemeri kurtard\u0131. Kaynak: www.kanalv.com.tr Haber Sitesinden Al\u0131nm\u0131\u015ft\u0131r.<\/p>","protected":false},"author":4,"featured_media":29808,"comment_status":"open","ping_status":"open","sticky":false,"template":"","format":"standard","meta":{"_acf_changed":false,"footnotes":""},"categories":[26],"tags":[],"class_list":["post-29807","post","type-post","status-publish","format-standard","has-post-thumbnail","hentry","category-antalya"],"acf":[],"yoast_head":"<!-- This site is optimized with the Yoast SEO Premium plugin v26.6 (Yoast SEO v27.1.1) - https:\/\/yoast.com\/product\/yoast-seo-premium-wordpress\/ -->\n<title>D\u00f6\u015femealt\u0131&#039;nda feci kaza: 1&#039;i a\u011f\u0131r 3 yaral\u0131 - Av. Deniz Can K\u0131z\u0131l<\/title>\n<meta name=\"robots\" content=\"index, follow, max-snippet:-1, max-image-preview:large, max-video-preview:-1\" \/>\n<link rel=\"canonical\" href=\"https:\/\/denizcankizil.tr\/uk\/haberler\/antalya\/dosemealtinda-feci-kaza-1i-agir-3-yarali\/\" \/>\n<meta property=\"og:locale\" content=\"uk_UA\" \/>\n<meta property=\"og:type\" content=\"article\" \/>\n<meta property=\"og:title\" content=\"D\u00f6\u015femealt\u0131&#039;nda feci kaza: 1&#039;i a\u011f\u0131r 3 yaral\u0131\" \/>\n<meta property=\"og:description\" content=\"Kaza, saat 13.00 s\u0131ralar\u0131nda D\u00f6\u015femealt\u0131 il\u00e7esi Antalya-Denizli yolu \u00fczerinde bulunan Termessos kav\u015fa\u011f\u0131nda meydana geldi. Edinilen bilgiye g\u00f6re, Korkuteli istikametine gitmekte olan Eren \u00d6. (25)idaresinde ki 07 V 4499 plakal\u0131 Nissan Marka kamyonet Termessos Kav\u015fak sistemine geldi\u011finde bir anda \u00f6n\u00fcne \u00e7\u0131kan Halil B.&#8217;nin kulland\u0131\u011f\u0131 07 MJS 41 plakal\u0131 Fiat marka ara\u00e7 ile \u00e7arp\u0131\u015ft\u0131. \u00c7arpman\u0131n \u015fiddetiyle 07 MJS 41 plakal\u0131 otomobil yol kenar\u0131ndaki bariyerlere \u00e7arparken, 07 V 4499 kamyonet ise orta ref\u00fcjde bulunan y\u00f6nlendirme dire\u011fine \u00e7arparak durabildi. &#8220;Beni emniyet kemeri kurtard\u0131&#8221; Kazay\u0131 g\u00f6ren di\u011fer s\u00fcr\u00fcc\u00fclerin 112 Acil \u00c7a\u011fr\u0131 Merkezi&#8217;ne ihbar\u0131 ile olay yerine itfaiye, polis ve sa\u011fl\u0131k ekipleri sevk edildi. K\u0131sa s\u00fcrede olay yerine gelen itfaiye ve sa\u011fl\u0131k ekipleri 07 MJS 41 plakal\u0131 otomobilde bulunan s\u00fcr\u00fcc\u00fc Halil B. ile di\u011fer ara\u00e7 s\u00fcr\u00fcc\u00fcs\u00fc Eren \u00d6&#8217;y\u00fc bulunduklar\u0131 yerden \u00e7\u0131kard\u0131. \u0130lk m\u00fcdahaleleri olay yerinde yap\u0131lan Eren \u00d6., Halil B. ve Fadime B. ambulanslarla hasteneye kald\u0131r\u0131ld\u0131. Kaza an\u0131nda 07 V 4499 plakal\u0131 kamyonette bulunan ve kazay\u0131 yara almadan atlatan Ramazan Berkay \u00d6z\u0131\u015f\u0131k, &#8220;Gelirken bir anda \u00f6n\u00fcm\u00fcze atlad\u0131, kurtaramad\u0131k. Di\u011fer ara\u00e7ta bir ki\u015fi a\u011f\u0131r yaraland\u0131. Bizim arac\u0131n s\u00fcr\u00fcc\u00fcs\u00fcn\u00fcn sadece kolunda bir yara vard\u0131. Bende hi\u00e7 bir \u015fey yok, beni emniyet kemeri kurtard\u0131. Kaynak: www.kanalv.com.tr Haber Sitesinden Al\u0131nm\u0131\u015ft\u0131r.\" \/>\n<meta property=\"og:url\" content=\"https:\/\/denizcankizil.tr\/uk\/haberler\/antalya\/dosemealtinda-feci-kaza-1i-agir-3-yarali\/\" \/>\n<meta property=\"og:site_name\" content=\"Av. Deniz Can K\u0131z\u0131l\" \/>\n<meta property=\"article:published_time\" content=\"2025-02-03T13:41:13+00:00\" \/>\n<meta property=\"og:image\" content=\"https:\/\/denizcankizil.tr\/wp-content\/uploads\/2025\/02\/4459-01-1unSbt.jpeg\" \/>\n\t<meta property=\"og:image:width\" content=\"1280\" \/>\n\t<meta property=\"og:image:height\" content=\"720\" \/>\n\t<meta property=\"og:image:type\" content=\"image\/jpeg\" \/>\n<meta name=\"author\" content=\"Av. Deniz Can K\u0131z\u0131l\" \/>\n<meta name=\"twitter:card\" content=\"summary_large_image\" \/>\n<meta name=\"twitter:label1\" content=\"\u041d\u0430\u043f\u0438\u0441\u0430\u043d\u043e\" \/>\n\t<meta name=\"twitter:data1\" content=\"Av. Deniz Can K\u0131z\u0131l\" \/>\n\t<meta name=\"twitter:label2\" content=\"\u041f\u0440\u0438\u0431\u043b. \u0447\u0430\u0441 \u0447\u0438\u0442\u0430\u043d\u043d\u044f\" \/>\n\t<meta name=\"twitter:data2\" content=\"1 \u0445\u0432\u0438\u043b\u0438\u043d\u0430\" \/>\n<script type=\"application\/ld+json\" class=\"yoast-schema-graph\">{\"@context\":\"https:\/\/schema.org\",\"@graph\":[{\"@type\":\"Article\",\"@id\":\"https:\/\/denizcankizil.tr\/ru\/haberler\/antalya\/dosemealtinda-feci-kaza-1i-agir-3-yarali\/#article\",\"isPartOf\":{\"@id\":\"https:\/\/denizcankizil.tr\/ru\/haberler\/antalya\/dosemealtinda-feci-kaza-1i-agir-3-yarali\/\"},\"author\":{\"name\":\"Av. Deniz Can K\u0131z\u0131l\",\"@id\":\"https:\/\/denizcankizil.tr\/de\/#\/schema\/person\/5dc1b22991bd7ac833867c10afc9b0ff\"},\"headline\":\"D\u00f6\u015femealt\u0131&#8217;nda feci kaza: 1&#8217;i a\u011f\u0131r 3 yaral\u0131\",\"datePublished\":\"2025-02-03T13:41:13+00:00\",\"mainEntityOfPage\":{\"@id\":\"https:\/\/denizcankizil.tr\/ru\/haberler\/antalya\/dosemealtinda-feci-kaza-1i-agir-3-yarali\/\"},\"wordCount\":244,\"commentCount\":0,\"publisher\":{\"@id\":\"https:\/\/denizcankizil.tr\/de\/#organization\"},\"image\":{\"@id\":\"https:\/\/denizcankizil.tr\/ru\/haberler\/antalya\/dosemealtinda-feci-kaza-1i-agir-3-yarali\/#primaryimage\"},\"thumbnailUrl\":\"https:\/\/denizcankizil.tr\/wp-content\/uploads\/2025\/02\/4459-01-1unSbt.jpeg\",\"articleSection\":[\"Antalya\"],\"inLanguage\":\"uk\",\"potentialAction\":[{\"@type\":\"CommentAction\",\"name\":\"Comment\",\"target\":[\"https:\/\/denizcankizil.tr\/ru\/haberler\/antalya\/dosemealtinda-feci-kaza-1i-agir-3-yarali\/#respond\"]}]},{\"@type\":\"WebPage\",\"@id\":\"https:\/\/denizcankizil.tr\/ru\/haberler\/antalya\/dosemealtinda-feci-kaza-1i-agir-3-yarali\/\",\"url\":\"https:\/\/denizcankizil.tr\/ru\/haberler\/antalya\/dosemealtinda-feci-kaza-1i-agir-3-yarali\/\",\"name\":\"D\u00f6\u015femealt\u0131'nda feci kaza: 1'i a\u011f\u0131r 3 yaral\u0131 - Av. Deniz Can K\u0131z\u0131l\",\"isPartOf\":{\"@id\":\"https:\/\/denizcankizil.tr\/de\/#website\"},\"primaryImageOfPage\":{\"@id\":\"https:\/\/denizcankizil.tr\/ru\/haberler\/antalya\/dosemealtinda-feci-kaza-1i-agir-3-yarali\/#primaryimage\"},\"image\":{\"@id\":\"https:\/\/denizcankizil.tr\/ru\/haberler\/antalya\/dosemealtinda-feci-kaza-1i-agir-3-yarali\/#primaryimage\"},\"thumbnailUrl\":\"https:\/\/denizcankizil.tr\/wp-content\/uploads\/2025\/02\/4459-01-1unSbt.jpeg\",\"datePublished\":\"2025-02-03T13:41:13+00:00\",\"breadcrumb\":{\"@id\":\"https:\/\/denizcankizil.tr\/ru\/haberler\/antalya\/dosemealtinda-feci-kaza-1i-agir-3-yarali\/#breadcrumb\"},\"inLanguage\":\"uk\",\"potentialAction\":[{\"@type\":\"ReadAction\",\"target\":[\"https:\/\/denizcankizil.tr\/ru\/haberler\/antalya\/dosemealtinda-feci-kaza-1i-agir-3-yarali\/\"]}]},{\"@type\":\"ImageObject\",\"inLanguage\":\"uk\",\"@id\":\"https:\/\/denizcankizil.tr\/ru\/haberler\/antalya\/dosemealtinda-feci-kaza-1i-agir-3-yarali\/#primaryimage\",\"url\":\"https:\/\/denizcankizil.tr\/wp-content\/uploads\/2025\/02\/4459-01-1unSbt.jpeg\",\"contentUrl\":\"https:\/\/denizcankizil.tr\/wp-content\/uploads\/2025\/02\/4459-01-1unSbt.jpeg\",\"width\":1280,\"height\":720},{\"@type\":\"BreadcrumbList\",\"@id\":\"https:\/\/denizcankizil.tr\/ru\/haberler\/antalya\/dosemealtinda-feci-kaza-1i-agir-3-yarali\/#breadcrumb\",\"itemListElement\":[{\"@type\":\"ListItem\",\"position\":1,\"name\":\"Home\",\"item\":\"https:\/\/denizcankizil.tr\/de\/\"},{\"@type\":\"ListItem\",\"position\":2,\"name\":\"D\u00f6\u015femealt\u0131&#8217;nda feci kaza: 1&#8217;i a\u011f\u0131r 3 yaral\u0131\"}]},{\"@type\":\"WebSite\",\"@id\":\"https:\/\/denizcankizil.tr\/de\/#website\",\"url\":\"https:\/\/denizcankizil.tr\/de\/\",\"name\":\"Av. Deniz Can K\u0131z\u0131l\",\"description\":\"Avukat Deniz Can K\u0131z\u0131l Antalya Barosu\",\"publisher\":{\"@id\":\"https:\/\/denizcankizil.tr\/de\/#organization\"},\"potentialAction\":[{\"@type\":\"SearchAction\",\"target\":{\"@type\":\"EntryPoint\",\"urlTemplate\":\"https:\/\/denizcankizil.tr\/de\/?s={search_term_string}\"},\"query-input\":{\"@type\":\"PropertyValueSpecification\",\"valueRequired\":true,\"valueName\":\"search_term_string\"}}],\"inLanguage\":\"uk\"},{\"@type\":\"Organization\",\"@id\":\"https:\/\/denizcankizil.tr\/de\/#organization\",\"name\":\"Av. Deniz Can K\u0131z\u0131l\",\"url\":\"https:\/\/denizcankizil.tr\/de\/\",\"logo\":{\"@type\":\"ImageObject\",\"inLanguage\":\"uk\",\"@id\":\"https:\/\/denizcankizil.tr\/de\/#\/schema\/logo\/image\/\",\"url\":\"https:\/\/denizcankizil.tr\/wp-content\/uploads\/2024\/10\/siyah-logo-svg.svg\",\"contentUrl\":\"https:\/\/denizcankizil.tr\/wp-content\/uploads\/2024\/10\/siyah-logo-svg.svg\",\"width\":1080,\"height\":1080,\"caption\":\"Av. Deniz Can K\u0131z\u0131l\"},\"image\":{\"@id\":\"https:\/\/denizcankizil.tr\/de\/#\/schema\/logo\/image\/\"}},{\"@type\":\"Person\",\"@id\":\"https:\/\/denizcankizil.tr\/de\/#\/schema\/person\/5dc1b22991bd7ac833867c10afc9b0ff\",\"name\":\"Av. Deniz Can K\u0131z\u0131l\",\"image\":{\"@type\":\"ImageObject\",\"inLanguage\":\"uk\",\"@id\":\"https:\/\/denizcankizil.tr\/de\/#\/schema\/person\/image\/\",\"url\":\"https:\/\/secure.gravatar.com\/avatar\/a0b128fb9855c79efc976d5640eedb31dc35ec297594d6016d2cf7c60e975bb6?s=96&d=mm&r=g\",\"contentUrl\":\"https:\/\/secure.gravatar.com\/avatar\/a0b128fb9855c79efc976d5640eedb31dc35ec297594d6016d2cf7c60e975bb6?s=96&d=mm&r=g\",\"caption\":\"Av. Deniz Can K\u0131z\u0131l\"},\"sameAs\":[\"http:\/\/www.denizcankizil.tr\"],\"url\":\"https:\/\/denizcankizil.tr\/uk\/author\/denizcankizil\/\"}]}<\/script>\n<!-- \/ Yoast SEO Premium plugin. -->","yoast_head_json":{"title":"D\u00f6\u015femealt\u0131'nda feci kaza: 1'i a\u011f\u0131r 3 yaral\u0131 - Av. Deniz Can K\u0131z\u0131l","robots":{"index":"index","follow":"follow","max-snippet":"max-snippet:-1","max-image-preview":"max-image-preview:large","max-video-preview":"max-video-preview:-1"},"canonical":"https:\/\/denizcankizil.tr\/uk\/haberler\/antalya\/dosemealtinda-feci-kaza-1i-agir-3-yarali\/","og_locale":"uk_UA","og_type":"article","og_title":"D\u00f6\u015femealt\u0131'nda feci kaza: 1'i a\u011f\u0131r 3 yaral\u0131","og_description":"Kaza, saat 13.00 s\u0131ralar\u0131nda D\u00f6\u015femealt\u0131 il\u00e7esi Antalya-Denizli yolu \u00fczerinde bulunan Termessos kav\u015fa\u011f\u0131nda meydana geldi. Edinilen bilgiye g\u00f6re, Korkuteli istikametine gitmekte olan Eren \u00d6. (25)idaresinde ki 07 V 4499 plakal\u0131 Nissan Marka kamyonet Termessos Kav\u015fak sistemine geldi\u011finde bir anda \u00f6n\u00fcne \u00e7\u0131kan Halil B.&#8217;nin kulland\u0131\u011f\u0131 07 MJS 41 plakal\u0131 Fiat marka ara\u00e7 ile \u00e7arp\u0131\u015ft\u0131. \u00c7arpman\u0131n \u015fiddetiyle 07 MJS 41 plakal\u0131 otomobil yol kenar\u0131ndaki bariyerlere \u00e7arparken, 07 V 4499 kamyonet ise orta ref\u00fcjde bulunan y\u00f6nlendirme dire\u011fine \u00e7arparak durabildi. &#8220;Beni emniyet kemeri kurtard\u0131&#8221; Kazay\u0131 g\u00f6ren di\u011fer s\u00fcr\u00fcc\u00fclerin 112 Acil \u00c7a\u011fr\u0131 Merkezi&#8217;ne ihbar\u0131 ile olay yerine itfaiye, polis ve sa\u011fl\u0131k ekipleri sevk edildi. K\u0131sa s\u00fcrede olay yerine gelen itfaiye ve sa\u011fl\u0131k ekipleri 07 MJS 41 plakal\u0131 otomobilde bulunan s\u00fcr\u00fcc\u00fc Halil B. ile di\u011fer ara\u00e7 s\u00fcr\u00fcc\u00fcs\u00fc Eren \u00d6&#8217;y\u00fc bulunduklar\u0131 yerden \u00e7\u0131kard\u0131. \u0130lk m\u00fcdahaleleri olay yerinde yap\u0131lan Eren \u00d6., Halil B. ve Fadime B. ambulanslarla hasteneye kald\u0131r\u0131ld\u0131. Kaza an\u0131nda 07 V 4499 plakal\u0131 kamyonette bulunan ve kazay\u0131 yara almadan atlatan Ramazan Berkay \u00d6z\u0131\u015f\u0131k, &#8220;Gelirken bir anda \u00f6n\u00fcm\u00fcze atlad\u0131, kurtaramad\u0131k. Di\u011fer ara\u00e7ta bir ki\u015fi a\u011f\u0131r yaraland\u0131. Bizim arac\u0131n s\u00fcr\u00fcc\u00fcs\u00fcn\u00fcn sadece kolunda bir yara vard\u0131. Bende hi\u00e7 bir \u015fey yok, beni emniyet kemeri kurtard\u0131. Kaynak: www.kanalv.com.tr Haber Sitesinden Al\u0131nm\u0131\u015ft\u0131r.","og_url":"https:\/\/denizcankizil.tr\/uk\/haberler\/antalya\/dosemealtinda-feci-kaza-1i-agir-3-yarali\/","og_site_name":"Av. Deniz Can K\u0131z\u0131l","article_published_time":"2025-02-03T13:41:13+00:00","og_image":[{"width":1280,"height":720,"url":"https:\/\/denizcankizil.tr\/wp-content\/uploads\/2025\/02\/4459-01-1unSbt.jpeg","type":"image\/jpeg"}],"author":"Av. Deniz Can K\u0131z\u0131l","twitter_card":"summary_large_image","twitter_misc":{"\u041d\u0430\u043f\u0438\u0441\u0430\u043d\u043e":"Av. Deniz Can K\u0131z\u0131l","\u041f\u0440\u0438\u0431\u043b. \u0447\u0430\u0441 \u0447\u0438\u0442\u0430\u043d\u043d\u044f":"1 \u0445\u0432\u0438\u043b\u0438\u043d\u0430"},"schema":{"@context":"https:\/\/schema.org","@graph":[{"@type":"Article","@id":"https:\/\/denizcankizil.tr\/ru\/haberler\/antalya\/dosemealtinda-feci-kaza-1i-agir-3-yarali\/#article","isPartOf":{"@id":"https:\/\/denizcankizil.tr\/ru\/haberler\/antalya\/dosemealtinda-feci-kaza-1i-agir-3-yarali\/"},"author":{"name":"Av. Deniz Can K\u0131z\u0131l","@id":"https:\/\/denizcankizil.tr\/de\/#\/schema\/person\/5dc1b22991bd7ac833867c10afc9b0ff"},"headline":"D\u00f6\u015femealt\u0131&#8217;nda feci kaza: 1&#8217;i a\u011f\u0131r 3 yaral\u0131","datePublished":"2025-02-03T13:41:13+00:00","mainEntityOfPage":{"@id":"https:\/\/denizcankizil.tr\/ru\/haberler\/antalya\/dosemealtinda-feci-kaza-1i-agir-3-yarali\/"},"wordCount":244,"commentCount":0,"publisher":{"@id":"https:\/\/denizcankizil.tr\/de\/#organization"},"image":{"@id":"https:\/\/denizcankizil.tr\/ru\/haberler\/antalya\/dosemealtinda-feci-kaza-1i-agir-3-yarali\/#primaryimage"},"thumbnailUrl":"https:\/\/denizcankizil.tr\/wp-content\/uploads\/2025\/02\/4459-01-1unSbt.jpeg","articleSection":["Antalya"],"inLanguage":"uk","potentialAction":[{"@type":"CommentAction","name":"Comment","target":["https:\/\/denizcankizil.tr\/ru\/haberler\/antalya\/dosemealtinda-feci-kaza-1i-agir-3-yarali\/#respond"]}]},{"@type":"WebPage","@id":"https:\/\/denizcankizil.tr\/ru\/haberler\/antalya\/dosemealtinda-feci-kaza-1i-agir-3-yarali\/","url":"https:\/\/denizcankizil.tr\/ru\/haberler\/antalya\/dosemealtinda-feci-kaza-1i-agir-3-yarali\/","name":"D\u00f6\u015femealt\u0131'nda feci kaza: 1'i a\u011f\u0131r 3 yaral\u0131 - Av. Deniz Can K\u0131z\u0131l","isPartOf":{"@id":"https:\/\/denizcankizil.tr\/de\/#website"},"primaryImageOfPage":{"@id":"https:\/\/denizcankizil.tr\/ru\/haberler\/antalya\/dosemealtinda-feci-kaza-1i-agir-3-yarali\/#primaryimage"},"image":{"@id":"https:\/\/denizcankizil.tr\/ru\/haberler\/antalya\/dosemealtinda-feci-kaza-1i-agir-3-yarali\/#primaryimage"},"thumbnailUrl":"https:\/\/denizcankizil.tr\/wp-content\/uploads\/2025\/02\/4459-01-1unSbt.jpeg","datePublished":"2025-02-03T13:41:13+00:00","breadcrumb":{"@id":"https:\/\/denizcankizil.tr\/ru\/haberler\/antalya\/dosemealtinda-feci-kaza-1i-agir-3-yarali\/#breadcrumb"},"inLanguage":"uk","potentialAction":[{"@type":"ReadAction","target":["https:\/\/denizcankizil.tr\/ru\/haberler\/antalya\/dosemealtinda-feci-kaza-1i-agir-3-yarali\/"]}]},{"@type":"ImageObject","inLanguage":"uk","@id":"https:\/\/denizcankizil.tr\/ru\/haberler\/antalya\/dosemealtinda-feci-kaza-1i-agir-3-yarali\/#primaryimage","url":"https:\/\/denizcankizil.tr\/wp-content\/uploads\/2025\/02\/4459-01-1unSbt.jpeg","contentUrl":"https:\/\/denizcankizil.tr\/wp-content\/uploads\/2025\/02\/4459-01-1unSbt.jpeg","width":1280,"height":720},{"@type":"BreadcrumbList","@id":"https:\/\/denizcankizil.tr\/ru\/haberler\/antalya\/dosemealtinda-feci-kaza-1i-agir-3-yarali\/#breadcrumb","itemListElement":[{"@type":"ListItem","position":1,"name":"Home","item":"https:\/\/denizcankizil.tr\/de\/"},{"@type":"ListItem","position":2,"name":"D\u00f6\u015femealt\u0131&#8217;nda feci kaza: 1&#8217;i a\u011f\u0131r 3 yaral\u0131"}]},{"@type":"WebSite","@id":"https:\/\/denizcankizil.tr\/de\/#website","url":"https:\/\/denizcankizil.tr\/de\/","name":"Av. Deniz Can K\u0131z\u0131l","description":"Avukat Deniz Can K\u0131z\u0131l Antalya Barosu","publisher":{"@id":"https:\/\/denizcankizil.tr\/de\/#organization"},"potentialAction":[{"@type":"SearchAction","target":{"@type":"EntryPoint","urlTemplate":"https:\/\/denizcankizil.tr\/de\/?s={search_term_string}"},"query-input":{"@type":"PropertyValueSpecification","valueRequired":true,"valueName":"search_term_string"}}],"inLanguage":"uk"},{"@type":"Organization","@id":"https:\/\/denizcankizil.tr\/de\/#organization","name":"Av. Deniz Can K\u0131z\u0131l","url":"https:\/\/denizcankizil.tr\/de\/","logo":{"@type":"ImageObject","inLanguage":"uk","@id":"https:\/\/denizcankizil.tr\/de\/#\/schema\/logo\/image\/","url":"https:\/\/denizcankizil.tr\/wp-content\/uploads\/2024\/10\/siyah-logo-svg.svg","contentUrl":"https:\/\/denizcankizil.tr\/wp-content\/uploads\/2024\/10\/siyah-logo-svg.svg","width":1080,"height":1080,"caption":"Av. Deniz Can K\u0131z\u0131l"},"image":{"@id":"https:\/\/denizcankizil.tr\/de\/#\/schema\/logo\/image\/"}},{"@type":"Person","@id":"https:\/\/denizcankizil.tr\/de\/#\/schema\/person\/5dc1b22991bd7ac833867c10afc9b0ff","name":"Av. Deniz Can K\u0131z\u0131l","image":{"@type":"ImageObject","inLanguage":"uk","@id":"https:\/\/denizcankizil.tr\/de\/#\/schema\/person\/image\/","url":"https:\/\/secure.gravatar.com\/avatar\/a0b128fb9855c79efc976d5640eedb31dc35ec297594d6016d2cf7c60e975bb6?s=96&d=mm&r=g","contentUrl":"https:\/\/secure.gravatar.com\/avatar\/a0b128fb9855c79efc976d5640eedb31dc35ec297594d6016d2cf7c60e975bb6?s=96&d=mm&r=g","caption":"Av. Deniz Can K\u0131z\u0131l"},"sameAs":["http:\/\/www.denizcankizil.tr"],"url":"https:\/\/denizcankizil.tr\/uk\/author\/denizcankizil\/"}]}},"_links":{"self":[{"href":"https:\/\/denizcankizil.tr\/uk\/wp-json\/wp\/v2\/posts\/29807","targetHints":{"allow":["GET"]}}],"collection":[{"href":"https:\/\/denizcankizil.tr\/uk\/wp-json\/wp\/v2\/posts"}],"about":[{"href":"https:\/\/denizcankizil.tr\/uk\/wp-json\/wp\/v2\/types\/post"}],"author":[{"embeddable":true,"href":"https:\/\/denizcankizil.tr\/uk\/wp-json\/wp\/v2\/users\/4"}],"replies":[{"embeddable":true,"href":"https:\/\/denizcankizil.tr\/uk\/wp-json\/wp\/v2\/comments?post=29807"}],"version-history":[{"count":0,"href":"https:\/\/denizcankizil.tr\/uk\/wp-json\/wp\/v2\/posts\/29807\/revisions"}],"wp:featuredmedia":[{"embeddable":true,"href":"https:\/\/denizcankizil.tr\/uk\/wp-json\/wp\/v2\/media\/29808"}],"wp:attachment":[{"href":"https:\/\/denizcankizil.tr\/uk\/wp-json\/wp\/v2\/media?parent=29807"}],"wp:term":[{"taxonomy":"category","embeddable":true,"href":"https:\/\/denizcankizil.tr\/uk\/wp-json\/wp\/v2\/categories?post=29807"},{"taxonomy":"post_tag","embeddable":true,"href":"https:\/\/denizcankizil.tr\/uk\/wp-json\/wp\/v2\/tags?post=29807"}],"curies":[{"name":"wp","href":"https:\/\/api.w.org\/{rel}","templated":true}]}}