{"id":29725,"date":"2025-02-03T09:41:25","date_gmt":"2025-02-03T06:41:25","guid":{"rendered":"https:\/\/denizcankizil.tr\/uncategorized-tr\/sucikaginda-goz-kaynak-arama-calismasi\/"},"modified":"2025-02-03T09:41:25","modified_gmt":"2025-02-03T06:41:25","slug":"sucikaginda-goz-kaynak-arama-calismasi","status":"publish","type":"post","link":"https:\/\/denizcankizil.tr\/uk\/haberler\/gundem\/sucikaginda-goz-kaynak-arama-calismasi\/","title":{"rendered":"Su\u00e7\u0131ka\u011f\u0131&#8217;nda g\u00f6z kaynak arama \u00e7al\u0131\u015fmas\u0131&#8230;"},"content":{"rendered":"<p>Ge\u00e7imini tar\u0131mdan sa\u011flayan mahalle sakinleri i\u00e7in Devlet Su \u0130\u015fleri Adana 6. B\u00f6lge Hatay \u015eube M\u00fcd\u00fcrl\u00fc\u011f\u00fc ekipleri, afette kayan Su\u00e7\u0131ka\u011f\u0131 g\u00f6z kaynak suyunu arama \u00e7al\u0131\u015fmalar\u0131 sonucunda yeniden buldu ve y\u00fczeye \u00e7\u0131kard\u0131. Tar\u0131msal sulama amac\u0131yla kullan\u0131lacak su kayna\u011f\u0131 i\u00e7in b\u00f6lgede yo\u011fun \u00e7al\u0131\u015fmalar devam ediyor.<\/p>\n<p>\u00c7ift\u00e7inin Giderleri Azalacak<br \/>\nB\u00f6lge halk\u0131n\u0131n ge\u00e7imini tar\u0131m ve s\u00fct hayvanc\u0131l\u0131\u011f\u0131ndan sa\u011flad\u0131\u011f\u0131na dikkat \u00e7eken yetkililer, DS\u0130 taraf\u0131ndan getirilecek suyun m\u0131s\u0131r ve yonca gibi yem bitkilerinin tar\u0131msal sulamayla yeti\u015ftirilmesine olanak sa\u011flayaca\u011f\u0131n\u0131 belirtti. Bu sayede \u00e7ift\u00e7iler, hayvan yemine alternatif bir kaynak olu\u015fturarak giderlerini azaltacak ve ekonomik olarak rahatlayacak.<\/p>\n<p>Belediyelerden Destek<br \/>\nDS\u0130\u2019nin su kayna\u011f\u0131n\u0131 y\u00fczeye \u00e7\u0131karma \u00e7al\u0131\u015fmalar\u0131na Hatay B\u00fcy\u00fck\u015fehir Belediyesi ve \u0130skenderun Belediyesi kamyon deste\u011fi sa\u011fl\u0131yor. DS\u0130\u2019nin \u00e7al\u0131\u015fmas\u0131 tamamland\u0131\u011f\u0131nda, Hatay B\u00fcy\u00fck\u015fehir Belediyesi, elde edilen suyu borularla tar\u0131msal alanlara ula\u015ft\u0131racak. Su \u00e7\u0131kan yer anlam\u0131na gelen Su\u00e7\u0131ka\u011f\u0131 Mahallesi, ad\u0131n\u0131 bu me\u015fhur kaynak suyundan al\u0131yor.<\/p>\n<p>Muhtar Ayten\u2019den Te\u015fekk\u00fcr<br \/>\nSe\u00e7ildi\u011fi g\u00fcnden bu yana mahallenin altyap\u0131 sorunlar\u0131n\u0131n \u00e7\u00f6z\u00fcm\u00fc i\u00e7in \u00e7al\u0131\u015fan Su\u00e7\u0131ka\u011f\u0131 Mahallesi Muhtar\u0131 Kaz\u0131m Ayten, DS\u0130 ve ilgili b\u00f6lge m\u00fcd\u00fcrl\u00fcklerine verdikleri desteklerden dolay\u0131 te\u015fekk\u00fcr etti.<\/p>\n<p>\u200bHatay&#8217;\u0131n verimli topraklar\u0131na sahip olmas\u0131na ra\u011fmen y\u0131llard\u0131r su s\u0131k\u0131nt\u0131s\u0131 ya\u015fayan Su\u00e7\u0131ka\u011f\u0131 (Sak\u0131t) k\u0131rsal mahallesi, 6 \u015eubat depremi sonras\u0131nda zemin hareketleri nedeniyle mevcut su kaynaklar\u0131n\u0131 da kaybetmesi Devlet Su \u0130\u015flerini harekete ge\u00e7irdi.\u00a0<\/p>\n<p>\u200bHaberin Al\u0131nt\u0131land\u0131\u011f\u0131 Kaynak: www.iskenderun.org<\/p>","protected":false},"excerpt":{"rendered":"<p>Ge\u00e7imini tar\u0131mdan sa\u011flayan mahalle sakinleri i\u00e7in Devlet Su \u0130\u015fleri Adana 6. B\u00f6lge Hatay \u015eube M\u00fcd\u00fcrl\u00fc\u011f\u00fc ekipleri, afette kayan Su\u00e7\u0131ka\u011f\u0131 g\u00f6z kaynak suyunu arama \u00e7al\u0131\u015fmalar\u0131 sonucunda yeniden buldu ve y\u00fczeye \u00e7\u0131kard\u0131. Tar\u0131msal sulama amac\u0131yla kullan\u0131lacak su kayna\u011f\u0131 i\u00e7in b\u00f6lgede yo\u011fun \u00e7al\u0131\u015fmalar devam ediyor. \u00c7ift\u00e7inin Giderleri Azalacak B\u00f6lge halk\u0131n\u0131n ge\u00e7imini tar\u0131m ve s\u00fct hayvanc\u0131l\u0131\u011f\u0131ndan sa\u011flad\u0131\u011f\u0131na dikkat \u00e7eken yetkililer, DS\u0130 taraf\u0131ndan getirilecek suyun m\u0131s\u0131r ve yonca gibi yem bitkilerinin tar\u0131msal sulamayla yeti\u015ftirilmesine olanak sa\u011flayaca\u011f\u0131n\u0131 belirtti. Bu sayede \u00e7ift\u00e7iler, hayvan yemine alternatif bir kaynak olu\u015fturarak giderlerini azaltacak ve ekonomik olarak rahatlayacak. Belediyelerden Destek DS\u0130\u2019nin su kayna\u011f\u0131n\u0131 y\u00fczeye \u00e7\u0131karma \u00e7al\u0131\u015fmalar\u0131na Hatay B\u00fcy\u00fck\u015fehir Belediyesi ve \u0130skenderun Belediyesi kamyon deste\u011fi sa\u011fl\u0131yor. DS\u0130\u2019nin \u00e7al\u0131\u015fmas\u0131 tamamland\u0131\u011f\u0131nda, Hatay B\u00fcy\u00fck\u015fehir Belediyesi, elde edilen suyu borularla tar\u0131msal alanlara ula\u015ft\u0131racak. Su \u00e7\u0131kan yer anlam\u0131na gelen Su\u00e7\u0131ka\u011f\u0131 Mahallesi, ad\u0131n\u0131 bu me\u015fhur kaynak suyundan al\u0131yor. Muhtar Ayten\u2019den Te\u015fekk\u00fcr Se\u00e7ildi\u011fi g\u00fcnden bu yana mahallenin altyap\u0131 sorunlar\u0131n\u0131n \u00e7\u00f6z\u00fcm\u00fc i\u00e7in \u00e7al\u0131\u015fan Su\u00e7\u0131ka\u011f\u0131 Mahallesi Muhtar\u0131 Kaz\u0131m Ayten, DS\u0130 ve ilgili b\u00f6lge m\u00fcd\u00fcrl\u00fcklerine verdikleri desteklerden dolay\u0131 te\u015fekk\u00fcr etti. \u200bHatay&#8217;\u0131n verimli topraklar\u0131na sahip olmas\u0131na ra\u011fmen y\u0131llard\u0131r su s\u0131k\u0131nt\u0131s\u0131 ya\u015fayan Su\u00e7\u0131ka\u011f\u0131 (Sak\u0131t) k\u0131rsal mahallesi, 6 \u015eubat depremi sonras\u0131nda zemin hareketleri nedeniyle mevcut su kaynaklar\u0131n\u0131 da kaybetmesi Devlet Su \u0130\u015flerini harekete ge\u00e7irdi.\u00a0 \u200bHaberin Al\u0131nt\u0131land\u0131\u011f\u0131 Kaynak: www.iskenderun.org<\/p>","protected":false},"author":1,"featured_media":0,"comment_status":"open","ping_status":"open","sticky":false,"template":"","format":"standard","meta":{"_acf_changed":false,"footnotes":""},"categories":[24],"tags":[],"class_list":["post-29725","post","type-post","status-publish","format-standard","has-post-thumbnail","hentry","category-gundem"],"acf":[],"yoast_head":"<!-- This site is optimized with the Yoast SEO Premium plugin v26.6 (Yoast SEO v27.1.1) - https:\/\/yoast.com\/product\/yoast-seo-premium-wordpress\/ -->\n<title>Su\u00e7\u0131ka\u011f\u0131&#039;nda g\u00f6z kaynak arama \u00e7al\u0131\u015fmas\u0131... - Av. Deniz Can K\u0131z\u0131l<\/title>\n<meta name=\"robots\" content=\"index, follow, max-snippet:-1, max-image-preview:large, max-video-preview:-1\" \/>\n<link rel=\"canonical\" href=\"https:\/\/denizcankizil.tr\/uk\/haberler\/gundem\/sucikaginda-goz-kaynak-arama-calismasi\/\" \/>\n<meta property=\"og:locale\" content=\"uk_UA\" \/>\n<meta property=\"og:type\" content=\"article\" \/>\n<meta property=\"og:title\" content=\"Su\u00e7\u0131ka\u011f\u0131&#039;nda g\u00f6z kaynak arama \u00e7al\u0131\u015fmas\u0131...\" \/>\n<meta property=\"og:description\" content=\"Ge\u00e7imini tar\u0131mdan sa\u011flayan mahalle sakinleri i\u00e7in Devlet Su \u0130\u015fleri Adana 6. B\u00f6lge Hatay \u015eube M\u00fcd\u00fcrl\u00fc\u011f\u00fc ekipleri, afette kayan Su\u00e7\u0131ka\u011f\u0131 g\u00f6z kaynak suyunu arama \u00e7al\u0131\u015fmalar\u0131 sonucunda yeniden buldu ve y\u00fczeye \u00e7\u0131kard\u0131. Tar\u0131msal sulama amac\u0131yla kullan\u0131lacak su kayna\u011f\u0131 i\u00e7in b\u00f6lgede yo\u011fun \u00e7al\u0131\u015fmalar devam ediyor. \u00c7ift\u00e7inin Giderleri Azalacak B\u00f6lge halk\u0131n\u0131n ge\u00e7imini tar\u0131m ve s\u00fct hayvanc\u0131l\u0131\u011f\u0131ndan sa\u011flad\u0131\u011f\u0131na dikkat \u00e7eken yetkililer, DS\u0130 taraf\u0131ndan getirilecek suyun m\u0131s\u0131r ve yonca gibi yem bitkilerinin tar\u0131msal sulamayla yeti\u015ftirilmesine olanak sa\u011flayaca\u011f\u0131n\u0131 belirtti. Bu sayede \u00e7ift\u00e7iler, hayvan yemine alternatif bir kaynak olu\u015fturarak giderlerini azaltacak ve ekonomik olarak rahatlayacak. Belediyelerden Destek DS\u0130\u2019nin su kayna\u011f\u0131n\u0131 y\u00fczeye \u00e7\u0131karma \u00e7al\u0131\u015fmalar\u0131na Hatay B\u00fcy\u00fck\u015fehir Belediyesi ve \u0130skenderun Belediyesi kamyon deste\u011fi sa\u011fl\u0131yor. DS\u0130\u2019nin \u00e7al\u0131\u015fmas\u0131 tamamland\u0131\u011f\u0131nda, Hatay B\u00fcy\u00fck\u015fehir Belediyesi, elde edilen suyu borularla tar\u0131msal alanlara ula\u015ft\u0131racak. Su \u00e7\u0131kan yer anlam\u0131na gelen Su\u00e7\u0131ka\u011f\u0131 Mahallesi, ad\u0131n\u0131 bu me\u015fhur kaynak suyundan al\u0131yor. Muhtar Ayten\u2019den Te\u015fekk\u00fcr Se\u00e7ildi\u011fi g\u00fcnden bu yana mahallenin altyap\u0131 sorunlar\u0131n\u0131n \u00e7\u00f6z\u00fcm\u00fc i\u00e7in \u00e7al\u0131\u015fan Su\u00e7\u0131ka\u011f\u0131 Mahallesi Muhtar\u0131 Kaz\u0131m Ayten, DS\u0130 ve ilgili b\u00f6lge m\u00fcd\u00fcrl\u00fcklerine verdikleri desteklerden dolay\u0131 te\u015fekk\u00fcr etti. \u200bHatay&#8217;\u0131n verimli topraklar\u0131na sahip olmas\u0131na ra\u011fmen y\u0131llard\u0131r su s\u0131k\u0131nt\u0131s\u0131 ya\u015fayan Su\u00e7\u0131ka\u011f\u0131 (Sak\u0131t) k\u0131rsal mahallesi, 6 \u015eubat depremi sonras\u0131nda zemin hareketleri nedeniyle mevcut su kaynaklar\u0131n\u0131 da kaybetmesi Devlet Su \u0130\u015flerini harekete ge\u00e7irdi.\u00a0 \u200bHaberin Al\u0131nt\u0131land\u0131\u011f\u0131 Kaynak: www.iskenderun.org\" \/>\n<meta property=\"og:url\" content=\"https:\/\/denizcankizil.tr\/uk\/haberler\/gundem\/sucikaginda-goz-kaynak-arama-calismasi\/\" \/>\n<meta property=\"og:site_name\" content=\"Av. Deniz Can K\u0131z\u0131l\" \/>\n<meta property=\"article:published_time\" content=\"2025-02-03T06:41:25+00:00\" \/>\n<meta name=\"author\" content=\"admin\" \/>\n<meta name=\"twitter:card\" content=\"summary_large_image\" \/>\n<meta name=\"twitter:label1\" content=\"\u041d\u0430\u043f\u0438\u0441\u0430\u043d\u043e\" \/>\n\t<meta name=\"twitter:data1\" content=\"admin\" \/>\n\t<meta name=\"twitter:label2\" content=\"\u041f\u0440\u0438\u0431\u043b. \u0447\u0430\u0441 \u0447\u0438\u0442\u0430\u043d\u043d\u044f\" \/>\n\t<meta name=\"twitter:data2\" content=\"1 \u0445\u0432\u0438\u043b\u0438\u043d\u0430\" \/>\n<script type=\"application\/ld+json\" class=\"yoast-schema-graph\">{\"@context\":\"https:\/\/schema.org\",\"@graph\":[{\"@type\":\"Article\",\"@id\":\"https:\/\/denizcankizil.tr\/uk\/haberler\/gundem\/sucikaginda-goz-kaynak-arama-calismasi\/#article\",\"isPartOf\":{\"@id\":\"https:\/\/denizcankizil.tr\/uk\/haberler\/gundem\/sucikaginda-goz-kaynak-arama-calismasi\/\"},\"author\":{\"name\":\"admin\",\"@id\":\"https:\/\/denizcankizil.tr\/de\/#\/schema\/person\/be3c05fe6a12686905512445d8185489\"},\"headline\":\"Su\u00e7\u0131ka\u011f\u0131&#8217;nda g\u00f6z kaynak arama \u00e7al\u0131\u015fmas\u0131&#8230;\",\"datePublished\":\"2025-02-03T06:41:25+00:00\",\"mainEntityOfPage\":{\"@id\":\"https:\/\/denizcankizil.tr\/uk\/haberler\/gundem\/sucikaginda-goz-kaynak-arama-calismasi\/\"},\"wordCount\":302,\"commentCount\":0,\"publisher\":{\"@id\":\"https:\/\/denizcankizil.tr\/de\/#organization\"},\"articleSection\":[\"G\u00fcndem\"],\"inLanguage\":\"uk\",\"potentialAction\":[{\"@type\":\"CommentAction\",\"name\":\"Comment\",\"target\":[\"https:\/\/denizcankizil.tr\/uk\/haberler\/gundem\/sucikaginda-goz-kaynak-arama-calismasi\/#respond\"]}]},{\"@type\":\"WebPage\",\"@id\":\"https:\/\/denizcankizil.tr\/uk\/haberler\/gundem\/sucikaginda-goz-kaynak-arama-calismasi\/\",\"url\":\"https:\/\/denizcankizil.tr\/uk\/haberler\/gundem\/sucikaginda-goz-kaynak-arama-calismasi\/\",\"name\":\"Su\u00e7\u0131ka\u011f\u0131'nda g\u00f6z kaynak arama \u00e7al\u0131\u015fmas\u0131... - Av. Deniz Can K\u0131z\u0131l\",\"isPartOf\":{\"@id\":\"https:\/\/denizcankizil.tr\/de\/#website\"},\"datePublished\":\"2025-02-03T06:41:25+00:00\",\"breadcrumb\":{\"@id\":\"https:\/\/denizcankizil.tr\/uk\/haberler\/gundem\/sucikaginda-goz-kaynak-arama-calismasi\/#breadcrumb\"},\"inLanguage\":\"uk\",\"potentialAction\":[{\"@type\":\"ReadAction\",\"target\":[\"https:\/\/denizcankizil.tr\/uk\/haberler\/gundem\/sucikaginda-goz-kaynak-arama-calismasi\/\"]}]},{\"@type\":\"BreadcrumbList\",\"@id\":\"https:\/\/denizcankizil.tr\/uk\/haberler\/gundem\/sucikaginda-goz-kaynak-arama-calismasi\/#breadcrumb\",\"itemListElement\":[{\"@type\":\"ListItem\",\"position\":1,\"name\":\"Home\",\"item\":\"https:\/\/denizcankizil.tr\/de\/\"},{\"@type\":\"ListItem\",\"position\":2,\"name\":\"Su\u00e7\u0131ka\u011f\u0131&#8217;nda g\u00f6z kaynak arama \u00e7al\u0131\u015fmas\u0131&#8230;\"}]},{\"@type\":\"WebSite\",\"@id\":\"https:\/\/denizcankizil.tr\/de\/#website\",\"url\":\"https:\/\/denizcankizil.tr\/de\/\",\"name\":\"Av. Deniz Can K\u0131z\u0131l\",\"description\":\"Avukat Deniz Can K\u0131z\u0131l Antalya Barosu\",\"publisher\":{\"@id\":\"https:\/\/denizcankizil.tr\/de\/#organization\"},\"potentialAction\":[{\"@type\":\"SearchAction\",\"target\":{\"@type\":\"EntryPoint\",\"urlTemplate\":\"https:\/\/denizcankizil.tr\/de\/?s={search_term_string}\"},\"query-input\":{\"@type\":\"PropertyValueSpecification\",\"valueRequired\":true,\"valueName\":\"search_term_string\"}}],\"inLanguage\":\"uk\"},{\"@type\":\"Organization\",\"@id\":\"https:\/\/denizcankizil.tr\/de\/#organization\",\"name\":\"Av. Deniz Can K\u0131z\u0131l\",\"url\":\"https:\/\/denizcankizil.tr\/de\/\",\"logo\":{\"@type\":\"ImageObject\",\"inLanguage\":\"uk\",\"@id\":\"https:\/\/denizcankizil.tr\/de\/#\/schema\/logo\/image\/\",\"url\":\"https:\/\/denizcankizil.tr\/wp-content\/uploads\/2024\/10\/siyah-logo-svg.svg\",\"contentUrl\":\"https:\/\/denizcankizil.tr\/wp-content\/uploads\/2024\/10\/siyah-logo-svg.svg\",\"width\":1080,\"height\":1080,\"caption\":\"Av. Deniz Can K\u0131z\u0131l\"},\"image\":{\"@id\":\"https:\/\/denizcankizil.tr\/de\/#\/schema\/logo\/image\/\"}},{\"@type\":\"Person\",\"@id\":\"https:\/\/denizcankizil.tr\/de\/#\/schema\/person\/be3c05fe6a12686905512445d8185489\",\"name\":\"admin\",\"image\":{\"@type\":\"ImageObject\",\"inLanguage\":\"uk\",\"@id\":\"https:\/\/denizcankizil.tr\/de\/#\/schema\/person\/image\/\",\"url\":\"https:\/\/secure.gravatar.com\/avatar\/c1fce94c830dc79107e174f890d7210541c4a63e8e5d816341794a2151c9d58c?s=96&d=mm&r=g\",\"contentUrl\":\"https:\/\/secure.gravatar.com\/avatar\/c1fce94c830dc79107e174f890d7210541c4a63e8e5d816341794a2151c9d58c?s=96&d=mm&r=g\",\"caption\":\"admin\"},\"sameAs\":[\"http:\/\/denizcankizil.tr\"],\"url\":\"https:\/\/www.iskenderun.org\/sucikaginda-goz-kaynak-arama-calismasi\"}]}<\/script>\n<!-- \/ Yoast SEO Premium plugin. -->","yoast_head_json":{"title":"Su\u00e7\u0131ka\u011f\u0131'nda g\u00f6z kaynak arama \u00e7al\u0131\u015fmas\u0131... - Av. Deniz Can K\u0131z\u0131l","robots":{"index":"index","follow":"follow","max-snippet":"max-snippet:-1","max-image-preview":"max-image-preview:large","max-video-preview":"max-video-preview:-1"},"canonical":"https:\/\/denizcankizil.tr\/uk\/haberler\/gundem\/sucikaginda-goz-kaynak-arama-calismasi\/","og_locale":"uk_UA","og_type":"article","og_title":"Su\u00e7\u0131ka\u011f\u0131'nda g\u00f6z kaynak arama \u00e7al\u0131\u015fmas\u0131...","og_description":"Ge\u00e7imini tar\u0131mdan sa\u011flayan mahalle sakinleri i\u00e7in Devlet Su \u0130\u015fleri Adana 6. B\u00f6lge Hatay \u015eube M\u00fcd\u00fcrl\u00fc\u011f\u00fc ekipleri, afette kayan Su\u00e7\u0131ka\u011f\u0131 g\u00f6z kaynak suyunu arama \u00e7al\u0131\u015fmalar\u0131 sonucunda yeniden buldu ve y\u00fczeye \u00e7\u0131kard\u0131. Tar\u0131msal sulama amac\u0131yla kullan\u0131lacak su kayna\u011f\u0131 i\u00e7in b\u00f6lgede yo\u011fun \u00e7al\u0131\u015fmalar devam ediyor. \u00c7ift\u00e7inin Giderleri Azalacak B\u00f6lge halk\u0131n\u0131n ge\u00e7imini tar\u0131m ve s\u00fct hayvanc\u0131l\u0131\u011f\u0131ndan sa\u011flad\u0131\u011f\u0131na dikkat \u00e7eken yetkililer, DS\u0130 taraf\u0131ndan getirilecek suyun m\u0131s\u0131r ve yonca gibi yem bitkilerinin tar\u0131msal sulamayla yeti\u015ftirilmesine olanak sa\u011flayaca\u011f\u0131n\u0131 belirtti. Bu sayede \u00e7ift\u00e7iler, hayvan yemine alternatif bir kaynak olu\u015fturarak giderlerini azaltacak ve ekonomik olarak rahatlayacak. Belediyelerden Destek DS\u0130\u2019nin su kayna\u011f\u0131n\u0131 y\u00fczeye \u00e7\u0131karma \u00e7al\u0131\u015fmalar\u0131na Hatay B\u00fcy\u00fck\u015fehir Belediyesi ve \u0130skenderun Belediyesi kamyon deste\u011fi sa\u011fl\u0131yor. DS\u0130\u2019nin \u00e7al\u0131\u015fmas\u0131 tamamland\u0131\u011f\u0131nda, Hatay B\u00fcy\u00fck\u015fehir Belediyesi, elde edilen suyu borularla tar\u0131msal alanlara ula\u015ft\u0131racak. Su \u00e7\u0131kan yer anlam\u0131na gelen Su\u00e7\u0131ka\u011f\u0131 Mahallesi, ad\u0131n\u0131 bu me\u015fhur kaynak suyundan al\u0131yor. Muhtar Ayten\u2019den Te\u015fekk\u00fcr Se\u00e7ildi\u011fi g\u00fcnden bu yana mahallenin altyap\u0131 sorunlar\u0131n\u0131n \u00e7\u00f6z\u00fcm\u00fc i\u00e7in \u00e7al\u0131\u015fan Su\u00e7\u0131ka\u011f\u0131 Mahallesi Muhtar\u0131 Kaz\u0131m Ayten, DS\u0130 ve ilgili b\u00f6lge m\u00fcd\u00fcrl\u00fcklerine verdikleri desteklerden dolay\u0131 te\u015fekk\u00fcr etti. \u200bHatay&#8217;\u0131n verimli topraklar\u0131na sahip olmas\u0131na ra\u011fmen y\u0131llard\u0131r su s\u0131k\u0131nt\u0131s\u0131 ya\u015fayan Su\u00e7\u0131ka\u011f\u0131 (Sak\u0131t) k\u0131rsal mahallesi, 6 \u015eubat depremi sonras\u0131nda zemin hareketleri nedeniyle mevcut su kaynaklar\u0131n\u0131 da kaybetmesi Devlet Su \u0130\u015flerini harekete ge\u00e7irdi.\u00a0 \u200bHaberin Al\u0131nt\u0131land\u0131\u011f\u0131 Kaynak: www.iskenderun.org","og_url":"https:\/\/denizcankizil.tr\/uk\/haberler\/gundem\/sucikaginda-goz-kaynak-arama-calismasi\/","og_site_name":"Av. Deniz Can K\u0131z\u0131l","article_published_time":"2025-02-03T06:41:25+00:00","author":"admin","twitter_card":"summary_large_image","twitter_misc":{"\u041d\u0430\u043f\u0438\u0441\u0430\u043d\u043e":"admin","\u041f\u0440\u0438\u0431\u043b. \u0447\u0430\u0441 \u0447\u0438\u0442\u0430\u043d\u043d\u044f":"1 \u0445\u0432\u0438\u043b\u0438\u043d\u0430"},"schema":{"@context":"https:\/\/schema.org","@graph":[{"@type":"Article","@id":"https:\/\/denizcankizil.tr\/uk\/haberler\/gundem\/sucikaginda-goz-kaynak-arama-calismasi\/#article","isPartOf":{"@id":"https:\/\/denizcankizil.tr\/uk\/haberler\/gundem\/sucikaginda-goz-kaynak-arama-calismasi\/"},"author":{"name":"admin","@id":"https:\/\/denizcankizil.tr\/de\/#\/schema\/person\/be3c05fe6a12686905512445d8185489"},"headline":"Su\u00e7\u0131ka\u011f\u0131&#8217;nda g\u00f6z kaynak arama \u00e7al\u0131\u015fmas\u0131&#8230;","datePublished":"2025-02-03T06:41:25+00:00","mainEntityOfPage":{"@id":"https:\/\/denizcankizil.tr\/uk\/haberler\/gundem\/sucikaginda-goz-kaynak-arama-calismasi\/"},"wordCount":302,"commentCount":0,"publisher":{"@id":"https:\/\/denizcankizil.tr\/de\/#organization"},"articleSection":["G\u00fcndem"],"inLanguage":"uk","potentialAction":[{"@type":"CommentAction","name":"Comment","target":["https:\/\/denizcankizil.tr\/uk\/haberler\/gundem\/sucikaginda-goz-kaynak-arama-calismasi\/#respond"]}]},{"@type":"WebPage","@id":"https:\/\/denizcankizil.tr\/uk\/haberler\/gundem\/sucikaginda-goz-kaynak-arama-calismasi\/","url":"https:\/\/denizcankizil.tr\/uk\/haberler\/gundem\/sucikaginda-goz-kaynak-arama-calismasi\/","name":"Su\u00e7\u0131ka\u011f\u0131'nda g\u00f6z kaynak arama \u00e7al\u0131\u015fmas\u0131... - Av. Deniz Can K\u0131z\u0131l","isPartOf":{"@id":"https:\/\/denizcankizil.tr\/de\/#website"},"datePublished":"2025-02-03T06:41:25+00:00","breadcrumb":{"@id":"https:\/\/denizcankizil.tr\/uk\/haberler\/gundem\/sucikaginda-goz-kaynak-arama-calismasi\/#breadcrumb"},"inLanguage":"uk","potentialAction":[{"@type":"ReadAction","target":["https:\/\/denizcankizil.tr\/uk\/haberler\/gundem\/sucikaginda-goz-kaynak-arama-calismasi\/"]}]},{"@type":"BreadcrumbList","@id":"https:\/\/denizcankizil.tr\/uk\/haberler\/gundem\/sucikaginda-goz-kaynak-arama-calismasi\/#breadcrumb","itemListElement":[{"@type":"ListItem","position":1,"name":"Home","item":"https:\/\/denizcankizil.tr\/de\/"},{"@type":"ListItem","position":2,"name":"Su\u00e7\u0131ka\u011f\u0131&#8217;nda g\u00f6z kaynak arama \u00e7al\u0131\u015fmas\u0131&#8230;"}]},{"@type":"WebSite","@id":"https:\/\/denizcankizil.tr\/de\/#website","url":"https:\/\/denizcankizil.tr\/de\/","name":"Av. Deniz Can K\u0131z\u0131l","description":"Avukat Deniz Can K\u0131z\u0131l Antalya Barosu","publisher":{"@id":"https:\/\/denizcankizil.tr\/de\/#organization"},"potentialAction":[{"@type":"SearchAction","target":{"@type":"EntryPoint","urlTemplate":"https:\/\/denizcankizil.tr\/de\/?s={search_term_string}"},"query-input":{"@type":"PropertyValueSpecification","valueRequired":true,"valueName":"search_term_string"}}],"inLanguage":"uk"},{"@type":"Organization","@id":"https:\/\/denizcankizil.tr\/de\/#organization","name":"Av. Deniz Can K\u0131z\u0131l","url":"https:\/\/denizcankizil.tr\/de\/","logo":{"@type":"ImageObject","inLanguage":"uk","@id":"https:\/\/denizcankizil.tr\/de\/#\/schema\/logo\/image\/","url":"https:\/\/denizcankizil.tr\/wp-content\/uploads\/2024\/10\/siyah-logo-svg.svg","contentUrl":"https:\/\/denizcankizil.tr\/wp-content\/uploads\/2024\/10\/siyah-logo-svg.svg","width":1080,"height":1080,"caption":"Av. Deniz Can K\u0131z\u0131l"},"image":{"@id":"https:\/\/denizcankizil.tr\/de\/#\/schema\/logo\/image\/"}},{"@type":"Person","@id":"https:\/\/denizcankizil.tr\/de\/#\/schema\/person\/be3c05fe6a12686905512445d8185489","name":"\u0430\u0434\u043c\u0456\u043d","image":{"@type":"ImageObject","inLanguage":"uk","@id":"https:\/\/denizcankizil.tr\/de\/#\/schema\/person\/image\/","url":"https:\/\/secure.gravatar.com\/avatar\/c1fce94c830dc79107e174f890d7210541c4a63e8e5d816341794a2151c9d58c?s=96&d=mm&r=g","contentUrl":"https:\/\/secure.gravatar.com\/avatar\/c1fce94c830dc79107e174f890d7210541c4a63e8e5d816341794a2151c9d58c?s=96&d=mm&r=g","caption":"admin"},"sameAs":["http:\/\/denizcankizil.tr"],"url":"https:\/\/www.iskenderun.org\/sucikaginda-goz-kaynak-arama-calismasi"}]}},"_links":{"self":[{"href":"https:\/\/denizcankizil.tr\/uk\/wp-json\/wp\/v2\/posts\/29725","targetHints":{"allow":["GET"]}}],"collection":[{"href":"https:\/\/denizcankizil.tr\/uk\/wp-json\/wp\/v2\/posts"}],"about":[{"href":"https:\/\/denizcankizil.tr\/uk\/wp-json\/wp\/v2\/types\/post"}],"author":[{"embeddable":true,"href":"https:\/\/denizcankizil.tr\/uk\/wp-json\/wp\/v2\/users\/1"}],"replies":[{"embeddable":true,"href":"https:\/\/denizcankizil.tr\/uk\/wp-json\/wp\/v2\/comments?post=29725"}],"version-history":[{"count":0,"href":"https:\/\/denizcankizil.tr\/uk\/wp-json\/wp\/v2\/posts\/29725\/revisions"}],"wp:attachment":[{"href":"https:\/\/denizcankizil.tr\/uk\/wp-json\/wp\/v2\/media?parent=29725"}],"wp:term":[{"taxonomy":"category","embeddable":true,"href":"https:\/\/denizcankizil.tr\/uk\/wp-json\/wp\/v2\/categories?post=29725"},{"taxonomy":"post_tag","embeddable":true,"href":"https:\/\/denizcankizil.tr\/uk\/wp-json\/wp\/v2\/tags?post=29725"}],"curies":[{"name":"wp","href":"https:\/\/api.w.org\/{rel}","templated":true}]}}