{"id":2948,"date":"2024-10-15T19:59:37","date_gmt":"2024-10-15T16:59:37","guid":{"rendered":"https:\/\/denizcankizil.tr\/uncategorized\/turkiye-is-bankasi-46-istanbul-maratonunda-darussafaka-icin-kosmaya-hazir-misiniz\/"},"modified":"2024-10-15T19:59:37","modified_gmt":"2024-10-15T16:59:37","slug":"turkiye-is-bankasi-46-istanbul-maratonunda-darussafaka-icin-kosmaya-hazir-misiniz","status":"publish","type":"post","link":"https:\/\/denizcankizil.tr\/uk\/haberler\/gundem\/turkiye-is-bankasi-46-istanbul-maratonunda-darussafaka-icin-kosmaya-hazir-misiniz\/","title":{"rendered":"T\u00fcrkiye \u0130\u015f Bankas\u0131 46. \u0130stanbul Maratonu&#8217;nda Dar\u00fc\u015f\u015fafaka \u0130\u00e7in Ko\u015fmaya Haz\u0131r M\u0131s\u0131n\u0131z?"},"content":{"rendered":"<p>T\u00fcrkiye\u2019nin e\u011fitim alan\u0131ndaki ilk sivil toplum kurulu\u015flar\u0131ndan Dar\u00fc\u015f\u015fafaka Cemiyeti, \u201cS\u00f6z Konusu E\u011fitimse Yard\u0131ma Ko\u015far\u0131z!\u201d diyen T\u00fcrkiye\u2019nin hay\u0131rsever kurumlar\u0131n\u0131 ve g\u00f6n\u00fcll\u00fclerini, T\u00fcrkiye \u0130\u015f Bankas\u0131 46. \u0130stanbul Maratonu&#8217;nda \u00e7at\u0131s\u0131 alt\u0131nda bulu\u015fmaya davet ediyor.<\/p>\n<p>\u200bT\u00fcrkiye\u2019nin e\u011fitim alan\u0131ndaki ilk sivil toplum kurulu\u015flar\u0131ndan Dar\u00fc\u015f\u015fafaka Cemiyeti, \u201cS\u00f6z Konusu E\u011fitimse Yard\u0131ma Ko\u015far\u0131z!\u201d diyen T\u00fcrkiye\u2019nin hay\u0131rsever kurumlar\u0131n\u0131 ve g\u00f6n\u00fcll\u00fclerini, T\u00fcrkiye \u0130\u015f Bankas\u0131 46. \u0130stanbul Maratonu&#8217;nda \u00e7at\u0131s\u0131 alt\u0131nda bulu\u015fmaya davet ediyor.\u00a0<\/p>\n<p>\u200bHaberin Al\u0131nt\u0131land\u0131\u011f\u0131 Kaynak: www.iskenderun.org<\/p>","protected":false},"excerpt":{"rendered":"<p>T\u00fcrkiye\u2019nin e\u011fitim alan\u0131ndaki ilk sivil toplum kurulu\u015flar\u0131ndan Dar\u00fc\u015f\u015fafaka Cemiyeti, \u201cS\u00f6z Konusu E\u011fitimse Yard\u0131ma Ko\u015far\u0131z!\u201d diyen T\u00fcrkiye\u2019nin hay\u0131rsever kurumlar\u0131n\u0131 ve g\u00f6n\u00fcll\u00fclerini, T\u00fcrkiye \u0130\u015f Bankas\u0131 46. \u0130stanbul Maratonu&#8217;nda \u00e7at\u0131s\u0131 alt\u0131nda bulu\u015fmaya davet ediyor. \u200bT\u00fcrkiye\u2019nin e\u011fitim alan\u0131ndaki ilk sivil toplum kurulu\u015flar\u0131ndan Dar\u00fc\u015f\u015fafaka Cemiyeti, \u201cS\u00f6z Konusu E\u011fitimse Yard\u0131ma Ko\u015far\u0131z!\u201d diyen T\u00fcrkiye\u2019nin hay\u0131rsever kurumlar\u0131n\u0131 ve g\u00f6n\u00fcll\u00fclerini, T\u00fcrkiye \u0130\u015f Bankas\u0131 46. \u0130stanbul Maratonu&#8217;nda \u00e7at\u0131s\u0131 alt\u0131nda bulu\u015fmaya davet ediyor.\u00a0 \u200bHaberin Al\u0131nt\u0131land\u0131\u011f\u0131 Kaynak: www.iskenderun.org<\/p>","protected":false},"author":0,"featured_media":0,"comment_status":"open","ping_status":"open","sticky":false,"template":"","format":"standard","meta":{"_acf_changed":false,"footnotes":""},"categories":[24],"tags":[],"class_list":["post-2948","post","type-post","status-publish","format-standard","has-post-thumbnail","hentry","category-gundem"],"acf":[],"yoast_head":"<!-- This site is optimized with the Yoast SEO Premium plugin v26.6 (Yoast SEO v27.1.1) - https:\/\/yoast.com\/product\/yoast-seo-premium-wordpress\/ -->\n<title>T\u00fcrkiye \u0130\u015f Bankas\u0131 46. \u0130stanbul Maratonu&#039;nda Dar\u00fc\u015f\u015fafaka \u0130\u00e7in Ko\u015fmaya Haz\u0131r M\u0131s\u0131n\u0131z? - Av. Deniz Can K\u0131z\u0131l<\/title>\n<meta name=\"robots\" content=\"index, follow, max-snippet:-1, max-image-preview:large, max-video-preview:-1\" \/>\n<link rel=\"canonical\" href=\"http:\/\/denizcankizil.tr\/uk\/haberler\/gundem\/turkiye-is-bankasi-46-istanbul-maratonunda-darussafaka-icin-kosmaya-hazir-misiniz\/\" \/>\n<meta property=\"og:locale\" content=\"uk_UA\" \/>\n<meta property=\"og:type\" content=\"article\" \/>\n<meta property=\"og:title\" content=\"T\u00fcrkiye \u0130\u015f Bankas\u0131 46. \u0130stanbul Maratonu&#039;nda Dar\u00fc\u015f\u015fafaka \u0130\u00e7in Ko\u015fmaya Haz\u0131r M\u0131s\u0131n\u0131z?\" \/>\n<meta property=\"og:description\" content=\"T\u00fcrkiye\u2019nin e\u011fitim alan\u0131ndaki ilk sivil toplum kurulu\u015flar\u0131ndan Dar\u00fc\u015f\u015fafaka Cemiyeti, \u201cS\u00f6z Konusu E\u011fitimse Yard\u0131ma Ko\u015far\u0131z!\u201d diyen T\u00fcrkiye\u2019nin hay\u0131rsever kurumlar\u0131n\u0131 ve g\u00f6n\u00fcll\u00fclerini, T\u00fcrkiye \u0130\u015f Bankas\u0131 46. \u0130stanbul Maratonu&#8217;nda \u00e7at\u0131s\u0131 alt\u0131nda bulu\u015fmaya davet ediyor. \u200bT\u00fcrkiye\u2019nin e\u011fitim alan\u0131ndaki ilk sivil toplum kurulu\u015flar\u0131ndan Dar\u00fc\u015f\u015fafaka Cemiyeti, \u201cS\u00f6z Konusu E\u011fitimse Yard\u0131ma Ko\u015far\u0131z!\u201d diyen T\u00fcrkiye\u2019nin hay\u0131rsever kurumlar\u0131n\u0131 ve g\u00f6n\u00fcll\u00fclerini, T\u00fcrkiye \u0130\u015f Bankas\u0131 46. \u0130stanbul Maratonu&#8217;nda \u00e7at\u0131s\u0131 alt\u0131nda bulu\u015fmaya davet ediyor.\u00a0 \u200bHaberin Al\u0131nt\u0131land\u0131\u011f\u0131 Kaynak: www.iskenderun.org\" \/>\n<meta property=\"og:url\" content=\"http:\/\/denizcankizil.tr\/uk\/haberler\/gundem\/turkiye-is-bankasi-46-istanbul-maratonunda-darussafaka-icin-kosmaya-hazir-misiniz\/\" \/>\n<meta property=\"og:site_name\" content=\"Av. Deniz Can K\u0131z\u0131l\" \/>\n<meta property=\"article:published_time\" content=\"2024-10-15T16:59:37+00:00\" \/>\n<meta name=\"twitter:card\" content=\"summary_large_image\" \/>\n<meta name=\"twitter:label1\" content=\"\u041f\u0440\u0438\u0431\u043b. \u0447\u0430\u0441 \u0447\u0438\u0442\u0430\u043d\u043d\u044f\" \/>\n\t<meta name=\"twitter:data1\" content=\"1 \u0445\u0432\u0438\u043b\u0438\u043d\u0430\" \/>\n<script type=\"application\/ld+json\" class=\"yoast-schema-graph\">{\"@context\":\"https:\/\/schema.org\",\"@graph\":[{\"@type\":\"Article\",\"@id\":\"http:\/\/denizcankizil.tr\/ru\/haberler\/gundem\/turkiye-is-bankasi-46-istanbul-maratonunda-darussafaka-icin-kosmaya-hazir-misiniz\/#article\",\"isPartOf\":{\"@id\":\"http:\/\/denizcankizil.tr\/ru\/haberler\/gundem\/turkiye-is-bankasi-46-istanbul-maratonunda-darussafaka-icin-kosmaya-hazir-misiniz\/\"},\"author\":{\"name\":\"\",\"@id\":\"\"},\"headline\":\"T\u00fcrkiye \u0130\u015f Bankas\u0131 46. \u0130stanbul Maratonu&#8217;nda Dar\u00fc\u015f\u015fafaka \u0130\u00e7in Ko\u015fmaya Haz\u0131r M\u0131s\u0131n\u0131z?\",\"datePublished\":\"2024-10-15T16:59:37+00:00\",\"mainEntityOfPage\":{\"@id\":\"http:\/\/denizcankizil.tr\/ru\/haberler\/gundem\/turkiye-is-bankasi-46-istanbul-maratonunda-darussafaka-icin-kosmaya-hazir-misiniz\/\"},\"wordCount\":131,\"commentCount\":0,\"publisher\":{\"@id\":\"https:\/\/denizcankizil.tr\/de\/#organization\"},\"articleSection\":[\"G\u00fcndem\"],\"inLanguage\":\"uk\",\"potentialAction\":[{\"@type\":\"CommentAction\",\"name\":\"Comment\",\"target\":[\"http:\/\/denizcankizil.tr\/ru\/haberler\/gundem\/turkiye-is-bankasi-46-istanbul-maratonunda-darussafaka-icin-kosmaya-hazir-misiniz\/#respond\"]}]},{\"@type\":\"WebPage\",\"@id\":\"http:\/\/denizcankizil.tr\/ru\/haberler\/gundem\/turkiye-is-bankasi-46-istanbul-maratonunda-darussafaka-icin-kosmaya-hazir-misiniz\/\",\"url\":\"http:\/\/denizcankizil.tr\/ru\/haberler\/gundem\/turkiye-is-bankasi-46-istanbul-maratonunda-darussafaka-icin-kosmaya-hazir-misiniz\/\",\"name\":\"T\u00fcrkiye \u0130\u015f Bankas\u0131 46. \u0130stanbul Maratonu'nda Dar\u00fc\u015f\u015fafaka \u0130\u00e7in Ko\u015fmaya Haz\u0131r M\u0131s\u0131n\u0131z? - Av. Deniz Can K\u0131z\u0131l\",\"isPartOf\":{\"@id\":\"https:\/\/denizcankizil.tr\/de\/#website\"},\"datePublished\":\"2024-10-15T16:59:37+00:00\",\"breadcrumb\":{\"@id\":\"http:\/\/denizcankizil.tr\/ru\/haberler\/gundem\/turkiye-is-bankasi-46-istanbul-maratonunda-darussafaka-icin-kosmaya-hazir-misiniz\/#breadcrumb\"},\"inLanguage\":\"uk\",\"potentialAction\":[{\"@type\":\"ReadAction\",\"target\":[\"http:\/\/denizcankizil.tr\/ru\/haberler\/gundem\/turkiye-is-bankasi-46-istanbul-maratonunda-darussafaka-icin-kosmaya-hazir-misiniz\/\"]}]},{\"@type\":\"BreadcrumbList\",\"@id\":\"http:\/\/denizcankizil.tr\/ru\/haberler\/gundem\/turkiye-is-bankasi-46-istanbul-maratonunda-darussafaka-icin-kosmaya-hazir-misiniz\/#breadcrumb\",\"itemListElement\":[{\"@type\":\"ListItem\",\"position\":1,\"name\":\"Home\",\"item\":\"https:\/\/denizcankizil.tr\/de\/\"},{\"@type\":\"ListItem\",\"position\":2,\"name\":\"T\u00fcrkiye \u0130\u015f Bankas\u0131 46. \u0130stanbul Maratonu&#8217;nda Dar\u00fc\u015f\u015fafaka \u0130\u00e7in Ko\u015fmaya Haz\u0131r M\u0131s\u0131n\u0131z?\"}]},{\"@type\":\"WebSite\",\"@id\":\"https:\/\/denizcankizil.tr\/de\/#website\",\"url\":\"https:\/\/denizcankizil.tr\/de\/\",\"name\":\"Av. Deniz Can K\u0131z\u0131l\",\"description\":\"Avukat Deniz Can K\u0131z\u0131l Antalya Barosu\",\"publisher\":{\"@id\":\"https:\/\/denizcankizil.tr\/de\/#organization\"},\"potentialAction\":[{\"@type\":\"SearchAction\",\"target\":{\"@type\":\"EntryPoint\",\"urlTemplate\":\"https:\/\/denizcankizil.tr\/de\/?s={search_term_string}\"},\"query-input\":{\"@type\":\"PropertyValueSpecification\",\"valueRequired\":true,\"valueName\":\"search_term_string\"}}],\"inLanguage\":\"uk\"},{\"@type\":\"Organization\",\"@id\":\"https:\/\/denizcankizil.tr\/de\/#organization\",\"name\":\"Av. Deniz Can K\u0131z\u0131l\",\"url\":\"https:\/\/denizcankizil.tr\/de\/\",\"logo\":{\"@type\":\"ImageObject\",\"inLanguage\":\"uk\",\"@id\":\"https:\/\/denizcankizil.tr\/de\/#\/schema\/logo\/image\/\",\"url\":\"https:\/\/denizcankizil.tr\/wp-content\/uploads\/2024\/10\/siyah-logo-svg.svg\",\"contentUrl\":\"https:\/\/denizcankizil.tr\/wp-content\/uploads\/2024\/10\/siyah-logo-svg.svg\",\"width\":1080,\"height\":1080,\"caption\":\"Av. Deniz Can K\u0131z\u0131l\"},\"image\":{\"@id\":\"https:\/\/denizcankizil.tr\/de\/#\/schema\/logo\/image\/\"}}]}<\/script>\n<!-- \/ Yoast SEO Premium plugin. -->","yoast_head_json":{"title":"T\u00fcrkiye \u0130\u015f Bankas\u0131 46. \u0130stanbul Maratonu'nda Dar\u00fc\u015f\u015fafaka \u0130\u00e7in Ko\u015fmaya Haz\u0131r M\u0131s\u0131n\u0131z? - Av. Deniz Can K\u0131z\u0131l","robots":{"index":"index","follow":"follow","max-snippet":"max-snippet:-1","max-image-preview":"max-image-preview:large","max-video-preview":"max-video-preview:-1"},"canonical":"http:\/\/denizcankizil.tr\/uk\/haberler\/gundem\/turkiye-is-bankasi-46-istanbul-maratonunda-darussafaka-icin-kosmaya-hazir-misiniz\/","og_locale":"uk_UA","og_type":"article","og_title":"T\u00fcrkiye \u0130\u015f Bankas\u0131 46. \u0130stanbul Maratonu'nda Dar\u00fc\u015f\u015fafaka \u0130\u00e7in Ko\u015fmaya Haz\u0131r M\u0131s\u0131n\u0131z?","og_description":"T\u00fcrkiye\u2019nin e\u011fitim alan\u0131ndaki ilk sivil toplum kurulu\u015flar\u0131ndan Dar\u00fc\u015f\u015fafaka Cemiyeti, \u201cS\u00f6z Konusu E\u011fitimse Yard\u0131ma Ko\u015far\u0131z!\u201d diyen T\u00fcrkiye\u2019nin hay\u0131rsever kurumlar\u0131n\u0131 ve g\u00f6n\u00fcll\u00fclerini, T\u00fcrkiye \u0130\u015f Bankas\u0131 46. \u0130stanbul Maratonu&#8217;nda \u00e7at\u0131s\u0131 alt\u0131nda bulu\u015fmaya davet ediyor. \u200bT\u00fcrkiye\u2019nin e\u011fitim alan\u0131ndaki ilk sivil toplum kurulu\u015flar\u0131ndan Dar\u00fc\u015f\u015fafaka Cemiyeti, \u201cS\u00f6z Konusu E\u011fitimse Yard\u0131ma Ko\u015far\u0131z!\u201d diyen T\u00fcrkiye\u2019nin hay\u0131rsever kurumlar\u0131n\u0131 ve g\u00f6n\u00fcll\u00fclerini, T\u00fcrkiye \u0130\u015f Bankas\u0131 46. \u0130stanbul Maratonu&#8217;nda \u00e7at\u0131s\u0131 alt\u0131nda bulu\u015fmaya davet ediyor.\u00a0 \u200bHaberin Al\u0131nt\u0131land\u0131\u011f\u0131 Kaynak: www.iskenderun.org","og_url":"http:\/\/denizcankizil.tr\/uk\/haberler\/gundem\/turkiye-is-bankasi-46-istanbul-maratonunda-darussafaka-icin-kosmaya-hazir-misiniz\/","og_site_name":"Av. Deniz Can K\u0131z\u0131l","article_published_time":"2024-10-15T16:59:37+00:00","twitter_card":"summary_large_image","twitter_misc":{"\u041f\u0440\u0438\u0431\u043b. \u0447\u0430\u0441 \u0447\u0438\u0442\u0430\u043d\u043d\u044f":"1 \u0445\u0432\u0438\u043b\u0438\u043d\u0430"},"schema":{"@context":"https:\/\/schema.org","@graph":[{"@type":"Article","@id":"http:\/\/denizcankizil.tr\/ru\/haberler\/gundem\/turkiye-is-bankasi-46-istanbul-maratonunda-darussafaka-icin-kosmaya-hazir-misiniz\/#article","isPartOf":{"@id":"http:\/\/denizcankizil.tr\/ru\/haberler\/gundem\/turkiye-is-bankasi-46-istanbul-maratonunda-darussafaka-icin-kosmaya-hazir-misiniz\/"},"author":{"name":"","@id":""},"headline":"T\u00fcrkiye \u0130\u015f Bankas\u0131 46. \u0130stanbul Maratonu&#8217;nda Dar\u00fc\u015f\u015fafaka \u0130\u00e7in Ko\u015fmaya Haz\u0131r M\u0131s\u0131n\u0131z?","datePublished":"2024-10-15T16:59:37+00:00","mainEntityOfPage":{"@id":"http:\/\/denizcankizil.tr\/ru\/haberler\/gundem\/turkiye-is-bankasi-46-istanbul-maratonunda-darussafaka-icin-kosmaya-hazir-misiniz\/"},"wordCount":131,"commentCount":0,"publisher":{"@id":"https:\/\/denizcankizil.tr\/de\/#organization"},"articleSection":["G\u00fcndem"],"inLanguage":"uk","potentialAction":[{"@type":"CommentAction","name":"Comment","target":["http:\/\/denizcankizil.tr\/ru\/haberler\/gundem\/turkiye-is-bankasi-46-istanbul-maratonunda-darussafaka-icin-kosmaya-hazir-misiniz\/#respond"]}]},{"@type":"WebPage","@id":"http:\/\/denizcankizil.tr\/ru\/haberler\/gundem\/turkiye-is-bankasi-46-istanbul-maratonunda-darussafaka-icin-kosmaya-hazir-misiniz\/","url":"http:\/\/denizcankizil.tr\/ru\/haberler\/gundem\/turkiye-is-bankasi-46-istanbul-maratonunda-darussafaka-icin-kosmaya-hazir-misiniz\/","name":"T\u00fcrkiye \u0130\u015f Bankas\u0131 46. \u0130stanbul Maratonu'nda Dar\u00fc\u015f\u015fafaka \u0130\u00e7in Ko\u015fmaya Haz\u0131r M\u0131s\u0131n\u0131z? - Av. Deniz Can K\u0131z\u0131l","isPartOf":{"@id":"https:\/\/denizcankizil.tr\/de\/#website"},"datePublished":"2024-10-15T16:59:37+00:00","breadcrumb":{"@id":"http:\/\/denizcankizil.tr\/ru\/haberler\/gundem\/turkiye-is-bankasi-46-istanbul-maratonunda-darussafaka-icin-kosmaya-hazir-misiniz\/#breadcrumb"},"inLanguage":"uk","potentialAction":[{"@type":"ReadAction","target":["http:\/\/denizcankizil.tr\/ru\/haberler\/gundem\/turkiye-is-bankasi-46-istanbul-maratonunda-darussafaka-icin-kosmaya-hazir-misiniz\/"]}]},{"@type":"BreadcrumbList","@id":"http:\/\/denizcankizil.tr\/ru\/haberler\/gundem\/turkiye-is-bankasi-46-istanbul-maratonunda-darussafaka-icin-kosmaya-hazir-misiniz\/#breadcrumb","itemListElement":[{"@type":"ListItem","position":1,"name":"Home","item":"https:\/\/denizcankizil.tr\/de\/"},{"@type":"ListItem","position":2,"name":"T\u00fcrkiye \u0130\u015f Bankas\u0131 46. \u0130stanbul Maratonu&#8217;nda Dar\u00fc\u015f\u015fafaka \u0130\u00e7in Ko\u015fmaya Haz\u0131r M\u0131s\u0131n\u0131z?"}]},{"@type":"WebSite","@id":"https:\/\/denizcankizil.tr\/de\/#website","url":"https:\/\/denizcankizil.tr\/de\/","name":"Av. Deniz Can K\u0131z\u0131l","description":"Avukat Deniz Can K\u0131z\u0131l Antalya Barosu","publisher":{"@id":"https:\/\/denizcankizil.tr\/de\/#organization"},"potentialAction":[{"@type":"SearchAction","target":{"@type":"EntryPoint","urlTemplate":"https:\/\/denizcankizil.tr\/de\/?s={search_term_string}"},"query-input":{"@type":"PropertyValueSpecification","valueRequired":true,"valueName":"search_term_string"}}],"inLanguage":"uk"},{"@type":"Organization","@id":"https:\/\/denizcankizil.tr\/de\/#organization","name":"Av. Deniz Can K\u0131z\u0131l","url":"https:\/\/denizcankizil.tr\/de\/","logo":{"@type":"ImageObject","inLanguage":"uk","@id":"https:\/\/denizcankizil.tr\/de\/#\/schema\/logo\/image\/","url":"https:\/\/denizcankizil.tr\/wp-content\/uploads\/2024\/10\/siyah-logo-svg.svg","contentUrl":"https:\/\/denizcankizil.tr\/wp-content\/uploads\/2024\/10\/siyah-logo-svg.svg","width":1080,"height":1080,"caption":"Av. Deniz Can K\u0131z\u0131l"},"image":{"@id":"https:\/\/denizcankizil.tr\/de\/#\/schema\/logo\/image\/"}}]}},"_links":{"self":[{"href":"https:\/\/denizcankizil.tr\/uk\/wp-json\/wp\/v2\/posts\/2948","targetHints":{"allow":["GET"]}}],"collection":[{"href":"https:\/\/denizcankizil.tr\/uk\/wp-json\/wp\/v2\/posts"}],"about":[{"href":"https:\/\/denizcankizil.tr\/uk\/wp-json\/wp\/v2\/types\/post"}],"replies":[{"embeddable":true,"href":"https:\/\/denizcankizil.tr\/uk\/wp-json\/wp\/v2\/comments?post=2948"}],"version-history":[{"count":0,"href":"https:\/\/denizcankizil.tr\/uk\/wp-json\/wp\/v2\/posts\/2948\/revisions"}],"wp:attachment":[{"href":"https:\/\/denizcankizil.tr\/uk\/wp-json\/wp\/v2\/media?parent=2948"}],"wp:term":[{"taxonomy":"category","embeddable":true,"href":"https:\/\/denizcankizil.tr\/uk\/wp-json\/wp\/v2\/categories?post=2948"},{"taxonomy":"post_tag","embeddable":true,"href":"https:\/\/denizcankizil.tr\/uk\/wp-json\/wp\/v2\/tags?post=2948"}],"curies":[{"name":"wp","href":"https:\/\/api.w.org\/{rel}","templated":true}]}}