{"id":29118,"date":"2025-01-31T20:41:30","date_gmt":"2025-01-31T17:41:30","guid":{"rendered":"https:\/\/denizcankizil.tr\/uncategorized-tr\/ilhan-karakurt-ozgur-basin-sadece-gazetecilerin-degil-halkin-da-hakki\/"},"modified":"2025-01-31T20:41:30","modified_gmt":"2025-01-31T17:41:30","slug":"ilhan-karakurt-ozgur-basin-sadece-gazetecilerin-degil-halkin-da-hakki","status":"publish","type":"post","link":"https:\/\/denizcankizil.tr\/uk\/haberler\/gundem\/ilhan-karakurt-ozgur-basin-sadece-gazetecilerin-degil-halkin-da-hakki\/","title":{"rendered":"\u0130lhan Karakurt: \u201c\u00d6zg\u00fcr bas\u0131n sadece gazetecilerin de\u011fil halk\u0131n da hakk\u0131\u201d"},"content":{"rendered":"<p>T\u00fcrkiye\u2019de son d\u00f6nemlerde pe\u015f pe\u015fe pek \u00e7ok olay ya\u015fand\u0131. Bolu\u2019da ya\u015fana yang\u0131n facias\u0131, zamlar derken \u015fimdi de siyasi parti liderleri ve gazeteciler tutuklanmaya ba\u015flad\u0131. Zafer Partisi \u00dcmit \u00d6zda\u011f ve Halk TV Genel Yay\u0131n Y\u00f6netmeni Suat Tekta\u015f tutuklan\u0131rken, Gazeteci Bar\u0131\u015f Pehlivan ve \u0130stanbul B\u00fcy\u00fck\u015fehir Belediye Ba\u015fkan\u0131 Ekrem \u0130mamo\u011flu hakk\u0131nda soru\u015fturma ba\u015flat\u0131ld\u0131.\u00a0Ya\u015fanan bu pe\u015f pe\u015fe geli\u015fmelerin ard\u0131ndan Antalya Emek ve Demokrasi G\u00fc\u00e7leri Antalya\u2019n\u0131n Muratpa\u015fa il\u00e7esine ba\u011fl\u0131 Attallos Meydan\u0131\u2019nda toplanarak bu olaylara tepki g\u00f6sterdi. Grup ad\u0131na konu\u015fmay\u0131 ise Kamu Emek\u00e7ileri Sendikalar\u0131 Konfederasyonu (KESK) Antalya \u015eubeler Platformu D\u00f6nem S\u00f6zc\u00fcs\u00fc \u0130lhan Karakurt yapt\u0131.\u00a0<\/p>\n<p>KAYYUMLAR ARTIK B\u0130R DEVLET POL\u0130T\u0130KASI HAL\u0130NE GELD\u0130\u00a0<\/p>\n<p>2016 y\u0131l\u0131ndan bu yana kayyum atamalar\u0131n\u0131n art\u0131k bir devlet politikas\u0131 haline geldi\u011fini belirten Karakurt, \u201c2016 y\u0131l\u0131ndan bu yana kayyum atamalar\u0131n\u0131n bir devlet politikas\u0131 haline geldi\u011fine tan\u0131k oluyoruz. Bu mesele sadece kayyum atanan parti ve belediye ba\u015fkanlar\u0131n\u0131n sorunu olmaktan \u00e7\u0131km\u0131\u015f bu \u00fclkede ya\u015fayan 85 milyon yurtta\u015f\u0131n meselesi haline gelmi\u015ftir. Dolay\u0131s\u0131yla Kayyum Siirt \u015fahs\u0131nda b\u00fct\u00fcn T\u00fcrkiye&#8217;ye atanm\u0131\u015ft\u0131r. Her bir yurtta\u015f\u0131n se\u00e7me ve se\u00e7ilme hakk\u0131na kar\u015f\u0131 atanm\u0131\u015ft\u0131r. Bu nedenle birlikte olmak, birlikte itiraz etmek, birlikte m\u00fccadeleyi \u00f6rmek gibi tarihi bir sorumlulukla kar\u015f\u0131 kar\u015f\u0131yay\u0131z. Bu sorumlulu\u011fu hisseden bir yerden bug\u00fcn emek ve Demokrasi g\u00fc\u00e7leri olarak buraday\u0131z, birlikteyiz. Kayyum siyasetine, Baro y\u00f6netimine kar\u015f\u0131 uygulanan antidemokratik m\u00fcdahaleye, gezisi davas\u0131 \u00fczerinden yeniden ba\u015flat\u0131lan operasyonlara, gazetecilerin g\u00f6zalt\u0131na al\u0131n\u0131p tutuklanmas\u0131na, Bolu&#8217;daki yang\u0131n k\u0131y\u0131m\u0131na kar\u015f\u0131 yananay\u0131z, omuz omuzay\u0131z\u201d dedi.<\/p>\n<p>\u201cGAZETEC\u0130L\u0130K SU\u00c7 DE\u011e\u0130LD\u0130R!\u201d<\/p>\n<p>\u00d6zellikle yapt\u0131klar\u0131 haberlerden \u00f6t\u00fcr\u00fc pek \u00e7ok gazetecinin tutuklanarak, T\u00fcrkiye\u2019nin karanl\u0131k bir rejime s\u00fcr\u00fcklenmek istedi\u011fini vurgulayan Karakurt, \u201cEsp \u00fcyesi 37 ki\u015finin tutuklanmas\u0131 ve Antalya&#8217;da ya\u015fanan g\u00f6zalt\u0131larsa birlikte bu ay i\u00e7inde 14 gazeteci g\u00f6zalt\u0131na al\u0131nd\u0131. Son d\u00f6nemde gazetecilere verilmek istenen g\u00f6zda\u011f\u0131 sadece bas\u0131n de\u011fil, t\u00fcm halk\u0131m\u0131z i\u00e7in b\u00fcy\u00fck bir tehdittir. \u00d6zg\u00fcr medya, demokrasinin temel dire\u011fidir. Ancak AKP iktidar\u0131, ele\u015ftirel ve ba\u011f\u0131ms\u0131z gazetecili\u011fi susturmak i\u00e7in devletin t\u00fcm imkanlar\u0131n\u0131 seferber etmi\u015f durumda. Saray rejiminin ho\u015funa gitmeyen haberleri yapan, yolsuzluklar\u0131 ve hukuksuzluklar\u0131 if\u015fa eden gazeteciler g\u00f6zalt\u0131na al\u0131n\u0131yor, yarg\u0131 sopas\u0131yla tehdit ediliyor. Bu uygulamalar, hukukun \u00fcst\u00fcnl\u00fc\u011f\u00fcn\u00fc yok sayan otoriter bir y\u00f6netim anlay\u0131\u015f\u0131n\u0131n g\u00f6stergesidir. Buradan a\u00e7\u0131k\u00e7a ifade ediyoruz: Gazetecilik su\u00e7 de\u011fildir! \u00d6zg\u00fcr bas\u0131n susturulamaz! Bu bask\u0131lar kar\u015f\u0131s\u0131nda ne gazeteciler susacak ne de bizler geri ad\u0131m ataca\u011f\u0131z! T\u00fcrkiye\u2019yi karanl\u0131\u011fa s\u00fcr\u00fcklemek isteyen bu otoriter zihniyete kar\u015f\u0131, demokrasiye ve bas\u0131n \u00f6zg\u00fcrl\u00fc\u011f\u00fcne sahip \u00e7\u0131kmaya devam edece\u011fiz\u201d diye konu\u015ftu.\u00a0<\/p>\n<p>&#8220;\u00d6ZG\u00dcR BASIN SADECE GAZETEC\u0130LER\u0130N DE\u011e\u0130L HALKINDA HAKKI&#8221;<\/p>\n<p>\u00d6zg\u00fcr bas\u0131n\u0131n sadece gazetecilerin de\u011fil halk\u0131n da bir ihtiyac\u0131 oldu\u011funa de\u011finen s\u00f6zc\u00fc \u0130lhan Karakurt,\u201d Gazetecilere y\u00f6nelik g\u00f6zalt\u0131lar derhal son bulmal\u0131, halk\u0131n haber alma hakk\u0131n\u0131 savunan t\u00fcm bas\u0131n mensuplar\u0131 \u00f6zg\u00fcr b\u0131rak\u0131lmal\u0131d\u0131r. Onlar sadece gazeteci de\u011fil, ayn\u0131 zamanda halk\u0131n haber alma hakk\u0131d\u0131r, hakikattir, ifade \u00f6zg\u00fcrl\u00fc\u011f\u00fcd\u00fcr! Demokratik bir T\u00fcrkiye ancak \u00f6zg\u00fcr bir bas\u0131nla m\u00fcmk\u00fcnd\u00fcr! Unutulmamal\u0131d\u0131r ki, bas\u0131n \u00f6zg\u00fcrl\u00fc\u011f\u00fc yaln\u0131zca gazetecilerin hakk\u0131 de\u011fil t\u00fcm yurtta\u015flar\u0131m\u0131z\u0131n hakk\u0131d\u0131r. T\u00fcrkiye&#8217;nin kayyumlara, g\u00f6zalt\u0131 ve gazetecilerin tutuklanmas\u0131na de\u011fil, demokrasiye, bar\u0131\u015fa ve \u00f6zg\u00fcrl\u00fcklere ihtiyac\u0131 vard\u0131r. Bu ihtiyac\u0131 kar\u015f\u0131lamak i\u00e7in m\u00fccadele etmekte en temel insan hakk\u0131 olarak boynumuzun borcudur\u201d s\u00f6zlerini kaydetti.\u00a0<\/p>\n<p>\u201cBE\u015e\u0130KTA\u015e\u2019TA AYRI DEMOKRAS\u0130, ESENYURT\u2019A AYRI\u201d<\/p>\n<p>Be\u015fikta\u015f\u2019ta ayr\u0131 demokrasi, Esenyurt\u2019a ayr\u0131 bir demokrasi i\u015flendi\u011fini iddia eden Karakurt, \u201cSiirt Belediye E\u015f Ba\u015fkan\u0131 Sofya Ala\u011fa\u015f hakk\u0131nda kesinle\u015fmi\u015f bir mahkeme karar\u0131n\u0131n bulunmamas\u0131na ra\u011fmen kayyum atanmas\u0131 halk\u0131n iradesine kar\u015f\u0131 yap\u0131lm\u0131\u015f bir darbedir. Esenyurt\u2019ta milletin se\u00e7mi\u015f oldu\u011fu meclis \u00fcyeleri kendi ba\u015fkan\u0131n\u0131 se\u00e7emezken, 20-30 kilometre \u00f6tedeki Be\u015fikta\u015f Belediyesi ise kendi meclisi i\u00e7erisinden bir ba\u015fkanvekili se\u00e7ti. \u015eimdi 20-30 kilometre uzakta 2 farkl\u0131 demokrasiyi siz T\u00fcrkiye\u2019ye nas\u0131l izah edeceksiniz? Be\u015fikta\u015f\u2019ta ayr\u0131 demokrasi, Esenyurt\u2019a ayr\u0131 demokrasi olabilir mi\u201d ifadelerini kulland\u0131.\u00a0<\/p>\n<p>\u201cARTIK YETER!\u201d<\/p>\n<p>Hayat pahal\u0131l\u0131\u011f\u0131na, zamlara, yoksullu\u011fa ve demokrasinin ald\u0131\u011f\u0131 yaralara &#8220;art\u0131k yeter&#8221; diyen, \u0130lhan Karakurt, \u201cTek adam rejimi, demir yumru\u011fuyla a\u011fz\u0131n\u0131 a\u00e7an herkesi susturmak istiyorsa, bizde i\u015f\u00e7ilerin emek\u00e7ilerin, ezilenlerin sesini y\u00fckseltmek ve birle\u015ftirmek i\u00e7in buraday\u0131z, art\u0131k yeter diyoruz. Demokrasinin ald\u0131\u011f\u0131 yaralara art\u0131k yeter diyoruz, insan haklar\u0131 ihlaline art\u0131k yeter diyoruz, hayat pahal\u0131l\u0131\u011f\u0131na, zamlara ve yoksullu\u011fa art\u0131k yeter\u2019 diyoruz. Bask\u0131lara, tutuklamalara, kayyumlara kar\u015f\u0131 hak hukuk ve adalet demeye devam edece\u011fiz\u201d dedi.\u00a0<\/p>\n<p>Foto\u011fraflar: B\u00dcLENT \u00d6NER\u00a0<\/p>\n<p>\u00a0<\/p>\n<p>\u200bT\u00fcrkiye\u2019de son d\u00f6nemlerde artan olaylara tepki g\u00f6stermek i\u00e7in Antalya Emek ve Demokrasi G\u00fc\u00e7leri, Attalos Meydan\u0131\u2019nda bas\u0131n a\u00e7\u0131klamas\u0131 yapt\u0131. Kamu Emek\u00e7ileri Sendikalar\u0131 Konfederasyonu (KESK) Antalya \u015eubeler Platformu D\u00f6nem S\u00f6zc\u00fcs\u00fc \u0130lhan Karakurt, \u201cDemokratik bir T\u00fcrkiye ancak \u00f6zg\u00fcr bas\u0131nla m\u00fcmk\u00fcnd\u00fcr!\u201d dedi\u00a0<\/p>\n<p>\u200bHaberin Al\u0131nt\u0131land\u0131\u011f\u0131 Kaynak: www.antalyakorfez.com<\/p>","protected":false},"excerpt":{"rendered":"<p>T\u00fcrkiye\u2019de son d\u00f6nemlerde pe\u015f pe\u015fe pek \u00e7ok olay ya\u015fand\u0131. Bolu\u2019da ya\u015fana yang\u0131n facias\u0131, zamlar derken \u015fimdi de siyasi parti liderleri ve gazeteciler tutuklanmaya ba\u015flad\u0131. Zafer Partisi \u00dcmit \u00d6zda\u011f ve Halk TV Genel Yay\u0131n Y\u00f6netmeni Suat Tekta\u015f tutuklan\u0131rken, Gazeteci Bar\u0131\u015f Pehlivan ve \u0130stanbul B\u00fcy\u00fck\u015fehir Belediye Ba\u015fkan\u0131 Ekrem \u0130mamo\u011flu hakk\u0131nda soru\u015fturma ba\u015flat\u0131ld\u0131.\u00a0Ya\u015fanan bu pe\u015f pe\u015fe geli\u015fmelerin ard\u0131ndan Antalya Emek ve Demokrasi G\u00fc\u00e7leri Antalya\u2019n\u0131n Muratpa\u015fa il\u00e7esine ba\u011fl\u0131 Attallos Meydan\u0131\u2019nda toplanarak bu olaylara tepki g\u00f6sterdi. Grup ad\u0131na konu\u015fmay\u0131 ise Kamu Emek\u00e7ileri Sendikalar\u0131 Konfederasyonu (KESK) Antalya \u015eubeler Platformu D\u00f6nem S\u00f6zc\u00fcs\u00fc \u0130lhan Karakurt yapt\u0131.\u00a0 KAYYUMLAR ARTIK B\u0130R DEVLET POL\u0130T\u0130KASI HAL\u0130NE GELD\u0130\u00a0 2016 y\u0131l\u0131ndan bu yana kayyum atamalar\u0131n\u0131n art\u0131k bir devlet politikas\u0131 haline geldi\u011fini belirten Karakurt, \u201c2016 y\u0131l\u0131ndan bu yana kayyum atamalar\u0131n\u0131n bir devlet politikas\u0131 haline geldi\u011fine tan\u0131k oluyoruz. Bu mesele sadece kayyum atanan parti ve belediye ba\u015fkanlar\u0131n\u0131n sorunu olmaktan \u00e7\u0131km\u0131\u015f bu \u00fclkede ya\u015fayan 85 milyon yurtta\u015f\u0131n meselesi haline gelmi\u015ftir. Dolay\u0131s\u0131yla Kayyum Siirt \u015fahs\u0131nda b\u00fct\u00fcn T\u00fcrkiye&#8217;ye atanm\u0131\u015ft\u0131r. Her bir yurtta\u015f\u0131n se\u00e7me ve se\u00e7ilme hakk\u0131na kar\u015f\u0131 atanm\u0131\u015ft\u0131r. Bu nedenle birlikte olmak, birlikte itiraz etmek, birlikte m\u00fccadeleyi \u00f6rmek gibi tarihi bir sorumlulukla kar\u015f\u0131 kar\u015f\u0131yay\u0131z. Bu sorumlulu\u011fu hisseden bir yerden bug\u00fcn emek ve Demokrasi g\u00fc\u00e7leri olarak buraday\u0131z, birlikteyiz. Kayyum siyasetine, Baro y\u00f6netimine kar\u015f\u0131 uygulanan antidemokratik m\u00fcdahaleye, gezisi davas\u0131 \u00fczerinden yeniden &hellip;<\/p>","protected":false},"author":5,"featured_media":0,"comment_status":"open","ping_status":"open","sticky":false,"template":"","format":"standard","meta":{"_acf_changed":false,"footnotes":""},"categories":[24],"tags":[],"class_list":["post-29118","post","type-post","status-publish","format-standard","has-post-thumbnail","hentry","category-gundem"],"acf":[],"yoast_head":"<!-- This site is optimized with the Yoast SEO Premium plugin v26.6 (Yoast SEO v27.1.1) - https:\/\/yoast.com\/product\/yoast-seo-premium-wordpress\/ -->\n<title>\u0130lhan Karakurt: \u201c\u00d6zg\u00fcr bas\u0131n sadece gazetecilerin de\u011fil halk\u0131n da hakk\u0131\u201d - Av. Deniz Can K\u0131z\u0131l<\/title>\n<meta name=\"robots\" content=\"index, follow, max-snippet:-1, max-image-preview:large, max-video-preview:-1\" \/>\n<link rel=\"canonical\" href=\"https:\/\/denizcankizil.tr\/uk\/haberler\/gundem\/ilhan-karakurt-ozgur-basin-sadece-gazetecilerin-degil-halkin-da-hakki\/\" \/>\n<meta property=\"og:locale\" content=\"uk_UA\" \/>\n<meta property=\"og:type\" content=\"article\" \/>\n<meta property=\"og:title\" content=\"\u0130lhan Karakurt: \u201c\u00d6zg\u00fcr bas\u0131n sadece gazetecilerin de\u011fil halk\u0131n da hakk\u0131\u201d\" \/>\n<meta property=\"og:description\" content=\"T\u00fcrkiye\u2019de son d\u00f6nemlerde pe\u015f pe\u015fe pek \u00e7ok olay ya\u015fand\u0131. Bolu\u2019da ya\u015fana yang\u0131n facias\u0131, zamlar derken \u015fimdi de siyasi parti liderleri ve gazeteciler tutuklanmaya ba\u015flad\u0131. Zafer Partisi \u00dcmit \u00d6zda\u011f ve Halk TV Genel Yay\u0131n Y\u00f6netmeni Suat Tekta\u015f tutuklan\u0131rken, Gazeteci Bar\u0131\u015f Pehlivan ve \u0130stanbul B\u00fcy\u00fck\u015fehir Belediye Ba\u015fkan\u0131 Ekrem \u0130mamo\u011flu hakk\u0131nda soru\u015fturma ba\u015flat\u0131ld\u0131.\u00a0Ya\u015fanan bu pe\u015f pe\u015fe geli\u015fmelerin ard\u0131ndan Antalya Emek ve Demokrasi G\u00fc\u00e7leri Antalya\u2019n\u0131n Muratpa\u015fa il\u00e7esine ba\u011fl\u0131 Attallos Meydan\u0131\u2019nda toplanarak bu olaylara tepki g\u00f6sterdi. Grup ad\u0131na konu\u015fmay\u0131 ise Kamu Emek\u00e7ileri Sendikalar\u0131 Konfederasyonu (KESK) Antalya \u015eubeler Platformu D\u00f6nem S\u00f6zc\u00fcs\u00fc \u0130lhan Karakurt yapt\u0131.\u00a0 KAYYUMLAR ARTIK B\u0130R DEVLET POL\u0130T\u0130KASI HAL\u0130NE GELD\u0130\u00a0 2016 y\u0131l\u0131ndan bu yana kayyum atamalar\u0131n\u0131n art\u0131k bir devlet politikas\u0131 haline geldi\u011fini belirten Karakurt, \u201c2016 y\u0131l\u0131ndan bu yana kayyum atamalar\u0131n\u0131n bir devlet politikas\u0131 haline geldi\u011fine tan\u0131k oluyoruz. Bu mesele sadece kayyum atanan parti ve belediye ba\u015fkanlar\u0131n\u0131n sorunu olmaktan \u00e7\u0131km\u0131\u015f bu \u00fclkede ya\u015fayan 85 milyon yurtta\u015f\u0131n meselesi haline gelmi\u015ftir. Dolay\u0131s\u0131yla Kayyum Siirt \u015fahs\u0131nda b\u00fct\u00fcn T\u00fcrkiye&#8217;ye atanm\u0131\u015ft\u0131r. Her bir yurtta\u015f\u0131n se\u00e7me ve se\u00e7ilme hakk\u0131na kar\u015f\u0131 atanm\u0131\u015ft\u0131r. Bu nedenle birlikte olmak, birlikte itiraz etmek, birlikte m\u00fccadeleyi \u00f6rmek gibi tarihi bir sorumlulukla kar\u015f\u0131 kar\u015f\u0131yay\u0131z. Bu sorumlulu\u011fu hisseden bir yerden bug\u00fcn emek ve Demokrasi g\u00fc\u00e7leri olarak buraday\u0131z, birlikteyiz. Kayyum siyasetine, Baro y\u00f6netimine kar\u015f\u0131 uygulanan antidemokratik m\u00fcdahaleye, gezisi davas\u0131 \u00fczerinden yeniden &hellip;\" \/>\n<meta property=\"og:url\" content=\"https:\/\/denizcankizil.tr\/uk\/haberler\/gundem\/ilhan-karakurt-ozgur-basin-sadece-gazetecilerin-degil-halkin-da-hakki\/\" \/>\n<meta property=\"og:site_name\" content=\"Av. Deniz Can K\u0131z\u0131l\" \/>\n<meta property=\"article:published_time\" content=\"2025-01-31T17:41:30+00:00\" \/>\n<meta name=\"author\" content=\"Antalya K\u00f6rfez\" \/>\n<meta name=\"twitter:card\" content=\"summary_large_image\" \/>\n<meta name=\"twitter:label1\" content=\"\u041d\u0430\u043f\u0438\u0441\u0430\u043d\u043e\" \/>\n\t<meta name=\"twitter:data1\" content=\"Antalya K\u00f6rfez\" \/>\n\t<meta name=\"twitter:label2\" content=\"\u041f\u0440\u0438\u0431\u043b. \u0447\u0430\u0441 \u0447\u0438\u0442\u0430\u043d\u043d\u044f\" \/>\n\t<meta name=\"twitter:data2\" content=\"5 \u0445\u0432\u0438\u043b\u0438\u043d\" \/>\n<script type=\"application\/ld+json\" class=\"yoast-schema-graph\">{\"@context\":\"https:\/\/schema.org\",\"@graph\":[{\"@type\":\"Article\",\"@id\":\"https:\/\/denizcankizil.tr\/uk\/haberler\/gundem\/ilhan-karakurt-ozgur-basin-sadece-gazetecilerin-degil-halkin-da-hakki\/#article\",\"isPartOf\":{\"@id\":\"https:\/\/denizcankizil.tr\/uk\/haberler\/gundem\/ilhan-karakurt-ozgur-basin-sadece-gazetecilerin-degil-halkin-da-hakki\/\"},\"author\":{\"name\":\"Antalya K\u00f6rfez\",\"@id\":\"https:\/\/denizcankizil.tr\/#\/schema\/person\/e1eb71bb4dd684d46563f0af307e1234\"},\"headline\":\"\u0130lhan Karakurt: \u201c\u00d6zg\u00fcr bas\u0131n sadece gazetecilerin de\u011fil halk\u0131n da hakk\u0131\u201d\",\"datePublished\":\"2025-01-31T17:41:30+00:00\",\"mainEntityOfPage\":{\"@id\":\"https:\/\/denizcankizil.tr\/uk\/haberler\/gundem\/ilhan-karakurt-ozgur-basin-sadece-gazetecilerin-degil-halkin-da-hakki\/\"},\"wordCount\":972,\"commentCount\":0,\"publisher\":{\"@id\":\"https:\/\/denizcankizil.tr\/#organization\"},\"articleSection\":[\"G\u00fcndem\"],\"inLanguage\":\"uk\",\"potentialAction\":[{\"@type\":\"CommentAction\",\"name\":\"Comment\",\"target\":[\"https:\/\/denizcankizil.tr\/uk\/haberler\/gundem\/ilhan-karakurt-ozgur-basin-sadece-gazetecilerin-degil-halkin-da-hakki\/#respond\"]}]},{\"@type\":\"WebPage\",\"@id\":\"https:\/\/denizcankizil.tr\/uk\/haberler\/gundem\/ilhan-karakurt-ozgur-basin-sadece-gazetecilerin-degil-halkin-da-hakki\/\",\"url\":\"https:\/\/denizcankizil.tr\/uk\/haberler\/gundem\/ilhan-karakurt-ozgur-basin-sadece-gazetecilerin-degil-halkin-da-hakki\/\",\"name\":\"\u0130lhan Karakurt: \u201c\u00d6zg\u00fcr bas\u0131n sadece gazetecilerin de\u011fil halk\u0131n da hakk\u0131\u201d - Av. Deniz Can K\u0131z\u0131l\",\"isPartOf\":{\"@id\":\"https:\/\/denizcankizil.tr\/#website\"},\"datePublished\":\"2025-01-31T17:41:30+00:00\",\"breadcrumb\":{\"@id\":\"https:\/\/denizcankizil.tr\/uk\/haberler\/gundem\/ilhan-karakurt-ozgur-basin-sadece-gazetecilerin-degil-halkin-da-hakki\/#breadcrumb\"},\"inLanguage\":\"uk\",\"potentialAction\":[{\"@type\":\"ReadAction\",\"target\":[\"https:\/\/denizcankizil.tr\/uk\/haberler\/gundem\/ilhan-karakurt-ozgur-basin-sadece-gazetecilerin-degil-halkin-da-hakki\/\"]}]},{\"@type\":\"BreadcrumbList\",\"@id\":\"https:\/\/denizcankizil.tr\/uk\/haberler\/gundem\/ilhan-karakurt-ozgur-basin-sadece-gazetecilerin-degil-halkin-da-hakki\/#breadcrumb\",\"itemListElement\":[{\"@type\":\"ListItem\",\"position\":1,\"name\":\"Home\",\"item\":\"https:\/\/denizcankizil.tr\/uk\/\"},{\"@type\":\"ListItem\",\"position\":2,\"name\":\"\u0130lhan Karakurt: \u201c\u00d6zg\u00fcr bas\u0131n sadece gazetecilerin de\u011fil halk\u0131n da hakk\u0131\u201d\"}]},{\"@type\":\"WebSite\",\"@id\":\"https:\/\/denizcankizil.tr\/#website\",\"url\":\"https:\/\/denizcankizil.tr\/\",\"name\":\"Av. Deniz Can K\u0131z\u0131l\",\"description\":\"Avukat Deniz Can K\u0131z\u0131l Antalya Barosu\",\"publisher\":{\"@id\":\"https:\/\/denizcankizil.tr\/#organization\"},\"potentialAction\":[{\"@type\":\"SearchAction\",\"target\":{\"@type\":\"EntryPoint\",\"urlTemplate\":\"https:\/\/denizcankizil.tr\/?s={search_term_string}\"},\"query-input\":{\"@type\":\"PropertyValueSpecification\",\"valueRequired\":true,\"valueName\":\"search_term_string\"}}],\"inLanguage\":\"uk\"},{\"@type\":\"Organization\",\"@id\":\"https:\/\/denizcankizil.tr\/#organization\",\"name\":\"Av. Deniz Can K\u0131z\u0131l\",\"url\":\"https:\/\/denizcankizil.tr\/\",\"logo\":{\"@type\":\"ImageObject\",\"inLanguage\":\"uk\",\"@id\":\"https:\/\/denizcankizil.tr\/#\/schema\/logo\/image\/\",\"url\":\"https:\/\/denizcankizil.tr\/wp-content\/uploads\/2024\/10\/siyah-logo-svg.svg\",\"contentUrl\":\"https:\/\/denizcankizil.tr\/wp-content\/uploads\/2024\/10\/siyah-logo-svg.svg\",\"width\":1080,\"height\":1080,\"caption\":\"Av. Deniz Can K\u0131z\u0131l\"},\"image\":{\"@id\":\"https:\/\/denizcankizil.tr\/#\/schema\/logo\/image\/\"}},{\"@type\":\"Person\",\"@id\":\"https:\/\/denizcankizil.tr\/#\/schema\/person\/e1eb71bb4dd684d46563f0af307e1234\",\"name\":\"Antalya K\u00f6rfez\",\"image\":{\"@type\":\"ImageObject\",\"inLanguage\":\"uk\",\"@id\":\"https:\/\/denizcankizil.tr\/#\/schema\/person\/image\/\",\"url\":\"https:\/\/secure.gravatar.com\/avatar\/42b01982558a48a0b501fdcab6a408d3717ea5919095ee2e67b0e521799c5905?s=96&d=mm&r=g\",\"contentUrl\":\"https:\/\/secure.gravatar.com\/avatar\/42b01982558a48a0b501fdcab6a408d3717ea5919095ee2e67b0e521799c5905?s=96&d=mm&r=g\",\"caption\":\"Antalya K\u00f6rfez\"},\"sameAs\":[\"http:\/\/www.antalyakorfez.com\"],\"url\":\"https:\/\/www.antalyakorfez.com\/ilhan-karakurt-ozgur-basin-sadece-gazetecilerin-degil-halkin-da-hakki\"}]}<\/script>\n<!-- \/ Yoast SEO Premium plugin. -->","yoast_head_json":{"title":"\u0130lhan Karakurt: \u201c\u00d6zg\u00fcr bas\u0131n sadece gazetecilerin de\u011fil halk\u0131n da hakk\u0131\u201d - Av. Deniz Can K\u0131z\u0131l","robots":{"index":"index","follow":"follow","max-snippet":"max-snippet:-1","max-image-preview":"max-image-preview:large","max-video-preview":"max-video-preview:-1"},"canonical":"https:\/\/denizcankizil.tr\/uk\/haberler\/gundem\/ilhan-karakurt-ozgur-basin-sadece-gazetecilerin-degil-halkin-da-hakki\/","og_locale":"uk_UA","og_type":"article","og_title":"\u0130lhan Karakurt: \u201c\u00d6zg\u00fcr bas\u0131n sadece gazetecilerin de\u011fil halk\u0131n da hakk\u0131\u201d","og_description":"T\u00fcrkiye\u2019de son d\u00f6nemlerde pe\u015f pe\u015fe pek \u00e7ok olay ya\u015fand\u0131. Bolu\u2019da ya\u015fana yang\u0131n facias\u0131, zamlar derken \u015fimdi de siyasi parti liderleri ve gazeteciler tutuklanmaya ba\u015flad\u0131. Zafer Partisi \u00dcmit \u00d6zda\u011f ve Halk TV Genel Yay\u0131n Y\u00f6netmeni Suat Tekta\u015f tutuklan\u0131rken, Gazeteci Bar\u0131\u015f Pehlivan ve \u0130stanbul B\u00fcy\u00fck\u015fehir Belediye Ba\u015fkan\u0131 Ekrem \u0130mamo\u011flu hakk\u0131nda soru\u015fturma ba\u015flat\u0131ld\u0131.\u00a0Ya\u015fanan bu pe\u015f pe\u015fe geli\u015fmelerin ard\u0131ndan Antalya Emek ve Demokrasi G\u00fc\u00e7leri Antalya\u2019n\u0131n Muratpa\u015fa il\u00e7esine ba\u011fl\u0131 Attallos Meydan\u0131\u2019nda toplanarak bu olaylara tepki g\u00f6sterdi. Grup ad\u0131na konu\u015fmay\u0131 ise Kamu Emek\u00e7ileri Sendikalar\u0131 Konfederasyonu (KESK) Antalya \u015eubeler Platformu D\u00f6nem S\u00f6zc\u00fcs\u00fc \u0130lhan Karakurt yapt\u0131.\u00a0 KAYYUMLAR ARTIK B\u0130R DEVLET POL\u0130T\u0130KASI HAL\u0130NE GELD\u0130\u00a0 2016 y\u0131l\u0131ndan bu yana kayyum atamalar\u0131n\u0131n art\u0131k bir devlet politikas\u0131 haline geldi\u011fini belirten Karakurt, \u201c2016 y\u0131l\u0131ndan bu yana kayyum atamalar\u0131n\u0131n bir devlet politikas\u0131 haline geldi\u011fine tan\u0131k oluyoruz. Bu mesele sadece kayyum atanan parti ve belediye ba\u015fkanlar\u0131n\u0131n sorunu olmaktan \u00e7\u0131km\u0131\u015f bu \u00fclkede ya\u015fayan 85 milyon yurtta\u015f\u0131n meselesi haline gelmi\u015ftir. Dolay\u0131s\u0131yla Kayyum Siirt \u015fahs\u0131nda b\u00fct\u00fcn T\u00fcrkiye&#8217;ye atanm\u0131\u015ft\u0131r. Her bir yurtta\u015f\u0131n se\u00e7me ve se\u00e7ilme hakk\u0131na kar\u015f\u0131 atanm\u0131\u015ft\u0131r. Bu nedenle birlikte olmak, birlikte itiraz etmek, birlikte m\u00fccadeleyi \u00f6rmek gibi tarihi bir sorumlulukla kar\u015f\u0131 kar\u015f\u0131yay\u0131z. Bu sorumlulu\u011fu hisseden bir yerden bug\u00fcn emek ve Demokrasi g\u00fc\u00e7leri olarak buraday\u0131z, birlikteyiz. Kayyum siyasetine, Baro y\u00f6netimine kar\u015f\u0131 uygulanan antidemokratik m\u00fcdahaleye, gezisi davas\u0131 \u00fczerinden yeniden &hellip;","og_url":"https:\/\/denizcankizil.tr\/uk\/haberler\/gundem\/ilhan-karakurt-ozgur-basin-sadece-gazetecilerin-degil-halkin-da-hakki\/","og_site_name":"Av. Deniz Can K\u0131z\u0131l","article_published_time":"2025-01-31T17:41:30+00:00","author":"Antalya K\u00f6rfez","twitter_card":"summary_large_image","twitter_misc":{"\u041d\u0430\u043f\u0438\u0441\u0430\u043d\u043e":"Antalya K\u00f6rfez","\u041f\u0440\u0438\u0431\u043b. \u0447\u0430\u0441 \u0447\u0438\u0442\u0430\u043d\u043d\u044f":"5 \u0445\u0432\u0438\u043b\u0438\u043d"},"schema":{"@context":"https:\/\/schema.org","@graph":[{"@type":"Article","@id":"https:\/\/denizcankizil.tr\/uk\/haberler\/gundem\/ilhan-karakurt-ozgur-basin-sadece-gazetecilerin-degil-halkin-da-hakki\/#article","isPartOf":{"@id":"https:\/\/denizcankizil.tr\/uk\/haberler\/gundem\/ilhan-karakurt-ozgur-basin-sadece-gazetecilerin-degil-halkin-da-hakki\/"},"author":{"name":"Antalya K\u00f6rfez","@id":"https:\/\/denizcankizil.tr\/#\/schema\/person\/e1eb71bb4dd684d46563f0af307e1234"},"headline":"\u0130lhan Karakurt: \u201c\u00d6zg\u00fcr bas\u0131n sadece gazetecilerin de\u011fil halk\u0131n da hakk\u0131\u201d","datePublished":"2025-01-31T17:41:30+00:00","mainEntityOfPage":{"@id":"https:\/\/denizcankizil.tr\/uk\/haberler\/gundem\/ilhan-karakurt-ozgur-basin-sadece-gazetecilerin-degil-halkin-da-hakki\/"},"wordCount":972,"commentCount":0,"publisher":{"@id":"https:\/\/denizcankizil.tr\/#organization"},"articleSection":["G\u00fcndem"],"inLanguage":"uk","potentialAction":[{"@type":"CommentAction","name":"Comment","target":["https:\/\/denizcankizil.tr\/uk\/haberler\/gundem\/ilhan-karakurt-ozgur-basin-sadece-gazetecilerin-degil-halkin-da-hakki\/#respond"]}]},{"@type":"WebPage","@id":"https:\/\/denizcankizil.tr\/uk\/haberler\/gundem\/ilhan-karakurt-ozgur-basin-sadece-gazetecilerin-degil-halkin-da-hakki\/","url":"https:\/\/denizcankizil.tr\/uk\/haberler\/gundem\/ilhan-karakurt-ozgur-basin-sadece-gazetecilerin-degil-halkin-da-hakki\/","name":"\u0130lhan Karakurt: \u201c\u00d6zg\u00fcr bas\u0131n sadece gazetecilerin de\u011fil halk\u0131n da hakk\u0131\u201d - Av. Deniz Can K\u0131z\u0131l","isPartOf":{"@id":"https:\/\/denizcankizil.tr\/#website"},"datePublished":"2025-01-31T17:41:30+00:00","breadcrumb":{"@id":"https:\/\/denizcankizil.tr\/uk\/haberler\/gundem\/ilhan-karakurt-ozgur-basin-sadece-gazetecilerin-degil-halkin-da-hakki\/#breadcrumb"},"inLanguage":"uk","potentialAction":[{"@type":"ReadAction","target":["https:\/\/denizcankizil.tr\/uk\/haberler\/gundem\/ilhan-karakurt-ozgur-basin-sadece-gazetecilerin-degil-halkin-da-hakki\/"]}]},{"@type":"BreadcrumbList","@id":"https:\/\/denizcankizil.tr\/uk\/haberler\/gundem\/ilhan-karakurt-ozgur-basin-sadece-gazetecilerin-degil-halkin-da-hakki\/#breadcrumb","itemListElement":[{"@type":"ListItem","position":1,"name":"Home","item":"https:\/\/denizcankizil.tr\/uk\/"},{"@type":"ListItem","position":2,"name":"\u0130lhan Karakurt: \u201c\u00d6zg\u00fcr bas\u0131n sadece gazetecilerin de\u011fil halk\u0131n da hakk\u0131\u201d"}]},{"@type":"WebSite","@id":"https:\/\/denizcankizil.tr\/#website","url":"https:\/\/denizcankizil.tr\/","name":"Av. Deniz Can K\u0131z\u0131l","description":"Avukat Deniz Can K\u0131z\u0131l Antalya Barosu","publisher":{"@id":"https:\/\/denizcankizil.tr\/#organization"},"potentialAction":[{"@type":"SearchAction","target":{"@type":"EntryPoint","urlTemplate":"https:\/\/denizcankizil.tr\/?s={search_term_string}"},"query-input":{"@type":"PropertyValueSpecification","valueRequired":true,"valueName":"search_term_string"}}],"inLanguage":"uk"},{"@type":"Organization","@id":"https:\/\/denizcankizil.tr\/#organization","name":"Av. Deniz Can K\u0131z\u0131l","url":"https:\/\/denizcankizil.tr\/","logo":{"@type":"ImageObject","inLanguage":"uk","@id":"https:\/\/denizcankizil.tr\/#\/schema\/logo\/image\/","url":"https:\/\/denizcankizil.tr\/wp-content\/uploads\/2024\/10\/siyah-logo-svg.svg","contentUrl":"https:\/\/denizcankizil.tr\/wp-content\/uploads\/2024\/10\/siyah-logo-svg.svg","width":1080,"height":1080,"caption":"Av. Deniz Can K\u0131z\u0131l"},"image":{"@id":"https:\/\/denizcankizil.tr\/#\/schema\/logo\/image\/"}},{"@type":"Person","@id":"https:\/\/denizcankizil.tr\/#\/schema\/person\/e1eb71bb4dd684d46563f0af307e1234","name":"Antalya K\u00f6rfez","image":{"@type":"ImageObject","inLanguage":"uk","@id":"https:\/\/denizcankizil.tr\/#\/schema\/person\/image\/","url":"https:\/\/secure.gravatar.com\/avatar\/42b01982558a48a0b501fdcab6a408d3717ea5919095ee2e67b0e521799c5905?s=96&d=mm&r=g","contentUrl":"https:\/\/secure.gravatar.com\/avatar\/42b01982558a48a0b501fdcab6a408d3717ea5919095ee2e67b0e521799c5905?s=96&d=mm&r=g","caption":"Antalya K\u00f6rfez"},"sameAs":["http:\/\/www.antalyakorfez.com"],"url":"https:\/\/www.antalyakorfez.com\/ilhan-karakurt-ozgur-basin-sadece-gazetecilerin-degil-halkin-da-hakki"}]}},"_links":{"self":[{"href":"https:\/\/denizcankizil.tr\/uk\/wp-json\/wp\/v2\/posts\/29118","targetHints":{"allow":["GET"]}}],"collection":[{"href":"https:\/\/denizcankizil.tr\/uk\/wp-json\/wp\/v2\/posts"}],"about":[{"href":"https:\/\/denizcankizil.tr\/uk\/wp-json\/wp\/v2\/types\/post"}],"author":[{"embeddable":true,"href":"https:\/\/denizcankizil.tr\/uk\/wp-json\/wp\/v2\/users\/5"}],"replies":[{"embeddable":true,"href":"https:\/\/denizcankizil.tr\/uk\/wp-json\/wp\/v2\/comments?post=29118"}],"version-history":[{"count":0,"href":"https:\/\/denizcankizil.tr\/uk\/wp-json\/wp\/v2\/posts\/29118\/revisions"}],"wp:attachment":[{"href":"https:\/\/denizcankizil.tr\/uk\/wp-json\/wp\/v2\/media?parent=29118"}],"wp:term":[{"taxonomy":"category","embeddable":true,"href":"https:\/\/denizcankizil.tr\/uk\/wp-json\/wp\/v2\/categories?post=29118"},{"taxonomy":"post_tag","embeddable":true,"href":"https:\/\/denizcankizil.tr\/uk\/wp-json\/wp\/v2\/tags?post=29118"}],"curies":[{"name":"wp","href":"https:\/\/api.w.org\/{rel}","templated":true}]}}