{"id":29098,"date":"2025-01-31T17:41:46","date_gmt":"2025-01-31T14:41:46","guid":{"rendered":"https:\/\/denizcankizil.tr\/uncategorized-tr\/muhtar-genek-biz-istedik-baskan-aras-cozdu\/"},"modified":"2025-01-31T17:41:46","modified_gmt":"2025-01-31T14:41:46","slug":"muhtar-genek-biz-istedik-baskan-aras-cozdu","status":"publish","type":"post","link":"https:\/\/denizcankizil.tr\/uk\/haberler\/gundem\/muhtar-genek-biz-istedik-baskan-aras-cozdu\/","title":{"rendered":"Muhtar Genek, \u201cBiz \u0130stedik Ba\u015fkan Aras \u00c7\u00f6zd\u00fc\u201d"},"content":{"rendered":"<p>Mu\u011fla B\u00fcy\u00fck\u015fehir Belediyesi, Yata\u011fan\u2019\u0131n Hac\u0131bayramlar Mahallesi\u2019nde ya\u011f\u0131\u015flar sonras\u0131 \u00e7\u00f6kmeler ya\u015fanan k\u00f6pr\u00fcde vatanda\u015flar\u0131n talebi \u00fczerine bak\u0131m onar\u0131m \u00e7al\u0131\u015fmalar\u0131n\u0131 h\u0131zla hayata ge\u00e7irerek g\u00fcvenli ula\u015f\u0131m\u0131 sa\u011flad\u0131.\u00a0<\/p>\n<p>\u200bMu\u011fla B\u00fcy\u00fck\u015fehir Belediyesi, Yata\u011fan\u2019\u0131n Hac\u0131bayramlar Mahallesi\u2019nde ya\u011f\u0131\u015flar sonras\u0131 \u00e7\u00f6kmeler ya\u015fanan k\u00f6pr\u00fcde vatanda\u015flar\u0131n talebi \u00fczerine bak\u0131m onar\u0131m \u00e7al\u0131\u015fmalar\u0131n\u0131 h\u0131zla hayata ge\u00e7irerek g\u00fcvenli ula\u015f\u0131m\u0131 sa\u011flad\u0131.\u00a0\u00a0<\/p>\n<p>\u200bHaberin Al\u0131nt\u0131land\u0131\u011f\u0131 Kaynak: www.iskenderun.org<\/p>","protected":false},"excerpt":{"rendered":"<p>Mu\u011fla B\u00fcy\u00fck\u015fehir Belediyesi, Yata\u011fan\u2019\u0131n Hac\u0131bayramlar Mahallesi\u2019nde ya\u011f\u0131\u015flar sonras\u0131 \u00e7\u00f6kmeler ya\u015fanan k\u00f6pr\u00fcde vatanda\u015flar\u0131n talebi \u00fczerine bak\u0131m onar\u0131m \u00e7al\u0131\u015fmalar\u0131n\u0131 h\u0131zla hayata ge\u00e7irerek g\u00fcvenli ula\u015f\u0131m\u0131 sa\u011flad\u0131.\u00a0 \u200bMu\u011fla B\u00fcy\u00fck\u015fehir Belediyesi, Yata\u011fan\u2019\u0131n Hac\u0131bayramlar Mahallesi\u2019nde ya\u011f\u0131\u015flar sonras\u0131 \u00e7\u00f6kmeler ya\u015fanan k\u00f6pr\u00fcde vatanda\u015flar\u0131n talebi \u00fczerine bak\u0131m onar\u0131m \u00e7al\u0131\u015fmalar\u0131n\u0131 h\u0131zla hayata ge\u00e7irerek g\u00fcvenli ula\u015f\u0131m\u0131 sa\u011flad\u0131.\u00a0\u00a0 \u200bHaberin Al\u0131nt\u0131land\u0131\u011f\u0131 Kaynak: www.iskenderun.org<\/p>","protected":false},"author":1,"featured_media":0,"comment_status":"open","ping_status":"open","sticky":false,"template":"","format":"standard","meta":{"_acf_changed":false,"footnotes":""},"categories":[24],"tags":[],"class_list":["post-29098","post","type-post","status-publish","format-standard","has-post-thumbnail","hentry","category-gundem"],"acf":[],"yoast_head":"<!-- This site is optimized with the Yoast SEO Premium plugin v26.6 (Yoast SEO v27.1.1) - https:\/\/yoast.com\/product\/yoast-seo-premium-wordpress\/ -->\n<title>Muhtar Genek, \u201cBiz \u0130stedik Ba\u015fkan Aras \u00c7\u00f6zd\u00fc\u201d - Av. Deniz Can K\u0131z\u0131l<\/title>\n<meta name=\"robots\" content=\"index, follow, max-snippet:-1, max-image-preview:large, max-video-preview:-1\" \/>\n<link rel=\"canonical\" href=\"https:\/\/denizcankizil.tr\/uk\/haberler\/gundem\/muhtar-genek-biz-istedik-baskan-aras-cozdu\/\" \/>\n<meta property=\"og:locale\" content=\"uk_UA\" \/>\n<meta property=\"og:type\" content=\"article\" \/>\n<meta property=\"og:title\" content=\"Muhtar Genek, \u201cBiz \u0130stedik Ba\u015fkan Aras \u00c7\u00f6zd\u00fc\u201d\" \/>\n<meta property=\"og:description\" content=\"Mu\u011fla B\u00fcy\u00fck\u015fehir Belediyesi, Yata\u011fan\u2019\u0131n Hac\u0131bayramlar Mahallesi\u2019nde ya\u011f\u0131\u015flar sonras\u0131 \u00e7\u00f6kmeler ya\u015fanan k\u00f6pr\u00fcde vatanda\u015flar\u0131n talebi \u00fczerine bak\u0131m onar\u0131m \u00e7al\u0131\u015fmalar\u0131n\u0131 h\u0131zla hayata ge\u00e7irerek g\u00fcvenli ula\u015f\u0131m\u0131 sa\u011flad\u0131.\u00a0 \u200bMu\u011fla B\u00fcy\u00fck\u015fehir Belediyesi, Yata\u011fan\u2019\u0131n Hac\u0131bayramlar Mahallesi\u2019nde ya\u011f\u0131\u015flar sonras\u0131 \u00e7\u00f6kmeler ya\u015fanan k\u00f6pr\u00fcde vatanda\u015flar\u0131n talebi \u00fczerine bak\u0131m onar\u0131m \u00e7al\u0131\u015fmalar\u0131n\u0131 h\u0131zla hayata ge\u00e7irerek g\u00fcvenli ula\u015f\u0131m\u0131 sa\u011flad\u0131.\u00a0\u00a0 \u200bHaberin Al\u0131nt\u0131land\u0131\u011f\u0131 Kaynak: www.iskenderun.org\" \/>\n<meta property=\"og:url\" content=\"https:\/\/denizcankizil.tr\/uk\/haberler\/gundem\/muhtar-genek-biz-istedik-baskan-aras-cozdu\/\" \/>\n<meta property=\"og:site_name\" content=\"Av. Deniz Can K\u0131z\u0131l\" \/>\n<meta property=\"article:published_time\" content=\"2025-01-31T14:41:46+00:00\" \/>\n<meta name=\"author\" content=\"admin\" \/>\n<meta name=\"twitter:card\" content=\"summary_large_image\" \/>\n<meta name=\"twitter:label1\" content=\"\u041d\u0430\u043f\u0438\u0441\u0430\u043d\u043e\" \/>\n\t<meta name=\"twitter:data1\" content=\"admin\" \/>\n\t<meta name=\"twitter:label2\" content=\"\u041f\u0440\u0438\u0431\u043b. \u0447\u0430\u0441 \u0447\u0438\u0442\u0430\u043d\u043d\u044f\" \/>\n\t<meta name=\"twitter:data2\" content=\"1 \u0445\u0432\u0438\u043b\u0438\u043d\u0430\" \/>\n<script type=\"application\/ld+json\" class=\"yoast-schema-graph\">{\"@context\":\"https:\/\/schema.org\",\"@graph\":[{\"@type\":\"Article\",\"@id\":\"https:\/\/denizcankizil.tr\/uk\/haberler\/gundem\/muhtar-genek-biz-istedik-baskan-aras-cozdu\/#article\",\"isPartOf\":{\"@id\":\"https:\/\/denizcankizil.tr\/uk\/haberler\/gundem\/muhtar-genek-biz-istedik-baskan-aras-cozdu\/\"},\"author\":{\"name\":\"admin\",\"@id\":\"https:\/\/denizcankizil.tr\/de\/#\/schema\/person\/be3c05fe6a12686905512445d8185489\"},\"headline\":\"Muhtar Genek, \u201cBiz \u0130stedik Ba\u015fkan Aras \u00c7\u00f6zd\u00fc\u201d\",\"datePublished\":\"2025-01-31T14:41:46+00:00\",\"mainEntityOfPage\":{\"@id\":\"https:\/\/denizcankizil.tr\/uk\/haberler\/gundem\/muhtar-genek-biz-istedik-baskan-aras-cozdu\/\"},\"wordCount\":108,\"commentCount\":0,\"publisher\":{\"@id\":\"https:\/\/denizcankizil.tr\/de\/#organization\"},\"articleSection\":[\"G\u00fcndem\"],\"inLanguage\":\"uk\",\"potentialAction\":[{\"@type\":\"CommentAction\",\"name\":\"Comment\",\"target\":[\"https:\/\/denizcankizil.tr\/uk\/haberler\/gundem\/muhtar-genek-biz-istedik-baskan-aras-cozdu\/#respond\"]}]},{\"@type\":\"WebPage\",\"@id\":\"https:\/\/denizcankizil.tr\/uk\/haberler\/gundem\/muhtar-genek-biz-istedik-baskan-aras-cozdu\/\",\"url\":\"https:\/\/denizcankizil.tr\/uk\/haberler\/gundem\/muhtar-genek-biz-istedik-baskan-aras-cozdu\/\",\"name\":\"Muhtar Genek, \u201cBiz \u0130stedik Ba\u015fkan Aras \u00c7\u00f6zd\u00fc\u201d - Av. Deniz Can K\u0131z\u0131l\",\"isPartOf\":{\"@id\":\"https:\/\/denizcankizil.tr\/de\/#website\"},\"datePublished\":\"2025-01-31T14:41:46+00:00\",\"breadcrumb\":{\"@id\":\"https:\/\/denizcankizil.tr\/uk\/haberler\/gundem\/muhtar-genek-biz-istedik-baskan-aras-cozdu\/#breadcrumb\"},\"inLanguage\":\"uk\",\"potentialAction\":[{\"@type\":\"ReadAction\",\"target\":[\"https:\/\/denizcankizil.tr\/uk\/haberler\/gundem\/muhtar-genek-biz-istedik-baskan-aras-cozdu\/\"]}]},{\"@type\":\"BreadcrumbList\",\"@id\":\"https:\/\/denizcankizil.tr\/uk\/haberler\/gundem\/muhtar-genek-biz-istedik-baskan-aras-cozdu\/#breadcrumb\",\"itemListElement\":[{\"@type\":\"ListItem\",\"position\":1,\"name\":\"Home\",\"item\":\"https:\/\/denizcankizil.tr\/de\/\"},{\"@type\":\"ListItem\",\"position\":2,\"name\":\"Muhtar Genek, \u201cBiz \u0130stedik Ba\u015fkan Aras \u00c7\u00f6zd\u00fc\u201d\"}]},{\"@type\":\"WebSite\",\"@id\":\"https:\/\/denizcankizil.tr\/de\/#website\",\"url\":\"https:\/\/denizcankizil.tr\/de\/\",\"name\":\"Av. Deniz Can K\u0131z\u0131l\",\"description\":\"Avukat Deniz Can K\u0131z\u0131l Antalya Barosu\",\"publisher\":{\"@id\":\"https:\/\/denizcankizil.tr\/de\/#organization\"},\"potentialAction\":[{\"@type\":\"SearchAction\",\"target\":{\"@type\":\"EntryPoint\",\"urlTemplate\":\"https:\/\/denizcankizil.tr\/de\/?s={search_term_string}\"},\"query-input\":{\"@type\":\"PropertyValueSpecification\",\"valueRequired\":true,\"valueName\":\"search_term_string\"}}],\"inLanguage\":\"uk\"},{\"@type\":\"Organization\",\"@id\":\"https:\/\/denizcankizil.tr\/de\/#organization\",\"name\":\"Av. Deniz Can K\u0131z\u0131l\",\"url\":\"https:\/\/denizcankizil.tr\/de\/\",\"logo\":{\"@type\":\"ImageObject\",\"inLanguage\":\"uk\",\"@id\":\"https:\/\/denizcankizil.tr\/de\/#\/schema\/logo\/image\/\",\"url\":\"https:\/\/denizcankizil.tr\/wp-content\/uploads\/2024\/10\/siyah-logo-svg.svg\",\"contentUrl\":\"https:\/\/denizcankizil.tr\/wp-content\/uploads\/2024\/10\/siyah-logo-svg.svg\",\"width\":1080,\"height\":1080,\"caption\":\"Av. Deniz Can K\u0131z\u0131l\"},\"image\":{\"@id\":\"https:\/\/denizcankizil.tr\/de\/#\/schema\/logo\/image\/\"}},{\"@type\":\"Person\",\"@id\":\"https:\/\/denizcankizil.tr\/de\/#\/schema\/person\/be3c05fe6a12686905512445d8185489\",\"name\":\"admin\",\"image\":{\"@type\":\"ImageObject\",\"inLanguage\":\"uk\",\"@id\":\"https:\/\/denizcankizil.tr\/de\/#\/schema\/person\/image\/\",\"url\":\"https:\/\/secure.gravatar.com\/avatar\/c1fce94c830dc79107e174f890d7210541c4a63e8e5d816341794a2151c9d58c?s=96&d=mm&r=g\",\"contentUrl\":\"https:\/\/secure.gravatar.com\/avatar\/c1fce94c830dc79107e174f890d7210541c4a63e8e5d816341794a2151c9d58c?s=96&d=mm&r=g\",\"caption\":\"admin\"},\"sameAs\":[\"http:\/\/denizcankizil.tr\"],\"url\":\"https:\/\/www.iskenderun.org\/muhtar-genek-biz-istedik-baskan-aras-cozdu\"}]}<\/script>\n<!-- \/ Yoast SEO Premium plugin. -->","yoast_head_json":{"title":"Muhtar Genek, \u201cBiz \u0130stedik Ba\u015fkan Aras \u00c7\u00f6zd\u00fc\u201d - Av. Deniz Can K\u0131z\u0131l","robots":{"index":"index","follow":"follow","max-snippet":"max-snippet:-1","max-image-preview":"max-image-preview:large","max-video-preview":"max-video-preview:-1"},"canonical":"https:\/\/denizcankizil.tr\/uk\/haberler\/gundem\/muhtar-genek-biz-istedik-baskan-aras-cozdu\/","og_locale":"uk_UA","og_type":"article","og_title":"Muhtar Genek, \u201cBiz \u0130stedik Ba\u015fkan Aras \u00c7\u00f6zd\u00fc\u201d","og_description":"Mu\u011fla B\u00fcy\u00fck\u015fehir Belediyesi, Yata\u011fan\u2019\u0131n Hac\u0131bayramlar Mahallesi\u2019nde ya\u011f\u0131\u015flar sonras\u0131 \u00e7\u00f6kmeler ya\u015fanan k\u00f6pr\u00fcde vatanda\u015flar\u0131n talebi \u00fczerine bak\u0131m onar\u0131m \u00e7al\u0131\u015fmalar\u0131n\u0131 h\u0131zla hayata ge\u00e7irerek g\u00fcvenli ula\u015f\u0131m\u0131 sa\u011flad\u0131.\u00a0 \u200bMu\u011fla B\u00fcy\u00fck\u015fehir Belediyesi, Yata\u011fan\u2019\u0131n Hac\u0131bayramlar Mahallesi\u2019nde ya\u011f\u0131\u015flar sonras\u0131 \u00e7\u00f6kmeler ya\u015fanan k\u00f6pr\u00fcde vatanda\u015flar\u0131n talebi \u00fczerine bak\u0131m onar\u0131m \u00e7al\u0131\u015fmalar\u0131n\u0131 h\u0131zla hayata ge\u00e7irerek g\u00fcvenli ula\u015f\u0131m\u0131 sa\u011flad\u0131.\u00a0\u00a0 \u200bHaberin Al\u0131nt\u0131land\u0131\u011f\u0131 Kaynak: www.iskenderun.org","og_url":"https:\/\/denizcankizil.tr\/uk\/haberler\/gundem\/muhtar-genek-biz-istedik-baskan-aras-cozdu\/","og_site_name":"Av. Deniz Can K\u0131z\u0131l","article_published_time":"2025-01-31T14:41:46+00:00","author":"admin","twitter_card":"summary_large_image","twitter_misc":{"\u041d\u0430\u043f\u0438\u0441\u0430\u043d\u043e":"admin","\u041f\u0440\u0438\u0431\u043b. \u0447\u0430\u0441 \u0447\u0438\u0442\u0430\u043d\u043d\u044f":"1 \u0445\u0432\u0438\u043b\u0438\u043d\u0430"},"schema":{"@context":"https:\/\/schema.org","@graph":[{"@type":"Article","@id":"https:\/\/denizcankizil.tr\/uk\/haberler\/gundem\/muhtar-genek-biz-istedik-baskan-aras-cozdu\/#article","isPartOf":{"@id":"https:\/\/denizcankizil.tr\/uk\/haberler\/gundem\/muhtar-genek-biz-istedik-baskan-aras-cozdu\/"},"author":{"name":"admin","@id":"https:\/\/denizcankizil.tr\/de\/#\/schema\/person\/be3c05fe6a12686905512445d8185489"},"headline":"Muhtar Genek, \u201cBiz \u0130stedik Ba\u015fkan Aras \u00c7\u00f6zd\u00fc\u201d","datePublished":"2025-01-31T14:41:46+00:00","mainEntityOfPage":{"@id":"https:\/\/denizcankizil.tr\/uk\/haberler\/gundem\/muhtar-genek-biz-istedik-baskan-aras-cozdu\/"},"wordCount":108,"commentCount":0,"publisher":{"@id":"https:\/\/denizcankizil.tr\/de\/#organization"},"articleSection":["G\u00fcndem"],"inLanguage":"uk","potentialAction":[{"@type":"CommentAction","name":"Comment","target":["https:\/\/denizcankizil.tr\/uk\/haberler\/gundem\/muhtar-genek-biz-istedik-baskan-aras-cozdu\/#respond"]}]},{"@type":"WebPage","@id":"https:\/\/denizcankizil.tr\/uk\/haberler\/gundem\/muhtar-genek-biz-istedik-baskan-aras-cozdu\/","url":"https:\/\/denizcankizil.tr\/uk\/haberler\/gundem\/muhtar-genek-biz-istedik-baskan-aras-cozdu\/","name":"Muhtar Genek, \u201cBiz \u0130stedik Ba\u015fkan Aras \u00c7\u00f6zd\u00fc\u201d - Av. Deniz Can K\u0131z\u0131l","isPartOf":{"@id":"https:\/\/denizcankizil.tr\/de\/#website"},"datePublished":"2025-01-31T14:41:46+00:00","breadcrumb":{"@id":"https:\/\/denizcankizil.tr\/uk\/haberler\/gundem\/muhtar-genek-biz-istedik-baskan-aras-cozdu\/#breadcrumb"},"inLanguage":"uk","potentialAction":[{"@type":"ReadAction","target":["https:\/\/denizcankizil.tr\/uk\/haberler\/gundem\/muhtar-genek-biz-istedik-baskan-aras-cozdu\/"]}]},{"@type":"BreadcrumbList","@id":"https:\/\/denizcankizil.tr\/uk\/haberler\/gundem\/muhtar-genek-biz-istedik-baskan-aras-cozdu\/#breadcrumb","itemListElement":[{"@type":"ListItem","position":1,"name":"Home","item":"https:\/\/denizcankizil.tr\/de\/"},{"@type":"ListItem","position":2,"name":"Muhtar Genek, \u201cBiz \u0130stedik Ba\u015fkan Aras \u00c7\u00f6zd\u00fc\u201d"}]},{"@type":"WebSite","@id":"https:\/\/denizcankizil.tr\/de\/#website","url":"https:\/\/denizcankizil.tr\/de\/","name":"Av. Deniz Can K\u0131z\u0131l","description":"Avukat Deniz Can K\u0131z\u0131l Antalya Barosu","publisher":{"@id":"https:\/\/denizcankizil.tr\/de\/#organization"},"potentialAction":[{"@type":"SearchAction","target":{"@type":"EntryPoint","urlTemplate":"https:\/\/denizcankizil.tr\/de\/?s={search_term_string}"},"query-input":{"@type":"PropertyValueSpecification","valueRequired":true,"valueName":"search_term_string"}}],"inLanguage":"uk"},{"@type":"Organization","@id":"https:\/\/denizcankizil.tr\/de\/#organization","name":"Av. Deniz Can K\u0131z\u0131l","url":"https:\/\/denizcankizil.tr\/de\/","logo":{"@type":"ImageObject","inLanguage":"uk","@id":"https:\/\/denizcankizil.tr\/de\/#\/schema\/logo\/image\/","url":"https:\/\/denizcankizil.tr\/wp-content\/uploads\/2024\/10\/siyah-logo-svg.svg","contentUrl":"https:\/\/denizcankizil.tr\/wp-content\/uploads\/2024\/10\/siyah-logo-svg.svg","width":1080,"height":1080,"caption":"Av. Deniz Can K\u0131z\u0131l"},"image":{"@id":"https:\/\/denizcankizil.tr\/de\/#\/schema\/logo\/image\/"}},{"@type":"Person","@id":"https:\/\/denizcankizil.tr\/de\/#\/schema\/person\/be3c05fe6a12686905512445d8185489","name":"\u0430\u0434\u043c\u0456\u043d","image":{"@type":"ImageObject","inLanguage":"uk","@id":"https:\/\/denizcankizil.tr\/de\/#\/schema\/person\/image\/","url":"https:\/\/secure.gravatar.com\/avatar\/c1fce94c830dc79107e174f890d7210541c4a63e8e5d816341794a2151c9d58c?s=96&d=mm&r=g","contentUrl":"https:\/\/secure.gravatar.com\/avatar\/c1fce94c830dc79107e174f890d7210541c4a63e8e5d816341794a2151c9d58c?s=96&d=mm&r=g","caption":"admin"},"sameAs":["http:\/\/denizcankizil.tr"],"url":"https:\/\/www.iskenderun.org\/muhtar-genek-biz-istedik-baskan-aras-cozdu"}]}},"_links":{"self":[{"href":"https:\/\/denizcankizil.tr\/uk\/wp-json\/wp\/v2\/posts\/29098","targetHints":{"allow":["GET"]}}],"collection":[{"href":"https:\/\/denizcankizil.tr\/uk\/wp-json\/wp\/v2\/posts"}],"about":[{"href":"https:\/\/denizcankizil.tr\/uk\/wp-json\/wp\/v2\/types\/post"}],"author":[{"embeddable":true,"href":"https:\/\/denizcankizil.tr\/uk\/wp-json\/wp\/v2\/users\/1"}],"replies":[{"embeddable":true,"href":"https:\/\/denizcankizil.tr\/uk\/wp-json\/wp\/v2\/comments?post=29098"}],"version-history":[{"count":0,"href":"https:\/\/denizcankizil.tr\/uk\/wp-json\/wp\/v2\/posts\/29098\/revisions"}],"wp:attachment":[{"href":"https:\/\/denizcankizil.tr\/uk\/wp-json\/wp\/v2\/media?parent=29098"}],"wp:term":[{"taxonomy":"category","embeddable":true,"href":"https:\/\/denizcankizil.tr\/uk\/wp-json\/wp\/v2\/categories?post=29098"},{"taxonomy":"post_tag","embeddable":true,"href":"https:\/\/denizcankizil.tr\/uk\/wp-json\/wp\/v2\/tags?post=29098"}],"curies":[{"name":"wp","href":"https:\/\/api.w.org\/{rel}","templated":true}]}}