{"id":29094,"date":"2025-01-31T17:41:43","date_gmt":"2025-01-31T14:41:43","guid":{"rendered":"https:\/\/denizcankizil.tr\/uncategorized-tr\/abd-ile-izmir-arasinda-diplomatik-yakinlasma\/"},"modified":"2025-01-31T17:41:43","modified_gmt":"2025-01-31T14:41:43","slug":"abd-ile-izmir-arasinda-diplomatik-yakinlasma","status":"publish","type":"post","link":"https:\/\/denizcankizil.tr\/uk\/haberler\/gundem\/abd-ile-izmir-arasinda-diplomatik-yakinlasma\/","title":{"rendered":"ABD ile \u0130zmir aras\u0131nda diplomatik yak\u0131nla\u015fma"},"content":{"rendered":"<p>Amerika Birle\u015fik Devletleri\u2019nin \u0130zmir Maslahatg\u00fczar\u0131 Michael Goldman \u0130zmir B\u00fcy\u00fck\u015fehir Belediyesi\u2019ni ziyaret ederek Ba\u015fkanvekili Dr. Zafer Levent Y\u0131ld\u0131r\u2019la bir araya geldi. Ziyarette ikili ili\u015fkiler, \u0130zmir\u2019in projeleri ve karde\u015f kent ili\u015fkileri g\u00fcndeme geldi.\u0130ZM\u0130R (\u0130GFA) &#8211; Amerika Birle\u015fik Devletleri\u2019nin \u0130zmir Maslahatg\u00fczar\u0131 Michael Goldman, \u0130zmir B\u00fcy\u00fck\u015fehir Belediyesi Ba\u015fkanvekili Dr. Zafer Levent Y\u0131ld\u0131r taraf\u0131ndan a\u011f\u0131rland\u0131.<br \/>\n\u0130zmir B\u00fcy\u00fck\u015fehir Belediyesi Genel Sekreteri Ramazan Tezcan\u2019\u0131n da yer ald\u0131\u011f\u0131 g\u00f6r\u00fc\u015fme ABD ile \u0130zmir Ticaret Odas\u0131 aras\u0131ndaki i\u015f birli\u011finin 25. y\u0131l\u0131 dolay\u0131s\u0131yla ger\u00e7ekle\u015fti.<br \/>\nABD heyeti, \u0130zmir ile ticari ve di\u011fer alanlardaki ili\u015fkilerin g\u00fc\u00e7lendirilmesinin \u00f6nemine vurgu yaparak, \u0130zmir\u2019de \u00e7ok say\u0131da ABD\u2019li emeklinin ya\u015fad\u0131\u011f\u0131n\u0131 ve her y\u0131l bini a\u015fk\u0131n ABD\u2019li turistin kenti ziyaret etti\u011fini belirtti.<\/p>\n<p>\u0130zmir B\u00fcy\u00fck\u015fehir Belediye Ba\u015fkanvekili Dr. Zafer Levent Y\u0131ld\u0131r ve \u0130zmir B\u00fcy\u00fck\u015fehir Belediyesi Genel Sekreteri Ramazan Tezcan, toplant\u0131da \u0130zmir\u2019in 2030 karbon n\u00f6tr hedefi ve \u0130zmir B\u00fcy\u00fck\u015fehir Belediye Ba\u015fkan\u0131 Dr. Cemil Tugay\u2019\u0131n ye\u015fil ve ak\u0131ll\u0131 \u015fehirler konusundaki \u00e7al\u0131\u015fmalar\u0131ndan s\u00f6z etti. Ba\u015fkan Dr. Tugay\u2019\u0131n Sa\u011fl\u0131kl\u0131 Kentler Birli\u011fi Ba\u015fkanl\u0131\u011f\u0131\u2019na se\u00e7ilmesi ile sa\u011fl\u0131k alan\u0131ndaki \u00e7al\u0131\u015fmalar\u0131n \u00f6nemi de vurguland\u0131.<br \/>\nAyr\u0131ca, \u0130zmir\u2019in ABD\u2019den karde\u015f \u015fehirleri olan Tampa ve Long Beach ile ili\u015fkilerinin daha aktif hale getirilmesi konusu da g\u00fcndeme geldi.<\/p>\n<p>\u200bAmerika Birle\u015fik Devletleri\u2019nin \u0130zmir Maslahatg\u00fczar\u0131 Michael Goldman \u0130zmir B\u00fcy\u00fck\u015fehir Belediyesi\u2019ni ziyaret ederek Ba\u015fkanvekili Dr. Zafer Levent Y\u0131ld\u0131r\u2019la bir araya geldi. Ziyarette ikili ili\u015fkiler, \u0130zmir\u2019in projeleri ve karde\u015f kent ili\u015fkileri g\u00fcndeme geldi.\u0130ZM\u0130R (\u0130GFA) &#8211; Amerika Birle\u015fik Devletleri\u2019nin \u0130zmir Maslahatg\u00fczar\u0131 Michael Goldman, \u0130zmir B\u00fcy\u00fck\u015fehir Belediyesi Ba\u015fkanvekili Dr. Zafer Levent Y\u0131ld\u0131r taraf\u0131ndan a\u011f\u0131rland\u0131.<br \/>\n\u0130zmir B\u00fcy\u00fck\u015fehir Belediyesi Genel Sekreteri Ramazan Tezcan\u2019\u0131n da yer ald\u0131\u011f\u0131 g\u00f6r\u00fc\u015fme ABD ile \u0130zmir Ticaret Odas\u0131 aras\u0131ndaki i\u015f birli\u011finin 25. y\u0131l\u0131 dolay\u0131s\u0131yla ger\u00e7ekle\u015fti.<br \/>\nABD heyeti, \u0130zmir ile ticari ve di\u011fer alanlardaki ili\u015fkilerin g\u00fc\u00e7lendirilmesinin \u00f6nemine vurgu yaparak, \u0130zmir\u2019de \u00e7ok say\u0131da ABD\u2019li emeklinin ya\u015fad\u0131\u011f\u0131n\u0131 ve her y\u0131l bini a\u015fk\u0131n ABD\u2019li turistin kenti ziyaret etti\u011fini belirtti.<\/p>\n<p>\u0130zmir B\u00fcy\u00fck\u015fehir Belediye Ba\u015fkanvekili Dr. Zafer Levent Y\u0131ld\u0131r ve \u0130zmir B\u00fcy\u00fck\u015fehir Belediyesi Genel Sekreteri Ramazan Tezcan, toplant\u0131da \u0130zmir\u2019in 2030 karbon n\u00f6tr hedefi ve \u0130zmir B\u00fcy\u00fck\u015fehir Belediye Ba\u015fkan\u0131 Dr. Cemil Tugay\u2019\u0131n ye\u015fil ve ak\u0131ll\u0131 \u015fehirler konusundaki \u00e7al\u0131\u015fmalar\u0131ndan s\u00f6z etti. Ba\u015fkan Dr. Tugay\u2019\u0131n Sa\u011fl\u0131kl\u0131 Kentler Birli\u011fi Ba\u015fkanl\u0131\u011f\u0131\u2019na se\u00e7ilmesi ile sa\u011fl\u0131k alan\u0131ndaki \u00e7al\u0131\u015fmalar\u0131n \u00f6nemi de vurguland\u0131.<br \/>\nAyr\u0131ca, \u0130zmir\u2019in ABD\u2019den karde\u015f \u015fehirleri olan Tampa ve Long Beach ile ili\u015fkilerinin daha aktif hale getirilmesi konusu da g\u00fcndeme geldi.\u00a0<\/p>\n<p>\u200bHaberin Al\u0131nt\u0131land\u0131\u011f\u0131 Kaynak: www.iskenderun.org<\/p>","protected":false},"excerpt":{"rendered":"<p>Amerika Birle\u015fik Devletleri\u2019nin \u0130zmir Maslahatg\u00fczar\u0131 Michael Goldman \u0130zmir B\u00fcy\u00fck\u015fehir Belediyesi\u2019ni ziyaret ederek Ba\u015fkanvekili Dr. Zafer Levent Y\u0131ld\u0131r\u2019la bir araya geldi. Ziyarette ikili ili\u015fkiler, \u0130zmir\u2019in projeleri ve karde\u015f kent ili\u015fkileri g\u00fcndeme geldi.\u0130ZM\u0130R (\u0130GFA) &#8211; Amerika Birle\u015fik Devletleri\u2019nin \u0130zmir Maslahatg\u00fczar\u0131 Michael Goldman, \u0130zmir B\u00fcy\u00fck\u015fehir Belediyesi Ba\u015fkanvekili Dr. Zafer Levent Y\u0131ld\u0131r taraf\u0131ndan a\u011f\u0131rland\u0131. \u0130zmir B\u00fcy\u00fck\u015fehir Belediyesi Genel Sekreteri Ramazan Tezcan\u2019\u0131n da yer ald\u0131\u011f\u0131 g\u00f6r\u00fc\u015fme ABD ile \u0130zmir Ticaret Odas\u0131 aras\u0131ndaki i\u015f birli\u011finin 25. y\u0131l\u0131 dolay\u0131s\u0131yla ger\u00e7ekle\u015fti. ABD heyeti, \u0130zmir ile ticari ve di\u011fer alanlardaki ili\u015fkilerin g\u00fc\u00e7lendirilmesinin \u00f6nemine vurgu yaparak, \u0130zmir\u2019de \u00e7ok say\u0131da ABD\u2019li emeklinin ya\u015fad\u0131\u011f\u0131n\u0131 ve her y\u0131l bini a\u015fk\u0131n ABD\u2019li turistin kenti ziyaret etti\u011fini belirtti. \u0130zmir B\u00fcy\u00fck\u015fehir Belediye Ba\u015fkanvekili Dr. Zafer Levent Y\u0131ld\u0131r ve \u0130zmir B\u00fcy\u00fck\u015fehir Belediyesi Genel Sekreteri Ramazan Tezcan, toplant\u0131da \u0130zmir\u2019in 2030 karbon n\u00f6tr hedefi ve \u0130zmir B\u00fcy\u00fck\u015fehir Belediye Ba\u015fkan\u0131 Dr. Cemil Tugay\u2019\u0131n ye\u015fil ve ak\u0131ll\u0131 \u015fehirler konusundaki \u00e7al\u0131\u015fmalar\u0131ndan s\u00f6z etti. Ba\u015fkan Dr. Tugay\u2019\u0131n Sa\u011fl\u0131kl\u0131 Kentler Birli\u011fi Ba\u015fkanl\u0131\u011f\u0131\u2019na se\u00e7ilmesi ile sa\u011fl\u0131k alan\u0131ndaki \u00e7al\u0131\u015fmalar\u0131n \u00f6nemi de vurguland\u0131. Ayr\u0131ca, \u0130zmir\u2019in ABD\u2019den karde\u015f \u015fehirleri olan Tampa ve Long Beach ile ili\u015fkilerinin daha aktif hale getirilmesi konusu da g\u00fcndeme geldi. \u200bAmerika Birle\u015fik Devletleri\u2019nin \u0130zmir Maslahatg\u00fczar\u0131 Michael Goldman \u0130zmir B\u00fcy\u00fck\u015fehir Belediyesi\u2019ni ziyaret ederek Ba\u015fkanvekili Dr. Zafer Levent Y\u0131ld\u0131r\u2019la bir araya geldi. Ziyarette ikili ili\u015fkiler, \u0130zmir\u2019in &hellip;<\/p>","protected":false},"author":1,"featured_media":0,"comment_status":"open","ping_status":"open","sticky":false,"template":"","format":"standard","meta":{"_acf_changed":false,"footnotes":""},"categories":[24],"tags":[],"class_list":["post-29094","post","type-post","status-publish","format-standard","has-post-thumbnail","hentry","category-gundem"],"acf":[],"yoast_head":"<!-- This site is optimized with the Yoast SEO Premium plugin v26.6 (Yoast SEO v27.1.1) - https:\/\/yoast.com\/product\/yoast-seo-premium-wordpress\/ -->\n<title>ABD ile \u0130zmir aras\u0131nda diplomatik yak\u0131nla\u015fma - Av. Deniz Can K\u0131z\u0131l<\/title>\n<meta name=\"robots\" content=\"index, follow, max-snippet:-1, max-image-preview:large, max-video-preview:-1\" \/>\n<link rel=\"canonical\" href=\"https:\/\/denizcankizil.tr\/uk\/haberler\/gundem\/abd-ile-izmir-arasinda-diplomatik-yakinlasma\/\" \/>\n<meta property=\"og:locale\" content=\"uk_UA\" \/>\n<meta property=\"og:type\" content=\"article\" \/>\n<meta property=\"og:title\" content=\"ABD ile \u0130zmir aras\u0131nda diplomatik yak\u0131nla\u015fma\" \/>\n<meta property=\"og:description\" content=\"Amerika Birle\u015fik Devletleri\u2019nin \u0130zmir Maslahatg\u00fczar\u0131 Michael Goldman \u0130zmir B\u00fcy\u00fck\u015fehir Belediyesi\u2019ni ziyaret ederek Ba\u015fkanvekili Dr. Zafer Levent Y\u0131ld\u0131r\u2019la bir araya geldi. Ziyarette ikili ili\u015fkiler, \u0130zmir\u2019in projeleri ve karde\u015f kent ili\u015fkileri g\u00fcndeme geldi.\u0130ZM\u0130R (\u0130GFA) &#8211; Amerika Birle\u015fik Devletleri\u2019nin \u0130zmir Maslahatg\u00fczar\u0131 Michael Goldman, \u0130zmir B\u00fcy\u00fck\u015fehir Belediyesi Ba\u015fkanvekili Dr. Zafer Levent Y\u0131ld\u0131r taraf\u0131ndan a\u011f\u0131rland\u0131. \u0130zmir B\u00fcy\u00fck\u015fehir Belediyesi Genel Sekreteri Ramazan Tezcan\u2019\u0131n da yer ald\u0131\u011f\u0131 g\u00f6r\u00fc\u015fme ABD ile \u0130zmir Ticaret Odas\u0131 aras\u0131ndaki i\u015f birli\u011finin 25. y\u0131l\u0131 dolay\u0131s\u0131yla ger\u00e7ekle\u015fti. ABD heyeti, \u0130zmir ile ticari ve di\u011fer alanlardaki ili\u015fkilerin g\u00fc\u00e7lendirilmesinin \u00f6nemine vurgu yaparak, \u0130zmir\u2019de \u00e7ok say\u0131da ABD\u2019li emeklinin ya\u015fad\u0131\u011f\u0131n\u0131 ve her y\u0131l bini a\u015fk\u0131n ABD\u2019li turistin kenti ziyaret etti\u011fini belirtti. \u0130zmir B\u00fcy\u00fck\u015fehir Belediye Ba\u015fkanvekili Dr. Zafer Levent Y\u0131ld\u0131r ve \u0130zmir B\u00fcy\u00fck\u015fehir Belediyesi Genel Sekreteri Ramazan Tezcan, toplant\u0131da \u0130zmir\u2019in 2030 karbon n\u00f6tr hedefi ve \u0130zmir B\u00fcy\u00fck\u015fehir Belediye Ba\u015fkan\u0131 Dr. Cemil Tugay\u2019\u0131n ye\u015fil ve ak\u0131ll\u0131 \u015fehirler konusundaki \u00e7al\u0131\u015fmalar\u0131ndan s\u00f6z etti. Ba\u015fkan Dr. Tugay\u2019\u0131n Sa\u011fl\u0131kl\u0131 Kentler Birli\u011fi Ba\u015fkanl\u0131\u011f\u0131\u2019na se\u00e7ilmesi ile sa\u011fl\u0131k alan\u0131ndaki \u00e7al\u0131\u015fmalar\u0131n \u00f6nemi de vurguland\u0131. Ayr\u0131ca, \u0130zmir\u2019in ABD\u2019den karde\u015f \u015fehirleri olan Tampa ve Long Beach ile ili\u015fkilerinin daha aktif hale getirilmesi konusu da g\u00fcndeme geldi. \u200bAmerika Birle\u015fik Devletleri\u2019nin \u0130zmir Maslahatg\u00fczar\u0131 Michael Goldman \u0130zmir B\u00fcy\u00fck\u015fehir Belediyesi\u2019ni ziyaret ederek Ba\u015fkanvekili Dr. Zafer Levent Y\u0131ld\u0131r\u2019la bir araya geldi. Ziyarette ikili ili\u015fkiler, \u0130zmir\u2019in &hellip;\" \/>\n<meta property=\"og:url\" content=\"https:\/\/denizcankizil.tr\/uk\/haberler\/gundem\/abd-ile-izmir-arasinda-diplomatik-yakinlasma\/\" \/>\n<meta property=\"og:site_name\" content=\"Av. Deniz Can K\u0131z\u0131l\" \/>\n<meta property=\"article:published_time\" content=\"2025-01-31T14:41:43+00:00\" \/>\n<meta name=\"author\" content=\"admin\" \/>\n<meta name=\"twitter:card\" content=\"summary_large_image\" \/>\n<meta name=\"twitter:label1\" content=\"\u041d\u0430\u043f\u0438\u0441\u0430\u043d\u043e\" \/>\n\t<meta name=\"twitter:data1\" content=\"admin\" \/>\n\t<meta name=\"twitter:label2\" content=\"\u041f\u0440\u0438\u0431\u043b. \u0447\u0430\u0441 \u0447\u0438\u0442\u0430\u043d\u043d\u044f\" \/>\n\t<meta name=\"twitter:data2\" content=\"3 \u0445\u0432\u0438\u043b\u0438\u043d\u0438\" \/>\n<script type=\"application\/ld+json\" class=\"yoast-schema-graph\">{\"@context\":\"https:\/\/schema.org\",\"@graph\":[{\"@type\":\"Article\",\"@id\":\"https:\/\/denizcankizil.tr\/ru\/haberler\/gundem\/abd-ile-izmir-arasinda-diplomatik-yakinlasma\/#article\",\"isPartOf\":{\"@id\":\"https:\/\/denizcankizil.tr\/ru\/haberler\/gundem\/abd-ile-izmir-arasinda-diplomatik-yakinlasma\/\"},\"author\":{\"name\":\"admin\",\"@id\":\"https:\/\/denizcankizil.tr\/de\/#\/schema\/person\/be3c05fe6a12686905512445d8185489\"},\"headline\":\"ABD ile \u0130zmir aras\u0131nda diplomatik yak\u0131nla\u015fma\",\"datePublished\":\"2025-01-31T14:41:43+00:00\",\"mainEntityOfPage\":{\"@id\":\"https:\/\/denizcankizil.tr\/ru\/haberler\/gundem\/abd-ile-izmir-arasinda-diplomatik-yakinlasma\/\"},\"wordCount\":553,\"commentCount\":0,\"publisher\":{\"@id\":\"https:\/\/denizcankizil.tr\/de\/#organization\"},\"articleSection\":[\"G\u00fcndem\"],\"inLanguage\":\"uk\",\"potentialAction\":[{\"@type\":\"CommentAction\",\"name\":\"Comment\",\"target\":[\"https:\/\/denizcankizil.tr\/ru\/haberler\/gundem\/abd-ile-izmir-arasinda-diplomatik-yakinlasma\/#respond\"]}]},{\"@type\":\"WebPage\",\"@id\":\"https:\/\/denizcankizil.tr\/ru\/haberler\/gundem\/abd-ile-izmir-arasinda-diplomatik-yakinlasma\/\",\"url\":\"https:\/\/denizcankizil.tr\/ru\/haberler\/gundem\/abd-ile-izmir-arasinda-diplomatik-yakinlasma\/\",\"name\":\"ABD ile \u0130zmir aras\u0131nda diplomatik yak\u0131nla\u015fma - Av. Deniz Can K\u0131z\u0131l\",\"isPartOf\":{\"@id\":\"https:\/\/denizcankizil.tr\/de\/#website\"},\"datePublished\":\"2025-01-31T14:41:43+00:00\",\"breadcrumb\":{\"@id\":\"https:\/\/denizcankizil.tr\/ru\/haberler\/gundem\/abd-ile-izmir-arasinda-diplomatik-yakinlasma\/#breadcrumb\"},\"inLanguage\":\"uk\",\"potentialAction\":[{\"@type\":\"ReadAction\",\"target\":[\"https:\/\/denizcankizil.tr\/ru\/haberler\/gundem\/abd-ile-izmir-arasinda-diplomatik-yakinlasma\/\"]}]},{\"@type\":\"BreadcrumbList\",\"@id\":\"https:\/\/denizcankizil.tr\/ru\/haberler\/gundem\/abd-ile-izmir-arasinda-diplomatik-yakinlasma\/#breadcrumb\",\"itemListElement\":[{\"@type\":\"ListItem\",\"position\":1,\"name\":\"Home\",\"item\":\"https:\/\/denizcankizil.tr\/de\/\"},{\"@type\":\"ListItem\",\"position\":2,\"name\":\"ABD ile \u0130zmir aras\u0131nda diplomatik yak\u0131nla\u015fma\"}]},{\"@type\":\"WebSite\",\"@id\":\"https:\/\/denizcankizil.tr\/de\/#website\",\"url\":\"https:\/\/denizcankizil.tr\/de\/\",\"name\":\"Av. Deniz Can K\u0131z\u0131l\",\"description\":\"Avukat Deniz Can K\u0131z\u0131l Antalya Barosu\",\"publisher\":{\"@id\":\"https:\/\/denizcankizil.tr\/de\/#organization\"},\"potentialAction\":[{\"@type\":\"SearchAction\",\"target\":{\"@type\":\"EntryPoint\",\"urlTemplate\":\"https:\/\/denizcankizil.tr\/de\/?s={search_term_string}\"},\"query-input\":{\"@type\":\"PropertyValueSpecification\",\"valueRequired\":true,\"valueName\":\"search_term_string\"}}],\"inLanguage\":\"uk\"},{\"@type\":\"Organization\",\"@id\":\"https:\/\/denizcankizil.tr\/de\/#organization\",\"name\":\"Av. Deniz Can K\u0131z\u0131l\",\"url\":\"https:\/\/denizcankizil.tr\/de\/\",\"logo\":{\"@type\":\"ImageObject\",\"inLanguage\":\"uk\",\"@id\":\"https:\/\/denizcankizil.tr\/de\/#\/schema\/logo\/image\/\",\"url\":\"https:\/\/denizcankizil.tr\/wp-content\/uploads\/2024\/10\/siyah-logo-svg.svg\",\"contentUrl\":\"https:\/\/denizcankizil.tr\/wp-content\/uploads\/2024\/10\/siyah-logo-svg.svg\",\"width\":1080,\"height\":1080,\"caption\":\"Av. Deniz Can K\u0131z\u0131l\"},\"image\":{\"@id\":\"https:\/\/denizcankizil.tr\/de\/#\/schema\/logo\/image\/\"}},{\"@type\":\"Person\",\"@id\":\"https:\/\/denizcankizil.tr\/de\/#\/schema\/person\/be3c05fe6a12686905512445d8185489\",\"name\":\"admin\",\"image\":{\"@type\":\"ImageObject\",\"inLanguage\":\"uk\",\"@id\":\"https:\/\/denizcankizil.tr\/de\/#\/schema\/person\/image\/\",\"url\":\"https:\/\/secure.gravatar.com\/avatar\/c1fce94c830dc79107e174f890d7210541c4a63e8e5d816341794a2151c9d58c?s=96&d=mm&r=g\",\"contentUrl\":\"https:\/\/secure.gravatar.com\/avatar\/c1fce94c830dc79107e174f890d7210541c4a63e8e5d816341794a2151c9d58c?s=96&d=mm&r=g\",\"caption\":\"admin\"},\"sameAs\":[\"http:\/\/denizcankizil.tr\"],\"url\":\"https:\/\/www.iskenderun.org\/abd-ile-izmir-arasinda-diplomatik-yakinlasma\"}]}<\/script>\n<!-- \/ Yoast SEO Premium plugin. -->","yoast_head_json":{"title":"ABD ile \u0130zmir aras\u0131nda diplomatik yak\u0131nla\u015fma - Av. Deniz Can K\u0131z\u0131l","robots":{"index":"index","follow":"follow","max-snippet":"max-snippet:-1","max-image-preview":"max-image-preview:large","max-video-preview":"max-video-preview:-1"},"canonical":"https:\/\/denizcankizil.tr\/uk\/haberler\/gundem\/abd-ile-izmir-arasinda-diplomatik-yakinlasma\/","og_locale":"uk_UA","og_type":"article","og_title":"ABD ile \u0130zmir aras\u0131nda diplomatik yak\u0131nla\u015fma","og_description":"Amerika Birle\u015fik Devletleri\u2019nin \u0130zmir Maslahatg\u00fczar\u0131 Michael Goldman \u0130zmir B\u00fcy\u00fck\u015fehir Belediyesi\u2019ni ziyaret ederek Ba\u015fkanvekili Dr. Zafer Levent Y\u0131ld\u0131r\u2019la bir araya geldi. Ziyarette ikili ili\u015fkiler, \u0130zmir\u2019in projeleri ve karde\u015f kent ili\u015fkileri g\u00fcndeme geldi.\u0130ZM\u0130R (\u0130GFA) &#8211; Amerika Birle\u015fik Devletleri\u2019nin \u0130zmir Maslahatg\u00fczar\u0131 Michael Goldman, \u0130zmir B\u00fcy\u00fck\u015fehir Belediyesi Ba\u015fkanvekili Dr. Zafer Levent Y\u0131ld\u0131r taraf\u0131ndan a\u011f\u0131rland\u0131. \u0130zmir B\u00fcy\u00fck\u015fehir Belediyesi Genel Sekreteri Ramazan Tezcan\u2019\u0131n da yer ald\u0131\u011f\u0131 g\u00f6r\u00fc\u015fme ABD ile \u0130zmir Ticaret Odas\u0131 aras\u0131ndaki i\u015f birli\u011finin 25. y\u0131l\u0131 dolay\u0131s\u0131yla ger\u00e7ekle\u015fti. ABD heyeti, \u0130zmir ile ticari ve di\u011fer alanlardaki ili\u015fkilerin g\u00fc\u00e7lendirilmesinin \u00f6nemine vurgu yaparak, \u0130zmir\u2019de \u00e7ok say\u0131da ABD\u2019li emeklinin ya\u015fad\u0131\u011f\u0131n\u0131 ve her y\u0131l bini a\u015fk\u0131n ABD\u2019li turistin kenti ziyaret etti\u011fini belirtti. \u0130zmir B\u00fcy\u00fck\u015fehir Belediye Ba\u015fkanvekili Dr. Zafer Levent Y\u0131ld\u0131r ve \u0130zmir B\u00fcy\u00fck\u015fehir Belediyesi Genel Sekreteri Ramazan Tezcan, toplant\u0131da \u0130zmir\u2019in 2030 karbon n\u00f6tr hedefi ve \u0130zmir B\u00fcy\u00fck\u015fehir Belediye Ba\u015fkan\u0131 Dr. Cemil Tugay\u2019\u0131n ye\u015fil ve ak\u0131ll\u0131 \u015fehirler konusundaki \u00e7al\u0131\u015fmalar\u0131ndan s\u00f6z etti. Ba\u015fkan Dr. Tugay\u2019\u0131n Sa\u011fl\u0131kl\u0131 Kentler Birli\u011fi Ba\u015fkanl\u0131\u011f\u0131\u2019na se\u00e7ilmesi ile sa\u011fl\u0131k alan\u0131ndaki \u00e7al\u0131\u015fmalar\u0131n \u00f6nemi de vurguland\u0131. Ayr\u0131ca, \u0130zmir\u2019in ABD\u2019den karde\u015f \u015fehirleri olan Tampa ve Long Beach ile ili\u015fkilerinin daha aktif hale getirilmesi konusu da g\u00fcndeme geldi. \u200bAmerika Birle\u015fik Devletleri\u2019nin \u0130zmir Maslahatg\u00fczar\u0131 Michael Goldman \u0130zmir B\u00fcy\u00fck\u015fehir Belediyesi\u2019ni ziyaret ederek Ba\u015fkanvekili Dr. Zafer Levent Y\u0131ld\u0131r\u2019la bir araya geldi. Ziyarette ikili ili\u015fkiler, \u0130zmir\u2019in &hellip;","og_url":"https:\/\/denizcankizil.tr\/uk\/haberler\/gundem\/abd-ile-izmir-arasinda-diplomatik-yakinlasma\/","og_site_name":"Av. Deniz Can K\u0131z\u0131l","article_published_time":"2025-01-31T14:41:43+00:00","author":"admin","twitter_card":"summary_large_image","twitter_misc":{"\u041d\u0430\u043f\u0438\u0441\u0430\u043d\u043e":"admin","\u041f\u0440\u0438\u0431\u043b. \u0447\u0430\u0441 \u0447\u0438\u0442\u0430\u043d\u043d\u044f":"3 \u0445\u0432\u0438\u043b\u0438\u043d\u0438"},"schema":{"@context":"https:\/\/schema.org","@graph":[{"@type":"Article","@id":"https:\/\/denizcankizil.tr\/ru\/haberler\/gundem\/abd-ile-izmir-arasinda-diplomatik-yakinlasma\/#article","isPartOf":{"@id":"https:\/\/denizcankizil.tr\/ru\/haberler\/gundem\/abd-ile-izmir-arasinda-diplomatik-yakinlasma\/"},"author":{"name":"admin","@id":"https:\/\/denizcankizil.tr\/de\/#\/schema\/person\/be3c05fe6a12686905512445d8185489"},"headline":"ABD ile \u0130zmir aras\u0131nda diplomatik yak\u0131nla\u015fma","datePublished":"2025-01-31T14:41:43+00:00","mainEntityOfPage":{"@id":"https:\/\/denizcankizil.tr\/ru\/haberler\/gundem\/abd-ile-izmir-arasinda-diplomatik-yakinlasma\/"},"wordCount":553,"commentCount":0,"publisher":{"@id":"https:\/\/denizcankizil.tr\/de\/#organization"},"articleSection":["G\u00fcndem"],"inLanguage":"uk","potentialAction":[{"@type":"CommentAction","name":"Comment","target":["https:\/\/denizcankizil.tr\/ru\/haberler\/gundem\/abd-ile-izmir-arasinda-diplomatik-yakinlasma\/#respond"]}]},{"@type":"WebPage","@id":"https:\/\/denizcankizil.tr\/ru\/haberler\/gundem\/abd-ile-izmir-arasinda-diplomatik-yakinlasma\/","url":"https:\/\/denizcankizil.tr\/ru\/haberler\/gundem\/abd-ile-izmir-arasinda-diplomatik-yakinlasma\/","name":"ABD ile \u0130zmir aras\u0131nda diplomatik yak\u0131nla\u015fma - Av. Deniz Can K\u0131z\u0131l","isPartOf":{"@id":"https:\/\/denizcankizil.tr\/de\/#website"},"datePublished":"2025-01-31T14:41:43+00:00","breadcrumb":{"@id":"https:\/\/denizcankizil.tr\/ru\/haberler\/gundem\/abd-ile-izmir-arasinda-diplomatik-yakinlasma\/#breadcrumb"},"inLanguage":"uk","potentialAction":[{"@type":"ReadAction","target":["https:\/\/denizcankizil.tr\/ru\/haberler\/gundem\/abd-ile-izmir-arasinda-diplomatik-yakinlasma\/"]}]},{"@type":"BreadcrumbList","@id":"https:\/\/denizcankizil.tr\/ru\/haberler\/gundem\/abd-ile-izmir-arasinda-diplomatik-yakinlasma\/#breadcrumb","itemListElement":[{"@type":"ListItem","position":1,"name":"Home","item":"https:\/\/denizcankizil.tr\/de\/"},{"@type":"ListItem","position":2,"name":"ABD ile \u0130zmir aras\u0131nda diplomatik yak\u0131nla\u015fma"}]},{"@type":"WebSite","@id":"https:\/\/denizcankizil.tr\/de\/#website","url":"https:\/\/denizcankizil.tr\/de\/","name":"Av. Deniz Can K\u0131z\u0131l","description":"Avukat Deniz Can K\u0131z\u0131l Antalya Barosu","publisher":{"@id":"https:\/\/denizcankizil.tr\/de\/#organization"},"potentialAction":[{"@type":"SearchAction","target":{"@type":"EntryPoint","urlTemplate":"https:\/\/denizcankizil.tr\/de\/?s={search_term_string}"},"query-input":{"@type":"PropertyValueSpecification","valueRequired":true,"valueName":"search_term_string"}}],"inLanguage":"uk"},{"@type":"Organization","@id":"https:\/\/denizcankizil.tr\/de\/#organization","name":"Av. Deniz Can K\u0131z\u0131l","url":"https:\/\/denizcankizil.tr\/de\/","logo":{"@type":"ImageObject","inLanguage":"uk","@id":"https:\/\/denizcankizil.tr\/de\/#\/schema\/logo\/image\/","url":"https:\/\/denizcankizil.tr\/wp-content\/uploads\/2024\/10\/siyah-logo-svg.svg","contentUrl":"https:\/\/denizcankizil.tr\/wp-content\/uploads\/2024\/10\/siyah-logo-svg.svg","width":1080,"height":1080,"caption":"Av. Deniz Can K\u0131z\u0131l"},"image":{"@id":"https:\/\/denizcankizil.tr\/de\/#\/schema\/logo\/image\/"}},{"@type":"Person","@id":"https:\/\/denizcankizil.tr\/de\/#\/schema\/person\/be3c05fe6a12686905512445d8185489","name":"\u0430\u0434\u043c\u0456\u043d","image":{"@type":"ImageObject","inLanguage":"uk","@id":"https:\/\/denizcankizil.tr\/de\/#\/schema\/person\/image\/","url":"https:\/\/secure.gravatar.com\/avatar\/c1fce94c830dc79107e174f890d7210541c4a63e8e5d816341794a2151c9d58c?s=96&d=mm&r=g","contentUrl":"https:\/\/secure.gravatar.com\/avatar\/c1fce94c830dc79107e174f890d7210541c4a63e8e5d816341794a2151c9d58c?s=96&d=mm&r=g","caption":"admin"},"sameAs":["http:\/\/denizcankizil.tr"],"url":"https:\/\/www.iskenderun.org\/abd-ile-izmir-arasinda-diplomatik-yakinlasma"}]}},"_links":{"self":[{"href":"https:\/\/denizcankizil.tr\/uk\/wp-json\/wp\/v2\/posts\/29094","targetHints":{"allow":["GET"]}}],"collection":[{"href":"https:\/\/denizcankizil.tr\/uk\/wp-json\/wp\/v2\/posts"}],"about":[{"href":"https:\/\/denizcankizil.tr\/uk\/wp-json\/wp\/v2\/types\/post"}],"author":[{"embeddable":true,"href":"https:\/\/denizcankizil.tr\/uk\/wp-json\/wp\/v2\/users\/1"}],"replies":[{"embeddable":true,"href":"https:\/\/denizcankizil.tr\/uk\/wp-json\/wp\/v2\/comments?post=29094"}],"version-history":[{"count":0,"href":"https:\/\/denizcankizil.tr\/uk\/wp-json\/wp\/v2\/posts\/29094\/revisions"}],"wp:attachment":[{"href":"https:\/\/denizcankizil.tr\/uk\/wp-json\/wp\/v2\/media?parent=29094"}],"wp:term":[{"taxonomy":"category","embeddable":true,"href":"https:\/\/denizcankizil.tr\/uk\/wp-json\/wp\/v2\/categories?post=29094"},{"taxonomy":"post_tag","embeddable":true,"href":"https:\/\/denizcankizil.tr\/uk\/wp-json\/wp\/v2\/tags?post=29094"}],"curies":[{"name":"wp","href":"https:\/\/api.w.org\/{rel}","templated":true}]}}