{"id":2909,"date":"2024-10-15T17:43:05","date_gmt":"2024-10-15T14:43:05","guid":{"rendered":"https:\/\/denizcankizil.tr\/uncategorized\/egitim-sen-subesi-temizlik-krizine-dikkat-cekti\/"},"modified":"2024-10-15T17:43:05","modified_gmt":"2024-10-15T14:43:05","slug":"egitim-sen-subesi-temizlik-krizine-dikkat-cekti","status":"publish","type":"post","link":"https:\/\/denizcankizil.tr\/uk\/haberler\/gundem\/egitim-sen-subesi-temizlik-krizine-dikkat-cekti\/","title":{"rendered":"E\u011fitim-SEN \u015fubesi temizlik krizine dikkat \u00e7ekti!"},"content":{"rendered":"<p>\u0130skenderun&#8217;da Ulucami Caddesi \u00fczerinde bulunan G\u00fcvercinli Park&#8217;ta d\u00fczenlenen bas\u0131n a\u00e7\u0131klamas\u0131 etkinli\u011fine CHP Hatay Milletvekili Nermin Y\u0131ld\u0131r\u0131m Kara, CHP \u0130l\u00e7e te\u015fkilat\u0131, STK temsilcileri ve vatanda\u015flar kat\u0131ld\u0131.<\/p>\n<p>E\u011fitim-SEN \u0130skenderun \u015eube Ba\u015fkan\u0131 Mustafa \u00dcnsal, h\u00fck\u00fcmetin &#8220;enflasyonla m\u00fccadele&#8221; ad\u0131 alt\u0131nda uygulamaya soktu\u011fu &#8220;Kamuda Tasarruf Paketi&#8221;nin e\u011fitim alan\u0131nda \u00f6denekleri k\u0131sma yoluna gitti\u011fini vurgulayarak, bunun okullardaki hijyen ihtiyac\u0131n\u0131 hi\u00e7e sayd\u0131\u011f\u0131n\u0131 savundu.<\/p>\n<p>T\u00fcrkiye&#8217;deki okullarda b\u00fcy\u00fcyen hijyen sorununun bir temizlik krizine d\u00f6n\u00fc\u015ft\u00fc\u011f\u00fcne dikkat \u00e7eken \u00dcnsal, Milli E\u011fitim Bakanl\u0131\u011f\u0131&#8217;n\u0131n \u0130\u015f G\u00fcc\u00fc Uyum Program\u0131 ile okullar\u0131n yaln\u0131zca belirli g\u00fcnlerde temizlendi\u011fini, bu durumun hastal\u0131klara yakalanma riskini art\u0131rd\u0131\u011f\u0131n\u0131 aktard\u0131.<\/p>\n<p>Okullarda \u00e7\u00f6pler toplanmad\u0131\u011f\u0131n\u0131, lavabo ve tuvaletlerin temizlenmedi\u011fini vurgulayan \u00dcnsal \u201cBu durum binlerce \u00e7ocu\u011fun e\u011fitime eri\u015fimini engelleme tehlikesi yaratmaktad\u0131r\u201d dedi.<\/p>\n<p>\u00dcnsal, h\u00fck\u00fcmetin tasarruf paketinin ard\u0131ndan Hazine ve Maliye Bakanl\u0131\u011f\u0131&#8217;n\u0131n kendi tuvaletlerini 23 milyon 933 bin TL&#8217;ye onard\u0131\u011f\u0131n\u0131, bunun yan\u0131nda Say\u0131\u015ftay denetimlerinde 111 kamu idaresinin yard\u0131m yapt\u0131\u011f\u0131 vak\u0131flar\u0131n isimlerini gizledi\u011fini kaydetti. B\u00fct\u00e7e s\u0131k\u0131nt\u0131s\u0131n\u0131n oldu\u011funu savunan \u00dcnsal, devletin sermayeye verdi\u011fi te\u015fviklerin 2024 y\u0131l\u0131 itibar\u0131yla 1.8 trilyon liraya ula\u015faca\u011f\u0131n\u0131 da kaydetti.<\/p>\n<p>E\u011fitim alan\u0131ndaki tasarruf uygulamalar\u0131n\u0131n derhal sonland\u0131r\u0131lmas\u0131 gerekti\u011fini dile getiren \u00dcnsal, &#8220;Kamuda tasarruf ad\u0131 alt\u0131nda e\u011fitim ve sa\u011fl\u0131k hakk\u0131 engellenmektedir. Fakat yap-i\u015flet-devret projeleri kapsam\u0131nda k\u00f6pr\u00fclerden karayollar\u0131na taahh\u00fct edilen garanti bedelleri adeta bir soyguna d\u00f6n\u00fc\u015fm\u00fc\u015ft\u00fcr. \u00d6n\u00fcm\u00fczdeki 3 y\u0131l \u00f6denmesi planlanan bedel 328,7 milyar TL\u2019ye ula\u015fm\u0131\u015ft\u0131r. Plans\u0131zl\u0131\u011f\u0131n ve \u00f6ng\u00f6r\u00fcs\u00fcz\u00fcl\u00fc\u011f\u00fcn faturas\u0131 \u00e7ocuklara, e\u011fitim emek\u00e7ilerine ve vatanda\u015fa kesilmektedir. Bakanl\u0131\u011fa ba\u011fl\u0131 61 bin okulun her biri i\u00e7in yeterli personel bir an \u00f6nce sa\u011flanmal\u0131d\u0131r. E\u011fitim-Sen olarak \u00e7ocuklar\u0131n, \u00f6\u011frencilerin, e\u011fitim ve bilim emek\u00e7ilerinin haklar\u0131n\u0131 savunmaktan asla vazge\u00e7meyece\u011fiz. Kamusal, laik, \u00a0e\u011fitim i\u00e7in her daim m\u00fccadele etmeye devam edece\u011fiz\u201d \u015feklinde konu\u015ftu.\u00a0\u00a0\u00a0\u00a0\u00a0\u00a0\u00a0\u00a0\u00a0\u00a0\u00a0\u00a0\u00a0<\/p>\n<p> \u00a0\u00a0\u00a0\u00a0\u00a0\u00a0\u00a0\u00a0\u00a0\u00a0\u00a0\u00a0\u00a0\u00a0\u00a0\u00a0\u00a0\u00a0\u00a0\u00a0\u00a0\u00a0\u00a0\u00a0\u00a0\u00a0\u00a0\u00a0\u00a0\u00a0\u00a0\u00a0\u00a0\u00a0\u00a0\u00a0\u00a0\u00a0<\/p>\n<p>\u200bE\u011fitim-SEN \u0130skenderun \u015eube Ba\u015fkan\u0131 Mustafa \u00dcnsal okullarda temizlik sorunu bir halk sa\u011fl\u0131\u011f\u0131 sorununa d\u00f6n\u00fc\u015ft\u00fc\u011f\u00fcne dikkat \u00e7ekerek \u201cE\u011fitim ve sa\u011fl\u0131k hakk\u0131 kamusal g\u00fcvence alt\u0131na al\u0131nmal\u0131d\u0131r&#8221; dedi.\u00a0<\/p>\n<p>\u200bHaberin Al\u0131nt\u0131land\u0131\u011f\u0131 Kaynak: www.iskenderun.org<\/p>","protected":false},"excerpt":{"rendered":"<p>\u0130skenderun&#8217;da Ulucami Caddesi \u00fczerinde bulunan G\u00fcvercinli Park&#8217;ta d\u00fczenlenen bas\u0131n a\u00e7\u0131klamas\u0131 etkinli\u011fine CHP Hatay Milletvekili Nermin Y\u0131ld\u0131r\u0131m Kara, CHP \u0130l\u00e7e te\u015fkilat\u0131, STK temsilcileri ve vatanda\u015flar kat\u0131ld\u0131. E\u011fitim-SEN \u0130skenderun \u015eube Ba\u015fkan\u0131 Mustafa \u00dcnsal, h\u00fck\u00fcmetin &#8220;enflasyonla m\u00fccadele&#8221; ad\u0131 alt\u0131nda uygulamaya soktu\u011fu &#8220;Kamuda Tasarruf Paketi&#8221;nin e\u011fitim alan\u0131nda \u00f6denekleri k\u0131sma yoluna gitti\u011fini vurgulayarak, bunun okullardaki hijyen ihtiyac\u0131n\u0131 hi\u00e7e sayd\u0131\u011f\u0131n\u0131 savundu. T\u00fcrkiye&#8217;deki okullarda b\u00fcy\u00fcyen hijyen sorununun bir temizlik krizine d\u00f6n\u00fc\u015ft\u00fc\u011f\u00fcne dikkat \u00e7eken \u00dcnsal, Milli E\u011fitim Bakanl\u0131\u011f\u0131&#8217;n\u0131n \u0130\u015f G\u00fcc\u00fc Uyum Program\u0131 ile okullar\u0131n yaln\u0131zca belirli g\u00fcnlerde temizlendi\u011fini, bu durumun hastal\u0131klara yakalanma riskini art\u0131rd\u0131\u011f\u0131n\u0131 aktard\u0131. Okullarda \u00e7\u00f6pler toplanmad\u0131\u011f\u0131n\u0131, lavabo ve tuvaletlerin temizlenmedi\u011fini vurgulayan \u00dcnsal \u201cBu durum binlerce \u00e7ocu\u011fun e\u011fitime eri\u015fimini engelleme tehlikesi yaratmaktad\u0131r\u201d dedi. \u00dcnsal, h\u00fck\u00fcmetin tasarruf paketinin ard\u0131ndan Hazine ve Maliye Bakanl\u0131\u011f\u0131&#8217;n\u0131n kendi tuvaletlerini 23 milyon 933 bin TL&#8217;ye onard\u0131\u011f\u0131n\u0131, bunun yan\u0131nda Say\u0131\u015ftay denetimlerinde 111 kamu idaresinin yard\u0131m yapt\u0131\u011f\u0131 vak\u0131flar\u0131n isimlerini gizledi\u011fini kaydetti. B\u00fct\u00e7e s\u0131k\u0131nt\u0131s\u0131n\u0131n oldu\u011funu savunan \u00dcnsal, devletin sermayeye verdi\u011fi te\u015fviklerin 2024 y\u0131l\u0131 itibar\u0131yla 1.8 trilyon liraya ula\u015faca\u011f\u0131n\u0131 da kaydetti. E\u011fitim alan\u0131ndaki tasarruf uygulamalar\u0131n\u0131n derhal sonland\u0131r\u0131lmas\u0131 gerekti\u011fini dile getiren \u00dcnsal, &#8220;Kamuda tasarruf ad\u0131 alt\u0131nda e\u011fitim ve sa\u011fl\u0131k hakk\u0131 engellenmektedir. Fakat yap-i\u015flet-devret projeleri kapsam\u0131nda k\u00f6pr\u00fclerden karayollar\u0131na taahh\u00fct edilen garanti bedelleri adeta bir soyguna d\u00f6n\u00fc\u015fm\u00fc\u015ft\u00fcr. \u00d6n\u00fcm\u00fczdeki 3 y\u0131l \u00f6denmesi planlanan bedel 328,7 milyar TL\u2019ye ula\u015fm\u0131\u015ft\u0131r. Plans\u0131zl\u0131\u011f\u0131n ve \u00f6ng\u00f6r\u00fcs\u00fcz\u00fcl\u00fc\u011f\u00fcn &hellip;<\/p>","protected":false},"author":0,"featured_media":0,"comment_status":"open","ping_status":"open","sticky":false,"template":"","format":"standard","meta":{"_acf_changed":false,"footnotes":""},"categories":[24],"tags":[],"class_list":["post-2909","post","type-post","status-publish","format-standard","has-post-thumbnail","hentry","category-gundem"],"acf":[],"yoast_head":"<!-- This site is optimized with the Yoast SEO Premium plugin v26.6 (Yoast SEO v27.1.1) - https:\/\/yoast.com\/product\/yoast-seo-premium-wordpress\/ -->\n<title>E\u011fitim-SEN \u015fubesi temizlik krizine dikkat \u00e7ekti! - Av. Deniz Can K\u0131z\u0131l<\/title>\n<meta name=\"robots\" content=\"index, follow, max-snippet:-1, max-image-preview:large, max-video-preview:-1\" \/>\n<link rel=\"canonical\" href=\"https:\/\/denizcankizil.tr\/uk\/haberler\/gundem\/egitim-sen-subesi-temizlik-krizine-dikkat-cekti\/\" \/>\n<meta property=\"og:locale\" content=\"uk_UA\" \/>\n<meta property=\"og:type\" content=\"article\" \/>\n<meta property=\"og:title\" content=\"E\u011fitim-SEN \u015fubesi temizlik krizine dikkat \u00e7ekti!\" \/>\n<meta property=\"og:description\" content=\"\u0130skenderun&#8217;da Ulucami Caddesi \u00fczerinde bulunan G\u00fcvercinli Park&#8217;ta d\u00fczenlenen bas\u0131n a\u00e7\u0131klamas\u0131 etkinli\u011fine CHP Hatay Milletvekili Nermin Y\u0131ld\u0131r\u0131m Kara, CHP \u0130l\u00e7e te\u015fkilat\u0131, STK temsilcileri ve vatanda\u015flar kat\u0131ld\u0131. E\u011fitim-SEN \u0130skenderun \u015eube Ba\u015fkan\u0131 Mustafa \u00dcnsal, h\u00fck\u00fcmetin &#8220;enflasyonla m\u00fccadele&#8221; ad\u0131 alt\u0131nda uygulamaya soktu\u011fu &#8220;Kamuda Tasarruf Paketi&#8221;nin e\u011fitim alan\u0131nda \u00f6denekleri k\u0131sma yoluna gitti\u011fini vurgulayarak, bunun okullardaki hijyen ihtiyac\u0131n\u0131 hi\u00e7e sayd\u0131\u011f\u0131n\u0131 savundu. T\u00fcrkiye&#8217;deki okullarda b\u00fcy\u00fcyen hijyen sorununun bir temizlik krizine d\u00f6n\u00fc\u015ft\u00fc\u011f\u00fcne dikkat \u00e7eken \u00dcnsal, Milli E\u011fitim Bakanl\u0131\u011f\u0131&#8217;n\u0131n \u0130\u015f G\u00fcc\u00fc Uyum Program\u0131 ile okullar\u0131n yaln\u0131zca belirli g\u00fcnlerde temizlendi\u011fini, bu durumun hastal\u0131klara yakalanma riskini art\u0131rd\u0131\u011f\u0131n\u0131 aktard\u0131. Okullarda \u00e7\u00f6pler toplanmad\u0131\u011f\u0131n\u0131, lavabo ve tuvaletlerin temizlenmedi\u011fini vurgulayan \u00dcnsal \u201cBu durum binlerce \u00e7ocu\u011fun e\u011fitime eri\u015fimini engelleme tehlikesi yaratmaktad\u0131r\u201d dedi. \u00dcnsal, h\u00fck\u00fcmetin tasarruf paketinin ard\u0131ndan Hazine ve Maliye Bakanl\u0131\u011f\u0131&#8217;n\u0131n kendi tuvaletlerini 23 milyon 933 bin TL&#8217;ye onard\u0131\u011f\u0131n\u0131, bunun yan\u0131nda Say\u0131\u015ftay denetimlerinde 111 kamu idaresinin yard\u0131m yapt\u0131\u011f\u0131 vak\u0131flar\u0131n isimlerini gizledi\u011fini kaydetti. B\u00fct\u00e7e s\u0131k\u0131nt\u0131s\u0131n\u0131n oldu\u011funu savunan \u00dcnsal, devletin sermayeye verdi\u011fi te\u015fviklerin 2024 y\u0131l\u0131 itibar\u0131yla 1.8 trilyon liraya ula\u015faca\u011f\u0131n\u0131 da kaydetti. E\u011fitim alan\u0131ndaki tasarruf uygulamalar\u0131n\u0131n derhal sonland\u0131r\u0131lmas\u0131 gerekti\u011fini dile getiren \u00dcnsal, &#8220;Kamuda tasarruf ad\u0131 alt\u0131nda e\u011fitim ve sa\u011fl\u0131k hakk\u0131 engellenmektedir. Fakat yap-i\u015flet-devret projeleri kapsam\u0131nda k\u00f6pr\u00fclerden karayollar\u0131na taahh\u00fct edilen garanti bedelleri adeta bir soyguna d\u00f6n\u00fc\u015fm\u00fc\u015ft\u00fcr. \u00d6n\u00fcm\u00fczdeki 3 y\u0131l \u00f6denmesi planlanan bedel 328,7 milyar TL\u2019ye ula\u015fm\u0131\u015ft\u0131r. Plans\u0131zl\u0131\u011f\u0131n ve \u00f6ng\u00f6r\u00fcs\u00fcz\u00fcl\u00fc\u011f\u00fcn &hellip;\" \/>\n<meta property=\"og:url\" content=\"https:\/\/denizcankizil.tr\/uk\/haberler\/gundem\/egitim-sen-subesi-temizlik-krizine-dikkat-cekti\/\" \/>\n<meta property=\"og:site_name\" content=\"Av. Deniz Can K\u0131z\u0131l\" \/>\n<meta property=\"article:published_time\" content=\"2024-10-15T14:43:05+00:00\" \/>\n<meta name=\"twitter:card\" content=\"summary_large_image\" \/>\n<meta name=\"twitter:label1\" content=\"\u041f\u0440\u0438\u0431\u043b. \u0447\u0430\u0441 \u0447\u0438\u0442\u0430\u043d\u043d\u044f\" \/>\n\t<meta name=\"twitter:data1\" content=\"2 \u0445\u0432\u0438\u043b\u0438\u043d\u0438\" \/>\n<script type=\"application\/ld+json\" class=\"yoast-schema-graph\">{\"@context\":\"https:\/\/schema.org\",\"@graph\":[{\"@type\":\"Article\",\"@id\":\"https:\/\/denizcankizil.tr\/uk\/haberler\/gundem\/egitim-sen-subesi-temizlik-krizine-dikkat-cekti\/#article\",\"isPartOf\":{\"@id\":\"https:\/\/denizcankizil.tr\/uk\/haberler\/gundem\/egitim-sen-subesi-temizlik-krizine-dikkat-cekti\/\"},\"author\":{\"name\":\"\",\"@id\":\"\"},\"headline\":\"E\u011fitim-SEN \u015fubesi temizlik krizine dikkat \u00e7ekti!\",\"datePublished\":\"2024-10-15T14:43:05+00:00\",\"mainEntityOfPage\":{\"@id\":\"https:\/\/denizcankizil.tr\/uk\/haberler\/gundem\/egitim-sen-subesi-temizlik-krizine-dikkat-cekti\/\"},\"wordCount\":426,\"commentCount\":0,\"publisher\":{\"@id\":\"https:\/\/denizcankizil.tr\/#organization\"},\"articleSection\":[\"G\u00fcndem\"],\"inLanguage\":\"uk\",\"potentialAction\":[{\"@type\":\"CommentAction\",\"name\":\"Comment\",\"target\":[\"https:\/\/denizcankizil.tr\/uk\/haberler\/gundem\/egitim-sen-subesi-temizlik-krizine-dikkat-cekti\/#respond\"]}]},{\"@type\":\"WebPage\",\"@id\":\"https:\/\/denizcankizil.tr\/uk\/haberler\/gundem\/egitim-sen-subesi-temizlik-krizine-dikkat-cekti\/\",\"url\":\"https:\/\/denizcankizil.tr\/uk\/haberler\/gundem\/egitim-sen-subesi-temizlik-krizine-dikkat-cekti\/\",\"name\":\"E\u011fitim-SEN \u015fubesi temizlik krizine dikkat \u00e7ekti! - Av. Deniz Can K\u0131z\u0131l\",\"isPartOf\":{\"@id\":\"https:\/\/denizcankizil.tr\/#website\"},\"datePublished\":\"2024-10-15T14:43:05+00:00\",\"breadcrumb\":{\"@id\":\"https:\/\/denizcankizil.tr\/uk\/haberler\/gundem\/egitim-sen-subesi-temizlik-krizine-dikkat-cekti\/#breadcrumb\"},\"inLanguage\":\"uk\",\"potentialAction\":[{\"@type\":\"ReadAction\",\"target\":[\"https:\/\/denizcankizil.tr\/uk\/haberler\/gundem\/egitim-sen-subesi-temizlik-krizine-dikkat-cekti\/\"]}]},{\"@type\":\"BreadcrumbList\",\"@id\":\"https:\/\/denizcankizil.tr\/uk\/haberler\/gundem\/egitim-sen-subesi-temizlik-krizine-dikkat-cekti\/#breadcrumb\",\"itemListElement\":[{\"@type\":\"ListItem\",\"position\":1,\"name\":\"Home\",\"item\":\"https:\/\/denizcankizil.tr\/de\/\"},{\"@type\":\"ListItem\",\"position\":2,\"name\":\"E\u011fitim-SEN \u015fubesi temizlik krizine dikkat \u00e7ekti!\"}]},{\"@type\":\"WebSite\",\"@id\":\"https:\/\/denizcankizil.tr\/#website\",\"url\":\"https:\/\/denizcankizil.tr\/\",\"name\":\"Av. Deniz Can K\u0131z\u0131l\",\"description\":\"Avukat Deniz Can K\u0131z\u0131l Antalya Barosu\",\"publisher\":{\"@id\":\"https:\/\/denizcankizil.tr\/#organization\"},\"potentialAction\":[{\"@type\":\"SearchAction\",\"target\":{\"@type\":\"EntryPoint\",\"urlTemplate\":\"https:\/\/denizcankizil.tr\/?s={search_term_string}\"},\"query-input\":{\"@type\":\"PropertyValueSpecification\",\"valueRequired\":true,\"valueName\":\"search_term_string\"}}],\"inLanguage\":\"uk\"},{\"@type\":\"Organization\",\"@id\":\"https:\/\/denizcankizil.tr\/#organization\",\"name\":\"Av. Deniz Can K\u0131z\u0131l\",\"url\":\"https:\/\/denizcankizil.tr\/\",\"logo\":{\"@type\":\"ImageObject\",\"inLanguage\":\"uk\",\"@id\":\"https:\/\/denizcankizil.tr\/#\/schema\/logo\/image\/\",\"url\":\"https:\/\/denizcankizil.tr\/wp-content\/uploads\/2024\/10\/siyah-logo-svg.svg\",\"contentUrl\":\"https:\/\/denizcankizil.tr\/wp-content\/uploads\/2024\/10\/siyah-logo-svg.svg\",\"width\":1080,\"height\":1080,\"caption\":\"Av. Deniz Can K\u0131z\u0131l\"},\"image\":{\"@id\":\"https:\/\/denizcankizil.tr\/#\/schema\/logo\/image\/\"}}]}<\/script>\n<!-- \/ Yoast SEO Premium plugin. -->","yoast_head_json":{"title":"E\u011fitim-SEN \u015fubesi temizlik krizine dikkat \u00e7ekti! - Av. Deniz Can K\u0131z\u0131l","robots":{"index":"index","follow":"follow","max-snippet":"max-snippet:-1","max-image-preview":"max-image-preview:large","max-video-preview":"max-video-preview:-1"},"canonical":"https:\/\/denizcankizil.tr\/uk\/haberler\/gundem\/egitim-sen-subesi-temizlik-krizine-dikkat-cekti\/","og_locale":"uk_UA","og_type":"article","og_title":"E\u011fitim-SEN \u015fubesi temizlik krizine dikkat \u00e7ekti!","og_description":"\u0130skenderun&#8217;da Ulucami Caddesi \u00fczerinde bulunan G\u00fcvercinli Park&#8217;ta d\u00fczenlenen bas\u0131n a\u00e7\u0131klamas\u0131 etkinli\u011fine CHP Hatay Milletvekili Nermin Y\u0131ld\u0131r\u0131m Kara, CHP \u0130l\u00e7e te\u015fkilat\u0131, STK temsilcileri ve vatanda\u015flar kat\u0131ld\u0131. E\u011fitim-SEN \u0130skenderun \u015eube Ba\u015fkan\u0131 Mustafa \u00dcnsal, h\u00fck\u00fcmetin &#8220;enflasyonla m\u00fccadele&#8221; ad\u0131 alt\u0131nda uygulamaya soktu\u011fu &#8220;Kamuda Tasarruf Paketi&#8221;nin e\u011fitim alan\u0131nda \u00f6denekleri k\u0131sma yoluna gitti\u011fini vurgulayarak, bunun okullardaki hijyen ihtiyac\u0131n\u0131 hi\u00e7e sayd\u0131\u011f\u0131n\u0131 savundu. T\u00fcrkiye&#8217;deki okullarda b\u00fcy\u00fcyen hijyen sorununun bir temizlik krizine d\u00f6n\u00fc\u015ft\u00fc\u011f\u00fcne dikkat \u00e7eken \u00dcnsal, Milli E\u011fitim Bakanl\u0131\u011f\u0131&#8217;n\u0131n \u0130\u015f G\u00fcc\u00fc Uyum Program\u0131 ile okullar\u0131n yaln\u0131zca belirli g\u00fcnlerde temizlendi\u011fini, bu durumun hastal\u0131klara yakalanma riskini art\u0131rd\u0131\u011f\u0131n\u0131 aktard\u0131. Okullarda \u00e7\u00f6pler toplanmad\u0131\u011f\u0131n\u0131, lavabo ve tuvaletlerin temizlenmedi\u011fini vurgulayan \u00dcnsal \u201cBu durum binlerce \u00e7ocu\u011fun e\u011fitime eri\u015fimini engelleme tehlikesi yaratmaktad\u0131r\u201d dedi. \u00dcnsal, h\u00fck\u00fcmetin tasarruf paketinin ard\u0131ndan Hazine ve Maliye Bakanl\u0131\u011f\u0131&#8217;n\u0131n kendi tuvaletlerini 23 milyon 933 bin TL&#8217;ye onard\u0131\u011f\u0131n\u0131, bunun yan\u0131nda Say\u0131\u015ftay denetimlerinde 111 kamu idaresinin yard\u0131m yapt\u0131\u011f\u0131 vak\u0131flar\u0131n isimlerini gizledi\u011fini kaydetti. B\u00fct\u00e7e s\u0131k\u0131nt\u0131s\u0131n\u0131n oldu\u011funu savunan \u00dcnsal, devletin sermayeye verdi\u011fi te\u015fviklerin 2024 y\u0131l\u0131 itibar\u0131yla 1.8 trilyon liraya ula\u015faca\u011f\u0131n\u0131 da kaydetti. E\u011fitim alan\u0131ndaki tasarruf uygulamalar\u0131n\u0131n derhal sonland\u0131r\u0131lmas\u0131 gerekti\u011fini dile getiren \u00dcnsal, &#8220;Kamuda tasarruf ad\u0131 alt\u0131nda e\u011fitim ve sa\u011fl\u0131k hakk\u0131 engellenmektedir. Fakat yap-i\u015flet-devret projeleri kapsam\u0131nda k\u00f6pr\u00fclerden karayollar\u0131na taahh\u00fct edilen garanti bedelleri adeta bir soyguna d\u00f6n\u00fc\u015fm\u00fc\u015ft\u00fcr. \u00d6n\u00fcm\u00fczdeki 3 y\u0131l \u00f6denmesi planlanan bedel 328,7 milyar TL\u2019ye ula\u015fm\u0131\u015ft\u0131r. Plans\u0131zl\u0131\u011f\u0131n ve \u00f6ng\u00f6r\u00fcs\u00fcz\u00fcl\u00fc\u011f\u00fcn &hellip;","og_url":"https:\/\/denizcankizil.tr\/uk\/haberler\/gundem\/egitim-sen-subesi-temizlik-krizine-dikkat-cekti\/","og_site_name":"Av. Deniz Can K\u0131z\u0131l","article_published_time":"2024-10-15T14:43:05+00:00","twitter_card":"summary_large_image","twitter_misc":{"\u041f\u0440\u0438\u0431\u043b. \u0447\u0430\u0441 \u0447\u0438\u0442\u0430\u043d\u043d\u044f":"2 \u0445\u0432\u0438\u043b\u0438\u043d\u0438"},"schema":{"@context":"https:\/\/schema.org","@graph":[{"@type":"Article","@id":"https:\/\/denizcankizil.tr\/uk\/haberler\/gundem\/egitim-sen-subesi-temizlik-krizine-dikkat-cekti\/#article","isPartOf":{"@id":"https:\/\/denizcankizil.tr\/uk\/haberler\/gundem\/egitim-sen-subesi-temizlik-krizine-dikkat-cekti\/"},"author":{"name":"","@id":""},"headline":"E\u011fitim-SEN \u015fubesi temizlik krizine dikkat \u00e7ekti!","datePublished":"2024-10-15T14:43:05+00:00","mainEntityOfPage":{"@id":"https:\/\/denizcankizil.tr\/uk\/haberler\/gundem\/egitim-sen-subesi-temizlik-krizine-dikkat-cekti\/"},"wordCount":426,"commentCount":0,"publisher":{"@id":"https:\/\/denizcankizil.tr\/#organization"},"articleSection":["G\u00fcndem"],"inLanguage":"uk","potentialAction":[{"@type":"CommentAction","name":"Comment","target":["https:\/\/denizcankizil.tr\/uk\/haberler\/gundem\/egitim-sen-subesi-temizlik-krizine-dikkat-cekti\/#respond"]}]},{"@type":"WebPage","@id":"https:\/\/denizcankizil.tr\/uk\/haberler\/gundem\/egitim-sen-subesi-temizlik-krizine-dikkat-cekti\/","url":"https:\/\/denizcankizil.tr\/uk\/haberler\/gundem\/egitim-sen-subesi-temizlik-krizine-dikkat-cekti\/","name":"E\u011fitim-SEN \u015fubesi temizlik krizine dikkat \u00e7ekti! - Av. Deniz Can K\u0131z\u0131l","isPartOf":{"@id":"https:\/\/denizcankizil.tr\/#website"},"datePublished":"2024-10-15T14:43:05+00:00","breadcrumb":{"@id":"https:\/\/denizcankizil.tr\/uk\/haberler\/gundem\/egitim-sen-subesi-temizlik-krizine-dikkat-cekti\/#breadcrumb"},"inLanguage":"uk","potentialAction":[{"@type":"ReadAction","target":["https:\/\/denizcankizil.tr\/uk\/haberler\/gundem\/egitim-sen-subesi-temizlik-krizine-dikkat-cekti\/"]}]},{"@type":"BreadcrumbList","@id":"https:\/\/denizcankizil.tr\/uk\/haberler\/gundem\/egitim-sen-subesi-temizlik-krizine-dikkat-cekti\/#breadcrumb","itemListElement":[{"@type":"ListItem","position":1,"name":"Home","item":"https:\/\/denizcankizil.tr\/de\/"},{"@type":"ListItem","position":2,"name":"E\u011fitim-SEN \u015fubesi temizlik krizine dikkat \u00e7ekti!"}]},{"@type":"WebSite","@id":"https:\/\/denizcankizil.tr\/#website","url":"https:\/\/denizcankizil.tr\/","name":"Av. Deniz Can K\u0131z\u0131l","description":"Avukat Deniz Can K\u0131z\u0131l Antalya Barosu","publisher":{"@id":"https:\/\/denizcankizil.tr\/#organization"},"potentialAction":[{"@type":"SearchAction","target":{"@type":"EntryPoint","urlTemplate":"https:\/\/denizcankizil.tr\/?s={search_term_string}"},"query-input":{"@type":"PropertyValueSpecification","valueRequired":true,"valueName":"search_term_string"}}],"inLanguage":"uk"},{"@type":"Organization","@id":"https:\/\/denizcankizil.tr\/#organization","name":"Av. Deniz Can K\u0131z\u0131l","url":"https:\/\/denizcankizil.tr\/","logo":{"@type":"ImageObject","inLanguage":"uk","@id":"https:\/\/denizcankizil.tr\/#\/schema\/logo\/image\/","url":"https:\/\/denizcankizil.tr\/wp-content\/uploads\/2024\/10\/siyah-logo-svg.svg","contentUrl":"https:\/\/denizcankizil.tr\/wp-content\/uploads\/2024\/10\/siyah-logo-svg.svg","width":1080,"height":1080,"caption":"Av. Deniz Can K\u0131z\u0131l"},"image":{"@id":"https:\/\/denizcankizil.tr\/#\/schema\/logo\/image\/"}}]}},"_links":{"self":[{"href":"https:\/\/denizcankizil.tr\/uk\/wp-json\/wp\/v2\/posts\/2909","targetHints":{"allow":["GET"]}}],"collection":[{"href":"https:\/\/denizcankizil.tr\/uk\/wp-json\/wp\/v2\/posts"}],"about":[{"href":"https:\/\/denizcankizil.tr\/uk\/wp-json\/wp\/v2\/types\/post"}],"replies":[{"embeddable":true,"href":"https:\/\/denizcankizil.tr\/uk\/wp-json\/wp\/v2\/comments?post=2909"}],"version-history":[{"count":0,"href":"https:\/\/denizcankizil.tr\/uk\/wp-json\/wp\/v2\/posts\/2909\/revisions"}],"wp:attachment":[{"href":"https:\/\/denizcankizil.tr\/uk\/wp-json\/wp\/v2\/media?parent=2909"}],"wp:term":[{"taxonomy":"category","embeddable":true,"href":"https:\/\/denizcankizil.tr\/uk\/wp-json\/wp\/v2\/categories?post=2909"},{"taxonomy":"post_tag","embeddable":true,"href":"https:\/\/denizcankizil.tr\/uk\/wp-json\/wp\/v2\/tags?post=2909"}],"curies":[{"name":"wp","href":"https:\/\/api.w.org\/{rel}","templated":true}]}}