{"id":29049,"date":"2025-01-31T15:42:43","date_gmt":"2025-01-31T12:42:43","guid":{"rendered":"https:\/\/denizcankizil.tr\/uncategorized-tr\/sakaryada-ara-tatil-atolyeleri-sona-erdi\/"},"modified":"2025-01-31T15:42:43","modified_gmt":"2025-01-31T12:42:43","slug":"sakaryada-ara-tatil-atolyeleri-sona-erdi","status":"publish","type":"post","link":"https:\/\/denizcankizil.tr\/uk\/haberler\/gundem\/sakaryada-ara-tatil-atolyeleri-sona-erdi\/","title":{"rendered":"Sakarya&#8217;da ara tatil at\u00f6lyeleri sona erdi"},"content":{"rendered":"<p>Sakarya B\u00fcy\u00fck\u015fehir Belediyesi Akyaz\u0131 Sosyal Geli\u015fim Merkezinde \u201cAra Tatil At\u00f6lyeleri\u201d kapsam\u0131nda yap\u0131lan workshoplarda renkli g\u00f6r\u00fcnt\u00fcler ortaya \u00e7\u0131kt\u0131. \u00c7ocuklar ve aileleri iki hafta s\u00fcren at\u00f6lyelerde hem e\u011flendi hem de yeni beceriler kazand\u0131.SAKARYA (\u0130GFA) &#8211;\u00a0Sakarya B\u00fcy\u00fck\u015fehir Belediyesi Akyaz\u0131 Sosyal Geli\u015fim Merkezinde (SGM) yar\u0131y\u0131l tatilinde \u00e7ocuklar ve aileleri i\u00e7in d\u00fczenlenen &#8220;Ara Tatil At\u00f6lyeleri&#8221; sona erdi.<br \/>\nBirbirinden yarat\u0131c\u0131 etkinlikler<br \/>\nAkyaz\u0131 SGM\u2019de ara tatilde anne \u00e7ocuk workshop etkinlikleri kapsam\u0131nda \u201cKil etkinli\u011fi\u201d, \u201cDekorasyon \u00dcr\u00fcn etkinli\u011fi\u201d, \u201cEtamin etkinli\u011fi\u201d, \u201cAnahtarl\u0131k etkinli\u011fi\u201d, \u201cEbru etkinli\u011fi\u201d, \u201cOyun etkinli\u011fi\u201d at\u00f6lyelerini kapsayan bu at\u00f6lyeler, tatil d\u00f6nemini e\u011flenceli ve verimli bir \u015fekilde de\u011ferlendirmek isteyen aileler i\u00e7in m\u00fckemmel bir f\u0131rsat sundu.<br \/>\nRenkli g\u00f6r\u00fcnt\u00fcler ortaya \u00e7\u0131kt\u0131<br \/>\nAilelerin \u00e7ocuklar\u0131yla birlikte kat\u0131larak aralar\u0131ndaki ba\u011f\u0131 g\u00fc\u00e7lendirmelerine, \u00e7ocuklar\u0131n \u00f6zg\u00fcven ve yarat\u0131c\u0131l\u0131klar\u0131n\u0131 geli\u015ftirmelerine, sosyal becerilerini art\u0131rmalar\u0131na olanak tan\u0131yan at\u00f6lyelerde renkli g\u00f6r\u00fcnt\u00fcler olu\u015ftu. \u0130ki hafta s\u00fcren etkinliklerde ebeveyn-\u00e7ocuk kat\u0131l\u0131ml\u0131 \u00f6zel \u00e7al\u0131\u015fmalar yer ald\u0131. \u00c7ocuklar ebeveynleriyle birlikte kaliteli zaman ge\u00e7irmenin keyfini ya\u015fad\u0131\u011f\u0131 at\u00f6lyeler, ayr\u0131ca \u00e7ocuklar el becerilerini, hayal g\u00fc\u00e7leri e\u011flenceli bir ortamda desteklendi.<\/p>\n<p>\u200bSakarya B\u00fcy\u00fck\u015fehir Belediyesi Akyaz\u0131 Sosyal Geli\u015fim Merkezinde \u201cAra Tatil At\u00f6lyeleri\u201d kapsam\u0131nda yap\u0131lan workshoplarda renkli g\u00f6r\u00fcnt\u00fcler ortaya \u00e7\u0131kt\u0131. \u00c7ocuklar ve aileleri iki hafta s\u00fcren at\u00f6lyelerde hem e\u011flendi hem de yeni beceriler kazand\u0131.SAKARYA (\u0130GFA) &#8211;\u00a0Sakarya B\u00fcy\u00fck\u015fehir Belediyesi Akyaz\u0131 Sosyal Geli\u015fim Merkezinde (SGM) yar\u0131y\u0131l tatilinde \u00e7ocuklar ve aileleri i\u00e7in d\u00fczenlenen &#8220;Ara Tatil At\u00f6lyeleri&#8221; sona erdi.<br \/>\nBirbirinden yarat\u0131c\u0131 etkinlikler<br \/>\nAkyaz\u0131 SGM\u2019de ara tatilde anne \u00e7ocuk workshop etkinlikleri kapsam\u0131nda \u201cKil etkinli\u011fi\u201d, \u201cDekorasyon \u00dcr\u00fcn etkinli\u011fi\u201d, \u201cEtamin etkinli\u011fi\u201d, \u201cAnahtarl\u0131k etkinli\u011fi\u201d, \u201cEbru etkinli\u011fi\u201d, \u201cOyun etkinli\u011fi\u201d at\u00f6lyelerini kapsayan bu at\u00f6lyeler, tatil d\u00f6nemini e\u011flenceli ve verimli bir \u015fekilde de\u011ferlendirmek isteyen aileler i\u00e7in m\u00fckemmel bir f\u0131rsat sundu.<br \/>\nRenkli g\u00f6r\u00fcnt\u00fcler ortaya \u00e7\u0131kt\u0131<br \/>\nAilelerin \u00e7ocuklar\u0131yla birlikte kat\u0131larak aralar\u0131ndaki ba\u011f\u0131 g\u00fc\u00e7lendirmelerine, \u00e7ocuklar\u0131n \u00f6zg\u00fcven ve yarat\u0131c\u0131l\u0131klar\u0131n\u0131 geli\u015ftirmelerine, sosyal becerilerini art\u0131rmalar\u0131na olanak tan\u0131yan at\u00f6lyelerde renkli g\u00f6r\u00fcnt\u00fcler olu\u015ftu. \u0130ki hafta s\u00fcren etkinliklerde ebeveyn-\u00e7ocuk kat\u0131l\u0131ml\u0131 \u00f6zel \u00e7al\u0131\u015fmalar yer ald\u0131. \u00c7ocuklar ebeveynleriyle birlikte kaliteli zaman ge\u00e7irmenin keyfini ya\u015fad\u0131\u011f\u0131 at\u00f6lyeler, ayr\u0131ca \u00e7ocuklar el becerilerini, hayal g\u00fc\u00e7leri e\u011flenceli bir ortamda desteklendi.\u00a0<\/p>\n<p>\u200bHaberin Al\u0131nt\u0131land\u0131\u011f\u0131 Kaynak: www.iskenderun.org<\/p>","protected":false},"excerpt":{"rendered":"<p>Sakarya B\u00fcy\u00fck\u015fehir Belediyesi Akyaz\u0131 Sosyal Geli\u015fim Merkezinde \u201cAra Tatil At\u00f6lyeleri\u201d kapsam\u0131nda yap\u0131lan workshoplarda renkli g\u00f6r\u00fcnt\u00fcler ortaya \u00e7\u0131kt\u0131. \u00c7ocuklar ve aileleri iki hafta s\u00fcren at\u00f6lyelerde hem e\u011flendi hem de yeni beceriler kazand\u0131.SAKARYA (\u0130GFA) &#8211;\u00a0Sakarya B\u00fcy\u00fck\u015fehir Belediyesi Akyaz\u0131 Sosyal Geli\u015fim Merkezinde (SGM) yar\u0131y\u0131l tatilinde \u00e7ocuklar ve aileleri i\u00e7in d\u00fczenlenen &#8220;Ara Tatil At\u00f6lyeleri&#8221; sona erdi. Birbirinden yarat\u0131c\u0131 etkinlikler Akyaz\u0131 SGM\u2019de ara tatilde anne \u00e7ocuk workshop etkinlikleri kapsam\u0131nda \u201cKil etkinli\u011fi\u201d, \u201cDekorasyon \u00dcr\u00fcn etkinli\u011fi\u201d, \u201cEtamin etkinli\u011fi\u201d, \u201cAnahtarl\u0131k etkinli\u011fi\u201d, \u201cEbru etkinli\u011fi\u201d, \u201cOyun etkinli\u011fi\u201d at\u00f6lyelerini kapsayan bu at\u00f6lyeler, tatil d\u00f6nemini e\u011flenceli ve verimli bir \u015fekilde de\u011ferlendirmek isteyen aileler i\u00e7in m\u00fckemmel bir f\u0131rsat sundu. Renkli g\u00f6r\u00fcnt\u00fcler ortaya \u00e7\u0131kt\u0131 Ailelerin \u00e7ocuklar\u0131yla birlikte kat\u0131larak aralar\u0131ndaki ba\u011f\u0131 g\u00fc\u00e7lendirmelerine, \u00e7ocuklar\u0131n \u00f6zg\u00fcven ve yarat\u0131c\u0131l\u0131klar\u0131n\u0131 geli\u015ftirmelerine, sosyal becerilerini art\u0131rmalar\u0131na olanak tan\u0131yan at\u00f6lyelerde renkli g\u00f6r\u00fcnt\u00fcler olu\u015ftu. \u0130ki hafta s\u00fcren etkinliklerde ebeveyn-\u00e7ocuk kat\u0131l\u0131ml\u0131 \u00f6zel \u00e7al\u0131\u015fmalar yer ald\u0131. \u00c7ocuklar ebeveynleriyle birlikte kaliteli zaman ge\u00e7irmenin keyfini ya\u015fad\u0131\u011f\u0131 at\u00f6lyeler, ayr\u0131ca \u00e7ocuklar el becerilerini, hayal g\u00fc\u00e7leri e\u011flenceli bir ortamda desteklendi. \u200bSakarya B\u00fcy\u00fck\u015fehir Belediyesi Akyaz\u0131 Sosyal Geli\u015fim Merkezinde \u201cAra Tatil At\u00f6lyeleri\u201d kapsam\u0131nda yap\u0131lan workshoplarda renkli g\u00f6r\u00fcnt\u00fcler ortaya \u00e7\u0131kt\u0131. \u00c7ocuklar ve aileleri iki hafta s\u00fcren at\u00f6lyelerde hem e\u011flendi hem de yeni beceriler kazand\u0131.SAKARYA (\u0130GFA) &#8211;\u00a0Sakarya B\u00fcy\u00fck\u015fehir Belediyesi Akyaz\u0131 Sosyal Geli\u015fim Merkezinde (SGM) yar\u0131y\u0131l tatilinde \u00e7ocuklar ve aileleri i\u00e7in d\u00fczenlenen &#8220;Ara Tatil At\u00f6lyeleri&#8221; &hellip;<\/p>","protected":false},"author":1,"featured_media":0,"comment_status":"open","ping_status":"open","sticky":false,"template":"","format":"standard","meta":{"_acf_changed":false,"footnotes":""},"categories":[24],"tags":[],"class_list":["post-29049","post","type-post","status-publish","format-standard","has-post-thumbnail","hentry","category-gundem"],"acf":[],"yoast_head":"<!-- This site is optimized with the Yoast SEO Premium plugin v26.6 (Yoast SEO v27.1.1) - https:\/\/yoast.com\/product\/yoast-seo-premium-wordpress\/ -->\n<title>Sakarya&#039;da ara tatil at\u00f6lyeleri sona erdi - Av. Deniz Can K\u0131z\u0131l<\/title>\n<meta name=\"robots\" content=\"index, follow, max-snippet:-1, max-image-preview:large, max-video-preview:-1\" \/>\n<link rel=\"canonical\" href=\"https:\/\/denizcankizil.tr\/uk\/haberler\/gundem\/sakaryada-ara-tatil-atolyeleri-sona-erdi\/\" \/>\n<meta property=\"og:locale\" content=\"uk_UA\" \/>\n<meta property=\"og:type\" content=\"article\" \/>\n<meta property=\"og:title\" content=\"Sakarya&#039;da ara tatil at\u00f6lyeleri sona erdi\" \/>\n<meta property=\"og:description\" content=\"Sakarya B\u00fcy\u00fck\u015fehir Belediyesi Akyaz\u0131 Sosyal Geli\u015fim Merkezinde \u201cAra Tatil At\u00f6lyeleri\u201d kapsam\u0131nda yap\u0131lan workshoplarda renkli g\u00f6r\u00fcnt\u00fcler ortaya \u00e7\u0131kt\u0131. \u00c7ocuklar ve aileleri iki hafta s\u00fcren at\u00f6lyelerde hem e\u011flendi hem de yeni beceriler kazand\u0131.SAKARYA (\u0130GFA) &#8211;\u00a0Sakarya B\u00fcy\u00fck\u015fehir Belediyesi Akyaz\u0131 Sosyal Geli\u015fim Merkezinde (SGM) yar\u0131y\u0131l tatilinde \u00e7ocuklar ve aileleri i\u00e7in d\u00fczenlenen &#8220;Ara Tatil At\u00f6lyeleri&#8221; sona erdi. Birbirinden yarat\u0131c\u0131 etkinlikler Akyaz\u0131 SGM\u2019de ara tatilde anne \u00e7ocuk workshop etkinlikleri kapsam\u0131nda \u201cKil etkinli\u011fi\u201d, \u201cDekorasyon \u00dcr\u00fcn etkinli\u011fi\u201d, \u201cEtamin etkinli\u011fi\u201d, \u201cAnahtarl\u0131k etkinli\u011fi\u201d, \u201cEbru etkinli\u011fi\u201d, \u201cOyun etkinli\u011fi\u201d at\u00f6lyelerini kapsayan bu at\u00f6lyeler, tatil d\u00f6nemini e\u011flenceli ve verimli bir \u015fekilde de\u011ferlendirmek isteyen aileler i\u00e7in m\u00fckemmel bir f\u0131rsat sundu. Renkli g\u00f6r\u00fcnt\u00fcler ortaya \u00e7\u0131kt\u0131 Ailelerin \u00e7ocuklar\u0131yla birlikte kat\u0131larak aralar\u0131ndaki ba\u011f\u0131 g\u00fc\u00e7lendirmelerine, \u00e7ocuklar\u0131n \u00f6zg\u00fcven ve yarat\u0131c\u0131l\u0131klar\u0131n\u0131 geli\u015ftirmelerine, sosyal becerilerini art\u0131rmalar\u0131na olanak tan\u0131yan at\u00f6lyelerde renkli g\u00f6r\u00fcnt\u00fcler olu\u015ftu. \u0130ki hafta s\u00fcren etkinliklerde ebeveyn-\u00e7ocuk kat\u0131l\u0131ml\u0131 \u00f6zel \u00e7al\u0131\u015fmalar yer ald\u0131. \u00c7ocuklar ebeveynleriyle birlikte kaliteli zaman ge\u00e7irmenin keyfini ya\u015fad\u0131\u011f\u0131 at\u00f6lyeler, ayr\u0131ca \u00e7ocuklar el becerilerini, hayal g\u00fc\u00e7leri e\u011flenceli bir ortamda desteklendi. \u200bSakarya B\u00fcy\u00fck\u015fehir Belediyesi Akyaz\u0131 Sosyal Geli\u015fim Merkezinde \u201cAra Tatil At\u00f6lyeleri\u201d kapsam\u0131nda yap\u0131lan workshoplarda renkli g\u00f6r\u00fcnt\u00fcler ortaya \u00e7\u0131kt\u0131. \u00c7ocuklar ve aileleri iki hafta s\u00fcren at\u00f6lyelerde hem e\u011flendi hem de yeni beceriler kazand\u0131.SAKARYA (\u0130GFA) &#8211;\u00a0Sakarya B\u00fcy\u00fck\u015fehir Belediyesi Akyaz\u0131 Sosyal Geli\u015fim Merkezinde (SGM) yar\u0131y\u0131l tatilinde \u00e7ocuklar ve aileleri i\u00e7in d\u00fczenlenen &#8220;Ara Tatil At\u00f6lyeleri&#8221; &hellip;\" \/>\n<meta property=\"og:url\" content=\"https:\/\/denizcankizil.tr\/uk\/haberler\/gundem\/sakaryada-ara-tatil-atolyeleri-sona-erdi\/\" \/>\n<meta property=\"og:site_name\" content=\"Av. Deniz Can K\u0131z\u0131l\" \/>\n<meta property=\"article:published_time\" content=\"2025-01-31T12:42:43+00:00\" \/>\n<meta name=\"author\" content=\"admin\" \/>\n<meta name=\"twitter:card\" content=\"summary_large_image\" \/>\n<meta name=\"twitter:label1\" content=\"\u041d\u0430\u043f\u0438\u0441\u0430\u043d\u043e\" \/>\n\t<meta name=\"twitter:data1\" content=\"admin\" \/>\n\t<meta name=\"twitter:label2\" content=\"\u041f\u0440\u0438\u0431\u043b. \u0447\u0430\u0441 \u0447\u0438\u0442\u0430\u043d\u043d\u044f\" \/>\n\t<meta name=\"twitter:data2\" content=\"2 \u0445\u0432\u0438\u043b\u0438\u043d\u0438\" \/>\n<script type=\"application\/ld+json\" class=\"yoast-schema-graph\">{\"@context\":\"https:\/\/schema.org\",\"@graph\":[{\"@type\":\"Article\",\"@id\":\"https:\/\/denizcankizil.tr\/uk\/haberler\/gundem\/sakaryada-ara-tatil-atolyeleri-sona-erdi\/#article\",\"isPartOf\":{\"@id\":\"https:\/\/denizcankizil.tr\/uk\/haberler\/gundem\/sakaryada-ara-tatil-atolyeleri-sona-erdi\/\"},\"author\":{\"name\":\"admin\",\"@id\":\"https:\/\/denizcankizil.tr\/#\/schema\/person\/be3c05fe6a12686905512445d8185489\"},\"headline\":\"Sakarya&#8217;da ara tatil at\u00f6lyeleri sona erdi\",\"datePublished\":\"2025-01-31T12:42:43+00:00\",\"mainEntityOfPage\":{\"@id\":\"https:\/\/denizcankizil.tr\/uk\/haberler\/gundem\/sakaryada-ara-tatil-atolyeleri-sona-erdi\/\"},\"wordCount\":468,\"commentCount\":0,\"publisher\":{\"@id\":\"https:\/\/denizcankizil.tr\/#organization\"},\"articleSection\":[\"G\u00fcndem\"],\"inLanguage\":\"uk\",\"potentialAction\":[{\"@type\":\"CommentAction\",\"name\":\"Comment\",\"target\":[\"https:\/\/denizcankizil.tr\/uk\/haberler\/gundem\/sakaryada-ara-tatil-atolyeleri-sona-erdi\/#respond\"]}]},{\"@type\":\"WebPage\",\"@id\":\"https:\/\/denizcankizil.tr\/uk\/haberler\/gundem\/sakaryada-ara-tatil-atolyeleri-sona-erdi\/\",\"url\":\"https:\/\/denizcankizil.tr\/uk\/haberler\/gundem\/sakaryada-ara-tatil-atolyeleri-sona-erdi\/\",\"name\":\"Sakarya'da ara tatil at\u00f6lyeleri sona erdi - Av. Deniz Can K\u0131z\u0131l\",\"isPartOf\":{\"@id\":\"https:\/\/denizcankizil.tr\/#website\"},\"datePublished\":\"2025-01-31T12:42:43+00:00\",\"breadcrumb\":{\"@id\":\"https:\/\/denizcankizil.tr\/uk\/haberler\/gundem\/sakaryada-ara-tatil-atolyeleri-sona-erdi\/#breadcrumb\"},\"inLanguage\":\"uk\",\"potentialAction\":[{\"@type\":\"ReadAction\",\"target\":[\"https:\/\/denizcankizil.tr\/uk\/haberler\/gundem\/sakaryada-ara-tatil-atolyeleri-sona-erdi\/\"]}]},{\"@type\":\"BreadcrumbList\",\"@id\":\"https:\/\/denizcankizil.tr\/uk\/haberler\/gundem\/sakaryada-ara-tatil-atolyeleri-sona-erdi\/#breadcrumb\",\"itemListElement\":[{\"@type\":\"ListItem\",\"position\":1,\"name\":\"Home\",\"item\":\"https:\/\/denizcankizil.tr\/de\/\"},{\"@type\":\"ListItem\",\"position\":2,\"name\":\"Sakarya&#8217;da ara tatil at\u00f6lyeleri sona erdi\"}]},{\"@type\":\"WebSite\",\"@id\":\"https:\/\/denizcankizil.tr\/#website\",\"url\":\"https:\/\/denizcankizil.tr\/\",\"name\":\"Av. Deniz Can K\u0131z\u0131l\",\"description\":\"Avukat Deniz Can K\u0131z\u0131l Antalya Barosu\",\"publisher\":{\"@id\":\"https:\/\/denizcankizil.tr\/#organization\"},\"potentialAction\":[{\"@type\":\"SearchAction\",\"target\":{\"@type\":\"EntryPoint\",\"urlTemplate\":\"https:\/\/denizcankizil.tr\/?s={search_term_string}\"},\"query-input\":{\"@type\":\"PropertyValueSpecification\",\"valueRequired\":true,\"valueName\":\"search_term_string\"}}],\"inLanguage\":\"uk\"},{\"@type\":\"Organization\",\"@id\":\"https:\/\/denizcankizil.tr\/#organization\",\"name\":\"Av. Deniz Can K\u0131z\u0131l\",\"url\":\"https:\/\/denizcankizil.tr\/\",\"logo\":{\"@type\":\"ImageObject\",\"inLanguage\":\"uk\",\"@id\":\"https:\/\/denizcankizil.tr\/#\/schema\/logo\/image\/\",\"url\":\"https:\/\/denizcankizil.tr\/wp-content\/uploads\/2024\/10\/siyah-logo-svg.svg\",\"contentUrl\":\"https:\/\/denizcankizil.tr\/wp-content\/uploads\/2024\/10\/siyah-logo-svg.svg\",\"width\":1080,\"height\":1080,\"caption\":\"Av. Deniz Can K\u0131z\u0131l\"},\"image\":{\"@id\":\"https:\/\/denizcankizil.tr\/#\/schema\/logo\/image\/\"}},{\"@type\":\"Person\",\"@id\":\"https:\/\/denizcankizil.tr\/#\/schema\/person\/be3c05fe6a12686905512445d8185489\",\"name\":\"admin\",\"image\":{\"@type\":\"ImageObject\",\"inLanguage\":\"uk\",\"@id\":\"https:\/\/denizcankizil.tr\/#\/schema\/person\/image\/\",\"url\":\"https:\/\/secure.gravatar.com\/avatar\/c1fce94c830dc79107e174f890d7210541c4a63e8e5d816341794a2151c9d58c?s=96&d=mm&r=g\",\"contentUrl\":\"https:\/\/secure.gravatar.com\/avatar\/c1fce94c830dc79107e174f890d7210541c4a63e8e5d816341794a2151c9d58c?s=96&d=mm&r=g\",\"caption\":\"admin\"},\"sameAs\":[\"http:\/\/denizcankizil.tr\"],\"url\":\"https:\/\/www.iskenderun.org\/sakaryada-ara-tatil-atolyeleri-sona-erdi\"}]}<\/script>\n<!-- \/ Yoast SEO Premium plugin. -->","yoast_head_json":{"title":"Sakarya'da ara tatil at\u00f6lyeleri sona erdi - Av. Deniz Can K\u0131z\u0131l","robots":{"index":"index","follow":"follow","max-snippet":"max-snippet:-1","max-image-preview":"max-image-preview:large","max-video-preview":"max-video-preview:-1"},"canonical":"https:\/\/denizcankizil.tr\/uk\/haberler\/gundem\/sakaryada-ara-tatil-atolyeleri-sona-erdi\/","og_locale":"uk_UA","og_type":"article","og_title":"Sakarya'da ara tatil at\u00f6lyeleri sona erdi","og_description":"Sakarya B\u00fcy\u00fck\u015fehir Belediyesi Akyaz\u0131 Sosyal Geli\u015fim Merkezinde \u201cAra Tatil At\u00f6lyeleri\u201d kapsam\u0131nda yap\u0131lan workshoplarda renkli g\u00f6r\u00fcnt\u00fcler ortaya \u00e7\u0131kt\u0131. \u00c7ocuklar ve aileleri iki hafta s\u00fcren at\u00f6lyelerde hem e\u011flendi hem de yeni beceriler kazand\u0131.SAKARYA (\u0130GFA) &#8211;\u00a0Sakarya B\u00fcy\u00fck\u015fehir Belediyesi Akyaz\u0131 Sosyal Geli\u015fim Merkezinde (SGM) yar\u0131y\u0131l tatilinde \u00e7ocuklar ve aileleri i\u00e7in d\u00fczenlenen &#8220;Ara Tatil At\u00f6lyeleri&#8221; sona erdi. Birbirinden yarat\u0131c\u0131 etkinlikler Akyaz\u0131 SGM\u2019de ara tatilde anne \u00e7ocuk workshop etkinlikleri kapsam\u0131nda \u201cKil etkinli\u011fi\u201d, \u201cDekorasyon \u00dcr\u00fcn etkinli\u011fi\u201d, \u201cEtamin etkinli\u011fi\u201d, \u201cAnahtarl\u0131k etkinli\u011fi\u201d, \u201cEbru etkinli\u011fi\u201d, \u201cOyun etkinli\u011fi\u201d at\u00f6lyelerini kapsayan bu at\u00f6lyeler, tatil d\u00f6nemini e\u011flenceli ve verimli bir \u015fekilde de\u011ferlendirmek isteyen aileler i\u00e7in m\u00fckemmel bir f\u0131rsat sundu. Renkli g\u00f6r\u00fcnt\u00fcler ortaya \u00e7\u0131kt\u0131 Ailelerin \u00e7ocuklar\u0131yla birlikte kat\u0131larak aralar\u0131ndaki ba\u011f\u0131 g\u00fc\u00e7lendirmelerine, \u00e7ocuklar\u0131n \u00f6zg\u00fcven ve yarat\u0131c\u0131l\u0131klar\u0131n\u0131 geli\u015ftirmelerine, sosyal becerilerini art\u0131rmalar\u0131na olanak tan\u0131yan at\u00f6lyelerde renkli g\u00f6r\u00fcnt\u00fcler olu\u015ftu. \u0130ki hafta s\u00fcren etkinliklerde ebeveyn-\u00e7ocuk kat\u0131l\u0131ml\u0131 \u00f6zel \u00e7al\u0131\u015fmalar yer ald\u0131. \u00c7ocuklar ebeveynleriyle birlikte kaliteli zaman ge\u00e7irmenin keyfini ya\u015fad\u0131\u011f\u0131 at\u00f6lyeler, ayr\u0131ca \u00e7ocuklar el becerilerini, hayal g\u00fc\u00e7leri e\u011flenceli bir ortamda desteklendi. \u200bSakarya B\u00fcy\u00fck\u015fehir Belediyesi Akyaz\u0131 Sosyal Geli\u015fim Merkezinde \u201cAra Tatil At\u00f6lyeleri\u201d kapsam\u0131nda yap\u0131lan workshoplarda renkli g\u00f6r\u00fcnt\u00fcler ortaya \u00e7\u0131kt\u0131. \u00c7ocuklar ve aileleri iki hafta s\u00fcren at\u00f6lyelerde hem e\u011flendi hem de yeni beceriler kazand\u0131.SAKARYA (\u0130GFA) &#8211;\u00a0Sakarya B\u00fcy\u00fck\u015fehir Belediyesi Akyaz\u0131 Sosyal Geli\u015fim Merkezinde (SGM) yar\u0131y\u0131l tatilinde \u00e7ocuklar ve aileleri i\u00e7in d\u00fczenlenen &#8220;Ara Tatil At\u00f6lyeleri&#8221; &hellip;","og_url":"https:\/\/denizcankizil.tr\/uk\/haberler\/gundem\/sakaryada-ara-tatil-atolyeleri-sona-erdi\/","og_site_name":"Av. Deniz Can K\u0131z\u0131l","article_published_time":"2025-01-31T12:42:43+00:00","author":"admin","twitter_card":"summary_large_image","twitter_misc":{"\u041d\u0430\u043f\u0438\u0441\u0430\u043d\u043e":"admin","\u041f\u0440\u0438\u0431\u043b. \u0447\u0430\u0441 \u0447\u0438\u0442\u0430\u043d\u043d\u044f":"2 \u0445\u0432\u0438\u043b\u0438\u043d\u0438"},"schema":{"@context":"https:\/\/schema.org","@graph":[{"@type":"Article","@id":"https:\/\/denizcankizil.tr\/uk\/haberler\/gundem\/sakaryada-ara-tatil-atolyeleri-sona-erdi\/#article","isPartOf":{"@id":"https:\/\/denizcankizil.tr\/uk\/haberler\/gundem\/sakaryada-ara-tatil-atolyeleri-sona-erdi\/"},"author":{"name":"admin","@id":"https:\/\/denizcankizil.tr\/#\/schema\/person\/be3c05fe6a12686905512445d8185489"},"headline":"Sakarya&#8217;da ara tatil at\u00f6lyeleri sona erdi","datePublished":"2025-01-31T12:42:43+00:00","mainEntityOfPage":{"@id":"https:\/\/denizcankizil.tr\/uk\/haberler\/gundem\/sakaryada-ara-tatil-atolyeleri-sona-erdi\/"},"wordCount":468,"commentCount":0,"publisher":{"@id":"https:\/\/denizcankizil.tr\/#organization"},"articleSection":["G\u00fcndem"],"inLanguage":"uk","potentialAction":[{"@type":"CommentAction","name":"Comment","target":["https:\/\/denizcankizil.tr\/uk\/haberler\/gundem\/sakaryada-ara-tatil-atolyeleri-sona-erdi\/#respond"]}]},{"@type":"WebPage","@id":"https:\/\/denizcankizil.tr\/uk\/haberler\/gundem\/sakaryada-ara-tatil-atolyeleri-sona-erdi\/","url":"https:\/\/denizcankizil.tr\/uk\/haberler\/gundem\/sakaryada-ara-tatil-atolyeleri-sona-erdi\/","name":"Sakarya'da ara tatil at\u00f6lyeleri sona erdi - Av. Deniz Can K\u0131z\u0131l","isPartOf":{"@id":"https:\/\/denizcankizil.tr\/#website"},"datePublished":"2025-01-31T12:42:43+00:00","breadcrumb":{"@id":"https:\/\/denizcankizil.tr\/uk\/haberler\/gundem\/sakaryada-ara-tatil-atolyeleri-sona-erdi\/#breadcrumb"},"inLanguage":"uk","potentialAction":[{"@type":"ReadAction","target":["https:\/\/denizcankizil.tr\/uk\/haberler\/gundem\/sakaryada-ara-tatil-atolyeleri-sona-erdi\/"]}]},{"@type":"BreadcrumbList","@id":"https:\/\/denizcankizil.tr\/uk\/haberler\/gundem\/sakaryada-ara-tatil-atolyeleri-sona-erdi\/#breadcrumb","itemListElement":[{"@type":"ListItem","position":1,"name":"Home","item":"https:\/\/denizcankizil.tr\/de\/"},{"@type":"ListItem","position":2,"name":"Sakarya&#8217;da ara tatil at\u00f6lyeleri sona erdi"}]},{"@type":"WebSite","@id":"https:\/\/denizcankizil.tr\/#website","url":"https:\/\/denizcankizil.tr\/","name":"Av. Deniz Can K\u0131z\u0131l","description":"Avukat Deniz Can K\u0131z\u0131l Antalya Barosu","publisher":{"@id":"https:\/\/denizcankizil.tr\/#organization"},"potentialAction":[{"@type":"SearchAction","target":{"@type":"EntryPoint","urlTemplate":"https:\/\/denizcankizil.tr\/?s={search_term_string}"},"query-input":{"@type":"PropertyValueSpecification","valueRequired":true,"valueName":"search_term_string"}}],"inLanguage":"uk"},{"@type":"Organization","@id":"https:\/\/denizcankizil.tr\/#organization","name":"Av. Deniz Can K\u0131z\u0131l","url":"https:\/\/denizcankizil.tr\/","logo":{"@type":"ImageObject","inLanguage":"uk","@id":"https:\/\/denizcankizil.tr\/#\/schema\/logo\/image\/","url":"https:\/\/denizcankizil.tr\/wp-content\/uploads\/2024\/10\/siyah-logo-svg.svg","contentUrl":"https:\/\/denizcankizil.tr\/wp-content\/uploads\/2024\/10\/siyah-logo-svg.svg","width":1080,"height":1080,"caption":"Av. Deniz Can K\u0131z\u0131l"},"image":{"@id":"https:\/\/denizcankizil.tr\/#\/schema\/logo\/image\/"}},{"@type":"Person","@id":"https:\/\/denizcankizil.tr\/#\/schema\/person\/be3c05fe6a12686905512445d8185489","name":"\u0430\u0434\u043c\u0456\u043d","image":{"@type":"ImageObject","inLanguage":"uk","@id":"https:\/\/denizcankizil.tr\/#\/schema\/person\/image\/","url":"https:\/\/secure.gravatar.com\/avatar\/c1fce94c830dc79107e174f890d7210541c4a63e8e5d816341794a2151c9d58c?s=96&d=mm&r=g","contentUrl":"https:\/\/secure.gravatar.com\/avatar\/c1fce94c830dc79107e174f890d7210541c4a63e8e5d816341794a2151c9d58c?s=96&d=mm&r=g","caption":"admin"},"sameAs":["http:\/\/denizcankizil.tr"],"url":"https:\/\/www.iskenderun.org\/sakaryada-ara-tatil-atolyeleri-sona-erdi"}]}},"_links":{"self":[{"href":"https:\/\/denizcankizil.tr\/uk\/wp-json\/wp\/v2\/posts\/29049","targetHints":{"allow":["GET"]}}],"collection":[{"href":"https:\/\/denizcankizil.tr\/uk\/wp-json\/wp\/v2\/posts"}],"about":[{"href":"https:\/\/denizcankizil.tr\/uk\/wp-json\/wp\/v2\/types\/post"}],"author":[{"embeddable":true,"href":"https:\/\/denizcankizil.tr\/uk\/wp-json\/wp\/v2\/users\/1"}],"replies":[{"embeddable":true,"href":"https:\/\/denizcankizil.tr\/uk\/wp-json\/wp\/v2\/comments?post=29049"}],"version-history":[{"count":0,"href":"https:\/\/denizcankizil.tr\/uk\/wp-json\/wp\/v2\/posts\/29049\/revisions"}],"wp:attachment":[{"href":"https:\/\/denizcankizil.tr\/uk\/wp-json\/wp\/v2\/media?parent=29049"}],"wp:term":[{"taxonomy":"category","embeddable":true,"href":"https:\/\/denizcankizil.tr\/uk\/wp-json\/wp\/v2\/categories?post=29049"},{"taxonomy":"post_tag","embeddable":true,"href":"https:\/\/denizcankizil.tr\/uk\/wp-json\/wp\/v2\/tags?post=29049"}],"curies":[{"name":"wp","href":"https:\/\/api.w.org\/{rel}","templated":true}]}}