{"id":28790,"date":"2025-01-30T18:41:31","date_gmt":"2025-01-30T15:41:31","guid":{"rendered":"https:\/\/denizcankizil.tr\/uncategorized-tr\/ege-ruzgari-inegolde-esti-genclik-korosundan-muhtesem-konser\/"},"modified":"2025-01-30T18:41:31","modified_gmt":"2025-01-30T15:41:31","slug":"ege-ruzgari-inegolde-esti-genclik-korosundan-muhtesem-konser","status":"publish","type":"post","link":"https:\/\/denizcankizil.tr\/uk\/haberler\/gundem\/ege-ruzgari-inegolde-esti-genclik-korosundan-muhtesem-konser\/","title":{"rendered":"Ege R\u00fczgar\u0131 \u0130neg\u00f6l\u2019de Esti; Gen\u00e7lik Korosu\u2019ndan Muhte\u015fem Konser"},"content":{"rendered":"<p>\u0130neg\u00f6l Belediyesi T\u00fcrk Halk M\u00fczi\u011fi Gen\u00e7lik Korosu, Ocak ay\u0131 k\u00fclt\u00fcr sanat etkinlikleri kapsam\u0131nda d\u00fczenlenen Ege y\u00f6resi esintileri konseriyle sanatseverlerin kar\u015f\u0131s\u0131na \u00e7\u0131kt\u0131. Gen\u00e7ler, performanslar\u0131yla tam not al\u0131rken, kulaklar\u0131n da pas\u0131n\u0131 sildiler.<\/p>\n<p>\u200b\u0130neg\u00f6l Belediyesi T\u00fcrk Halk M\u00fczi\u011fi Gen\u00e7lik Korosu, Ocak ay\u0131 k\u00fclt\u00fcr sanat etkinlikleri kapsam\u0131nda d\u00fczenlenen Ege y\u00f6resi esintileri konseriyle sanatseverlerin kar\u015f\u0131s\u0131na \u00e7\u0131kt\u0131. Gen\u00e7ler, performanslar\u0131yla tam not al\u0131rken, kulaklar\u0131n da pas\u0131n\u0131 sildiler.\u00a0<\/p>\n<p>\u200bHaberin Al\u0131nt\u0131land\u0131\u011f\u0131 Kaynak: www.iskenderun.org<\/p>","protected":false},"excerpt":{"rendered":"<p>\u0130neg\u00f6l Belediyesi T\u00fcrk Halk M\u00fczi\u011fi Gen\u00e7lik Korosu, Ocak ay\u0131 k\u00fclt\u00fcr sanat etkinlikleri kapsam\u0131nda d\u00fczenlenen Ege y\u00f6resi esintileri konseriyle sanatseverlerin kar\u015f\u0131s\u0131na \u00e7\u0131kt\u0131. Gen\u00e7ler, performanslar\u0131yla tam not al\u0131rken, kulaklar\u0131n da pas\u0131n\u0131 sildiler. \u200b\u0130neg\u00f6l Belediyesi T\u00fcrk Halk M\u00fczi\u011fi Gen\u00e7lik Korosu, Ocak ay\u0131 k\u00fclt\u00fcr sanat etkinlikleri kapsam\u0131nda d\u00fczenlenen Ege y\u00f6resi esintileri konseriyle sanatseverlerin kar\u015f\u0131s\u0131na \u00e7\u0131kt\u0131. Gen\u00e7ler, performanslar\u0131yla tam not al\u0131rken, kulaklar\u0131n da pas\u0131n\u0131 sildiler.\u00a0 \u200bHaberin Al\u0131nt\u0131land\u0131\u011f\u0131 Kaynak: www.iskenderun.org<\/p>","protected":false},"author":1,"featured_media":0,"comment_status":"open","ping_status":"open","sticky":false,"template":"","format":"standard","meta":{"_acf_changed":false,"footnotes":""},"categories":[24],"tags":[],"class_list":["post-28790","post","type-post","status-publish","format-standard","has-post-thumbnail","hentry","category-gundem"],"acf":[],"yoast_head":"<!-- This site is optimized with the Yoast SEO Premium plugin v26.6 (Yoast SEO v27.1.1) - https:\/\/yoast.com\/product\/yoast-seo-premium-wordpress\/ -->\n<title>Ege R\u00fczgar\u0131 \u0130neg\u00f6l\u2019de Esti; Gen\u00e7lik Korosu\u2019ndan Muhte\u015fem Konser - Av. Deniz Can K\u0131z\u0131l<\/title>\n<meta name=\"robots\" content=\"index, follow, max-snippet:-1, max-image-preview:large, max-video-preview:-1\" \/>\n<link rel=\"canonical\" href=\"https:\/\/denizcankizil.tr\/uk\/haberler\/gundem\/ege-ruzgari-inegolde-esti-genclik-korosundan-muhtesem-konser\/\" \/>\n<meta property=\"og:locale\" content=\"uk_UA\" \/>\n<meta property=\"og:type\" content=\"article\" \/>\n<meta property=\"og:title\" content=\"Ege R\u00fczgar\u0131 \u0130neg\u00f6l\u2019de Esti; Gen\u00e7lik Korosu\u2019ndan Muhte\u015fem Konser\" \/>\n<meta property=\"og:description\" content=\"\u0130neg\u00f6l Belediyesi T\u00fcrk Halk M\u00fczi\u011fi Gen\u00e7lik Korosu, Ocak ay\u0131 k\u00fclt\u00fcr sanat etkinlikleri kapsam\u0131nda d\u00fczenlenen Ege y\u00f6resi esintileri konseriyle sanatseverlerin kar\u015f\u0131s\u0131na \u00e7\u0131kt\u0131. Gen\u00e7ler, performanslar\u0131yla tam not al\u0131rken, kulaklar\u0131n da pas\u0131n\u0131 sildiler. \u200b\u0130neg\u00f6l Belediyesi T\u00fcrk Halk M\u00fczi\u011fi Gen\u00e7lik Korosu, Ocak ay\u0131 k\u00fclt\u00fcr sanat etkinlikleri kapsam\u0131nda d\u00fczenlenen Ege y\u00f6resi esintileri konseriyle sanatseverlerin kar\u015f\u0131s\u0131na \u00e7\u0131kt\u0131. Gen\u00e7ler, performanslar\u0131yla tam not al\u0131rken, kulaklar\u0131n da pas\u0131n\u0131 sildiler.\u00a0 \u200bHaberin Al\u0131nt\u0131land\u0131\u011f\u0131 Kaynak: www.iskenderun.org\" \/>\n<meta property=\"og:url\" content=\"https:\/\/denizcankizil.tr\/uk\/haberler\/gundem\/ege-ruzgari-inegolde-esti-genclik-korosundan-muhtesem-konser\/\" \/>\n<meta property=\"og:site_name\" content=\"Av. Deniz Can K\u0131z\u0131l\" \/>\n<meta property=\"article:published_time\" content=\"2025-01-30T15:41:31+00:00\" \/>\n<meta name=\"author\" content=\"admin\" \/>\n<meta name=\"twitter:card\" content=\"summary_large_image\" \/>\n<meta name=\"twitter:label1\" content=\"\u041d\u0430\u043f\u0438\u0441\u0430\u043d\u043e\" \/>\n\t<meta name=\"twitter:data1\" content=\"admin\" \/>\n\t<meta name=\"twitter:label2\" content=\"\u041f\u0440\u0438\u0431\u043b. \u0447\u0430\u0441 \u0447\u0438\u0442\u0430\u043d\u043d\u044f\" \/>\n\t<meta name=\"twitter:data2\" content=\"1 \u0445\u0432\u0438\u043b\u0438\u043d\u0430\" \/>\n<script type=\"application\/ld+json\" class=\"yoast-schema-graph\">{\"@context\":\"https:\/\/schema.org\",\"@graph\":[{\"@type\":\"Article\",\"@id\":\"https:\/\/denizcankizil.tr\/en\/haberler\/gundem\/ege-ruzgari-inegolde-esti-genclik-korosundan-muhtesem-konser\/#article\",\"isPartOf\":{\"@id\":\"https:\/\/denizcankizil.tr\/en\/haberler\/gundem\/ege-ruzgari-inegolde-esti-genclik-korosundan-muhtesem-konser\/\"},\"author\":{\"name\":\"admin\",\"@id\":\"https:\/\/denizcankizil.tr\/de\/#\/schema\/person\/be3c05fe6a12686905512445d8185489\"},\"headline\":\"Ege R\u00fczgar\u0131 \u0130neg\u00f6l\u2019de Esti; Gen\u00e7lik Korosu\u2019ndan Muhte\u015fem Konser\",\"datePublished\":\"2025-01-30T15:41:31+00:00\",\"mainEntityOfPage\":{\"@id\":\"https:\/\/denizcankizil.tr\/en\/haberler\/gundem\/ege-ruzgari-inegolde-esti-genclik-korosundan-muhtesem-konser\/\"},\"wordCount\":116,\"commentCount\":0,\"publisher\":{\"@id\":\"https:\/\/denizcankizil.tr\/de\/#organization\"},\"articleSection\":[\"G\u00fcndem\"],\"inLanguage\":\"uk\",\"potentialAction\":[{\"@type\":\"CommentAction\",\"name\":\"Comment\",\"target\":[\"https:\/\/denizcankizil.tr\/en\/haberler\/gundem\/ege-ruzgari-inegolde-esti-genclik-korosundan-muhtesem-konser\/#respond\"]}]},{\"@type\":\"WebPage\",\"@id\":\"https:\/\/denizcankizil.tr\/en\/haberler\/gundem\/ege-ruzgari-inegolde-esti-genclik-korosundan-muhtesem-konser\/\",\"url\":\"https:\/\/denizcankizil.tr\/en\/haberler\/gundem\/ege-ruzgari-inegolde-esti-genclik-korosundan-muhtesem-konser\/\",\"name\":\"Ege R\u00fczgar\u0131 \u0130neg\u00f6l\u2019de Esti; Gen\u00e7lik Korosu\u2019ndan Muhte\u015fem Konser - Av. Deniz Can K\u0131z\u0131l\",\"isPartOf\":{\"@id\":\"https:\/\/denizcankizil.tr\/de\/#website\"},\"datePublished\":\"2025-01-30T15:41:31+00:00\",\"breadcrumb\":{\"@id\":\"https:\/\/denizcankizil.tr\/en\/haberler\/gundem\/ege-ruzgari-inegolde-esti-genclik-korosundan-muhtesem-konser\/#breadcrumb\"},\"inLanguage\":\"uk\",\"potentialAction\":[{\"@type\":\"ReadAction\",\"target\":[\"https:\/\/denizcankizil.tr\/en\/haberler\/gundem\/ege-ruzgari-inegolde-esti-genclik-korosundan-muhtesem-konser\/\"]}]},{\"@type\":\"BreadcrumbList\",\"@id\":\"https:\/\/denizcankizil.tr\/en\/haberler\/gundem\/ege-ruzgari-inegolde-esti-genclik-korosundan-muhtesem-konser\/#breadcrumb\",\"itemListElement\":[{\"@type\":\"ListItem\",\"position\":1,\"name\":\"Home\",\"item\":\"https:\/\/denizcankizil.tr\/de\/\"},{\"@type\":\"ListItem\",\"position\":2,\"name\":\"Ege R\u00fczgar\u0131 \u0130neg\u00f6l\u2019de Esti; Gen\u00e7lik Korosu\u2019ndan Muhte\u015fem Konser\"}]},{\"@type\":\"WebSite\",\"@id\":\"https:\/\/denizcankizil.tr\/de\/#website\",\"url\":\"https:\/\/denizcankizil.tr\/de\/\",\"name\":\"Av. Deniz Can K\u0131z\u0131l\",\"description\":\"Avukat Deniz Can K\u0131z\u0131l Antalya Barosu\",\"publisher\":{\"@id\":\"https:\/\/denizcankizil.tr\/de\/#organization\"},\"potentialAction\":[{\"@type\":\"SearchAction\",\"target\":{\"@type\":\"EntryPoint\",\"urlTemplate\":\"https:\/\/denizcankizil.tr\/de\/?s={search_term_string}\"},\"query-input\":{\"@type\":\"PropertyValueSpecification\",\"valueRequired\":true,\"valueName\":\"search_term_string\"}}],\"inLanguage\":\"uk\"},{\"@type\":\"Organization\",\"@id\":\"https:\/\/denizcankizil.tr\/de\/#organization\",\"name\":\"Av. Deniz Can K\u0131z\u0131l\",\"url\":\"https:\/\/denizcankizil.tr\/de\/\",\"logo\":{\"@type\":\"ImageObject\",\"inLanguage\":\"uk\",\"@id\":\"https:\/\/denizcankizil.tr\/de\/#\/schema\/logo\/image\/\",\"url\":\"https:\/\/denizcankizil.tr\/wp-content\/uploads\/2024\/10\/siyah-logo-svg.svg\",\"contentUrl\":\"https:\/\/denizcankizil.tr\/wp-content\/uploads\/2024\/10\/siyah-logo-svg.svg\",\"width\":1080,\"height\":1080,\"caption\":\"Av. Deniz Can K\u0131z\u0131l\"},\"image\":{\"@id\":\"https:\/\/denizcankizil.tr\/de\/#\/schema\/logo\/image\/\"}},{\"@type\":\"Person\",\"@id\":\"https:\/\/denizcankizil.tr\/de\/#\/schema\/person\/be3c05fe6a12686905512445d8185489\",\"name\":\"admin\",\"image\":{\"@type\":\"ImageObject\",\"inLanguage\":\"uk\",\"@id\":\"https:\/\/denizcankizil.tr\/de\/#\/schema\/person\/image\/\",\"url\":\"https:\/\/secure.gravatar.com\/avatar\/c1fce94c830dc79107e174f890d7210541c4a63e8e5d816341794a2151c9d58c?s=96&d=mm&r=g\",\"contentUrl\":\"https:\/\/secure.gravatar.com\/avatar\/c1fce94c830dc79107e174f890d7210541c4a63e8e5d816341794a2151c9d58c?s=96&d=mm&r=g\",\"caption\":\"admin\"},\"sameAs\":[\"http:\/\/denizcankizil.tr\"],\"url\":\"https:\/\/www.iskenderun.org\/ege-ruzgari-inegolde-esti-genclik-korosundan-muhtesem-konser\"}]}<\/script>\n<!-- \/ Yoast SEO Premium plugin. -->","yoast_head_json":{"title":"Ege R\u00fczgar\u0131 \u0130neg\u00f6l\u2019de Esti; Gen\u00e7lik Korosu\u2019ndan Muhte\u015fem Konser - Av. Deniz Can K\u0131z\u0131l","robots":{"index":"index","follow":"follow","max-snippet":"max-snippet:-1","max-image-preview":"max-image-preview:large","max-video-preview":"max-video-preview:-1"},"canonical":"https:\/\/denizcankizil.tr\/uk\/haberler\/gundem\/ege-ruzgari-inegolde-esti-genclik-korosundan-muhtesem-konser\/","og_locale":"uk_UA","og_type":"article","og_title":"Ege R\u00fczgar\u0131 \u0130neg\u00f6l\u2019de Esti; Gen\u00e7lik Korosu\u2019ndan Muhte\u015fem Konser","og_description":"\u0130neg\u00f6l Belediyesi T\u00fcrk Halk M\u00fczi\u011fi Gen\u00e7lik Korosu, Ocak ay\u0131 k\u00fclt\u00fcr sanat etkinlikleri kapsam\u0131nda d\u00fczenlenen Ege y\u00f6resi esintileri konseriyle sanatseverlerin kar\u015f\u0131s\u0131na \u00e7\u0131kt\u0131. Gen\u00e7ler, performanslar\u0131yla tam not al\u0131rken, kulaklar\u0131n da pas\u0131n\u0131 sildiler. \u200b\u0130neg\u00f6l Belediyesi T\u00fcrk Halk M\u00fczi\u011fi Gen\u00e7lik Korosu, Ocak ay\u0131 k\u00fclt\u00fcr sanat etkinlikleri kapsam\u0131nda d\u00fczenlenen Ege y\u00f6resi esintileri konseriyle sanatseverlerin kar\u015f\u0131s\u0131na \u00e7\u0131kt\u0131. Gen\u00e7ler, performanslar\u0131yla tam not al\u0131rken, kulaklar\u0131n da pas\u0131n\u0131 sildiler.\u00a0 \u200bHaberin Al\u0131nt\u0131land\u0131\u011f\u0131 Kaynak: www.iskenderun.org","og_url":"https:\/\/denizcankizil.tr\/uk\/haberler\/gundem\/ege-ruzgari-inegolde-esti-genclik-korosundan-muhtesem-konser\/","og_site_name":"Av. Deniz Can K\u0131z\u0131l","article_published_time":"2025-01-30T15:41:31+00:00","author":"admin","twitter_card":"summary_large_image","twitter_misc":{"\u041d\u0430\u043f\u0438\u0441\u0430\u043d\u043e":"admin","\u041f\u0440\u0438\u0431\u043b. \u0447\u0430\u0441 \u0447\u0438\u0442\u0430\u043d\u043d\u044f":"1 \u0445\u0432\u0438\u043b\u0438\u043d\u0430"},"schema":{"@context":"https:\/\/schema.org","@graph":[{"@type":"Article","@id":"https:\/\/denizcankizil.tr\/en\/haberler\/gundem\/ege-ruzgari-inegolde-esti-genclik-korosundan-muhtesem-konser\/#article","isPartOf":{"@id":"https:\/\/denizcankizil.tr\/en\/haberler\/gundem\/ege-ruzgari-inegolde-esti-genclik-korosundan-muhtesem-konser\/"},"author":{"name":"admin","@id":"https:\/\/denizcankizil.tr\/de\/#\/schema\/person\/be3c05fe6a12686905512445d8185489"},"headline":"Ege R\u00fczgar\u0131 \u0130neg\u00f6l\u2019de Esti; Gen\u00e7lik Korosu\u2019ndan Muhte\u015fem Konser","datePublished":"2025-01-30T15:41:31+00:00","mainEntityOfPage":{"@id":"https:\/\/denizcankizil.tr\/en\/haberler\/gundem\/ege-ruzgari-inegolde-esti-genclik-korosundan-muhtesem-konser\/"},"wordCount":116,"commentCount":0,"publisher":{"@id":"https:\/\/denizcankizil.tr\/de\/#organization"},"articleSection":["G\u00fcndem"],"inLanguage":"uk","potentialAction":[{"@type":"CommentAction","name":"Comment","target":["https:\/\/denizcankizil.tr\/en\/haberler\/gundem\/ege-ruzgari-inegolde-esti-genclik-korosundan-muhtesem-konser\/#respond"]}]},{"@type":"WebPage","@id":"https:\/\/denizcankizil.tr\/en\/haberler\/gundem\/ege-ruzgari-inegolde-esti-genclik-korosundan-muhtesem-konser\/","url":"https:\/\/denizcankizil.tr\/en\/haberler\/gundem\/ege-ruzgari-inegolde-esti-genclik-korosundan-muhtesem-konser\/","name":"Ege R\u00fczgar\u0131 \u0130neg\u00f6l\u2019de Esti; Gen\u00e7lik Korosu\u2019ndan Muhte\u015fem Konser - Av. Deniz Can K\u0131z\u0131l","isPartOf":{"@id":"https:\/\/denizcankizil.tr\/de\/#website"},"datePublished":"2025-01-30T15:41:31+00:00","breadcrumb":{"@id":"https:\/\/denizcankizil.tr\/en\/haberler\/gundem\/ege-ruzgari-inegolde-esti-genclik-korosundan-muhtesem-konser\/#breadcrumb"},"inLanguage":"uk","potentialAction":[{"@type":"ReadAction","target":["https:\/\/denizcankizil.tr\/en\/haberler\/gundem\/ege-ruzgari-inegolde-esti-genclik-korosundan-muhtesem-konser\/"]}]},{"@type":"BreadcrumbList","@id":"https:\/\/denizcankizil.tr\/en\/haberler\/gundem\/ege-ruzgari-inegolde-esti-genclik-korosundan-muhtesem-konser\/#breadcrumb","itemListElement":[{"@type":"ListItem","position":1,"name":"Home","item":"https:\/\/denizcankizil.tr\/de\/"},{"@type":"ListItem","position":2,"name":"Ege R\u00fczgar\u0131 \u0130neg\u00f6l\u2019de Esti; Gen\u00e7lik Korosu\u2019ndan Muhte\u015fem Konser"}]},{"@type":"WebSite","@id":"https:\/\/denizcankizil.tr\/de\/#website","url":"https:\/\/denizcankizil.tr\/de\/","name":"Av. Deniz Can K\u0131z\u0131l","description":"Avukat Deniz Can K\u0131z\u0131l Antalya Barosu","publisher":{"@id":"https:\/\/denizcankizil.tr\/de\/#organization"},"potentialAction":[{"@type":"SearchAction","target":{"@type":"EntryPoint","urlTemplate":"https:\/\/denizcankizil.tr\/de\/?s={search_term_string}"},"query-input":{"@type":"PropertyValueSpecification","valueRequired":true,"valueName":"search_term_string"}}],"inLanguage":"uk"},{"@type":"Organization","@id":"https:\/\/denizcankizil.tr\/de\/#organization","name":"Av. Deniz Can K\u0131z\u0131l","url":"https:\/\/denizcankizil.tr\/de\/","logo":{"@type":"ImageObject","inLanguage":"uk","@id":"https:\/\/denizcankizil.tr\/de\/#\/schema\/logo\/image\/","url":"https:\/\/denizcankizil.tr\/wp-content\/uploads\/2024\/10\/siyah-logo-svg.svg","contentUrl":"https:\/\/denizcankizil.tr\/wp-content\/uploads\/2024\/10\/siyah-logo-svg.svg","width":1080,"height":1080,"caption":"Av. Deniz Can K\u0131z\u0131l"},"image":{"@id":"https:\/\/denizcankizil.tr\/de\/#\/schema\/logo\/image\/"}},{"@type":"Person","@id":"https:\/\/denizcankizil.tr\/de\/#\/schema\/person\/be3c05fe6a12686905512445d8185489","name":"\u0430\u0434\u043c\u0456\u043d","image":{"@type":"ImageObject","inLanguage":"uk","@id":"https:\/\/denizcankizil.tr\/de\/#\/schema\/person\/image\/","url":"https:\/\/secure.gravatar.com\/avatar\/c1fce94c830dc79107e174f890d7210541c4a63e8e5d816341794a2151c9d58c?s=96&d=mm&r=g","contentUrl":"https:\/\/secure.gravatar.com\/avatar\/c1fce94c830dc79107e174f890d7210541c4a63e8e5d816341794a2151c9d58c?s=96&d=mm&r=g","caption":"admin"},"sameAs":["http:\/\/denizcankizil.tr"],"url":"https:\/\/www.iskenderun.org\/ege-ruzgari-inegolde-esti-genclik-korosundan-muhtesem-konser"}]}},"_links":{"self":[{"href":"https:\/\/denizcankizil.tr\/uk\/wp-json\/wp\/v2\/posts\/28790","targetHints":{"allow":["GET"]}}],"collection":[{"href":"https:\/\/denizcankizil.tr\/uk\/wp-json\/wp\/v2\/posts"}],"about":[{"href":"https:\/\/denizcankizil.tr\/uk\/wp-json\/wp\/v2\/types\/post"}],"author":[{"embeddable":true,"href":"https:\/\/denizcankizil.tr\/uk\/wp-json\/wp\/v2\/users\/1"}],"replies":[{"embeddable":true,"href":"https:\/\/denizcankizil.tr\/uk\/wp-json\/wp\/v2\/comments?post=28790"}],"version-history":[{"count":0,"href":"https:\/\/denizcankizil.tr\/uk\/wp-json\/wp\/v2\/posts\/28790\/revisions"}],"wp:attachment":[{"href":"https:\/\/denizcankizil.tr\/uk\/wp-json\/wp\/v2\/media?parent=28790"}],"wp:term":[{"taxonomy":"category","embeddable":true,"href":"https:\/\/denizcankizil.tr\/uk\/wp-json\/wp\/v2\/categories?post=28790"},{"taxonomy":"post_tag","embeddable":true,"href":"https:\/\/denizcankizil.tr\/uk\/wp-json\/wp\/v2\/tags?post=28790"}],"curies":[{"name":"wp","href":"https:\/\/api.w.org\/{rel}","templated":true}]}}