{"id":28645,"date":"2025-01-30T10:41:28","date_gmt":"2025-01-30T07:41:28","guid":{"rendered":"https:\/\/denizcankizil.tr\/uncategorized-tr\/15-yasindaki-genc-kiz-falezlerden-dustu\/"},"modified":"2025-01-30T10:41:28","modified_gmt":"2025-01-30T07:41:28","slug":"15-yasindaki-genc-kiz-falezlerden-dustu","status":"publish","type":"post","link":"https:\/\/denizcankizil.tr\/uk\/haberler\/antalya\/15-yasindaki-genc-kiz-falezlerden-dustu\/","title":{"rendered":"15 ya\u015f\u0131ndaki gen\u00e7 k\u0131z falezlerden d\u00fc\u015ft\u00fc"},"content":{"rendered":"<p>Olay, d\u00fcn ak\u015fam saat 20.45 s\u0131ralar\u0131nda Muratpa\u015fa il\u00e7esi Gen\u00e7lik Mahallesi&#8217;nde bulunan falez band\u0131nda meydana geldi. Edinilen bilgiye g\u00f6re, bir ki\u015finin yard\u0131m \u00e7\u0131\u011fl\u0131\u011f\u0131n\u0131 duyan vatanda\u015flar sesin geldi\u011fi y\u00f6ne ilerledi. \u201cYard\u0131m edin, dayanam\u0131yorum\u201d diyerek yard\u0131m isteyen k\u0131z sesinin, yakla\u015f\u0131k 20 metrelik y\u00fckseklikten deniz seviyesindeki kayal\u0131k alanda oldu\u011funu fark eden vatanda\u015flar durumu 112 Acil \u00c7a\u011fr\u0131 Merkezi&#8217;ne bildirdi. \u0130hbarla olay yerine itfaiye, polis ve sa\u011fl\u0131k ekipleri sevk edildi.<\/p>\n<p>Karadan ula\u015f\u0131lamay\u0131nca deniz polisi devreye girdi<br \/>\nB\u00f6lgeye gelen polis ve itfaiye ekipleri karadan ula\u015f\u0131m\u0131n imkans\u0131z oldu\u011fu k\u0131z\u0131n bulundu\u011fu alan i\u00e7in Antalya Emniyet M\u00fcd\u00fcrl\u00fc\u011f\u00fc Deniz Liman \u015eube M\u00fcd\u00fcrl\u00fc\u011f\u00fc&#8217;ne ba\u011fl\u0131 ekipten destek istendi. B\u00f6lgeye gelen deniz polisi b\u00f6lgede arama yaparken gen\u00e7 k\u0131z ekiplere \u201cBuraday\u0131m\u201d diyerek yerini belli etmeye \u00e7al\u0131\u015ft\u0131. S\u0131\u011f ve kayal\u0131k alana girmekte zorlanan deniz polisi k\u0131sa s\u00fcreli u\u011fra\u015f\u0131n ard\u0131ndan gen\u00e7 k\u0131za ula\u015ft\u0131. Deniz polisinin kuca\u011f\u0131na alarak kayal\u0131k alandan \u00e7\u0131kard\u0131\u011f\u0131 gen\u00e7 bota al\u0131n\u0131rken yaralar\u0131 nedeniyle ac\u0131 i\u00e7inde \u00e7\u0131\u011fl\u0131k att\u0131\u011f\u0131 g\u00f6r\u00fcld\u00fc.<\/p>\n<p>Yaral\u0131 olarak hastaneye kald\u0131r\u0131ld\u0131<br \/>\n\u0130sminin Ya\u011fmur Z. (15) oldu\u011fu \u00f6\u011frenilen k\u0131z \u00e7ocu\u011fu, deniz polisi taraf\u0131ndan botla Kalei\u00e7i Yat Liman\u0131&#8217;na g\u00f6t\u00fcr\u00fcld\u00fc. Deniz Liman \u015eube M\u00fcd\u00fcrl\u00fc\u011f\u00fc&#8217;nde haz\u0131r bekleyen 112 Acil Sa\u011fl\u0131k ekipleri taraf\u0131ndan ilk m\u00fcdahalesi polis botunda yap\u0131lan Ya\u011fmur Z., ambulansla Antalya E\u011fitim ve Ara\u015ft\u0131rma Hastanesi&#8217;ne g\u00f6t\u00fcr\u00fcld\u00fc. Ya\u011fmur Z.&#8217;nin d\u00fc\u015fme neticesinde v\u00fccudunda k\u0131r\u0131klar oldu\u011fu \u00f6\u011frenilirken, sa\u011fl\u0131k g\u00f6revlileri s\u0131k s\u0131k uyumamas\u0131 konusunda uyar\u0131da bulundu.<\/p>\n<p>Kaynak: www.kanalv.com.tr Haber Sitesinden Al\u0131nm\u0131\u015ft\u0131r.<\/p>","protected":false},"excerpt":{"rendered":"<p>Olay, d\u00fcn ak\u015fam saat 20.45 s\u0131ralar\u0131nda Muratpa\u015fa il\u00e7esi Gen\u00e7lik Mahallesi&#8217;nde bulunan falez band\u0131nda meydana geldi. Edinilen bilgiye g\u00f6re, bir ki\u015finin yard\u0131m \u00e7\u0131\u011fl\u0131\u011f\u0131n\u0131 duyan vatanda\u015flar sesin geldi\u011fi y\u00f6ne ilerledi. \u201cYard\u0131m edin, dayanam\u0131yorum\u201d diyerek yard\u0131m isteyen k\u0131z sesinin, yakla\u015f\u0131k 20 metrelik y\u00fckseklikten deniz seviyesindeki kayal\u0131k alanda oldu\u011funu fark eden vatanda\u015flar durumu 112 Acil \u00c7a\u011fr\u0131 Merkezi&#8217;ne bildirdi. \u0130hbarla olay yerine itfaiye, polis ve sa\u011fl\u0131k ekipleri sevk edildi. Karadan ula\u015f\u0131lamay\u0131nca deniz polisi devreye girdi B\u00f6lgeye gelen polis ve itfaiye ekipleri karadan ula\u015f\u0131m\u0131n imkans\u0131z oldu\u011fu k\u0131z\u0131n bulundu\u011fu alan i\u00e7in Antalya Emniyet M\u00fcd\u00fcrl\u00fc\u011f\u00fc Deniz Liman \u015eube M\u00fcd\u00fcrl\u00fc\u011f\u00fc&#8217;ne ba\u011fl\u0131 ekipten destek istendi. B\u00f6lgeye gelen deniz polisi b\u00f6lgede arama yaparken gen\u00e7 k\u0131z ekiplere \u201cBuraday\u0131m\u201d diyerek yerini belli etmeye \u00e7al\u0131\u015ft\u0131. S\u0131\u011f ve kayal\u0131k alana girmekte zorlanan deniz polisi k\u0131sa s\u00fcreli u\u011fra\u015f\u0131n ard\u0131ndan gen\u00e7 k\u0131za ula\u015ft\u0131. Deniz polisinin kuca\u011f\u0131na alarak kayal\u0131k alandan \u00e7\u0131kard\u0131\u011f\u0131 gen\u00e7 bota al\u0131n\u0131rken yaralar\u0131 nedeniyle ac\u0131 i\u00e7inde \u00e7\u0131\u011fl\u0131k att\u0131\u011f\u0131 g\u00f6r\u00fcld\u00fc. Yaral\u0131 olarak hastaneye kald\u0131r\u0131ld\u0131 \u0130sminin Ya\u011fmur Z. (15) oldu\u011fu \u00f6\u011frenilen k\u0131z \u00e7ocu\u011fu, deniz polisi taraf\u0131ndan botla Kalei\u00e7i Yat Liman\u0131&#8217;na g\u00f6t\u00fcr\u00fcld\u00fc. Deniz Liman \u015eube M\u00fcd\u00fcrl\u00fc\u011f\u00fc&#8217;nde haz\u0131r bekleyen 112 Acil Sa\u011fl\u0131k ekipleri taraf\u0131ndan ilk m\u00fcdahalesi polis botunda yap\u0131lan Ya\u011fmur Z., ambulansla Antalya E\u011fitim ve Ara\u015ft\u0131rma Hastanesi&#8217;ne g\u00f6t\u00fcr\u00fcld\u00fc. Ya\u011fmur Z.&#8217;nin d\u00fc\u015fme neticesinde v\u00fccudunda k\u0131r\u0131klar oldu\u011fu \u00f6\u011frenilirken, sa\u011fl\u0131k g\u00f6revlileri s\u0131k s\u0131k &hellip;<\/p>","protected":false},"author":4,"featured_media":28646,"comment_status":"open","ping_status":"open","sticky":false,"template":"","format":"standard","meta":{"_acf_changed":false,"footnotes":""},"categories":[26],"tags":[],"class_list":["post-28645","post","type-post","status-publish","format-standard","has-post-thumbnail","hentry","category-antalya"],"acf":[],"yoast_head":"<!-- This site is optimized with the Yoast SEO Premium plugin v26.6 (Yoast SEO v27.1.1) - https:\/\/yoast.com\/product\/yoast-seo-premium-wordpress\/ -->\n<title>15 ya\u015f\u0131ndaki gen\u00e7 k\u0131z falezlerden d\u00fc\u015ft\u00fc - Av. Deniz Can K\u0131z\u0131l<\/title>\n<meta name=\"robots\" content=\"index, follow, max-snippet:-1, max-image-preview:large, max-video-preview:-1\" \/>\n<link rel=\"canonical\" href=\"https:\/\/denizcankizil.tr\/uk\/haberler\/antalya\/15-yasindaki-genc-kiz-falezlerden-dustu\/\" \/>\n<meta property=\"og:locale\" content=\"uk_UA\" \/>\n<meta property=\"og:type\" content=\"article\" \/>\n<meta property=\"og:title\" content=\"15 ya\u015f\u0131ndaki gen\u00e7 k\u0131z falezlerden d\u00fc\u015ft\u00fc\" \/>\n<meta property=\"og:description\" content=\"Olay, d\u00fcn ak\u015fam saat 20.45 s\u0131ralar\u0131nda Muratpa\u015fa il\u00e7esi Gen\u00e7lik Mahallesi&#8217;nde bulunan falez band\u0131nda meydana geldi. Edinilen bilgiye g\u00f6re, bir ki\u015finin yard\u0131m \u00e7\u0131\u011fl\u0131\u011f\u0131n\u0131 duyan vatanda\u015flar sesin geldi\u011fi y\u00f6ne ilerledi. \u201cYard\u0131m edin, dayanam\u0131yorum\u201d diyerek yard\u0131m isteyen k\u0131z sesinin, yakla\u015f\u0131k 20 metrelik y\u00fckseklikten deniz seviyesindeki kayal\u0131k alanda oldu\u011funu fark eden vatanda\u015flar durumu 112 Acil \u00c7a\u011fr\u0131 Merkezi&#8217;ne bildirdi. \u0130hbarla olay yerine itfaiye, polis ve sa\u011fl\u0131k ekipleri sevk edildi. Karadan ula\u015f\u0131lamay\u0131nca deniz polisi devreye girdi B\u00f6lgeye gelen polis ve itfaiye ekipleri karadan ula\u015f\u0131m\u0131n imkans\u0131z oldu\u011fu k\u0131z\u0131n bulundu\u011fu alan i\u00e7in Antalya Emniyet M\u00fcd\u00fcrl\u00fc\u011f\u00fc Deniz Liman \u015eube M\u00fcd\u00fcrl\u00fc\u011f\u00fc&#8217;ne ba\u011fl\u0131 ekipten destek istendi. B\u00f6lgeye gelen deniz polisi b\u00f6lgede arama yaparken gen\u00e7 k\u0131z ekiplere \u201cBuraday\u0131m\u201d diyerek yerini belli etmeye \u00e7al\u0131\u015ft\u0131. S\u0131\u011f ve kayal\u0131k alana girmekte zorlanan deniz polisi k\u0131sa s\u00fcreli u\u011fra\u015f\u0131n ard\u0131ndan gen\u00e7 k\u0131za ula\u015ft\u0131. Deniz polisinin kuca\u011f\u0131na alarak kayal\u0131k alandan \u00e7\u0131kard\u0131\u011f\u0131 gen\u00e7 bota al\u0131n\u0131rken yaralar\u0131 nedeniyle ac\u0131 i\u00e7inde \u00e7\u0131\u011fl\u0131k att\u0131\u011f\u0131 g\u00f6r\u00fcld\u00fc. Yaral\u0131 olarak hastaneye kald\u0131r\u0131ld\u0131 \u0130sminin Ya\u011fmur Z. (15) oldu\u011fu \u00f6\u011frenilen k\u0131z \u00e7ocu\u011fu, deniz polisi taraf\u0131ndan botla Kalei\u00e7i Yat Liman\u0131&#8217;na g\u00f6t\u00fcr\u00fcld\u00fc. Deniz Liman \u015eube M\u00fcd\u00fcrl\u00fc\u011f\u00fc&#8217;nde haz\u0131r bekleyen 112 Acil Sa\u011fl\u0131k ekipleri taraf\u0131ndan ilk m\u00fcdahalesi polis botunda yap\u0131lan Ya\u011fmur Z., ambulansla Antalya E\u011fitim ve Ara\u015ft\u0131rma Hastanesi&#8217;ne g\u00f6t\u00fcr\u00fcld\u00fc. Ya\u011fmur Z.&#8217;nin d\u00fc\u015fme neticesinde v\u00fccudunda k\u0131r\u0131klar oldu\u011fu \u00f6\u011frenilirken, sa\u011fl\u0131k g\u00f6revlileri s\u0131k s\u0131k &hellip;\" \/>\n<meta property=\"og:url\" content=\"https:\/\/denizcankizil.tr\/uk\/haberler\/antalya\/15-yasindaki-genc-kiz-falezlerden-dustu\/\" \/>\n<meta property=\"og:site_name\" content=\"Av. Deniz Can K\u0131z\u0131l\" \/>\n<meta property=\"article:published_time\" content=\"2025-01-30T07:41:28+00:00\" \/>\n<meta property=\"og:image\" content=\"https:\/\/denizcankizil.tr\/wp-content\/uploads\/2025\/01\/4399-01-zXszRS.jpeg\" \/>\n\t<meta property=\"og:image:width\" content=\"1280\" \/>\n\t<meta property=\"og:image:height\" content=\"720\" \/>\n\t<meta property=\"og:image:type\" content=\"image\/jpeg\" \/>\n<meta name=\"author\" content=\"Av. Deniz Can K\u0131z\u0131l\" \/>\n<meta name=\"twitter:card\" content=\"summary_large_image\" \/>\n<meta name=\"twitter:label1\" content=\"\u041d\u0430\u043f\u0438\u0441\u0430\u043d\u043e\" \/>\n\t<meta name=\"twitter:data1\" content=\"Av. Deniz Can K\u0131z\u0131l\" \/>\n\t<meta name=\"twitter:label2\" content=\"\u041f\u0440\u0438\u0431\u043b. \u0447\u0430\u0441 \u0447\u0438\u0442\u0430\u043d\u043d\u044f\" \/>\n\t<meta name=\"twitter:data2\" content=\"2 \u0445\u0432\u0438\u043b\u0438\u043d\u0438\" \/>\n<script type=\"application\/ld+json\" class=\"yoast-schema-graph\">{\"@context\":\"https:\/\/schema.org\",\"@graph\":[{\"@type\":\"Article\",\"@id\":\"https:\/\/denizcankizil.tr\/uk\/haberler\/antalya\/15-yasindaki-genc-kiz-falezlerden-dustu\/#article\",\"isPartOf\":{\"@id\":\"https:\/\/denizcankizil.tr\/uk\/haberler\/antalya\/15-yasindaki-genc-kiz-falezlerden-dustu\/\"},\"author\":{\"name\":\"Av. Deniz Can K\u0131z\u0131l\",\"@id\":\"https:\/\/denizcankizil.tr\/de\/#\/schema\/person\/5dc1b22991bd7ac833867c10afc9b0ff\"},\"headline\":\"15 ya\u015f\u0131ndaki gen\u00e7 k\u0131z falezlerden d\u00fc\u015ft\u00fc\",\"datePublished\":\"2025-01-30T07:41:28+00:00\",\"mainEntityOfPage\":{\"@id\":\"https:\/\/denizcankizil.tr\/uk\/haberler\/antalya\/15-yasindaki-genc-kiz-falezlerden-dustu\/\"},\"wordCount\":327,\"commentCount\":0,\"publisher\":{\"@id\":\"https:\/\/denizcankizil.tr\/de\/#organization\"},\"image\":{\"@id\":\"https:\/\/denizcankizil.tr\/uk\/haberler\/antalya\/15-yasindaki-genc-kiz-falezlerden-dustu\/#primaryimage\"},\"thumbnailUrl\":\"https:\/\/denizcankizil.tr\/wp-content\/uploads\/2025\/01\/4399-01-zXszRS.jpeg\",\"articleSection\":[\"Antalya\"],\"inLanguage\":\"uk\",\"potentialAction\":[{\"@type\":\"CommentAction\",\"name\":\"Comment\",\"target\":[\"https:\/\/denizcankizil.tr\/uk\/haberler\/antalya\/15-yasindaki-genc-kiz-falezlerden-dustu\/#respond\"]}]},{\"@type\":\"WebPage\",\"@id\":\"https:\/\/denizcankizil.tr\/uk\/haberler\/antalya\/15-yasindaki-genc-kiz-falezlerden-dustu\/\",\"url\":\"https:\/\/denizcankizil.tr\/uk\/haberler\/antalya\/15-yasindaki-genc-kiz-falezlerden-dustu\/\",\"name\":\"15 ya\u015f\u0131ndaki gen\u00e7 k\u0131z falezlerden d\u00fc\u015ft\u00fc - Av. Deniz Can K\u0131z\u0131l\",\"isPartOf\":{\"@id\":\"https:\/\/denizcankizil.tr\/de\/#website\"},\"primaryImageOfPage\":{\"@id\":\"https:\/\/denizcankizil.tr\/uk\/haberler\/antalya\/15-yasindaki-genc-kiz-falezlerden-dustu\/#primaryimage\"},\"image\":{\"@id\":\"https:\/\/denizcankizil.tr\/uk\/haberler\/antalya\/15-yasindaki-genc-kiz-falezlerden-dustu\/#primaryimage\"},\"thumbnailUrl\":\"https:\/\/denizcankizil.tr\/wp-content\/uploads\/2025\/01\/4399-01-zXszRS.jpeg\",\"datePublished\":\"2025-01-30T07:41:28+00:00\",\"breadcrumb\":{\"@id\":\"https:\/\/denizcankizil.tr\/uk\/haberler\/antalya\/15-yasindaki-genc-kiz-falezlerden-dustu\/#breadcrumb\"},\"inLanguage\":\"uk\",\"potentialAction\":[{\"@type\":\"ReadAction\",\"target\":[\"https:\/\/denizcankizil.tr\/uk\/haberler\/antalya\/15-yasindaki-genc-kiz-falezlerden-dustu\/\"]}]},{\"@type\":\"ImageObject\",\"inLanguage\":\"uk\",\"@id\":\"https:\/\/denizcankizil.tr\/uk\/haberler\/antalya\/15-yasindaki-genc-kiz-falezlerden-dustu\/#primaryimage\",\"url\":\"https:\/\/denizcankizil.tr\/wp-content\/uploads\/2025\/01\/4399-01-zXszRS.jpeg\",\"contentUrl\":\"https:\/\/denizcankizil.tr\/wp-content\/uploads\/2025\/01\/4399-01-zXszRS.jpeg\",\"width\":1280,\"height\":720},{\"@type\":\"BreadcrumbList\",\"@id\":\"https:\/\/denizcankizil.tr\/uk\/haberler\/antalya\/15-yasindaki-genc-kiz-falezlerden-dustu\/#breadcrumb\",\"itemListElement\":[{\"@type\":\"ListItem\",\"position\":1,\"name\":\"Home\",\"item\":\"https:\/\/denizcankizil.tr\/de\/\"},{\"@type\":\"ListItem\",\"position\":2,\"name\":\"15 ya\u015f\u0131ndaki gen\u00e7 k\u0131z falezlerden d\u00fc\u015ft\u00fc\"}]},{\"@type\":\"WebSite\",\"@id\":\"https:\/\/denizcankizil.tr\/de\/#website\",\"url\":\"https:\/\/denizcankizil.tr\/de\/\",\"name\":\"Av. Deniz Can K\u0131z\u0131l\",\"description\":\"Avukat Deniz Can K\u0131z\u0131l Antalya Barosu\",\"publisher\":{\"@id\":\"https:\/\/denizcankizil.tr\/de\/#organization\"},\"potentialAction\":[{\"@type\":\"SearchAction\",\"target\":{\"@type\":\"EntryPoint\",\"urlTemplate\":\"https:\/\/denizcankizil.tr\/de\/?s={search_term_string}\"},\"query-input\":{\"@type\":\"PropertyValueSpecification\",\"valueRequired\":true,\"valueName\":\"search_term_string\"}}],\"inLanguage\":\"uk\"},{\"@type\":\"Organization\",\"@id\":\"https:\/\/denizcankizil.tr\/de\/#organization\",\"name\":\"Av. Deniz Can K\u0131z\u0131l\",\"url\":\"https:\/\/denizcankizil.tr\/de\/\",\"logo\":{\"@type\":\"ImageObject\",\"inLanguage\":\"uk\",\"@id\":\"https:\/\/denizcankizil.tr\/de\/#\/schema\/logo\/image\/\",\"url\":\"https:\/\/denizcankizil.tr\/wp-content\/uploads\/2024\/10\/siyah-logo-svg.svg\",\"contentUrl\":\"https:\/\/denizcankizil.tr\/wp-content\/uploads\/2024\/10\/siyah-logo-svg.svg\",\"width\":1080,\"height\":1080,\"caption\":\"Av. Deniz Can K\u0131z\u0131l\"},\"image\":{\"@id\":\"https:\/\/denizcankizil.tr\/de\/#\/schema\/logo\/image\/\"}},{\"@type\":\"Person\",\"@id\":\"https:\/\/denizcankizil.tr\/de\/#\/schema\/person\/5dc1b22991bd7ac833867c10afc9b0ff\",\"name\":\"Av. Deniz Can K\u0131z\u0131l\",\"image\":{\"@type\":\"ImageObject\",\"inLanguage\":\"uk\",\"@id\":\"https:\/\/denizcankizil.tr\/de\/#\/schema\/person\/image\/\",\"url\":\"https:\/\/secure.gravatar.com\/avatar\/a0b128fb9855c79efc976d5640eedb31dc35ec297594d6016d2cf7c60e975bb6?s=96&d=mm&r=g\",\"contentUrl\":\"https:\/\/secure.gravatar.com\/avatar\/a0b128fb9855c79efc976d5640eedb31dc35ec297594d6016d2cf7c60e975bb6?s=96&d=mm&r=g\",\"caption\":\"Av. Deniz Can K\u0131z\u0131l\"},\"sameAs\":[\"http:\/\/www.denizcankizil.tr\"],\"url\":\"https:\/\/denizcankizil.tr\/uk\/author\/denizcankizil\/\"}]}<\/script>\n<!-- \/ Yoast SEO Premium plugin. -->","yoast_head_json":{"title":"15 ya\u015f\u0131ndaki gen\u00e7 k\u0131z falezlerden d\u00fc\u015ft\u00fc - Av. Deniz Can K\u0131z\u0131l","robots":{"index":"index","follow":"follow","max-snippet":"max-snippet:-1","max-image-preview":"max-image-preview:large","max-video-preview":"max-video-preview:-1"},"canonical":"https:\/\/denizcankizil.tr\/uk\/haberler\/antalya\/15-yasindaki-genc-kiz-falezlerden-dustu\/","og_locale":"uk_UA","og_type":"article","og_title":"15 ya\u015f\u0131ndaki gen\u00e7 k\u0131z falezlerden d\u00fc\u015ft\u00fc","og_description":"Olay, d\u00fcn ak\u015fam saat 20.45 s\u0131ralar\u0131nda Muratpa\u015fa il\u00e7esi Gen\u00e7lik Mahallesi&#8217;nde bulunan falez band\u0131nda meydana geldi. Edinilen bilgiye g\u00f6re, bir ki\u015finin yard\u0131m \u00e7\u0131\u011fl\u0131\u011f\u0131n\u0131 duyan vatanda\u015flar sesin geldi\u011fi y\u00f6ne ilerledi. \u201cYard\u0131m edin, dayanam\u0131yorum\u201d diyerek yard\u0131m isteyen k\u0131z sesinin, yakla\u015f\u0131k 20 metrelik y\u00fckseklikten deniz seviyesindeki kayal\u0131k alanda oldu\u011funu fark eden vatanda\u015flar durumu 112 Acil \u00c7a\u011fr\u0131 Merkezi&#8217;ne bildirdi. \u0130hbarla olay yerine itfaiye, polis ve sa\u011fl\u0131k ekipleri sevk edildi. Karadan ula\u015f\u0131lamay\u0131nca deniz polisi devreye girdi B\u00f6lgeye gelen polis ve itfaiye ekipleri karadan ula\u015f\u0131m\u0131n imkans\u0131z oldu\u011fu k\u0131z\u0131n bulundu\u011fu alan i\u00e7in Antalya Emniyet M\u00fcd\u00fcrl\u00fc\u011f\u00fc Deniz Liman \u015eube M\u00fcd\u00fcrl\u00fc\u011f\u00fc&#8217;ne ba\u011fl\u0131 ekipten destek istendi. B\u00f6lgeye gelen deniz polisi b\u00f6lgede arama yaparken gen\u00e7 k\u0131z ekiplere \u201cBuraday\u0131m\u201d diyerek yerini belli etmeye \u00e7al\u0131\u015ft\u0131. S\u0131\u011f ve kayal\u0131k alana girmekte zorlanan deniz polisi k\u0131sa s\u00fcreli u\u011fra\u015f\u0131n ard\u0131ndan gen\u00e7 k\u0131za ula\u015ft\u0131. Deniz polisinin kuca\u011f\u0131na alarak kayal\u0131k alandan \u00e7\u0131kard\u0131\u011f\u0131 gen\u00e7 bota al\u0131n\u0131rken yaralar\u0131 nedeniyle ac\u0131 i\u00e7inde \u00e7\u0131\u011fl\u0131k att\u0131\u011f\u0131 g\u00f6r\u00fcld\u00fc. Yaral\u0131 olarak hastaneye kald\u0131r\u0131ld\u0131 \u0130sminin Ya\u011fmur Z. (15) oldu\u011fu \u00f6\u011frenilen k\u0131z \u00e7ocu\u011fu, deniz polisi taraf\u0131ndan botla Kalei\u00e7i Yat Liman\u0131&#8217;na g\u00f6t\u00fcr\u00fcld\u00fc. Deniz Liman \u015eube M\u00fcd\u00fcrl\u00fc\u011f\u00fc&#8217;nde haz\u0131r bekleyen 112 Acil Sa\u011fl\u0131k ekipleri taraf\u0131ndan ilk m\u00fcdahalesi polis botunda yap\u0131lan Ya\u011fmur Z., ambulansla Antalya E\u011fitim ve Ara\u015ft\u0131rma Hastanesi&#8217;ne g\u00f6t\u00fcr\u00fcld\u00fc. Ya\u011fmur Z.&#8217;nin d\u00fc\u015fme neticesinde v\u00fccudunda k\u0131r\u0131klar oldu\u011fu \u00f6\u011frenilirken, sa\u011fl\u0131k g\u00f6revlileri s\u0131k s\u0131k &hellip;","og_url":"https:\/\/denizcankizil.tr\/uk\/haberler\/antalya\/15-yasindaki-genc-kiz-falezlerden-dustu\/","og_site_name":"Av. Deniz Can K\u0131z\u0131l","article_published_time":"2025-01-30T07:41:28+00:00","og_image":[{"width":1280,"height":720,"url":"https:\/\/denizcankizil.tr\/wp-content\/uploads\/2025\/01\/4399-01-zXszRS.jpeg","type":"image\/jpeg"}],"author":"Av. Deniz Can K\u0131z\u0131l","twitter_card":"summary_large_image","twitter_misc":{"\u041d\u0430\u043f\u0438\u0441\u0430\u043d\u043e":"Av. Deniz Can K\u0131z\u0131l","\u041f\u0440\u0438\u0431\u043b. \u0447\u0430\u0441 \u0447\u0438\u0442\u0430\u043d\u043d\u044f":"2 \u0445\u0432\u0438\u043b\u0438\u043d\u0438"},"schema":{"@context":"https:\/\/schema.org","@graph":[{"@type":"Article","@id":"https:\/\/denizcankizil.tr\/uk\/haberler\/antalya\/15-yasindaki-genc-kiz-falezlerden-dustu\/#article","isPartOf":{"@id":"https:\/\/denizcankizil.tr\/uk\/haberler\/antalya\/15-yasindaki-genc-kiz-falezlerden-dustu\/"},"author":{"name":"Av. Deniz Can K\u0131z\u0131l","@id":"https:\/\/denizcankizil.tr\/de\/#\/schema\/person\/5dc1b22991bd7ac833867c10afc9b0ff"},"headline":"15 ya\u015f\u0131ndaki gen\u00e7 k\u0131z falezlerden d\u00fc\u015ft\u00fc","datePublished":"2025-01-30T07:41:28+00:00","mainEntityOfPage":{"@id":"https:\/\/denizcankizil.tr\/uk\/haberler\/antalya\/15-yasindaki-genc-kiz-falezlerden-dustu\/"},"wordCount":327,"commentCount":0,"publisher":{"@id":"https:\/\/denizcankizil.tr\/de\/#organization"},"image":{"@id":"https:\/\/denizcankizil.tr\/uk\/haberler\/antalya\/15-yasindaki-genc-kiz-falezlerden-dustu\/#primaryimage"},"thumbnailUrl":"https:\/\/denizcankizil.tr\/wp-content\/uploads\/2025\/01\/4399-01-zXszRS.jpeg","articleSection":["Antalya"],"inLanguage":"uk","potentialAction":[{"@type":"CommentAction","name":"Comment","target":["https:\/\/denizcankizil.tr\/uk\/haberler\/antalya\/15-yasindaki-genc-kiz-falezlerden-dustu\/#respond"]}]},{"@type":"WebPage","@id":"https:\/\/denizcankizil.tr\/uk\/haberler\/antalya\/15-yasindaki-genc-kiz-falezlerden-dustu\/","url":"https:\/\/denizcankizil.tr\/uk\/haberler\/antalya\/15-yasindaki-genc-kiz-falezlerden-dustu\/","name":"15 ya\u015f\u0131ndaki gen\u00e7 k\u0131z falezlerden d\u00fc\u015ft\u00fc - Av. Deniz Can K\u0131z\u0131l","isPartOf":{"@id":"https:\/\/denizcankizil.tr\/de\/#website"},"primaryImageOfPage":{"@id":"https:\/\/denizcankizil.tr\/uk\/haberler\/antalya\/15-yasindaki-genc-kiz-falezlerden-dustu\/#primaryimage"},"image":{"@id":"https:\/\/denizcankizil.tr\/uk\/haberler\/antalya\/15-yasindaki-genc-kiz-falezlerden-dustu\/#primaryimage"},"thumbnailUrl":"https:\/\/denizcankizil.tr\/wp-content\/uploads\/2025\/01\/4399-01-zXszRS.jpeg","datePublished":"2025-01-30T07:41:28+00:00","breadcrumb":{"@id":"https:\/\/denizcankizil.tr\/uk\/haberler\/antalya\/15-yasindaki-genc-kiz-falezlerden-dustu\/#breadcrumb"},"inLanguage":"uk","potentialAction":[{"@type":"ReadAction","target":["https:\/\/denizcankizil.tr\/uk\/haberler\/antalya\/15-yasindaki-genc-kiz-falezlerden-dustu\/"]}]},{"@type":"ImageObject","inLanguage":"uk","@id":"https:\/\/denizcankizil.tr\/uk\/haberler\/antalya\/15-yasindaki-genc-kiz-falezlerden-dustu\/#primaryimage","url":"https:\/\/denizcankizil.tr\/wp-content\/uploads\/2025\/01\/4399-01-zXszRS.jpeg","contentUrl":"https:\/\/denizcankizil.tr\/wp-content\/uploads\/2025\/01\/4399-01-zXszRS.jpeg","width":1280,"height":720},{"@type":"BreadcrumbList","@id":"https:\/\/denizcankizil.tr\/uk\/haberler\/antalya\/15-yasindaki-genc-kiz-falezlerden-dustu\/#breadcrumb","itemListElement":[{"@type":"ListItem","position":1,"name":"Home","item":"https:\/\/denizcankizil.tr\/de\/"},{"@type":"ListItem","position":2,"name":"15 ya\u015f\u0131ndaki gen\u00e7 k\u0131z falezlerden d\u00fc\u015ft\u00fc"}]},{"@type":"WebSite","@id":"https:\/\/denizcankizil.tr\/de\/#website","url":"https:\/\/denizcankizil.tr\/de\/","name":"Av. Deniz Can K\u0131z\u0131l","description":"Avukat Deniz Can K\u0131z\u0131l Antalya Barosu","publisher":{"@id":"https:\/\/denizcankizil.tr\/de\/#organization"},"potentialAction":[{"@type":"SearchAction","target":{"@type":"EntryPoint","urlTemplate":"https:\/\/denizcankizil.tr\/de\/?s={search_term_string}"},"query-input":{"@type":"PropertyValueSpecification","valueRequired":true,"valueName":"search_term_string"}}],"inLanguage":"uk"},{"@type":"Organization","@id":"https:\/\/denizcankizil.tr\/de\/#organization","name":"Av. Deniz Can K\u0131z\u0131l","url":"https:\/\/denizcankizil.tr\/de\/","logo":{"@type":"ImageObject","inLanguage":"uk","@id":"https:\/\/denizcankizil.tr\/de\/#\/schema\/logo\/image\/","url":"https:\/\/denizcankizil.tr\/wp-content\/uploads\/2024\/10\/siyah-logo-svg.svg","contentUrl":"https:\/\/denizcankizil.tr\/wp-content\/uploads\/2024\/10\/siyah-logo-svg.svg","width":1080,"height":1080,"caption":"Av. Deniz Can K\u0131z\u0131l"},"image":{"@id":"https:\/\/denizcankizil.tr\/de\/#\/schema\/logo\/image\/"}},{"@type":"Person","@id":"https:\/\/denizcankizil.tr\/de\/#\/schema\/person\/5dc1b22991bd7ac833867c10afc9b0ff","name":"Av. Deniz Can K\u0131z\u0131l","image":{"@type":"ImageObject","inLanguage":"uk","@id":"https:\/\/denizcankizil.tr\/de\/#\/schema\/person\/image\/","url":"https:\/\/secure.gravatar.com\/avatar\/a0b128fb9855c79efc976d5640eedb31dc35ec297594d6016d2cf7c60e975bb6?s=96&d=mm&r=g","contentUrl":"https:\/\/secure.gravatar.com\/avatar\/a0b128fb9855c79efc976d5640eedb31dc35ec297594d6016d2cf7c60e975bb6?s=96&d=mm&r=g","caption":"Av. Deniz Can K\u0131z\u0131l"},"sameAs":["http:\/\/www.denizcankizil.tr"],"url":"https:\/\/denizcankizil.tr\/uk\/author\/denizcankizil\/"}]}},"_links":{"self":[{"href":"https:\/\/denizcankizil.tr\/uk\/wp-json\/wp\/v2\/posts\/28645","targetHints":{"allow":["GET"]}}],"collection":[{"href":"https:\/\/denizcankizil.tr\/uk\/wp-json\/wp\/v2\/posts"}],"about":[{"href":"https:\/\/denizcankizil.tr\/uk\/wp-json\/wp\/v2\/types\/post"}],"author":[{"embeddable":true,"href":"https:\/\/denizcankizil.tr\/uk\/wp-json\/wp\/v2\/users\/4"}],"replies":[{"embeddable":true,"href":"https:\/\/denizcankizil.tr\/uk\/wp-json\/wp\/v2\/comments?post=28645"}],"version-history":[{"count":0,"href":"https:\/\/denizcankizil.tr\/uk\/wp-json\/wp\/v2\/posts\/28645\/revisions"}],"wp:featuredmedia":[{"embeddable":true,"href":"https:\/\/denizcankizil.tr\/uk\/wp-json\/wp\/v2\/media\/28646"}],"wp:attachment":[{"href":"https:\/\/denizcankizil.tr\/uk\/wp-json\/wp\/v2\/media?parent=28645"}],"wp:term":[{"taxonomy":"category","embeddable":true,"href":"https:\/\/denizcankizil.tr\/uk\/wp-json\/wp\/v2\/categories?post=28645"},{"taxonomy":"post_tag","embeddable":true,"href":"https:\/\/denizcankizil.tr\/uk\/wp-json\/wp\/v2\/tags?post=28645"}],"curies":[{"name":"wp","href":"https:\/\/api.w.org\/{rel}","templated":true}]}}