{"id":28388,"date":"2025-01-29T10:41:58","date_gmt":"2025-01-29T07:41:58","guid":{"rendered":"https:\/\/denizcankizil.tr\/uncategorized-tr\/yurtta-hava-marmaranin-batisi-ve-kiyi-egeye-dikkat\/"},"modified":"2025-01-29T10:41:58","modified_gmt":"2025-01-29T07:41:58","slug":"yurtta-hava-marmaranin-batisi-ve-kiyi-egeye-dikkat","status":"publish","type":"post","link":"https:\/\/denizcankizil.tr\/uk\/haberler\/gundem\/yurtta-hava-marmaranin-batisi-ve-kiyi-egeye-dikkat\/","title":{"rendered":"Yurtta hava&#8230; Marmara&#8217;n\u0131n bat\u0131s\u0131 ve K\u0131y\u0131 Ege&#8217;ye dikkat!"},"content":{"rendered":"<p>Meteoroloji 29 Ocak \u00c7ar\u015famba g\u00fcn\u00fc raporunu yay\u0131mlad\u0131. Marmara&#8217;n\u0131n bat\u0131s\u0131 ile K\u0131y\u0131 Ege&#8217;de g\u00fcney y\u00f6nlerden kuvvetli r\u00fczgar\u0131n yan\u0131 s\u0131ra Do\u011fu Karadeniz&#8217;in i\u00e7 kesimlerinin y\u00fcksekleri ile Do\u011fu Anadolu&#8217;nun do\u011fusunun dik ve e\u011fimli yama\u00e7lar\u0131 \u00e7\u0131\u011f tehlikesi uyar\u0131s\u0131 geldi.ANKARA (\u0130GFA)- Meteoroloji Genel M\u00fcd\u00fcrl\u00fc\u011f\u00fc, 29 Ocak \u00c7ar\u015famba g\u00fcn\u00fcne ili\u015fkin g\u00fcnl\u00fck hava tahmin raporunu yay\u0131mlad\u0131.\u00a0<br \/>\nBuna g\u00f6re T\u00fcrkiye par\u00e7al\u0131 ve yer yer \u00e7ok bulutlu olacak. K\u0131y\u0131 Ege ile Bal\u0131kesir\u2019in bat\u0131 k\u0131y\u0131lar\u0131, Edirne ve \u00c7anakkale \u00e7evrelerinin hafif ya\u011fmur ve sa\u011fanak ya\u011f\u0131\u015fl\u0131 ge\u00e7ece\u011fi tahmin edilirken, i\u00e7 ve do\u011fu kesimlerde buzlanma ve don ile birlikte Marmara ile i\u00e7 ve do\u011fu kesimlerde pus ve yer yer sis olay\u0131 bekleniyor.<\/p>\n<p>Do\u011fu Karadeniz\u2019in i\u00e7 kesimlerinin y\u00fcksekleri ile Do\u011fu Anadolu\u2019nun y\u00fcksek ve dik yama\u00e7lar\u0131nda \u00e7\u0131\u011f tehlikesi bulunuyor.<br \/>\nMETEOROLOJ\u0130K UYARILAR&#8230;<br \/>\nMeteoroloji g\u00fcnl\u00fck hava tahmin raporunda r\u00fczgar\u0131n, Marmara&#8217;n\u0131n bat\u0131s\u0131 ile K\u0131y\u0131 Ege&#8217;de g\u00fcney y\u00f6nlerden kuvvetli (40-60 km\/saat) olarak esmesi beklendi\u011finden ya\u015fanabilecek olumsuzluklara kar\u015f\u0131 dikkatli ve tedbirli olunmas\u0131n\u0131 istedi.<\/p>\n<p>Ayr\u0131ca buzlanma, don ve \u00e7\u0131\u011f tehlikesinin yan\u0131 s\u0131ra sis uyar\u0131s\u0131nda da bulunan Meteoroloji; Do\u011fu Karadeniz\u2019in i\u00e7 kesimlerinin y\u00fcksekleri ile Do\u011fu Anadolu&#8217;nun do\u011fusunun dik ve e\u011fimli yama\u00e7lar\u0131nda \u00e7\u0131\u011f tehlikesi ile yurdun i\u00e7 ve do\u011fu kesimlerinde buzlanma ve don olay\u0131 beklendi\u011finden, Marmara ile i\u00e7 ve do\u011fu kesimlerde de yer yer yo\u011fun olmak \u00fczere pus ve sis olaylar\u0131na kar\u015f\u0131 ula\u015f\u0131mda meydana gelebilecek olumsuzluklara y\u00f6nelik dikkatli ve tedbirli olunmas\u0131 konusunda vatanda\u015flar\u0131 uyard\u0131.<\/p>\n<p>\u200bMeteoroloji 29 Ocak \u00c7ar\u015famba g\u00fcn\u00fc raporunu yay\u0131mlad\u0131. Marmara&#8217;n\u0131n bat\u0131s\u0131 ile K\u0131y\u0131 Ege&#8217;de g\u00fcney y\u00f6nlerden kuvvetli r\u00fczgar\u0131n yan\u0131 s\u0131ra Do\u011fu Karadeniz&#8217;in i\u00e7 kesimlerinin y\u00fcksekleri ile Do\u011fu Anadolu&#8217;nun do\u011fusunun dik ve e\u011fimli yama\u00e7lar\u0131 \u00e7\u0131\u011f tehlikesi uyar\u0131s\u0131 geldi.ANKARA (\u0130GFA)- Meteoroloji Genel M\u00fcd\u00fcrl\u00fc\u011f\u00fc, 29 Ocak \u00c7ar\u015famba g\u00fcn\u00fcne ili\u015fkin g\u00fcnl\u00fck hava tahmin raporunu yay\u0131mlad\u0131.\u00a0<br \/>\nBuna g\u00f6re T\u00fcrkiye par\u00e7al\u0131 ve yer yer \u00e7ok bulutlu olacak. K\u0131y\u0131 Ege ile Bal\u0131kesir\u2019in bat\u0131 k\u0131y\u0131lar\u0131, Edirne ve \u00c7anakkale \u00e7evrelerinin hafif ya\u011fmur ve sa\u011fanak ya\u011f\u0131\u015fl\u0131 ge\u00e7ece\u011fi tahmin edilirken, i\u00e7 ve do\u011fu kesimlerde buzlanma ve don ile birlikte Marmara ile i\u00e7 ve do\u011fu kesimlerde pus ve yer yer sis olay\u0131 bekleniyor.<\/p>\n<p>Do\u011fu Karadeniz\u2019in i\u00e7 kesimlerinin y\u00fcksekleri ile Do\u011fu Anadolu\u2019nun y\u00fcksek ve dik yama\u00e7lar\u0131nda \u00e7\u0131\u011f tehlikesi bulunuyor.<br \/>\nMETEOROLOJ\u0130K UYARILAR&#8230;<br \/>\nMeteoroloji g\u00fcnl\u00fck hava tahmin raporunda r\u00fczgar\u0131n, Marmara&#8217;n\u0131n bat\u0131s\u0131 ile K\u0131y\u0131 Ege&#8217;de g\u00fcney y\u00f6nlerden kuvvetli (40-60 km\/saat) olarak esmesi beklendi\u011finden ya\u015fanabilecek olumsuzluklara kar\u015f\u0131 dikkatli ve tedbirli olunmas\u0131n\u0131 istedi.<\/p>\n<p>Ayr\u0131ca buzlanma, don ve \u00e7\u0131\u011f tehlikesinin yan\u0131 s\u0131ra sis uyar\u0131s\u0131nda da bulunan Meteoroloji; Do\u011fu Karadeniz\u2019in i\u00e7 kesimlerinin y\u00fcksekleri ile Do\u011fu Anadolu&#8217;nun do\u011fusunun dik ve e\u011fimli yama\u00e7lar\u0131nda \u00e7\u0131\u011f tehlikesi ile yurdun i\u00e7 ve do\u011fu kesimlerinde buzlanma ve don olay\u0131 beklendi\u011finden, Marmara ile i\u00e7 ve do\u011fu kesimlerde de yer yer yo\u011fun olmak \u00fczere pus ve sis olaylar\u0131na kar\u015f\u0131 ula\u015f\u0131mda meydana gelebilecek olumsuzluklara y\u00f6nelik dikkatli ve tedbirli olunmas\u0131 konusunda vatanda\u015flar\u0131 uyard\u0131.\u00a0<\/p>\n<p>\u200bHaberin Al\u0131nt\u0131land\u0131\u011f\u0131 Kaynak: www.iskenderun.org<\/p>","protected":false},"excerpt":{"rendered":"<p>Meteoroloji 29 Ocak \u00c7ar\u015famba g\u00fcn\u00fc raporunu yay\u0131mlad\u0131. Marmara&#8217;n\u0131n bat\u0131s\u0131 ile K\u0131y\u0131 Ege&#8217;de g\u00fcney y\u00f6nlerden kuvvetli r\u00fczgar\u0131n yan\u0131 s\u0131ra Do\u011fu Karadeniz&#8217;in i\u00e7 kesimlerinin y\u00fcksekleri ile Do\u011fu Anadolu&#8217;nun do\u011fusunun dik ve e\u011fimli yama\u00e7lar\u0131 \u00e7\u0131\u011f tehlikesi uyar\u0131s\u0131 geldi.ANKARA (\u0130GFA)- Meteoroloji Genel M\u00fcd\u00fcrl\u00fc\u011f\u00fc, 29 Ocak \u00c7ar\u015famba g\u00fcn\u00fcne ili\u015fkin g\u00fcnl\u00fck hava tahmin raporunu yay\u0131mlad\u0131.\u00a0 Buna g\u00f6re T\u00fcrkiye par\u00e7al\u0131 ve yer yer \u00e7ok bulutlu olacak. K\u0131y\u0131 Ege ile Bal\u0131kesir\u2019in bat\u0131 k\u0131y\u0131lar\u0131, Edirne ve \u00c7anakkale \u00e7evrelerinin hafif ya\u011fmur ve sa\u011fanak ya\u011f\u0131\u015fl\u0131 ge\u00e7ece\u011fi tahmin edilirken, i\u00e7 ve do\u011fu kesimlerde buzlanma ve don ile birlikte Marmara ile i\u00e7 ve do\u011fu kesimlerde pus ve yer yer sis olay\u0131 bekleniyor. Do\u011fu Karadeniz\u2019in i\u00e7 kesimlerinin y\u00fcksekleri ile Do\u011fu Anadolu\u2019nun y\u00fcksek ve dik yama\u00e7lar\u0131nda \u00e7\u0131\u011f tehlikesi bulunuyor. METEOROLOJ\u0130K UYARILAR&#8230; Meteoroloji g\u00fcnl\u00fck hava tahmin raporunda r\u00fczgar\u0131n, Marmara&#8217;n\u0131n bat\u0131s\u0131 ile K\u0131y\u0131 Ege&#8217;de g\u00fcney y\u00f6nlerden kuvvetli (40-60 km\/saat) olarak esmesi beklendi\u011finden ya\u015fanabilecek olumsuzluklara kar\u015f\u0131 dikkatli ve tedbirli olunmas\u0131n\u0131 istedi. Ayr\u0131ca buzlanma, don ve \u00e7\u0131\u011f tehlikesinin yan\u0131 s\u0131ra sis uyar\u0131s\u0131nda da bulunan Meteoroloji; Do\u011fu Karadeniz\u2019in i\u00e7 kesimlerinin y\u00fcksekleri ile Do\u011fu Anadolu&#8217;nun do\u011fusunun dik ve e\u011fimli yama\u00e7lar\u0131nda \u00e7\u0131\u011f tehlikesi ile yurdun i\u00e7 ve do\u011fu kesimlerinde buzlanma ve don olay\u0131 beklendi\u011finden, Marmara ile i\u00e7 ve do\u011fu kesimlerde de yer yer yo\u011fun olmak \u00fczere pus ve sis olaylar\u0131na kar\u015f\u0131 ula\u015f\u0131mda &hellip;<\/p>","protected":false},"author":1,"featured_media":0,"comment_status":"open","ping_status":"open","sticky":false,"template":"","format":"standard","meta":{"_acf_changed":false,"footnotes":""},"categories":[24],"tags":[],"class_list":["post-28388","post","type-post","status-publish","format-standard","has-post-thumbnail","hentry","category-gundem"],"acf":[],"yoast_head":"<!-- This site is optimized with the Yoast SEO Premium plugin v26.6 (Yoast SEO v27.1.1) - https:\/\/yoast.com\/product\/yoast-seo-premium-wordpress\/ -->\n<title>Yurtta hava... Marmara&#039;n\u0131n bat\u0131s\u0131 ve K\u0131y\u0131 Ege&#039;ye dikkat! - Av. Deniz Can K\u0131z\u0131l<\/title>\n<meta name=\"robots\" content=\"index, follow, max-snippet:-1, max-image-preview:large, max-video-preview:-1\" \/>\n<link rel=\"canonical\" href=\"https:\/\/denizcankizil.tr\/uk\/haberler\/gundem\/yurtta-hava-marmaranin-batisi-ve-kiyi-egeye-dikkat\/\" \/>\n<meta property=\"og:locale\" content=\"uk_UA\" \/>\n<meta property=\"og:type\" content=\"article\" \/>\n<meta property=\"og:title\" content=\"Yurtta hava... Marmara&#039;n\u0131n bat\u0131s\u0131 ve K\u0131y\u0131 Ege&#039;ye dikkat!\" \/>\n<meta property=\"og:description\" content=\"Meteoroloji 29 Ocak \u00c7ar\u015famba g\u00fcn\u00fc raporunu yay\u0131mlad\u0131. Marmara&#8217;n\u0131n bat\u0131s\u0131 ile K\u0131y\u0131 Ege&#8217;de g\u00fcney y\u00f6nlerden kuvvetli r\u00fczgar\u0131n yan\u0131 s\u0131ra Do\u011fu Karadeniz&#8217;in i\u00e7 kesimlerinin y\u00fcksekleri ile Do\u011fu Anadolu&#8217;nun do\u011fusunun dik ve e\u011fimli yama\u00e7lar\u0131 \u00e7\u0131\u011f tehlikesi uyar\u0131s\u0131 geldi.ANKARA (\u0130GFA)- Meteoroloji Genel M\u00fcd\u00fcrl\u00fc\u011f\u00fc, 29 Ocak \u00c7ar\u015famba g\u00fcn\u00fcne ili\u015fkin g\u00fcnl\u00fck hava tahmin raporunu yay\u0131mlad\u0131.\u00a0 Buna g\u00f6re T\u00fcrkiye par\u00e7al\u0131 ve yer yer \u00e7ok bulutlu olacak. K\u0131y\u0131 Ege ile Bal\u0131kesir\u2019in bat\u0131 k\u0131y\u0131lar\u0131, Edirne ve \u00c7anakkale \u00e7evrelerinin hafif ya\u011fmur ve sa\u011fanak ya\u011f\u0131\u015fl\u0131 ge\u00e7ece\u011fi tahmin edilirken, i\u00e7 ve do\u011fu kesimlerde buzlanma ve don ile birlikte Marmara ile i\u00e7 ve do\u011fu kesimlerde pus ve yer yer sis olay\u0131 bekleniyor. Do\u011fu Karadeniz\u2019in i\u00e7 kesimlerinin y\u00fcksekleri ile Do\u011fu Anadolu\u2019nun y\u00fcksek ve dik yama\u00e7lar\u0131nda \u00e7\u0131\u011f tehlikesi bulunuyor. METEOROLOJ\u0130K UYARILAR&#8230; Meteoroloji g\u00fcnl\u00fck hava tahmin raporunda r\u00fczgar\u0131n, Marmara&#8217;n\u0131n bat\u0131s\u0131 ile K\u0131y\u0131 Ege&#8217;de g\u00fcney y\u00f6nlerden kuvvetli (40-60 km\/saat) olarak esmesi beklendi\u011finden ya\u015fanabilecek olumsuzluklara kar\u015f\u0131 dikkatli ve tedbirli olunmas\u0131n\u0131 istedi. Ayr\u0131ca buzlanma, don ve \u00e7\u0131\u011f tehlikesinin yan\u0131 s\u0131ra sis uyar\u0131s\u0131nda da bulunan Meteoroloji; Do\u011fu Karadeniz\u2019in i\u00e7 kesimlerinin y\u00fcksekleri ile Do\u011fu Anadolu&#8217;nun do\u011fusunun dik ve e\u011fimli yama\u00e7lar\u0131nda \u00e7\u0131\u011f tehlikesi ile yurdun i\u00e7 ve do\u011fu kesimlerinde buzlanma ve don olay\u0131 beklendi\u011finden, Marmara ile i\u00e7 ve do\u011fu kesimlerde de yer yer yo\u011fun olmak \u00fczere pus ve sis olaylar\u0131na kar\u015f\u0131 ula\u015f\u0131mda &hellip;\" \/>\n<meta property=\"og:url\" content=\"https:\/\/denizcankizil.tr\/uk\/haberler\/gundem\/yurtta-hava-marmaranin-batisi-ve-kiyi-egeye-dikkat\/\" \/>\n<meta property=\"og:site_name\" content=\"Av. Deniz Can K\u0131z\u0131l\" \/>\n<meta property=\"article:published_time\" content=\"2025-01-29T07:41:58+00:00\" \/>\n<meta name=\"author\" content=\"admin\" \/>\n<meta name=\"twitter:card\" content=\"summary_large_image\" \/>\n<meta name=\"twitter:label1\" content=\"\u041d\u0430\u043f\u0438\u0441\u0430\u043d\u043e\" \/>\n\t<meta name=\"twitter:data1\" content=\"admin\" \/>\n\t<meta name=\"twitter:label2\" content=\"\u041f\u0440\u0438\u0431\u043b. \u0447\u0430\u0441 \u0447\u0438\u0442\u0430\u043d\u043d\u044f\" \/>\n\t<meta name=\"twitter:data2\" content=\"3 \u0445\u0432\u0438\u043b\u0438\u043d\u0438\" \/>\n<script type=\"application\/ld+json\" class=\"yoast-schema-graph\">{\"@context\":\"https:\/\/schema.org\",\"@graph\":[{\"@type\":\"Article\",\"@id\":\"https:\/\/denizcankizil.tr\/uk\/haberler\/gundem\/yurtta-hava-marmaranin-batisi-ve-kiyi-egeye-dikkat\/#article\",\"isPartOf\":{\"@id\":\"https:\/\/denizcankizil.tr\/uk\/haberler\/gundem\/yurtta-hava-marmaranin-batisi-ve-kiyi-egeye-dikkat\/\"},\"author\":{\"name\":\"admin\",\"@id\":\"https:\/\/denizcankizil.tr\/#\/schema\/person\/be3c05fe6a12686905512445d8185489\"},\"headline\":\"Yurtta hava&#8230; Marmara&#8217;n\u0131n bat\u0131s\u0131 ve K\u0131y\u0131 Ege&#8217;ye dikkat!\",\"datePublished\":\"2025-01-29T07:41:58+00:00\",\"mainEntityOfPage\":{\"@id\":\"https:\/\/denizcankizil.tr\/uk\/haberler\/gundem\/yurtta-hava-marmaranin-batisi-ve-kiyi-egeye-dikkat\/\"},\"wordCount\":617,\"commentCount\":0,\"publisher\":{\"@id\":\"https:\/\/denizcankizil.tr\/#organization\"},\"articleSection\":[\"G\u00fcndem\"],\"inLanguage\":\"uk\",\"potentialAction\":[{\"@type\":\"CommentAction\",\"name\":\"Comment\",\"target\":[\"https:\/\/denizcankizil.tr\/uk\/haberler\/gundem\/yurtta-hava-marmaranin-batisi-ve-kiyi-egeye-dikkat\/#respond\"]}]},{\"@type\":\"WebPage\",\"@id\":\"https:\/\/denizcankizil.tr\/uk\/haberler\/gundem\/yurtta-hava-marmaranin-batisi-ve-kiyi-egeye-dikkat\/\",\"url\":\"https:\/\/denizcankizil.tr\/uk\/haberler\/gundem\/yurtta-hava-marmaranin-batisi-ve-kiyi-egeye-dikkat\/\",\"name\":\"Yurtta hava... Marmara'n\u0131n bat\u0131s\u0131 ve K\u0131y\u0131 Ege'ye dikkat! - Av. Deniz Can K\u0131z\u0131l\",\"isPartOf\":{\"@id\":\"https:\/\/denizcankizil.tr\/#website\"},\"datePublished\":\"2025-01-29T07:41:58+00:00\",\"breadcrumb\":{\"@id\":\"https:\/\/denizcankizil.tr\/uk\/haberler\/gundem\/yurtta-hava-marmaranin-batisi-ve-kiyi-egeye-dikkat\/#breadcrumb\"},\"inLanguage\":\"uk\",\"potentialAction\":[{\"@type\":\"ReadAction\",\"target\":[\"https:\/\/denizcankizil.tr\/uk\/haberler\/gundem\/yurtta-hava-marmaranin-batisi-ve-kiyi-egeye-dikkat\/\"]}]},{\"@type\":\"BreadcrumbList\",\"@id\":\"https:\/\/denizcankizil.tr\/uk\/haberler\/gundem\/yurtta-hava-marmaranin-batisi-ve-kiyi-egeye-dikkat\/#breadcrumb\",\"itemListElement\":[{\"@type\":\"ListItem\",\"position\":1,\"name\":\"Home\",\"item\":\"https:\/\/denizcankizil.tr\/de\/\"},{\"@type\":\"ListItem\",\"position\":2,\"name\":\"Yurtta hava&#8230; Marmara&#8217;n\u0131n bat\u0131s\u0131 ve K\u0131y\u0131 Ege&#8217;ye dikkat!\"}]},{\"@type\":\"WebSite\",\"@id\":\"https:\/\/denizcankizil.tr\/#website\",\"url\":\"https:\/\/denizcankizil.tr\/\",\"name\":\"Av. Deniz Can K\u0131z\u0131l\",\"description\":\"Avukat Deniz Can K\u0131z\u0131l Antalya Barosu\",\"publisher\":{\"@id\":\"https:\/\/denizcankizil.tr\/#organization\"},\"potentialAction\":[{\"@type\":\"SearchAction\",\"target\":{\"@type\":\"EntryPoint\",\"urlTemplate\":\"https:\/\/denizcankizil.tr\/?s={search_term_string}\"},\"query-input\":{\"@type\":\"PropertyValueSpecification\",\"valueRequired\":true,\"valueName\":\"search_term_string\"}}],\"inLanguage\":\"uk\"},{\"@type\":\"Organization\",\"@id\":\"https:\/\/denizcankizil.tr\/#organization\",\"name\":\"Av. Deniz Can K\u0131z\u0131l\",\"url\":\"https:\/\/denizcankizil.tr\/\",\"logo\":{\"@type\":\"ImageObject\",\"inLanguage\":\"uk\",\"@id\":\"https:\/\/denizcankizil.tr\/#\/schema\/logo\/image\/\",\"url\":\"https:\/\/denizcankizil.tr\/wp-content\/uploads\/2024\/10\/siyah-logo-svg.svg\",\"contentUrl\":\"https:\/\/denizcankizil.tr\/wp-content\/uploads\/2024\/10\/siyah-logo-svg.svg\",\"width\":1080,\"height\":1080,\"caption\":\"Av. Deniz Can K\u0131z\u0131l\"},\"image\":{\"@id\":\"https:\/\/denizcankizil.tr\/#\/schema\/logo\/image\/\"}},{\"@type\":\"Person\",\"@id\":\"https:\/\/denizcankizil.tr\/#\/schema\/person\/be3c05fe6a12686905512445d8185489\",\"name\":\"admin\",\"image\":{\"@type\":\"ImageObject\",\"inLanguage\":\"uk\",\"@id\":\"https:\/\/denizcankizil.tr\/#\/schema\/person\/image\/\",\"url\":\"https:\/\/secure.gravatar.com\/avatar\/c1fce94c830dc79107e174f890d7210541c4a63e8e5d816341794a2151c9d58c?s=96&d=mm&r=g\",\"contentUrl\":\"https:\/\/secure.gravatar.com\/avatar\/c1fce94c830dc79107e174f890d7210541c4a63e8e5d816341794a2151c9d58c?s=96&d=mm&r=g\",\"caption\":\"admin\"},\"sameAs\":[\"http:\/\/denizcankizil.tr\"],\"url\":\"https:\/\/www.iskenderun.org\/yurtta-hava-marmaranin-batisi-ve-kiyi-egeye-dikkat\"}]}<\/script>\n<!-- \/ Yoast SEO Premium plugin. -->","yoast_head_json":{"title":"Yurtta hava... Marmara'n\u0131n bat\u0131s\u0131 ve K\u0131y\u0131 Ege'ye dikkat! - Av. Deniz Can K\u0131z\u0131l","robots":{"index":"index","follow":"follow","max-snippet":"max-snippet:-1","max-image-preview":"max-image-preview:large","max-video-preview":"max-video-preview:-1"},"canonical":"https:\/\/denizcankizil.tr\/uk\/haberler\/gundem\/yurtta-hava-marmaranin-batisi-ve-kiyi-egeye-dikkat\/","og_locale":"uk_UA","og_type":"article","og_title":"Yurtta hava... Marmara'n\u0131n bat\u0131s\u0131 ve K\u0131y\u0131 Ege'ye dikkat!","og_description":"Meteoroloji 29 Ocak \u00c7ar\u015famba g\u00fcn\u00fc raporunu yay\u0131mlad\u0131. Marmara&#8217;n\u0131n bat\u0131s\u0131 ile K\u0131y\u0131 Ege&#8217;de g\u00fcney y\u00f6nlerden kuvvetli r\u00fczgar\u0131n yan\u0131 s\u0131ra Do\u011fu Karadeniz&#8217;in i\u00e7 kesimlerinin y\u00fcksekleri ile Do\u011fu Anadolu&#8217;nun do\u011fusunun dik ve e\u011fimli yama\u00e7lar\u0131 \u00e7\u0131\u011f tehlikesi uyar\u0131s\u0131 geldi.ANKARA (\u0130GFA)- Meteoroloji Genel M\u00fcd\u00fcrl\u00fc\u011f\u00fc, 29 Ocak \u00c7ar\u015famba g\u00fcn\u00fcne ili\u015fkin g\u00fcnl\u00fck hava tahmin raporunu yay\u0131mlad\u0131.\u00a0 Buna g\u00f6re T\u00fcrkiye par\u00e7al\u0131 ve yer yer \u00e7ok bulutlu olacak. K\u0131y\u0131 Ege ile Bal\u0131kesir\u2019in bat\u0131 k\u0131y\u0131lar\u0131, Edirne ve \u00c7anakkale \u00e7evrelerinin hafif ya\u011fmur ve sa\u011fanak ya\u011f\u0131\u015fl\u0131 ge\u00e7ece\u011fi tahmin edilirken, i\u00e7 ve do\u011fu kesimlerde buzlanma ve don ile birlikte Marmara ile i\u00e7 ve do\u011fu kesimlerde pus ve yer yer sis olay\u0131 bekleniyor. Do\u011fu Karadeniz\u2019in i\u00e7 kesimlerinin y\u00fcksekleri ile Do\u011fu Anadolu\u2019nun y\u00fcksek ve dik yama\u00e7lar\u0131nda \u00e7\u0131\u011f tehlikesi bulunuyor. METEOROLOJ\u0130K UYARILAR&#8230; Meteoroloji g\u00fcnl\u00fck hava tahmin raporunda r\u00fczgar\u0131n, Marmara&#8217;n\u0131n bat\u0131s\u0131 ile K\u0131y\u0131 Ege&#8217;de g\u00fcney y\u00f6nlerden kuvvetli (40-60 km\/saat) olarak esmesi beklendi\u011finden ya\u015fanabilecek olumsuzluklara kar\u015f\u0131 dikkatli ve tedbirli olunmas\u0131n\u0131 istedi. Ayr\u0131ca buzlanma, don ve \u00e7\u0131\u011f tehlikesinin yan\u0131 s\u0131ra sis uyar\u0131s\u0131nda da bulunan Meteoroloji; Do\u011fu Karadeniz\u2019in i\u00e7 kesimlerinin y\u00fcksekleri ile Do\u011fu Anadolu&#8217;nun do\u011fusunun dik ve e\u011fimli yama\u00e7lar\u0131nda \u00e7\u0131\u011f tehlikesi ile yurdun i\u00e7 ve do\u011fu kesimlerinde buzlanma ve don olay\u0131 beklendi\u011finden, Marmara ile i\u00e7 ve do\u011fu kesimlerde de yer yer yo\u011fun olmak \u00fczere pus ve sis olaylar\u0131na kar\u015f\u0131 ula\u015f\u0131mda &hellip;","og_url":"https:\/\/denizcankizil.tr\/uk\/haberler\/gundem\/yurtta-hava-marmaranin-batisi-ve-kiyi-egeye-dikkat\/","og_site_name":"Av. Deniz Can K\u0131z\u0131l","article_published_time":"2025-01-29T07:41:58+00:00","author":"admin","twitter_card":"summary_large_image","twitter_misc":{"\u041d\u0430\u043f\u0438\u0441\u0430\u043d\u043e":"admin","\u041f\u0440\u0438\u0431\u043b. \u0447\u0430\u0441 \u0447\u0438\u0442\u0430\u043d\u043d\u044f":"3 \u0445\u0432\u0438\u043b\u0438\u043d\u0438"},"schema":{"@context":"https:\/\/schema.org","@graph":[{"@type":"Article","@id":"https:\/\/denizcankizil.tr\/uk\/haberler\/gundem\/yurtta-hava-marmaranin-batisi-ve-kiyi-egeye-dikkat\/#article","isPartOf":{"@id":"https:\/\/denizcankizil.tr\/uk\/haberler\/gundem\/yurtta-hava-marmaranin-batisi-ve-kiyi-egeye-dikkat\/"},"author":{"name":"admin","@id":"https:\/\/denizcankizil.tr\/#\/schema\/person\/be3c05fe6a12686905512445d8185489"},"headline":"Yurtta hava&#8230; Marmara&#8217;n\u0131n bat\u0131s\u0131 ve K\u0131y\u0131 Ege&#8217;ye dikkat!","datePublished":"2025-01-29T07:41:58+00:00","mainEntityOfPage":{"@id":"https:\/\/denizcankizil.tr\/uk\/haberler\/gundem\/yurtta-hava-marmaranin-batisi-ve-kiyi-egeye-dikkat\/"},"wordCount":617,"commentCount":0,"publisher":{"@id":"https:\/\/denizcankizil.tr\/#organization"},"articleSection":["G\u00fcndem"],"inLanguage":"uk","potentialAction":[{"@type":"CommentAction","name":"Comment","target":["https:\/\/denizcankizil.tr\/uk\/haberler\/gundem\/yurtta-hava-marmaranin-batisi-ve-kiyi-egeye-dikkat\/#respond"]}]},{"@type":"WebPage","@id":"https:\/\/denizcankizil.tr\/uk\/haberler\/gundem\/yurtta-hava-marmaranin-batisi-ve-kiyi-egeye-dikkat\/","url":"https:\/\/denizcankizil.tr\/uk\/haberler\/gundem\/yurtta-hava-marmaranin-batisi-ve-kiyi-egeye-dikkat\/","name":"Yurtta hava... Marmara'n\u0131n bat\u0131s\u0131 ve K\u0131y\u0131 Ege'ye dikkat! - Av. Deniz Can K\u0131z\u0131l","isPartOf":{"@id":"https:\/\/denizcankizil.tr\/#website"},"datePublished":"2025-01-29T07:41:58+00:00","breadcrumb":{"@id":"https:\/\/denizcankizil.tr\/uk\/haberler\/gundem\/yurtta-hava-marmaranin-batisi-ve-kiyi-egeye-dikkat\/#breadcrumb"},"inLanguage":"uk","potentialAction":[{"@type":"ReadAction","target":["https:\/\/denizcankizil.tr\/uk\/haberler\/gundem\/yurtta-hava-marmaranin-batisi-ve-kiyi-egeye-dikkat\/"]}]},{"@type":"BreadcrumbList","@id":"https:\/\/denizcankizil.tr\/uk\/haberler\/gundem\/yurtta-hava-marmaranin-batisi-ve-kiyi-egeye-dikkat\/#breadcrumb","itemListElement":[{"@type":"ListItem","position":1,"name":"Home","item":"https:\/\/denizcankizil.tr\/de\/"},{"@type":"ListItem","position":2,"name":"Yurtta hava&#8230; Marmara&#8217;n\u0131n bat\u0131s\u0131 ve K\u0131y\u0131 Ege&#8217;ye dikkat!"}]},{"@type":"WebSite","@id":"https:\/\/denizcankizil.tr\/#website","url":"https:\/\/denizcankizil.tr\/","name":"Av. Deniz Can K\u0131z\u0131l","description":"Avukat Deniz Can K\u0131z\u0131l Antalya Barosu","publisher":{"@id":"https:\/\/denizcankizil.tr\/#organization"},"potentialAction":[{"@type":"SearchAction","target":{"@type":"EntryPoint","urlTemplate":"https:\/\/denizcankizil.tr\/?s={search_term_string}"},"query-input":{"@type":"PropertyValueSpecification","valueRequired":true,"valueName":"search_term_string"}}],"inLanguage":"uk"},{"@type":"Organization","@id":"https:\/\/denizcankizil.tr\/#organization","name":"Av. Deniz Can K\u0131z\u0131l","url":"https:\/\/denizcankizil.tr\/","logo":{"@type":"ImageObject","inLanguage":"uk","@id":"https:\/\/denizcankizil.tr\/#\/schema\/logo\/image\/","url":"https:\/\/denizcankizil.tr\/wp-content\/uploads\/2024\/10\/siyah-logo-svg.svg","contentUrl":"https:\/\/denizcankizil.tr\/wp-content\/uploads\/2024\/10\/siyah-logo-svg.svg","width":1080,"height":1080,"caption":"Av. Deniz Can K\u0131z\u0131l"},"image":{"@id":"https:\/\/denizcankizil.tr\/#\/schema\/logo\/image\/"}},{"@type":"Person","@id":"https:\/\/denizcankizil.tr\/#\/schema\/person\/be3c05fe6a12686905512445d8185489","name":"\u0430\u0434\u043c\u0456\u043d","image":{"@type":"ImageObject","inLanguage":"uk","@id":"https:\/\/denizcankizil.tr\/#\/schema\/person\/image\/","url":"https:\/\/secure.gravatar.com\/avatar\/c1fce94c830dc79107e174f890d7210541c4a63e8e5d816341794a2151c9d58c?s=96&d=mm&r=g","contentUrl":"https:\/\/secure.gravatar.com\/avatar\/c1fce94c830dc79107e174f890d7210541c4a63e8e5d816341794a2151c9d58c?s=96&d=mm&r=g","caption":"admin"},"sameAs":["http:\/\/denizcankizil.tr"],"url":"https:\/\/www.iskenderun.org\/yurtta-hava-marmaranin-batisi-ve-kiyi-egeye-dikkat"}]}},"_links":{"self":[{"href":"https:\/\/denizcankizil.tr\/uk\/wp-json\/wp\/v2\/posts\/28388","targetHints":{"allow":["GET"]}}],"collection":[{"href":"https:\/\/denizcankizil.tr\/uk\/wp-json\/wp\/v2\/posts"}],"about":[{"href":"https:\/\/denizcankizil.tr\/uk\/wp-json\/wp\/v2\/types\/post"}],"author":[{"embeddable":true,"href":"https:\/\/denizcankizil.tr\/uk\/wp-json\/wp\/v2\/users\/1"}],"replies":[{"embeddable":true,"href":"https:\/\/denizcankizil.tr\/uk\/wp-json\/wp\/v2\/comments?post=28388"}],"version-history":[{"count":0,"href":"https:\/\/denizcankizil.tr\/uk\/wp-json\/wp\/v2\/posts\/28388\/revisions"}],"wp:attachment":[{"href":"https:\/\/denizcankizil.tr\/uk\/wp-json\/wp\/v2\/media?parent=28388"}],"wp:term":[{"taxonomy":"category","embeddable":true,"href":"https:\/\/denizcankizil.tr\/uk\/wp-json\/wp\/v2\/categories?post=28388"},{"taxonomy":"post_tag","embeddable":true,"href":"https:\/\/denizcankizil.tr\/uk\/wp-json\/wp\/v2\/tags?post=28388"}],"curies":[{"name":"wp","href":"https:\/\/api.w.org\/{rel}","templated":true}]}}