{"id":27942,"date":"2025-01-27T18:41:38","date_gmt":"2025-01-27T15:41:38","guid":{"rendered":"https:\/\/denizcankizil.tr\/uncategorized-tr\/genclik-meclisi-yilin-ilk-toplantisini-gerceklestirdi\/"},"modified":"2025-01-27T18:41:38","modified_gmt":"2025-01-27T15:41:38","slug":"genclik-meclisi-yilin-ilk-toplantisini-gerceklestirdi","status":"publish","type":"post","link":"https:\/\/denizcankizil.tr\/uk\/haberler\/gundem\/genclik-meclisi-yilin-ilk-toplantisini-gerceklestirdi\/","title":{"rendered":"Gen\u00e7lik Meclisi y\u0131l\u0131n ilk toplant\u0131s\u0131n\u0131 ger\u00e7ekle\u015ftirdi"},"content":{"rendered":"<p>Kemer Belediye Ba\u015fkan\u0131 Necati Topalo\u011flu \u00f6nc\u00fcl\u00fc\u011f\u00fcnde kurulan Kemer Belediyesi Gen\u00e7lik Meclisi, 2025 y\u0131l\u0131n\u0131n ilk toplant\u0131s\u0131n\u0131 ger\u00e7ekle\u015ftirdi.\u00a0<\/p>\n<p>\u200bKemer Belediye Ba\u015fkan\u0131 Necati Topalo\u011flu \u00f6nc\u00fcl\u00fc\u011f\u00fcnde kurulan Kemer Belediyesi Gen\u00e7lik Meclisi, 2025 y\u0131l\u0131n\u0131n ilk toplant\u0131s\u0131n\u0131 ger\u00e7ekle\u015ftirdi.\u00a0\u00a0<\/p>\n<p>\u200bHaberin Al\u0131nt\u0131land\u0131\u011f\u0131 Kaynak: www.iskenderun.org<\/p>","protected":false},"excerpt":{"rendered":"<p>Kemer Belediye Ba\u015fkan\u0131 Necati Topalo\u011flu \u00f6nc\u00fcl\u00fc\u011f\u00fcnde kurulan Kemer Belediyesi Gen\u00e7lik Meclisi, 2025 y\u0131l\u0131n\u0131n ilk toplant\u0131s\u0131n\u0131 ger\u00e7ekle\u015ftirdi.\u00a0 \u200bKemer Belediye Ba\u015fkan\u0131 Necati Topalo\u011flu \u00f6nc\u00fcl\u00fc\u011f\u00fcnde kurulan Kemer Belediyesi Gen\u00e7lik Meclisi, 2025 y\u0131l\u0131n\u0131n ilk toplant\u0131s\u0131n\u0131 ger\u00e7ekle\u015ftirdi.\u00a0\u00a0 \u200bHaberin Al\u0131nt\u0131land\u0131\u011f\u0131 Kaynak: www.iskenderun.org<\/p>","protected":false},"author":1,"featured_media":0,"comment_status":"open","ping_status":"open","sticky":false,"template":"","format":"standard","meta":{"_acf_changed":false,"footnotes":""},"categories":[24],"tags":[],"class_list":["post-27942","post","type-post","status-publish","format-standard","has-post-thumbnail","hentry","category-gundem"],"acf":[],"yoast_head":"<!-- This site is optimized with the Yoast SEO Premium plugin v26.6 (Yoast SEO v27.1.1) - https:\/\/yoast.com\/product\/yoast-seo-premium-wordpress\/ -->\n<title>Gen\u00e7lik Meclisi y\u0131l\u0131n ilk toplant\u0131s\u0131n\u0131 ger\u00e7ekle\u015ftirdi - Av. Deniz Can K\u0131z\u0131l<\/title>\n<meta name=\"robots\" content=\"index, follow, max-snippet:-1, max-image-preview:large, max-video-preview:-1\" \/>\n<link rel=\"canonical\" href=\"https:\/\/denizcankizil.tr\/uk\/haberler\/gundem\/genclik-meclisi-yilin-ilk-toplantisini-gerceklestirdi\/\" \/>\n<meta property=\"og:locale\" content=\"uk_UA\" \/>\n<meta property=\"og:type\" content=\"article\" \/>\n<meta property=\"og:title\" content=\"Gen\u00e7lik Meclisi y\u0131l\u0131n ilk toplant\u0131s\u0131n\u0131 ger\u00e7ekle\u015ftirdi\" \/>\n<meta property=\"og:description\" content=\"Kemer Belediye Ba\u015fkan\u0131 Necati Topalo\u011flu \u00f6nc\u00fcl\u00fc\u011f\u00fcnde kurulan Kemer Belediyesi Gen\u00e7lik Meclisi, 2025 y\u0131l\u0131n\u0131n ilk toplant\u0131s\u0131n\u0131 ger\u00e7ekle\u015ftirdi.\u00a0 \u200bKemer Belediye Ba\u015fkan\u0131 Necati Topalo\u011flu \u00f6nc\u00fcl\u00fc\u011f\u00fcnde kurulan Kemer Belediyesi Gen\u00e7lik Meclisi, 2025 y\u0131l\u0131n\u0131n ilk toplant\u0131s\u0131n\u0131 ger\u00e7ekle\u015ftirdi.\u00a0\u00a0 \u200bHaberin Al\u0131nt\u0131land\u0131\u011f\u0131 Kaynak: www.iskenderun.org\" \/>\n<meta property=\"og:url\" content=\"https:\/\/denizcankizil.tr\/uk\/haberler\/gundem\/genclik-meclisi-yilin-ilk-toplantisini-gerceklestirdi\/\" \/>\n<meta property=\"og:site_name\" content=\"Av. Deniz Can K\u0131z\u0131l\" \/>\n<meta property=\"article:published_time\" content=\"2025-01-27T15:41:38+00:00\" \/>\n<meta name=\"author\" content=\"admin\" \/>\n<meta name=\"twitter:card\" content=\"summary_large_image\" \/>\n<meta name=\"twitter:label1\" content=\"\u041d\u0430\u043f\u0438\u0441\u0430\u043d\u043e\" \/>\n\t<meta name=\"twitter:data1\" content=\"admin\" \/>\n<script type=\"application\/ld+json\" class=\"yoast-schema-graph\">{\"@context\":\"https:\/\/schema.org\",\"@graph\":[{\"@type\":\"Article\",\"@id\":\"https:\/\/denizcankizil.tr\/uk\/haberler\/gundem\/genclik-meclisi-yilin-ilk-toplantisini-gerceklestirdi\/#article\",\"isPartOf\":{\"@id\":\"https:\/\/denizcankizil.tr\/uk\/haberler\/gundem\/genclik-meclisi-yilin-ilk-toplantisini-gerceklestirdi\/\"},\"author\":{\"name\":\"admin\",\"@id\":\"https:\/\/denizcankizil.tr\/#\/schema\/person\/be3c05fe6a12686905512445d8185489\"},\"headline\":\"Gen\u00e7lik Meclisi y\u0131l\u0131n ilk toplant\u0131s\u0131n\u0131 ger\u00e7ekle\u015ftirdi\",\"datePublished\":\"2025-01-27T15:41:38+00:00\",\"mainEntityOfPage\":{\"@id\":\"https:\/\/denizcankizil.tr\/uk\/haberler\/gundem\/genclik-meclisi-yilin-ilk-toplantisini-gerceklestirdi\/\"},\"wordCount\":75,\"commentCount\":0,\"publisher\":{\"@id\":\"https:\/\/denizcankizil.tr\/#organization\"},\"articleSection\":[\"G\u00fcndem\"],\"inLanguage\":\"uk\",\"potentialAction\":[{\"@type\":\"CommentAction\",\"name\":\"Comment\",\"target\":[\"https:\/\/denizcankizil.tr\/uk\/haberler\/gundem\/genclik-meclisi-yilin-ilk-toplantisini-gerceklestirdi\/#respond\"]}]},{\"@type\":\"WebPage\",\"@id\":\"https:\/\/denizcankizil.tr\/uk\/haberler\/gundem\/genclik-meclisi-yilin-ilk-toplantisini-gerceklestirdi\/\",\"url\":\"https:\/\/denizcankizil.tr\/uk\/haberler\/gundem\/genclik-meclisi-yilin-ilk-toplantisini-gerceklestirdi\/\",\"name\":\"Gen\u00e7lik Meclisi y\u0131l\u0131n ilk toplant\u0131s\u0131n\u0131 ger\u00e7ekle\u015ftirdi - Av. Deniz Can K\u0131z\u0131l\",\"isPartOf\":{\"@id\":\"https:\/\/denizcankizil.tr\/#website\"},\"datePublished\":\"2025-01-27T15:41:38+00:00\",\"breadcrumb\":{\"@id\":\"https:\/\/denizcankizil.tr\/uk\/haberler\/gundem\/genclik-meclisi-yilin-ilk-toplantisini-gerceklestirdi\/#breadcrumb\"},\"inLanguage\":\"uk\",\"potentialAction\":[{\"@type\":\"ReadAction\",\"target\":[\"https:\/\/denizcankizil.tr\/uk\/haberler\/gundem\/genclik-meclisi-yilin-ilk-toplantisini-gerceklestirdi\/\"]}]},{\"@type\":\"BreadcrumbList\",\"@id\":\"https:\/\/denizcankizil.tr\/uk\/haberler\/gundem\/genclik-meclisi-yilin-ilk-toplantisini-gerceklestirdi\/#breadcrumb\",\"itemListElement\":[{\"@type\":\"ListItem\",\"position\":1,\"name\":\"Home\",\"item\":\"https:\/\/denizcankizil.tr\/uk\/\"},{\"@type\":\"ListItem\",\"position\":2,\"name\":\"Gen\u00e7lik Meclisi y\u0131l\u0131n ilk toplant\u0131s\u0131n\u0131 ger\u00e7ekle\u015ftirdi\"}]},{\"@type\":\"WebSite\",\"@id\":\"https:\/\/denizcankizil.tr\/#website\",\"url\":\"https:\/\/denizcankizil.tr\/\",\"name\":\"Av. Deniz Can K\u0131z\u0131l\",\"description\":\"Avukat Deniz Can K\u0131z\u0131l Antalya Barosu\",\"publisher\":{\"@id\":\"https:\/\/denizcankizil.tr\/#organization\"},\"potentialAction\":[{\"@type\":\"SearchAction\",\"target\":{\"@type\":\"EntryPoint\",\"urlTemplate\":\"https:\/\/denizcankizil.tr\/?s={search_term_string}\"},\"query-input\":{\"@type\":\"PropertyValueSpecification\",\"valueRequired\":true,\"valueName\":\"search_term_string\"}}],\"inLanguage\":\"uk\"},{\"@type\":\"Organization\",\"@id\":\"https:\/\/denizcankizil.tr\/#organization\",\"name\":\"Av. Deniz Can K\u0131z\u0131l\",\"url\":\"https:\/\/denizcankizil.tr\/\",\"logo\":{\"@type\":\"ImageObject\",\"inLanguage\":\"uk\",\"@id\":\"https:\/\/denizcankizil.tr\/#\/schema\/logo\/image\/\",\"url\":\"https:\/\/denizcankizil.tr\/wp-content\/uploads\/2024\/10\/siyah-logo-svg.svg\",\"contentUrl\":\"https:\/\/denizcankizil.tr\/wp-content\/uploads\/2024\/10\/siyah-logo-svg.svg\",\"width\":1080,\"height\":1080,\"caption\":\"Av. Deniz Can K\u0131z\u0131l\"},\"image\":{\"@id\":\"https:\/\/denizcankizil.tr\/#\/schema\/logo\/image\/\"}},{\"@type\":\"Person\",\"@id\":\"https:\/\/denizcankizil.tr\/#\/schema\/person\/be3c05fe6a12686905512445d8185489\",\"name\":\"admin\",\"image\":{\"@type\":\"ImageObject\",\"inLanguage\":\"uk\",\"@id\":\"https:\/\/denizcankizil.tr\/#\/schema\/person\/image\/\",\"url\":\"https:\/\/secure.gravatar.com\/avatar\/c1fce94c830dc79107e174f890d7210541c4a63e8e5d816341794a2151c9d58c?s=96&d=mm&r=g\",\"contentUrl\":\"https:\/\/secure.gravatar.com\/avatar\/c1fce94c830dc79107e174f890d7210541c4a63e8e5d816341794a2151c9d58c?s=96&d=mm&r=g\",\"caption\":\"admin\"},\"sameAs\":[\"http:\/\/denizcankizil.tr\"],\"url\":\"https:\/\/www.iskenderun.org\/genclik-meclisi-yilin-ilk-toplantisini-gerceklestirdi\"}]}<\/script>\n<!-- \/ Yoast SEO Premium plugin. -->","yoast_head_json":{"title":"Gen\u00e7lik Meclisi y\u0131l\u0131n ilk toplant\u0131s\u0131n\u0131 ger\u00e7ekle\u015ftirdi - Av. Deniz Can K\u0131z\u0131l","robots":{"index":"index","follow":"follow","max-snippet":"max-snippet:-1","max-image-preview":"max-image-preview:large","max-video-preview":"max-video-preview:-1"},"canonical":"https:\/\/denizcankizil.tr\/uk\/haberler\/gundem\/genclik-meclisi-yilin-ilk-toplantisini-gerceklestirdi\/","og_locale":"uk_UA","og_type":"article","og_title":"Gen\u00e7lik Meclisi y\u0131l\u0131n ilk toplant\u0131s\u0131n\u0131 ger\u00e7ekle\u015ftirdi","og_description":"Kemer Belediye Ba\u015fkan\u0131 Necati Topalo\u011flu \u00f6nc\u00fcl\u00fc\u011f\u00fcnde kurulan Kemer Belediyesi Gen\u00e7lik Meclisi, 2025 y\u0131l\u0131n\u0131n ilk toplant\u0131s\u0131n\u0131 ger\u00e7ekle\u015ftirdi.\u00a0 \u200bKemer Belediye Ba\u015fkan\u0131 Necati Topalo\u011flu \u00f6nc\u00fcl\u00fc\u011f\u00fcnde kurulan Kemer Belediyesi Gen\u00e7lik Meclisi, 2025 y\u0131l\u0131n\u0131n ilk toplant\u0131s\u0131n\u0131 ger\u00e7ekle\u015ftirdi.\u00a0\u00a0 \u200bHaberin Al\u0131nt\u0131land\u0131\u011f\u0131 Kaynak: www.iskenderun.org","og_url":"https:\/\/denizcankizil.tr\/uk\/haberler\/gundem\/genclik-meclisi-yilin-ilk-toplantisini-gerceklestirdi\/","og_site_name":"Av. Deniz Can K\u0131z\u0131l","article_published_time":"2025-01-27T15:41:38+00:00","author":"admin","twitter_card":"summary_large_image","twitter_misc":{"\u041d\u0430\u043f\u0438\u0441\u0430\u043d\u043e":"admin"},"schema":{"@context":"https:\/\/schema.org","@graph":[{"@type":"Article","@id":"https:\/\/denizcankizil.tr\/uk\/haberler\/gundem\/genclik-meclisi-yilin-ilk-toplantisini-gerceklestirdi\/#article","isPartOf":{"@id":"https:\/\/denizcankizil.tr\/uk\/haberler\/gundem\/genclik-meclisi-yilin-ilk-toplantisini-gerceklestirdi\/"},"author":{"name":"admin","@id":"https:\/\/denizcankizil.tr\/#\/schema\/person\/be3c05fe6a12686905512445d8185489"},"headline":"Gen\u00e7lik Meclisi y\u0131l\u0131n ilk toplant\u0131s\u0131n\u0131 ger\u00e7ekle\u015ftirdi","datePublished":"2025-01-27T15:41:38+00:00","mainEntityOfPage":{"@id":"https:\/\/denizcankizil.tr\/uk\/haberler\/gundem\/genclik-meclisi-yilin-ilk-toplantisini-gerceklestirdi\/"},"wordCount":75,"commentCount":0,"publisher":{"@id":"https:\/\/denizcankizil.tr\/#organization"},"articleSection":["G\u00fcndem"],"inLanguage":"uk","potentialAction":[{"@type":"CommentAction","name":"Comment","target":["https:\/\/denizcankizil.tr\/uk\/haberler\/gundem\/genclik-meclisi-yilin-ilk-toplantisini-gerceklestirdi\/#respond"]}]},{"@type":"WebPage","@id":"https:\/\/denizcankizil.tr\/uk\/haberler\/gundem\/genclik-meclisi-yilin-ilk-toplantisini-gerceklestirdi\/","url":"https:\/\/denizcankizil.tr\/uk\/haberler\/gundem\/genclik-meclisi-yilin-ilk-toplantisini-gerceklestirdi\/","name":"Gen\u00e7lik Meclisi y\u0131l\u0131n ilk toplant\u0131s\u0131n\u0131 ger\u00e7ekle\u015ftirdi - Av. Deniz Can K\u0131z\u0131l","isPartOf":{"@id":"https:\/\/denizcankizil.tr\/#website"},"datePublished":"2025-01-27T15:41:38+00:00","breadcrumb":{"@id":"https:\/\/denizcankizil.tr\/uk\/haberler\/gundem\/genclik-meclisi-yilin-ilk-toplantisini-gerceklestirdi\/#breadcrumb"},"inLanguage":"uk","potentialAction":[{"@type":"ReadAction","target":["https:\/\/denizcankizil.tr\/uk\/haberler\/gundem\/genclik-meclisi-yilin-ilk-toplantisini-gerceklestirdi\/"]}]},{"@type":"BreadcrumbList","@id":"https:\/\/denizcankizil.tr\/uk\/haberler\/gundem\/genclik-meclisi-yilin-ilk-toplantisini-gerceklestirdi\/#breadcrumb","itemListElement":[{"@type":"ListItem","position":1,"name":"Home","item":"https:\/\/denizcankizil.tr\/uk\/"},{"@type":"ListItem","position":2,"name":"Gen\u00e7lik Meclisi y\u0131l\u0131n ilk toplant\u0131s\u0131n\u0131 ger\u00e7ekle\u015ftirdi"}]},{"@type":"WebSite","@id":"https:\/\/denizcankizil.tr\/#website","url":"https:\/\/denizcankizil.tr\/","name":"Av. Deniz Can K\u0131z\u0131l","description":"Avukat Deniz Can K\u0131z\u0131l Antalya Barosu","publisher":{"@id":"https:\/\/denizcankizil.tr\/#organization"},"potentialAction":[{"@type":"SearchAction","target":{"@type":"EntryPoint","urlTemplate":"https:\/\/denizcankizil.tr\/?s={search_term_string}"},"query-input":{"@type":"PropertyValueSpecification","valueRequired":true,"valueName":"search_term_string"}}],"inLanguage":"uk"},{"@type":"Organization","@id":"https:\/\/denizcankizil.tr\/#organization","name":"Av. Deniz Can K\u0131z\u0131l","url":"https:\/\/denizcankizil.tr\/","logo":{"@type":"ImageObject","inLanguage":"uk","@id":"https:\/\/denizcankizil.tr\/#\/schema\/logo\/image\/","url":"https:\/\/denizcankizil.tr\/wp-content\/uploads\/2024\/10\/siyah-logo-svg.svg","contentUrl":"https:\/\/denizcankizil.tr\/wp-content\/uploads\/2024\/10\/siyah-logo-svg.svg","width":1080,"height":1080,"caption":"Av. Deniz Can K\u0131z\u0131l"},"image":{"@id":"https:\/\/denizcankizil.tr\/#\/schema\/logo\/image\/"}},{"@type":"Person","@id":"https:\/\/denizcankizil.tr\/#\/schema\/person\/be3c05fe6a12686905512445d8185489","name":"\u0430\u0434\u043c\u0456\u043d","image":{"@type":"ImageObject","inLanguage":"uk","@id":"https:\/\/denizcankizil.tr\/#\/schema\/person\/image\/","url":"https:\/\/secure.gravatar.com\/avatar\/c1fce94c830dc79107e174f890d7210541c4a63e8e5d816341794a2151c9d58c?s=96&d=mm&r=g","contentUrl":"https:\/\/secure.gravatar.com\/avatar\/c1fce94c830dc79107e174f890d7210541c4a63e8e5d816341794a2151c9d58c?s=96&d=mm&r=g","caption":"admin"},"sameAs":["http:\/\/denizcankizil.tr"],"url":"https:\/\/www.iskenderun.org\/genclik-meclisi-yilin-ilk-toplantisini-gerceklestirdi"}]}},"_links":{"self":[{"href":"https:\/\/denizcankizil.tr\/uk\/wp-json\/wp\/v2\/posts\/27942","targetHints":{"allow":["GET"]}}],"collection":[{"href":"https:\/\/denizcankizil.tr\/uk\/wp-json\/wp\/v2\/posts"}],"about":[{"href":"https:\/\/denizcankizil.tr\/uk\/wp-json\/wp\/v2\/types\/post"}],"author":[{"embeddable":true,"href":"https:\/\/denizcankizil.tr\/uk\/wp-json\/wp\/v2\/users\/1"}],"replies":[{"embeddable":true,"href":"https:\/\/denizcankizil.tr\/uk\/wp-json\/wp\/v2\/comments?post=27942"}],"version-history":[{"count":0,"href":"https:\/\/denizcankizil.tr\/uk\/wp-json\/wp\/v2\/posts\/27942\/revisions"}],"wp:attachment":[{"href":"https:\/\/denizcankizil.tr\/uk\/wp-json\/wp\/v2\/media?parent=27942"}],"wp:term":[{"taxonomy":"category","embeddable":true,"href":"https:\/\/denizcankizil.tr\/uk\/wp-json\/wp\/v2\/categories?post=27942"},{"taxonomy":"post_tag","embeddable":true,"href":"https:\/\/denizcankizil.tr\/uk\/wp-json\/wp\/v2\/tags?post=27942"}],"curies":[{"name":"wp","href":"https:\/\/api.w.org\/{rel}","templated":true}]}}