{"id":27857,"date":"2025-01-27T12:41:32","date_gmt":"2025-01-27T09:41:32","guid":{"rendered":"https:\/\/denizcankizil.tr\/uncategorized-tr\/imamogluna-resen-sorusturma\/"},"modified":"2025-01-27T12:41:32","modified_gmt":"2025-01-27T09:41:32","slug":"imamogluna-resen-sorusturma","status":"publish","type":"post","link":"https:\/\/denizcankizil.tr\/uk\/haberler\/gundem\/imamogluna-resen-sorusturma\/","title":{"rendered":"\u0130mamo\u011flu&#8217;na re&#8217;sen soru\u015fturma!"},"content":{"rendered":"<p>\u0130stanbul B\u00fcy\u00fck\u015fehir Belediye Ba\u015fkan\u0131 Ekrem \u0130mamo\u011flu&#8217;nun bug\u00fcn Sara\u00e7hane&#8217;de yapt\u0131\u011f\u0131 a\u00e7\u0131klamalar\u0131na y\u00f6nelik re&#8217;sen soru\u015fturma a\u00e7\u0131ld\u0131. \u0130mamo\u011flu, CHP&#8217;ye y\u00f6nelik operasyonlar ve kayy\u0131m atamalar\u0131 hakk\u0131nda d\u00fczenledi\u011fi bas\u0131n a\u00e7\u0131klamas\u0131nda &#8220;Turbun b\u00fcy\u00fc\u011f\u00fc bilirki\u015fi Sat\u0131lm\u0131\u015f B\u00fcy\u00fckcanayak\u0131n&#8221; dedi.\u0130STANBUL (\u0130GFA) &#8211; \u0130stanbul Cumhuriyet Ba\u015fsavc\u0131l\u0131\u011f\u0131, \u0130stanbul B\u00fcy\u00fck\u015fehir Belediye Ba\u015fkan\u0131 Ekrem \u0130mamo\u011flu hakk\u0131nda kamu davalar\u0131nda g\u00f6revli bilirki\u015fiyi jhedef g\u00f6sterdi\u011fi gerek\u00e7esiyle resen soru\u015fturma a\u00e7t\u0131.<\/p>\n<p>https:\/\/twitter.com\/ekrem_imamoglu\/status\/1883771976856326497<\/p>\n<p>\u0130mamo\u011flu, bug\u00fcn Bolu&#8217;da ya\u015fanan 78 vatanda\u015f\u0131n hayat\u0131n\u0131 kaybetti\u011fi g\u00fcndeme y\u00f6nelik Sara\u00e7hane&#8217;de a\u00e7\u0131klamalarda bulunmu\u015ftu.<br \/>\n\u201cYa\u015fanan hukuksuzluklara ili\u015fkin kamuoyunun ilk kez duyaca\u011f\u0131 \u00f6nemli ve \u00e7arp\u0131c\u0131 bilgileri payla\u015faca\u011f\u0131&#8221; ifadeleriyle duyurulan toplant\u0131, Sara\u00e7hane\u2019deki \u0130stanbul B\u00fcy\u00fck\u015fehir Belediyesi yerle\u015fkesinde d\u00fczenlenmi\u015fti.<br \/>\n\u0130stanbul B\u00fcy\u00fck\u015fehir Belediye Ba\u015fkan\u0131 Ekrem \u0130mamo\u011flu, CHP&#8217;ye y\u00f6nelik operasyonlar ve kayy\u0131m atamalar\u0131 hakk\u0131nda d\u00fczenledi\u011fi bas\u0131n a\u00e7\u0131klamas\u0131nda &#8220;Turbun b\u00fcy\u00fc\u011f\u00fc bilirki\u015fi Sat\u0131lm\u0131\u015f B\u00fcy\u00fckcanayak\u0131n&#8221; dedi.<br \/>\n\u00d6ZCAN&#8217;A, \u00d6ZDA\u011e&#8217;A DESTEK, DEM\u0130RTA\u015e&#8217;A SELAM!<br \/>\nBolu Belediye Ba\u015fkan\u0131 Tanju \u00d6zcan\u2019a destekledi\u011fini belirten Ba\u015fkan \u0130mamo\u011flu, Zafer Partisi Genel Ba\u015fkan\u0131 \u00dcmit \u00d6zda\u011f\u2019\u0131n tutuklanmas\u0131n\u0131 da ele\u015ftirirken, \u201cT\u00fcrkiye buna darbe d\u00f6nemlerinden al\u0131\u015f\u0131k. Say\u0131n Selahattin Demirta\u015f genel ba\u015fkanken tutukland\u0131. 7 y\u0131ld\u0131r cezaevinde. Darbeden 45 y\u0131l sonra \u00dcmit \u00d6zda\u011f yarg\u0131 eliyle tutukland\u0131. \u0130kisine de sevgilerimi, selamlar\u0131m\u0131 yolluyorum\u201d ifadelerini kulland\u0131.<\/p>\n<p>\u200b\u0130stanbul B\u00fcy\u00fck\u015fehir Belediye Ba\u015fkan\u0131 Ekrem \u0130mamo\u011flu&#8217;nun bug\u00fcn Sara\u00e7hane&#8217;de yapt\u0131\u011f\u0131 a\u00e7\u0131klamalar\u0131na y\u00f6nelik re&#8217;sen soru\u015fturma a\u00e7\u0131ld\u0131. \u0130mamo\u011flu, CHP&#8217;ye y\u00f6nelik operasyonlar ve kayy\u0131m atamalar\u0131 hakk\u0131nda d\u00fczenledi\u011fi bas\u0131n a\u00e7\u0131klamas\u0131nda &#8220;Turbun b\u00fcy\u00fc\u011f\u00fc bilirki\u015fi Sat\u0131lm\u0131\u015f B\u00fcy\u00fckcanayak\u0131n&#8221; dedi.\u0130STANBUL (\u0130GFA) &#8211; \u0130stanbul Cumhuriyet Ba\u015fsavc\u0131l\u0131\u011f\u0131, \u0130stanbul B\u00fcy\u00fck\u015fehir Belediye Ba\u015fkan\u0131 Ekrem \u0130mamo\u011flu hakk\u0131nda kamu davalar\u0131nda g\u00f6revli bilirki\u015fiyi jhedef g\u00f6sterdi\u011fi gerek\u00e7esiyle resen soru\u015fturma a\u00e7t\u0131.<\/p>\n<p>https:\/\/twitter.com\/ekrem_imamoglu\/status\/1883771976856326497<\/p>\n<p>\u0130mamo\u011flu, bug\u00fcn Bolu&#8217;da ya\u015fanan 78 vatanda\u015f\u0131n hayat\u0131n\u0131 kaybetti\u011fi g\u00fcndeme y\u00f6nelik Sara\u00e7hane&#8217;de a\u00e7\u0131klamalarda bulunmu\u015ftu.<br \/>\n\u201cYa\u015fanan hukuksuzluklara ili\u015fkin kamuoyunun ilk kez duyaca\u011f\u0131 \u00f6nemli ve \u00e7arp\u0131c\u0131 bilgileri payla\u015faca\u011f\u0131&#8221; ifadeleriyle duyurulan toplant\u0131, Sara\u00e7hane\u2019deki \u0130stanbul B\u00fcy\u00fck\u015fehir Belediyesi yerle\u015fkesinde d\u00fczenlenmi\u015fti.<br \/>\n\u0130stanbul B\u00fcy\u00fck\u015fehir Belediye Ba\u015fkan\u0131 Ekrem \u0130mamo\u011flu, CHP&#8217;ye y\u00f6nelik operasyonlar ve kayy\u0131m atamalar\u0131 hakk\u0131nda d\u00fczenledi\u011fi bas\u0131n a\u00e7\u0131klamas\u0131nda &#8220;Turbun b\u00fcy\u00fc\u011f\u00fc bilirki\u015fi Sat\u0131lm\u0131\u015f B\u00fcy\u00fckcanayak\u0131n&#8221; dedi.<br \/>\n\u00d6ZCAN&#8217;A, \u00d6ZDA\u011e&#8217;A DESTEK, DEM\u0130RTA\u015e&#8217;A SELAM!<br \/>\nBolu Belediye Ba\u015fkan\u0131 Tanju \u00d6zcan\u2019a destekledi\u011fini belirten Ba\u015fkan \u0130mamo\u011flu, Zafer Partisi Genel Ba\u015fkan\u0131 \u00dcmit \u00d6zda\u011f\u2019\u0131n tutuklanmas\u0131n\u0131 da ele\u015ftirirken, \u201cT\u00fcrkiye buna darbe d\u00f6nemlerinden al\u0131\u015f\u0131k. Say\u0131n Selahattin Demirta\u015f genel ba\u015fkanken tutukland\u0131. 7 y\u0131ld\u0131r cezaevinde. Darbeden 45 y\u0131l sonra \u00dcmit \u00d6zda\u011f yarg\u0131 eliyle tutukland\u0131. \u0130kisine de sevgilerimi, selamlar\u0131m\u0131 yolluyorum\u201d ifadelerini kulland\u0131.\u00a0<\/p>\n<p>\u200bHaberin Al\u0131nt\u0131land\u0131\u011f\u0131 Kaynak: www.iskenderun.org<\/p>","protected":false},"excerpt":{"rendered":"<p>\u0130stanbul B\u00fcy\u00fck\u015fehir Belediye Ba\u015fkan\u0131 Ekrem \u0130mamo\u011flu&#8217;nun bug\u00fcn Sara\u00e7hane&#8217;de yapt\u0131\u011f\u0131 a\u00e7\u0131klamalar\u0131na y\u00f6nelik re&#8217;sen soru\u015fturma a\u00e7\u0131ld\u0131. \u0130mamo\u011flu, CHP&#8217;ye y\u00f6nelik operasyonlar ve kayy\u0131m atamalar\u0131 hakk\u0131nda d\u00fczenledi\u011fi bas\u0131n a\u00e7\u0131klamas\u0131nda &#8220;Turbun b\u00fcy\u00fc\u011f\u00fc bilirki\u015fi Sat\u0131lm\u0131\u015f B\u00fcy\u00fckcanayak\u0131n&#8221; dedi.\u0130STANBUL (\u0130GFA) &#8211; \u0130stanbul Cumhuriyet Ba\u015fsavc\u0131l\u0131\u011f\u0131, \u0130stanbul B\u00fcy\u00fck\u015fehir Belediye Ba\u015fkan\u0131 Ekrem \u0130mamo\u011flu hakk\u0131nda kamu davalar\u0131nda g\u00f6revli bilirki\u015fiyi jhedef g\u00f6sterdi\u011fi gerek\u00e7esiyle resen soru\u015fturma a\u00e7t\u0131. https:\/\/twitter.com\/ekrem_imamoglu\/status\/1883771976856326497 \u0130mamo\u011flu, bug\u00fcn Bolu&#8217;da ya\u015fanan 78 vatanda\u015f\u0131n hayat\u0131n\u0131 kaybetti\u011fi g\u00fcndeme y\u00f6nelik Sara\u00e7hane&#8217;de a\u00e7\u0131klamalarda bulunmu\u015ftu. \u201cYa\u015fanan hukuksuzluklara ili\u015fkin kamuoyunun ilk kez duyaca\u011f\u0131 \u00f6nemli ve \u00e7arp\u0131c\u0131 bilgileri payla\u015faca\u011f\u0131&#8221; ifadeleriyle duyurulan toplant\u0131, Sara\u00e7hane\u2019deki \u0130stanbul B\u00fcy\u00fck\u015fehir Belediyesi yerle\u015fkesinde d\u00fczenlenmi\u015fti. \u0130stanbul B\u00fcy\u00fck\u015fehir Belediye Ba\u015fkan\u0131 Ekrem \u0130mamo\u011flu, CHP&#8217;ye y\u00f6nelik operasyonlar ve kayy\u0131m atamalar\u0131 hakk\u0131nda d\u00fczenledi\u011fi bas\u0131n a\u00e7\u0131klamas\u0131nda &#8220;Turbun b\u00fcy\u00fc\u011f\u00fc bilirki\u015fi Sat\u0131lm\u0131\u015f B\u00fcy\u00fckcanayak\u0131n&#8221; dedi. \u00d6ZCAN&#8217;A, \u00d6ZDA\u011e&#8217;A DESTEK, DEM\u0130RTA\u015e&#8217;A SELAM! Bolu Belediye Ba\u015fkan\u0131 Tanju \u00d6zcan\u2019a destekledi\u011fini belirten Ba\u015fkan \u0130mamo\u011flu, Zafer Partisi Genel Ba\u015fkan\u0131 \u00dcmit \u00d6zda\u011f\u2019\u0131n tutuklanmas\u0131n\u0131 da ele\u015ftirirken, \u201cT\u00fcrkiye buna darbe d\u00f6nemlerinden al\u0131\u015f\u0131k. Say\u0131n Selahattin Demirta\u015f genel ba\u015fkanken tutukland\u0131. 7 y\u0131ld\u0131r cezaevinde. Darbeden 45 y\u0131l sonra \u00dcmit \u00d6zda\u011f yarg\u0131 eliyle tutukland\u0131. \u0130kisine de sevgilerimi, selamlar\u0131m\u0131 yolluyorum\u201d ifadelerini kulland\u0131. \u200b\u0130stanbul B\u00fcy\u00fck\u015fehir Belediye Ba\u015fkan\u0131 Ekrem \u0130mamo\u011flu&#8217;nun bug\u00fcn Sara\u00e7hane&#8217;de yapt\u0131\u011f\u0131 a\u00e7\u0131klamalar\u0131na y\u00f6nelik re&#8217;sen soru\u015fturma a\u00e7\u0131ld\u0131. \u0130mamo\u011flu, CHP&#8217;ye y\u00f6nelik operasyonlar ve kayy\u0131m atamalar\u0131 hakk\u0131nda d\u00fczenledi\u011fi bas\u0131n a\u00e7\u0131klamas\u0131nda &#8220;Turbun b\u00fcy\u00fc\u011f\u00fc bilirki\u015fi Sat\u0131lm\u0131\u015f B\u00fcy\u00fckcanayak\u0131n&#8221; dedi.\u0130STANBUL (\u0130GFA) &#8211; \u0130stanbul Cumhuriyet Ba\u015fsavc\u0131l\u0131\u011f\u0131, \u0130stanbul &hellip;<\/p>","protected":false},"author":1,"featured_media":0,"comment_status":"open","ping_status":"open","sticky":false,"template":"","format":"standard","meta":{"_acf_changed":false,"footnotes":""},"categories":[24],"tags":[],"class_list":["post-27857","post","type-post","status-publish","format-standard","has-post-thumbnail","hentry","category-gundem"],"acf":[],"yoast_head":"<!-- This site is optimized with the Yoast SEO Premium plugin v26.6 (Yoast SEO v27.1.1) - https:\/\/yoast.com\/product\/yoast-seo-premium-wordpress\/ -->\n<title>\u0130mamo\u011flu&#039;na re&#039;sen soru\u015fturma! - Av. Deniz Can K\u0131z\u0131l<\/title>\n<meta name=\"robots\" content=\"index, follow, max-snippet:-1, max-image-preview:large, max-video-preview:-1\" \/>\n<link rel=\"canonical\" href=\"https:\/\/denizcankizil.tr\/uk\/haberler\/gundem\/imamogluna-resen-sorusturma\/\" \/>\n<meta property=\"og:locale\" content=\"uk_UA\" \/>\n<meta property=\"og:type\" content=\"article\" \/>\n<meta property=\"og:title\" content=\"\u0130mamo\u011flu&#039;na re&#039;sen soru\u015fturma!\" \/>\n<meta property=\"og:description\" content=\"\u0130stanbul B\u00fcy\u00fck\u015fehir Belediye Ba\u015fkan\u0131 Ekrem \u0130mamo\u011flu&#8217;nun bug\u00fcn Sara\u00e7hane&#8217;de yapt\u0131\u011f\u0131 a\u00e7\u0131klamalar\u0131na y\u00f6nelik re&#8217;sen soru\u015fturma a\u00e7\u0131ld\u0131. \u0130mamo\u011flu, CHP&#8217;ye y\u00f6nelik operasyonlar ve kayy\u0131m atamalar\u0131 hakk\u0131nda d\u00fczenledi\u011fi bas\u0131n a\u00e7\u0131klamas\u0131nda &#8220;Turbun b\u00fcy\u00fc\u011f\u00fc bilirki\u015fi Sat\u0131lm\u0131\u015f B\u00fcy\u00fckcanayak\u0131n&#8221; dedi.\u0130STANBUL (\u0130GFA) &#8211; \u0130stanbul Cumhuriyet Ba\u015fsavc\u0131l\u0131\u011f\u0131, \u0130stanbul B\u00fcy\u00fck\u015fehir Belediye Ba\u015fkan\u0131 Ekrem \u0130mamo\u011flu hakk\u0131nda kamu davalar\u0131nda g\u00f6revli bilirki\u015fiyi jhedef g\u00f6sterdi\u011fi gerek\u00e7esiyle resen soru\u015fturma a\u00e7t\u0131. https:\/\/twitter.com\/ekrem_imamoglu\/status\/1883771976856326497 \u0130mamo\u011flu, bug\u00fcn Bolu&#8217;da ya\u015fanan 78 vatanda\u015f\u0131n hayat\u0131n\u0131 kaybetti\u011fi g\u00fcndeme y\u00f6nelik Sara\u00e7hane&#8217;de a\u00e7\u0131klamalarda bulunmu\u015ftu. \u201cYa\u015fanan hukuksuzluklara ili\u015fkin kamuoyunun ilk kez duyaca\u011f\u0131 \u00f6nemli ve \u00e7arp\u0131c\u0131 bilgileri payla\u015faca\u011f\u0131&#8221; ifadeleriyle duyurulan toplant\u0131, Sara\u00e7hane\u2019deki \u0130stanbul B\u00fcy\u00fck\u015fehir Belediyesi yerle\u015fkesinde d\u00fczenlenmi\u015fti. \u0130stanbul B\u00fcy\u00fck\u015fehir Belediye Ba\u015fkan\u0131 Ekrem \u0130mamo\u011flu, CHP&#8217;ye y\u00f6nelik operasyonlar ve kayy\u0131m atamalar\u0131 hakk\u0131nda d\u00fczenledi\u011fi bas\u0131n a\u00e7\u0131klamas\u0131nda &#8220;Turbun b\u00fcy\u00fc\u011f\u00fc bilirki\u015fi Sat\u0131lm\u0131\u015f B\u00fcy\u00fckcanayak\u0131n&#8221; dedi. \u00d6ZCAN&#8217;A, \u00d6ZDA\u011e&#8217;A DESTEK, DEM\u0130RTA\u015e&#8217;A SELAM! Bolu Belediye Ba\u015fkan\u0131 Tanju \u00d6zcan\u2019a destekledi\u011fini belirten Ba\u015fkan \u0130mamo\u011flu, Zafer Partisi Genel Ba\u015fkan\u0131 \u00dcmit \u00d6zda\u011f\u2019\u0131n tutuklanmas\u0131n\u0131 da ele\u015ftirirken, \u201cT\u00fcrkiye buna darbe d\u00f6nemlerinden al\u0131\u015f\u0131k. Say\u0131n Selahattin Demirta\u015f genel ba\u015fkanken tutukland\u0131. 7 y\u0131ld\u0131r cezaevinde. Darbeden 45 y\u0131l sonra \u00dcmit \u00d6zda\u011f yarg\u0131 eliyle tutukland\u0131. \u0130kisine de sevgilerimi, selamlar\u0131m\u0131 yolluyorum\u201d ifadelerini kulland\u0131. \u200b\u0130stanbul B\u00fcy\u00fck\u015fehir Belediye Ba\u015fkan\u0131 Ekrem \u0130mamo\u011flu&#8217;nun bug\u00fcn Sara\u00e7hane&#8217;de yapt\u0131\u011f\u0131 a\u00e7\u0131klamalar\u0131na y\u00f6nelik re&#8217;sen soru\u015fturma a\u00e7\u0131ld\u0131. \u0130mamo\u011flu, CHP&#8217;ye y\u00f6nelik operasyonlar ve kayy\u0131m atamalar\u0131 hakk\u0131nda d\u00fczenledi\u011fi bas\u0131n a\u00e7\u0131klamas\u0131nda &#8220;Turbun b\u00fcy\u00fc\u011f\u00fc bilirki\u015fi Sat\u0131lm\u0131\u015f B\u00fcy\u00fckcanayak\u0131n&#8221; dedi.\u0130STANBUL (\u0130GFA) &#8211; \u0130stanbul Cumhuriyet Ba\u015fsavc\u0131l\u0131\u011f\u0131, \u0130stanbul &hellip;\" \/>\n<meta property=\"og:url\" content=\"https:\/\/denizcankizil.tr\/uk\/haberler\/gundem\/imamogluna-resen-sorusturma\/\" \/>\n<meta property=\"og:site_name\" content=\"Av. Deniz Can K\u0131z\u0131l\" \/>\n<meta property=\"article:published_time\" content=\"2025-01-27T09:41:32+00:00\" \/>\n<meta name=\"author\" content=\"admin\" \/>\n<meta name=\"twitter:card\" content=\"summary_large_image\" \/>\n<meta name=\"twitter:label1\" content=\"\u041d\u0430\u043f\u0438\u0441\u0430\u043d\u043e\" \/>\n\t<meta name=\"twitter:data1\" content=\"admin\" \/>\n\t<meta name=\"twitter:label2\" content=\"\u041f\u0440\u0438\u0431\u043b. \u0447\u0430\u0441 \u0447\u0438\u0442\u0430\u043d\u043d\u044f\" \/>\n\t<meta name=\"twitter:data2\" content=\"3 \u0445\u0432\u0438\u043b\u0438\u043d\u0438\" \/>\n<script type=\"application\/ld+json\" class=\"yoast-schema-graph\">{\"@context\":\"https:\/\/schema.org\",\"@graph\":[{\"@type\":\"Article\",\"@id\":\"https:\/\/denizcankizil.tr\/uk\/haberler\/gundem\/imamogluna-resen-sorusturma\/#article\",\"isPartOf\":{\"@id\":\"https:\/\/denizcankizil.tr\/uk\/haberler\/gundem\/imamogluna-resen-sorusturma\/\"},\"author\":{\"name\":\"admin\",\"@id\":\"https:\/\/denizcankizil.tr\/#\/schema\/person\/be3c05fe6a12686905512445d8185489\"},\"headline\":\"\u0130mamo\u011flu&#8217;na re&#8217;sen soru\u015fturma!\",\"datePublished\":\"2025-01-27T09:41:32+00:00\",\"mainEntityOfPage\":{\"@id\":\"https:\/\/denizcankizil.tr\/uk\/haberler\/gundem\/imamogluna-resen-sorusturma\/\"},\"wordCount\":575,\"commentCount\":0,\"publisher\":{\"@id\":\"https:\/\/denizcankizil.tr\/#organization\"},\"articleSection\":[\"G\u00fcndem\"],\"inLanguage\":\"uk\",\"potentialAction\":[{\"@type\":\"CommentAction\",\"name\":\"Comment\",\"target\":[\"https:\/\/denizcankizil.tr\/uk\/haberler\/gundem\/imamogluna-resen-sorusturma\/#respond\"]}]},{\"@type\":\"WebPage\",\"@id\":\"https:\/\/denizcankizil.tr\/uk\/haberler\/gundem\/imamogluna-resen-sorusturma\/\",\"url\":\"https:\/\/denizcankizil.tr\/uk\/haberler\/gundem\/imamogluna-resen-sorusturma\/\",\"name\":\"\u0130mamo\u011flu'na re'sen soru\u015fturma! - Av. Deniz Can K\u0131z\u0131l\",\"isPartOf\":{\"@id\":\"https:\/\/denizcankizil.tr\/#website\"},\"datePublished\":\"2025-01-27T09:41:32+00:00\",\"breadcrumb\":{\"@id\":\"https:\/\/denizcankizil.tr\/uk\/haberler\/gundem\/imamogluna-resen-sorusturma\/#breadcrumb\"},\"inLanguage\":\"uk\",\"potentialAction\":[{\"@type\":\"ReadAction\",\"target\":[\"https:\/\/denizcankizil.tr\/uk\/haberler\/gundem\/imamogluna-resen-sorusturma\/\"]}]},{\"@type\":\"BreadcrumbList\",\"@id\":\"https:\/\/denizcankizil.tr\/uk\/haberler\/gundem\/imamogluna-resen-sorusturma\/#breadcrumb\",\"itemListElement\":[{\"@type\":\"ListItem\",\"position\":1,\"name\":\"Home\",\"item\":\"https:\/\/denizcankizil.tr\/de\/\"},{\"@type\":\"ListItem\",\"position\":2,\"name\":\"\u0130mamo\u011flu&#8217;na re&#8217;sen soru\u015fturma!\"}]},{\"@type\":\"WebSite\",\"@id\":\"https:\/\/denizcankizil.tr\/#website\",\"url\":\"https:\/\/denizcankizil.tr\/\",\"name\":\"Av. Deniz Can K\u0131z\u0131l\",\"description\":\"Avukat Deniz Can K\u0131z\u0131l Antalya Barosu\",\"publisher\":{\"@id\":\"https:\/\/denizcankizil.tr\/#organization\"},\"potentialAction\":[{\"@type\":\"SearchAction\",\"target\":{\"@type\":\"EntryPoint\",\"urlTemplate\":\"https:\/\/denizcankizil.tr\/?s={search_term_string}\"},\"query-input\":{\"@type\":\"PropertyValueSpecification\",\"valueRequired\":true,\"valueName\":\"search_term_string\"}}],\"inLanguage\":\"uk\"},{\"@type\":\"Organization\",\"@id\":\"https:\/\/denizcankizil.tr\/#organization\",\"name\":\"Av. Deniz Can K\u0131z\u0131l\",\"url\":\"https:\/\/denizcankizil.tr\/\",\"logo\":{\"@type\":\"ImageObject\",\"inLanguage\":\"uk\",\"@id\":\"https:\/\/denizcankizil.tr\/#\/schema\/logo\/image\/\",\"url\":\"https:\/\/denizcankizil.tr\/wp-content\/uploads\/2024\/10\/siyah-logo-svg.svg\",\"contentUrl\":\"https:\/\/denizcankizil.tr\/wp-content\/uploads\/2024\/10\/siyah-logo-svg.svg\",\"width\":1080,\"height\":1080,\"caption\":\"Av. Deniz Can K\u0131z\u0131l\"},\"image\":{\"@id\":\"https:\/\/denizcankizil.tr\/#\/schema\/logo\/image\/\"}},{\"@type\":\"Person\",\"@id\":\"https:\/\/denizcankizil.tr\/#\/schema\/person\/be3c05fe6a12686905512445d8185489\",\"name\":\"admin\",\"image\":{\"@type\":\"ImageObject\",\"inLanguage\":\"uk\",\"@id\":\"https:\/\/denizcankizil.tr\/#\/schema\/person\/image\/\",\"url\":\"https:\/\/secure.gravatar.com\/avatar\/c1fce94c830dc79107e174f890d7210541c4a63e8e5d816341794a2151c9d58c?s=96&d=mm&r=g\",\"contentUrl\":\"https:\/\/secure.gravatar.com\/avatar\/c1fce94c830dc79107e174f890d7210541c4a63e8e5d816341794a2151c9d58c?s=96&d=mm&r=g\",\"caption\":\"admin\"},\"sameAs\":[\"http:\/\/denizcankizil.tr\"],\"url\":\"https:\/\/www.iskenderun.org\/imamogluna-resen-sorusturma\"}]}<\/script>\n<!-- \/ Yoast SEO Premium plugin. -->","yoast_head_json":{"title":"\u0130mamo\u011flu'na re'sen soru\u015fturma! - Av. Deniz Can K\u0131z\u0131l","robots":{"index":"index","follow":"follow","max-snippet":"max-snippet:-1","max-image-preview":"max-image-preview:large","max-video-preview":"max-video-preview:-1"},"canonical":"https:\/\/denizcankizil.tr\/uk\/haberler\/gundem\/imamogluna-resen-sorusturma\/","og_locale":"uk_UA","og_type":"article","og_title":"\u0130mamo\u011flu'na re'sen soru\u015fturma!","og_description":"\u0130stanbul B\u00fcy\u00fck\u015fehir Belediye Ba\u015fkan\u0131 Ekrem \u0130mamo\u011flu&#8217;nun bug\u00fcn Sara\u00e7hane&#8217;de yapt\u0131\u011f\u0131 a\u00e7\u0131klamalar\u0131na y\u00f6nelik re&#8217;sen soru\u015fturma a\u00e7\u0131ld\u0131. \u0130mamo\u011flu, CHP&#8217;ye y\u00f6nelik operasyonlar ve kayy\u0131m atamalar\u0131 hakk\u0131nda d\u00fczenledi\u011fi bas\u0131n a\u00e7\u0131klamas\u0131nda &#8220;Turbun b\u00fcy\u00fc\u011f\u00fc bilirki\u015fi Sat\u0131lm\u0131\u015f B\u00fcy\u00fckcanayak\u0131n&#8221; dedi.\u0130STANBUL (\u0130GFA) &#8211; \u0130stanbul Cumhuriyet Ba\u015fsavc\u0131l\u0131\u011f\u0131, \u0130stanbul B\u00fcy\u00fck\u015fehir Belediye Ba\u015fkan\u0131 Ekrem \u0130mamo\u011flu hakk\u0131nda kamu davalar\u0131nda g\u00f6revli bilirki\u015fiyi jhedef g\u00f6sterdi\u011fi gerek\u00e7esiyle resen soru\u015fturma a\u00e7t\u0131. https:\/\/twitter.com\/ekrem_imamoglu\/status\/1883771976856326497 \u0130mamo\u011flu, bug\u00fcn Bolu&#8217;da ya\u015fanan 78 vatanda\u015f\u0131n hayat\u0131n\u0131 kaybetti\u011fi g\u00fcndeme y\u00f6nelik Sara\u00e7hane&#8217;de a\u00e7\u0131klamalarda bulunmu\u015ftu. \u201cYa\u015fanan hukuksuzluklara ili\u015fkin kamuoyunun ilk kez duyaca\u011f\u0131 \u00f6nemli ve \u00e7arp\u0131c\u0131 bilgileri payla\u015faca\u011f\u0131&#8221; ifadeleriyle duyurulan toplant\u0131, Sara\u00e7hane\u2019deki \u0130stanbul B\u00fcy\u00fck\u015fehir Belediyesi yerle\u015fkesinde d\u00fczenlenmi\u015fti. \u0130stanbul B\u00fcy\u00fck\u015fehir Belediye Ba\u015fkan\u0131 Ekrem \u0130mamo\u011flu, CHP&#8217;ye y\u00f6nelik operasyonlar ve kayy\u0131m atamalar\u0131 hakk\u0131nda d\u00fczenledi\u011fi bas\u0131n a\u00e7\u0131klamas\u0131nda &#8220;Turbun b\u00fcy\u00fc\u011f\u00fc bilirki\u015fi Sat\u0131lm\u0131\u015f B\u00fcy\u00fckcanayak\u0131n&#8221; dedi. \u00d6ZCAN&#8217;A, \u00d6ZDA\u011e&#8217;A DESTEK, DEM\u0130RTA\u015e&#8217;A SELAM! Bolu Belediye Ba\u015fkan\u0131 Tanju \u00d6zcan\u2019a destekledi\u011fini belirten Ba\u015fkan \u0130mamo\u011flu, Zafer Partisi Genel Ba\u015fkan\u0131 \u00dcmit \u00d6zda\u011f\u2019\u0131n tutuklanmas\u0131n\u0131 da ele\u015ftirirken, \u201cT\u00fcrkiye buna darbe d\u00f6nemlerinden al\u0131\u015f\u0131k. Say\u0131n Selahattin Demirta\u015f genel ba\u015fkanken tutukland\u0131. 7 y\u0131ld\u0131r cezaevinde. Darbeden 45 y\u0131l sonra \u00dcmit \u00d6zda\u011f yarg\u0131 eliyle tutukland\u0131. \u0130kisine de sevgilerimi, selamlar\u0131m\u0131 yolluyorum\u201d ifadelerini kulland\u0131. \u200b\u0130stanbul B\u00fcy\u00fck\u015fehir Belediye Ba\u015fkan\u0131 Ekrem \u0130mamo\u011flu&#8217;nun bug\u00fcn Sara\u00e7hane&#8217;de yapt\u0131\u011f\u0131 a\u00e7\u0131klamalar\u0131na y\u00f6nelik re&#8217;sen soru\u015fturma a\u00e7\u0131ld\u0131. \u0130mamo\u011flu, CHP&#8217;ye y\u00f6nelik operasyonlar ve kayy\u0131m atamalar\u0131 hakk\u0131nda d\u00fczenledi\u011fi bas\u0131n a\u00e7\u0131klamas\u0131nda &#8220;Turbun b\u00fcy\u00fc\u011f\u00fc bilirki\u015fi Sat\u0131lm\u0131\u015f B\u00fcy\u00fckcanayak\u0131n&#8221; dedi.\u0130STANBUL (\u0130GFA) &#8211; \u0130stanbul Cumhuriyet Ba\u015fsavc\u0131l\u0131\u011f\u0131, \u0130stanbul &hellip;","og_url":"https:\/\/denizcankizil.tr\/uk\/haberler\/gundem\/imamogluna-resen-sorusturma\/","og_site_name":"Av. Deniz Can K\u0131z\u0131l","article_published_time":"2025-01-27T09:41:32+00:00","author":"admin","twitter_card":"summary_large_image","twitter_misc":{"\u041d\u0430\u043f\u0438\u0441\u0430\u043d\u043e":"admin","\u041f\u0440\u0438\u0431\u043b. \u0447\u0430\u0441 \u0447\u0438\u0442\u0430\u043d\u043d\u044f":"3 \u0445\u0432\u0438\u043b\u0438\u043d\u0438"},"schema":{"@context":"https:\/\/schema.org","@graph":[{"@type":"Article","@id":"https:\/\/denizcankizil.tr\/uk\/haberler\/gundem\/imamogluna-resen-sorusturma\/#article","isPartOf":{"@id":"https:\/\/denizcankizil.tr\/uk\/haberler\/gundem\/imamogluna-resen-sorusturma\/"},"author":{"name":"admin","@id":"https:\/\/denizcankizil.tr\/#\/schema\/person\/be3c05fe6a12686905512445d8185489"},"headline":"\u0130mamo\u011flu&#8217;na re&#8217;sen soru\u015fturma!","datePublished":"2025-01-27T09:41:32+00:00","mainEntityOfPage":{"@id":"https:\/\/denizcankizil.tr\/uk\/haberler\/gundem\/imamogluna-resen-sorusturma\/"},"wordCount":575,"commentCount":0,"publisher":{"@id":"https:\/\/denizcankizil.tr\/#organization"},"articleSection":["G\u00fcndem"],"inLanguage":"uk","potentialAction":[{"@type":"CommentAction","name":"Comment","target":["https:\/\/denizcankizil.tr\/uk\/haberler\/gundem\/imamogluna-resen-sorusturma\/#respond"]}]},{"@type":"WebPage","@id":"https:\/\/denizcankizil.tr\/uk\/haberler\/gundem\/imamogluna-resen-sorusturma\/","url":"https:\/\/denizcankizil.tr\/uk\/haberler\/gundem\/imamogluna-resen-sorusturma\/","name":"\u0130mamo\u011flu'na re'sen soru\u015fturma! - Av. Deniz Can K\u0131z\u0131l","isPartOf":{"@id":"https:\/\/denizcankizil.tr\/#website"},"datePublished":"2025-01-27T09:41:32+00:00","breadcrumb":{"@id":"https:\/\/denizcankizil.tr\/uk\/haberler\/gundem\/imamogluna-resen-sorusturma\/#breadcrumb"},"inLanguage":"uk","potentialAction":[{"@type":"ReadAction","target":["https:\/\/denizcankizil.tr\/uk\/haberler\/gundem\/imamogluna-resen-sorusturma\/"]}]},{"@type":"BreadcrumbList","@id":"https:\/\/denizcankizil.tr\/uk\/haberler\/gundem\/imamogluna-resen-sorusturma\/#breadcrumb","itemListElement":[{"@type":"ListItem","position":1,"name":"Home","item":"https:\/\/denizcankizil.tr\/de\/"},{"@type":"ListItem","position":2,"name":"\u0130mamo\u011flu&#8217;na re&#8217;sen soru\u015fturma!"}]},{"@type":"WebSite","@id":"https:\/\/denizcankizil.tr\/#website","url":"https:\/\/denizcankizil.tr\/","name":"Av. Deniz Can K\u0131z\u0131l","description":"Avukat Deniz Can K\u0131z\u0131l Antalya Barosu","publisher":{"@id":"https:\/\/denizcankizil.tr\/#organization"},"potentialAction":[{"@type":"SearchAction","target":{"@type":"EntryPoint","urlTemplate":"https:\/\/denizcankizil.tr\/?s={search_term_string}"},"query-input":{"@type":"PropertyValueSpecification","valueRequired":true,"valueName":"search_term_string"}}],"inLanguage":"uk"},{"@type":"Organization","@id":"https:\/\/denizcankizil.tr\/#organization","name":"Av. Deniz Can K\u0131z\u0131l","url":"https:\/\/denizcankizil.tr\/","logo":{"@type":"ImageObject","inLanguage":"uk","@id":"https:\/\/denizcankizil.tr\/#\/schema\/logo\/image\/","url":"https:\/\/denizcankizil.tr\/wp-content\/uploads\/2024\/10\/siyah-logo-svg.svg","contentUrl":"https:\/\/denizcankizil.tr\/wp-content\/uploads\/2024\/10\/siyah-logo-svg.svg","width":1080,"height":1080,"caption":"Av. Deniz Can K\u0131z\u0131l"},"image":{"@id":"https:\/\/denizcankizil.tr\/#\/schema\/logo\/image\/"}},{"@type":"Person","@id":"https:\/\/denizcankizil.tr\/#\/schema\/person\/be3c05fe6a12686905512445d8185489","name":"\u0430\u0434\u043c\u0456\u043d","image":{"@type":"ImageObject","inLanguage":"uk","@id":"https:\/\/denizcankizil.tr\/#\/schema\/person\/image\/","url":"https:\/\/secure.gravatar.com\/avatar\/c1fce94c830dc79107e174f890d7210541c4a63e8e5d816341794a2151c9d58c?s=96&d=mm&r=g","contentUrl":"https:\/\/secure.gravatar.com\/avatar\/c1fce94c830dc79107e174f890d7210541c4a63e8e5d816341794a2151c9d58c?s=96&d=mm&r=g","caption":"admin"},"sameAs":["http:\/\/denizcankizil.tr"],"url":"https:\/\/www.iskenderun.org\/imamogluna-resen-sorusturma"}]}},"_links":{"self":[{"href":"https:\/\/denizcankizil.tr\/uk\/wp-json\/wp\/v2\/posts\/27857","targetHints":{"allow":["GET"]}}],"collection":[{"href":"https:\/\/denizcankizil.tr\/uk\/wp-json\/wp\/v2\/posts"}],"about":[{"href":"https:\/\/denizcankizil.tr\/uk\/wp-json\/wp\/v2\/types\/post"}],"author":[{"embeddable":true,"href":"https:\/\/denizcankizil.tr\/uk\/wp-json\/wp\/v2\/users\/1"}],"replies":[{"embeddable":true,"href":"https:\/\/denizcankizil.tr\/uk\/wp-json\/wp\/v2\/comments?post=27857"}],"version-history":[{"count":0,"href":"https:\/\/denizcankizil.tr\/uk\/wp-json\/wp\/v2\/posts\/27857\/revisions"}],"wp:attachment":[{"href":"https:\/\/denizcankizil.tr\/uk\/wp-json\/wp\/v2\/media?parent=27857"}],"wp:term":[{"taxonomy":"category","embeddable":true,"href":"https:\/\/denizcankizil.tr\/uk\/wp-json\/wp\/v2\/categories?post=27857"},{"taxonomy":"post_tag","embeddable":true,"href":"https:\/\/denizcankizil.tr\/uk\/wp-json\/wp\/v2\/tags?post=27857"}],"curies":[{"name":"wp","href":"https:\/\/api.w.org\/{rel}","templated":true}]}}