{"id":27641,"date":"2025-01-26T15:41:29","date_gmt":"2025-01-26T12:41:29","guid":{"rendered":"https:\/\/denizcankizil.tr\/uncategorized-tr\/mugla-buyuksehir-belediyesi-okcularindan-buyuk-basari\/"},"modified":"2025-01-26T15:41:29","modified_gmt":"2025-01-26T12:41:29","slug":"mugla-buyuksehir-belediyesi-okcularindan-buyuk-basari","status":"publish","type":"post","link":"https:\/\/denizcankizil.tr\/uk\/haberler\/gundem\/mugla-buyuksehir-belediyesi-okcularindan-buyuk-basari\/","title":{"rendered":"Mu\u011fla B\u00fcy\u00fck\u015fehir Belediyesi Ok\u00e7ular\u0131ndan B\u00fcy\u00fck Ba\u015far\u0131"},"content":{"rendered":"<p>Samsun\u2019da d\u00fczenlenen 2025 Avrupa Salon Ok\u00e7uluk \u015eampiyonas\u0131\u2019nda yar\u0131\u015fan Mu\u011fla B\u00fcy\u00fck\u015fehir Belediyesi ok\u00e7ular\u0131, hem bireysel hem de tak\u0131m kategorilerinde \u00fcst\u00fcn performans sergileyerek b\u00fcy\u00fck bir gurur kayna\u011f\u0131 oldu.<\/p>\n<p>\u200bSamsun\u2019da d\u00fczenlenen 2025 Avrupa Salon Ok\u00e7uluk \u015eampiyonas\u0131\u2019nda yar\u0131\u015fan Mu\u011fla B\u00fcy\u00fck\u015fehir Belediyesi ok\u00e7ular\u0131, hem bireysel hem de tak\u0131m kategorilerinde \u00fcst\u00fcn performans sergileyerek b\u00fcy\u00fck bir gurur kayna\u011f\u0131 oldu.\u00a0<\/p>\n<p>\u200bHaberin Al\u0131nt\u0131land\u0131\u011f\u0131 Kaynak: www.iskenderun.org<\/p>","protected":false},"excerpt":{"rendered":"<p>Samsun\u2019da d\u00fczenlenen 2025 Avrupa Salon Ok\u00e7uluk \u015eampiyonas\u0131\u2019nda yar\u0131\u015fan Mu\u011fla B\u00fcy\u00fck\u015fehir Belediyesi ok\u00e7ular\u0131, hem bireysel hem de tak\u0131m kategorilerinde \u00fcst\u00fcn performans sergileyerek b\u00fcy\u00fck bir gurur kayna\u011f\u0131 oldu. \u200bSamsun\u2019da d\u00fczenlenen 2025 Avrupa Salon Ok\u00e7uluk \u015eampiyonas\u0131\u2019nda yar\u0131\u015fan Mu\u011fla B\u00fcy\u00fck\u015fehir Belediyesi ok\u00e7ular\u0131, hem bireysel hem de tak\u0131m kategorilerinde \u00fcst\u00fcn performans sergileyerek b\u00fcy\u00fck bir gurur kayna\u011f\u0131 oldu.\u00a0 \u200bHaberin Al\u0131nt\u0131land\u0131\u011f\u0131 Kaynak: www.iskenderun.org<\/p>","protected":false},"author":1,"featured_media":0,"comment_status":"open","ping_status":"open","sticky":false,"template":"","format":"standard","meta":{"_acf_changed":false,"footnotes":""},"categories":[24],"tags":[],"class_list":["post-27641","post","type-post","status-publish","format-standard","has-post-thumbnail","hentry","category-gundem"],"acf":[],"yoast_head":"<!-- This site is optimized with the Yoast SEO Premium plugin v26.6 (Yoast SEO v27.1.1) - https:\/\/yoast.com\/product\/yoast-seo-premium-wordpress\/ -->\n<title>Mu\u011fla B\u00fcy\u00fck\u015fehir Belediyesi Ok\u00e7ular\u0131ndan B\u00fcy\u00fck Ba\u015far\u0131 - Av. Deniz Can K\u0131z\u0131l<\/title>\n<meta name=\"robots\" content=\"index, follow, max-snippet:-1, max-image-preview:large, max-video-preview:-1\" \/>\n<link rel=\"canonical\" href=\"https:\/\/denizcankizil.tr\/uk\/haberler\/gundem\/mugla-buyuksehir-belediyesi-okcularindan-buyuk-basari\/\" \/>\n<meta property=\"og:locale\" content=\"uk_UA\" \/>\n<meta property=\"og:type\" content=\"article\" \/>\n<meta property=\"og:title\" content=\"Mu\u011fla B\u00fcy\u00fck\u015fehir Belediyesi Ok\u00e7ular\u0131ndan B\u00fcy\u00fck Ba\u015far\u0131\" \/>\n<meta property=\"og:description\" content=\"Samsun\u2019da d\u00fczenlenen 2025 Avrupa Salon Ok\u00e7uluk \u015eampiyonas\u0131\u2019nda yar\u0131\u015fan Mu\u011fla B\u00fcy\u00fck\u015fehir Belediyesi ok\u00e7ular\u0131, hem bireysel hem de tak\u0131m kategorilerinde \u00fcst\u00fcn performans sergileyerek b\u00fcy\u00fck bir gurur kayna\u011f\u0131 oldu. \u200bSamsun\u2019da d\u00fczenlenen 2025 Avrupa Salon Ok\u00e7uluk \u015eampiyonas\u0131\u2019nda yar\u0131\u015fan Mu\u011fla B\u00fcy\u00fck\u015fehir Belediyesi ok\u00e7ular\u0131, hem bireysel hem de tak\u0131m kategorilerinde \u00fcst\u00fcn performans sergileyerek b\u00fcy\u00fck bir gurur kayna\u011f\u0131 oldu.\u00a0 \u200bHaberin Al\u0131nt\u0131land\u0131\u011f\u0131 Kaynak: www.iskenderun.org\" \/>\n<meta property=\"og:url\" content=\"https:\/\/denizcankizil.tr\/uk\/haberler\/gundem\/mugla-buyuksehir-belediyesi-okcularindan-buyuk-basari\/\" \/>\n<meta property=\"og:site_name\" content=\"Av. Deniz Can K\u0131z\u0131l\" \/>\n<meta property=\"article:published_time\" content=\"2025-01-26T12:41:29+00:00\" \/>\n<meta name=\"author\" content=\"admin\" \/>\n<meta name=\"twitter:card\" content=\"summary_large_image\" \/>\n<meta name=\"twitter:label1\" content=\"\u041d\u0430\u043f\u0438\u0441\u0430\u043d\u043e\" \/>\n\t<meta name=\"twitter:data1\" content=\"admin\" \/>\n<script type=\"application\/ld+json\" class=\"yoast-schema-graph\">{\"@context\":\"https:\/\/schema.org\",\"@graph\":[{\"@type\":\"Article\",\"@id\":\"https:\/\/denizcankizil.tr\/uk\/haberler\/gundem\/mugla-buyuksehir-belediyesi-okcularindan-buyuk-basari\/#article\",\"isPartOf\":{\"@id\":\"https:\/\/denizcankizil.tr\/uk\/haberler\/gundem\/mugla-buyuksehir-belediyesi-okcularindan-buyuk-basari\/\"},\"author\":{\"name\":\"admin\",\"@id\":\"https:\/\/denizcankizil.tr\/#\/schema\/person\/be3c05fe6a12686905512445d8185489\"},\"headline\":\"Mu\u011fla B\u00fcy\u00fck\u015fehir Belediyesi Ok\u00e7ular\u0131ndan B\u00fcy\u00fck Ba\u015far\u0131\",\"datePublished\":\"2025-01-26T12:41:29+00:00\",\"mainEntityOfPage\":{\"@id\":\"https:\/\/denizcankizil.tr\/uk\/haberler\/gundem\/mugla-buyuksehir-belediyesi-okcularindan-buyuk-basari\/\"},\"wordCount\":101,\"commentCount\":0,\"publisher\":{\"@id\":\"https:\/\/denizcankizil.tr\/#organization\"},\"articleSection\":[\"G\u00fcndem\"],\"inLanguage\":\"uk\",\"potentialAction\":[{\"@type\":\"CommentAction\",\"name\":\"Comment\",\"target\":[\"https:\/\/denizcankizil.tr\/uk\/haberler\/gundem\/mugla-buyuksehir-belediyesi-okcularindan-buyuk-basari\/#respond\"]}]},{\"@type\":\"WebPage\",\"@id\":\"https:\/\/denizcankizil.tr\/uk\/haberler\/gundem\/mugla-buyuksehir-belediyesi-okcularindan-buyuk-basari\/\",\"url\":\"https:\/\/denizcankizil.tr\/uk\/haberler\/gundem\/mugla-buyuksehir-belediyesi-okcularindan-buyuk-basari\/\",\"name\":\"Mu\u011fla B\u00fcy\u00fck\u015fehir Belediyesi Ok\u00e7ular\u0131ndan B\u00fcy\u00fck Ba\u015far\u0131 - Av. Deniz Can K\u0131z\u0131l\",\"isPartOf\":{\"@id\":\"https:\/\/denizcankizil.tr\/#website\"},\"datePublished\":\"2025-01-26T12:41:29+00:00\",\"breadcrumb\":{\"@id\":\"https:\/\/denizcankizil.tr\/uk\/haberler\/gundem\/mugla-buyuksehir-belediyesi-okcularindan-buyuk-basari\/#breadcrumb\"},\"inLanguage\":\"uk\",\"potentialAction\":[{\"@type\":\"ReadAction\",\"target\":[\"https:\/\/denizcankizil.tr\/uk\/haberler\/gundem\/mugla-buyuksehir-belediyesi-okcularindan-buyuk-basari\/\"]}]},{\"@type\":\"BreadcrumbList\",\"@id\":\"https:\/\/denizcankizil.tr\/uk\/haberler\/gundem\/mugla-buyuksehir-belediyesi-okcularindan-buyuk-basari\/#breadcrumb\",\"itemListElement\":[{\"@type\":\"ListItem\",\"position\":1,\"name\":\"Home\",\"item\":\"https:\/\/denizcankizil.tr\/de\/\"},{\"@type\":\"ListItem\",\"position\":2,\"name\":\"Mu\u011fla B\u00fcy\u00fck\u015fehir Belediyesi Ok\u00e7ular\u0131ndan B\u00fcy\u00fck Ba\u015far\u0131\"}]},{\"@type\":\"WebSite\",\"@id\":\"https:\/\/denizcankizil.tr\/#website\",\"url\":\"https:\/\/denizcankizil.tr\/\",\"name\":\"Av. Deniz Can K\u0131z\u0131l\",\"description\":\"Avukat Deniz Can K\u0131z\u0131l Antalya Barosu\",\"publisher\":{\"@id\":\"https:\/\/denizcankizil.tr\/#organization\"},\"potentialAction\":[{\"@type\":\"SearchAction\",\"target\":{\"@type\":\"EntryPoint\",\"urlTemplate\":\"https:\/\/denizcankizil.tr\/?s={search_term_string}\"},\"query-input\":{\"@type\":\"PropertyValueSpecification\",\"valueRequired\":true,\"valueName\":\"search_term_string\"}}],\"inLanguage\":\"uk\"},{\"@type\":\"Organization\",\"@id\":\"https:\/\/denizcankizil.tr\/#organization\",\"name\":\"Av. Deniz Can K\u0131z\u0131l\",\"url\":\"https:\/\/denizcankizil.tr\/\",\"logo\":{\"@type\":\"ImageObject\",\"inLanguage\":\"uk\",\"@id\":\"https:\/\/denizcankizil.tr\/#\/schema\/logo\/image\/\",\"url\":\"https:\/\/denizcankizil.tr\/wp-content\/uploads\/2024\/10\/siyah-logo-svg.svg\",\"contentUrl\":\"https:\/\/denizcankizil.tr\/wp-content\/uploads\/2024\/10\/siyah-logo-svg.svg\",\"width\":1080,\"height\":1080,\"caption\":\"Av. Deniz Can K\u0131z\u0131l\"},\"image\":{\"@id\":\"https:\/\/denizcankizil.tr\/#\/schema\/logo\/image\/\"}},{\"@type\":\"Person\",\"@id\":\"https:\/\/denizcankizil.tr\/#\/schema\/person\/be3c05fe6a12686905512445d8185489\",\"name\":\"admin\",\"image\":{\"@type\":\"ImageObject\",\"inLanguage\":\"uk\",\"@id\":\"https:\/\/denizcankizil.tr\/#\/schema\/person\/image\/\",\"url\":\"https:\/\/secure.gravatar.com\/avatar\/c1fce94c830dc79107e174f890d7210541c4a63e8e5d816341794a2151c9d58c?s=96&d=mm&r=g\",\"contentUrl\":\"https:\/\/secure.gravatar.com\/avatar\/c1fce94c830dc79107e174f890d7210541c4a63e8e5d816341794a2151c9d58c?s=96&d=mm&r=g\",\"caption\":\"admin\"},\"sameAs\":[\"http:\/\/denizcankizil.tr\"],\"url\":\"https:\/\/www.iskenderun.org\/mugla-buyuksehir-belediyesi-okcularindan-buyuk-basari\"}]}<\/script>\n<!-- \/ Yoast SEO Premium plugin. -->","yoast_head_json":{"title":"Mu\u011fla B\u00fcy\u00fck\u015fehir Belediyesi Ok\u00e7ular\u0131ndan B\u00fcy\u00fck Ba\u015far\u0131 - Av. Deniz Can K\u0131z\u0131l","robots":{"index":"index","follow":"follow","max-snippet":"max-snippet:-1","max-image-preview":"max-image-preview:large","max-video-preview":"max-video-preview:-1"},"canonical":"https:\/\/denizcankizil.tr\/uk\/haberler\/gundem\/mugla-buyuksehir-belediyesi-okcularindan-buyuk-basari\/","og_locale":"uk_UA","og_type":"article","og_title":"Mu\u011fla B\u00fcy\u00fck\u015fehir Belediyesi Ok\u00e7ular\u0131ndan B\u00fcy\u00fck Ba\u015far\u0131","og_description":"Samsun\u2019da d\u00fczenlenen 2025 Avrupa Salon Ok\u00e7uluk \u015eampiyonas\u0131\u2019nda yar\u0131\u015fan Mu\u011fla B\u00fcy\u00fck\u015fehir Belediyesi ok\u00e7ular\u0131, hem bireysel hem de tak\u0131m kategorilerinde \u00fcst\u00fcn performans sergileyerek b\u00fcy\u00fck bir gurur kayna\u011f\u0131 oldu. \u200bSamsun\u2019da d\u00fczenlenen 2025 Avrupa Salon Ok\u00e7uluk \u015eampiyonas\u0131\u2019nda yar\u0131\u015fan Mu\u011fla B\u00fcy\u00fck\u015fehir Belediyesi ok\u00e7ular\u0131, hem bireysel hem de tak\u0131m kategorilerinde \u00fcst\u00fcn performans sergileyerek b\u00fcy\u00fck bir gurur kayna\u011f\u0131 oldu.\u00a0 \u200bHaberin Al\u0131nt\u0131land\u0131\u011f\u0131 Kaynak: www.iskenderun.org","og_url":"https:\/\/denizcankizil.tr\/uk\/haberler\/gundem\/mugla-buyuksehir-belediyesi-okcularindan-buyuk-basari\/","og_site_name":"Av. Deniz Can K\u0131z\u0131l","article_published_time":"2025-01-26T12:41:29+00:00","author":"admin","twitter_card":"summary_large_image","twitter_misc":{"\u041d\u0430\u043f\u0438\u0441\u0430\u043d\u043e":"admin"},"schema":{"@context":"https:\/\/schema.org","@graph":[{"@type":"Article","@id":"https:\/\/denizcankizil.tr\/uk\/haberler\/gundem\/mugla-buyuksehir-belediyesi-okcularindan-buyuk-basari\/#article","isPartOf":{"@id":"https:\/\/denizcankizil.tr\/uk\/haberler\/gundem\/mugla-buyuksehir-belediyesi-okcularindan-buyuk-basari\/"},"author":{"name":"admin","@id":"https:\/\/denizcankizil.tr\/#\/schema\/person\/be3c05fe6a12686905512445d8185489"},"headline":"Mu\u011fla B\u00fcy\u00fck\u015fehir Belediyesi Ok\u00e7ular\u0131ndan B\u00fcy\u00fck Ba\u015far\u0131","datePublished":"2025-01-26T12:41:29+00:00","mainEntityOfPage":{"@id":"https:\/\/denizcankizil.tr\/uk\/haberler\/gundem\/mugla-buyuksehir-belediyesi-okcularindan-buyuk-basari\/"},"wordCount":101,"commentCount":0,"publisher":{"@id":"https:\/\/denizcankizil.tr\/#organization"},"articleSection":["G\u00fcndem"],"inLanguage":"uk","potentialAction":[{"@type":"CommentAction","name":"Comment","target":["https:\/\/denizcankizil.tr\/uk\/haberler\/gundem\/mugla-buyuksehir-belediyesi-okcularindan-buyuk-basari\/#respond"]}]},{"@type":"WebPage","@id":"https:\/\/denizcankizil.tr\/uk\/haberler\/gundem\/mugla-buyuksehir-belediyesi-okcularindan-buyuk-basari\/","url":"https:\/\/denizcankizil.tr\/uk\/haberler\/gundem\/mugla-buyuksehir-belediyesi-okcularindan-buyuk-basari\/","name":"Mu\u011fla B\u00fcy\u00fck\u015fehir Belediyesi Ok\u00e7ular\u0131ndan B\u00fcy\u00fck Ba\u015far\u0131 - Av. Deniz Can K\u0131z\u0131l","isPartOf":{"@id":"https:\/\/denizcankizil.tr\/#website"},"datePublished":"2025-01-26T12:41:29+00:00","breadcrumb":{"@id":"https:\/\/denizcankizil.tr\/uk\/haberler\/gundem\/mugla-buyuksehir-belediyesi-okcularindan-buyuk-basari\/#breadcrumb"},"inLanguage":"uk","potentialAction":[{"@type":"ReadAction","target":["https:\/\/denizcankizil.tr\/uk\/haberler\/gundem\/mugla-buyuksehir-belediyesi-okcularindan-buyuk-basari\/"]}]},{"@type":"BreadcrumbList","@id":"https:\/\/denizcankizil.tr\/uk\/haberler\/gundem\/mugla-buyuksehir-belediyesi-okcularindan-buyuk-basari\/#breadcrumb","itemListElement":[{"@type":"ListItem","position":1,"name":"Home","item":"https:\/\/denizcankizil.tr\/de\/"},{"@type":"ListItem","position":2,"name":"Mu\u011fla B\u00fcy\u00fck\u015fehir Belediyesi Ok\u00e7ular\u0131ndan B\u00fcy\u00fck Ba\u015far\u0131"}]},{"@type":"WebSite","@id":"https:\/\/denizcankizil.tr\/#website","url":"https:\/\/denizcankizil.tr\/","name":"Av. Deniz Can K\u0131z\u0131l","description":"Avukat Deniz Can K\u0131z\u0131l Antalya Barosu","publisher":{"@id":"https:\/\/denizcankizil.tr\/#organization"},"potentialAction":[{"@type":"SearchAction","target":{"@type":"EntryPoint","urlTemplate":"https:\/\/denizcankizil.tr\/?s={search_term_string}"},"query-input":{"@type":"PropertyValueSpecification","valueRequired":true,"valueName":"search_term_string"}}],"inLanguage":"uk"},{"@type":"Organization","@id":"https:\/\/denizcankizil.tr\/#organization","name":"Av. Deniz Can K\u0131z\u0131l","url":"https:\/\/denizcankizil.tr\/","logo":{"@type":"ImageObject","inLanguage":"uk","@id":"https:\/\/denizcankizil.tr\/#\/schema\/logo\/image\/","url":"https:\/\/denizcankizil.tr\/wp-content\/uploads\/2024\/10\/siyah-logo-svg.svg","contentUrl":"https:\/\/denizcankizil.tr\/wp-content\/uploads\/2024\/10\/siyah-logo-svg.svg","width":1080,"height":1080,"caption":"Av. Deniz Can K\u0131z\u0131l"},"image":{"@id":"https:\/\/denizcankizil.tr\/#\/schema\/logo\/image\/"}},{"@type":"Person","@id":"https:\/\/denizcankizil.tr\/#\/schema\/person\/be3c05fe6a12686905512445d8185489","name":"\u0430\u0434\u043c\u0456\u043d","image":{"@type":"ImageObject","inLanguage":"uk","@id":"https:\/\/denizcankizil.tr\/#\/schema\/person\/image\/","url":"https:\/\/secure.gravatar.com\/avatar\/c1fce94c830dc79107e174f890d7210541c4a63e8e5d816341794a2151c9d58c?s=96&d=mm&r=g","contentUrl":"https:\/\/secure.gravatar.com\/avatar\/c1fce94c830dc79107e174f890d7210541c4a63e8e5d816341794a2151c9d58c?s=96&d=mm&r=g","caption":"admin"},"sameAs":["http:\/\/denizcankizil.tr"],"url":"https:\/\/www.iskenderun.org\/mugla-buyuksehir-belediyesi-okcularindan-buyuk-basari"}]}},"_links":{"self":[{"href":"https:\/\/denizcankizil.tr\/uk\/wp-json\/wp\/v2\/posts\/27641","targetHints":{"allow":["GET"]}}],"collection":[{"href":"https:\/\/denizcankizil.tr\/uk\/wp-json\/wp\/v2\/posts"}],"about":[{"href":"https:\/\/denizcankizil.tr\/uk\/wp-json\/wp\/v2\/types\/post"}],"author":[{"embeddable":true,"href":"https:\/\/denizcankizil.tr\/uk\/wp-json\/wp\/v2\/users\/1"}],"replies":[{"embeddable":true,"href":"https:\/\/denizcankizil.tr\/uk\/wp-json\/wp\/v2\/comments?post=27641"}],"version-history":[{"count":0,"href":"https:\/\/denizcankizil.tr\/uk\/wp-json\/wp\/v2\/posts\/27641\/revisions"}],"wp:attachment":[{"href":"https:\/\/denizcankizil.tr\/uk\/wp-json\/wp\/v2\/media?parent=27641"}],"wp:term":[{"taxonomy":"category","embeddable":true,"href":"https:\/\/denizcankizil.tr\/uk\/wp-json\/wp\/v2\/categories?post=27641"},{"taxonomy":"post_tag","embeddable":true,"href":"https:\/\/denizcankizil.tr\/uk\/wp-json\/wp\/v2\/tags?post=27641"}],"curies":[{"name":"wp","href":"https:\/\/api.w.org\/{rel}","templated":true}]}}