{"id":27575,"date":"2025-01-26T09:41:26","date_gmt":"2025-01-26T06:41:26","guid":{"rendered":"https:\/\/denizcankizil.tr\/uncategorized-tr\/antalyada-bir-sektorun-fahis-zam-talebi-iki-odayi-birbirine-dusurdu\/"},"modified":"2025-01-26T09:41:26","modified_gmt":"2025-01-26T06:41:26","slug":"antalyada-bir-sektorun-fahis-zam-talebi-iki-odayi-birbirine-dusurdu","status":"publish","type":"post","link":"https:\/\/denizcankizil.tr\/uk\/haberler\/gundem\/antalyada-bir-sektorun-fahis-zam-talebi-iki-odayi-birbirine-dusurdu\/","title":{"rendered":"Antalya\u2019da bir sekt\u00f6r\u00fcn \u2018fahi\u015f zam\u2019 talebi iki oday\u0131 birbirine d\u00fc\u015f\u00fcrd\u00fc"},"content":{"rendered":"<p>Antalya\u2019da son aylarda girdi maliyetlerinin h\u0131zla artt\u0131\u011f\u0131n\u0131 savunan berberler, yeni y\u0131lda t\u0131ra\u015f tarifelerine y\u00fczde 60 zam bekledi. Antalya Erkek Berberleri Esnaf Odas\u0131 Ba\u015fkan\u0131 Y\u00fcksel Uzun, mevcut ko\u015fullarda berberlerin ayakta durmakta zorland\u0131\u011f\u0131n\u0131 savundu. \u00a0Antalya\u2019da yeni y\u0131lda t\u0131ra\u015f \u00fccretine y\u00fczde 60 zam gelmesi durumunda sakal kesimi, &#8216;L\u00fcks&#8217; tarifedeki berberlerde 1100 TL\u2019den 1700 liraya, &#8216;A&#8217; tarifesinde 550 TL\u2019den 900 liraya, &#8216;B&#8217; tarifesinde 480 TL\u2019den 750 liraya ve &#8216;C&#8217; tarifesinde ise 400 TL\u2019den 650 lira olmas\u0131 \u00f6ng\u00f6r\u00fcl\u00fcyordu.\u00a0<\/p>\n<p>BERBERLER ZAMDA D\u0130REND\u0130<\/p>\n<p>Antalya Erkek Berberleri Esnaf Odas\u0131 taraf\u0131ndan haz\u0131rlanan y\u00fczde 60 zam teklifi yeni y\u0131lla birlikte Antalya Esnaf ve Sanatk\u00e2rlar Odalar\u0131 Birli\u011fi (AESOB)\u2019a sunuldu. Esnaftan gelen teklifi de\u011ferlendiren Antalya Esnaf ve Sanatk\u00e2rlar Odalar\u0131 Birli\u011fi (AESOB) fahi\u015f oran\u0131nda zam yap\u0131ld\u0131\u011f\u0131n\u0131 \u00f6ne s\u00fcrerek, teklifi kabul etmedi. Bunun \u00fczerine Antalya Erkek Berberleri Esnaf Odas\u0131 Ba\u015fkan\u0131 Y\u00fcksel Uzun zam karar\u0131nda direnerek y\u00fczde 60 oran\u0131ndaki zamm\u0131 bir kez daha sundu. \u0130kinci zam teklifi de Antalya Esnaf ve Sanatk\u00e2rlar Odalar\u0131 Birli\u011fi (AESOB) taraf\u0131ndan reddedildi. Antalya Erkek Berberleri Esnaf Odas\u0131 Ba\u015fkan\u0131 Y\u00fcksel Uzun, teklifin kabul g\u00f6rmemesine tepki g\u00f6sterdi.\u00a0<\/p>\n<p>Y\u00dcKSEL UZUN\u2019DAN TEPK\u0130<\/p>\n<p>Antalya K\u00f6rfez Gazetesi muhabiri Ertu\u011frul G\u00fcn&#8217;\u00fcn haberine g\u00f6re; \u00f6n\u00fcm\u00fczdeki g\u00fcnlerde daha geni\u015f bir a\u00e7\u0131klama yapacaklar\u0131n\u0131 duyuran Uzun, \u201c2025 y\u0131l\u0131 fiyat listemizi y\u00fczde 60 oran\u0131nda art\u0131\u015f yap\u0131larak esnaf odalar birli\u011finin onay\u0131na 2 defa sunuldu. Fakat esnaf odalar birli\u011fi y\u00f6netim kurulu taraf\u0131ndan y\u00fcksek bulunarak listemiz onaylanmad\u0131. \u00d6n\u00fcm\u00fczdeki g\u00fcnlerde odam\u0131z taraf\u0131ndan bas\u0131n a\u00e7\u0131klamas\u0131 yap\u0131lacak. \u00a0Bug\u00fcn bir vatanda\u015f\u0131m\u0131zdan 300-400 TL t\u0131ra\u015f paras\u0131 al\u0131n\u0131yor, bunu vatanda\u015flar\u0131m\u0131z \u00e7ok pahal\u0131 g\u00f6r\u00fcyorlar. \u0130nan\u0131n bir kafede bir bardak \u00e7ay 100 TL. D\u00fckk\u00e2n kapatmak zoruna kalan meslekta\u015flar\u0131m\u0131z var. Bizim esnaf\u0131m\u0131z 15 bin TL kira verip, 7 bin TL de BA\u011e-KUR yat\u0131r\u0131yor. Di\u011fer giderler var. 50 bin TL \u00fczerinde bir gideri var. \u015euanda meslekta\u015flar\u0131m\u0131z para kazanm\u0131yor, g\u00fcn\u00fcn\u00fc kurtar\u0131yor. Kredilerini zor kapat\u0131yor. Anne ve babas\u0131ndan destek alanlar var. \u00c7ok zor durumday\u0131z. \u00d6zellikle kira fiyatlar\u0131 \u00e7ok artt\u0131\u201d s\u00f6zlerine yer verdi.\u00a0<\/p>\n<p>\u200bAntalya\u2019da ge\u00e7en y\u0131l y\u00fczde 80 oran\u0131nda zam yap\u0131lan berber tarifelerine bu y\u0131l da y\u00fczde 60 oran\u0131nda zam yap\u0131lmak istendi. Antalya Erkek Berberleri Esnaf Odas\u0131\u2019n\u0131n zam teklifi, Antalya Esnaf ve Sanatk\u00e2rlar Odalar\u0131 Birli\u011fi (AESOB) taraf\u0131ndan ikinci kez kabul g\u00f6rmedi. Zamm\u0131n geri \u00e7evrilmesi iki oday\u0131 birbirine d\u00fc\u015f\u00fcr\u00fcrken Antalya Erkek Berberleri Esnaf Odas\u0131 Ba\u015fkan\u0131 Y\u00fcksel Uzun, teklifin kabul g\u00f6rmemesine tepki g\u00f6sterdi.\u00a0<\/p>\n<p>\u200bHaberin Al\u0131nt\u0131land\u0131\u011f\u0131 Kaynak: www.antalyakorfez.com<\/p>","protected":false},"excerpt":{"rendered":"<p>Antalya\u2019da son aylarda girdi maliyetlerinin h\u0131zla artt\u0131\u011f\u0131n\u0131 savunan berberler, yeni y\u0131lda t\u0131ra\u015f tarifelerine y\u00fczde 60 zam bekledi. Antalya Erkek Berberleri Esnaf Odas\u0131 Ba\u015fkan\u0131 Y\u00fcksel Uzun, mevcut ko\u015fullarda berberlerin ayakta durmakta zorland\u0131\u011f\u0131n\u0131 savundu. \u00a0Antalya\u2019da yeni y\u0131lda t\u0131ra\u015f \u00fccretine y\u00fczde 60 zam gelmesi durumunda sakal kesimi, &#8216;L\u00fcks&#8217; tarifedeki berberlerde 1100 TL\u2019den 1700 liraya, &#8216;A&#8217; tarifesinde 550 TL\u2019den 900 liraya, &#8216;B&#8217; tarifesinde 480 TL\u2019den 750 liraya ve &#8216;C&#8217; tarifesinde ise 400 TL\u2019den 650 lira olmas\u0131 \u00f6ng\u00f6r\u00fcl\u00fcyordu.\u00a0 BERBERLER ZAMDA D\u0130REND\u0130 Antalya Erkek Berberleri Esnaf Odas\u0131 taraf\u0131ndan haz\u0131rlanan y\u00fczde 60 zam teklifi yeni y\u0131lla birlikte Antalya Esnaf ve Sanatk\u00e2rlar Odalar\u0131 Birli\u011fi (AESOB)\u2019a sunuldu. Esnaftan gelen teklifi de\u011ferlendiren Antalya Esnaf ve Sanatk\u00e2rlar Odalar\u0131 Birli\u011fi (AESOB) fahi\u015f oran\u0131nda zam yap\u0131ld\u0131\u011f\u0131n\u0131 \u00f6ne s\u00fcrerek, teklifi kabul etmedi. Bunun \u00fczerine Antalya Erkek Berberleri Esnaf Odas\u0131 Ba\u015fkan\u0131 Y\u00fcksel Uzun zam karar\u0131nda direnerek y\u00fczde 60 oran\u0131ndaki zamm\u0131 bir kez daha sundu. \u0130kinci zam teklifi de Antalya Esnaf ve Sanatk\u00e2rlar Odalar\u0131 Birli\u011fi (AESOB) taraf\u0131ndan reddedildi. Antalya Erkek Berberleri Esnaf Odas\u0131 Ba\u015fkan\u0131 Y\u00fcksel Uzun, teklifin kabul g\u00f6rmemesine tepki g\u00f6sterdi.\u00a0 Y\u00dcKSEL UZUN\u2019DAN TEPK\u0130 Antalya K\u00f6rfez Gazetesi muhabiri Ertu\u011frul G\u00fcn&#8217;\u00fcn haberine g\u00f6re; \u00f6n\u00fcm\u00fczdeki g\u00fcnlerde daha geni\u015f bir a\u00e7\u0131klama yapacaklar\u0131n\u0131 duyuran Uzun, \u201c2025 y\u0131l\u0131 fiyat listemizi y\u00fczde 60 oran\u0131nda art\u0131\u015f yap\u0131larak esnaf odalar birli\u011finin onay\u0131na 2 defa &hellip;<\/p>","protected":false},"author":5,"featured_media":0,"comment_status":"open","ping_status":"open","sticky":false,"template":"","format":"standard","meta":{"_acf_changed":false,"footnotes":""},"categories":[24],"tags":[],"class_list":["post-27575","post","type-post","status-publish","format-standard","has-post-thumbnail","hentry","category-gundem"],"acf":[],"yoast_head":"<!-- This site is optimized with the Yoast SEO Premium plugin v26.6 (Yoast SEO v27.1.1) - https:\/\/yoast.com\/product\/yoast-seo-premium-wordpress\/ -->\n<title>Antalya\u2019da bir sekt\u00f6r\u00fcn \u2018fahi\u015f zam\u2019 talebi iki oday\u0131 birbirine d\u00fc\u015f\u00fcrd\u00fc - Av. Deniz Can K\u0131z\u0131l<\/title>\n<meta name=\"robots\" content=\"index, follow, max-snippet:-1, max-image-preview:large, max-video-preview:-1\" \/>\n<link rel=\"canonical\" href=\"https:\/\/denizcankizil.tr\/uk\/haberler\/gundem\/antalyada-bir-sektorun-fahis-zam-talebi-iki-odayi-birbirine-dusurdu\/\" \/>\n<meta property=\"og:locale\" content=\"uk_UA\" \/>\n<meta property=\"og:type\" content=\"article\" \/>\n<meta property=\"og:title\" content=\"Antalya\u2019da bir sekt\u00f6r\u00fcn \u2018fahi\u015f zam\u2019 talebi iki oday\u0131 birbirine d\u00fc\u015f\u00fcrd\u00fc\" \/>\n<meta property=\"og:description\" content=\"Antalya\u2019da son aylarda girdi maliyetlerinin h\u0131zla artt\u0131\u011f\u0131n\u0131 savunan berberler, yeni y\u0131lda t\u0131ra\u015f tarifelerine y\u00fczde 60 zam bekledi. Antalya Erkek Berberleri Esnaf Odas\u0131 Ba\u015fkan\u0131 Y\u00fcksel Uzun, mevcut ko\u015fullarda berberlerin ayakta durmakta zorland\u0131\u011f\u0131n\u0131 savundu. \u00a0Antalya\u2019da yeni y\u0131lda t\u0131ra\u015f \u00fccretine y\u00fczde 60 zam gelmesi durumunda sakal kesimi, &#8216;L\u00fcks&#8217; tarifedeki berberlerde 1100 TL\u2019den 1700 liraya, &#8216;A&#8217; tarifesinde 550 TL\u2019den 900 liraya, &#8216;B&#8217; tarifesinde 480 TL\u2019den 750 liraya ve &#8216;C&#8217; tarifesinde ise 400 TL\u2019den 650 lira olmas\u0131 \u00f6ng\u00f6r\u00fcl\u00fcyordu.\u00a0 BERBERLER ZAMDA D\u0130REND\u0130 Antalya Erkek Berberleri Esnaf Odas\u0131 taraf\u0131ndan haz\u0131rlanan y\u00fczde 60 zam teklifi yeni y\u0131lla birlikte Antalya Esnaf ve Sanatk\u00e2rlar Odalar\u0131 Birli\u011fi (AESOB)\u2019a sunuldu. Esnaftan gelen teklifi de\u011ferlendiren Antalya Esnaf ve Sanatk\u00e2rlar Odalar\u0131 Birli\u011fi (AESOB) fahi\u015f oran\u0131nda zam yap\u0131ld\u0131\u011f\u0131n\u0131 \u00f6ne s\u00fcrerek, teklifi kabul etmedi. Bunun \u00fczerine Antalya Erkek Berberleri Esnaf Odas\u0131 Ba\u015fkan\u0131 Y\u00fcksel Uzun zam karar\u0131nda direnerek y\u00fczde 60 oran\u0131ndaki zamm\u0131 bir kez daha sundu. \u0130kinci zam teklifi de Antalya Esnaf ve Sanatk\u00e2rlar Odalar\u0131 Birli\u011fi (AESOB) taraf\u0131ndan reddedildi. Antalya Erkek Berberleri Esnaf Odas\u0131 Ba\u015fkan\u0131 Y\u00fcksel Uzun, teklifin kabul g\u00f6rmemesine tepki g\u00f6sterdi.\u00a0 Y\u00dcKSEL UZUN\u2019DAN TEPK\u0130 Antalya K\u00f6rfez Gazetesi muhabiri Ertu\u011frul G\u00fcn&#8217;\u00fcn haberine g\u00f6re; \u00f6n\u00fcm\u00fczdeki g\u00fcnlerde daha geni\u015f bir a\u00e7\u0131klama yapacaklar\u0131n\u0131 duyuran Uzun, \u201c2025 y\u0131l\u0131 fiyat listemizi y\u00fczde 60 oran\u0131nda art\u0131\u015f yap\u0131larak esnaf odalar birli\u011finin onay\u0131na 2 defa &hellip;\" \/>\n<meta property=\"og:url\" content=\"https:\/\/denizcankizil.tr\/uk\/haberler\/gundem\/antalyada-bir-sektorun-fahis-zam-talebi-iki-odayi-birbirine-dusurdu\/\" \/>\n<meta property=\"og:site_name\" content=\"Av. Deniz Can K\u0131z\u0131l\" \/>\n<meta property=\"article:published_time\" content=\"2025-01-26T06:41:26+00:00\" \/>\n<meta name=\"author\" content=\"Antalya K\u00f6rfez\" \/>\n<meta name=\"twitter:card\" content=\"summary_large_image\" \/>\n<meta name=\"twitter:label1\" content=\"\u041d\u0430\u043f\u0438\u0441\u0430\u043d\u043e\" \/>\n\t<meta name=\"twitter:data1\" content=\"Antalya K\u00f6rfez\" \/>\n\t<meta name=\"twitter:label2\" content=\"\u041f\u0440\u0438\u0431\u043b. \u0447\u0430\u0441 \u0447\u0438\u0442\u0430\u043d\u043d\u044f\" \/>\n\t<meta name=\"twitter:data2\" content=\"2 \u0445\u0432\u0438\u043b\u0438\u043d\u0438\" \/>\n<script type=\"application\/ld+json\" class=\"yoast-schema-graph\">{\"@context\":\"https:\/\/schema.org\",\"@graph\":[{\"@type\":\"Article\",\"@id\":\"https:\/\/denizcankizil.tr\/ru\/haberler\/gundem\/antalyada-bir-sektorun-fahis-zam-talebi-iki-odayi-birbirine-dusurdu\/#article\",\"isPartOf\":{\"@id\":\"https:\/\/denizcankizil.tr\/ru\/haberler\/gundem\/antalyada-bir-sektorun-fahis-zam-talebi-iki-odayi-birbirine-dusurdu\/\"},\"author\":{\"name\":\"Antalya K\u00f6rfez\",\"@id\":\"https:\/\/denizcankizil.tr\/de\/#\/schema\/person\/e1eb71bb4dd684d46563f0af307e1234\"},\"headline\":\"Antalya\u2019da bir sekt\u00f6r\u00fcn \u2018fahi\u015f zam\u2019 talebi iki oday\u0131 birbirine d\u00fc\u015f\u00fcrd\u00fc\",\"datePublished\":\"2025-01-26T06:41:26+00:00\",\"mainEntityOfPage\":{\"@id\":\"https:\/\/denizcankizil.tr\/ru\/haberler\/gundem\/antalyada-bir-sektorun-fahis-zam-talebi-iki-odayi-birbirine-dusurdu\/\"},\"wordCount\":490,\"commentCount\":0,\"publisher\":{\"@id\":\"https:\/\/denizcankizil.tr\/de\/#organization\"},\"articleSection\":[\"G\u00fcndem\"],\"inLanguage\":\"uk\",\"potentialAction\":[{\"@type\":\"CommentAction\",\"name\":\"Comment\",\"target\":[\"https:\/\/denizcankizil.tr\/ru\/haberler\/gundem\/antalyada-bir-sektorun-fahis-zam-talebi-iki-odayi-birbirine-dusurdu\/#respond\"]}]},{\"@type\":\"WebPage\",\"@id\":\"https:\/\/denizcankizil.tr\/ru\/haberler\/gundem\/antalyada-bir-sektorun-fahis-zam-talebi-iki-odayi-birbirine-dusurdu\/\",\"url\":\"https:\/\/denizcankizil.tr\/ru\/haberler\/gundem\/antalyada-bir-sektorun-fahis-zam-talebi-iki-odayi-birbirine-dusurdu\/\",\"name\":\"Antalya\u2019da bir sekt\u00f6r\u00fcn \u2018fahi\u015f zam\u2019 talebi iki oday\u0131 birbirine d\u00fc\u015f\u00fcrd\u00fc - Av. Deniz Can K\u0131z\u0131l\",\"isPartOf\":{\"@id\":\"https:\/\/denizcankizil.tr\/de\/#website\"},\"datePublished\":\"2025-01-26T06:41:26+00:00\",\"breadcrumb\":{\"@id\":\"https:\/\/denizcankizil.tr\/ru\/haberler\/gundem\/antalyada-bir-sektorun-fahis-zam-talebi-iki-odayi-birbirine-dusurdu\/#breadcrumb\"},\"inLanguage\":\"uk\",\"potentialAction\":[{\"@type\":\"ReadAction\",\"target\":[\"https:\/\/denizcankizil.tr\/ru\/haberler\/gundem\/antalyada-bir-sektorun-fahis-zam-talebi-iki-odayi-birbirine-dusurdu\/\"]}]},{\"@type\":\"BreadcrumbList\",\"@id\":\"https:\/\/denizcankizil.tr\/ru\/haberler\/gundem\/antalyada-bir-sektorun-fahis-zam-talebi-iki-odayi-birbirine-dusurdu\/#breadcrumb\",\"itemListElement\":[{\"@type\":\"ListItem\",\"position\":1,\"name\":\"Home\",\"item\":\"https:\/\/denizcankizil.tr\/de\/\"},{\"@type\":\"ListItem\",\"position\":2,\"name\":\"Antalya\u2019da bir sekt\u00f6r\u00fcn \u2018fahi\u015f zam\u2019 talebi iki oday\u0131 birbirine d\u00fc\u015f\u00fcrd\u00fc\"}]},{\"@type\":\"WebSite\",\"@id\":\"https:\/\/denizcankizil.tr\/de\/#website\",\"url\":\"https:\/\/denizcankizil.tr\/de\/\",\"name\":\"Av. Deniz Can K\u0131z\u0131l\",\"description\":\"Avukat Deniz Can K\u0131z\u0131l Antalya Barosu\",\"publisher\":{\"@id\":\"https:\/\/denizcankizil.tr\/de\/#organization\"},\"potentialAction\":[{\"@type\":\"SearchAction\",\"target\":{\"@type\":\"EntryPoint\",\"urlTemplate\":\"https:\/\/denizcankizil.tr\/de\/?s={search_term_string}\"},\"query-input\":{\"@type\":\"PropertyValueSpecification\",\"valueRequired\":true,\"valueName\":\"search_term_string\"}}],\"inLanguage\":\"uk\"},{\"@type\":\"Organization\",\"@id\":\"https:\/\/denizcankizil.tr\/de\/#organization\",\"name\":\"Av. Deniz Can K\u0131z\u0131l\",\"url\":\"https:\/\/denizcankizil.tr\/de\/\",\"logo\":{\"@type\":\"ImageObject\",\"inLanguage\":\"uk\",\"@id\":\"https:\/\/denizcankizil.tr\/de\/#\/schema\/logo\/image\/\",\"url\":\"https:\/\/denizcankizil.tr\/wp-content\/uploads\/2024\/10\/siyah-logo-svg.svg\",\"contentUrl\":\"https:\/\/denizcankizil.tr\/wp-content\/uploads\/2024\/10\/siyah-logo-svg.svg\",\"width\":1080,\"height\":1080,\"caption\":\"Av. Deniz Can K\u0131z\u0131l\"},\"image\":{\"@id\":\"https:\/\/denizcankizil.tr\/de\/#\/schema\/logo\/image\/\"}},{\"@type\":\"Person\",\"@id\":\"https:\/\/denizcankizil.tr\/de\/#\/schema\/person\/e1eb71bb4dd684d46563f0af307e1234\",\"name\":\"Antalya K\u00f6rfez\",\"image\":{\"@type\":\"ImageObject\",\"inLanguage\":\"uk\",\"@id\":\"https:\/\/denizcankizil.tr\/de\/#\/schema\/person\/image\/\",\"url\":\"https:\/\/secure.gravatar.com\/avatar\/42b01982558a48a0b501fdcab6a408d3717ea5919095ee2e67b0e521799c5905?s=96&d=mm&r=g\",\"contentUrl\":\"https:\/\/secure.gravatar.com\/avatar\/42b01982558a48a0b501fdcab6a408d3717ea5919095ee2e67b0e521799c5905?s=96&d=mm&r=g\",\"caption\":\"Antalya K\u00f6rfez\"},\"sameAs\":[\"http:\/\/www.antalyakorfez.com\"],\"url\":\"https:\/\/www.antalyakorfez.com\/antalyada-bir-sektorun-fahis-zam-talebi-iki-odayi-birbirine-dusurdu\"}]}<\/script>\n<!-- \/ Yoast SEO Premium plugin. -->","yoast_head_json":{"title":"Antalya\u2019da bir sekt\u00f6r\u00fcn \u2018fahi\u015f zam\u2019 talebi iki oday\u0131 birbirine d\u00fc\u015f\u00fcrd\u00fc - Av. Deniz Can K\u0131z\u0131l","robots":{"index":"index","follow":"follow","max-snippet":"max-snippet:-1","max-image-preview":"max-image-preview:large","max-video-preview":"max-video-preview:-1"},"canonical":"https:\/\/denizcankizil.tr\/uk\/haberler\/gundem\/antalyada-bir-sektorun-fahis-zam-talebi-iki-odayi-birbirine-dusurdu\/","og_locale":"uk_UA","og_type":"article","og_title":"Antalya\u2019da bir sekt\u00f6r\u00fcn \u2018fahi\u015f zam\u2019 talebi iki oday\u0131 birbirine d\u00fc\u015f\u00fcrd\u00fc","og_description":"Antalya\u2019da son aylarda girdi maliyetlerinin h\u0131zla artt\u0131\u011f\u0131n\u0131 savunan berberler, yeni y\u0131lda t\u0131ra\u015f tarifelerine y\u00fczde 60 zam bekledi. Antalya Erkek Berberleri Esnaf Odas\u0131 Ba\u015fkan\u0131 Y\u00fcksel Uzun, mevcut ko\u015fullarda berberlerin ayakta durmakta zorland\u0131\u011f\u0131n\u0131 savundu. \u00a0Antalya\u2019da yeni y\u0131lda t\u0131ra\u015f \u00fccretine y\u00fczde 60 zam gelmesi durumunda sakal kesimi, &#8216;L\u00fcks&#8217; tarifedeki berberlerde 1100 TL\u2019den 1700 liraya, &#8216;A&#8217; tarifesinde 550 TL\u2019den 900 liraya, &#8216;B&#8217; tarifesinde 480 TL\u2019den 750 liraya ve &#8216;C&#8217; tarifesinde ise 400 TL\u2019den 650 lira olmas\u0131 \u00f6ng\u00f6r\u00fcl\u00fcyordu.\u00a0 BERBERLER ZAMDA D\u0130REND\u0130 Antalya Erkek Berberleri Esnaf Odas\u0131 taraf\u0131ndan haz\u0131rlanan y\u00fczde 60 zam teklifi yeni y\u0131lla birlikte Antalya Esnaf ve Sanatk\u00e2rlar Odalar\u0131 Birli\u011fi (AESOB)\u2019a sunuldu. Esnaftan gelen teklifi de\u011ferlendiren Antalya Esnaf ve Sanatk\u00e2rlar Odalar\u0131 Birli\u011fi (AESOB) fahi\u015f oran\u0131nda zam yap\u0131ld\u0131\u011f\u0131n\u0131 \u00f6ne s\u00fcrerek, teklifi kabul etmedi. Bunun \u00fczerine Antalya Erkek Berberleri Esnaf Odas\u0131 Ba\u015fkan\u0131 Y\u00fcksel Uzun zam karar\u0131nda direnerek y\u00fczde 60 oran\u0131ndaki zamm\u0131 bir kez daha sundu. \u0130kinci zam teklifi de Antalya Esnaf ve Sanatk\u00e2rlar Odalar\u0131 Birli\u011fi (AESOB) taraf\u0131ndan reddedildi. Antalya Erkek Berberleri Esnaf Odas\u0131 Ba\u015fkan\u0131 Y\u00fcksel Uzun, teklifin kabul g\u00f6rmemesine tepki g\u00f6sterdi.\u00a0 Y\u00dcKSEL UZUN\u2019DAN TEPK\u0130 Antalya K\u00f6rfez Gazetesi muhabiri Ertu\u011frul G\u00fcn&#8217;\u00fcn haberine g\u00f6re; \u00f6n\u00fcm\u00fczdeki g\u00fcnlerde daha geni\u015f bir a\u00e7\u0131klama yapacaklar\u0131n\u0131 duyuran Uzun, \u201c2025 y\u0131l\u0131 fiyat listemizi y\u00fczde 60 oran\u0131nda art\u0131\u015f yap\u0131larak esnaf odalar birli\u011finin onay\u0131na 2 defa &hellip;","og_url":"https:\/\/denizcankizil.tr\/uk\/haberler\/gundem\/antalyada-bir-sektorun-fahis-zam-talebi-iki-odayi-birbirine-dusurdu\/","og_site_name":"Av. Deniz Can K\u0131z\u0131l","article_published_time":"2025-01-26T06:41:26+00:00","author":"Antalya K\u00f6rfez","twitter_card":"summary_large_image","twitter_misc":{"\u041d\u0430\u043f\u0438\u0441\u0430\u043d\u043e":"Antalya K\u00f6rfez","\u041f\u0440\u0438\u0431\u043b. \u0447\u0430\u0441 \u0447\u0438\u0442\u0430\u043d\u043d\u044f":"2 \u0445\u0432\u0438\u043b\u0438\u043d\u0438"},"schema":{"@context":"https:\/\/schema.org","@graph":[{"@type":"Article","@id":"https:\/\/denizcankizil.tr\/ru\/haberler\/gundem\/antalyada-bir-sektorun-fahis-zam-talebi-iki-odayi-birbirine-dusurdu\/#article","isPartOf":{"@id":"https:\/\/denizcankizil.tr\/ru\/haberler\/gundem\/antalyada-bir-sektorun-fahis-zam-talebi-iki-odayi-birbirine-dusurdu\/"},"author":{"name":"Antalya K\u00f6rfez","@id":"https:\/\/denizcankizil.tr\/de\/#\/schema\/person\/e1eb71bb4dd684d46563f0af307e1234"},"headline":"Antalya\u2019da bir sekt\u00f6r\u00fcn \u2018fahi\u015f zam\u2019 talebi iki oday\u0131 birbirine d\u00fc\u015f\u00fcrd\u00fc","datePublished":"2025-01-26T06:41:26+00:00","mainEntityOfPage":{"@id":"https:\/\/denizcankizil.tr\/ru\/haberler\/gundem\/antalyada-bir-sektorun-fahis-zam-talebi-iki-odayi-birbirine-dusurdu\/"},"wordCount":490,"commentCount":0,"publisher":{"@id":"https:\/\/denizcankizil.tr\/de\/#organization"},"articleSection":["G\u00fcndem"],"inLanguage":"uk","potentialAction":[{"@type":"CommentAction","name":"Comment","target":["https:\/\/denizcankizil.tr\/ru\/haberler\/gundem\/antalyada-bir-sektorun-fahis-zam-talebi-iki-odayi-birbirine-dusurdu\/#respond"]}]},{"@type":"WebPage","@id":"https:\/\/denizcankizil.tr\/ru\/haberler\/gundem\/antalyada-bir-sektorun-fahis-zam-talebi-iki-odayi-birbirine-dusurdu\/","url":"https:\/\/denizcankizil.tr\/ru\/haberler\/gundem\/antalyada-bir-sektorun-fahis-zam-talebi-iki-odayi-birbirine-dusurdu\/","name":"Antalya\u2019da bir sekt\u00f6r\u00fcn \u2018fahi\u015f zam\u2019 talebi iki oday\u0131 birbirine d\u00fc\u015f\u00fcrd\u00fc - Av. Deniz Can K\u0131z\u0131l","isPartOf":{"@id":"https:\/\/denizcankizil.tr\/de\/#website"},"datePublished":"2025-01-26T06:41:26+00:00","breadcrumb":{"@id":"https:\/\/denizcankizil.tr\/ru\/haberler\/gundem\/antalyada-bir-sektorun-fahis-zam-talebi-iki-odayi-birbirine-dusurdu\/#breadcrumb"},"inLanguage":"uk","potentialAction":[{"@type":"ReadAction","target":["https:\/\/denizcankizil.tr\/ru\/haberler\/gundem\/antalyada-bir-sektorun-fahis-zam-talebi-iki-odayi-birbirine-dusurdu\/"]}]},{"@type":"BreadcrumbList","@id":"https:\/\/denizcankizil.tr\/ru\/haberler\/gundem\/antalyada-bir-sektorun-fahis-zam-talebi-iki-odayi-birbirine-dusurdu\/#breadcrumb","itemListElement":[{"@type":"ListItem","position":1,"name":"Home","item":"https:\/\/denizcankizil.tr\/de\/"},{"@type":"ListItem","position":2,"name":"Antalya\u2019da bir sekt\u00f6r\u00fcn \u2018fahi\u015f zam\u2019 talebi iki oday\u0131 birbirine d\u00fc\u015f\u00fcrd\u00fc"}]},{"@type":"WebSite","@id":"https:\/\/denizcankizil.tr\/de\/#website","url":"https:\/\/denizcankizil.tr\/de\/","name":"Av. Deniz Can K\u0131z\u0131l","description":"Avukat Deniz Can K\u0131z\u0131l Antalya Barosu","publisher":{"@id":"https:\/\/denizcankizil.tr\/de\/#organization"},"potentialAction":[{"@type":"SearchAction","target":{"@type":"EntryPoint","urlTemplate":"https:\/\/denizcankizil.tr\/de\/?s={search_term_string}"},"query-input":{"@type":"PropertyValueSpecification","valueRequired":true,"valueName":"search_term_string"}}],"inLanguage":"uk"},{"@type":"Organization","@id":"https:\/\/denizcankizil.tr\/de\/#organization","name":"Av. Deniz Can K\u0131z\u0131l","url":"https:\/\/denizcankizil.tr\/de\/","logo":{"@type":"ImageObject","inLanguage":"uk","@id":"https:\/\/denizcankizil.tr\/de\/#\/schema\/logo\/image\/","url":"https:\/\/denizcankizil.tr\/wp-content\/uploads\/2024\/10\/siyah-logo-svg.svg","contentUrl":"https:\/\/denizcankizil.tr\/wp-content\/uploads\/2024\/10\/siyah-logo-svg.svg","width":1080,"height":1080,"caption":"Av. Deniz Can K\u0131z\u0131l"},"image":{"@id":"https:\/\/denizcankizil.tr\/de\/#\/schema\/logo\/image\/"}},{"@type":"Person","@id":"https:\/\/denizcankizil.tr\/de\/#\/schema\/person\/e1eb71bb4dd684d46563f0af307e1234","name":"Antalya K\u00f6rfez","image":{"@type":"ImageObject","inLanguage":"uk","@id":"https:\/\/denizcankizil.tr\/de\/#\/schema\/person\/image\/","url":"https:\/\/secure.gravatar.com\/avatar\/42b01982558a48a0b501fdcab6a408d3717ea5919095ee2e67b0e521799c5905?s=96&d=mm&r=g","contentUrl":"https:\/\/secure.gravatar.com\/avatar\/42b01982558a48a0b501fdcab6a408d3717ea5919095ee2e67b0e521799c5905?s=96&d=mm&r=g","caption":"Antalya K\u00f6rfez"},"sameAs":["http:\/\/www.antalyakorfez.com"],"url":"https:\/\/www.antalyakorfez.com\/antalyada-bir-sektorun-fahis-zam-talebi-iki-odayi-birbirine-dusurdu"}]}},"_links":{"self":[{"href":"https:\/\/denizcankizil.tr\/uk\/wp-json\/wp\/v2\/posts\/27575","targetHints":{"allow":["GET"]}}],"collection":[{"href":"https:\/\/denizcankizil.tr\/uk\/wp-json\/wp\/v2\/posts"}],"about":[{"href":"https:\/\/denizcankizil.tr\/uk\/wp-json\/wp\/v2\/types\/post"}],"author":[{"embeddable":true,"href":"https:\/\/denizcankizil.tr\/uk\/wp-json\/wp\/v2\/users\/5"}],"replies":[{"embeddable":true,"href":"https:\/\/denizcankizil.tr\/uk\/wp-json\/wp\/v2\/comments?post=27575"}],"version-history":[{"count":0,"href":"https:\/\/denizcankizil.tr\/uk\/wp-json\/wp\/v2\/posts\/27575\/revisions"}],"wp:attachment":[{"href":"https:\/\/denizcankizil.tr\/uk\/wp-json\/wp\/v2\/media?parent=27575"}],"wp:term":[{"taxonomy":"category","embeddable":true,"href":"https:\/\/denizcankizil.tr\/uk\/wp-json\/wp\/v2\/categories?post=27575"},{"taxonomy":"post_tag","embeddable":true,"href":"https:\/\/denizcankizil.tr\/uk\/wp-json\/wp\/v2\/tags?post=27575"}],"curies":[{"name":"wp","href":"https:\/\/api.w.org\/{rel}","templated":true}]}}