{"id":27456,"date":"2025-01-25T19:41:27","date_gmt":"2025-01-25T16:41:27","guid":{"rendered":"https:\/\/denizcankizil.tr\/uncategorized-tr\/baskan-bocek-kendi-kendini-yalanladi\/"},"modified":"2025-01-25T19:41:27","modified_gmt":"2025-01-25T16:41:27","slug":"baskan-bocek-kendi-kendini-yalanladi","status":"publish","type":"post","link":"https:\/\/denizcankizil.tr\/uk\/haberler\/gundem\/baskan-bocek-kendi-kendini-yalanladi\/","title":{"rendered":"Ba\u015fkan B\u00f6cek kendi kendini yalanlad\u0131!"},"content":{"rendered":"<p>Antalya B\u00fcy\u00fck\u015fehir Belediye Ba\u015fkan\u0131 CHP\u2019li Muhittin B\u00f6cek, ye\u011feni Cemil B\u00f6cek\u2019i Genel Sekreter Yard\u0131mc\u0131l\u0131\u011f\u0131\u2019na atad\u0131. Cemil B\u00f6cek\u2019in, \u0130tfaiye Daire Ba\u015fkanl\u0131\u011f\u0131 d\u00e2hil 7 ayr\u0131 daire ba\u015fkanl\u0131\u011f\u0131ndan sorumlu olaca\u011f\u0131 g\u00f6revine Pazartesi g\u00fcn\u00fc ba\u015flayaca\u011f\u0131 belirtildi. Daha \u00f6nce 5 ayr\u0131 daire ba\u015fkanl\u0131\u011f\u0131n\u0131n ba\u011fl\u0131 oldu\u011fu birime, Cemil B\u00f6cek\u2019in atanmas\u0131yla birlikte iki yeni birim daha ba\u011fland\u0131. Cemil B\u00f6cek, daha \u00f6nce Daire Ba\u015fkanl\u0131\u011f\u0131n\u0131 y\u00fcr\u00fctt\u00fc\u011f\u00fc Bilgi \u0130\u015flem Dairesi Ba\u015fkanl\u0131\u011f\u0131\u2019n\u0131 da vek\u00e2leten y\u00fcr\u00fctmeye devam edecek.<\/p>\n<p>AKRABA ATAMASI NEPOT\u0130ZM TARTI\u015eMASINI G\u00dcNDEME GET\u0130RD\u0130<\/p>\n<p>B\u00fcy\u00fck\u015fehir Belediyeleri i\u00e7in bir t\u00fcr Ba\u015fkan Yard\u0131mc\u0131l\u0131\u011f\u0131 anlam\u0131na gelen bu atama tart\u0131\u015fma yaratt\u0131. CHP Genel Ba\u015fkan\u0131 \u00d6zg\u00fcr \u00d6zel\u2019in, akraba atamalar\u0131ndan durulmas\u0131 y\u00f6n\u00fcndeki uyar\u0131lar\u0131yla birlikte, nepotizim tart\u0131\u015fmalar\u0131 da g\u00fcndeme geldi.<\/p>\n<p>\u2018\u00d6Z YE\u011eEN\u0130M DE\u011e\u0130L, UZAKTAN AKRABAM\u2019<\/p>\n<p>Tart\u0131\u015fmalar\u0131n ard\u0131ndan konuyla ilgili a\u00e7\u0131klama yapan Antalya B\u00fcy\u00fck\u015fehir Belediye Ba\u015fkan\u0131 Muhittin B\u00f6cek, \u201c\u00d6z ye\u011fenim de\u011fil, uzaktan akrabam\u201d dedi ve ekledi: \u201cGer\u00e7eklerden uzak bir \u2018ye\u011fen\u2019 tarifi yap\u0131lmas\u0131 manidard\u0131r.\u201d<\/p>\n<p>\u2018\u015e\u0130RKET\u0130N\u0130 KAPATIP KAMUYA H\u0130ZMET \u0130\u00c7\u0130N GELD\u0130\u2019<\/p>\n<p>CHP\u2019li eski milletvekili Gazeteci Bar\u0131\u015f Yarkada\u015f\u2019\u0131n atama konusundaki sorular\u0131n\u0131 yan\u0131tlayan Ba\u015fkan B\u00f6cek, \u201cCemil B\u00f6cek \u00f6z ye\u011fenim de\u011fil, uzaktan akrabamd\u0131r. Kendi alan\u0131nda uzman olan meslek sahibi yetenekli bir insand\u0131r. Bizim iste\u011fimiz \u00fczerine \u015firketini kapatarak kamuya hizmet etmek i\u00e7in Konyaalt\u0131 Belediyesi\u2019ne gelmi\u015ftir. \u00c7ok yo\u011fun bir tempoda \u00e7al\u0131\u015ft\u0131\u011f\u0131na herkes \u015fahittir. Bir\u00e7ok sorumluluk alm\u0131\u015ft\u0131r \u00e7al\u0131\u015ft\u0131\u011f\u0131 d\u00f6nemde. Cemil Bey zaten 6 y\u0131ld\u0131r Daire Ba\u015fkan\u0131 olarak g\u00f6rev yapmaktayd\u0131. Belediyeye bug\u00fcn gelmi\u015f gibi yans\u0131t\u0131lmas\u0131 do\u011fru de\u011fil\u201d ifadelerini kulland\u0131.<\/p>\n<p>\u2018GER\u00c7EKTEN UZAK B\u0130R YE\u011eEN TAR\u0130F\u0130 YAPILMASI DO\u011eRU DE\u011e\u0130L\u2019<\/p>\n<p>Gazeteci Bar\u0131\u015f Yarkada\u015f, Ba\u015fkan B\u00f6cek\u2019in a\u00e7\u0131klamas\u0131n\u0131 sosyal medya hesab\u0131ndan payla\u015ft\u0131. \u201cBirka\u00e7 k\u0131sa c\u00fcmle ile zan alt\u0131nda b\u0131rak\u0131lan insanlar\u0131n mesleki birikimleri ve hik\u00e2yeleri bilinmelidir\u201d diyen Ba\u015fkan B\u00f6cek, \u201cGer\u00e7eklerden uzak bir \u2018ye\u011fen\u2019 tarifi yap\u0131lmas\u0131 manidard\u0131r. \u00dclkenin i\u00e7inden ge\u00e7ti\u011fi b\u00f6ylesi bir d\u00f6nemde kamuoyunu meselenin bu haliyle me\u015fgul etmek istemiyorum\u201d dedi.<\/p>\n<p>BA\u015eKAN B\u00d6CEK\u2019\u0130N \u2018SEVG\u0130L\u0130 YE\u011eEN\u0130M CEM\u0130L B\u00d6CEK\u2019PAYLA\u015eIMI<\/p>\n<p>Antalya B\u00fcy\u00fck\u015fehir Belediye Ba\u015fkan\u0131 Muhittin B\u00f6cek, ki\u015fisel sosyal medya hesab\u0131ndan yapt\u0131\u011f\u0131 payla\u015f\u0131mlarda, atama tart\u0131\u015fmalar\u0131yla g\u00fcndeme gelen Cemil B\u00f6cek\u2019ten \u201cSevgili ye\u011fenim\u201d diye s\u00f6z etmesi dikkat \u00e7ekiyor. Ba\u015fkan B\u00f6cek, 10 \u015eubat 2024 tarihli payla\u015f\u0131m\u0131nda, \u201cSevgili ye\u011fenim Cemil B\u00f6cek\u2019in o\u011flu Cem evlad\u0131m\u0131z ile Hande Duman k\u0131z\u0131m\u0131z\u0131n nik\u00e2h akitlerini ger\u00e7ekle\u015ftirdik. CHP \u0130l Ba\u015fkan\u0131m\u0131z Nail Kamac\u0131, Kad\u0131n Kollar\u0131 \u0130l Ba\u015fkan\u0131m\u0131z Nil\u00fcfer Deveci, Kepez Belediye Ba\u015fkan Aday\u0131m\u0131z Mesut Kocag\u00f6z, Konyaalt\u0131 Belediye Ba\u015fkan Aday\u0131m\u0131z Cem Kotan ve bu mutlu g\u00fcn\u00fcm\u00fczde bizi yaln\u0131z b\u0131rakmayan t\u00fcm misafirlerimize te\u015fekk\u00fcr ediyorum\u201d ifadelerine yer veriyor.<\/p>\n<p>\u200bAntalya B\u00fcy\u00fck\u015fehir Belediyesi Genel Sekreter Yard\u0131mc\u0131l\u0131\u011f\u0131na atad\u0131\u011f\u0131 Cemil B\u00f6cek i\u00e7in \u201c\u00d6z ye\u011fenim de\u011fil, uzaktan akrabam\u201d diyen B\u00fcy\u00fck\u015fehir Belediye Ba\u015fkan\u0131 Muhittin B\u00f6cek&#8217;in, kendi payla\u015f\u0131m\u0131nda \u201cSevgili ye\u011fenim Cemil B\u00f6cek\u201d ifadelerini kulland\u0131\u011f\u0131 ortaya \u00e7\u0131kt\u0131\u00a0<\/p>\n<p>\u200bHaberin Al\u0131nt\u0131land\u0131\u011f\u0131 Kaynak: www.antalyakorfez.com<\/p>","protected":false},"excerpt":{"rendered":"<p>Antalya B\u00fcy\u00fck\u015fehir Belediye Ba\u015fkan\u0131 CHP\u2019li Muhittin B\u00f6cek, ye\u011feni Cemil B\u00f6cek\u2019i Genel Sekreter Yard\u0131mc\u0131l\u0131\u011f\u0131\u2019na atad\u0131. Cemil B\u00f6cek\u2019in, \u0130tfaiye Daire Ba\u015fkanl\u0131\u011f\u0131 d\u00e2hil 7 ayr\u0131 daire ba\u015fkanl\u0131\u011f\u0131ndan sorumlu olaca\u011f\u0131 g\u00f6revine Pazartesi g\u00fcn\u00fc ba\u015flayaca\u011f\u0131 belirtildi. Daha \u00f6nce 5 ayr\u0131 daire ba\u015fkanl\u0131\u011f\u0131n\u0131n ba\u011fl\u0131 oldu\u011fu birime, Cemil B\u00f6cek\u2019in atanmas\u0131yla birlikte iki yeni birim daha ba\u011fland\u0131. Cemil B\u00f6cek, daha \u00f6nce Daire Ba\u015fkanl\u0131\u011f\u0131n\u0131 y\u00fcr\u00fctt\u00fc\u011f\u00fc Bilgi \u0130\u015flem Dairesi Ba\u015fkanl\u0131\u011f\u0131\u2019n\u0131 da vek\u00e2leten y\u00fcr\u00fctmeye devam edecek. AKRABA ATAMASI NEPOT\u0130ZM TARTI\u015eMASINI G\u00dcNDEME GET\u0130RD\u0130 B\u00fcy\u00fck\u015fehir Belediyeleri i\u00e7in bir t\u00fcr Ba\u015fkan Yard\u0131mc\u0131l\u0131\u011f\u0131 anlam\u0131na gelen bu atama tart\u0131\u015fma yaratt\u0131. CHP Genel Ba\u015fkan\u0131 \u00d6zg\u00fcr \u00d6zel\u2019in, akraba atamalar\u0131ndan durulmas\u0131 y\u00f6n\u00fcndeki uyar\u0131lar\u0131yla birlikte, nepotizim tart\u0131\u015fmalar\u0131 da g\u00fcndeme geldi. \u2018\u00d6Z YE\u011eEN\u0130M DE\u011e\u0130L, UZAKTAN AKRABAM\u2019 Tart\u0131\u015fmalar\u0131n ard\u0131ndan konuyla ilgili a\u00e7\u0131klama yapan Antalya B\u00fcy\u00fck\u015fehir Belediye Ba\u015fkan\u0131 Muhittin B\u00f6cek, \u201c\u00d6z ye\u011fenim de\u011fil, uzaktan akrabam\u201d dedi ve ekledi: \u201cGer\u00e7eklerden uzak bir \u2018ye\u011fen\u2019 tarifi yap\u0131lmas\u0131 manidard\u0131r.\u201d \u2018\u015e\u0130RKET\u0130N\u0130 KAPATIP KAMUYA H\u0130ZMET \u0130\u00c7\u0130N GELD\u0130\u2019 CHP\u2019li eski milletvekili Gazeteci Bar\u0131\u015f Yarkada\u015f\u2019\u0131n atama konusundaki sorular\u0131n\u0131 yan\u0131tlayan Ba\u015fkan B\u00f6cek, \u201cCemil B\u00f6cek \u00f6z ye\u011fenim de\u011fil, uzaktan akrabamd\u0131r. Kendi alan\u0131nda uzman olan meslek sahibi yetenekli bir insand\u0131r. Bizim iste\u011fimiz \u00fczerine \u015firketini kapatarak kamuya hizmet etmek i\u00e7in Konyaalt\u0131 Belediyesi\u2019ne gelmi\u015ftir. \u00c7ok yo\u011fun bir tempoda \u00e7al\u0131\u015ft\u0131\u011f\u0131na herkes \u015fahittir. Bir\u00e7ok sorumluluk alm\u0131\u015ft\u0131r \u00e7al\u0131\u015ft\u0131\u011f\u0131 d\u00f6nemde. Cemil Bey zaten 6 y\u0131ld\u0131r Daire Ba\u015fkan\u0131 olarak g\u00f6rev yapmaktayd\u0131. &hellip;<\/p>","protected":false},"author":5,"featured_media":0,"comment_status":"open","ping_status":"open","sticky":false,"template":"","format":"standard","meta":{"_acf_changed":false,"footnotes":""},"categories":[24],"tags":[],"class_list":["post-27456","post","type-post","status-publish","format-standard","has-post-thumbnail","hentry","category-gundem"],"acf":[],"yoast_head":"<!-- This site is optimized with the Yoast SEO Premium plugin v26.6 (Yoast SEO v27.1.1) - https:\/\/yoast.com\/product\/yoast-seo-premium-wordpress\/ -->\n<title>Ba\u015fkan B\u00f6cek kendi kendini yalanlad\u0131! - Av. Deniz Can K\u0131z\u0131l<\/title>\n<meta name=\"robots\" content=\"index, follow, max-snippet:-1, max-image-preview:large, max-video-preview:-1\" \/>\n<link rel=\"canonical\" href=\"https:\/\/denizcankizil.tr\/uk\/haberler\/gundem\/baskan-bocek-kendi-kendini-yalanladi\/\" \/>\n<meta property=\"og:locale\" content=\"uk_UA\" \/>\n<meta property=\"og:type\" content=\"article\" \/>\n<meta property=\"og:title\" content=\"Ba\u015fkan B\u00f6cek kendi kendini yalanlad\u0131!\" \/>\n<meta property=\"og:description\" content=\"Antalya B\u00fcy\u00fck\u015fehir Belediye Ba\u015fkan\u0131 CHP\u2019li Muhittin B\u00f6cek, ye\u011feni Cemil B\u00f6cek\u2019i Genel Sekreter Yard\u0131mc\u0131l\u0131\u011f\u0131\u2019na atad\u0131. Cemil B\u00f6cek\u2019in, \u0130tfaiye Daire Ba\u015fkanl\u0131\u011f\u0131 d\u00e2hil 7 ayr\u0131 daire ba\u015fkanl\u0131\u011f\u0131ndan sorumlu olaca\u011f\u0131 g\u00f6revine Pazartesi g\u00fcn\u00fc ba\u015flayaca\u011f\u0131 belirtildi. Daha \u00f6nce 5 ayr\u0131 daire ba\u015fkanl\u0131\u011f\u0131n\u0131n ba\u011fl\u0131 oldu\u011fu birime, Cemil B\u00f6cek\u2019in atanmas\u0131yla birlikte iki yeni birim daha ba\u011fland\u0131. Cemil B\u00f6cek, daha \u00f6nce Daire Ba\u015fkanl\u0131\u011f\u0131n\u0131 y\u00fcr\u00fctt\u00fc\u011f\u00fc Bilgi \u0130\u015flem Dairesi Ba\u015fkanl\u0131\u011f\u0131\u2019n\u0131 da vek\u00e2leten y\u00fcr\u00fctmeye devam edecek. AKRABA ATAMASI NEPOT\u0130ZM TARTI\u015eMASINI G\u00dcNDEME GET\u0130RD\u0130 B\u00fcy\u00fck\u015fehir Belediyeleri i\u00e7in bir t\u00fcr Ba\u015fkan Yard\u0131mc\u0131l\u0131\u011f\u0131 anlam\u0131na gelen bu atama tart\u0131\u015fma yaratt\u0131. CHP Genel Ba\u015fkan\u0131 \u00d6zg\u00fcr \u00d6zel\u2019in, akraba atamalar\u0131ndan durulmas\u0131 y\u00f6n\u00fcndeki uyar\u0131lar\u0131yla birlikte, nepotizim tart\u0131\u015fmalar\u0131 da g\u00fcndeme geldi. \u2018\u00d6Z YE\u011eEN\u0130M DE\u011e\u0130L, UZAKTAN AKRABAM\u2019 Tart\u0131\u015fmalar\u0131n ard\u0131ndan konuyla ilgili a\u00e7\u0131klama yapan Antalya B\u00fcy\u00fck\u015fehir Belediye Ba\u015fkan\u0131 Muhittin B\u00f6cek, \u201c\u00d6z ye\u011fenim de\u011fil, uzaktan akrabam\u201d dedi ve ekledi: \u201cGer\u00e7eklerden uzak bir \u2018ye\u011fen\u2019 tarifi yap\u0131lmas\u0131 manidard\u0131r.\u201d \u2018\u015e\u0130RKET\u0130N\u0130 KAPATIP KAMUYA H\u0130ZMET \u0130\u00c7\u0130N GELD\u0130\u2019 CHP\u2019li eski milletvekili Gazeteci Bar\u0131\u015f Yarkada\u015f\u2019\u0131n atama konusundaki sorular\u0131n\u0131 yan\u0131tlayan Ba\u015fkan B\u00f6cek, \u201cCemil B\u00f6cek \u00f6z ye\u011fenim de\u011fil, uzaktan akrabamd\u0131r. Kendi alan\u0131nda uzman olan meslek sahibi yetenekli bir insand\u0131r. Bizim iste\u011fimiz \u00fczerine \u015firketini kapatarak kamuya hizmet etmek i\u00e7in Konyaalt\u0131 Belediyesi\u2019ne gelmi\u015ftir. \u00c7ok yo\u011fun bir tempoda \u00e7al\u0131\u015ft\u0131\u011f\u0131na herkes \u015fahittir. Bir\u00e7ok sorumluluk alm\u0131\u015ft\u0131r \u00e7al\u0131\u015ft\u0131\u011f\u0131 d\u00f6nemde. Cemil Bey zaten 6 y\u0131ld\u0131r Daire Ba\u015fkan\u0131 olarak g\u00f6rev yapmaktayd\u0131. &hellip;\" \/>\n<meta property=\"og:url\" content=\"https:\/\/denizcankizil.tr\/uk\/haberler\/gundem\/baskan-bocek-kendi-kendini-yalanladi\/\" \/>\n<meta property=\"og:site_name\" content=\"Av. Deniz Can K\u0131z\u0131l\" \/>\n<meta property=\"article:published_time\" content=\"2025-01-25T16:41:27+00:00\" \/>\n<meta name=\"author\" content=\"Antalya K\u00f6rfez\" \/>\n<meta name=\"twitter:card\" content=\"summary_large_image\" \/>\n<meta name=\"twitter:label1\" content=\"\u041d\u0430\u043f\u0438\u0441\u0430\u043d\u043e\" \/>\n\t<meta name=\"twitter:data1\" content=\"Antalya K\u00f6rfez\" \/>\n\t<meta name=\"twitter:label2\" content=\"\u041f\u0440\u0438\u0431\u043b. \u0447\u0430\u0441 \u0447\u0438\u0442\u0430\u043d\u043d\u044f\" \/>\n\t<meta name=\"twitter:data2\" content=\"3 \u0445\u0432\u0438\u043b\u0438\u043d\u0438\" \/>\n<script type=\"application\/ld+json\" class=\"yoast-schema-graph\">{\"@context\":\"https:\/\/schema.org\",\"@graph\":[{\"@type\":\"Article\",\"@id\":\"https:\/\/denizcankizil.tr\/uk\/haberler\/gundem\/baskan-bocek-kendi-kendini-yalanladi\/#article\",\"isPartOf\":{\"@id\":\"https:\/\/denizcankizil.tr\/uk\/haberler\/gundem\/baskan-bocek-kendi-kendini-yalanladi\/\"},\"author\":{\"name\":\"Antalya K\u00f6rfez\",\"@id\":\"https:\/\/denizcankizil.tr\/de\/#\/schema\/person\/e1eb71bb4dd684d46563f0af307e1234\"},\"headline\":\"Ba\u015fkan B\u00f6cek kendi kendini yalanlad\u0131!\",\"datePublished\":\"2025-01-25T16:41:27+00:00\",\"mainEntityOfPage\":{\"@id\":\"https:\/\/denizcankizil.tr\/uk\/haberler\/gundem\/baskan-bocek-kendi-kendini-yalanladi\/\"},\"wordCount\":628,\"commentCount\":0,\"publisher\":{\"@id\":\"https:\/\/denizcankizil.tr\/de\/#organization\"},\"articleSection\":[\"G\u00fcndem\"],\"inLanguage\":\"uk\",\"potentialAction\":[{\"@type\":\"CommentAction\",\"name\":\"Comment\",\"target\":[\"https:\/\/denizcankizil.tr\/uk\/haberler\/gundem\/baskan-bocek-kendi-kendini-yalanladi\/#respond\"]}]},{\"@type\":\"WebPage\",\"@id\":\"https:\/\/denizcankizil.tr\/uk\/haberler\/gundem\/baskan-bocek-kendi-kendini-yalanladi\/\",\"url\":\"https:\/\/denizcankizil.tr\/uk\/haberler\/gundem\/baskan-bocek-kendi-kendini-yalanladi\/\",\"name\":\"Ba\u015fkan B\u00f6cek kendi kendini yalanlad\u0131! - Av. Deniz Can K\u0131z\u0131l\",\"isPartOf\":{\"@id\":\"https:\/\/denizcankizil.tr\/de\/#website\"},\"datePublished\":\"2025-01-25T16:41:27+00:00\",\"breadcrumb\":{\"@id\":\"https:\/\/denizcankizil.tr\/uk\/haberler\/gundem\/baskan-bocek-kendi-kendini-yalanladi\/#breadcrumb\"},\"inLanguage\":\"uk\",\"potentialAction\":[{\"@type\":\"ReadAction\",\"target\":[\"https:\/\/denizcankizil.tr\/uk\/haberler\/gundem\/baskan-bocek-kendi-kendini-yalanladi\/\"]}]},{\"@type\":\"BreadcrumbList\",\"@id\":\"https:\/\/denizcankizil.tr\/uk\/haberler\/gundem\/baskan-bocek-kendi-kendini-yalanladi\/#breadcrumb\",\"itemListElement\":[{\"@type\":\"ListItem\",\"position\":1,\"name\":\"Home\",\"item\":\"https:\/\/denizcankizil.tr\/de\/\"},{\"@type\":\"ListItem\",\"position\":2,\"name\":\"Ba\u015fkan B\u00f6cek kendi kendini yalanlad\u0131!\"}]},{\"@type\":\"WebSite\",\"@id\":\"https:\/\/denizcankizil.tr\/de\/#website\",\"url\":\"https:\/\/denizcankizil.tr\/de\/\",\"name\":\"Av. Deniz Can K\u0131z\u0131l\",\"description\":\"Avukat Deniz Can K\u0131z\u0131l Antalya Barosu\",\"publisher\":{\"@id\":\"https:\/\/denizcankizil.tr\/de\/#organization\"},\"potentialAction\":[{\"@type\":\"SearchAction\",\"target\":{\"@type\":\"EntryPoint\",\"urlTemplate\":\"https:\/\/denizcankizil.tr\/de\/?s={search_term_string}\"},\"query-input\":{\"@type\":\"PropertyValueSpecification\",\"valueRequired\":true,\"valueName\":\"search_term_string\"}}],\"inLanguage\":\"uk\"},{\"@type\":\"Organization\",\"@id\":\"https:\/\/denizcankizil.tr\/de\/#organization\",\"name\":\"Av. Deniz Can K\u0131z\u0131l\",\"url\":\"https:\/\/denizcankizil.tr\/de\/\",\"logo\":{\"@type\":\"ImageObject\",\"inLanguage\":\"uk\",\"@id\":\"https:\/\/denizcankizil.tr\/de\/#\/schema\/logo\/image\/\",\"url\":\"https:\/\/denizcankizil.tr\/wp-content\/uploads\/2024\/10\/siyah-logo-svg.svg\",\"contentUrl\":\"https:\/\/denizcankizil.tr\/wp-content\/uploads\/2024\/10\/siyah-logo-svg.svg\",\"width\":1080,\"height\":1080,\"caption\":\"Av. Deniz Can K\u0131z\u0131l\"},\"image\":{\"@id\":\"https:\/\/denizcankizil.tr\/de\/#\/schema\/logo\/image\/\"}},{\"@type\":\"Person\",\"@id\":\"https:\/\/denizcankizil.tr\/de\/#\/schema\/person\/e1eb71bb4dd684d46563f0af307e1234\",\"name\":\"Antalya K\u00f6rfez\",\"image\":{\"@type\":\"ImageObject\",\"inLanguage\":\"uk\",\"@id\":\"https:\/\/denizcankizil.tr\/de\/#\/schema\/person\/image\/\",\"url\":\"https:\/\/secure.gravatar.com\/avatar\/42b01982558a48a0b501fdcab6a408d3717ea5919095ee2e67b0e521799c5905?s=96&d=mm&r=g\",\"contentUrl\":\"https:\/\/secure.gravatar.com\/avatar\/42b01982558a48a0b501fdcab6a408d3717ea5919095ee2e67b0e521799c5905?s=96&d=mm&r=g\",\"caption\":\"Antalya K\u00f6rfez\"},\"sameAs\":[\"http:\/\/www.antalyakorfez.com\"],\"url\":\"https:\/\/www.antalyakorfez.com\/baskan-bocek-kendi-kendini-yalanladi\"}]}<\/script>\n<!-- \/ Yoast SEO Premium plugin. -->","yoast_head_json":{"title":"Ba\u015fkan B\u00f6cek kendi kendini yalanlad\u0131! - Av. Deniz Can K\u0131z\u0131l","robots":{"index":"index","follow":"follow","max-snippet":"max-snippet:-1","max-image-preview":"max-image-preview:large","max-video-preview":"max-video-preview:-1"},"canonical":"https:\/\/denizcankizil.tr\/uk\/haberler\/gundem\/baskan-bocek-kendi-kendini-yalanladi\/","og_locale":"uk_UA","og_type":"article","og_title":"Ba\u015fkan B\u00f6cek kendi kendini yalanlad\u0131!","og_description":"Antalya B\u00fcy\u00fck\u015fehir Belediye Ba\u015fkan\u0131 CHP\u2019li Muhittin B\u00f6cek, ye\u011feni Cemil B\u00f6cek\u2019i Genel Sekreter Yard\u0131mc\u0131l\u0131\u011f\u0131\u2019na atad\u0131. Cemil B\u00f6cek\u2019in, \u0130tfaiye Daire Ba\u015fkanl\u0131\u011f\u0131 d\u00e2hil 7 ayr\u0131 daire ba\u015fkanl\u0131\u011f\u0131ndan sorumlu olaca\u011f\u0131 g\u00f6revine Pazartesi g\u00fcn\u00fc ba\u015flayaca\u011f\u0131 belirtildi. Daha \u00f6nce 5 ayr\u0131 daire ba\u015fkanl\u0131\u011f\u0131n\u0131n ba\u011fl\u0131 oldu\u011fu birime, Cemil B\u00f6cek\u2019in atanmas\u0131yla birlikte iki yeni birim daha ba\u011fland\u0131. Cemil B\u00f6cek, daha \u00f6nce Daire Ba\u015fkanl\u0131\u011f\u0131n\u0131 y\u00fcr\u00fctt\u00fc\u011f\u00fc Bilgi \u0130\u015flem Dairesi Ba\u015fkanl\u0131\u011f\u0131\u2019n\u0131 da vek\u00e2leten y\u00fcr\u00fctmeye devam edecek. AKRABA ATAMASI NEPOT\u0130ZM TARTI\u015eMASINI G\u00dcNDEME GET\u0130RD\u0130 B\u00fcy\u00fck\u015fehir Belediyeleri i\u00e7in bir t\u00fcr Ba\u015fkan Yard\u0131mc\u0131l\u0131\u011f\u0131 anlam\u0131na gelen bu atama tart\u0131\u015fma yaratt\u0131. CHP Genel Ba\u015fkan\u0131 \u00d6zg\u00fcr \u00d6zel\u2019in, akraba atamalar\u0131ndan durulmas\u0131 y\u00f6n\u00fcndeki uyar\u0131lar\u0131yla birlikte, nepotizim tart\u0131\u015fmalar\u0131 da g\u00fcndeme geldi. \u2018\u00d6Z YE\u011eEN\u0130M DE\u011e\u0130L, UZAKTAN AKRABAM\u2019 Tart\u0131\u015fmalar\u0131n ard\u0131ndan konuyla ilgili a\u00e7\u0131klama yapan Antalya B\u00fcy\u00fck\u015fehir Belediye Ba\u015fkan\u0131 Muhittin B\u00f6cek, \u201c\u00d6z ye\u011fenim de\u011fil, uzaktan akrabam\u201d dedi ve ekledi: \u201cGer\u00e7eklerden uzak bir \u2018ye\u011fen\u2019 tarifi yap\u0131lmas\u0131 manidard\u0131r.\u201d \u2018\u015e\u0130RKET\u0130N\u0130 KAPATIP KAMUYA H\u0130ZMET \u0130\u00c7\u0130N GELD\u0130\u2019 CHP\u2019li eski milletvekili Gazeteci Bar\u0131\u015f Yarkada\u015f\u2019\u0131n atama konusundaki sorular\u0131n\u0131 yan\u0131tlayan Ba\u015fkan B\u00f6cek, \u201cCemil B\u00f6cek \u00f6z ye\u011fenim de\u011fil, uzaktan akrabamd\u0131r. Kendi alan\u0131nda uzman olan meslek sahibi yetenekli bir insand\u0131r. Bizim iste\u011fimiz \u00fczerine \u015firketini kapatarak kamuya hizmet etmek i\u00e7in Konyaalt\u0131 Belediyesi\u2019ne gelmi\u015ftir. \u00c7ok yo\u011fun bir tempoda \u00e7al\u0131\u015ft\u0131\u011f\u0131na herkes \u015fahittir. Bir\u00e7ok sorumluluk alm\u0131\u015ft\u0131r \u00e7al\u0131\u015ft\u0131\u011f\u0131 d\u00f6nemde. Cemil Bey zaten 6 y\u0131ld\u0131r Daire Ba\u015fkan\u0131 olarak g\u00f6rev yapmaktayd\u0131. &hellip;","og_url":"https:\/\/denizcankizil.tr\/uk\/haberler\/gundem\/baskan-bocek-kendi-kendini-yalanladi\/","og_site_name":"Av. Deniz Can K\u0131z\u0131l","article_published_time":"2025-01-25T16:41:27+00:00","author":"Antalya K\u00f6rfez","twitter_card":"summary_large_image","twitter_misc":{"\u041d\u0430\u043f\u0438\u0441\u0430\u043d\u043e":"Antalya K\u00f6rfez","\u041f\u0440\u0438\u0431\u043b. \u0447\u0430\u0441 \u0447\u0438\u0442\u0430\u043d\u043d\u044f":"3 \u0445\u0432\u0438\u043b\u0438\u043d\u0438"},"schema":{"@context":"https:\/\/schema.org","@graph":[{"@type":"Article","@id":"https:\/\/denizcankizil.tr\/uk\/haberler\/gundem\/baskan-bocek-kendi-kendini-yalanladi\/#article","isPartOf":{"@id":"https:\/\/denizcankizil.tr\/uk\/haberler\/gundem\/baskan-bocek-kendi-kendini-yalanladi\/"},"author":{"name":"Antalya K\u00f6rfez","@id":"https:\/\/denizcankizil.tr\/de\/#\/schema\/person\/e1eb71bb4dd684d46563f0af307e1234"},"headline":"Ba\u015fkan B\u00f6cek kendi kendini yalanlad\u0131!","datePublished":"2025-01-25T16:41:27+00:00","mainEntityOfPage":{"@id":"https:\/\/denizcankizil.tr\/uk\/haberler\/gundem\/baskan-bocek-kendi-kendini-yalanladi\/"},"wordCount":628,"commentCount":0,"publisher":{"@id":"https:\/\/denizcankizil.tr\/de\/#organization"},"articleSection":["G\u00fcndem"],"inLanguage":"uk","potentialAction":[{"@type":"CommentAction","name":"Comment","target":["https:\/\/denizcankizil.tr\/uk\/haberler\/gundem\/baskan-bocek-kendi-kendini-yalanladi\/#respond"]}]},{"@type":"WebPage","@id":"https:\/\/denizcankizil.tr\/uk\/haberler\/gundem\/baskan-bocek-kendi-kendini-yalanladi\/","url":"https:\/\/denizcankizil.tr\/uk\/haberler\/gundem\/baskan-bocek-kendi-kendini-yalanladi\/","name":"Ba\u015fkan B\u00f6cek kendi kendini yalanlad\u0131! - Av. Deniz Can K\u0131z\u0131l","isPartOf":{"@id":"https:\/\/denizcankizil.tr\/de\/#website"},"datePublished":"2025-01-25T16:41:27+00:00","breadcrumb":{"@id":"https:\/\/denizcankizil.tr\/uk\/haberler\/gundem\/baskan-bocek-kendi-kendini-yalanladi\/#breadcrumb"},"inLanguage":"uk","potentialAction":[{"@type":"ReadAction","target":["https:\/\/denizcankizil.tr\/uk\/haberler\/gundem\/baskan-bocek-kendi-kendini-yalanladi\/"]}]},{"@type":"BreadcrumbList","@id":"https:\/\/denizcankizil.tr\/uk\/haberler\/gundem\/baskan-bocek-kendi-kendini-yalanladi\/#breadcrumb","itemListElement":[{"@type":"ListItem","position":1,"name":"Home","item":"https:\/\/denizcankizil.tr\/de\/"},{"@type":"ListItem","position":2,"name":"Ba\u015fkan B\u00f6cek kendi kendini yalanlad\u0131!"}]},{"@type":"WebSite","@id":"https:\/\/denizcankizil.tr\/de\/#website","url":"https:\/\/denizcankizil.tr\/de\/","name":"Av. Deniz Can K\u0131z\u0131l","description":"Avukat Deniz Can K\u0131z\u0131l Antalya Barosu","publisher":{"@id":"https:\/\/denizcankizil.tr\/de\/#organization"},"potentialAction":[{"@type":"SearchAction","target":{"@type":"EntryPoint","urlTemplate":"https:\/\/denizcankizil.tr\/de\/?s={search_term_string}"},"query-input":{"@type":"PropertyValueSpecification","valueRequired":true,"valueName":"search_term_string"}}],"inLanguage":"uk"},{"@type":"Organization","@id":"https:\/\/denizcankizil.tr\/de\/#organization","name":"Av. Deniz Can K\u0131z\u0131l","url":"https:\/\/denizcankizil.tr\/de\/","logo":{"@type":"ImageObject","inLanguage":"uk","@id":"https:\/\/denizcankizil.tr\/de\/#\/schema\/logo\/image\/","url":"https:\/\/denizcankizil.tr\/wp-content\/uploads\/2024\/10\/siyah-logo-svg.svg","contentUrl":"https:\/\/denizcankizil.tr\/wp-content\/uploads\/2024\/10\/siyah-logo-svg.svg","width":1080,"height":1080,"caption":"Av. Deniz Can K\u0131z\u0131l"},"image":{"@id":"https:\/\/denizcankizil.tr\/de\/#\/schema\/logo\/image\/"}},{"@type":"Person","@id":"https:\/\/denizcankizil.tr\/de\/#\/schema\/person\/e1eb71bb4dd684d46563f0af307e1234","name":"Antalya K\u00f6rfez","image":{"@type":"ImageObject","inLanguage":"uk","@id":"https:\/\/denizcankizil.tr\/de\/#\/schema\/person\/image\/","url":"https:\/\/secure.gravatar.com\/avatar\/42b01982558a48a0b501fdcab6a408d3717ea5919095ee2e67b0e521799c5905?s=96&d=mm&r=g","contentUrl":"https:\/\/secure.gravatar.com\/avatar\/42b01982558a48a0b501fdcab6a408d3717ea5919095ee2e67b0e521799c5905?s=96&d=mm&r=g","caption":"Antalya K\u00f6rfez"},"sameAs":["http:\/\/www.antalyakorfez.com"],"url":"https:\/\/www.antalyakorfez.com\/baskan-bocek-kendi-kendini-yalanladi"}]}},"_links":{"self":[{"href":"https:\/\/denizcankizil.tr\/uk\/wp-json\/wp\/v2\/posts\/27456","targetHints":{"allow":["GET"]}}],"collection":[{"href":"https:\/\/denizcankizil.tr\/uk\/wp-json\/wp\/v2\/posts"}],"about":[{"href":"https:\/\/denizcankizil.tr\/uk\/wp-json\/wp\/v2\/types\/post"}],"author":[{"embeddable":true,"href":"https:\/\/denizcankizil.tr\/uk\/wp-json\/wp\/v2\/users\/5"}],"replies":[{"embeddable":true,"href":"https:\/\/denizcankizil.tr\/uk\/wp-json\/wp\/v2\/comments?post=27456"}],"version-history":[{"count":0,"href":"https:\/\/denizcankizil.tr\/uk\/wp-json\/wp\/v2\/posts\/27456\/revisions"}],"wp:attachment":[{"href":"https:\/\/denizcankizil.tr\/uk\/wp-json\/wp\/v2\/media?parent=27456"}],"wp:term":[{"taxonomy":"category","embeddable":true,"href":"https:\/\/denizcankizil.tr\/uk\/wp-json\/wp\/v2\/categories?post=27456"},{"taxonomy":"post_tag","embeddable":true,"href":"https:\/\/denizcankizil.tr\/uk\/wp-json\/wp\/v2\/tags?post=27456"}],"curies":[{"name":"wp","href":"https:\/\/api.w.org\/{rel}","templated":true}]}}