{"id":27230,"date":"2025-01-24T15:41:37","date_gmt":"2025-01-24T12:41:37","guid":{"rendered":"https:\/\/denizcankizil.tr\/uncategorized-tr\/bakan-isikhan-konya-esnafiyla-bulustu\/"},"modified":"2025-01-24T15:41:37","modified_gmt":"2025-01-24T12:41:37","slug":"bakan-isikhan-konya-esnafiyla-bulustu","status":"publish","type":"post","link":"https:\/\/denizcankizil.tr\/uk\/haberler\/gundem\/bakan-isikhan-konya-esnafiyla-bulustu\/","title":{"rendered":"Bakan I\u015f\u0131khan Konya esnaf\u0131yla bulu\u015ftu"},"content":{"rendered":"<p>Ekonomi Koordinasyon Kurulu Toplant\u0131s\u0131 kapsam\u0131nda Konya\u2019ya gelen \u00c7al\u0131\u015fma ve Sosyal G\u00fcvenlik Bakan\u0131 Vedat I\u015f\u0131khan, \u00c7al\u0131\u015fma ve Sosyal G\u00fcvenlik Bakan Yard\u0131mc\u0131s\u0131 Faruk \u00c7elik, Hazine ve Maliye Bakan Yard\u0131mc\u0131lar\u0131 Osman \u00c7elik ve \u0130smail \u0130lhan Hatipo\u011flu, Karatay Belediyesi\u2019ni ziyaret etti.KONYA (\u0130GFA) &#8211;\u00a0Bakan Vedat I\u015f\u0131khan Karatay Belediyesi\u2019nin g\u00fc\u00e7l\u00fc mali yap\u0131s\u0131n\u0131, yat\u0131r\u0131mlar\u0131n\u0131 ve hizmetlerini \u00f6vg\u00fcyle kar\u015f\u0131lad\u0131. Bakan I\u015f\u0131khan\u2019\u0131n ziyaretinden duydu\u011fu memnuniyeti aktaran Hasan K\u0131lca desteklerinden dolay\u0131 te\u015fekk\u00fcr etti. K\u0131lca, Karatayl\u0131lar\u0131n gelece\u011fi i\u00e7in gayretle \u00e7al\u0131\u015fmaya devam edeceklerini kaydetti.<br \/>\nZiyarete ayr\u0131ca, AK Parti Konya Milletvekilleri Selman \u00d6zboyac\u0131 ve Meryem G\u00f6ka, Sosyal G\u00fcvenlik Kurumu (SGK) Ba\u015fkan\u0131 Dr. Raci Kaya, Karatay Kaymakam\u0131 Cengiz Ayhan, SGK Konya \u0130l M\u00fcd\u00fcr\u00fc Murat Mustafa Yavuz, Konya \u00c7al\u0131\u015fma ve \u0130\u015f Kurumu (\u0130\u015eKUR) \u0130l M\u00fcd\u00fcr\u00fc Emrah Kele\u015f, AK Parti Karatay \u0130l\u00e7e Ba\u015fkan\u0131 Akif Demirci, Yal\u0131h\u00fcy\u00fck Belediye Ba\u015fkan\u0131 Mehmet Ali Y\u0131lmaz, G\u00fcneys\u0131n\u0131r Belediye Ba\u015fkan\u0131 Ahmet Demir, Ta\u015fkent Belediye Ba\u015fkan\u0131 Mehmet Acar, Hadim Belediye Ba\u015fkan\u0131 Mehmet \u00c7etiner ve Ak\u00f6ren Belediye Ba\u015fkan\u0131 \u0130smail Arslan da kat\u0131ld\u0131.<\/p>\n<p>HASAN KILCA DETAYLI B\u0130R SUNUMLA KARATAY\u2019I ANLATTI<br \/>\nKaratay Belediye Ba\u015fkan\u0131 Hasan K\u0131lca, ziyaretlerinden dolay\u0131 \u00c7al\u0131\u015fma ve Sosyal G\u00fcvenlik Bakan\u0131 Vedat I\u015f\u0131khan\u2019a ve \u00c7al\u0131\u015fma ve Sosyal G\u00fcvenlik Bakan Yard\u0131mc\u0131s\u0131 ile Hazine ve Maliye Bakan Yard\u0131mc\u0131lar\u0131na te\u015fekk\u00fcr etti. K\u0131lca, ziyarette il\u00e7ede ger\u00e7ekle\u015ftirilen yat\u0131r\u0131mlar, projeler ve belediyenin mali yap\u0131s\u0131 hakk\u0131nda kapsaml\u0131 bir sunum ger\u00e7ekle\u015ftirerek Karatay\u2019\u0131 anlatt\u0131.<br \/>\nYATIRIM ALANINDAK\u0130 BA\u015eARIMIZ MAL\u0130 D\u0130S\u0130PL\u0130NDEN GE\u00c7\u0130YOR, HEDEF\u0130M\u0130Z BOR\u00c7LANMADAN B\u00dcY\u00dcMEK<br \/>\nBa\u015fkan K\u0131lca, belediyenin mali disiplininden de bahsederek, \u201cBelediyemiz, bor\u00e7suz bir belediye olarak, t\u00fcm yat\u0131r\u0131mlar\u0131n\u0131 \u00f6z kaynaklar\u0131yla ger\u00e7ekle\u015ftiriyor. Bu da projelerimizi h\u0131zl\u0131 bir \u015fekilde hayata ge\u00e7irmemize olanak sa\u011fl\u0131yor. Belediyemizin mali y\u00f6netimi, t\u00fcm Karatayl\u0131lar\u0131n gelece\u011fi i\u00e7in en iyi \u015fekilde y\u00f6netilmektedir. Yat\u0131r\u0131m alanlar\u0131ndaki ba\u015far\u0131m\u0131z\u0131, mali disiplinle destekliyoruz ve bu sayede bor\u00e7lanmadan b\u00fcy\u00fcyerek, Karatay\u2019\u0131 daha g\u00fc\u00e7l\u00fc bir il\u00e7e yapmak i\u00e7in yol al\u0131yoruz. \u00d6te yandan Bakan\u0131m\u0131z\u0131n ziyaretleri vesilesiyle birlikte oldu\u011fumuz Ak\u00f6ren, Yal\u0131h\u00fcy\u00fck, Ta\u015fkent, Hadim ve G\u00fcneys\u0131n\u0131r Belediye Ba\u015fkanlar\u0131m\u0131za te\u015fekk\u00fcr ediyor, de\u011ferli \u00e7al\u0131\u015fmalar\u0131nda kolayl\u0131klar diliyorum\u201d dedi.<\/p>\n<p>BAKAN VEDAT I\u015eIKHAN\u2019DAN KARATAY\u2019A \u00d6VG\u00dc<br \/>\n\u00c7al\u0131\u015fma ve Sosyal G\u00fcvenlik Bakan\u0131 Vedat I\u015f\u0131khan Ba\u015fkan K\u0131lca\u2019n\u0131n yapt\u0131\u011f\u0131 kapsaml\u0131 sunumu dikkatle dinledi ve Karatay Belediyesi\u2019nin g\u00fc\u00e7l\u00fc mali yap\u0131s\u0131n\u0131, yat\u0131r\u0131mlar\u0131n\u0131 ve hizmetlerini \u00f6vg\u00fcyle kar\u015f\u0131lad\u0131.<br \/>\nVedat I\u015f\u0131khan, Karatay Belediyesi\u2019nin ba\u015far\u0131l\u0131 \u00e7al\u0131\u015fmalara imza att\u0131\u011f\u0131n\u0131 belirterek; \u201cCumhurba\u015fkanl\u0131\u011f\u0131m\u0131z\u0131n liderli\u011finde \u00e7al\u0131\u015fmaya devam edece\u011fiz. Milletimizin sizin gibi de\u011ferli y\u00f6neticilere ihtiyac\u0131 var. Karatay Belediyesi\u2019nin kendi \u00f6z kaynaklar\u0131yla y\u00fcr\u00fctt\u00fc\u011f\u00fc projeler ve yat\u0131r\u0131mlar ger\u00e7ekten \u00f6rnek te\u015fkil ediyor. Karatay Belediyesi\u2019ni \u00e7al\u0131\u015fmalar\u0131ndan dolay\u0131 tebrik ediyorum. Ba\u015far\u0131lar\u0131n\u0131z\u0131n devam\u0131n\u0131 diliyorum. Allah yolunuzu a\u00e7\u0131k etsin. Belediyelerin vatanda\u015flar\u0131n ya\u015fam kalitesini art\u0131rmaya y\u00f6nelik projelere \u00f6nc\u00fcl\u00fck etmesi, \u00fclkemizin gelece\u011fi i\u00e7in son derece \u00f6nemli. H\u00fck\u00fcmet olarak, yerel y\u00f6netimlere her zaman destek verece\u011fiz\u201d ifadelerine yer verdi.<br \/>\nBAKAN I\u015eIKHAN KARATAY ESNAFINI Z\u0130YARET ETT\u0130<br \/>\nBakan Vedat I\u015f\u0131khan, Ba\u015fkan K\u0131lca ve beraberindeki heyet, Karatay Belediyesi\u2019nde ger\u00e7ekle\u015ftirilen toplant\u0131n\u0131n ard\u0131ndan Karatay esnaf\u0131n\u0131 da ziyaret etti. Esnafla sohbet eden Bakan I\u015f\u0131khan, hay\u0131rl\u0131 i\u015fler temennisinde bulundu. Esnaf ziyaretinin ard\u0131ndan ise Bakan I\u015f\u0131khan, Hasan K\u0131lca ve beraberindeki heyet son olarak Mevlana M\u00fczesi\u2019ni gezdi.<\/p>\n<p>\u200bEkonomi Koordinasyon Kurulu Toplant\u0131s\u0131 kapsam\u0131nda Konya\u2019ya gelen \u00c7al\u0131\u015fma ve Sosyal G\u00fcvenlik Bakan\u0131 Vedat I\u015f\u0131khan, \u00c7al\u0131\u015fma ve Sosyal G\u00fcvenlik Bakan Yard\u0131mc\u0131s\u0131 Faruk \u00c7elik, Hazine ve Maliye Bakan Yard\u0131mc\u0131lar\u0131 Osman \u00c7elik ve \u0130smail \u0130lhan Hatipo\u011flu, Karatay Belediyesi\u2019ni ziyaret etti.KONYA (\u0130GFA) &#8211;\u00a0Bakan Vedat I\u015f\u0131khan Karatay Belediyesi\u2019nin g\u00fc\u00e7l\u00fc mali yap\u0131s\u0131n\u0131, yat\u0131r\u0131mlar\u0131n\u0131 ve hizmetlerini \u00f6vg\u00fcyle kar\u015f\u0131lad\u0131. Bakan I\u015f\u0131khan\u2019\u0131n ziyaretinden duydu\u011fu memnuniyeti aktaran Hasan K\u0131lca desteklerinden dolay\u0131 te\u015fekk\u00fcr etti. K\u0131lca, Karatayl\u0131lar\u0131n gelece\u011fi i\u00e7in gayretle \u00e7al\u0131\u015fmaya devam edeceklerini kaydetti.<br \/>\nZiyarete ayr\u0131ca, AK Parti Konya Milletvekilleri Selman \u00d6zboyac\u0131 ve Meryem G\u00f6ka, Sosyal G\u00fcvenlik Kurumu (SGK) Ba\u015fkan\u0131 Dr. Raci Kaya, Karatay Kaymakam\u0131 Cengiz Ayhan, SGK Konya \u0130l M\u00fcd\u00fcr\u00fc Murat Mustafa Yavuz, Konya \u00c7al\u0131\u015fma ve \u0130\u015f Kurumu (\u0130\u015eKUR) \u0130l M\u00fcd\u00fcr\u00fc Emrah Kele\u015f, AK Parti Karatay \u0130l\u00e7e Ba\u015fkan\u0131 Akif Demirci, Yal\u0131h\u00fcy\u00fck Belediye Ba\u015fkan\u0131 Mehmet Ali Y\u0131lmaz, G\u00fcneys\u0131n\u0131r Belediye Ba\u015fkan\u0131 Ahmet Demir, Ta\u015fkent Belediye Ba\u015fkan\u0131 Mehmet Acar, Hadim Belediye Ba\u015fkan\u0131 Mehmet \u00c7etiner ve Ak\u00f6ren Belediye Ba\u015fkan\u0131 \u0130smail Arslan da kat\u0131ld\u0131.<\/p>\n<p>HASAN KILCA DETAYLI B\u0130R SUNUMLA KARATAY\u2019I ANLATTI<br \/>\nKaratay Belediye Ba\u015fkan\u0131 Hasan K\u0131lca, ziyaretlerinden dolay\u0131 \u00c7al\u0131\u015fma ve Sosyal G\u00fcvenlik Bakan\u0131 Vedat I\u015f\u0131khan\u2019a ve \u00c7al\u0131\u015fma ve Sosyal G\u00fcvenlik Bakan Yard\u0131mc\u0131s\u0131 ile Hazine ve Maliye Bakan Yard\u0131mc\u0131lar\u0131na te\u015fekk\u00fcr etti. K\u0131lca, ziyarette il\u00e7ede ger\u00e7ekle\u015ftirilen yat\u0131r\u0131mlar, projeler ve belediyenin mali yap\u0131s\u0131 hakk\u0131nda kapsaml\u0131 bir sunum ger\u00e7ekle\u015ftirerek Karatay\u2019\u0131 anlatt\u0131.<br \/>\nYATIRIM ALANINDAK\u0130 BA\u015eARIMIZ MAL\u0130 D\u0130S\u0130PL\u0130NDEN GE\u00c7\u0130YOR, HEDEF\u0130M\u0130Z BOR\u00c7LANMADAN B\u00dcY\u00dcMEK<br \/>\nBa\u015fkan K\u0131lca, belediyenin mali disiplininden de bahsederek, \u201cBelediyemiz, bor\u00e7suz bir belediye olarak, t\u00fcm yat\u0131r\u0131mlar\u0131n\u0131 \u00f6z kaynaklar\u0131yla ger\u00e7ekle\u015ftiriyor. Bu da projelerimizi h\u0131zl\u0131 bir \u015fekilde hayata ge\u00e7irmemize olanak sa\u011fl\u0131yor. Belediyemizin mali y\u00f6netimi, t\u00fcm Karatayl\u0131lar\u0131n gelece\u011fi i\u00e7in en iyi \u015fekilde y\u00f6netilmektedir. Yat\u0131r\u0131m alanlar\u0131ndaki ba\u015far\u0131m\u0131z\u0131, mali disiplinle destekliyoruz ve bu sayede bor\u00e7lanmadan b\u00fcy\u00fcyerek, Karatay\u2019\u0131 daha g\u00fc\u00e7l\u00fc bir il\u00e7e yapmak i\u00e7in yol al\u0131yoruz. \u00d6te yandan Bakan\u0131m\u0131z\u0131n ziyaretleri vesilesiyle birlikte oldu\u011fumuz Ak\u00f6ren, Yal\u0131h\u00fcy\u00fck, Ta\u015fkent, Hadim ve G\u00fcneys\u0131n\u0131r Belediye Ba\u015fkanlar\u0131m\u0131za te\u015fekk\u00fcr ediyor, de\u011ferli \u00e7al\u0131\u015fmalar\u0131nda kolayl\u0131klar diliyorum\u201d dedi.<\/p>\n<p>BAKAN VEDAT I\u015eIKHAN\u2019DAN KARATAY\u2019A \u00d6VG\u00dc<br \/>\n\u00c7al\u0131\u015fma ve Sosyal G\u00fcvenlik Bakan\u0131 Vedat I\u015f\u0131khan Ba\u015fkan K\u0131lca\u2019n\u0131n yapt\u0131\u011f\u0131 kapsaml\u0131 sunumu dikkatle dinledi ve Karatay Belediyesi\u2019nin g\u00fc\u00e7l\u00fc mali yap\u0131s\u0131n\u0131, yat\u0131r\u0131mlar\u0131n\u0131 ve hizmetlerini \u00f6vg\u00fcyle kar\u015f\u0131lad\u0131.<br \/>\nVedat I\u015f\u0131khan, Karatay Belediyesi\u2019nin ba\u015far\u0131l\u0131 \u00e7al\u0131\u015fmalara imza att\u0131\u011f\u0131n\u0131 belirterek; \u201cCumhurba\u015fkanl\u0131\u011f\u0131m\u0131z\u0131n liderli\u011finde \u00e7al\u0131\u015fmaya devam edece\u011fiz. Milletimizin sizin gibi de\u011ferli y\u00f6neticilere ihtiyac\u0131 var. Karatay Belediyesi\u2019nin kendi \u00f6z kaynaklar\u0131yla y\u00fcr\u00fctt\u00fc\u011f\u00fc projeler ve yat\u0131r\u0131mlar ger\u00e7ekten \u00f6rnek te\u015fkil ediyor. Karatay Belediyesi\u2019ni \u00e7al\u0131\u015fmalar\u0131ndan dolay\u0131 tebrik ediyorum. Ba\u015far\u0131lar\u0131n\u0131z\u0131n devam\u0131n\u0131 diliyorum. Allah yolunuzu a\u00e7\u0131k etsin. Belediyelerin vatanda\u015flar\u0131n ya\u015fam kalitesini art\u0131rmaya y\u00f6nelik projelere \u00f6nc\u00fcl\u00fck etmesi, \u00fclkemizin gelece\u011fi i\u00e7in son derece \u00f6nemli. H\u00fck\u00fcmet olarak, yerel y\u00f6netimlere her zaman destek verece\u011fiz\u201d ifadelerine yer verdi.<br \/>\nBAKAN I\u015eIKHAN KARATAY ESNAFINI Z\u0130YARET ETT\u0130<br \/>\nBakan Vedat I\u015f\u0131khan, Ba\u015fkan K\u0131lca ve beraberindeki heyet, Karatay Belediyesi\u2019nde ger\u00e7ekle\u015ftirilen toplant\u0131n\u0131n ard\u0131ndan Karatay esnaf\u0131n\u0131 da ziyaret etti. Esnafla sohbet eden Bakan I\u015f\u0131khan, hay\u0131rl\u0131 i\u015fler temennisinde bulundu. Esnaf ziyaretinin ard\u0131ndan ise Bakan I\u015f\u0131khan, Hasan K\u0131lca ve beraberindeki heyet son olarak Mevlana M\u00fczesi\u2019ni gezdi.\u00a0<\/p>\n<p>\u200bHaberin Al\u0131nt\u0131land\u0131\u011f\u0131 Kaynak: www.iskenderun.org<\/p>","protected":false},"excerpt":{"rendered":"<p>Ekonomi Koordinasyon Kurulu Toplant\u0131s\u0131 kapsam\u0131nda Konya\u2019ya gelen \u00c7al\u0131\u015fma ve Sosyal G\u00fcvenlik Bakan\u0131 Vedat I\u015f\u0131khan, \u00c7al\u0131\u015fma ve Sosyal G\u00fcvenlik Bakan Yard\u0131mc\u0131s\u0131 Faruk \u00c7elik, Hazine ve Maliye Bakan Yard\u0131mc\u0131lar\u0131 Osman \u00c7elik ve \u0130smail \u0130lhan Hatipo\u011flu, Karatay Belediyesi\u2019ni ziyaret etti.KONYA (\u0130GFA) &#8211;\u00a0Bakan Vedat I\u015f\u0131khan Karatay Belediyesi\u2019nin g\u00fc\u00e7l\u00fc mali yap\u0131s\u0131n\u0131, yat\u0131r\u0131mlar\u0131n\u0131 ve hizmetlerini \u00f6vg\u00fcyle kar\u015f\u0131lad\u0131. Bakan I\u015f\u0131khan\u2019\u0131n ziyaretinden duydu\u011fu memnuniyeti aktaran Hasan K\u0131lca desteklerinden dolay\u0131 te\u015fekk\u00fcr etti. K\u0131lca, Karatayl\u0131lar\u0131n gelece\u011fi i\u00e7in gayretle \u00e7al\u0131\u015fmaya devam edeceklerini kaydetti. Ziyarete ayr\u0131ca, AK Parti Konya Milletvekilleri Selman \u00d6zboyac\u0131 ve Meryem G\u00f6ka, Sosyal G\u00fcvenlik Kurumu (SGK) Ba\u015fkan\u0131 Dr. Raci Kaya, Karatay Kaymakam\u0131 Cengiz Ayhan, SGK Konya \u0130l M\u00fcd\u00fcr\u00fc Murat Mustafa Yavuz, Konya \u00c7al\u0131\u015fma ve \u0130\u015f Kurumu (\u0130\u015eKUR) \u0130l M\u00fcd\u00fcr\u00fc Emrah Kele\u015f, AK Parti Karatay \u0130l\u00e7e Ba\u015fkan\u0131 Akif Demirci, Yal\u0131h\u00fcy\u00fck Belediye Ba\u015fkan\u0131 Mehmet Ali Y\u0131lmaz, G\u00fcneys\u0131n\u0131r Belediye Ba\u015fkan\u0131 Ahmet Demir, Ta\u015fkent Belediye Ba\u015fkan\u0131 Mehmet Acar, Hadim Belediye Ba\u015fkan\u0131 Mehmet \u00c7etiner ve Ak\u00f6ren Belediye Ba\u015fkan\u0131 \u0130smail Arslan da kat\u0131ld\u0131. HASAN KILCA DETAYLI B\u0130R SUNUMLA KARATAY\u2019I ANLATTI Karatay Belediye Ba\u015fkan\u0131 Hasan K\u0131lca, ziyaretlerinden dolay\u0131 \u00c7al\u0131\u015fma ve Sosyal G\u00fcvenlik Bakan\u0131 Vedat I\u015f\u0131khan\u2019a ve \u00c7al\u0131\u015fma ve Sosyal G\u00fcvenlik Bakan Yard\u0131mc\u0131s\u0131 ile Hazine ve Maliye Bakan Yard\u0131mc\u0131lar\u0131na te\u015fekk\u00fcr etti. K\u0131lca, ziyarette il\u00e7ede ger\u00e7ekle\u015ftirilen yat\u0131r\u0131mlar, projeler ve belediyenin mali yap\u0131s\u0131 hakk\u0131nda kapsaml\u0131 bir sunum ger\u00e7ekle\u015ftirerek Karatay\u2019\u0131 &hellip;<\/p>","protected":false},"author":1,"featured_media":0,"comment_status":"open","ping_status":"open","sticky":false,"template":"","format":"standard","meta":{"_acf_changed":false,"footnotes":""},"categories":[24],"tags":[],"class_list":["post-27230","post","type-post","status-publish","format-standard","has-post-thumbnail","hentry","category-gundem"],"acf":[],"yoast_head":"<!-- This site is optimized with the Yoast SEO Premium plugin v26.6 (Yoast SEO v27.1.1) - https:\/\/yoast.com\/product\/yoast-seo-premium-wordpress\/ -->\n<title>Bakan I\u015f\u0131khan Konya esnaf\u0131yla bulu\u015ftu - Av. Deniz Can K\u0131z\u0131l<\/title>\n<meta name=\"robots\" content=\"index, follow, max-snippet:-1, max-image-preview:large, max-video-preview:-1\" \/>\n<link rel=\"canonical\" href=\"https:\/\/denizcankizil.tr\/uk\/haberler\/gundem\/bakan-isikhan-konya-esnafiyla-bulustu\/\" \/>\n<meta property=\"og:locale\" content=\"uk_UA\" \/>\n<meta property=\"og:type\" content=\"article\" \/>\n<meta property=\"og:title\" content=\"Bakan I\u015f\u0131khan Konya esnaf\u0131yla bulu\u015ftu\" \/>\n<meta property=\"og:description\" content=\"Ekonomi Koordinasyon Kurulu Toplant\u0131s\u0131 kapsam\u0131nda Konya\u2019ya gelen \u00c7al\u0131\u015fma ve Sosyal G\u00fcvenlik Bakan\u0131 Vedat I\u015f\u0131khan, \u00c7al\u0131\u015fma ve Sosyal G\u00fcvenlik Bakan Yard\u0131mc\u0131s\u0131 Faruk \u00c7elik, Hazine ve Maliye Bakan Yard\u0131mc\u0131lar\u0131 Osman \u00c7elik ve \u0130smail \u0130lhan Hatipo\u011flu, Karatay Belediyesi\u2019ni ziyaret etti.KONYA (\u0130GFA) &#8211;\u00a0Bakan Vedat I\u015f\u0131khan Karatay Belediyesi\u2019nin g\u00fc\u00e7l\u00fc mali yap\u0131s\u0131n\u0131, yat\u0131r\u0131mlar\u0131n\u0131 ve hizmetlerini \u00f6vg\u00fcyle kar\u015f\u0131lad\u0131. Bakan I\u015f\u0131khan\u2019\u0131n ziyaretinden duydu\u011fu memnuniyeti aktaran Hasan K\u0131lca desteklerinden dolay\u0131 te\u015fekk\u00fcr etti. K\u0131lca, Karatayl\u0131lar\u0131n gelece\u011fi i\u00e7in gayretle \u00e7al\u0131\u015fmaya devam edeceklerini kaydetti. Ziyarete ayr\u0131ca, AK Parti Konya Milletvekilleri Selman \u00d6zboyac\u0131 ve Meryem G\u00f6ka, Sosyal G\u00fcvenlik Kurumu (SGK) Ba\u015fkan\u0131 Dr. Raci Kaya, Karatay Kaymakam\u0131 Cengiz Ayhan, SGK Konya \u0130l M\u00fcd\u00fcr\u00fc Murat Mustafa Yavuz, Konya \u00c7al\u0131\u015fma ve \u0130\u015f Kurumu (\u0130\u015eKUR) \u0130l M\u00fcd\u00fcr\u00fc Emrah Kele\u015f, AK Parti Karatay \u0130l\u00e7e Ba\u015fkan\u0131 Akif Demirci, Yal\u0131h\u00fcy\u00fck Belediye Ba\u015fkan\u0131 Mehmet Ali Y\u0131lmaz, G\u00fcneys\u0131n\u0131r Belediye Ba\u015fkan\u0131 Ahmet Demir, Ta\u015fkent Belediye Ba\u015fkan\u0131 Mehmet Acar, Hadim Belediye Ba\u015fkan\u0131 Mehmet \u00c7etiner ve Ak\u00f6ren Belediye Ba\u015fkan\u0131 \u0130smail Arslan da kat\u0131ld\u0131. HASAN KILCA DETAYLI B\u0130R SUNUMLA KARATAY\u2019I ANLATTI Karatay Belediye Ba\u015fkan\u0131 Hasan K\u0131lca, ziyaretlerinden dolay\u0131 \u00c7al\u0131\u015fma ve Sosyal G\u00fcvenlik Bakan\u0131 Vedat I\u015f\u0131khan\u2019a ve \u00c7al\u0131\u015fma ve Sosyal G\u00fcvenlik Bakan Yard\u0131mc\u0131s\u0131 ile Hazine ve Maliye Bakan Yard\u0131mc\u0131lar\u0131na te\u015fekk\u00fcr etti. K\u0131lca, ziyarette il\u00e7ede ger\u00e7ekle\u015ftirilen yat\u0131r\u0131mlar, projeler ve belediyenin mali yap\u0131s\u0131 hakk\u0131nda kapsaml\u0131 bir sunum ger\u00e7ekle\u015ftirerek Karatay\u2019\u0131 &hellip;\" \/>\n<meta property=\"og:url\" content=\"https:\/\/denizcankizil.tr\/uk\/haberler\/gundem\/bakan-isikhan-konya-esnafiyla-bulustu\/\" \/>\n<meta property=\"og:site_name\" content=\"Av. Deniz Can K\u0131z\u0131l\" \/>\n<meta property=\"article:published_time\" content=\"2025-01-24T12:41:37+00:00\" \/>\n<meta name=\"author\" content=\"admin\" \/>\n<meta name=\"twitter:card\" content=\"summary_large_image\" \/>\n<meta name=\"twitter:label1\" content=\"\u041d\u0430\u043f\u0438\u0441\u0430\u043d\u043e\" \/>\n\t<meta name=\"twitter:data1\" content=\"admin\" \/>\n\t<meta name=\"twitter:label2\" content=\"\u041f\u0440\u0438\u0431\u043b. \u0447\u0430\u0441 \u0447\u0438\u0442\u0430\u043d\u043d\u044f\" \/>\n\t<meta name=\"twitter:data2\" content=\"7 \u0445\u0432\u0438\u043b\u0438\u043d\" \/>\n<script type=\"application\/ld+json\" class=\"yoast-schema-graph\">{\"@context\":\"https:\/\/schema.org\",\"@graph\":[{\"@type\":\"Article\",\"@id\":\"https:\/\/denizcankizil.tr\/uk\/haberler\/gundem\/bakan-isikhan-konya-esnafiyla-bulustu\/#article\",\"isPartOf\":{\"@id\":\"https:\/\/denizcankizil.tr\/uk\/haberler\/gundem\/bakan-isikhan-konya-esnafiyla-bulustu\/\"},\"author\":{\"name\":\"admin\",\"@id\":\"https:\/\/denizcankizil.tr\/de\/#\/schema\/person\/be3c05fe6a12686905512445d8185489\"},\"headline\":\"Bakan I\u015f\u0131khan Konya esnaf\u0131yla bulu\u015ftu\",\"datePublished\":\"2025-01-24T12:41:37+00:00\",\"mainEntityOfPage\":{\"@id\":\"https:\/\/denizcankizil.tr\/uk\/haberler\/gundem\/bakan-isikhan-konya-esnafiyla-bulustu\/\"},\"wordCount\":1380,\"commentCount\":0,\"publisher\":{\"@id\":\"https:\/\/denizcankizil.tr\/de\/#organization\"},\"articleSection\":[\"G\u00fcndem\"],\"inLanguage\":\"uk\",\"potentialAction\":[{\"@type\":\"CommentAction\",\"name\":\"Comment\",\"target\":[\"https:\/\/denizcankizil.tr\/uk\/haberler\/gundem\/bakan-isikhan-konya-esnafiyla-bulustu\/#respond\"]}]},{\"@type\":\"WebPage\",\"@id\":\"https:\/\/denizcankizil.tr\/uk\/haberler\/gundem\/bakan-isikhan-konya-esnafiyla-bulustu\/\",\"url\":\"https:\/\/denizcankizil.tr\/uk\/haberler\/gundem\/bakan-isikhan-konya-esnafiyla-bulustu\/\",\"name\":\"Bakan I\u015f\u0131khan Konya esnaf\u0131yla bulu\u015ftu - Av. Deniz Can K\u0131z\u0131l\",\"isPartOf\":{\"@id\":\"https:\/\/denizcankizil.tr\/de\/#website\"},\"datePublished\":\"2025-01-24T12:41:37+00:00\",\"breadcrumb\":{\"@id\":\"https:\/\/denizcankizil.tr\/uk\/haberler\/gundem\/bakan-isikhan-konya-esnafiyla-bulustu\/#breadcrumb\"},\"inLanguage\":\"uk\",\"potentialAction\":[{\"@type\":\"ReadAction\",\"target\":[\"https:\/\/denizcankizil.tr\/uk\/haberler\/gundem\/bakan-isikhan-konya-esnafiyla-bulustu\/\"]}]},{\"@type\":\"BreadcrumbList\",\"@id\":\"https:\/\/denizcankizil.tr\/uk\/haberler\/gundem\/bakan-isikhan-konya-esnafiyla-bulustu\/#breadcrumb\",\"itemListElement\":[{\"@type\":\"ListItem\",\"position\":1,\"name\":\"Home\",\"item\":\"https:\/\/denizcankizil.tr\/de\/\"},{\"@type\":\"ListItem\",\"position\":2,\"name\":\"Bakan I\u015f\u0131khan Konya esnaf\u0131yla bulu\u015ftu\"}]},{\"@type\":\"WebSite\",\"@id\":\"https:\/\/denizcankizil.tr\/de\/#website\",\"url\":\"https:\/\/denizcankizil.tr\/de\/\",\"name\":\"Av. Deniz Can K\u0131z\u0131l\",\"description\":\"Avukat Deniz Can K\u0131z\u0131l Antalya Barosu\",\"publisher\":{\"@id\":\"https:\/\/denizcankizil.tr\/de\/#organization\"},\"potentialAction\":[{\"@type\":\"SearchAction\",\"target\":{\"@type\":\"EntryPoint\",\"urlTemplate\":\"https:\/\/denizcankizil.tr\/de\/?s={search_term_string}\"},\"query-input\":{\"@type\":\"PropertyValueSpecification\",\"valueRequired\":true,\"valueName\":\"search_term_string\"}}],\"inLanguage\":\"uk\"},{\"@type\":\"Organization\",\"@id\":\"https:\/\/denizcankizil.tr\/de\/#organization\",\"name\":\"Av. Deniz Can K\u0131z\u0131l\",\"url\":\"https:\/\/denizcankizil.tr\/de\/\",\"logo\":{\"@type\":\"ImageObject\",\"inLanguage\":\"uk\",\"@id\":\"https:\/\/denizcankizil.tr\/de\/#\/schema\/logo\/image\/\",\"url\":\"https:\/\/denizcankizil.tr\/wp-content\/uploads\/2024\/10\/siyah-logo-svg.svg\",\"contentUrl\":\"https:\/\/denizcankizil.tr\/wp-content\/uploads\/2024\/10\/siyah-logo-svg.svg\",\"width\":1080,\"height\":1080,\"caption\":\"Av. Deniz Can K\u0131z\u0131l\"},\"image\":{\"@id\":\"https:\/\/denizcankizil.tr\/de\/#\/schema\/logo\/image\/\"}},{\"@type\":\"Person\",\"@id\":\"https:\/\/denizcankizil.tr\/de\/#\/schema\/person\/be3c05fe6a12686905512445d8185489\",\"name\":\"admin\",\"image\":{\"@type\":\"ImageObject\",\"inLanguage\":\"uk\",\"@id\":\"https:\/\/denizcankizil.tr\/de\/#\/schema\/person\/image\/\",\"url\":\"https:\/\/secure.gravatar.com\/avatar\/c1fce94c830dc79107e174f890d7210541c4a63e8e5d816341794a2151c9d58c?s=96&d=mm&r=g\",\"contentUrl\":\"https:\/\/secure.gravatar.com\/avatar\/c1fce94c830dc79107e174f890d7210541c4a63e8e5d816341794a2151c9d58c?s=96&d=mm&r=g\",\"caption\":\"admin\"},\"sameAs\":[\"http:\/\/denizcankizil.tr\"],\"url\":\"https:\/\/www.iskenderun.org\/bakan-isikhan-konya-esnafiyla-bulustu\"}]}<\/script>\n<!-- \/ Yoast SEO Premium plugin. -->","yoast_head_json":{"title":"Bakan I\u015f\u0131khan Konya esnaf\u0131yla bulu\u015ftu - Av. Deniz Can K\u0131z\u0131l","robots":{"index":"index","follow":"follow","max-snippet":"max-snippet:-1","max-image-preview":"max-image-preview:large","max-video-preview":"max-video-preview:-1"},"canonical":"https:\/\/denizcankizil.tr\/uk\/haberler\/gundem\/bakan-isikhan-konya-esnafiyla-bulustu\/","og_locale":"uk_UA","og_type":"article","og_title":"Bakan I\u015f\u0131khan Konya esnaf\u0131yla bulu\u015ftu","og_description":"Ekonomi Koordinasyon Kurulu Toplant\u0131s\u0131 kapsam\u0131nda Konya\u2019ya gelen \u00c7al\u0131\u015fma ve Sosyal G\u00fcvenlik Bakan\u0131 Vedat I\u015f\u0131khan, \u00c7al\u0131\u015fma ve Sosyal G\u00fcvenlik Bakan Yard\u0131mc\u0131s\u0131 Faruk \u00c7elik, Hazine ve Maliye Bakan Yard\u0131mc\u0131lar\u0131 Osman \u00c7elik ve \u0130smail \u0130lhan Hatipo\u011flu, Karatay Belediyesi\u2019ni ziyaret etti.KONYA (\u0130GFA) &#8211;\u00a0Bakan Vedat I\u015f\u0131khan Karatay Belediyesi\u2019nin g\u00fc\u00e7l\u00fc mali yap\u0131s\u0131n\u0131, yat\u0131r\u0131mlar\u0131n\u0131 ve hizmetlerini \u00f6vg\u00fcyle kar\u015f\u0131lad\u0131. Bakan I\u015f\u0131khan\u2019\u0131n ziyaretinden duydu\u011fu memnuniyeti aktaran Hasan K\u0131lca desteklerinden dolay\u0131 te\u015fekk\u00fcr etti. K\u0131lca, Karatayl\u0131lar\u0131n gelece\u011fi i\u00e7in gayretle \u00e7al\u0131\u015fmaya devam edeceklerini kaydetti. Ziyarete ayr\u0131ca, AK Parti Konya Milletvekilleri Selman \u00d6zboyac\u0131 ve Meryem G\u00f6ka, Sosyal G\u00fcvenlik Kurumu (SGK) Ba\u015fkan\u0131 Dr. Raci Kaya, Karatay Kaymakam\u0131 Cengiz Ayhan, SGK Konya \u0130l M\u00fcd\u00fcr\u00fc Murat Mustafa Yavuz, Konya \u00c7al\u0131\u015fma ve \u0130\u015f Kurumu (\u0130\u015eKUR) \u0130l M\u00fcd\u00fcr\u00fc Emrah Kele\u015f, AK Parti Karatay \u0130l\u00e7e Ba\u015fkan\u0131 Akif Demirci, Yal\u0131h\u00fcy\u00fck Belediye Ba\u015fkan\u0131 Mehmet Ali Y\u0131lmaz, G\u00fcneys\u0131n\u0131r Belediye Ba\u015fkan\u0131 Ahmet Demir, Ta\u015fkent Belediye Ba\u015fkan\u0131 Mehmet Acar, Hadim Belediye Ba\u015fkan\u0131 Mehmet \u00c7etiner ve Ak\u00f6ren Belediye Ba\u015fkan\u0131 \u0130smail Arslan da kat\u0131ld\u0131. HASAN KILCA DETAYLI B\u0130R SUNUMLA KARATAY\u2019I ANLATTI Karatay Belediye Ba\u015fkan\u0131 Hasan K\u0131lca, ziyaretlerinden dolay\u0131 \u00c7al\u0131\u015fma ve Sosyal G\u00fcvenlik Bakan\u0131 Vedat I\u015f\u0131khan\u2019a ve \u00c7al\u0131\u015fma ve Sosyal G\u00fcvenlik Bakan Yard\u0131mc\u0131s\u0131 ile Hazine ve Maliye Bakan Yard\u0131mc\u0131lar\u0131na te\u015fekk\u00fcr etti. K\u0131lca, ziyarette il\u00e7ede ger\u00e7ekle\u015ftirilen yat\u0131r\u0131mlar, projeler ve belediyenin mali yap\u0131s\u0131 hakk\u0131nda kapsaml\u0131 bir sunum ger\u00e7ekle\u015ftirerek Karatay\u2019\u0131 &hellip;","og_url":"https:\/\/denizcankizil.tr\/uk\/haberler\/gundem\/bakan-isikhan-konya-esnafiyla-bulustu\/","og_site_name":"Av. Deniz Can K\u0131z\u0131l","article_published_time":"2025-01-24T12:41:37+00:00","author":"admin","twitter_card":"summary_large_image","twitter_misc":{"\u041d\u0430\u043f\u0438\u0441\u0430\u043d\u043e":"admin","\u041f\u0440\u0438\u0431\u043b. \u0447\u0430\u0441 \u0447\u0438\u0442\u0430\u043d\u043d\u044f":"7 \u0445\u0432\u0438\u043b\u0438\u043d"},"schema":{"@context":"https:\/\/schema.org","@graph":[{"@type":"Article","@id":"https:\/\/denizcankizil.tr\/uk\/haberler\/gundem\/bakan-isikhan-konya-esnafiyla-bulustu\/#article","isPartOf":{"@id":"https:\/\/denizcankizil.tr\/uk\/haberler\/gundem\/bakan-isikhan-konya-esnafiyla-bulustu\/"},"author":{"name":"admin","@id":"https:\/\/denizcankizil.tr\/de\/#\/schema\/person\/be3c05fe6a12686905512445d8185489"},"headline":"Bakan I\u015f\u0131khan Konya esnaf\u0131yla bulu\u015ftu","datePublished":"2025-01-24T12:41:37+00:00","mainEntityOfPage":{"@id":"https:\/\/denizcankizil.tr\/uk\/haberler\/gundem\/bakan-isikhan-konya-esnafiyla-bulustu\/"},"wordCount":1380,"commentCount":0,"publisher":{"@id":"https:\/\/denizcankizil.tr\/de\/#organization"},"articleSection":["G\u00fcndem"],"inLanguage":"uk","potentialAction":[{"@type":"CommentAction","name":"Comment","target":["https:\/\/denizcankizil.tr\/uk\/haberler\/gundem\/bakan-isikhan-konya-esnafiyla-bulustu\/#respond"]}]},{"@type":"WebPage","@id":"https:\/\/denizcankizil.tr\/uk\/haberler\/gundem\/bakan-isikhan-konya-esnafiyla-bulustu\/","url":"https:\/\/denizcankizil.tr\/uk\/haberler\/gundem\/bakan-isikhan-konya-esnafiyla-bulustu\/","name":"Bakan I\u015f\u0131khan Konya esnaf\u0131yla bulu\u015ftu - Av. Deniz Can K\u0131z\u0131l","isPartOf":{"@id":"https:\/\/denizcankizil.tr\/de\/#website"},"datePublished":"2025-01-24T12:41:37+00:00","breadcrumb":{"@id":"https:\/\/denizcankizil.tr\/uk\/haberler\/gundem\/bakan-isikhan-konya-esnafiyla-bulustu\/#breadcrumb"},"inLanguage":"uk","potentialAction":[{"@type":"ReadAction","target":["https:\/\/denizcankizil.tr\/uk\/haberler\/gundem\/bakan-isikhan-konya-esnafiyla-bulustu\/"]}]},{"@type":"BreadcrumbList","@id":"https:\/\/denizcankizil.tr\/uk\/haberler\/gundem\/bakan-isikhan-konya-esnafiyla-bulustu\/#breadcrumb","itemListElement":[{"@type":"ListItem","position":1,"name":"Home","item":"https:\/\/denizcankizil.tr\/de\/"},{"@type":"ListItem","position":2,"name":"Bakan I\u015f\u0131khan Konya esnaf\u0131yla bulu\u015ftu"}]},{"@type":"WebSite","@id":"https:\/\/denizcankizil.tr\/de\/#website","url":"https:\/\/denizcankizil.tr\/de\/","name":"Av. Deniz Can K\u0131z\u0131l","description":"Avukat Deniz Can K\u0131z\u0131l Antalya Barosu","publisher":{"@id":"https:\/\/denizcankizil.tr\/de\/#organization"},"potentialAction":[{"@type":"SearchAction","target":{"@type":"EntryPoint","urlTemplate":"https:\/\/denizcankizil.tr\/de\/?s={search_term_string}"},"query-input":{"@type":"PropertyValueSpecification","valueRequired":true,"valueName":"search_term_string"}}],"inLanguage":"uk"},{"@type":"Organization","@id":"https:\/\/denizcankizil.tr\/de\/#organization","name":"Av. Deniz Can K\u0131z\u0131l","url":"https:\/\/denizcankizil.tr\/de\/","logo":{"@type":"ImageObject","inLanguage":"uk","@id":"https:\/\/denizcankizil.tr\/de\/#\/schema\/logo\/image\/","url":"https:\/\/denizcankizil.tr\/wp-content\/uploads\/2024\/10\/siyah-logo-svg.svg","contentUrl":"https:\/\/denizcankizil.tr\/wp-content\/uploads\/2024\/10\/siyah-logo-svg.svg","width":1080,"height":1080,"caption":"Av. Deniz Can K\u0131z\u0131l"},"image":{"@id":"https:\/\/denizcankizil.tr\/de\/#\/schema\/logo\/image\/"}},{"@type":"Person","@id":"https:\/\/denizcankizil.tr\/de\/#\/schema\/person\/be3c05fe6a12686905512445d8185489","name":"\u0430\u0434\u043c\u0456\u043d","image":{"@type":"ImageObject","inLanguage":"uk","@id":"https:\/\/denizcankizil.tr\/de\/#\/schema\/person\/image\/","url":"https:\/\/secure.gravatar.com\/avatar\/c1fce94c830dc79107e174f890d7210541c4a63e8e5d816341794a2151c9d58c?s=96&d=mm&r=g","contentUrl":"https:\/\/secure.gravatar.com\/avatar\/c1fce94c830dc79107e174f890d7210541c4a63e8e5d816341794a2151c9d58c?s=96&d=mm&r=g","caption":"admin"},"sameAs":["http:\/\/denizcankizil.tr"],"url":"https:\/\/www.iskenderun.org\/bakan-isikhan-konya-esnafiyla-bulustu"}]}},"_links":{"self":[{"href":"https:\/\/denizcankizil.tr\/uk\/wp-json\/wp\/v2\/posts\/27230","targetHints":{"allow":["GET"]}}],"collection":[{"href":"https:\/\/denizcankizil.tr\/uk\/wp-json\/wp\/v2\/posts"}],"about":[{"href":"https:\/\/denizcankizil.tr\/uk\/wp-json\/wp\/v2\/types\/post"}],"author":[{"embeddable":true,"href":"https:\/\/denizcankizil.tr\/uk\/wp-json\/wp\/v2\/users\/1"}],"replies":[{"embeddable":true,"href":"https:\/\/denizcankizil.tr\/uk\/wp-json\/wp\/v2\/comments?post=27230"}],"version-history":[{"count":0,"href":"https:\/\/denizcankizil.tr\/uk\/wp-json\/wp\/v2\/posts\/27230\/revisions"}],"wp:attachment":[{"href":"https:\/\/denizcankizil.tr\/uk\/wp-json\/wp\/v2\/media?parent=27230"}],"wp:term":[{"taxonomy":"category","embeddable":true,"href":"https:\/\/denizcankizil.tr\/uk\/wp-json\/wp\/v2\/categories?post=27230"},{"taxonomy":"post_tag","embeddable":true,"href":"https:\/\/denizcankizil.tr\/uk\/wp-json\/wp\/v2\/tags?post=27230"}],"curies":[{"name":"wp","href":"https:\/\/api.w.org\/{rel}","templated":true}]}}